{"id":288884,"date":"2022-12-18T12:34:11","date_gmt":"2022-12-18T11:34:11","guid":{"rendered":"https:\/\/dicodusport.fr\/blog\/?p=288884&#038;preview=true&#038;preview_id=288884"},"modified":"2022-12-18T14:40:39","modified_gmt":"2022-12-18T13:40:39","slug":"super-g-saint-moritz-romane-miradoli-sur-le-podium-mikaela-shiffrin-simpose","status":"publish","type":"post","link":"https:\/\/dicodusport.fr\/blog\/super-g-saint-moritz-romane-miradoli-sur-le-podium-mikaela-shiffrin-simpose\/","title":{"rendered":"Super-G Saint-Moritz : Romane Miradoli sur le podium, Mikaela Shiffrin s&rsquo;impose"},"content":{"rendered":"<p style=\"text-align: justify;\"><i><a style=\"font-weight: bold;\" href=\"https:\/\/dicodusport.fr\/blog\/actualites\/sports-dhiver\/ski\/coupe-du-monde-ski-alpin-2022-2023\/\">COUPE DU MONDE DE SKI ALPIN 2022-2023<\/a><b> &#8211; Leader du classement g\u00e9n\u00e9ral de la Coupe du monde, l&rsquo;Am\u00e9ricaine Mikaela Shiffrin a remport\u00e9 ce dimanche le Super-G de Saint-Moritz (Suisse). Pour son 77\u00e8me succ\u00e8s sur le circuit, elle devance l&rsquo;Italienne Elena Curtoni et la Fran\u00e7aise Romane Miradoli, qui grimpe sur son deuxi\u00e8me podium en Coupe du monde.<\/b><\/i><\/p>\n<p style=\"text-align: justify;\">Troisi\u00e8me victoire de la saison pour <strong>Mikaela Shiffrin<\/strong> ! L&rsquo;Am\u00e9ricaine a remport\u00e9 ce dimanche le Super-G de Saint-Moritz (Suisse). Impeccable techniquement, elle n&rsquo;a laiss\u00e9 aucune chance aux autres concurrentes pour aller glaner un 77\u00e8me succ\u00e8s en Coupe du monde. Sur la ligne, elle devance l&rsquo;Italienne <strong>Elena Curtoni<\/strong> (+0.12), laur\u00e9ate de la premi\u00e8re descente vendredi.<\/p>\n<p style=\"text-align: justify;\">Mais la performance du jour est \u00e0 mettre \u00e0 l&rsquo;actif de la Fran\u00e7aise <strong>Romane Miradoli<\/strong>, troisi\u00e8me ce dimanche ! La skieuse de 28 ans termine \u00e0 40 centi\u00e8mes de <strong>Shiffrin<\/strong>, pour d\u00e9crocher un deuxi\u00e8me podium en carri\u00e8re, apr\u00e8s <a href=\"https:\/\/dicodusport.fr\/blog\/super-g-de-lenzerheide-jour-de-gloire-pour-romane-miradoli\/\">son succ\u00e8s sur le Super-G de Lenzerheide<\/a> la saison pass\u00e9e, d\u00e9j\u00e0 en Suisse donc. \u00c0 noter la cinqui\u00e8me place de <strong>Sofia Goggia<\/strong> (+0.60), \u00e0 nouveau performante malgr\u00e9 une main cass\u00e9e. Cette derni\u00e8re, deuxi\u00e8me du g\u00e9n\u00e9ral, reste \u00e0 105 points d&rsquo;une <strong>Shiffrin<\/strong> (575 points) sur une voie royale vers le gros globe de cristal.<\/p>\n<blockquote class=\"twitter-tweet\">\n<p dir=\"ltr\" lang=\"fr\">La Suisse lui r\u00e9ussit bien.<br \/>\nSuperbe super-G de Romane Miradoli 3\u00e8me \u00e0 <a href=\"https:\/\/twitter.com\/hashtag\/SaintMoritz?src=hash&amp;ref_src=twsrc%5Etfw\">#SaintMoritz<\/a> !<br \/>\nLa victoire pour <a href=\"https:\/\/twitter.com\/MikaelaShiffrin?ref_src=twsrc%5Etfw\">@MikaelaShiffrin<\/a> devant Elena Curtoni.<br \/>\n&#x1f399; <a href=\"https:\/\/twitter.com\/oliviercanton?ref_src=twsrc%5Etfw\">@oliviercanton<\/a> <a href=\"https:\/\/twitter.com\/flomasnada?ref_src=twsrc%5Etfw\">@flomasnada<\/a> <a href=\"https:\/\/twitter.com\/Eurosport_FR?ref_src=twsrc%5Etfw\">@Eurosport_FR<\/a> <a href=\"https:\/\/twitter.com\/FedFranceSki?ref_src=twsrc%5Etfw\">@FedFranceSki<\/a> <a href=\"https:\/\/t.co\/lNbb2IIrqx\">pic.twitter.com\/lNbb2IIrqx<\/a><\/p>\n<p>\u2014 Chalet &#x2744;&#xfe0f; Club (@ChaletClub2021) <a href=\"https:\/\/twitter.com\/ChaletClub2021\/status\/1604440404727848960?ref_src=twsrc%5Etfw\">December 18, 2022<\/a><\/p><\/blockquote>\n<p><script async src=\"https:\/\/platform.twitter.com\/widgets.js\" charset=\"utf-8\"><\/script><\/p>\n<h2 style=\"text-align: justify;\">\u00c0 lire aussi<\/h2>\n<ul>\n<li style=\"text-align: justify;\"><strong><a href=\"https:\/\/dicodusport.fr\/blog\/classement-super-g-femmes-saint-moritz-2022\/\">Le classement du Super-G femmes de Saint-Moritz<\/a>\u00a0<\/strong><\/li>\n<li style=\"text-align: justify;\"><a href=\"https:\/\/dicodusport.fr\/blog\/classement-general-femmes-coupe-du-monde-ski-alpin-2022-2023\/\"><strong>Le classement g\u00e9n\u00e9ral de la Coupe du monde<\/strong><\/a><\/li>\n<\/ul>\n","protected":false},"excerpt":{"rendered":"<p>COUPE DU MONDE DE SKI ALPIN 2022-2023 &#8211; Leader du classement g\u00e9n\u00e9ral de la Coupe du monde, l&rsquo;Am\u00e9ricaine Mikaela Shiffrin a remport\u00e9 ce dimanche le Super-G de Saint-Moritz (Suisse). Pour son 77\u00e8me succ\u00e8s sur le circuit, elle devance l&rsquo;Italienne Elena Curtoni et la Fran\u00e7aise Romane Miradoli, qui grimpe sur son deuxi\u00e8me podium en Coupe du monde.<\/p>\n","protected":false},"author":4,"featured_media":288903,"comment_status":"open","ping_status":"closed","sticky":false,"template":"","format":"standard","meta":{"_acf_changed":false,"_daextam_enable_autolinks":"","footnotes":""},"categories":[47084],"tags":[1530,2233,28506],"class_list":["post-288884","post","type-post","status-publish","format-standard","has-post-thumbnail","hentry","category-coupe-du-monde-ski-alpin","tag-coupe-du-monde","tag-ski-alpin","tag-ski-alpin-saint-moritz"],"acf":[],"yoast_head":"<!-- This site is optimized with the Yoast SEO Premium plugin v26.7 (Yoast SEO v26.7) - https:\/\/yoast.com\/wordpress\/plugins\/seo\/ -->\n<title>Super-G Saint-Moritz : Romane Miradoli sur le podium, Mikaela Shiffrin s&#039;impose<\/title>\n<meta name=\"description\" content=\"COUPE DU MONDE DE SKI ALPIN 2022-2023 - L&#039;Am\u00e9ricaine Mikaela Shiffrin a remport\u00e9 ce dimanche le Super-G de Saint-Moritz (Suisse).\" \/>\n<meta name=\"robots\" content=\"index, follow, max-snippet:-1, max-image-preview:large, max-video-preview:-1\" \/>\n<link rel=\"canonical\" href=\"https:\/\/dicodusport.fr\/blog\/super-g-saint-moritz-romane-miradoli-sur-le-podium-mikaela-shiffrin-simpose\/\" \/>\n<meta property=\"og:locale\" content=\"fr_FR\" \/>\n<meta property=\"og:type\" content=\"article\" \/>\n<meta property=\"og:title\" content=\"Super-G Saint-Moritz : Romane Miradoli sur le podium, Mikaela Shiffrin s&#039;impose\" \/>\n<meta property=\"og:description\" content=\"COUPE DU MONDE DE SKI ALPIN 2022-2023 - L&#039;Am\u00e9ricaine Mikaela Shiffrin a remport\u00e9 ce dimanche le Super-G de Saint-Moritz (Suisse).\" \/>\n<meta property=\"og:url\" content=\"https:\/\/dicodusport.fr\/blog\/super-g-saint-moritz-romane-miradoli-sur-le-podium-mikaela-shiffrin-simpose\/\" \/>\n<meta property=\"og:site_name\" content=\"Dicodusport\" \/>\n<meta property=\"article:publisher\" content=\"https:\/\/www.facebook.com\/dicodusport\" \/>\n<meta property=\"article:author\" content=\"https:\/\/www.facebook.com\/florent.ostermann\" \/>\n<meta property=\"article:published_time\" content=\"2022-12-18T11:34:11+00:00\" \/>\n<meta property=\"article:modified_time\" content=\"2022-12-18T13:40:39+00:00\" \/>\n<meta property=\"og:image\" content=\"https:\/\/dicodusport.fr\/blog\/wp-content\/uploads\/2022\/12\/Super-G-Saint-Moritz-Romane-Miradoli-sur-le-podium-Mikaela-Shiffrin-simpose.png\" \/>\n\t<meta property=\"og:image:width\" content=\"800\" \/>\n\t<meta property=\"og:image:height\" content=\"445\" \/>\n\t<meta property=\"og:image:type\" content=\"image\/png\" \/>\n<meta name=\"author\" content=\"Flo Ostermann\" \/>\n<meta name=\"twitter:card\" content=\"summary_large_image\" \/>\n<meta name=\"twitter:title\" content=\"Super-G Saint-Moritz : Romane Miradoli sur le podium, Mikaela Shiffrin s&#039;impose\" \/>\n<meta name=\"twitter:creator\" content=\"@https:\/\/twitter.com\/FlOstermann\" \/>\n<meta name=\"twitter:site\" content=\"@dicodusport\" \/>\n<script type=\"application\/ld+json\" class=\"yoast-schema-graph\">{\"@context\":\"https:\/\/schema.org\",\"@graph\":[{\"@type\":\"NewsArticle\",\"@id\":\"https:\/\/dicodusport.fr\/blog\/super-g-saint-moritz-romane-miradoli-sur-le-podium-mikaela-shiffrin-simpose\/#article\",\"isPartOf\":{\"@id\":\"https:\/\/dicodusport.fr\/blog\/super-g-saint-moritz-romane-miradoli-sur-le-podium-mikaela-shiffrin-simpose\/\"},\"author\":{\"name\":\"Flo Ostermann\",\"@id\":\"https:\/\/dicodusport.fr\/blog\/#\/schema\/person\/cb02af4c173ce4a653b55e9baf388d4a\"},\"headline\":\"Super-G Saint-Moritz : Romane Miradoli sur le podium, Mikaela Shiffrin s&rsquo;impose\",\"datePublished\":\"2022-12-18T11:34:11+00:00\",\"dateModified\":\"2022-12-18T13:40:39+00:00\",\"mainEntityOfPage\":{\"@id\":\"https:\/\/dicodusport.fr\/blog\/super-g-saint-moritz-romane-miradoli-sur-le-podium-mikaela-shiffrin-simpose\/\"},\"wordCount\":290,\"commentCount\":0,\"publisher\":{\"@id\":\"https:\/\/dicodusport.fr\/blog\/#organization\"},\"image\":{\"@id\":\"https:\/\/dicodusport.fr\/blog\/super-g-saint-moritz-romane-miradoli-sur-le-podium-mikaela-shiffrin-simpose\/#primaryimage\"},\"thumbnailUrl\":\"https:\/\/dicodusport.fr\/blog\/wp-content\/uploads\/2022\/12\/Super-G-Saint-Moritz-Romane-Miradoli-sur-le-podium-Mikaela-Shiffrin-simpose.png\",\"keywords\":[\"Coupe du monde\",\"Ski alpin\",\"Ski alpin Saint-Moritz\"],\"articleSection\":[\"Coupe du monde de ski alpin\"],\"inLanguage\":\"fr-FR\",\"potentialAction\":[{\"@type\":\"CommentAction\",\"name\":\"Comment\",\"target\":[\"https:\/\/dicodusport.fr\/blog\/super-g-saint-moritz-romane-miradoli-sur-le-podium-mikaela-shiffrin-simpose\/#respond\"]}],\"copyrightYear\":\"2022\",\"copyrightHolder\":{\"@id\":\"https:\/\/dicodusport.fr\/blog\/#organization\"}},{\"@type\":\"WebPage\",\"@id\":\"https:\/\/dicodusport.fr\/blog\/super-g-saint-moritz-romane-miradoli-sur-le-podium-mikaela-shiffrin-simpose\/\",\"url\":\"https:\/\/dicodusport.fr\/blog\/super-g-saint-moritz-romane-miradoli-sur-le-podium-mikaela-shiffrin-simpose\/\",\"name\":\"Super-G Saint-Moritz : Romane Miradoli sur le podium, Mikaela Shiffrin s'impose\",\"isPartOf\":{\"@id\":\"https:\/\/dicodusport.fr\/blog\/#website\"},\"primaryImageOfPage\":{\"@id\":\"https:\/\/dicodusport.fr\/blog\/super-g-saint-moritz-romane-miradoli-sur-le-podium-mikaela-shiffrin-simpose\/#primaryimage\"},\"image\":{\"@id\":\"https:\/\/dicodusport.fr\/blog\/super-g-saint-moritz-romane-miradoli-sur-le-podium-mikaela-shiffrin-simpose\/#primaryimage\"},\"thumbnailUrl\":\"https:\/\/dicodusport.fr\/blog\/wp-content\/uploads\/2022\/12\/Super-G-Saint-Moritz-Romane-Miradoli-sur-le-podium-Mikaela-Shiffrin-simpose.png\",\"datePublished\":\"2022-12-18T11:34:11+00:00\",\"dateModified\":\"2022-12-18T13:40:39+00:00\",\"description\":\"COUPE DU MONDE DE SKI ALPIN 2022-2023 - L'Am\u00e9ricaine Mikaela Shiffrin a remport\u00e9 ce dimanche le Super-G de Saint-Moritz (Suisse).\",\"breadcrumb\":{\"@id\":\"https:\/\/dicodusport.fr\/blog\/super-g-saint-moritz-romane-miradoli-sur-le-podium-mikaela-shiffrin-simpose\/#breadcrumb\"},\"inLanguage\":\"fr-FR\",\"potentialAction\":[{\"@type\":\"ReadAction\",\"target\":[\"https:\/\/dicodusport.fr\/blog\/super-g-saint-moritz-romane-miradoli-sur-le-podium-mikaela-shiffrin-simpose\/\"]}]},{\"@type\":\"ImageObject\",\"inLanguage\":\"fr-FR\",\"@id\":\"https:\/\/dicodusport.fr\/blog\/super-g-saint-moritz-romane-miradoli-sur-le-podium-mikaela-shiffrin-simpose\/#primaryimage\",\"url\":\"https:\/\/dicodusport.fr\/blog\/wp-content\/uploads\/2022\/12\/Super-G-Saint-Moritz-Romane-Miradoli-sur-le-podium-Mikaela-Shiffrin-simpose.png\",\"contentUrl\":\"https:\/\/dicodusport.fr\/blog\/wp-content\/uploads\/2022\/12\/Super-G-Saint-Moritz-Romane-Miradoli-sur-le-podium-Mikaela-Shiffrin-simpose.png\",\"width\":800,\"height\":445,\"caption\":\"Super-G Saint-Moritz Romane Miradoli sur le podium, Mikaela Shiffrin s'impose\"},{\"@type\":\"BreadcrumbList\",\"@id\":\"https:\/\/dicodusport.fr\/blog\/super-g-saint-moritz-romane-miradoli-sur-le-podium-mikaela-shiffrin-simpose\/#breadcrumb\",\"itemListElement\":[{\"@type\":\"ListItem\",\"position\":1,\"name\":\"Accueil\",\"item\":\"https:\/\/dicodusport.fr\/blog\/\"},{\"@type\":\"ListItem\",\"position\":2,\"name\":\"Super-G Saint-Moritz : Romane Miradoli sur le podium, Mikaela Shiffrin s&rsquo;impose\"}]},{\"@type\":\"WebSite\",\"@id\":\"https:\/\/dicodusport.fr\/blog\/#website\",\"url\":\"https:\/\/dicodusport.fr\/blog\/\",\"name\":\"Dicodusport\",\"description\":\"L&#039;encyclop\u00e9die de l&#039;actualit\u00e9 sportive\",\"publisher\":{\"@id\":\"https:\/\/dicodusport.fr\/blog\/#organization\"},\"potentialAction\":[{\"@type\":\"SearchAction\",\"target\":{\"@type\":\"EntryPoint\",\"urlTemplate\":\"https:\/\/dicodusport.fr\/blog\/?s={search_term_string}\"},\"query-input\":{\"@type\":\"PropertyValueSpecification\",\"valueRequired\":true,\"valueName\":\"search_term_string\"}}],\"inLanguage\":\"fr-FR\"},{\"@type\":\"NewsMediaOrganization\",\"@id\":\"https:\/\/dicodusport.fr\/blog\/#organization\",\"name\":\"Dicodusport\",\"url\":\"https:\/\/dicodusport.fr\/blog\/\",\"logo\":{\"@type\":\"ImageObject\",\"inLanguage\":\"fr-FR\",\"@id\":\"https:\/\/dicodusport.fr\/blog\/#\/schema\/logo\/image\/\",\"url\":\"https:\/\/dicodusport.fr\/blog\/wp-content\/uploads\/2020\/06\/cropped-LOGO-DICODUSPORT-2020-SANS-FOND-SANS-TEXTE.png\",\"contentUrl\":\"https:\/\/dicodusport.fr\/blog\/wp-content\/uploads\/2020\/06\/cropped-LOGO-DICODUSPORT-2020-SANS-FOND-SANS-TEXTE.png\",\"width\":512,\"height\":512,\"caption\":\"Dicodusport\"},\"image\":{\"@id\":\"https:\/\/dicodusport.fr\/blog\/#\/schema\/logo\/image\/\"},\"sameAs\":[\"https:\/\/www.facebook.com\/dicodusport\",\"https:\/\/x.com\/dicodusport\",\"https:\/\/www.instagram.com\/dicodusport\/\",\"https:\/\/www.youtube.com\/channel\/UC7V2KZ5sd3htJivAbA4ZG3w\"],\"description\":\"Dicodusport est l'encyclop\u00e9die de l'actualit\u00e9 sportive.\",\"email\":\"bonjour@dicodusport.fr\",\"legalName\":\"DICODUSPORT\",\"foundingDate\":\"2018-01-14\",\"vatID\":\"FR71834470973\",\"taxID\":\"83447097300043\",\"numberOfEmployees\":{\"@type\":\"QuantitativeValue\",\"minValue\":\"1\",\"maxValue\":\"10\"}},{\"@type\":\"Person\",\"@id\":\"https:\/\/dicodusport.fr\/blog\/#\/schema\/person\/cb02af4c173ce4a653b55e9baf388d4a\",\"name\":\"Flo Ostermann\",\"image\":{\"@type\":\"ImageObject\",\"inLanguage\":\"fr-FR\",\"@id\":\"https:\/\/dicodusport.fr\/blog\/#\/schema\/person\/image\/\",\"url\":\"https:\/\/dicodusport.fr\/blog\/wp-content\/uploads\/2021\/05\/Flo-Ostermann-150x150.jpg\",\"contentUrl\":\"https:\/\/dicodusport.fr\/blog\/wp-content\/uploads\/2021\/05\/Flo-Ostermann-150x150.jpg\",\"caption\":\"Flo Ostermann\"},\"description\":\"Journaliste\/R\u00e9dacteur depuis septembre 2015 - Mes premiers souvenirs dans le sport ? Les envol\u00e9es du Stade Toulousain et les duels Villeneuve-Schumacher et H\u00e4kkinen-Schumacher \u00e0 la fin des ann\u00e9es 90, la Coupe du monde de football en 1998, l\u2019exploit du XV de France face aux All Blacks en 1999, mais aussi Richard C\u0153ur de Lion qui vole sur les montagnes du Tour de France. Bien parti pour devenir professeur d\u2019EPS, les \u00e9v\u00e9nements de la vie (et la flemme d\u2019animer des s\u00e9ances de 3x500 m\u00e8tres toute ma vie) m\u2019ont conduit \u00e0 revoir mes plans. Me voil\u00e0 depuis fin 2017 sur Dicodusport, m\u00e9dia gr\u00e2ce (et pour) lequel je partage ma passion : le sport dans tous ses \u00e9tats. Le tout accompagn\u00e9 par les fous furieux et folles furieuses cit\u00e9s sur cette page !\",\"sameAs\":[\"https:\/\/www.facebook.com\/florent.ostermann\",\"https:\/\/x.com\/https:\/\/twitter.com\/FlOstermann\",\"admin\"],\"url\":\"https:\/\/dicodusport.fr\/blog\/author\/flo\/\"}]}<\/script>\n<!-- \/ Yoast SEO Premium plugin. -->","yoast_head_json":{"title":"Super-G Saint-Moritz : Romane Miradoli sur le podium, Mikaela Shiffrin s'impose","description":"COUPE DU MONDE DE SKI ALPIN 2022-2023 - L'Am\u00e9ricaine Mikaela Shiffrin a remport\u00e9 ce dimanche le Super-G de Saint-Moritz (Suisse).","robots":{"index":"index","follow":"follow","max-snippet":"max-snippet:-1","max-image-preview":"max-image-preview:large","max-video-preview":"max-video-preview:-1"},"canonical":"https:\/\/dicodusport.fr\/blog\/super-g-saint-moritz-romane-miradoli-sur-le-podium-mikaela-shiffrin-simpose\/","og_locale":"fr_FR","og_type":"article","og_title":"Super-G Saint-Moritz : Romane Miradoli sur le podium, Mikaela Shiffrin s'impose","og_description":"COUPE DU MONDE DE SKI ALPIN 2022-2023 - L'Am\u00e9ricaine Mikaela Shiffrin a remport\u00e9 ce dimanche le Super-G de Saint-Moritz (Suisse).","og_url":"https:\/\/dicodusport.fr\/blog\/super-g-saint-moritz-romane-miradoli-sur-le-podium-mikaela-shiffrin-simpose\/","og_site_name":"Dicodusport","article_publisher":"https:\/\/www.facebook.com\/dicodusport","article_author":"https:\/\/www.facebook.com\/florent.ostermann","article_published_time":"2022-12-18T11:34:11+00:00","article_modified_time":"2022-12-18T13:40:39+00:00","og_image":[{"width":800,"height":445,"url":"https:\/\/dicodusport.fr\/blog\/wp-content\/uploads\/2022\/12\/Super-G-Saint-Moritz-Romane-Miradoli-sur-le-podium-Mikaela-Shiffrin-simpose.png","type":"image\/png"}],"author":"Flo Ostermann","twitter_card":"summary_large_image","twitter_title":"Super-G Saint-Moritz : Romane Miradoli sur le podium, Mikaela Shiffrin s'impose","twitter_creator":"@https:\/\/twitter.com\/FlOstermann","twitter_site":"@dicodusport","schema":{"@context":"https:\/\/schema.org","@graph":[{"@type":"NewsArticle","@id":"https:\/\/dicodusport.fr\/blog\/super-g-saint-moritz-romane-miradoli-sur-le-podium-mikaela-shiffrin-simpose\/#article","isPartOf":{"@id":"https:\/\/dicodusport.fr\/blog\/super-g-saint-moritz-romane-miradoli-sur-le-podium-mikaela-shiffrin-simpose\/"},"author":{"name":"Flo Ostermann","@id":"https:\/\/dicodusport.fr\/blog\/#\/schema\/person\/cb02af4c173ce4a653b55e9baf388d4a"},"headline":"Super-G Saint-Moritz : Romane Miradoli sur le podium, Mikaela Shiffrin s&rsquo;impose","datePublished":"2022-12-18T11:34:11+00:00","dateModified":"2022-12-18T13:40:39+00:00","mainEntityOfPage":{"@id":"https:\/\/dicodusport.fr\/blog\/super-g-saint-moritz-romane-miradoli-sur-le-podium-mikaela-shiffrin-simpose\/"},"wordCount":290,"commentCount":0,"publisher":{"@id":"https:\/\/dicodusport.fr\/blog\/#organization"},"image":{"@id":"https:\/\/dicodusport.fr\/blog\/super-g-saint-moritz-romane-miradoli-sur-le-podium-mikaela-shiffrin-simpose\/#primaryimage"},"thumbnailUrl":"https:\/\/dicodusport.fr\/blog\/wp-content\/uploads\/2022\/12\/Super-G-Saint-Moritz-Romane-Miradoli-sur-le-podium-Mikaela-Shiffrin-simpose.png","keywords":["Coupe du monde","Ski alpin","Ski alpin Saint-Moritz"],"articleSection":["Coupe du monde de ski alpin"],"inLanguage":"fr-FR","potentialAction":[{"@type":"CommentAction","name":"Comment","target":["https:\/\/dicodusport.fr\/blog\/super-g-saint-moritz-romane-miradoli-sur-le-podium-mikaela-shiffrin-simpose\/#respond"]}],"copyrightYear":"2022","copyrightHolder":{"@id":"https:\/\/dicodusport.fr\/blog\/#organization"}},{"@type":"WebPage","@id":"https:\/\/dicodusport.fr\/blog\/super-g-saint-moritz-romane-miradoli-sur-le-podium-mikaela-shiffrin-simpose\/","url":"https:\/\/dicodusport.fr\/blog\/super-g-saint-moritz-romane-miradoli-sur-le-podium-mikaela-shiffrin-simpose\/","name":"Super-G Saint-Moritz : Romane Miradoli sur le podium, Mikaela Shiffrin s'impose","isPartOf":{"@id":"https:\/\/dicodusport.fr\/blog\/#website"},"primaryImageOfPage":{"@id":"https:\/\/dicodusport.fr\/blog\/super-g-saint-moritz-romane-miradoli-sur-le-podium-mikaela-shiffrin-simpose\/#primaryimage"},"image":{"@id":"https:\/\/dicodusport.fr\/blog\/super-g-saint-moritz-romane-miradoli-sur-le-podium-mikaela-shiffrin-simpose\/#primaryimage"},"thumbnailUrl":"https:\/\/dicodusport.fr\/blog\/wp-content\/uploads\/2022\/12\/Super-G-Saint-Moritz-Romane-Miradoli-sur-le-podium-Mikaela-Shiffrin-simpose.png","datePublished":"2022-12-18T11:34:11+00:00","dateModified":"2022-12-18T13:40:39+00:00","description":"COUPE DU MONDE DE SKI ALPIN 2022-2023 - L'Am\u00e9ricaine Mikaela Shiffrin a remport\u00e9 ce dimanche le Super-G de Saint-Moritz (Suisse).","breadcrumb":{"@id":"https:\/\/dicodusport.fr\/blog\/super-g-saint-moritz-romane-miradoli-sur-le-podium-mikaela-shiffrin-simpose\/#breadcrumb"},"inLanguage":"fr-FR","potentialAction":[{"@type":"ReadAction","target":["https:\/\/dicodusport.fr\/blog\/super-g-saint-moritz-romane-miradoli-sur-le-podium-mikaela-shiffrin-simpose\/"]}]},{"@type":"ImageObject","inLanguage":"fr-FR","@id":"https:\/\/dicodusport.fr\/blog\/super-g-saint-moritz-romane-miradoli-sur-le-podium-mikaela-shiffrin-simpose\/#primaryimage","url":"https:\/\/dicodusport.fr\/blog\/wp-content\/uploads\/2022\/12\/Super-G-Saint-Moritz-Romane-Miradoli-sur-le-podium-Mikaela-Shiffrin-simpose.png","contentUrl":"https:\/\/dicodusport.fr\/blog\/wp-content\/uploads\/2022\/12\/Super-G-Saint-Moritz-Romane-Miradoli-sur-le-podium-Mikaela-Shiffrin-simpose.png","width":800,"height":445,"caption":"Super-G Saint-Moritz Romane Miradoli sur le podium, Mikaela Shiffrin s'impose"},{"@type":"BreadcrumbList","@id":"https:\/\/dicodusport.fr\/blog\/super-g-saint-moritz-romane-miradoli-sur-le-podium-mikaela-shiffrin-simpose\/#breadcrumb","itemListElement":[{"@type":"ListItem","position":1,"name":"Accueil","item":"https:\/\/dicodusport.fr\/blog\/"},{"@type":"ListItem","position":2,"name":"Super-G Saint-Moritz : Romane Miradoli sur le podium, Mikaela Shiffrin s&rsquo;impose"}]},{"@type":"WebSite","@id":"https:\/\/dicodusport.fr\/blog\/#website","url":"https:\/\/dicodusport.fr\/blog\/","name":"Dicodusport","description":"L&#039;encyclop\u00e9die de l&#039;actualit\u00e9 sportive","publisher":{"@id":"https:\/\/dicodusport.fr\/blog\/#organization"},"potentialAction":[{"@type":"SearchAction","target":{"@type":"EntryPoint","urlTemplate":"https:\/\/dicodusport.fr\/blog\/?s={search_term_string}"},"query-input":{"@type":"PropertyValueSpecification","valueRequired":true,"valueName":"search_term_string"}}],"inLanguage":"fr-FR"},{"@type":"NewsMediaOrganization","@id":"https:\/\/dicodusport.fr\/blog\/#organization","name":"Dicodusport","url":"https:\/\/dicodusport.fr\/blog\/","logo":{"@type":"ImageObject","inLanguage":"fr-FR","@id":"https:\/\/dicodusport.fr\/blog\/#\/schema\/logo\/image\/","url":"https:\/\/dicodusport.fr\/blog\/wp-content\/uploads\/2020\/06\/cropped-LOGO-DICODUSPORT-2020-SANS-FOND-SANS-TEXTE.png","contentUrl":"https:\/\/dicodusport.fr\/blog\/wp-content\/uploads\/2020\/06\/cropped-LOGO-DICODUSPORT-2020-SANS-FOND-SANS-TEXTE.png","width":512,"height":512,"caption":"Dicodusport"},"image":{"@id":"https:\/\/dicodusport.fr\/blog\/#\/schema\/logo\/image\/"},"sameAs":["https:\/\/www.facebook.com\/dicodusport","https:\/\/x.com\/dicodusport","https:\/\/www.instagram.com\/dicodusport\/","https:\/\/www.youtube.com\/channel\/UC7V2KZ5sd3htJivAbA4ZG3w"],"description":"Dicodusport est l'encyclop\u00e9die de l'actualit\u00e9 sportive.","email":"bonjour@dicodusport.fr","legalName":"DICODUSPORT","foundingDate":"2018-01-14","vatID":"FR71834470973","taxID":"83447097300043","numberOfEmployees":{"@type":"QuantitativeValue","minValue":"1","maxValue":"10"}},{"@type":"Person","@id":"https:\/\/dicodusport.fr\/blog\/#\/schema\/person\/cb02af4c173ce4a653b55e9baf388d4a","name":"Flo Ostermann","image":{"@type":"ImageObject","inLanguage":"fr-FR","@id":"https:\/\/dicodusport.fr\/blog\/#\/schema\/person\/image\/","url":"https:\/\/dicodusport.fr\/blog\/wp-content\/uploads\/2021\/05\/Flo-Ostermann-150x150.jpg","contentUrl":"https:\/\/dicodusport.fr\/blog\/wp-content\/uploads\/2021\/05\/Flo-Ostermann-150x150.jpg","caption":"Flo Ostermann"},"description":"Journaliste\/R\u00e9dacteur depuis septembre 2015 - Mes premiers souvenirs dans le sport ? Les envol\u00e9es du Stade Toulousain et les duels Villeneuve-Schumacher et H\u00e4kkinen-Schumacher \u00e0 la fin des ann\u00e9es 90, la Coupe du monde de football en 1998, l\u2019exploit du XV de France face aux All Blacks en 1999, mais aussi Richard C\u0153ur de Lion qui vole sur les montagnes du Tour de France. Bien parti pour devenir professeur d\u2019EPS, les \u00e9v\u00e9nements de la vie (et la flemme d\u2019animer des s\u00e9ances de 3x500 m\u00e8tres toute ma vie) m\u2019ont conduit \u00e0 revoir mes plans. Me voil\u00e0 depuis fin 2017 sur Dicodusport, m\u00e9dia gr\u00e2ce (et pour) lequel je partage ma passion : le sport dans tous ses \u00e9tats. Le tout accompagn\u00e9 par les fous furieux et folles furieuses cit\u00e9s sur cette page !","sameAs":["https:\/\/www.facebook.com\/florent.ostermann","https:\/\/x.com\/https:\/\/twitter.com\/FlOstermann","admin"],"url":"https:\/\/dicodusport.fr\/blog\/author\/flo\/"}]}},"_links":{"self":[{"href":"https:\/\/dicodusport.fr\/blog\/wp-json\/wp\/v2\/posts\/288884","targetHints":{"allow":["GET"]}}],"collection":[{"href":"https:\/\/dicodusport.fr\/blog\/wp-json\/wp\/v2\/posts"}],"about":[{"href":"https:\/\/dicodusport.fr\/blog\/wp-json\/wp\/v2\/types\/post"}],"author":[{"embeddable":true,"href":"https:\/\/dicodusport.fr\/blog\/wp-json\/wp\/v2\/users\/4"}],"replies":[{"embeddable":true,"href":"https:\/\/dicodusport.fr\/blog\/wp-json\/wp\/v2\/comments?post=288884"}],"version-history":[{"count":0,"href":"https:\/\/dicodusport.fr\/blog\/wp-json\/wp\/v2\/posts\/288884\/revisions"}],"wp:featuredmedia":[{"embeddable":true,"href":"https:\/\/dicodusport.fr\/blog\/wp-json\/wp\/v2\/media\/288903"}],"wp:attachment":[{"href":"https:\/\/dicodusport.fr\/blog\/wp-json\/wp\/v2\/media?parent=288884"}],"wp:term":[{"taxonomy":"category","embeddable":true,"href":"https:\/\/dicodusport.fr\/blog\/wp-json\/wp\/v2\/categories?post=288884"},{"taxonomy":"post_tag","embeddable":true,"href":"https:\/\/dicodusport.fr\/blog\/wp-json\/wp\/v2\/tags?post=288884"}],"curies":[{"name":"wp","href":"https:\/\/api.w.org\/{rel}","templated":true}]}}