{"id":28919,"date":"2018-11-09T22:59:12","date_gmt":"2018-11-09T21:59:12","guid":{"rendered":"http:\/\/dicodusport.fr\/blog\/?p=28919"},"modified":"2018-11-10T00:03:42","modified_gmt":"2018-11-09T23:03:42","slug":"les-bleues-s-inclinent-face-aux-black-ferns","status":"publish","type":"post","link":"https:\/\/dicodusport.fr\/blog\/les-bleues-s-inclinent-face-aux-black-ferns\/","title":{"rendered":"Les Bleues s&rsquo;inclinent face aux Black Ferns"},"content":{"rendered":"<p style=\"text-align: justify;\"><em><strong>France F\u00e9minines &#8211; L&rsquo;\u00e9quipe de France f\u00e9minine s&rsquo;est inclin\u00e9e contre la Nouvelle-Z\u00e9lande (0-14) ce vendredi soir, \u00e0 Mayol.<\/strong><\/em><\/p>\n<p style=\"text-align: justify;\">Si le score \u00e9tait nul et vierge \u00e0 la pause, Fran\u00e7aises et N\u00e9o-Z\u00e9landaises ont propos\u00e9 un sacr\u00e9 spectacle sur le terrain. Les Black Ferns s&rsquo;installaient dans le camp des Bleues dans les toutes premi\u00e8res minutes, mais la premi\u00e8re m\u00eal\u00e9e donnait le ton, puisque L\u00e9na\u00efg Corson et ses co\u00e9quipi\u00e8res du pack tricolore enfon\u00e7aient les avants des championnes du monde en titre, comme tout au long d&rsquo;un premier acte o\u00f9 l&rsquo;\u00e9quipe de France ne laissait que des miettes \u00e0 son adversaire en m\u00eal\u00e9e ferm\u00e9e, mais aussi en touche.<\/p>\n<p style=\"text-align: justify;\">Une domination qui aurait pu \u00eatre r\u00e9compens\u00e9e d\u00e8s la 20\u00e8me minute. Les Tricolores, la main sur le ballon, poussaient les joueuses n\u00e9o-z\u00e9landaises \u00e0 la faute et Montserrat Am\u00e9d\u00e9e avait l&rsquo;occasion d&rsquo;ouvrir le score sur p\u00e9nalit\u00e9 \u00e0 23m l\u00e9g\u00e8rement \u00e0 gauche des poteaux. Mais la Montpelli\u00e9raine voyait sa tentative fuir les poteaux n\u00e9o-z\u00e9landais. En face, la nation num\u00e9ro 1 mondial \u00e9tait sans solution, la faute \u00e0 une d\u00e9fense agressive c\u00f4t\u00e9 bleue. Safi N&rsquo;Diaye et Romane M\u00e9nager ont distribu\u00e9 les cartouches, permettant \u00e0 cette \u00e9quipe de France de faire jeu \u00e9gal avec la Nouvelle-Z\u00e9lande.<\/p>\n<h1 style=\"text-align: justify;\">Le r\u00e9veil des N\u00e9o-Z\u00e9landaises<\/h1>\n<p style=\"text-align: justify;\">R\u00e9duites \u00e0 14 avant la pause, les Black Ferns, vex\u00e9es, revenaient avec d&rsquo;autres intentions et mettaient en difficult\u00e9 des Bleues accul\u00e9es sur leur ligne d&rsquo;essai. Mais solidaires et disciplin\u00e9es, les Tricolores sauvaient une premi\u00e8re fois la baraque gr\u00e2ce \u00e0 un sauvetage de Ga\u00eblle Hermet sur sa ligne (44&prime;) avant que Romane M\u00e9nager ne gratte un \u00e9ni\u00e8me ballon (47&prime;). Mais les quintuples champions du monde revenaient \u00e0 la charge deux minutes plus tard et concassaient des Fran\u00e7aises qui finissaient par craquer sur une charge de Leilani Perese, tout juste entr\u00e9e en jeu. Cosksedge se chargeait de transformer, (0-7, 51&prime;).<\/p>\n<p style=\"text-align: justify;\">Quelques instants plus tard, les joueuses du pays au long nuage blanc haussaient de nouveau le ton. La centre Stacey Waaka cassait deux plaquages et le ballon arrivait sur l&rsquo;aile de Renee Wickliffe qui inscrivait le deuxi\u00e8me essai n\u00e9o-z\u00e9landais. En coin, Cocksedge, meilleure joueuse du monde en 2015, transformait de nouveau (0-14, 58&prime;). Ma\u00eetresses de jeu, la meilleure \u00e9quipe du monde marquait au fer rouge des Bleues qui n&rsquo;avaient plus la ma\u00eetrise du ballon, en plus de subir en d\u00e9fense.<\/p>\n<h1 style=\"text-align: justify;\">Des Bleues qui n&rsquo;abdiquent pas<\/h1>\n<p style=\"text-align: justify;\">Dans le dur physiquement, l&rsquo;\u00e9quipe de France s&rsquo;accrochait au courage. Une possession du ballon et des initiatives souvent annihil\u00e9es pour des Black Ferns qui avaient pris l&rsquo;ascendant dans le combat, mais aussi par quelques d\u00e9cisions litigieuses de la part de Sarah Cox, l&rsquo;arbitre anglaise de la rencontre, comme sur ce plaquage dangereux \u00e0 l&rsquo;\u00e9paule de Linda Itunu sur Jason, non sanctionn\u00e9 d&rsquo;une p\u00e9nalit\u00e9. Vaillantes, les Bleus s&rsquo;inclinent 14 \u00e0 0. Un match riche en enseignements, mais qui t\u00e9moigne de l&rsquo;\u00e9cart qui existe encore entre les deux nations dans certains domaines, comme la gestion des temps forts, o\u00f9 les N\u00e9o-Z\u00e9landaises ont excell\u00e9 ce soir. Revanche samedi prochain \u00e0 Grenoble pour les vainqueurs en titre du VI Nations ?<\/p>\n<p><strong><em>Flo Ostermann<br \/>\n<a href=\"https:\/\/www.facebook.com\/florent.ostermann\"><img loading=\"lazy\" decoding=\"async\" class=\"alignnone wp-image-2909\" src=\"http:\/\/dicodusport.fr\/blog\/wp-content\/uploads\/2017\/07\/logo-facebook-150x150.png\" sizes=\"auto, (max-width: 40px) 100vw, 40px\" srcset=\"https:\/\/dicodusport.fr\/blog\/wp-content\/uploads\/2017\/07\/logo-facebook-150x150.png 150w, https:\/\/dicodusport.fr\/blog\/wp-content\/uploads\/2017\/07\/logo-facebook-300x300.png 300w, https:\/\/dicodusport.fr\/blog\/wp-content\/uploads\/2017\/07\/logo-facebook.png 400w\" alt=\"\" width=\"40\" height=\"40\" \/><\/a><a href=\"https:\/\/twitter.com\/SportInsideMag\"><img loading=\"lazy\" decoding=\"async\" class=\"alignnone wp-image-2908\" src=\"http:\/\/dicodusport.fr\/blog\/wp-content\/uploads\/2017\/07\/logo-twitter-150x150.png\" alt=\"\" width=\"39\" height=\"39\" \/><\/a><\/em><\/strong><\/p>\n","protected":false},"excerpt":{"rendered":"<p>France F\u00e9minines &#8211; L&rsquo;\u00e9quipe de France f\u00e9minine s&rsquo;est inclin\u00e9e contre les N\u00e9o-Z\u00e9landaises (0-14) ce vendredi soir, \u00e0 Mayol.<\/p>\n","protected":false},"author":4,"featured_media":28920,"comment_status":"open","ping_status":"closed","sticky":false,"template":"","format":"standard","meta":{"_acf_changed":false,"_daextam_enable_autolinks":"","footnotes":""},"categories":[2,2303],"tags":[1653,173,852,6016],"class_list":["post-28919","post","type-post","status-publish","format-standard","has-post-thumbnail","hentry","category-actualites","category-rugby","tag-black-ferns","tag-france-nouvelle-zelande","tag-rugby-feminin","tag-tournee-dautomne"],"acf":[],"yoast_head":"<!-- This site is optimized with the Yoast SEO Premium plugin v26.7 (Yoast SEO v26.7) - https:\/\/yoast.com\/wordpress\/plugins\/seo\/ -->\n<title>Les Bleues s&#039;inclinent face aux Black Ferns<\/title>\n<meta name=\"description\" content=\"France F\u00e9minines - L&#039;\u00e9quipe de France f\u00e9minine s&#039;est inclin\u00e9e contre les N\u00e9o-Z\u00e9landaises (0-14) ce vendredi soir, \u00e0 Mayol.\" \/>\n<meta name=\"robots\" content=\"index, follow, max-snippet:-1, max-image-preview:large, max-video-preview:-1\" \/>\n<link rel=\"canonical\" href=\"https:\/\/dicodusport.fr\/blog\/les-bleues-s-inclinent-face-aux-black-ferns\/\" \/>\n<meta property=\"og:locale\" content=\"fr_FR\" \/>\n<meta property=\"og:type\" content=\"article\" \/>\n<meta property=\"og:title\" content=\"Les Bleues s&#039;inclinent face aux Black Ferns\" \/>\n<meta property=\"og:description\" content=\"France F\u00e9minines - L&#039;\u00e9quipe de France f\u00e9minine s&#039;est inclin\u00e9e contre les N\u00e9o-Z\u00e9landaises (0-14) ce vendredi soir, \u00e0 Mayol.\" \/>\n<meta property=\"og:url\" content=\"https:\/\/dicodusport.fr\/blog\/les-bleues-s-inclinent-face-aux-black-ferns\/\" \/>\n<meta property=\"og:site_name\" content=\"Dicodusport\" \/>\n<meta property=\"article:publisher\" content=\"https:\/\/www.facebook.com\/dicodusport\" \/>\n<meta property=\"article:author\" content=\"https:\/\/www.facebook.com\/florent.ostermann\" \/>\n<meta property=\"article:published_time\" content=\"2018-11-09T21:59:12+00:00\" \/>\n<meta property=\"article:modified_time\" content=\"2018-11-09T23:03:42+00:00\" \/>\n<meta property=\"og:image\" content=\"https:\/\/dicodusport.fr\/blog\/wp-content\/uploads\/2018\/11\/France-F\u00e9minines-Nouvelle-Z\u00e9lande-2018.png\" \/>\n\t<meta property=\"og:image:width\" content=\"800\" \/>\n\t<meta property=\"og:image:height\" content=\"445\" \/>\n\t<meta property=\"og:image:type\" content=\"image\/png\" \/>\n<meta name=\"author\" content=\"Flo Ostermann\" \/>\n<meta name=\"twitter:card\" content=\"summary_large_image\" \/>\n<meta name=\"twitter:creator\" content=\"@https:\/\/twitter.com\/FlOstermann\" \/>\n<meta name=\"twitter:site\" content=\"@dicodusport\" \/>\n<script type=\"application\/ld+json\" class=\"yoast-schema-graph\">{\"@context\":\"https:\/\/schema.org\",\"@graph\":[{\"@type\":\"NewsArticle\",\"@id\":\"https:\/\/dicodusport.fr\/blog\/les-bleues-s-inclinent-face-aux-black-ferns\/#article\",\"isPartOf\":{\"@id\":\"https:\/\/dicodusport.fr\/blog\/les-bleues-s-inclinent-face-aux-black-ferns\/\"},\"author\":{\"name\":\"Flo Ostermann\",\"@id\":\"https:\/\/dicodusport.fr\/blog\/#\/schema\/person\/cb02af4c173ce4a653b55e9baf388d4a\"},\"headline\":\"Les Bleues s&rsquo;inclinent face aux Black Ferns\",\"datePublished\":\"2018-11-09T21:59:12+00:00\",\"dateModified\":\"2018-11-09T23:03:42+00:00\",\"mainEntityOfPage\":{\"@id\":\"https:\/\/dicodusport.fr\/blog\/les-bleues-s-inclinent-face-aux-black-ferns\/\"},\"wordCount\":570,\"commentCount\":0,\"publisher\":{\"@id\":\"https:\/\/dicodusport.fr\/blog\/#organization\"},\"image\":{\"@id\":\"https:\/\/dicodusport.fr\/blog\/les-bleues-s-inclinent-face-aux-black-ferns\/#primaryimage\"},\"thumbnailUrl\":\"https:\/\/dicodusport.fr\/blog\/wp-content\/uploads\/2018\/11\/France-F\u00e9minines-Nouvelle-Z\u00e9lande-2018.png\",\"keywords\":[\"black ferns\",\"France - Nouvelle-Z\u00e9lande\",\"rugby f\u00e9minin\",\"tourn\u00e9e d'automne\"],\"articleSection\":[\"Actualit\u00e9s\",\"Rugby\"],\"inLanguage\":\"fr-FR\",\"potentialAction\":[{\"@type\":\"CommentAction\",\"name\":\"Comment\",\"target\":[\"https:\/\/dicodusport.fr\/blog\/les-bleues-s-inclinent-face-aux-black-ferns\/#respond\"]}],\"copyrightYear\":\"2018\",\"copyrightHolder\":{\"@id\":\"https:\/\/dicodusport.fr\/blog\/#organization\"}},{\"@type\":\"WebPage\",\"@id\":\"https:\/\/dicodusport.fr\/blog\/les-bleues-s-inclinent-face-aux-black-ferns\/\",\"url\":\"https:\/\/dicodusport.fr\/blog\/les-bleues-s-inclinent-face-aux-black-ferns\/\",\"name\":\"Les Bleues s'inclinent face aux Black Ferns\",\"isPartOf\":{\"@id\":\"https:\/\/dicodusport.fr\/blog\/#website\"},\"primaryImageOfPage\":{\"@id\":\"https:\/\/dicodusport.fr\/blog\/les-bleues-s-inclinent-face-aux-black-ferns\/#primaryimage\"},\"image\":{\"@id\":\"https:\/\/dicodusport.fr\/blog\/les-bleues-s-inclinent-face-aux-black-ferns\/#primaryimage\"},\"thumbnailUrl\":\"https:\/\/dicodusport.fr\/blog\/wp-content\/uploads\/2018\/11\/France-F\u00e9minines-Nouvelle-Z\u00e9lande-2018.png\",\"datePublished\":\"2018-11-09T21:59:12+00:00\",\"dateModified\":\"2018-11-09T23:03:42+00:00\",\"description\":\"France F\u00e9minines - L'\u00e9quipe de France f\u00e9minine s'est inclin\u00e9e contre les N\u00e9o-Z\u00e9landaises (0-14) ce vendredi soir, \u00e0 Mayol.\",\"breadcrumb\":{\"@id\":\"https:\/\/dicodusport.fr\/blog\/les-bleues-s-inclinent-face-aux-black-ferns\/#breadcrumb\"},\"inLanguage\":\"fr-FR\",\"potentialAction\":[{\"@type\":\"ReadAction\",\"target\":[\"https:\/\/dicodusport.fr\/blog\/les-bleues-s-inclinent-face-aux-black-ferns\/\"]}]},{\"@type\":\"ImageObject\",\"inLanguage\":\"fr-FR\",\"@id\":\"https:\/\/dicodusport.fr\/blog\/les-bleues-s-inclinent-face-aux-black-ferns\/#primaryimage\",\"url\":\"https:\/\/dicodusport.fr\/blog\/wp-content\/uploads\/2018\/11\/France-F\u00e9minines-Nouvelle-Z\u00e9lande-2018.png\",\"contentUrl\":\"https:\/\/dicodusport.fr\/blog\/wp-content\/uploads\/2018\/11\/France-F\u00e9minines-Nouvelle-Z\u00e9lande-2018.png\",\"width\":800,\"height\":445},{\"@type\":\"BreadcrumbList\",\"@id\":\"https:\/\/dicodusport.fr\/blog\/les-bleues-s-inclinent-face-aux-black-ferns\/#breadcrumb\",\"itemListElement\":[{\"@type\":\"ListItem\",\"position\":1,\"name\":\"Accueil\",\"item\":\"https:\/\/dicodusport.fr\/blog\/\"},{\"@type\":\"ListItem\",\"position\":2,\"name\":\"Les Bleues s&rsquo;inclinent face aux Black Ferns\"}]},{\"@type\":\"WebSite\",\"@id\":\"https:\/\/dicodusport.fr\/blog\/#website\",\"url\":\"https:\/\/dicodusport.fr\/blog\/\",\"name\":\"Dicodusport\",\"description\":\"L&#039;encyclop\u00e9die de l&#039;actualit\u00e9 sportive\",\"publisher\":{\"@id\":\"https:\/\/dicodusport.fr\/blog\/#organization\"},\"potentialAction\":[{\"@type\":\"SearchAction\",\"target\":{\"@type\":\"EntryPoint\",\"urlTemplate\":\"https:\/\/dicodusport.fr\/blog\/?s={search_term_string}\"},\"query-input\":{\"@type\":\"PropertyValueSpecification\",\"valueRequired\":true,\"valueName\":\"search_term_string\"}}],\"inLanguage\":\"fr-FR\"},{\"@type\":\"NewsMediaOrganization\",\"@id\":\"https:\/\/dicodusport.fr\/blog\/#organization\",\"name\":\"Dicodusport\",\"url\":\"https:\/\/dicodusport.fr\/blog\/\",\"logo\":{\"@type\":\"ImageObject\",\"inLanguage\":\"fr-FR\",\"@id\":\"https:\/\/dicodusport.fr\/blog\/#\/schema\/logo\/image\/\",\"url\":\"https:\/\/dicodusport.fr\/blog\/wp-content\/uploads\/2020\/06\/cropped-LOGO-DICODUSPORT-2020-SANS-FOND-SANS-TEXTE.png\",\"contentUrl\":\"https:\/\/dicodusport.fr\/blog\/wp-content\/uploads\/2020\/06\/cropped-LOGO-DICODUSPORT-2020-SANS-FOND-SANS-TEXTE.png\",\"width\":512,\"height\":512,\"caption\":\"Dicodusport\"},\"image\":{\"@id\":\"https:\/\/dicodusport.fr\/blog\/#\/schema\/logo\/image\/\"},\"sameAs\":[\"https:\/\/www.facebook.com\/dicodusport\",\"https:\/\/x.com\/dicodusport\",\"https:\/\/www.instagram.com\/dicodusport\/\",\"https:\/\/www.youtube.com\/channel\/UC7V2KZ5sd3htJivAbA4ZG3w\"],\"description\":\"Dicodusport est l'encyclop\u00e9die de l'actualit\u00e9 sportive.\",\"email\":\"bonjour@dicodusport.fr\",\"legalName\":\"DICODUSPORT\",\"foundingDate\":\"2018-01-14\",\"vatID\":\"FR71834470973\",\"taxID\":\"83447097300043\",\"numberOfEmployees\":{\"@type\":\"QuantitativeValue\",\"minValue\":\"1\",\"maxValue\":\"10\"}},{\"@type\":\"Person\",\"@id\":\"https:\/\/dicodusport.fr\/blog\/#\/schema\/person\/cb02af4c173ce4a653b55e9baf388d4a\",\"name\":\"Flo Ostermann\",\"image\":{\"@type\":\"ImageObject\",\"inLanguage\":\"fr-FR\",\"@id\":\"https:\/\/dicodusport.fr\/blog\/#\/schema\/person\/image\/\",\"url\":\"https:\/\/dicodusport.fr\/blog\/wp-content\/uploads\/2021\/05\/Flo-Ostermann-150x150.jpg\",\"contentUrl\":\"https:\/\/dicodusport.fr\/blog\/wp-content\/uploads\/2021\/05\/Flo-Ostermann-150x150.jpg\",\"caption\":\"Flo Ostermann\"},\"description\":\"Journaliste\/R\u00e9dacteur depuis septembre 2015 - Mes premiers souvenirs dans le sport ? Les envol\u00e9es du Stade Toulousain et les duels Villeneuve-Schumacher et H\u00e4kkinen-Schumacher \u00e0 la fin des ann\u00e9es 90, la Coupe du monde de football en 1998, l\u2019exploit du XV de France face aux All Blacks en 1999, mais aussi Richard C\u0153ur de Lion qui vole sur les montagnes du Tour de France. Bien parti pour devenir professeur d\u2019EPS, les \u00e9v\u00e9nements de la vie (et la flemme d\u2019animer des s\u00e9ances de 3x500 m\u00e8tres toute ma vie) m\u2019ont conduit \u00e0 revoir mes plans. Me voil\u00e0 depuis fin 2017 sur Dicodusport, m\u00e9dia gr\u00e2ce (et pour) lequel je partage ma passion : le sport dans tous ses \u00e9tats. Le tout accompagn\u00e9 par les fous furieux et folles furieuses cit\u00e9s sur cette page !\",\"sameAs\":[\"https:\/\/www.facebook.com\/florent.ostermann\",\"https:\/\/x.com\/https:\/\/twitter.com\/FlOstermann\",\"admin\"],\"url\":\"https:\/\/dicodusport.fr\/blog\/author\/flo\/\"}]}<\/script>\n<!-- \/ Yoast SEO Premium plugin. -->","yoast_head_json":{"title":"Les Bleues s'inclinent face aux Black Ferns","description":"France F\u00e9minines - L'\u00e9quipe de France f\u00e9minine s'est inclin\u00e9e contre les N\u00e9o-Z\u00e9landaises (0-14) ce vendredi soir, \u00e0 Mayol.","robots":{"index":"index","follow":"follow","max-snippet":"max-snippet:-1","max-image-preview":"max-image-preview:large","max-video-preview":"max-video-preview:-1"},"canonical":"https:\/\/dicodusport.fr\/blog\/les-bleues-s-inclinent-face-aux-black-ferns\/","og_locale":"fr_FR","og_type":"article","og_title":"Les Bleues s'inclinent face aux Black Ferns","og_description":"France F\u00e9minines - L'\u00e9quipe de France f\u00e9minine s'est inclin\u00e9e contre les N\u00e9o-Z\u00e9landaises (0-14) ce vendredi soir, \u00e0 Mayol.","og_url":"https:\/\/dicodusport.fr\/blog\/les-bleues-s-inclinent-face-aux-black-ferns\/","og_site_name":"Dicodusport","article_publisher":"https:\/\/www.facebook.com\/dicodusport","article_author":"https:\/\/www.facebook.com\/florent.ostermann","article_published_time":"2018-11-09T21:59:12+00:00","article_modified_time":"2018-11-09T23:03:42+00:00","og_image":[{"width":800,"height":445,"url":"https:\/\/dicodusport.fr\/blog\/wp-content\/uploads\/2018\/11\/France-F\u00e9minines-Nouvelle-Z\u00e9lande-2018.png","type":"image\/png"}],"author":"Flo Ostermann","twitter_card":"summary_large_image","twitter_creator":"@https:\/\/twitter.com\/FlOstermann","twitter_site":"@dicodusport","schema":{"@context":"https:\/\/schema.org","@graph":[{"@type":"NewsArticle","@id":"https:\/\/dicodusport.fr\/blog\/les-bleues-s-inclinent-face-aux-black-ferns\/#article","isPartOf":{"@id":"https:\/\/dicodusport.fr\/blog\/les-bleues-s-inclinent-face-aux-black-ferns\/"},"author":{"name":"Flo Ostermann","@id":"https:\/\/dicodusport.fr\/blog\/#\/schema\/person\/cb02af4c173ce4a653b55e9baf388d4a"},"headline":"Les Bleues s&rsquo;inclinent face aux Black Ferns","datePublished":"2018-11-09T21:59:12+00:00","dateModified":"2018-11-09T23:03:42+00:00","mainEntityOfPage":{"@id":"https:\/\/dicodusport.fr\/blog\/les-bleues-s-inclinent-face-aux-black-ferns\/"},"wordCount":570,"commentCount":0,"publisher":{"@id":"https:\/\/dicodusport.fr\/blog\/#organization"},"image":{"@id":"https:\/\/dicodusport.fr\/blog\/les-bleues-s-inclinent-face-aux-black-ferns\/#primaryimage"},"thumbnailUrl":"https:\/\/dicodusport.fr\/blog\/wp-content\/uploads\/2018\/11\/France-F\u00e9minines-Nouvelle-Z\u00e9lande-2018.png","keywords":["black ferns","France - Nouvelle-Z\u00e9lande","rugby f\u00e9minin","tourn\u00e9e d'automne"],"articleSection":["Actualit\u00e9s","Rugby"],"inLanguage":"fr-FR","potentialAction":[{"@type":"CommentAction","name":"Comment","target":["https:\/\/dicodusport.fr\/blog\/les-bleues-s-inclinent-face-aux-black-ferns\/#respond"]}],"copyrightYear":"2018","copyrightHolder":{"@id":"https:\/\/dicodusport.fr\/blog\/#organization"}},{"@type":"WebPage","@id":"https:\/\/dicodusport.fr\/blog\/les-bleues-s-inclinent-face-aux-black-ferns\/","url":"https:\/\/dicodusport.fr\/blog\/les-bleues-s-inclinent-face-aux-black-ferns\/","name":"Les Bleues s'inclinent face aux Black Ferns","isPartOf":{"@id":"https:\/\/dicodusport.fr\/blog\/#website"},"primaryImageOfPage":{"@id":"https:\/\/dicodusport.fr\/blog\/les-bleues-s-inclinent-face-aux-black-ferns\/#primaryimage"},"image":{"@id":"https:\/\/dicodusport.fr\/blog\/les-bleues-s-inclinent-face-aux-black-ferns\/#primaryimage"},"thumbnailUrl":"https:\/\/dicodusport.fr\/blog\/wp-content\/uploads\/2018\/11\/France-F\u00e9minines-Nouvelle-Z\u00e9lande-2018.png","datePublished":"2018-11-09T21:59:12+00:00","dateModified":"2018-11-09T23:03:42+00:00","description":"France F\u00e9minines - L'\u00e9quipe de France f\u00e9minine s'est inclin\u00e9e contre les N\u00e9o-Z\u00e9landaises (0-14) ce vendredi soir, \u00e0 Mayol.","breadcrumb":{"@id":"https:\/\/dicodusport.fr\/blog\/les-bleues-s-inclinent-face-aux-black-ferns\/#breadcrumb"},"inLanguage":"fr-FR","potentialAction":[{"@type":"ReadAction","target":["https:\/\/dicodusport.fr\/blog\/les-bleues-s-inclinent-face-aux-black-ferns\/"]}]},{"@type":"ImageObject","inLanguage":"fr-FR","@id":"https:\/\/dicodusport.fr\/blog\/les-bleues-s-inclinent-face-aux-black-ferns\/#primaryimage","url":"https:\/\/dicodusport.fr\/blog\/wp-content\/uploads\/2018\/11\/France-F\u00e9minines-Nouvelle-Z\u00e9lande-2018.png","contentUrl":"https:\/\/dicodusport.fr\/blog\/wp-content\/uploads\/2018\/11\/France-F\u00e9minines-Nouvelle-Z\u00e9lande-2018.png","width":800,"height":445},{"@type":"BreadcrumbList","@id":"https:\/\/dicodusport.fr\/blog\/les-bleues-s-inclinent-face-aux-black-ferns\/#breadcrumb","itemListElement":[{"@type":"ListItem","position":1,"name":"Accueil","item":"https:\/\/dicodusport.fr\/blog\/"},{"@type":"ListItem","position":2,"name":"Les Bleues s&rsquo;inclinent face aux Black Ferns"}]},{"@type":"WebSite","@id":"https:\/\/dicodusport.fr\/blog\/#website","url":"https:\/\/dicodusport.fr\/blog\/","name":"Dicodusport","description":"L&#039;encyclop\u00e9die de l&#039;actualit\u00e9 sportive","publisher":{"@id":"https:\/\/dicodusport.fr\/blog\/#organization"},"potentialAction":[{"@type":"SearchAction","target":{"@type":"EntryPoint","urlTemplate":"https:\/\/dicodusport.fr\/blog\/?s={search_term_string}"},"query-input":{"@type":"PropertyValueSpecification","valueRequired":true,"valueName":"search_term_string"}}],"inLanguage":"fr-FR"},{"@type":"NewsMediaOrganization","@id":"https:\/\/dicodusport.fr\/blog\/#organization","name":"Dicodusport","url":"https:\/\/dicodusport.fr\/blog\/","logo":{"@type":"ImageObject","inLanguage":"fr-FR","@id":"https:\/\/dicodusport.fr\/blog\/#\/schema\/logo\/image\/","url":"https:\/\/dicodusport.fr\/blog\/wp-content\/uploads\/2020\/06\/cropped-LOGO-DICODUSPORT-2020-SANS-FOND-SANS-TEXTE.png","contentUrl":"https:\/\/dicodusport.fr\/blog\/wp-content\/uploads\/2020\/06\/cropped-LOGO-DICODUSPORT-2020-SANS-FOND-SANS-TEXTE.png","width":512,"height":512,"caption":"Dicodusport"},"image":{"@id":"https:\/\/dicodusport.fr\/blog\/#\/schema\/logo\/image\/"},"sameAs":["https:\/\/www.facebook.com\/dicodusport","https:\/\/x.com\/dicodusport","https:\/\/www.instagram.com\/dicodusport\/","https:\/\/www.youtube.com\/channel\/UC7V2KZ5sd3htJivAbA4ZG3w"],"description":"Dicodusport est l'encyclop\u00e9die de l'actualit\u00e9 sportive.","email":"bonjour@dicodusport.fr","legalName":"DICODUSPORT","foundingDate":"2018-01-14","vatID":"FR71834470973","taxID":"83447097300043","numberOfEmployees":{"@type":"QuantitativeValue","minValue":"1","maxValue":"10"}},{"@type":"Person","@id":"https:\/\/dicodusport.fr\/blog\/#\/schema\/person\/cb02af4c173ce4a653b55e9baf388d4a","name":"Flo Ostermann","image":{"@type":"ImageObject","inLanguage":"fr-FR","@id":"https:\/\/dicodusport.fr\/blog\/#\/schema\/person\/image\/","url":"https:\/\/dicodusport.fr\/blog\/wp-content\/uploads\/2021\/05\/Flo-Ostermann-150x150.jpg","contentUrl":"https:\/\/dicodusport.fr\/blog\/wp-content\/uploads\/2021\/05\/Flo-Ostermann-150x150.jpg","caption":"Flo Ostermann"},"description":"Journaliste\/R\u00e9dacteur depuis septembre 2015 - Mes premiers souvenirs dans le sport ? Les envol\u00e9es du Stade Toulousain et les duels Villeneuve-Schumacher et H\u00e4kkinen-Schumacher \u00e0 la fin des ann\u00e9es 90, la Coupe du monde de football en 1998, l\u2019exploit du XV de France face aux All Blacks en 1999, mais aussi Richard C\u0153ur de Lion qui vole sur les montagnes du Tour de France. Bien parti pour devenir professeur d\u2019EPS, les \u00e9v\u00e9nements de la vie (et la flemme d\u2019animer des s\u00e9ances de 3x500 m\u00e8tres toute ma vie) m\u2019ont conduit \u00e0 revoir mes plans. Me voil\u00e0 depuis fin 2017 sur Dicodusport, m\u00e9dia gr\u00e2ce (et pour) lequel je partage ma passion : le sport dans tous ses \u00e9tats. Le tout accompagn\u00e9 par les fous furieux et folles furieuses cit\u00e9s sur cette page !","sameAs":["https:\/\/www.facebook.com\/florent.ostermann","https:\/\/x.com\/https:\/\/twitter.com\/FlOstermann","admin"],"url":"https:\/\/dicodusport.fr\/blog\/author\/flo\/"}]}},"_links":{"self":[{"href":"https:\/\/dicodusport.fr\/blog\/wp-json\/wp\/v2\/posts\/28919","targetHints":{"allow":["GET"]}}],"collection":[{"href":"https:\/\/dicodusport.fr\/blog\/wp-json\/wp\/v2\/posts"}],"about":[{"href":"https:\/\/dicodusport.fr\/blog\/wp-json\/wp\/v2\/types\/post"}],"author":[{"embeddable":true,"href":"https:\/\/dicodusport.fr\/blog\/wp-json\/wp\/v2\/users\/4"}],"replies":[{"embeddable":true,"href":"https:\/\/dicodusport.fr\/blog\/wp-json\/wp\/v2\/comments?post=28919"}],"version-history":[{"count":0,"href":"https:\/\/dicodusport.fr\/blog\/wp-json\/wp\/v2\/posts\/28919\/revisions"}],"wp:featuredmedia":[{"embeddable":true,"href":"https:\/\/dicodusport.fr\/blog\/wp-json\/wp\/v2\/media\/28920"}],"wp:attachment":[{"href":"https:\/\/dicodusport.fr\/blog\/wp-json\/wp\/v2\/media?parent=28919"}],"wp:term":[{"taxonomy":"category","embeddable":true,"href":"https:\/\/dicodusport.fr\/blog\/wp-json\/wp\/v2\/categories?post=28919"},{"taxonomy":"post_tag","embeddable":true,"href":"https:\/\/dicodusport.fr\/blog\/wp-json\/wp\/v2\/tags?post=28919"}],"curies":[{"name":"wp","href":"https:\/\/api.w.org\/{rel}","templated":true}]}}