{"id":291960,"date":"2022-12-19T15:38:18","date_gmt":"2022-12-19T14:38:18","guid":{"rendered":"https:\/\/dicodusport.fr\/blog\/?p=291960&#038;preview=true&#038;preview_id=291960"},"modified":"2022-12-19T15:56:23","modified_gmt":"2022-12-19T14:56:23","slug":"equipe-de-france-karim-benzema-annonce-sa-retraite-internationale","status":"publish","type":"post","link":"https:\/\/dicodusport.fr\/blog\/equipe-de-france-karim-benzema-annonce-sa-retraite-internationale\/","title":{"rendered":"\u00c9quipe de France : Karim Benzema annonce sa retraite internationale"},"content":{"rendered":"<p align=\"justify\"><em><strong>\u00c9QUIPE DE FRANCE &#8211; Au lendemain de la d\u00e9faite de l&rsquo;\u00e9quipe de France en finale de la Coupe du monde, Karim Benzema a annonc\u00e9 qu&rsquo;il mettait un terme \u00e0 sa carri\u00e8re internationale.\u00a0<\/strong><\/em><\/p>\n<p align=\"justify\">Un peu plus d&rsquo;un an et demi apr\u00e8s son retour en s\u00e9lection, et alors qu&rsquo;il f\u00eate aujourd&rsquo;hui ses 35 ans, <a href=\"https:\/\/dicodusport.fr\/blog\/france-karim-benzema-forfait-pour-la-coupe-du-monde-qui-pour-le-remplacer\/\"><strong>Karim<\/strong> <strong>Benzema<\/strong><\/a> a annonc\u00e9 qu&rsquo;il mettait un terme \u00e0 sa carri\u00e8re internationale. Plus grand palmar\u00e8s de l&rsquo;histoire du football fran\u00e7ais en club, son histoire avec l&rsquo;<strong>\u00e9quipe de France<\/strong> aura \u00e9t\u00e9 tout sauf un long fleuve tranquille.<\/p>\n<h2 style=\"text-align: justify;\" align=\"justify\">Un parcours tortueux avec l&rsquo;\u00e9quipe de France<\/h2>\n<p align=\"justify\">Boud\u00e9 en 2010 par <strong>Raymond<\/strong> <strong>Domenech<\/strong>, il avait r\u00e9alis\u00e9 une bonne <strong>Coupe du monde 2014<\/strong>, mais sans parvenir \u00e0 emmener la France plus loin qu&rsquo;en quarts de finale. La <strong>France<\/strong> s&rsquo;\u00e9tait inclin\u00e9e face aux futurs champions du monde, les Allemands. Avant cela, Benzema avait d&rsquo;ailleurs \u00e9t\u00e9 d\u00e9cisif dans le match retour face \u00e0 l&rsquo;<strong>Ukraine<\/strong> lors des barrages pour se qualifier pour cette comp\u00e9tition.<\/p>\n<p style=\"text-align: justify;\" align=\"justify\">Mis \u00e0 l&rsquo;\u00e9cart en 2015 par <strong>Didier<\/strong> <strong>Deschamps<\/strong> pour l&rsquo;affaire de la sextape, <strong>Karim Benzema<\/strong> avait finalement fait son retour en 2021. Si son Euro avait \u00e9t\u00e9 une r\u00e9ussite avec quatre buts en autant de rencontres, les Bleus avaient \u00e9t\u00e9 \u00e9limin\u00e9s d\u00e8s les huiti\u00e8mes de finale. Brillant lors de la phase finale de la <strong>Ligue des Nations<\/strong>, il remporte son seul titre avec les Bleus \u00e0 cette occasion. Alors qu&rsquo;il avait coch\u00e9 la Coupe du monde 2022 depuis de longs mois, une blessure \u00e0 la cuisse l&rsquo;a emp\u00each\u00e9 d&rsquo;\u00eatre pr\u00e9sent au <strong>Qatar<\/strong>.<\/p>\n<p>\u00c0 35 ans donc, <strong>Karim Benzema<\/strong> ach\u00e8ve sa carri\u00e8re internationale avec 97 s\u00e9lections au compteur, pour 37 buts inscrits, ce qui le place au 5\u00e8me rang du <a href=\"https:\/\/dicodusport.fr\/blog\/top-10-des-meilleurs-buteurs-de-lequipe-de-france-de-football\/\">classement des meilleurs buteurs de l&rsquo;histoire de l&rsquo;\u00e9quipe de France<\/a>.<\/p>\n<p><span class=\"WAVbYo01SZaypTlD2HK\"><\/p>\n<blockquote class=\"instagram-media\" data-instgrm-captioned data-instgrm-permalink=\"https:\/\/www.instagram.com\/p\/CmWkqAaI-ly\/?utm_source=ig_embed&amp;utm_campaign=loading\" data-instgrm-version=\"14\" style=\" background:#FFF; border:0; border-radius:3px; box-shadow:0 0 1px 0 rgba(0,0,0,0.5),0 1px 10px 0 rgba(0,0,0,0.15); margin: 1px; max-width:658px; min-width:326px; padding:0; width:99.375%; width:-webkit-calc(100% - 2px); width:calc(100% - 2px);\">\n<div style=\"padding:16px;\"> <a href=\"https:\/\/www.instagram.com\/p\/CmWkqAaI-ly\/?utm_source=ig_embed&amp;utm_campaign=loading\" style=\" background:#FFFFFF; line-height:0; padding:0 0; text-align:center; text-decoration:none; width:100%;\" target=\"_blank\"> <\/p>\n<div style=\" display: flex; flex-direction: row; align-items: center;\">\n<div style=\"background-color: #F4F4F4; border-radius: 50%; flex-grow: 0; height: 40px; margin-right: 14px; width: 40px;\"><\/div>\n<div style=\"display: flex; flex-direction: column; flex-grow: 1; justify-content: center;\">\n<div style=\" background-color: #F4F4F4; border-radius: 4px; flex-grow: 0; height: 14px; margin-bottom: 6px; width: 100px;\"><\/div>\n<div style=\" background-color: #F4F4F4; border-radius: 4px; flex-grow: 0; height: 14px; width: 60px;\"><\/div>\n<\/div>\n<\/div>\n<div style=\"padding: 19% 0;\"><\/div>\n<div style=\"display:block; height:50px; margin:0 auto 12px; width:50px;\"><svg width=\"50px\" height=\"50px\" viewBox=\"0 0 60 60\" version=\"1.1\" xmlns=\"https:\/\/www.w3.org\/2000\/svg\" xmlns:xlink=\"https:\/\/www.w3.org\/1999\/xlink\"><g stroke=\"none\" stroke-width=\"1\" fill=\"none\" fill-rule=\"evenodd\"><g transform=\"translate(-511.000000, -20.000000)\" fill=\"#000000\"><g><path d=\"M556.869,30.41 C554.814,30.41 553.148,32.076 553.148,34.131 C553.148,36.186 554.814,37.852 556.869,37.852 C558.924,37.852 560.59,36.186 560.59,34.131 C560.59,32.076 558.924,30.41 556.869,30.41 M541,60.657 C535.114,60.657 530.342,55.887 530.342,50 C530.342,44.114 535.114,39.342 541,39.342 C546.887,39.342 551.658,44.114 551.658,50 C551.658,55.887 546.887,60.657 541,60.657 M541,33.886 C532.1,33.886 524.886,41.1 524.886,50 C524.886,58.899 532.1,66.113 541,66.113 C549.9,66.113 557.115,58.899 557.115,50 C557.115,41.1 549.9,33.886 541,33.886 M565.378,62.101 C565.244,65.022 564.756,66.606 564.346,67.663 C563.803,69.06 563.154,70.057 562.106,71.106 C561.058,72.155 560.06,72.803 558.662,73.347 C557.607,73.757 556.021,74.244 553.102,74.378 C549.944,74.521 548.997,74.552 541,74.552 C533.003,74.552 532.056,74.521 528.898,74.378 C525.979,74.244 524.393,73.757 523.338,73.347 C521.94,72.803 520.942,72.155 519.894,71.106 C518.846,70.057 518.197,69.06 517.654,67.663 C517.244,66.606 516.755,65.022 516.623,62.101 C516.479,58.943 516.448,57.996 516.448,50 C516.448,42.003 516.479,41.056 516.623,37.899 C516.755,34.978 517.244,33.391 517.654,32.338 C518.197,30.938 518.846,29.942 519.894,28.894 C520.942,27.846 521.94,27.196 523.338,26.654 C524.393,26.244 525.979,25.756 528.898,25.623 C532.057,25.479 533.004,25.448 541,25.448 C548.997,25.448 549.943,25.479 553.102,25.623 C556.021,25.756 557.607,26.244 558.662,26.654 C560.06,27.196 561.058,27.846 562.106,28.894 C563.154,29.942 563.803,30.938 564.346,32.338 C564.756,33.391 565.244,34.978 565.378,37.899 C565.522,41.056 565.552,42.003 565.552,50 C565.552,57.996 565.522,58.943 565.378,62.101 M570.82,37.631 C570.674,34.438 570.167,32.258 569.425,30.349 C568.659,28.377 567.633,26.702 565.965,25.035 C564.297,23.368 562.623,22.342 560.652,21.575 C558.743,20.834 556.562,20.326 553.369,20.18 C550.169,20.033 549.148,20 541,20 C532.853,20 531.831,20.033 528.631,20.18 C525.438,20.326 523.257,20.834 521.349,21.575 C519.376,22.342 517.703,23.368 516.035,25.035 C514.368,26.702 513.342,28.377 512.574,30.349 C511.834,32.258 511.326,34.438 511.181,37.631 C511.035,40.831 511,41.851 511,50 C511,58.147 511.035,59.17 511.181,62.369 C511.326,65.562 511.834,67.743 512.574,69.651 C513.342,71.625 514.368,73.296 516.035,74.965 C517.703,76.634 519.376,77.658 521.349,78.425 C523.257,79.167 525.438,79.673 528.631,79.82 C531.831,79.965 532.853,80.001 541,80.001 C549.148,80.001 550.169,79.965 553.369,79.82 C556.562,79.673 558.743,79.167 560.652,78.425 C562.623,77.658 564.297,76.634 565.965,74.965 C567.633,73.296 568.659,71.625 569.425,69.651 C570.167,67.743 570.674,65.562 570.82,62.369 C570.966,59.17 571,58.147 571,50 C571,41.851 570.966,40.831 570.82,37.631\"><\/path><\/g><\/g><\/g><\/svg><\/div>\n<div style=\"padding-top: 8px;\">\n<div style=\" color:#3897f0; font-family:Arial,sans-serif; font-size:14px; font-style:normal; font-weight:550; line-height:18px;\">View this post on Instagram<\/div>\n<\/div>\n<div style=\"padding: 12.5% 0;\"><\/div>\n<div style=\"display: flex; flex-direction: row; margin-bottom: 14px; align-items: center;\">\n<div>\n<div style=\"background-color: #F4F4F4; border-radius: 50%; height: 12.5px; width: 12.5px; transform: translateX(0px) translateY(7px);\"><\/div>\n<div style=\"background-color: #F4F4F4; height: 12.5px; transform: rotate(-45deg) translateX(3px) translateY(1px); width: 12.5px; flex-grow: 0; margin-right: 14px; margin-left: 2px;\"><\/div>\n<div style=\"background-color: #F4F4F4; border-radius: 50%; height: 12.5px; width: 12.5px; transform: translateX(9px) translateY(-18px);\"><\/div>\n<\/div>\n<div style=\"margin-left: 8px;\">\n<div style=\" background-color: #F4F4F4; border-radius: 50%; flex-grow: 0; height: 20px; width: 20px;\"><\/div>\n<div style=\" width: 0; height: 0; border-top: 2px solid transparent; border-left: 6px solid #f4f4f4; border-bottom: 2px solid transparent; transform: translateX(16px) translateY(-4px) rotate(30deg)\"><\/div>\n<\/div>\n<div style=\"margin-left: auto;\">\n<div style=\" width: 0px; border-top: 8px solid #F4F4F4; border-right: 8px solid transparent; transform: translateY(16px);\"><\/div>\n<div style=\" background-color: #F4F4F4; flex-grow: 0; height: 12px; width: 16px; transform: translateY(-4px);\"><\/div>\n<div style=\" width: 0; height: 0; border-top: 8px solid #F4F4F4; border-left: 8px solid transparent; transform: translateY(-4px) translateX(8px);\"><\/div>\n<\/div>\n<\/div>\n<div style=\"display: flex; flex-direction: column; flex-grow: 1; justify-content: center; margin-bottom: 24px;\">\n<div style=\" background-color: #F4F4F4; border-radius: 4px; flex-grow: 0; height: 14px; margin-bottom: 6px; width: 224px;\"><\/div>\n<div style=\" background-color: #F4F4F4; border-radius: 4px; flex-grow: 0; height: 14px; width: 144px;\"><\/div>\n<\/div>\n<p><\/a><\/p>\n<p style=\" color:#c9c8cd; font-family:Arial,sans-serif; font-size:14px; line-height:17px; margin-bottom:0; margin-top:8px; overflow:hidden; padding:8px 0 7px; text-align:center; text-overflow:ellipsis; white-space:nowrap;\"><a href=\"https:\/\/www.instagram.com\/p\/CmWkqAaI-ly\/?utm_source=ig_embed&amp;utm_campaign=loading\" style=\" color:#c9c8cd; font-family:Arial,sans-serif; font-size:14px; font-style:normal; font-weight:normal; line-height:17px; text-decoration:none;\" target=\"_blank\">A post shared by Karim Benzema (@karimbenzema)<\/a><\/p>\n<\/div>\n<\/blockquote>\n<p><script async src=\"\/\/platform.instagram.com\/en_US\/embeds.js\"><\/script><\/span><\/p>\n","protected":false},"excerpt":{"rendered":"<p>EQUIPE DE FRANCE &#8211; Au lendemain de la d\u00e9faite de l&rsquo;\u00e9quipe de France en finale de la Coupe du monde, Karim Benzema a annonc\u00e9 qu&rsquo;il mettait un terme \u00e0 sa carri\u00e8re internationale.\u00a0<\/p>\n","protected":false},"author":1,"featured_media":229080,"comment_status":"open","ping_status":"closed","sticky":false,"template":"","format":"standard","meta":{"_acf_changed":false,"_daextam_enable_autolinks":"","footnotes":""},"categories":[2301],"tags":[3072,75,30,4727,24],"class_list":["post-291960","post","type-post","status-publish","format-standard","has-post-thumbnail","hentry","category-football","tag-benzema","tag-football","tag-france","tag-karim-benzema","tag-sport"],"acf":[],"yoast_head":"<!-- This site is optimized with the Yoast SEO Premium plugin v26.7 (Yoast SEO v26.7) - https:\/\/yoast.com\/wordpress\/plugins\/seo\/ -->\n<title>\u00c9quipe de France : Karim Benzema annonce sa retraite internationale<\/title>\n<meta name=\"description\" content=\"EQUIPE DE FRANCE - Au lendemain de la d\u00e9faite de l&#039;\u00e9quipe de France en finale de la Coupe du monde, Karim Benzema a annonc\u00e9 qu&#039;il mettait un terme \u00e0 sa carri\u00e8re internationale.\u00a0\" \/>\n<meta name=\"robots\" content=\"index, follow, max-snippet:-1, max-image-preview:large, max-video-preview:-1\" \/>\n<link rel=\"canonical\" href=\"https:\/\/dicodusport.fr\/blog\/equipe-de-france-karim-benzema-annonce-sa-retraite-internationale\/\" \/>\n<meta property=\"og:locale\" content=\"fr_FR\" \/>\n<meta property=\"og:type\" content=\"article\" \/>\n<meta property=\"og:title\" content=\"\u00c9quipe de France : Karim Benzema annonce sa retraite internationale\" \/>\n<meta property=\"og:description\" content=\"EQUIPE DE FRANCE - Au lendemain de la d\u00e9faite de l&#039;\u00e9quipe de France en finale de la Coupe du monde, Karim Benzema a annonc\u00e9 qu&#039;il mettait un terme \u00e0 sa carri\u00e8re internationale.\u00a0\" \/>\n<meta property=\"og:url\" content=\"https:\/\/dicodusport.fr\/blog\/equipe-de-france-karim-benzema-annonce-sa-retraite-internationale\/\" \/>\n<meta property=\"og:site_name\" content=\"Dicodusport\" \/>\n<meta property=\"article:publisher\" content=\"https:\/\/www.facebook.com\/dicodusport\" \/>\n<meta property=\"article:author\" content=\"https:\/\/www.facebook.com\/dicodusport\" \/>\n<meta property=\"article:published_time\" content=\"2022-12-19T14:38:18+00:00\" \/>\n<meta property=\"article:modified_time\" content=\"2022-12-19T14:56:23+00:00\" \/>\n<meta property=\"og:image\" content=\"https:\/\/dicodusport.fr\/blog\/wp-content\/uploads\/2022\/06\/La-composition-probable-de-la-France-pour-affronter-le-Danemark-avec-Benzema.png\" \/>\n\t<meta property=\"og:image:width\" content=\"800\" \/>\n\t<meta property=\"og:image:height\" content=\"445\" \/>\n\t<meta property=\"og:image:type\" content=\"image\/png\" \/>\n<meta name=\"author\" content=\"Nicolas Jacquemard\" \/>\n<meta name=\"twitter:card\" content=\"summary_large_image\" \/>\n<meta name=\"twitter:title\" content=\"\u00c9quipe de France : Karim Benzema annonce sa retraite internationale\" \/>\n<meta name=\"twitter:creator\" content=\"@https:\/\/twitter.com\/Nico_Jacquemard\" \/>\n<meta name=\"twitter:site\" content=\"@dicodusport\" \/>\n<script type=\"application\/ld+json\" class=\"yoast-schema-graph\">{\"@context\":\"https:\/\/schema.org\",\"@graph\":[{\"@type\":\"NewsArticle\",\"@id\":\"https:\/\/dicodusport.fr\/blog\/equipe-de-france-karim-benzema-annonce-sa-retraite-internationale\/#article\",\"isPartOf\":{\"@id\":\"https:\/\/dicodusport.fr\/blog\/equipe-de-france-karim-benzema-annonce-sa-retraite-internationale\/\"},\"author\":{\"name\":\"Nicolas Jacquemard\",\"@id\":\"https:\/\/dicodusport.fr\/blog\/#\/schema\/person\/55dcb50ad410894e431ed812bbb70191\"},\"headline\":\"\u00c9quipe de France : Karim Benzema annonce sa retraite internationale\",\"datePublished\":\"2022-12-19T14:38:18+00:00\",\"dateModified\":\"2022-12-19T14:56:23+00:00\",\"mainEntityOfPage\":{\"@id\":\"https:\/\/dicodusport.fr\/blog\/equipe-de-france-karim-benzema-annonce-sa-retraite-internationale\/\"},\"wordCount\":326,\"commentCount\":0,\"publisher\":{\"@id\":\"https:\/\/dicodusport.fr\/blog\/#organization\"},\"image\":{\"@id\":\"https:\/\/dicodusport.fr\/blog\/equipe-de-france-karim-benzema-annonce-sa-retraite-internationale\/#primaryimage\"},\"thumbnailUrl\":\"https:\/\/dicodusport.fr\/blog\/wp-content\/uploads\/2022\/06\/La-composition-probable-de-la-France-pour-affronter-le-Danemark-avec-Benzema.png\",\"keywords\":[\"benzema\",\"Football\",\"France\",\"Karim Benzema\",\"sport\"],\"articleSection\":[\"Football\"],\"inLanguage\":\"fr-FR\",\"potentialAction\":[{\"@type\":\"CommentAction\",\"name\":\"Comment\",\"target\":[\"https:\/\/dicodusport.fr\/blog\/equipe-de-france-karim-benzema-annonce-sa-retraite-internationale\/#respond\"]}],\"copyrightYear\":\"2022\",\"copyrightHolder\":{\"@id\":\"https:\/\/dicodusport.fr\/blog\/#organization\"}},{\"@type\":\"WebPage\",\"@id\":\"https:\/\/dicodusport.fr\/blog\/equipe-de-france-karim-benzema-annonce-sa-retraite-internationale\/\",\"url\":\"https:\/\/dicodusport.fr\/blog\/equipe-de-france-karim-benzema-annonce-sa-retraite-internationale\/\",\"name\":\"\u00c9quipe de France : Karim Benzema annonce sa retraite internationale\",\"isPartOf\":{\"@id\":\"https:\/\/dicodusport.fr\/blog\/#website\"},\"primaryImageOfPage\":{\"@id\":\"https:\/\/dicodusport.fr\/blog\/equipe-de-france-karim-benzema-annonce-sa-retraite-internationale\/#primaryimage\"},\"image\":{\"@id\":\"https:\/\/dicodusport.fr\/blog\/equipe-de-france-karim-benzema-annonce-sa-retraite-internationale\/#primaryimage\"},\"thumbnailUrl\":\"https:\/\/dicodusport.fr\/blog\/wp-content\/uploads\/2022\/06\/La-composition-probable-de-la-France-pour-affronter-le-Danemark-avec-Benzema.png\",\"datePublished\":\"2022-12-19T14:38:18+00:00\",\"dateModified\":\"2022-12-19T14:56:23+00:00\",\"description\":\"EQUIPE DE FRANCE - Au lendemain de la d\u00e9faite de l'\u00e9quipe de France en finale de la Coupe du monde, Karim Benzema a annonc\u00e9 qu'il mettait un terme \u00e0 sa carri\u00e8re internationale.\u00a0\",\"breadcrumb\":{\"@id\":\"https:\/\/dicodusport.fr\/blog\/equipe-de-france-karim-benzema-annonce-sa-retraite-internationale\/#breadcrumb\"},\"inLanguage\":\"fr-FR\",\"potentialAction\":[{\"@type\":\"ReadAction\",\"target\":[\"https:\/\/dicodusport.fr\/blog\/equipe-de-france-karim-benzema-annonce-sa-retraite-internationale\/\"]}]},{\"@type\":\"ImageObject\",\"inLanguage\":\"fr-FR\",\"@id\":\"https:\/\/dicodusport.fr\/blog\/equipe-de-france-karim-benzema-annonce-sa-retraite-internationale\/#primaryimage\",\"url\":\"https:\/\/dicodusport.fr\/blog\/wp-content\/uploads\/2022\/06\/La-composition-probable-de-la-France-pour-affronter-le-Danemark-avec-Benzema.png\",\"contentUrl\":\"https:\/\/dicodusport.fr\/blog\/wp-content\/uploads\/2022\/06\/La-composition-probable-de-la-France-pour-affronter-le-Danemark-avec-Benzema.png\",\"width\":800,\"height\":445,\"caption\":\"La composition probable de la France pour affronter le Danemark avec Benzema\"},{\"@type\":\"BreadcrumbList\",\"@id\":\"https:\/\/dicodusport.fr\/blog\/equipe-de-france-karim-benzema-annonce-sa-retraite-internationale\/#breadcrumb\",\"itemListElement\":[{\"@type\":\"ListItem\",\"position\":1,\"name\":\"Accueil\",\"item\":\"https:\/\/dicodusport.fr\/blog\/\"},{\"@type\":\"ListItem\",\"position\":2,\"name\":\"\u00c9quipe de France : Karim Benzema annonce sa retraite internationale\"}]},{\"@type\":\"WebSite\",\"@id\":\"https:\/\/dicodusport.fr\/blog\/#website\",\"url\":\"https:\/\/dicodusport.fr\/blog\/\",\"name\":\"Dicodusport\",\"description\":\"L&#039;encyclop\u00e9die de l&#039;actualit\u00e9 sportive\",\"publisher\":{\"@id\":\"https:\/\/dicodusport.fr\/blog\/#organization\"},\"potentialAction\":[{\"@type\":\"SearchAction\",\"target\":{\"@type\":\"EntryPoint\",\"urlTemplate\":\"https:\/\/dicodusport.fr\/blog\/?s={search_term_string}\"},\"query-input\":{\"@type\":\"PropertyValueSpecification\",\"valueRequired\":true,\"valueName\":\"search_term_string\"}}],\"inLanguage\":\"fr-FR\"},{\"@type\":\"NewsMediaOrganization\",\"@id\":\"https:\/\/dicodusport.fr\/blog\/#organization\",\"name\":\"Dicodusport\",\"url\":\"https:\/\/dicodusport.fr\/blog\/\",\"logo\":{\"@type\":\"ImageObject\",\"inLanguage\":\"fr-FR\",\"@id\":\"https:\/\/dicodusport.fr\/blog\/#\/schema\/logo\/image\/\",\"url\":\"https:\/\/dicodusport.fr\/blog\/wp-content\/uploads\/2020\/06\/cropped-LOGO-DICODUSPORT-2020-SANS-FOND-SANS-TEXTE.png\",\"contentUrl\":\"https:\/\/dicodusport.fr\/blog\/wp-content\/uploads\/2020\/06\/cropped-LOGO-DICODUSPORT-2020-SANS-FOND-SANS-TEXTE.png\",\"width\":512,\"height\":512,\"caption\":\"Dicodusport\"},\"image\":{\"@id\":\"https:\/\/dicodusport.fr\/blog\/#\/schema\/logo\/image\/\"},\"sameAs\":[\"https:\/\/www.facebook.com\/dicodusport\",\"https:\/\/x.com\/dicodusport\",\"https:\/\/www.instagram.com\/dicodusport\/\",\"https:\/\/www.youtube.com\/channel\/UC7V2KZ5sd3htJivAbA4ZG3w\"],\"description\":\"Dicodusport est l'encyclop\u00e9die de l'actualit\u00e9 sportive.\",\"email\":\"bonjour@dicodusport.fr\",\"legalName\":\"DICODUSPORT\",\"foundingDate\":\"2018-01-14\",\"vatID\":\"FR71834470973\",\"taxID\":\"83447097300043\",\"numberOfEmployees\":{\"@type\":\"QuantitativeValue\",\"minValue\":\"1\",\"maxValue\":\"10\"}},{\"@type\":\"Person\",\"@id\":\"https:\/\/dicodusport.fr\/blog\/#\/schema\/person\/55dcb50ad410894e431ed812bbb70191\",\"name\":\"Nicolas Jacquemard\",\"image\":{\"@type\":\"ImageObject\",\"inLanguage\":\"fr-FR\",\"@id\":\"https:\/\/dicodusport.fr\/blog\/#\/schema\/person\/image\/\",\"url\":\"https:\/\/dicodusport.fr\/blog\/wp-content\/uploads\/2021\/05\/Nicolas-Jacquemard-150x150.jpeg\",\"contentUrl\":\"https:\/\/dicodusport.fr\/blog\/wp-content\/uploads\/2021\/05\/Nicolas-Jacquemard-150x150.jpeg\",\"caption\":\"Nicolas Jacquemard\"},\"description\":\"Passionn\u00e9 de sport et entrepreneur depuis mes 18 ans, la cr\u00e9ation de Dicodusport m'a sembl\u00e9 \u00e9vidente pour participer \u00e0 la m\u00e9diatisation d'un plus grand nombre de sports. Le chemin est long mais avec une \u00e9quipe des plus motiv\u00e9es et les Jeux Olympiques de Paris 2024 en point de mire, nous y arriverons ! Journaliste dans le monde du sport depuis plus de 5 ans, je traite aussi bien de football, de rugby, de biathlon que de cyclisme.\",\"sameAs\":[\"https:\/\/www.facebook.com\/dicodusport\",\"https:\/\/x.com\/https:\/\/twitter.com\/Nico_Jacquemard\"],\"url\":\"https:\/\/dicodusport.fr\/blog\/author\/dicodusport\/\"}]}<\/script>\n<!-- \/ Yoast SEO Premium plugin. -->","yoast_head_json":{"title":"\u00c9quipe de France : Karim Benzema annonce sa retraite internationale","description":"EQUIPE DE FRANCE - Au lendemain de la d\u00e9faite de l'\u00e9quipe de France en finale de la Coupe du monde, Karim Benzema a annonc\u00e9 qu'il mettait un terme \u00e0 sa carri\u00e8re internationale.\u00a0","robots":{"index":"index","follow":"follow","max-snippet":"max-snippet:-1","max-image-preview":"max-image-preview:large","max-video-preview":"max-video-preview:-1"},"canonical":"https:\/\/dicodusport.fr\/blog\/equipe-de-france-karim-benzema-annonce-sa-retraite-internationale\/","og_locale":"fr_FR","og_type":"article","og_title":"\u00c9quipe de France : Karim Benzema annonce sa retraite internationale","og_description":"EQUIPE DE FRANCE - Au lendemain de la d\u00e9faite de l'\u00e9quipe de France en finale de la Coupe du monde, Karim Benzema a annonc\u00e9 qu'il mettait un terme \u00e0 sa carri\u00e8re internationale.\u00a0","og_url":"https:\/\/dicodusport.fr\/blog\/equipe-de-france-karim-benzema-annonce-sa-retraite-internationale\/","og_site_name":"Dicodusport","article_publisher":"https:\/\/www.facebook.com\/dicodusport","article_author":"https:\/\/www.facebook.com\/dicodusport","article_published_time":"2022-12-19T14:38:18+00:00","article_modified_time":"2022-12-19T14:56:23+00:00","og_image":[{"width":800,"height":445,"url":"https:\/\/dicodusport.fr\/blog\/wp-content\/uploads\/2022\/06\/La-composition-probable-de-la-France-pour-affronter-le-Danemark-avec-Benzema.png","type":"image\/png"}],"author":"Nicolas Jacquemard","twitter_card":"summary_large_image","twitter_title":"\u00c9quipe de France : Karim Benzema annonce sa retraite internationale","twitter_creator":"@https:\/\/twitter.com\/Nico_Jacquemard","twitter_site":"@dicodusport","schema":{"@context":"https:\/\/schema.org","@graph":[{"@type":"NewsArticle","@id":"https:\/\/dicodusport.fr\/blog\/equipe-de-france-karim-benzema-annonce-sa-retraite-internationale\/#article","isPartOf":{"@id":"https:\/\/dicodusport.fr\/blog\/equipe-de-france-karim-benzema-annonce-sa-retraite-internationale\/"},"author":{"name":"Nicolas Jacquemard","@id":"https:\/\/dicodusport.fr\/blog\/#\/schema\/person\/55dcb50ad410894e431ed812bbb70191"},"headline":"\u00c9quipe de France : Karim Benzema annonce sa retraite internationale","datePublished":"2022-12-19T14:38:18+00:00","dateModified":"2022-12-19T14:56:23+00:00","mainEntityOfPage":{"@id":"https:\/\/dicodusport.fr\/blog\/equipe-de-france-karim-benzema-annonce-sa-retraite-internationale\/"},"wordCount":326,"commentCount":0,"publisher":{"@id":"https:\/\/dicodusport.fr\/blog\/#organization"},"image":{"@id":"https:\/\/dicodusport.fr\/blog\/equipe-de-france-karim-benzema-annonce-sa-retraite-internationale\/#primaryimage"},"thumbnailUrl":"https:\/\/dicodusport.fr\/blog\/wp-content\/uploads\/2022\/06\/La-composition-probable-de-la-France-pour-affronter-le-Danemark-avec-Benzema.png","keywords":["benzema","Football","France","Karim Benzema","sport"],"articleSection":["Football"],"inLanguage":"fr-FR","potentialAction":[{"@type":"CommentAction","name":"Comment","target":["https:\/\/dicodusport.fr\/blog\/equipe-de-france-karim-benzema-annonce-sa-retraite-internationale\/#respond"]}],"copyrightYear":"2022","copyrightHolder":{"@id":"https:\/\/dicodusport.fr\/blog\/#organization"}},{"@type":"WebPage","@id":"https:\/\/dicodusport.fr\/blog\/equipe-de-france-karim-benzema-annonce-sa-retraite-internationale\/","url":"https:\/\/dicodusport.fr\/blog\/equipe-de-france-karim-benzema-annonce-sa-retraite-internationale\/","name":"\u00c9quipe de France : Karim Benzema annonce sa retraite internationale","isPartOf":{"@id":"https:\/\/dicodusport.fr\/blog\/#website"},"primaryImageOfPage":{"@id":"https:\/\/dicodusport.fr\/blog\/equipe-de-france-karim-benzema-annonce-sa-retraite-internationale\/#primaryimage"},"image":{"@id":"https:\/\/dicodusport.fr\/blog\/equipe-de-france-karim-benzema-annonce-sa-retraite-internationale\/#primaryimage"},"thumbnailUrl":"https:\/\/dicodusport.fr\/blog\/wp-content\/uploads\/2022\/06\/La-composition-probable-de-la-France-pour-affronter-le-Danemark-avec-Benzema.png","datePublished":"2022-12-19T14:38:18+00:00","dateModified":"2022-12-19T14:56:23+00:00","description":"EQUIPE DE FRANCE - Au lendemain de la d\u00e9faite de l'\u00e9quipe de France en finale de la Coupe du monde, Karim Benzema a annonc\u00e9 qu'il mettait un terme \u00e0 sa carri\u00e8re internationale.\u00a0","breadcrumb":{"@id":"https:\/\/dicodusport.fr\/blog\/equipe-de-france-karim-benzema-annonce-sa-retraite-internationale\/#breadcrumb"},"inLanguage":"fr-FR","potentialAction":[{"@type":"ReadAction","target":["https:\/\/dicodusport.fr\/blog\/equipe-de-france-karim-benzema-annonce-sa-retraite-internationale\/"]}]},{"@type":"ImageObject","inLanguage":"fr-FR","@id":"https:\/\/dicodusport.fr\/blog\/equipe-de-france-karim-benzema-annonce-sa-retraite-internationale\/#primaryimage","url":"https:\/\/dicodusport.fr\/blog\/wp-content\/uploads\/2022\/06\/La-composition-probable-de-la-France-pour-affronter-le-Danemark-avec-Benzema.png","contentUrl":"https:\/\/dicodusport.fr\/blog\/wp-content\/uploads\/2022\/06\/La-composition-probable-de-la-France-pour-affronter-le-Danemark-avec-Benzema.png","width":800,"height":445,"caption":"La composition probable de la France pour affronter le Danemark avec Benzema"},{"@type":"BreadcrumbList","@id":"https:\/\/dicodusport.fr\/blog\/equipe-de-france-karim-benzema-annonce-sa-retraite-internationale\/#breadcrumb","itemListElement":[{"@type":"ListItem","position":1,"name":"Accueil","item":"https:\/\/dicodusport.fr\/blog\/"},{"@type":"ListItem","position":2,"name":"\u00c9quipe de France : Karim Benzema annonce sa retraite internationale"}]},{"@type":"WebSite","@id":"https:\/\/dicodusport.fr\/blog\/#website","url":"https:\/\/dicodusport.fr\/blog\/","name":"Dicodusport","description":"L&#039;encyclop\u00e9die de l&#039;actualit\u00e9 sportive","publisher":{"@id":"https:\/\/dicodusport.fr\/blog\/#organization"},"potentialAction":[{"@type":"SearchAction","target":{"@type":"EntryPoint","urlTemplate":"https:\/\/dicodusport.fr\/blog\/?s={search_term_string}"},"query-input":{"@type":"PropertyValueSpecification","valueRequired":true,"valueName":"search_term_string"}}],"inLanguage":"fr-FR"},{"@type":"NewsMediaOrganization","@id":"https:\/\/dicodusport.fr\/blog\/#organization","name":"Dicodusport","url":"https:\/\/dicodusport.fr\/blog\/","logo":{"@type":"ImageObject","inLanguage":"fr-FR","@id":"https:\/\/dicodusport.fr\/blog\/#\/schema\/logo\/image\/","url":"https:\/\/dicodusport.fr\/blog\/wp-content\/uploads\/2020\/06\/cropped-LOGO-DICODUSPORT-2020-SANS-FOND-SANS-TEXTE.png","contentUrl":"https:\/\/dicodusport.fr\/blog\/wp-content\/uploads\/2020\/06\/cropped-LOGO-DICODUSPORT-2020-SANS-FOND-SANS-TEXTE.png","width":512,"height":512,"caption":"Dicodusport"},"image":{"@id":"https:\/\/dicodusport.fr\/blog\/#\/schema\/logo\/image\/"},"sameAs":["https:\/\/www.facebook.com\/dicodusport","https:\/\/x.com\/dicodusport","https:\/\/www.instagram.com\/dicodusport\/","https:\/\/www.youtube.com\/channel\/UC7V2KZ5sd3htJivAbA4ZG3w"],"description":"Dicodusport est l'encyclop\u00e9die de l'actualit\u00e9 sportive.","email":"bonjour@dicodusport.fr","legalName":"DICODUSPORT","foundingDate":"2018-01-14","vatID":"FR71834470973","taxID":"83447097300043","numberOfEmployees":{"@type":"QuantitativeValue","minValue":"1","maxValue":"10"}},{"@type":"Person","@id":"https:\/\/dicodusport.fr\/blog\/#\/schema\/person\/55dcb50ad410894e431ed812bbb70191","name":"Nicolas Jacquemard","image":{"@type":"ImageObject","inLanguage":"fr-FR","@id":"https:\/\/dicodusport.fr\/blog\/#\/schema\/person\/image\/","url":"https:\/\/dicodusport.fr\/blog\/wp-content\/uploads\/2021\/05\/Nicolas-Jacquemard-150x150.jpeg","contentUrl":"https:\/\/dicodusport.fr\/blog\/wp-content\/uploads\/2021\/05\/Nicolas-Jacquemard-150x150.jpeg","caption":"Nicolas Jacquemard"},"description":"Passionn\u00e9 de sport et entrepreneur depuis mes 18 ans, la cr\u00e9ation de Dicodusport m'a sembl\u00e9 \u00e9vidente pour participer \u00e0 la m\u00e9diatisation d'un plus grand nombre de sports. Le chemin est long mais avec une \u00e9quipe des plus motiv\u00e9es et les Jeux Olympiques de Paris 2024 en point de mire, nous y arriverons ! Journaliste dans le monde du sport depuis plus de 5 ans, je traite aussi bien de football, de rugby, de biathlon que de cyclisme.","sameAs":["https:\/\/www.facebook.com\/dicodusport","https:\/\/x.com\/https:\/\/twitter.com\/Nico_Jacquemard"],"url":"https:\/\/dicodusport.fr\/blog\/author\/dicodusport\/"}]}},"_links":{"self":[{"href":"https:\/\/dicodusport.fr\/blog\/wp-json\/wp\/v2\/posts\/291960","targetHints":{"allow":["GET"]}}],"collection":[{"href":"https:\/\/dicodusport.fr\/blog\/wp-json\/wp\/v2\/posts"}],"about":[{"href":"https:\/\/dicodusport.fr\/blog\/wp-json\/wp\/v2\/types\/post"}],"author":[{"embeddable":true,"href":"https:\/\/dicodusport.fr\/blog\/wp-json\/wp\/v2\/users\/1"}],"replies":[{"embeddable":true,"href":"https:\/\/dicodusport.fr\/blog\/wp-json\/wp\/v2\/comments?post=291960"}],"version-history":[{"count":0,"href":"https:\/\/dicodusport.fr\/blog\/wp-json\/wp\/v2\/posts\/291960\/revisions"}],"wp:featuredmedia":[{"embeddable":true,"href":"https:\/\/dicodusport.fr\/blog\/wp-json\/wp\/v2\/media\/229080"}],"wp:attachment":[{"href":"https:\/\/dicodusport.fr\/blog\/wp-json\/wp\/v2\/media?parent=291960"}],"wp:term":[{"taxonomy":"category","embeddable":true,"href":"https:\/\/dicodusport.fr\/blog\/wp-json\/wp\/v2\/categories?post=291960"},{"taxonomy":"post_tag","embeddable":true,"href":"https:\/\/dicodusport.fr\/blog\/wp-json\/wp\/v2\/tags?post=291960"}],"curies":[{"name":"wp","href":"https:\/\/api.w.org\/{rel}","templated":true}]}}