{"id":29251,"date":"2018-11-17T22:47:56","date_gmt":"2018-11-17T21:47:56","guid":{"rendered":"http:\/\/dicodusport.fr\/blog\/?p=29251"},"modified":"2021-10-18T17:14:50","modified_gmt":"2021-10-18T15:14:50","slug":"xv-de-france-les-notes-des-bleus-face-a-l-argentine","status":"publish","type":"post","link":"https:\/\/dicodusport.fr\/blog\/xv-de-france-les-notes-des-bleus-face-a-l-argentine\/","title":{"rendered":"XV de France : les notes des Bleus face \u00e0 l&rsquo;Argentine"},"content":{"rendered":"<p style=\"text-align: justify;\"><strong><em>Tourn\u00e9e d&rsquo;automne &#8211; Apr\u00e8s neuf mois sans victoire, le XV de France a renou\u00e9 avec la victoire en s&rsquo;imposant face \u00e0 l&rsquo;Argentine, 28-13. Les notes des Bleus.<br \/>\n<\/em><\/strong><\/p>\n<h1 style=\"text-align: justify;\">Les avants<\/h1>\n<p style=\"text-align: justify;\"><strong><em>Jefferson Poirot &#8211; 6 :\u00a0<\/em><\/strong>Performant en conqu\u00eate, il a martyris\u00e9 son vis-en-vis en m\u00eal\u00e9e. Discret dans le jeu courant. Remplac\u00e9 par <strong>Dany Priso<\/strong> \u00e0 l&rsquo;heure de jeu.<\/p>\n<p style=\"text-align: justify;\"><strong><em>Guilhem Guirado &#8211; 7 :\u00a0<\/em><\/strong>Le capitaine courage n&rsquo;a pas failli \u00e0 sa r\u00e9putation. Le Toulonnais a charg\u00e9 et plaqu\u00e9 \u00e0 tour de bras. Deux ballons perdus, mais quelle g\u00e9n\u00e9rosit\u00e9. Une belle performance r\u00e9compens\u00e9e par un nouvel essai, le deuxi\u00e8me en deux matchs. Remplac\u00e9 par <strong>Camille Chat<\/strong> \u00e0 la 74\u00e8me.<\/p>\n<p style=\"text-align: justify;\"><strong><em>Cedate Gomes Sa &#8211; 5 : <\/em><\/strong>Lui aussi a pris le dessus sur son vis-\u00e0-vis en m\u00eal\u00e9e ferm\u00e9e. Trop timor\u00e9 dans le jeu cependant. Remplac\u00e9 par <strong>Rabah Slimani<\/strong> \u00e0 la 42\u00e8me minute.<\/p>\n<p style=\"text-align: justify;\"><strong><em>S\u00e9bastien Vahaamahina &#8211; 7 :\u00a0<\/em><\/strong>A la pointe du combat, le Clermontois a donn\u00e9 de sa personne dans chaque ruck et a gratt\u00e9 un ballon pr\u00e9cieux avant l&rsquo;heure de jeu. Beaucoup mieux par rapport \u00e0 sa prestation face aux Boks.<\/p>\n<p style=\"text-align: justify;\"><strong><em>Yoann Maestri &#8211; 5 :\u00a0<\/em><\/strong>On a parfois l&rsquo;impression de ne pas le voir sur le terrain, mais pourtant, il abat toujours un sacr\u00e9 travail dans les t\u00e2ches obscures. Du d\u00e9chet au plaquage cependant. Remplac\u00e9 par <strong>Paul Gabrillagues<\/strong> \u00e0 la 74\u00e8me minute.<\/p>\n<p style=\"text-align: justify;\"><strong><em>Wenceslas Lauret &#8211; 6 :\u00a0<\/em><\/strong>Le Racingmen a \u00e9t\u00e9 p\u00e9nalis\u00e9 une fois et a perdu deux ballons. Toujours aussi pr\u00e9cieux d\u00e9fensivement et dans les rucks avec un ballon gratt\u00e9, on aimerait le voir plus actif dans le jeu. Mais cela reste un match solide pour Lauret<\/p>\n<p style=\"text-align: justify;\"><strong><em>Arthur Iturria &#8211; 7 :<\/em> <\/strong>Tout aussi pr\u00e9sent que face aux Boks, le Clermontois a encore r\u00e9alis\u00e9 un match solide. Si on ne l&rsquo;a pas beaucoup vu ballon en main, il a \u00e9t\u00e9 pr\u00e9sent dans le combat et en conqu\u00eate. Une vraie confirmation.<\/p>\n<p style=\"text-align: justify;\"><strong><em>Louis Picamoles &#8211; 6 :\u00a0<\/em><\/strong>L&rsquo;H\u00e9raultais a charg\u00e9 \u00e0 de nombreuses reprises et s&rsquo;est propos\u00e9 plusieurs fois, notamment apr\u00e8s la pause. Deux ballons perdus, mais un bel abattage d\u00e9fensif \u00e0 mettre \u00e0 son cr\u00e9dit. Remplac\u00e9 par <strong>Mathieu Babillot<\/strong> \u00e0 la 67\u00e8me minute.<\/p>\n<p>&nbsp;<\/p>\n<hr \/>\n<h1 style=\"text-align: justify;\">La charni\u00e8re<\/h1>\n<p style=\"text-align: justify;\"><strong><em>Baptiste Serin &#8211; 7 :<\/em><\/strong> Nouvelle prestation (tr\u00e8s) aboutie pour le joueur de l&rsquo;UBB. Il s&rsquo;est comport\u00e9 en patron derri\u00e8re son pack et a plut\u00f4t \u00e9t\u00e9 bon pour faire jouer vite ses partenaires. Remplac\u00e9 par <strong>Antoine Dupont<\/strong> \u00e0 la 74\u00e8me minute.<\/p>\n<p style=\"text-align: justify;\"><strong><em>Camille Lopez &#8211; 6 :\u00a0<\/em><\/strong>Il a davantage pes\u00e9 sur le jeu du XV de France ce soir. Un renvoi directement en touche (3&prime;), mais il met sur orbite Yoann Huget sur le premier essai des Bleus. Remplac\u00e9 par <strong>Anthony Belleau<\/strong> \u00e0 la 74\u00e8me minute.<\/p>\n<p>&nbsp;<\/p>\n<hr \/>\n<h1 style=\"text-align: justify;\">Les arri\u00e8res<\/h1>\n<p style=\"text-align: justify;\"><strong><em>Yoann Huget &#8211; 6 :\u00a0<\/em><\/strong>Il a suppl\u00e9\u00e9 Damian Penaud et il l&rsquo;a bien fait. Remuant, il n&rsquo;a pas h\u00e9sit\u00e9 \u00e0 venir se proposer au centre du terrain et est d\u00e9cisif sur le premier essai des Bleus en s&rsquo;engouffrant dans l&rsquo;intervalle. Parfois un peu juste d\u00e9fensivement. Il s&rsquo;est un peu \u00e9teint au retour des vestiaires.<\/p>\n<p style=\"text-align: justify;\"><strong><em>Ga\u00ebl Fickou &#8211; 8 :\u00a0<\/em><\/strong>Tranchant, le Parisien a fait du bien aux Bleus. Sept d\u00e9fenseurs battus et constamment dans l&rsquo;avanc\u00e9e. Il a d\u00e9pos\u00e9 la d\u00e9fense argentine sur le deuxi\u00e8me essai des Bleus avant d&rsquo;offrir un caviar \u00e0 Teddy Thomas. Prestation majuscule pour l&rsquo;ancien Toulousain, \u00e9lu homme du match.<\/p>\n<p style=\"text-align: justify;\"><strong><em>Mathieu Bastareaud &#8211; 6 :\u00a0<\/em><\/strong>Percutant offensivement avec six d\u00e9fenseurs battus, il a \u00e9t\u00e9 pris \u00e0 revers \u00e0 deux reprises d\u00e9fensivement en d\u00e9but de match, notamment sur l&rsquo;essai de Moyano. Mais <em>BastaRocket<\/em> s&rsquo;est ensuite repris et s&rsquo;est battu pour gratter deux ballons au sol. Indispensable.<\/p>\n<p style=\"text-align: justify;\"><strong><em>Teddy Thomas &#8211; 7 :\u00a0<\/em><\/strong>Lui aussi a \u00e9t\u00e9 remuant offensivement. R\u00e9compens\u00e9 par deux essais en finisseur, il reste cependant parfois perfectible en d\u00e9fense, comme on a pu le voir sur l&rsquo;essai argentin en d\u00e9but de match. Mais Teddy Thomas reste un joueur d\u00e9cisif en \u00e9quipe de France, et c&rsquo;est ce qu&rsquo;on lui demande.<\/p>\n<p style=\"text-align: justify;\"><strong><em>Benjamin Fall &#8211; 6 : <\/em><\/strong>Le Ciste a remplac\u00e9 Maxime M\u00e9dard, commotionn\u00e9, d\u00e8s la 2\u00e8me minute de jeu. Il fixe parfaitement le dernier d\u00e9fenseur sur l&rsquo;essai de Thomas. Important sous les ballons hauts. Deux ballons perdus cependant.<\/p>\n<p style=\"text-align: justify;\"><strong><em>Flo Ostermann<br \/>\n<a href=\"https:\/\/www.facebook.com\/florent.ostermann\"><img loading=\"lazy\" decoding=\"async\" class=\"alignnone wp-image-2909\" src=\"http:\/\/dicodusport.fr\/blog\/wp-content\/uploads\/2017\/07\/logo-facebook-150x150.png\" sizes=\"auto, (max-width: 40px) 100vw, 40px\" srcset=\"https:\/\/dicodusport.fr\/blog\/wp-content\/uploads\/2017\/07\/logo-facebook-150x150.png 150w, https:\/\/dicodusport.fr\/blog\/wp-content\/uploads\/2017\/07\/logo-facebook-300x300.png 300w, https:\/\/dicodusport.fr\/blog\/wp-content\/uploads\/2017\/07\/logo-facebook.png 400w\" alt=\"\" width=\"40\" height=\"40\" \/><\/a><a href=\"https:\/\/twitter.com\/SportInsideMag\"><img loading=\"lazy\" decoding=\"async\" class=\"alignnone wp-image-2908\" src=\"http:\/\/dicodusport.fr\/blog\/wp-content\/uploads\/2017\/07\/logo-twitter-150x150.png\" alt=\"\" width=\"39\" height=\"39\" \/><\/a><\/em><\/strong><\/p>\n","protected":false},"excerpt":{"rendered":"<p>Tourn\u00e9e d&rsquo;automne &#8211; Apr\u00e8s neuf mois sans victoire, le XV de France a renou\u00e9 avec la victoire en s&rsquo;imposant face \u00e0 l&rsquo;Argentine, 28-13. Les notes des Bleus.<\/p>\n","protected":false},"author":4,"featured_media":29256,"comment_status":"open","ping_status":"closed","sticky":false,"template":"","format":"standard","meta":{"_acf_changed":false,"_daextam_enable_autolinks":"","footnotes":""},"categories":[2,2303,19951],"tags":[5309,5905,6649,6636,6016],"class_list":["post-29251","post","type-post","status-publish","format-standard","has-post-thumbnail","hentry","category-actualites","category-rugby","category-xv-de-france","tag-france-argentine","tag-notes-bleus","tag-notes-xv-de-france","tag-test-matchs","tag-tournee-dautomne"],"acf":[],"yoast_head":"<!-- This site is optimized with the Yoast SEO Premium plugin v26.7 (Yoast SEO v26.7) - https:\/\/yoast.com\/wordpress\/plugins\/seo\/ -->\n<title>XV de France : les notes des Bleus face \u00e0 l&#039;Argentine<\/title>\n<meta name=\"description\" content=\"Tourn\u00e9e d&#039;automne - Apr\u00e8s neuf mois sans victoire, le XV de France a renou\u00e9 avec la victoire en s&#039;imposant face \u00e0 l&#039;Argentine, 28-13. Les notes des Bleus.\" \/>\n<meta name=\"robots\" content=\"index, follow, max-snippet:-1, max-image-preview:large, max-video-preview:-1\" \/>\n<link rel=\"canonical\" href=\"https:\/\/dicodusport.fr\/blog\/xv-de-france-les-notes-des-bleus-face-a-l-argentine\/\" \/>\n<meta property=\"og:locale\" content=\"fr_FR\" \/>\n<meta property=\"og:type\" content=\"article\" \/>\n<meta property=\"og:title\" content=\"XV de France : les notes des Bleus face \u00e0 l&#039;Argentine\" \/>\n<meta property=\"og:description\" content=\"Tourn\u00e9e d&#039;automne - Apr\u00e8s neuf mois sans victoire, le XV de France a renou\u00e9 avec la victoire en s&#039;imposant face \u00e0 l&#039;Argentine, 28-13. Les notes des Bleus.\" \/>\n<meta property=\"og:url\" content=\"https:\/\/dicodusport.fr\/blog\/xv-de-france-les-notes-des-bleus-face-a-l-argentine\/\" \/>\n<meta property=\"og:site_name\" content=\"Dicodusport\" \/>\n<meta property=\"article:publisher\" content=\"https:\/\/www.facebook.com\/dicodusport\" \/>\n<meta property=\"article:author\" content=\"https:\/\/www.facebook.com\/florent.ostermann\" \/>\n<meta property=\"article:published_time\" content=\"2018-11-17T21:47:56+00:00\" \/>\n<meta property=\"article:modified_time\" content=\"2021-10-18T15:14:50+00:00\" \/>\n<meta property=\"og:image\" content=\"https:\/\/dicodusport.fr\/blog\/wp-content\/uploads\/2018\/11\/France-Argentine-Tourn\u00e9e-dautomne.png\" \/>\n\t<meta property=\"og:image:width\" content=\"800\" \/>\n\t<meta property=\"og:image:height\" content=\"445\" \/>\n\t<meta property=\"og:image:type\" content=\"image\/png\" \/>\n<meta name=\"author\" content=\"Flo Ostermann\" \/>\n<meta name=\"twitter:card\" content=\"summary_large_image\" \/>\n<meta name=\"twitter:creator\" content=\"@https:\/\/twitter.com\/FlOstermann\" \/>\n<meta name=\"twitter:site\" content=\"@dicodusport\" \/>\n<script type=\"application\/ld+json\" class=\"yoast-schema-graph\">{\"@context\":\"https:\/\/schema.org\",\"@graph\":[{\"@type\":\"NewsArticle\",\"@id\":\"https:\/\/dicodusport.fr\/blog\/xv-de-france-les-notes-des-bleus-face-a-l-argentine\/#article\",\"isPartOf\":{\"@id\":\"https:\/\/dicodusport.fr\/blog\/xv-de-france-les-notes-des-bleus-face-a-l-argentine\/\"},\"author\":{\"name\":\"Flo Ostermann\",\"@id\":\"https:\/\/dicodusport.fr\/blog\/#\/schema\/person\/cb02af4c173ce4a653b55e9baf388d4a\"},\"headline\":\"XV de France : les notes des Bleus face \u00e0 l&rsquo;Argentine\",\"datePublished\":\"2018-11-17T21:47:56+00:00\",\"dateModified\":\"2021-10-18T15:14:50+00:00\",\"mainEntityOfPage\":{\"@id\":\"https:\/\/dicodusport.fr\/blog\/xv-de-france-les-notes-des-bleus-face-a-l-argentine\/\"},\"wordCount\":728,\"commentCount\":0,\"publisher\":{\"@id\":\"https:\/\/dicodusport.fr\/blog\/#organization\"},\"image\":{\"@id\":\"https:\/\/dicodusport.fr\/blog\/xv-de-france-les-notes-des-bleus-face-a-l-argentine\/#primaryimage\"},\"thumbnailUrl\":\"https:\/\/dicodusport.fr\/blog\/wp-content\/uploads\/2018\/11\/France-Argentine-Tourn\u00e9e-dautomne.png\",\"keywords\":[\"France Argentine\",\"Notes Bleus\",\"Notes XV de France\",\"Test-matchs\",\"tourn\u00e9e d'automne\"],\"articleSection\":[\"Actualit\u00e9s\",\"Rugby\",\"XV de France\"],\"inLanguage\":\"fr-FR\",\"potentialAction\":[{\"@type\":\"CommentAction\",\"name\":\"Comment\",\"target\":[\"https:\/\/dicodusport.fr\/blog\/xv-de-france-les-notes-des-bleus-face-a-l-argentine\/#respond\"]}],\"copyrightYear\":\"2018\",\"copyrightHolder\":{\"@id\":\"https:\/\/dicodusport.fr\/blog\/#organization\"}},{\"@type\":\"WebPage\",\"@id\":\"https:\/\/dicodusport.fr\/blog\/xv-de-france-les-notes-des-bleus-face-a-l-argentine\/\",\"url\":\"https:\/\/dicodusport.fr\/blog\/xv-de-france-les-notes-des-bleus-face-a-l-argentine\/\",\"name\":\"XV de France : les notes des Bleus face \u00e0 l'Argentine\",\"isPartOf\":{\"@id\":\"https:\/\/dicodusport.fr\/blog\/#website\"},\"primaryImageOfPage\":{\"@id\":\"https:\/\/dicodusport.fr\/blog\/xv-de-france-les-notes-des-bleus-face-a-l-argentine\/#primaryimage\"},\"image\":{\"@id\":\"https:\/\/dicodusport.fr\/blog\/xv-de-france-les-notes-des-bleus-face-a-l-argentine\/#primaryimage\"},\"thumbnailUrl\":\"https:\/\/dicodusport.fr\/blog\/wp-content\/uploads\/2018\/11\/France-Argentine-Tourn\u00e9e-dautomne.png\",\"datePublished\":\"2018-11-17T21:47:56+00:00\",\"dateModified\":\"2021-10-18T15:14:50+00:00\",\"description\":\"Tourn\u00e9e d'automne - Apr\u00e8s neuf mois sans victoire, le XV de France a renou\u00e9 avec la victoire en s'imposant face \u00e0 l'Argentine, 28-13. Les notes des Bleus.\",\"breadcrumb\":{\"@id\":\"https:\/\/dicodusport.fr\/blog\/xv-de-france-les-notes-des-bleus-face-a-l-argentine\/#breadcrumb\"},\"inLanguage\":\"fr-FR\",\"potentialAction\":[{\"@type\":\"ReadAction\",\"target\":[\"https:\/\/dicodusport.fr\/blog\/xv-de-france-les-notes-des-bleus-face-a-l-argentine\/\"]}]},{\"@type\":\"ImageObject\",\"inLanguage\":\"fr-FR\",\"@id\":\"https:\/\/dicodusport.fr\/blog\/xv-de-france-les-notes-des-bleus-face-a-l-argentine\/#primaryimage\",\"url\":\"https:\/\/dicodusport.fr\/blog\/wp-content\/uploads\/2018\/11\/France-Argentine-Tourn\u00e9e-dautomne.png\",\"contentUrl\":\"https:\/\/dicodusport.fr\/blog\/wp-content\/uploads\/2018\/11\/France-Argentine-Tourn\u00e9e-dautomne.png\",\"width\":800,\"height\":445},{\"@type\":\"BreadcrumbList\",\"@id\":\"https:\/\/dicodusport.fr\/blog\/xv-de-france-les-notes-des-bleus-face-a-l-argentine\/#breadcrumb\",\"itemListElement\":[{\"@type\":\"ListItem\",\"position\":1,\"name\":\"Accueil\",\"item\":\"https:\/\/dicodusport.fr\/blog\/\"},{\"@type\":\"ListItem\",\"position\":2,\"name\":\"XV de France : les notes des Bleus face \u00e0 l&rsquo;Argentine\"}]},{\"@type\":\"WebSite\",\"@id\":\"https:\/\/dicodusport.fr\/blog\/#website\",\"url\":\"https:\/\/dicodusport.fr\/blog\/\",\"name\":\"Dicodusport\",\"description\":\"L&#039;encyclop\u00e9die de l&#039;actualit\u00e9 sportive\",\"publisher\":{\"@id\":\"https:\/\/dicodusport.fr\/blog\/#organization\"},\"potentialAction\":[{\"@type\":\"SearchAction\",\"target\":{\"@type\":\"EntryPoint\",\"urlTemplate\":\"https:\/\/dicodusport.fr\/blog\/?s={search_term_string}\"},\"query-input\":{\"@type\":\"PropertyValueSpecification\",\"valueRequired\":true,\"valueName\":\"search_term_string\"}}],\"inLanguage\":\"fr-FR\"},{\"@type\":\"NewsMediaOrganization\",\"@id\":\"https:\/\/dicodusport.fr\/blog\/#organization\",\"name\":\"Dicodusport\",\"url\":\"https:\/\/dicodusport.fr\/blog\/\",\"logo\":{\"@type\":\"ImageObject\",\"inLanguage\":\"fr-FR\",\"@id\":\"https:\/\/dicodusport.fr\/blog\/#\/schema\/logo\/image\/\",\"url\":\"https:\/\/dicodusport.fr\/blog\/wp-content\/uploads\/2020\/06\/cropped-LOGO-DICODUSPORT-2020-SANS-FOND-SANS-TEXTE.png\",\"contentUrl\":\"https:\/\/dicodusport.fr\/blog\/wp-content\/uploads\/2020\/06\/cropped-LOGO-DICODUSPORT-2020-SANS-FOND-SANS-TEXTE.png\",\"width\":512,\"height\":512,\"caption\":\"Dicodusport\"},\"image\":{\"@id\":\"https:\/\/dicodusport.fr\/blog\/#\/schema\/logo\/image\/\"},\"sameAs\":[\"https:\/\/www.facebook.com\/dicodusport\",\"https:\/\/x.com\/dicodusport\",\"https:\/\/www.instagram.com\/dicodusport\/\",\"https:\/\/www.youtube.com\/channel\/UC7V2KZ5sd3htJivAbA4ZG3w\"],\"description\":\"Dicodusport est l'encyclop\u00e9die de l'actualit\u00e9 sportive.\",\"email\":\"bonjour@dicodusport.fr\",\"legalName\":\"DICODUSPORT\",\"foundingDate\":\"2018-01-14\",\"vatID\":\"FR71834470973\",\"taxID\":\"83447097300043\",\"numberOfEmployees\":{\"@type\":\"QuantitativeValue\",\"minValue\":\"1\",\"maxValue\":\"10\"}},{\"@type\":\"Person\",\"@id\":\"https:\/\/dicodusport.fr\/blog\/#\/schema\/person\/cb02af4c173ce4a653b55e9baf388d4a\",\"name\":\"Flo Ostermann\",\"image\":{\"@type\":\"ImageObject\",\"inLanguage\":\"fr-FR\",\"@id\":\"https:\/\/dicodusport.fr\/blog\/#\/schema\/person\/image\/\",\"url\":\"https:\/\/dicodusport.fr\/blog\/wp-content\/uploads\/2021\/05\/Flo-Ostermann-150x150.jpg\",\"contentUrl\":\"https:\/\/dicodusport.fr\/blog\/wp-content\/uploads\/2021\/05\/Flo-Ostermann-150x150.jpg\",\"caption\":\"Flo Ostermann\"},\"description\":\"Journaliste\/R\u00e9dacteur depuis septembre 2015 - Mes premiers souvenirs dans le sport ? Les envol\u00e9es du Stade Toulousain et les duels Villeneuve-Schumacher et H\u00e4kkinen-Schumacher \u00e0 la fin des ann\u00e9es 90, la Coupe du monde de football en 1998, l\u2019exploit du XV de France face aux All Blacks en 1999, mais aussi Richard C\u0153ur de Lion qui vole sur les montagnes du Tour de France. Bien parti pour devenir professeur d\u2019EPS, les \u00e9v\u00e9nements de la vie (et la flemme d\u2019animer des s\u00e9ances de 3x500 m\u00e8tres toute ma vie) m\u2019ont conduit \u00e0 revoir mes plans. Me voil\u00e0 depuis fin 2017 sur Dicodusport, m\u00e9dia gr\u00e2ce (et pour) lequel je partage ma passion : le sport dans tous ses \u00e9tats. Le tout accompagn\u00e9 par les fous furieux et folles furieuses cit\u00e9s sur cette page !\",\"sameAs\":[\"https:\/\/www.facebook.com\/florent.ostermann\",\"https:\/\/x.com\/https:\/\/twitter.com\/FlOstermann\",\"admin\"],\"url\":\"https:\/\/dicodusport.fr\/blog\/author\/flo\/\"}]}<\/script>\n<!-- \/ Yoast SEO Premium plugin. -->","yoast_head_json":{"title":"XV de France : les notes des Bleus face \u00e0 l'Argentine","description":"Tourn\u00e9e d'automne - Apr\u00e8s neuf mois sans victoire, le XV de France a renou\u00e9 avec la victoire en s'imposant face \u00e0 l'Argentine, 28-13. Les notes des Bleus.","robots":{"index":"index","follow":"follow","max-snippet":"max-snippet:-1","max-image-preview":"max-image-preview:large","max-video-preview":"max-video-preview:-1"},"canonical":"https:\/\/dicodusport.fr\/blog\/xv-de-france-les-notes-des-bleus-face-a-l-argentine\/","og_locale":"fr_FR","og_type":"article","og_title":"XV de France : les notes des Bleus face \u00e0 l'Argentine","og_description":"Tourn\u00e9e d'automne - Apr\u00e8s neuf mois sans victoire, le XV de France a renou\u00e9 avec la victoire en s'imposant face \u00e0 l'Argentine, 28-13. Les notes des Bleus.","og_url":"https:\/\/dicodusport.fr\/blog\/xv-de-france-les-notes-des-bleus-face-a-l-argentine\/","og_site_name":"Dicodusport","article_publisher":"https:\/\/www.facebook.com\/dicodusport","article_author":"https:\/\/www.facebook.com\/florent.ostermann","article_published_time":"2018-11-17T21:47:56+00:00","article_modified_time":"2021-10-18T15:14:50+00:00","og_image":[{"width":800,"height":445,"url":"https:\/\/dicodusport.fr\/blog\/wp-content\/uploads\/2018\/11\/France-Argentine-Tourn\u00e9e-dautomne.png","type":"image\/png"}],"author":"Flo Ostermann","twitter_card":"summary_large_image","twitter_creator":"@https:\/\/twitter.com\/FlOstermann","twitter_site":"@dicodusport","schema":{"@context":"https:\/\/schema.org","@graph":[{"@type":"NewsArticle","@id":"https:\/\/dicodusport.fr\/blog\/xv-de-france-les-notes-des-bleus-face-a-l-argentine\/#article","isPartOf":{"@id":"https:\/\/dicodusport.fr\/blog\/xv-de-france-les-notes-des-bleus-face-a-l-argentine\/"},"author":{"name":"Flo Ostermann","@id":"https:\/\/dicodusport.fr\/blog\/#\/schema\/person\/cb02af4c173ce4a653b55e9baf388d4a"},"headline":"XV de France : les notes des Bleus face \u00e0 l&rsquo;Argentine","datePublished":"2018-11-17T21:47:56+00:00","dateModified":"2021-10-18T15:14:50+00:00","mainEntityOfPage":{"@id":"https:\/\/dicodusport.fr\/blog\/xv-de-france-les-notes-des-bleus-face-a-l-argentine\/"},"wordCount":728,"commentCount":0,"publisher":{"@id":"https:\/\/dicodusport.fr\/blog\/#organization"},"image":{"@id":"https:\/\/dicodusport.fr\/blog\/xv-de-france-les-notes-des-bleus-face-a-l-argentine\/#primaryimage"},"thumbnailUrl":"https:\/\/dicodusport.fr\/blog\/wp-content\/uploads\/2018\/11\/France-Argentine-Tourn\u00e9e-dautomne.png","keywords":["France Argentine","Notes Bleus","Notes XV de France","Test-matchs","tourn\u00e9e d'automne"],"articleSection":["Actualit\u00e9s","Rugby","XV de France"],"inLanguage":"fr-FR","potentialAction":[{"@type":"CommentAction","name":"Comment","target":["https:\/\/dicodusport.fr\/blog\/xv-de-france-les-notes-des-bleus-face-a-l-argentine\/#respond"]}],"copyrightYear":"2018","copyrightHolder":{"@id":"https:\/\/dicodusport.fr\/blog\/#organization"}},{"@type":"WebPage","@id":"https:\/\/dicodusport.fr\/blog\/xv-de-france-les-notes-des-bleus-face-a-l-argentine\/","url":"https:\/\/dicodusport.fr\/blog\/xv-de-france-les-notes-des-bleus-face-a-l-argentine\/","name":"XV de France : les notes des Bleus face \u00e0 l'Argentine","isPartOf":{"@id":"https:\/\/dicodusport.fr\/blog\/#website"},"primaryImageOfPage":{"@id":"https:\/\/dicodusport.fr\/blog\/xv-de-france-les-notes-des-bleus-face-a-l-argentine\/#primaryimage"},"image":{"@id":"https:\/\/dicodusport.fr\/blog\/xv-de-france-les-notes-des-bleus-face-a-l-argentine\/#primaryimage"},"thumbnailUrl":"https:\/\/dicodusport.fr\/blog\/wp-content\/uploads\/2018\/11\/France-Argentine-Tourn\u00e9e-dautomne.png","datePublished":"2018-11-17T21:47:56+00:00","dateModified":"2021-10-18T15:14:50+00:00","description":"Tourn\u00e9e d'automne - Apr\u00e8s neuf mois sans victoire, le XV de France a renou\u00e9 avec la victoire en s'imposant face \u00e0 l'Argentine, 28-13. Les notes des Bleus.","breadcrumb":{"@id":"https:\/\/dicodusport.fr\/blog\/xv-de-france-les-notes-des-bleus-face-a-l-argentine\/#breadcrumb"},"inLanguage":"fr-FR","potentialAction":[{"@type":"ReadAction","target":["https:\/\/dicodusport.fr\/blog\/xv-de-france-les-notes-des-bleus-face-a-l-argentine\/"]}]},{"@type":"ImageObject","inLanguage":"fr-FR","@id":"https:\/\/dicodusport.fr\/blog\/xv-de-france-les-notes-des-bleus-face-a-l-argentine\/#primaryimage","url":"https:\/\/dicodusport.fr\/blog\/wp-content\/uploads\/2018\/11\/France-Argentine-Tourn\u00e9e-dautomne.png","contentUrl":"https:\/\/dicodusport.fr\/blog\/wp-content\/uploads\/2018\/11\/France-Argentine-Tourn\u00e9e-dautomne.png","width":800,"height":445},{"@type":"BreadcrumbList","@id":"https:\/\/dicodusport.fr\/blog\/xv-de-france-les-notes-des-bleus-face-a-l-argentine\/#breadcrumb","itemListElement":[{"@type":"ListItem","position":1,"name":"Accueil","item":"https:\/\/dicodusport.fr\/blog\/"},{"@type":"ListItem","position":2,"name":"XV de France : les notes des Bleus face \u00e0 l&rsquo;Argentine"}]},{"@type":"WebSite","@id":"https:\/\/dicodusport.fr\/blog\/#website","url":"https:\/\/dicodusport.fr\/blog\/","name":"Dicodusport","description":"L&#039;encyclop\u00e9die de l&#039;actualit\u00e9 sportive","publisher":{"@id":"https:\/\/dicodusport.fr\/blog\/#organization"},"potentialAction":[{"@type":"SearchAction","target":{"@type":"EntryPoint","urlTemplate":"https:\/\/dicodusport.fr\/blog\/?s={search_term_string}"},"query-input":{"@type":"PropertyValueSpecification","valueRequired":true,"valueName":"search_term_string"}}],"inLanguage":"fr-FR"},{"@type":"NewsMediaOrganization","@id":"https:\/\/dicodusport.fr\/blog\/#organization","name":"Dicodusport","url":"https:\/\/dicodusport.fr\/blog\/","logo":{"@type":"ImageObject","inLanguage":"fr-FR","@id":"https:\/\/dicodusport.fr\/blog\/#\/schema\/logo\/image\/","url":"https:\/\/dicodusport.fr\/blog\/wp-content\/uploads\/2020\/06\/cropped-LOGO-DICODUSPORT-2020-SANS-FOND-SANS-TEXTE.png","contentUrl":"https:\/\/dicodusport.fr\/blog\/wp-content\/uploads\/2020\/06\/cropped-LOGO-DICODUSPORT-2020-SANS-FOND-SANS-TEXTE.png","width":512,"height":512,"caption":"Dicodusport"},"image":{"@id":"https:\/\/dicodusport.fr\/blog\/#\/schema\/logo\/image\/"},"sameAs":["https:\/\/www.facebook.com\/dicodusport","https:\/\/x.com\/dicodusport","https:\/\/www.instagram.com\/dicodusport\/","https:\/\/www.youtube.com\/channel\/UC7V2KZ5sd3htJivAbA4ZG3w"],"description":"Dicodusport est l'encyclop\u00e9die de l'actualit\u00e9 sportive.","email":"bonjour@dicodusport.fr","legalName":"DICODUSPORT","foundingDate":"2018-01-14","vatID":"FR71834470973","taxID":"83447097300043","numberOfEmployees":{"@type":"QuantitativeValue","minValue":"1","maxValue":"10"}},{"@type":"Person","@id":"https:\/\/dicodusport.fr\/blog\/#\/schema\/person\/cb02af4c173ce4a653b55e9baf388d4a","name":"Flo Ostermann","image":{"@type":"ImageObject","inLanguage":"fr-FR","@id":"https:\/\/dicodusport.fr\/blog\/#\/schema\/person\/image\/","url":"https:\/\/dicodusport.fr\/blog\/wp-content\/uploads\/2021\/05\/Flo-Ostermann-150x150.jpg","contentUrl":"https:\/\/dicodusport.fr\/blog\/wp-content\/uploads\/2021\/05\/Flo-Ostermann-150x150.jpg","caption":"Flo Ostermann"},"description":"Journaliste\/R\u00e9dacteur depuis septembre 2015 - Mes premiers souvenirs dans le sport ? Les envol\u00e9es du Stade Toulousain et les duels Villeneuve-Schumacher et H\u00e4kkinen-Schumacher \u00e0 la fin des ann\u00e9es 90, la Coupe du monde de football en 1998, l\u2019exploit du XV de France face aux All Blacks en 1999, mais aussi Richard C\u0153ur de Lion qui vole sur les montagnes du Tour de France. Bien parti pour devenir professeur d\u2019EPS, les \u00e9v\u00e9nements de la vie (et la flemme d\u2019animer des s\u00e9ances de 3x500 m\u00e8tres toute ma vie) m\u2019ont conduit \u00e0 revoir mes plans. Me voil\u00e0 depuis fin 2017 sur Dicodusport, m\u00e9dia gr\u00e2ce (et pour) lequel je partage ma passion : le sport dans tous ses \u00e9tats. Le tout accompagn\u00e9 par les fous furieux et folles furieuses cit\u00e9s sur cette page !","sameAs":["https:\/\/www.facebook.com\/florent.ostermann","https:\/\/x.com\/https:\/\/twitter.com\/FlOstermann","admin"],"url":"https:\/\/dicodusport.fr\/blog\/author\/flo\/"}]}},"_links":{"self":[{"href":"https:\/\/dicodusport.fr\/blog\/wp-json\/wp\/v2\/posts\/29251","targetHints":{"allow":["GET"]}}],"collection":[{"href":"https:\/\/dicodusport.fr\/blog\/wp-json\/wp\/v2\/posts"}],"about":[{"href":"https:\/\/dicodusport.fr\/blog\/wp-json\/wp\/v2\/types\/post"}],"author":[{"embeddable":true,"href":"https:\/\/dicodusport.fr\/blog\/wp-json\/wp\/v2\/users\/4"}],"replies":[{"embeddable":true,"href":"https:\/\/dicodusport.fr\/blog\/wp-json\/wp\/v2\/comments?post=29251"}],"version-history":[{"count":0,"href":"https:\/\/dicodusport.fr\/blog\/wp-json\/wp\/v2\/posts\/29251\/revisions"}],"wp:featuredmedia":[{"embeddable":true,"href":"https:\/\/dicodusport.fr\/blog\/wp-json\/wp\/v2\/media\/29256"}],"wp:attachment":[{"href":"https:\/\/dicodusport.fr\/blog\/wp-json\/wp\/v2\/media?parent=29251"}],"wp:term":[{"taxonomy":"category","embeddable":true,"href":"https:\/\/dicodusport.fr\/blog\/wp-json\/wp\/v2\/categories?post=29251"},{"taxonomy":"post_tag","embeddable":true,"href":"https:\/\/dicodusport.fr\/blog\/wp-json\/wp\/v2\/tags?post=29251"}],"curies":[{"name":"wp","href":"https:\/\/api.w.org\/{rel}","templated":true}]}}