{"id":29622,"date":"2018-11-28T10:00:01","date_gmt":"2018-11-28T09:00:01","guid":{"rendered":"http:\/\/dicodusport.fr\/blog\/?p=29622"},"modified":"2018-11-28T13:01:00","modified_gmt":"2018-11-28T12:01:00","slug":"championnat-europe-feminin-de-handball-programme-de-la-competition","status":"publish","type":"post","link":"https:\/\/dicodusport.fr\/blog\/championnat-europe-feminin-de-handball-programme-de-la-competition\/","title":{"rendered":"Championnat d&rsquo;Europe f\u00e9minin de handball : programme de la comp\u00e9tition"},"content":{"rendered":"<p style=\"text-align: justify;\"><strong><em>J-1 avant le lancement\u00a0du Championnat d&rsquo;Europe f\u00e9minin de handball 2018\u00a0! La France ouvrira les hostilit\u00e9s face \u00e0 la Russie demain soir \u00e0 Nancy. Retrouvez tout le programme de la comp\u00e9tition.<\/em><\/strong><\/p>\n<h1 style=\"text-align: justify;\">Groupe A (Nantes)<\/h1>\n<table class=\"aligncenter\" style=\"width: 500px; border-collapse: collapse;\" border=\"1\">\n<tbody>\n<tr>\n<td style=\"width: 50%; text-align: center;\"><strong>Vendredi 30 novembre \u00e0 18h<\/strong><\/td>\n<td style=\"width: 50%; text-align: center;\">\u00a0&#x1f1f7;&#x1f1f8; Serbie-Pologne &#x1f1f5;&#x1f1f1;<\/td>\n<\/tr>\n<tr>\n<td style=\"width: 50%; text-align: center;\"><strong>Vendredi 30 novembre \u00e0 21h<\/strong><\/td>\n<td style=\"width: 50%; text-align: center;\">&#x1f1e9;&#x1f1f0; Danemark-Su\u00e8de &#x1f1f8;&#x1f1ea;<\/td>\n<\/tr>\n<tr>\n<td style=\"width: 50%; text-align: center; background-color: #e3e3e3;\"><strong>Dimanche 2 d\u00e9cembre \u00e0 15h<\/strong><\/td>\n<td style=\"width: 50%; text-align: center; background-color: #e3e3e3;\">&#x1f1f5;&#x1f1f1; Pologne-Danemark &#x1f1e9;&#x1f1f0;<\/td>\n<\/tr>\n<tr>\n<td style=\"width: 50%; text-align: center; background-color: #e3e3e3;\"><strong>Dimanche 2 d\u00e9cembre \u00e0 18h<\/strong><\/td>\n<td style=\"width: 50%; text-align: center; background-color: #e3e3e3;\">&#x1f1f8;&#x1f1ea; Su\u00e8de-Serbie &#x1f1f7;&#x1f1f8;<\/td>\n<\/tr>\n<tr>\n<td style=\"width: 50%; text-align: center;\"><strong>Mardi 4 d\u00e9cembre \u00e0 18h<\/strong><\/td>\n<td style=\"width: 50%; text-align: center;\">\u00a0&#x1f1f8;&#x1f1ea; Su\u00e8de-Pologne &#x1f1f5;&#x1f1f1;<\/td>\n<\/tr>\n<tr>\n<td style=\"width: 50%; text-align: center;\"><strong>Mardi 4 d\u00e9cembre \u00e0 21h<\/strong><\/td>\n<td style=\"width: 50%; text-align: center;\">&#x1f1e9;&#x1f1f0; Danemark-Serbie &#x1f1f7;&#x1f1f8;<\/td>\n<\/tr>\n<\/tbody>\n<\/table>\n<p style=\"text-align: justify;\">Le Danemark et la Su\u00e8de sont les deux \u00e9quipes favorites pour s&rsquo;imposer dans ce groupe A.<\/p>\n<p>&nbsp;<\/p>\n<h1 style=\"text-align: justify;\">Groupe B (Nancy)<\/h1>\n<table class=\"aligncenter\" style=\"width: 500px; border-collapse: collapse;\" border=\"1\">\n<tbody>\n<tr>\n<td style=\"width: 50%; text-align: center;\"><strong>Jeudi 29 novembre \u00e0 21h<\/strong><\/td>\n<td style=\"width: 50%; text-align: center;\">&#x1f1f2;&#x1f1eb; France-Russie &#x1f1f7;&#x1f1fa;<\/td>\n<\/tr>\n<tr>\n<td style=\"width: 50%; text-align: center;\"><strong>Vendredi 30 novembre \u00e0 21h<\/strong><\/td>\n<td style=\"width: 50%; text-align: center;\">&#x1f1f2;&#x1f1ea; Mont\u00e9n\u00e9gro-Slov\u00e9nie &#x1f1f8;&#x1f1ee;<\/td>\n<\/tr>\n<tr>\n<td style=\"width: 50%; text-align: center; background-color: #e3e3e3;\"><strong>Dimanche 2 d\u00e9cembre \u00e0 15h<\/strong><\/td>\n<td style=\"width: 50%; text-align: center; background-color: #e3e3e3;\">&#x1f1f8;&#x1f1ee; Slov\u00e9nie-France &#x1f1f2;&#x1f1eb;<\/td>\n<\/tr>\n<tr>\n<td style=\"width: 50%; text-align: center; background-color: #e3e3e3;\"><strong>Dimanche 2 d\u00e9cembre \u00e0 18h<\/strong><\/td>\n<td style=\"width: 50%; text-align: center; background-color: #e3e3e3;\">&#x1f1f7;&#x1f1fa; Russie-Mont\u00e9n\u00e9gro &#x1f1f2;&#x1f1ea;<\/td>\n<\/tr>\n<tr>\n<td style=\"width: 50%; text-align: center;\"><strong>Mardi 4 d\u00e9cembre \u00e0 18h<\/strong><\/td>\n<td style=\"width: 50%; text-align: center;\">&#x1f1f7;&#x1f1fa; Russie-Slov\u00e9nie &#x1f1f8;&#x1f1ee;<\/td>\n<\/tr>\n<tr>\n<td style=\"width: 50%; text-align: center;\"><strong>Mardi 4 d\u00e9cembre \u00e0 21h<\/strong><\/td>\n<td style=\"width: 50%; text-align: center;\">&#x1f1f2;&#x1f1eb; France-Mont\u00e9n\u00e9gro &#x1f1f2;&#x1f1ea;<\/td>\n<\/tr>\n<\/tbody>\n<\/table>\n<p style=\"text-align: justify;\">L&rsquo;\u00e9quipe de France aura fort \u00e0 faire <a href=\"http:\/\/dicodusport.fr\/blog\/euro-2018-handball-un-groupe-releve-pour-la-france\/\" target=\"_blank\" rel=\"noopener\">dans ce groupe<\/a> et devra \u00eatre en place d\u00e8s les premi\u00e8res rencontres. A domicile, les joueuses d&rsquo;Olivier Krumbholz ont les armes pour terminer en t\u00eate de leur groupe.<\/p>\n<p>&nbsp;<\/p>\n<h1 style=\"text-align: justify;\">Groupe C (Montb\u00e9liard)<\/h1>\n<table class=\"aligncenter\" style=\"width: 500px; border-collapse: collapse;\" border=\"1\">\n<tbody>\n<tr>\n<td style=\"width: 50%; text-align: center;\"><strong>Samedi 1er d\u00e9cembre \u00e0 15h<\/strong><\/td>\n<td style=\"width: 50%; text-align: center;\">&#x1f1ed;&#x1f1fa; Hongrie\/Pays-Bas &#x1f1f3;&#x1f1f1;<\/td>\n<\/tr>\n<tr>\n<td style=\"width: 50%; text-align: center;\"><strong>Samedi 1er d\u00e9cembre \u00e0 18h<\/strong><\/td>\n<td style=\"width: 50%; text-align: center;\">&#x1f1ea;&#x1f1e6; Espagne-Croatie &#x1f1ed;&#x1f1f7;<\/td>\n<\/tr>\n<tr>\n<td style=\"width: 50%; text-align: center; background-color: #e3e3e3;\"><strong>Lundi 3 d\u00e9cembre \u00e0 18h<\/strong><\/td>\n<td style=\"width: 50%; text-align: center; background-color: #e3e3e3;\">&#x1f1ed;&#x1f1f7; Croatie-Hongrie &#x1f1ed;&#x1f1fa;<\/td>\n<\/tr>\n<tr>\n<td style=\"width: 50%; text-align: center; background-color: #e3e3e3;\"><strong>Lundi 3 d\u00e9cembre \u00e0 21h<\/strong><\/td>\n<td style=\"width: 50%; text-align: center; background-color: #e3e3e3;\">&#x1f1f3;&#x1f1f1; Pays-Bas\/Espagne &#x1f1ea;&#x1f1e6;<\/td>\n<\/tr>\n<tr>\n<td style=\"width: 50%; text-align: center;\"><strong>Mercredi 5 d\u00e9cembre \u00e0 18h<\/strong><\/td>\n<td style=\"width: 50%; text-align: center;\">&#x1f1f3;&#x1f1f1; Pays-Bas\/Croatie &#x1f1ed;&#x1f1f7;<\/td>\n<\/tr>\n<tr>\n<td style=\"width: 50%; text-align: center;\"><strong>Mercredi 5 d\u00e9cembre \u00e0 21h<\/strong><\/td>\n<td style=\"width: 50%; text-align: center;\">&#x1f1ed;&#x1f1fa; Hongrie-Espagne &#x1f1ea;&#x1f1e6;<\/td>\n<\/tr>\n<\/tbody>\n<\/table>\n<p style=\"text-align: justify;\">Groupe assez ouvert o\u00f9 les Hongroises tenteront de prendre leur revanche sur les Pays-Bas qui les ont devanc\u00e9es \u00e0 la diff\u00e9rence de buts lors des qualifications.<\/p>\n<p>&nbsp;<\/p>\n<h1 style=\"text-align: justify;\">Groupe D (Brest)<\/h1>\n<table class=\"aligncenter\" style=\"width: 600px; border-collapse: collapse;\" border=\"1\">\n<tbody>\n<tr>\n<td style=\"width: 50%; text-align: center;\"><strong>Samedi 1er d\u00e9cembre \u00e0 15h<\/strong><\/td>\n<td style=\"width: 50%; text-align: center;\">&#x1f1f3;&#x1f1f4; Norv\u00e8ge-Allemagne &#x1f1e9;&#x1f1ea;<\/td>\n<\/tr>\n<tr>\n<td style=\"width: 50%; text-align: center;\"><strong>Samedi 1er d\u00e9cembre \u00e0 18h<\/strong><\/td>\n<td style=\"width: 50%; text-align: center;\">&#x1f1f7;&#x1f1f4; Roumanie-R\u00e9publique Tch\u00e8que &#x1f1e8;&#x1f1ff;<\/td>\n<\/tr>\n<tr>\n<td style=\"width: 50%; text-align: center; background-color: #e3e3e3;\"><strong>Lundi 3 d\u00e9cembre \u00e0 18h<\/strong><\/td>\n<td style=\"width: 50%; text-align: center; background-color: #e3e3e3;\">&#x1f1e9;&#x1f1ea; Allemagne-Roumanie &#x1f1f7;&#x1f1f4;<\/td>\n<\/tr>\n<tr>\n<td style=\"width: 50%; text-align: center; background-color: #e3e3e3;\"><strong>Lundi 3 d\u00e9cembre \u00e0 21h<\/strong><\/td>\n<td style=\"width: 50%; text-align: center; background-color: #e3e3e3;\">&#x1f1e8;&#x1f1ff; R\u00e9publique Tch\u00e8que-Norv\u00e8ge &#x1f1f3;&#x1f1f4;<\/td>\n<\/tr>\n<tr>\n<td style=\"width: 50%; text-align: center;\"><strong>Mercredi 5 d\u00e9cembre \u00e0 18h<\/strong><\/td>\n<td style=\"width: 50%; text-align: center;\">&#x1f1e9;&#x1f1ea; Allemagne-R\u00e9publique Tch\u00e8que &#x1f1e8;&#x1f1ff;<\/td>\n<\/tr>\n<tr>\n<td style=\"width: 50%; text-align: center;\"><strong>Mercredi 5 d\u00e9cembre \u00e0 21h<\/strong><\/td>\n<td style=\"width: 50%; text-align: center;\">&#x1f1f3;&#x1f1f4; Norv\u00e8ge-Roumanie &#x1f1f7;&#x1f1f4;<\/td>\n<\/tr>\n<\/tbody>\n<\/table>\n<p style=\"text-align: justify;\">La Norv\u00e8ge a remport\u00e9 6 des 7 derniers\u00a0titres, remportant l&rsquo;argent en 2012. Vice-championnes du monde lors du dernier Mondial, les Norv\u00e9giennes partent largement favorites dans ce groupe et pour la victoire finale.<\/p>\n<p style=\"text-align: justify;\"><em>Pour rappel, les trois premiers de chaque groupe se qualifient pour le tour principal \u00e0 deux groupes. Le groupe I sera compos\u00e9 des \u00e9quipes des groupes A et B et le groupe II des \u00e9quipes des groupes C et D. Les points acquis entre \u00e9quipes du m\u00eame groupe lors du tour pr\u00e9liminaire sont conserv\u00e9s, d&rsquo;o\u00f9 l&rsquo;importance d&rsquo;engranger le maximum de points.<\/em><br \/>\n<em>Les deux premiers de chaque groupe lors du tour principal se qualifient pour la phase finale (demi-finales\/finale).<\/em><\/p>\n<p><strong><em>Arlette<br \/>\n<a href=\"http:\/\/twitter.com\/Shiclette94\"><img loading=\"lazy\" decoding=\"async\" class=\"alignnone size-full wp-image-2908\" src=\"http:\/\/dicodusport.fr\/blog\/wp-content\/uploads\/2017\/07\/logo-twitter-e1516110106986.png\" alt=\"\" width=\"39\" height=\"39\" \/><\/a><br \/>\n<\/em><\/strong><\/p>\n","protected":false},"excerpt":{"rendered":"<p>Retrouvez tout le programme du Championnat d&rsquo;Europe f\u00e9minin de handball 2018. La France ouvrira le bal demain face \u00e0 la Russie \u00e0 Nancy.<\/p>\n","protected":false},"author":12,"featured_media":29621,"comment_status":"open","ping_status":"closed","sticky":false,"template":"","format":"standard","meta":{"_acf_changed":false,"_daextam_enable_autolinks":"","footnotes":""},"categories":[2,2304],"tags":[6756,30],"class_list":["post-29622","post","type-post","status-publish","format-standard","has-post-thumbnail","hentry","category-actualites","category-handball","tag-championnat-deurope-feminin-de-handball","tag-france"],"acf":[],"yoast_head":"<!-- This site is optimized with the Yoast SEO Premium plugin v26.7 (Yoast SEO v26.7) - https:\/\/yoast.com\/wordpress\/plugins\/seo\/ -->\n<title>Championnat d&#039;Europe f\u00e9minin de handball : programme de la comp\u00e9tition<\/title>\n<meta name=\"description\" content=\"Retrouvez tout le programme du Championnat d&#039;Europe f\u00e9minin de handball 2018. La France ouvrira le bal demain face \u00e0 la Russie \u00e0 Nancy.\" \/>\n<meta name=\"robots\" content=\"index, follow, max-snippet:-1, max-image-preview:large, max-video-preview:-1\" \/>\n<link rel=\"canonical\" href=\"https:\/\/dicodusport.fr\/blog\/championnat-europe-feminin-de-handball-programme-de-la-competition\/\" \/>\n<meta property=\"og:locale\" content=\"fr_FR\" \/>\n<meta property=\"og:type\" content=\"article\" \/>\n<meta property=\"og:title\" content=\"Championnat d&#039;Europe f\u00e9minin de handball : programme de la comp\u00e9tition\" \/>\n<meta property=\"og:description\" content=\"Retrouvez tout le programme du Championnat d&#039;Europe f\u00e9minin de handball 2018. La France ouvrira le bal demain face \u00e0 la Russie \u00e0 Nancy.\" \/>\n<meta property=\"og:url\" content=\"https:\/\/dicodusport.fr\/blog\/championnat-europe-feminin-de-handball-programme-de-la-competition\/\" \/>\n<meta property=\"og:site_name\" content=\"Dicodusport\" \/>\n<meta property=\"article:publisher\" content=\"https:\/\/www.facebook.com\/dicodusport\" \/>\n<meta property=\"article:published_time\" content=\"2018-11-28T09:00:01+00:00\" \/>\n<meta property=\"article:modified_time\" content=\"2018-11-28T12:01:00+00:00\" \/>\n<meta property=\"og:image\" content=\"https:\/\/dicodusport.fr\/blog\/wp-content\/uploads\/2018\/11\/Euro-hand.png\" \/>\n\t<meta property=\"og:image:width\" content=\"1200\" \/>\n\t<meta property=\"og:image:height\" content=\"670\" \/>\n\t<meta property=\"og:image:type\" content=\"image\/png\" \/>\n<meta name=\"author\" content=\"Arlette Yeye\" \/>\n<meta name=\"twitter:card\" content=\"summary_large_image\" \/>\n<meta name=\"twitter:creator\" content=\"@https:\/\/twitter.com\/Shiclette94\" \/>\n<meta name=\"twitter:site\" content=\"@dicodusport\" \/>\n<script type=\"application\/ld+json\" class=\"yoast-schema-graph\">{\"@context\":\"https:\/\/schema.org\",\"@graph\":[{\"@type\":\"NewsArticle\",\"@id\":\"https:\/\/dicodusport.fr\/blog\/championnat-europe-feminin-de-handball-programme-de-la-competition\/#article\",\"isPartOf\":{\"@id\":\"https:\/\/dicodusport.fr\/blog\/championnat-europe-feminin-de-handball-programme-de-la-competition\/\"},\"author\":{\"name\":\"Arlette Yeye\",\"@id\":\"https:\/\/dicodusport.fr\/blog\/#\/schema\/person\/cce96fa88785bd8573e3d43078ac8c79\"},\"headline\":\"Championnat d&rsquo;Europe f\u00e9minin de handball : programme de la comp\u00e9tition\",\"datePublished\":\"2018-11-28T09:00:01+00:00\",\"dateModified\":\"2018-11-28T12:01:00+00:00\",\"mainEntityOfPage\":{\"@id\":\"https:\/\/dicodusport.fr\/blog\/championnat-europe-feminin-de-handball-programme-de-la-competition\/\"},\"wordCount\":697,\"commentCount\":0,\"publisher\":{\"@id\":\"https:\/\/dicodusport.fr\/blog\/#organization\"},\"image\":{\"@id\":\"https:\/\/dicodusport.fr\/blog\/championnat-europe-feminin-de-handball-programme-de-la-competition\/#primaryimage\"},\"thumbnailUrl\":\"https:\/\/dicodusport.fr\/blog\/wp-content\/uploads\/2018\/11\/Euro-hand.png\",\"keywords\":[\"Championnat d'Europe f\u00e9minin de handball\",\"France\"],\"articleSection\":[\"Actualit\u00e9s\",\"Handball\"],\"inLanguage\":\"fr-FR\",\"potentialAction\":[{\"@type\":\"CommentAction\",\"name\":\"Comment\",\"target\":[\"https:\/\/dicodusport.fr\/blog\/championnat-europe-feminin-de-handball-programme-de-la-competition\/#respond\"]}],\"copyrightYear\":\"2018\",\"copyrightHolder\":{\"@id\":\"https:\/\/dicodusport.fr\/blog\/#organization\"}},{\"@type\":\"WebPage\",\"@id\":\"https:\/\/dicodusport.fr\/blog\/championnat-europe-feminin-de-handball-programme-de-la-competition\/\",\"url\":\"https:\/\/dicodusport.fr\/blog\/championnat-europe-feminin-de-handball-programme-de-la-competition\/\",\"name\":\"Championnat d'Europe f\u00e9minin de handball : programme de la comp\u00e9tition\",\"isPartOf\":{\"@id\":\"https:\/\/dicodusport.fr\/blog\/#website\"},\"primaryImageOfPage\":{\"@id\":\"https:\/\/dicodusport.fr\/blog\/championnat-europe-feminin-de-handball-programme-de-la-competition\/#primaryimage\"},\"image\":{\"@id\":\"https:\/\/dicodusport.fr\/blog\/championnat-europe-feminin-de-handball-programme-de-la-competition\/#primaryimage\"},\"thumbnailUrl\":\"https:\/\/dicodusport.fr\/blog\/wp-content\/uploads\/2018\/11\/Euro-hand.png\",\"datePublished\":\"2018-11-28T09:00:01+00:00\",\"dateModified\":\"2018-11-28T12:01:00+00:00\",\"description\":\"Retrouvez tout le programme du Championnat d'Europe f\u00e9minin de handball 2018. La France ouvrira le bal demain face \u00e0 la Russie \u00e0 Nancy.\",\"breadcrumb\":{\"@id\":\"https:\/\/dicodusport.fr\/blog\/championnat-europe-feminin-de-handball-programme-de-la-competition\/#breadcrumb\"},\"inLanguage\":\"fr-FR\",\"potentialAction\":[{\"@type\":\"ReadAction\",\"target\":[\"https:\/\/dicodusport.fr\/blog\/championnat-europe-feminin-de-handball-programme-de-la-competition\/\"]}]},{\"@type\":\"ImageObject\",\"inLanguage\":\"fr-FR\",\"@id\":\"https:\/\/dicodusport.fr\/blog\/championnat-europe-feminin-de-handball-programme-de-la-competition\/#primaryimage\",\"url\":\"https:\/\/dicodusport.fr\/blog\/wp-content\/uploads\/2018\/11\/Euro-hand.png\",\"contentUrl\":\"https:\/\/dicodusport.fr\/blog\/wp-content\/uploads\/2018\/11\/Euro-hand.png\",\"width\":1200,\"height\":670},{\"@type\":\"BreadcrumbList\",\"@id\":\"https:\/\/dicodusport.fr\/blog\/championnat-europe-feminin-de-handball-programme-de-la-competition\/#breadcrumb\",\"itemListElement\":[{\"@type\":\"ListItem\",\"position\":1,\"name\":\"Accueil\",\"item\":\"https:\/\/dicodusport.fr\/blog\/\"},{\"@type\":\"ListItem\",\"position\":2,\"name\":\"Championnat d&rsquo;Europe f\u00e9minin de handball : programme de la comp\u00e9tition\"}]},{\"@type\":\"WebSite\",\"@id\":\"https:\/\/dicodusport.fr\/blog\/#website\",\"url\":\"https:\/\/dicodusport.fr\/blog\/\",\"name\":\"Dicodusport\",\"description\":\"L&#039;encyclop\u00e9die de l&#039;actualit\u00e9 sportive\",\"publisher\":{\"@id\":\"https:\/\/dicodusport.fr\/blog\/#organization\"},\"potentialAction\":[{\"@type\":\"SearchAction\",\"target\":{\"@type\":\"EntryPoint\",\"urlTemplate\":\"https:\/\/dicodusport.fr\/blog\/?s={search_term_string}\"},\"query-input\":{\"@type\":\"PropertyValueSpecification\",\"valueRequired\":true,\"valueName\":\"search_term_string\"}}],\"inLanguage\":\"fr-FR\"},{\"@type\":\"NewsMediaOrganization\",\"@id\":\"https:\/\/dicodusport.fr\/blog\/#organization\",\"name\":\"Dicodusport\",\"url\":\"https:\/\/dicodusport.fr\/blog\/\",\"logo\":{\"@type\":\"ImageObject\",\"inLanguage\":\"fr-FR\",\"@id\":\"https:\/\/dicodusport.fr\/blog\/#\/schema\/logo\/image\/\",\"url\":\"https:\/\/dicodusport.fr\/blog\/wp-content\/uploads\/2020\/06\/cropped-LOGO-DICODUSPORT-2020-SANS-FOND-SANS-TEXTE.png\",\"contentUrl\":\"https:\/\/dicodusport.fr\/blog\/wp-content\/uploads\/2020\/06\/cropped-LOGO-DICODUSPORT-2020-SANS-FOND-SANS-TEXTE.png\",\"width\":512,\"height\":512,\"caption\":\"Dicodusport\"},\"image\":{\"@id\":\"https:\/\/dicodusport.fr\/blog\/#\/schema\/logo\/image\/\"},\"sameAs\":[\"https:\/\/www.facebook.com\/dicodusport\",\"https:\/\/x.com\/dicodusport\",\"https:\/\/www.instagram.com\/dicodusport\/\",\"https:\/\/www.youtube.com\/channel\/UC7V2KZ5sd3htJivAbA4ZG3w\"],\"description\":\"Dicodusport est l'encyclop\u00e9die de l'actualit\u00e9 sportive.\",\"email\":\"bonjour@dicodusport.fr\",\"legalName\":\"DICODUSPORT\",\"foundingDate\":\"2018-01-14\",\"vatID\":\"FR71834470973\",\"taxID\":\"83447097300043\",\"numberOfEmployees\":{\"@type\":\"QuantitativeValue\",\"minValue\":\"1\",\"maxValue\":\"10\"}},{\"@type\":\"Person\",\"@id\":\"https:\/\/dicodusport.fr\/blog\/#\/schema\/person\/cce96fa88785bd8573e3d43078ac8c79\",\"name\":\"Arlette Yeye\",\"image\":{\"@type\":\"ImageObject\",\"inLanguage\":\"fr-FR\",\"@id\":\"https:\/\/dicodusport.fr\/blog\/#\/schema\/person\/image\/\",\"url\":\"https:\/\/secure.gravatar.com\/avatar\/dca4a6239e6d708e46c45d60e160de6c?s=96&d=wp_user_avatar&r=g\",\"contentUrl\":\"https:\/\/secure.gravatar.com\/avatar\/dca4a6239e6d708e46c45d60e160de6c?s=96&d=wp_user_avatar&r=g\",\"caption\":\"Arlette Yeye\"},\"description\":\"Journaliste\/r\u00e9dactrice depuis septembre 2015 - Supportrice de Chelsea, j'ai pour sports de pr\u00e9dilection le handball, l'athl\u00e9tisme et le tennis. Si je tweete plus vite que mon ombre, vous pouvez aussi me retrouver les week-ends sur les playgrounds de Bruxelles pour un petit foot ou basket entre potes. Parcourir la France, l'Europe et plus si affinit\u00e9s pour suivre mes sportifs pr\u00e9f\u00e9r\u00e9s ? Mon kif ! Et c'est avec plaisir que je partage les r\u00e9sultats des sports populaires mais \u00e9galement plus confidentiels pour Dicodusport.\",\"sameAs\":[\"https:\/\/x.com\/https:\/\/twitter.com\/Shiclette94\"],\"url\":\"https:\/\/dicodusport.fr\/blog\/author\/arlette\/\"}]}<\/script>\n<!-- \/ Yoast SEO Premium plugin. -->","yoast_head_json":{"title":"Championnat d'Europe f\u00e9minin de handball : programme de la comp\u00e9tition","description":"Retrouvez tout le programme du Championnat d'Europe f\u00e9minin de handball 2018. La France ouvrira le bal demain face \u00e0 la Russie \u00e0 Nancy.","robots":{"index":"index","follow":"follow","max-snippet":"max-snippet:-1","max-image-preview":"max-image-preview:large","max-video-preview":"max-video-preview:-1"},"canonical":"https:\/\/dicodusport.fr\/blog\/championnat-europe-feminin-de-handball-programme-de-la-competition\/","og_locale":"fr_FR","og_type":"article","og_title":"Championnat d'Europe f\u00e9minin de handball : programme de la comp\u00e9tition","og_description":"Retrouvez tout le programme du Championnat d'Europe f\u00e9minin de handball 2018. La France ouvrira le bal demain face \u00e0 la Russie \u00e0 Nancy.","og_url":"https:\/\/dicodusport.fr\/blog\/championnat-europe-feminin-de-handball-programme-de-la-competition\/","og_site_name":"Dicodusport","article_publisher":"https:\/\/www.facebook.com\/dicodusport","article_published_time":"2018-11-28T09:00:01+00:00","article_modified_time":"2018-11-28T12:01:00+00:00","og_image":[{"width":1200,"height":670,"url":"https:\/\/dicodusport.fr\/blog\/wp-content\/uploads\/2018\/11\/Euro-hand.png","type":"image\/png"}],"author":"Arlette Yeye","twitter_card":"summary_large_image","twitter_creator":"@https:\/\/twitter.com\/Shiclette94","twitter_site":"@dicodusport","schema":{"@context":"https:\/\/schema.org","@graph":[{"@type":"NewsArticle","@id":"https:\/\/dicodusport.fr\/blog\/championnat-europe-feminin-de-handball-programme-de-la-competition\/#article","isPartOf":{"@id":"https:\/\/dicodusport.fr\/blog\/championnat-europe-feminin-de-handball-programme-de-la-competition\/"},"author":{"name":"Arlette Yeye","@id":"https:\/\/dicodusport.fr\/blog\/#\/schema\/person\/cce96fa88785bd8573e3d43078ac8c79"},"headline":"Championnat d&rsquo;Europe f\u00e9minin de handball : programme de la comp\u00e9tition","datePublished":"2018-11-28T09:00:01+00:00","dateModified":"2018-11-28T12:01:00+00:00","mainEntityOfPage":{"@id":"https:\/\/dicodusport.fr\/blog\/championnat-europe-feminin-de-handball-programme-de-la-competition\/"},"wordCount":697,"commentCount":0,"publisher":{"@id":"https:\/\/dicodusport.fr\/blog\/#organization"},"image":{"@id":"https:\/\/dicodusport.fr\/blog\/championnat-europe-feminin-de-handball-programme-de-la-competition\/#primaryimage"},"thumbnailUrl":"https:\/\/dicodusport.fr\/blog\/wp-content\/uploads\/2018\/11\/Euro-hand.png","keywords":["Championnat d'Europe f\u00e9minin de handball","France"],"articleSection":["Actualit\u00e9s","Handball"],"inLanguage":"fr-FR","potentialAction":[{"@type":"CommentAction","name":"Comment","target":["https:\/\/dicodusport.fr\/blog\/championnat-europe-feminin-de-handball-programme-de-la-competition\/#respond"]}],"copyrightYear":"2018","copyrightHolder":{"@id":"https:\/\/dicodusport.fr\/blog\/#organization"}},{"@type":"WebPage","@id":"https:\/\/dicodusport.fr\/blog\/championnat-europe-feminin-de-handball-programme-de-la-competition\/","url":"https:\/\/dicodusport.fr\/blog\/championnat-europe-feminin-de-handball-programme-de-la-competition\/","name":"Championnat d'Europe f\u00e9minin de handball : programme de la comp\u00e9tition","isPartOf":{"@id":"https:\/\/dicodusport.fr\/blog\/#website"},"primaryImageOfPage":{"@id":"https:\/\/dicodusport.fr\/blog\/championnat-europe-feminin-de-handball-programme-de-la-competition\/#primaryimage"},"image":{"@id":"https:\/\/dicodusport.fr\/blog\/championnat-europe-feminin-de-handball-programme-de-la-competition\/#primaryimage"},"thumbnailUrl":"https:\/\/dicodusport.fr\/blog\/wp-content\/uploads\/2018\/11\/Euro-hand.png","datePublished":"2018-11-28T09:00:01+00:00","dateModified":"2018-11-28T12:01:00+00:00","description":"Retrouvez tout le programme du Championnat d'Europe f\u00e9minin de handball 2018. La France ouvrira le bal demain face \u00e0 la Russie \u00e0 Nancy.","breadcrumb":{"@id":"https:\/\/dicodusport.fr\/blog\/championnat-europe-feminin-de-handball-programme-de-la-competition\/#breadcrumb"},"inLanguage":"fr-FR","potentialAction":[{"@type":"ReadAction","target":["https:\/\/dicodusport.fr\/blog\/championnat-europe-feminin-de-handball-programme-de-la-competition\/"]}]},{"@type":"ImageObject","inLanguage":"fr-FR","@id":"https:\/\/dicodusport.fr\/blog\/championnat-europe-feminin-de-handball-programme-de-la-competition\/#primaryimage","url":"https:\/\/dicodusport.fr\/blog\/wp-content\/uploads\/2018\/11\/Euro-hand.png","contentUrl":"https:\/\/dicodusport.fr\/blog\/wp-content\/uploads\/2018\/11\/Euro-hand.png","width":1200,"height":670},{"@type":"BreadcrumbList","@id":"https:\/\/dicodusport.fr\/blog\/championnat-europe-feminin-de-handball-programme-de-la-competition\/#breadcrumb","itemListElement":[{"@type":"ListItem","position":1,"name":"Accueil","item":"https:\/\/dicodusport.fr\/blog\/"},{"@type":"ListItem","position":2,"name":"Championnat d&rsquo;Europe f\u00e9minin de handball : programme de la comp\u00e9tition"}]},{"@type":"WebSite","@id":"https:\/\/dicodusport.fr\/blog\/#website","url":"https:\/\/dicodusport.fr\/blog\/","name":"Dicodusport","description":"L&#039;encyclop\u00e9die de l&#039;actualit\u00e9 sportive","publisher":{"@id":"https:\/\/dicodusport.fr\/blog\/#organization"},"potentialAction":[{"@type":"SearchAction","target":{"@type":"EntryPoint","urlTemplate":"https:\/\/dicodusport.fr\/blog\/?s={search_term_string}"},"query-input":{"@type":"PropertyValueSpecification","valueRequired":true,"valueName":"search_term_string"}}],"inLanguage":"fr-FR"},{"@type":"NewsMediaOrganization","@id":"https:\/\/dicodusport.fr\/blog\/#organization","name":"Dicodusport","url":"https:\/\/dicodusport.fr\/blog\/","logo":{"@type":"ImageObject","inLanguage":"fr-FR","@id":"https:\/\/dicodusport.fr\/blog\/#\/schema\/logo\/image\/","url":"https:\/\/dicodusport.fr\/blog\/wp-content\/uploads\/2020\/06\/cropped-LOGO-DICODUSPORT-2020-SANS-FOND-SANS-TEXTE.png","contentUrl":"https:\/\/dicodusport.fr\/blog\/wp-content\/uploads\/2020\/06\/cropped-LOGO-DICODUSPORT-2020-SANS-FOND-SANS-TEXTE.png","width":512,"height":512,"caption":"Dicodusport"},"image":{"@id":"https:\/\/dicodusport.fr\/blog\/#\/schema\/logo\/image\/"},"sameAs":["https:\/\/www.facebook.com\/dicodusport","https:\/\/x.com\/dicodusport","https:\/\/www.instagram.com\/dicodusport\/","https:\/\/www.youtube.com\/channel\/UC7V2KZ5sd3htJivAbA4ZG3w"],"description":"Dicodusport est l'encyclop\u00e9die de l'actualit\u00e9 sportive.","email":"bonjour@dicodusport.fr","legalName":"DICODUSPORT","foundingDate":"2018-01-14","vatID":"FR71834470973","taxID":"83447097300043","numberOfEmployees":{"@type":"QuantitativeValue","minValue":"1","maxValue":"10"}},{"@type":"Person","@id":"https:\/\/dicodusport.fr\/blog\/#\/schema\/person\/cce96fa88785bd8573e3d43078ac8c79","name":"Arlette Yeye","image":{"@type":"ImageObject","inLanguage":"fr-FR","@id":"https:\/\/dicodusport.fr\/blog\/#\/schema\/person\/image\/","url":"https:\/\/secure.gravatar.com\/avatar\/dca4a6239e6d708e46c45d60e160de6c?s=96&d=wp_user_avatar&r=g","contentUrl":"https:\/\/secure.gravatar.com\/avatar\/dca4a6239e6d708e46c45d60e160de6c?s=96&d=wp_user_avatar&r=g","caption":"Arlette Yeye"},"description":"Journaliste\/r\u00e9dactrice depuis septembre 2015 - Supportrice de Chelsea, j'ai pour sports de pr\u00e9dilection le handball, l'athl\u00e9tisme et le tennis. Si je tweete plus vite que mon ombre, vous pouvez aussi me retrouver les week-ends sur les playgrounds de Bruxelles pour un petit foot ou basket entre potes. Parcourir la France, l'Europe et plus si affinit\u00e9s pour suivre mes sportifs pr\u00e9f\u00e9r\u00e9s ? Mon kif ! Et c'est avec plaisir que je partage les r\u00e9sultats des sports populaires mais \u00e9galement plus confidentiels pour Dicodusport.","sameAs":["https:\/\/x.com\/https:\/\/twitter.com\/Shiclette94"],"url":"https:\/\/dicodusport.fr\/blog\/author\/arlette\/"}]}},"_links":{"self":[{"href":"https:\/\/dicodusport.fr\/blog\/wp-json\/wp\/v2\/posts\/29622","targetHints":{"allow":["GET"]}}],"collection":[{"href":"https:\/\/dicodusport.fr\/blog\/wp-json\/wp\/v2\/posts"}],"about":[{"href":"https:\/\/dicodusport.fr\/blog\/wp-json\/wp\/v2\/types\/post"}],"author":[{"embeddable":true,"href":"https:\/\/dicodusport.fr\/blog\/wp-json\/wp\/v2\/users\/12"}],"replies":[{"embeddable":true,"href":"https:\/\/dicodusport.fr\/blog\/wp-json\/wp\/v2\/comments?post=29622"}],"version-history":[{"count":0,"href":"https:\/\/dicodusport.fr\/blog\/wp-json\/wp\/v2\/posts\/29622\/revisions"}],"wp:featuredmedia":[{"embeddable":true,"href":"https:\/\/dicodusport.fr\/blog\/wp-json\/wp\/v2\/media\/29621"}],"wp:attachment":[{"href":"https:\/\/dicodusport.fr\/blog\/wp-json\/wp\/v2\/media?parent=29622"}],"wp:term":[{"taxonomy":"category","embeddable":true,"href":"https:\/\/dicodusport.fr\/blog\/wp-json\/wp\/v2\/categories?post=29622"},{"taxonomy":"post_tag","embeddable":true,"href":"https:\/\/dicodusport.fr\/blog\/wp-json\/wp\/v2\/tags?post=29622"}],"curies":[{"name":"wp","href":"https:\/\/api.w.org\/{rel}","templated":true}]}}