{"id":29670,"date":"2018-11-27T09:05:30","date_gmt":"2018-11-27T08:05:30","guid":{"rendered":"http:\/\/dicodusport.fr\/blog\/?p=29670"},"modified":"2018-11-27T10:06:30","modified_gmt":"2018-11-27T09:06:30","slug":"aymeric-laporte-une-absence-qui-surprend","status":"publish","type":"post","link":"https:\/\/dicodusport.fr\/blog\/aymeric-laporte-une-absence-qui-surprend\/","title":{"rendered":"Aymeric Laporte, une absence qui surprend"},"content":{"rendered":"<p style=\"text-align: justify;\"><strong><em>Aymeric Laporte devrait \u00eatre encore une fois titulaire avec Manchester City ce soir, \u00e0 Lyon, en Ligue des Champions. Devenu indiscutable dans l\u2019effectif de Pep Guardiola, le Fran\u00e7ais peine toujours \u00e0 int\u00e9grer l\u2019\u00e9quipe de France. Tentative d\u2019explication.<\/em> <\/strong><\/p>\n<p style=\"text-align: justify;\">Manchester City a disput\u00e9 treize rencontres en championnat d\u2019Angleterre et toujours avec son d\u00e9fenseur central Fran\u00e7ais Aymeric Laporte. Mieux encore, la d\u00e9fense de l\u2019actuel leader de Premier League n\u2019a encaiss\u00e9 que cinq buts apr\u00e8s treize rencontres. Quand on conna\u00eet la qualit\u00e9 de l\u2019effectif de Manchester City et l\u2019habituel turnover r\u00e9alis\u00e9 par son manager Pep Guardiola d\u00e8s qu\u2019il le faut, cela veut dire beaucoup sur les prestations r\u00e9centes d\u2019Aymeric Laporte.<\/p>\n<div id=\"attachment_29671\" style=\"width: 1010px\" class=\"wp-caption aligncenter\"><img loading=\"lazy\" decoding=\"async\" aria-describedby=\"caption-attachment-29671\" class=\"size-full wp-image-29671\" src=\"http:\/\/dicodusport.fr\/blog\/wp-content\/uploads\/2018\/11\/Aymeric-Laporte-re\u0301alise-une-saison-pleine-avec-Manchester-City-AFP.jpg\" alt=\"\" width=\"1000\" height=\"500\" srcset=\"https:\/\/dicodusport.fr\/blog\/wp-content\/uploads\/2018\/11\/Aymeric-Laporte-re\u0301alise-une-saison-pleine-avec-Manchester-City-AFP.jpg 1000w, https:\/\/dicodusport.fr\/blog\/wp-content\/uploads\/2018\/11\/Aymeric-Laporte-re\u0301alise-une-saison-pleine-avec-Manchester-City-AFP-300x150.jpg 300w, https:\/\/dicodusport.fr\/blog\/wp-content\/uploads\/2018\/11\/Aymeric-Laporte-re\u0301alise-une-saison-pleine-avec-Manchester-City-AFP-768x384.jpg 768w\" sizes=\"auto, (max-width: 1000px) 100vw, 1000px\" \/><p id=\"caption-attachment-29671\" class=\"wp-caption-text\">Aymeric Laporte re\u0301alise une saison pleine avec Manchester City &#8211; AFP<\/p><\/div>\n<p style=\"text-align: justify;\">Le jeune Fran\u00e7ais (24 ans), recrut\u00e9 l\u2019hiver dernier en provenance du club espagnol de l\u2019Athletic Bilbao a convaincu Pep Guardiola par sa qualit\u00e9 de relance plut\u00f4t rare au poste qu\u2019est le sien. Son statut de gaucher joue \u00e9galement en sa faveur au sein de l\u2019effectif de Manchester City. Apr\u00e8s des d\u00e9buts compliqu\u00e9s sous ses nouvelles couleurs, qui peuvent s\u2019expliquer en partie par le montant de son transfert (65 millions d\u2019euros) et de son nouveau statut, le d\u00e9fenseur fran\u00e7ais, natif d\u2019Agen, tourne maintenant \u00e0 plein r\u00e9gime.<\/p>\n<p style=\"text-align: justify;\">Oui mais voil\u00e0, depuis plusieurs ann\u00e9es maintenant, Laporte peine \u00e0 se faire une place en \u00e9quipe de France et n\u2019a toujours pas la moindre s\u00e9lection, malgr\u00e9 son statut de capitaine en \u00e9quipe de France espoirs. Une situation qui interpelle de nombreux observateurs du milieu du football, \u00e0 la vue des r\u00e9centes prestations du jeune d\u00e9fenseur de Manchester City. Son transfert au sein de l\u2019une des plus grosses \u00e9curies europ\u00e9ennes devait lui offrir cette visibilit\u00e9 m\u00e9diatique qui pouvait lui manquer en Espagne. Mais malheureusement pour lui, il devra encore patienter et esp\u00e9rer \u00eatre de nouveau convoqu\u00e9 dans le groupe France \u00e0 partir de 2019.<\/p>\n<div id=\"attachment_29672\" style=\"width: 670px\" class=\"wp-caption aligncenter\"><img loading=\"lazy\" decoding=\"async\" aria-describedby=\"caption-attachment-29672\" class=\"size-large wp-image-29672\" src=\"http:\/\/dicodusport.fr\/blog\/wp-content\/uploads\/2018\/11\/Laporte-espe\u0300re-retrouver-le\u0301quipe-de-France-quil-a-connu-en-Espoir-Eurosport-1024x575.jpg\" alt=\"\" width=\"660\" height=\"371\" srcset=\"https:\/\/dicodusport.fr\/blog\/wp-content\/uploads\/2018\/11\/Laporte-espe\u0300re-retrouver-le\u0301quipe-de-France-quil-a-connu-en-Espoir-Eurosport-1024x575.jpg 1024w, https:\/\/dicodusport.fr\/blog\/wp-content\/uploads\/2018\/11\/Laporte-espe\u0300re-retrouver-le\u0301quipe-de-France-quil-a-connu-en-Espoir-Eurosport-300x169.jpg 300w, https:\/\/dicodusport.fr\/blog\/wp-content\/uploads\/2018\/11\/Laporte-espe\u0300re-retrouver-le\u0301quipe-de-France-quil-a-connu-en-Espoir-Eurosport-768x432.jpg 768w, https:\/\/dicodusport.fr\/blog\/wp-content\/uploads\/2018\/11\/Laporte-espe\u0300re-retrouver-le\u0301quipe-de-France-quil-a-connu-en-Espoir-Eurosport.jpg 1050w\" sizes=\"auto, (max-width: 660px) 100vw, 660px\" \/><p id=\"caption-attachment-29672\" class=\"wp-caption-text\">Laporte espe\u0300re retrouver l&rsquo;e\u0301quipe de France, qu&rsquo;il a connue avec les Espoirs &#8211; Eurosport<\/p><\/div>\n<p style=\"text-align: justify;\">A la diff\u00e9rence de son compatriote Lucas Hernandez, sa possible convocation par la s\u00e9lection espagnole n\u2019a pas encore eu raison de son appel en \u00e9quipe de France, le s\u00e9lectionneur Fran\u00e7ais Didier Deschamps lui pr\u00e9f\u00e9rant Varane, Umtiti, Kimpembe et Rami au dernier Mondial, voire m\u00eame Sakho et Zouma plus r\u00e9cemment. On \u00e9voque de plus en plus, hors m\u00e9dias, le c\u00f4t\u00e9 humain pour justifier l\u2019absence d\u2019Aymeric Laporte du groupe France et son caract\u00e8re solitaire et distant de ses co\u00e9quipiers habituellement.<\/p>\n<p style=\"text-align: justify;\">Mais en continuant d\u2019\u00e9voluer \u00e0 son niveau de jeu actuel sous les couleurs de Manchester City, il est fort probable que sa chance en Bleu finira par arriver d\u2019ici peu. Sa pr\u00e9sence sur le sol fran\u00e7ais ce soir pour affronter l\u2019Olympique Lyonnais est une excellente occasion pour lui de se montrer au public fran\u00e7ais et de relancer quelque peu le d\u00e9bat sur son absence en \u00e9quipe de France.<\/p>\n<p><strong><em>Bastien Pitte<br \/>\n<a href=\"https:\/\/www.facebook.com\/bastien.pitte\" target=\"_blank\" rel=\"noopener\"><img loading=\"lazy\" decoding=\"async\" class=\"alignnone wp-image-2909\" src=\"http:\/\/dicodusport.fr\/blog\/wp-content\/uploads\/2017\/07\/logo-facebook-150x150.png\" alt=\"\" width=\"39\" height=\"39\" \/><\/a><\/em><\/strong><a href=\"https:\/\/www.linkedin.com\/in\/bastien-pitte\" target=\"_blank\" rel=\"noopener\"><img loading=\"lazy\" decoding=\"async\" class=\"alignnone wp-image-3711\" src=\"http:\/\/dicodusport.fr\/blog\/wp-content\/uploads\/2017\/08\/signature-linkedin-150x150.png\" alt=\"\" width=\"39\" height=\"39\" srcset=\"https:\/\/dicodusport.fr\/blog\/wp-content\/uploads\/2017\/08\/signature-linkedin-150x150.png 150w, https:\/\/dicodusport.fr\/blog\/wp-content\/uploads\/2017\/08\/signature-linkedin.png 295w\" sizes=\"auto, (max-width: 39px) 100vw, 39px\" \/><\/a><\/p>\n","protected":false},"excerpt":{"rendered":"<p>Aymeric Laporte devrait \u00eatre encore une fois titulaire avec Manchester City ce soir, \u00e0 Lyon, en Ligue des Champions. Devenu indiscutable dans l\u2019effectif de Pep Guardiola, le Fran\u00e7ais peine toujours \u00e0 int\u00e9grer l\u2019\u00e9quipe de France. Tentative d\u2019explication.<\/p>\n","protected":false},"author":28,"featured_media":29678,"comment_status":"open","ping_status":"closed","sticky":false,"template":"","format":"standard","meta":{"_acf_changed":false,"_daextam_enable_autolinks":"","footnotes":""},"categories":[2,2301],"tags":[4957,4318,199,75,3169,3234],"class_list":["post-29670","post","type-post","status-publish","format-standard","has-post-thumbnail","hentry","category-actualites","category-football","tag-aymeric-laporte","tag-didier-deschamps","tag-equipe-de-france","tag-football","tag-manchester-city","tag-pep-guardiola"],"acf":[],"yoast_head":"<!-- This site is optimized with the Yoast SEO Premium plugin v26.7 (Yoast SEO v26.7) - https:\/\/yoast.com\/wordpress\/plugins\/seo\/ -->\n<title>Aymeric Laporte, une absence qui surprend<\/title>\n<meta name=\"description\" content=\"Aymeric Laporte, titulaire avec Manchester City ce soir, \u00e0 Lyon, en Ligue des Champions, peine toujours \u00e0 int\u00e9grer l\u2019\u00e9quipe de France\" \/>\n<meta name=\"robots\" content=\"index, follow, max-snippet:-1, max-image-preview:large, max-video-preview:-1\" \/>\n<link rel=\"canonical\" href=\"https:\/\/dicodusport.fr\/blog\/aymeric-laporte-une-absence-qui-surprend\/\" \/>\n<meta property=\"og:locale\" content=\"fr_FR\" \/>\n<meta property=\"og:type\" content=\"article\" \/>\n<meta property=\"og:title\" content=\"Aymeric Laporte, une absence qui surprend\" \/>\n<meta property=\"og:description\" content=\"Aymeric Laporte, titulaire avec Manchester City ce soir, \u00e0 Lyon, en Ligue des Champions, peine toujours \u00e0 int\u00e9grer l\u2019\u00e9quipe de France\" \/>\n<meta property=\"og:url\" content=\"https:\/\/dicodusport.fr\/blog\/aymeric-laporte-une-absence-qui-surprend\/\" \/>\n<meta property=\"og:site_name\" content=\"Dicodusport\" \/>\n<meta property=\"article:publisher\" content=\"https:\/\/www.facebook.com\/dicodusport\" \/>\n<meta property=\"article:published_time\" content=\"2018-11-27T08:05:30+00:00\" \/>\n<meta property=\"article:modified_time\" content=\"2018-11-27T09:06:30+00:00\" \/>\n<meta property=\"og:image\" content=\"https:\/\/dicodusport.fr\/blog\/wp-content\/uploads\/2018\/11\/Aymeric-Laporte-Manchester-City.png\" \/>\n\t<meta property=\"og:image:width\" content=\"800\" \/>\n\t<meta property=\"og:image:height\" content=\"445\" \/>\n\t<meta property=\"og:image:type\" content=\"image\/png\" \/>\n<meta name=\"author\" content=\"Bastien Pitte\" \/>\n<meta name=\"twitter:card\" content=\"summary_large_image\" \/>\n<meta name=\"twitter:creator\" content=\"@dicodusport\" \/>\n<meta name=\"twitter:site\" content=\"@dicodusport\" \/>\n<script type=\"application\/ld+json\" class=\"yoast-schema-graph\">{\"@context\":\"https:\/\/schema.org\",\"@graph\":[{\"@type\":\"NewsArticle\",\"@id\":\"https:\/\/dicodusport.fr\/blog\/aymeric-laporte-une-absence-qui-surprend\/#article\",\"isPartOf\":{\"@id\":\"https:\/\/dicodusport.fr\/blog\/aymeric-laporte-une-absence-qui-surprend\/\"},\"author\":{\"name\":\"Bastien Pitte\",\"@id\":\"https:\/\/dicodusport.fr\/blog\/#\/schema\/person\/0d3ca824646a2d0c77bdd7e45230c071\"},\"headline\":\"Aymeric Laporte, une absence qui surprend\",\"datePublished\":\"2018-11-27T08:05:30+00:00\",\"dateModified\":\"2018-11-27T09:06:30+00:00\",\"mainEntityOfPage\":{\"@id\":\"https:\/\/dicodusport.fr\/blog\/aymeric-laporte-une-absence-qui-surprend\/\"},\"wordCount\":548,\"commentCount\":0,\"publisher\":{\"@id\":\"https:\/\/dicodusport.fr\/blog\/#organization\"},\"image\":{\"@id\":\"https:\/\/dicodusport.fr\/blog\/aymeric-laporte-une-absence-qui-surprend\/#primaryimage\"},\"thumbnailUrl\":\"https:\/\/dicodusport.fr\/blog\/wp-content\/uploads\/2018\/11\/Aymeric-Laporte-Manchester-City.png\",\"keywords\":[\"Aymeric Laporte\",\"Didier Deschamps\",\"\u00c9quipe de France\",\"Football\",\"Manchester City\",\"Pep Guardiola\"],\"articleSection\":[\"Actualit\u00e9s\",\"Football\"],\"inLanguage\":\"fr-FR\",\"potentialAction\":[{\"@type\":\"CommentAction\",\"name\":\"Comment\",\"target\":[\"https:\/\/dicodusport.fr\/blog\/aymeric-laporte-une-absence-qui-surprend\/#respond\"]}],\"copyrightYear\":\"2018\",\"copyrightHolder\":{\"@id\":\"https:\/\/dicodusport.fr\/blog\/#organization\"}},{\"@type\":\"WebPage\",\"@id\":\"https:\/\/dicodusport.fr\/blog\/aymeric-laporte-une-absence-qui-surprend\/\",\"url\":\"https:\/\/dicodusport.fr\/blog\/aymeric-laporte-une-absence-qui-surprend\/\",\"name\":\"Aymeric Laporte, une absence qui surprend\",\"isPartOf\":{\"@id\":\"https:\/\/dicodusport.fr\/blog\/#website\"},\"primaryImageOfPage\":{\"@id\":\"https:\/\/dicodusport.fr\/blog\/aymeric-laporte-une-absence-qui-surprend\/#primaryimage\"},\"image\":{\"@id\":\"https:\/\/dicodusport.fr\/blog\/aymeric-laporte-une-absence-qui-surprend\/#primaryimage\"},\"thumbnailUrl\":\"https:\/\/dicodusport.fr\/blog\/wp-content\/uploads\/2018\/11\/Aymeric-Laporte-Manchester-City.png\",\"datePublished\":\"2018-11-27T08:05:30+00:00\",\"dateModified\":\"2018-11-27T09:06:30+00:00\",\"description\":\"Aymeric Laporte, titulaire avec Manchester City ce soir, \u00e0 Lyon, en Ligue des Champions, peine toujours \u00e0 int\u00e9grer l\u2019\u00e9quipe de France\",\"breadcrumb\":{\"@id\":\"https:\/\/dicodusport.fr\/blog\/aymeric-laporte-une-absence-qui-surprend\/#breadcrumb\"},\"inLanguage\":\"fr-FR\",\"potentialAction\":[{\"@type\":\"ReadAction\",\"target\":[\"https:\/\/dicodusport.fr\/blog\/aymeric-laporte-une-absence-qui-surprend\/\"]}]},{\"@type\":\"ImageObject\",\"inLanguage\":\"fr-FR\",\"@id\":\"https:\/\/dicodusport.fr\/blog\/aymeric-laporte-une-absence-qui-surprend\/#primaryimage\",\"url\":\"https:\/\/dicodusport.fr\/blog\/wp-content\/uploads\/2018\/11\/Aymeric-Laporte-Manchester-City.png\",\"contentUrl\":\"https:\/\/dicodusport.fr\/blog\/wp-content\/uploads\/2018\/11\/Aymeric-Laporte-Manchester-City.png\",\"width\":800,\"height\":445,\"caption\":\"SLLLLLLLLLLLLL\"},{\"@type\":\"BreadcrumbList\",\"@id\":\"https:\/\/dicodusport.fr\/blog\/aymeric-laporte-une-absence-qui-surprend\/#breadcrumb\",\"itemListElement\":[{\"@type\":\"ListItem\",\"position\":1,\"name\":\"Accueil\",\"item\":\"https:\/\/dicodusport.fr\/blog\/\"},{\"@type\":\"ListItem\",\"position\":2,\"name\":\"Aymeric Laporte, une absence qui surprend\"}]},{\"@type\":\"WebSite\",\"@id\":\"https:\/\/dicodusport.fr\/blog\/#website\",\"url\":\"https:\/\/dicodusport.fr\/blog\/\",\"name\":\"Dicodusport\",\"description\":\"L&#039;encyclop\u00e9die de l&#039;actualit\u00e9 sportive\",\"publisher\":{\"@id\":\"https:\/\/dicodusport.fr\/blog\/#organization\"},\"potentialAction\":[{\"@type\":\"SearchAction\",\"target\":{\"@type\":\"EntryPoint\",\"urlTemplate\":\"https:\/\/dicodusport.fr\/blog\/?s={search_term_string}\"},\"query-input\":{\"@type\":\"PropertyValueSpecification\",\"valueRequired\":true,\"valueName\":\"search_term_string\"}}],\"inLanguage\":\"fr-FR\"},{\"@type\":\"NewsMediaOrganization\",\"@id\":\"https:\/\/dicodusport.fr\/blog\/#organization\",\"name\":\"Dicodusport\",\"url\":\"https:\/\/dicodusport.fr\/blog\/\",\"logo\":{\"@type\":\"ImageObject\",\"inLanguage\":\"fr-FR\",\"@id\":\"https:\/\/dicodusport.fr\/blog\/#\/schema\/logo\/image\/\",\"url\":\"https:\/\/dicodusport.fr\/blog\/wp-content\/uploads\/2020\/06\/cropped-LOGO-DICODUSPORT-2020-SANS-FOND-SANS-TEXTE.png\",\"contentUrl\":\"https:\/\/dicodusport.fr\/blog\/wp-content\/uploads\/2020\/06\/cropped-LOGO-DICODUSPORT-2020-SANS-FOND-SANS-TEXTE.png\",\"width\":512,\"height\":512,\"caption\":\"Dicodusport\"},\"image\":{\"@id\":\"https:\/\/dicodusport.fr\/blog\/#\/schema\/logo\/image\/\"},\"sameAs\":[\"https:\/\/www.facebook.com\/dicodusport\",\"https:\/\/x.com\/dicodusport\",\"https:\/\/www.instagram.com\/dicodusport\/\",\"https:\/\/www.youtube.com\/channel\/UC7V2KZ5sd3htJivAbA4ZG3w\"],\"description\":\"Dicodusport est l'encyclop\u00e9die de l'actualit\u00e9 sportive.\",\"email\":\"bonjour@dicodusport.fr\",\"legalName\":\"DICODUSPORT\",\"foundingDate\":\"2018-01-14\",\"vatID\":\"FR71834470973\",\"taxID\":\"83447097300043\",\"numberOfEmployees\":{\"@type\":\"QuantitativeValue\",\"minValue\":\"1\",\"maxValue\":\"10\"}},{\"@type\":\"Person\",\"@id\":\"https:\/\/dicodusport.fr\/blog\/#\/schema\/person\/0d3ca824646a2d0c77bdd7e45230c071\",\"name\":\"Bastien Pitte\",\"image\":{\"@type\":\"ImageObject\",\"inLanguage\":\"fr-FR\",\"@id\":\"https:\/\/dicodusport.fr\/blog\/#\/schema\/person\/image\/\",\"url\":\"https:\/\/dicodusport.fr\/blog\/wp-content\/uploads\/2020\/06\/cropped-LOGO-DICODUSPORT-2020-SANS-FOND-SANS-TEXTE-150x150.png\",\"contentUrl\":\"https:\/\/dicodusport.fr\/blog\/wp-content\/uploads\/2020\/06\/cropped-LOGO-DICODUSPORT-2020-SANS-FOND-SANS-TEXTE-150x150.png\",\"caption\":\"Bastien Pitte\"},\"url\":\"https:\/\/dicodusport.fr\/blog\/author\/bastien\/\"}]}<\/script>\n<!-- \/ Yoast SEO Premium plugin. -->","yoast_head_json":{"title":"Aymeric Laporte, une absence qui surprend","description":"Aymeric Laporte, titulaire avec Manchester City ce soir, \u00e0 Lyon, en Ligue des Champions, peine toujours \u00e0 int\u00e9grer l\u2019\u00e9quipe de France","robots":{"index":"index","follow":"follow","max-snippet":"max-snippet:-1","max-image-preview":"max-image-preview:large","max-video-preview":"max-video-preview:-1"},"canonical":"https:\/\/dicodusport.fr\/blog\/aymeric-laporte-une-absence-qui-surprend\/","og_locale":"fr_FR","og_type":"article","og_title":"Aymeric Laporte, une absence qui surprend","og_description":"Aymeric Laporte, titulaire avec Manchester City ce soir, \u00e0 Lyon, en Ligue des Champions, peine toujours \u00e0 int\u00e9grer l\u2019\u00e9quipe de France","og_url":"https:\/\/dicodusport.fr\/blog\/aymeric-laporte-une-absence-qui-surprend\/","og_site_name":"Dicodusport","article_publisher":"https:\/\/www.facebook.com\/dicodusport","article_published_time":"2018-11-27T08:05:30+00:00","article_modified_time":"2018-11-27T09:06:30+00:00","og_image":[{"width":800,"height":445,"url":"https:\/\/dicodusport.fr\/blog\/wp-content\/uploads\/2018\/11\/Aymeric-Laporte-Manchester-City.png","type":"image\/png"}],"author":"Bastien Pitte","twitter_card":"summary_large_image","twitter_creator":"@dicodusport","twitter_site":"@dicodusport","schema":{"@context":"https:\/\/schema.org","@graph":[{"@type":"NewsArticle","@id":"https:\/\/dicodusport.fr\/blog\/aymeric-laporte-une-absence-qui-surprend\/#article","isPartOf":{"@id":"https:\/\/dicodusport.fr\/blog\/aymeric-laporte-une-absence-qui-surprend\/"},"author":{"name":"Bastien Pitte","@id":"https:\/\/dicodusport.fr\/blog\/#\/schema\/person\/0d3ca824646a2d0c77bdd7e45230c071"},"headline":"Aymeric Laporte, une absence qui surprend","datePublished":"2018-11-27T08:05:30+00:00","dateModified":"2018-11-27T09:06:30+00:00","mainEntityOfPage":{"@id":"https:\/\/dicodusport.fr\/blog\/aymeric-laporte-une-absence-qui-surprend\/"},"wordCount":548,"commentCount":0,"publisher":{"@id":"https:\/\/dicodusport.fr\/blog\/#organization"},"image":{"@id":"https:\/\/dicodusport.fr\/blog\/aymeric-laporte-une-absence-qui-surprend\/#primaryimage"},"thumbnailUrl":"https:\/\/dicodusport.fr\/blog\/wp-content\/uploads\/2018\/11\/Aymeric-Laporte-Manchester-City.png","keywords":["Aymeric Laporte","Didier Deschamps","\u00c9quipe de France","Football","Manchester City","Pep Guardiola"],"articleSection":["Actualit\u00e9s","Football"],"inLanguage":"fr-FR","potentialAction":[{"@type":"CommentAction","name":"Comment","target":["https:\/\/dicodusport.fr\/blog\/aymeric-laporte-une-absence-qui-surprend\/#respond"]}],"copyrightYear":"2018","copyrightHolder":{"@id":"https:\/\/dicodusport.fr\/blog\/#organization"}},{"@type":"WebPage","@id":"https:\/\/dicodusport.fr\/blog\/aymeric-laporte-une-absence-qui-surprend\/","url":"https:\/\/dicodusport.fr\/blog\/aymeric-laporte-une-absence-qui-surprend\/","name":"Aymeric Laporte, une absence qui surprend","isPartOf":{"@id":"https:\/\/dicodusport.fr\/blog\/#website"},"primaryImageOfPage":{"@id":"https:\/\/dicodusport.fr\/blog\/aymeric-laporte-une-absence-qui-surprend\/#primaryimage"},"image":{"@id":"https:\/\/dicodusport.fr\/blog\/aymeric-laporte-une-absence-qui-surprend\/#primaryimage"},"thumbnailUrl":"https:\/\/dicodusport.fr\/blog\/wp-content\/uploads\/2018\/11\/Aymeric-Laporte-Manchester-City.png","datePublished":"2018-11-27T08:05:30+00:00","dateModified":"2018-11-27T09:06:30+00:00","description":"Aymeric Laporte, titulaire avec Manchester City ce soir, \u00e0 Lyon, en Ligue des Champions, peine toujours \u00e0 int\u00e9grer l\u2019\u00e9quipe de France","breadcrumb":{"@id":"https:\/\/dicodusport.fr\/blog\/aymeric-laporte-une-absence-qui-surprend\/#breadcrumb"},"inLanguage":"fr-FR","potentialAction":[{"@type":"ReadAction","target":["https:\/\/dicodusport.fr\/blog\/aymeric-laporte-une-absence-qui-surprend\/"]}]},{"@type":"ImageObject","inLanguage":"fr-FR","@id":"https:\/\/dicodusport.fr\/blog\/aymeric-laporte-une-absence-qui-surprend\/#primaryimage","url":"https:\/\/dicodusport.fr\/blog\/wp-content\/uploads\/2018\/11\/Aymeric-Laporte-Manchester-City.png","contentUrl":"https:\/\/dicodusport.fr\/blog\/wp-content\/uploads\/2018\/11\/Aymeric-Laporte-Manchester-City.png","width":800,"height":445,"caption":"SLLLLLLLLLLLLL"},{"@type":"BreadcrumbList","@id":"https:\/\/dicodusport.fr\/blog\/aymeric-laporte-une-absence-qui-surprend\/#breadcrumb","itemListElement":[{"@type":"ListItem","position":1,"name":"Accueil","item":"https:\/\/dicodusport.fr\/blog\/"},{"@type":"ListItem","position":2,"name":"Aymeric Laporte, une absence qui surprend"}]},{"@type":"WebSite","@id":"https:\/\/dicodusport.fr\/blog\/#website","url":"https:\/\/dicodusport.fr\/blog\/","name":"Dicodusport","description":"L&#039;encyclop\u00e9die de l&#039;actualit\u00e9 sportive","publisher":{"@id":"https:\/\/dicodusport.fr\/blog\/#organization"},"potentialAction":[{"@type":"SearchAction","target":{"@type":"EntryPoint","urlTemplate":"https:\/\/dicodusport.fr\/blog\/?s={search_term_string}"},"query-input":{"@type":"PropertyValueSpecification","valueRequired":true,"valueName":"search_term_string"}}],"inLanguage":"fr-FR"},{"@type":"NewsMediaOrganization","@id":"https:\/\/dicodusport.fr\/blog\/#organization","name":"Dicodusport","url":"https:\/\/dicodusport.fr\/blog\/","logo":{"@type":"ImageObject","inLanguage":"fr-FR","@id":"https:\/\/dicodusport.fr\/blog\/#\/schema\/logo\/image\/","url":"https:\/\/dicodusport.fr\/blog\/wp-content\/uploads\/2020\/06\/cropped-LOGO-DICODUSPORT-2020-SANS-FOND-SANS-TEXTE.png","contentUrl":"https:\/\/dicodusport.fr\/blog\/wp-content\/uploads\/2020\/06\/cropped-LOGO-DICODUSPORT-2020-SANS-FOND-SANS-TEXTE.png","width":512,"height":512,"caption":"Dicodusport"},"image":{"@id":"https:\/\/dicodusport.fr\/blog\/#\/schema\/logo\/image\/"},"sameAs":["https:\/\/www.facebook.com\/dicodusport","https:\/\/x.com\/dicodusport","https:\/\/www.instagram.com\/dicodusport\/","https:\/\/www.youtube.com\/channel\/UC7V2KZ5sd3htJivAbA4ZG3w"],"description":"Dicodusport est l'encyclop\u00e9die de l'actualit\u00e9 sportive.","email":"bonjour@dicodusport.fr","legalName":"DICODUSPORT","foundingDate":"2018-01-14","vatID":"FR71834470973","taxID":"83447097300043","numberOfEmployees":{"@type":"QuantitativeValue","minValue":"1","maxValue":"10"}},{"@type":"Person","@id":"https:\/\/dicodusport.fr\/blog\/#\/schema\/person\/0d3ca824646a2d0c77bdd7e45230c071","name":"Bastien Pitte","image":{"@type":"ImageObject","inLanguage":"fr-FR","@id":"https:\/\/dicodusport.fr\/blog\/#\/schema\/person\/image\/","url":"https:\/\/dicodusport.fr\/blog\/wp-content\/uploads\/2020\/06\/cropped-LOGO-DICODUSPORT-2020-SANS-FOND-SANS-TEXTE-150x150.png","contentUrl":"https:\/\/dicodusport.fr\/blog\/wp-content\/uploads\/2020\/06\/cropped-LOGO-DICODUSPORT-2020-SANS-FOND-SANS-TEXTE-150x150.png","caption":"Bastien Pitte"},"url":"https:\/\/dicodusport.fr\/blog\/author\/bastien\/"}]}},"_links":{"self":[{"href":"https:\/\/dicodusport.fr\/blog\/wp-json\/wp\/v2\/posts\/29670","targetHints":{"allow":["GET"]}}],"collection":[{"href":"https:\/\/dicodusport.fr\/blog\/wp-json\/wp\/v2\/posts"}],"about":[{"href":"https:\/\/dicodusport.fr\/blog\/wp-json\/wp\/v2\/types\/post"}],"author":[{"embeddable":true,"href":"https:\/\/dicodusport.fr\/blog\/wp-json\/wp\/v2\/users\/28"}],"replies":[{"embeddable":true,"href":"https:\/\/dicodusport.fr\/blog\/wp-json\/wp\/v2\/comments?post=29670"}],"version-history":[{"count":0,"href":"https:\/\/dicodusport.fr\/blog\/wp-json\/wp\/v2\/posts\/29670\/revisions"}],"wp:featuredmedia":[{"embeddable":true,"href":"https:\/\/dicodusport.fr\/blog\/wp-json\/wp\/v2\/media\/29678"}],"wp:attachment":[{"href":"https:\/\/dicodusport.fr\/blog\/wp-json\/wp\/v2\/media?parent=29670"}],"wp:term":[{"taxonomy":"category","embeddable":true,"href":"https:\/\/dicodusport.fr\/blog\/wp-json\/wp\/v2\/categories?post=29670"},{"taxonomy":"post_tag","embeddable":true,"href":"https:\/\/dicodusport.fr\/blog\/wp-json\/wp\/v2\/tags?post=29670"}],"curies":[{"name":"wp","href":"https:\/\/api.w.org\/{rel}","templated":true}]}}