{"id":29746,"date":"2018-11-28T13:54:53","date_gmt":"2018-11-28T12:54:53","guid":{"rendered":"http:\/\/dicodusport.fr\/blog\/?p=29746"},"modified":"2025-09-16T09:14:57","modified_gmt":"2025-09-16T07:14:57","slug":"lyon-bande-de-cons","status":"publish","type":"post","link":"https:\/\/dicodusport.fr\/blog\/lyon-bande-de-cons\/","title":{"rendered":"Lyon, bande de cons"},"content":{"rendered":"<p style=\"text-align: justify;\"><em><strong>Edito &#8211; Pour la deuxi\u00e8me fois de la saison, l&rsquo;OL de Bruno G\u00e9n\u00e9sio a tenu la drag\u00e9e haute au Manchester City de Pep Guardiola. Si cette performance redore un peu l&rsquo;image terne des clubs fran\u00e7ais en Coupe d&rsquo;Europe, elle prouve aussi que les Lyonnais sont capables de bien mieux que ce que l&rsquo;on peut voir en championnat.\u00a0<\/strong><\/em><\/p>\n<p style=\"text-align: justify;\">Les premi\u00e8res mauvaises langues ont commenc\u00e9 \u00e0 dire que ce n&rsquo;est pas l&rsquo;OL qui avait \u00e9t\u00e9 bon, mais Manchester City qui n&rsquo;avait pas vraiment jou\u00e9 se contentant d&rsquo;aller chercher un match nul. De deux choses l&rsquo;une pour r\u00e9pondre \u00e0 cela. Primo, connaissant Pep Guardiola, ce n&rsquo;est pas vraiment dans ses habitudes de ne pas d\u00e9marrer un match pour le gagner. Deuzio, c&rsquo;est la deuxi\u00e8me fois de la saison que cela arrive, car d\u00e9j\u00e0 au match aller, Lyon avait domin\u00e9.<\/p>\n<p><span class=\"a2\"><\/p>\n<blockquote class=\"twitter-tweet\" data-width=\"550\" data-dnt=\"true\">\n<p lang=\"fr\" dir=\"ltr\">Pep Guardiola : \u00ab\u00a0On parle tout le temps du PSG en France, mais on a jou\u00e9 contre une \u00e9quipe tr\u00e8s bonne. Il y a de tr\u00e8s bon joueurs dans cette \u00e9quipe.\u00a0Aouar est incroyable, Ndombele a \u00e9norm\u00e9ment de calme. \u00bb <a href=\"https:\/\/t.co\/7H4Rw8eTnp\">pic.twitter.com\/7H4Rw8eTnp<\/a><\/p>\n<p>&mdash; Actu Foot (@ActuFoot_) <a href=\"https:\/\/twitter.com\/ActuFoot_\/status\/1067547560494153729?ref_src=twsrc%5Etfw\">November 27, 2018<\/a><\/p><\/blockquote>\n<p><script async src=\"https:\/\/platform.twitter.com\/widgets.js\" charset=\"utf-8\"><\/script><\/span><\/p>\n<p style=\"text-align: justify;\">Plusieurs points \u00e0 noter pour comprendre comment Lyon a r\u00e9ussi pareille prestation. Comme le dit l&rsquo;entra\u00eeneur des Citizens, le milieu de terrain olympien, compos\u00e9 notamment de Tanguy Ndomb\u00e9l\u00e9 et Houssem Aouar, a \u00e9t\u00e9 impressionnant. Le premier est d\u00e9j\u00e0 en \u00e9quipe de France tandis que pour le deuxi\u00e8me, cela va devenir une \u00e9vidence. Malgr\u00e9 son jeune \u00e2ge, Aouar est un m\u00e9lange de Iniesta et Modric (n&rsquo;allez pas lire qu&rsquo;il est meilleur que ces joueurs), tant il est capable de casser les lignes par sa qualit\u00e9 de dribble, de passe et d&rsquo;acc\u00e9l\u00e9ration tout en ayant une vision du jeu bien sup\u00e9rieure \u00e0 la moyenne. Si les Bleus sont fournis \u00e0 ce poste, Didier Deschamps ne va plus pouvoir le bouder tr\u00e8s longtemps.<\/p>\n<p style=\"text-align: justify;\">Il y a aussi eu le choix tactique de Bruno G\u00e9n\u00e9sio qui a permis aux Rhodaniens de contrecarrer les plans de Manchester City. Mais les principales raisons de la bonne performance lyonnaise sont l&rsquo;implication, l&rsquo;envie et le go\u00fbt de l&rsquo;effort, les uns pour les autres. En plus des qualit\u00e9s techniques et tactiques \u00e9videntes de cette \u00e9quipe, ces ingr\u00e9dients lui permettent de rivaliser avec l&rsquo;une des meilleures \u00e9quipes d&rsquo;Europe alors qu&rsquo;en championnat, les Gones peinent \u00e0 tenir la deuxi\u00e8me place.<\/p>\n<p><span class=\"Y2ViGrL1pAhRx6OdeSJbawfcDNZ9WtgTP43HBUnKm7EI0FvQ\"><\/p>\n<blockquote class=\"twitter-tweet\" data-width=\"550\" data-dnt=\"true\">\n<p lang=\"fr\" dir=\"ltr\">Quand on dit <a href=\"https:\/\/twitter.com\/hashtag\/genesio?src=hash&amp;ref_src=twsrc%5Etfw\">#genesio<\/a> n\u2019est peut \u00eatre pas aussi nul que le pensent certains supporters on se fait insulter. Quand c\u2019est Pep Guardiola qui lui rend hommage il se passe quoi ? C\u2019est une pipe lui aussi ?<\/p>\n<p>&mdash; Herv\u00e9 MATHOUX (@MathouxHerve) <a href=\"https:\/\/twitter.com\/MathouxHerve\/status\/1067543798136389633?ref_src=twsrc%5Etfw\">November 27, 2018<\/a><\/p><\/blockquote>\n<p><script async src=\"https:\/\/platform.twitter.com\/widgets.js\" charset=\"utf-8\"><\/script><\/span><\/p>\n<p style=\"text-align: justify;\">La Ligue des Champions et les grands matchs transcendent, il est vrai, mais le gouffre entre l&rsquo;OL version Ligue 1 et celui de ces grands rendez-vous est beaucoup trop grand. Si Lyon \u00e9voluait \u00e0 un niveau proche de celui vu lors de la double confrontation contre City, le club ne serait pas \u00e0 la lutte pour la deuxi\u00e8me place mais bien sur les talons du PSG. C&rsquo;est aux leaders de cette \u00e9quipe, le capitaine Nabil Fekir, le gardien Anthony Lopes ou encore le pilier de la d\u00e9fense, Marcelo, de galvaniser les troupes autant en championnat que lors des grandes rencontres europ\u00e9ennes.<\/p>\n<p style=\"text-align: justify;\">Pour le moment, et pour toutes ces raisons, cela me fait dire que Lyon est une bande de \u00ab\u00a0cons\u00a0\u00bb, qui peut toujours esp\u00e9rer se qualifier pour les huiti\u00e8mes de finale de la Ligue des Champions, mais qui a d\u00e9j\u00e0 vu le PSG s&rsquo;envoler irr\u00e9m\u00e9diablement en championnat.<\/p>\n<p><em><strong>Nicolas Jacquemard<\/strong><br \/>\n<\/em><a style=\"color: #000000;\" href=\"https:\/\/twitter.com\/Nico_Jacquemard\" target=\"_blank\" rel=\"noopener noreferrer\"><img loading=\"lazy\" decoding=\"async\" class=\"alignnone wp-image-2908\" src=\"http:\/\/dicodusport.fr\/blog\/wp-content\/uploads\/2017\/07\/logo-twitter-150x150.png\" alt=\"\" width=\"39\" height=\"39\" \/><\/a><a style=\"color: #000000;\" href=\"https:\/\/www.facebook.com\/dicodusport\/\" target=\"_blank\" rel=\"noopener noreferrer\"><img loading=\"lazy\" decoding=\"async\" class=\"alignnone wp-image-2909\" src=\"http:\/\/dicodusport.fr\/blog\/wp-content\/uploads\/2017\/07\/logo-facebook-150x150.png\" alt=\"\" width=\"40\" height=\"40\" \/><\/a><\/p>\n","protected":false},"excerpt":{"rendered":"<p>Edito &#8211; Pour la deuxi\u00e8me fois de la saison, l&rsquo;OL de Bruno G\u00e9n\u00e9sio a tenu la drag\u00e9e haute au Manchester City de Pep Guardiola. Si cette performance redore un peu l&rsquo;image terne des clubs fran\u00e7ais en Coupe d&rsquo;Europe, elle prouve aussi que les Lyonnais sont capables de bien mieux que ce que l&rsquo;on peut voir en championnat. <\/p>\n","protected":false},"author":1,"featured_media":29753,"comment_status":"open","ping_status":"closed","sticky":false,"template":"","format":"standard","meta":{"_acf_changed":false,"_daextam_enable_autolinks":"","footnotes":""},"categories":[4940,2301,47250],"tags":[1677,75,419,449,1145],"class_list":["post-29746","post","type-post","status-publish","format-standard","has-post-thumbnail","hentry","category-edito","category-football","category-ligue-des-champions-de-football","tag-fekir","tag-football","tag-ligue-des-champions","tag-lyon","tag-ol"],"acf":[],"yoast_head":"<!-- This site is optimized with the Yoast SEO Premium plugin v26.7 (Yoast SEO v26.7) - https:\/\/yoast.com\/wordpress\/plugins\/seo\/ -->\n<title>Lyon, bande de cons<\/title>\n<meta name=\"description\" content=\"Edito - Pour la deuxi\u00e8me fois de la saison, l&#039;OL de G\u00e9n\u00e9sio a tenu la drag\u00e9e haute au Manchester City de Pep Guardiola. Une performance qui en dit long.\" \/>\n<meta name=\"robots\" content=\"index, follow, max-snippet:-1, max-image-preview:large, max-video-preview:-1\" \/>\n<link rel=\"canonical\" href=\"https:\/\/dicodusport.fr\/blog\/lyon-bande-de-cons\/\" \/>\n<meta property=\"og:locale\" content=\"fr_FR\" \/>\n<meta property=\"og:type\" content=\"article\" \/>\n<meta property=\"og:title\" content=\"Lyon, bande de cons\" \/>\n<meta property=\"og:description\" content=\"Edito - Pour la deuxi\u00e8me fois de la saison, l&#039;OL de G\u00e9n\u00e9sio a tenu la drag\u00e9e haute au Manchester City de Pep Guardiola. Une performance qui en dit long.\" \/>\n<meta property=\"og:url\" content=\"https:\/\/dicodusport.fr\/blog\/lyon-bande-de-cons\/\" \/>\n<meta property=\"og:site_name\" content=\"Dicodusport\" \/>\n<meta property=\"article:publisher\" content=\"https:\/\/www.facebook.com\/dicodusport\" \/>\n<meta property=\"article:author\" content=\"https:\/\/www.facebook.com\/dicodusport\" \/>\n<meta property=\"article:published_time\" content=\"2018-11-28T12:54:53+00:00\" \/>\n<meta property=\"article:modified_time\" content=\"2025-09-16T07:14:57+00:00\" \/>\n<meta property=\"og:image\" content=\"https:\/\/dicodusport.fr\/blog\/wp-content\/uploads\/2018\/11\/OL-Cornet.png\" \/>\n\t<meta property=\"og:image:width\" content=\"800\" \/>\n\t<meta property=\"og:image:height\" content=\"445\" \/>\n\t<meta property=\"og:image:type\" content=\"image\/png\" \/>\n<meta name=\"author\" content=\"Nicolas Jacquemard\" \/>\n<meta name=\"twitter:card\" content=\"summary_large_image\" \/>\n<meta name=\"twitter:creator\" content=\"@https:\/\/twitter.com\/Nico_Jacquemard\" \/>\n<meta name=\"twitter:site\" content=\"@dicodusport\" \/>\n<script type=\"application\/ld+json\" class=\"yoast-schema-graph\">{\"@context\":\"https:\/\/schema.org\",\"@graph\":[{\"@type\":\"NewsArticle\",\"@id\":\"https:\/\/dicodusport.fr\/blog\/lyon-bande-de-cons\/#article\",\"isPartOf\":{\"@id\":\"https:\/\/dicodusport.fr\/blog\/lyon-bande-de-cons\/\"},\"author\":{\"name\":\"Nicolas Jacquemard\",\"@id\":\"https:\/\/dicodusport.fr\/blog\/#\/schema\/person\/55dcb50ad410894e431ed812bbb70191\"},\"headline\":\"Lyon, bande de cons\",\"datePublished\":\"2018-11-28T12:54:53+00:00\",\"dateModified\":\"2025-09-16T07:14:57+00:00\",\"mainEntityOfPage\":{\"@id\":\"https:\/\/dicodusport.fr\/blog\/lyon-bande-de-cons\/\"},\"wordCount\":547,\"commentCount\":0,\"publisher\":{\"@id\":\"https:\/\/dicodusport.fr\/blog\/#organization\"},\"image\":{\"@id\":\"https:\/\/dicodusport.fr\/blog\/lyon-bande-de-cons\/#primaryimage\"},\"thumbnailUrl\":\"https:\/\/dicodusport.fr\/blog\/wp-content\/uploads\/2018\/11\/OL-Cornet.png\",\"keywords\":[\"Fekir\",\"Football\",\"Ligue des champions\",\"Lyon\",\"OL\"],\"articleSection\":[\"Edito\",\"Football\",\"Ligue des Champions de football\"],\"inLanguage\":\"fr-FR\",\"potentialAction\":[{\"@type\":\"CommentAction\",\"name\":\"Comment\",\"target\":[\"https:\/\/dicodusport.fr\/blog\/lyon-bande-de-cons\/#respond\"]}],\"copyrightYear\":\"2018\",\"copyrightHolder\":{\"@id\":\"https:\/\/dicodusport.fr\/blog\/#organization\"}},{\"@type\":\"WebPage\",\"@id\":\"https:\/\/dicodusport.fr\/blog\/lyon-bande-de-cons\/\",\"url\":\"https:\/\/dicodusport.fr\/blog\/lyon-bande-de-cons\/\",\"name\":\"Lyon, bande de cons\",\"isPartOf\":{\"@id\":\"https:\/\/dicodusport.fr\/blog\/#website\"},\"primaryImageOfPage\":{\"@id\":\"https:\/\/dicodusport.fr\/blog\/lyon-bande-de-cons\/#primaryimage\"},\"image\":{\"@id\":\"https:\/\/dicodusport.fr\/blog\/lyon-bande-de-cons\/#primaryimage\"},\"thumbnailUrl\":\"https:\/\/dicodusport.fr\/blog\/wp-content\/uploads\/2018\/11\/OL-Cornet.png\",\"datePublished\":\"2018-11-28T12:54:53+00:00\",\"dateModified\":\"2025-09-16T07:14:57+00:00\",\"description\":\"Edito - Pour la deuxi\u00e8me fois de la saison, l'OL de G\u00e9n\u00e9sio a tenu la drag\u00e9e haute au Manchester City de Pep Guardiola. Une performance qui en dit long.\",\"breadcrumb\":{\"@id\":\"https:\/\/dicodusport.fr\/blog\/lyon-bande-de-cons\/#breadcrumb\"},\"inLanguage\":\"fr-FR\",\"potentialAction\":[{\"@type\":\"ReadAction\",\"target\":[\"https:\/\/dicodusport.fr\/blog\/lyon-bande-de-cons\/\"]}]},{\"@type\":\"ImageObject\",\"inLanguage\":\"fr-FR\",\"@id\":\"https:\/\/dicodusport.fr\/blog\/lyon-bande-de-cons\/#primaryimage\",\"url\":\"https:\/\/dicodusport.fr\/blog\/wp-content\/uploads\/2018\/11\/OL-Cornet.png\",\"contentUrl\":\"https:\/\/dicodusport.fr\/blog\/wp-content\/uploads\/2018\/11\/OL-Cornet.png\",\"width\":800,\"height\":445},{\"@type\":\"BreadcrumbList\",\"@id\":\"https:\/\/dicodusport.fr\/blog\/lyon-bande-de-cons\/#breadcrumb\",\"itemListElement\":[{\"@type\":\"ListItem\",\"position\":1,\"name\":\"Accueil\",\"item\":\"https:\/\/dicodusport.fr\/blog\/\"},{\"@type\":\"ListItem\",\"position\":2,\"name\":\"Lyon, bande de cons\"}]},{\"@type\":\"WebSite\",\"@id\":\"https:\/\/dicodusport.fr\/blog\/#website\",\"url\":\"https:\/\/dicodusport.fr\/blog\/\",\"name\":\"Dicodusport\",\"description\":\"L&#039;encyclop\u00e9die de l&#039;actualit\u00e9 sportive\",\"publisher\":{\"@id\":\"https:\/\/dicodusport.fr\/blog\/#organization\"},\"potentialAction\":[{\"@type\":\"SearchAction\",\"target\":{\"@type\":\"EntryPoint\",\"urlTemplate\":\"https:\/\/dicodusport.fr\/blog\/?s={search_term_string}\"},\"query-input\":{\"@type\":\"PropertyValueSpecification\",\"valueRequired\":true,\"valueName\":\"search_term_string\"}}],\"inLanguage\":\"fr-FR\"},{\"@type\":\"NewsMediaOrganization\",\"@id\":\"https:\/\/dicodusport.fr\/blog\/#organization\",\"name\":\"Dicodusport\",\"url\":\"https:\/\/dicodusport.fr\/blog\/\",\"logo\":{\"@type\":\"ImageObject\",\"inLanguage\":\"fr-FR\",\"@id\":\"https:\/\/dicodusport.fr\/blog\/#\/schema\/logo\/image\/\",\"url\":\"https:\/\/dicodusport.fr\/blog\/wp-content\/uploads\/2020\/06\/cropped-LOGO-DICODUSPORT-2020-SANS-FOND-SANS-TEXTE.png\",\"contentUrl\":\"https:\/\/dicodusport.fr\/blog\/wp-content\/uploads\/2020\/06\/cropped-LOGO-DICODUSPORT-2020-SANS-FOND-SANS-TEXTE.png\",\"width\":512,\"height\":512,\"caption\":\"Dicodusport\"},\"image\":{\"@id\":\"https:\/\/dicodusport.fr\/blog\/#\/schema\/logo\/image\/\"},\"sameAs\":[\"https:\/\/www.facebook.com\/dicodusport\",\"https:\/\/x.com\/dicodusport\",\"https:\/\/www.instagram.com\/dicodusport\/\",\"https:\/\/www.youtube.com\/channel\/UC7V2KZ5sd3htJivAbA4ZG3w\"],\"description\":\"Dicodusport est l'encyclop\u00e9die de l'actualit\u00e9 sportive.\",\"email\":\"bonjour@dicodusport.fr\",\"legalName\":\"DICODUSPORT\",\"foundingDate\":\"2018-01-14\",\"vatID\":\"FR71834470973\",\"taxID\":\"83447097300043\",\"numberOfEmployees\":{\"@type\":\"QuantitativeValue\",\"minValue\":\"1\",\"maxValue\":\"10\"}},{\"@type\":\"Person\",\"@id\":\"https:\/\/dicodusport.fr\/blog\/#\/schema\/person\/55dcb50ad410894e431ed812bbb70191\",\"name\":\"Nicolas Jacquemard\",\"image\":{\"@type\":\"ImageObject\",\"inLanguage\":\"fr-FR\",\"@id\":\"https:\/\/dicodusport.fr\/blog\/#\/schema\/person\/image\/\",\"url\":\"https:\/\/dicodusport.fr\/blog\/wp-content\/uploads\/2021\/05\/Nicolas-Jacquemard-150x150.jpeg\",\"contentUrl\":\"https:\/\/dicodusport.fr\/blog\/wp-content\/uploads\/2021\/05\/Nicolas-Jacquemard-150x150.jpeg\",\"caption\":\"Nicolas Jacquemard\"},\"description\":\"Passionn\u00e9 de sport et entrepreneur depuis mes 18 ans, la cr\u00e9ation de Dicodusport m'a sembl\u00e9 \u00e9vidente pour participer \u00e0 la m\u00e9diatisation d'un plus grand nombre de sports. Le chemin est long mais avec une \u00e9quipe des plus motiv\u00e9es et les Jeux Olympiques de Paris 2024 en point de mire, nous y arriverons ! Journaliste dans le monde du sport depuis plus de 5 ans, je traite aussi bien de football, de rugby, de biathlon que de cyclisme.\",\"sameAs\":[\"https:\/\/www.facebook.com\/dicodusport\",\"https:\/\/x.com\/https:\/\/twitter.com\/Nico_Jacquemard\"],\"url\":\"https:\/\/dicodusport.fr\/blog\/author\/dicodusport\/\"}]}<\/script>\n<!-- \/ Yoast SEO Premium plugin. -->","yoast_head_json":{"title":"Lyon, bande de cons","description":"Edito - Pour la deuxi\u00e8me fois de la saison, l'OL de G\u00e9n\u00e9sio a tenu la drag\u00e9e haute au Manchester City de Pep Guardiola. Une performance qui en dit long.","robots":{"index":"index","follow":"follow","max-snippet":"max-snippet:-1","max-image-preview":"max-image-preview:large","max-video-preview":"max-video-preview:-1"},"canonical":"https:\/\/dicodusport.fr\/blog\/lyon-bande-de-cons\/","og_locale":"fr_FR","og_type":"article","og_title":"Lyon, bande de cons","og_description":"Edito - Pour la deuxi\u00e8me fois de la saison, l'OL de G\u00e9n\u00e9sio a tenu la drag\u00e9e haute au Manchester City de Pep Guardiola. Une performance qui en dit long.","og_url":"https:\/\/dicodusport.fr\/blog\/lyon-bande-de-cons\/","og_site_name":"Dicodusport","article_publisher":"https:\/\/www.facebook.com\/dicodusport","article_author":"https:\/\/www.facebook.com\/dicodusport","article_published_time":"2018-11-28T12:54:53+00:00","article_modified_time":"2025-09-16T07:14:57+00:00","og_image":[{"width":800,"height":445,"url":"https:\/\/dicodusport.fr\/blog\/wp-content\/uploads\/2018\/11\/OL-Cornet.png","type":"image\/png"}],"author":"Nicolas Jacquemard","twitter_card":"summary_large_image","twitter_creator":"@https:\/\/twitter.com\/Nico_Jacquemard","twitter_site":"@dicodusport","schema":{"@context":"https:\/\/schema.org","@graph":[{"@type":"NewsArticle","@id":"https:\/\/dicodusport.fr\/blog\/lyon-bande-de-cons\/#article","isPartOf":{"@id":"https:\/\/dicodusport.fr\/blog\/lyon-bande-de-cons\/"},"author":{"name":"Nicolas Jacquemard","@id":"https:\/\/dicodusport.fr\/blog\/#\/schema\/person\/55dcb50ad410894e431ed812bbb70191"},"headline":"Lyon, bande de cons","datePublished":"2018-11-28T12:54:53+00:00","dateModified":"2025-09-16T07:14:57+00:00","mainEntityOfPage":{"@id":"https:\/\/dicodusport.fr\/blog\/lyon-bande-de-cons\/"},"wordCount":547,"commentCount":0,"publisher":{"@id":"https:\/\/dicodusport.fr\/blog\/#organization"},"image":{"@id":"https:\/\/dicodusport.fr\/blog\/lyon-bande-de-cons\/#primaryimage"},"thumbnailUrl":"https:\/\/dicodusport.fr\/blog\/wp-content\/uploads\/2018\/11\/OL-Cornet.png","keywords":["Fekir","Football","Ligue des champions","Lyon","OL"],"articleSection":["Edito","Football","Ligue des Champions de football"],"inLanguage":"fr-FR","potentialAction":[{"@type":"CommentAction","name":"Comment","target":["https:\/\/dicodusport.fr\/blog\/lyon-bande-de-cons\/#respond"]}],"copyrightYear":"2018","copyrightHolder":{"@id":"https:\/\/dicodusport.fr\/blog\/#organization"}},{"@type":"WebPage","@id":"https:\/\/dicodusport.fr\/blog\/lyon-bande-de-cons\/","url":"https:\/\/dicodusport.fr\/blog\/lyon-bande-de-cons\/","name":"Lyon, bande de cons","isPartOf":{"@id":"https:\/\/dicodusport.fr\/blog\/#website"},"primaryImageOfPage":{"@id":"https:\/\/dicodusport.fr\/blog\/lyon-bande-de-cons\/#primaryimage"},"image":{"@id":"https:\/\/dicodusport.fr\/blog\/lyon-bande-de-cons\/#primaryimage"},"thumbnailUrl":"https:\/\/dicodusport.fr\/blog\/wp-content\/uploads\/2018\/11\/OL-Cornet.png","datePublished":"2018-11-28T12:54:53+00:00","dateModified":"2025-09-16T07:14:57+00:00","description":"Edito - Pour la deuxi\u00e8me fois de la saison, l'OL de G\u00e9n\u00e9sio a tenu la drag\u00e9e haute au Manchester City de Pep Guardiola. Une performance qui en dit long.","breadcrumb":{"@id":"https:\/\/dicodusport.fr\/blog\/lyon-bande-de-cons\/#breadcrumb"},"inLanguage":"fr-FR","potentialAction":[{"@type":"ReadAction","target":["https:\/\/dicodusport.fr\/blog\/lyon-bande-de-cons\/"]}]},{"@type":"ImageObject","inLanguage":"fr-FR","@id":"https:\/\/dicodusport.fr\/blog\/lyon-bande-de-cons\/#primaryimage","url":"https:\/\/dicodusport.fr\/blog\/wp-content\/uploads\/2018\/11\/OL-Cornet.png","contentUrl":"https:\/\/dicodusport.fr\/blog\/wp-content\/uploads\/2018\/11\/OL-Cornet.png","width":800,"height":445},{"@type":"BreadcrumbList","@id":"https:\/\/dicodusport.fr\/blog\/lyon-bande-de-cons\/#breadcrumb","itemListElement":[{"@type":"ListItem","position":1,"name":"Accueil","item":"https:\/\/dicodusport.fr\/blog\/"},{"@type":"ListItem","position":2,"name":"Lyon, bande de cons"}]},{"@type":"WebSite","@id":"https:\/\/dicodusport.fr\/blog\/#website","url":"https:\/\/dicodusport.fr\/blog\/","name":"Dicodusport","description":"L&#039;encyclop\u00e9die de l&#039;actualit\u00e9 sportive","publisher":{"@id":"https:\/\/dicodusport.fr\/blog\/#organization"},"potentialAction":[{"@type":"SearchAction","target":{"@type":"EntryPoint","urlTemplate":"https:\/\/dicodusport.fr\/blog\/?s={search_term_string}"},"query-input":{"@type":"PropertyValueSpecification","valueRequired":true,"valueName":"search_term_string"}}],"inLanguage":"fr-FR"},{"@type":"NewsMediaOrganization","@id":"https:\/\/dicodusport.fr\/blog\/#organization","name":"Dicodusport","url":"https:\/\/dicodusport.fr\/blog\/","logo":{"@type":"ImageObject","inLanguage":"fr-FR","@id":"https:\/\/dicodusport.fr\/blog\/#\/schema\/logo\/image\/","url":"https:\/\/dicodusport.fr\/blog\/wp-content\/uploads\/2020\/06\/cropped-LOGO-DICODUSPORT-2020-SANS-FOND-SANS-TEXTE.png","contentUrl":"https:\/\/dicodusport.fr\/blog\/wp-content\/uploads\/2020\/06\/cropped-LOGO-DICODUSPORT-2020-SANS-FOND-SANS-TEXTE.png","width":512,"height":512,"caption":"Dicodusport"},"image":{"@id":"https:\/\/dicodusport.fr\/blog\/#\/schema\/logo\/image\/"},"sameAs":["https:\/\/www.facebook.com\/dicodusport","https:\/\/x.com\/dicodusport","https:\/\/www.instagram.com\/dicodusport\/","https:\/\/www.youtube.com\/channel\/UC7V2KZ5sd3htJivAbA4ZG3w"],"description":"Dicodusport est l'encyclop\u00e9die de l'actualit\u00e9 sportive.","email":"bonjour@dicodusport.fr","legalName":"DICODUSPORT","foundingDate":"2018-01-14","vatID":"FR71834470973","taxID":"83447097300043","numberOfEmployees":{"@type":"QuantitativeValue","minValue":"1","maxValue":"10"}},{"@type":"Person","@id":"https:\/\/dicodusport.fr\/blog\/#\/schema\/person\/55dcb50ad410894e431ed812bbb70191","name":"Nicolas Jacquemard","image":{"@type":"ImageObject","inLanguage":"fr-FR","@id":"https:\/\/dicodusport.fr\/blog\/#\/schema\/person\/image\/","url":"https:\/\/dicodusport.fr\/blog\/wp-content\/uploads\/2021\/05\/Nicolas-Jacquemard-150x150.jpeg","contentUrl":"https:\/\/dicodusport.fr\/blog\/wp-content\/uploads\/2021\/05\/Nicolas-Jacquemard-150x150.jpeg","caption":"Nicolas Jacquemard"},"description":"Passionn\u00e9 de sport et entrepreneur depuis mes 18 ans, la cr\u00e9ation de Dicodusport m'a sembl\u00e9 \u00e9vidente pour participer \u00e0 la m\u00e9diatisation d'un plus grand nombre de sports. Le chemin est long mais avec une \u00e9quipe des plus motiv\u00e9es et les Jeux Olympiques de Paris 2024 en point de mire, nous y arriverons ! Journaliste dans le monde du sport depuis plus de 5 ans, je traite aussi bien de football, de rugby, de biathlon que de cyclisme.","sameAs":["https:\/\/www.facebook.com\/dicodusport","https:\/\/x.com\/https:\/\/twitter.com\/Nico_Jacquemard"],"url":"https:\/\/dicodusport.fr\/blog\/author\/dicodusport\/"}]}},"_links":{"self":[{"href":"https:\/\/dicodusport.fr\/blog\/wp-json\/wp\/v2\/posts\/29746","targetHints":{"allow":["GET"]}}],"collection":[{"href":"https:\/\/dicodusport.fr\/blog\/wp-json\/wp\/v2\/posts"}],"about":[{"href":"https:\/\/dicodusport.fr\/blog\/wp-json\/wp\/v2\/types\/post"}],"author":[{"embeddable":true,"href":"https:\/\/dicodusport.fr\/blog\/wp-json\/wp\/v2\/users\/1"}],"replies":[{"embeddable":true,"href":"https:\/\/dicodusport.fr\/blog\/wp-json\/wp\/v2\/comments?post=29746"}],"version-history":[{"count":1,"href":"https:\/\/dicodusport.fr\/blog\/wp-json\/wp\/v2\/posts\/29746\/revisions"}],"predecessor-version":[{"id":611789,"href":"https:\/\/dicodusport.fr\/blog\/wp-json\/wp\/v2\/posts\/29746\/revisions\/611789"}],"wp:featuredmedia":[{"embeddable":true,"href":"https:\/\/dicodusport.fr\/blog\/wp-json\/wp\/v2\/media\/29753"}],"wp:attachment":[{"href":"https:\/\/dicodusport.fr\/blog\/wp-json\/wp\/v2\/media?parent=29746"}],"wp:term":[{"taxonomy":"category","embeddable":true,"href":"https:\/\/dicodusport.fr\/blog\/wp-json\/wp\/v2\/categories?post=29746"},{"taxonomy":"post_tag","embeddable":true,"href":"https:\/\/dicodusport.fr\/blog\/wp-json\/wp\/v2\/tags?post=29746"}],"curies":[{"name":"wp","href":"https:\/\/api.w.org\/{rel}","templated":true}]}}