{"id":29864,"date":"2018-11-30T12:00:12","date_gmt":"2018-11-30T11:00:12","guid":{"rendered":"http:\/\/dicodusport.fr\/blog\/?p=29864"},"modified":"2018-11-30T11:58:06","modified_gmt":"2018-11-30T10:58:06","slug":"can-2018-cameroun-mali-qui-ira-a-la-coupe-du-monde-2019","status":"publish","type":"post","link":"https:\/\/dicodusport.fr\/blog\/can-2018-cameroun-mali-qui-ira-a-la-coupe-du-monde-2019\/","title":{"rendered":"CAN 2018 &#8211; Cameroun-Mali : qui ira \u00e0 la Coupe du monde 2019 ?"},"content":{"rendered":"<p style=\"text-align: justify;\"><strong><em>Le match pour la 3e place de la CAN 2018 opposera le Cameroun au Mali cet apr\u00e8s-midi. Enjeu de cette m\u00e9daille de bronze : la qualification pour la Coupe du monde 2019 qui aura lieu en France.<\/em><\/strong><\/p>\n<p style=\"text-align: justify;\">Le <strong>Cameroun<\/strong> qui avait pour ambition de \u00ab\u00a0<em>jouer une troisi\u00e8me finale d&rsquo;affil\u00e9e et, cette, fois de la gagner<\/em>\u00a0\u00bb selon le s\u00e9lectionneur Joseph Brian Ndoko a connu une cruelle d\u00e9sillusion en demi-finale. Elimin\u00e9 par sa b\u00eate noire le Nigeria aux tirs aux buts (0-0, 2-4 tirs aux buts), le Cameroun tentera de se qualifier pour la deuxi\u00e8me Coupe du monde de son histoire. Deuxi\u00e8mes de leur groupe, les Camerounaises avaient \u00e9t\u00e9 \u00e9limin\u00e9es 0-1 en huiti\u00e8mes de finale par la Chine en 2015.<\/p>\n<p style=\"text-align: justify;\">Pour le <strong>Mali<\/strong>, l&rsquo;objectif est d\u00e9j\u00e0 rempli en ayant int\u00e9gr\u00e9 le dernier carr\u00e9. En demi-finale, il n&rsquo;a rien pu faire face \u00e0 une \u00e9quipe sud-africaine bien en place (d\u00e9faite 0-2). Maintenant, les Maliennes ont l&rsquo;occasion de rentrer encore plus dans l&rsquo;histoire de leur pays en se qualifiant pour la Coupe du monde, chose que leurs homologues masculins n&rsquo;ont pas encore r\u00e9ussi \u00e0 faire.<\/p>\n<p style=\"text-align: justify;\">Lors des poules, les deux \u00e9quipes s&rsquo;\u00e9taient affront\u00e9es et le Cameroun l&rsquo;avait emport\u00e9 2-1 malgr\u00e9 l&rsquo;ouverture du score malienne. Les Camerounaises sont pr\u00e9venues : les Maliennes ont \u00ab\u00a0<em>identifi\u00e9 leurs erreurs en d\u00e9fense et travaill\u00e9 en cons\u00e9quence<\/em>\u00ab\u00a0.<\/p>\n<p style=\"text-align: justify;\"><strong>Match \u00e0 17h \u00e0 Cape Coast<\/strong><\/p>\n<p><strong><em>Arlette<\/em><\/strong><br \/>\n<a href=\"http:\/\/twitter.com\/Shiclette94\"><img loading=\"lazy\" decoding=\"async\" class=\"alignnone size-full wp-image-2908\" src=\"http:\/\/dicodusport.fr\/blog\/wp-content\/uploads\/2017\/07\/logo-twitter-e1516110106986.png\" alt=\"\" width=\"39\" height=\"39\" \/><\/a><\/p>\n","protected":false},"excerpt":{"rendered":"<p>Le match pour la 3e place de la CAN 2018 opposera le Cameroun au Mali cet apr\u00e8s-midi avec pour enjeu la qualification pour la Coupe du monde 2019.<\/p>\n","protected":false},"author":12,"featured_media":29857,"comment_status":"open","ping_status":"closed","sticky":false,"template":"","format":"standard","meta":{"_acf_changed":false,"_daextam_enable_autolinks":"","footnotes":""},"categories":[2,2301],"tags":[6487,75,6810,6771],"class_list":["post-29864","post","type-post","status-publish","format-standard","has-post-thumbnail","hentry","category-actualites","category-football","tag-cameroun","tag-football","tag-ghana","tag-mali"],"acf":[],"yoast_head":"<!-- This site is optimized with the Yoast SEO Premium plugin v26.7 (Yoast SEO v26.7) - https:\/\/yoast.com\/wordpress\/plugins\/seo\/ -->\n<title>CAN 2018 - Cameroun-Mali : qui ira \u00e0 la Coupe du monde 2019 ?<\/title>\n<meta name=\"description\" content=\"Le match pour la 3e place de la CAN 2018 opposera le Cameroun au Mali cet apr\u00e8s-midi avec pour enjeu la qualification pour la Coupe du monde 2019.\" \/>\n<meta name=\"robots\" content=\"index, follow, max-snippet:-1, max-image-preview:large, max-video-preview:-1\" \/>\n<link rel=\"canonical\" href=\"https:\/\/dicodusport.fr\/blog\/can-2018-cameroun-mali-qui-ira-a-la-coupe-du-monde-2019\/\" \/>\n<meta property=\"og:locale\" content=\"fr_FR\" \/>\n<meta property=\"og:type\" content=\"article\" \/>\n<meta property=\"og:title\" content=\"CAN 2018 - Cameroun-Mali : qui ira \u00e0 la Coupe du monde 2019 ?\" \/>\n<meta property=\"og:description\" content=\"Le match pour la 3e place de la CAN 2018 opposera le Cameroun au Mali cet apr\u00e8s-midi avec pour enjeu la qualification pour la Coupe du monde 2019.\" \/>\n<meta property=\"og:url\" content=\"https:\/\/dicodusport.fr\/blog\/can-2018-cameroun-mali-qui-ira-a-la-coupe-du-monde-2019\/\" \/>\n<meta property=\"og:site_name\" content=\"Dicodusport\" \/>\n<meta property=\"article:publisher\" content=\"https:\/\/www.facebook.com\/dicodusport\" \/>\n<meta property=\"article:published_time\" content=\"2018-11-30T11:00:12+00:00\" \/>\n<meta property=\"og:image\" content=\"https:\/\/dicodusport.fr\/blog\/wp-content\/uploads\/2018\/11\/Cameroun-Mali.png\" \/>\n\t<meta property=\"og:image:width\" content=\"800\" \/>\n\t<meta property=\"og:image:height\" content=\"445\" \/>\n\t<meta property=\"og:image:type\" content=\"image\/png\" \/>\n<meta name=\"author\" content=\"Arlette Yeye\" \/>\n<meta name=\"twitter:card\" content=\"summary_large_image\" \/>\n<meta name=\"twitter:creator\" content=\"@https:\/\/twitter.com\/Shiclette94\" \/>\n<meta name=\"twitter:site\" content=\"@dicodusport\" \/>\n<script type=\"application\/ld+json\" class=\"yoast-schema-graph\">{\"@context\":\"https:\/\/schema.org\",\"@graph\":[{\"@type\":\"NewsArticle\",\"@id\":\"https:\/\/dicodusport.fr\/blog\/can-2018-cameroun-mali-qui-ira-a-la-coupe-du-monde-2019\/#article\",\"isPartOf\":{\"@id\":\"https:\/\/dicodusport.fr\/blog\/can-2018-cameroun-mali-qui-ira-a-la-coupe-du-monde-2019\/\"},\"author\":{\"name\":\"Arlette Yeye\",\"@id\":\"https:\/\/dicodusport.fr\/blog\/#\/schema\/person\/cce96fa88785bd8573e3d43078ac8c79\"},\"headline\":\"CAN 2018 &#8211; Cameroun-Mali : qui ira \u00e0 la Coupe du monde 2019 ?\",\"datePublished\":\"2018-11-30T11:00:12+00:00\",\"mainEntityOfPage\":{\"@id\":\"https:\/\/dicodusport.fr\/blog\/can-2018-cameroun-mali-qui-ira-a-la-coupe-du-monde-2019\/\"},\"wordCount\":252,\"commentCount\":0,\"publisher\":{\"@id\":\"https:\/\/dicodusport.fr\/blog\/#organization\"},\"image\":{\"@id\":\"https:\/\/dicodusport.fr\/blog\/can-2018-cameroun-mali-qui-ira-a-la-coupe-du-monde-2019\/#primaryimage\"},\"thumbnailUrl\":\"https:\/\/dicodusport.fr\/blog\/wp-content\/uploads\/2018\/11\/Cameroun-Mali.png\",\"keywords\":[\"Cameroun\",\"Football\",\"Ghana\",\"Mali\"],\"articleSection\":[\"Actualit\u00e9s\",\"Football\"],\"inLanguage\":\"fr-FR\",\"potentialAction\":[{\"@type\":\"CommentAction\",\"name\":\"Comment\",\"target\":[\"https:\/\/dicodusport.fr\/blog\/can-2018-cameroun-mali-qui-ira-a-la-coupe-du-monde-2019\/#respond\"]}],\"copyrightYear\":\"2018\",\"copyrightHolder\":{\"@id\":\"https:\/\/dicodusport.fr\/blog\/#organization\"}},{\"@type\":\"WebPage\",\"@id\":\"https:\/\/dicodusport.fr\/blog\/can-2018-cameroun-mali-qui-ira-a-la-coupe-du-monde-2019\/\",\"url\":\"https:\/\/dicodusport.fr\/blog\/can-2018-cameroun-mali-qui-ira-a-la-coupe-du-monde-2019\/\",\"name\":\"CAN 2018 - Cameroun-Mali : qui ira \u00e0 la Coupe du monde 2019 ?\",\"isPartOf\":{\"@id\":\"https:\/\/dicodusport.fr\/blog\/#website\"},\"primaryImageOfPage\":{\"@id\":\"https:\/\/dicodusport.fr\/blog\/can-2018-cameroun-mali-qui-ira-a-la-coupe-du-monde-2019\/#primaryimage\"},\"image\":{\"@id\":\"https:\/\/dicodusport.fr\/blog\/can-2018-cameroun-mali-qui-ira-a-la-coupe-du-monde-2019\/#primaryimage\"},\"thumbnailUrl\":\"https:\/\/dicodusport.fr\/blog\/wp-content\/uploads\/2018\/11\/Cameroun-Mali.png\",\"datePublished\":\"2018-11-30T11:00:12+00:00\",\"description\":\"Le match pour la 3e place de la CAN 2018 opposera le Cameroun au Mali cet apr\u00e8s-midi avec pour enjeu la qualification pour la Coupe du monde 2019.\",\"breadcrumb\":{\"@id\":\"https:\/\/dicodusport.fr\/blog\/can-2018-cameroun-mali-qui-ira-a-la-coupe-du-monde-2019\/#breadcrumb\"},\"inLanguage\":\"fr-FR\",\"potentialAction\":[{\"@type\":\"ReadAction\",\"target\":[\"https:\/\/dicodusport.fr\/blog\/can-2018-cameroun-mali-qui-ira-a-la-coupe-du-monde-2019\/\"]}]},{\"@type\":\"ImageObject\",\"inLanguage\":\"fr-FR\",\"@id\":\"https:\/\/dicodusport.fr\/blog\/can-2018-cameroun-mali-qui-ira-a-la-coupe-du-monde-2019\/#primaryimage\",\"url\":\"https:\/\/dicodusport.fr\/blog\/wp-content\/uploads\/2018\/11\/Cameroun-Mali.png\",\"contentUrl\":\"https:\/\/dicodusport.fr\/blog\/wp-content\/uploads\/2018\/11\/Cameroun-Mali.png\",\"width\":800,\"height\":445},{\"@type\":\"BreadcrumbList\",\"@id\":\"https:\/\/dicodusport.fr\/blog\/can-2018-cameroun-mali-qui-ira-a-la-coupe-du-monde-2019\/#breadcrumb\",\"itemListElement\":[{\"@type\":\"ListItem\",\"position\":1,\"name\":\"Accueil\",\"item\":\"https:\/\/dicodusport.fr\/blog\/\"},{\"@type\":\"ListItem\",\"position\":2,\"name\":\"CAN 2018 &#8211; Cameroun-Mali : qui ira \u00e0 la Coupe du monde 2019 ?\"}]},{\"@type\":\"WebSite\",\"@id\":\"https:\/\/dicodusport.fr\/blog\/#website\",\"url\":\"https:\/\/dicodusport.fr\/blog\/\",\"name\":\"Dicodusport\",\"description\":\"L&#039;encyclop\u00e9die de l&#039;actualit\u00e9 sportive\",\"publisher\":{\"@id\":\"https:\/\/dicodusport.fr\/blog\/#organization\"},\"potentialAction\":[{\"@type\":\"SearchAction\",\"target\":{\"@type\":\"EntryPoint\",\"urlTemplate\":\"https:\/\/dicodusport.fr\/blog\/?s={search_term_string}\"},\"query-input\":{\"@type\":\"PropertyValueSpecification\",\"valueRequired\":true,\"valueName\":\"search_term_string\"}}],\"inLanguage\":\"fr-FR\"},{\"@type\":\"NewsMediaOrganization\",\"@id\":\"https:\/\/dicodusport.fr\/blog\/#organization\",\"name\":\"Dicodusport\",\"url\":\"https:\/\/dicodusport.fr\/blog\/\",\"logo\":{\"@type\":\"ImageObject\",\"inLanguage\":\"fr-FR\",\"@id\":\"https:\/\/dicodusport.fr\/blog\/#\/schema\/logo\/image\/\",\"url\":\"https:\/\/dicodusport.fr\/blog\/wp-content\/uploads\/2020\/06\/cropped-LOGO-DICODUSPORT-2020-SANS-FOND-SANS-TEXTE.png\",\"contentUrl\":\"https:\/\/dicodusport.fr\/blog\/wp-content\/uploads\/2020\/06\/cropped-LOGO-DICODUSPORT-2020-SANS-FOND-SANS-TEXTE.png\",\"width\":512,\"height\":512,\"caption\":\"Dicodusport\"},\"image\":{\"@id\":\"https:\/\/dicodusport.fr\/blog\/#\/schema\/logo\/image\/\"},\"sameAs\":[\"https:\/\/www.facebook.com\/dicodusport\",\"https:\/\/x.com\/dicodusport\",\"https:\/\/www.instagram.com\/dicodusport\/\",\"https:\/\/www.youtube.com\/channel\/UC7V2KZ5sd3htJivAbA4ZG3w\"],\"description\":\"Dicodusport est l'encyclop\u00e9die de l'actualit\u00e9 sportive.\",\"email\":\"bonjour@dicodusport.fr\",\"legalName\":\"DICODUSPORT\",\"foundingDate\":\"2018-01-14\",\"vatID\":\"FR71834470973\",\"taxID\":\"83447097300043\",\"numberOfEmployees\":{\"@type\":\"QuantitativeValue\",\"minValue\":\"1\",\"maxValue\":\"10\"}},{\"@type\":\"Person\",\"@id\":\"https:\/\/dicodusport.fr\/blog\/#\/schema\/person\/cce96fa88785bd8573e3d43078ac8c79\",\"name\":\"Arlette Yeye\",\"image\":{\"@type\":\"ImageObject\",\"inLanguage\":\"fr-FR\",\"@id\":\"https:\/\/dicodusport.fr\/blog\/#\/schema\/person\/image\/\",\"url\":\"https:\/\/secure.gravatar.com\/avatar\/dca4a6239e6d708e46c45d60e160de6c?s=96&d=wp_user_avatar&r=g\",\"contentUrl\":\"https:\/\/secure.gravatar.com\/avatar\/dca4a6239e6d708e46c45d60e160de6c?s=96&d=wp_user_avatar&r=g\",\"caption\":\"Arlette Yeye\"},\"description\":\"Journaliste\/r\u00e9dactrice depuis septembre 2015 - Supportrice de Chelsea, j'ai pour sports de pr\u00e9dilection le handball, l'athl\u00e9tisme et le tennis. Si je tweete plus vite que mon ombre, vous pouvez aussi me retrouver les week-ends sur les playgrounds de Bruxelles pour un petit foot ou basket entre potes. Parcourir la France, l'Europe et plus si affinit\u00e9s pour suivre mes sportifs pr\u00e9f\u00e9r\u00e9s ? Mon kif ! Et c'est avec plaisir que je partage les r\u00e9sultats des sports populaires mais \u00e9galement plus confidentiels pour Dicodusport.\",\"sameAs\":[\"https:\/\/x.com\/https:\/\/twitter.com\/Shiclette94\"],\"url\":\"https:\/\/dicodusport.fr\/blog\/author\/arlette\/\"}]}<\/script>\n<!-- \/ Yoast SEO Premium plugin. -->","yoast_head_json":{"title":"CAN 2018 - Cameroun-Mali : qui ira \u00e0 la Coupe du monde 2019 ?","description":"Le match pour la 3e place de la CAN 2018 opposera le Cameroun au Mali cet apr\u00e8s-midi avec pour enjeu la qualification pour la Coupe du monde 2019.","robots":{"index":"index","follow":"follow","max-snippet":"max-snippet:-1","max-image-preview":"max-image-preview:large","max-video-preview":"max-video-preview:-1"},"canonical":"https:\/\/dicodusport.fr\/blog\/can-2018-cameroun-mali-qui-ira-a-la-coupe-du-monde-2019\/","og_locale":"fr_FR","og_type":"article","og_title":"CAN 2018 - Cameroun-Mali : qui ira \u00e0 la Coupe du monde 2019 ?","og_description":"Le match pour la 3e place de la CAN 2018 opposera le Cameroun au Mali cet apr\u00e8s-midi avec pour enjeu la qualification pour la Coupe du monde 2019.","og_url":"https:\/\/dicodusport.fr\/blog\/can-2018-cameroun-mali-qui-ira-a-la-coupe-du-monde-2019\/","og_site_name":"Dicodusport","article_publisher":"https:\/\/www.facebook.com\/dicodusport","article_published_time":"2018-11-30T11:00:12+00:00","og_image":[{"width":800,"height":445,"url":"https:\/\/dicodusport.fr\/blog\/wp-content\/uploads\/2018\/11\/Cameroun-Mali.png","type":"image\/png"}],"author":"Arlette Yeye","twitter_card":"summary_large_image","twitter_creator":"@https:\/\/twitter.com\/Shiclette94","twitter_site":"@dicodusport","schema":{"@context":"https:\/\/schema.org","@graph":[{"@type":"NewsArticle","@id":"https:\/\/dicodusport.fr\/blog\/can-2018-cameroun-mali-qui-ira-a-la-coupe-du-monde-2019\/#article","isPartOf":{"@id":"https:\/\/dicodusport.fr\/blog\/can-2018-cameroun-mali-qui-ira-a-la-coupe-du-monde-2019\/"},"author":{"name":"Arlette Yeye","@id":"https:\/\/dicodusport.fr\/blog\/#\/schema\/person\/cce96fa88785bd8573e3d43078ac8c79"},"headline":"CAN 2018 &#8211; Cameroun-Mali : qui ira \u00e0 la Coupe du monde 2019 ?","datePublished":"2018-11-30T11:00:12+00:00","mainEntityOfPage":{"@id":"https:\/\/dicodusport.fr\/blog\/can-2018-cameroun-mali-qui-ira-a-la-coupe-du-monde-2019\/"},"wordCount":252,"commentCount":0,"publisher":{"@id":"https:\/\/dicodusport.fr\/blog\/#organization"},"image":{"@id":"https:\/\/dicodusport.fr\/blog\/can-2018-cameroun-mali-qui-ira-a-la-coupe-du-monde-2019\/#primaryimage"},"thumbnailUrl":"https:\/\/dicodusport.fr\/blog\/wp-content\/uploads\/2018\/11\/Cameroun-Mali.png","keywords":["Cameroun","Football","Ghana","Mali"],"articleSection":["Actualit\u00e9s","Football"],"inLanguage":"fr-FR","potentialAction":[{"@type":"CommentAction","name":"Comment","target":["https:\/\/dicodusport.fr\/blog\/can-2018-cameroun-mali-qui-ira-a-la-coupe-du-monde-2019\/#respond"]}],"copyrightYear":"2018","copyrightHolder":{"@id":"https:\/\/dicodusport.fr\/blog\/#organization"}},{"@type":"WebPage","@id":"https:\/\/dicodusport.fr\/blog\/can-2018-cameroun-mali-qui-ira-a-la-coupe-du-monde-2019\/","url":"https:\/\/dicodusport.fr\/blog\/can-2018-cameroun-mali-qui-ira-a-la-coupe-du-monde-2019\/","name":"CAN 2018 - Cameroun-Mali : qui ira \u00e0 la Coupe du monde 2019 ?","isPartOf":{"@id":"https:\/\/dicodusport.fr\/blog\/#website"},"primaryImageOfPage":{"@id":"https:\/\/dicodusport.fr\/blog\/can-2018-cameroun-mali-qui-ira-a-la-coupe-du-monde-2019\/#primaryimage"},"image":{"@id":"https:\/\/dicodusport.fr\/blog\/can-2018-cameroun-mali-qui-ira-a-la-coupe-du-monde-2019\/#primaryimage"},"thumbnailUrl":"https:\/\/dicodusport.fr\/blog\/wp-content\/uploads\/2018\/11\/Cameroun-Mali.png","datePublished":"2018-11-30T11:00:12+00:00","description":"Le match pour la 3e place de la CAN 2018 opposera le Cameroun au Mali cet apr\u00e8s-midi avec pour enjeu la qualification pour la Coupe du monde 2019.","breadcrumb":{"@id":"https:\/\/dicodusport.fr\/blog\/can-2018-cameroun-mali-qui-ira-a-la-coupe-du-monde-2019\/#breadcrumb"},"inLanguage":"fr-FR","potentialAction":[{"@type":"ReadAction","target":["https:\/\/dicodusport.fr\/blog\/can-2018-cameroun-mali-qui-ira-a-la-coupe-du-monde-2019\/"]}]},{"@type":"ImageObject","inLanguage":"fr-FR","@id":"https:\/\/dicodusport.fr\/blog\/can-2018-cameroun-mali-qui-ira-a-la-coupe-du-monde-2019\/#primaryimage","url":"https:\/\/dicodusport.fr\/blog\/wp-content\/uploads\/2018\/11\/Cameroun-Mali.png","contentUrl":"https:\/\/dicodusport.fr\/blog\/wp-content\/uploads\/2018\/11\/Cameroun-Mali.png","width":800,"height":445},{"@type":"BreadcrumbList","@id":"https:\/\/dicodusport.fr\/blog\/can-2018-cameroun-mali-qui-ira-a-la-coupe-du-monde-2019\/#breadcrumb","itemListElement":[{"@type":"ListItem","position":1,"name":"Accueil","item":"https:\/\/dicodusport.fr\/blog\/"},{"@type":"ListItem","position":2,"name":"CAN 2018 &#8211; Cameroun-Mali : qui ira \u00e0 la Coupe du monde 2019 ?"}]},{"@type":"WebSite","@id":"https:\/\/dicodusport.fr\/blog\/#website","url":"https:\/\/dicodusport.fr\/blog\/","name":"Dicodusport","description":"L&#039;encyclop\u00e9die de l&#039;actualit\u00e9 sportive","publisher":{"@id":"https:\/\/dicodusport.fr\/blog\/#organization"},"potentialAction":[{"@type":"SearchAction","target":{"@type":"EntryPoint","urlTemplate":"https:\/\/dicodusport.fr\/blog\/?s={search_term_string}"},"query-input":{"@type":"PropertyValueSpecification","valueRequired":true,"valueName":"search_term_string"}}],"inLanguage":"fr-FR"},{"@type":"NewsMediaOrganization","@id":"https:\/\/dicodusport.fr\/blog\/#organization","name":"Dicodusport","url":"https:\/\/dicodusport.fr\/blog\/","logo":{"@type":"ImageObject","inLanguage":"fr-FR","@id":"https:\/\/dicodusport.fr\/blog\/#\/schema\/logo\/image\/","url":"https:\/\/dicodusport.fr\/blog\/wp-content\/uploads\/2020\/06\/cropped-LOGO-DICODUSPORT-2020-SANS-FOND-SANS-TEXTE.png","contentUrl":"https:\/\/dicodusport.fr\/blog\/wp-content\/uploads\/2020\/06\/cropped-LOGO-DICODUSPORT-2020-SANS-FOND-SANS-TEXTE.png","width":512,"height":512,"caption":"Dicodusport"},"image":{"@id":"https:\/\/dicodusport.fr\/blog\/#\/schema\/logo\/image\/"},"sameAs":["https:\/\/www.facebook.com\/dicodusport","https:\/\/x.com\/dicodusport","https:\/\/www.instagram.com\/dicodusport\/","https:\/\/www.youtube.com\/channel\/UC7V2KZ5sd3htJivAbA4ZG3w"],"description":"Dicodusport est l'encyclop\u00e9die de l'actualit\u00e9 sportive.","email":"bonjour@dicodusport.fr","legalName":"DICODUSPORT","foundingDate":"2018-01-14","vatID":"FR71834470973","taxID":"83447097300043","numberOfEmployees":{"@type":"QuantitativeValue","minValue":"1","maxValue":"10"}},{"@type":"Person","@id":"https:\/\/dicodusport.fr\/blog\/#\/schema\/person\/cce96fa88785bd8573e3d43078ac8c79","name":"Arlette Yeye","image":{"@type":"ImageObject","inLanguage":"fr-FR","@id":"https:\/\/dicodusport.fr\/blog\/#\/schema\/person\/image\/","url":"https:\/\/secure.gravatar.com\/avatar\/dca4a6239e6d708e46c45d60e160de6c?s=96&d=wp_user_avatar&r=g","contentUrl":"https:\/\/secure.gravatar.com\/avatar\/dca4a6239e6d708e46c45d60e160de6c?s=96&d=wp_user_avatar&r=g","caption":"Arlette Yeye"},"description":"Journaliste\/r\u00e9dactrice depuis septembre 2015 - Supportrice de Chelsea, j'ai pour sports de pr\u00e9dilection le handball, l'athl\u00e9tisme et le tennis. Si je tweete plus vite que mon ombre, vous pouvez aussi me retrouver les week-ends sur les playgrounds de Bruxelles pour un petit foot ou basket entre potes. Parcourir la France, l'Europe et plus si affinit\u00e9s pour suivre mes sportifs pr\u00e9f\u00e9r\u00e9s ? Mon kif ! Et c'est avec plaisir que je partage les r\u00e9sultats des sports populaires mais \u00e9galement plus confidentiels pour Dicodusport.","sameAs":["https:\/\/x.com\/https:\/\/twitter.com\/Shiclette94"],"url":"https:\/\/dicodusport.fr\/blog\/author\/arlette\/"}]}},"_links":{"self":[{"href":"https:\/\/dicodusport.fr\/blog\/wp-json\/wp\/v2\/posts\/29864","targetHints":{"allow":["GET"]}}],"collection":[{"href":"https:\/\/dicodusport.fr\/blog\/wp-json\/wp\/v2\/posts"}],"about":[{"href":"https:\/\/dicodusport.fr\/blog\/wp-json\/wp\/v2\/types\/post"}],"author":[{"embeddable":true,"href":"https:\/\/dicodusport.fr\/blog\/wp-json\/wp\/v2\/users\/12"}],"replies":[{"embeddable":true,"href":"https:\/\/dicodusport.fr\/blog\/wp-json\/wp\/v2\/comments?post=29864"}],"version-history":[{"count":0,"href":"https:\/\/dicodusport.fr\/blog\/wp-json\/wp\/v2\/posts\/29864\/revisions"}],"wp:featuredmedia":[{"embeddable":true,"href":"https:\/\/dicodusport.fr\/blog\/wp-json\/wp\/v2\/media\/29857"}],"wp:attachment":[{"href":"https:\/\/dicodusport.fr\/blog\/wp-json\/wp\/v2\/media?parent=29864"}],"wp:term":[{"taxonomy":"category","embeddable":true,"href":"https:\/\/dicodusport.fr\/blog\/wp-json\/wp\/v2\/categories?post=29864"},{"taxonomy":"post_tag","embeddable":true,"href":"https:\/\/dicodusport.fr\/blog\/wp-json\/wp\/v2\/tags?post=29864"}],"curies":[{"name":"wp","href":"https:\/\/api.w.org\/{rel}","templated":true}]}}