{"id":30006,"date":"2018-12-04T18:41:26","date_gmt":"2018-12-04T17:41:26","guid":{"rendered":"http:\/\/dicodusport.fr\/blog\/?p=30006"},"modified":"2018-12-06T01:18:47","modified_gmt":"2018-12-06T00:18:47","slug":"cameroun-out-maroc-pole-position-organiser-competition","status":"publish","type":"post","link":"https:\/\/dicodusport.fr\/blog\/cameroun-out-maroc-pole-position-organiser-competition\/","title":{"rendered":"CAN 2019 : Cameroun out, le Maroc en pole position pour organiser la comp\u00e9tition"},"content":{"rendered":"<p align=\"JUSTIFY\"><em><strong>Vendredi dernier, la Conf\u00e9d\u00e9ration Africaine de Football a d\u00e9cid\u00e9 que la prochaine Coupe d&rsquo;Afrique des Nations ne se d\u00e9roulerait pas au Cameroun. Deux questions \u00e9mergent d\u00e9sormais.<\/strong><\/em><\/p>\n<h1 style=\"text-align: justify\" align=\"JUSTIFY\">Pourquoi ce revirement de situation\u00a0?<\/h1>\n<h2 style=\"text-align: justify\" align=\"JUSTIFY\">La situation politique, l&rsquo;ins\u00e9curit\u00e9 et le retard sur les travaux<\/h2>\n<p align=\"JUSTIFY\">Le Cameroun, depuis les derni\u00e8res \u00e9lections pr\u00e9sidentielles, n&rsquo;est pas dans un contexte s\u00e9curitaire et politique sain. L&rsquo;\u00e9lection pr\u00e9sidentielle d\u00e9but octobre, a vu Paul Biya \u00eatre \u00e9lu et contest\u00e9 par ses opposants. Ce dernier est le pr\u00e9sident du Cameroun depuis 35 ans alors qu&rsquo;il est \u00e2g\u00e9 de 85 ans. Lors du scrutin, l&rsquo;abstention a battu tous les records en raison de la volont\u00e9 des s\u00e9paratistes d&#8217;emp\u00eacher la tenue du scrutin, notamment dans les r\u00e9gions anglophones. Il y a une augmentation de l&rsquo;ins\u00e9curit\u00e9 qui est notable au Cameroun ces derniers mois, traduite par une hausse des vols et des violences.<\/p>\n<p align=\"JUSTIFY\">Les travaux sur les diff\u00e9rents stades qui \u00e9taient cens\u00e9s accueillir les 24 \u00e9quipes qualifi\u00e9es de la Coupe d&rsquo;Afrique des Nations ne sont pas assez avanc\u00e9s. Certains travaux ont pris beaucoup de retard alors que le pays de l&rsquo;Afrique centrale s&rsquo;\u00e9tait vu attribuer la comp\u00e9tition continentale il y a 4 ans. Au d\u00e9but du mois d&rsquo;octobre, trois stades sur les six qui devaient accueillir les rencontres de la CAN n&rsquo;\u00e9taient pas pr\u00eats.<\/p>\n<h1 style=\"text-align: justify\" align=\"JUSTIFY\">Qui organisera la prochaine Coupe d&rsquo;Afrique des Nations\u00a0?<\/h1>\n<p align=\"JUSTIFY\">On sait que cette Coupe d&rsquo;Afrique des Nations sera particuli\u00e8re car elle verra s&rsquo;affronter 24 \u00e9quipes en \u00e9t\u00e9 alors qu&rsquo;auparavant, 16 \u00e9quipes se disputaient le titre en hiver. Dans cette perspective, l&rsquo;organisation demande davantage d&rsquo;infrastructures avec 6 stades contre 4 pour la pr\u00e9c\u00e9dente \u00e9dition.<\/p>\n<h2 style=\"text-align: justify\" align=\"JUSTIFY\">Le favori<\/h2>\n<p align=\"JUSTIFY\">On peut d\u00e9j\u00e0 dire que le Maroc semble tenir la corde car le pays s&rsquo;est vu r\u00e9cemment refuser la candidature pour la Coupe du monde 2026 et dispose de 6 stades avec de grandes capacit\u00e9s. Les Lions de l&rsquo;Atlas ont accueilli \u00e0 deux reprises ces derni\u00e8res ann\u00e9es la Coupe du monde des clubs en 2013 et 2014, mais qu&rsquo;une seule fois la comp\u00e9tition continentale, c&rsquo;\u00e9tait il y a 30 ans. Herv\u00e9 Renard, le s\u00e9lectionneur, l&rsquo;a dit derni\u00e8rement <em>\u00ab\u00a0J&rsquo;esp\u00e8re que le Maroc sera d\u00e9sign\u00e9, m\u00eame si \u00e7a va rajouter une pression suppl\u00e9mentaire. \u00bb<\/em> Le Maroc, qui est un grand pays touristique, n&rsquo;aura aucun mal \u00e0 remplir les stades en \u00e9t\u00e9 et \u00e0 accueillir l&rsquo;ensemble des supporters, joueurs, staffs des pays qualifi\u00e9s gr\u00e2ce aux infrastructures h\u00f4teli\u00e8res.<\/p>\n<h2 style=\"text-align: justify\" align=\"JUSTIFY\">L&rsquo;outsider<\/h2>\n<p align=\"JUSTIFY\">La deuxi\u00e8me hypoth\u00e8se, c&rsquo;est l&rsquo;Afrique du Sud. Les infrastructures y sont \u00e9galement d\u00e9j\u00e0 existantes \u00e0 la suite de l&rsquo;organisation en 2010 de la premi\u00e8re Coupe du monde sur le continent africain. Les stades sont bien entretenus pour la plupart. Cependant, le gouvernement n&rsquo;a pas encore donn\u00e9 son accord. La derni\u00e8re Coupe d&rsquo;Afrique des Nations organis\u00e9e par la nation arc en ciel date de 2013.<\/p>\n<h2 style=\"text-align: justify\" align=\"JUSTIFY\">Modalit\u00e9s pour poser une candidature et d\u00e9j\u00e0 des certitudes<\/h2>\n<p align=\"JUSTIFY\">Les autres pays souhaitant organiser la Coupe d&rsquo;Afrique des Nations 2019 ont encore un mois pour se porter candidat aupr\u00e8s de la Conf\u00e9d\u00e9ration Africaine de Football. Une seule certitude, l\u2019\u00c9gypte, qui paraissait \u00eatre un candidat plausible, a annonc\u00e9 ne pas se porter candidate d\u00e8s vendredi dernier.<\/p>\n<p align=\"JUSTIFY\"><em><strong>Nelson Emane<br \/>\n<a href=\"https:\/\/twitter.com\/LeCanariNormand\"><img loading=\"lazy\" decoding=\"async\" class=\"alignnone size-full wp-image-2908\" src=\"http:\/\/dicodusport.fr\/blog\/wp-content\/uploads\/2017\/07\/logo-twitter-e1516110106986.png\" alt=\"\" width=\"39\" height=\"39\" \/><\/a><\/strong><\/em><\/p>\n","protected":false},"excerpt":{"rendered":"<p>Vendredi dernier, la Conf\u00e9d\u00e9ration Africaine de Football a d\u00e9cid\u00e9 que la prochaine Coupe d&rsquo;Afrique des Nations ne se d\u00e9roulerait pas au Cameroun.<\/p>\n","protected":false},"author":29,"featured_media":30041,"comment_status":"open","ping_status":"closed","sticky":false,"template":"","format":"standard","meta":{"_acf_changed":false,"_daextam_enable_autolinks":"","footnotes":""},"categories":[2,2301],"tags":[6770,6487,75,5017],"class_list":["post-30006","post","type-post","status-publish","format-standard","has-post-thumbnail","hentry","category-actualites","category-football","tag-afrique-du-sud","tag-cameroun","tag-football","tag-maroc"],"acf":[],"yoast_head":"<!-- This site is optimized with the Yoast SEO Premium plugin v26.7 (Yoast SEO v26.7) - https:\/\/yoast.com\/wordpress\/plugins\/seo\/ -->\n<title>CAN 2019 : Cameroun out, le Maroc en pole position pour organiser la comp\u00e9tition<\/title>\n<meta name=\"description\" content=\"Vendredi dernier, la Conf\u00e9d\u00e9ration Africaine de Football a d\u00e9cid\u00e9 que la prochaine Coupe d&#039;Afrique des Nations ne se d\u00e9roulerait pas au Cameroun.\" \/>\n<meta name=\"robots\" content=\"index, follow, max-snippet:-1, max-image-preview:large, max-video-preview:-1\" \/>\n<link rel=\"canonical\" href=\"https:\/\/dicodusport.fr\/blog\/cameroun-out-maroc-pole-position-organiser-competition\/\" \/>\n<meta property=\"og:locale\" content=\"fr_FR\" \/>\n<meta property=\"og:type\" content=\"article\" \/>\n<meta property=\"og:title\" content=\"CAN 2019 : Cameroun out, le Maroc en pole position pour organiser la comp\u00e9tition\" \/>\n<meta property=\"og:description\" content=\"Vendredi dernier, la Conf\u00e9d\u00e9ration Africaine de Football a d\u00e9cid\u00e9 que la prochaine Coupe d&#039;Afrique des Nations ne se d\u00e9roulerait pas au Cameroun.\" \/>\n<meta property=\"og:url\" content=\"https:\/\/dicodusport.fr\/blog\/cameroun-out-maroc-pole-position-organiser-competition\/\" \/>\n<meta property=\"og:site_name\" content=\"Dicodusport\" \/>\n<meta property=\"article:publisher\" content=\"https:\/\/www.facebook.com\/dicodusport\" \/>\n<meta property=\"article:published_time\" content=\"2018-12-04T17:41:26+00:00\" \/>\n<meta property=\"article:modified_time\" content=\"2018-12-06T00:18:47+00:00\" \/>\n<meta property=\"og:image\" content=\"https:\/\/dicodusport.fr\/blog\/wp-content\/uploads\/2018\/12\/CAN-2019-retir\u00e9e-au-Cameroun-Maroc-favori.png\" \/>\n\t<meta property=\"og:image:width\" content=\"800\" \/>\n\t<meta property=\"og:image:height\" content=\"445\" \/>\n\t<meta property=\"og:image:type\" content=\"image\/png\" \/>\n<meta name=\"author\" content=\"Nelson\" \/>\n<meta name=\"twitter:card\" content=\"summary_large_image\" \/>\n<meta name=\"twitter:creator\" content=\"@dicodusport\" \/>\n<meta name=\"twitter:site\" content=\"@dicodusport\" \/>\n<script type=\"application\/ld+json\" class=\"yoast-schema-graph\">{\"@context\":\"https:\/\/schema.org\",\"@graph\":[{\"@type\":\"NewsArticle\",\"@id\":\"https:\/\/dicodusport.fr\/blog\/cameroun-out-maroc-pole-position-organiser-competition\/#article\",\"isPartOf\":{\"@id\":\"https:\/\/dicodusport.fr\/blog\/cameroun-out-maroc-pole-position-organiser-competition\/\"},\"author\":{\"name\":\"Nelson\",\"@id\":\"https:\/\/dicodusport.fr\/blog\/#\/schema\/person\/5116a629167122a65c59ff0df3ccec05\"},\"headline\":\"CAN 2019 : Cameroun out, le Maroc en pole position pour organiser la comp\u00e9tition\",\"datePublished\":\"2018-12-04T17:41:26+00:00\",\"dateModified\":\"2018-12-06T00:18:47+00:00\",\"mainEntityOfPage\":{\"@id\":\"https:\/\/dicodusport.fr\/blog\/cameroun-out-maroc-pole-position-organiser-competition\/\"},\"wordCount\":591,\"commentCount\":0,\"publisher\":{\"@id\":\"https:\/\/dicodusport.fr\/blog\/#organization\"},\"image\":{\"@id\":\"https:\/\/dicodusport.fr\/blog\/cameroun-out-maroc-pole-position-organiser-competition\/#primaryimage\"},\"thumbnailUrl\":\"https:\/\/dicodusport.fr\/blog\/wp-content\/uploads\/2018\/12\/CAN-2019-retir\u00e9e-au-Cameroun-Maroc-favori.png\",\"keywords\":[\"Afrique du Sud\",\"Cameroun\",\"Football\",\"Maroc\"],\"articleSection\":[\"Actualit\u00e9s\",\"Football\"],\"inLanguage\":\"fr-FR\",\"potentialAction\":[{\"@type\":\"CommentAction\",\"name\":\"Comment\",\"target\":[\"https:\/\/dicodusport.fr\/blog\/cameroun-out-maroc-pole-position-organiser-competition\/#respond\"]}],\"copyrightYear\":\"2018\",\"copyrightHolder\":{\"@id\":\"https:\/\/dicodusport.fr\/blog\/#organization\"}},{\"@type\":\"WebPage\",\"@id\":\"https:\/\/dicodusport.fr\/blog\/cameroun-out-maroc-pole-position-organiser-competition\/\",\"url\":\"https:\/\/dicodusport.fr\/blog\/cameroun-out-maroc-pole-position-organiser-competition\/\",\"name\":\"CAN 2019 : Cameroun out, le Maroc en pole position pour organiser la comp\u00e9tition\",\"isPartOf\":{\"@id\":\"https:\/\/dicodusport.fr\/blog\/#website\"},\"primaryImageOfPage\":{\"@id\":\"https:\/\/dicodusport.fr\/blog\/cameroun-out-maroc-pole-position-organiser-competition\/#primaryimage\"},\"image\":{\"@id\":\"https:\/\/dicodusport.fr\/blog\/cameroun-out-maroc-pole-position-organiser-competition\/#primaryimage\"},\"thumbnailUrl\":\"https:\/\/dicodusport.fr\/blog\/wp-content\/uploads\/2018\/12\/CAN-2019-retir\u00e9e-au-Cameroun-Maroc-favori.png\",\"datePublished\":\"2018-12-04T17:41:26+00:00\",\"dateModified\":\"2018-12-06T00:18:47+00:00\",\"description\":\"Vendredi dernier, la Conf\u00e9d\u00e9ration Africaine de Football a d\u00e9cid\u00e9 que la prochaine Coupe d'Afrique des Nations ne se d\u00e9roulerait pas au Cameroun.\",\"breadcrumb\":{\"@id\":\"https:\/\/dicodusport.fr\/blog\/cameroun-out-maroc-pole-position-organiser-competition\/#breadcrumb\"},\"inLanguage\":\"fr-FR\",\"potentialAction\":[{\"@type\":\"ReadAction\",\"target\":[\"https:\/\/dicodusport.fr\/blog\/cameroun-out-maroc-pole-position-organiser-competition\/\"]}]},{\"@type\":\"ImageObject\",\"inLanguage\":\"fr-FR\",\"@id\":\"https:\/\/dicodusport.fr\/blog\/cameroun-out-maroc-pole-position-organiser-competition\/#primaryimage\",\"url\":\"https:\/\/dicodusport.fr\/blog\/wp-content\/uploads\/2018\/12\/CAN-2019-retir\u00e9e-au-Cameroun-Maroc-favori.png\",\"contentUrl\":\"https:\/\/dicodusport.fr\/blog\/wp-content\/uploads\/2018\/12\/CAN-2019-retir\u00e9e-au-Cameroun-Maroc-favori.png\",\"width\":800,\"height\":445},{\"@type\":\"BreadcrumbList\",\"@id\":\"https:\/\/dicodusport.fr\/blog\/cameroun-out-maroc-pole-position-organiser-competition\/#breadcrumb\",\"itemListElement\":[{\"@type\":\"ListItem\",\"position\":1,\"name\":\"Accueil\",\"item\":\"https:\/\/dicodusport.fr\/blog\/\"},{\"@type\":\"ListItem\",\"position\":2,\"name\":\"CAN 2019 : Cameroun out, le Maroc en pole position pour organiser la comp\u00e9tition\"}]},{\"@type\":\"WebSite\",\"@id\":\"https:\/\/dicodusport.fr\/blog\/#website\",\"url\":\"https:\/\/dicodusport.fr\/blog\/\",\"name\":\"Dicodusport\",\"description\":\"L&#039;encyclop\u00e9die de l&#039;actualit\u00e9 sportive\",\"publisher\":{\"@id\":\"https:\/\/dicodusport.fr\/blog\/#organization\"},\"potentialAction\":[{\"@type\":\"SearchAction\",\"target\":{\"@type\":\"EntryPoint\",\"urlTemplate\":\"https:\/\/dicodusport.fr\/blog\/?s={search_term_string}\"},\"query-input\":{\"@type\":\"PropertyValueSpecification\",\"valueRequired\":true,\"valueName\":\"search_term_string\"}}],\"inLanguage\":\"fr-FR\"},{\"@type\":\"NewsMediaOrganization\",\"@id\":\"https:\/\/dicodusport.fr\/blog\/#organization\",\"name\":\"Dicodusport\",\"url\":\"https:\/\/dicodusport.fr\/blog\/\",\"logo\":{\"@type\":\"ImageObject\",\"inLanguage\":\"fr-FR\",\"@id\":\"https:\/\/dicodusport.fr\/blog\/#\/schema\/logo\/image\/\",\"url\":\"https:\/\/dicodusport.fr\/blog\/wp-content\/uploads\/2020\/06\/cropped-LOGO-DICODUSPORT-2020-SANS-FOND-SANS-TEXTE.png\",\"contentUrl\":\"https:\/\/dicodusport.fr\/blog\/wp-content\/uploads\/2020\/06\/cropped-LOGO-DICODUSPORT-2020-SANS-FOND-SANS-TEXTE.png\",\"width\":512,\"height\":512,\"caption\":\"Dicodusport\"},\"image\":{\"@id\":\"https:\/\/dicodusport.fr\/blog\/#\/schema\/logo\/image\/\"},\"sameAs\":[\"https:\/\/www.facebook.com\/dicodusport\",\"https:\/\/x.com\/dicodusport\",\"https:\/\/www.instagram.com\/dicodusport\/\",\"https:\/\/www.youtube.com\/channel\/UC7V2KZ5sd3htJivAbA4ZG3w\"],\"description\":\"Dicodusport est l'encyclop\u00e9die de l'actualit\u00e9 sportive.\",\"email\":\"bonjour@dicodusport.fr\",\"legalName\":\"DICODUSPORT\",\"foundingDate\":\"2018-01-14\",\"vatID\":\"FR71834470973\",\"taxID\":\"83447097300043\",\"numberOfEmployees\":{\"@type\":\"QuantitativeValue\",\"minValue\":\"1\",\"maxValue\":\"10\"}},{\"@type\":\"Person\",\"@id\":\"https:\/\/dicodusport.fr\/blog\/#\/schema\/person\/5116a629167122a65c59ff0df3ccec05\",\"name\":\"Nelson\",\"image\":{\"@type\":\"ImageObject\",\"inLanguage\":\"fr-FR\",\"@id\":\"https:\/\/dicodusport.fr\/blog\/#\/schema\/person\/image\/\",\"url\":\"https:\/\/dicodusport.fr\/blog\/wp-content\/uploads\/2017\/01\/cropped-logo-dicodusport-sans-fond-150x150.png\",\"contentUrl\":\"https:\/\/dicodusport.fr\/blog\/wp-content\/uploads\/2017\/01\/cropped-logo-dicodusport-sans-fond-150x150.png\",\"caption\":\"Nelson\"},\"url\":\"https:\/\/dicodusport.fr\/blog\/author\/nelson\/\"}]}<\/script>\n<!-- \/ Yoast SEO Premium plugin. -->","yoast_head_json":{"title":"CAN 2019 : Cameroun out, le Maroc en pole position pour organiser la comp\u00e9tition","description":"Vendredi dernier, la Conf\u00e9d\u00e9ration Africaine de Football a d\u00e9cid\u00e9 que la prochaine Coupe d'Afrique des Nations ne se d\u00e9roulerait pas au Cameroun.","robots":{"index":"index","follow":"follow","max-snippet":"max-snippet:-1","max-image-preview":"max-image-preview:large","max-video-preview":"max-video-preview:-1"},"canonical":"https:\/\/dicodusport.fr\/blog\/cameroun-out-maroc-pole-position-organiser-competition\/","og_locale":"fr_FR","og_type":"article","og_title":"CAN 2019 : Cameroun out, le Maroc en pole position pour organiser la comp\u00e9tition","og_description":"Vendredi dernier, la Conf\u00e9d\u00e9ration Africaine de Football a d\u00e9cid\u00e9 que la prochaine Coupe d'Afrique des Nations ne se d\u00e9roulerait pas au Cameroun.","og_url":"https:\/\/dicodusport.fr\/blog\/cameroun-out-maroc-pole-position-organiser-competition\/","og_site_name":"Dicodusport","article_publisher":"https:\/\/www.facebook.com\/dicodusport","article_published_time":"2018-12-04T17:41:26+00:00","article_modified_time":"2018-12-06T00:18:47+00:00","og_image":[{"width":800,"height":445,"url":"https:\/\/dicodusport.fr\/blog\/wp-content\/uploads\/2018\/12\/CAN-2019-retir\u00e9e-au-Cameroun-Maroc-favori.png","type":"image\/png"}],"author":"Nelson","twitter_card":"summary_large_image","twitter_creator":"@dicodusport","twitter_site":"@dicodusport","schema":{"@context":"https:\/\/schema.org","@graph":[{"@type":"NewsArticle","@id":"https:\/\/dicodusport.fr\/blog\/cameroun-out-maroc-pole-position-organiser-competition\/#article","isPartOf":{"@id":"https:\/\/dicodusport.fr\/blog\/cameroun-out-maroc-pole-position-organiser-competition\/"},"author":{"name":"Nelson","@id":"https:\/\/dicodusport.fr\/blog\/#\/schema\/person\/5116a629167122a65c59ff0df3ccec05"},"headline":"CAN 2019 : Cameroun out, le Maroc en pole position pour organiser la comp\u00e9tition","datePublished":"2018-12-04T17:41:26+00:00","dateModified":"2018-12-06T00:18:47+00:00","mainEntityOfPage":{"@id":"https:\/\/dicodusport.fr\/blog\/cameroun-out-maroc-pole-position-organiser-competition\/"},"wordCount":591,"commentCount":0,"publisher":{"@id":"https:\/\/dicodusport.fr\/blog\/#organization"},"image":{"@id":"https:\/\/dicodusport.fr\/blog\/cameroun-out-maroc-pole-position-organiser-competition\/#primaryimage"},"thumbnailUrl":"https:\/\/dicodusport.fr\/blog\/wp-content\/uploads\/2018\/12\/CAN-2019-retir\u00e9e-au-Cameroun-Maroc-favori.png","keywords":["Afrique du Sud","Cameroun","Football","Maroc"],"articleSection":["Actualit\u00e9s","Football"],"inLanguage":"fr-FR","potentialAction":[{"@type":"CommentAction","name":"Comment","target":["https:\/\/dicodusport.fr\/blog\/cameroun-out-maroc-pole-position-organiser-competition\/#respond"]}],"copyrightYear":"2018","copyrightHolder":{"@id":"https:\/\/dicodusport.fr\/blog\/#organization"}},{"@type":"WebPage","@id":"https:\/\/dicodusport.fr\/blog\/cameroun-out-maroc-pole-position-organiser-competition\/","url":"https:\/\/dicodusport.fr\/blog\/cameroun-out-maroc-pole-position-organiser-competition\/","name":"CAN 2019 : Cameroun out, le Maroc en pole position pour organiser la comp\u00e9tition","isPartOf":{"@id":"https:\/\/dicodusport.fr\/blog\/#website"},"primaryImageOfPage":{"@id":"https:\/\/dicodusport.fr\/blog\/cameroun-out-maroc-pole-position-organiser-competition\/#primaryimage"},"image":{"@id":"https:\/\/dicodusport.fr\/blog\/cameroun-out-maroc-pole-position-organiser-competition\/#primaryimage"},"thumbnailUrl":"https:\/\/dicodusport.fr\/blog\/wp-content\/uploads\/2018\/12\/CAN-2019-retir\u00e9e-au-Cameroun-Maroc-favori.png","datePublished":"2018-12-04T17:41:26+00:00","dateModified":"2018-12-06T00:18:47+00:00","description":"Vendredi dernier, la Conf\u00e9d\u00e9ration Africaine de Football a d\u00e9cid\u00e9 que la prochaine Coupe d'Afrique des Nations ne se d\u00e9roulerait pas au Cameroun.","breadcrumb":{"@id":"https:\/\/dicodusport.fr\/blog\/cameroun-out-maroc-pole-position-organiser-competition\/#breadcrumb"},"inLanguage":"fr-FR","potentialAction":[{"@type":"ReadAction","target":["https:\/\/dicodusport.fr\/blog\/cameroun-out-maroc-pole-position-organiser-competition\/"]}]},{"@type":"ImageObject","inLanguage":"fr-FR","@id":"https:\/\/dicodusport.fr\/blog\/cameroun-out-maroc-pole-position-organiser-competition\/#primaryimage","url":"https:\/\/dicodusport.fr\/blog\/wp-content\/uploads\/2018\/12\/CAN-2019-retir\u00e9e-au-Cameroun-Maroc-favori.png","contentUrl":"https:\/\/dicodusport.fr\/blog\/wp-content\/uploads\/2018\/12\/CAN-2019-retir\u00e9e-au-Cameroun-Maroc-favori.png","width":800,"height":445},{"@type":"BreadcrumbList","@id":"https:\/\/dicodusport.fr\/blog\/cameroun-out-maroc-pole-position-organiser-competition\/#breadcrumb","itemListElement":[{"@type":"ListItem","position":1,"name":"Accueil","item":"https:\/\/dicodusport.fr\/blog\/"},{"@type":"ListItem","position":2,"name":"CAN 2019 : Cameroun out, le Maroc en pole position pour organiser la comp\u00e9tition"}]},{"@type":"WebSite","@id":"https:\/\/dicodusport.fr\/blog\/#website","url":"https:\/\/dicodusport.fr\/blog\/","name":"Dicodusport","description":"L&#039;encyclop\u00e9die de l&#039;actualit\u00e9 sportive","publisher":{"@id":"https:\/\/dicodusport.fr\/blog\/#organization"},"potentialAction":[{"@type":"SearchAction","target":{"@type":"EntryPoint","urlTemplate":"https:\/\/dicodusport.fr\/blog\/?s={search_term_string}"},"query-input":{"@type":"PropertyValueSpecification","valueRequired":true,"valueName":"search_term_string"}}],"inLanguage":"fr-FR"},{"@type":"NewsMediaOrganization","@id":"https:\/\/dicodusport.fr\/blog\/#organization","name":"Dicodusport","url":"https:\/\/dicodusport.fr\/blog\/","logo":{"@type":"ImageObject","inLanguage":"fr-FR","@id":"https:\/\/dicodusport.fr\/blog\/#\/schema\/logo\/image\/","url":"https:\/\/dicodusport.fr\/blog\/wp-content\/uploads\/2020\/06\/cropped-LOGO-DICODUSPORT-2020-SANS-FOND-SANS-TEXTE.png","contentUrl":"https:\/\/dicodusport.fr\/blog\/wp-content\/uploads\/2020\/06\/cropped-LOGO-DICODUSPORT-2020-SANS-FOND-SANS-TEXTE.png","width":512,"height":512,"caption":"Dicodusport"},"image":{"@id":"https:\/\/dicodusport.fr\/blog\/#\/schema\/logo\/image\/"},"sameAs":["https:\/\/www.facebook.com\/dicodusport","https:\/\/x.com\/dicodusport","https:\/\/www.instagram.com\/dicodusport\/","https:\/\/www.youtube.com\/channel\/UC7V2KZ5sd3htJivAbA4ZG3w"],"description":"Dicodusport est l'encyclop\u00e9die de l'actualit\u00e9 sportive.","email":"bonjour@dicodusport.fr","legalName":"DICODUSPORT","foundingDate":"2018-01-14","vatID":"FR71834470973","taxID":"83447097300043","numberOfEmployees":{"@type":"QuantitativeValue","minValue":"1","maxValue":"10"}},{"@type":"Person","@id":"https:\/\/dicodusport.fr\/blog\/#\/schema\/person\/5116a629167122a65c59ff0df3ccec05","name":"Nelson","image":{"@type":"ImageObject","inLanguage":"fr-FR","@id":"https:\/\/dicodusport.fr\/blog\/#\/schema\/person\/image\/","url":"https:\/\/dicodusport.fr\/blog\/wp-content\/uploads\/2017\/01\/cropped-logo-dicodusport-sans-fond-150x150.png","contentUrl":"https:\/\/dicodusport.fr\/blog\/wp-content\/uploads\/2017\/01\/cropped-logo-dicodusport-sans-fond-150x150.png","caption":"Nelson"},"url":"https:\/\/dicodusport.fr\/blog\/author\/nelson\/"}]}},"_links":{"self":[{"href":"https:\/\/dicodusport.fr\/blog\/wp-json\/wp\/v2\/posts\/30006","targetHints":{"allow":["GET"]}}],"collection":[{"href":"https:\/\/dicodusport.fr\/blog\/wp-json\/wp\/v2\/posts"}],"about":[{"href":"https:\/\/dicodusport.fr\/blog\/wp-json\/wp\/v2\/types\/post"}],"author":[{"embeddable":true,"href":"https:\/\/dicodusport.fr\/blog\/wp-json\/wp\/v2\/users\/29"}],"replies":[{"embeddable":true,"href":"https:\/\/dicodusport.fr\/blog\/wp-json\/wp\/v2\/comments?post=30006"}],"version-history":[{"count":0,"href":"https:\/\/dicodusport.fr\/blog\/wp-json\/wp\/v2\/posts\/30006\/revisions"}],"wp:featuredmedia":[{"embeddable":true,"href":"https:\/\/dicodusport.fr\/blog\/wp-json\/wp\/v2\/media\/30041"}],"wp:attachment":[{"href":"https:\/\/dicodusport.fr\/blog\/wp-json\/wp\/v2\/media?parent=30006"}],"wp:term":[{"taxonomy":"category","embeddable":true,"href":"https:\/\/dicodusport.fr\/blog\/wp-json\/wp\/v2\/categories?post=30006"},{"taxonomy":"post_tag","embeddable":true,"href":"https:\/\/dicodusport.fr\/blog\/wp-json\/wp\/v2\/tags?post=30006"}],"curies":[{"name":"wp","href":"https:\/\/api.w.org\/{rel}","templated":true}]}}