{"id":301955,"date":"2022-12-24T14:50:59","date_gmt":"2022-12-24T13:50:59","guid":{"rendered":"https:\/\/dicodusport.fr\/blog\/?p=301955"},"modified":"2022-12-24T15:19:12","modified_gmt":"2022-12-24T14:19:12","slug":"champion-des-champions-francais-2022-benjamin-thomas-8eme-sur-la-piste-aux-etoiles","status":"publish","type":"post","link":"https:\/\/dicodusport.fr\/blog\/champion-des-champions-francais-2022-benjamin-thomas-8eme-sur-la-piste-aux-etoiles\/","title":{"rendered":"Champion des Champions fran\u00e7ais 2022 : Benjamin Thomas (8\u00e8me), sur la piste aux \u00e9toiles"},"content":{"rendered":"<p style=\"text-align: justify;\"><strong><em>MULTISPORTS \u2013 Comme tous les ans depuis 2018, Dicodusport vous a propos\u00e9 d\u2019\u00e9lire le Champion des Champions fran\u00e7ais de l\u2019ann\u00e9e. En 2022, ils sont 12 sur la ligne de d\u00e9part. Qui succ\u00e9dera \u00e0 Fabio Quartararo ? Brillant sur piste comme sur route, Benjamin Thomas est 8\u00e8me du classement.<\/em><\/strong><\/p>\n<h2>Le d\u00e9roulement<\/h2>\n<p style=\"text-align: justify;\">Cette ann\u00e9e, petite nouveaut\u00e9 concernant l\u2019\u00e9lection du\u00a0<strong>Champion des Champions fran\u00e7ais<\/strong>. Vos votes, lecteurs de Dicodusport, ont compt\u00e9 pour 50 % dans le r\u00e9sultat final. Il y a ensuite eu le vote de la r\u00e9daction (8 membres), qui a compl\u00e9t\u00e9 le scrutin du public, et qui compte \u00e9galement pour 50 % dans le r\u00e9sultat.<\/p>\n<p style=\"text-align: justify;\">D\u2019abord,\u00a0<strong>le laur\u00e9at du vote des lecteurs remporte 12 points<\/strong>, le deuxi\u00e8me 11 points, le troisi\u00e8me 10 points etc, jusqu\u2019au sportif arriv\u00e9 en 12\u00e8me et derni\u00e8re position, qui r\u00e9colte 1 point.<\/p>\n<p style=\"text-align: justify;\">Concernant le vote de la r\u00e9daction, les 8 membres ayant vot\u00e9\u00a0<strong>ont chacun fait un classement de 1 \u00e0 12<\/strong>, avec l\u00e0 aussi, 12 points attribu\u00e9s pour la premi\u00e8re place, 11 points pour la deuxi\u00e8me place, et ainsi de suite jusqu\u2019\u00e0 la 12\u00e8me place (1 point). Le total des 8 classements a ensuite \u00e9t\u00e9 r\u00e9alis\u00e9. \u00c0 l\u2019issue de ce d\u00e9compte, le sportif ayant r\u00e9colt\u00e9 le plus de points au total, inscrit 12 points, 11 points pour le deuxi\u00e8me, 10 points pour le troisi\u00e8me etc, jusqu\u2019au sportif arriv\u00e9 en 12\u00e8me et derni\u00e8re position, qui r\u00e9colte 1 point.<\/p>\n<p style=\"text-align: justify;\">Pour arriver au classement final du\u00a0<strong>Champion des Champions Fran\u00e7ais 2022<\/strong>, les points du vote des lecteurs (12 maximum) ont \u00e9t\u00e9 additionn\u00e9s \u00e0 ceux du total des membres de la r\u00e9daction (12 maximum). Un sportif pouvait alors recevoir, au maximum, 24 points.<\/p>\n<hr \/>\n<h2>Benjamin Thomas (8\u00e8me), sur la piste aux \u00e9toiles<\/h2>\n<p style=\"text-align: justify;\"><strong>Palmar\u00e8s en 2022 :<\/strong> Champion du monde de l\u2019am\u00e9ricaine aux c\u00f4t\u00e9s de Donavan Grondin, champion d\u2019Europe de la course aux points et de la poursuite par \u00e9quipes. Vainqueur de l\u2019\u00c9toile des Bess\u00e8ges et des Boucles de la Mayenne.<\/p>\n<p style=\"text-align: justify;\"><strong>Le d\u00e9tail des votes<\/strong><strong>\u00a0:<\/strong><br \/>\n10\u00e8me du vote des lecteurs avec 1 % des voix (16 voix sur 3 049 votes) = <strong>8 points<\/strong><br \/>\n6\u00e8me du vote de la r\u00e9daction avec 60 points = <strong>2 points<\/strong><br \/>\n<strong><em>Total = 10 points<\/em><\/strong><\/p>\n<div id=\"attachment_270582\" style=\"width: 810px\" class=\"wp-caption aligncenter\"><a href=\"https:\/\/dicodusport.fr\/blog\/wp-content\/uploads\/2022\/10\/Mondiaux-Cyclisme-sur-piste-Benjamin-Thomas-et-Donavan-Grondin-titres-sur-lAmericaine-1.png\"><img loading=\"lazy\" decoding=\"async\" aria-describedby=\"caption-attachment-270582\" class=\"size-full wp-image-270582\" src=\"https:\/\/dicodusport.fr\/blog\/wp-content\/uploads\/2022\/10\/Mondiaux-Cyclisme-sur-piste-Benjamin-Thomas-et-Donavan-Grondin-titres-sur-lAmericaine-1.png\" alt=\"Mondiaux Cyclisme sur piste Benjamin Thomas et Donavan Grondin titr\u00e9s sur l'Am\u00e9ricaine (1)\" width=\"800\" height=\"445\" srcset=\"https:\/\/dicodusport.fr\/blog\/wp-content\/uploads\/2022\/10\/Mondiaux-Cyclisme-sur-piste-Benjamin-Thomas-et-Donavan-Grondin-titres-sur-lAmericaine-1.png 800w, https:\/\/dicodusport.fr\/blog\/wp-content\/uploads\/2022\/10\/Mondiaux-Cyclisme-sur-piste-Benjamin-Thomas-et-Donavan-Grondin-titres-sur-lAmericaine-1-300x167.png 300w, https:\/\/dicodusport.fr\/blog\/wp-content\/uploads\/2022\/10\/Mondiaux-Cyclisme-sur-piste-Benjamin-Thomas-et-Donavan-Grondin-titres-sur-lAmericaine-1-768x427.png 768w\" sizes=\"auto, (max-width: 800px) 100vw, 800px\" \/><\/a><p id=\"caption-attachment-270582\" class=\"wp-caption-text\">Mondiaux Cyclisme sur piste &#8211; Benjamin Thomas et Donavan Grondin titr\u00e9s sur l&rsquo;Am\u00e9ricaine &#8211; Photo Icon Sport<\/p><\/div>\n<p style=\"text-align: justify;\">Cette ann\u00e9e, <strong>Benjamin Thomas<\/strong> nous a encore \u00e9merveill\u00e9s par son talent. Connu en tant que pistard, il obtient ses premiers r\u00e9sultats en 2022 sur la route. D\u00e8s f\u00e9vrier, le coureur de la Cofidis remporte l&rsquo;<strong>\u00c9toile de Bess\u00e8ges-Tour du Gard<\/strong> ainsi que la 3\u00e8me \u00e9tape, son premier succ\u00e8s en course par \u00e9tapes. Il r\u00e9cidive lors des <strong>Boucles de la Mayenne<\/strong> qu&rsquo;il s&rsquo;adjuge apr\u00e8s sa victoire sur la deuxi\u00e8me \u00e9tape. Sp\u00e9cialiste de l&rsquo;\u00e9preuve chronom\u00e9tr\u00e9e, il se pare de la m\u00e9daille de bronze du contre-la-montre des championnats de France. Il termine \u00e9galement son premier Tour de France duquel il prendra la 54\u00e8me. C&rsquo;est ensuite sur la piste qu&rsquo;il entrera en sc\u00e8ne.<\/p>\n<p style=\"text-align: justify;\">Aux championnats d&rsquo;Europe d&rsquo;abord, il signe le doubl\u00e9 <strong>poursuite par \u00e9quipes et course aux points<\/strong>. Injouable, il arrive aux Mondiaux de Saint-Quentin-en-Yvelines comme grand favori. Avec <strong>Donavan Grondin<\/strong>, <a href=\"https:\/\/dicodusport.fr\/blog\/mondiaux-de-cyclisme-sur-piste-benjamin-thomas-et-donavan-grondin-titres-sur-l-americaine\/\">il remporte son deuxi\u00e8me titre mondial de l&rsquo;Am\u00e9ricaine<\/a>. Il accompagne ce titre par l&rsquo;argent de l&rsquo;omnium apr\u00e8s une course aux points m\u00e9morable. Un palmar\u00e8s bien fourni alors qu&rsquo;il n&rsquo;a que 27 ans. \u00c0 moins de deux ans des Jeux de Paris, il semble dans la forme de sa vie.<\/p>\n<blockquote class=\"twitter-tweet\">\n<p dir=\"ltr\" lang=\"fr\"><a href=\"https:\/\/twitter.com\/hashtag\/SQY2022?src=hash&amp;ref_src=twsrc%5Etfw\">#SQY2022<\/a> | &#x1f6b2; Donavan Grondin et Benjamin Thomas sont champions du monde de l\u2019Am\u00e9ricaine !!!!<\/p>\n<p>&#x1f947; Dans un v\u00e9lodrome en feu les Fran\u00e7ais ont fait un r\u00e9cital en emportant la course avec 18 points d&rsquo;avance sur les Britanniques ! &#x1f1eb;&#x1f1f7;<\/p>\n<p>Suivez le direct : <a href=\"https:\/\/t.co\/kpF7sZdEIB\">https:\/\/t.co\/kpF7sZdEIB<\/a> <a href=\"https:\/\/t.co\/GVl4NctGGx\">pic.twitter.com\/GVl4NctGGx<\/a><\/p>\n<p>\u2014 francetvsport (@francetvsport) <a href=\"https:\/\/twitter.com\/francetvsport\/status\/1581639727433732097?ref_src=twsrc%5Etfw\">October 16, 2022<\/a><\/p><\/blockquote>\n<p><script async src=\"https:\/\/platform.twitter.com\/widgets.js\" charset=\"utf-8\"><\/script><\/p>\n<h2 style=\"text-align: justify;\">Le classement d\u00e9j\u00e0 connu<\/h2>\n<ul>\n<li style=\"text-align: justify;\"><a href=\"https:\/\/dicodusport.fr\/blog\/champion-des-champions-francais-2022-cedric-veiga-rios-9eme-le-vent-en-poupe\/\"><strong>C\u00e9dric Veiga Rios (9\u00e8me), l&rsquo;homme qui a le vent en poupe<\/strong><\/a><\/li>\n<li style=\"text-align: justify;\"><a href=\"https:\/\/dicodusport.fr\/blog\/champion-des-champions-francais-2022-david-jackson-10eme-l-arc-du-triomphe\/\"><strong>David Jackson (10\u00e8me), l\u2019arc du triomphe<\/strong><\/a><\/li>\n<li style=\"text-align: justify;\"><a href=\"https:\/\/dicodusport.fr\/blog\/champion-des-champions-francais-2022-edouard-damestoy-11eme-le-style-et-la-maniere\/\"><strong>\u00c9douard Damestoy (11\u00e8me), le style et la mani\u00e8re<\/strong><\/a><\/li>\n<li class=\"mvp-post-title left entry-title\" style=\"text-align: justify;\"><a href=\"https:\/\/dicodusport.fr\/blog\/champion-des-champions-francais-2022-clement-bessaguet-12eme-dans-le-mille\/\"><strong>Cl\u00e9ment Bessaguet (12\u00e8me), dans le mille<\/strong><\/a><\/li>\n<\/ul>\n","protected":false},"excerpt":{"rendered":"<p>MULTISPORTS \u2013 Comme tous les ans depuis 2018, Dicodusport vous a propos\u00e9 d\u2019\u00e9lire le Champion des Champions fran\u00e7ais de l\u2019ann\u00e9e. En 2022, ils sont 12 sur la ligne de d\u00e9part. Qui succ\u00e9dera \u00e0 Fabio Quartararo ? Brillant sur piste comme sur route, Benjamin Thomas est 8\u00e8me du classement.<\/p>\n","protected":false},"author":43,"featured_media":321006,"comment_status":"open","ping_status":"closed","sticky":false,"template":"","format":"standard","meta":{"_acf_changed":false,"_daextam_enable_autolinks":"","footnotes":""},"categories":[2307,2366],"tags":[2182,1664,11197],"class_list":["post-301955","post","type-post","status-publish","format-standard","has-post-thumbnail","hentry","category-cyclisme","category-multisports","tag-benjamin-thomas","tag-cyclisme-sur-piste","tag-cyclisme-sur-route"],"acf":[],"yoast_head":"<!-- This site is optimized with the Yoast SEO Premium plugin v26.7 (Yoast SEO v26.7) - https:\/\/yoast.com\/wordpress\/plugins\/seo\/ -->\n<title>Champion des Champions fran\u00e7ais 2022 : Benjamin Thomas (8\u00e8me), sur la piste aux \u00e9toiles<\/title>\n<meta name=\"description\" content=\"MULTISPORTS - Le cycliste tarnais Benjamin Thomas est 8\u00e8me du classement du Champion des Champions fran\u00e7ais 2022.\" \/>\n<meta name=\"robots\" content=\"index, follow, max-snippet:-1, max-image-preview:large, max-video-preview:-1\" \/>\n<link rel=\"canonical\" href=\"https:\/\/dicodusport.fr\/blog\/champion-des-champions-francais-2022-benjamin-thomas-8eme-sur-la-piste-aux-etoiles\/\" \/>\n<meta property=\"og:locale\" content=\"fr_FR\" \/>\n<meta property=\"og:type\" content=\"article\" \/>\n<meta property=\"og:title\" content=\"Champion des Champions fran\u00e7ais 2022 : Benjamin Thomas (8\u00e8me), sur la piste aux \u00e9toiles\" \/>\n<meta property=\"og:description\" content=\"MULTISPORTS - Le cycliste tarnais Benjamin Thomas est 8\u00e8me du classement du Champion des Champions fran\u00e7ais 2022.\" \/>\n<meta property=\"og:url\" content=\"https:\/\/dicodusport.fr\/blog\/champion-des-champions-francais-2022-benjamin-thomas-8eme-sur-la-piste-aux-etoiles\/\" \/>\n<meta property=\"og:site_name\" content=\"Dicodusport\" \/>\n<meta property=\"article:publisher\" content=\"https:\/\/www.facebook.com\/dicodusport\" \/>\n<meta property=\"article:author\" content=\"https:\/\/www.facebook.com\/Max.Bld2\/\" \/>\n<meta property=\"article:published_time\" content=\"2022-12-24T13:50:59+00:00\" \/>\n<meta property=\"article:modified_time\" content=\"2022-12-24T14:19:12+00:00\" \/>\n<meta property=\"og:image\" content=\"https:\/\/dicodusport.fr\/blog\/wp-content\/uploads\/2022\/12\/Champion-des-Champions-francais-2022-Benjamin-Thomas-8eme-sur-la-piste-aux-etoiles.png\" \/>\n\t<meta property=\"og:image:width\" content=\"800\" \/>\n\t<meta property=\"og:image:height\" content=\"445\" \/>\n\t<meta property=\"og:image:type\" content=\"image\/png\" \/>\n<meta name=\"author\" content=\"Maxime Boulard\" \/>\n<meta name=\"twitter:card\" content=\"summary_large_image\" \/>\n<meta name=\"twitter:title\" content=\"Champion des Champions fran\u00e7ais 2022 : Benjamin Thomas (8\u00e8me), sur la piste aux \u00e9toiles\" \/>\n<meta name=\"twitter:creator\" content=\"@https:\/\/twitter.com\/MaximeB_2\" \/>\n<meta name=\"twitter:site\" content=\"@dicodusport\" \/>\n<script type=\"application\/ld+json\" class=\"yoast-schema-graph\">{\"@context\":\"https:\/\/schema.org\",\"@graph\":[{\"@type\":\"NewsArticle\",\"@id\":\"https:\/\/dicodusport.fr\/blog\/champion-des-champions-francais-2022-benjamin-thomas-8eme-sur-la-piste-aux-etoiles\/#article\",\"isPartOf\":{\"@id\":\"https:\/\/dicodusport.fr\/blog\/champion-des-champions-francais-2022-benjamin-thomas-8eme-sur-la-piste-aux-etoiles\/\"},\"author\":{\"name\":\"Maxime Boulard\",\"@id\":\"https:\/\/dicodusport.fr\/blog\/#\/schema\/person\/5aab10ee856e86ac63e9819a9da34784\"},\"headline\":\"Champion des Champions fran\u00e7ais 2022 : Benjamin Thomas (8\u00e8me), sur la piste aux \u00e9toiles\",\"datePublished\":\"2022-12-24T13:50:59+00:00\",\"dateModified\":\"2022-12-24T14:19:12+00:00\",\"mainEntityOfPage\":{\"@id\":\"https:\/\/dicodusport.fr\/blog\/champion-des-champions-francais-2022-benjamin-thomas-8eme-sur-la-piste-aux-etoiles\/\"},\"wordCount\":720,\"commentCount\":0,\"publisher\":{\"@id\":\"https:\/\/dicodusport.fr\/blog\/#organization\"},\"image\":{\"@id\":\"https:\/\/dicodusport.fr\/blog\/champion-des-champions-francais-2022-benjamin-thomas-8eme-sur-la-piste-aux-etoiles\/#primaryimage\"},\"thumbnailUrl\":\"https:\/\/dicodusport.fr\/blog\/wp-content\/uploads\/2022\/12\/Champion-des-Champions-francais-2022-Benjamin-Thomas-8eme-sur-la-piste-aux-etoiles.png\",\"keywords\":[\"Benjamin Thomas\",\"cyclisme sur piste\",\"Cyclisme sur route\"],\"articleSection\":[\"Cyclisme\",\"Multisports\"],\"inLanguage\":\"fr-FR\",\"potentialAction\":[{\"@type\":\"CommentAction\",\"name\":\"Comment\",\"target\":[\"https:\/\/dicodusport.fr\/blog\/champion-des-champions-francais-2022-benjamin-thomas-8eme-sur-la-piste-aux-etoiles\/#respond\"]}],\"copyrightYear\":\"2022\",\"copyrightHolder\":{\"@id\":\"https:\/\/dicodusport.fr\/blog\/#organization\"}},{\"@type\":\"WebPage\",\"@id\":\"https:\/\/dicodusport.fr\/blog\/champion-des-champions-francais-2022-benjamin-thomas-8eme-sur-la-piste-aux-etoiles\/\",\"url\":\"https:\/\/dicodusport.fr\/blog\/champion-des-champions-francais-2022-benjamin-thomas-8eme-sur-la-piste-aux-etoiles\/\",\"name\":\"Champion des Champions fran\u00e7ais 2022 : Benjamin Thomas (8\u00e8me), sur la piste aux \u00e9toiles\",\"isPartOf\":{\"@id\":\"https:\/\/dicodusport.fr\/blog\/#website\"},\"primaryImageOfPage\":{\"@id\":\"https:\/\/dicodusport.fr\/blog\/champion-des-champions-francais-2022-benjamin-thomas-8eme-sur-la-piste-aux-etoiles\/#primaryimage\"},\"image\":{\"@id\":\"https:\/\/dicodusport.fr\/blog\/champion-des-champions-francais-2022-benjamin-thomas-8eme-sur-la-piste-aux-etoiles\/#primaryimage\"},\"thumbnailUrl\":\"https:\/\/dicodusport.fr\/blog\/wp-content\/uploads\/2022\/12\/Champion-des-Champions-francais-2022-Benjamin-Thomas-8eme-sur-la-piste-aux-etoiles.png\",\"datePublished\":\"2022-12-24T13:50:59+00:00\",\"dateModified\":\"2022-12-24T14:19:12+00:00\",\"description\":\"MULTISPORTS - Le cycliste tarnais Benjamin Thomas est 8\u00e8me du classement du Champion des Champions fran\u00e7ais 2022.\",\"breadcrumb\":{\"@id\":\"https:\/\/dicodusport.fr\/blog\/champion-des-champions-francais-2022-benjamin-thomas-8eme-sur-la-piste-aux-etoiles\/#breadcrumb\"},\"inLanguage\":\"fr-FR\",\"potentialAction\":[{\"@type\":\"ReadAction\",\"target\":[\"https:\/\/dicodusport.fr\/blog\/champion-des-champions-francais-2022-benjamin-thomas-8eme-sur-la-piste-aux-etoiles\/\"]}]},{\"@type\":\"ImageObject\",\"inLanguage\":\"fr-FR\",\"@id\":\"https:\/\/dicodusport.fr\/blog\/champion-des-champions-francais-2022-benjamin-thomas-8eme-sur-la-piste-aux-etoiles\/#primaryimage\",\"url\":\"https:\/\/dicodusport.fr\/blog\/wp-content\/uploads\/2022\/12\/Champion-des-Champions-francais-2022-Benjamin-Thomas-8eme-sur-la-piste-aux-etoiles.png\",\"contentUrl\":\"https:\/\/dicodusport.fr\/blog\/wp-content\/uploads\/2022\/12\/Champion-des-Champions-francais-2022-Benjamin-Thomas-8eme-sur-la-piste-aux-etoiles.png\",\"width\":800,\"height\":445,\"caption\":\"Champion des Champions fran\u00e7ais 2022 - Benjamin Thomas (8\u00e8me), sur la piste aux \u00e9toiles\"},{\"@type\":\"BreadcrumbList\",\"@id\":\"https:\/\/dicodusport.fr\/blog\/champion-des-champions-francais-2022-benjamin-thomas-8eme-sur-la-piste-aux-etoiles\/#breadcrumb\",\"itemListElement\":[{\"@type\":\"ListItem\",\"position\":1,\"name\":\"Accueil\",\"item\":\"https:\/\/dicodusport.fr\/blog\/\"},{\"@type\":\"ListItem\",\"position\":2,\"name\":\"Champion des Champions fran\u00e7ais 2022 : Benjamin Thomas (8\u00e8me), sur la piste aux \u00e9toiles\"}]},{\"@type\":\"WebSite\",\"@id\":\"https:\/\/dicodusport.fr\/blog\/#website\",\"url\":\"https:\/\/dicodusport.fr\/blog\/\",\"name\":\"Dicodusport\",\"description\":\"L&#039;encyclop\u00e9die de l&#039;actualit\u00e9 sportive\",\"publisher\":{\"@id\":\"https:\/\/dicodusport.fr\/blog\/#organization\"},\"potentialAction\":[{\"@type\":\"SearchAction\",\"target\":{\"@type\":\"EntryPoint\",\"urlTemplate\":\"https:\/\/dicodusport.fr\/blog\/?s={search_term_string}\"},\"query-input\":{\"@type\":\"PropertyValueSpecification\",\"valueRequired\":true,\"valueName\":\"search_term_string\"}}],\"inLanguage\":\"fr-FR\"},{\"@type\":\"NewsMediaOrganization\",\"@id\":\"https:\/\/dicodusport.fr\/blog\/#organization\",\"name\":\"Dicodusport\",\"url\":\"https:\/\/dicodusport.fr\/blog\/\",\"logo\":{\"@type\":\"ImageObject\",\"inLanguage\":\"fr-FR\",\"@id\":\"https:\/\/dicodusport.fr\/blog\/#\/schema\/logo\/image\/\",\"url\":\"https:\/\/dicodusport.fr\/blog\/wp-content\/uploads\/2020\/06\/cropped-LOGO-DICODUSPORT-2020-SANS-FOND-SANS-TEXTE.png\",\"contentUrl\":\"https:\/\/dicodusport.fr\/blog\/wp-content\/uploads\/2020\/06\/cropped-LOGO-DICODUSPORT-2020-SANS-FOND-SANS-TEXTE.png\",\"width\":512,\"height\":512,\"caption\":\"Dicodusport\"},\"image\":{\"@id\":\"https:\/\/dicodusport.fr\/blog\/#\/schema\/logo\/image\/\"},\"sameAs\":[\"https:\/\/www.facebook.com\/dicodusport\",\"https:\/\/x.com\/dicodusport\",\"https:\/\/www.instagram.com\/dicodusport\/\",\"https:\/\/www.youtube.com\/channel\/UC7V2KZ5sd3htJivAbA4ZG3w\"],\"description\":\"Dicodusport est l'encyclop\u00e9die de l'actualit\u00e9 sportive.\",\"email\":\"bonjour@dicodusport.fr\",\"legalName\":\"DICODUSPORT\",\"foundingDate\":\"2018-01-14\",\"vatID\":\"FR71834470973\",\"taxID\":\"83447097300043\",\"numberOfEmployees\":{\"@type\":\"QuantitativeValue\",\"minValue\":\"1\",\"maxValue\":\"10\"}},{\"@type\":\"Person\",\"@id\":\"https:\/\/dicodusport.fr\/blog\/#\/schema\/person\/5aab10ee856e86ac63e9819a9da34784\",\"name\":\"Maxime Boulard\",\"image\":{\"@type\":\"ImageObject\",\"inLanguage\":\"fr-FR\",\"@id\":\"https:\/\/dicodusport.fr\/blog\/#\/schema\/person\/image\/\",\"url\":\"https:\/\/dicodusport.fr\/blog\/wp-content\/uploads\/2021\/05\/Maxime-Boulard-150x150.jpg\",\"contentUrl\":\"https:\/\/dicodusport.fr\/blog\/wp-content\/uploads\/2021\/05\/Maxime-Boulard-150x150.jpg\",\"caption\":\"Maxime Boulard\"},\"description\":\"Journaliste\/r\u00e9dacteur depuis octobre 2020 - Si mon plus vieux souvenir de sport aurait pu m'en d\u00e9go\u00fbter, la finale de la Coupe du monde 2006 a \u00e9t\u00e9 tout le contraire. V\u00e9ritable d\u00e9clencheur d'une passion qui aujourd'hui ne fait que grandir avec le temps, mon leitmotiv est la France qui brille ! Je relate les exploits pass\u00e9s et pr\u00e9sents du sport bleu-blanc-rouge sans m\u00e9nagement depuis octobre 2020. Sport valide ou handisport, aucune diff\u00e9rence, il n'y a que du sport et plusieurs fa\u00e7ons de le pratiquer.\",\"sameAs\":[\"https:\/\/www.facebook.com\/Max.Bld2\/\",\"https:\/\/x.com\/https:\/\/twitter.com\/MaximeB_2\"],\"url\":\"https:\/\/dicodusport.fr\/blog\/author\/maxime-b\/\"}]}<\/script>\n<!-- \/ Yoast SEO Premium plugin. -->","yoast_head_json":{"title":"Champion des Champions fran\u00e7ais 2022 : Benjamin Thomas (8\u00e8me), sur la piste aux \u00e9toiles","description":"MULTISPORTS - Le cycliste tarnais Benjamin Thomas est 8\u00e8me du classement du Champion des Champions fran\u00e7ais 2022.","robots":{"index":"index","follow":"follow","max-snippet":"max-snippet:-1","max-image-preview":"max-image-preview:large","max-video-preview":"max-video-preview:-1"},"canonical":"https:\/\/dicodusport.fr\/blog\/champion-des-champions-francais-2022-benjamin-thomas-8eme-sur-la-piste-aux-etoiles\/","og_locale":"fr_FR","og_type":"article","og_title":"Champion des Champions fran\u00e7ais 2022 : Benjamin Thomas (8\u00e8me), sur la piste aux \u00e9toiles","og_description":"MULTISPORTS - Le cycliste tarnais Benjamin Thomas est 8\u00e8me du classement du Champion des Champions fran\u00e7ais 2022.","og_url":"https:\/\/dicodusport.fr\/blog\/champion-des-champions-francais-2022-benjamin-thomas-8eme-sur-la-piste-aux-etoiles\/","og_site_name":"Dicodusport","article_publisher":"https:\/\/www.facebook.com\/dicodusport","article_author":"https:\/\/www.facebook.com\/Max.Bld2\/","article_published_time":"2022-12-24T13:50:59+00:00","article_modified_time":"2022-12-24T14:19:12+00:00","og_image":[{"width":800,"height":445,"url":"https:\/\/dicodusport.fr\/blog\/wp-content\/uploads\/2022\/12\/Champion-des-Champions-francais-2022-Benjamin-Thomas-8eme-sur-la-piste-aux-etoiles.png","type":"image\/png"}],"author":"Maxime Boulard","twitter_card":"summary_large_image","twitter_title":"Champion des Champions fran\u00e7ais 2022 : Benjamin Thomas (8\u00e8me), sur la piste aux \u00e9toiles","twitter_creator":"@https:\/\/twitter.com\/MaximeB_2","twitter_site":"@dicodusport","schema":{"@context":"https:\/\/schema.org","@graph":[{"@type":"NewsArticle","@id":"https:\/\/dicodusport.fr\/blog\/champion-des-champions-francais-2022-benjamin-thomas-8eme-sur-la-piste-aux-etoiles\/#article","isPartOf":{"@id":"https:\/\/dicodusport.fr\/blog\/champion-des-champions-francais-2022-benjamin-thomas-8eme-sur-la-piste-aux-etoiles\/"},"author":{"name":"Maxime Boulard","@id":"https:\/\/dicodusport.fr\/blog\/#\/schema\/person\/5aab10ee856e86ac63e9819a9da34784"},"headline":"Champion des Champions fran\u00e7ais 2022 : Benjamin Thomas (8\u00e8me), sur la piste aux \u00e9toiles","datePublished":"2022-12-24T13:50:59+00:00","dateModified":"2022-12-24T14:19:12+00:00","mainEntityOfPage":{"@id":"https:\/\/dicodusport.fr\/blog\/champion-des-champions-francais-2022-benjamin-thomas-8eme-sur-la-piste-aux-etoiles\/"},"wordCount":720,"commentCount":0,"publisher":{"@id":"https:\/\/dicodusport.fr\/blog\/#organization"},"image":{"@id":"https:\/\/dicodusport.fr\/blog\/champion-des-champions-francais-2022-benjamin-thomas-8eme-sur-la-piste-aux-etoiles\/#primaryimage"},"thumbnailUrl":"https:\/\/dicodusport.fr\/blog\/wp-content\/uploads\/2022\/12\/Champion-des-Champions-francais-2022-Benjamin-Thomas-8eme-sur-la-piste-aux-etoiles.png","keywords":["Benjamin Thomas","cyclisme sur piste","Cyclisme sur route"],"articleSection":["Cyclisme","Multisports"],"inLanguage":"fr-FR","potentialAction":[{"@type":"CommentAction","name":"Comment","target":["https:\/\/dicodusport.fr\/blog\/champion-des-champions-francais-2022-benjamin-thomas-8eme-sur-la-piste-aux-etoiles\/#respond"]}],"copyrightYear":"2022","copyrightHolder":{"@id":"https:\/\/dicodusport.fr\/blog\/#organization"}},{"@type":"WebPage","@id":"https:\/\/dicodusport.fr\/blog\/champion-des-champions-francais-2022-benjamin-thomas-8eme-sur-la-piste-aux-etoiles\/","url":"https:\/\/dicodusport.fr\/blog\/champion-des-champions-francais-2022-benjamin-thomas-8eme-sur-la-piste-aux-etoiles\/","name":"Champion des Champions fran\u00e7ais 2022 : Benjamin Thomas (8\u00e8me), sur la piste aux \u00e9toiles","isPartOf":{"@id":"https:\/\/dicodusport.fr\/blog\/#website"},"primaryImageOfPage":{"@id":"https:\/\/dicodusport.fr\/blog\/champion-des-champions-francais-2022-benjamin-thomas-8eme-sur-la-piste-aux-etoiles\/#primaryimage"},"image":{"@id":"https:\/\/dicodusport.fr\/blog\/champion-des-champions-francais-2022-benjamin-thomas-8eme-sur-la-piste-aux-etoiles\/#primaryimage"},"thumbnailUrl":"https:\/\/dicodusport.fr\/blog\/wp-content\/uploads\/2022\/12\/Champion-des-Champions-francais-2022-Benjamin-Thomas-8eme-sur-la-piste-aux-etoiles.png","datePublished":"2022-12-24T13:50:59+00:00","dateModified":"2022-12-24T14:19:12+00:00","description":"MULTISPORTS - Le cycliste tarnais Benjamin Thomas est 8\u00e8me du classement du Champion des Champions fran\u00e7ais 2022.","breadcrumb":{"@id":"https:\/\/dicodusport.fr\/blog\/champion-des-champions-francais-2022-benjamin-thomas-8eme-sur-la-piste-aux-etoiles\/#breadcrumb"},"inLanguage":"fr-FR","potentialAction":[{"@type":"ReadAction","target":["https:\/\/dicodusport.fr\/blog\/champion-des-champions-francais-2022-benjamin-thomas-8eme-sur-la-piste-aux-etoiles\/"]}]},{"@type":"ImageObject","inLanguage":"fr-FR","@id":"https:\/\/dicodusport.fr\/blog\/champion-des-champions-francais-2022-benjamin-thomas-8eme-sur-la-piste-aux-etoiles\/#primaryimage","url":"https:\/\/dicodusport.fr\/blog\/wp-content\/uploads\/2022\/12\/Champion-des-Champions-francais-2022-Benjamin-Thomas-8eme-sur-la-piste-aux-etoiles.png","contentUrl":"https:\/\/dicodusport.fr\/blog\/wp-content\/uploads\/2022\/12\/Champion-des-Champions-francais-2022-Benjamin-Thomas-8eme-sur-la-piste-aux-etoiles.png","width":800,"height":445,"caption":"Champion des Champions fran\u00e7ais 2022 - Benjamin Thomas (8\u00e8me), sur la piste aux \u00e9toiles"},{"@type":"BreadcrumbList","@id":"https:\/\/dicodusport.fr\/blog\/champion-des-champions-francais-2022-benjamin-thomas-8eme-sur-la-piste-aux-etoiles\/#breadcrumb","itemListElement":[{"@type":"ListItem","position":1,"name":"Accueil","item":"https:\/\/dicodusport.fr\/blog\/"},{"@type":"ListItem","position":2,"name":"Champion des Champions fran\u00e7ais 2022 : Benjamin Thomas (8\u00e8me), sur la piste aux \u00e9toiles"}]},{"@type":"WebSite","@id":"https:\/\/dicodusport.fr\/blog\/#website","url":"https:\/\/dicodusport.fr\/blog\/","name":"Dicodusport","description":"L&#039;encyclop\u00e9die de l&#039;actualit\u00e9 sportive","publisher":{"@id":"https:\/\/dicodusport.fr\/blog\/#organization"},"potentialAction":[{"@type":"SearchAction","target":{"@type":"EntryPoint","urlTemplate":"https:\/\/dicodusport.fr\/blog\/?s={search_term_string}"},"query-input":{"@type":"PropertyValueSpecification","valueRequired":true,"valueName":"search_term_string"}}],"inLanguage":"fr-FR"},{"@type":"NewsMediaOrganization","@id":"https:\/\/dicodusport.fr\/blog\/#organization","name":"Dicodusport","url":"https:\/\/dicodusport.fr\/blog\/","logo":{"@type":"ImageObject","inLanguage":"fr-FR","@id":"https:\/\/dicodusport.fr\/blog\/#\/schema\/logo\/image\/","url":"https:\/\/dicodusport.fr\/blog\/wp-content\/uploads\/2020\/06\/cropped-LOGO-DICODUSPORT-2020-SANS-FOND-SANS-TEXTE.png","contentUrl":"https:\/\/dicodusport.fr\/blog\/wp-content\/uploads\/2020\/06\/cropped-LOGO-DICODUSPORT-2020-SANS-FOND-SANS-TEXTE.png","width":512,"height":512,"caption":"Dicodusport"},"image":{"@id":"https:\/\/dicodusport.fr\/blog\/#\/schema\/logo\/image\/"},"sameAs":["https:\/\/www.facebook.com\/dicodusport","https:\/\/x.com\/dicodusport","https:\/\/www.instagram.com\/dicodusport\/","https:\/\/www.youtube.com\/channel\/UC7V2KZ5sd3htJivAbA4ZG3w"],"description":"Dicodusport est l'encyclop\u00e9die de l'actualit\u00e9 sportive.","email":"bonjour@dicodusport.fr","legalName":"DICODUSPORT","foundingDate":"2018-01-14","vatID":"FR71834470973","taxID":"83447097300043","numberOfEmployees":{"@type":"QuantitativeValue","minValue":"1","maxValue":"10"}},{"@type":"Person","@id":"https:\/\/dicodusport.fr\/blog\/#\/schema\/person\/5aab10ee856e86ac63e9819a9da34784","name":"Maxime Boulard","image":{"@type":"ImageObject","inLanguage":"fr-FR","@id":"https:\/\/dicodusport.fr\/blog\/#\/schema\/person\/image\/","url":"https:\/\/dicodusport.fr\/blog\/wp-content\/uploads\/2021\/05\/Maxime-Boulard-150x150.jpg","contentUrl":"https:\/\/dicodusport.fr\/blog\/wp-content\/uploads\/2021\/05\/Maxime-Boulard-150x150.jpg","caption":"Maxime Boulard"},"description":"Journaliste\/r\u00e9dacteur depuis octobre 2020 - Si mon plus vieux souvenir de sport aurait pu m'en d\u00e9go\u00fbter, la finale de la Coupe du monde 2006 a \u00e9t\u00e9 tout le contraire. V\u00e9ritable d\u00e9clencheur d'une passion qui aujourd'hui ne fait que grandir avec le temps, mon leitmotiv est la France qui brille ! Je relate les exploits pass\u00e9s et pr\u00e9sents du sport bleu-blanc-rouge sans m\u00e9nagement depuis octobre 2020. Sport valide ou handisport, aucune diff\u00e9rence, il n'y a que du sport et plusieurs fa\u00e7ons de le pratiquer.","sameAs":["https:\/\/www.facebook.com\/Max.Bld2\/","https:\/\/x.com\/https:\/\/twitter.com\/MaximeB_2"],"url":"https:\/\/dicodusport.fr\/blog\/author\/maxime-b\/"}]}},"_links":{"self":[{"href":"https:\/\/dicodusport.fr\/blog\/wp-json\/wp\/v2\/posts\/301955","targetHints":{"allow":["GET"]}}],"collection":[{"href":"https:\/\/dicodusport.fr\/blog\/wp-json\/wp\/v2\/posts"}],"about":[{"href":"https:\/\/dicodusport.fr\/blog\/wp-json\/wp\/v2\/types\/post"}],"author":[{"embeddable":true,"href":"https:\/\/dicodusport.fr\/blog\/wp-json\/wp\/v2\/users\/43"}],"replies":[{"embeddable":true,"href":"https:\/\/dicodusport.fr\/blog\/wp-json\/wp\/v2\/comments?post=301955"}],"version-history":[{"count":0,"href":"https:\/\/dicodusport.fr\/blog\/wp-json\/wp\/v2\/posts\/301955\/revisions"}],"wp:featuredmedia":[{"embeddable":true,"href":"https:\/\/dicodusport.fr\/blog\/wp-json\/wp\/v2\/media\/321006"}],"wp:attachment":[{"href":"https:\/\/dicodusport.fr\/blog\/wp-json\/wp\/v2\/media?parent=301955"}],"wp:term":[{"taxonomy":"category","embeddable":true,"href":"https:\/\/dicodusport.fr\/blog\/wp-json\/wp\/v2\/categories?post=301955"},{"taxonomy":"post_tag","embeddable":true,"href":"https:\/\/dicodusport.fr\/blog\/wp-json\/wp\/v2\/tags?post=301955"}],"curies":[{"name":"wp","href":"https:\/\/api.w.org\/{rel}","templated":true}]}}