{"id":30430,"date":"2018-12-13T11:35:22","date_gmt":"2018-12-13T10:35:22","guid":{"rendered":"http:\/\/dicodusport.fr\/blog\/?p=30430"},"modified":"2018-12-13T11:35:22","modified_gmt":"2018-12-13T10:35:22","slug":"ce-soir-rennes-veut-pimenter-sa-saison","status":"publish","type":"post","link":"https:\/\/dicodusport.fr\/blog\/ce-soir-rennes-veut-pimenter-sa-saison\/","title":{"rendered":"Ce soir, Rennes veut pimenter sa saison"},"content":{"rendered":"<p style=\"text-align: justify;\"><em><strong>Avec la r\u00e9ception d\u2019Astana pour la \u00ab\u00a0finale\u00a0\u00bb du groupe K (18h55 \u2013 RMC Sport), le Stade Rennais se voit bien donner une nouvelle dimension \u00e0 une saison plut\u00f4t moribonde en se qualifiant pour les 16<sup>\u00e8mes <\/sup>de finale de l\u2019Europa League.<\/strong><\/em><\/p>\n<h1 style=\"text-align: justify;\">Pour l\u2019histoire<\/h1>\n<p style=\"text-align: justify;\">Tout Rennes le sait ce soir. M\u00eame si pour l\u2019instant le Stade Rennais est dans un quasi anonymat dans l\u2019Europe enti\u00e8re, c\u2019est peut-\u00eatre ce soir que le club breton va commencer \u00e0 \u00e9crire une petite partie de son histoire europ\u00e9enne. Au Roazhon Park, les co\u00e9quipiers d\u2019Hatem Ben Arfa ont l\u2019occasion de faire ce que personne n\u2019a encore fait \u00e0 Rennes\u00a0: se qualifier pour les phases finales d\u2019une comp\u00e9tition europ\u00e9enne. Avec l\u2019\u00e9limination de l\u2019OM et le miracle qu\u2019il faut \u00e0 Bordeaux pour se qualifier, tous les projecteurs fran\u00e7ais seront en Bretagne en d\u00e9but de soir\u00e9e. Une aubaine pour Rennes qui part sur de nouvelles bases depuis peu avec le tr\u00e8s attendu nouvel entra\u00eeneur Julien St\u00e9phan (qui a sign\u00e9 r\u00e9cemment jusqu\u2019en 2020).<\/p>\n<p style=\"text-align: justify;\">Si le coach rejette la pression sur son adversaire du soir (\u00ab\u00a0Astana est favori\u00a0\u00bb), ce sont bien les Rennais qui ont les cl\u00e9s en main sur cette rencontre. Une victoire face aux Kazakhs et les joueurs et supporters de Rennes pourront regarder le tirage au sort avec int\u00e9r\u00eat et envie d\u2019attraper un gros poisson en Bretagne (Milan AC, Chelsea \u2026 ).<\/p>\n<p><a href=\"https:\/\/twitter.com\/ROUGEmemoire\/status\/1068271428334702593?ref_src=twsrc%5Etfw%7Ctwcamp%5Etweetembed%7Ctwterm%5E1068271428334702593&#038;ref_url=https%3A%2F%2Fwww.20minutes.fr%2Fsport%2Ffootball%2F2393967-20181213-stade-rennais-astana-joueurs-staff-supporters-parlez-surtout-finale\">https:\/\/twitter.com\/ROUGEmemoire\/status\/1068271428334702593?ref_src=twsrc%5Etfw%7Ctwcamp%5Etweetembed%7Ctwterm%5E1068271428334702593&amp;ref_url=https%3A%2F%2Fwww.20minutes.fr%2Fsport%2Ffootball%2F2393967-20181213-stade-rennais-astana-joueurs-staff-supporters-parlez-surtout-finale<\/a><\/p>\n<h1 style=\"text-align: justify;\">Travailler sur la continuit\u00e9 pour gagner<\/h1>\n<p style=\"text-align: justify;\">Afin d\u2019\u00e9viter le pi\u00e8ge tendu par les joueurs en provenance du Kazakhstan ce soir, Rennes se doit de continuer sur les bases fond\u00e9es par le rempla\u00e7ant de Sabri Lamouchi, Julien St\u00e9phan. Les deux derni\u00e8res victoires face \u00e0 Lyon et Dijon en Ligue 1 ont montr\u00e9 de la coh\u00e9rence et de l\u2019\u00e9quilibre au sein de l\u2019\u00e9quipe. Davantage d\u2019organisation, un lien beaucoup plus \u00e9vident entre d\u00e9fenseurs et attaquants mais surtout un \u00e9tat d\u2019esprit modifi\u00e9 et valoris\u00e9 par un Hatem Ben Arfa qui semble appr\u00e9cier le nouvel entra\u00eeneur. Le facteur cl\u00e9 que repr\u00e9sente l\u2019international fran\u00e7ais semble d\u00e9terminant \u00e0 l\u2019approche du match face \u00e0 Astana. Pour son \u00ab\u00a032<sup>\u00e8me<\/sup>de finale\u00a0\u00bb, Rennes peut se permettre de r\u00eaver.<\/p>\n<div id=\"attachment_30432\" style=\"width: 801px\" class=\"wp-caption aligncenter\"><img loading=\"lazy\" decoding=\"async\" aria-describedby=\"caption-attachment-30432\" class=\" wp-image-30432\" src=\"http:\/\/dicodusport.fr\/blog\/wp-content\/uploads\/2018\/12\/Julien-St\u00e9phan.jpg\" alt=\"\" width=\"791\" height=\"527\" srcset=\"https:\/\/dicodusport.fr\/blog\/wp-content\/uploads\/2018\/12\/Julien-St\u00e9phan.jpg 624w, https:\/\/dicodusport.fr\/blog\/wp-content\/uploads\/2018\/12\/Julien-St\u00e9phan-300x200.jpg 300w\" sizes=\"auto, (max-width: 791px) 100vw, 791px\" \/><p id=\"caption-attachment-30432\" class=\"wp-caption-text\">Le nouveau tacticien breton, Julien St\u00e9phan, peut d\u00e9j\u00e0 \u00e9crire l&rsquo;histoire de Rennes ce soir &#8211; L&rsquo;Equipe<\/p><\/div>\n<p><em><strong>Romain Delanis<br \/>\n<\/strong><\/em><em><strong><a href=\"https:\/\/twitter.com\/RDelanis\" target=\"_blank\" rel=\"noopener noreferrer\"><img loading=\"lazy\" decoding=\"async\" class=\"alignnone wp-image-2908\" src=\"http:\/\/dicodusport.fr\/blog\/wp-content\/uploads\/2017\/07\/logo-twitter-150x150.png\" alt=\"\" width=\"39\" height=\"39\" \/><\/a><\/strong><\/em><\/p>\n","protected":false},"excerpt":{"rendered":"<p>Ligue Europa &#8211; Avec la r\u00e9ception d\u2019Astana pour la \u00ab\u00a0finale\u00a0\u00bb du groupe K (18h55 \u2013 RMC Sport), le Stade Rennais se voit bien donner une nouvelle dimension \u00e0 une saison<\/p>\n","protected":false},"author":14,"featured_media":30448,"comment_status":"open","ping_status":"closed","sticky":false,"template":"","format":"standard","meta":{"_acf_changed":false,"_daextam_enable_autolinks":"","footnotes":""},"categories":[2,2301],"tags":[6891,3829,75,6889,6888,1554,1840,6890],"class_list":["post-30430","post","type-post","status-publish","format-standard","has-post-thumbnail","hentry","category-actualites","category-football","tag-astana","tag-europa-league","tag-football","tag-hatem-ben-arfa","tag-julien-stephan","tag-ligue-1","tag-rennes","tag-roazhon-park"],"acf":[],"yoast_head":"<!-- This site is optimized with the Yoast SEO Premium plugin v26.7 (Yoast SEO v26.7) - https:\/\/yoast.com\/wordpress\/plugins\/seo\/ -->\n<title>Ce soir, Rennes veut pimenter sa saison<\/title>\n<meta name=\"description\" content=\"Ligue Europa - Avec la r\u00e9ception d\u2019Astana pour la \u00ab\u00a0finale\u00a0\u00bb du groupe K (18h55 \u2013 RMC Sport), Rennes se voit bien donner une nouvelle dimension \u00e0 une saison\" \/>\n<meta name=\"robots\" content=\"index, follow, max-snippet:-1, max-image-preview:large, max-video-preview:-1\" \/>\n<link rel=\"canonical\" href=\"https:\/\/dicodusport.fr\/blog\/ce-soir-rennes-veut-pimenter-sa-saison\/\" \/>\n<meta property=\"og:locale\" content=\"fr_FR\" \/>\n<meta property=\"og:type\" content=\"article\" \/>\n<meta property=\"og:title\" content=\"Ce soir, Rennes veut pimenter sa saison\" \/>\n<meta property=\"og:description\" content=\"Ligue Europa - Avec la r\u00e9ception d\u2019Astana pour la \u00ab\u00a0finale\u00a0\u00bb du groupe K (18h55 \u2013 RMC Sport), Rennes se voit bien donner une nouvelle dimension \u00e0 une saison\" \/>\n<meta property=\"og:url\" content=\"https:\/\/dicodusport.fr\/blog\/ce-soir-rennes-veut-pimenter-sa-saison\/\" \/>\n<meta property=\"og:site_name\" content=\"Dicodusport\" \/>\n<meta property=\"article:publisher\" content=\"https:\/\/www.facebook.com\/dicodusport\" \/>\n<meta property=\"article:published_time\" content=\"2018-12-13T10:35:22+00:00\" \/>\n<meta property=\"og:image\" content=\"https:\/\/dicodusport.fr\/blog\/wp-content\/uploads\/2018\/12\/Rennes-Europe-League.png\" \/>\n\t<meta property=\"og:image:width\" content=\"800\" \/>\n\t<meta property=\"og:image:height\" content=\"445\" \/>\n\t<meta property=\"og:image:type\" content=\"image\/png\" \/>\n<meta name=\"author\" content=\"Romain Delanis\" \/>\n<meta name=\"twitter:card\" content=\"summary_large_image\" \/>\n<meta name=\"twitter:creator\" content=\"@https:\/\/twitter.com\/RDelanis\" \/>\n<meta name=\"twitter:site\" content=\"@dicodusport\" \/>\n<script type=\"application\/ld+json\" class=\"yoast-schema-graph\">{\"@context\":\"https:\/\/schema.org\",\"@graph\":[{\"@type\":\"NewsArticle\",\"@id\":\"https:\/\/dicodusport.fr\/blog\/ce-soir-rennes-veut-pimenter-sa-saison\/#article\",\"isPartOf\":{\"@id\":\"https:\/\/dicodusport.fr\/blog\/ce-soir-rennes-veut-pimenter-sa-saison\/\"},\"author\":{\"name\":\"Romain Delanis\",\"@id\":\"https:\/\/dicodusport.fr\/blog\/#\/schema\/person\/8c78730a59f8a1e617f7a19026ebc14a\"},\"headline\":\"Ce soir, Rennes veut pimenter sa saison\",\"datePublished\":\"2018-12-13T10:35:22+00:00\",\"mainEntityOfPage\":{\"@id\":\"https:\/\/dicodusport.fr\/blog\/ce-soir-rennes-veut-pimenter-sa-saison\/\"},\"wordCount\":447,\"commentCount\":0,\"publisher\":{\"@id\":\"https:\/\/dicodusport.fr\/blog\/#organization\"},\"image\":{\"@id\":\"https:\/\/dicodusport.fr\/blog\/ce-soir-rennes-veut-pimenter-sa-saison\/#primaryimage\"},\"thumbnailUrl\":\"https:\/\/dicodusport.fr\/blog\/wp-content\/uploads\/2018\/12\/Rennes-Europe-League.png\",\"keywords\":[\"Astana\",\"Europa League\",\"Football\",\"Hatem Ben Arfa\",\"Julien St\u00e9phan\",\"Ligue 1\",\"Rennes\",\"Roazhon Park\"],\"articleSection\":[\"Actualit\u00e9s\",\"Football\"],\"inLanguage\":\"fr-FR\",\"potentialAction\":[{\"@type\":\"CommentAction\",\"name\":\"Comment\",\"target\":[\"https:\/\/dicodusport.fr\/blog\/ce-soir-rennes-veut-pimenter-sa-saison\/#respond\"]}],\"copyrightYear\":\"2018\",\"copyrightHolder\":{\"@id\":\"https:\/\/dicodusport.fr\/blog\/#organization\"}},{\"@type\":\"WebPage\",\"@id\":\"https:\/\/dicodusport.fr\/blog\/ce-soir-rennes-veut-pimenter-sa-saison\/\",\"url\":\"https:\/\/dicodusport.fr\/blog\/ce-soir-rennes-veut-pimenter-sa-saison\/\",\"name\":\"Ce soir, Rennes veut pimenter sa saison\",\"isPartOf\":{\"@id\":\"https:\/\/dicodusport.fr\/blog\/#website\"},\"primaryImageOfPage\":{\"@id\":\"https:\/\/dicodusport.fr\/blog\/ce-soir-rennes-veut-pimenter-sa-saison\/#primaryimage\"},\"image\":{\"@id\":\"https:\/\/dicodusport.fr\/blog\/ce-soir-rennes-veut-pimenter-sa-saison\/#primaryimage\"},\"thumbnailUrl\":\"https:\/\/dicodusport.fr\/blog\/wp-content\/uploads\/2018\/12\/Rennes-Europe-League.png\",\"datePublished\":\"2018-12-13T10:35:22+00:00\",\"description\":\"Ligue Europa - Avec la r\u00e9ception d\u2019Astana pour la \u00ab\u00a0finale\u00a0\u00bb du groupe K (18h55 \u2013 RMC Sport), Rennes se voit bien donner une nouvelle dimension \u00e0 une saison\",\"breadcrumb\":{\"@id\":\"https:\/\/dicodusport.fr\/blog\/ce-soir-rennes-veut-pimenter-sa-saison\/#breadcrumb\"},\"inLanguage\":\"fr-FR\",\"potentialAction\":[{\"@type\":\"ReadAction\",\"target\":[\"https:\/\/dicodusport.fr\/blog\/ce-soir-rennes-veut-pimenter-sa-saison\/\"]}]},{\"@type\":\"ImageObject\",\"inLanguage\":\"fr-FR\",\"@id\":\"https:\/\/dicodusport.fr\/blog\/ce-soir-rennes-veut-pimenter-sa-saison\/#primaryimage\",\"url\":\"https:\/\/dicodusport.fr\/blog\/wp-content\/uploads\/2018\/12\/Rennes-Europe-League.png\",\"contentUrl\":\"https:\/\/dicodusport.fr\/blog\/wp-content\/uploads\/2018\/12\/Rennes-Europe-League.png\",\"width\":800,\"height\":445},{\"@type\":\"BreadcrumbList\",\"@id\":\"https:\/\/dicodusport.fr\/blog\/ce-soir-rennes-veut-pimenter-sa-saison\/#breadcrumb\",\"itemListElement\":[{\"@type\":\"ListItem\",\"position\":1,\"name\":\"Accueil\",\"item\":\"https:\/\/dicodusport.fr\/blog\/\"},{\"@type\":\"ListItem\",\"position\":2,\"name\":\"Ce soir, Rennes veut pimenter sa saison\"}]},{\"@type\":\"WebSite\",\"@id\":\"https:\/\/dicodusport.fr\/blog\/#website\",\"url\":\"https:\/\/dicodusport.fr\/blog\/\",\"name\":\"Dicodusport\",\"description\":\"L&#039;encyclop\u00e9die de l&#039;actualit\u00e9 sportive\",\"publisher\":{\"@id\":\"https:\/\/dicodusport.fr\/blog\/#organization\"},\"potentialAction\":[{\"@type\":\"SearchAction\",\"target\":{\"@type\":\"EntryPoint\",\"urlTemplate\":\"https:\/\/dicodusport.fr\/blog\/?s={search_term_string}\"},\"query-input\":{\"@type\":\"PropertyValueSpecification\",\"valueRequired\":true,\"valueName\":\"search_term_string\"}}],\"inLanguage\":\"fr-FR\"},{\"@type\":\"NewsMediaOrganization\",\"@id\":\"https:\/\/dicodusport.fr\/blog\/#organization\",\"name\":\"Dicodusport\",\"url\":\"https:\/\/dicodusport.fr\/blog\/\",\"logo\":{\"@type\":\"ImageObject\",\"inLanguage\":\"fr-FR\",\"@id\":\"https:\/\/dicodusport.fr\/blog\/#\/schema\/logo\/image\/\",\"url\":\"https:\/\/dicodusport.fr\/blog\/wp-content\/uploads\/2020\/06\/cropped-LOGO-DICODUSPORT-2020-SANS-FOND-SANS-TEXTE.png\",\"contentUrl\":\"https:\/\/dicodusport.fr\/blog\/wp-content\/uploads\/2020\/06\/cropped-LOGO-DICODUSPORT-2020-SANS-FOND-SANS-TEXTE.png\",\"width\":512,\"height\":512,\"caption\":\"Dicodusport\"},\"image\":{\"@id\":\"https:\/\/dicodusport.fr\/blog\/#\/schema\/logo\/image\/\"},\"sameAs\":[\"https:\/\/www.facebook.com\/dicodusport\",\"https:\/\/x.com\/dicodusport\",\"https:\/\/www.instagram.com\/dicodusport\/\",\"https:\/\/www.youtube.com\/channel\/UC7V2KZ5sd3htJivAbA4ZG3w\"],\"description\":\"Dicodusport est l'encyclop\u00e9die de l'actualit\u00e9 sportive.\",\"email\":\"bonjour@dicodusport.fr\",\"legalName\":\"DICODUSPORT\",\"foundingDate\":\"2018-01-14\",\"vatID\":\"FR71834470973\",\"taxID\":\"83447097300043\",\"numberOfEmployees\":{\"@type\":\"QuantitativeValue\",\"minValue\":\"1\",\"maxValue\":\"10\"}},{\"@type\":\"Person\",\"@id\":\"https:\/\/dicodusport.fr\/blog\/#\/schema\/person\/8c78730a59f8a1e617f7a19026ebc14a\",\"name\":\"Romain Delanis\",\"image\":{\"@type\":\"ImageObject\",\"inLanguage\":\"fr-FR\",\"@id\":\"https:\/\/dicodusport.fr\/blog\/#\/schema\/person\/image\/\",\"url\":\"https:\/\/dicodusport.fr\/blog\/wp-content\/uploads\/2021\/05\/Romain-Delanis-150x150.jpg\",\"contentUrl\":\"https:\/\/dicodusport.fr\/blog\/wp-content\/uploads\/2021\/05\/Romain-Delanis-150x150.jpg\",\"caption\":\"Romain Delanis\"},\"description\":\"Journaliste\/R\u00e9dacteur depuis novembre 2015 - Capable de passer un samedi apr\u00e8s-midi devant la Ligue 2 puis le biathlon sans oublier la finale de l\u2019ATP Rotterdam, j\u2019aime aussi mettre mon r\u00e9veil pour me faire un Pistons\/Bulls qui rappelle de bons souvenirs. Tout cela, j\u2019ai choisi il y a maintenant quelques temps de vous le raconter avec Dicodusport, pour vous faire vivre ma passion parfois inconsid\u00e9r\u00e9e pour le sport en g\u00e9n\u00e9ral (mais surtout le foot faut se l\u2019avouer).\",\"sameAs\":[\"https:\/\/x.com\/https:\/\/twitter.com\/RDelanis\"],\"url\":\"https:\/\/dicodusport.fr\/blog\/author\/romain\/\"}]}<\/script>\n<!-- \/ Yoast SEO Premium plugin. -->","yoast_head_json":{"title":"Ce soir, Rennes veut pimenter sa saison","description":"Ligue Europa - Avec la r\u00e9ception d\u2019Astana pour la \u00ab\u00a0finale\u00a0\u00bb du groupe K (18h55 \u2013 RMC Sport), Rennes se voit bien donner une nouvelle dimension \u00e0 une saison","robots":{"index":"index","follow":"follow","max-snippet":"max-snippet:-1","max-image-preview":"max-image-preview:large","max-video-preview":"max-video-preview:-1"},"canonical":"https:\/\/dicodusport.fr\/blog\/ce-soir-rennes-veut-pimenter-sa-saison\/","og_locale":"fr_FR","og_type":"article","og_title":"Ce soir, Rennes veut pimenter sa saison","og_description":"Ligue Europa - Avec la r\u00e9ception d\u2019Astana pour la \u00ab\u00a0finale\u00a0\u00bb du groupe K (18h55 \u2013 RMC Sport), Rennes se voit bien donner une nouvelle dimension \u00e0 une saison","og_url":"https:\/\/dicodusport.fr\/blog\/ce-soir-rennes-veut-pimenter-sa-saison\/","og_site_name":"Dicodusport","article_publisher":"https:\/\/www.facebook.com\/dicodusport","article_published_time":"2018-12-13T10:35:22+00:00","og_image":[{"width":800,"height":445,"url":"https:\/\/dicodusport.fr\/blog\/wp-content\/uploads\/2018\/12\/Rennes-Europe-League.png","type":"image\/png"}],"author":"Romain Delanis","twitter_card":"summary_large_image","twitter_creator":"@https:\/\/twitter.com\/RDelanis","twitter_site":"@dicodusport","schema":{"@context":"https:\/\/schema.org","@graph":[{"@type":"NewsArticle","@id":"https:\/\/dicodusport.fr\/blog\/ce-soir-rennes-veut-pimenter-sa-saison\/#article","isPartOf":{"@id":"https:\/\/dicodusport.fr\/blog\/ce-soir-rennes-veut-pimenter-sa-saison\/"},"author":{"name":"Romain Delanis","@id":"https:\/\/dicodusport.fr\/blog\/#\/schema\/person\/8c78730a59f8a1e617f7a19026ebc14a"},"headline":"Ce soir, Rennes veut pimenter sa saison","datePublished":"2018-12-13T10:35:22+00:00","mainEntityOfPage":{"@id":"https:\/\/dicodusport.fr\/blog\/ce-soir-rennes-veut-pimenter-sa-saison\/"},"wordCount":447,"commentCount":0,"publisher":{"@id":"https:\/\/dicodusport.fr\/blog\/#organization"},"image":{"@id":"https:\/\/dicodusport.fr\/blog\/ce-soir-rennes-veut-pimenter-sa-saison\/#primaryimage"},"thumbnailUrl":"https:\/\/dicodusport.fr\/blog\/wp-content\/uploads\/2018\/12\/Rennes-Europe-League.png","keywords":["Astana","Europa League","Football","Hatem Ben Arfa","Julien St\u00e9phan","Ligue 1","Rennes","Roazhon Park"],"articleSection":["Actualit\u00e9s","Football"],"inLanguage":"fr-FR","potentialAction":[{"@type":"CommentAction","name":"Comment","target":["https:\/\/dicodusport.fr\/blog\/ce-soir-rennes-veut-pimenter-sa-saison\/#respond"]}],"copyrightYear":"2018","copyrightHolder":{"@id":"https:\/\/dicodusport.fr\/blog\/#organization"}},{"@type":"WebPage","@id":"https:\/\/dicodusport.fr\/blog\/ce-soir-rennes-veut-pimenter-sa-saison\/","url":"https:\/\/dicodusport.fr\/blog\/ce-soir-rennes-veut-pimenter-sa-saison\/","name":"Ce soir, Rennes veut pimenter sa saison","isPartOf":{"@id":"https:\/\/dicodusport.fr\/blog\/#website"},"primaryImageOfPage":{"@id":"https:\/\/dicodusport.fr\/blog\/ce-soir-rennes-veut-pimenter-sa-saison\/#primaryimage"},"image":{"@id":"https:\/\/dicodusport.fr\/blog\/ce-soir-rennes-veut-pimenter-sa-saison\/#primaryimage"},"thumbnailUrl":"https:\/\/dicodusport.fr\/blog\/wp-content\/uploads\/2018\/12\/Rennes-Europe-League.png","datePublished":"2018-12-13T10:35:22+00:00","description":"Ligue Europa - Avec la r\u00e9ception d\u2019Astana pour la \u00ab\u00a0finale\u00a0\u00bb du groupe K (18h55 \u2013 RMC Sport), Rennes se voit bien donner une nouvelle dimension \u00e0 une saison","breadcrumb":{"@id":"https:\/\/dicodusport.fr\/blog\/ce-soir-rennes-veut-pimenter-sa-saison\/#breadcrumb"},"inLanguage":"fr-FR","potentialAction":[{"@type":"ReadAction","target":["https:\/\/dicodusport.fr\/blog\/ce-soir-rennes-veut-pimenter-sa-saison\/"]}]},{"@type":"ImageObject","inLanguage":"fr-FR","@id":"https:\/\/dicodusport.fr\/blog\/ce-soir-rennes-veut-pimenter-sa-saison\/#primaryimage","url":"https:\/\/dicodusport.fr\/blog\/wp-content\/uploads\/2018\/12\/Rennes-Europe-League.png","contentUrl":"https:\/\/dicodusport.fr\/blog\/wp-content\/uploads\/2018\/12\/Rennes-Europe-League.png","width":800,"height":445},{"@type":"BreadcrumbList","@id":"https:\/\/dicodusport.fr\/blog\/ce-soir-rennes-veut-pimenter-sa-saison\/#breadcrumb","itemListElement":[{"@type":"ListItem","position":1,"name":"Accueil","item":"https:\/\/dicodusport.fr\/blog\/"},{"@type":"ListItem","position":2,"name":"Ce soir, Rennes veut pimenter sa saison"}]},{"@type":"WebSite","@id":"https:\/\/dicodusport.fr\/blog\/#website","url":"https:\/\/dicodusport.fr\/blog\/","name":"Dicodusport","description":"L&#039;encyclop\u00e9die de l&#039;actualit\u00e9 sportive","publisher":{"@id":"https:\/\/dicodusport.fr\/blog\/#organization"},"potentialAction":[{"@type":"SearchAction","target":{"@type":"EntryPoint","urlTemplate":"https:\/\/dicodusport.fr\/blog\/?s={search_term_string}"},"query-input":{"@type":"PropertyValueSpecification","valueRequired":true,"valueName":"search_term_string"}}],"inLanguage":"fr-FR"},{"@type":"NewsMediaOrganization","@id":"https:\/\/dicodusport.fr\/blog\/#organization","name":"Dicodusport","url":"https:\/\/dicodusport.fr\/blog\/","logo":{"@type":"ImageObject","inLanguage":"fr-FR","@id":"https:\/\/dicodusport.fr\/blog\/#\/schema\/logo\/image\/","url":"https:\/\/dicodusport.fr\/blog\/wp-content\/uploads\/2020\/06\/cropped-LOGO-DICODUSPORT-2020-SANS-FOND-SANS-TEXTE.png","contentUrl":"https:\/\/dicodusport.fr\/blog\/wp-content\/uploads\/2020\/06\/cropped-LOGO-DICODUSPORT-2020-SANS-FOND-SANS-TEXTE.png","width":512,"height":512,"caption":"Dicodusport"},"image":{"@id":"https:\/\/dicodusport.fr\/blog\/#\/schema\/logo\/image\/"},"sameAs":["https:\/\/www.facebook.com\/dicodusport","https:\/\/x.com\/dicodusport","https:\/\/www.instagram.com\/dicodusport\/","https:\/\/www.youtube.com\/channel\/UC7V2KZ5sd3htJivAbA4ZG3w"],"description":"Dicodusport est l'encyclop\u00e9die de l'actualit\u00e9 sportive.","email":"bonjour@dicodusport.fr","legalName":"DICODUSPORT","foundingDate":"2018-01-14","vatID":"FR71834470973","taxID":"83447097300043","numberOfEmployees":{"@type":"QuantitativeValue","minValue":"1","maxValue":"10"}},{"@type":"Person","@id":"https:\/\/dicodusport.fr\/blog\/#\/schema\/person\/8c78730a59f8a1e617f7a19026ebc14a","name":"Romain Delanis","image":{"@type":"ImageObject","inLanguage":"fr-FR","@id":"https:\/\/dicodusport.fr\/blog\/#\/schema\/person\/image\/","url":"https:\/\/dicodusport.fr\/blog\/wp-content\/uploads\/2021\/05\/Romain-Delanis-150x150.jpg","contentUrl":"https:\/\/dicodusport.fr\/blog\/wp-content\/uploads\/2021\/05\/Romain-Delanis-150x150.jpg","caption":"Romain Delanis"},"description":"Journaliste\/R\u00e9dacteur depuis novembre 2015 - Capable de passer un samedi apr\u00e8s-midi devant la Ligue 2 puis le biathlon sans oublier la finale de l\u2019ATP Rotterdam, j\u2019aime aussi mettre mon r\u00e9veil pour me faire un Pistons\/Bulls qui rappelle de bons souvenirs. Tout cela, j\u2019ai choisi il y a maintenant quelques temps de vous le raconter avec Dicodusport, pour vous faire vivre ma passion parfois inconsid\u00e9r\u00e9e pour le sport en g\u00e9n\u00e9ral (mais surtout le foot faut se l\u2019avouer).","sameAs":["https:\/\/x.com\/https:\/\/twitter.com\/RDelanis"],"url":"https:\/\/dicodusport.fr\/blog\/author\/romain\/"}]}},"_links":{"self":[{"href":"https:\/\/dicodusport.fr\/blog\/wp-json\/wp\/v2\/posts\/30430","targetHints":{"allow":["GET"]}}],"collection":[{"href":"https:\/\/dicodusport.fr\/blog\/wp-json\/wp\/v2\/posts"}],"about":[{"href":"https:\/\/dicodusport.fr\/blog\/wp-json\/wp\/v2\/types\/post"}],"author":[{"embeddable":true,"href":"https:\/\/dicodusport.fr\/blog\/wp-json\/wp\/v2\/users\/14"}],"replies":[{"embeddable":true,"href":"https:\/\/dicodusport.fr\/blog\/wp-json\/wp\/v2\/comments?post=30430"}],"version-history":[{"count":0,"href":"https:\/\/dicodusport.fr\/blog\/wp-json\/wp\/v2\/posts\/30430\/revisions"}],"wp:featuredmedia":[{"embeddable":true,"href":"https:\/\/dicodusport.fr\/blog\/wp-json\/wp\/v2\/media\/30448"}],"wp:attachment":[{"href":"https:\/\/dicodusport.fr\/blog\/wp-json\/wp\/v2\/media?parent=30430"}],"wp:term":[{"taxonomy":"category","embeddable":true,"href":"https:\/\/dicodusport.fr\/blog\/wp-json\/wp\/v2\/categories?post=30430"},{"taxonomy":"post_tag","embeddable":true,"href":"https:\/\/dicodusport.fr\/blog\/wp-json\/wp\/v2\/tags?post=30430"}],"curies":[{"name":"wp","href":"https:\/\/api.w.org\/{rel}","templated":true}]}}