{"id":307589,"date":"2022-12-21T20:52:57","date_gmt":"2022-12-21T19:52:57","guid":{"rendered":"https:\/\/dicodusport.fr\/blog\/?p=307589&#038;preview=true&#038;preview_id=307589"},"modified":"2022-12-22T09:29:49","modified_gmt":"2022-12-22T08:29:49","slug":"stade-toulousain-thomas-ramos-suspendu-plusieurs-semaines","status":"publish","type":"post","link":"https:\/\/dicodusport.fr\/blog\/stade-toulousain-thomas-ramos-suspendu-plusieurs-semaines\/","title":{"rendered":"Stade Toulousain : Thomas Ramos suspendu plusieurs semaines"},"content":{"rendered":"<p align=\"justify\"><em><strong style=\"font-weight: bold;\"><a href=\"https:\/\/dicodusport.fr\/blog\/champions-cup-rugby-calendrier-scores-resultats\/\">CHAMPIONS CUP 2022-2023<\/a>\u00a0\u2013<\/strong><b> Expuls\u00e9 dimanche avec Toulouse face \u00e0 Sale et cit\u00e9 pour deux motifs, Thomas Ramos a finalement \u00e9t\u00e9 suspendu durant 5 semaines apr\u00e8s son passage devant la commission de discipline ind\u00e9pendante de l&rsquo;EPCR. Il sera requalifi\u00e9 le lundi 23 janvier 2023.<\/b><\/em><\/p>\n<p style=\"text-align: justify;\" align=\"justify\">Il s&rsquo;en sort tr\u00e8s bien ! <a href=\"https:\/\/dicodusport.fr\/blog\/stade-toulousain-cite-une-deuxieme-fois-thomas-ramos-risque-gros\/\">Cit\u00e9 pour deux motifs<\/a> \u00e0 l&rsquo;issue de l<a href=\"https:\/\/dicodusport.fr\/blog\/champions-cup-j2-victoire-et-bonus-offensif-pour-toulouse-face-a-sale\/\">a victoire du <strong>Stade Toulousain<\/strong> face \u00e0 Sale (45-19)<\/a> dimanche \u00e0 l&rsquo;occasion de la 2\u00e8me journ\u00e9e de Champions Cup, <strong>Thomas Ramos<\/strong> conna\u00eet sa sanction. Cit\u00e9 pour avoir eu un contact avec la zone oculaire du demi de m\u00eal\u00e9e de l\u2019\u00e9quipe anglaise,\u00a0<strong>Gus<\/strong>\u00a0<strong>Warr<\/strong>, l&rsquo;arri\u00e8re toulousain n&rsquo;a pas reconnu les faits devant la commission compos\u00e9e de <strong>Daniel White<\/strong> (Angleterre), <strong>Donal Courtney<\/strong> (Irlande) et <strong>Bogdan Zebega <\/strong>(Roumanie). Par cons\u00e9quent, <em>\u00ab<\/em> <em>la Commission n&rsquo;a pas pu lui accorder la r\u00e9duction de 50% pour circonstances att\u00e9nuantes. Elle a r\u00e9duit la sanction de trois semaines avant d&rsquo;imposer une suspension de cinq semaines \u00bb<\/em>, apr\u00e8s avoir<em>\u00ab d\u00e9termin\u00e9 que l&rsquo;infraction correspondait au degr\u00e9 moyen du bar\u00e8me des sanctions de World Rugby et a donc s\u00e9lectionn\u00e9 un point d\u2019entr\u00e9e de huit semaines \u00bb.<\/em><\/p>\n<h2 style=\"text-align: justify;\" align=\"justify\">Requalifi\u00e9 le 23 janvier<\/h2>\n<p style=\"text-align: justify;\" align=\"justify\">Concernant la citation li\u00e9e au coup du t\u00eate adress\u00e9 \u00e0 <strong>McGuigan<\/strong> en fin de rencontre, lui valant un carton rouge, la commission <em>\u00ab<\/em> <em>a d\u00e9termin\u00e9 que l\u2019infraction correspondait au degr\u00e9 faible du bar\u00e8me des sanctions de World Rugby et a donc s\u00e9lectionn\u00e9 un point d\u2019entr\u00e9e de six semaines. En prenant en compte le fait que Ramos ait plaid\u00e9 coupable, la Commission a r\u00e9duit la sanction de deux semaines avant d&rsquo;imposer une suspension de quatre semaines. La Commission a ensuite d\u00e9cid\u00e9 que les deux sanctions de cinq semaines et de quatre semaines devaient \u00eatre appliqu\u00e9es simultan\u00e9ment \u00bb.<\/em><\/p>\n<p align=\"justify\">Ainsi, <strong>Thomas Ramos<\/strong> sera requalifi\u00e9 le 23 janvier prochain, apr\u00e8s avoir purg\u00e9 sa suspension de cinq semaines. Le <strong>Stade Toulousain<\/strong> et l&rsquo;EPCR ont d\u00e9sormais la possibilit\u00e9 de faire appel de la d\u00e9cision de la commission de discipline ind\u00e9pendante.<\/p>\n<blockquote class=\"twitter-tweet\">\n<p dir=\"ltr\" lang=\"fr\">Une commission de discipline ind\u00e9pendante de l&rsquo;EPCR a suspendu ce mercredi Thomas Ramos pour les cinq prochaines semaines, apr\u00e8s son coup de t\u00eate. <a href=\"https:\/\/t.co\/2jmDZjRP2Q\">https:\/\/t.co\/2jmDZjRP2Q<\/a><\/p>\n<p>\u2014 RMC Sport (@RMCsport) <a href=\"https:\/\/twitter.com\/RMCsport\/status\/1605666709381210125?ref_src=twsrc%5Etfw\">December 21, 2022<\/a><\/p><\/blockquote>\n<p><script async src=\"https:\/\/platform.twitter.com\/widgets.js\" charset=\"utf-8\"><\/script><\/p>\n","protected":false},"excerpt":{"rendered":"<p>CHAMPIONS CUP 2022-2023\u00a0\u2013 Expuls\u00e9 dimanche avec Toulouse face \u00e0 Sale et cit\u00e9 pour deux motifs, Thomas Ramos a finalement \u00e9t\u00e9 suspendu durant 5 semaines apr\u00e8s son passage devant la commission de discipline ind\u00e9pendante de l&rsquo;EPCR. Il sera requalifi\u00e9 le lundi 23 janvier 2023.<\/p>\n","protected":false},"author":4,"featured_media":307597,"comment_status":"open","ping_status":"closed","sticky":false,"template":"","format":"standard","meta":{"_acf_changed":false,"_daextam_enable_autolinks":"","footnotes":""},"categories":[47051,9129],"tags":[5349,4008,8932],"class_list":["post-307589","post","type-post","status-publish","format-standard","has-post-thumbnail","hentry","category-champions-cup","category-rugby-a-xv","tag-ramos","tag-stade-toulousain","tag-thomas-ramos"],"acf":[],"yoast_head":"<!-- This site is optimized with the Yoast SEO Premium plugin v26.7 (Yoast SEO v26.7) - https:\/\/yoast.com\/wordpress\/plugins\/seo\/ -->\n<title>Stade Toulousain : Thomas Ramos suspendu plusieurs semaines<\/title>\n<meta name=\"description\" content=\"CHAMPIONS CUP 2022-2023 - Expuls\u00e9 dimanche avec Toulouse, Thomas Ramos a suspendu pour une dur\u00e9e de cinq semaines.\" \/>\n<meta name=\"robots\" content=\"index, follow, max-snippet:-1, max-image-preview:large, max-video-preview:-1\" \/>\n<link rel=\"canonical\" href=\"https:\/\/dicodusport.fr\/blog\/stade-toulousain-thomas-ramos-suspendu-plusieurs-semaines\/\" \/>\n<meta property=\"og:locale\" content=\"fr_FR\" \/>\n<meta property=\"og:type\" content=\"article\" \/>\n<meta property=\"og:title\" content=\"Stade Toulousain : Thomas Ramos suspendu plusieurs semaines\" \/>\n<meta property=\"og:description\" content=\"CHAMPIONS CUP 2022-2023 - Expuls\u00e9 dimanche avec Toulouse, Thomas Ramos a suspendu pour une dur\u00e9e de cinq semaines.\" \/>\n<meta property=\"og:url\" content=\"https:\/\/dicodusport.fr\/blog\/stade-toulousain-thomas-ramos-suspendu-plusieurs-semaines\/\" \/>\n<meta property=\"og:site_name\" content=\"Dicodusport\" \/>\n<meta property=\"article:publisher\" content=\"https:\/\/www.facebook.com\/dicodusport\" \/>\n<meta property=\"article:author\" content=\"https:\/\/www.facebook.com\/florent.ostermann\" \/>\n<meta property=\"article:published_time\" content=\"2022-12-21T19:52:57+00:00\" \/>\n<meta property=\"article:modified_time\" content=\"2022-12-22T08:29:49+00:00\" \/>\n<meta property=\"og:image\" content=\"https:\/\/dicodusport.fr\/blog\/wp-content\/uploads\/2022\/12\/Stade-Toulousain-Thomas-Ramos-suspendu-plusieurs-semaines.png\" \/>\n\t<meta property=\"og:image:width\" content=\"800\" \/>\n\t<meta property=\"og:image:height\" content=\"445\" \/>\n\t<meta property=\"og:image:type\" content=\"image\/png\" \/>\n<meta name=\"author\" content=\"Flo Ostermann\" \/>\n<meta name=\"twitter:card\" content=\"summary_large_image\" \/>\n<meta name=\"twitter:title\" content=\"Stade Toulousain : Thomas Ramos suspendu plusieurs semaines\" \/>\n<meta name=\"twitter:creator\" content=\"@https:\/\/twitter.com\/FlOstermann\" \/>\n<meta name=\"twitter:site\" content=\"@dicodusport\" \/>\n<script type=\"application\/ld+json\" class=\"yoast-schema-graph\">{\"@context\":\"https:\/\/schema.org\",\"@graph\":[{\"@type\":\"NewsArticle\",\"@id\":\"https:\/\/dicodusport.fr\/blog\/stade-toulousain-thomas-ramos-suspendu-plusieurs-semaines\/#article\",\"isPartOf\":{\"@id\":\"https:\/\/dicodusport.fr\/blog\/stade-toulousain-thomas-ramos-suspendu-plusieurs-semaines\/\"},\"author\":{\"name\":\"Flo Ostermann\",\"@id\":\"https:\/\/dicodusport.fr\/blog\/#\/schema\/person\/cb02af4c173ce4a653b55e9baf388d4a\"},\"headline\":\"Stade Toulousain : Thomas Ramos suspendu plusieurs semaines\",\"datePublished\":\"2022-12-21T19:52:57+00:00\",\"dateModified\":\"2022-12-22T08:29:49+00:00\",\"mainEntityOfPage\":{\"@id\":\"https:\/\/dicodusport.fr\/blog\/stade-toulousain-thomas-ramos-suspendu-plusieurs-semaines\/\"},\"wordCount\":392,\"commentCount\":0,\"publisher\":{\"@id\":\"https:\/\/dicodusport.fr\/blog\/#organization\"},\"image\":{\"@id\":\"https:\/\/dicodusport.fr\/blog\/stade-toulousain-thomas-ramos-suspendu-plusieurs-semaines\/#primaryimage\"},\"thumbnailUrl\":\"https:\/\/dicodusport.fr\/blog\/wp-content\/uploads\/2022\/12\/Stade-Toulousain-Thomas-Ramos-suspendu-plusieurs-semaines.png\",\"keywords\":[\"Ramos\",\"Stade Toulousain\",\"Thomas Ramos\"],\"articleSection\":[\"Champions Cup\",\"Rugby \u00e0 XV\"],\"inLanguage\":\"fr-FR\",\"potentialAction\":[{\"@type\":\"CommentAction\",\"name\":\"Comment\",\"target\":[\"https:\/\/dicodusport.fr\/blog\/stade-toulousain-thomas-ramos-suspendu-plusieurs-semaines\/#respond\"]}],\"copyrightYear\":\"2022\",\"copyrightHolder\":{\"@id\":\"https:\/\/dicodusport.fr\/blog\/#organization\"}},{\"@type\":\"WebPage\",\"@id\":\"https:\/\/dicodusport.fr\/blog\/stade-toulousain-thomas-ramos-suspendu-plusieurs-semaines\/\",\"url\":\"https:\/\/dicodusport.fr\/blog\/stade-toulousain-thomas-ramos-suspendu-plusieurs-semaines\/\",\"name\":\"Stade Toulousain : Thomas Ramos suspendu plusieurs semaines\",\"isPartOf\":{\"@id\":\"https:\/\/dicodusport.fr\/blog\/#website\"},\"primaryImageOfPage\":{\"@id\":\"https:\/\/dicodusport.fr\/blog\/stade-toulousain-thomas-ramos-suspendu-plusieurs-semaines\/#primaryimage\"},\"image\":{\"@id\":\"https:\/\/dicodusport.fr\/blog\/stade-toulousain-thomas-ramos-suspendu-plusieurs-semaines\/#primaryimage\"},\"thumbnailUrl\":\"https:\/\/dicodusport.fr\/blog\/wp-content\/uploads\/2022\/12\/Stade-Toulousain-Thomas-Ramos-suspendu-plusieurs-semaines.png\",\"datePublished\":\"2022-12-21T19:52:57+00:00\",\"dateModified\":\"2022-12-22T08:29:49+00:00\",\"description\":\"CHAMPIONS CUP 2022-2023 - Expuls\u00e9 dimanche avec Toulouse, Thomas Ramos a suspendu pour une dur\u00e9e de cinq semaines.\",\"breadcrumb\":{\"@id\":\"https:\/\/dicodusport.fr\/blog\/stade-toulousain-thomas-ramos-suspendu-plusieurs-semaines\/#breadcrumb\"},\"inLanguage\":\"fr-FR\",\"potentialAction\":[{\"@type\":\"ReadAction\",\"target\":[\"https:\/\/dicodusport.fr\/blog\/stade-toulousain-thomas-ramos-suspendu-plusieurs-semaines\/\"]}]},{\"@type\":\"ImageObject\",\"inLanguage\":\"fr-FR\",\"@id\":\"https:\/\/dicodusport.fr\/blog\/stade-toulousain-thomas-ramos-suspendu-plusieurs-semaines\/#primaryimage\",\"url\":\"https:\/\/dicodusport.fr\/blog\/wp-content\/uploads\/2022\/12\/Stade-Toulousain-Thomas-Ramos-suspendu-plusieurs-semaines.png\",\"contentUrl\":\"https:\/\/dicodusport.fr\/blog\/wp-content\/uploads\/2022\/12\/Stade-Toulousain-Thomas-Ramos-suspendu-plusieurs-semaines.png\",\"width\":800,\"height\":445,\"caption\":\"Stade Toulousain Thomas Ramos suspendu plusieurs semaines\"},{\"@type\":\"BreadcrumbList\",\"@id\":\"https:\/\/dicodusport.fr\/blog\/stade-toulousain-thomas-ramos-suspendu-plusieurs-semaines\/#breadcrumb\",\"itemListElement\":[{\"@type\":\"ListItem\",\"position\":1,\"name\":\"Accueil\",\"item\":\"https:\/\/dicodusport.fr\/blog\/\"},{\"@type\":\"ListItem\",\"position\":2,\"name\":\"Stade Toulousain : Thomas Ramos suspendu plusieurs semaines\"}]},{\"@type\":\"WebSite\",\"@id\":\"https:\/\/dicodusport.fr\/blog\/#website\",\"url\":\"https:\/\/dicodusport.fr\/blog\/\",\"name\":\"Dicodusport\",\"description\":\"L&#039;encyclop\u00e9die de l&#039;actualit\u00e9 sportive\",\"publisher\":{\"@id\":\"https:\/\/dicodusport.fr\/blog\/#organization\"},\"potentialAction\":[{\"@type\":\"SearchAction\",\"target\":{\"@type\":\"EntryPoint\",\"urlTemplate\":\"https:\/\/dicodusport.fr\/blog\/?s={search_term_string}\"},\"query-input\":{\"@type\":\"PropertyValueSpecification\",\"valueRequired\":true,\"valueName\":\"search_term_string\"}}],\"inLanguage\":\"fr-FR\"},{\"@type\":\"NewsMediaOrganization\",\"@id\":\"https:\/\/dicodusport.fr\/blog\/#organization\",\"name\":\"Dicodusport\",\"url\":\"https:\/\/dicodusport.fr\/blog\/\",\"logo\":{\"@type\":\"ImageObject\",\"inLanguage\":\"fr-FR\",\"@id\":\"https:\/\/dicodusport.fr\/blog\/#\/schema\/logo\/image\/\",\"url\":\"https:\/\/dicodusport.fr\/blog\/wp-content\/uploads\/2020\/06\/cropped-LOGO-DICODUSPORT-2020-SANS-FOND-SANS-TEXTE.png\",\"contentUrl\":\"https:\/\/dicodusport.fr\/blog\/wp-content\/uploads\/2020\/06\/cropped-LOGO-DICODUSPORT-2020-SANS-FOND-SANS-TEXTE.png\",\"width\":512,\"height\":512,\"caption\":\"Dicodusport\"},\"image\":{\"@id\":\"https:\/\/dicodusport.fr\/blog\/#\/schema\/logo\/image\/\"},\"sameAs\":[\"https:\/\/www.facebook.com\/dicodusport\",\"https:\/\/x.com\/dicodusport\",\"https:\/\/www.instagram.com\/dicodusport\/\",\"https:\/\/www.youtube.com\/channel\/UC7V2KZ5sd3htJivAbA4ZG3w\"],\"description\":\"Dicodusport est l'encyclop\u00e9die de l'actualit\u00e9 sportive.\",\"email\":\"bonjour@dicodusport.fr\",\"legalName\":\"DICODUSPORT\",\"foundingDate\":\"2018-01-14\",\"vatID\":\"FR71834470973\",\"taxID\":\"83447097300043\",\"numberOfEmployees\":{\"@type\":\"QuantitativeValue\",\"minValue\":\"1\",\"maxValue\":\"10\"}},{\"@type\":\"Person\",\"@id\":\"https:\/\/dicodusport.fr\/blog\/#\/schema\/person\/cb02af4c173ce4a653b55e9baf388d4a\",\"name\":\"Flo Ostermann\",\"image\":{\"@type\":\"ImageObject\",\"inLanguage\":\"fr-FR\",\"@id\":\"https:\/\/dicodusport.fr\/blog\/#\/schema\/person\/image\/\",\"url\":\"https:\/\/dicodusport.fr\/blog\/wp-content\/uploads\/2021\/05\/Flo-Ostermann-150x150.jpg\",\"contentUrl\":\"https:\/\/dicodusport.fr\/blog\/wp-content\/uploads\/2021\/05\/Flo-Ostermann-150x150.jpg\",\"caption\":\"Flo Ostermann\"},\"description\":\"Journaliste\/R\u00e9dacteur depuis septembre 2015 - Mes premiers souvenirs dans le sport ? Les envol\u00e9es du Stade Toulousain et les duels Villeneuve-Schumacher et H\u00e4kkinen-Schumacher \u00e0 la fin des ann\u00e9es 90, la Coupe du monde de football en 1998, l\u2019exploit du XV de France face aux All Blacks en 1999, mais aussi Richard C\u0153ur de Lion qui vole sur les montagnes du Tour de France. Bien parti pour devenir professeur d\u2019EPS, les \u00e9v\u00e9nements de la vie (et la flemme d\u2019animer des s\u00e9ances de 3x500 m\u00e8tres toute ma vie) m\u2019ont conduit \u00e0 revoir mes plans. Me voil\u00e0 depuis fin 2017 sur Dicodusport, m\u00e9dia gr\u00e2ce (et pour) lequel je partage ma passion : le sport dans tous ses \u00e9tats. Le tout accompagn\u00e9 par les fous furieux et folles furieuses cit\u00e9s sur cette page !\",\"sameAs\":[\"https:\/\/www.facebook.com\/florent.ostermann\",\"https:\/\/x.com\/https:\/\/twitter.com\/FlOstermann\",\"admin\"],\"url\":\"https:\/\/dicodusport.fr\/blog\/author\/flo\/\"}]}<\/script>\n<!-- \/ Yoast SEO Premium plugin. -->","yoast_head_json":{"title":"Stade Toulousain : Thomas Ramos suspendu plusieurs semaines","description":"CHAMPIONS CUP 2022-2023 - Expuls\u00e9 dimanche avec Toulouse, Thomas Ramos a suspendu pour une dur\u00e9e de cinq semaines.","robots":{"index":"index","follow":"follow","max-snippet":"max-snippet:-1","max-image-preview":"max-image-preview:large","max-video-preview":"max-video-preview:-1"},"canonical":"https:\/\/dicodusport.fr\/blog\/stade-toulousain-thomas-ramos-suspendu-plusieurs-semaines\/","og_locale":"fr_FR","og_type":"article","og_title":"Stade Toulousain : Thomas Ramos suspendu plusieurs semaines","og_description":"CHAMPIONS CUP 2022-2023 - Expuls\u00e9 dimanche avec Toulouse, Thomas Ramos a suspendu pour une dur\u00e9e de cinq semaines.","og_url":"https:\/\/dicodusport.fr\/blog\/stade-toulousain-thomas-ramos-suspendu-plusieurs-semaines\/","og_site_name":"Dicodusport","article_publisher":"https:\/\/www.facebook.com\/dicodusport","article_author":"https:\/\/www.facebook.com\/florent.ostermann","article_published_time":"2022-12-21T19:52:57+00:00","article_modified_time":"2022-12-22T08:29:49+00:00","og_image":[{"width":800,"height":445,"url":"https:\/\/dicodusport.fr\/blog\/wp-content\/uploads\/2022\/12\/Stade-Toulousain-Thomas-Ramos-suspendu-plusieurs-semaines.png","type":"image\/png"}],"author":"Flo Ostermann","twitter_card":"summary_large_image","twitter_title":"Stade Toulousain : Thomas Ramos suspendu plusieurs semaines","twitter_creator":"@https:\/\/twitter.com\/FlOstermann","twitter_site":"@dicodusport","schema":{"@context":"https:\/\/schema.org","@graph":[{"@type":"NewsArticle","@id":"https:\/\/dicodusport.fr\/blog\/stade-toulousain-thomas-ramos-suspendu-plusieurs-semaines\/#article","isPartOf":{"@id":"https:\/\/dicodusport.fr\/blog\/stade-toulousain-thomas-ramos-suspendu-plusieurs-semaines\/"},"author":{"name":"Flo Ostermann","@id":"https:\/\/dicodusport.fr\/blog\/#\/schema\/person\/cb02af4c173ce4a653b55e9baf388d4a"},"headline":"Stade Toulousain : Thomas Ramos suspendu plusieurs semaines","datePublished":"2022-12-21T19:52:57+00:00","dateModified":"2022-12-22T08:29:49+00:00","mainEntityOfPage":{"@id":"https:\/\/dicodusport.fr\/blog\/stade-toulousain-thomas-ramos-suspendu-plusieurs-semaines\/"},"wordCount":392,"commentCount":0,"publisher":{"@id":"https:\/\/dicodusport.fr\/blog\/#organization"},"image":{"@id":"https:\/\/dicodusport.fr\/blog\/stade-toulousain-thomas-ramos-suspendu-plusieurs-semaines\/#primaryimage"},"thumbnailUrl":"https:\/\/dicodusport.fr\/blog\/wp-content\/uploads\/2022\/12\/Stade-Toulousain-Thomas-Ramos-suspendu-plusieurs-semaines.png","keywords":["Ramos","Stade Toulousain","Thomas Ramos"],"articleSection":["Champions Cup","Rugby \u00e0 XV"],"inLanguage":"fr-FR","potentialAction":[{"@type":"CommentAction","name":"Comment","target":["https:\/\/dicodusport.fr\/blog\/stade-toulousain-thomas-ramos-suspendu-plusieurs-semaines\/#respond"]}],"copyrightYear":"2022","copyrightHolder":{"@id":"https:\/\/dicodusport.fr\/blog\/#organization"}},{"@type":"WebPage","@id":"https:\/\/dicodusport.fr\/blog\/stade-toulousain-thomas-ramos-suspendu-plusieurs-semaines\/","url":"https:\/\/dicodusport.fr\/blog\/stade-toulousain-thomas-ramos-suspendu-plusieurs-semaines\/","name":"Stade Toulousain : Thomas Ramos suspendu plusieurs semaines","isPartOf":{"@id":"https:\/\/dicodusport.fr\/blog\/#website"},"primaryImageOfPage":{"@id":"https:\/\/dicodusport.fr\/blog\/stade-toulousain-thomas-ramos-suspendu-plusieurs-semaines\/#primaryimage"},"image":{"@id":"https:\/\/dicodusport.fr\/blog\/stade-toulousain-thomas-ramos-suspendu-plusieurs-semaines\/#primaryimage"},"thumbnailUrl":"https:\/\/dicodusport.fr\/blog\/wp-content\/uploads\/2022\/12\/Stade-Toulousain-Thomas-Ramos-suspendu-plusieurs-semaines.png","datePublished":"2022-12-21T19:52:57+00:00","dateModified":"2022-12-22T08:29:49+00:00","description":"CHAMPIONS CUP 2022-2023 - Expuls\u00e9 dimanche avec Toulouse, Thomas Ramos a suspendu pour une dur\u00e9e de cinq semaines.","breadcrumb":{"@id":"https:\/\/dicodusport.fr\/blog\/stade-toulousain-thomas-ramos-suspendu-plusieurs-semaines\/#breadcrumb"},"inLanguage":"fr-FR","potentialAction":[{"@type":"ReadAction","target":["https:\/\/dicodusport.fr\/blog\/stade-toulousain-thomas-ramos-suspendu-plusieurs-semaines\/"]}]},{"@type":"ImageObject","inLanguage":"fr-FR","@id":"https:\/\/dicodusport.fr\/blog\/stade-toulousain-thomas-ramos-suspendu-plusieurs-semaines\/#primaryimage","url":"https:\/\/dicodusport.fr\/blog\/wp-content\/uploads\/2022\/12\/Stade-Toulousain-Thomas-Ramos-suspendu-plusieurs-semaines.png","contentUrl":"https:\/\/dicodusport.fr\/blog\/wp-content\/uploads\/2022\/12\/Stade-Toulousain-Thomas-Ramos-suspendu-plusieurs-semaines.png","width":800,"height":445,"caption":"Stade Toulousain Thomas Ramos suspendu plusieurs semaines"},{"@type":"BreadcrumbList","@id":"https:\/\/dicodusport.fr\/blog\/stade-toulousain-thomas-ramos-suspendu-plusieurs-semaines\/#breadcrumb","itemListElement":[{"@type":"ListItem","position":1,"name":"Accueil","item":"https:\/\/dicodusport.fr\/blog\/"},{"@type":"ListItem","position":2,"name":"Stade Toulousain : Thomas Ramos suspendu plusieurs semaines"}]},{"@type":"WebSite","@id":"https:\/\/dicodusport.fr\/blog\/#website","url":"https:\/\/dicodusport.fr\/blog\/","name":"Dicodusport","description":"L&#039;encyclop\u00e9die de l&#039;actualit\u00e9 sportive","publisher":{"@id":"https:\/\/dicodusport.fr\/blog\/#organization"},"potentialAction":[{"@type":"SearchAction","target":{"@type":"EntryPoint","urlTemplate":"https:\/\/dicodusport.fr\/blog\/?s={search_term_string}"},"query-input":{"@type":"PropertyValueSpecification","valueRequired":true,"valueName":"search_term_string"}}],"inLanguage":"fr-FR"},{"@type":"NewsMediaOrganization","@id":"https:\/\/dicodusport.fr\/blog\/#organization","name":"Dicodusport","url":"https:\/\/dicodusport.fr\/blog\/","logo":{"@type":"ImageObject","inLanguage":"fr-FR","@id":"https:\/\/dicodusport.fr\/blog\/#\/schema\/logo\/image\/","url":"https:\/\/dicodusport.fr\/blog\/wp-content\/uploads\/2020\/06\/cropped-LOGO-DICODUSPORT-2020-SANS-FOND-SANS-TEXTE.png","contentUrl":"https:\/\/dicodusport.fr\/blog\/wp-content\/uploads\/2020\/06\/cropped-LOGO-DICODUSPORT-2020-SANS-FOND-SANS-TEXTE.png","width":512,"height":512,"caption":"Dicodusport"},"image":{"@id":"https:\/\/dicodusport.fr\/blog\/#\/schema\/logo\/image\/"},"sameAs":["https:\/\/www.facebook.com\/dicodusport","https:\/\/x.com\/dicodusport","https:\/\/www.instagram.com\/dicodusport\/","https:\/\/www.youtube.com\/channel\/UC7V2KZ5sd3htJivAbA4ZG3w"],"description":"Dicodusport est l'encyclop\u00e9die de l'actualit\u00e9 sportive.","email":"bonjour@dicodusport.fr","legalName":"DICODUSPORT","foundingDate":"2018-01-14","vatID":"FR71834470973","taxID":"83447097300043","numberOfEmployees":{"@type":"QuantitativeValue","minValue":"1","maxValue":"10"}},{"@type":"Person","@id":"https:\/\/dicodusport.fr\/blog\/#\/schema\/person\/cb02af4c173ce4a653b55e9baf388d4a","name":"Flo Ostermann","image":{"@type":"ImageObject","inLanguage":"fr-FR","@id":"https:\/\/dicodusport.fr\/blog\/#\/schema\/person\/image\/","url":"https:\/\/dicodusport.fr\/blog\/wp-content\/uploads\/2021\/05\/Flo-Ostermann-150x150.jpg","contentUrl":"https:\/\/dicodusport.fr\/blog\/wp-content\/uploads\/2021\/05\/Flo-Ostermann-150x150.jpg","caption":"Flo Ostermann"},"description":"Journaliste\/R\u00e9dacteur depuis septembre 2015 - Mes premiers souvenirs dans le sport ? Les envol\u00e9es du Stade Toulousain et les duels Villeneuve-Schumacher et H\u00e4kkinen-Schumacher \u00e0 la fin des ann\u00e9es 90, la Coupe du monde de football en 1998, l\u2019exploit du XV de France face aux All Blacks en 1999, mais aussi Richard C\u0153ur de Lion qui vole sur les montagnes du Tour de France. Bien parti pour devenir professeur d\u2019EPS, les \u00e9v\u00e9nements de la vie (et la flemme d\u2019animer des s\u00e9ances de 3x500 m\u00e8tres toute ma vie) m\u2019ont conduit \u00e0 revoir mes plans. Me voil\u00e0 depuis fin 2017 sur Dicodusport, m\u00e9dia gr\u00e2ce (et pour) lequel je partage ma passion : le sport dans tous ses \u00e9tats. Le tout accompagn\u00e9 par les fous furieux et folles furieuses cit\u00e9s sur cette page !","sameAs":["https:\/\/www.facebook.com\/florent.ostermann","https:\/\/x.com\/https:\/\/twitter.com\/FlOstermann","admin"],"url":"https:\/\/dicodusport.fr\/blog\/author\/flo\/"}]}},"_links":{"self":[{"href":"https:\/\/dicodusport.fr\/blog\/wp-json\/wp\/v2\/posts\/307589","targetHints":{"allow":["GET"]}}],"collection":[{"href":"https:\/\/dicodusport.fr\/blog\/wp-json\/wp\/v2\/posts"}],"about":[{"href":"https:\/\/dicodusport.fr\/blog\/wp-json\/wp\/v2\/types\/post"}],"author":[{"embeddable":true,"href":"https:\/\/dicodusport.fr\/blog\/wp-json\/wp\/v2\/users\/4"}],"replies":[{"embeddable":true,"href":"https:\/\/dicodusport.fr\/blog\/wp-json\/wp\/v2\/comments?post=307589"}],"version-history":[{"count":0,"href":"https:\/\/dicodusport.fr\/blog\/wp-json\/wp\/v2\/posts\/307589\/revisions"}],"wp:featuredmedia":[{"embeddable":true,"href":"https:\/\/dicodusport.fr\/blog\/wp-json\/wp\/v2\/media\/307597"}],"wp:attachment":[{"href":"https:\/\/dicodusport.fr\/blog\/wp-json\/wp\/v2\/media?parent=307589"}],"wp:term":[{"taxonomy":"category","embeddable":true,"href":"https:\/\/dicodusport.fr\/blog\/wp-json\/wp\/v2\/categories?post=307589"},{"taxonomy":"post_tag","embeddable":true,"href":"https:\/\/dicodusport.fr\/blog\/wp-json\/wp\/v2\/tags?post=307589"}],"curies":[{"name":"wp","href":"https:\/\/api.w.org\/{rel}","templated":true}]}}