{"id":31155,"date":"2018-12-30T11:45:53","date_gmt":"2018-12-30T10:45:53","guid":{"rendered":"http:\/\/dicodusport.fr\/blog\/?p=31155"},"modified":"2019-01-03T12:24:28","modified_gmt":"2019-01-03T11:24:28","slug":"biathlon-apres-3-manches-de-coupe-du-monde-ou-en-sont-les-francaises","status":"publish","type":"post","link":"https:\/\/dicodusport.fr\/blog\/biathlon-apres-3-manches-de-coupe-du-monde-ou-en-sont-les-francaises\/","title":{"rendered":"Biathlon : Apr\u00e8s trois manches de Coupe du monde, o\u00f9 en sont les Fran\u00e7aises ?"},"content":{"rendered":"<p style=\"text-align: justify;\"><em><strong>Apr\u00e8s trois manches de Coupe du monde, l&rsquo;\u00e9quipe de France f\u00e9minine a, \u00e0 l&rsquo;inverse des hommes, du mal \u00e0 lancer sa saison. On fait le point.<br \/>\n<\/strong><\/em><\/p>\n<h1 style=\"text-align: justify;\">Ana\u00efs Chevalier, 8\u00e8me au g\u00e9n\u00e9ral<\/h1>\n<p style=\"text-align: justify;\">Ce n&rsquo;est pas elle que l&rsquo;on attendait si haut mais gr\u00e2ce \u00e0 un superbe troisi\u00e8me week-end \u00e0 Nove Mesto, elle est la seule Fran\u00e7aise dans le top 10 du g\u00e9n\u00e9ral. Troisi\u00e8me de la premi\u00e8re mass start de la saison, Ana\u00efs Chevalier peut compter sur sa qualit\u00e9 de tir qu&rsquo;on lui connaissait d\u00e9j\u00e0 mais aussi sur des temps de ski en progression par rapport aux derni\u00e8res saisons. Elle pourrait garder cette place de num\u00e9ro une Fran\u00e7aise toute la saison.<\/p>\n<h1 style=\"text-align: justify;\">Julia Simon, 14\u00e8me au g\u00e9n\u00e9ral<\/h1>\n<p style=\"text-align: justify;\">Elle est la bonne surprise de ce d\u00e9but de saison, dans le top 15 du classement g\u00e9n\u00e9ral de la Coupe du monde avec une tr\u00e8s belle quatri\u00e8me place sur le sprint de Pokljuka. Rapide sur les skis et derri\u00e8re la carabine, il lui manque encore un peu de r\u00e9gularit\u00e9 sur le pas de tir pour jouer plus souvent avec les meilleures.<\/p>\n<h1 style=\"text-align: justify;\">Justine Braisaz, 21\u00e8me au g\u00e9n\u00e9ral<\/h1>\n<p style=\"text-align: justify;\">Si elle a d\u00e9croch\u00e9 une belle troisi\u00e8me place sur le sprint de Pokljuka et qu&rsquo;elle est l&rsquo;une des biathl\u00e8tes les plus rapides du circuit, elle passe trop souvent \u00e0 c\u00f4t\u00e9 de son tir pour pr\u00e9tendre jouer avec les meilleures. Pour retrouver r\u00e9guli\u00e8rement le haut du tableau, elle ne peut pas tirer \u00e0 moins de 80%&#8230;<\/p>\n<h1 style=\"text-align: justify;\">Ana\u00efs Bescond, 27\u00e8me au g\u00e9n\u00e9ral<\/h1>\n<p style=\"text-align: justify;\">Alors qu&rsquo;elle avait annonc\u00e9 jouer le g\u00e9n\u00e9ral, elle est la grosse d\u00e9ception de ce d\u00e9but de saison. En d\u00e9licatesse avec son tir, elle n&rsquo;a toujours pas fait un sans-faute depuis la reprise et aucune course dans le top 10, son meilleur r\u00e9sultat \u00e9tant une 13\u00e8me place sur la poursuite de Nove Mesto. Si sur la piste, elle est dans le bon rythme, sur le pas de tir, elle semble d\u00e9pass\u00e9e par sa nouvelle responsabilit\u00e9 de leader des Bleues.<\/p>\n<h1 style=\"text-align: justify;\">C\u00e9lia Aymonier, 41\u00e8me du g\u00e9n\u00e9ral<\/h1>\n<p style=\"text-align: justify;\">Un seul top 20 pour la Fran\u00e7aise, la faute \u00e0 un tir trop moyen sur ce d\u00e9but de saison. L&rsquo;ancienne fondeuse, qui a vraiment travaill\u00e9 derri\u00e8re la carabine cet \u00e9t\u00e9, n&rsquo;a pas r\u00e9ussi \u00e0 reproduire ce qu&rsquo;elle a mis en place avec les entra\u00eeneurs en course.<\/p>\n<p style=\"text-align: justify;\"><strong><em>Nicolas Jacquemard<br \/>\n<a href=\"https:\/\/twitter.com\/Nico_Jacquemard\" target=\"_blank\" rel=\"noopener noreferrer\"><img loading=\"lazy\" decoding=\"async\" class=\"alignnone wp-image-2908\" src=\"http:\/\/dicodusport.fr\/blog\/wp-content\/uploads\/2017\/07\/logo-twitter-150x150.png\" alt=\"\" width=\"39\" height=\"39\" \/><\/a><a href=\"https:\/\/www.facebook.com\/dicodusport\/\" target=\"_blank\" rel=\"noopener noreferrer\"><img loading=\"lazy\" decoding=\"async\" class=\"alignnone wp-image-2909\" src=\"http:\/\/dicodusport.fr\/blog\/wp-content\/uploads\/2017\/07\/logo-facebook-150x150.png\" alt=\"\" width=\"40\" height=\"40\" \/><\/a><\/em><\/strong><\/p>\n","protected":false},"excerpt":{"rendered":"<p>Apr\u00e8s trois manches de Coupe du monde, l&rsquo;\u00e9quipe de France f\u00e9minine a, \u00e0 l&rsquo;inverse des hommes, du mal \u00e0 lancer sa saison. On fait le point.<\/p>\n","protected":false},"author":1,"featured_media":31161,"comment_status":"open","ping_status":"closed","sticky":false,"template":"","format":"standard","meta":{"_acf_changed":false,"_daextam_enable_autolinks":"","footnotes":""},"categories":[2,2426,2313],"tags":[2427,3556,2694],"class_list":["post-31155","post","type-post","status-publish","format-standard","has-post-thumbnail","hentry","category-actualites","category-biathlon","category-sports-dhiver","tag-biathlon","tag-chevalier","tag-ibu"],"acf":[],"yoast_head":"<!-- This site is optimized with the Yoast SEO Premium plugin v26.7 (Yoast SEO v26.7) - https:\/\/yoast.com\/wordpress\/plugins\/seo\/ -->\n<title>Biathlon : Apr\u00e8s trois manches de Coupe du monde, o\u00f9 en sont les Fran\u00e7aises ?<\/title>\n<meta name=\"description\" content=\"Apr\u00e8s trois manches de Coupe du monde, l&#039;\u00e9quipe de France f\u00e9minine a, \u00e0 l&#039;inverse des hommes, du mal \u00e0 lancer sa saison. On fait le point.\" \/>\n<meta name=\"robots\" content=\"index, follow, max-snippet:-1, max-image-preview:large, max-video-preview:-1\" \/>\n<link rel=\"canonical\" href=\"https:\/\/dicodusport.fr\/blog\/biathlon-apres-3-manches-de-coupe-du-monde-ou-en-sont-les-francaises\/\" \/>\n<meta property=\"og:locale\" content=\"fr_FR\" \/>\n<meta property=\"og:type\" content=\"article\" \/>\n<meta property=\"og:title\" content=\"Biathlon : Apr\u00e8s trois manches de Coupe du monde, o\u00f9 en sont les Fran\u00e7aises ?\" \/>\n<meta property=\"og:description\" content=\"Apr\u00e8s trois manches de Coupe du monde, l&#039;\u00e9quipe de France f\u00e9minine a, \u00e0 l&#039;inverse des hommes, du mal \u00e0 lancer sa saison. On fait le point.\" \/>\n<meta property=\"og:url\" content=\"https:\/\/dicodusport.fr\/blog\/biathlon-apres-3-manches-de-coupe-du-monde-ou-en-sont-les-francaises\/\" \/>\n<meta property=\"og:site_name\" content=\"Dicodusport\" \/>\n<meta property=\"article:publisher\" content=\"https:\/\/www.facebook.com\/dicodusport\" \/>\n<meta property=\"article:author\" content=\"https:\/\/www.facebook.com\/dicodusport\" \/>\n<meta property=\"article:published_time\" content=\"2018-12-30T10:45:53+00:00\" \/>\n<meta property=\"article:modified_time\" content=\"2019-01-03T11:24:28+00:00\" \/>\n<meta property=\"og:image\" content=\"https:\/\/dicodusport.fr\/blog\/wp-content\/uploads\/2018\/12\/Anais-Chevalier-Coupe-du-monde-2018-2019.png\" \/>\n\t<meta property=\"og:image:width\" content=\"800\" \/>\n\t<meta property=\"og:image:height\" content=\"445\" \/>\n\t<meta property=\"og:image:type\" content=\"image\/png\" \/>\n<meta name=\"author\" content=\"Nicolas Jacquemard\" \/>\n<meta name=\"twitter:card\" content=\"summary_large_image\" \/>\n<meta name=\"twitter:creator\" content=\"@https:\/\/twitter.com\/Nico_Jacquemard\" \/>\n<meta name=\"twitter:site\" content=\"@dicodusport\" \/>\n<script type=\"application\/ld+json\" class=\"yoast-schema-graph\">{\"@context\":\"https:\/\/schema.org\",\"@graph\":[{\"@type\":\"NewsArticle\",\"@id\":\"https:\/\/dicodusport.fr\/blog\/biathlon-apres-3-manches-de-coupe-du-monde-ou-en-sont-les-francaises\/#article\",\"isPartOf\":{\"@id\":\"https:\/\/dicodusport.fr\/blog\/biathlon-apres-3-manches-de-coupe-du-monde-ou-en-sont-les-francaises\/\"},\"author\":{\"name\":\"Nicolas Jacquemard\",\"@id\":\"https:\/\/dicodusport.fr\/blog\/#\/schema\/person\/55dcb50ad410894e431ed812bbb70191\"},\"headline\":\"Biathlon : Apr\u00e8s trois manches de Coupe du monde, o\u00f9 en sont les Fran\u00e7aises ?\",\"datePublished\":\"2018-12-30T10:45:53+00:00\",\"dateModified\":\"2019-01-03T11:24:28+00:00\",\"mainEntityOfPage\":{\"@id\":\"https:\/\/dicodusport.fr\/blog\/biathlon-apres-3-manches-de-coupe-du-monde-ou-en-sont-les-francaises\/\"},\"wordCount\":439,\"commentCount\":0,\"publisher\":{\"@id\":\"https:\/\/dicodusport.fr\/blog\/#organization\"},\"image\":{\"@id\":\"https:\/\/dicodusport.fr\/blog\/biathlon-apres-3-manches-de-coupe-du-monde-ou-en-sont-les-francaises\/#primaryimage\"},\"thumbnailUrl\":\"https:\/\/dicodusport.fr\/blog\/wp-content\/uploads\/2018\/12\/Anais-Chevalier-Coupe-du-monde-2018-2019.png\",\"keywords\":[\"Biathlon\",\"Chevalier\",\"IBU\"],\"articleSection\":[\"Actualit\u00e9s\",\"Biathlon\",\"Sports d'hiver\"],\"inLanguage\":\"fr-FR\",\"potentialAction\":[{\"@type\":\"CommentAction\",\"name\":\"Comment\",\"target\":[\"https:\/\/dicodusport.fr\/blog\/biathlon-apres-3-manches-de-coupe-du-monde-ou-en-sont-les-francaises\/#respond\"]}],\"copyrightYear\":\"2018\",\"copyrightHolder\":{\"@id\":\"https:\/\/dicodusport.fr\/blog\/#organization\"}},{\"@type\":\"WebPage\",\"@id\":\"https:\/\/dicodusport.fr\/blog\/biathlon-apres-3-manches-de-coupe-du-monde-ou-en-sont-les-francaises\/\",\"url\":\"https:\/\/dicodusport.fr\/blog\/biathlon-apres-3-manches-de-coupe-du-monde-ou-en-sont-les-francaises\/\",\"name\":\"Biathlon : Apr\u00e8s trois manches de Coupe du monde, o\u00f9 en sont les Fran\u00e7aises ?\",\"isPartOf\":{\"@id\":\"https:\/\/dicodusport.fr\/blog\/#website\"},\"primaryImageOfPage\":{\"@id\":\"https:\/\/dicodusport.fr\/blog\/biathlon-apres-3-manches-de-coupe-du-monde-ou-en-sont-les-francaises\/#primaryimage\"},\"image\":{\"@id\":\"https:\/\/dicodusport.fr\/blog\/biathlon-apres-3-manches-de-coupe-du-monde-ou-en-sont-les-francaises\/#primaryimage\"},\"thumbnailUrl\":\"https:\/\/dicodusport.fr\/blog\/wp-content\/uploads\/2018\/12\/Anais-Chevalier-Coupe-du-monde-2018-2019.png\",\"datePublished\":\"2018-12-30T10:45:53+00:00\",\"dateModified\":\"2019-01-03T11:24:28+00:00\",\"description\":\"Apr\u00e8s trois manches de Coupe du monde, l'\u00e9quipe de France f\u00e9minine a, \u00e0 l'inverse des hommes, du mal \u00e0 lancer sa saison. On fait le point.\",\"breadcrumb\":{\"@id\":\"https:\/\/dicodusport.fr\/blog\/biathlon-apres-3-manches-de-coupe-du-monde-ou-en-sont-les-francaises\/#breadcrumb\"},\"inLanguage\":\"fr-FR\",\"potentialAction\":[{\"@type\":\"ReadAction\",\"target\":[\"https:\/\/dicodusport.fr\/blog\/biathlon-apres-3-manches-de-coupe-du-monde-ou-en-sont-les-francaises\/\"]}]},{\"@type\":\"ImageObject\",\"inLanguage\":\"fr-FR\",\"@id\":\"https:\/\/dicodusport.fr\/blog\/biathlon-apres-3-manches-de-coupe-du-monde-ou-en-sont-les-francaises\/#primaryimage\",\"url\":\"https:\/\/dicodusport.fr\/blog\/wp-content\/uploads\/2018\/12\/Anais-Chevalier-Coupe-du-monde-2018-2019.png\",\"contentUrl\":\"https:\/\/dicodusport.fr\/blog\/wp-content\/uploads\/2018\/12\/Anais-Chevalier-Coupe-du-monde-2018-2019.png\",\"width\":800,\"height\":445},{\"@type\":\"BreadcrumbList\",\"@id\":\"https:\/\/dicodusport.fr\/blog\/biathlon-apres-3-manches-de-coupe-du-monde-ou-en-sont-les-francaises\/#breadcrumb\",\"itemListElement\":[{\"@type\":\"ListItem\",\"position\":1,\"name\":\"Accueil\",\"item\":\"https:\/\/dicodusport.fr\/blog\/\"},{\"@type\":\"ListItem\",\"position\":2,\"name\":\"Biathlon : Apr\u00e8s trois manches de Coupe du monde, o\u00f9 en sont les Fran\u00e7aises ?\"}]},{\"@type\":\"WebSite\",\"@id\":\"https:\/\/dicodusport.fr\/blog\/#website\",\"url\":\"https:\/\/dicodusport.fr\/blog\/\",\"name\":\"Dicodusport\",\"description\":\"L&#039;encyclop\u00e9die de l&#039;actualit\u00e9 sportive\",\"publisher\":{\"@id\":\"https:\/\/dicodusport.fr\/blog\/#organization\"},\"potentialAction\":[{\"@type\":\"SearchAction\",\"target\":{\"@type\":\"EntryPoint\",\"urlTemplate\":\"https:\/\/dicodusport.fr\/blog\/?s={search_term_string}\"},\"query-input\":{\"@type\":\"PropertyValueSpecification\",\"valueRequired\":true,\"valueName\":\"search_term_string\"}}],\"inLanguage\":\"fr-FR\"},{\"@type\":\"NewsMediaOrganization\",\"@id\":\"https:\/\/dicodusport.fr\/blog\/#organization\",\"name\":\"Dicodusport\",\"url\":\"https:\/\/dicodusport.fr\/blog\/\",\"logo\":{\"@type\":\"ImageObject\",\"inLanguage\":\"fr-FR\",\"@id\":\"https:\/\/dicodusport.fr\/blog\/#\/schema\/logo\/image\/\",\"url\":\"https:\/\/dicodusport.fr\/blog\/wp-content\/uploads\/2020\/06\/cropped-LOGO-DICODUSPORT-2020-SANS-FOND-SANS-TEXTE.png\",\"contentUrl\":\"https:\/\/dicodusport.fr\/blog\/wp-content\/uploads\/2020\/06\/cropped-LOGO-DICODUSPORT-2020-SANS-FOND-SANS-TEXTE.png\",\"width\":512,\"height\":512,\"caption\":\"Dicodusport\"},\"image\":{\"@id\":\"https:\/\/dicodusport.fr\/blog\/#\/schema\/logo\/image\/\"},\"sameAs\":[\"https:\/\/www.facebook.com\/dicodusport\",\"https:\/\/x.com\/dicodusport\",\"https:\/\/www.instagram.com\/dicodusport\/\",\"https:\/\/www.youtube.com\/channel\/UC7V2KZ5sd3htJivAbA4ZG3w\"],\"description\":\"Dicodusport est l'encyclop\u00e9die de l'actualit\u00e9 sportive.\",\"email\":\"bonjour@dicodusport.fr\",\"legalName\":\"DICODUSPORT\",\"foundingDate\":\"2018-01-14\",\"vatID\":\"FR71834470973\",\"taxID\":\"83447097300043\",\"numberOfEmployees\":{\"@type\":\"QuantitativeValue\",\"minValue\":\"1\",\"maxValue\":\"10\"}},{\"@type\":\"Person\",\"@id\":\"https:\/\/dicodusport.fr\/blog\/#\/schema\/person\/55dcb50ad410894e431ed812bbb70191\",\"name\":\"Nicolas Jacquemard\",\"image\":{\"@type\":\"ImageObject\",\"inLanguage\":\"fr-FR\",\"@id\":\"https:\/\/dicodusport.fr\/blog\/#\/schema\/person\/image\/\",\"url\":\"https:\/\/dicodusport.fr\/blog\/wp-content\/uploads\/2021\/05\/Nicolas-Jacquemard-150x150.jpeg\",\"contentUrl\":\"https:\/\/dicodusport.fr\/blog\/wp-content\/uploads\/2021\/05\/Nicolas-Jacquemard-150x150.jpeg\",\"caption\":\"Nicolas Jacquemard\"},\"description\":\"Passionn\u00e9 de sport et entrepreneur depuis mes 18 ans, la cr\u00e9ation de Dicodusport m'a sembl\u00e9 \u00e9vidente pour participer \u00e0 la m\u00e9diatisation d'un plus grand nombre de sports. Le chemin est long mais avec une \u00e9quipe des plus motiv\u00e9es et les Jeux Olympiques de Paris 2024 en point de mire, nous y arriverons ! Journaliste dans le monde du sport depuis plus de 5 ans, je traite aussi bien de football, de rugby, de biathlon que de cyclisme.\",\"sameAs\":[\"https:\/\/www.facebook.com\/dicodusport\",\"https:\/\/x.com\/https:\/\/twitter.com\/Nico_Jacquemard\"],\"url\":\"https:\/\/dicodusport.fr\/blog\/author\/dicodusport\/\"}]}<\/script>\n<!-- \/ Yoast SEO Premium plugin. -->","yoast_head_json":{"title":"Biathlon : Apr\u00e8s trois manches de Coupe du monde, o\u00f9 en sont les Fran\u00e7aises ?","description":"Apr\u00e8s trois manches de Coupe du monde, l'\u00e9quipe de France f\u00e9minine a, \u00e0 l'inverse des hommes, du mal \u00e0 lancer sa saison. On fait le point.","robots":{"index":"index","follow":"follow","max-snippet":"max-snippet:-1","max-image-preview":"max-image-preview:large","max-video-preview":"max-video-preview:-1"},"canonical":"https:\/\/dicodusport.fr\/blog\/biathlon-apres-3-manches-de-coupe-du-monde-ou-en-sont-les-francaises\/","og_locale":"fr_FR","og_type":"article","og_title":"Biathlon : Apr\u00e8s trois manches de Coupe du monde, o\u00f9 en sont les Fran\u00e7aises ?","og_description":"Apr\u00e8s trois manches de Coupe du monde, l'\u00e9quipe de France f\u00e9minine a, \u00e0 l'inverse des hommes, du mal \u00e0 lancer sa saison. On fait le point.","og_url":"https:\/\/dicodusport.fr\/blog\/biathlon-apres-3-manches-de-coupe-du-monde-ou-en-sont-les-francaises\/","og_site_name":"Dicodusport","article_publisher":"https:\/\/www.facebook.com\/dicodusport","article_author":"https:\/\/www.facebook.com\/dicodusport","article_published_time":"2018-12-30T10:45:53+00:00","article_modified_time":"2019-01-03T11:24:28+00:00","og_image":[{"width":800,"height":445,"url":"https:\/\/dicodusport.fr\/blog\/wp-content\/uploads\/2018\/12\/Anais-Chevalier-Coupe-du-monde-2018-2019.png","type":"image\/png"}],"author":"Nicolas Jacquemard","twitter_card":"summary_large_image","twitter_creator":"@https:\/\/twitter.com\/Nico_Jacquemard","twitter_site":"@dicodusport","schema":{"@context":"https:\/\/schema.org","@graph":[{"@type":"NewsArticle","@id":"https:\/\/dicodusport.fr\/blog\/biathlon-apres-3-manches-de-coupe-du-monde-ou-en-sont-les-francaises\/#article","isPartOf":{"@id":"https:\/\/dicodusport.fr\/blog\/biathlon-apres-3-manches-de-coupe-du-monde-ou-en-sont-les-francaises\/"},"author":{"name":"Nicolas Jacquemard","@id":"https:\/\/dicodusport.fr\/blog\/#\/schema\/person\/55dcb50ad410894e431ed812bbb70191"},"headline":"Biathlon : Apr\u00e8s trois manches de Coupe du monde, o\u00f9 en sont les Fran\u00e7aises ?","datePublished":"2018-12-30T10:45:53+00:00","dateModified":"2019-01-03T11:24:28+00:00","mainEntityOfPage":{"@id":"https:\/\/dicodusport.fr\/blog\/biathlon-apres-3-manches-de-coupe-du-monde-ou-en-sont-les-francaises\/"},"wordCount":439,"commentCount":0,"publisher":{"@id":"https:\/\/dicodusport.fr\/blog\/#organization"},"image":{"@id":"https:\/\/dicodusport.fr\/blog\/biathlon-apres-3-manches-de-coupe-du-monde-ou-en-sont-les-francaises\/#primaryimage"},"thumbnailUrl":"https:\/\/dicodusport.fr\/blog\/wp-content\/uploads\/2018\/12\/Anais-Chevalier-Coupe-du-monde-2018-2019.png","keywords":["Biathlon","Chevalier","IBU"],"articleSection":["Actualit\u00e9s","Biathlon","Sports d'hiver"],"inLanguage":"fr-FR","potentialAction":[{"@type":"CommentAction","name":"Comment","target":["https:\/\/dicodusport.fr\/blog\/biathlon-apres-3-manches-de-coupe-du-monde-ou-en-sont-les-francaises\/#respond"]}],"copyrightYear":"2018","copyrightHolder":{"@id":"https:\/\/dicodusport.fr\/blog\/#organization"}},{"@type":"WebPage","@id":"https:\/\/dicodusport.fr\/blog\/biathlon-apres-3-manches-de-coupe-du-monde-ou-en-sont-les-francaises\/","url":"https:\/\/dicodusport.fr\/blog\/biathlon-apres-3-manches-de-coupe-du-monde-ou-en-sont-les-francaises\/","name":"Biathlon : Apr\u00e8s trois manches de Coupe du monde, o\u00f9 en sont les Fran\u00e7aises ?","isPartOf":{"@id":"https:\/\/dicodusport.fr\/blog\/#website"},"primaryImageOfPage":{"@id":"https:\/\/dicodusport.fr\/blog\/biathlon-apres-3-manches-de-coupe-du-monde-ou-en-sont-les-francaises\/#primaryimage"},"image":{"@id":"https:\/\/dicodusport.fr\/blog\/biathlon-apres-3-manches-de-coupe-du-monde-ou-en-sont-les-francaises\/#primaryimage"},"thumbnailUrl":"https:\/\/dicodusport.fr\/blog\/wp-content\/uploads\/2018\/12\/Anais-Chevalier-Coupe-du-monde-2018-2019.png","datePublished":"2018-12-30T10:45:53+00:00","dateModified":"2019-01-03T11:24:28+00:00","description":"Apr\u00e8s trois manches de Coupe du monde, l'\u00e9quipe de France f\u00e9minine a, \u00e0 l'inverse des hommes, du mal \u00e0 lancer sa saison. On fait le point.","breadcrumb":{"@id":"https:\/\/dicodusport.fr\/blog\/biathlon-apres-3-manches-de-coupe-du-monde-ou-en-sont-les-francaises\/#breadcrumb"},"inLanguage":"fr-FR","potentialAction":[{"@type":"ReadAction","target":["https:\/\/dicodusport.fr\/blog\/biathlon-apres-3-manches-de-coupe-du-monde-ou-en-sont-les-francaises\/"]}]},{"@type":"ImageObject","inLanguage":"fr-FR","@id":"https:\/\/dicodusport.fr\/blog\/biathlon-apres-3-manches-de-coupe-du-monde-ou-en-sont-les-francaises\/#primaryimage","url":"https:\/\/dicodusport.fr\/blog\/wp-content\/uploads\/2018\/12\/Anais-Chevalier-Coupe-du-monde-2018-2019.png","contentUrl":"https:\/\/dicodusport.fr\/blog\/wp-content\/uploads\/2018\/12\/Anais-Chevalier-Coupe-du-monde-2018-2019.png","width":800,"height":445},{"@type":"BreadcrumbList","@id":"https:\/\/dicodusport.fr\/blog\/biathlon-apres-3-manches-de-coupe-du-monde-ou-en-sont-les-francaises\/#breadcrumb","itemListElement":[{"@type":"ListItem","position":1,"name":"Accueil","item":"https:\/\/dicodusport.fr\/blog\/"},{"@type":"ListItem","position":2,"name":"Biathlon : Apr\u00e8s trois manches de Coupe du monde, o\u00f9 en sont les Fran\u00e7aises ?"}]},{"@type":"WebSite","@id":"https:\/\/dicodusport.fr\/blog\/#website","url":"https:\/\/dicodusport.fr\/blog\/","name":"Dicodusport","description":"L&#039;encyclop\u00e9die de l&#039;actualit\u00e9 sportive","publisher":{"@id":"https:\/\/dicodusport.fr\/blog\/#organization"},"potentialAction":[{"@type":"SearchAction","target":{"@type":"EntryPoint","urlTemplate":"https:\/\/dicodusport.fr\/blog\/?s={search_term_string}"},"query-input":{"@type":"PropertyValueSpecification","valueRequired":true,"valueName":"search_term_string"}}],"inLanguage":"fr-FR"},{"@type":"NewsMediaOrganization","@id":"https:\/\/dicodusport.fr\/blog\/#organization","name":"Dicodusport","url":"https:\/\/dicodusport.fr\/blog\/","logo":{"@type":"ImageObject","inLanguage":"fr-FR","@id":"https:\/\/dicodusport.fr\/blog\/#\/schema\/logo\/image\/","url":"https:\/\/dicodusport.fr\/blog\/wp-content\/uploads\/2020\/06\/cropped-LOGO-DICODUSPORT-2020-SANS-FOND-SANS-TEXTE.png","contentUrl":"https:\/\/dicodusport.fr\/blog\/wp-content\/uploads\/2020\/06\/cropped-LOGO-DICODUSPORT-2020-SANS-FOND-SANS-TEXTE.png","width":512,"height":512,"caption":"Dicodusport"},"image":{"@id":"https:\/\/dicodusport.fr\/blog\/#\/schema\/logo\/image\/"},"sameAs":["https:\/\/www.facebook.com\/dicodusport","https:\/\/x.com\/dicodusport","https:\/\/www.instagram.com\/dicodusport\/","https:\/\/www.youtube.com\/channel\/UC7V2KZ5sd3htJivAbA4ZG3w"],"description":"Dicodusport est l'encyclop\u00e9die de l'actualit\u00e9 sportive.","email":"bonjour@dicodusport.fr","legalName":"DICODUSPORT","foundingDate":"2018-01-14","vatID":"FR71834470973","taxID":"83447097300043","numberOfEmployees":{"@type":"QuantitativeValue","minValue":"1","maxValue":"10"}},{"@type":"Person","@id":"https:\/\/dicodusport.fr\/blog\/#\/schema\/person\/55dcb50ad410894e431ed812bbb70191","name":"Nicolas Jacquemard","image":{"@type":"ImageObject","inLanguage":"fr-FR","@id":"https:\/\/dicodusport.fr\/blog\/#\/schema\/person\/image\/","url":"https:\/\/dicodusport.fr\/blog\/wp-content\/uploads\/2021\/05\/Nicolas-Jacquemard-150x150.jpeg","contentUrl":"https:\/\/dicodusport.fr\/blog\/wp-content\/uploads\/2021\/05\/Nicolas-Jacquemard-150x150.jpeg","caption":"Nicolas Jacquemard"},"description":"Passionn\u00e9 de sport et entrepreneur depuis mes 18 ans, la cr\u00e9ation de Dicodusport m'a sembl\u00e9 \u00e9vidente pour participer \u00e0 la m\u00e9diatisation d'un plus grand nombre de sports. Le chemin est long mais avec une \u00e9quipe des plus motiv\u00e9es et les Jeux Olympiques de Paris 2024 en point de mire, nous y arriverons ! Journaliste dans le monde du sport depuis plus de 5 ans, je traite aussi bien de football, de rugby, de biathlon que de cyclisme.","sameAs":["https:\/\/www.facebook.com\/dicodusport","https:\/\/x.com\/https:\/\/twitter.com\/Nico_Jacquemard"],"url":"https:\/\/dicodusport.fr\/blog\/author\/dicodusport\/"}]}},"_links":{"self":[{"href":"https:\/\/dicodusport.fr\/blog\/wp-json\/wp\/v2\/posts\/31155","targetHints":{"allow":["GET"]}}],"collection":[{"href":"https:\/\/dicodusport.fr\/blog\/wp-json\/wp\/v2\/posts"}],"about":[{"href":"https:\/\/dicodusport.fr\/blog\/wp-json\/wp\/v2\/types\/post"}],"author":[{"embeddable":true,"href":"https:\/\/dicodusport.fr\/blog\/wp-json\/wp\/v2\/users\/1"}],"replies":[{"embeddable":true,"href":"https:\/\/dicodusport.fr\/blog\/wp-json\/wp\/v2\/comments?post=31155"}],"version-history":[{"count":0,"href":"https:\/\/dicodusport.fr\/blog\/wp-json\/wp\/v2\/posts\/31155\/revisions"}],"wp:featuredmedia":[{"embeddable":true,"href":"https:\/\/dicodusport.fr\/blog\/wp-json\/wp\/v2\/media\/31161"}],"wp:attachment":[{"href":"https:\/\/dicodusport.fr\/blog\/wp-json\/wp\/v2\/media?parent=31155"}],"wp:term":[{"taxonomy":"category","embeddable":true,"href":"https:\/\/dicodusport.fr\/blog\/wp-json\/wp\/v2\/categories?post=31155"},{"taxonomy":"post_tag","embeddable":true,"href":"https:\/\/dicodusport.fr\/blog\/wp-json\/wp\/v2\/tags?post=31155"}],"curies":[{"name":"wp","href":"https:\/\/api.w.org\/{rel}","templated":true}]}}