{"id":31187,"date":"2018-12-31T13:00:46","date_gmt":"2018-12-31T12:00:46","guid":{"rendered":"http:\/\/dicodusport.fr\/blog\/?p=31187"},"modified":"2019-01-07T11:39:33","modified_gmt":"2019-01-07T10:39:33","slug":"biathlon-apres-trois-manches-de-coupe-du-monde-ou-en-sont-les-francais","status":"publish","type":"post","link":"https:\/\/dicodusport.fr\/blog\/biathlon-apres-trois-manches-de-coupe-du-monde-ou-en-sont-les-francais\/","title":{"rendered":"Biathlon : Apr\u00e8s trois manches de Coupe du monde, o\u00f9 en sont les Fran\u00e7ais ?"},"content":{"rendered":"<p style=\"text-align: justify;\"><em><strong>Apr\u00e8s trois manches de Coupe du monde, l&rsquo;\u00e9quipe de France masculine a r\u00e9ussi une entame convaincante avec 4 biathl\u00e8tes parmi les 10 meilleurs mondiaux.<br \/>\n<\/strong><\/em><\/p>\n<h1 style=\"text-align: justify;\">Simon Desthieux, 3\u00e8me au g\u00e9n\u00e9ral<\/h1>\n<p style=\"text-align: justify;\">Sur le podium du classement g\u00e9n\u00e9ral, le natif de Belley n&rsquo;est pourtant pas encore mont\u00e9 sur la bo\u00eete en individuel. Souvent plac\u00e9, il a \u00e9t\u00e9 plusieurs fois en position de prendre place sur le podium mais des erreurs sur les derniers tirs l&rsquo;ont pour le moment emp\u00each\u00e9 de go\u00fbter pour la deuxi\u00e8me fois de sa carri\u00e8re \u00e0 ce plaisir. Tr\u00e8s fort sur les skis, il a impressionn\u00e9 dans ses derniers tours.<\/p>\n<h1 style=\"text-align: justify;\">Martin Fourcade, 5\u00e8me au g\u00e9n\u00e9ral<\/h1>\n<p style=\"text-align: justify;\">Deux victoires et une 5\u00e8me place, mais le plus grand biathl\u00e8te fran\u00e7ais peine \u00e0 trouver de la r\u00e9gularit\u00e9, que ce soit sur la piste ou m\u00eame derri\u00e8re la carabine. Le dernier week-end \u00e0 Nove Mesto est \u00e0 l&rsquo;image de sa saison : deux courses rat\u00e9es, avec une 43\u00e8me place sur le sprint et une 9\u00e8me place sur la mass start ainsi qu&rsquo;une course parfaite sur la poursuite qui lui a permis de remonter 38 biathl\u00e8tes pour prendre la 5\u00e8me place.<\/p>\n<h1 style=\"text-align: justify;\">Antonin Guigonnat, 5\u00e8me au g\u00e9n\u00e9ral<\/h1>\n<p style=\"text-align: justify;\">Un tr\u00e8s bon d\u00e9but de saison avec un podium \u00e0 Pokjluka et des bonne performances sur les sprints. Le Haut-Savoyard, qui \u00e9tait mont\u00e9 en Coupe du monde l&rsquo;an pass\u00e9, confirme qu&rsquo;il fait maintenant partie des cadres de l&rsquo;\u00e9quipe de France.<\/p>\n<h1 style=\"text-align: justify;\">Quentin Fillon Maillet, 8\u00e8me au g\u00e9n\u00e9ral<\/h1>\n<p style=\"text-align: justify;\">Un manque de r\u00e9gularit\u00e9 derri\u00e8re la carabine qui ne permet pas \u00e0 QFM d&rsquo;\u00eatre mieux que 8\u00e8me au g\u00e9n\u00e9ral. Rapide sur les skis, il a d\u00e9croch\u00e9 d\u00e9j\u00e0 deux deuxi\u00e8me places sur la poursuite de Pokjluka et sur la mass start de Nove Mesto. S&rsquo;il augmente son pourcentage sur le pas de tir, il grimpera \u00e0 coup s\u00fbr dans la hi\u00e9rarchie mondiale.<\/p>\n<h1 style=\"text-align: justify;\">Emilien Jacquelin, 31\u00e8me du g\u00e9n\u00e9ral<\/h1>\n<p style=\"text-align: justify;\">Pour sa premi\u00e8re saison d\u00e9but\u00e9e comme titulaire en Coupe du monde, il a montr\u00e9 de belles choses avec notamment une 16\u00e8me place sur la poursuite de Nove Mesto. Il doit maintenant trouver de la r\u00e9gularit\u00e9, que ce soit en ski ou sur le pas de tir pour franchir un nouveau cap.<\/p>\n<h1 style=\"text-align: justify;\">Aristide B\u00e8gue, Fabien Claude et Simon Fourcade<\/h1>\n<p style=\"text-align: justify;\">Aristide B\u00e8gue et Fabien Claude ont tous les deux eu leur chance sur la Coupe du monde mais sans convaincre pour le moment. Simon Fourcade, performant et vainqueur en IBU Cup, pourrait bien leur ravir la 6\u00e8me place au sein de l&rsquo;\u00e9quipe de France pour la reprise de la Coupe du monde.<\/p>\n<p style=\"text-align: justify;\"><strong><em>Nicolas Jacquemard<br \/>\n<a href=\"https:\/\/twitter.com\/Nico_Jacquemard\" target=\"_blank\" rel=\"noopener noreferrer\"><img loading=\"lazy\" decoding=\"async\" class=\"alignnone wp-image-2908\" src=\"http:\/\/dicodusport.fr\/blog\/wp-content\/uploads\/2017\/07\/logo-twitter-150x150.png\" alt=\"\" width=\"39\" height=\"39\" \/><\/a><a href=\"https:\/\/www.facebook.com\/dicodusport\/\" target=\"_blank\" rel=\"noopener noreferrer\"><img loading=\"lazy\" decoding=\"async\" class=\"alignnone wp-image-2909\" src=\"http:\/\/dicodusport.fr\/blog\/wp-content\/uploads\/2017\/07\/logo-facebook-150x150.png\" alt=\"\" width=\"40\" height=\"40\" \/><\/a><\/em><\/strong><\/p>\n","protected":false},"excerpt":{"rendered":"<p>Apr\u00e8s trois manches de Coupe du monde, l&rsquo;\u00e9quipe de France masculine a r\u00e9ussi une entame convaincante avec 4 biathl\u00e8tes parmi les 10 meilleurs mondiaux.<\/p>\n","protected":false},"author":1,"featured_media":31193,"comment_status":"open","ping_status":"closed","sticky":false,"template":"","format":"standard","meta":{"_acf_changed":false,"_daextam_enable_autolinks":"","footnotes":""},"categories":[2,2426,2313],"tags":[2427,3796,2198,2694],"class_list":["post-31187","post","type-post","status-publish","format-standard","has-post-thumbnail","hentry","category-actualites","category-biathlon","category-sports-dhiver","tag-biathlon","tag-desthieux","tag-fourcade","tag-ibu"],"acf":[],"yoast_head":"<!-- This site is optimized with the Yoast SEO Premium plugin v26.7 (Yoast SEO v26.7) - https:\/\/yoast.com\/wordpress\/plugins\/seo\/ -->\n<title>Biathlon : Apr\u00e8s trois manches de Coupe du monde, o\u00f9 en sont les Fran\u00e7ais ?<\/title>\n<meta name=\"description\" content=\"Apr\u00e8s trois manches de Coupe du monde, l&#039;\u00e9quipe de France masculine a r\u00e9ussi une entame convaincante avec 4 biathl\u00e8tes parmi les 10 meilleurs mondiaux.\" \/>\n<meta name=\"robots\" content=\"index, follow, max-snippet:-1, max-image-preview:large, max-video-preview:-1\" \/>\n<link rel=\"canonical\" href=\"https:\/\/dicodusport.fr\/blog\/biathlon-apres-trois-manches-de-coupe-du-monde-ou-en-sont-les-francais\/\" \/>\n<meta property=\"og:locale\" content=\"fr_FR\" \/>\n<meta property=\"og:type\" content=\"article\" \/>\n<meta property=\"og:title\" content=\"Biathlon : Apr\u00e8s trois manches de Coupe du monde, o\u00f9 en sont les Fran\u00e7ais ?\" \/>\n<meta property=\"og:description\" content=\"Apr\u00e8s trois manches de Coupe du monde, l&#039;\u00e9quipe de France masculine a r\u00e9ussi une entame convaincante avec 4 biathl\u00e8tes parmi les 10 meilleurs mondiaux.\" \/>\n<meta property=\"og:url\" content=\"https:\/\/dicodusport.fr\/blog\/biathlon-apres-trois-manches-de-coupe-du-monde-ou-en-sont-les-francais\/\" \/>\n<meta property=\"og:site_name\" content=\"Dicodusport\" \/>\n<meta property=\"article:publisher\" content=\"https:\/\/www.facebook.com\/dicodusport\" \/>\n<meta property=\"article:author\" content=\"https:\/\/www.facebook.com\/dicodusport\" \/>\n<meta property=\"article:published_time\" content=\"2018-12-31T12:00:46+00:00\" \/>\n<meta property=\"article:modified_time\" content=\"2019-01-07T10:39:33+00:00\" \/>\n<meta property=\"og:image\" content=\"https:\/\/dicodusport.fr\/blog\/wp-content\/uploads\/2018\/12\/Simon-Desthieux-2018.png\" \/>\n\t<meta property=\"og:image:width\" content=\"800\" \/>\n\t<meta property=\"og:image:height\" content=\"445\" \/>\n\t<meta property=\"og:image:type\" content=\"image\/png\" \/>\n<meta name=\"author\" content=\"Nicolas Jacquemard\" \/>\n<meta name=\"twitter:card\" content=\"summary_large_image\" \/>\n<meta name=\"twitter:creator\" content=\"@https:\/\/twitter.com\/Nico_Jacquemard\" \/>\n<meta name=\"twitter:site\" content=\"@dicodusport\" \/>\n<script type=\"application\/ld+json\" class=\"yoast-schema-graph\">{\"@context\":\"https:\/\/schema.org\",\"@graph\":[{\"@type\":\"NewsArticle\",\"@id\":\"https:\/\/dicodusport.fr\/blog\/biathlon-apres-trois-manches-de-coupe-du-monde-ou-en-sont-les-francais\/#article\",\"isPartOf\":{\"@id\":\"https:\/\/dicodusport.fr\/blog\/biathlon-apres-trois-manches-de-coupe-du-monde-ou-en-sont-les-francais\/\"},\"author\":{\"name\":\"Nicolas Jacquemard\",\"@id\":\"https:\/\/dicodusport.fr\/blog\/#\/schema\/person\/55dcb50ad410894e431ed812bbb70191\"},\"headline\":\"Biathlon : Apr\u00e8s trois manches de Coupe du monde, o\u00f9 en sont les Fran\u00e7ais ?\",\"datePublished\":\"2018-12-31T12:00:46+00:00\",\"dateModified\":\"2019-01-07T10:39:33+00:00\",\"mainEntityOfPage\":{\"@id\":\"https:\/\/dicodusport.fr\/blog\/biathlon-apres-trois-manches-de-coupe-du-monde-ou-en-sont-les-francais\/\"},\"wordCount\":474,\"commentCount\":0,\"publisher\":{\"@id\":\"https:\/\/dicodusport.fr\/blog\/#organization\"},\"image\":{\"@id\":\"https:\/\/dicodusport.fr\/blog\/biathlon-apres-trois-manches-de-coupe-du-monde-ou-en-sont-les-francais\/#primaryimage\"},\"thumbnailUrl\":\"https:\/\/dicodusport.fr\/blog\/wp-content\/uploads\/2018\/12\/Simon-Desthieux-2018.png\",\"keywords\":[\"Biathlon\",\"Desthieux\",\"Fourcade\",\"IBU\"],\"articleSection\":[\"Actualit\u00e9s\",\"Biathlon\",\"Sports d'hiver\"],\"inLanguage\":\"fr-FR\",\"potentialAction\":[{\"@type\":\"CommentAction\",\"name\":\"Comment\",\"target\":[\"https:\/\/dicodusport.fr\/blog\/biathlon-apres-trois-manches-de-coupe-du-monde-ou-en-sont-les-francais\/#respond\"]}],\"copyrightYear\":\"2018\",\"copyrightHolder\":{\"@id\":\"https:\/\/dicodusport.fr\/blog\/#organization\"}},{\"@type\":\"WebPage\",\"@id\":\"https:\/\/dicodusport.fr\/blog\/biathlon-apres-trois-manches-de-coupe-du-monde-ou-en-sont-les-francais\/\",\"url\":\"https:\/\/dicodusport.fr\/blog\/biathlon-apres-trois-manches-de-coupe-du-monde-ou-en-sont-les-francais\/\",\"name\":\"Biathlon : Apr\u00e8s trois manches de Coupe du monde, o\u00f9 en sont les Fran\u00e7ais ?\",\"isPartOf\":{\"@id\":\"https:\/\/dicodusport.fr\/blog\/#website\"},\"primaryImageOfPage\":{\"@id\":\"https:\/\/dicodusport.fr\/blog\/biathlon-apres-trois-manches-de-coupe-du-monde-ou-en-sont-les-francais\/#primaryimage\"},\"image\":{\"@id\":\"https:\/\/dicodusport.fr\/blog\/biathlon-apres-trois-manches-de-coupe-du-monde-ou-en-sont-les-francais\/#primaryimage\"},\"thumbnailUrl\":\"https:\/\/dicodusport.fr\/blog\/wp-content\/uploads\/2018\/12\/Simon-Desthieux-2018.png\",\"datePublished\":\"2018-12-31T12:00:46+00:00\",\"dateModified\":\"2019-01-07T10:39:33+00:00\",\"description\":\"Apr\u00e8s trois manches de Coupe du monde, l'\u00e9quipe de France masculine a r\u00e9ussi une entame convaincante avec 4 biathl\u00e8tes parmi les 10 meilleurs mondiaux.\",\"breadcrumb\":{\"@id\":\"https:\/\/dicodusport.fr\/blog\/biathlon-apres-trois-manches-de-coupe-du-monde-ou-en-sont-les-francais\/#breadcrumb\"},\"inLanguage\":\"fr-FR\",\"potentialAction\":[{\"@type\":\"ReadAction\",\"target\":[\"https:\/\/dicodusport.fr\/blog\/biathlon-apres-trois-manches-de-coupe-du-monde-ou-en-sont-les-francais\/\"]}]},{\"@type\":\"ImageObject\",\"inLanguage\":\"fr-FR\",\"@id\":\"https:\/\/dicodusport.fr\/blog\/biathlon-apres-trois-manches-de-coupe-du-monde-ou-en-sont-les-francais\/#primaryimage\",\"url\":\"https:\/\/dicodusport.fr\/blog\/wp-content\/uploads\/2018\/12\/Simon-Desthieux-2018.png\",\"contentUrl\":\"https:\/\/dicodusport.fr\/blog\/wp-content\/uploads\/2018\/12\/Simon-Desthieux-2018.png\",\"width\":800,\"height\":445},{\"@type\":\"BreadcrumbList\",\"@id\":\"https:\/\/dicodusport.fr\/blog\/biathlon-apres-trois-manches-de-coupe-du-monde-ou-en-sont-les-francais\/#breadcrumb\",\"itemListElement\":[{\"@type\":\"ListItem\",\"position\":1,\"name\":\"Accueil\",\"item\":\"https:\/\/dicodusport.fr\/blog\/\"},{\"@type\":\"ListItem\",\"position\":2,\"name\":\"Biathlon : Apr\u00e8s trois manches de Coupe du monde, o\u00f9 en sont les Fran\u00e7ais ?\"}]},{\"@type\":\"WebSite\",\"@id\":\"https:\/\/dicodusport.fr\/blog\/#website\",\"url\":\"https:\/\/dicodusport.fr\/blog\/\",\"name\":\"Dicodusport\",\"description\":\"L&#039;encyclop\u00e9die de l&#039;actualit\u00e9 sportive\",\"publisher\":{\"@id\":\"https:\/\/dicodusport.fr\/blog\/#organization\"},\"potentialAction\":[{\"@type\":\"SearchAction\",\"target\":{\"@type\":\"EntryPoint\",\"urlTemplate\":\"https:\/\/dicodusport.fr\/blog\/?s={search_term_string}\"},\"query-input\":{\"@type\":\"PropertyValueSpecification\",\"valueRequired\":true,\"valueName\":\"search_term_string\"}}],\"inLanguage\":\"fr-FR\"},{\"@type\":\"NewsMediaOrganization\",\"@id\":\"https:\/\/dicodusport.fr\/blog\/#organization\",\"name\":\"Dicodusport\",\"url\":\"https:\/\/dicodusport.fr\/blog\/\",\"logo\":{\"@type\":\"ImageObject\",\"inLanguage\":\"fr-FR\",\"@id\":\"https:\/\/dicodusport.fr\/blog\/#\/schema\/logo\/image\/\",\"url\":\"https:\/\/dicodusport.fr\/blog\/wp-content\/uploads\/2020\/06\/cropped-LOGO-DICODUSPORT-2020-SANS-FOND-SANS-TEXTE.png\",\"contentUrl\":\"https:\/\/dicodusport.fr\/blog\/wp-content\/uploads\/2020\/06\/cropped-LOGO-DICODUSPORT-2020-SANS-FOND-SANS-TEXTE.png\",\"width\":512,\"height\":512,\"caption\":\"Dicodusport\"},\"image\":{\"@id\":\"https:\/\/dicodusport.fr\/blog\/#\/schema\/logo\/image\/\"},\"sameAs\":[\"https:\/\/www.facebook.com\/dicodusport\",\"https:\/\/x.com\/dicodusport\",\"https:\/\/www.instagram.com\/dicodusport\/\",\"https:\/\/www.youtube.com\/channel\/UC7V2KZ5sd3htJivAbA4ZG3w\"],\"description\":\"Dicodusport est l'encyclop\u00e9die de l'actualit\u00e9 sportive.\",\"email\":\"bonjour@dicodusport.fr\",\"legalName\":\"DICODUSPORT\",\"foundingDate\":\"2018-01-14\",\"vatID\":\"FR71834470973\",\"taxID\":\"83447097300043\",\"numberOfEmployees\":{\"@type\":\"QuantitativeValue\",\"minValue\":\"1\",\"maxValue\":\"10\"}},{\"@type\":\"Person\",\"@id\":\"https:\/\/dicodusport.fr\/blog\/#\/schema\/person\/55dcb50ad410894e431ed812bbb70191\",\"name\":\"Nicolas Jacquemard\",\"image\":{\"@type\":\"ImageObject\",\"inLanguage\":\"fr-FR\",\"@id\":\"https:\/\/dicodusport.fr\/blog\/#\/schema\/person\/image\/\",\"url\":\"https:\/\/dicodusport.fr\/blog\/wp-content\/uploads\/2021\/05\/Nicolas-Jacquemard-150x150.jpeg\",\"contentUrl\":\"https:\/\/dicodusport.fr\/blog\/wp-content\/uploads\/2021\/05\/Nicolas-Jacquemard-150x150.jpeg\",\"caption\":\"Nicolas Jacquemard\"},\"description\":\"Passionn\u00e9 de sport et entrepreneur depuis mes 18 ans, la cr\u00e9ation de Dicodusport m'a sembl\u00e9 \u00e9vidente pour participer \u00e0 la m\u00e9diatisation d'un plus grand nombre de sports. Le chemin est long mais avec une \u00e9quipe des plus motiv\u00e9es et les Jeux Olympiques de Paris 2024 en point de mire, nous y arriverons ! Journaliste dans le monde du sport depuis plus de 5 ans, je traite aussi bien de football, de rugby, de biathlon que de cyclisme.\",\"sameAs\":[\"https:\/\/www.facebook.com\/dicodusport\",\"https:\/\/x.com\/https:\/\/twitter.com\/Nico_Jacquemard\"],\"url\":\"https:\/\/dicodusport.fr\/blog\/author\/dicodusport\/\"}]}<\/script>\n<!-- \/ Yoast SEO Premium plugin. -->","yoast_head_json":{"title":"Biathlon : Apr\u00e8s trois manches de Coupe du monde, o\u00f9 en sont les Fran\u00e7ais ?","description":"Apr\u00e8s trois manches de Coupe du monde, l'\u00e9quipe de France masculine a r\u00e9ussi une entame convaincante avec 4 biathl\u00e8tes parmi les 10 meilleurs mondiaux.","robots":{"index":"index","follow":"follow","max-snippet":"max-snippet:-1","max-image-preview":"max-image-preview:large","max-video-preview":"max-video-preview:-1"},"canonical":"https:\/\/dicodusport.fr\/blog\/biathlon-apres-trois-manches-de-coupe-du-monde-ou-en-sont-les-francais\/","og_locale":"fr_FR","og_type":"article","og_title":"Biathlon : Apr\u00e8s trois manches de Coupe du monde, o\u00f9 en sont les Fran\u00e7ais ?","og_description":"Apr\u00e8s trois manches de Coupe du monde, l'\u00e9quipe de France masculine a r\u00e9ussi une entame convaincante avec 4 biathl\u00e8tes parmi les 10 meilleurs mondiaux.","og_url":"https:\/\/dicodusport.fr\/blog\/biathlon-apres-trois-manches-de-coupe-du-monde-ou-en-sont-les-francais\/","og_site_name":"Dicodusport","article_publisher":"https:\/\/www.facebook.com\/dicodusport","article_author":"https:\/\/www.facebook.com\/dicodusport","article_published_time":"2018-12-31T12:00:46+00:00","article_modified_time":"2019-01-07T10:39:33+00:00","og_image":[{"width":800,"height":445,"url":"https:\/\/dicodusport.fr\/blog\/wp-content\/uploads\/2018\/12\/Simon-Desthieux-2018.png","type":"image\/png"}],"author":"Nicolas Jacquemard","twitter_card":"summary_large_image","twitter_creator":"@https:\/\/twitter.com\/Nico_Jacquemard","twitter_site":"@dicodusport","schema":{"@context":"https:\/\/schema.org","@graph":[{"@type":"NewsArticle","@id":"https:\/\/dicodusport.fr\/blog\/biathlon-apres-trois-manches-de-coupe-du-monde-ou-en-sont-les-francais\/#article","isPartOf":{"@id":"https:\/\/dicodusport.fr\/blog\/biathlon-apres-trois-manches-de-coupe-du-monde-ou-en-sont-les-francais\/"},"author":{"name":"Nicolas Jacquemard","@id":"https:\/\/dicodusport.fr\/blog\/#\/schema\/person\/55dcb50ad410894e431ed812bbb70191"},"headline":"Biathlon : Apr\u00e8s trois manches de Coupe du monde, o\u00f9 en sont les Fran\u00e7ais ?","datePublished":"2018-12-31T12:00:46+00:00","dateModified":"2019-01-07T10:39:33+00:00","mainEntityOfPage":{"@id":"https:\/\/dicodusport.fr\/blog\/biathlon-apres-trois-manches-de-coupe-du-monde-ou-en-sont-les-francais\/"},"wordCount":474,"commentCount":0,"publisher":{"@id":"https:\/\/dicodusport.fr\/blog\/#organization"},"image":{"@id":"https:\/\/dicodusport.fr\/blog\/biathlon-apres-trois-manches-de-coupe-du-monde-ou-en-sont-les-francais\/#primaryimage"},"thumbnailUrl":"https:\/\/dicodusport.fr\/blog\/wp-content\/uploads\/2018\/12\/Simon-Desthieux-2018.png","keywords":["Biathlon","Desthieux","Fourcade","IBU"],"articleSection":["Actualit\u00e9s","Biathlon","Sports d'hiver"],"inLanguage":"fr-FR","potentialAction":[{"@type":"CommentAction","name":"Comment","target":["https:\/\/dicodusport.fr\/blog\/biathlon-apres-trois-manches-de-coupe-du-monde-ou-en-sont-les-francais\/#respond"]}],"copyrightYear":"2018","copyrightHolder":{"@id":"https:\/\/dicodusport.fr\/blog\/#organization"}},{"@type":"WebPage","@id":"https:\/\/dicodusport.fr\/blog\/biathlon-apres-trois-manches-de-coupe-du-monde-ou-en-sont-les-francais\/","url":"https:\/\/dicodusport.fr\/blog\/biathlon-apres-trois-manches-de-coupe-du-monde-ou-en-sont-les-francais\/","name":"Biathlon : Apr\u00e8s trois manches de Coupe du monde, o\u00f9 en sont les Fran\u00e7ais ?","isPartOf":{"@id":"https:\/\/dicodusport.fr\/blog\/#website"},"primaryImageOfPage":{"@id":"https:\/\/dicodusport.fr\/blog\/biathlon-apres-trois-manches-de-coupe-du-monde-ou-en-sont-les-francais\/#primaryimage"},"image":{"@id":"https:\/\/dicodusport.fr\/blog\/biathlon-apres-trois-manches-de-coupe-du-monde-ou-en-sont-les-francais\/#primaryimage"},"thumbnailUrl":"https:\/\/dicodusport.fr\/blog\/wp-content\/uploads\/2018\/12\/Simon-Desthieux-2018.png","datePublished":"2018-12-31T12:00:46+00:00","dateModified":"2019-01-07T10:39:33+00:00","description":"Apr\u00e8s trois manches de Coupe du monde, l'\u00e9quipe de France masculine a r\u00e9ussi une entame convaincante avec 4 biathl\u00e8tes parmi les 10 meilleurs mondiaux.","breadcrumb":{"@id":"https:\/\/dicodusport.fr\/blog\/biathlon-apres-trois-manches-de-coupe-du-monde-ou-en-sont-les-francais\/#breadcrumb"},"inLanguage":"fr-FR","potentialAction":[{"@type":"ReadAction","target":["https:\/\/dicodusport.fr\/blog\/biathlon-apres-trois-manches-de-coupe-du-monde-ou-en-sont-les-francais\/"]}]},{"@type":"ImageObject","inLanguage":"fr-FR","@id":"https:\/\/dicodusport.fr\/blog\/biathlon-apres-trois-manches-de-coupe-du-monde-ou-en-sont-les-francais\/#primaryimage","url":"https:\/\/dicodusport.fr\/blog\/wp-content\/uploads\/2018\/12\/Simon-Desthieux-2018.png","contentUrl":"https:\/\/dicodusport.fr\/blog\/wp-content\/uploads\/2018\/12\/Simon-Desthieux-2018.png","width":800,"height":445},{"@type":"BreadcrumbList","@id":"https:\/\/dicodusport.fr\/blog\/biathlon-apres-trois-manches-de-coupe-du-monde-ou-en-sont-les-francais\/#breadcrumb","itemListElement":[{"@type":"ListItem","position":1,"name":"Accueil","item":"https:\/\/dicodusport.fr\/blog\/"},{"@type":"ListItem","position":2,"name":"Biathlon : Apr\u00e8s trois manches de Coupe du monde, o\u00f9 en sont les Fran\u00e7ais ?"}]},{"@type":"WebSite","@id":"https:\/\/dicodusport.fr\/blog\/#website","url":"https:\/\/dicodusport.fr\/blog\/","name":"Dicodusport","description":"L&#039;encyclop\u00e9die de l&#039;actualit\u00e9 sportive","publisher":{"@id":"https:\/\/dicodusport.fr\/blog\/#organization"},"potentialAction":[{"@type":"SearchAction","target":{"@type":"EntryPoint","urlTemplate":"https:\/\/dicodusport.fr\/blog\/?s={search_term_string}"},"query-input":{"@type":"PropertyValueSpecification","valueRequired":true,"valueName":"search_term_string"}}],"inLanguage":"fr-FR"},{"@type":"NewsMediaOrganization","@id":"https:\/\/dicodusport.fr\/blog\/#organization","name":"Dicodusport","url":"https:\/\/dicodusport.fr\/blog\/","logo":{"@type":"ImageObject","inLanguage":"fr-FR","@id":"https:\/\/dicodusport.fr\/blog\/#\/schema\/logo\/image\/","url":"https:\/\/dicodusport.fr\/blog\/wp-content\/uploads\/2020\/06\/cropped-LOGO-DICODUSPORT-2020-SANS-FOND-SANS-TEXTE.png","contentUrl":"https:\/\/dicodusport.fr\/blog\/wp-content\/uploads\/2020\/06\/cropped-LOGO-DICODUSPORT-2020-SANS-FOND-SANS-TEXTE.png","width":512,"height":512,"caption":"Dicodusport"},"image":{"@id":"https:\/\/dicodusport.fr\/blog\/#\/schema\/logo\/image\/"},"sameAs":["https:\/\/www.facebook.com\/dicodusport","https:\/\/x.com\/dicodusport","https:\/\/www.instagram.com\/dicodusport\/","https:\/\/www.youtube.com\/channel\/UC7V2KZ5sd3htJivAbA4ZG3w"],"description":"Dicodusport est l'encyclop\u00e9die de l'actualit\u00e9 sportive.","email":"bonjour@dicodusport.fr","legalName":"DICODUSPORT","foundingDate":"2018-01-14","vatID":"FR71834470973","taxID":"83447097300043","numberOfEmployees":{"@type":"QuantitativeValue","minValue":"1","maxValue":"10"}},{"@type":"Person","@id":"https:\/\/dicodusport.fr\/blog\/#\/schema\/person\/55dcb50ad410894e431ed812bbb70191","name":"Nicolas Jacquemard","image":{"@type":"ImageObject","inLanguage":"fr-FR","@id":"https:\/\/dicodusport.fr\/blog\/#\/schema\/person\/image\/","url":"https:\/\/dicodusport.fr\/blog\/wp-content\/uploads\/2021\/05\/Nicolas-Jacquemard-150x150.jpeg","contentUrl":"https:\/\/dicodusport.fr\/blog\/wp-content\/uploads\/2021\/05\/Nicolas-Jacquemard-150x150.jpeg","caption":"Nicolas Jacquemard"},"description":"Passionn\u00e9 de sport et entrepreneur depuis mes 18 ans, la cr\u00e9ation de Dicodusport m'a sembl\u00e9 \u00e9vidente pour participer \u00e0 la m\u00e9diatisation d'un plus grand nombre de sports. Le chemin est long mais avec une \u00e9quipe des plus motiv\u00e9es et les Jeux Olympiques de Paris 2024 en point de mire, nous y arriverons ! Journaliste dans le monde du sport depuis plus de 5 ans, je traite aussi bien de football, de rugby, de biathlon que de cyclisme.","sameAs":["https:\/\/www.facebook.com\/dicodusport","https:\/\/x.com\/https:\/\/twitter.com\/Nico_Jacquemard"],"url":"https:\/\/dicodusport.fr\/blog\/author\/dicodusport\/"}]}},"_links":{"self":[{"href":"https:\/\/dicodusport.fr\/blog\/wp-json\/wp\/v2\/posts\/31187","targetHints":{"allow":["GET"]}}],"collection":[{"href":"https:\/\/dicodusport.fr\/blog\/wp-json\/wp\/v2\/posts"}],"about":[{"href":"https:\/\/dicodusport.fr\/blog\/wp-json\/wp\/v2\/types\/post"}],"author":[{"embeddable":true,"href":"https:\/\/dicodusport.fr\/blog\/wp-json\/wp\/v2\/users\/1"}],"replies":[{"embeddable":true,"href":"https:\/\/dicodusport.fr\/blog\/wp-json\/wp\/v2\/comments?post=31187"}],"version-history":[{"count":0,"href":"https:\/\/dicodusport.fr\/blog\/wp-json\/wp\/v2\/posts\/31187\/revisions"}],"wp:featuredmedia":[{"embeddable":true,"href":"https:\/\/dicodusport.fr\/blog\/wp-json\/wp\/v2\/media\/31193"}],"wp:attachment":[{"href":"https:\/\/dicodusport.fr\/blog\/wp-json\/wp\/v2\/media?parent=31187"}],"wp:term":[{"taxonomy":"category","embeddable":true,"href":"https:\/\/dicodusport.fr\/blog\/wp-json\/wp\/v2\/categories?post=31187"},{"taxonomy":"post_tag","embeddable":true,"href":"https:\/\/dicodusport.fr\/blog\/wp-json\/wp\/v2\/tags?post=31187"}],"curies":[{"name":"wp","href":"https:\/\/api.w.org\/{rel}","templated":true}]}}