{"id":313046,"date":"2022-12-23T12:00:18","date_gmt":"2022-12-23T11:00:18","guid":{"rendered":"https:\/\/dicodusport.fr\/blog\/?p=313046&#038;preview=true&#038;preview_id=313046"},"modified":"2022-12-23T07:54:10","modified_gmt":"2022-12-23T06:54:10","slug":"champion-des-champions-francais-2022-cedric-veiga-rios-9eme-le-vent-en-poupe","status":"publish","type":"post","link":"https:\/\/dicodusport.fr\/blog\/champion-des-champions-francais-2022-cedric-veiga-rios-9eme-le-vent-en-poupe\/","title":{"rendered":"Champion des Champions fran\u00e7ais 2022 : C\u00e9dric Veiga Rios (9\u00e8me), le vent en poupe"},"content":{"rendered":"<p style=\"text-align: justify;\"><strong><em>MULTISPORTS \u2013 Comme tous les ans depuis 2018, Dicodusport vous a propos\u00e9 d\u2019\u00e9lire le Champion des Champions fran\u00e7ais de l\u2019ann\u00e9e. En 2022, ils sont 12 sur la ligne de d\u00e9part. Qui succ\u00e9dera \u00e0 Fabio Quartararo ? \u00c0 la 9\u00e8me place, on retrouve le parachutiste C\u00e9dric Veiga Rios.<\/em><\/strong><\/p>\n<h2>Le d\u00e9roulement<\/h2>\n<p style=\"text-align: justify;\">Cette ann\u00e9e, petite nouveaut\u00e9 concernant l\u2019\u00e9lection du\u00a0<strong>Champion des Champions fran\u00e7ais<\/strong>. Vos votes, lecteurs de Dicodusport, ont compt\u00e9 pour 50 % dans le r\u00e9sultat final. Il y a ensuite eu le vote de la r\u00e9daction (8 membres), qui a compl\u00e9t\u00e9 le scrutin du public, et qui compte \u00e9galement pour 50 % dans le r\u00e9sultat.<\/p>\n<p style=\"text-align: justify;\">D\u2019abord,\u00a0<strong>le laur\u00e9at du vote des lecteurs remporte 12 points<\/strong>, le deuxi\u00e8me 11 points, le troisi\u00e8me 10 points etc, jusqu\u2019au sportif arriv\u00e9 en 12\u00e8me et derni\u00e8re position, qui r\u00e9colte 1 point.<\/p>\n<p style=\"text-align: justify;\">Concernant le vote de la r\u00e9daction, les 8 membres ayant vot\u00e9\u00a0<strong>ont chacun fait un classement de 1 \u00e0 12<\/strong>, avec l\u00e0 aussi, 12 points attribu\u00e9s pour la premi\u00e8re place, 11 points pour la deuxi\u00e8me place, et ainsi de suite jusqu\u2019\u00e0 la 12\u00e8me place (1 point). Le total des 8 classements a ensuite \u00e9t\u00e9 r\u00e9alis\u00e9. \u00c0 l\u2019issue de ce d\u00e9compte, le sportif ayant r\u00e9colt\u00e9 le plus de points au total, inscrit 12 points, 11 points pour le deuxi\u00e8me, 10 points pour le troisi\u00e8me etc, jusqu\u2019au sportif arriv\u00e9 en 12\u00e8me et derni\u00e8re position, qui r\u00e9colte 1 point.<\/p>\n<p style=\"text-align: justify;\">Pour arriver au classement final du\u00a0<strong>Champion des Champions Fran\u00e7ais 2022<\/strong>, les points du vote des lecteurs (12 maximum) ont \u00e9t\u00e9 additionn\u00e9s \u00e0 ceux du total des membres de la r\u00e9daction (12 maximum). Un sportif pouvait alors recevoir, au maximum, 24 points.<\/p>\n<hr \/>\n<h2>C\u00e9dric Veiga Rios (9\u00e8me), le vent en poupe<\/h2>\n<p style=\"text-align: justify;\"><strong>Palmar\u00e8s : <\/strong>M\u00e9daill\u00e9 d\u2019or en vol sous voile aux Jeux Mondiaux, trois m\u00e9dailles mondiales dont le titre de champion du monde par \u00e9quipes en vol sous voile.<\/p>\n<p style=\"text-align: justify;\"><strong>Le d\u00e9tail des votes<\/strong><strong>\u00a0:<\/strong><br \/>\n5\u00e8me du vote des lecteurs avec 11 % des voix (326 voix sur 3 049 votes) = <strong>8 points<\/strong><br \/>\n11\u00e8me du vote de la r\u00e9daction avec 20 points = <strong>2 points<\/strong><br \/>\n<strong><em>Total = 10 points<\/em><\/strong><\/p>\n<p style=\"text-align: justify;\">Triple m\u00e9daill\u00e9 mondial dont le titre par \u00e9quipes en vol sous voile, <strong>C\u00e9dric Veiga Rios<\/strong> a atteint le sommet de sa carri\u00e8re en juillet dernier, \u00e0 l&rsquo;occasion des Jeux Mondiaux \u00e0 Birmingham (Alabama, USA). Le Fran\u00e7ais y a en effet d\u00e9croch\u00e9 la m\u00e9daille d&rsquo;or, en vol sous voile <em>(canopy piloting en anglais).<\/em> Il s\u2019agit de trois \u00e9preuves en une, vitesse, distance et pr\u00e9cision, le tout au-dessus d\u2019un bassin aquatique. Ancien champion du monde, il a ainsi d\u00e9croch\u00e9 donc le plus grand titre de sa carri\u00e8re, apr\u00e8s avoir outrageusement domin\u00e9 la comp\u00e9tition.<\/p>\n<blockquote class=\"twitter-tweet\">\n<p dir=\"ltr\" lang=\"fr\">M\u00c9DAILLE D\u2019OOOR &#x1f947;<br \/>\nC\u00e9dric Veiga Rios s\u2019est impos\u00e9 sur l\u2019\u00e9preuve de canopy piloting &#x1fa82;<a href=\"https:\/\/twitter.com\/hashtag\/AllezLesBleus?src=hash&amp;ref_src=twsrc%5Etfw\">#AllezLesBleus<\/a> <a href=\"https:\/\/twitter.com\/hashtag\/Birmingham2022?src=hash&amp;ref_src=twsrc%5Etfw\">#Birmingham2022<\/a> <a href=\"https:\/\/twitter.com\/hashtag\/TWG2022?src=hash&amp;ref_src=twsrc%5Etfw\">#TWG2022<\/a> <a href=\"https:\/\/t.co\/Vg0d6oXZGU\">pic.twitter.com\/Vg0d6oXZGU<\/a><\/p>\n<p>\u2014 FranceOlympique (@FranceOlympique) <a href=\"https:\/\/twitter.com\/FranceOlympique\/status\/1546960096588173314?ref_src=twsrc%5Etfw\">July 12, 2022<\/a><\/p><\/blockquote>\n<p><script async src=\"https:\/\/platform.twitter.com\/widgets.js\" charset=\"utf-8\"><\/script><\/p>\n<h2 style=\"text-align: justify;\">Le classement d\u00e9j\u00e0 connu<\/h2>\n<ul>\n<li style=\"text-align: justify;\"><a href=\"https:\/\/dicodusport.fr\/blog\/champion-des-champions-francais-2022-david-jackson-10eme-l-arc-du-triomphe\/\"><strong>David Jackson (10\u00e8me), l&rsquo;arc du triomphe<\/strong><\/a><\/li>\n<li style=\"text-align: justify;\"><a href=\"https:\/\/dicodusport.fr\/blog\/champion-des-champions-francais-2022-edouard-damestoy-11eme-le-style-et-la-maniere\/\"><strong>\u00c9douard Damestoy (11\u00e8me), le style et la mani\u00e8re<\/strong><\/a><\/li>\n<li class=\"mvp-post-title left entry-title\" style=\"text-align: justify;\"><a href=\"https:\/\/dicodusport.fr\/blog\/champion-des-champions-francais-2022-clement-bessaguet-12eme-dans-le-mille\/\"><strong>Cl\u00e9ment Bessaguet (12\u00e8me), dans le mille<\/strong><\/a><\/li>\n<\/ul>\n","protected":false},"excerpt":{"rendered":"<p>MULTISPORTS \u2013 Comme tous les ans depuis 2018, Dicodusport vous a propos\u00e9 d\u2019\u00e9lire le Champion des Champions fran\u00e7ais de l\u2019ann\u00e9e. En 2022, ils sont 12 sur la ligne de d\u00e9part. Qui succ\u00e9dera \u00e0 Fabio Quartararo ? \u00c0 la 9\u00e8me place, on retrouve le parachutiste C\u00e9dric Veiga Rios.<\/p>\n","protected":false},"author":4,"featured_media":314551,"comment_status":"open","ping_status":"closed","sticky":false,"template":"","format":"standard","meta":{"_acf_changed":false,"_daextam_enable_autolinks":"","footnotes":""},"categories":[2366,10691],"tags":[662],"class_list":["post-313046","post","type-post","status-publish","format-standard","has-post-thumbnail","hentry","category-multisports","category-sports-extremes","tag-parachutisme"],"acf":[],"yoast_head":"<!-- This site is optimized with the Yoast SEO Premium plugin v26.7 (Yoast SEO v26.7) - https:\/\/yoast.com\/wordpress\/plugins\/seo\/ -->\n<title>Champion des Champions fran\u00e7ais 2022 : C\u00e9dric Veiga Rios (9\u00e8me), le vent en poupe<\/title>\n<meta name=\"description\" content=\"MULTISPORTS \u2013 \u00c0 la 9\u00e8me place au classement du Champion des Champions fran\u00e7aise 2022, on retrouve le parachutiste C\u00e9dric Veiga Rios.\" \/>\n<meta name=\"robots\" content=\"index, follow, max-snippet:-1, max-image-preview:large, max-video-preview:-1\" \/>\n<link rel=\"canonical\" href=\"https:\/\/dicodusport.fr\/blog\/champion-des-champions-francais-2022-cedric-veiga-rios-9eme-le-vent-en-poupe\/\" \/>\n<meta property=\"og:locale\" content=\"fr_FR\" \/>\n<meta property=\"og:type\" content=\"article\" \/>\n<meta property=\"og:title\" content=\"Champion des Champions fran\u00e7ais 2022 : C\u00e9dric Veiga Rios (9\u00e8me), le vent en poupe\" \/>\n<meta property=\"og:description\" content=\"MULTISPORTS \u2013 \u00c0 la 9\u00e8me place au classement du Champion des Champions fran\u00e7aise 2022, on retrouve le parachutiste C\u00e9dric Veiga Rios.\" \/>\n<meta property=\"og:url\" content=\"https:\/\/dicodusport.fr\/blog\/champion-des-champions-francais-2022-cedric-veiga-rios-9eme-le-vent-en-poupe\/\" \/>\n<meta property=\"og:site_name\" content=\"Dicodusport\" \/>\n<meta property=\"article:publisher\" content=\"https:\/\/www.facebook.com\/dicodusport\" \/>\n<meta property=\"article:author\" content=\"https:\/\/www.facebook.com\/florent.ostermann\" \/>\n<meta property=\"article:published_time\" content=\"2022-12-23T11:00:18+00:00\" \/>\n<meta property=\"og:image\" content=\"https:\/\/dicodusport.fr\/blog\/wp-content\/uploads\/2022\/12\/Champion-des-Champions-francais-2022-Cedric-Veiga-Rios-9eme-le-vent-en-poupe.png\" \/>\n\t<meta property=\"og:image:width\" content=\"800\" \/>\n\t<meta property=\"og:image:height\" content=\"445\" \/>\n\t<meta property=\"og:image:type\" content=\"image\/png\" \/>\n<meta name=\"author\" content=\"Flo Ostermann\" \/>\n<meta name=\"twitter:card\" content=\"summary_large_image\" \/>\n<meta name=\"twitter:title\" content=\"Champion des Champions fran\u00e7ais 2022 : C\u00e9dric Veiga Rios (9\u00e8me), le vent en poupe\" \/>\n<meta name=\"twitter:creator\" content=\"@https:\/\/twitter.com\/FlOstermann\" \/>\n<meta name=\"twitter:site\" content=\"@dicodusport\" \/>\n<script type=\"application\/ld+json\" class=\"yoast-schema-graph\">{\"@context\":\"https:\/\/schema.org\",\"@graph\":[{\"@type\":\"NewsArticle\",\"@id\":\"https:\/\/dicodusport.fr\/blog\/champion-des-champions-francais-2022-cedric-veiga-rios-9eme-le-vent-en-poupe\/#article\",\"isPartOf\":{\"@id\":\"https:\/\/dicodusport.fr\/blog\/champion-des-champions-francais-2022-cedric-veiga-rios-9eme-le-vent-en-poupe\/\"},\"author\":{\"name\":\"Flo Ostermann\",\"@id\":\"https:\/\/dicodusport.fr\/blog\/#\/schema\/person\/cb02af4c173ce4a653b55e9baf388d4a\"},\"headline\":\"Champion des Champions fran\u00e7ais 2022 : C\u00e9dric Veiga Rios (9\u00e8me), le vent en poupe\",\"datePublished\":\"2022-12-23T11:00:18+00:00\",\"mainEntityOfPage\":{\"@id\":\"https:\/\/dicodusport.fr\/blog\/champion-des-champions-francais-2022-cedric-veiga-rios-9eme-le-vent-en-poupe\/\"},\"wordCount\":523,\"commentCount\":0,\"publisher\":{\"@id\":\"https:\/\/dicodusport.fr\/blog\/#organization\"},\"image\":{\"@id\":\"https:\/\/dicodusport.fr\/blog\/champion-des-champions-francais-2022-cedric-veiga-rios-9eme-le-vent-en-poupe\/#primaryimage\"},\"thumbnailUrl\":\"https:\/\/dicodusport.fr\/blog\/wp-content\/uploads\/2022\/12\/Champion-des-Champions-francais-2022-Cedric-Veiga-Rios-9eme-le-vent-en-poupe.png\",\"keywords\":[\"parachutisme\"],\"articleSection\":[\"Multisports\",\"Sports extr\u00eames\"],\"inLanguage\":\"fr-FR\",\"potentialAction\":[{\"@type\":\"CommentAction\",\"name\":\"Comment\",\"target\":[\"https:\/\/dicodusport.fr\/blog\/champion-des-champions-francais-2022-cedric-veiga-rios-9eme-le-vent-en-poupe\/#respond\"]}],\"copyrightYear\":\"2022\",\"copyrightHolder\":{\"@id\":\"https:\/\/dicodusport.fr\/blog\/#organization\"}},{\"@type\":\"WebPage\",\"@id\":\"https:\/\/dicodusport.fr\/blog\/champion-des-champions-francais-2022-cedric-veiga-rios-9eme-le-vent-en-poupe\/\",\"url\":\"https:\/\/dicodusport.fr\/blog\/champion-des-champions-francais-2022-cedric-veiga-rios-9eme-le-vent-en-poupe\/\",\"name\":\"Champion des Champions fran\u00e7ais 2022 : C\u00e9dric Veiga Rios (9\u00e8me), le vent en poupe\",\"isPartOf\":{\"@id\":\"https:\/\/dicodusport.fr\/blog\/#website\"},\"primaryImageOfPage\":{\"@id\":\"https:\/\/dicodusport.fr\/blog\/champion-des-champions-francais-2022-cedric-veiga-rios-9eme-le-vent-en-poupe\/#primaryimage\"},\"image\":{\"@id\":\"https:\/\/dicodusport.fr\/blog\/champion-des-champions-francais-2022-cedric-veiga-rios-9eme-le-vent-en-poupe\/#primaryimage\"},\"thumbnailUrl\":\"https:\/\/dicodusport.fr\/blog\/wp-content\/uploads\/2022\/12\/Champion-des-Champions-francais-2022-Cedric-Veiga-Rios-9eme-le-vent-en-poupe.png\",\"datePublished\":\"2022-12-23T11:00:18+00:00\",\"description\":\"MULTISPORTS \u2013 \u00c0 la 9\u00e8me place au classement du Champion des Champions fran\u00e7aise 2022, on retrouve le parachutiste C\u00e9dric Veiga Rios.\",\"breadcrumb\":{\"@id\":\"https:\/\/dicodusport.fr\/blog\/champion-des-champions-francais-2022-cedric-veiga-rios-9eme-le-vent-en-poupe\/#breadcrumb\"},\"inLanguage\":\"fr-FR\",\"potentialAction\":[{\"@type\":\"ReadAction\",\"target\":[\"https:\/\/dicodusport.fr\/blog\/champion-des-champions-francais-2022-cedric-veiga-rios-9eme-le-vent-en-poupe\/\"]}]},{\"@type\":\"ImageObject\",\"inLanguage\":\"fr-FR\",\"@id\":\"https:\/\/dicodusport.fr\/blog\/champion-des-champions-francais-2022-cedric-veiga-rios-9eme-le-vent-en-poupe\/#primaryimage\",\"url\":\"https:\/\/dicodusport.fr\/blog\/wp-content\/uploads\/2022\/12\/Champion-des-Champions-francais-2022-Cedric-Veiga-Rios-9eme-le-vent-en-poupe.png\",\"contentUrl\":\"https:\/\/dicodusport.fr\/blog\/wp-content\/uploads\/2022\/12\/Champion-des-Champions-francais-2022-Cedric-Veiga-Rios-9eme-le-vent-en-poupe.png\",\"width\":800,\"height\":445,\"caption\":\"Champion des Champions fran\u00e7ais 2022 - C\u00e9dric Veiga Rios (9\u00e8me), le vent en poupe\"},{\"@type\":\"BreadcrumbList\",\"@id\":\"https:\/\/dicodusport.fr\/blog\/champion-des-champions-francais-2022-cedric-veiga-rios-9eme-le-vent-en-poupe\/#breadcrumb\",\"itemListElement\":[{\"@type\":\"ListItem\",\"position\":1,\"name\":\"Accueil\",\"item\":\"https:\/\/dicodusport.fr\/blog\/\"},{\"@type\":\"ListItem\",\"position\":2,\"name\":\"Champion des Champions fran\u00e7ais 2022 : C\u00e9dric Veiga Rios (9\u00e8me), le vent en poupe\"}]},{\"@type\":\"WebSite\",\"@id\":\"https:\/\/dicodusport.fr\/blog\/#website\",\"url\":\"https:\/\/dicodusport.fr\/blog\/\",\"name\":\"Dicodusport\",\"description\":\"L&#039;encyclop\u00e9die de l&#039;actualit\u00e9 sportive\",\"publisher\":{\"@id\":\"https:\/\/dicodusport.fr\/blog\/#organization\"},\"potentialAction\":[{\"@type\":\"SearchAction\",\"target\":{\"@type\":\"EntryPoint\",\"urlTemplate\":\"https:\/\/dicodusport.fr\/blog\/?s={search_term_string}\"},\"query-input\":{\"@type\":\"PropertyValueSpecification\",\"valueRequired\":true,\"valueName\":\"search_term_string\"}}],\"inLanguage\":\"fr-FR\"},{\"@type\":\"NewsMediaOrganization\",\"@id\":\"https:\/\/dicodusport.fr\/blog\/#organization\",\"name\":\"Dicodusport\",\"url\":\"https:\/\/dicodusport.fr\/blog\/\",\"logo\":{\"@type\":\"ImageObject\",\"inLanguage\":\"fr-FR\",\"@id\":\"https:\/\/dicodusport.fr\/blog\/#\/schema\/logo\/image\/\",\"url\":\"https:\/\/dicodusport.fr\/blog\/wp-content\/uploads\/2020\/06\/cropped-LOGO-DICODUSPORT-2020-SANS-FOND-SANS-TEXTE.png\",\"contentUrl\":\"https:\/\/dicodusport.fr\/blog\/wp-content\/uploads\/2020\/06\/cropped-LOGO-DICODUSPORT-2020-SANS-FOND-SANS-TEXTE.png\",\"width\":512,\"height\":512,\"caption\":\"Dicodusport\"},\"image\":{\"@id\":\"https:\/\/dicodusport.fr\/blog\/#\/schema\/logo\/image\/\"},\"sameAs\":[\"https:\/\/www.facebook.com\/dicodusport\",\"https:\/\/x.com\/dicodusport\",\"https:\/\/www.instagram.com\/dicodusport\/\",\"https:\/\/www.youtube.com\/channel\/UC7V2KZ5sd3htJivAbA4ZG3w\"],\"description\":\"Dicodusport est l'encyclop\u00e9die de l'actualit\u00e9 sportive.\",\"email\":\"bonjour@dicodusport.fr\",\"legalName\":\"DICODUSPORT\",\"foundingDate\":\"2018-01-14\",\"vatID\":\"FR71834470973\",\"taxID\":\"83447097300043\",\"numberOfEmployees\":{\"@type\":\"QuantitativeValue\",\"minValue\":\"1\",\"maxValue\":\"10\"}},{\"@type\":\"Person\",\"@id\":\"https:\/\/dicodusport.fr\/blog\/#\/schema\/person\/cb02af4c173ce4a653b55e9baf388d4a\",\"name\":\"Flo Ostermann\",\"image\":{\"@type\":\"ImageObject\",\"inLanguage\":\"fr-FR\",\"@id\":\"https:\/\/dicodusport.fr\/blog\/#\/schema\/person\/image\/\",\"url\":\"https:\/\/dicodusport.fr\/blog\/wp-content\/uploads\/2021\/05\/Flo-Ostermann-150x150.jpg\",\"contentUrl\":\"https:\/\/dicodusport.fr\/blog\/wp-content\/uploads\/2021\/05\/Flo-Ostermann-150x150.jpg\",\"caption\":\"Flo Ostermann\"},\"description\":\"Journaliste\/R\u00e9dacteur depuis septembre 2015 - Mes premiers souvenirs dans le sport ? Les envol\u00e9es du Stade Toulousain et les duels Villeneuve-Schumacher et H\u00e4kkinen-Schumacher \u00e0 la fin des ann\u00e9es 90, la Coupe du monde de football en 1998, l\u2019exploit du XV de France face aux All Blacks en 1999, mais aussi Richard C\u0153ur de Lion qui vole sur les montagnes du Tour de France. Bien parti pour devenir professeur d\u2019EPS, les \u00e9v\u00e9nements de la vie (et la flemme d\u2019animer des s\u00e9ances de 3x500 m\u00e8tres toute ma vie) m\u2019ont conduit \u00e0 revoir mes plans. Me voil\u00e0 depuis fin 2017 sur Dicodusport, m\u00e9dia gr\u00e2ce (et pour) lequel je partage ma passion : le sport dans tous ses \u00e9tats. Le tout accompagn\u00e9 par les fous furieux et folles furieuses cit\u00e9s sur cette page !\",\"sameAs\":[\"https:\/\/www.facebook.com\/florent.ostermann\",\"https:\/\/x.com\/https:\/\/twitter.com\/FlOstermann\",\"admin\"],\"url\":\"https:\/\/dicodusport.fr\/blog\/author\/flo\/\"}]}<\/script>\n<!-- \/ Yoast SEO Premium plugin. -->","yoast_head_json":{"title":"Champion des Champions fran\u00e7ais 2022 : C\u00e9dric Veiga Rios (9\u00e8me), le vent en poupe","description":"MULTISPORTS \u2013 \u00c0 la 9\u00e8me place au classement du Champion des Champions fran\u00e7aise 2022, on retrouve le parachutiste C\u00e9dric Veiga Rios.","robots":{"index":"index","follow":"follow","max-snippet":"max-snippet:-1","max-image-preview":"max-image-preview:large","max-video-preview":"max-video-preview:-1"},"canonical":"https:\/\/dicodusport.fr\/blog\/champion-des-champions-francais-2022-cedric-veiga-rios-9eme-le-vent-en-poupe\/","og_locale":"fr_FR","og_type":"article","og_title":"Champion des Champions fran\u00e7ais 2022 : C\u00e9dric Veiga Rios (9\u00e8me), le vent en poupe","og_description":"MULTISPORTS \u2013 \u00c0 la 9\u00e8me place au classement du Champion des Champions fran\u00e7aise 2022, on retrouve le parachutiste C\u00e9dric Veiga Rios.","og_url":"https:\/\/dicodusport.fr\/blog\/champion-des-champions-francais-2022-cedric-veiga-rios-9eme-le-vent-en-poupe\/","og_site_name":"Dicodusport","article_publisher":"https:\/\/www.facebook.com\/dicodusport","article_author":"https:\/\/www.facebook.com\/florent.ostermann","article_published_time":"2022-12-23T11:00:18+00:00","og_image":[{"width":800,"height":445,"url":"https:\/\/dicodusport.fr\/blog\/wp-content\/uploads\/2022\/12\/Champion-des-Champions-francais-2022-Cedric-Veiga-Rios-9eme-le-vent-en-poupe.png","type":"image\/png"}],"author":"Flo Ostermann","twitter_card":"summary_large_image","twitter_title":"Champion des Champions fran\u00e7ais 2022 : C\u00e9dric Veiga Rios (9\u00e8me), le vent en poupe","twitter_creator":"@https:\/\/twitter.com\/FlOstermann","twitter_site":"@dicodusport","schema":{"@context":"https:\/\/schema.org","@graph":[{"@type":"NewsArticle","@id":"https:\/\/dicodusport.fr\/blog\/champion-des-champions-francais-2022-cedric-veiga-rios-9eme-le-vent-en-poupe\/#article","isPartOf":{"@id":"https:\/\/dicodusport.fr\/blog\/champion-des-champions-francais-2022-cedric-veiga-rios-9eme-le-vent-en-poupe\/"},"author":{"name":"Flo Ostermann","@id":"https:\/\/dicodusport.fr\/blog\/#\/schema\/person\/cb02af4c173ce4a653b55e9baf388d4a"},"headline":"Champion des Champions fran\u00e7ais 2022 : C\u00e9dric Veiga Rios (9\u00e8me), le vent en poupe","datePublished":"2022-12-23T11:00:18+00:00","mainEntityOfPage":{"@id":"https:\/\/dicodusport.fr\/blog\/champion-des-champions-francais-2022-cedric-veiga-rios-9eme-le-vent-en-poupe\/"},"wordCount":523,"commentCount":0,"publisher":{"@id":"https:\/\/dicodusport.fr\/blog\/#organization"},"image":{"@id":"https:\/\/dicodusport.fr\/blog\/champion-des-champions-francais-2022-cedric-veiga-rios-9eme-le-vent-en-poupe\/#primaryimage"},"thumbnailUrl":"https:\/\/dicodusport.fr\/blog\/wp-content\/uploads\/2022\/12\/Champion-des-Champions-francais-2022-Cedric-Veiga-Rios-9eme-le-vent-en-poupe.png","keywords":["parachutisme"],"articleSection":["Multisports","Sports extr\u00eames"],"inLanguage":"fr-FR","potentialAction":[{"@type":"CommentAction","name":"Comment","target":["https:\/\/dicodusport.fr\/blog\/champion-des-champions-francais-2022-cedric-veiga-rios-9eme-le-vent-en-poupe\/#respond"]}],"copyrightYear":"2022","copyrightHolder":{"@id":"https:\/\/dicodusport.fr\/blog\/#organization"}},{"@type":"WebPage","@id":"https:\/\/dicodusport.fr\/blog\/champion-des-champions-francais-2022-cedric-veiga-rios-9eme-le-vent-en-poupe\/","url":"https:\/\/dicodusport.fr\/blog\/champion-des-champions-francais-2022-cedric-veiga-rios-9eme-le-vent-en-poupe\/","name":"Champion des Champions fran\u00e7ais 2022 : C\u00e9dric Veiga Rios (9\u00e8me), le vent en poupe","isPartOf":{"@id":"https:\/\/dicodusport.fr\/blog\/#website"},"primaryImageOfPage":{"@id":"https:\/\/dicodusport.fr\/blog\/champion-des-champions-francais-2022-cedric-veiga-rios-9eme-le-vent-en-poupe\/#primaryimage"},"image":{"@id":"https:\/\/dicodusport.fr\/blog\/champion-des-champions-francais-2022-cedric-veiga-rios-9eme-le-vent-en-poupe\/#primaryimage"},"thumbnailUrl":"https:\/\/dicodusport.fr\/blog\/wp-content\/uploads\/2022\/12\/Champion-des-Champions-francais-2022-Cedric-Veiga-Rios-9eme-le-vent-en-poupe.png","datePublished":"2022-12-23T11:00:18+00:00","description":"MULTISPORTS \u2013 \u00c0 la 9\u00e8me place au classement du Champion des Champions fran\u00e7aise 2022, on retrouve le parachutiste C\u00e9dric Veiga Rios.","breadcrumb":{"@id":"https:\/\/dicodusport.fr\/blog\/champion-des-champions-francais-2022-cedric-veiga-rios-9eme-le-vent-en-poupe\/#breadcrumb"},"inLanguage":"fr-FR","potentialAction":[{"@type":"ReadAction","target":["https:\/\/dicodusport.fr\/blog\/champion-des-champions-francais-2022-cedric-veiga-rios-9eme-le-vent-en-poupe\/"]}]},{"@type":"ImageObject","inLanguage":"fr-FR","@id":"https:\/\/dicodusport.fr\/blog\/champion-des-champions-francais-2022-cedric-veiga-rios-9eme-le-vent-en-poupe\/#primaryimage","url":"https:\/\/dicodusport.fr\/blog\/wp-content\/uploads\/2022\/12\/Champion-des-Champions-francais-2022-Cedric-Veiga-Rios-9eme-le-vent-en-poupe.png","contentUrl":"https:\/\/dicodusport.fr\/blog\/wp-content\/uploads\/2022\/12\/Champion-des-Champions-francais-2022-Cedric-Veiga-Rios-9eme-le-vent-en-poupe.png","width":800,"height":445,"caption":"Champion des Champions fran\u00e7ais 2022 - C\u00e9dric Veiga Rios (9\u00e8me), le vent en poupe"},{"@type":"BreadcrumbList","@id":"https:\/\/dicodusport.fr\/blog\/champion-des-champions-francais-2022-cedric-veiga-rios-9eme-le-vent-en-poupe\/#breadcrumb","itemListElement":[{"@type":"ListItem","position":1,"name":"Accueil","item":"https:\/\/dicodusport.fr\/blog\/"},{"@type":"ListItem","position":2,"name":"Champion des Champions fran\u00e7ais 2022 : C\u00e9dric Veiga Rios (9\u00e8me), le vent en poupe"}]},{"@type":"WebSite","@id":"https:\/\/dicodusport.fr\/blog\/#website","url":"https:\/\/dicodusport.fr\/blog\/","name":"Dicodusport","description":"L&#039;encyclop\u00e9die de l&#039;actualit\u00e9 sportive","publisher":{"@id":"https:\/\/dicodusport.fr\/blog\/#organization"},"potentialAction":[{"@type":"SearchAction","target":{"@type":"EntryPoint","urlTemplate":"https:\/\/dicodusport.fr\/blog\/?s={search_term_string}"},"query-input":{"@type":"PropertyValueSpecification","valueRequired":true,"valueName":"search_term_string"}}],"inLanguage":"fr-FR"},{"@type":"NewsMediaOrganization","@id":"https:\/\/dicodusport.fr\/blog\/#organization","name":"Dicodusport","url":"https:\/\/dicodusport.fr\/blog\/","logo":{"@type":"ImageObject","inLanguage":"fr-FR","@id":"https:\/\/dicodusport.fr\/blog\/#\/schema\/logo\/image\/","url":"https:\/\/dicodusport.fr\/blog\/wp-content\/uploads\/2020\/06\/cropped-LOGO-DICODUSPORT-2020-SANS-FOND-SANS-TEXTE.png","contentUrl":"https:\/\/dicodusport.fr\/blog\/wp-content\/uploads\/2020\/06\/cropped-LOGO-DICODUSPORT-2020-SANS-FOND-SANS-TEXTE.png","width":512,"height":512,"caption":"Dicodusport"},"image":{"@id":"https:\/\/dicodusport.fr\/blog\/#\/schema\/logo\/image\/"},"sameAs":["https:\/\/www.facebook.com\/dicodusport","https:\/\/x.com\/dicodusport","https:\/\/www.instagram.com\/dicodusport\/","https:\/\/www.youtube.com\/channel\/UC7V2KZ5sd3htJivAbA4ZG3w"],"description":"Dicodusport est l'encyclop\u00e9die de l'actualit\u00e9 sportive.","email":"bonjour@dicodusport.fr","legalName":"DICODUSPORT","foundingDate":"2018-01-14","vatID":"FR71834470973","taxID":"83447097300043","numberOfEmployees":{"@type":"QuantitativeValue","minValue":"1","maxValue":"10"}},{"@type":"Person","@id":"https:\/\/dicodusport.fr\/blog\/#\/schema\/person\/cb02af4c173ce4a653b55e9baf388d4a","name":"Flo Ostermann","image":{"@type":"ImageObject","inLanguage":"fr-FR","@id":"https:\/\/dicodusport.fr\/blog\/#\/schema\/person\/image\/","url":"https:\/\/dicodusport.fr\/blog\/wp-content\/uploads\/2021\/05\/Flo-Ostermann-150x150.jpg","contentUrl":"https:\/\/dicodusport.fr\/blog\/wp-content\/uploads\/2021\/05\/Flo-Ostermann-150x150.jpg","caption":"Flo Ostermann"},"description":"Journaliste\/R\u00e9dacteur depuis septembre 2015 - Mes premiers souvenirs dans le sport ? Les envol\u00e9es du Stade Toulousain et les duels Villeneuve-Schumacher et H\u00e4kkinen-Schumacher \u00e0 la fin des ann\u00e9es 90, la Coupe du monde de football en 1998, l\u2019exploit du XV de France face aux All Blacks en 1999, mais aussi Richard C\u0153ur de Lion qui vole sur les montagnes du Tour de France. Bien parti pour devenir professeur d\u2019EPS, les \u00e9v\u00e9nements de la vie (et la flemme d\u2019animer des s\u00e9ances de 3x500 m\u00e8tres toute ma vie) m\u2019ont conduit \u00e0 revoir mes plans. Me voil\u00e0 depuis fin 2017 sur Dicodusport, m\u00e9dia gr\u00e2ce (et pour) lequel je partage ma passion : le sport dans tous ses \u00e9tats. Le tout accompagn\u00e9 par les fous furieux et folles furieuses cit\u00e9s sur cette page !","sameAs":["https:\/\/www.facebook.com\/florent.ostermann","https:\/\/x.com\/https:\/\/twitter.com\/FlOstermann","admin"],"url":"https:\/\/dicodusport.fr\/blog\/author\/flo\/"}]}},"_links":{"self":[{"href":"https:\/\/dicodusport.fr\/blog\/wp-json\/wp\/v2\/posts\/313046","targetHints":{"allow":["GET"]}}],"collection":[{"href":"https:\/\/dicodusport.fr\/blog\/wp-json\/wp\/v2\/posts"}],"about":[{"href":"https:\/\/dicodusport.fr\/blog\/wp-json\/wp\/v2\/types\/post"}],"author":[{"embeddable":true,"href":"https:\/\/dicodusport.fr\/blog\/wp-json\/wp\/v2\/users\/4"}],"replies":[{"embeddable":true,"href":"https:\/\/dicodusport.fr\/blog\/wp-json\/wp\/v2\/comments?post=313046"}],"version-history":[{"count":0,"href":"https:\/\/dicodusport.fr\/blog\/wp-json\/wp\/v2\/posts\/313046\/revisions"}],"wp:featuredmedia":[{"embeddable":true,"href":"https:\/\/dicodusport.fr\/blog\/wp-json\/wp\/v2\/media\/314551"}],"wp:attachment":[{"href":"https:\/\/dicodusport.fr\/blog\/wp-json\/wp\/v2\/media?parent=313046"}],"wp:term":[{"taxonomy":"category","embeddable":true,"href":"https:\/\/dicodusport.fr\/blog\/wp-json\/wp\/v2\/categories?post=313046"},{"taxonomy":"post_tag","embeddable":true,"href":"https:\/\/dicodusport.fr\/blog\/wp-json\/wp\/v2\/tags?post=313046"}],"curies":[{"name":"wp","href":"https:\/\/api.w.org\/{rel}","templated":true}]}}