{"id":3139,"date":"2017-07-22T12:24:24","date_gmt":"2017-07-22T11:24:24","guid":{"rendered":"http:\/\/dicodusport.fr\/blog\/?p=3139"},"modified":"2021-04-13T23:18:32","modified_gmt":"2021-04-13T21:18:32","slug":"vanessa-tomaszewski-sportives-doivent-travailler-image-continuer-a-avancer","status":"publish","type":"post","link":"https:\/\/dicodusport.fr\/blog\/vanessa-tomaszewski-sportives-doivent-travailler-image-continuer-a-avancer\/","title":{"rendered":"Vanessa Tomaszewski, les sportives doivent travailler leur image pour continuer \u00e0 avancer"},"content":{"rendered":"<p style=\"text-align: justify;\"><span style=\"color: #000000;\"><em>Nous avons rencontr\u00e9 Vanessa Tomaszewski, fondatrice du blog champions du digital, qui revient sur l&rsquo;\u00e9volution du football f\u00e9minin et les am\u00e9liorations que celui-ci doit mettre en place\u00a0pour continuer \u00e0 se d\u00e9velopper.<\/em><\/span><\/p>\n<p style=\"text-align: justify;\"><span style=\"text-decoration: underline; color: #000000;\"><strong>Vanessa, peux-tu te pr\u00e9senter en quelques mots\u00a0?<\/strong><\/span><\/p>\n<p style=\"text-align: justify;\"><span style=\"color: #000000;\">Dipl\u00f4m\u00e9e d\u2019un Master de marketing digital j\u2019ai jou\u00e9 pendant une dizaine d\u2019ann\u00e9es au football. J\u2019ai r\u00e9alis\u00e9 un stage au service \u00e9dition du FC Girondins de Bordeaux qui m\u2019a permis de me former \u00e0 la communication digitale d\u2019un club de football professionnel. Par la suite j\u2019ai int\u00e9gr\u00e9 une agence marketing et je me suis occup\u00e9e de mani\u00e8re b\u00e9n\u00e9vole de la communication digitale de l\u2019AS Monaco Football F\u00e9minin. Je d\u00e9veloppe depuis janvier 2017 un site d\u00e9di\u00e9 au marketing digital dans le sport : <span style=\"color: #0000ff;\"><a style=\"color: #0000ff;\" href=\"http:\/\/www.championsdudigital.fr\" target=\"_blank\" rel=\"noopener noreferrer\">champions du digital<\/a><\/span>.<\/span><\/p>\n<p style=\"text-align: justify;\"><span style=\"text-decoration: underline; color: #000000;\"><strong>Tu t\u2019es occup\u00e9e de la communication de l\u2019AS Monaco Football F\u00e9minin, peux-tu nous parler de cette exp\u00e9rience ?\u00a0<\/strong><\/span><\/p>\n<p style=\"text-align: justify;\"><span style=\"color: #000000;\">Cela a \u00e9t\u00e9 une exp\u00e9rience tr\u00e8s enrichissante. De mani\u00e8re b\u00e9n\u00e9vole j\u2019ai mis en place une strat\u00e9gie de communication pour le club. J\u2019ai cr\u00e9\u00e9 le site <a style=\"color: #000000;\" href=\"http:\/\/www.asm-ff.com\">www.asm-ff.com<\/a> puis g\u00e9r\u00e9 les comptes Twitter et Facebook. J\u2019ai \u00e9galement aid\u00e9 le club a trouv\u00e9 des entreprises partenaires et me suis occup\u00e9e de la communication de notre campagne de crowdfunding. J\u2019ai pu constater \u00e0 quel point le marketing digital est strat\u00e9gique pour un club amateur. A la fin de la saison o\u00f9 le site et les r\u00e9seaux sociaux ont \u00e9t\u00e9 mis en place, une communaut\u00e9 de 3000 fans s\u2019\u00e9tait cr\u00e9\u00e9e. Le nombre de licenci\u00e9es au club a \u00e9t\u00e9 multipli\u00e9 par 2. On a recrut\u00e9 des joueuses \u00e0 l\u2019international et on a trouv\u00e9 de nouveaux sponsors.<\/span><\/p>\n<p style=\"text-align: justify;\"><span style=\"text-decoration: underline; color: #000000;\"><strong>Tu as aussi fond\u00e9 le <\/strong><a style=\"color: #000000; text-decoration: underline;\" href=\"http:\/\/championsdudigital.fr\"><strong><span style=\"color: #0000ff; text-decoration: underline;\">blog <\/span><span style=\"color: #0000ff; text-decoration: underline;\">d\u00e9di\u00e9 au marketing du sport \u00ab\u00a0Champions du digital\u00a0\u00bb<\/span><\/strong><\/a><strong>, pourquoi\u00a0?<\/strong><\/span><\/p>\n<p style=\"text-align: justify;\"><span style=\"color: #000000;\">Ayant eu la chance d\u2019assister \u00e0 plusieurs matchs de l\u2019EURO 2016 en France j\u2019ai d\u00e9cid\u00e9 \u00e0 ce moment-l\u00e0 de lancer un compte Twitter pour partager du contenu sur cet \u00e9v\u00e8nement. Cela m\u2019a permis de construire une communaut\u00e9 de passionn\u00e9s de sport et digital qui suivaient r\u00e9guli\u00e8rement ma veille sur le digisport. J\u2019ai d\u00e9cid\u00e9 de lancer mon propre site d\u00e9di\u00e9 au marketing digital dans le sport tout d\u2019abord car j\u2019aime r\u00e9diger et r\u00e9aliser des interviews. Ensuite parce que je souhaitais parler de mes deux passions : le digital et le football.<\/span><\/p>\n<p style=\"text-align: justify;\"><span style=\"text-decoration: underline; color: #000000;\"><strong>Apr\u00e8s 6 mois d\u2019existence, quel premier bilan dresses-tu pour ton blog\u00a0?<\/strong><\/span><\/p>\n<p style=\"text-align: justify;\"><span style=\"color: #000000;\">Je suis agr\u00e9ablement surprise du d\u00e9veloppement du blog. Le nombre de visiteurs cro\u00eet rapidement sur le site. De nombreux \u00e9tudiants et experts en marketing du sport suivent le site, partagent leurs int\u00e9r\u00eats pour les contenus et articles publi\u00e9s et j\u2019en suis ravie! Il y a un gros travail de r\u00e9daction, publication et community management. Mais c\u2019est tr\u00e8s encourageant pour la suite. Mon blog me donne aussi l\u2019opportunit\u00e9 d\u2019\u00eatre invit\u00e9e \u00e0 de nombreux \u00e9v\u00e9nements en lien avec le digital et le sport.<\/span><\/p>\n<p style=\"text-align: justify;\"><img loading=\"lazy\" decoding=\"async\" class=\"alignnone size-full wp-image-3140\" src=\"http:\/\/dicodusport.fr\/blog\/wp-content\/uploads\/2017\/07\/CDD2.png\" alt=\"CDD\" width=\"945\" height=\"605\" srcset=\"https:\/\/dicodusport.fr\/blog\/wp-content\/uploads\/2017\/07\/CDD2.png 945w, https:\/\/dicodusport.fr\/blog\/wp-content\/uploads\/2017\/07\/CDD2-300x192.png 300w, https:\/\/dicodusport.fr\/blog\/wp-content\/uploads\/2017\/07\/CDD2-768x492.png 768w\" sizes=\"auto, (max-width: 945px) 100vw, 945px\" \/><\/p>\n<p style=\"text-align: justify;\"><span style=\"text-decoration: underline; color: #000000;\"><strong>Que va-t-il se passer sur le blog pendant l&rsquo;Euro f\u00e9minin ?<\/strong><\/span><\/p>\n<p style=\"text-align: justify;\"><span style=\"color: #000000;\">J\u2019essaie de traiter toute l\u2019ann\u00e9e le football f\u00e9minin d\u2019un point de vue marketing avec des articles de fond et des interviews. A l\u2019occasion de l\u2019EURO 2017 je publie sur Facebook un article, une interview ou une vid\u00e9o par jour d\u00e9di\u00e9s au football f\u00e9minin. Vous pouvez suivre la page <span style=\"color: #0000ff;\"><a style=\"color: #0000ff;\" href=\"https:\/\/www.facebook.com\/championsdudigital\/\" target=\"_blank\" rel=\"noopener noreferrer\">ici<\/a><\/span> pour ne rien manquer.<\/span><\/p>\n<p style=\"text-align: justify;\"><span style=\"text-decoration: underline; color: #000000;\"><strong>Comment juges-tu la couverture m\u00e9diatique en France de cet \u00e9v\u00e9nement\u00a0?<\/strong><\/span><\/p>\n<p style=\"text-align: justify;\"><span style=\"color: #000000;\">Il y a une belle couverture m\u00e9diatique et une \u00e9volution int\u00e9ressante de la m\u00e9diatisation du football f\u00e9minin en France. Les matchs de l\u2019EURO 2017 sont diffus\u00e9s sur France T\u00e9l\u00e9visions et visibles par le grand public. On voit que les partenaires de l\u2019\u00e9quipe de France mettent en place des activations autour des Bleues. On remarque \u00e9galement que des marques \u201cgrand public\u201d commencent \u00e0 traiter l\u2019\u00e9v\u00e8nement. Je citerai par exemple le <span style=\"color: #0000ff;\"><a style=\"color: #0000ff;\" href=\"https:\/\/twitter.com\/ELLEfrance\/status\/887252903634681857\" target=\"_blank\" rel=\"noopener noreferrer\">magazine Elle<\/a><\/span>.<\/span><\/p>\n<p style=\"text-align: justify;\"><span style=\"color: #000000;\">On constate \u00e9galement que des sportifs de haut niveau et des clubs de Ligue 1 t\u00e9moignent leur soutien sur Twitter :\u00a0<span style=\"color: #0000ff;\"><a style=\"color: #0000ff;\" href=\"https:\/\/twitter.com\/SMCaen\/status\/887212630661844996\" target=\"_blank\" rel=\"noopener noreferrer\">Caen<\/a><\/span>, <span style=\"color: #0000ff;\"><a style=\"color: #0000ff;\" href=\"https:\/\/twitter.com\/TonyESTANGUET\/status\/886992887266897920\" target=\"_blank\" rel=\"noopener noreferrer\">Tony Estanguet<\/a><\/span> et <span style=\"color: #0000ff;\"><a style=\"color: #0000ff;\" href=\"https:\/\/twitter.com\/RothenJerome\/status\/887230283929530368\" target=\"_blank\" rel=\"noopener noreferrer\">Jerome Rothen<\/a><\/span>.<\/span><\/p>\n<p style=\"text-align: justify;\"><span style=\"color: #000000;\">A mon sens, cet EURO 2017 est une opportunit\u00e9 pour mettre en place des activations et communiquer autour des Bleues avant la Coupe du Monde f\u00e9minine de football qui aura lieu en France en 2019.<\/span><\/p>\n<p style=\"text-align: justify;\"><span style=\"text-decoration: underline; color: #000000;\"><strong>Un petit pronostic\u00a0pour les Bleues\u00a0?<\/strong><\/span><\/p>\n<p style=\"text-align: justify;\"><span style=\"color: #000000;\">Elles iront jusqu\u2019en finale et je l\u2019esp\u00e8re gagneront ce premier titre international qui leur manque tant !<\/span><\/p>\n<p style=\"text-align: justify;\"><span style=\"text-decoration: underline; color: #000000;\"><strong>Plus globalement, es-tu satisfaite de l\u2019\u00e9volution du football f\u00e9minin en France\u00a0?<\/strong><\/span><\/p>\n<p style=\"text-align: justify;\"><span style=\"color: #000000;\">Il y a encore \u00e0 faire. A mon sens certaines marques ne mesurent pas le potentiel du sport f\u00e9minin en France en terme de strat\u00e9gie marketing. On voit que la m\u00e9diatisation \u00e9volue favorablement notamment pour le football f\u00e9minin avec l\u2019EURO 2017 diffus\u00e9 sur France T\u00e9l\u00e9visions. En ce qui concerne le championnat de D1, il faut un niveau plus homog\u00e8ne pour que les m\u00e9dias s\u2019int\u00e9ressent au championnat dans sa totalit\u00e9.<\/span><\/p>\n<p style=\"text-align: justify;\"><span style=\"text-decoration: underline; color: #000000;\"><strong>Selon toi, quels sont les chantiers prioritaires pour le football f\u00e9minin\u00a0?<\/strong><\/span><\/p>\n<p style=\"text-align: justify;\"><span style=\"color: #000000;\">Je pense qu\u2019il est important pour les clubs et sportives de travailler sur leur communication et image. On ne se rend pas compte \u00e0 quel point la communication joue un r\u00f4le important. Pour un club ou une sportive, avoir un site web et une pr\u00e9sence r\u00e9guli\u00e8re sur les r\u00e9seaux sociaux permet de construire une communaut\u00e9, d\u2019attirer l\u2019attention des sponsors, de trouver des entreprises partenaires, pour les clubs de trouver de nouvelles licenci\u00e9es, gr\u00e2ce aux sponsors d\u2019investir dans du mat\u00e9riel de qualit\u00e9 pour les entra\u00eenements, d\u2019am\u00e9liorer les performances, am\u00e9liorer l\u2019int\u00e9r\u00eat pour le club etc\u2026 C\u2019est un cercle vertueux. La communication a un impact sur le domaine sportif.<\/span><\/p>\n<p style=\"text-align: justify;\"><span style=\"text-decoration: underline; color: #000000;\"><strong>Si tu pouvais interviewer le sportif de ton choix, qui choisirais-tu\u00a0?<\/strong><\/span><\/p>\n<p style=\"text-align: justify;\"><span style=\"color: #000000;\">Je vais citer 2 footballeurs : Antoine Griezmann et Kylian Mbapp\u00e9. Tout d\u2019abord parce que ces 2 joueurs sont excellents sur le terrain. Ensuite parce que je trouve leur communication pertinente et leur community management est un bon exemple \u00e0 suivre.*<\/span><\/p>\n<p>&nbsp;<\/p>\n<p style=\"text-align: justify;\"><a href=\"http:\/\/dicodusport.fr\"><img loading=\"lazy\" decoding=\"async\" class=\" wp-image-1000 aligncenter\" src=\"http:\/\/dicodusport.fr\/blog\/wp-content\/uploads\/2017\/01\/cropped-logo-dicodusport-sans-fond-1-150x150.png\" alt=\"\" width=\"110\" height=\"110\" srcset=\"https:\/\/dicodusport.fr\/blog\/wp-content\/uploads\/2017\/01\/cropped-logo-dicodusport-sans-fond-1-150x150.png 150w, https:\/\/dicodusport.fr\/blog\/wp-content\/uploads\/2017\/01\/cropped-logo-dicodusport-sans-fond-1-300x300.png 300w, https:\/\/dicodusport.fr\/blog\/wp-content\/uploads\/2017\/01\/cropped-logo-dicodusport-sans-fond-1-270x270.png 270w, https:\/\/dicodusport.fr\/blog\/wp-content\/uploads\/2017\/01\/cropped-logo-dicodusport-sans-fond-1-192x192.png 192w, https:\/\/dicodusport.fr\/blog\/wp-content\/uploads\/2017\/01\/cropped-logo-dicodusport-sans-fond-1-180x180.png 180w, https:\/\/dicodusport.fr\/blog\/wp-content\/uploads\/2017\/01\/cropped-logo-dicodusport-sans-fond-1-32x32.png 32w, https:\/\/dicodusport.fr\/blog\/wp-content\/uploads\/2017\/01\/cropped-logo-dicodusport-sans-fond-1.png 512w\" sizes=\"auto, (max-width: 110px) 100vw, 110px\" \/><\/a><\/p>\n","protected":false},"excerpt":{"rendered":"<p>Nous avons rencontr\u00e9 Vanessa Tomaszewski, fondatrice du blog champions du digital, qui revient sur l&rsquo;\u00e9volution du football f\u00e9minin et les am\u00e9liorations que celui-ci doit mettre en place\u00a0pour continuer \u00e0 se d\u00e9velopper. Vanessa, peux-tu te pr\u00e9senter en quelques mots\u00a0? Dipl\u00f4m\u00e9e d\u2019un Master de marketing digital j\u2019ai jou\u00e9 pendant une dizaine d\u2019ann\u00e9es au football. J\u2019ai r\u00e9alis\u00e9 un [&hellip;]<\/p>\n","protected":false},"author":1,"featured_media":3145,"comment_status":"open","ping_status":"closed","sticky":false,"template":"","format":"standard","meta":{"_acf_changed":false,"_daextam_enable_autolinks":"","footnotes":""},"categories":[47044,4],"tags":[1354,1398],"class_list":["post-3139","post","type-post","status-publish","format-standard","has-post-thumbnail","hentry","category-euro-de-football","category-portraits","tag-football-feminin","tag-sport-feminin"],"acf":[],"yoast_head":"<!-- This site is optimized with the Yoast SEO Premium plugin v26.7 (Yoast SEO v26.7) - https:\/\/yoast.com\/wordpress\/plugins\/seo\/ -->\n<title>Vanessa Tomaszewski, les sportives doivent travailler leur image pour continuer \u00e0 avancer<\/title>\n<meta name=\"description\" content=\"Nous avons rencontr\u00e9 Vanessa Tomaszewski, fondatrice du blog champions du digital, qui revient sur l&#039;\u00e9volution du football f\u00e9minin.\" \/>\n<meta name=\"robots\" content=\"index, follow, max-snippet:-1, max-image-preview:large, max-video-preview:-1\" \/>\n<link rel=\"canonical\" href=\"https:\/\/dicodusport.fr\/blog\/vanessa-tomaszewski-sportives-doivent-travailler-image-continuer-a-avancer\/\" \/>\n<meta property=\"og:locale\" content=\"fr_FR\" \/>\n<meta property=\"og:type\" content=\"article\" \/>\n<meta property=\"og:title\" content=\"Vanessa Tomaszewski, les sportives doivent travailler leur image pour continuer \u00e0 avancer\" \/>\n<meta property=\"og:description\" content=\"Nous avons rencontr\u00e9 Vanessa Tomaszewski, fondatrice du blog champions du digital, qui revient sur l&#039;\u00e9volution du football f\u00e9minin.\" \/>\n<meta property=\"og:url\" content=\"https:\/\/dicodusport.fr\/blog\/vanessa-tomaszewski-sportives-doivent-travailler-image-continuer-a-avancer\/\" \/>\n<meta property=\"og:site_name\" content=\"Dicodusport\" \/>\n<meta property=\"article:publisher\" content=\"https:\/\/www.facebook.com\/dicodusport\" \/>\n<meta property=\"article:author\" content=\"https:\/\/www.facebook.com\/dicodusport\" \/>\n<meta property=\"article:published_time\" content=\"2017-07-22T11:24:24+00:00\" \/>\n<meta property=\"article:modified_time\" content=\"2021-04-13T21:18:32+00:00\" \/>\n<meta property=\"og:image\" content=\"https:\/\/dicodusport.fr\/blog\/wp-content\/uploads\/2017\/07\/Vanessa-Tomaszewski.png\" \/>\n\t<meta property=\"og:image:width\" content=\"1200\" \/>\n\t<meta property=\"og:image:height\" content=\"670\" \/>\n\t<meta property=\"og:image:type\" content=\"image\/png\" \/>\n<meta name=\"author\" content=\"Nicolas Jacquemard\" \/>\n<meta name=\"twitter:card\" content=\"summary_large_image\" \/>\n<meta name=\"twitter:creator\" content=\"@https:\/\/twitter.com\/Nico_Jacquemard\" \/>\n<meta name=\"twitter:site\" content=\"@dicodusport\" \/>\n<script type=\"application\/ld+json\" class=\"yoast-schema-graph\">{\"@context\":\"https:\/\/schema.org\",\"@graph\":[{\"@type\":\"NewsArticle\",\"@id\":\"https:\/\/dicodusport.fr\/blog\/vanessa-tomaszewski-sportives-doivent-travailler-image-continuer-a-avancer\/#article\",\"isPartOf\":{\"@id\":\"https:\/\/dicodusport.fr\/blog\/vanessa-tomaszewski-sportives-doivent-travailler-image-continuer-a-avancer\/\"},\"author\":{\"name\":\"Nicolas Jacquemard\",\"@id\":\"https:\/\/dicodusport.fr\/blog\/#\/schema\/person\/55dcb50ad410894e431ed812bbb70191\"},\"headline\":\"Vanessa Tomaszewski, les sportives doivent travailler leur image pour continuer \u00e0 avancer\",\"datePublished\":\"2017-07-22T11:24:24+00:00\",\"dateModified\":\"2021-04-13T21:18:32+00:00\",\"mainEntityOfPage\":{\"@id\":\"https:\/\/dicodusport.fr\/blog\/vanessa-tomaszewski-sportives-doivent-travailler-image-continuer-a-avancer\/\"},\"wordCount\":1067,\"commentCount\":0,\"publisher\":{\"@id\":\"https:\/\/dicodusport.fr\/blog\/#organization\"},\"image\":{\"@id\":\"https:\/\/dicodusport.fr\/blog\/vanessa-tomaszewski-sportives-doivent-travailler-image-continuer-a-avancer\/#primaryimage\"},\"thumbnailUrl\":\"https:\/\/dicodusport.fr\/blog\/wp-content\/uploads\/2017\/07\/Vanessa-Tomaszewski.png\",\"keywords\":[\"football f\u00e9minin\",\"sport f\u00e9minin\"],\"articleSection\":[\"Euro de football\",\"Portraits\"],\"inLanguage\":\"fr-FR\",\"potentialAction\":[{\"@type\":\"CommentAction\",\"name\":\"Comment\",\"target\":[\"https:\/\/dicodusport.fr\/blog\/vanessa-tomaszewski-sportives-doivent-travailler-image-continuer-a-avancer\/#respond\"]}],\"copyrightYear\":\"2017\",\"copyrightHolder\":{\"@id\":\"https:\/\/dicodusport.fr\/blog\/#organization\"}},{\"@type\":\"WebPage\",\"@id\":\"https:\/\/dicodusport.fr\/blog\/vanessa-tomaszewski-sportives-doivent-travailler-image-continuer-a-avancer\/\",\"url\":\"https:\/\/dicodusport.fr\/blog\/vanessa-tomaszewski-sportives-doivent-travailler-image-continuer-a-avancer\/\",\"name\":\"Vanessa Tomaszewski, les sportives doivent travailler leur image pour continuer \u00e0 avancer\",\"isPartOf\":{\"@id\":\"https:\/\/dicodusport.fr\/blog\/#website\"},\"primaryImageOfPage\":{\"@id\":\"https:\/\/dicodusport.fr\/blog\/vanessa-tomaszewski-sportives-doivent-travailler-image-continuer-a-avancer\/#primaryimage\"},\"image\":{\"@id\":\"https:\/\/dicodusport.fr\/blog\/vanessa-tomaszewski-sportives-doivent-travailler-image-continuer-a-avancer\/#primaryimage\"},\"thumbnailUrl\":\"https:\/\/dicodusport.fr\/blog\/wp-content\/uploads\/2017\/07\/Vanessa-Tomaszewski.png\",\"datePublished\":\"2017-07-22T11:24:24+00:00\",\"dateModified\":\"2021-04-13T21:18:32+00:00\",\"description\":\"Nous avons rencontr\u00e9 Vanessa Tomaszewski, fondatrice du blog champions du digital, qui revient sur l'\u00e9volution du football f\u00e9minin.\",\"breadcrumb\":{\"@id\":\"https:\/\/dicodusport.fr\/blog\/vanessa-tomaszewski-sportives-doivent-travailler-image-continuer-a-avancer\/#breadcrumb\"},\"inLanguage\":\"fr-FR\",\"potentialAction\":[{\"@type\":\"ReadAction\",\"target\":[\"https:\/\/dicodusport.fr\/blog\/vanessa-tomaszewski-sportives-doivent-travailler-image-continuer-a-avancer\/\"]}]},{\"@type\":\"ImageObject\",\"inLanguage\":\"fr-FR\",\"@id\":\"https:\/\/dicodusport.fr\/blog\/vanessa-tomaszewski-sportives-doivent-travailler-image-continuer-a-avancer\/#primaryimage\",\"url\":\"https:\/\/dicodusport.fr\/blog\/wp-content\/uploads\/2017\/07\/Vanessa-Tomaszewski.png\",\"contentUrl\":\"https:\/\/dicodusport.fr\/blog\/wp-content\/uploads\/2017\/07\/Vanessa-Tomaszewski.png\",\"width\":1200,\"height\":670,\"caption\":\"Vanessa Tomaszewski\"},{\"@type\":\"BreadcrumbList\",\"@id\":\"https:\/\/dicodusport.fr\/blog\/vanessa-tomaszewski-sportives-doivent-travailler-image-continuer-a-avancer\/#breadcrumb\",\"itemListElement\":[{\"@type\":\"ListItem\",\"position\":1,\"name\":\"Accueil\",\"item\":\"https:\/\/dicodusport.fr\/blog\/\"},{\"@type\":\"ListItem\",\"position\":2,\"name\":\"Vanessa Tomaszewski, les sportives doivent travailler leur image pour continuer \u00e0 avancer\"}]},{\"@type\":\"WebSite\",\"@id\":\"https:\/\/dicodusport.fr\/blog\/#website\",\"url\":\"https:\/\/dicodusport.fr\/blog\/\",\"name\":\"Dicodusport\",\"description\":\"L&#039;encyclop\u00e9die de l&#039;actualit\u00e9 sportive\",\"publisher\":{\"@id\":\"https:\/\/dicodusport.fr\/blog\/#organization\"},\"potentialAction\":[{\"@type\":\"SearchAction\",\"target\":{\"@type\":\"EntryPoint\",\"urlTemplate\":\"https:\/\/dicodusport.fr\/blog\/?s={search_term_string}\"},\"query-input\":{\"@type\":\"PropertyValueSpecification\",\"valueRequired\":true,\"valueName\":\"search_term_string\"}}],\"inLanguage\":\"fr-FR\"},{\"@type\":\"NewsMediaOrganization\",\"@id\":\"https:\/\/dicodusport.fr\/blog\/#organization\",\"name\":\"Dicodusport\",\"url\":\"https:\/\/dicodusport.fr\/blog\/\",\"logo\":{\"@type\":\"ImageObject\",\"inLanguage\":\"fr-FR\",\"@id\":\"https:\/\/dicodusport.fr\/blog\/#\/schema\/logo\/image\/\",\"url\":\"https:\/\/dicodusport.fr\/blog\/wp-content\/uploads\/2020\/06\/cropped-LOGO-DICODUSPORT-2020-SANS-FOND-SANS-TEXTE.png\",\"contentUrl\":\"https:\/\/dicodusport.fr\/blog\/wp-content\/uploads\/2020\/06\/cropped-LOGO-DICODUSPORT-2020-SANS-FOND-SANS-TEXTE.png\",\"width\":512,\"height\":512,\"caption\":\"Dicodusport\"},\"image\":{\"@id\":\"https:\/\/dicodusport.fr\/blog\/#\/schema\/logo\/image\/\"},\"sameAs\":[\"https:\/\/www.facebook.com\/dicodusport\",\"https:\/\/x.com\/dicodusport\",\"https:\/\/www.instagram.com\/dicodusport\/\",\"https:\/\/www.youtube.com\/channel\/UC7V2KZ5sd3htJivAbA4ZG3w\"],\"description\":\"Dicodusport est l'encyclop\u00e9die de l'actualit\u00e9 sportive.\",\"email\":\"bonjour@dicodusport.fr\",\"legalName\":\"DICODUSPORT\",\"foundingDate\":\"2018-01-14\",\"vatID\":\"FR71834470973\",\"taxID\":\"83447097300043\",\"numberOfEmployees\":{\"@type\":\"QuantitativeValue\",\"minValue\":\"1\",\"maxValue\":\"10\"}},{\"@type\":\"Person\",\"@id\":\"https:\/\/dicodusport.fr\/blog\/#\/schema\/person\/55dcb50ad410894e431ed812bbb70191\",\"name\":\"Nicolas Jacquemard\",\"image\":{\"@type\":\"ImageObject\",\"inLanguage\":\"fr-FR\",\"@id\":\"https:\/\/dicodusport.fr\/blog\/#\/schema\/person\/image\/\",\"url\":\"https:\/\/dicodusport.fr\/blog\/wp-content\/uploads\/2021\/05\/Nicolas-Jacquemard-150x150.jpeg\",\"contentUrl\":\"https:\/\/dicodusport.fr\/blog\/wp-content\/uploads\/2021\/05\/Nicolas-Jacquemard-150x150.jpeg\",\"caption\":\"Nicolas Jacquemard\"},\"description\":\"Passionn\u00e9 de sport et entrepreneur depuis mes 18 ans, la cr\u00e9ation de Dicodusport m'a sembl\u00e9 \u00e9vidente pour participer \u00e0 la m\u00e9diatisation d'un plus grand nombre de sports. Le chemin est long mais avec une \u00e9quipe des plus motiv\u00e9es et les Jeux Olympiques de Paris 2024 en point de mire, nous y arriverons ! Journaliste dans le monde du sport depuis plus de 5 ans, je traite aussi bien de football, de rugby, de biathlon que de cyclisme.\",\"sameAs\":[\"https:\/\/www.facebook.com\/dicodusport\",\"https:\/\/x.com\/https:\/\/twitter.com\/Nico_Jacquemard\"],\"url\":\"https:\/\/dicodusport.fr\/blog\/author\/dicodusport\/\"}]}<\/script>\n<!-- \/ Yoast SEO Premium plugin. -->","yoast_head_json":{"title":"Vanessa Tomaszewski, les sportives doivent travailler leur image pour continuer \u00e0 avancer","description":"Nous avons rencontr\u00e9 Vanessa Tomaszewski, fondatrice du blog champions du digital, qui revient sur l'\u00e9volution du football f\u00e9minin.","robots":{"index":"index","follow":"follow","max-snippet":"max-snippet:-1","max-image-preview":"max-image-preview:large","max-video-preview":"max-video-preview:-1"},"canonical":"https:\/\/dicodusport.fr\/blog\/vanessa-tomaszewski-sportives-doivent-travailler-image-continuer-a-avancer\/","og_locale":"fr_FR","og_type":"article","og_title":"Vanessa Tomaszewski, les sportives doivent travailler leur image pour continuer \u00e0 avancer","og_description":"Nous avons rencontr\u00e9 Vanessa Tomaszewski, fondatrice du blog champions du digital, qui revient sur l'\u00e9volution du football f\u00e9minin.","og_url":"https:\/\/dicodusport.fr\/blog\/vanessa-tomaszewski-sportives-doivent-travailler-image-continuer-a-avancer\/","og_site_name":"Dicodusport","article_publisher":"https:\/\/www.facebook.com\/dicodusport","article_author":"https:\/\/www.facebook.com\/dicodusport","article_published_time":"2017-07-22T11:24:24+00:00","article_modified_time":"2021-04-13T21:18:32+00:00","og_image":[{"width":1200,"height":670,"url":"https:\/\/dicodusport.fr\/blog\/wp-content\/uploads\/2017\/07\/Vanessa-Tomaszewski.png","type":"image\/png"}],"author":"Nicolas Jacquemard","twitter_card":"summary_large_image","twitter_creator":"@https:\/\/twitter.com\/Nico_Jacquemard","twitter_site":"@dicodusport","schema":{"@context":"https:\/\/schema.org","@graph":[{"@type":"NewsArticle","@id":"https:\/\/dicodusport.fr\/blog\/vanessa-tomaszewski-sportives-doivent-travailler-image-continuer-a-avancer\/#article","isPartOf":{"@id":"https:\/\/dicodusport.fr\/blog\/vanessa-tomaszewski-sportives-doivent-travailler-image-continuer-a-avancer\/"},"author":{"name":"Nicolas Jacquemard","@id":"https:\/\/dicodusport.fr\/blog\/#\/schema\/person\/55dcb50ad410894e431ed812bbb70191"},"headline":"Vanessa Tomaszewski, les sportives doivent travailler leur image pour continuer \u00e0 avancer","datePublished":"2017-07-22T11:24:24+00:00","dateModified":"2021-04-13T21:18:32+00:00","mainEntityOfPage":{"@id":"https:\/\/dicodusport.fr\/blog\/vanessa-tomaszewski-sportives-doivent-travailler-image-continuer-a-avancer\/"},"wordCount":1067,"commentCount":0,"publisher":{"@id":"https:\/\/dicodusport.fr\/blog\/#organization"},"image":{"@id":"https:\/\/dicodusport.fr\/blog\/vanessa-tomaszewski-sportives-doivent-travailler-image-continuer-a-avancer\/#primaryimage"},"thumbnailUrl":"https:\/\/dicodusport.fr\/blog\/wp-content\/uploads\/2017\/07\/Vanessa-Tomaszewski.png","keywords":["football f\u00e9minin","sport f\u00e9minin"],"articleSection":["Euro de football","Portraits"],"inLanguage":"fr-FR","potentialAction":[{"@type":"CommentAction","name":"Comment","target":["https:\/\/dicodusport.fr\/blog\/vanessa-tomaszewski-sportives-doivent-travailler-image-continuer-a-avancer\/#respond"]}],"copyrightYear":"2017","copyrightHolder":{"@id":"https:\/\/dicodusport.fr\/blog\/#organization"}},{"@type":"WebPage","@id":"https:\/\/dicodusport.fr\/blog\/vanessa-tomaszewski-sportives-doivent-travailler-image-continuer-a-avancer\/","url":"https:\/\/dicodusport.fr\/blog\/vanessa-tomaszewski-sportives-doivent-travailler-image-continuer-a-avancer\/","name":"Vanessa Tomaszewski, les sportives doivent travailler leur image pour continuer \u00e0 avancer","isPartOf":{"@id":"https:\/\/dicodusport.fr\/blog\/#website"},"primaryImageOfPage":{"@id":"https:\/\/dicodusport.fr\/blog\/vanessa-tomaszewski-sportives-doivent-travailler-image-continuer-a-avancer\/#primaryimage"},"image":{"@id":"https:\/\/dicodusport.fr\/blog\/vanessa-tomaszewski-sportives-doivent-travailler-image-continuer-a-avancer\/#primaryimage"},"thumbnailUrl":"https:\/\/dicodusport.fr\/blog\/wp-content\/uploads\/2017\/07\/Vanessa-Tomaszewski.png","datePublished":"2017-07-22T11:24:24+00:00","dateModified":"2021-04-13T21:18:32+00:00","description":"Nous avons rencontr\u00e9 Vanessa Tomaszewski, fondatrice du blog champions du digital, qui revient sur l'\u00e9volution du football f\u00e9minin.","breadcrumb":{"@id":"https:\/\/dicodusport.fr\/blog\/vanessa-tomaszewski-sportives-doivent-travailler-image-continuer-a-avancer\/#breadcrumb"},"inLanguage":"fr-FR","potentialAction":[{"@type":"ReadAction","target":["https:\/\/dicodusport.fr\/blog\/vanessa-tomaszewski-sportives-doivent-travailler-image-continuer-a-avancer\/"]}]},{"@type":"ImageObject","inLanguage":"fr-FR","@id":"https:\/\/dicodusport.fr\/blog\/vanessa-tomaszewski-sportives-doivent-travailler-image-continuer-a-avancer\/#primaryimage","url":"https:\/\/dicodusport.fr\/blog\/wp-content\/uploads\/2017\/07\/Vanessa-Tomaszewski.png","contentUrl":"https:\/\/dicodusport.fr\/blog\/wp-content\/uploads\/2017\/07\/Vanessa-Tomaszewski.png","width":1200,"height":670,"caption":"Vanessa Tomaszewski"},{"@type":"BreadcrumbList","@id":"https:\/\/dicodusport.fr\/blog\/vanessa-tomaszewski-sportives-doivent-travailler-image-continuer-a-avancer\/#breadcrumb","itemListElement":[{"@type":"ListItem","position":1,"name":"Accueil","item":"https:\/\/dicodusport.fr\/blog\/"},{"@type":"ListItem","position":2,"name":"Vanessa Tomaszewski, les sportives doivent travailler leur image pour continuer \u00e0 avancer"}]},{"@type":"WebSite","@id":"https:\/\/dicodusport.fr\/blog\/#website","url":"https:\/\/dicodusport.fr\/blog\/","name":"Dicodusport","description":"L&#039;encyclop\u00e9die de l&#039;actualit\u00e9 sportive","publisher":{"@id":"https:\/\/dicodusport.fr\/blog\/#organization"},"potentialAction":[{"@type":"SearchAction","target":{"@type":"EntryPoint","urlTemplate":"https:\/\/dicodusport.fr\/blog\/?s={search_term_string}"},"query-input":{"@type":"PropertyValueSpecification","valueRequired":true,"valueName":"search_term_string"}}],"inLanguage":"fr-FR"},{"@type":"NewsMediaOrganization","@id":"https:\/\/dicodusport.fr\/blog\/#organization","name":"Dicodusport","url":"https:\/\/dicodusport.fr\/blog\/","logo":{"@type":"ImageObject","inLanguage":"fr-FR","@id":"https:\/\/dicodusport.fr\/blog\/#\/schema\/logo\/image\/","url":"https:\/\/dicodusport.fr\/blog\/wp-content\/uploads\/2020\/06\/cropped-LOGO-DICODUSPORT-2020-SANS-FOND-SANS-TEXTE.png","contentUrl":"https:\/\/dicodusport.fr\/blog\/wp-content\/uploads\/2020\/06\/cropped-LOGO-DICODUSPORT-2020-SANS-FOND-SANS-TEXTE.png","width":512,"height":512,"caption":"Dicodusport"},"image":{"@id":"https:\/\/dicodusport.fr\/blog\/#\/schema\/logo\/image\/"},"sameAs":["https:\/\/www.facebook.com\/dicodusport","https:\/\/x.com\/dicodusport","https:\/\/www.instagram.com\/dicodusport\/","https:\/\/www.youtube.com\/channel\/UC7V2KZ5sd3htJivAbA4ZG3w"],"description":"Dicodusport est l'encyclop\u00e9die de l'actualit\u00e9 sportive.","email":"bonjour@dicodusport.fr","legalName":"DICODUSPORT","foundingDate":"2018-01-14","vatID":"FR71834470973","taxID":"83447097300043","numberOfEmployees":{"@type":"QuantitativeValue","minValue":"1","maxValue":"10"}},{"@type":"Person","@id":"https:\/\/dicodusport.fr\/blog\/#\/schema\/person\/55dcb50ad410894e431ed812bbb70191","name":"Nicolas Jacquemard","image":{"@type":"ImageObject","inLanguage":"fr-FR","@id":"https:\/\/dicodusport.fr\/blog\/#\/schema\/person\/image\/","url":"https:\/\/dicodusport.fr\/blog\/wp-content\/uploads\/2021\/05\/Nicolas-Jacquemard-150x150.jpeg","contentUrl":"https:\/\/dicodusport.fr\/blog\/wp-content\/uploads\/2021\/05\/Nicolas-Jacquemard-150x150.jpeg","caption":"Nicolas Jacquemard"},"description":"Passionn\u00e9 de sport et entrepreneur depuis mes 18 ans, la cr\u00e9ation de Dicodusport m'a sembl\u00e9 \u00e9vidente pour participer \u00e0 la m\u00e9diatisation d'un plus grand nombre de sports. Le chemin est long mais avec une \u00e9quipe des plus motiv\u00e9es et les Jeux Olympiques de Paris 2024 en point de mire, nous y arriverons ! Journaliste dans le monde du sport depuis plus de 5 ans, je traite aussi bien de football, de rugby, de biathlon que de cyclisme.","sameAs":["https:\/\/www.facebook.com\/dicodusport","https:\/\/x.com\/https:\/\/twitter.com\/Nico_Jacquemard"],"url":"https:\/\/dicodusport.fr\/blog\/author\/dicodusport\/"}]}},"_links":{"self":[{"href":"https:\/\/dicodusport.fr\/blog\/wp-json\/wp\/v2\/posts\/3139","targetHints":{"allow":["GET"]}}],"collection":[{"href":"https:\/\/dicodusport.fr\/blog\/wp-json\/wp\/v2\/posts"}],"about":[{"href":"https:\/\/dicodusport.fr\/blog\/wp-json\/wp\/v2\/types\/post"}],"author":[{"embeddable":true,"href":"https:\/\/dicodusport.fr\/blog\/wp-json\/wp\/v2\/users\/1"}],"replies":[{"embeddable":true,"href":"https:\/\/dicodusport.fr\/blog\/wp-json\/wp\/v2\/comments?post=3139"}],"version-history":[{"count":0,"href":"https:\/\/dicodusport.fr\/blog\/wp-json\/wp\/v2\/posts\/3139\/revisions"}],"wp:featuredmedia":[{"embeddable":true,"href":"https:\/\/dicodusport.fr\/blog\/wp-json\/wp\/v2\/media\/3145"}],"wp:attachment":[{"href":"https:\/\/dicodusport.fr\/blog\/wp-json\/wp\/v2\/media?parent=3139"}],"wp:term":[{"taxonomy":"category","embeddable":true,"href":"https:\/\/dicodusport.fr\/blog\/wp-json\/wp\/v2\/categories?post=3139"},{"taxonomy":"post_tag","embeddable":true,"href":"https:\/\/dicodusport.fr\/blog\/wp-json\/wp\/v2\/tags?post=3139"}],"curies":[{"name":"wp","href":"https:\/\/api.w.org\/{rel}","templated":true}]}}