{"id":31509,"date":"2019-01-09T10:00:54","date_gmt":"2019-01-09T09:00:54","guid":{"rendered":"http:\/\/dicodusport.fr\/blog\/?p=31509"},"modified":"2019-01-09T10:48:26","modified_gmt":"2019-01-09T09:48:26","slug":"todibo-l-improbable-transfert","status":"publish","type":"post","link":"https:\/\/dicodusport.fr\/blog\/todibo-l-improbable-transfert\/","title":{"rendered":"Todibo, l&rsquo;improbable transfert"},"content":{"rendered":"<p style=\"text-align: justify;\"><strong><em>\u00c2g\u00e9 seulement de 19 ans, le jeune d\u00e9fenseur fran\u00e7ais de Toulouse Jean-Clair Todibo rejoindra l\u2019\u00e9t\u00e9 prochain le prestigieux club du FC Barcelone. Un transfert qui fait d\u00e9j\u00e0 beaucoup parler, quelques heures seulement apr\u00e8s son officialisation.<\/em> <\/strong><\/p>\n<p style=\"text-align: justify;\">Il n\u2019aura fallu que quelques jours pour que la rumeur devienne r\u00e9alit\u00e9. Hier, le jeune d\u00e9fenseur fran\u00e7ais de Toulouse, Jean-Clair Todibo, s\u2019est engag\u00e9 avec le club espagnol du FC Barcelone. Un transfert qui peut surprendre quand on sait que le jeune joueur ne poss\u00e8de que 10 matchs de Ligue 1 derri\u00e8re lui avec le TFC et qu\u2019il ne joue plus depuis plusieurs semaines maintenant, du fait de l\u2019incapacit\u00e9 du joueur et du club de trouver un accord sur la signature d\u2019un premier contrat professionnel.<\/p>\n<div id=\"attachment_31513\" style=\"width: 796px\" class=\"wp-caption aligncenter\"><img loading=\"lazy\" decoding=\"async\" aria-describedby=\"caption-attachment-31513\" class=\" wp-image-31513\" src=\"http:\/\/dicodusport.fr\/blog\/wp-content\/uploads\/2019\/01\/Apre\u0300s-seulement-10-rencontres-sous-le-maillot-Toulousain-Jean-Clair-Todibo-rejoint-le-FC-Barcelone-Goal.com_-1024x576.jpg\" alt=\"\" width=\"786\" height=\"442\" srcset=\"https:\/\/dicodusport.fr\/blog\/wp-content\/uploads\/2019\/01\/Apre\u0300s-seulement-10-rencontres-sous-le-maillot-Toulousain-Jean-Clair-Todibo-rejoint-le-FC-Barcelone-Goal.com_-1024x576.jpg 1024w, https:\/\/dicodusport.fr\/blog\/wp-content\/uploads\/2019\/01\/Apre\u0300s-seulement-10-rencontres-sous-le-maillot-Toulousain-Jean-Clair-Todibo-rejoint-le-FC-Barcelone-Goal.com_-300x169.jpg 300w, https:\/\/dicodusport.fr\/blog\/wp-content\/uploads\/2019\/01\/Apre\u0300s-seulement-10-rencontres-sous-le-maillot-Toulousain-Jean-Clair-Todibo-rejoint-le-FC-Barcelone-Goal.com_-768x432.jpg 768w, https:\/\/dicodusport.fr\/blog\/wp-content\/uploads\/2019\/01\/Apre\u0300s-seulement-10-rencontres-sous-le-maillot-Toulousain-Jean-Clair-Todibo-rejoint-le-FC-Barcelone-Goal.com_.jpg 1920w\" sizes=\"auto, (max-width: 786px) 100vw, 786px\" \/><p id=\"caption-attachment-31513\" class=\"wp-caption-text\">Apre\u0300s seulement 10 rencontres sous le maillot Toulousain, Jean-Clair Todibo rejoint le FC Barcelone &#8211; Goal.com<\/p><\/div>\n<p style=\"text-align: justify;\">Compar\u00e9 \u00e0 l\u2019international fran\u00e7ais et champion du monde Rapha\u00ebl Varane par l\u2019ensemble de la presse espagnole, Jean-Clair Todibo peut en effet s\u2019appuyer sur un physique impressionnant et une pointe de vitesse rare chez un d\u00e9fenseur central. Milieu d\u00e9fensif de formation, Jean-Clair Todibo pourrait ainsi \u00eatre utilis\u00e9 \u00e9galement \u00e0 ce poste par le club catalan, qui est \u00e0 la recherche d\u2019un milieu r\u00e9cup\u00e9rateur depuis plusieurs mois d\u00e9j\u00e0. Une polyvalence qui fut \u00e0 n\u2019en pas douter un \u00e9l\u00e9ment favorable pour l\u2019arriv\u00e9e pr\u00e9coce du jeune joueur tricolore en Espagne.<\/p>\n<p style=\"text-align: justify;\">Bien que peu exp\u00e9riment\u00e9 chez les professionnels avec seulement une dizaine de rencontres en Ligue 1 \u00e0 son actif, Jean-Clair Todibo n\u2019a pas tard\u00e9 \u00e0 frapper \u00e0 la porte de la s\u00e9lection des U20 et il \u00e9tait pr\u00e9sent en novembre pour le dernier rassemblement de la s\u00e9lection de Bernard Diom\u00e8de.<\/p>\n<p><span class=\"EheRTHGoKNv72MnbzVaiLdXBYtJk6CZrAUmxc8l13F\"><\/p>\n<blockquote class=\"twitter-tweet\" data-width=\"550\" data-dnt=\"true\">\n<p lang=\"und\" dir=\"ltr\"><a href=\"https:\/\/t.co\/GWBdhvnYKI\">pic.twitter.com\/GWBdhvnYKI<\/a><\/p>\n<p>&mdash; Jean-Clair Todibo (@jctodibo) <a href=\"https:\/\/twitter.com\/jctodibo\/status\/1082631656383614978?ref_src=twsrc%5Etfw\">January 8, 2019<\/a><\/p><\/blockquote>\n<p><script async src=\"https:\/\/platform.twitter.com\/widgets.js\" charset=\"utf-8\"><\/script><\/span><\/p>\n<p style=\"text-align: justify;\">Oui mais voil\u00e0, sa progression est actuellement \u00e0 l\u2019arr\u00eat depuis la 12<sup>\u00e8me<\/sup> journ\u00e9e de Ligue 1 et sa mise \u00e0 l\u2019\u00e9cart du groupe professionnel de Toulouse. Les dirigeants toulousains n\u2019ont que peu appr\u00e9ci\u00e9 le refus de leur joueur stagiaire de signer son premier contrat professionnel avec eux, malgr\u00e9 une proposition salariale rare pour un tel club. Malheureusement pour eux, le d\u00e9part libre de leur jeune joueur ne leur permettra pas de r\u00e9cup\u00e9rer la moindre indemnit\u00e9 de transfert.<\/p>\n<p style=\"text-align: justify;\"><strong><em>Bastien Pitte<br \/>\n<a href=\"https:\/\/www.facebook.com\/bastien.pitte\" target=\"_blank\" rel=\"noopener\"><img loading=\"lazy\" decoding=\"async\" class=\"alignnone wp-image-2909\" src=\"http:\/\/dicodusport.fr\/blog\/wp-content\/uploads\/2017\/07\/logo-facebook-150x150.png\" alt=\"\" width=\"39\" height=\"39\" \/><\/a><\/em><\/strong><a href=\"https:\/\/www.linkedin.com\/in\/bastien-pitte\" target=\"_blank\" rel=\"noopener\"><img loading=\"lazy\" decoding=\"async\" class=\"alignnone wp-image-3711\" src=\"http:\/\/dicodusport.fr\/blog\/wp-content\/uploads\/2017\/08\/signature-linkedin-150x150.png\" alt=\"\" width=\"39\" height=\"39\" srcset=\"https:\/\/dicodusport.fr\/blog\/wp-content\/uploads\/2017\/08\/signature-linkedin-150x150.png 150w, https:\/\/dicodusport.fr\/blog\/wp-content\/uploads\/2017\/08\/signature-linkedin.png 295w\" sizes=\"auto, (max-width: 39px) 100vw, 39px\" \/><\/a><\/p>\n","protected":false},"excerpt":{"rendered":"<p>Ag\u00e9 seulement de 19 ans, le jeune d\u00e9fenseur fran\u00e7ais de Toulouse Jean-Clair Todibo rejoindra l\u2019\u00e9t\u00e9 prochain le prestigieux club du FC Barcelone.<\/p>\n","protected":false},"author":28,"featured_media":31516,"comment_status":"open","ping_status":"closed","sticky":false,"template":"","format":"standard","meta":{"_acf_changed":false,"_daextam_enable_autolinks":"","footnotes":""},"categories":[2,2301],"tags":[4203,75,7039,463],"class_list":["post-31509","post","type-post","status-publish","format-standard","has-post-thumbnail","hentry","category-actualites","category-football","tag-fc-barcelone","tag-football","tag-tfc","tag-toulouse"],"acf":[],"yoast_head":"<!-- This site is optimized with the Yoast SEO Premium plugin v26.7 (Yoast SEO v26.7) - https:\/\/yoast.com\/wordpress\/plugins\/seo\/ -->\n<title>Todibo, l&#039;improbable transfert<\/title>\n<meta name=\"description\" content=\"Ag\u00e9 seulement de 19 ans, le jeune d\u00e9fenseur fran\u00e7ais de Toulouse Jean-Clair Todibo rejoindra l\u2019\u00e9t\u00e9 prochain le prestigieux club du FC Barcelone.\" \/>\n<meta name=\"robots\" content=\"index, follow, max-snippet:-1, max-image-preview:large, max-video-preview:-1\" \/>\n<link rel=\"canonical\" href=\"https:\/\/dicodusport.fr\/blog\/todibo-l-improbable-transfert\/\" \/>\n<meta property=\"og:locale\" content=\"fr_FR\" \/>\n<meta property=\"og:type\" content=\"article\" \/>\n<meta property=\"og:title\" content=\"Todibo, l&#039;improbable transfert\" \/>\n<meta property=\"og:description\" content=\"Ag\u00e9 seulement de 19 ans, le jeune d\u00e9fenseur fran\u00e7ais de Toulouse Jean-Clair Todibo rejoindra l\u2019\u00e9t\u00e9 prochain le prestigieux club du FC Barcelone.\" \/>\n<meta property=\"og:url\" content=\"https:\/\/dicodusport.fr\/blog\/todibo-l-improbable-transfert\/\" \/>\n<meta property=\"og:site_name\" content=\"Dicodusport\" \/>\n<meta property=\"article:publisher\" content=\"https:\/\/www.facebook.com\/dicodusport\" \/>\n<meta property=\"article:published_time\" content=\"2019-01-09T09:00:54+00:00\" \/>\n<meta property=\"article:modified_time\" content=\"2019-01-09T09:48:26+00:00\" \/>\n<meta property=\"og:image\" content=\"https:\/\/dicodusport.fr\/blog\/wp-content\/uploads\/2019\/01\/Todibo-Transfert-Barcelone.png\" \/>\n\t<meta property=\"og:image:width\" content=\"800\" \/>\n\t<meta property=\"og:image:height\" content=\"445\" \/>\n\t<meta property=\"og:image:type\" content=\"image\/png\" \/>\n<meta name=\"author\" content=\"Bastien Pitte\" \/>\n<meta name=\"twitter:card\" content=\"summary_large_image\" \/>\n<meta name=\"twitter:creator\" content=\"@dicodusport\" \/>\n<meta name=\"twitter:site\" content=\"@dicodusport\" \/>\n<script type=\"application\/ld+json\" class=\"yoast-schema-graph\">{\"@context\":\"https:\/\/schema.org\",\"@graph\":[{\"@type\":\"NewsArticle\",\"@id\":\"https:\/\/dicodusport.fr\/blog\/todibo-l-improbable-transfert\/#article\",\"isPartOf\":{\"@id\":\"https:\/\/dicodusport.fr\/blog\/todibo-l-improbable-transfert\/\"},\"author\":{\"name\":\"Bastien Pitte\",\"@id\":\"https:\/\/dicodusport.fr\/blog\/#\/schema\/person\/0d3ca824646a2d0c77bdd7e45230c071\"},\"headline\":\"Todibo, l&rsquo;improbable transfert\",\"datePublished\":\"2019-01-09T09:00:54+00:00\",\"dateModified\":\"2019-01-09T09:48:26+00:00\",\"mainEntityOfPage\":{\"@id\":\"https:\/\/dicodusport.fr\/blog\/todibo-l-improbable-transfert\/\"},\"wordCount\":401,\"commentCount\":0,\"publisher\":{\"@id\":\"https:\/\/dicodusport.fr\/blog\/#organization\"},\"image\":{\"@id\":\"https:\/\/dicodusport.fr\/blog\/todibo-l-improbable-transfert\/#primaryimage\"},\"thumbnailUrl\":\"https:\/\/dicodusport.fr\/blog\/wp-content\/uploads\/2019\/01\/Todibo-Transfert-Barcelone.png\",\"keywords\":[\"FC Barcelone\",\"Football\",\"TFC\",\"Toulouse\"],\"articleSection\":[\"Actualit\u00e9s\",\"Football\"],\"inLanguage\":\"fr-FR\",\"potentialAction\":[{\"@type\":\"CommentAction\",\"name\":\"Comment\",\"target\":[\"https:\/\/dicodusport.fr\/blog\/todibo-l-improbable-transfert\/#respond\"]}],\"copyrightYear\":\"2019\",\"copyrightHolder\":{\"@id\":\"https:\/\/dicodusport.fr\/blog\/#organization\"}},{\"@type\":\"WebPage\",\"@id\":\"https:\/\/dicodusport.fr\/blog\/todibo-l-improbable-transfert\/\",\"url\":\"https:\/\/dicodusport.fr\/blog\/todibo-l-improbable-transfert\/\",\"name\":\"Todibo, l'improbable transfert\",\"isPartOf\":{\"@id\":\"https:\/\/dicodusport.fr\/blog\/#website\"},\"primaryImageOfPage\":{\"@id\":\"https:\/\/dicodusport.fr\/blog\/todibo-l-improbable-transfert\/#primaryimage\"},\"image\":{\"@id\":\"https:\/\/dicodusport.fr\/blog\/todibo-l-improbable-transfert\/#primaryimage\"},\"thumbnailUrl\":\"https:\/\/dicodusport.fr\/blog\/wp-content\/uploads\/2019\/01\/Todibo-Transfert-Barcelone.png\",\"datePublished\":\"2019-01-09T09:00:54+00:00\",\"dateModified\":\"2019-01-09T09:48:26+00:00\",\"description\":\"Ag\u00e9 seulement de 19 ans, le jeune d\u00e9fenseur fran\u00e7ais de Toulouse Jean-Clair Todibo rejoindra l\u2019\u00e9t\u00e9 prochain le prestigieux club du FC Barcelone.\",\"breadcrumb\":{\"@id\":\"https:\/\/dicodusport.fr\/blog\/todibo-l-improbable-transfert\/#breadcrumb\"},\"inLanguage\":\"fr-FR\",\"potentialAction\":[{\"@type\":\"ReadAction\",\"target\":[\"https:\/\/dicodusport.fr\/blog\/todibo-l-improbable-transfert\/\"]}]},{\"@type\":\"ImageObject\",\"inLanguage\":\"fr-FR\",\"@id\":\"https:\/\/dicodusport.fr\/blog\/todibo-l-improbable-transfert\/#primaryimage\",\"url\":\"https:\/\/dicodusport.fr\/blog\/wp-content\/uploads\/2019\/01\/Todibo-Transfert-Barcelone.png\",\"contentUrl\":\"https:\/\/dicodusport.fr\/blog\/wp-content\/uploads\/2019\/01\/Todibo-Transfert-Barcelone.png\",\"width\":800,\"height\":445},{\"@type\":\"BreadcrumbList\",\"@id\":\"https:\/\/dicodusport.fr\/blog\/todibo-l-improbable-transfert\/#breadcrumb\",\"itemListElement\":[{\"@type\":\"ListItem\",\"position\":1,\"name\":\"Accueil\",\"item\":\"https:\/\/dicodusport.fr\/blog\/\"},{\"@type\":\"ListItem\",\"position\":2,\"name\":\"Todibo, l&rsquo;improbable transfert\"}]},{\"@type\":\"WebSite\",\"@id\":\"https:\/\/dicodusport.fr\/blog\/#website\",\"url\":\"https:\/\/dicodusport.fr\/blog\/\",\"name\":\"Dicodusport\",\"description\":\"L&#039;encyclop\u00e9die de l&#039;actualit\u00e9 sportive\",\"publisher\":{\"@id\":\"https:\/\/dicodusport.fr\/blog\/#organization\"},\"potentialAction\":[{\"@type\":\"SearchAction\",\"target\":{\"@type\":\"EntryPoint\",\"urlTemplate\":\"https:\/\/dicodusport.fr\/blog\/?s={search_term_string}\"},\"query-input\":{\"@type\":\"PropertyValueSpecification\",\"valueRequired\":true,\"valueName\":\"search_term_string\"}}],\"inLanguage\":\"fr-FR\"},{\"@type\":\"NewsMediaOrganization\",\"@id\":\"https:\/\/dicodusport.fr\/blog\/#organization\",\"name\":\"Dicodusport\",\"url\":\"https:\/\/dicodusport.fr\/blog\/\",\"logo\":{\"@type\":\"ImageObject\",\"inLanguage\":\"fr-FR\",\"@id\":\"https:\/\/dicodusport.fr\/blog\/#\/schema\/logo\/image\/\",\"url\":\"https:\/\/dicodusport.fr\/blog\/wp-content\/uploads\/2020\/06\/cropped-LOGO-DICODUSPORT-2020-SANS-FOND-SANS-TEXTE.png\",\"contentUrl\":\"https:\/\/dicodusport.fr\/blog\/wp-content\/uploads\/2020\/06\/cropped-LOGO-DICODUSPORT-2020-SANS-FOND-SANS-TEXTE.png\",\"width\":512,\"height\":512,\"caption\":\"Dicodusport\"},\"image\":{\"@id\":\"https:\/\/dicodusport.fr\/blog\/#\/schema\/logo\/image\/\"},\"sameAs\":[\"https:\/\/www.facebook.com\/dicodusport\",\"https:\/\/x.com\/dicodusport\",\"https:\/\/www.instagram.com\/dicodusport\/\",\"https:\/\/www.youtube.com\/channel\/UC7V2KZ5sd3htJivAbA4ZG3w\"],\"description\":\"Dicodusport est l'encyclop\u00e9die de l'actualit\u00e9 sportive.\",\"email\":\"bonjour@dicodusport.fr\",\"legalName\":\"DICODUSPORT\",\"foundingDate\":\"2018-01-14\",\"vatID\":\"FR71834470973\",\"taxID\":\"83447097300043\",\"numberOfEmployees\":{\"@type\":\"QuantitativeValue\",\"minValue\":\"1\",\"maxValue\":\"10\"}},{\"@type\":\"Person\",\"@id\":\"https:\/\/dicodusport.fr\/blog\/#\/schema\/person\/0d3ca824646a2d0c77bdd7e45230c071\",\"name\":\"Bastien Pitte\",\"image\":{\"@type\":\"ImageObject\",\"inLanguage\":\"fr-FR\",\"@id\":\"https:\/\/dicodusport.fr\/blog\/#\/schema\/person\/image\/\",\"url\":\"https:\/\/dicodusport.fr\/blog\/wp-content\/uploads\/2020\/06\/cropped-LOGO-DICODUSPORT-2020-SANS-FOND-SANS-TEXTE-150x150.png\",\"contentUrl\":\"https:\/\/dicodusport.fr\/blog\/wp-content\/uploads\/2020\/06\/cropped-LOGO-DICODUSPORT-2020-SANS-FOND-SANS-TEXTE-150x150.png\",\"caption\":\"Bastien Pitte\"},\"url\":\"https:\/\/dicodusport.fr\/blog\/author\/bastien\/\"}]}<\/script>\n<!-- \/ Yoast SEO Premium plugin. -->","yoast_head_json":{"title":"Todibo, l'improbable transfert","description":"Ag\u00e9 seulement de 19 ans, le jeune d\u00e9fenseur fran\u00e7ais de Toulouse Jean-Clair Todibo rejoindra l\u2019\u00e9t\u00e9 prochain le prestigieux club du FC Barcelone.","robots":{"index":"index","follow":"follow","max-snippet":"max-snippet:-1","max-image-preview":"max-image-preview:large","max-video-preview":"max-video-preview:-1"},"canonical":"https:\/\/dicodusport.fr\/blog\/todibo-l-improbable-transfert\/","og_locale":"fr_FR","og_type":"article","og_title":"Todibo, l'improbable transfert","og_description":"Ag\u00e9 seulement de 19 ans, le jeune d\u00e9fenseur fran\u00e7ais de Toulouse Jean-Clair Todibo rejoindra l\u2019\u00e9t\u00e9 prochain le prestigieux club du FC Barcelone.","og_url":"https:\/\/dicodusport.fr\/blog\/todibo-l-improbable-transfert\/","og_site_name":"Dicodusport","article_publisher":"https:\/\/www.facebook.com\/dicodusport","article_published_time":"2019-01-09T09:00:54+00:00","article_modified_time":"2019-01-09T09:48:26+00:00","og_image":[{"width":800,"height":445,"url":"https:\/\/dicodusport.fr\/blog\/wp-content\/uploads\/2019\/01\/Todibo-Transfert-Barcelone.png","type":"image\/png"}],"author":"Bastien Pitte","twitter_card":"summary_large_image","twitter_creator":"@dicodusport","twitter_site":"@dicodusport","schema":{"@context":"https:\/\/schema.org","@graph":[{"@type":"NewsArticle","@id":"https:\/\/dicodusport.fr\/blog\/todibo-l-improbable-transfert\/#article","isPartOf":{"@id":"https:\/\/dicodusport.fr\/blog\/todibo-l-improbable-transfert\/"},"author":{"name":"Bastien Pitte","@id":"https:\/\/dicodusport.fr\/blog\/#\/schema\/person\/0d3ca824646a2d0c77bdd7e45230c071"},"headline":"Todibo, l&rsquo;improbable transfert","datePublished":"2019-01-09T09:00:54+00:00","dateModified":"2019-01-09T09:48:26+00:00","mainEntityOfPage":{"@id":"https:\/\/dicodusport.fr\/blog\/todibo-l-improbable-transfert\/"},"wordCount":401,"commentCount":0,"publisher":{"@id":"https:\/\/dicodusport.fr\/blog\/#organization"},"image":{"@id":"https:\/\/dicodusport.fr\/blog\/todibo-l-improbable-transfert\/#primaryimage"},"thumbnailUrl":"https:\/\/dicodusport.fr\/blog\/wp-content\/uploads\/2019\/01\/Todibo-Transfert-Barcelone.png","keywords":["FC Barcelone","Football","TFC","Toulouse"],"articleSection":["Actualit\u00e9s","Football"],"inLanguage":"fr-FR","potentialAction":[{"@type":"CommentAction","name":"Comment","target":["https:\/\/dicodusport.fr\/blog\/todibo-l-improbable-transfert\/#respond"]}],"copyrightYear":"2019","copyrightHolder":{"@id":"https:\/\/dicodusport.fr\/blog\/#organization"}},{"@type":"WebPage","@id":"https:\/\/dicodusport.fr\/blog\/todibo-l-improbable-transfert\/","url":"https:\/\/dicodusport.fr\/blog\/todibo-l-improbable-transfert\/","name":"Todibo, l'improbable transfert","isPartOf":{"@id":"https:\/\/dicodusport.fr\/blog\/#website"},"primaryImageOfPage":{"@id":"https:\/\/dicodusport.fr\/blog\/todibo-l-improbable-transfert\/#primaryimage"},"image":{"@id":"https:\/\/dicodusport.fr\/blog\/todibo-l-improbable-transfert\/#primaryimage"},"thumbnailUrl":"https:\/\/dicodusport.fr\/blog\/wp-content\/uploads\/2019\/01\/Todibo-Transfert-Barcelone.png","datePublished":"2019-01-09T09:00:54+00:00","dateModified":"2019-01-09T09:48:26+00:00","description":"Ag\u00e9 seulement de 19 ans, le jeune d\u00e9fenseur fran\u00e7ais de Toulouse Jean-Clair Todibo rejoindra l\u2019\u00e9t\u00e9 prochain le prestigieux club du FC Barcelone.","breadcrumb":{"@id":"https:\/\/dicodusport.fr\/blog\/todibo-l-improbable-transfert\/#breadcrumb"},"inLanguage":"fr-FR","potentialAction":[{"@type":"ReadAction","target":["https:\/\/dicodusport.fr\/blog\/todibo-l-improbable-transfert\/"]}]},{"@type":"ImageObject","inLanguage":"fr-FR","@id":"https:\/\/dicodusport.fr\/blog\/todibo-l-improbable-transfert\/#primaryimage","url":"https:\/\/dicodusport.fr\/blog\/wp-content\/uploads\/2019\/01\/Todibo-Transfert-Barcelone.png","contentUrl":"https:\/\/dicodusport.fr\/blog\/wp-content\/uploads\/2019\/01\/Todibo-Transfert-Barcelone.png","width":800,"height":445},{"@type":"BreadcrumbList","@id":"https:\/\/dicodusport.fr\/blog\/todibo-l-improbable-transfert\/#breadcrumb","itemListElement":[{"@type":"ListItem","position":1,"name":"Accueil","item":"https:\/\/dicodusport.fr\/blog\/"},{"@type":"ListItem","position":2,"name":"Todibo, l&rsquo;improbable transfert"}]},{"@type":"WebSite","@id":"https:\/\/dicodusport.fr\/blog\/#website","url":"https:\/\/dicodusport.fr\/blog\/","name":"Dicodusport","description":"L&#039;encyclop\u00e9die de l&#039;actualit\u00e9 sportive","publisher":{"@id":"https:\/\/dicodusport.fr\/blog\/#organization"},"potentialAction":[{"@type":"SearchAction","target":{"@type":"EntryPoint","urlTemplate":"https:\/\/dicodusport.fr\/blog\/?s={search_term_string}"},"query-input":{"@type":"PropertyValueSpecification","valueRequired":true,"valueName":"search_term_string"}}],"inLanguage":"fr-FR"},{"@type":"NewsMediaOrganization","@id":"https:\/\/dicodusport.fr\/blog\/#organization","name":"Dicodusport","url":"https:\/\/dicodusport.fr\/blog\/","logo":{"@type":"ImageObject","inLanguage":"fr-FR","@id":"https:\/\/dicodusport.fr\/blog\/#\/schema\/logo\/image\/","url":"https:\/\/dicodusport.fr\/blog\/wp-content\/uploads\/2020\/06\/cropped-LOGO-DICODUSPORT-2020-SANS-FOND-SANS-TEXTE.png","contentUrl":"https:\/\/dicodusport.fr\/blog\/wp-content\/uploads\/2020\/06\/cropped-LOGO-DICODUSPORT-2020-SANS-FOND-SANS-TEXTE.png","width":512,"height":512,"caption":"Dicodusport"},"image":{"@id":"https:\/\/dicodusport.fr\/blog\/#\/schema\/logo\/image\/"},"sameAs":["https:\/\/www.facebook.com\/dicodusport","https:\/\/x.com\/dicodusport","https:\/\/www.instagram.com\/dicodusport\/","https:\/\/www.youtube.com\/channel\/UC7V2KZ5sd3htJivAbA4ZG3w"],"description":"Dicodusport est l'encyclop\u00e9die de l'actualit\u00e9 sportive.","email":"bonjour@dicodusport.fr","legalName":"DICODUSPORT","foundingDate":"2018-01-14","vatID":"FR71834470973","taxID":"83447097300043","numberOfEmployees":{"@type":"QuantitativeValue","minValue":"1","maxValue":"10"}},{"@type":"Person","@id":"https:\/\/dicodusport.fr\/blog\/#\/schema\/person\/0d3ca824646a2d0c77bdd7e45230c071","name":"Bastien Pitte","image":{"@type":"ImageObject","inLanguage":"fr-FR","@id":"https:\/\/dicodusport.fr\/blog\/#\/schema\/person\/image\/","url":"https:\/\/dicodusport.fr\/blog\/wp-content\/uploads\/2020\/06\/cropped-LOGO-DICODUSPORT-2020-SANS-FOND-SANS-TEXTE-150x150.png","contentUrl":"https:\/\/dicodusport.fr\/blog\/wp-content\/uploads\/2020\/06\/cropped-LOGO-DICODUSPORT-2020-SANS-FOND-SANS-TEXTE-150x150.png","caption":"Bastien Pitte"},"url":"https:\/\/dicodusport.fr\/blog\/author\/bastien\/"}]}},"_links":{"self":[{"href":"https:\/\/dicodusport.fr\/blog\/wp-json\/wp\/v2\/posts\/31509","targetHints":{"allow":["GET"]}}],"collection":[{"href":"https:\/\/dicodusport.fr\/blog\/wp-json\/wp\/v2\/posts"}],"about":[{"href":"https:\/\/dicodusport.fr\/blog\/wp-json\/wp\/v2\/types\/post"}],"author":[{"embeddable":true,"href":"https:\/\/dicodusport.fr\/blog\/wp-json\/wp\/v2\/users\/28"}],"replies":[{"embeddable":true,"href":"https:\/\/dicodusport.fr\/blog\/wp-json\/wp\/v2\/comments?post=31509"}],"version-history":[{"count":0,"href":"https:\/\/dicodusport.fr\/blog\/wp-json\/wp\/v2\/posts\/31509\/revisions"}],"wp:featuredmedia":[{"embeddable":true,"href":"https:\/\/dicodusport.fr\/blog\/wp-json\/wp\/v2\/media\/31516"}],"wp:attachment":[{"href":"https:\/\/dicodusport.fr\/blog\/wp-json\/wp\/v2\/media?parent=31509"}],"wp:term":[{"taxonomy":"category","embeddable":true,"href":"https:\/\/dicodusport.fr\/blog\/wp-json\/wp\/v2\/categories?post=31509"},{"taxonomy":"post_tag","embeddable":true,"href":"https:\/\/dicodusport.fr\/blog\/wp-json\/wp\/v2\/tags?post=31509"}],"curies":[{"name":"wp","href":"https:\/\/api.w.org\/{rel}","templated":true}]}}