{"id":31726,"date":"2019-01-13T20:07:47","date_gmt":"2019-01-13T19:07:47","guid":{"rendered":"http:\/\/dicodusport.fr\/blog\/?p=31726"},"modified":"2019-01-14T19:10:36","modified_gmt":"2019-01-14T18:10:36","slug":"ski-de-fond-sprint-l-incroyable-finale-des-francais-a-dresde","status":"publish","type":"post","link":"https:\/\/dicodusport.fr\/blog\/ski-de-fond-sprint-l-incroyable-finale-des-francais-a-dresde\/","title":{"rendered":"Ski de fond &#8211; Sprint : l&rsquo;incroyable finale des Fran\u00e7ais \u00e0 Dresde"},"content":{"rendered":"<p style=\"text-align: justify\"><em><strong>Lors de l&rsquo;\u00e9tape de Coupe du monde de sprint \u00e0 Dresde en Allemagne, les Fran\u00e7ais Lucas Chanavat et Richard Jouve faisaient figure de favoris avec l&rsquo;Italien Pellegrino.\u00a0<\/strong><\/em><\/p>\n<p style=\"text-align: justify\">En l&rsquo;absence des t\u00e9nors de la discipline, pr\u00e9sents sur la fin du Tour de ski, les Fran\u00e7ais avaient une belle carte \u00e0 jouer. Pas de Klaebo (Norv\u00e8ge) ni de Ustyugov (Russie) \u00e0 l&rsquo;horizon, la porte \u00e9tait grande ouverte pour obtenir un podium, voire mieux. On a eu droit \u00e0 un sc\u00e9nario de folie !<\/p>\n<p style=\"text-align: justify\">Pas moins de six Fran\u00e7ais sortaient des qualifications pour acc\u00e9der aux quarts de finale : Richard Jouve, Lucas Chanavat, Baptiste Gros, Renaud Jay, Cl\u00e9ment Arnault et Valentin Chauvin. Chanavat remportait son quart assez facilement, imit\u00e9 par Jay. Arnault passait au temps dans le m\u00eame quart que Jay. Chauvin terminait dernier de sa s\u00e9rie.<\/p>\n<p style=\"text-align: justify\">Mais la premi\u00e8re surprise venait du quart de finale de Jouve et Gros, dans lequel \u00e9tait pr\u00e9sent le favori Pellegrino. A l&rsquo;issue d&rsquo;une course tr\u00e8s disput\u00e9e, Richard Jouve s&rsquo;imposait devant l&rsquo;Italien et son compatriote Gros. Mais suite \u00e0 un accrochage entre ces deux derniers, l&rsquo;Italien \u00e9tait disqualifi\u00e9 et le natif d&rsquo;Annecy prenait donc sa place pour les demies.<\/p>\n<div id=\"attachment_31727\" style=\"width: 970px\" class=\"wp-caption aligncenter\"><img loading=\"lazy\" decoding=\"async\" aria-describedby=\"caption-attachment-31727\" class=\"size-full wp-image-31727\" src=\"http:\/\/dicodusport.fr\/blog\/wp-content\/uploads\/2019\/01\/ski-de-fond.jpg\" alt=\"\" width=\"960\" height=\"767\" srcset=\"https:\/\/dicodusport.fr\/blog\/wp-content\/uploads\/2019\/01\/ski-de-fond.jpg 960w, https:\/\/dicodusport.fr\/blog\/wp-content\/uploads\/2019\/01\/ski-de-fond-300x240.jpg 300w, https:\/\/dicodusport.fr\/blog\/wp-content\/uploads\/2019\/01\/ski-de-fond-768x614.jpg 768w\" sizes=\"auto, (max-width: 960px) 100vw, 960px\" \/><p id=\"caption-attachment-31727\" class=\"wp-caption-text\">Gros, Jouve et Chanavat apr\u00e8s la finale &#8211; Facebook Richard Jouve<\/p><\/div>\n<p style=\"text-align: justify\">Le Russe Retivykh faisait forte impression en remportant la premi\u00e8re demi-finale devant le Norv\u00e9gien Skar. Richard Jouve se classait troisi\u00e8me et Baptiste Gros quatri\u00e8me. Il fallait alors attendre la deuxi\u00e8me demie pour une \u00e9ventuelle qualification au temps.<\/p>\n<p style=\"text-align: justify\">Le jeune Norv\u00e9gien Valnes r\u00e9ussissait un petit exploit dans la deuxi\u00e8me demie en s&rsquo;imposant devant Lucas Chanavat. Renaud Jay finissait quatri\u00e8me et Cl\u00e9ment Arnault dernier. Cette deuxi\u00e8me course \u00e9tant plus lente que la premi\u00e8re, la sentence tombait : Jouve et Gros \u00e9taient qualifi\u00e9s en finale avec Lucas Chanavat.<\/p>\n<p style=\"text-align: justify\">Trois Fran\u00e7ais pour six finalistes, on s&rsquo;attendait alors \u00e0 un podium, en esp\u00e9rant mieux. Mais d\u00e8s la premi\u00e8re boucle, c&rsquo;\u00e9tait le drame. Jouve et Gros s&rsquo;accrochaient dans un virage et tombaient. Le temps de se relever, les quatre autres skieurs \u00e9taient d\u00e9j\u00e0 loin. A cinq cents m\u00e8tres de l&rsquo;arriv\u00e9e, le Haut-Savoyard Lucas Chanavat \u00e9tait toujours dans le coup pour la victoire, qui allait se jouer dans la derni\u00e8re bosse. Chanavat prenait de l&rsquo;\u00e9lan et d\u00e9passait ces deux pr\u00e9d\u00e9cesseurs &#8230; mais Skar sortait en t\u00eate de la c\u00f4te, suivi de Retivykh et de &#8230; Valnes !<\/p>\n<p style=\"text-align: justify\">Mais o\u00f9 \u00e9tait donc pass\u00e9 le Tricolore ? La r\u00e9ponse est simple, il venait de chuter dans la bosse. Le Norv\u00e9gien Skar battait le Russe Retivykh au sprint, Valnes les suivait \u00e0 dix m\u00e8tres. Les trois Fran\u00e7ais arriv\u00e8rent tr\u00e8s longtemps apr\u00e8s, avec Jouve devant Chanavat et Gros. Un cauchemar et une finale \u00e0 oublier pour le camp fran\u00e7ais.<\/p>\n<p><strong><em>Nicolas Parthonnaud<br \/>\n<a href=\"https:\/\/www.facebook.com\/nicolas.parthonnaud\" target=\"_blank\" rel=\"noopener\"><img loading=\"lazy\" decoding=\"async\" class=\"alignnone wp-image-2909\" src=\"http:\/\/dicodusport.fr\/blog\/wp-content\/uploads\/2017\/07\/logo-facebook-150x150.png\" alt=\"\" width=\"40\" height=\"40\" \/><\/a><\/em><\/strong><\/p>\n<p>&nbsp;<\/p>\n<p>&nbsp;<\/p>\n<p>&nbsp;<\/p>\n","protected":false},"excerpt":{"rendered":"<p>Lors de l&rsquo;\u00e9tape de Coupe du monde de sprint \u00e0 Dresde en Allemagne, les Fran\u00e7ais Lucas Chanavat et Richard Jouve faisaient figure de favoris avec l&rsquo;Italien Pellegrino. <\/p>\n","protected":false},"author":35,"featured_media":31739,"comment_status":"open","ping_status":"closed","sticky":false,"template":"","format":"standard","meta":{"_acf_changed":false,"_daextam_enable_autolinks":"","footnotes":""},"categories":[2,2313],"tags":[3779,3895,2819,982],"class_list":["post-31726","post","type-post","status-publish","format-standard","has-post-thumbnail","hentry","category-actualites","category-sports-dhiver","tag-lucas-chanavat","tag-richard-jouve","tag-ski-de-fond","tag-sprint"],"acf":[],"yoast_head":"<!-- This site is optimized with the Yoast SEO Premium plugin v26.7 (Yoast SEO v26.7) - https:\/\/yoast.com\/wordpress\/plugins\/seo\/ -->\n<title>Ski de fond - Sprint : l&#039;incroyable finale des Fran\u00e7ais \u00e0 Dresde<\/title>\n<meta name=\"description\" content=\"Lors de l&#039;\u00e9tape de Coupe du monde de sprint \u00e0 Dresde, les Fran\u00e7ais Lucas Chanavat et Richard Jouve faisaient figure de favoris avec l&#039;Italien Pellegrino.\" \/>\n<meta name=\"robots\" content=\"index, follow, max-snippet:-1, max-image-preview:large, max-video-preview:-1\" \/>\n<link rel=\"canonical\" href=\"https:\/\/dicodusport.fr\/blog\/ski-de-fond-sprint-l-incroyable-finale-des-francais-a-dresde\/\" \/>\n<meta property=\"og:locale\" content=\"fr_FR\" \/>\n<meta property=\"og:type\" content=\"article\" \/>\n<meta property=\"og:title\" content=\"Ski de fond - Sprint : l&#039;incroyable finale des Fran\u00e7ais \u00e0 Dresde\" \/>\n<meta property=\"og:description\" content=\"Lors de l&#039;\u00e9tape de Coupe du monde de sprint \u00e0 Dresde, les Fran\u00e7ais Lucas Chanavat et Richard Jouve faisaient figure de favoris avec l&#039;Italien Pellegrino.\" \/>\n<meta property=\"og:url\" content=\"https:\/\/dicodusport.fr\/blog\/ski-de-fond-sprint-l-incroyable-finale-des-francais-a-dresde\/\" \/>\n<meta property=\"og:site_name\" content=\"Dicodusport\" \/>\n<meta property=\"article:publisher\" content=\"https:\/\/www.facebook.com\/dicodusport\" \/>\n<meta property=\"article:published_time\" content=\"2019-01-13T19:07:47+00:00\" \/>\n<meta property=\"article:modified_time\" content=\"2019-01-14T18:10:36+00:00\" \/>\n<meta property=\"og:image\" content=\"https:\/\/dicodusport.fr\/blog\/wp-content\/uploads\/2019\/01\/Sprint-Dresde-Coupe-du-monde-ski-de-fond.png\" \/>\n\t<meta property=\"og:image:width\" content=\"800\" \/>\n\t<meta property=\"og:image:height\" content=\"445\" \/>\n\t<meta property=\"og:image:type\" content=\"image\/png\" \/>\n<meta name=\"author\" content=\"Nicolas Parthonnaud\" \/>\n<meta name=\"twitter:card\" content=\"summary_large_image\" \/>\n<meta name=\"twitter:creator\" content=\"@dicodusport\" \/>\n<meta name=\"twitter:site\" content=\"@dicodusport\" \/>\n<script type=\"application\/ld+json\" class=\"yoast-schema-graph\">{\"@context\":\"https:\/\/schema.org\",\"@graph\":[{\"@type\":\"NewsArticle\",\"@id\":\"https:\/\/dicodusport.fr\/blog\/ski-de-fond-sprint-l-incroyable-finale-des-francais-a-dresde\/#article\",\"isPartOf\":{\"@id\":\"https:\/\/dicodusport.fr\/blog\/ski-de-fond-sprint-l-incroyable-finale-des-francais-a-dresde\/\"},\"author\":{\"name\":\"Nicolas Parthonnaud\",\"@id\":\"https:\/\/dicodusport.fr\/blog\/#\/schema\/person\/0ef69dda0bdbe95be17ca1fb0301179a\"},\"headline\":\"Ski de fond &#8211; Sprint : l&rsquo;incroyable finale des Fran\u00e7ais \u00e0 Dresde\",\"datePublished\":\"2019-01-13T19:07:47+00:00\",\"dateModified\":\"2019-01-14T18:10:36+00:00\",\"mainEntityOfPage\":{\"@id\":\"https:\/\/dicodusport.fr\/blog\/ski-de-fond-sprint-l-incroyable-finale-des-francais-a-dresde\/\"},\"wordCount\":516,\"commentCount\":0,\"publisher\":{\"@id\":\"https:\/\/dicodusport.fr\/blog\/#organization\"},\"image\":{\"@id\":\"https:\/\/dicodusport.fr\/blog\/ski-de-fond-sprint-l-incroyable-finale-des-francais-a-dresde\/#primaryimage\"},\"thumbnailUrl\":\"https:\/\/dicodusport.fr\/blog\/wp-content\/uploads\/2019\/01\/Sprint-Dresde-Coupe-du-monde-ski-de-fond.png\",\"keywords\":[\"Lucas Chanavat\",\"Richard Jouve\",\"Ski de fond\",\"sprint\"],\"articleSection\":[\"Actualit\u00e9s\",\"Sports d'hiver\"],\"inLanguage\":\"fr-FR\",\"potentialAction\":[{\"@type\":\"CommentAction\",\"name\":\"Comment\",\"target\":[\"https:\/\/dicodusport.fr\/blog\/ski-de-fond-sprint-l-incroyable-finale-des-francais-a-dresde\/#respond\"]}],\"copyrightYear\":\"2019\",\"copyrightHolder\":{\"@id\":\"https:\/\/dicodusport.fr\/blog\/#organization\"}},{\"@type\":\"WebPage\",\"@id\":\"https:\/\/dicodusport.fr\/blog\/ski-de-fond-sprint-l-incroyable-finale-des-francais-a-dresde\/\",\"url\":\"https:\/\/dicodusport.fr\/blog\/ski-de-fond-sprint-l-incroyable-finale-des-francais-a-dresde\/\",\"name\":\"Ski de fond - Sprint : l'incroyable finale des Fran\u00e7ais \u00e0 Dresde\",\"isPartOf\":{\"@id\":\"https:\/\/dicodusport.fr\/blog\/#website\"},\"primaryImageOfPage\":{\"@id\":\"https:\/\/dicodusport.fr\/blog\/ski-de-fond-sprint-l-incroyable-finale-des-francais-a-dresde\/#primaryimage\"},\"image\":{\"@id\":\"https:\/\/dicodusport.fr\/blog\/ski-de-fond-sprint-l-incroyable-finale-des-francais-a-dresde\/#primaryimage\"},\"thumbnailUrl\":\"https:\/\/dicodusport.fr\/blog\/wp-content\/uploads\/2019\/01\/Sprint-Dresde-Coupe-du-monde-ski-de-fond.png\",\"datePublished\":\"2019-01-13T19:07:47+00:00\",\"dateModified\":\"2019-01-14T18:10:36+00:00\",\"description\":\"Lors de l'\u00e9tape de Coupe du monde de sprint \u00e0 Dresde, les Fran\u00e7ais Lucas Chanavat et Richard Jouve faisaient figure de favoris avec l'Italien Pellegrino.\",\"breadcrumb\":{\"@id\":\"https:\/\/dicodusport.fr\/blog\/ski-de-fond-sprint-l-incroyable-finale-des-francais-a-dresde\/#breadcrumb\"},\"inLanguage\":\"fr-FR\",\"potentialAction\":[{\"@type\":\"ReadAction\",\"target\":[\"https:\/\/dicodusport.fr\/blog\/ski-de-fond-sprint-l-incroyable-finale-des-francais-a-dresde\/\"]}]},{\"@type\":\"ImageObject\",\"inLanguage\":\"fr-FR\",\"@id\":\"https:\/\/dicodusport.fr\/blog\/ski-de-fond-sprint-l-incroyable-finale-des-francais-a-dresde\/#primaryimage\",\"url\":\"https:\/\/dicodusport.fr\/blog\/wp-content\/uploads\/2019\/01\/Sprint-Dresde-Coupe-du-monde-ski-de-fond.png\",\"contentUrl\":\"https:\/\/dicodusport.fr\/blog\/wp-content\/uploads\/2019\/01\/Sprint-Dresde-Coupe-du-monde-ski-de-fond.png\",\"width\":800,\"height\":445},{\"@type\":\"BreadcrumbList\",\"@id\":\"https:\/\/dicodusport.fr\/blog\/ski-de-fond-sprint-l-incroyable-finale-des-francais-a-dresde\/#breadcrumb\",\"itemListElement\":[{\"@type\":\"ListItem\",\"position\":1,\"name\":\"Accueil\",\"item\":\"https:\/\/dicodusport.fr\/blog\/\"},{\"@type\":\"ListItem\",\"position\":2,\"name\":\"Ski de fond &#8211; Sprint : l&rsquo;incroyable finale des Fran\u00e7ais \u00e0 Dresde\"}]},{\"@type\":\"WebSite\",\"@id\":\"https:\/\/dicodusport.fr\/blog\/#website\",\"url\":\"https:\/\/dicodusport.fr\/blog\/\",\"name\":\"Dicodusport\",\"description\":\"L&#039;encyclop\u00e9die de l&#039;actualit\u00e9 sportive\",\"publisher\":{\"@id\":\"https:\/\/dicodusport.fr\/blog\/#organization\"},\"potentialAction\":[{\"@type\":\"SearchAction\",\"target\":{\"@type\":\"EntryPoint\",\"urlTemplate\":\"https:\/\/dicodusport.fr\/blog\/?s={search_term_string}\"},\"query-input\":{\"@type\":\"PropertyValueSpecification\",\"valueRequired\":true,\"valueName\":\"search_term_string\"}}],\"inLanguage\":\"fr-FR\"},{\"@type\":\"NewsMediaOrganization\",\"@id\":\"https:\/\/dicodusport.fr\/blog\/#organization\",\"name\":\"Dicodusport\",\"url\":\"https:\/\/dicodusport.fr\/blog\/\",\"logo\":{\"@type\":\"ImageObject\",\"inLanguage\":\"fr-FR\",\"@id\":\"https:\/\/dicodusport.fr\/blog\/#\/schema\/logo\/image\/\",\"url\":\"https:\/\/dicodusport.fr\/blog\/wp-content\/uploads\/2020\/06\/cropped-LOGO-DICODUSPORT-2020-SANS-FOND-SANS-TEXTE.png\",\"contentUrl\":\"https:\/\/dicodusport.fr\/blog\/wp-content\/uploads\/2020\/06\/cropped-LOGO-DICODUSPORT-2020-SANS-FOND-SANS-TEXTE.png\",\"width\":512,\"height\":512,\"caption\":\"Dicodusport\"},\"image\":{\"@id\":\"https:\/\/dicodusport.fr\/blog\/#\/schema\/logo\/image\/\"},\"sameAs\":[\"https:\/\/www.facebook.com\/dicodusport\",\"https:\/\/x.com\/dicodusport\",\"https:\/\/www.instagram.com\/dicodusport\/\",\"https:\/\/www.youtube.com\/channel\/UC7V2KZ5sd3htJivAbA4ZG3w\"],\"description\":\"Dicodusport est l'encyclop\u00e9die de l'actualit\u00e9 sportive.\",\"email\":\"bonjour@dicodusport.fr\",\"legalName\":\"DICODUSPORT\",\"foundingDate\":\"2018-01-14\",\"vatID\":\"FR71834470973\",\"taxID\":\"83447097300043\",\"numberOfEmployees\":{\"@type\":\"QuantitativeValue\",\"minValue\":\"1\",\"maxValue\":\"10\"}},{\"@type\":\"Person\",\"@id\":\"https:\/\/dicodusport.fr\/blog\/#\/schema\/person\/0ef69dda0bdbe95be17ca1fb0301179a\",\"name\":\"Nicolas Parthonnaud\",\"image\":{\"@type\":\"ImageObject\",\"inLanguage\":\"fr-FR\",\"@id\":\"https:\/\/dicodusport.fr\/blog\/#\/schema\/person\/image\/\",\"url\":\"https:\/\/dicodusport.fr\/blog\/wp-content\/uploads\/2017\/01\/logo-dicodusport-sans-fond-150x150.png\",\"contentUrl\":\"https:\/\/dicodusport.fr\/blog\/wp-content\/uploads\/2017\/01\/logo-dicodusport-sans-fond-150x150.png\",\"caption\":\"Nicolas Parthonnaud\"},\"url\":\"https:\/\/dicodusport.fr\/blog\/author\/nicolas\/\"}]}<\/script>\n<!-- \/ Yoast SEO Premium plugin. -->","yoast_head_json":{"title":"Ski de fond - Sprint : l'incroyable finale des Fran\u00e7ais \u00e0 Dresde","description":"Lors de l'\u00e9tape de Coupe du monde de sprint \u00e0 Dresde, les Fran\u00e7ais Lucas Chanavat et Richard Jouve faisaient figure de favoris avec l'Italien Pellegrino.","robots":{"index":"index","follow":"follow","max-snippet":"max-snippet:-1","max-image-preview":"max-image-preview:large","max-video-preview":"max-video-preview:-1"},"canonical":"https:\/\/dicodusport.fr\/blog\/ski-de-fond-sprint-l-incroyable-finale-des-francais-a-dresde\/","og_locale":"fr_FR","og_type":"article","og_title":"Ski de fond - Sprint : l'incroyable finale des Fran\u00e7ais \u00e0 Dresde","og_description":"Lors de l'\u00e9tape de Coupe du monde de sprint \u00e0 Dresde, les Fran\u00e7ais Lucas Chanavat et Richard Jouve faisaient figure de favoris avec l'Italien Pellegrino.","og_url":"https:\/\/dicodusport.fr\/blog\/ski-de-fond-sprint-l-incroyable-finale-des-francais-a-dresde\/","og_site_name":"Dicodusport","article_publisher":"https:\/\/www.facebook.com\/dicodusport","article_published_time":"2019-01-13T19:07:47+00:00","article_modified_time":"2019-01-14T18:10:36+00:00","og_image":[{"width":800,"height":445,"url":"https:\/\/dicodusport.fr\/blog\/wp-content\/uploads\/2019\/01\/Sprint-Dresde-Coupe-du-monde-ski-de-fond.png","type":"image\/png"}],"author":"Nicolas Parthonnaud","twitter_card":"summary_large_image","twitter_creator":"@dicodusport","twitter_site":"@dicodusport","schema":{"@context":"https:\/\/schema.org","@graph":[{"@type":"NewsArticle","@id":"https:\/\/dicodusport.fr\/blog\/ski-de-fond-sprint-l-incroyable-finale-des-francais-a-dresde\/#article","isPartOf":{"@id":"https:\/\/dicodusport.fr\/blog\/ski-de-fond-sprint-l-incroyable-finale-des-francais-a-dresde\/"},"author":{"name":"Nicolas Parthonnaud","@id":"https:\/\/dicodusport.fr\/blog\/#\/schema\/person\/0ef69dda0bdbe95be17ca1fb0301179a"},"headline":"Ski de fond &#8211; Sprint : l&rsquo;incroyable finale des Fran\u00e7ais \u00e0 Dresde","datePublished":"2019-01-13T19:07:47+00:00","dateModified":"2019-01-14T18:10:36+00:00","mainEntityOfPage":{"@id":"https:\/\/dicodusport.fr\/blog\/ski-de-fond-sprint-l-incroyable-finale-des-francais-a-dresde\/"},"wordCount":516,"commentCount":0,"publisher":{"@id":"https:\/\/dicodusport.fr\/blog\/#organization"},"image":{"@id":"https:\/\/dicodusport.fr\/blog\/ski-de-fond-sprint-l-incroyable-finale-des-francais-a-dresde\/#primaryimage"},"thumbnailUrl":"https:\/\/dicodusport.fr\/blog\/wp-content\/uploads\/2019\/01\/Sprint-Dresde-Coupe-du-monde-ski-de-fond.png","keywords":["Lucas Chanavat","Richard Jouve","Ski de fond","sprint"],"articleSection":["Actualit\u00e9s","Sports d'hiver"],"inLanguage":"fr-FR","potentialAction":[{"@type":"CommentAction","name":"Comment","target":["https:\/\/dicodusport.fr\/blog\/ski-de-fond-sprint-l-incroyable-finale-des-francais-a-dresde\/#respond"]}],"copyrightYear":"2019","copyrightHolder":{"@id":"https:\/\/dicodusport.fr\/blog\/#organization"}},{"@type":"WebPage","@id":"https:\/\/dicodusport.fr\/blog\/ski-de-fond-sprint-l-incroyable-finale-des-francais-a-dresde\/","url":"https:\/\/dicodusport.fr\/blog\/ski-de-fond-sprint-l-incroyable-finale-des-francais-a-dresde\/","name":"Ski de fond - Sprint : l'incroyable finale des Fran\u00e7ais \u00e0 Dresde","isPartOf":{"@id":"https:\/\/dicodusport.fr\/blog\/#website"},"primaryImageOfPage":{"@id":"https:\/\/dicodusport.fr\/blog\/ski-de-fond-sprint-l-incroyable-finale-des-francais-a-dresde\/#primaryimage"},"image":{"@id":"https:\/\/dicodusport.fr\/blog\/ski-de-fond-sprint-l-incroyable-finale-des-francais-a-dresde\/#primaryimage"},"thumbnailUrl":"https:\/\/dicodusport.fr\/blog\/wp-content\/uploads\/2019\/01\/Sprint-Dresde-Coupe-du-monde-ski-de-fond.png","datePublished":"2019-01-13T19:07:47+00:00","dateModified":"2019-01-14T18:10:36+00:00","description":"Lors de l'\u00e9tape de Coupe du monde de sprint \u00e0 Dresde, les Fran\u00e7ais Lucas Chanavat et Richard Jouve faisaient figure de favoris avec l'Italien Pellegrino.","breadcrumb":{"@id":"https:\/\/dicodusport.fr\/blog\/ski-de-fond-sprint-l-incroyable-finale-des-francais-a-dresde\/#breadcrumb"},"inLanguage":"fr-FR","potentialAction":[{"@type":"ReadAction","target":["https:\/\/dicodusport.fr\/blog\/ski-de-fond-sprint-l-incroyable-finale-des-francais-a-dresde\/"]}]},{"@type":"ImageObject","inLanguage":"fr-FR","@id":"https:\/\/dicodusport.fr\/blog\/ski-de-fond-sprint-l-incroyable-finale-des-francais-a-dresde\/#primaryimage","url":"https:\/\/dicodusport.fr\/blog\/wp-content\/uploads\/2019\/01\/Sprint-Dresde-Coupe-du-monde-ski-de-fond.png","contentUrl":"https:\/\/dicodusport.fr\/blog\/wp-content\/uploads\/2019\/01\/Sprint-Dresde-Coupe-du-monde-ski-de-fond.png","width":800,"height":445},{"@type":"BreadcrumbList","@id":"https:\/\/dicodusport.fr\/blog\/ski-de-fond-sprint-l-incroyable-finale-des-francais-a-dresde\/#breadcrumb","itemListElement":[{"@type":"ListItem","position":1,"name":"Accueil","item":"https:\/\/dicodusport.fr\/blog\/"},{"@type":"ListItem","position":2,"name":"Ski de fond &#8211; Sprint : l&rsquo;incroyable finale des Fran\u00e7ais \u00e0 Dresde"}]},{"@type":"WebSite","@id":"https:\/\/dicodusport.fr\/blog\/#website","url":"https:\/\/dicodusport.fr\/blog\/","name":"Dicodusport","description":"L&#039;encyclop\u00e9die de l&#039;actualit\u00e9 sportive","publisher":{"@id":"https:\/\/dicodusport.fr\/blog\/#organization"},"potentialAction":[{"@type":"SearchAction","target":{"@type":"EntryPoint","urlTemplate":"https:\/\/dicodusport.fr\/blog\/?s={search_term_string}"},"query-input":{"@type":"PropertyValueSpecification","valueRequired":true,"valueName":"search_term_string"}}],"inLanguage":"fr-FR"},{"@type":"NewsMediaOrganization","@id":"https:\/\/dicodusport.fr\/blog\/#organization","name":"Dicodusport","url":"https:\/\/dicodusport.fr\/blog\/","logo":{"@type":"ImageObject","inLanguage":"fr-FR","@id":"https:\/\/dicodusport.fr\/blog\/#\/schema\/logo\/image\/","url":"https:\/\/dicodusport.fr\/blog\/wp-content\/uploads\/2020\/06\/cropped-LOGO-DICODUSPORT-2020-SANS-FOND-SANS-TEXTE.png","contentUrl":"https:\/\/dicodusport.fr\/blog\/wp-content\/uploads\/2020\/06\/cropped-LOGO-DICODUSPORT-2020-SANS-FOND-SANS-TEXTE.png","width":512,"height":512,"caption":"Dicodusport"},"image":{"@id":"https:\/\/dicodusport.fr\/blog\/#\/schema\/logo\/image\/"},"sameAs":["https:\/\/www.facebook.com\/dicodusport","https:\/\/x.com\/dicodusport","https:\/\/www.instagram.com\/dicodusport\/","https:\/\/www.youtube.com\/channel\/UC7V2KZ5sd3htJivAbA4ZG3w"],"description":"Dicodusport est l'encyclop\u00e9die de l'actualit\u00e9 sportive.","email":"bonjour@dicodusport.fr","legalName":"DICODUSPORT","foundingDate":"2018-01-14","vatID":"FR71834470973","taxID":"83447097300043","numberOfEmployees":{"@type":"QuantitativeValue","minValue":"1","maxValue":"10"}},{"@type":"Person","@id":"https:\/\/dicodusport.fr\/blog\/#\/schema\/person\/0ef69dda0bdbe95be17ca1fb0301179a","name":"Nicolas Parthonnaud","image":{"@type":"ImageObject","inLanguage":"fr-FR","@id":"https:\/\/dicodusport.fr\/blog\/#\/schema\/person\/image\/","url":"https:\/\/dicodusport.fr\/blog\/wp-content\/uploads\/2017\/01\/logo-dicodusport-sans-fond-150x150.png","contentUrl":"https:\/\/dicodusport.fr\/blog\/wp-content\/uploads\/2017\/01\/logo-dicodusport-sans-fond-150x150.png","caption":"Nicolas Parthonnaud"},"url":"https:\/\/dicodusport.fr\/blog\/author\/nicolas\/"}]}},"_links":{"self":[{"href":"https:\/\/dicodusport.fr\/blog\/wp-json\/wp\/v2\/posts\/31726","targetHints":{"allow":["GET"]}}],"collection":[{"href":"https:\/\/dicodusport.fr\/blog\/wp-json\/wp\/v2\/posts"}],"about":[{"href":"https:\/\/dicodusport.fr\/blog\/wp-json\/wp\/v2\/types\/post"}],"author":[{"embeddable":true,"href":"https:\/\/dicodusport.fr\/blog\/wp-json\/wp\/v2\/users\/35"}],"replies":[{"embeddable":true,"href":"https:\/\/dicodusport.fr\/blog\/wp-json\/wp\/v2\/comments?post=31726"}],"version-history":[{"count":0,"href":"https:\/\/dicodusport.fr\/blog\/wp-json\/wp\/v2\/posts\/31726\/revisions"}],"wp:featuredmedia":[{"embeddable":true,"href":"https:\/\/dicodusport.fr\/blog\/wp-json\/wp\/v2\/media\/31739"}],"wp:attachment":[{"href":"https:\/\/dicodusport.fr\/blog\/wp-json\/wp\/v2\/media?parent=31726"}],"wp:term":[{"taxonomy":"category","embeddable":true,"href":"https:\/\/dicodusport.fr\/blog\/wp-json\/wp\/v2\/categories?post=31726"},{"taxonomy":"post_tag","embeddable":true,"href":"https:\/\/dicodusport.fr\/blog\/wp-json\/wp\/v2\/tags?post=31726"}],"curies":[{"name":"wp","href":"https:\/\/api.w.org\/{rel}","templated":true}]}}