{"id":31832,"date":"2019-01-15T17:28:30","date_gmt":"2019-01-15T16:28:30","guid":{"rendered":"http:\/\/dicodusport.fr\/blog\/?p=31832"},"modified":"2019-01-15T17:41:35","modified_gmt":"2019-01-15T16:41:35","slug":"cyclisme-qui-sont-les-coureurs-les-mieux-payes-du-peloton","status":"publish","type":"post","link":"https:\/\/dicodusport.fr\/blog\/cyclisme-qui-sont-les-coureurs-les-mieux-payes-du-peloton\/","title":{"rendered":"Cyclisme : qui sont les coureurs les mieux pay\u00e9s du peloton ?"},"content":{"rendered":"<p style=\"text-align: justify;\"><strong><em>Si les salaires fuitent r\u00e9guli\u00e8rement dans le football, c&rsquo;est beaucoup moins le cas dans le milieu du cyclisme. On fait le point sur les derni\u00e8res donn\u00e9es concernant les coureurs les mieux pay\u00e9s.<\/em><\/strong><\/p>\n<p style=\"text-align: justify;\">En haut du classement, on retrouve sans surprise <strong>Peter Sagan<\/strong>. Le Slovaque de la Bora-Hansgrohe, triple champion du monde (2015, 2016 et 2017) per\u00e7oit ainsi un salaire annuel de 6 millions d&rsquo;euros. Il est suivi, l\u00e0 aussi presque sans surprise, par un coureur du Team Sky en la personne de <strong>Christopher Froome<\/strong>, quadruple vainqueur du Tour de France, qui re\u00e7oit quant \u00e0 lui une r\u00e9mun\u00e9ration \u00e0 auteur de 5,1 millions d&rsquo;euros par an. Sur la troisi\u00e8me marche du podium, on retrouve l&rsquo;Italien de la Bahrain-Merida <strong>Vincenzo Nibali<\/strong> ; le Requin de Messine touche un salaire annuel de 4 millions d&rsquo;euros.<\/p>\n<p style=\"text-align: justify;\">Le Transalpin devance le dernier vainqueur du Tour de France, <strong>Geraint Thomas<\/strong>. Le Britannique, co\u00e9quipier de Chris Froome chez la Sky, a vu son salaire revaloris\u00e9 \u00e0 3,9 millions d&rsquo;euros par an. Derri\u00e8re, on retrouve notamment un trio compos\u00e9 du champion du monde en titre, l&rsquo;Espagnol <strong>Alejandro Valverde<\/strong>, ainsi que son co\u00e9quipier chez Movistar <strong>Nairo Quintana<\/strong> et <strong>Mark Cavendish<\/strong> (Dimension Data), avec une r\u00e9mun\u00e9ration annuelle autour de 2 millions d&rsquo;euros.<\/p>\n<h1 style=\"text-align: justify;\">Trois Fran\u00e7ais au-dessus de million d&rsquo;euros annuel<\/h1>\n<p style=\"text-align: justify;\">Si les coureurs tricolores ne font pas partie du top 5 mondial en termes de r\u00e9mun\u00e9ration, ils sont trois \u00e0 n\u00e9anmoins d\u00e9passer le million. En t\u00eate, le sprinteur de la Cofidis <strong>Nacer Bouhanni<\/strong> toucherait un salaire annuel de 1,35 millions d&rsquo;euros par an. Juste derri\u00e8re lui, les deux meilleurs grimpeurs fran\u00e7ais, <strong>Romain Bardet<\/strong> et <strong>Thibaut Pinot<\/strong>. Le leader d&rsquo;AG2R La Mondiale, sur le podium du Tour en 2016 et 2017 et celui de la Groupama-FDJ, vainqueur du Tour de Lombardie en octobre, ont un salaire fixe qui s&rsquo;\u00e9l\u00e8ve \u00e0 un peu plus d&rsquo;un million d&rsquo;euros par an. Concernant Julian Alaphilippe, nouvelle coqueluche du cyclisme fran\u00e7ais avec 12 victoires au compteur en 2018, aucune donn\u00e9e n&rsquo;est disponible \u00e0 ce jour.<\/p>\n<p style=\"text-align: justify;\">A noter que les montants indiqu\u00e9s ne tiennent pas compte des diff\u00e9rentes primes per\u00e7ues au cours d&rsquo;une saison.<\/p>\n<p style=\"text-align: justify;\">Source : l\u2019\u00c9quipe, France Info, SportUne, Votre Salaire<\/p>\n<p><strong><em>Flo Ostermann<br \/>\n<a href=\"https:\/\/www.facebook.com\/florent.ostermann\"><img loading=\"lazy\" decoding=\"async\" class=\"alignnone wp-image-2909\" src=\"http:\/\/dicodusport.fr\/blog\/wp-content\/uploads\/2017\/07\/logo-facebook-150x150.png\" sizes=\"auto, (max-width: 40px) 100vw, 40px\" srcset=\"https:\/\/dicodusport.fr\/blog\/wp-content\/uploads\/2017\/07\/logo-facebook-150x150.png 150w, https:\/\/dicodusport.fr\/blog\/wp-content\/uploads\/2017\/07\/logo-facebook-300x300.png 300w, https:\/\/dicodusport.fr\/blog\/wp-content\/uploads\/2017\/07\/logo-facebook.png 400w\" alt=\"\" width=\"40\" height=\"40\" \/><\/a><a href=\"https:\/\/twitter.com\/SportInsideMag\"><img loading=\"lazy\" decoding=\"async\" class=\"alignnone wp-image-2908\" src=\"http:\/\/dicodusport.fr\/blog\/wp-content\/uploads\/2017\/07\/logo-twitter-150x150.png\" alt=\"\" width=\"39\" height=\"39\" \/><\/a><\/em><\/strong><\/p>\n","protected":false},"excerpt":{"rendered":"<p>Si les salaires fuitent r\u00e9guli\u00e8rement dans le football, c&rsquo;est beaucoup moins le cas dans le milieu du cyclisme. On fait le point sur les derni\u00e8res donn\u00e9es concernant les coureurs les mieux pay\u00e9s.<\/p>\n","protected":false},"author":4,"featured_media":31833,"comment_status":"open","ping_status":"closed","sticky":false,"template":"","format":"standard","meta":{"_acf_changed":false,"_daextam_enable_autolinks":"","footnotes":""},"categories":[2,2307],"tags":[574,7072],"class_list":["post-31832","post","type-post","status-publish","format-standard","has-post-thumbnail","hentry","category-actualites","category-cyclisme","tag-cyclisme","tag-salaires-cyclisme"],"acf":[],"yoast_head":"<!-- This site is optimized with the Yoast SEO Premium plugin v26.7 (Yoast SEO v26.7) - https:\/\/yoast.com\/wordpress\/plugins\/seo\/ -->\n<title>Cyclisme : qui sont les coureurs les mieux pay\u00e9s du peloton ?<\/title>\n<meta name=\"description\" content=\"Peter Sagan ou Chris Froome ? Quels salaires pour les coureurs fran\u00e7ais ? On fait le point sur les derni\u00e8res donn\u00e9es dans le peloton professionnel.\" \/>\n<meta name=\"robots\" content=\"index, follow, max-snippet:-1, max-image-preview:large, max-video-preview:-1\" \/>\n<link rel=\"canonical\" href=\"https:\/\/dicodusport.fr\/blog\/cyclisme-qui-sont-les-coureurs-les-mieux-payes-du-peloton\/\" \/>\n<meta property=\"og:locale\" content=\"fr_FR\" \/>\n<meta property=\"og:type\" content=\"article\" \/>\n<meta property=\"og:title\" content=\"Cyclisme : qui sont les coureurs les mieux pay\u00e9s du peloton ?\" \/>\n<meta property=\"og:description\" content=\"Peter Sagan ou Chris Froome ? Quels salaires pour les coureurs fran\u00e7ais ? On fait le point sur les derni\u00e8res donn\u00e9es dans le peloton professionnel.\" \/>\n<meta property=\"og:url\" content=\"https:\/\/dicodusport.fr\/blog\/cyclisme-qui-sont-les-coureurs-les-mieux-payes-du-peloton\/\" \/>\n<meta property=\"og:site_name\" content=\"Dicodusport\" \/>\n<meta property=\"article:publisher\" content=\"https:\/\/www.facebook.com\/dicodusport\" \/>\n<meta property=\"article:author\" content=\"https:\/\/www.facebook.com\/florent.ostermann\" \/>\n<meta property=\"article:published_time\" content=\"2019-01-15T16:28:30+00:00\" \/>\n<meta property=\"article:modified_time\" content=\"2019-01-15T16:41:35+00:00\" \/>\n<meta property=\"og:image\" content=\"https:\/\/dicodusport.fr\/blog\/wp-content\/uploads\/2019\/01\/Salaires-Cyclisme-Sagan-Froome-Bardet.png\" \/>\n\t<meta property=\"og:image:width\" content=\"800\" \/>\n\t<meta property=\"og:image:height\" content=\"445\" \/>\n\t<meta property=\"og:image:type\" content=\"image\/png\" \/>\n<meta name=\"author\" content=\"Flo Ostermann\" \/>\n<meta name=\"twitter:card\" content=\"summary_large_image\" \/>\n<meta name=\"twitter:creator\" content=\"@https:\/\/twitter.com\/FlOstermann\" \/>\n<meta name=\"twitter:site\" content=\"@dicodusport\" \/>\n<script type=\"application\/ld+json\" class=\"yoast-schema-graph\">{\"@context\":\"https:\/\/schema.org\",\"@graph\":[{\"@type\":\"NewsArticle\",\"@id\":\"https:\/\/dicodusport.fr\/blog\/cyclisme-qui-sont-les-coureurs-les-mieux-payes-du-peloton\/#article\",\"isPartOf\":{\"@id\":\"https:\/\/dicodusport.fr\/blog\/cyclisme-qui-sont-les-coureurs-les-mieux-payes-du-peloton\/\"},\"author\":{\"name\":\"Flo Ostermann\",\"@id\":\"https:\/\/dicodusport.fr\/blog\/#\/schema\/person\/cb02af4c173ce4a653b55e9baf388d4a\"},\"headline\":\"Cyclisme : qui sont les coureurs les mieux pay\u00e9s du peloton ?\",\"datePublished\":\"2019-01-15T16:28:30+00:00\",\"dateModified\":\"2019-01-15T16:41:35+00:00\",\"mainEntityOfPage\":{\"@id\":\"https:\/\/dicodusport.fr\/blog\/cyclisme-qui-sont-les-coureurs-les-mieux-payes-du-peloton\/\"},\"wordCount\":392,\"commentCount\":2,\"publisher\":{\"@id\":\"https:\/\/dicodusport.fr\/blog\/#organization\"},\"image\":{\"@id\":\"https:\/\/dicodusport.fr\/blog\/cyclisme-qui-sont-les-coureurs-les-mieux-payes-du-peloton\/#primaryimage\"},\"thumbnailUrl\":\"https:\/\/dicodusport.fr\/blog\/wp-content\/uploads\/2019\/01\/Salaires-Cyclisme-Sagan-Froome-Bardet.png\",\"keywords\":[\"Cyclisme\",\"Salaires Cyclisme\"],\"articleSection\":[\"Actualit\u00e9s\",\"Cyclisme\"],\"inLanguage\":\"fr-FR\",\"potentialAction\":[{\"@type\":\"CommentAction\",\"name\":\"Comment\",\"target\":[\"https:\/\/dicodusport.fr\/blog\/cyclisme-qui-sont-les-coureurs-les-mieux-payes-du-peloton\/#respond\"]}],\"copyrightYear\":\"2019\",\"copyrightHolder\":{\"@id\":\"https:\/\/dicodusport.fr\/blog\/#organization\"}},{\"@type\":\"WebPage\",\"@id\":\"https:\/\/dicodusport.fr\/blog\/cyclisme-qui-sont-les-coureurs-les-mieux-payes-du-peloton\/\",\"url\":\"https:\/\/dicodusport.fr\/blog\/cyclisme-qui-sont-les-coureurs-les-mieux-payes-du-peloton\/\",\"name\":\"Cyclisme : qui sont les coureurs les mieux pay\u00e9s du peloton ?\",\"isPartOf\":{\"@id\":\"https:\/\/dicodusport.fr\/blog\/#website\"},\"primaryImageOfPage\":{\"@id\":\"https:\/\/dicodusport.fr\/blog\/cyclisme-qui-sont-les-coureurs-les-mieux-payes-du-peloton\/#primaryimage\"},\"image\":{\"@id\":\"https:\/\/dicodusport.fr\/blog\/cyclisme-qui-sont-les-coureurs-les-mieux-payes-du-peloton\/#primaryimage\"},\"thumbnailUrl\":\"https:\/\/dicodusport.fr\/blog\/wp-content\/uploads\/2019\/01\/Salaires-Cyclisme-Sagan-Froome-Bardet.png\",\"datePublished\":\"2019-01-15T16:28:30+00:00\",\"dateModified\":\"2019-01-15T16:41:35+00:00\",\"description\":\"Peter Sagan ou Chris Froome ? Quels salaires pour les coureurs fran\u00e7ais ? On fait le point sur les derni\u00e8res donn\u00e9es dans le peloton professionnel.\",\"breadcrumb\":{\"@id\":\"https:\/\/dicodusport.fr\/blog\/cyclisme-qui-sont-les-coureurs-les-mieux-payes-du-peloton\/#breadcrumb\"},\"inLanguage\":\"fr-FR\",\"potentialAction\":[{\"@type\":\"ReadAction\",\"target\":[\"https:\/\/dicodusport.fr\/blog\/cyclisme-qui-sont-les-coureurs-les-mieux-payes-du-peloton\/\"]}]},{\"@type\":\"ImageObject\",\"inLanguage\":\"fr-FR\",\"@id\":\"https:\/\/dicodusport.fr\/blog\/cyclisme-qui-sont-les-coureurs-les-mieux-payes-du-peloton\/#primaryimage\",\"url\":\"https:\/\/dicodusport.fr\/blog\/wp-content\/uploads\/2019\/01\/Salaires-Cyclisme-Sagan-Froome-Bardet.png\",\"contentUrl\":\"https:\/\/dicodusport.fr\/blog\/wp-content\/uploads\/2019\/01\/Salaires-Cyclisme-Sagan-Froome-Bardet.png\",\"width\":800,\"height\":445},{\"@type\":\"BreadcrumbList\",\"@id\":\"https:\/\/dicodusport.fr\/blog\/cyclisme-qui-sont-les-coureurs-les-mieux-payes-du-peloton\/#breadcrumb\",\"itemListElement\":[{\"@type\":\"ListItem\",\"position\":1,\"name\":\"Accueil\",\"item\":\"https:\/\/dicodusport.fr\/blog\/\"},{\"@type\":\"ListItem\",\"position\":2,\"name\":\"Cyclisme : qui sont les coureurs les mieux pay\u00e9s du peloton ?\"}]},{\"@type\":\"WebSite\",\"@id\":\"https:\/\/dicodusport.fr\/blog\/#website\",\"url\":\"https:\/\/dicodusport.fr\/blog\/\",\"name\":\"Dicodusport\",\"description\":\"L&#039;encyclop\u00e9die de l&#039;actualit\u00e9 sportive\",\"publisher\":{\"@id\":\"https:\/\/dicodusport.fr\/blog\/#organization\"},\"potentialAction\":[{\"@type\":\"SearchAction\",\"target\":{\"@type\":\"EntryPoint\",\"urlTemplate\":\"https:\/\/dicodusport.fr\/blog\/?s={search_term_string}\"},\"query-input\":{\"@type\":\"PropertyValueSpecification\",\"valueRequired\":true,\"valueName\":\"search_term_string\"}}],\"inLanguage\":\"fr-FR\"},{\"@type\":\"NewsMediaOrganization\",\"@id\":\"https:\/\/dicodusport.fr\/blog\/#organization\",\"name\":\"Dicodusport\",\"url\":\"https:\/\/dicodusport.fr\/blog\/\",\"logo\":{\"@type\":\"ImageObject\",\"inLanguage\":\"fr-FR\",\"@id\":\"https:\/\/dicodusport.fr\/blog\/#\/schema\/logo\/image\/\",\"url\":\"https:\/\/dicodusport.fr\/blog\/wp-content\/uploads\/2020\/06\/cropped-LOGO-DICODUSPORT-2020-SANS-FOND-SANS-TEXTE.png\",\"contentUrl\":\"https:\/\/dicodusport.fr\/blog\/wp-content\/uploads\/2020\/06\/cropped-LOGO-DICODUSPORT-2020-SANS-FOND-SANS-TEXTE.png\",\"width\":512,\"height\":512,\"caption\":\"Dicodusport\"},\"image\":{\"@id\":\"https:\/\/dicodusport.fr\/blog\/#\/schema\/logo\/image\/\"},\"sameAs\":[\"https:\/\/www.facebook.com\/dicodusport\",\"https:\/\/x.com\/dicodusport\",\"https:\/\/www.instagram.com\/dicodusport\/\",\"https:\/\/www.youtube.com\/channel\/UC7V2KZ5sd3htJivAbA4ZG3w\"],\"description\":\"Dicodusport est l'encyclop\u00e9die de l'actualit\u00e9 sportive.\",\"email\":\"bonjour@dicodusport.fr\",\"legalName\":\"DICODUSPORT\",\"foundingDate\":\"2018-01-14\",\"vatID\":\"FR71834470973\",\"taxID\":\"83447097300043\",\"numberOfEmployees\":{\"@type\":\"QuantitativeValue\",\"minValue\":\"1\",\"maxValue\":\"10\"}},{\"@type\":\"Person\",\"@id\":\"https:\/\/dicodusport.fr\/blog\/#\/schema\/person\/cb02af4c173ce4a653b55e9baf388d4a\",\"name\":\"Flo Ostermann\",\"image\":{\"@type\":\"ImageObject\",\"inLanguage\":\"fr-FR\",\"@id\":\"https:\/\/dicodusport.fr\/blog\/#\/schema\/person\/image\/\",\"url\":\"https:\/\/dicodusport.fr\/blog\/wp-content\/uploads\/2021\/05\/Flo-Ostermann-150x150.jpg\",\"contentUrl\":\"https:\/\/dicodusport.fr\/blog\/wp-content\/uploads\/2021\/05\/Flo-Ostermann-150x150.jpg\",\"caption\":\"Flo Ostermann\"},\"description\":\"Journaliste\/R\u00e9dacteur depuis septembre 2015 - Mes premiers souvenirs dans le sport ? Les envol\u00e9es du Stade Toulousain et les duels Villeneuve-Schumacher et H\u00e4kkinen-Schumacher \u00e0 la fin des ann\u00e9es 90, la Coupe du monde de football en 1998, l\u2019exploit du XV de France face aux All Blacks en 1999, mais aussi Richard C\u0153ur de Lion qui vole sur les montagnes du Tour de France. Bien parti pour devenir professeur d\u2019EPS, les \u00e9v\u00e9nements de la vie (et la flemme d\u2019animer des s\u00e9ances de 3x500 m\u00e8tres toute ma vie) m\u2019ont conduit \u00e0 revoir mes plans. Me voil\u00e0 depuis fin 2017 sur Dicodusport, m\u00e9dia gr\u00e2ce (et pour) lequel je partage ma passion : le sport dans tous ses \u00e9tats. Le tout accompagn\u00e9 par les fous furieux et folles furieuses cit\u00e9s sur cette page !\",\"sameAs\":[\"https:\/\/www.facebook.com\/florent.ostermann\",\"https:\/\/x.com\/https:\/\/twitter.com\/FlOstermann\",\"admin\"],\"url\":\"https:\/\/dicodusport.fr\/blog\/author\/flo\/\"}]}<\/script>\n<!-- \/ Yoast SEO Premium plugin. -->","yoast_head_json":{"title":"Cyclisme : qui sont les coureurs les mieux pay\u00e9s du peloton ?","description":"Peter Sagan ou Chris Froome ? Quels salaires pour les coureurs fran\u00e7ais ? On fait le point sur les derni\u00e8res donn\u00e9es dans le peloton professionnel.","robots":{"index":"index","follow":"follow","max-snippet":"max-snippet:-1","max-image-preview":"max-image-preview:large","max-video-preview":"max-video-preview:-1"},"canonical":"https:\/\/dicodusport.fr\/blog\/cyclisme-qui-sont-les-coureurs-les-mieux-payes-du-peloton\/","og_locale":"fr_FR","og_type":"article","og_title":"Cyclisme : qui sont les coureurs les mieux pay\u00e9s du peloton ?","og_description":"Peter Sagan ou Chris Froome ? Quels salaires pour les coureurs fran\u00e7ais ? On fait le point sur les derni\u00e8res donn\u00e9es dans le peloton professionnel.","og_url":"https:\/\/dicodusport.fr\/blog\/cyclisme-qui-sont-les-coureurs-les-mieux-payes-du-peloton\/","og_site_name":"Dicodusport","article_publisher":"https:\/\/www.facebook.com\/dicodusport","article_author":"https:\/\/www.facebook.com\/florent.ostermann","article_published_time":"2019-01-15T16:28:30+00:00","article_modified_time":"2019-01-15T16:41:35+00:00","og_image":[{"width":800,"height":445,"url":"https:\/\/dicodusport.fr\/blog\/wp-content\/uploads\/2019\/01\/Salaires-Cyclisme-Sagan-Froome-Bardet.png","type":"image\/png"}],"author":"Flo Ostermann","twitter_card":"summary_large_image","twitter_creator":"@https:\/\/twitter.com\/FlOstermann","twitter_site":"@dicodusport","schema":{"@context":"https:\/\/schema.org","@graph":[{"@type":"NewsArticle","@id":"https:\/\/dicodusport.fr\/blog\/cyclisme-qui-sont-les-coureurs-les-mieux-payes-du-peloton\/#article","isPartOf":{"@id":"https:\/\/dicodusport.fr\/blog\/cyclisme-qui-sont-les-coureurs-les-mieux-payes-du-peloton\/"},"author":{"name":"Flo Ostermann","@id":"https:\/\/dicodusport.fr\/blog\/#\/schema\/person\/cb02af4c173ce4a653b55e9baf388d4a"},"headline":"Cyclisme : qui sont les coureurs les mieux pay\u00e9s du peloton ?","datePublished":"2019-01-15T16:28:30+00:00","dateModified":"2019-01-15T16:41:35+00:00","mainEntityOfPage":{"@id":"https:\/\/dicodusport.fr\/blog\/cyclisme-qui-sont-les-coureurs-les-mieux-payes-du-peloton\/"},"wordCount":392,"commentCount":2,"publisher":{"@id":"https:\/\/dicodusport.fr\/blog\/#organization"},"image":{"@id":"https:\/\/dicodusport.fr\/blog\/cyclisme-qui-sont-les-coureurs-les-mieux-payes-du-peloton\/#primaryimage"},"thumbnailUrl":"https:\/\/dicodusport.fr\/blog\/wp-content\/uploads\/2019\/01\/Salaires-Cyclisme-Sagan-Froome-Bardet.png","keywords":["Cyclisme","Salaires Cyclisme"],"articleSection":["Actualit\u00e9s","Cyclisme"],"inLanguage":"fr-FR","potentialAction":[{"@type":"CommentAction","name":"Comment","target":["https:\/\/dicodusport.fr\/blog\/cyclisme-qui-sont-les-coureurs-les-mieux-payes-du-peloton\/#respond"]}],"copyrightYear":"2019","copyrightHolder":{"@id":"https:\/\/dicodusport.fr\/blog\/#organization"}},{"@type":"WebPage","@id":"https:\/\/dicodusport.fr\/blog\/cyclisme-qui-sont-les-coureurs-les-mieux-payes-du-peloton\/","url":"https:\/\/dicodusport.fr\/blog\/cyclisme-qui-sont-les-coureurs-les-mieux-payes-du-peloton\/","name":"Cyclisme : qui sont les coureurs les mieux pay\u00e9s du peloton ?","isPartOf":{"@id":"https:\/\/dicodusport.fr\/blog\/#website"},"primaryImageOfPage":{"@id":"https:\/\/dicodusport.fr\/blog\/cyclisme-qui-sont-les-coureurs-les-mieux-payes-du-peloton\/#primaryimage"},"image":{"@id":"https:\/\/dicodusport.fr\/blog\/cyclisme-qui-sont-les-coureurs-les-mieux-payes-du-peloton\/#primaryimage"},"thumbnailUrl":"https:\/\/dicodusport.fr\/blog\/wp-content\/uploads\/2019\/01\/Salaires-Cyclisme-Sagan-Froome-Bardet.png","datePublished":"2019-01-15T16:28:30+00:00","dateModified":"2019-01-15T16:41:35+00:00","description":"Peter Sagan ou Chris Froome ? Quels salaires pour les coureurs fran\u00e7ais ? On fait le point sur les derni\u00e8res donn\u00e9es dans le peloton professionnel.","breadcrumb":{"@id":"https:\/\/dicodusport.fr\/blog\/cyclisme-qui-sont-les-coureurs-les-mieux-payes-du-peloton\/#breadcrumb"},"inLanguage":"fr-FR","potentialAction":[{"@type":"ReadAction","target":["https:\/\/dicodusport.fr\/blog\/cyclisme-qui-sont-les-coureurs-les-mieux-payes-du-peloton\/"]}]},{"@type":"ImageObject","inLanguage":"fr-FR","@id":"https:\/\/dicodusport.fr\/blog\/cyclisme-qui-sont-les-coureurs-les-mieux-payes-du-peloton\/#primaryimage","url":"https:\/\/dicodusport.fr\/blog\/wp-content\/uploads\/2019\/01\/Salaires-Cyclisme-Sagan-Froome-Bardet.png","contentUrl":"https:\/\/dicodusport.fr\/blog\/wp-content\/uploads\/2019\/01\/Salaires-Cyclisme-Sagan-Froome-Bardet.png","width":800,"height":445},{"@type":"BreadcrumbList","@id":"https:\/\/dicodusport.fr\/blog\/cyclisme-qui-sont-les-coureurs-les-mieux-payes-du-peloton\/#breadcrumb","itemListElement":[{"@type":"ListItem","position":1,"name":"Accueil","item":"https:\/\/dicodusport.fr\/blog\/"},{"@type":"ListItem","position":2,"name":"Cyclisme : qui sont les coureurs les mieux pay\u00e9s du peloton ?"}]},{"@type":"WebSite","@id":"https:\/\/dicodusport.fr\/blog\/#website","url":"https:\/\/dicodusport.fr\/blog\/","name":"Dicodusport","description":"L&#039;encyclop\u00e9die de l&#039;actualit\u00e9 sportive","publisher":{"@id":"https:\/\/dicodusport.fr\/blog\/#organization"},"potentialAction":[{"@type":"SearchAction","target":{"@type":"EntryPoint","urlTemplate":"https:\/\/dicodusport.fr\/blog\/?s={search_term_string}"},"query-input":{"@type":"PropertyValueSpecification","valueRequired":true,"valueName":"search_term_string"}}],"inLanguage":"fr-FR"},{"@type":"NewsMediaOrganization","@id":"https:\/\/dicodusport.fr\/blog\/#organization","name":"Dicodusport","url":"https:\/\/dicodusport.fr\/blog\/","logo":{"@type":"ImageObject","inLanguage":"fr-FR","@id":"https:\/\/dicodusport.fr\/blog\/#\/schema\/logo\/image\/","url":"https:\/\/dicodusport.fr\/blog\/wp-content\/uploads\/2020\/06\/cropped-LOGO-DICODUSPORT-2020-SANS-FOND-SANS-TEXTE.png","contentUrl":"https:\/\/dicodusport.fr\/blog\/wp-content\/uploads\/2020\/06\/cropped-LOGO-DICODUSPORT-2020-SANS-FOND-SANS-TEXTE.png","width":512,"height":512,"caption":"Dicodusport"},"image":{"@id":"https:\/\/dicodusport.fr\/blog\/#\/schema\/logo\/image\/"},"sameAs":["https:\/\/www.facebook.com\/dicodusport","https:\/\/x.com\/dicodusport","https:\/\/www.instagram.com\/dicodusport\/","https:\/\/www.youtube.com\/channel\/UC7V2KZ5sd3htJivAbA4ZG3w"],"description":"Dicodusport est l'encyclop\u00e9die de l'actualit\u00e9 sportive.","email":"bonjour@dicodusport.fr","legalName":"DICODUSPORT","foundingDate":"2018-01-14","vatID":"FR71834470973","taxID":"83447097300043","numberOfEmployees":{"@type":"QuantitativeValue","minValue":"1","maxValue":"10"}},{"@type":"Person","@id":"https:\/\/dicodusport.fr\/blog\/#\/schema\/person\/cb02af4c173ce4a653b55e9baf388d4a","name":"Flo Ostermann","image":{"@type":"ImageObject","inLanguage":"fr-FR","@id":"https:\/\/dicodusport.fr\/blog\/#\/schema\/person\/image\/","url":"https:\/\/dicodusport.fr\/blog\/wp-content\/uploads\/2021\/05\/Flo-Ostermann-150x150.jpg","contentUrl":"https:\/\/dicodusport.fr\/blog\/wp-content\/uploads\/2021\/05\/Flo-Ostermann-150x150.jpg","caption":"Flo Ostermann"},"description":"Journaliste\/R\u00e9dacteur depuis septembre 2015 - Mes premiers souvenirs dans le sport ? Les envol\u00e9es du Stade Toulousain et les duels Villeneuve-Schumacher et H\u00e4kkinen-Schumacher \u00e0 la fin des ann\u00e9es 90, la Coupe du monde de football en 1998, l\u2019exploit du XV de France face aux All Blacks en 1999, mais aussi Richard C\u0153ur de Lion qui vole sur les montagnes du Tour de France. Bien parti pour devenir professeur d\u2019EPS, les \u00e9v\u00e9nements de la vie (et la flemme d\u2019animer des s\u00e9ances de 3x500 m\u00e8tres toute ma vie) m\u2019ont conduit \u00e0 revoir mes plans. Me voil\u00e0 depuis fin 2017 sur Dicodusport, m\u00e9dia gr\u00e2ce (et pour) lequel je partage ma passion : le sport dans tous ses \u00e9tats. Le tout accompagn\u00e9 par les fous furieux et folles furieuses cit\u00e9s sur cette page !","sameAs":["https:\/\/www.facebook.com\/florent.ostermann","https:\/\/x.com\/https:\/\/twitter.com\/FlOstermann","admin"],"url":"https:\/\/dicodusport.fr\/blog\/author\/flo\/"}]}},"_links":{"self":[{"href":"https:\/\/dicodusport.fr\/blog\/wp-json\/wp\/v2\/posts\/31832","targetHints":{"allow":["GET"]}}],"collection":[{"href":"https:\/\/dicodusport.fr\/blog\/wp-json\/wp\/v2\/posts"}],"about":[{"href":"https:\/\/dicodusport.fr\/blog\/wp-json\/wp\/v2\/types\/post"}],"author":[{"embeddable":true,"href":"https:\/\/dicodusport.fr\/blog\/wp-json\/wp\/v2\/users\/4"}],"replies":[{"embeddable":true,"href":"https:\/\/dicodusport.fr\/blog\/wp-json\/wp\/v2\/comments?post=31832"}],"version-history":[{"count":0,"href":"https:\/\/dicodusport.fr\/blog\/wp-json\/wp\/v2\/posts\/31832\/revisions"}],"wp:featuredmedia":[{"embeddable":true,"href":"https:\/\/dicodusport.fr\/blog\/wp-json\/wp\/v2\/media\/31833"}],"wp:attachment":[{"href":"https:\/\/dicodusport.fr\/blog\/wp-json\/wp\/v2\/media?parent=31832"}],"wp:term":[{"taxonomy":"category","embeddable":true,"href":"https:\/\/dicodusport.fr\/blog\/wp-json\/wp\/v2\/categories?post=31832"},{"taxonomy":"post_tag","embeddable":true,"href":"https:\/\/dicodusport.fr\/blog\/wp-json\/wp\/v2\/tags?post=31832"}],"curies":[{"name":"wp","href":"https:\/\/api.w.org\/{rel}","templated":true}]}}