{"id":32021,"date":"2019-01-20T14:06:44","date_gmt":"2019-01-20T13:06:44","guid":{"rendered":"http:\/\/dicodusport.fr\/blog\/?p=32021"},"modified":"2019-01-22T00:01:51","modified_gmt":"2019-01-21T23:01:51","slug":"wengen-slalom-clement-noel-remporte-le-slalom","status":"publish","type":"post","link":"https:\/\/dicodusport.fr\/blog\/wengen-slalom-clement-noel-remporte-le-slalom\/","title":{"rendered":"Wengen : Cl\u00e9ment No\u00ebl remporte le slalom !"},"content":{"rendered":"<p style=\"text-align: justify;\"><em><strong>Ski alpin &#8211; Grande premi\u00e8re pour Cl\u00e9ment No\u00ebl, vainqueur du slalom de Wengen. Il devance les deux Autrichiens Manuel Feller et Marcel Hirscher. Alexis Pinturault, 4\u00e8me \u00e0 l&rsquo;issue de la 1\u00e8re manche, a craqu\u00e9 sur la deuxi\u00e8me.<\/strong> <\/em><\/p>\n<p style=\"text-align: justify;\">Quelle course du Vosgien ! Premier apr\u00e8s une premi\u00e8re manche stratosph\u00e9rique, Cl\u00e9ment No\u00ebl a r\u00e9sist\u00e9 aux Autrichiens dans la deuxi\u00e8me pour d\u00e9crocher sa premi\u00e8re victoire en Coupe du monde, \u00e0 seulement 21 ans. Le natif de Remiremont, 6\u00e8me temps du deuxi\u00e8me trac\u00e9, devance deux Autrichiens donc, Manuel Feller (+0.08) et le boss, Marcel Hirscher (+0.10), 5\u00e8me \u00e0 l&rsquo;issue du premier round, mais meilleur temps du deuxi\u00e8me. C&rsquo;est le 2\u00e8me podium de la saison pour Cl\u00e9ment No\u00ebl, apr\u00e8s avoir pris la deuxi\u00e8me place \u00e0 Abelboden, toujours en slalom.<\/p>\n<p style=\"text-align: justify;\">D\u00e9ception en revanche pour Alexis Pinturault. Le Savoyard, 4\u00e8me apr\u00e8s la premi\u00e8re manche et vainqueur \u00e0 Wengen en 2014, \u00e9tait dans le coup sur les deux premiers tiers du deuxi\u00e8me parcours avant de craquer sur le bas. Il termine finalement 25\u00e8me aujourd&rsquo;hui.<\/p>\n<blockquote class=\"twitter-tweet\">\n<p dir=\"ltr\" lang=\"fr\">OUI !!! Cl\u00e9ment No\u00ebl s&rsquo;impose sur le slalom de Wengen et d\u00e9croche son premier succ\u00e8s en Coupe du monde &#x1f4aa;&#x1f1eb;&#x1f1f7; <a href=\"https:\/\/t.co\/GaPo57dV3K\">pic.twitter.com\/GaPo57dV3K<\/a><\/p>\n<p>\u2014 Eurosport.fr (@Eurosport_FR) <a href=\"https:\/\/twitter.com\/Eurosport_FR\/status\/1086974521960206336?ref_src=twsrc%5Etfw\">January 20, 2019<\/a><\/p><\/blockquote>\n<p><script async src=\"https:\/\/platform.twitter.com\/widgets.js\" charset=\"utf-8\"><\/script><\/p>\n<p><strong><em>Flo Ostermann<br \/>\n<a href=\"https:\/\/www.facebook.com\/florent.ostermann\"><img loading=\"lazy\" decoding=\"async\" class=\"alignnone wp-image-2909\" src=\"http:\/\/dicodusport.fr\/blog\/wp-content\/uploads\/2017\/07\/logo-facebook-150x150.png\" sizes=\"auto, (max-width: 40px) 100vw, 40px\" srcset=\"https:\/\/dicodusport.fr\/blog\/wp-content\/uploads\/2017\/07\/logo-facebook-150x150.png 150w, https:\/\/dicodusport.fr\/blog\/wp-content\/uploads\/2017\/07\/logo-facebook-300x300.png 300w, https:\/\/dicodusport.fr\/blog\/wp-content\/uploads\/2017\/07\/logo-facebook.png 400w\" alt=\"\" width=\"40\" height=\"40\" \/><\/a><a href=\"https:\/\/twitter.com\/SportInsideMag\"><img loading=\"lazy\" decoding=\"async\" class=\"alignnone wp-image-2908\" src=\"http:\/\/dicodusport.fr\/blog\/wp-content\/uploads\/2017\/07\/logo-twitter-150x150.png\" alt=\"\" width=\"39\" height=\"39\" \/><\/a><\/em><\/strong><\/p>\n","protected":false},"excerpt":{"rendered":"<p>Ski alpin &#8211; Grande premi\u00e8re pour Cl\u00e9ment No\u00ebl, vainqueur du slalom de Wengen. Il devance les deux Autrichiens Manuel Feller et Marcel Hirscher.<\/p>\n","protected":false},"author":4,"featured_media":32035,"comment_status":"open","ping_status":"closed","sticky":false,"template":"","format":"standard","meta":{"_acf_changed":false,"_daextam_enable_autolinks":"","footnotes":""},"categories":[2,2313],"tags":[3912,1530,2233,3007,7091],"class_list":["post-32021","post","type-post","status-publish","format-standard","has-post-thumbnail","hentry","category-actualites","category-sports-dhiver","tag-clement-noel","tag-coupe-du-monde","tag-ski-alpin","tag-slalom","tag-wengen"],"acf":[],"yoast_head":"<!-- This site is optimized with the Yoast SEO Premium plugin v26.7 (Yoast SEO v26.7) - https:\/\/yoast.com\/wordpress\/plugins\/seo\/ -->\n<title>Wengen : Cl\u00e9ment No\u00ebl remporte le slalom !<\/title>\n<meta name=\"description\" content=\"Ski alpin - Grande premi\u00e8re pour Cl\u00e9ment No\u00ebl, vainqueur du slalom de Wengen. Il devance les deux Autrichiens Manuel Feller et Marcel Hirscher.\" \/>\n<meta name=\"robots\" content=\"index, follow, max-snippet:-1, max-image-preview:large, max-video-preview:-1\" \/>\n<link rel=\"canonical\" href=\"https:\/\/dicodusport.fr\/blog\/wengen-slalom-clement-noel-remporte-le-slalom\/\" \/>\n<meta property=\"og:locale\" content=\"fr_FR\" \/>\n<meta property=\"og:type\" content=\"article\" \/>\n<meta property=\"og:title\" content=\"Wengen : Cl\u00e9ment No\u00ebl remporte le slalom !\" \/>\n<meta property=\"og:description\" content=\"Ski alpin - Grande premi\u00e8re pour Cl\u00e9ment No\u00ebl, vainqueur du slalom de Wengen. Il devance les deux Autrichiens Manuel Feller et Marcel Hirscher.\" \/>\n<meta property=\"og:url\" content=\"https:\/\/dicodusport.fr\/blog\/wengen-slalom-clement-noel-remporte-le-slalom\/\" \/>\n<meta property=\"og:site_name\" content=\"Dicodusport\" \/>\n<meta property=\"article:publisher\" content=\"https:\/\/www.facebook.com\/dicodusport\" \/>\n<meta property=\"article:author\" content=\"https:\/\/www.facebook.com\/florent.ostermann\" \/>\n<meta property=\"article:published_time\" content=\"2019-01-20T13:06:44+00:00\" \/>\n<meta property=\"article:modified_time\" content=\"2019-01-21T23:01:51+00:00\" \/>\n<meta property=\"og:image\" content=\"https:\/\/dicodusport.fr\/blog\/wp-content\/uploads\/2019\/01\/Cl\u00e9ment-No\u00ebl-Victoire-Slalom-Wengen-2019.png\" \/>\n\t<meta property=\"og:image:width\" content=\"800\" \/>\n\t<meta property=\"og:image:height\" content=\"445\" \/>\n\t<meta property=\"og:image:type\" content=\"image\/png\" \/>\n<meta name=\"author\" content=\"Flo Ostermann\" \/>\n<meta name=\"twitter:card\" content=\"summary_large_image\" \/>\n<meta name=\"twitter:creator\" content=\"@https:\/\/twitter.com\/FlOstermann\" \/>\n<meta name=\"twitter:site\" content=\"@dicodusport\" \/>\n<script type=\"application\/ld+json\" class=\"yoast-schema-graph\">{\"@context\":\"https:\/\/schema.org\",\"@graph\":[{\"@type\":\"NewsArticle\",\"@id\":\"https:\/\/dicodusport.fr\/blog\/wengen-slalom-clement-noel-remporte-le-slalom\/#article\",\"isPartOf\":{\"@id\":\"https:\/\/dicodusport.fr\/blog\/wengen-slalom-clement-noel-remporte-le-slalom\/\"},\"author\":{\"name\":\"Flo Ostermann\",\"@id\":\"https:\/\/dicodusport.fr\/blog\/#\/schema\/person\/cb02af4c173ce4a653b55e9baf388d4a\"},\"headline\":\"Wengen : Cl\u00e9ment No\u00ebl remporte le slalom !\",\"datePublished\":\"2019-01-20T13:06:44+00:00\",\"dateModified\":\"2019-01-21T23:01:51+00:00\",\"mainEntityOfPage\":{\"@id\":\"https:\/\/dicodusport.fr\/blog\/wengen-slalom-clement-noel-remporte-le-slalom\/\"},\"wordCount\":236,\"commentCount\":0,\"publisher\":{\"@id\":\"https:\/\/dicodusport.fr\/blog\/#organization\"},\"image\":{\"@id\":\"https:\/\/dicodusport.fr\/blog\/wengen-slalom-clement-noel-remporte-le-slalom\/#primaryimage\"},\"thumbnailUrl\":\"https:\/\/dicodusport.fr\/blog\/wp-content\/uploads\/2019\/01\/Cl\u00e9ment-No\u00ebl-Victoire-Slalom-Wengen-2019.png\",\"keywords\":[\"Cl\u00e9ment No\u00ebl\",\"Coupe du monde\",\"Ski alpin\",\"slalom\",\"Wengen\"],\"articleSection\":[\"Actualit\u00e9s\",\"Sports d'hiver\"],\"inLanguage\":\"fr-FR\",\"potentialAction\":[{\"@type\":\"CommentAction\",\"name\":\"Comment\",\"target\":[\"https:\/\/dicodusport.fr\/blog\/wengen-slalom-clement-noel-remporte-le-slalom\/#respond\"]}],\"copyrightYear\":\"2019\",\"copyrightHolder\":{\"@id\":\"https:\/\/dicodusport.fr\/blog\/#organization\"}},{\"@type\":\"WebPage\",\"@id\":\"https:\/\/dicodusport.fr\/blog\/wengen-slalom-clement-noel-remporte-le-slalom\/\",\"url\":\"https:\/\/dicodusport.fr\/blog\/wengen-slalom-clement-noel-remporte-le-slalom\/\",\"name\":\"Wengen : Cl\u00e9ment No\u00ebl remporte le slalom !\",\"isPartOf\":{\"@id\":\"https:\/\/dicodusport.fr\/blog\/#website\"},\"primaryImageOfPage\":{\"@id\":\"https:\/\/dicodusport.fr\/blog\/wengen-slalom-clement-noel-remporte-le-slalom\/#primaryimage\"},\"image\":{\"@id\":\"https:\/\/dicodusport.fr\/blog\/wengen-slalom-clement-noel-remporte-le-slalom\/#primaryimage\"},\"thumbnailUrl\":\"https:\/\/dicodusport.fr\/blog\/wp-content\/uploads\/2019\/01\/Cl\u00e9ment-No\u00ebl-Victoire-Slalom-Wengen-2019.png\",\"datePublished\":\"2019-01-20T13:06:44+00:00\",\"dateModified\":\"2019-01-21T23:01:51+00:00\",\"description\":\"Ski alpin - Grande premi\u00e8re pour Cl\u00e9ment No\u00ebl, vainqueur du slalom de Wengen. Il devance les deux Autrichiens Manuel Feller et Marcel Hirscher.\",\"breadcrumb\":{\"@id\":\"https:\/\/dicodusport.fr\/blog\/wengen-slalom-clement-noel-remporte-le-slalom\/#breadcrumb\"},\"inLanguage\":\"fr-FR\",\"potentialAction\":[{\"@type\":\"ReadAction\",\"target\":[\"https:\/\/dicodusport.fr\/blog\/wengen-slalom-clement-noel-remporte-le-slalom\/\"]}]},{\"@type\":\"ImageObject\",\"inLanguage\":\"fr-FR\",\"@id\":\"https:\/\/dicodusport.fr\/blog\/wengen-slalom-clement-noel-remporte-le-slalom\/#primaryimage\",\"url\":\"https:\/\/dicodusport.fr\/blog\/wp-content\/uploads\/2019\/01\/Cl\u00e9ment-No\u00ebl-Victoire-Slalom-Wengen-2019.png\",\"contentUrl\":\"https:\/\/dicodusport.fr\/blog\/wp-content\/uploads\/2019\/01\/Cl\u00e9ment-No\u00ebl-Victoire-Slalom-Wengen-2019.png\",\"width\":800,\"height\":445},{\"@type\":\"BreadcrumbList\",\"@id\":\"https:\/\/dicodusport.fr\/blog\/wengen-slalom-clement-noel-remporte-le-slalom\/#breadcrumb\",\"itemListElement\":[{\"@type\":\"ListItem\",\"position\":1,\"name\":\"Accueil\",\"item\":\"https:\/\/dicodusport.fr\/blog\/\"},{\"@type\":\"ListItem\",\"position\":2,\"name\":\"Wengen : Cl\u00e9ment No\u00ebl remporte le slalom !\"}]},{\"@type\":\"WebSite\",\"@id\":\"https:\/\/dicodusport.fr\/blog\/#website\",\"url\":\"https:\/\/dicodusport.fr\/blog\/\",\"name\":\"Dicodusport\",\"description\":\"L&#039;encyclop\u00e9die de l&#039;actualit\u00e9 sportive\",\"publisher\":{\"@id\":\"https:\/\/dicodusport.fr\/blog\/#organization\"},\"potentialAction\":[{\"@type\":\"SearchAction\",\"target\":{\"@type\":\"EntryPoint\",\"urlTemplate\":\"https:\/\/dicodusport.fr\/blog\/?s={search_term_string}\"},\"query-input\":{\"@type\":\"PropertyValueSpecification\",\"valueRequired\":true,\"valueName\":\"search_term_string\"}}],\"inLanguage\":\"fr-FR\"},{\"@type\":\"NewsMediaOrganization\",\"@id\":\"https:\/\/dicodusport.fr\/blog\/#organization\",\"name\":\"Dicodusport\",\"url\":\"https:\/\/dicodusport.fr\/blog\/\",\"logo\":{\"@type\":\"ImageObject\",\"inLanguage\":\"fr-FR\",\"@id\":\"https:\/\/dicodusport.fr\/blog\/#\/schema\/logo\/image\/\",\"url\":\"https:\/\/dicodusport.fr\/blog\/wp-content\/uploads\/2020\/06\/cropped-LOGO-DICODUSPORT-2020-SANS-FOND-SANS-TEXTE.png\",\"contentUrl\":\"https:\/\/dicodusport.fr\/blog\/wp-content\/uploads\/2020\/06\/cropped-LOGO-DICODUSPORT-2020-SANS-FOND-SANS-TEXTE.png\",\"width\":512,\"height\":512,\"caption\":\"Dicodusport\"},\"image\":{\"@id\":\"https:\/\/dicodusport.fr\/blog\/#\/schema\/logo\/image\/\"},\"sameAs\":[\"https:\/\/www.facebook.com\/dicodusport\",\"https:\/\/x.com\/dicodusport\",\"https:\/\/www.instagram.com\/dicodusport\/\",\"https:\/\/www.youtube.com\/channel\/UC7V2KZ5sd3htJivAbA4ZG3w\"],\"description\":\"Dicodusport est l'encyclop\u00e9die de l'actualit\u00e9 sportive.\",\"email\":\"bonjour@dicodusport.fr\",\"legalName\":\"DICODUSPORT\",\"foundingDate\":\"2018-01-14\",\"vatID\":\"FR71834470973\",\"taxID\":\"83447097300043\",\"numberOfEmployees\":{\"@type\":\"QuantitativeValue\",\"minValue\":\"1\",\"maxValue\":\"10\"}},{\"@type\":\"Person\",\"@id\":\"https:\/\/dicodusport.fr\/blog\/#\/schema\/person\/cb02af4c173ce4a653b55e9baf388d4a\",\"name\":\"Flo Ostermann\",\"image\":{\"@type\":\"ImageObject\",\"inLanguage\":\"fr-FR\",\"@id\":\"https:\/\/dicodusport.fr\/blog\/#\/schema\/person\/image\/\",\"url\":\"https:\/\/dicodusport.fr\/blog\/wp-content\/uploads\/2021\/05\/Flo-Ostermann-150x150.jpg\",\"contentUrl\":\"https:\/\/dicodusport.fr\/blog\/wp-content\/uploads\/2021\/05\/Flo-Ostermann-150x150.jpg\",\"caption\":\"Flo Ostermann\"},\"description\":\"Journaliste\/R\u00e9dacteur depuis septembre 2015 - Mes premiers souvenirs dans le sport ? Les envol\u00e9es du Stade Toulousain et les duels Villeneuve-Schumacher et H\u00e4kkinen-Schumacher \u00e0 la fin des ann\u00e9es 90, la Coupe du monde de football en 1998, l\u2019exploit du XV de France face aux All Blacks en 1999, mais aussi Richard C\u0153ur de Lion qui vole sur les montagnes du Tour de France. Bien parti pour devenir professeur d\u2019EPS, les \u00e9v\u00e9nements de la vie (et la flemme d\u2019animer des s\u00e9ances de 3x500 m\u00e8tres toute ma vie) m\u2019ont conduit \u00e0 revoir mes plans. Me voil\u00e0 depuis fin 2017 sur Dicodusport, m\u00e9dia gr\u00e2ce (et pour) lequel je partage ma passion : le sport dans tous ses \u00e9tats. Le tout accompagn\u00e9 par les fous furieux et folles furieuses cit\u00e9s sur cette page !\",\"sameAs\":[\"https:\/\/www.facebook.com\/florent.ostermann\",\"https:\/\/x.com\/https:\/\/twitter.com\/FlOstermann\",\"admin\"],\"url\":\"https:\/\/dicodusport.fr\/blog\/author\/flo\/\"}]}<\/script>\n<!-- \/ Yoast SEO Premium plugin. -->","yoast_head_json":{"title":"Wengen : Cl\u00e9ment No\u00ebl remporte le slalom !","description":"Ski alpin - Grande premi\u00e8re pour Cl\u00e9ment No\u00ebl, vainqueur du slalom de Wengen. Il devance les deux Autrichiens Manuel Feller et Marcel Hirscher.","robots":{"index":"index","follow":"follow","max-snippet":"max-snippet:-1","max-image-preview":"max-image-preview:large","max-video-preview":"max-video-preview:-1"},"canonical":"https:\/\/dicodusport.fr\/blog\/wengen-slalom-clement-noel-remporte-le-slalom\/","og_locale":"fr_FR","og_type":"article","og_title":"Wengen : Cl\u00e9ment No\u00ebl remporte le slalom !","og_description":"Ski alpin - Grande premi\u00e8re pour Cl\u00e9ment No\u00ebl, vainqueur du slalom de Wengen. Il devance les deux Autrichiens Manuel Feller et Marcel Hirscher.","og_url":"https:\/\/dicodusport.fr\/blog\/wengen-slalom-clement-noel-remporte-le-slalom\/","og_site_name":"Dicodusport","article_publisher":"https:\/\/www.facebook.com\/dicodusport","article_author":"https:\/\/www.facebook.com\/florent.ostermann","article_published_time":"2019-01-20T13:06:44+00:00","article_modified_time":"2019-01-21T23:01:51+00:00","og_image":[{"width":800,"height":445,"url":"https:\/\/dicodusport.fr\/blog\/wp-content\/uploads\/2019\/01\/Cl\u00e9ment-No\u00ebl-Victoire-Slalom-Wengen-2019.png","type":"image\/png"}],"author":"Flo Ostermann","twitter_card":"summary_large_image","twitter_creator":"@https:\/\/twitter.com\/FlOstermann","twitter_site":"@dicodusport","schema":{"@context":"https:\/\/schema.org","@graph":[{"@type":"NewsArticle","@id":"https:\/\/dicodusport.fr\/blog\/wengen-slalom-clement-noel-remporte-le-slalom\/#article","isPartOf":{"@id":"https:\/\/dicodusport.fr\/blog\/wengen-slalom-clement-noel-remporte-le-slalom\/"},"author":{"name":"Flo Ostermann","@id":"https:\/\/dicodusport.fr\/blog\/#\/schema\/person\/cb02af4c173ce4a653b55e9baf388d4a"},"headline":"Wengen : Cl\u00e9ment No\u00ebl remporte le slalom !","datePublished":"2019-01-20T13:06:44+00:00","dateModified":"2019-01-21T23:01:51+00:00","mainEntityOfPage":{"@id":"https:\/\/dicodusport.fr\/blog\/wengen-slalom-clement-noel-remporte-le-slalom\/"},"wordCount":236,"commentCount":0,"publisher":{"@id":"https:\/\/dicodusport.fr\/blog\/#organization"},"image":{"@id":"https:\/\/dicodusport.fr\/blog\/wengen-slalom-clement-noel-remporte-le-slalom\/#primaryimage"},"thumbnailUrl":"https:\/\/dicodusport.fr\/blog\/wp-content\/uploads\/2019\/01\/Cl\u00e9ment-No\u00ebl-Victoire-Slalom-Wengen-2019.png","keywords":["Cl\u00e9ment No\u00ebl","Coupe du monde","Ski alpin","slalom","Wengen"],"articleSection":["Actualit\u00e9s","Sports d'hiver"],"inLanguage":"fr-FR","potentialAction":[{"@type":"CommentAction","name":"Comment","target":["https:\/\/dicodusport.fr\/blog\/wengen-slalom-clement-noel-remporte-le-slalom\/#respond"]}],"copyrightYear":"2019","copyrightHolder":{"@id":"https:\/\/dicodusport.fr\/blog\/#organization"}},{"@type":"WebPage","@id":"https:\/\/dicodusport.fr\/blog\/wengen-slalom-clement-noel-remporte-le-slalom\/","url":"https:\/\/dicodusport.fr\/blog\/wengen-slalom-clement-noel-remporte-le-slalom\/","name":"Wengen : Cl\u00e9ment No\u00ebl remporte le slalom !","isPartOf":{"@id":"https:\/\/dicodusport.fr\/blog\/#website"},"primaryImageOfPage":{"@id":"https:\/\/dicodusport.fr\/blog\/wengen-slalom-clement-noel-remporte-le-slalom\/#primaryimage"},"image":{"@id":"https:\/\/dicodusport.fr\/blog\/wengen-slalom-clement-noel-remporte-le-slalom\/#primaryimage"},"thumbnailUrl":"https:\/\/dicodusport.fr\/blog\/wp-content\/uploads\/2019\/01\/Cl\u00e9ment-No\u00ebl-Victoire-Slalom-Wengen-2019.png","datePublished":"2019-01-20T13:06:44+00:00","dateModified":"2019-01-21T23:01:51+00:00","description":"Ski alpin - Grande premi\u00e8re pour Cl\u00e9ment No\u00ebl, vainqueur du slalom de Wengen. Il devance les deux Autrichiens Manuel Feller et Marcel Hirscher.","breadcrumb":{"@id":"https:\/\/dicodusport.fr\/blog\/wengen-slalom-clement-noel-remporte-le-slalom\/#breadcrumb"},"inLanguage":"fr-FR","potentialAction":[{"@type":"ReadAction","target":["https:\/\/dicodusport.fr\/blog\/wengen-slalom-clement-noel-remporte-le-slalom\/"]}]},{"@type":"ImageObject","inLanguage":"fr-FR","@id":"https:\/\/dicodusport.fr\/blog\/wengen-slalom-clement-noel-remporte-le-slalom\/#primaryimage","url":"https:\/\/dicodusport.fr\/blog\/wp-content\/uploads\/2019\/01\/Cl\u00e9ment-No\u00ebl-Victoire-Slalom-Wengen-2019.png","contentUrl":"https:\/\/dicodusport.fr\/blog\/wp-content\/uploads\/2019\/01\/Cl\u00e9ment-No\u00ebl-Victoire-Slalom-Wengen-2019.png","width":800,"height":445},{"@type":"BreadcrumbList","@id":"https:\/\/dicodusport.fr\/blog\/wengen-slalom-clement-noel-remporte-le-slalom\/#breadcrumb","itemListElement":[{"@type":"ListItem","position":1,"name":"Accueil","item":"https:\/\/dicodusport.fr\/blog\/"},{"@type":"ListItem","position":2,"name":"Wengen : Cl\u00e9ment No\u00ebl remporte le slalom !"}]},{"@type":"WebSite","@id":"https:\/\/dicodusport.fr\/blog\/#website","url":"https:\/\/dicodusport.fr\/blog\/","name":"Dicodusport","description":"L&#039;encyclop\u00e9die de l&#039;actualit\u00e9 sportive","publisher":{"@id":"https:\/\/dicodusport.fr\/blog\/#organization"},"potentialAction":[{"@type":"SearchAction","target":{"@type":"EntryPoint","urlTemplate":"https:\/\/dicodusport.fr\/blog\/?s={search_term_string}"},"query-input":{"@type":"PropertyValueSpecification","valueRequired":true,"valueName":"search_term_string"}}],"inLanguage":"fr-FR"},{"@type":"NewsMediaOrganization","@id":"https:\/\/dicodusport.fr\/blog\/#organization","name":"Dicodusport","url":"https:\/\/dicodusport.fr\/blog\/","logo":{"@type":"ImageObject","inLanguage":"fr-FR","@id":"https:\/\/dicodusport.fr\/blog\/#\/schema\/logo\/image\/","url":"https:\/\/dicodusport.fr\/blog\/wp-content\/uploads\/2020\/06\/cropped-LOGO-DICODUSPORT-2020-SANS-FOND-SANS-TEXTE.png","contentUrl":"https:\/\/dicodusport.fr\/blog\/wp-content\/uploads\/2020\/06\/cropped-LOGO-DICODUSPORT-2020-SANS-FOND-SANS-TEXTE.png","width":512,"height":512,"caption":"Dicodusport"},"image":{"@id":"https:\/\/dicodusport.fr\/blog\/#\/schema\/logo\/image\/"},"sameAs":["https:\/\/www.facebook.com\/dicodusport","https:\/\/x.com\/dicodusport","https:\/\/www.instagram.com\/dicodusport\/","https:\/\/www.youtube.com\/channel\/UC7V2KZ5sd3htJivAbA4ZG3w"],"description":"Dicodusport est l'encyclop\u00e9die de l'actualit\u00e9 sportive.","email":"bonjour@dicodusport.fr","legalName":"DICODUSPORT","foundingDate":"2018-01-14","vatID":"FR71834470973","taxID":"83447097300043","numberOfEmployees":{"@type":"QuantitativeValue","minValue":"1","maxValue":"10"}},{"@type":"Person","@id":"https:\/\/dicodusport.fr\/blog\/#\/schema\/person\/cb02af4c173ce4a653b55e9baf388d4a","name":"Flo Ostermann","image":{"@type":"ImageObject","inLanguage":"fr-FR","@id":"https:\/\/dicodusport.fr\/blog\/#\/schema\/person\/image\/","url":"https:\/\/dicodusport.fr\/blog\/wp-content\/uploads\/2021\/05\/Flo-Ostermann-150x150.jpg","contentUrl":"https:\/\/dicodusport.fr\/blog\/wp-content\/uploads\/2021\/05\/Flo-Ostermann-150x150.jpg","caption":"Flo Ostermann"},"description":"Journaliste\/R\u00e9dacteur depuis septembre 2015 - Mes premiers souvenirs dans le sport ? Les envol\u00e9es du Stade Toulousain et les duels Villeneuve-Schumacher et H\u00e4kkinen-Schumacher \u00e0 la fin des ann\u00e9es 90, la Coupe du monde de football en 1998, l\u2019exploit du XV de France face aux All Blacks en 1999, mais aussi Richard C\u0153ur de Lion qui vole sur les montagnes du Tour de France. Bien parti pour devenir professeur d\u2019EPS, les \u00e9v\u00e9nements de la vie (et la flemme d\u2019animer des s\u00e9ances de 3x500 m\u00e8tres toute ma vie) m\u2019ont conduit \u00e0 revoir mes plans. Me voil\u00e0 depuis fin 2017 sur Dicodusport, m\u00e9dia gr\u00e2ce (et pour) lequel je partage ma passion : le sport dans tous ses \u00e9tats. Le tout accompagn\u00e9 par les fous furieux et folles furieuses cit\u00e9s sur cette page !","sameAs":["https:\/\/www.facebook.com\/florent.ostermann","https:\/\/x.com\/https:\/\/twitter.com\/FlOstermann","admin"],"url":"https:\/\/dicodusport.fr\/blog\/author\/flo\/"}]}},"_links":{"self":[{"href":"https:\/\/dicodusport.fr\/blog\/wp-json\/wp\/v2\/posts\/32021","targetHints":{"allow":["GET"]}}],"collection":[{"href":"https:\/\/dicodusport.fr\/blog\/wp-json\/wp\/v2\/posts"}],"about":[{"href":"https:\/\/dicodusport.fr\/blog\/wp-json\/wp\/v2\/types\/post"}],"author":[{"embeddable":true,"href":"https:\/\/dicodusport.fr\/blog\/wp-json\/wp\/v2\/users\/4"}],"replies":[{"embeddable":true,"href":"https:\/\/dicodusport.fr\/blog\/wp-json\/wp\/v2\/comments?post=32021"}],"version-history":[{"count":0,"href":"https:\/\/dicodusport.fr\/blog\/wp-json\/wp\/v2\/posts\/32021\/revisions"}],"wp:featuredmedia":[{"embeddable":true,"href":"https:\/\/dicodusport.fr\/blog\/wp-json\/wp\/v2\/media\/32035"}],"wp:attachment":[{"href":"https:\/\/dicodusport.fr\/blog\/wp-json\/wp\/v2\/media?parent=32021"}],"wp:term":[{"taxonomy":"category","embeddable":true,"href":"https:\/\/dicodusport.fr\/blog\/wp-json\/wp\/v2\/categories?post=32021"},{"taxonomy":"post_tag","embeddable":true,"href":"https:\/\/dicodusport.fr\/blog\/wp-json\/wp\/v2\/tags?post=32021"}],"curies":[{"name":"wp","href":"https:\/\/api.w.org\/{rel}","templated":true}]}}