{"id":32608,"date":"2019-01-29T17:04:14","date_gmt":"2019-01-29T16:04:14","guid":{"rendered":"http:\/\/dicodusport.fr\/blog\/?p=32608"},"modified":"2019-01-29T17:06:55","modified_gmt":"2019-01-29T16:06:55","slug":"ski-alpin-are-2019-le-programme-complet-des-mondiaux","status":"publish","type":"post","link":"https:\/\/dicodusport.fr\/blog\/ski-alpin-are-2019-le-programme-complet-des-mondiaux\/","title":{"rendered":"Ski alpin &#8211; Are 2019 : le programme complet des Mondiaux"},"content":{"rendered":"<p style=\"text-align: justify;\"><strong><em>Du 4 au 17 f\u00e9vrier, le gratin du ski alpin mondial se donne rendez-vous \u00e0 \u00c5re en Su\u00e8de pour les championnats du monde. Voici le programme d\u00e9taill\u00e9.<\/em><\/strong><\/p>\n<h1 style=\"text-align: justify;\">Mardi 5 f\u00e9vrier<\/h1>\n<p style=\"text-align: justify;\"><strong>12h30 :<\/strong> Super-G (femmes)<\/p>\n<h1 style=\"text-align: justify;\">Mercredi 6 f\u00e9vrier<\/h1>\n<p style=\"text-align: justify;\"><strong>12h30 :<\/strong> Super-G (hommes)<\/p>\n<h1 style=\"text-align: justify;\">Vendredi 8 f\u00e9vrier<\/h1>\n<p style=\"text-align: justify;\"><strong>11h : <\/strong>Combin\u00e9 alpin (femmes) -&gt; Descente<br \/>\n<strong>16h15 : <\/strong>Combin\u00e9 alpin (femmes) -&gt; Slalom<\/p>\n<h1 style=\"text-align: justify;\">Samedi 9 f\u00e9vrier<\/h1>\n<p style=\"text-align: justify;\"><strong>12h30 :<\/strong> Descente (hommes)<\/p>\n<h1 style=\"text-align: justify;\">Dimanche 10 f\u00e9vrier<\/h1>\n<p style=\"text-align: justify;\"><strong>12h30 :<\/strong> Descente (femmes)<\/p>\n<h1 style=\"text-align: justify;\">Lundi 11 f\u00e9vrier<\/h1>\n<p style=\"text-align: justify;\"><strong>11h : <\/strong>Combin\u00e9 alpin (hommes) -&gt; Descente<br \/>\n<strong>14h30 : <\/strong>Combin\u00e9 alpin (hommes) -&gt; Slalom<\/p>\n<h1 style=\"text-align: justify;\">Mardi 12 f\u00e9vrier<\/h1>\n<p style=\"text-align: justify;\"><strong>16h :<\/strong> \u00c9preuve par \u00e9quipes<\/p>\n<h1 style=\"text-align: justify;\">Jeudi 14 f\u00e9vrier<\/h1>\n<p style=\"text-align: justify;\"><strong>14h15 :<\/strong> 1\u00e8re manche du slalom g\u00e9ant (femmes)<br \/>\n<strong>17h45 :<\/strong> 2\u00e8me manche du slalom g\u00e9ant (femmes)<\/p>\n<h1 style=\"text-align: justify;\">Vendredi 15 f\u00e9vrier<\/h1>\n<p style=\"text-align: justify;\"><strong>14h15 :<\/strong> 1\u00e8re manche du slalom g\u00e9ant (hommes)<br \/>\n<strong>17h45 :<\/strong> 2\u00e8me manche du slalom g\u00e9ant (hommes)<\/p>\n<h1 style=\"text-align: justify;\">Samedi 16 f\u00e9vrier<\/h1>\n<p style=\"text-align: justify;\"><strong>11h :<\/strong> 1\u00e8re manche slalom (femmes)<br \/>\n<strong>14h30 :<\/strong> 2\u00e8me manche slalom (femmes)<\/p>\n<h1 style=\"text-align: justify;\">Dimanche 17 f\u00e9vrier<\/h1>\n<p style=\"text-align: justify;\"><strong>11h :<\/strong> 1\u00e8re manche slalom (hommes)<br \/>\n<strong>14h30 :<\/strong> 2\u00e8me manche slalom (hommes)<\/p>\n<div id=\"attachment_32036\" style=\"width: 886px\" class=\"wp-caption aligncenter\"><img loading=\"lazy\" decoding=\"async\" aria-describedby=\"caption-attachment-32036\" class=\" wp-image-32036\" src=\"http:\/\/dicodusport.fr\/blog\/wp-content\/uploads\/2019\/01\/Cl\u00e9ment-No\u00ebl-Victoire-Wengen-20191.png\" alt=\"\" width=\"876\" height=\"487\" srcset=\"https:\/\/dicodusport.fr\/blog\/wp-content\/uploads\/2019\/01\/Cl\u00e9ment-No\u00ebl-Victoire-Wengen-20191.png 800w, https:\/\/dicodusport.fr\/blog\/wp-content\/uploads\/2019\/01\/Cl\u00e9ment-No\u00ebl-Victoire-Wengen-20191-300x167.png 300w, https:\/\/dicodusport.fr\/blog\/wp-content\/uploads\/2019\/01\/Cl\u00e9ment-No\u00ebl-Victoire-Wengen-20191-768x427.png 768w\" sizes=\"auto, (max-width: 876px) 100vw, 876px\" \/><p id=\"caption-attachment-32036\" class=\"wp-caption-text\">Cl\u00e9ment No\u00ebl sur le toit du monde en Su\u00e8de &#8211; AFP<\/p><\/div>\n<p><strong><em>Flo Ostermann<br \/>\n<a href=\"https:\/\/www.facebook.com\/florent.ostermann\"><img loading=\"lazy\" decoding=\"async\" class=\"alignnone wp-image-2909\" src=\"http:\/\/dicodusport.fr\/blog\/wp-content\/uploads\/2017\/07\/logo-facebook-150x150.png\" sizes=\"auto, (max-width: 40px) 100vw, 40px\" srcset=\"https:\/\/dicodusport.fr\/blog\/wp-content\/uploads\/2017\/07\/logo-facebook-150x150.png 150w, https:\/\/dicodusport.fr\/blog\/wp-content\/uploads\/2017\/07\/logo-facebook-300x300.png 300w, https:\/\/dicodusport.fr\/blog\/wp-content\/uploads\/2017\/07\/logo-facebook.png 400w\" alt=\"\" width=\"40\" height=\"40\" \/><\/a><a href=\"https:\/\/twitter.com\/SportInsideMag\"><img loading=\"lazy\" decoding=\"async\" class=\"alignnone wp-image-2908\" src=\"http:\/\/dicodusport.fr\/blog\/wp-content\/uploads\/2017\/07\/logo-twitter-150x150.png\" alt=\"\" width=\"39\" height=\"39\" \/><\/a><\/em><\/strong><\/p>\n","protected":false},"excerpt":{"rendered":"<p>Du 4 au 17 f\u00e9vrier, le gratin du ski alpin mondial se donne rendez-vous \u00e0 \u00c5re en Su\u00e8de pour les championnats du monde. Voici le programme d\u00e9taill\u00e9.<\/p>\n","protected":false},"author":4,"featured_media":32613,"comment_status":"open","ping_status":"closed","sticky":false,"template":"","format":"standard","meta":{"_acf_changed":false,"_daextam_enable_autolinks":"","footnotes":""},"categories":[2,2313],"tags":[2233],"class_list":["post-32608","post","type-post","status-publish","format-standard","has-post-thumbnail","hentry","category-actualites","category-sports-dhiver","tag-ski-alpin"],"acf":[],"yoast_head":"<!-- This site is optimized with the Yoast SEO Premium plugin v26.7 (Yoast SEO v26.7) - https:\/\/yoast.com\/wordpress\/plugins\/seo\/ -->\n<title>Ski alpin - Are 2019 : le programme complet des Mondiaux<\/title>\n<meta name=\"description\" content=\"Du 4 au 17 f\u00e9vrier, le gratin du ski alpin mondial se donne rendez-vous \u00e0 \u00c5re en Su\u00e8de pour les championnats du monde. Voici le programme d\u00e9taill\u00e9.\" \/>\n<meta name=\"robots\" content=\"index, follow, max-snippet:-1, max-image-preview:large, max-video-preview:-1\" \/>\n<link rel=\"canonical\" href=\"https:\/\/dicodusport.fr\/blog\/ski-alpin-are-2019-le-programme-complet-des-mondiaux\/\" \/>\n<meta property=\"og:locale\" content=\"fr_FR\" \/>\n<meta property=\"og:type\" content=\"article\" \/>\n<meta property=\"og:title\" content=\"Ski alpin - Are 2019 : le programme complet des Mondiaux\" \/>\n<meta property=\"og:description\" content=\"Du 4 au 17 f\u00e9vrier, le gratin du ski alpin mondial se donne rendez-vous \u00e0 \u00c5re en Su\u00e8de pour les championnats du monde. Voici le programme d\u00e9taill\u00e9.\" \/>\n<meta property=\"og:url\" content=\"https:\/\/dicodusport.fr\/blog\/ski-alpin-are-2019-le-programme-complet-des-mondiaux\/\" \/>\n<meta property=\"og:site_name\" content=\"Dicodusport\" \/>\n<meta property=\"article:publisher\" content=\"https:\/\/www.facebook.com\/dicodusport\" \/>\n<meta property=\"article:author\" content=\"https:\/\/www.facebook.com\/florent.ostermann\" \/>\n<meta property=\"article:published_time\" content=\"2019-01-29T16:04:14+00:00\" \/>\n<meta property=\"article:modified_time\" content=\"2019-01-29T16:06:55+00:00\" \/>\n<meta property=\"og:image\" content=\"https:\/\/dicodusport.fr\/blog\/wp-content\/uploads\/2019\/01\/Programme-et-calendrier-Mondiaux-Ski-alpin-Are-2019.png\" \/>\n\t<meta property=\"og:image:width\" content=\"800\" \/>\n\t<meta property=\"og:image:height\" content=\"445\" \/>\n\t<meta property=\"og:image:type\" content=\"image\/png\" \/>\n<meta name=\"author\" content=\"Flo Ostermann\" \/>\n<meta name=\"twitter:card\" content=\"summary_large_image\" \/>\n<meta name=\"twitter:creator\" content=\"@https:\/\/twitter.com\/FlOstermann\" \/>\n<meta name=\"twitter:site\" content=\"@dicodusport\" \/>\n<script type=\"application\/ld+json\" class=\"yoast-schema-graph\">{\"@context\":\"https:\/\/schema.org\",\"@graph\":[{\"@type\":\"NewsArticle\",\"@id\":\"https:\/\/dicodusport.fr\/blog\/ski-alpin-are-2019-le-programme-complet-des-mondiaux\/#article\",\"isPartOf\":{\"@id\":\"https:\/\/dicodusport.fr\/blog\/ski-alpin-are-2019-le-programme-complet-des-mondiaux\/\"},\"author\":{\"name\":\"Flo Ostermann\",\"@id\":\"https:\/\/dicodusport.fr\/blog\/#\/schema\/person\/cb02af4c173ce4a653b55e9baf388d4a\"},\"headline\":\"Ski alpin &#8211; Are 2019 : le programme complet des Mondiaux\",\"datePublished\":\"2019-01-29T16:04:14+00:00\",\"dateModified\":\"2019-01-29T16:06:55+00:00\",\"mainEntityOfPage\":{\"@id\":\"https:\/\/dicodusport.fr\/blog\/ski-alpin-are-2019-le-programme-complet-des-mondiaux\/\"},\"wordCount\":188,\"commentCount\":0,\"publisher\":{\"@id\":\"https:\/\/dicodusport.fr\/blog\/#organization\"},\"image\":{\"@id\":\"https:\/\/dicodusport.fr\/blog\/ski-alpin-are-2019-le-programme-complet-des-mondiaux\/#primaryimage\"},\"thumbnailUrl\":\"https:\/\/dicodusport.fr\/blog\/wp-content\/uploads\/2019\/01\/Programme-et-calendrier-Mondiaux-Ski-alpin-Are-2019.png\",\"keywords\":[\"Ski alpin\"],\"articleSection\":[\"Actualit\u00e9s\",\"Sports d'hiver\"],\"inLanguage\":\"fr-FR\",\"potentialAction\":[{\"@type\":\"CommentAction\",\"name\":\"Comment\",\"target\":[\"https:\/\/dicodusport.fr\/blog\/ski-alpin-are-2019-le-programme-complet-des-mondiaux\/#respond\"]}],\"copyrightYear\":\"2019\",\"copyrightHolder\":{\"@id\":\"https:\/\/dicodusport.fr\/blog\/#organization\"}},{\"@type\":\"WebPage\",\"@id\":\"https:\/\/dicodusport.fr\/blog\/ski-alpin-are-2019-le-programme-complet-des-mondiaux\/\",\"url\":\"https:\/\/dicodusport.fr\/blog\/ski-alpin-are-2019-le-programme-complet-des-mondiaux\/\",\"name\":\"Ski alpin - Are 2019 : le programme complet des Mondiaux\",\"isPartOf\":{\"@id\":\"https:\/\/dicodusport.fr\/blog\/#website\"},\"primaryImageOfPage\":{\"@id\":\"https:\/\/dicodusport.fr\/blog\/ski-alpin-are-2019-le-programme-complet-des-mondiaux\/#primaryimage\"},\"image\":{\"@id\":\"https:\/\/dicodusport.fr\/blog\/ski-alpin-are-2019-le-programme-complet-des-mondiaux\/#primaryimage\"},\"thumbnailUrl\":\"https:\/\/dicodusport.fr\/blog\/wp-content\/uploads\/2019\/01\/Programme-et-calendrier-Mondiaux-Ski-alpin-Are-2019.png\",\"datePublished\":\"2019-01-29T16:04:14+00:00\",\"dateModified\":\"2019-01-29T16:06:55+00:00\",\"description\":\"Du 4 au 17 f\u00e9vrier, le gratin du ski alpin mondial se donne rendez-vous \u00e0 \u00c5re en Su\u00e8de pour les championnats du monde. Voici le programme d\u00e9taill\u00e9.\",\"breadcrumb\":{\"@id\":\"https:\/\/dicodusport.fr\/blog\/ski-alpin-are-2019-le-programme-complet-des-mondiaux\/#breadcrumb\"},\"inLanguage\":\"fr-FR\",\"potentialAction\":[{\"@type\":\"ReadAction\",\"target\":[\"https:\/\/dicodusport.fr\/blog\/ski-alpin-are-2019-le-programme-complet-des-mondiaux\/\"]}]},{\"@type\":\"ImageObject\",\"inLanguage\":\"fr-FR\",\"@id\":\"https:\/\/dicodusport.fr\/blog\/ski-alpin-are-2019-le-programme-complet-des-mondiaux\/#primaryimage\",\"url\":\"https:\/\/dicodusport.fr\/blog\/wp-content\/uploads\/2019\/01\/Programme-et-calendrier-Mondiaux-Ski-alpin-Are-2019.png\",\"contentUrl\":\"https:\/\/dicodusport.fr\/blog\/wp-content\/uploads\/2019\/01\/Programme-et-calendrier-Mondiaux-Ski-alpin-Are-2019.png\",\"width\":800,\"height\":445,\"caption\":\"Le pr\u00e9sident a l\u00e2ch\u00e9 les skieurs dans ses propos\"},{\"@type\":\"BreadcrumbList\",\"@id\":\"https:\/\/dicodusport.fr\/blog\/ski-alpin-are-2019-le-programme-complet-des-mondiaux\/#breadcrumb\",\"itemListElement\":[{\"@type\":\"ListItem\",\"position\":1,\"name\":\"Accueil\",\"item\":\"https:\/\/dicodusport.fr\/blog\/\"},{\"@type\":\"ListItem\",\"position\":2,\"name\":\"Ski alpin &#8211; Are 2019 : le programme complet des Mondiaux\"}]},{\"@type\":\"WebSite\",\"@id\":\"https:\/\/dicodusport.fr\/blog\/#website\",\"url\":\"https:\/\/dicodusport.fr\/blog\/\",\"name\":\"Dicodusport\",\"description\":\"L&#039;encyclop\u00e9die de l&#039;actualit\u00e9 sportive\",\"publisher\":{\"@id\":\"https:\/\/dicodusport.fr\/blog\/#organization\"},\"potentialAction\":[{\"@type\":\"SearchAction\",\"target\":{\"@type\":\"EntryPoint\",\"urlTemplate\":\"https:\/\/dicodusport.fr\/blog\/?s={search_term_string}\"},\"query-input\":{\"@type\":\"PropertyValueSpecification\",\"valueRequired\":true,\"valueName\":\"search_term_string\"}}],\"inLanguage\":\"fr-FR\"},{\"@type\":\"NewsMediaOrganization\",\"@id\":\"https:\/\/dicodusport.fr\/blog\/#organization\",\"name\":\"Dicodusport\",\"url\":\"https:\/\/dicodusport.fr\/blog\/\",\"logo\":{\"@type\":\"ImageObject\",\"inLanguage\":\"fr-FR\",\"@id\":\"https:\/\/dicodusport.fr\/blog\/#\/schema\/logo\/image\/\",\"url\":\"https:\/\/dicodusport.fr\/blog\/wp-content\/uploads\/2020\/06\/cropped-LOGO-DICODUSPORT-2020-SANS-FOND-SANS-TEXTE.png\",\"contentUrl\":\"https:\/\/dicodusport.fr\/blog\/wp-content\/uploads\/2020\/06\/cropped-LOGO-DICODUSPORT-2020-SANS-FOND-SANS-TEXTE.png\",\"width\":512,\"height\":512,\"caption\":\"Dicodusport\"},\"image\":{\"@id\":\"https:\/\/dicodusport.fr\/blog\/#\/schema\/logo\/image\/\"},\"sameAs\":[\"https:\/\/www.facebook.com\/dicodusport\",\"https:\/\/x.com\/dicodusport\",\"https:\/\/www.instagram.com\/dicodusport\/\",\"https:\/\/www.youtube.com\/channel\/UC7V2KZ5sd3htJivAbA4ZG3w\"],\"description\":\"Dicodusport est l'encyclop\u00e9die de l'actualit\u00e9 sportive.\",\"email\":\"bonjour@dicodusport.fr\",\"legalName\":\"DICODUSPORT\",\"foundingDate\":\"2018-01-14\",\"vatID\":\"FR71834470973\",\"taxID\":\"83447097300043\",\"numberOfEmployees\":{\"@type\":\"QuantitativeValue\",\"minValue\":\"1\",\"maxValue\":\"10\"}},{\"@type\":\"Person\",\"@id\":\"https:\/\/dicodusport.fr\/blog\/#\/schema\/person\/cb02af4c173ce4a653b55e9baf388d4a\",\"name\":\"Flo Ostermann\",\"image\":{\"@type\":\"ImageObject\",\"inLanguage\":\"fr-FR\",\"@id\":\"https:\/\/dicodusport.fr\/blog\/#\/schema\/person\/image\/\",\"url\":\"https:\/\/dicodusport.fr\/blog\/wp-content\/uploads\/2021\/05\/Flo-Ostermann-150x150.jpg\",\"contentUrl\":\"https:\/\/dicodusport.fr\/blog\/wp-content\/uploads\/2021\/05\/Flo-Ostermann-150x150.jpg\",\"caption\":\"Flo Ostermann\"},\"description\":\"Journaliste\/R\u00e9dacteur depuis septembre 2015 - Mes premiers souvenirs dans le sport ? Les envol\u00e9es du Stade Toulousain et les duels Villeneuve-Schumacher et H\u00e4kkinen-Schumacher \u00e0 la fin des ann\u00e9es 90, la Coupe du monde de football en 1998, l\u2019exploit du XV de France face aux All Blacks en 1999, mais aussi Richard C\u0153ur de Lion qui vole sur les montagnes du Tour de France. Bien parti pour devenir professeur d\u2019EPS, les \u00e9v\u00e9nements de la vie (et la flemme d\u2019animer des s\u00e9ances de 3x500 m\u00e8tres toute ma vie) m\u2019ont conduit \u00e0 revoir mes plans. Me voil\u00e0 depuis fin 2017 sur Dicodusport, m\u00e9dia gr\u00e2ce (et pour) lequel je partage ma passion : le sport dans tous ses \u00e9tats. Le tout accompagn\u00e9 par les fous furieux et folles furieuses cit\u00e9s sur cette page !\",\"sameAs\":[\"https:\/\/www.facebook.com\/florent.ostermann\",\"https:\/\/x.com\/https:\/\/twitter.com\/FlOstermann\",\"admin\"],\"url\":\"https:\/\/dicodusport.fr\/blog\/author\/flo\/\"}]}<\/script>\n<!-- \/ Yoast SEO Premium plugin. -->","yoast_head_json":{"title":"Ski alpin - Are 2019 : le programme complet des Mondiaux","description":"Du 4 au 17 f\u00e9vrier, le gratin du ski alpin mondial se donne rendez-vous \u00e0 \u00c5re en Su\u00e8de pour les championnats du monde. Voici le programme d\u00e9taill\u00e9.","robots":{"index":"index","follow":"follow","max-snippet":"max-snippet:-1","max-image-preview":"max-image-preview:large","max-video-preview":"max-video-preview:-1"},"canonical":"https:\/\/dicodusport.fr\/blog\/ski-alpin-are-2019-le-programme-complet-des-mondiaux\/","og_locale":"fr_FR","og_type":"article","og_title":"Ski alpin - Are 2019 : le programme complet des Mondiaux","og_description":"Du 4 au 17 f\u00e9vrier, le gratin du ski alpin mondial se donne rendez-vous \u00e0 \u00c5re en Su\u00e8de pour les championnats du monde. Voici le programme d\u00e9taill\u00e9.","og_url":"https:\/\/dicodusport.fr\/blog\/ski-alpin-are-2019-le-programme-complet-des-mondiaux\/","og_site_name":"Dicodusport","article_publisher":"https:\/\/www.facebook.com\/dicodusport","article_author":"https:\/\/www.facebook.com\/florent.ostermann","article_published_time":"2019-01-29T16:04:14+00:00","article_modified_time":"2019-01-29T16:06:55+00:00","og_image":[{"width":800,"height":445,"url":"https:\/\/dicodusport.fr\/blog\/wp-content\/uploads\/2019\/01\/Programme-et-calendrier-Mondiaux-Ski-alpin-Are-2019.png","type":"image\/png"}],"author":"Flo Ostermann","twitter_card":"summary_large_image","twitter_creator":"@https:\/\/twitter.com\/FlOstermann","twitter_site":"@dicodusport","schema":{"@context":"https:\/\/schema.org","@graph":[{"@type":"NewsArticle","@id":"https:\/\/dicodusport.fr\/blog\/ski-alpin-are-2019-le-programme-complet-des-mondiaux\/#article","isPartOf":{"@id":"https:\/\/dicodusport.fr\/blog\/ski-alpin-are-2019-le-programme-complet-des-mondiaux\/"},"author":{"name":"Flo Ostermann","@id":"https:\/\/dicodusport.fr\/blog\/#\/schema\/person\/cb02af4c173ce4a653b55e9baf388d4a"},"headline":"Ski alpin &#8211; Are 2019 : le programme complet des Mondiaux","datePublished":"2019-01-29T16:04:14+00:00","dateModified":"2019-01-29T16:06:55+00:00","mainEntityOfPage":{"@id":"https:\/\/dicodusport.fr\/blog\/ski-alpin-are-2019-le-programme-complet-des-mondiaux\/"},"wordCount":188,"commentCount":0,"publisher":{"@id":"https:\/\/dicodusport.fr\/blog\/#organization"},"image":{"@id":"https:\/\/dicodusport.fr\/blog\/ski-alpin-are-2019-le-programme-complet-des-mondiaux\/#primaryimage"},"thumbnailUrl":"https:\/\/dicodusport.fr\/blog\/wp-content\/uploads\/2019\/01\/Programme-et-calendrier-Mondiaux-Ski-alpin-Are-2019.png","keywords":["Ski alpin"],"articleSection":["Actualit\u00e9s","Sports d'hiver"],"inLanguage":"fr-FR","potentialAction":[{"@type":"CommentAction","name":"Comment","target":["https:\/\/dicodusport.fr\/blog\/ski-alpin-are-2019-le-programme-complet-des-mondiaux\/#respond"]}],"copyrightYear":"2019","copyrightHolder":{"@id":"https:\/\/dicodusport.fr\/blog\/#organization"}},{"@type":"WebPage","@id":"https:\/\/dicodusport.fr\/blog\/ski-alpin-are-2019-le-programme-complet-des-mondiaux\/","url":"https:\/\/dicodusport.fr\/blog\/ski-alpin-are-2019-le-programme-complet-des-mondiaux\/","name":"Ski alpin - Are 2019 : le programme complet des Mondiaux","isPartOf":{"@id":"https:\/\/dicodusport.fr\/blog\/#website"},"primaryImageOfPage":{"@id":"https:\/\/dicodusport.fr\/blog\/ski-alpin-are-2019-le-programme-complet-des-mondiaux\/#primaryimage"},"image":{"@id":"https:\/\/dicodusport.fr\/blog\/ski-alpin-are-2019-le-programme-complet-des-mondiaux\/#primaryimage"},"thumbnailUrl":"https:\/\/dicodusport.fr\/blog\/wp-content\/uploads\/2019\/01\/Programme-et-calendrier-Mondiaux-Ski-alpin-Are-2019.png","datePublished":"2019-01-29T16:04:14+00:00","dateModified":"2019-01-29T16:06:55+00:00","description":"Du 4 au 17 f\u00e9vrier, le gratin du ski alpin mondial se donne rendez-vous \u00e0 \u00c5re en Su\u00e8de pour les championnats du monde. Voici le programme d\u00e9taill\u00e9.","breadcrumb":{"@id":"https:\/\/dicodusport.fr\/blog\/ski-alpin-are-2019-le-programme-complet-des-mondiaux\/#breadcrumb"},"inLanguage":"fr-FR","potentialAction":[{"@type":"ReadAction","target":["https:\/\/dicodusport.fr\/blog\/ski-alpin-are-2019-le-programme-complet-des-mondiaux\/"]}]},{"@type":"ImageObject","inLanguage":"fr-FR","@id":"https:\/\/dicodusport.fr\/blog\/ski-alpin-are-2019-le-programme-complet-des-mondiaux\/#primaryimage","url":"https:\/\/dicodusport.fr\/blog\/wp-content\/uploads\/2019\/01\/Programme-et-calendrier-Mondiaux-Ski-alpin-Are-2019.png","contentUrl":"https:\/\/dicodusport.fr\/blog\/wp-content\/uploads\/2019\/01\/Programme-et-calendrier-Mondiaux-Ski-alpin-Are-2019.png","width":800,"height":445,"caption":"Le pr\u00e9sident a l\u00e2ch\u00e9 les skieurs dans ses propos"},{"@type":"BreadcrumbList","@id":"https:\/\/dicodusport.fr\/blog\/ski-alpin-are-2019-le-programme-complet-des-mondiaux\/#breadcrumb","itemListElement":[{"@type":"ListItem","position":1,"name":"Accueil","item":"https:\/\/dicodusport.fr\/blog\/"},{"@type":"ListItem","position":2,"name":"Ski alpin &#8211; Are 2019 : le programme complet des Mondiaux"}]},{"@type":"WebSite","@id":"https:\/\/dicodusport.fr\/blog\/#website","url":"https:\/\/dicodusport.fr\/blog\/","name":"Dicodusport","description":"L&#039;encyclop\u00e9die de l&#039;actualit\u00e9 sportive","publisher":{"@id":"https:\/\/dicodusport.fr\/blog\/#organization"},"potentialAction":[{"@type":"SearchAction","target":{"@type":"EntryPoint","urlTemplate":"https:\/\/dicodusport.fr\/blog\/?s={search_term_string}"},"query-input":{"@type":"PropertyValueSpecification","valueRequired":true,"valueName":"search_term_string"}}],"inLanguage":"fr-FR"},{"@type":"NewsMediaOrganization","@id":"https:\/\/dicodusport.fr\/blog\/#organization","name":"Dicodusport","url":"https:\/\/dicodusport.fr\/blog\/","logo":{"@type":"ImageObject","inLanguage":"fr-FR","@id":"https:\/\/dicodusport.fr\/blog\/#\/schema\/logo\/image\/","url":"https:\/\/dicodusport.fr\/blog\/wp-content\/uploads\/2020\/06\/cropped-LOGO-DICODUSPORT-2020-SANS-FOND-SANS-TEXTE.png","contentUrl":"https:\/\/dicodusport.fr\/blog\/wp-content\/uploads\/2020\/06\/cropped-LOGO-DICODUSPORT-2020-SANS-FOND-SANS-TEXTE.png","width":512,"height":512,"caption":"Dicodusport"},"image":{"@id":"https:\/\/dicodusport.fr\/blog\/#\/schema\/logo\/image\/"},"sameAs":["https:\/\/www.facebook.com\/dicodusport","https:\/\/x.com\/dicodusport","https:\/\/www.instagram.com\/dicodusport\/","https:\/\/www.youtube.com\/channel\/UC7V2KZ5sd3htJivAbA4ZG3w"],"description":"Dicodusport est l'encyclop\u00e9die de l'actualit\u00e9 sportive.","email":"bonjour@dicodusport.fr","legalName":"DICODUSPORT","foundingDate":"2018-01-14","vatID":"FR71834470973","taxID":"83447097300043","numberOfEmployees":{"@type":"QuantitativeValue","minValue":"1","maxValue":"10"}},{"@type":"Person","@id":"https:\/\/dicodusport.fr\/blog\/#\/schema\/person\/cb02af4c173ce4a653b55e9baf388d4a","name":"Flo Ostermann","image":{"@type":"ImageObject","inLanguage":"fr-FR","@id":"https:\/\/dicodusport.fr\/blog\/#\/schema\/person\/image\/","url":"https:\/\/dicodusport.fr\/blog\/wp-content\/uploads\/2021\/05\/Flo-Ostermann-150x150.jpg","contentUrl":"https:\/\/dicodusport.fr\/blog\/wp-content\/uploads\/2021\/05\/Flo-Ostermann-150x150.jpg","caption":"Flo Ostermann"},"description":"Journaliste\/R\u00e9dacteur depuis septembre 2015 - Mes premiers souvenirs dans le sport ? Les envol\u00e9es du Stade Toulousain et les duels Villeneuve-Schumacher et H\u00e4kkinen-Schumacher \u00e0 la fin des ann\u00e9es 90, la Coupe du monde de football en 1998, l\u2019exploit du XV de France face aux All Blacks en 1999, mais aussi Richard C\u0153ur de Lion qui vole sur les montagnes du Tour de France. Bien parti pour devenir professeur d\u2019EPS, les \u00e9v\u00e9nements de la vie (et la flemme d\u2019animer des s\u00e9ances de 3x500 m\u00e8tres toute ma vie) m\u2019ont conduit \u00e0 revoir mes plans. Me voil\u00e0 depuis fin 2017 sur Dicodusport, m\u00e9dia gr\u00e2ce (et pour) lequel je partage ma passion : le sport dans tous ses \u00e9tats. Le tout accompagn\u00e9 par les fous furieux et folles furieuses cit\u00e9s sur cette page !","sameAs":["https:\/\/www.facebook.com\/florent.ostermann","https:\/\/x.com\/https:\/\/twitter.com\/FlOstermann","admin"],"url":"https:\/\/dicodusport.fr\/blog\/author\/flo\/"}]}},"_links":{"self":[{"href":"https:\/\/dicodusport.fr\/blog\/wp-json\/wp\/v2\/posts\/32608","targetHints":{"allow":["GET"]}}],"collection":[{"href":"https:\/\/dicodusport.fr\/blog\/wp-json\/wp\/v2\/posts"}],"about":[{"href":"https:\/\/dicodusport.fr\/blog\/wp-json\/wp\/v2\/types\/post"}],"author":[{"embeddable":true,"href":"https:\/\/dicodusport.fr\/blog\/wp-json\/wp\/v2\/users\/4"}],"replies":[{"embeddable":true,"href":"https:\/\/dicodusport.fr\/blog\/wp-json\/wp\/v2\/comments?post=32608"}],"version-history":[{"count":0,"href":"https:\/\/dicodusport.fr\/blog\/wp-json\/wp\/v2\/posts\/32608\/revisions"}],"wp:featuredmedia":[{"embeddable":true,"href":"https:\/\/dicodusport.fr\/blog\/wp-json\/wp\/v2\/media\/32613"}],"wp:attachment":[{"href":"https:\/\/dicodusport.fr\/blog\/wp-json\/wp\/v2\/media?parent=32608"}],"wp:term":[{"taxonomy":"category","embeddable":true,"href":"https:\/\/dicodusport.fr\/blog\/wp-json\/wp\/v2\/categories?post=32608"},{"taxonomy":"post_tag","embeddable":true,"href":"https:\/\/dicodusport.fr\/blog\/wp-json\/wp\/v2\/tags?post=32608"}],"curies":[{"name":"wp","href":"https:\/\/api.w.org\/{rel}","templated":true}]}}