{"id":32869,"date":"2019-02-04T10:50:31","date_gmt":"2019-02-04T09:50:31","guid":{"rendered":"http:\/\/dicodusport.fr\/blog\/?p=32869"},"modified":"2021-05-03T15:49:13","modified_gmt":"2021-05-03T13:49:13","slug":"ligue-1-23eme-journee-losc-et-ol-de-gala-lom-au-plus-bas","status":"publish","type":"post","link":"https:\/\/dicodusport.fr\/blog\/ligue-1-23eme-journee-losc-et-ol-de-gala-lom-au-plus-bas\/","title":{"rendered":"Ligue 1 Conforama &#8211; 23\u00e8me journ\u00e9e : LOSC et OL de gala, l&rsquo;OM au plus bas"},"content":{"rendered":"<p style=\"text-align: justify;\"><strong><i>La 23\u00e8me journ\u00e9e de Ligue 1 Conforama, avec 7 matchs au programme, a tenu ses promesses en terme de spectacle et de jeu. Entre le bon match nul entre N\u00eemes et Montpellier dans le derby du Languedoc et la conclusion parfaite entre Lyon et Paris, la Ligue 1 Conforama retrouve des couleurs. \u00a0<\/i><\/strong><\/p>\n<h1 style=\"text-align: justify;\">Un podium au niveau, l&rsquo;OM n&rsquo;y est pas<\/h1>\n<p style=\"text-align: justify;\">Le choc hier soir entre l&rsquo;OL et le PSG a livr\u00e9 toutes ses promesses. Du jeu, du spectacle, du talent, les amateurs de Ligue 1 Conforama se sont r\u00e9gal\u00e9s sur cette victoire logique de l&rsquo;Olympique Lyonnais (2-1, Di Maria 7&prime; \/ Demb\u00e9l\u00e9 33&prime;, F\u00e9kir 49&prime; pen). Qu&rsquo;il est difficile de suivre l&rsquo;OL cette saison. Tellement efficaces et productifs dans les grands matchs comme hier et tellement moyens contre les \u00e9quipes du bas de tableau, les Lyonnais ont montr\u00e9 hier la voie \u00e0 suivre \u00e0 Ole Gunnar Solskjaer et Manchester United, pr\u00e9sent en tribunes. Un pressing parfait, un jeu vers l&rsquo;avant sans faille, un repli d\u00e9fensif int\u00e9ressant m\u00eame si le d\u00e9s\u00e9quilibre \u00e9tait parfois \u00e9norme. On notera encore une fois la qualit\u00e9 de la jeunesse lyonnaise, de Lopes \u00e0 Fekir en passant par Ndomb\u00e9l\u00e9. Premi\u00e8re d\u00e9faite de la saison pour le PSG.<\/p>\n<p style=\"text-align: justify;\">Lille n&rsquo;\u00e9tait visiblement pas qu&rsquo;un effet de mode. Emmen\u00e9 par un Nicolas P\u00e9p\u00e9 encore monstrueux, le LOSC n&rsquo;a laiss\u00e9 aucune chance \u00e0 Nice vendredi soir au stade Pierre Mauroy (4-0, Leao 8&prime;, P\u00e9p\u00e9 37&prime;, Bamba 75&prime;, R\u00e9my 90+4&prime;). Une victoire acquise face aux hommes de Patrick Vieira qui n&rsquo;ont pas trouv\u00e9 les solutions face \u00e0 l&rsquo;organisation des Dogues. Christophe Galtier et les Lillois s&rsquo;approchent d&rsquo;une concr\u00e9tisation europ\u00e9enne.<\/p>\n<p style=\"text-align: justify;\">En parlant de podium, l&rsquo;OM en est tr\u00e8s loin. D\u00e9j\u00e0 au classement (10\u00e8me, 31 points), mais aussi en terme de niveau et d&rsquo;\u00e9tat d&rsquo;esprit. Incapables de malmener Reims au stade Auguste Delaune, les Olympiens ont m\u00eame \u00e9t\u00e9 d\u00e9faits par des R\u00e9mois comme toujours conqu\u00e9rants et organis\u00e9s (2-1, Dingom\u00e9 21&prime;, Suk 68&prime; \/ Njie 86&prime;). Avec un Balotelli isol\u00e9 et sans Thauvin ni Payet, les Phoc\u00e9ens sont rest\u00e9s sans solutions, comme souvent cette saison. L&rsquo;OM ne sort pas de la crise, malgr\u00e9 les chants de supporters, de retour \u00e0 Reims, en note positive.<\/p>\n<div id=\"attachment_32875\" style=\"width: 739px\" class=\"wp-caption aligncenter\"><img loading=\"lazy\" decoding=\"async\" aria-describedby=\"caption-attachment-32875\" class=\" wp-image-32875\" src=\"http:\/\/dicodusport.fr\/blog\/wp-content\/uploads\/2019\/02\/LOSC-Nice.jpg\" alt=\"\" width=\"729\" height=\"467\" srcset=\"https:\/\/dicodusport.fr\/blog\/wp-content\/uploads\/2019\/02\/LOSC-Nice.jpg 640w, https:\/\/dicodusport.fr\/blog\/wp-content\/uploads\/2019\/02\/LOSC-Nice-300x192.jpg 300w\" sizes=\"auto, (max-width: 729px) 100vw, 729px\" \/><p id=\"caption-attachment-32875\" class=\"wp-caption-text\">Avec cette victoire 4-0, le LOSC consolide sa place sur le podium &#8211; AFP<\/p><\/div>\n<h1 style=\"text-align: justify;\">Monaco, enfin !<\/h1>\n<p style=\"text-align: justify;\">Que de \u00ab\u00a0premi\u00e8res\u00a0\u00bb au stade Louis II de Monaco ce samedi ! Entre la premi\u00e8re victoire \u00e0 domicile de la saison face \u00e0 Toulouse (2-1), la premi\u00e8re victoire de Jardim pour son retour en championnat, le premier but en championnat de la recrue Cesc Fabregas&#8230; Monaco devient barragiste (18\u00e8me avec 18 points \u00e0 \u00e9galit\u00e9 avec Amiens 19\u00e8me et Caen 17\u00e8me, qui poss\u00e8de un match en moins). Dans une rencontre o\u00f9 les recrues ont fait la diff\u00e9rence (Golovin 15&prime;, Fabregas 62&prime;), Toulouse n&rsquo;a pas facilit\u00e9 la t\u00e2che des Mon\u00e9gasques qui semblent toujours convalescents. Mais la r\u00e9ussite a tourn\u00e9 quelque peu pour les hommes de Jardim, qui ont vu le poteau sauver Subasic en fin de rencontre. Des signes encourageants pour Monaco, tout comme les recrues qui semblent s&rsquo;adapter rapidement. Les signaux sont presque au vert en Principaut\u00e9.<\/p>\n<div id=\"attachment_32876\" style=\"width: 630px\" class=\"wp-caption aligncenter\"><img loading=\"lazy\" decoding=\"async\" aria-describedby=\"caption-attachment-32876\" class=\"size-full wp-image-32876\" src=\"http:\/\/dicodusport.fr\/blog\/wp-content\/uploads\/2019\/02\/Fabregas-monaco.jpg\" alt=\"\" width=\"620\" height=\"280\" srcset=\"https:\/\/dicodusport.fr\/blog\/wp-content\/uploads\/2019\/02\/Fabregas-monaco.jpg 620w, https:\/\/dicodusport.fr\/blog\/wp-content\/uploads\/2019\/02\/Fabregas-monaco-300x135.jpg 300w\" sizes=\"auto, (max-width: 620px) 100vw, 620px\" \/><p id=\"caption-attachment-32876\" class=\"wp-caption-text\">Avec Cesc Fabregas en buteur, Monaco se donne de l&rsquo;air au classement &#8211; LFP<\/p><\/div>\n<h1 style=\"text-align: justify;\">Le joueur : Jason Denayer, muraille belge \u00e0 Lyon<\/h1>\n<p style=\"text-align: justify;\">Choix par d\u00e9faut cet \u00e9t\u00e9 (?), Jason Denayer continue d&rsquo;impressionner sous le maillot de Lyon cette saison. Pas toujours acad\u00e9mique mais tr\u00e8s efficace, le d\u00e9fenseur central a r\u00e9alis\u00e9 une performance XXL face au PSG hier soir. \u00c0 seulement 23 ans, il stabilise une d\u00e9fense lyonnaise qui en avait bien besoin, notamment avec la baisse de r\u00e9gime de Marcelo. Il n&rsquo;a pas sourcill\u00e9 hier face \u00e0 Cavani, Mbapp\u00e9 entre autres, sauvant m\u00eame un but sur sa ligne \u00e0 1-1.<\/p>\n<h1 style=\"text-align: justify;\">Pour les parieurs, le coup qu&rsquo;il fallait tenter : Lyon fait d\u00e9jouer le PSG, comme souvent \u00e0 domicile<\/h1>\n<p style=\"text-align: justify;\">Qu&rsquo;il \u00e9tait tentant de jouer le PSG, cot\u00e9 quasiment \u00e0 2 sur les diff\u00e9rents sites de paris sportifs ! Mais les Lyonnais, comme depuis quelques temps, donnent du fil \u00e0 retordre au Paris Saint-Germain au Parc OL. Dans un match o\u00f9 les hommes de Genesio \u00e9taient men\u00e9s 0-1 sur un but de Di Maria, Lyon n&rsquo;a pas sourcill\u00e9 et a m\u00e9rit\u00e9 sa victoire finale 2-1.<\/p>\n<div id=\"attachment_32879\" style=\"width: 1034px\" class=\"wp-caption aligncenter\"><img loading=\"lazy\" decoding=\"async\" aria-describedby=\"caption-attachment-32879\" class=\"size-full wp-image-32879\" src=\"http:\/\/dicodusport.fr\/blog\/wp-content\/uploads\/2019\/02\/Bruno-Genesio.jpg\" alt=\"\" width=\"1024\" height=\"682\" srcset=\"https:\/\/dicodusport.fr\/blog\/wp-content\/uploads\/2019\/02\/Bruno-Genesio.jpg 1024w, https:\/\/dicodusport.fr\/blog\/wp-content\/uploads\/2019\/02\/Bruno-Genesio-300x200.jpg 300w, https:\/\/dicodusport.fr\/blog\/wp-content\/uploads\/2019\/02\/Bruno-Genesio-768x512.jpg 768w\" sizes=\"auto, (max-width: 1024px) 100vw, 1024px\" \/><p id=\"caption-attachment-32879\" class=\"wp-caption-text\">AFP<\/p><\/div>\n<h1 style=\"text-align: justify;\">Les r\u00e9sultats<\/h1>\n<div class=\"su-table su-table-alternate\"><\/div>\n<table style=\"width: 800px; border-collapse: collapse;\" border=\"1\">\n<tbody>\n<tr style=\"height: 22px;\">\n<td style=\"width: 340px; height: 22px; text-align: center; border-color: #e6e6e6;\"><strong><span style=\"color: #000000;\">Lille<\/span><\/strong><\/td>\n<td style=\"width: 140px; height: 22px; text-align: center; border-color: #e6e6e6;\"><span style=\"color: #000000;\">4-0<\/span><\/td>\n<td style=\"width: 320px; height: 22px; text-align: center; border-color: #e6e6e6;\"><span style=\"color: #000000;\">Nice<\/span><\/td>\n<\/tr>\n<tr style=\"height: 22px;\">\n<td style=\"width: 340px; height: 22px; text-align: center; border-color: #e6e6e6;\"><strong><span style=\"color: #000000;\">Angers<\/span><\/strong><\/td>\n<td style=\"width: 140px; height: 22px; text-align: center; border-color: #e6e6e6;\"><span style=\"color: #000000;\">1-0<\/span><\/td>\n<td style=\"width: 320px; height: 22px; text-align: center; border-color: #e6e6e6;\"><span style=\"color: #000000;\">Dijon<\/span><\/td>\n<\/tr>\n<tr style=\"height: 22px;\">\n<td style=\"width: 340px; height: 22px; text-align: center; border-color: #e6e6e6;\"><strong><span style=\"color: #000000;\">Monaco<\/span><\/strong><\/td>\n<td style=\"width: 140px; height: 22px; text-align: center; border-color: #e6e6e6;\"><span style=\"color: #000000;\">0-3<\/span><\/td>\n<td style=\"width: 320px; height: 22px; text-align: center; border-color: #e6e6e6;\"><span style=\"color: #000000;\">Toulouse<\/span><\/td>\n<\/tr>\n<tr style=\"height: 22px;\">\n<td style=\"width: 340px; height: 22px; text-align: center; border-color: #e6e6e6;\"><strong><span style=\"color: #000000;\">Reims<\/span><\/strong><\/td>\n<td style=\"width: 140px; height: 22px; text-align: center; border-color: #e6e6e6;\"><span style=\"color: #000000;\">2-1<\/span><\/td>\n<td style=\"width: 320px; height: 22px; text-align: center; border-color: #e6e6e6;\"><span style=\"color: #000000;\">Marseille<\/span><\/td>\n<\/tr>\n<tr style=\"height: 22px;\">\n<td style=\"width: 340px; height: 22px; text-align: center; border-color: #e6e6e6;\"><span style=\"color: #000000;\">N\u00eemes<\/span><\/td>\n<td style=\"width: 140px; height: 22px; text-align: center; border-color: #e6e6e6;\"><span style=\"color: #000000;\">1-1<\/span><\/td>\n<td style=\"width: 320px; height: 22px; text-align: center; border-color: #e6e6e6;\"><span style=\"color: #000000;\">Montpellier<\/span><\/td>\n<\/tr>\n<tr style=\"height: 22px;\">\n<td style=\"width: 340px; height: 22px; text-align: center; border-color: #e6e6e6;\"><strong><span style=\"color: #000000;\">Lyon<\/span><\/strong><\/td>\n<td style=\"width: 140px; height: 22px; text-align: center; border-color: #e6e6e6;\"><span style=\"color: #000000;\">2-1<\/span><\/td>\n<td style=\"width: 320px; height: 22px; text-align: center; border-color: #e6e6e6;\"><span style=\"color: #000000;\">Paris<\/span><\/td>\n<\/tr>\n<tr style=\"height: 22px;\">\n<td style=\"width: 340px; height: 22px; text-align: center; border-color: #e6e6e6;\"><strong><span style=\"color: #000000;\">Rennes<\/span><\/strong><\/td>\n<td style=\"width: 140px; height: 22px; text-align: center; border-color: #e6e6e6;\"><span style=\"color: #000000;\">1-0<\/span><\/td>\n<td style=\"width: 320px; height: 22px; text-align: center; border-color: #e6e6e6;\"><span style=\"color: #000000;\">Amiens<\/span><\/td>\n<\/tr>\n<tr style=\"height: 22px;\">\n<td style=\"width: 340px; height: 22px; text-align: center; border-color: #e6e6e6;\"><span style=\"color: #000000;\">Saint-Etienne<\/span><\/td>\n<td style=\"width: 140px; height: 22px; text-align: center; border-color: #e6e6e6;\"><span style=\"color: #000000;\">Report\u00e9<\/span><\/td>\n<td style=\"width: 320px; height: 22px; text-align: center; border-color: #e6e6e6;\"><strong><span style=\"color: #000000;\">Strasbourg<\/span><\/strong><\/td>\n<\/tr>\n<tr style=\"height: 22px;\">\n<td style=\"width: 340px; height: 22px; text-align: center; border-color: #e6e6e6;\"><span style=\"color: #000000;\">Caen\u00a0<\/span><\/td>\n<td style=\"width: 140px; height: 22px; text-align: center; border-color: #e6e6e6;\"><span style=\"color: #000000;\">13\/02<\/span><\/td>\n<td style=\"width: 320px; height: 22px; text-align: center; border-color: #e6e6e6;\"><span style=\"color: #000000;\">Nantes<\/span><\/td>\n<\/tr>\n<tr style=\"height: 22px;\">\n<td style=\"width: 340px; height: 18px; text-align: center; border-color: #e6e6e6;\"><span style=\"color: #000000;\">Bordeaux<\/span><\/td>\n<td style=\"width: 140px; height: 18px; text-align: center; border-color: #e6e6e6;\"><span style=\"color: #000000;\">20\/02<\/span><\/td>\n<td style=\"width: 320px; height: 18px; text-align: center; border-color: #e6e6e6;\"><span style=\"color: #000000;\">Guingamp<\/span><\/td>\n<\/tr>\n<\/tbody>\n<\/table>\n<h1>Le classement :<\/h1>\n<div id=\"attachment_32871\" style=\"width: 555px\" class=\"wp-caption aligncenter\"><img loading=\"lazy\" decoding=\"async\" aria-describedby=\"caption-attachment-32871\" class=\"size-full wp-image-32871\" src=\"http:\/\/dicodusport.fr\/blog\/wp-content\/uploads\/2019\/02\/Classement-J23.png\" alt=\"\" width=\"545\" height=\"542\" srcset=\"https:\/\/dicodusport.fr\/blog\/wp-content\/uploads\/2019\/02\/Classement-J23.png 545w, https:\/\/dicodusport.fr\/blog\/wp-content\/uploads\/2019\/02\/Classement-J23-150x150.png 150w, https:\/\/dicodusport.fr\/blog\/wp-content\/uploads\/2019\/02\/Classement-J23-300x298.png 300w\" sizes=\"auto, (max-width: 545px) 100vw, 545px\" \/><p id=\"caption-attachment-32871\" class=\"wp-caption-text\">Classement de la 23\u00e8me journ\u00e9e &#8211; LFP<\/p><\/div>\n<h1 style=\"text-align: justify;\">Cette semaine, l&rsquo;OM joue gros :<\/h1>\n<p style=\"text-align: justify;\">En match en retard de la 18\u00e8me journ\u00e9e, l&rsquo;Olympique de Marseille accueille dans un Orange V\u00e9lodrome \u00e0 huis clos les Girondins de Bordeaux, mardi \u00e0 19h. Une rencontre de haute importance pour les hommes de Rudi Garcia qui sont dans une spirale n\u00e9gative et qui s&rsquo;\u00e9loignent des places europ\u00e9ennes.<\/p>\n<h1 style=\"text-align: justify;\">La prochaine journ\u00e9e :<\/h1>\n<p style=\"text-align: center;\"><em><strong>Vendredi 8 f\u00e9vrier :<\/strong><\/em><\/p>\n<p style=\"text-align: center;\">Dijon &#8211; Marseille<\/p>\n<p style=\"text-align: center;\"><em><strong>Samedi 9 f\u00e9vrier :\u00a0<\/strong><\/em><\/p>\n<p style=\"text-align: center;\">Paris &#8211; Bordeaux<\/p>\n<p style=\"text-align: center;\">Amiens &#8211; Caen<\/p>\n<p style=\"text-align: center;\">Nantes &#8211; N\u00eemes<\/p>\n<p style=\"text-align: center;\">\u00a0Strasbourg &#8211; Angers<\/p>\n<p style=\"text-align: center;\"><em><strong>Dimanche 10 f\u00e9vrier:\u00a0<\/strong><\/em><\/p>\n<p style=\"text-align: center;\">\u00a0Montpellier &#8211; Monaco<\/p>\n<p style=\"text-align: center;\">Toulouse &#8211; Reims<\/p>\n<p style=\"text-align: center;\">Guingamp &#8211; Lille<\/p>\n<p style=\"text-align: center;\">Rennes &#8211; Saint-Etienne<\/p>\n<p style=\"text-align: center;\">Nice &#8211; Lyon<\/p>\n<p>&nbsp;<\/p>\n<p><em><strong>Romain Delanis<br \/>\n<\/strong><\/em><em><strong><a href=\"https:\/\/twitter.com\/RDelanis\" target=\"_blank\" rel=\"noopener noreferrer\"><img loading=\"lazy\" decoding=\"async\" class=\"alignnone wp-image-2908\" src=\"http:\/\/dicodusport.fr\/blog\/wp-content\/uploads\/2017\/07\/logo-twitter-150x150.png\" alt=\"\" width=\"39\" height=\"39\" \/><\/a><\/strong><\/em><\/p>\n","protected":false},"excerpt":{"rendered":"<p>La 23\u00e8me journ\u00e9e de Ligue 1 Conforama, avec 7 matchs au programme, a tenu ses promesses en terme de spectacle et de jeu.<\/p>\n","protected":false},"author":14,"featured_media":32882,"comment_status":"open","ping_status":"closed","sticky":false,"template":"","format":"standard","meta":{"_acf_changed":false,"_daextam_enable_autolinks":"","footnotes":""},"categories":[2,2301],"tags":[1691,75,4883,2391,1069,4335,1145,1889,910],"class_list":["post-32869","post","type-post","status-publish","format-standard","has-post-thumbnail","hentry","category-actualites","category-football","tag-as-monaco","tag-football","tag-ligue-1-conforama","tag-losc","tag-montpellier","tag-nimes","tag-ol","tag-om","tag-psg"],"acf":[],"yoast_head":"<!-- This site is optimized with the Yoast SEO Premium plugin v26.7 (Yoast SEO v26.7) - https:\/\/yoast.com\/wordpress\/plugins\/seo\/ -->\n<title>Ligue 1 Conforama - 23\u00e8me journ\u00e9e : LOSC et OL de gala, l&#039;OM au plus bas<\/title>\n<meta name=\"description\" content=\"La 23\u00e8me journ\u00e9e de Ligue 1 Conforama, avec 7 matchs au programme, a tenu ses promesses en terme de spectacle et de jeu.\" \/>\n<meta name=\"robots\" content=\"index, follow, max-snippet:-1, max-image-preview:large, max-video-preview:-1\" \/>\n<link rel=\"canonical\" href=\"https:\/\/dicodusport.fr\/blog\/ligue-1-23eme-journee-losc-et-ol-de-gala-lom-au-plus-bas\/\" \/>\n<meta property=\"og:locale\" content=\"fr_FR\" \/>\n<meta property=\"og:type\" content=\"article\" \/>\n<meta property=\"og:title\" content=\"Ligue 1 Conforama - 23\u00e8me journ\u00e9e : LOSC et OL de gala, l&#039;OM au plus bas\" \/>\n<meta property=\"og:description\" content=\"La 23\u00e8me journ\u00e9e de Ligue 1 Conforama, avec 7 matchs au programme, a tenu ses promesses en terme de spectacle et de jeu.\" \/>\n<meta property=\"og:url\" content=\"https:\/\/dicodusport.fr\/blog\/ligue-1-23eme-journee-losc-et-ol-de-gala-lom-au-plus-bas\/\" \/>\n<meta property=\"og:site_name\" content=\"Dicodusport\" \/>\n<meta property=\"article:publisher\" content=\"https:\/\/www.facebook.com\/dicodusport\" \/>\n<meta property=\"article:published_time\" content=\"2019-02-04T09:50:31+00:00\" \/>\n<meta property=\"article:modified_time\" content=\"2021-05-03T13:49:13+00:00\" \/>\n<meta property=\"og:image\" content=\"https:\/\/dicodusport.fr\/blog\/wp-content\/uploads\/2019\/02\/Ligue-1-r\u00e9sum\u00e9-23\u00e8me-journ\u00e9e.png\" \/>\n\t<meta property=\"og:image:width\" content=\"800\" \/>\n\t<meta property=\"og:image:height\" content=\"445\" \/>\n\t<meta property=\"og:image:type\" content=\"image\/png\" \/>\n<meta name=\"author\" content=\"Romain Delanis\" \/>\n<meta name=\"twitter:card\" content=\"summary_large_image\" \/>\n<meta name=\"twitter:creator\" content=\"@https:\/\/twitter.com\/RDelanis\" \/>\n<meta name=\"twitter:site\" content=\"@dicodusport\" \/>\n<script type=\"application\/ld+json\" class=\"yoast-schema-graph\">{\"@context\":\"https:\/\/schema.org\",\"@graph\":[{\"@type\":\"NewsArticle\",\"@id\":\"https:\/\/dicodusport.fr\/blog\/ligue-1-23eme-journee-losc-et-ol-de-gala-lom-au-plus-bas\/#article\",\"isPartOf\":{\"@id\":\"https:\/\/dicodusport.fr\/blog\/ligue-1-23eme-journee-losc-et-ol-de-gala-lom-au-plus-bas\/\"},\"author\":{\"name\":\"Romain Delanis\",\"@id\":\"https:\/\/dicodusport.fr\/blog\/#\/schema\/person\/8c78730a59f8a1e617f7a19026ebc14a\"},\"headline\":\"Ligue 1 Conforama &#8211; 23\u00e8me journ\u00e9e : LOSC et OL de gala, l&rsquo;OM au plus bas\",\"datePublished\":\"2019-02-04T09:50:31+00:00\",\"dateModified\":\"2021-05-03T13:49:13+00:00\",\"mainEntityOfPage\":{\"@id\":\"https:\/\/dicodusport.fr\/blog\/ligue-1-23eme-journee-losc-et-ol-de-gala-lom-au-plus-bas\/\"},\"wordCount\":922,\"commentCount\":0,\"publisher\":{\"@id\":\"https:\/\/dicodusport.fr\/blog\/#organization\"},\"image\":{\"@id\":\"https:\/\/dicodusport.fr\/blog\/ligue-1-23eme-journee-losc-et-ol-de-gala-lom-au-plus-bas\/#primaryimage\"},\"thumbnailUrl\":\"https:\/\/dicodusport.fr\/blog\/wp-content\/uploads\/2019\/02\/Ligue-1-r\u00e9sum\u00e9-23\u00e8me-journ\u00e9e.png\",\"keywords\":[\"AS Monaco\",\"Football\",\"Ligue 1 Conforama\",\"LOSC\",\"Montpellier\",\"N\u00eemes\",\"OL\",\"OM\",\"PSG\"],\"articleSection\":[\"Actualit\u00e9s\",\"Football\"],\"inLanguage\":\"fr-FR\",\"potentialAction\":[{\"@type\":\"CommentAction\",\"name\":\"Comment\",\"target\":[\"https:\/\/dicodusport.fr\/blog\/ligue-1-23eme-journee-losc-et-ol-de-gala-lom-au-plus-bas\/#respond\"]}],\"copyrightYear\":\"2019\",\"copyrightHolder\":{\"@id\":\"https:\/\/dicodusport.fr\/blog\/#organization\"}},{\"@type\":\"WebPage\",\"@id\":\"https:\/\/dicodusport.fr\/blog\/ligue-1-23eme-journee-losc-et-ol-de-gala-lom-au-plus-bas\/\",\"url\":\"https:\/\/dicodusport.fr\/blog\/ligue-1-23eme-journee-losc-et-ol-de-gala-lom-au-plus-bas\/\",\"name\":\"Ligue 1 Conforama - 23\u00e8me journ\u00e9e : LOSC et OL de gala, l'OM au plus bas\",\"isPartOf\":{\"@id\":\"https:\/\/dicodusport.fr\/blog\/#website\"},\"primaryImageOfPage\":{\"@id\":\"https:\/\/dicodusport.fr\/blog\/ligue-1-23eme-journee-losc-et-ol-de-gala-lom-au-plus-bas\/#primaryimage\"},\"image\":{\"@id\":\"https:\/\/dicodusport.fr\/blog\/ligue-1-23eme-journee-losc-et-ol-de-gala-lom-au-plus-bas\/#primaryimage\"},\"thumbnailUrl\":\"https:\/\/dicodusport.fr\/blog\/wp-content\/uploads\/2019\/02\/Ligue-1-r\u00e9sum\u00e9-23\u00e8me-journ\u00e9e.png\",\"datePublished\":\"2019-02-04T09:50:31+00:00\",\"dateModified\":\"2021-05-03T13:49:13+00:00\",\"description\":\"La 23\u00e8me journ\u00e9e de Ligue 1 Conforama, avec 7 matchs au programme, a tenu ses promesses en terme de spectacle et de jeu.\",\"breadcrumb\":{\"@id\":\"https:\/\/dicodusport.fr\/blog\/ligue-1-23eme-journee-losc-et-ol-de-gala-lom-au-plus-bas\/#breadcrumb\"},\"inLanguage\":\"fr-FR\",\"potentialAction\":[{\"@type\":\"ReadAction\",\"target\":[\"https:\/\/dicodusport.fr\/blog\/ligue-1-23eme-journee-losc-et-ol-de-gala-lom-au-plus-bas\/\"]}]},{\"@type\":\"ImageObject\",\"inLanguage\":\"fr-FR\",\"@id\":\"https:\/\/dicodusport.fr\/blog\/ligue-1-23eme-journee-losc-et-ol-de-gala-lom-au-plus-bas\/#primaryimage\",\"url\":\"https:\/\/dicodusport.fr\/blog\/wp-content\/uploads\/2019\/02\/Ligue-1-r\u00e9sum\u00e9-23\u00e8me-journ\u00e9e.png\",\"contentUrl\":\"https:\/\/dicodusport.fr\/blog\/wp-content\/uploads\/2019\/02\/Ligue-1-r\u00e9sum\u00e9-23\u00e8me-journ\u00e9e.png\",\"width\":800,\"height\":445},{\"@type\":\"BreadcrumbList\",\"@id\":\"https:\/\/dicodusport.fr\/blog\/ligue-1-23eme-journee-losc-et-ol-de-gala-lom-au-plus-bas\/#breadcrumb\",\"itemListElement\":[{\"@type\":\"ListItem\",\"position\":1,\"name\":\"Accueil\",\"item\":\"https:\/\/dicodusport.fr\/blog\/\"},{\"@type\":\"ListItem\",\"position\":2,\"name\":\"Ligue 1 Conforama &#8211; 23\u00e8me journ\u00e9e : LOSC et OL de gala, l&rsquo;OM au plus bas\"}]},{\"@type\":\"WebSite\",\"@id\":\"https:\/\/dicodusport.fr\/blog\/#website\",\"url\":\"https:\/\/dicodusport.fr\/blog\/\",\"name\":\"Dicodusport\",\"description\":\"L&#039;encyclop\u00e9die de l&#039;actualit\u00e9 sportive\",\"publisher\":{\"@id\":\"https:\/\/dicodusport.fr\/blog\/#organization\"},\"potentialAction\":[{\"@type\":\"SearchAction\",\"target\":{\"@type\":\"EntryPoint\",\"urlTemplate\":\"https:\/\/dicodusport.fr\/blog\/?s={search_term_string}\"},\"query-input\":{\"@type\":\"PropertyValueSpecification\",\"valueRequired\":true,\"valueName\":\"search_term_string\"}}],\"inLanguage\":\"fr-FR\"},{\"@type\":\"NewsMediaOrganization\",\"@id\":\"https:\/\/dicodusport.fr\/blog\/#organization\",\"name\":\"Dicodusport\",\"url\":\"https:\/\/dicodusport.fr\/blog\/\",\"logo\":{\"@type\":\"ImageObject\",\"inLanguage\":\"fr-FR\",\"@id\":\"https:\/\/dicodusport.fr\/blog\/#\/schema\/logo\/image\/\",\"url\":\"https:\/\/dicodusport.fr\/blog\/wp-content\/uploads\/2020\/06\/cropped-LOGO-DICODUSPORT-2020-SANS-FOND-SANS-TEXTE.png\",\"contentUrl\":\"https:\/\/dicodusport.fr\/blog\/wp-content\/uploads\/2020\/06\/cropped-LOGO-DICODUSPORT-2020-SANS-FOND-SANS-TEXTE.png\",\"width\":512,\"height\":512,\"caption\":\"Dicodusport\"},\"image\":{\"@id\":\"https:\/\/dicodusport.fr\/blog\/#\/schema\/logo\/image\/\"},\"sameAs\":[\"https:\/\/www.facebook.com\/dicodusport\",\"https:\/\/x.com\/dicodusport\",\"https:\/\/www.instagram.com\/dicodusport\/\",\"https:\/\/www.youtube.com\/channel\/UC7V2KZ5sd3htJivAbA4ZG3w\"],\"description\":\"Dicodusport est l'encyclop\u00e9die de l'actualit\u00e9 sportive.\",\"email\":\"bonjour@dicodusport.fr\",\"legalName\":\"DICODUSPORT\",\"foundingDate\":\"2018-01-14\",\"vatID\":\"FR71834470973\",\"taxID\":\"83447097300043\",\"numberOfEmployees\":{\"@type\":\"QuantitativeValue\",\"minValue\":\"1\",\"maxValue\":\"10\"}},{\"@type\":\"Person\",\"@id\":\"https:\/\/dicodusport.fr\/blog\/#\/schema\/person\/8c78730a59f8a1e617f7a19026ebc14a\",\"name\":\"Romain Delanis\",\"image\":{\"@type\":\"ImageObject\",\"inLanguage\":\"fr-FR\",\"@id\":\"https:\/\/dicodusport.fr\/blog\/#\/schema\/person\/image\/\",\"url\":\"https:\/\/dicodusport.fr\/blog\/wp-content\/uploads\/2021\/05\/Romain-Delanis-150x150.jpg\",\"contentUrl\":\"https:\/\/dicodusport.fr\/blog\/wp-content\/uploads\/2021\/05\/Romain-Delanis-150x150.jpg\",\"caption\":\"Romain Delanis\"},\"description\":\"Journaliste\/R\u00e9dacteur depuis novembre 2015 - Capable de passer un samedi apr\u00e8s-midi devant la Ligue 2 puis le biathlon sans oublier la finale de l\u2019ATP Rotterdam, j\u2019aime aussi mettre mon r\u00e9veil pour me faire un Pistons\/Bulls qui rappelle de bons souvenirs. Tout cela, j\u2019ai choisi il y a maintenant quelques temps de vous le raconter avec Dicodusport, pour vous faire vivre ma passion parfois inconsid\u00e9r\u00e9e pour le sport en g\u00e9n\u00e9ral (mais surtout le foot faut se l\u2019avouer).\",\"sameAs\":[\"https:\/\/x.com\/https:\/\/twitter.com\/RDelanis\"],\"url\":\"https:\/\/dicodusport.fr\/blog\/author\/romain\/\"}]}<\/script>\n<!-- \/ Yoast SEO Premium plugin. -->","yoast_head_json":{"title":"Ligue 1 Conforama - 23\u00e8me journ\u00e9e : LOSC et OL de gala, l'OM au plus bas","description":"La 23\u00e8me journ\u00e9e de Ligue 1 Conforama, avec 7 matchs au programme, a tenu ses promesses en terme de spectacle et de jeu.","robots":{"index":"index","follow":"follow","max-snippet":"max-snippet:-1","max-image-preview":"max-image-preview:large","max-video-preview":"max-video-preview:-1"},"canonical":"https:\/\/dicodusport.fr\/blog\/ligue-1-23eme-journee-losc-et-ol-de-gala-lom-au-plus-bas\/","og_locale":"fr_FR","og_type":"article","og_title":"Ligue 1 Conforama - 23\u00e8me journ\u00e9e : LOSC et OL de gala, l'OM au plus bas","og_description":"La 23\u00e8me journ\u00e9e de Ligue 1 Conforama, avec 7 matchs au programme, a tenu ses promesses en terme de spectacle et de jeu.","og_url":"https:\/\/dicodusport.fr\/blog\/ligue-1-23eme-journee-losc-et-ol-de-gala-lom-au-plus-bas\/","og_site_name":"Dicodusport","article_publisher":"https:\/\/www.facebook.com\/dicodusport","article_published_time":"2019-02-04T09:50:31+00:00","article_modified_time":"2021-05-03T13:49:13+00:00","og_image":[{"width":800,"height":445,"url":"https:\/\/dicodusport.fr\/blog\/wp-content\/uploads\/2019\/02\/Ligue-1-r\u00e9sum\u00e9-23\u00e8me-journ\u00e9e.png","type":"image\/png"}],"author":"Romain Delanis","twitter_card":"summary_large_image","twitter_creator":"@https:\/\/twitter.com\/RDelanis","twitter_site":"@dicodusport","schema":{"@context":"https:\/\/schema.org","@graph":[{"@type":"NewsArticle","@id":"https:\/\/dicodusport.fr\/blog\/ligue-1-23eme-journee-losc-et-ol-de-gala-lom-au-plus-bas\/#article","isPartOf":{"@id":"https:\/\/dicodusport.fr\/blog\/ligue-1-23eme-journee-losc-et-ol-de-gala-lom-au-plus-bas\/"},"author":{"name":"Romain Delanis","@id":"https:\/\/dicodusport.fr\/blog\/#\/schema\/person\/8c78730a59f8a1e617f7a19026ebc14a"},"headline":"Ligue 1 Conforama &#8211; 23\u00e8me journ\u00e9e : LOSC et OL de gala, l&rsquo;OM au plus bas","datePublished":"2019-02-04T09:50:31+00:00","dateModified":"2021-05-03T13:49:13+00:00","mainEntityOfPage":{"@id":"https:\/\/dicodusport.fr\/blog\/ligue-1-23eme-journee-losc-et-ol-de-gala-lom-au-plus-bas\/"},"wordCount":922,"commentCount":0,"publisher":{"@id":"https:\/\/dicodusport.fr\/blog\/#organization"},"image":{"@id":"https:\/\/dicodusport.fr\/blog\/ligue-1-23eme-journee-losc-et-ol-de-gala-lom-au-plus-bas\/#primaryimage"},"thumbnailUrl":"https:\/\/dicodusport.fr\/blog\/wp-content\/uploads\/2019\/02\/Ligue-1-r\u00e9sum\u00e9-23\u00e8me-journ\u00e9e.png","keywords":["AS Monaco","Football","Ligue 1 Conforama","LOSC","Montpellier","N\u00eemes","OL","OM","PSG"],"articleSection":["Actualit\u00e9s","Football"],"inLanguage":"fr-FR","potentialAction":[{"@type":"CommentAction","name":"Comment","target":["https:\/\/dicodusport.fr\/blog\/ligue-1-23eme-journee-losc-et-ol-de-gala-lom-au-plus-bas\/#respond"]}],"copyrightYear":"2019","copyrightHolder":{"@id":"https:\/\/dicodusport.fr\/blog\/#organization"}},{"@type":"WebPage","@id":"https:\/\/dicodusport.fr\/blog\/ligue-1-23eme-journee-losc-et-ol-de-gala-lom-au-plus-bas\/","url":"https:\/\/dicodusport.fr\/blog\/ligue-1-23eme-journee-losc-et-ol-de-gala-lom-au-plus-bas\/","name":"Ligue 1 Conforama - 23\u00e8me journ\u00e9e : LOSC et OL de gala, l'OM au plus bas","isPartOf":{"@id":"https:\/\/dicodusport.fr\/blog\/#website"},"primaryImageOfPage":{"@id":"https:\/\/dicodusport.fr\/blog\/ligue-1-23eme-journee-losc-et-ol-de-gala-lom-au-plus-bas\/#primaryimage"},"image":{"@id":"https:\/\/dicodusport.fr\/blog\/ligue-1-23eme-journee-losc-et-ol-de-gala-lom-au-plus-bas\/#primaryimage"},"thumbnailUrl":"https:\/\/dicodusport.fr\/blog\/wp-content\/uploads\/2019\/02\/Ligue-1-r\u00e9sum\u00e9-23\u00e8me-journ\u00e9e.png","datePublished":"2019-02-04T09:50:31+00:00","dateModified":"2021-05-03T13:49:13+00:00","description":"La 23\u00e8me journ\u00e9e de Ligue 1 Conforama, avec 7 matchs au programme, a tenu ses promesses en terme de spectacle et de jeu.","breadcrumb":{"@id":"https:\/\/dicodusport.fr\/blog\/ligue-1-23eme-journee-losc-et-ol-de-gala-lom-au-plus-bas\/#breadcrumb"},"inLanguage":"fr-FR","potentialAction":[{"@type":"ReadAction","target":["https:\/\/dicodusport.fr\/blog\/ligue-1-23eme-journee-losc-et-ol-de-gala-lom-au-plus-bas\/"]}]},{"@type":"ImageObject","inLanguage":"fr-FR","@id":"https:\/\/dicodusport.fr\/blog\/ligue-1-23eme-journee-losc-et-ol-de-gala-lom-au-plus-bas\/#primaryimage","url":"https:\/\/dicodusport.fr\/blog\/wp-content\/uploads\/2019\/02\/Ligue-1-r\u00e9sum\u00e9-23\u00e8me-journ\u00e9e.png","contentUrl":"https:\/\/dicodusport.fr\/blog\/wp-content\/uploads\/2019\/02\/Ligue-1-r\u00e9sum\u00e9-23\u00e8me-journ\u00e9e.png","width":800,"height":445},{"@type":"BreadcrumbList","@id":"https:\/\/dicodusport.fr\/blog\/ligue-1-23eme-journee-losc-et-ol-de-gala-lom-au-plus-bas\/#breadcrumb","itemListElement":[{"@type":"ListItem","position":1,"name":"Accueil","item":"https:\/\/dicodusport.fr\/blog\/"},{"@type":"ListItem","position":2,"name":"Ligue 1 Conforama &#8211; 23\u00e8me journ\u00e9e : LOSC et OL de gala, l&rsquo;OM au plus bas"}]},{"@type":"WebSite","@id":"https:\/\/dicodusport.fr\/blog\/#website","url":"https:\/\/dicodusport.fr\/blog\/","name":"Dicodusport","description":"L&#039;encyclop\u00e9die de l&#039;actualit\u00e9 sportive","publisher":{"@id":"https:\/\/dicodusport.fr\/blog\/#organization"},"potentialAction":[{"@type":"SearchAction","target":{"@type":"EntryPoint","urlTemplate":"https:\/\/dicodusport.fr\/blog\/?s={search_term_string}"},"query-input":{"@type":"PropertyValueSpecification","valueRequired":true,"valueName":"search_term_string"}}],"inLanguage":"fr-FR"},{"@type":"NewsMediaOrganization","@id":"https:\/\/dicodusport.fr\/blog\/#organization","name":"Dicodusport","url":"https:\/\/dicodusport.fr\/blog\/","logo":{"@type":"ImageObject","inLanguage":"fr-FR","@id":"https:\/\/dicodusport.fr\/blog\/#\/schema\/logo\/image\/","url":"https:\/\/dicodusport.fr\/blog\/wp-content\/uploads\/2020\/06\/cropped-LOGO-DICODUSPORT-2020-SANS-FOND-SANS-TEXTE.png","contentUrl":"https:\/\/dicodusport.fr\/blog\/wp-content\/uploads\/2020\/06\/cropped-LOGO-DICODUSPORT-2020-SANS-FOND-SANS-TEXTE.png","width":512,"height":512,"caption":"Dicodusport"},"image":{"@id":"https:\/\/dicodusport.fr\/blog\/#\/schema\/logo\/image\/"},"sameAs":["https:\/\/www.facebook.com\/dicodusport","https:\/\/x.com\/dicodusport","https:\/\/www.instagram.com\/dicodusport\/","https:\/\/www.youtube.com\/channel\/UC7V2KZ5sd3htJivAbA4ZG3w"],"description":"Dicodusport est l'encyclop\u00e9die de l'actualit\u00e9 sportive.","email":"bonjour@dicodusport.fr","legalName":"DICODUSPORT","foundingDate":"2018-01-14","vatID":"FR71834470973","taxID":"83447097300043","numberOfEmployees":{"@type":"QuantitativeValue","minValue":"1","maxValue":"10"}},{"@type":"Person","@id":"https:\/\/dicodusport.fr\/blog\/#\/schema\/person\/8c78730a59f8a1e617f7a19026ebc14a","name":"Romain Delanis","image":{"@type":"ImageObject","inLanguage":"fr-FR","@id":"https:\/\/dicodusport.fr\/blog\/#\/schema\/person\/image\/","url":"https:\/\/dicodusport.fr\/blog\/wp-content\/uploads\/2021\/05\/Romain-Delanis-150x150.jpg","contentUrl":"https:\/\/dicodusport.fr\/blog\/wp-content\/uploads\/2021\/05\/Romain-Delanis-150x150.jpg","caption":"Romain Delanis"},"description":"Journaliste\/R\u00e9dacteur depuis novembre 2015 - Capable de passer un samedi apr\u00e8s-midi devant la Ligue 2 puis le biathlon sans oublier la finale de l\u2019ATP Rotterdam, j\u2019aime aussi mettre mon r\u00e9veil pour me faire un Pistons\/Bulls qui rappelle de bons souvenirs. Tout cela, j\u2019ai choisi il y a maintenant quelques temps de vous le raconter avec Dicodusport, pour vous faire vivre ma passion parfois inconsid\u00e9r\u00e9e pour le sport en g\u00e9n\u00e9ral (mais surtout le foot faut se l\u2019avouer).","sameAs":["https:\/\/x.com\/https:\/\/twitter.com\/RDelanis"],"url":"https:\/\/dicodusport.fr\/blog\/author\/romain\/"}]}},"_links":{"self":[{"href":"https:\/\/dicodusport.fr\/blog\/wp-json\/wp\/v2\/posts\/32869","targetHints":{"allow":["GET"]}}],"collection":[{"href":"https:\/\/dicodusport.fr\/blog\/wp-json\/wp\/v2\/posts"}],"about":[{"href":"https:\/\/dicodusport.fr\/blog\/wp-json\/wp\/v2\/types\/post"}],"author":[{"embeddable":true,"href":"https:\/\/dicodusport.fr\/blog\/wp-json\/wp\/v2\/users\/14"}],"replies":[{"embeddable":true,"href":"https:\/\/dicodusport.fr\/blog\/wp-json\/wp\/v2\/comments?post=32869"}],"version-history":[{"count":0,"href":"https:\/\/dicodusport.fr\/blog\/wp-json\/wp\/v2\/posts\/32869\/revisions"}],"wp:featuredmedia":[{"embeddable":true,"href":"https:\/\/dicodusport.fr\/blog\/wp-json\/wp\/v2\/media\/32882"}],"wp:attachment":[{"href":"https:\/\/dicodusport.fr\/blog\/wp-json\/wp\/v2\/media?parent=32869"}],"wp:term":[{"taxonomy":"category","embeddable":true,"href":"https:\/\/dicodusport.fr\/blog\/wp-json\/wp\/v2\/categories?post=32869"},{"taxonomy":"post_tag","embeddable":true,"href":"https:\/\/dicodusport.fr\/blog\/wp-json\/wp\/v2\/tags?post=32869"}],"curies":[{"name":"wp","href":"https:\/\/api.w.org\/{rel}","templated":true}]}}