{"id":32897,"date":"2019-02-06T11:30:45","date_gmt":"2019-02-06T10:30:45","guid":{"rendered":"http:\/\/dicodusport.fr\/blog\/?p=32897"},"modified":"2019-02-06T09:51:31","modified_gmt":"2019-02-06T08:51:31","slug":"fed-cup-2019-programme-du-premier-tour","status":"publish","type":"post","link":"https:\/\/dicodusport.fr\/blog\/fed-cup-2019-programme-du-premier-tour\/","title":{"rendered":"Fed Cup 2019 : programme du premier tour"},"content":{"rendered":"<p style=\"text-align: justify;\"><strong><em>Encore au moins un an pour la Fed Cup dans son format actuel. Et le premier tour se d\u00e9roulera ce week-end.<\/em><\/strong><\/p>\n<h1 style=\"text-align: justify;\">R\u00e9publique Tch\u00e8que-Roumanie<\/h1>\n<p style=\"text-align: justify;\">Beau duel entre les tenantes du titre et l&rsquo;ancienne num\u00e9ro un mondiale. Les Tch\u00e8ques seront emmen\u00e9es par Karolina Pliskova, num\u00e9ro 5 mondiale. De son c\u00f4t\u00e9, la Roumanie comptera sur Simona Halep. La rencontre entre les num\u00e9ros 1 (et ex num\u00e9ro 1 mondiales) peut \u00eatre explosive. Pour les seconder, les capitaines devraient faire confiance \u00e0 Siniakova pour la R\u00e9publique Tch\u00e8que (3 victoires, 1 d\u00e9faites) et Begu (8 victoires, 6 d\u00e9faites) pour la Roumanie. Buzarnescu, mieux plac\u00e9e que Begu pourrait jouer le simple.<br \/>\nLes Tch\u00e8ques, grandes habitu\u00e9es de la comp\u00e9tition et six fois vainqueurs les huit derni\u00e8res ann\u00e9es, partent favorites.<\/p>\n<p style=\"text-align: justify;\">Joueuses s\u00e9lectionn\u00e9es (classement en simple\/double)<br \/>\n&#x1f1e8;&#x1f1ff; <em><strong>R\u00e9publique Tch\u00e8que :<\/strong> Karolina Pliskova (5\/214), Katerina Siniakova (44\/1), Marketa Vondrousova (72\/102), Barbora Krejcikova (215\/2)<\/em><br \/>\n<em>&#x1f1f7;&#x1f1f4; <strong>Roumanie :<\/strong> Simona Halep (3\/386), Mihaela Buzarnescu (29\/27), Irina-Camelia Begu (75\/35), Ana Bogdan (105\/360)<\/em><\/p>\n<h1><\/h1>\n<h1 style=\"text-align: justify;\">Belgique-France<\/h1>\n<p style=\"text-align: justify;\">Revanche du <a href=\"http:\/\/dicodusport.fr\/blog\/fed-cup-france-attend-etats-unis-demi-finale\/\" target=\"_blank\" rel=\"noopener\">premier tour<\/a> de l&rsquo;an pass\u00e9. Cette fois, les Belges joueront \u00e0 domicile. L&rsquo;ann\u00e9e derni\u00e8re, Elise Mertens s&rsquo;\u00e9tait inclin\u00e9e face \u00e0 Kristina Mladenovic dans le match des num\u00e9ros 1. Malgr\u00e9 la victoire de Van Uytvanck face \u00e0 Parmentier, les Bleues s&rsquo;\u00e9taient impos\u00e9es gr\u00e2ce au double. La France pourra compter sur le retour de <a href=\"http:\/\/dicodusport.fr\/blog\/caroline-garcia-de-retour-en-fed-cup\/\" target=\"_blank\" rel=\"noopener\">Caroline Garcia<\/a> mais depuis le d\u00e9but de l&rsquo;ann\u00e9e, les Bleues n&rsquo;ont pas des r\u00e9sultats satisfaisants. En face, les Belges seront remont\u00e9es \u00e0 bloc et motiv\u00e9es \u00e0 l&rsquo;id\u00e9e de pouvoir enfin jouer devant leur public pour la premi\u00e8re fois depuis 2013. Jouer pour son pays donne souvent des ailes et cette rencontre peut basculer d&rsquo;un c\u00f4t\u00e9 comme de l&rsquo;autre. Johan Van Herck qui vient de remporter le premier tour de la Coupe Davis officiera pour la premi\u00e8re fois \u00e0 la t\u00eate de l&rsquo;\u00e9quipe de Fed Cup, tout comme Julien Benneteau pour la France. Alors, qui r\u00e9ussira sa premi\u00e8re ?<\/p>\n<p style=\"text-align: justify;\">&#x1f1e7;&#x1f1ea; <em><strong>Belgique :<\/strong> Elise Mertens (21\/12), Alison Van Uytvanck (50\/140), Kirsten Flipkens (53\/34), Ysaline Bonaventure (134\/137)<\/em><br \/>\n<em>&#x1f1eb;&#x1f1f7; <strong>France :<\/strong> Caroline Garcia (19\/-), Aliz\u00e9 Cornet (51\/117), Pauline Parmentier (55\/546), Kristina Mladenovic (64\/3) Fiona Ferro (103\/532)<\/em><\/p>\n<h1><\/h1>\n<h1 style=\"text-align: justify;\">Allemagne-Bi\u00e9lorussie<\/h1>\n<p style=\"text-align: justify;\">Sans ses deux meilleures joueuses, Kerber et Goerges, l&rsquo;Allemagne aura fort \u00e0 faire \u00e0 domicile face aux Bi\u00e9lorusses. En effet Kerber souhaite s&rsquo;entrainer intens\u00e9ment avec son nouveau coach Rainer Schuettler et se mettra \u00e0 la disposition de l&rsquo;\u00e9quipe pour la suite. Mais pas sur que les Allemandes voient une nouvelle fois les demi-finales, surtout qu&rsquo;en face se pr\u00e9sente une solide \u00e9quipe de Bi\u00e9lorussie qui pourra compter sur le retour d&rsquo;Azarenka. Celle-ci n&rsquo;avait plus jou\u00e9 en Fed Cup depuis les barrages en 2016 au cours desquels elle avait remport\u00e9 ses deux simples. Une grossesse et quelques probl\u00e8mes personnels plus tard, \u00ab\u00a0Vika\u00a0\u00bb est de retour et compte bien f\u00eater \u00e7a avec une victoire.<br \/>\n&#x1f1e9;&#x1f1ea; <em><strong>Allemagne :<\/strong> Tatjana Maria (67\/81), Andrea Petkovic (68\/), Mona Barthel (81\/206), Laura Siegemund (104\/76), Anna-Lena Groenefeld (-\/33)<\/em><br \/>\n<em>&#x1f1e7;&#x1f1fe; <strong>Bi\u00e9lorussie :<\/strong> Aryna Sabalenka (9\/66), Aliaksandra Sasnovich (33\/139), Victoria Azarenka (48\/260), Vera Lapko (60\/93), Lidziya Marozava (-\/41)<\/em><\/p>\n<h1><\/h1>\n<h1 style=\"text-align: justify;\">Australie-USA<\/h1>\n<p style=\"text-align: justify;\">L&rsquo;ann\u00e9e derni\u00e8re, les Etats-Unis ne semblaient pas int\u00e9ress\u00e9s par un doubl\u00e9 et avaient envoy\u00e9 une \u00e9quipe de d\u00e9butantes pour jouer la finale face \u00e0 la R\u00e9publique Tch\u00e8que. Presque bis repetita pour ce premier tour avec tout de m\u00eame la pr\u00e9sence de Madison Keys. A part elle, seule Sofia Kenin a d\u00e9j\u00e0 disput\u00e9 deux matchs dans la comp\u00e9tition (les deux simples perdus en finale l&rsquo;ann\u00e9e derni\u00e8re). Les deux autres nomin\u00e9es comptent une s\u00e9lection mais n&rsquo;ont jamais jou\u00e9. Keys sera second\u00e9e par Danielle Collins qui s&rsquo;est hiss\u00e9e en demi-finale de l&rsquo;Open d&rsquo;Australie en \u00e9liminant notamment Julia Goerges, Caroline Garcia et Angelique Kerber. Ashleigh Barty \u00e0 l&rsquo;aise dans cette \u00e9preuve (87% de victoires en simple et 83% en double en 13 matchs) portera les espoirs australiens.<br \/>\n&#x1f1e6;&#x1f1fa; <em><strong>Australie :<\/strong> Ashleigh Barty (13\/6), Daria Gavrilova (47\/112), Priscilla Hon (143\/125), Kimberly Birrell (157\/333), Astra Sharma (160\/501)<\/em><br \/>\n<em>&#x1f1fa;&#x1f1f8;<strong> Etats-Unis :<\/strong> Madison Keys (17\/454), Danielle Collins (23\/370), Sofia Kenin (37\/118), Nicole Melichar (688\/13)<\/em><\/p>\n<p><em><strong>Arlette<\/strong><\/em><br \/>\n<a href=\"http:\/\/twitter.com\/Shiclette94\"><img loading=\"lazy\" decoding=\"async\" class=\"alignnone size-full wp-image-2908\" src=\"http:\/\/dicodusport.fr\/blog\/wp-content\/uploads\/2017\/07\/logo-twitter-e1516110106986.png\" alt=\"\" width=\"39\" height=\"39\" \/><\/a><\/p>\n","protected":false},"excerpt":{"rendered":"<p>Ce week-end se d\u00e9roulera le premier tour de la Fed Cup. Quelques belles affiches au programme avec notamment la revanche entre la France et la Belgique.<\/p>\n","protected":false},"author":12,"featured_media":32896,"comment_status":"open","ping_status":"closed","sticky":false,"template":"","format":"standard","meta":{"_acf_changed":false,"_daextam_enable_autolinks":"","footnotes":""},"categories":[2,2365,2302],"tags":[2000,3758,3565,2294,6519,3539],"class_list":["post-32897","post","type-post","status-publish","format-standard","has-post-thumbnail","hentry","category-actualites","category-sports-de-raquette","category-tennis","tag-caroline-garcia","tag-elise-mertens","tag-fed-cup","tag-julien-benneteau","tag-karolina-pliskova","tag-simona-halep"],"acf":[],"yoast_head":"<!-- This site is optimized with the Yoast SEO Premium plugin v26.7 (Yoast SEO v26.7) - https:\/\/yoast.com\/wordpress\/plugins\/seo\/ -->\n<title>Fed Cup 2019 : programme du premier tour<\/title>\n<meta name=\"description\" content=\"Ce week-end se d\u00e9roulera le premier tour de la Fed Cup. Quelques belles affiches au programme avec notamment la revanche entre la France et la Belgique.\" \/>\n<meta name=\"robots\" content=\"index, follow, max-snippet:-1, max-image-preview:large, max-video-preview:-1\" \/>\n<link rel=\"canonical\" href=\"https:\/\/dicodusport.fr\/blog\/fed-cup-2019-programme-du-premier-tour\/\" \/>\n<meta property=\"og:locale\" content=\"fr_FR\" \/>\n<meta property=\"og:type\" content=\"article\" \/>\n<meta property=\"og:title\" content=\"Fed Cup 2019 : programme du premier tour\" \/>\n<meta property=\"og:description\" content=\"Ce week-end se d\u00e9roulera le premier tour de la Fed Cup. Quelques belles affiches au programme avec notamment la revanche entre la France et la Belgique.\" \/>\n<meta property=\"og:url\" content=\"https:\/\/dicodusport.fr\/blog\/fed-cup-2019-programme-du-premier-tour\/\" \/>\n<meta property=\"og:site_name\" content=\"Dicodusport\" \/>\n<meta property=\"article:publisher\" content=\"https:\/\/www.facebook.com\/dicodusport\" \/>\n<meta property=\"article:published_time\" content=\"2019-02-06T10:30:45+00:00\" \/>\n<meta property=\"og:image\" content=\"https:\/\/dicodusport.fr\/blog\/wp-content\/uploads\/2019\/02\/Fed-cup.png\" \/>\n\t<meta property=\"og:image:width\" content=\"800\" \/>\n\t<meta property=\"og:image:height\" content=\"445\" \/>\n\t<meta property=\"og:image:type\" content=\"image\/png\" \/>\n<meta name=\"author\" content=\"Arlette Yeye\" \/>\n<meta name=\"twitter:card\" content=\"summary_large_image\" \/>\n<meta name=\"twitter:creator\" content=\"@https:\/\/twitter.com\/Shiclette94\" \/>\n<meta name=\"twitter:site\" content=\"@dicodusport\" \/>\n<script type=\"application\/ld+json\" class=\"yoast-schema-graph\">{\"@context\":\"https:\/\/schema.org\",\"@graph\":[{\"@type\":\"NewsArticle\",\"@id\":\"https:\/\/dicodusport.fr\/blog\/fed-cup-2019-programme-du-premier-tour\/#article\",\"isPartOf\":{\"@id\":\"https:\/\/dicodusport.fr\/blog\/fed-cup-2019-programme-du-premier-tour\/\"},\"author\":{\"name\":\"Arlette Yeye\",\"@id\":\"https:\/\/dicodusport.fr\/blog\/#\/schema\/person\/cce96fa88785bd8573e3d43078ac8c79\"},\"headline\":\"Fed Cup 2019 : programme du premier tour\",\"datePublished\":\"2019-02-06T10:30:45+00:00\",\"mainEntityOfPage\":{\"@id\":\"https:\/\/dicodusport.fr\/blog\/fed-cup-2019-programme-du-premier-tour\/\"},\"wordCount\":721,\"commentCount\":0,\"publisher\":{\"@id\":\"https:\/\/dicodusport.fr\/blog\/#organization\"},\"image\":{\"@id\":\"https:\/\/dicodusport.fr\/blog\/fed-cup-2019-programme-du-premier-tour\/#primaryimage\"},\"thumbnailUrl\":\"https:\/\/dicodusport.fr\/blog\/wp-content\/uploads\/2019\/02\/Fed-cup.png\",\"keywords\":[\"Caroline Garcia\",\"Elise Mertens\",\"Fed Cup\",\"Julien Benneteau\",\"Karolina Pliskova\",\"Simona Halep\"],\"articleSection\":[\"Actualit\u00e9s\",\"Sports de raquette\",\"Tennis\"],\"inLanguage\":\"fr-FR\",\"potentialAction\":[{\"@type\":\"CommentAction\",\"name\":\"Comment\",\"target\":[\"https:\/\/dicodusport.fr\/blog\/fed-cup-2019-programme-du-premier-tour\/#respond\"]}],\"copyrightYear\":\"2019\",\"copyrightHolder\":{\"@id\":\"https:\/\/dicodusport.fr\/blog\/#organization\"}},{\"@type\":\"WebPage\",\"@id\":\"https:\/\/dicodusport.fr\/blog\/fed-cup-2019-programme-du-premier-tour\/\",\"url\":\"https:\/\/dicodusport.fr\/blog\/fed-cup-2019-programme-du-premier-tour\/\",\"name\":\"Fed Cup 2019 : programme du premier tour\",\"isPartOf\":{\"@id\":\"https:\/\/dicodusport.fr\/blog\/#website\"},\"primaryImageOfPage\":{\"@id\":\"https:\/\/dicodusport.fr\/blog\/fed-cup-2019-programme-du-premier-tour\/#primaryimage\"},\"image\":{\"@id\":\"https:\/\/dicodusport.fr\/blog\/fed-cup-2019-programme-du-premier-tour\/#primaryimage\"},\"thumbnailUrl\":\"https:\/\/dicodusport.fr\/blog\/wp-content\/uploads\/2019\/02\/Fed-cup.png\",\"datePublished\":\"2019-02-06T10:30:45+00:00\",\"description\":\"Ce week-end se d\u00e9roulera le premier tour de la Fed Cup. Quelques belles affiches au programme avec notamment la revanche entre la France et la Belgique.\",\"breadcrumb\":{\"@id\":\"https:\/\/dicodusport.fr\/blog\/fed-cup-2019-programme-du-premier-tour\/#breadcrumb\"},\"inLanguage\":\"fr-FR\",\"potentialAction\":[{\"@type\":\"ReadAction\",\"target\":[\"https:\/\/dicodusport.fr\/blog\/fed-cup-2019-programme-du-premier-tour\/\"]}]},{\"@type\":\"ImageObject\",\"inLanguage\":\"fr-FR\",\"@id\":\"https:\/\/dicodusport.fr\/blog\/fed-cup-2019-programme-du-premier-tour\/#primaryimage\",\"url\":\"https:\/\/dicodusport.fr\/blog\/wp-content\/uploads\/2019\/02\/Fed-cup.png\",\"contentUrl\":\"https:\/\/dicodusport.fr\/blog\/wp-content\/uploads\/2019\/02\/Fed-cup.png\",\"width\":800,\"height\":445},{\"@type\":\"BreadcrumbList\",\"@id\":\"https:\/\/dicodusport.fr\/blog\/fed-cup-2019-programme-du-premier-tour\/#breadcrumb\",\"itemListElement\":[{\"@type\":\"ListItem\",\"position\":1,\"name\":\"Accueil\",\"item\":\"https:\/\/dicodusport.fr\/blog\/\"},{\"@type\":\"ListItem\",\"position\":2,\"name\":\"Fed Cup 2019 : programme du premier tour\"}]},{\"@type\":\"WebSite\",\"@id\":\"https:\/\/dicodusport.fr\/blog\/#website\",\"url\":\"https:\/\/dicodusport.fr\/blog\/\",\"name\":\"Dicodusport\",\"description\":\"L&#039;encyclop\u00e9die de l&#039;actualit\u00e9 sportive\",\"publisher\":{\"@id\":\"https:\/\/dicodusport.fr\/blog\/#organization\"},\"potentialAction\":[{\"@type\":\"SearchAction\",\"target\":{\"@type\":\"EntryPoint\",\"urlTemplate\":\"https:\/\/dicodusport.fr\/blog\/?s={search_term_string}\"},\"query-input\":{\"@type\":\"PropertyValueSpecification\",\"valueRequired\":true,\"valueName\":\"search_term_string\"}}],\"inLanguage\":\"fr-FR\"},{\"@type\":\"NewsMediaOrganization\",\"@id\":\"https:\/\/dicodusport.fr\/blog\/#organization\",\"name\":\"Dicodusport\",\"url\":\"https:\/\/dicodusport.fr\/blog\/\",\"logo\":{\"@type\":\"ImageObject\",\"inLanguage\":\"fr-FR\",\"@id\":\"https:\/\/dicodusport.fr\/blog\/#\/schema\/logo\/image\/\",\"url\":\"https:\/\/dicodusport.fr\/blog\/wp-content\/uploads\/2020\/06\/cropped-LOGO-DICODUSPORT-2020-SANS-FOND-SANS-TEXTE.png\",\"contentUrl\":\"https:\/\/dicodusport.fr\/blog\/wp-content\/uploads\/2020\/06\/cropped-LOGO-DICODUSPORT-2020-SANS-FOND-SANS-TEXTE.png\",\"width\":512,\"height\":512,\"caption\":\"Dicodusport\"},\"image\":{\"@id\":\"https:\/\/dicodusport.fr\/blog\/#\/schema\/logo\/image\/\"},\"sameAs\":[\"https:\/\/www.facebook.com\/dicodusport\",\"https:\/\/x.com\/dicodusport\",\"https:\/\/www.instagram.com\/dicodusport\/\",\"https:\/\/www.youtube.com\/channel\/UC7V2KZ5sd3htJivAbA4ZG3w\"],\"description\":\"Dicodusport est l'encyclop\u00e9die de l'actualit\u00e9 sportive.\",\"email\":\"bonjour@dicodusport.fr\",\"legalName\":\"DICODUSPORT\",\"foundingDate\":\"2018-01-14\",\"vatID\":\"FR71834470973\",\"taxID\":\"83447097300043\",\"numberOfEmployees\":{\"@type\":\"QuantitativeValue\",\"minValue\":\"1\",\"maxValue\":\"10\"}},{\"@type\":\"Person\",\"@id\":\"https:\/\/dicodusport.fr\/blog\/#\/schema\/person\/cce96fa88785bd8573e3d43078ac8c79\",\"name\":\"Arlette Yeye\",\"image\":{\"@type\":\"ImageObject\",\"inLanguage\":\"fr-FR\",\"@id\":\"https:\/\/dicodusport.fr\/blog\/#\/schema\/person\/image\/\",\"url\":\"https:\/\/secure.gravatar.com\/avatar\/dca4a6239e6d708e46c45d60e160de6c?s=96&d=wp_user_avatar&r=g\",\"contentUrl\":\"https:\/\/secure.gravatar.com\/avatar\/dca4a6239e6d708e46c45d60e160de6c?s=96&d=wp_user_avatar&r=g\",\"caption\":\"Arlette Yeye\"},\"description\":\"Journaliste\/r\u00e9dactrice depuis septembre 2015 - Supportrice de Chelsea, j'ai pour sports de pr\u00e9dilection le handball, l'athl\u00e9tisme et le tennis. Si je tweete plus vite que mon ombre, vous pouvez aussi me retrouver les week-ends sur les playgrounds de Bruxelles pour un petit foot ou basket entre potes. Parcourir la France, l'Europe et plus si affinit\u00e9s pour suivre mes sportifs pr\u00e9f\u00e9r\u00e9s ? Mon kif ! Et c'est avec plaisir que je partage les r\u00e9sultats des sports populaires mais \u00e9galement plus confidentiels pour Dicodusport.\",\"sameAs\":[\"https:\/\/x.com\/https:\/\/twitter.com\/Shiclette94\"],\"url\":\"https:\/\/dicodusport.fr\/blog\/author\/arlette\/\"}]}<\/script>\n<!-- \/ Yoast SEO Premium plugin. -->","yoast_head_json":{"title":"Fed Cup 2019 : programme du premier tour","description":"Ce week-end se d\u00e9roulera le premier tour de la Fed Cup. Quelques belles affiches au programme avec notamment la revanche entre la France et la Belgique.","robots":{"index":"index","follow":"follow","max-snippet":"max-snippet:-1","max-image-preview":"max-image-preview:large","max-video-preview":"max-video-preview:-1"},"canonical":"https:\/\/dicodusport.fr\/blog\/fed-cup-2019-programme-du-premier-tour\/","og_locale":"fr_FR","og_type":"article","og_title":"Fed Cup 2019 : programme du premier tour","og_description":"Ce week-end se d\u00e9roulera le premier tour de la Fed Cup. Quelques belles affiches au programme avec notamment la revanche entre la France et la Belgique.","og_url":"https:\/\/dicodusport.fr\/blog\/fed-cup-2019-programme-du-premier-tour\/","og_site_name":"Dicodusport","article_publisher":"https:\/\/www.facebook.com\/dicodusport","article_published_time":"2019-02-06T10:30:45+00:00","og_image":[{"width":800,"height":445,"url":"https:\/\/dicodusport.fr\/blog\/wp-content\/uploads\/2019\/02\/Fed-cup.png","type":"image\/png"}],"author":"Arlette Yeye","twitter_card":"summary_large_image","twitter_creator":"@https:\/\/twitter.com\/Shiclette94","twitter_site":"@dicodusport","schema":{"@context":"https:\/\/schema.org","@graph":[{"@type":"NewsArticle","@id":"https:\/\/dicodusport.fr\/blog\/fed-cup-2019-programme-du-premier-tour\/#article","isPartOf":{"@id":"https:\/\/dicodusport.fr\/blog\/fed-cup-2019-programme-du-premier-tour\/"},"author":{"name":"Arlette Yeye","@id":"https:\/\/dicodusport.fr\/blog\/#\/schema\/person\/cce96fa88785bd8573e3d43078ac8c79"},"headline":"Fed Cup 2019 : programme du premier tour","datePublished":"2019-02-06T10:30:45+00:00","mainEntityOfPage":{"@id":"https:\/\/dicodusport.fr\/blog\/fed-cup-2019-programme-du-premier-tour\/"},"wordCount":721,"commentCount":0,"publisher":{"@id":"https:\/\/dicodusport.fr\/blog\/#organization"},"image":{"@id":"https:\/\/dicodusport.fr\/blog\/fed-cup-2019-programme-du-premier-tour\/#primaryimage"},"thumbnailUrl":"https:\/\/dicodusport.fr\/blog\/wp-content\/uploads\/2019\/02\/Fed-cup.png","keywords":["Caroline Garcia","Elise Mertens","Fed Cup","Julien Benneteau","Karolina Pliskova","Simona Halep"],"articleSection":["Actualit\u00e9s","Sports de raquette","Tennis"],"inLanguage":"fr-FR","potentialAction":[{"@type":"CommentAction","name":"Comment","target":["https:\/\/dicodusport.fr\/blog\/fed-cup-2019-programme-du-premier-tour\/#respond"]}],"copyrightYear":"2019","copyrightHolder":{"@id":"https:\/\/dicodusport.fr\/blog\/#organization"}},{"@type":"WebPage","@id":"https:\/\/dicodusport.fr\/blog\/fed-cup-2019-programme-du-premier-tour\/","url":"https:\/\/dicodusport.fr\/blog\/fed-cup-2019-programme-du-premier-tour\/","name":"Fed Cup 2019 : programme du premier tour","isPartOf":{"@id":"https:\/\/dicodusport.fr\/blog\/#website"},"primaryImageOfPage":{"@id":"https:\/\/dicodusport.fr\/blog\/fed-cup-2019-programme-du-premier-tour\/#primaryimage"},"image":{"@id":"https:\/\/dicodusport.fr\/blog\/fed-cup-2019-programme-du-premier-tour\/#primaryimage"},"thumbnailUrl":"https:\/\/dicodusport.fr\/blog\/wp-content\/uploads\/2019\/02\/Fed-cup.png","datePublished":"2019-02-06T10:30:45+00:00","description":"Ce week-end se d\u00e9roulera le premier tour de la Fed Cup. Quelques belles affiches au programme avec notamment la revanche entre la France et la Belgique.","breadcrumb":{"@id":"https:\/\/dicodusport.fr\/blog\/fed-cup-2019-programme-du-premier-tour\/#breadcrumb"},"inLanguage":"fr-FR","potentialAction":[{"@type":"ReadAction","target":["https:\/\/dicodusport.fr\/blog\/fed-cup-2019-programme-du-premier-tour\/"]}]},{"@type":"ImageObject","inLanguage":"fr-FR","@id":"https:\/\/dicodusport.fr\/blog\/fed-cup-2019-programme-du-premier-tour\/#primaryimage","url":"https:\/\/dicodusport.fr\/blog\/wp-content\/uploads\/2019\/02\/Fed-cup.png","contentUrl":"https:\/\/dicodusport.fr\/blog\/wp-content\/uploads\/2019\/02\/Fed-cup.png","width":800,"height":445},{"@type":"BreadcrumbList","@id":"https:\/\/dicodusport.fr\/blog\/fed-cup-2019-programme-du-premier-tour\/#breadcrumb","itemListElement":[{"@type":"ListItem","position":1,"name":"Accueil","item":"https:\/\/dicodusport.fr\/blog\/"},{"@type":"ListItem","position":2,"name":"Fed Cup 2019 : programme du premier tour"}]},{"@type":"WebSite","@id":"https:\/\/dicodusport.fr\/blog\/#website","url":"https:\/\/dicodusport.fr\/blog\/","name":"Dicodusport","description":"L&#039;encyclop\u00e9die de l&#039;actualit\u00e9 sportive","publisher":{"@id":"https:\/\/dicodusport.fr\/blog\/#organization"},"potentialAction":[{"@type":"SearchAction","target":{"@type":"EntryPoint","urlTemplate":"https:\/\/dicodusport.fr\/blog\/?s={search_term_string}"},"query-input":{"@type":"PropertyValueSpecification","valueRequired":true,"valueName":"search_term_string"}}],"inLanguage":"fr-FR"},{"@type":"NewsMediaOrganization","@id":"https:\/\/dicodusport.fr\/blog\/#organization","name":"Dicodusport","url":"https:\/\/dicodusport.fr\/blog\/","logo":{"@type":"ImageObject","inLanguage":"fr-FR","@id":"https:\/\/dicodusport.fr\/blog\/#\/schema\/logo\/image\/","url":"https:\/\/dicodusport.fr\/blog\/wp-content\/uploads\/2020\/06\/cropped-LOGO-DICODUSPORT-2020-SANS-FOND-SANS-TEXTE.png","contentUrl":"https:\/\/dicodusport.fr\/blog\/wp-content\/uploads\/2020\/06\/cropped-LOGO-DICODUSPORT-2020-SANS-FOND-SANS-TEXTE.png","width":512,"height":512,"caption":"Dicodusport"},"image":{"@id":"https:\/\/dicodusport.fr\/blog\/#\/schema\/logo\/image\/"},"sameAs":["https:\/\/www.facebook.com\/dicodusport","https:\/\/x.com\/dicodusport","https:\/\/www.instagram.com\/dicodusport\/","https:\/\/www.youtube.com\/channel\/UC7V2KZ5sd3htJivAbA4ZG3w"],"description":"Dicodusport est l'encyclop\u00e9die de l'actualit\u00e9 sportive.","email":"bonjour@dicodusport.fr","legalName":"DICODUSPORT","foundingDate":"2018-01-14","vatID":"FR71834470973","taxID":"83447097300043","numberOfEmployees":{"@type":"QuantitativeValue","minValue":"1","maxValue":"10"}},{"@type":"Person","@id":"https:\/\/dicodusport.fr\/blog\/#\/schema\/person\/cce96fa88785bd8573e3d43078ac8c79","name":"Arlette Yeye","image":{"@type":"ImageObject","inLanguage":"fr-FR","@id":"https:\/\/dicodusport.fr\/blog\/#\/schema\/person\/image\/","url":"https:\/\/secure.gravatar.com\/avatar\/dca4a6239e6d708e46c45d60e160de6c?s=96&d=wp_user_avatar&r=g","contentUrl":"https:\/\/secure.gravatar.com\/avatar\/dca4a6239e6d708e46c45d60e160de6c?s=96&d=wp_user_avatar&r=g","caption":"Arlette Yeye"},"description":"Journaliste\/r\u00e9dactrice depuis septembre 2015 - Supportrice de Chelsea, j'ai pour sports de pr\u00e9dilection le handball, l'athl\u00e9tisme et le tennis. Si je tweete plus vite que mon ombre, vous pouvez aussi me retrouver les week-ends sur les playgrounds de Bruxelles pour un petit foot ou basket entre potes. Parcourir la France, l'Europe et plus si affinit\u00e9s pour suivre mes sportifs pr\u00e9f\u00e9r\u00e9s ? Mon kif ! Et c'est avec plaisir que je partage les r\u00e9sultats des sports populaires mais \u00e9galement plus confidentiels pour Dicodusport.","sameAs":["https:\/\/x.com\/https:\/\/twitter.com\/Shiclette94"],"url":"https:\/\/dicodusport.fr\/blog\/author\/arlette\/"}]}},"_links":{"self":[{"href":"https:\/\/dicodusport.fr\/blog\/wp-json\/wp\/v2\/posts\/32897","targetHints":{"allow":["GET"]}}],"collection":[{"href":"https:\/\/dicodusport.fr\/blog\/wp-json\/wp\/v2\/posts"}],"about":[{"href":"https:\/\/dicodusport.fr\/blog\/wp-json\/wp\/v2\/types\/post"}],"author":[{"embeddable":true,"href":"https:\/\/dicodusport.fr\/blog\/wp-json\/wp\/v2\/users\/12"}],"replies":[{"embeddable":true,"href":"https:\/\/dicodusport.fr\/blog\/wp-json\/wp\/v2\/comments?post=32897"}],"version-history":[{"count":0,"href":"https:\/\/dicodusport.fr\/blog\/wp-json\/wp\/v2\/posts\/32897\/revisions"}],"wp:featuredmedia":[{"embeddable":true,"href":"https:\/\/dicodusport.fr\/blog\/wp-json\/wp\/v2\/media\/32896"}],"wp:attachment":[{"href":"https:\/\/dicodusport.fr\/blog\/wp-json\/wp\/v2\/media?parent=32897"}],"wp:term":[{"taxonomy":"category","embeddable":true,"href":"https:\/\/dicodusport.fr\/blog\/wp-json\/wp\/v2\/categories?post=32897"},{"taxonomy":"post_tag","embeddable":true,"href":"https:\/\/dicodusport.fr\/blog\/wp-json\/wp\/v2\/tags?post=32897"}],"curies":[{"name":"wp","href":"https:\/\/api.w.org\/{rel}","templated":true}]}}