{"id":32920,"date":"2019-02-05T16:01:17","date_gmt":"2019-02-05T15:01:17","guid":{"rendered":"http:\/\/dicodusport.fr\/blog\/?p=32920"},"modified":"2019-02-05T22:35:09","modified_gmt":"2019-02-05T21:35:09","slug":"stan-wawrinka-a-quand-le-rebond","status":"publish","type":"post","link":"https:\/\/dicodusport.fr\/blog\/stan-wawrinka-a-quand-le-rebond\/","title":{"rendered":"Stan Wawrinka, \u00e0 quand le rebond ?"},"content":{"rendered":"<p style=\"text-align: justify;\"><em><strong>ATP &#8211; Stanislas Wawrinka, qui occupait le 3\u00e8me rang mondial en 2016, a d\u00e9gringol\u00e9 au classement ATP suite \u00e0 deux op\u00e9rations subies au genou. Le Suisse conna\u00eet un d\u00e9but d&rsquo;ann\u00e9e difficile, \u00e0 l&rsquo;image de sa d\u00e9faite au premier tour du tournoi de Sofia aujourd&rsquo;hui. Retour sur la p\u00e9riode difficile du joueur.<\/strong><\/em><\/p>\n<p style=\"text-align: justify;\">Vainqueur de trois des quatre tournois du Grand Chelem, l&rsquo;Open d&rsquo;Australie en 2014, Roland-Garros en 2015 et l&rsquo;US Open en 2016, seul Wimbledon manquant \u00e0 son palmar\u00e8s, Stanislas Wawrinka alias \u00ab\u00a0Stanimal\u00a0\u00bb n&rsquo;a plus go\u00fbt\u00e9 aux joies de soulever un troph\u00e9e depuis sa victoire \u00e0 Gen\u00e8ve en 2017. En 2018, ses deux principaux faits d&rsquo;armes sont deux demi-finales, respectivement \u00e0 Sofia et Saint-P\u00e9tersbourg, son physique lui jouant des vilains tours dont il a du mal \u00e0 se remettre, en t\u00e9moigne sa d\u00e9faite face au Roumain Marius Copil (6-3, 6-7, 4-6). Le joueur, qui r\u00e9ussissait \u00e0 faire taire l&rsquo;h\u00e9g\u00e9monie de Djokovic, Federer et Nadal, n&rsquo;est plus que l&rsquo;ombre de lui m\u00eame depuis deux ann\u00e9es.<\/p>\n<h1 style=\"text-align: justify;\">Un genou \u00e0 l&rsquo;origine de ses maux<\/h1>\n<p style=\"text-align: justify;\">Alors que son genou le faisait <em>\u00ab<\/em> <em>souffrir depuis un an \u00bb<\/em>, la fin de non retour pour lui a \u00e9t\u00e9 un tournoi \u00e0 B\u00e2le o\u00f9 la douleur devenait insupportable. Il allait donc s&rsquo;en suivre deux op\u00e9rations, une premi\u00e8re qui consistait \u00e0 une arthroscopie afin de diagnostiquer d&rsquo;une mani\u00e8re plus approfondie le mal qui pouvait ronger le joueur, tandis que la deuxi\u00e8me a permis de r\u00e9sorber un trou qu&rsquo;il avait dans le cartilage. Il s&rsquo;en est suivi pour lui 8 semaines de b\u00e9quilles ainsi qu&rsquo;un travail physique important afin de r\u00e9cup\u00e9rer la musculature qu&rsquo;il avait perdu. Selon ses propres aveux au journal <em>Le Temps,<\/em> cela a \u00e9t\u00e9 une p\u00e9riode tr\u00e8s compliqu\u00e9e, ayant m\u00eame envisag\u00e9 de mettre un terme \u00e0 sa carri\u00e8re : <em>\u00ab<\/em> <em>Honn\u00eatement, \u00e7a a \u00e9t\u00e9 tr\u00e8s dur. Tous les jours, je me battais contre la douleur. C\u2019est \u00e0 l\u2019entra\u00eenement que j\u2019ai souffert le plus. Et sans Pierre Paganini [son pr\u00e9parateur physique], j\u2019aurais arr\u00eat\u00e9 ma carri\u00e8re. \u00bb <\/em>Une p\u00e9riode d&rsquo;autant plus difficile que son coach de l&rsquo;\u00e9poque, Magnus Norman, d\u00e9cida durant ce moment de mettre un terme \u00e0 leur collaboration, une d\u00e9cision v\u00e9cue comme un choc pour le joueur.<\/p>\n<div id=\"attachment_32932\" style=\"width: 1510px\" class=\"wp-caption aligncenter\"><img loading=\"lazy\" decoding=\"async\" aria-describedby=\"caption-attachment-32932\" class=\"size-full wp-image-32932\" src=\"http:\/\/dicodusport.fr\/blog\/wp-content\/uploads\/2019\/02\/Stan-Wawrinka-vainqueur-de-Roland-Garros-en-2014-AFP.jpg\" alt=\"\" width=\"1500\" height=\"840\" srcset=\"https:\/\/dicodusport.fr\/blog\/wp-content\/uploads\/2019\/02\/Stan-Wawrinka-vainqueur-de-Roland-Garros-en-2014-AFP.jpg 1500w, https:\/\/dicodusport.fr\/blog\/wp-content\/uploads\/2019\/02\/Stan-Wawrinka-vainqueur-de-Roland-Garros-en-2014-AFP-300x168.jpg 300w, https:\/\/dicodusport.fr\/blog\/wp-content\/uploads\/2019\/02\/Stan-Wawrinka-vainqueur-de-Roland-Garros-en-2014-AFP-768x430.jpg 768w, https:\/\/dicodusport.fr\/blog\/wp-content\/uploads\/2019\/02\/Stan-Wawrinka-vainqueur-de-Roland-Garros-en-2014-AFP-1024x573.jpg 1024w\" sizes=\"auto, (max-width: 1500px) 100vw, 1500px\" \/><p id=\"caption-attachment-32932\" class=\"wp-caption-text\">Stan Wawrinka, vainqueur de Roland-Garros en 2015 &#8211; AFP<\/p><\/div>\n<h1 style=\"text-align: justify;\">Parviendra-t-il \u00e0 revenir au sommet ?<\/h1>\n<p style=\"text-align: justify;\">Rien que le fait de poser la question nous permet de douter de la positivit\u00e9 de la r\u00e9ponse. Depuis son retour sur le circuit, le joueur alterne le bon et le moins bon, alors qu&rsquo;il approche de ses 34 printemps, le temps ne joue clairement pas en sa faveur. Lors du dernier tournoi du Grand Chelem, il s&rsquo;inclina face \u00e0 Milos Raonic au 2\u00e8me tour et en 4 sets pour autant de tie-breaks (7-6, 6-7, 6-7, 6-7), une performance encourageante face au g\u00e9ant canadien actuel 14\u00e8me mondial mais qui n&rsquo;a pas \u00e9t\u00e9 suivie des faits cet apr\u00e8s-midi donc.<\/p>\n<p style=\"text-align: justify;\">Retomb\u00e9 \u00e0 une tr\u00e8s modeste 57\u00e8me place mondial, l&rsquo;Helv\u00e8te va encore d\u00e9gringoler au classement, n&rsquo;ayant pu d\u00e9fendre les points qu&rsquo;il avait glan\u00e9 l&rsquo;an pass\u00e9 au tournoi bulgare. Les atouts qui peuvent jouer en sa faveur pour un retour parmi les plus grands, outre ses qualit\u00e9s de tennisman, sont sans contestation possible sa rage de vaincre et son fort caract\u00e8re : <em>\u00ab<\/em> <em>Parfois, on perd des matchs serr\u00e9s. Il faut continuer \u00e0 s&rsquo;entra\u00eener, \u00e0 se battre. (\u2026) Bien s\u00fbr, je suis d\u00e9\u00e7u du r\u00e9sultat, mais je dois continuer \u00e0 avancer.\u00a0\u00bb <\/em>a-t-il confi\u00e9 apr\u00e8s la rencontre face \u00e0 Copil.<\/p>\n<p style=\"text-align: justify;\">Celui qui se distinguait \u00e9galement par ses shorts \u00e0 carreaux, mais aussi pour ses faits d&rsquo;armes en dehors du terrain (les joueurs de l&rsquo;\u00e9quipe de France de tennis se souviennent sans doute de ses mots \u00e0 l&rsquo;issue de la finale de la Coupe Davis en 2014 opposant la France aux voisins suisses) : <em>\u00ab<\/em> <em>Ils avaient mis les bouteilles dans le vestiaire des Fran\u00e7ais mais ils les ont vite remises dans le n\u00f4tre !\u00a0\u00bb <\/em>esp\u00e8re sans doute go\u00fbter \u00e0 nouveau \u00e0 ce breuvage qui serait synonyme de renaissance pour lui.<\/p>\n<p style=\"text-align: justify;\"><strong><em>Julien Corr\u00e9ia<br \/>\n<a href=\"https:\/\/www.facebook.com\/julien.correia.52\" target=\"_blank\" rel=\"noopener\"><img loading=\"lazy\" decoding=\"async\" class=\"alignnone wp-image-2909\" src=\"http:\/\/dicodusport.fr\/blog\/wp-content\/uploads\/2017\/07\/logo-facebook-150x150.png\" alt=\"\" width=\"40\" height=\"40\" \/><\/a><a href=\"https:\/\/twitter.com\/julienco_psg70\" target=\"_blank\" rel=\"noopener\"><img loading=\"lazy\" decoding=\"async\" class=\"alignnone wp-image-2908\" src=\"http:\/\/dicodusport.fr\/blog\/wp-content\/uploads\/2017\/07\/logo-twitter-150x150.png\" alt=\"\" width=\"39\" height=\"39\" \/><\/a><\/em><\/strong><\/p>\n","protected":false},"excerpt":{"rendered":"<p>ATP &#8211; Stanislas Wawrinka, qui occupait le 3\u00e8me rang mondial en 2016, a d\u00e9gringol\u00e9 au classement ATP suite \u00e0 deux op\u00e9rations subies au genou. <\/p>\n","protected":false},"author":37,"featured_media":32930,"comment_status":"open","ping_status":"closed","sticky":false,"template":"","format":"standard","meta":{"_acf_changed":false,"_daextam_enable_autolinks":"","footnotes":""},"categories":[2,2365,2302],"tags":[156,7193,3923,136],"class_list":["post-32920","post","type-post","status-publish","format-standard","has-post-thumbnail","hentry","category-actualites","category-sports-de-raquette","category-tennis","tag-atp","tag-sofia","tag-stan-wawrinka","tag-tennis"],"acf":[],"yoast_head":"<!-- This site is optimized with the Yoast SEO Premium plugin v26.7 (Yoast SEO v26.7) - https:\/\/yoast.com\/wordpress\/plugins\/seo\/ -->\n<title>Stan Wawrinka, \u00e0 quand le rebond ?<\/title>\n<meta name=\"description\" content=\"ATP - Ayant \u00e9t\u00e9 contraint de subir deux op\u00e9rations au genou, le joueur de tennis suisse Stan Wawrinka tente de retrouver le niveau qui \u00e9tait le sien.\" \/>\n<meta name=\"robots\" content=\"index, follow, max-snippet:-1, max-image-preview:large, max-video-preview:-1\" \/>\n<link rel=\"canonical\" href=\"https:\/\/dicodusport.fr\/blog\/stan-wawrinka-a-quand-le-rebond\/\" \/>\n<meta property=\"og:locale\" content=\"fr_FR\" \/>\n<meta property=\"og:type\" content=\"article\" \/>\n<meta property=\"og:title\" content=\"Stan Wawrinka, \u00e0 quand le rebond ?\" \/>\n<meta property=\"og:description\" content=\"ATP - Ayant \u00e9t\u00e9 contraint de subir deux op\u00e9rations au genou, le joueur de tennis suisse Stan Wawrinka tente de retrouver le niveau qui \u00e9tait le sien.\" \/>\n<meta property=\"og:url\" content=\"https:\/\/dicodusport.fr\/blog\/stan-wawrinka-a-quand-le-rebond\/\" \/>\n<meta property=\"og:site_name\" content=\"Dicodusport\" \/>\n<meta property=\"article:publisher\" content=\"https:\/\/www.facebook.com\/dicodusport\" \/>\n<meta property=\"article:author\" content=\"https:\/\/www.facebook.com\/julien.correia.52\" \/>\n<meta property=\"article:published_time\" content=\"2019-02-05T15:01:17+00:00\" \/>\n<meta property=\"article:modified_time\" content=\"2019-02-05T21:35:09+00:00\" \/>\n<meta property=\"og:image\" content=\"https:\/\/dicodusport.fr\/blog\/wp-content\/uploads\/2019\/02\/Stan-Wawrinka-2019.png\" \/>\n\t<meta property=\"og:image:width\" content=\"800\" \/>\n\t<meta property=\"og:image:height\" content=\"445\" \/>\n\t<meta property=\"og:image:type\" content=\"image\/png\" \/>\n<meta name=\"author\" content=\"Julien Correia\" \/>\n<meta name=\"twitter:card\" content=\"summary_large_image\" \/>\n<meta name=\"twitter:creator\" content=\"@https:\/\/twitter.com\/julienco_psg70\" \/>\n<meta name=\"twitter:site\" content=\"@dicodusport\" \/>\n<script type=\"application\/ld+json\" class=\"yoast-schema-graph\">{\"@context\":\"https:\/\/schema.org\",\"@graph\":[{\"@type\":\"NewsArticle\",\"@id\":\"https:\/\/dicodusport.fr\/blog\/stan-wawrinka-a-quand-le-rebond\/#article\",\"isPartOf\":{\"@id\":\"https:\/\/dicodusport.fr\/blog\/stan-wawrinka-a-quand-le-rebond\/\"},\"author\":{\"name\":\"Julien Correia\",\"@id\":\"https:\/\/dicodusport.fr\/blog\/#\/schema\/person\/0f73d157e4670e108e23009fa82f2239\"},\"headline\":\"Stan Wawrinka, \u00e0 quand le rebond ?\",\"datePublished\":\"2019-02-05T15:01:17+00:00\",\"dateModified\":\"2019-02-05T21:35:09+00:00\",\"mainEntityOfPage\":{\"@id\":\"https:\/\/dicodusport.fr\/blog\/stan-wawrinka-a-quand-le-rebond\/\"},\"wordCount\":725,\"commentCount\":0,\"publisher\":{\"@id\":\"https:\/\/dicodusport.fr\/blog\/#organization\"},\"image\":{\"@id\":\"https:\/\/dicodusport.fr\/blog\/stan-wawrinka-a-quand-le-rebond\/#primaryimage\"},\"thumbnailUrl\":\"https:\/\/dicodusport.fr\/blog\/wp-content\/uploads\/2019\/02\/Stan-Wawrinka-2019.png\",\"keywords\":[\"ATP\",\"Sofia\",\"Stan Wawrinka\",\"Tennis\"],\"articleSection\":[\"Actualit\u00e9s\",\"Sports de raquette\",\"Tennis\"],\"inLanguage\":\"fr-FR\",\"potentialAction\":[{\"@type\":\"CommentAction\",\"name\":\"Comment\",\"target\":[\"https:\/\/dicodusport.fr\/blog\/stan-wawrinka-a-quand-le-rebond\/#respond\"]}],\"copyrightYear\":\"2019\",\"copyrightHolder\":{\"@id\":\"https:\/\/dicodusport.fr\/blog\/#organization\"}},{\"@type\":\"WebPage\",\"@id\":\"https:\/\/dicodusport.fr\/blog\/stan-wawrinka-a-quand-le-rebond\/\",\"url\":\"https:\/\/dicodusport.fr\/blog\/stan-wawrinka-a-quand-le-rebond\/\",\"name\":\"Stan Wawrinka, \u00e0 quand le rebond ?\",\"isPartOf\":{\"@id\":\"https:\/\/dicodusport.fr\/blog\/#website\"},\"primaryImageOfPage\":{\"@id\":\"https:\/\/dicodusport.fr\/blog\/stan-wawrinka-a-quand-le-rebond\/#primaryimage\"},\"image\":{\"@id\":\"https:\/\/dicodusport.fr\/blog\/stan-wawrinka-a-quand-le-rebond\/#primaryimage\"},\"thumbnailUrl\":\"https:\/\/dicodusport.fr\/blog\/wp-content\/uploads\/2019\/02\/Stan-Wawrinka-2019.png\",\"datePublished\":\"2019-02-05T15:01:17+00:00\",\"dateModified\":\"2019-02-05T21:35:09+00:00\",\"description\":\"ATP - Ayant \u00e9t\u00e9 contraint de subir deux op\u00e9rations au genou, le joueur de tennis suisse Stan Wawrinka tente de retrouver le niveau qui \u00e9tait le sien.\",\"breadcrumb\":{\"@id\":\"https:\/\/dicodusport.fr\/blog\/stan-wawrinka-a-quand-le-rebond\/#breadcrumb\"},\"inLanguage\":\"fr-FR\",\"potentialAction\":[{\"@type\":\"ReadAction\",\"target\":[\"https:\/\/dicodusport.fr\/blog\/stan-wawrinka-a-quand-le-rebond\/\"]}]},{\"@type\":\"ImageObject\",\"inLanguage\":\"fr-FR\",\"@id\":\"https:\/\/dicodusport.fr\/blog\/stan-wawrinka-a-quand-le-rebond\/#primaryimage\",\"url\":\"https:\/\/dicodusport.fr\/blog\/wp-content\/uploads\/2019\/02\/Stan-Wawrinka-2019.png\",\"contentUrl\":\"https:\/\/dicodusport.fr\/blog\/wp-content\/uploads\/2019\/02\/Stan-Wawrinka-2019.png\",\"width\":800,\"height\":445},{\"@type\":\"BreadcrumbList\",\"@id\":\"https:\/\/dicodusport.fr\/blog\/stan-wawrinka-a-quand-le-rebond\/#breadcrumb\",\"itemListElement\":[{\"@type\":\"ListItem\",\"position\":1,\"name\":\"Accueil\",\"item\":\"https:\/\/dicodusport.fr\/blog\/\"},{\"@type\":\"ListItem\",\"position\":2,\"name\":\"Stan Wawrinka, \u00e0 quand le rebond ?\"}]},{\"@type\":\"WebSite\",\"@id\":\"https:\/\/dicodusport.fr\/blog\/#website\",\"url\":\"https:\/\/dicodusport.fr\/blog\/\",\"name\":\"Dicodusport\",\"description\":\"L&#039;encyclop\u00e9die de l&#039;actualit\u00e9 sportive\",\"publisher\":{\"@id\":\"https:\/\/dicodusport.fr\/blog\/#organization\"},\"potentialAction\":[{\"@type\":\"SearchAction\",\"target\":{\"@type\":\"EntryPoint\",\"urlTemplate\":\"https:\/\/dicodusport.fr\/blog\/?s={search_term_string}\"},\"query-input\":{\"@type\":\"PropertyValueSpecification\",\"valueRequired\":true,\"valueName\":\"search_term_string\"}}],\"inLanguage\":\"fr-FR\"},{\"@type\":\"NewsMediaOrganization\",\"@id\":\"https:\/\/dicodusport.fr\/blog\/#organization\",\"name\":\"Dicodusport\",\"url\":\"https:\/\/dicodusport.fr\/blog\/\",\"logo\":{\"@type\":\"ImageObject\",\"inLanguage\":\"fr-FR\",\"@id\":\"https:\/\/dicodusport.fr\/blog\/#\/schema\/logo\/image\/\",\"url\":\"https:\/\/dicodusport.fr\/blog\/wp-content\/uploads\/2020\/06\/cropped-LOGO-DICODUSPORT-2020-SANS-FOND-SANS-TEXTE.png\",\"contentUrl\":\"https:\/\/dicodusport.fr\/blog\/wp-content\/uploads\/2020\/06\/cropped-LOGO-DICODUSPORT-2020-SANS-FOND-SANS-TEXTE.png\",\"width\":512,\"height\":512,\"caption\":\"Dicodusport\"},\"image\":{\"@id\":\"https:\/\/dicodusport.fr\/blog\/#\/schema\/logo\/image\/\"},\"sameAs\":[\"https:\/\/www.facebook.com\/dicodusport\",\"https:\/\/x.com\/dicodusport\",\"https:\/\/www.instagram.com\/dicodusport\/\",\"https:\/\/www.youtube.com\/channel\/UC7V2KZ5sd3htJivAbA4ZG3w\"],\"description\":\"Dicodusport est l'encyclop\u00e9die de l'actualit\u00e9 sportive.\",\"email\":\"bonjour@dicodusport.fr\",\"legalName\":\"DICODUSPORT\",\"foundingDate\":\"2018-01-14\",\"vatID\":\"FR71834470973\",\"taxID\":\"83447097300043\",\"numberOfEmployees\":{\"@type\":\"QuantitativeValue\",\"minValue\":\"1\",\"maxValue\":\"10\"}},{\"@type\":\"Person\",\"@id\":\"https:\/\/dicodusport.fr\/blog\/#\/schema\/person\/0f73d157e4670e108e23009fa82f2239\",\"name\":\"Julien Correia\",\"image\":{\"@type\":\"ImageObject\",\"inLanguage\":\"fr-FR\",\"@id\":\"https:\/\/dicodusport.fr\/blog\/#\/schema\/person\/image\/\",\"url\":\"https:\/\/dicodusport.fr\/blog\/wp-content\/uploads\/2021\/05\/Julien-Correia-150x150.jpg\",\"contentUrl\":\"https:\/\/dicodusport.fr\/blog\/wp-content\/uploads\/2021\/05\/Julien-Correia-150x150.jpg\",\"caption\":\"Julien Correia\"},\"description\":\"Journaliste\/r\u00e9dacteur depuis janvier 2019 - Tomb\u00e9 dans le monde du ballon rond \u00e9tant petit, j\u2019aurais pu devenir pro sans ces foutus ligaments crois\u00e9s. D\u00e9filant sur les champs (mais pas Elys\u00e9es) en 98, j\u2019ai \u00e9t\u00e9 berc\u00e9 par les exploits de Mister George, piqu\u00e9 par la technique du Snake, grandi avec Captain Rai et Ronnie, m\u00fbri avec Pauleta et Edi. Mais Ibracadabra, je suis d\u00e9sormais reconverti en runner\/traileur. Moins rapide que Bolt et moins endurant que Jornet, c\u2019est donc plume \u00e0 la main que je partage les exploits de ces athl\u00e8tes !\",\"sameAs\":[\"https:\/\/www.facebook.com\/julien.correia.52\",\"https:\/\/x.com\/https:\/\/twitter.com\/julienco_psg70\"],\"url\":\"https:\/\/dicodusport.fr\/blog\/author\/julien-c\/\"}]}<\/script>\n<!-- \/ Yoast SEO Premium plugin. -->","yoast_head_json":{"title":"Stan Wawrinka, \u00e0 quand le rebond ?","description":"ATP - Ayant \u00e9t\u00e9 contraint de subir deux op\u00e9rations au genou, le joueur de tennis suisse Stan Wawrinka tente de retrouver le niveau qui \u00e9tait le sien.","robots":{"index":"index","follow":"follow","max-snippet":"max-snippet:-1","max-image-preview":"max-image-preview:large","max-video-preview":"max-video-preview:-1"},"canonical":"https:\/\/dicodusport.fr\/blog\/stan-wawrinka-a-quand-le-rebond\/","og_locale":"fr_FR","og_type":"article","og_title":"Stan Wawrinka, \u00e0 quand le rebond ?","og_description":"ATP - Ayant \u00e9t\u00e9 contraint de subir deux op\u00e9rations au genou, le joueur de tennis suisse Stan Wawrinka tente de retrouver le niveau qui \u00e9tait le sien.","og_url":"https:\/\/dicodusport.fr\/blog\/stan-wawrinka-a-quand-le-rebond\/","og_site_name":"Dicodusport","article_publisher":"https:\/\/www.facebook.com\/dicodusport","article_author":"https:\/\/www.facebook.com\/julien.correia.52","article_published_time":"2019-02-05T15:01:17+00:00","article_modified_time":"2019-02-05T21:35:09+00:00","og_image":[{"width":800,"height":445,"url":"https:\/\/dicodusport.fr\/blog\/wp-content\/uploads\/2019\/02\/Stan-Wawrinka-2019.png","type":"image\/png"}],"author":"Julien Correia","twitter_card":"summary_large_image","twitter_creator":"@https:\/\/twitter.com\/julienco_psg70","twitter_site":"@dicodusport","schema":{"@context":"https:\/\/schema.org","@graph":[{"@type":"NewsArticle","@id":"https:\/\/dicodusport.fr\/blog\/stan-wawrinka-a-quand-le-rebond\/#article","isPartOf":{"@id":"https:\/\/dicodusport.fr\/blog\/stan-wawrinka-a-quand-le-rebond\/"},"author":{"name":"Julien Correia","@id":"https:\/\/dicodusport.fr\/blog\/#\/schema\/person\/0f73d157e4670e108e23009fa82f2239"},"headline":"Stan Wawrinka, \u00e0 quand le rebond ?","datePublished":"2019-02-05T15:01:17+00:00","dateModified":"2019-02-05T21:35:09+00:00","mainEntityOfPage":{"@id":"https:\/\/dicodusport.fr\/blog\/stan-wawrinka-a-quand-le-rebond\/"},"wordCount":725,"commentCount":0,"publisher":{"@id":"https:\/\/dicodusport.fr\/blog\/#organization"},"image":{"@id":"https:\/\/dicodusport.fr\/blog\/stan-wawrinka-a-quand-le-rebond\/#primaryimage"},"thumbnailUrl":"https:\/\/dicodusport.fr\/blog\/wp-content\/uploads\/2019\/02\/Stan-Wawrinka-2019.png","keywords":["ATP","Sofia","Stan Wawrinka","Tennis"],"articleSection":["Actualit\u00e9s","Sports de raquette","Tennis"],"inLanguage":"fr-FR","potentialAction":[{"@type":"CommentAction","name":"Comment","target":["https:\/\/dicodusport.fr\/blog\/stan-wawrinka-a-quand-le-rebond\/#respond"]}],"copyrightYear":"2019","copyrightHolder":{"@id":"https:\/\/dicodusport.fr\/blog\/#organization"}},{"@type":"WebPage","@id":"https:\/\/dicodusport.fr\/blog\/stan-wawrinka-a-quand-le-rebond\/","url":"https:\/\/dicodusport.fr\/blog\/stan-wawrinka-a-quand-le-rebond\/","name":"Stan Wawrinka, \u00e0 quand le rebond ?","isPartOf":{"@id":"https:\/\/dicodusport.fr\/blog\/#website"},"primaryImageOfPage":{"@id":"https:\/\/dicodusport.fr\/blog\/stan-wawrinka-a-quand-le-rebond\/#primaryimage"},"image":{"@id":"https:\/\/dicodusport.fr\/blog\/stan-wawrinka-a-quand-le-rebond\/#primaryimage"},"thumbnailUrl":"https:\/\/dicodusport.fr\/blog\/wp-content\/uploads\/2019\/02\/Stan-Wawrinka-2019.png","datePublished":"2019-02-05T15:01:17+00:00","dateModified":"2019-02-05T21:35:09+00:00","description":"ATP - Ayant \u00e9t\u00e9 contraint de subir deux op\u00e9rations au genou, le joueur de tennis suisse Stan Wawrinka tente de retrouver le niveau qui \u00e9tait le sien.","breadcrumb":{"@id":"https:\/\/dicodusport.fr\/blog\/stan-wawrinka-a-quand-le-rebond\/#breadcrumb"},"inLanguage":"fr-FR","potentialAction":[{"@type":"ReadAction","target":["https:\/\/dicodusport.fr\/blog\/stan-wawrinka-a-quand-le-rebond\/"]}]},{"@type":"ImageObject","inLanguage":"fr-FR","@id":"https:\/\/dicodusport.fr\/blog\/stan-wawrinka-a-quand-le-rebond\/#primaryimage","url":"https:\/\/dicodusport.fr\/blog\/wp-content\/uploads\/2019\/02\/Stan-Wawrinka-2019.png","contentUrl":"https:\/\/dicodusport.fr\/blog\/wp-content\/uploads\/2019\/02\/Stan-Wawrinka-2019.png","width":800,"height":445},{"@type":"BreadcrumbList","@id":"https:\/\/dicodusport.fr\/blog\/stan-wawrinka-a-quand-le-rebond\/#breadcrumb","itemListElement":[{"@type":"ListItem","position":1,"name":"Accueil","item":"https:\/\/dicodusport.fr\/blog\/"},{"@type":"ListItem","position":2,"name":"Stan Wawrinka, \u00e0 quand le rebond ?"}]},{"@type":"WebSite","@id":"https:\/\/dicodusport.fr\/blog\/#website","url":"https:\/\/dicodusport.fr\/blog\/","name":"Dicodusport","description":"L&#039;encyclop\u00e9die de l&#039;actualit\u00e9 sportive","publisher":{"@id":"https:\/\/dicodusport.fr\/blog\/#organization"},"potentialAction":[{"@type":"SearchAction","target":{"@type":"EntryPoint","urlTemplate":"https:\/\/dicodusport.fr\/blog\/?s={search_term_string}"},"query-input":{"@type":"PropertyValueSpecification","valueRequired":true,"valueName":"search_term_string"}}],"inLanguage":"fr-FR"},{"@type":"NewsMediaOrganization","@id":"https:\/\/dicodusport.fr\/blog\/#organization","name":"Dicodusport","url":"https:\/\/dicodusport.fr\/blog\/","logo":{"@type":"ImageObject","inLanguage":"fr-FR","@id":"https:\/\/dicodusport.fr\/blog\/#\/schema\/logo\/image\/","url":"https:\/\/dicodusport.fr\/blog\/wp-content\/uploads\/2020\/06\/cropped-LOGO-DICODUSPORT-2020-SANS-FOND-SANS-TEXTE.png","contentUrl":"https:\/\/dicodusport.fr\/blog\/wp-content\/uploads\/2020\/06\/cropped-LOGO-DICODUSPORT-2020-SANS-FOND-SANS-TEXTE.png","width":512,"height":512,"caption":"Dicodusport"},"image":{"@id":"https:\/\/dicodusport.fr\/blog\/#\/schema\/logo\/image\/"},"sameAs":["https:\/\/www.facebook.com\/dicodusport","https:\/\/x.com\/dicodusport","https:\/\/www.instagram.com\/dicodusport\/","https:\/\/www.youtube.com\/channel\/UC7V2KZ5sd3htJivAbA4ZG3w"],"description":"Dicodusport est l'encyclop\u00e9die de l'actualit\u00e9 sportive.","email":"bonjour@dicodusport.fr","legalName":"DICODUSPORT","foundingDate":"2018-01-14","vatID":"FR71834470973","taxID":"83447097300043","numberOfEmployees":{"@type":"QuantitativeValue","minValue":"1","maxValue":"10"}},{"@type":"Person","@id":"https:\/\/dicodusport.fr\/blog\/#\/schema\/person\/0f73d157e4670e108e23009fa82f2239","name":"Julien Correia","image":{"@type":"ImageObject","inLanguage":"fr-FR","@id":"https:\/\/dicodusport.fr\/blog\/#\/schema\/person\/image\/","url":"https:\/\/dicodusport.fr\/blog\/wp-content\/uploads\/2021\/05\/Julien-Correia-150x150.jpg","contentUrl":"https:\/\/dicodusport.fr\/blog\/wp-content\/uploads\/2021\/05\/Julien-Correia-150x150.jpg","caption":"Julien Correia"},"description":"Journaliste\/r\u00e9dacteur depuis janvier 2019 - Tomb\u00e9 dans le monde du ballon rond \u00e9tant petit, j\u2019aurais pu devenir pro sans ces foutus ligaments crois\u00e9s. D\u00e9filant sur les champs (mais pas Elys\u00e9es) en 98, j\u2019ai \u00e9t\u00e9 berc\u00e9 par les exploits de Mister George, piqu\u00e9 par la technique du Snake, grandi avec Captain Rai et Ronnie, m\u00fbri avec Pauleta et Edi. Mais Ibracadabra, je suis d\u00e9sormais reconverti en runner\/traileur. Moins rapide que Bolt et moins endurant que Jornet, c\u2019est donc plume \u00e0 la main que je partage les exploits de ces athl\u00e8tes !","sameAs":["https:\/\/www.facebook.com\/julien.correia.52","https:\/\/x.com\/https:\/\/twitter.com\/julienco_psg70"],"url":"https:\/\/dicodusport.fr\/blog\/author\/julien-c\/"}]}},"_links":{"self":[{"href":"https:\/\/dicodusport.fr\/blog\/wp-json\/wp\/v2\/posts\/32920","targetHints":{"allow":["GET"]}}],"collection":[{"href":"https:\/\/dicodusport.fr\/blog\/wp-json\/wp\/v2\/posts"}],"about":[{"href":"https:\/\/dicodusport.fr\/blog\/wp-json\/wp\/v2\/types\/post"}],"author":[{"embeddable":true,"href":"https:\/\/dicodusport.fr\/blog\/wp-json\/wp\/v2\/users\/37"}],"replies":[{"embeddable":true,"href":"https:\/\/dicodusport.fr\/blog\/wp-json\/wp\/v2\/comments?post=32920"}],"version-history":[{"count":0,"href":"https:\/\/dicodusport.fr\/blog\/wp-json\/wp\/v2\/posts\/32920\/revisions"}],"wp:featuredmedia":[{"embeddable":true,"href":"https:\/\/dicodusport.fr\/blog\/wp-json\/wp\/v2\/media\/32930"}],"wp:attachment":[{"href":"https:\/\/dicodusport.fr\/blog\/wp-json\/wp\/v2\/media?parent=32920"}],"wp:term":[{"taxonomy":"category","embeddable":true,"href":"https:\/\/dicodusport.fr\/blog\/wp-json\/wp\/v2\/categories?post=32920"},{"taxonomy":"post_tag","embeddable":true,"href":"https:\/\/dicodusport.fr\/blog\/wp-json\/wp\/v2\/tags?post=32920"}],"curies":[{"name":"wp","href":"https:\/\/api.w.org\/{rel}","templated":true}]}}