{"id":33160,"date":"2019-02-07T21:35:48","date_gmt":"2019-02-07T20:35:48","guid":{"rendered":"http:\/\/dicodusport.fr\/blog\/?p=33160"},"modified":"2019-02-08T08:45:06","modified_gmt":"2019-02-08T07:45:06","slug":"johannes-boe-monstrueux-sur-individuel-a-canmore-les-bleus-dans-le-dur","status":"publish","type":"post","link":"https:\/\/dicodusport.fr\/blog\/johannes-boe-monstrueux-sur-individuel-a-canmore-les-bleus-dans-le-dur\/","title":{"rendered":"Johannes Boe monstrueux sur l&rsquo;individuel \u00e0 Canmore, les Bleus dans le dur"},"content":{"rendered":"<p style=\"text-align: justify;\"><strong><em>Coupe du monde &#8211; Sans trembler, Johannes Boe a remport\u00e9 l&rsquo;individuel \u00e0 Canmore (Canada), dans des conditions extr\u00eames. Avec cette 12\u00e8me victoire de la saison, il se rapproche du record de victoires sur une saison de Martin Fourcade (14). Simon Fourcade, meilleur fran\u00e7ais, est 7\u00e8me.<br \/>\n<\/em><\/strong><\/p>\n<p style=\"text-align: justify;\">Raccourci \u00e0 15km \u00e0 cause du froid extr\u00eame qui s&rsquo;abat au Canada, le deuxi\u00e8me individuel de la saison a tenu toutes ses promesses. Et les conditions extr\u00eames (- 15 degr\u00e9s aujourd&rsquo;hui), n&rsquo;ont pas troubl\u00e9 un Johannes Boe de nouveau imp\u00e9rial sur les pistes canadiennes. Auteur d&rsquo;un impressionnant 20\/20 au tir, le leader incontest\u00e9 de la Coupe du monde a \u00e9galement \u00e9t\u00e9 supersonique sur les skis (meilleur temps, 31 secondes de mieux que Christiansen). A l&rsquo;arriv\u00e9e, il devance, justement, son compatriote Vetle Sj\u00e5stad Christiansen (+2&rsquo;10, deux fautes) et le Russe Aleksandr Loginov (+2&rsquo;41, deux fautes \u00e9galement). Ce dernier profite de l&rsquo;absence de Martin Fourcade au Canada pour (re)devenir le dauphin du ph\u00e9nom\u00e8ne norv\u00e9gien.<\/p>\n<blockquote class=\"twitter-tweet\" data-lang=\"fr\">\n<p dir=\"ltr\" lang=\"fr\">Un v\u00e9ritable r\u00e9cital pour Johannes Boe qui aura survol\u00e9 cette course de bout en bout ! Chapeau l&rsquo;artiste ! &#x1f44f;&#x1f920;<a href=\"https:\/\/twitter.com\/hashtag\/lequipeBIATHLON?src=hash&amp;ref_src=twsrc%5Etfw\">#lequipeBIATHLON<\/a> <a href=\"https:\/\/t.co\/OpwKQm0t3x\">pic.twitter.com\/OpwKQm0t3x<\/a><\/p>\n<p>\u2014 la chaine L&rsquo;\u00c9quipe (@lachainelequipe) <a href=\"https:\/\/twitter.com\/lachainelequipe\/status\/1093601494602080256?ref_src=twsrc%5Etfw\">7 f\u00e9vrier 2019<\/a><\/p><\/blockquote>\n<p><script async src=\"https:\/\/platform.twitter.com\/widgets.js\" charset=\"utf-8\"><\/script><\/p>\n<h1 style=\"text-align: justify;\">Simon Fourcade sauve l&rsquo;honneur du clan fran\u00e7ais<\/h1>\n<p style=\"text-align: justify;\">Impressionnante \u00e0 Antholz il y a 15 jours, l&rsquo;\u00e9quipe de France n&rsquo;a cette fois pas r\u00e9ussi \u00e0 rivaliser avec l&rsquo;intouchable Johannes Boe. Le meilleur d&rsquo;entre eux, le surprenant Simon Fourcade, prend une belle 7\u00e8me place avec une seule faute au tir. Encore en IBU Cup en toute fin d&rsquo;ann\u00e9e 2018, le fr\u00e8re a\u00een\u00e9 de Martin marque de pr\u00e9cieux points dans la course aux Mondiaux.<\/p>\n<p style=\"text-align: justify;\">Simon Desthieux est 11\u00e8me avec deux erreurs derri\u00e8re la carabine. Derri\u00e8re, Quentin Fillon Maillet, le h\u00e9ros tricolore \u00e0 Antholz et meilleur fran\u00e7ais sur les spatules aujourd&rsquo;hui, est 25\u00e8me avec trois fautes, tout comme Emilien Jacquelin et Antonin Guigonnat qui terminent respectivement aux 28\u00e8me et 31\u00e8me places. Fabien Claude, 5 fautes, est 54\u00e8me.<\/p>\n<p><strong><em>Flo Ostermann<br \/>\n<a href=\"https:\/\/www.facebook.com\/florent.ostermann\"><img loading=\"lazy\" decoding=\"async\" class=\"alignnone wp-image-2909\" src=\"http:\/\/dicodusport.fr\/blog\/wp-content\/uploads\/2017\/07\/logo-facebook-150x150.png\" alt=\"\" width=\"40\" height=\"40\" \/><\/a><a href=\"https:\/\/twitter.com\/SportInsideMag\"><img loading=\"lazy\" decoding=\"async\" class=\"alignnone wp-image-2908\" src=\"http:\/\/dicodusport.fr\/blog\/wp-content\/uploads\/2017\/07\/logo-twitter-150x150.png\" alt=\"\" width=\"39\" height=\"39\" \/><\/a><\/em><\/strong><\/p>\n","protected":false},"excerpt":{"rendered":"<p>Coupe du monde &#8211; Sans trembler, Johannes Boe a remport\u00e9 l&rsquo;individuel \u00e0 Canmore (Canada), dans des conditions extr\u00eames. Simon Desthieux, meilleur fran\u00e7ais, est 7\u00e8me.<\/p>\n","protected":false},"author":4,"featured_media":33180,"comment_status":"open","ping_status":"closed","sticky":false,"template":"","format":"standard","meta":{"_acf_changed":false,"_daextam_enable_autolinks":"","footnotes":""},"categories":[2,2426,2313],"tags":[2427,7213,1530,6844,2433],"class_list":["post-33160","post","type-post","status-publish","format-standard","has-post-thumbnail","hentry","category-actualites","category-biathlon","category-sports-dhiver","tag-biathlon","tag-canmore","tag-coupe-du-monde","tag-individuel","tag-johannes-boe"],"acf":[],"yoast_head":"<!-- This site is optimized with the Yoast SEO Premium plugin v26.7 (Yoast SEO v26.7) - https:\/\/yoast.com\/wordpress\/plugins\/seo\/ -->\n<title>Johannes Boe monstrueux sur l&#039;individuel \u00e0 Canmore, les Bleus dans le dur<\/title>\n<meta name=\"description\" content=\"Coupe du monde - Johannes Boe a remport\u00e9 l&#039;individuel \u00e0 Canmore (Canada), dans des conditions extr\u00eames. Simon Desthieux, meilleur fran\u00e7ais, est 7\u00e8me.\" \/>\n<meta name=\"robots\" content=\"index, follow, max-snippet:-1, max-image-preview:large, max-video-preview:-1\" \/>\n<link rel=\"canonical\" href=\"https:\/\/dicodusport.fr\/blog\/johannes-boe-monstrueux-sur-individuel-a-canmore-les-bleus-dans-le-dur\/\" \/>\n<meta property=\"og:locale\" content=\"fr_FR\" \/>\n<meta property=\"og:type\" content=\"article\" \/>\n<meta property=\"og:title\" content=\"Johannes Boe monstrueux sur l&#039;individuel \u00e0 Canmore, les Bleus dans le dur\" \/>\n<meta property=\"og:description\" content=\"Coupe du monde - Johannes Boe a remport\u00e9 l&#039;individuel \u00e0 Canmore (Canada), dans des conditions extr\u00eames. Simon Desthieux, meilleur fran\u00e7ais, est 7\u00e8me.\" \/>\n<meta property=\"og:url\" content=\"https:\/\/dicodusport.fr\/blog\/johannes-boe-monstrueux-sur-individuel-a-canmore-les-bleus-dans-le-dur\/\" \/>\n<meta property=\"og:site_name\" content=\"Dicodusport\" \/>\n<meta property=\"article:publisher\" content=\"https:\/\/www.facebook.com\/dicodusport\" \/>\n<meta property=\"article:author\" content=\"https:\/\/www.facebook.com\/florent.ostermann\" \/>\n<meta property=\"article:published_time\" content=\"2019-02-07T20:35:48+00:00\" \/>\n<meta property=\"article:modified_time\" content=\"2019-02-08T07:45:06+00:00\" \/>\n<meta property=\"og:image\" content=\"https:\/\/dicodusport.fr\/blog\/wp-content\/uploads\/2019\/02\/Johannes-Boe-Individuel-Canmore-2019.png\" \/>\n\t<meta property=\"og:image:width\" content=\"800\" \/>\n\t<meta property=\"og:image:height\" content=\"445\" \/>\n\t<meta property=\"og:image:type\" content=\"image\/png\" \/>\n<meta name=\"author\" content=\"Flo Ostermann\" \/>\n<meta name=\"twitter:card\" content=\"summary_large_image\" \/>\n<meta name=\"twitter:creator\" content=\"@https:\/\/twitter.com\/FlOstermann\" \/>\n<meta name=\"twitter:site\" content=\"@dicodusport\" \/>\n<script type=\"application\/ld+json\" class=\"yoast-schema-graph\">{\"@context\":\"https:\/\/schema.org\",\"@graph\":[{\"@type\":\"NewsArticle\",\"@id\":\"https:\/\/dicodusport.fr\/blog\/johannes-boe-monstrueux-sur-individuel-a-canmore-les-bleus-dans-le-dur\/#article\",\"isPartOf\":{\"@id\":\"https:\/\/dicodusport.fr\/blog\/johannes-boe-monstrueux-sur-individuel-a-canmore-les-bleus-dans-le-dur\/\"},\"author\":{\"name\":\"Flo Ostermann\",\"@id\":\"https:\/\/dicodusport.fr\/blog\/#\/schema\/person\/cb02af4c173ce4a653b55e9baf388d4a\"},\"headline\":\"Johannes Boe monstrueux sur l&rsquo;individuel \u00e0 Canmore, les Bleus dans le dur\",\"datePublished\":\"2019-02-07T20:35:48+00:00\",\"dateModified\":\"2019-02-08T07:45:06+00:00\",\"mainEntityOfPage\":{\"@id\":\"https:\/\/dicodusport.fr\/blog\/johannes-boe-monstrueux-sur-individuel-a-canmore-les-bleus-dans-le-dur\/\"},\"wordCount\":355,\"commentCount\":0,\"publisher\":{\"@id\":\"https:\/\/dicodusport.fr\/blog\/#organization\"},\"image\":{\"@id\":\"https:\/\/dicodusport.fr\/blog\/johannes-boe-monstrueux-sur-individuel-a-canmore-les-bleus-dans-le-dur\/#primaryimage\"},\"thumbnailUrl\":\"https:\/\/dicodusport.fr\/blog\/wp-content\/uploads\/2019\/02\/Johannes-Boe-Individuel-Canmore-2019.png\",\"keywords\":[\"Biathlon\",\"Canmore\",\"Coupe du monde\",\"Individuel\",\"Johannes Boe\"],\"articleSection\":[\"Actualit\u00e9s\",\"Biathlon\",\"Sports d'hiver\"],\"inLanguage\":\"fr-FR\",\"potentialAction\":[{\"@type\":\"CommentAction\",\"name\":\"Comment\",\"target\":[\"https:\/\/dicodusport.fr\/blog\/johannes-boe-monstrueux-sur-individuel-a-canmore-les-bleus-dans-le-dur\/#respond\"]}],\"copyrightYear\":\"2019\",\"copyrightHolder\":{\"@id\":\"https:\/\/dicodusport.fr\/blog\/#organization\"}},{\"@type\":\"WebPage\",\"@id\":\"https:\/\/dicodusport.fr\/blog\/johannes-boe-monstrueux-sur-individuel-a-canmore-les-bleus-dans-le-dur\/\",\"url\":\"https:\/\/dicodusport.fr\/blog\/johannes-boe-monstrueux-sur-individuel-a-canmore-les-bleus-dans-le-dur\/\",\"name\":\"Johannes Boe monstrueux sur l'individuel \u00e0 Canmore, les Bleus dans le dur\",\"isPartOf\":{\"@id\":\"https:\/\/dicodusport.fr\/blog\/#website\"},\"primaryImageOfPage\":{\"@id\":\"https:\/\/dicodusport.fr\/blog\/johannes-boe-monstrueux-sur-individuel-a-canmore-les-bleus-dans-le-dur\/#primaryimage\"},\"image\":{\"@id\":\"https:\/\/dicodusport.fr\/blog\/johannes-boe-monstrueux-sur-individuel-a-canmore-les-bleus-dans-le-dur\/#primaryimage\"},\"thumbnailUrl\":\"https:\/\/dicodusport.fr\/blog\/wp-content\/uploads\/2019\/02\/Johannes-Boe-Individuel-Canmore-2019.png\",\"datePublished\":\"2019-02-07T20:35:48+00:00\",\"dateModified\":\"2019-02-08T07:45:06+00:00\",\"description\":\"Coupe du monde - Johannes Boe a remport\u00e9 l'individuel \u00e0 Canmore (Canada), dans des conditions extr\u00eames. Simon Desthieux, meilleur fran\u00e7ais, est 7\u00e8me.\",\"breadcrumb\":{\"@id\":\"https:\/\/dicodusport.fr\/blog\/johannes-boe-monstrueux-sur-individuel-a-canmore-les-bleus-dans-le-dur\/#breadcrumb\"},\"inLanguage\":\"fr-FR\",\"potentialAction\":[{\"@type\":\"ReadAction\",\"target\":[\"https:\/\/dicodusport.fr\/blog\/johannes-boe-monstrueux-sur-individuel-a-canmore-les-bleus-dans-le-dur\/\"]}]},{\"@type\":\"ImageObject\",\"inLanguage\":\"fr-FR\",\"@id\":\"https:\/\/dicodusport.fr\/blog\/johannes-boe-monstrueux-sur-individuel-a-canmore-les-bleus-dans-le-dur\/#primaryimage\",\"url\":\"https:\/\/dicodusport.fr\/blog\/wp-content\/uploads\/2019\/02\/Johannes-Boe-Individuel-Canmore-2019.png\",\"contentUrl\":\"https:\/\/dicodusport.fr\/blog\/wp-content\/uploads\/2019\/02\/Johannes-Boe-Individuel-Canmore-2019.png\",\"width\":800,\"height\":445},{\"@type\":\"BreadcrumbList\",\"@id\":\"https:\/\/dicodusport.fr\/blog\/johannes-boe-monstrueux-sur-individuel-a-canmore-les-bleus-dans-le-dur\/#breadcrumb\",\"itemListElement\":[{\"@type\":\"ListItem\",\"position\":1,\"name\":\"Accueil\",\"item\":\"https:\/\/dicodusport.fr\/blog\/\"},{\"@type\":\"ListItem\",\"position\":2,\"name\":\"Johannes Boe monstrueux sur l&rsquo;individuel \u00e0 Canmore, les Bleus dans le dur\"}]},{\"@type\":\"WebSite\",\"@id\":\"https:\/\/dicodusport.fr\/blog\/#website\",\"url\":\"https:\/\/dicodusport.fr\/blog\/\",\"name\":\"Dicodusport\",\"description\":\"L&#039;encyclop\u00e9die de l&#039;actualit\u00e9 sportive\",\"publisher\":{\"@id\":\"https:\/\/dicodusport.fr\/blog\/#organization\"},\"potentialAction\":[{\"@type\":\"SearchAction\",\"target\":{\"@type\":\"EntryPoint\",\"urlTemplate\":\"https:\/\/dicodusport.fr\/blog\/?s={search_term_string}\"},\"query-input\":{\"@type\":\"PropertyValueSpecification\",\"valueRequired\":true,\"valueName\":\"search_term_string\"}}],\"inLanguage\":\"fr-FR\"},{\"@type\":\"NewsMediaOrganization\",\"@id\":\"https:\/\/dicodusport.fr\/blog\/#organization\",\"name\":\"Dicodusport\",\"url\":\"https:\/\/dicodusport.fr\/blog\/\",\"logo\":{\"@type\":\"ImageObject\",\"inLanguage\":\"fr-FR\",\"@id\":\"https:\/\/dicodusport.fr\/blog\/#\/schema\/logo\/image\/\",\"url\":\"https:\/\/dicodusport.fr\/blog\/wp-content\/uploads\/2020\/06\/cropped-LOGO-DICODUSPORT-2020-SANS-FOND-SANS-TEXTE.png\",\"contentUrl\":\"https:\/\/dicodusport.fr\/blog\/wp-content\/uploads\/2020\/06\/cropped-LOGO-DICODUSPORT-2020-SANS-FOND-SANS-TEXTE.png\",\"width\":512,\"height\":512,\"caption\":\"Dicodusport\"},\"image\":{\"@id\":\"https:\/\/dicodusport.fr\/blog\/#\/schema\/logo\/image\/\"},\"sameAs\":[\"https:\/\/www.facebook.com\/dicodusport\",\"https:\/\/x.com\/dicodusport\",\"https:\/\/www.instagram.com\/dicodusport\/\",\"https:\/\/www.youtube.com\/channel\/UC7V2KZ5sd3htJivAbA4ZG3w\"],\"description\":\"Dicodusport est l'encyclop\u00e9die de l'actualit\u00e9 sportive.\",\"email\":\"bonjour@dicodusport.fr\",\"legalName\":\"DICODUSPORT\",\"foundingDate\":\"2018-01-14\",\"vatID\":\"FR71834470973\",\"taxID\":\"83447097300043\",\"numberOfEmployees\":{\"@type\":\"QuantitativeValue\",\"minValue\":\"1\",\"maxValue\":\"10\"}},{\"@type\":\"Person\",\"@id\":\"https:\/\/dicodusport.fr\/blog\/#\/schema\/person\/cb02af4c173ce4a653b55e9baf388d4a\",\"name\":\"Flo Ostermann\",\"image\":{\"@type\":\"ImageObject\",\"inLanguage\":\"fr-FR\",\"@id\":\"https:\/\/dicodusport.fr\/blog\/#\/schema\/person\/image\/\",\"url\":\"https:\/\/dicodusport.fr\/blog\/wp-content\/uploads\/2021\/05\/Flo-Ostermann-150x150.jpg\",\"contentUrl\":\"https:\/\/dicodusport.fr\/blog\/wp-content\/uploads\/2021\/05\/Flo-Ostermann-150x150.jpg\",\"caption\":\"Flo Ostermann\"},\"description\":\"Journaliste\/R\u00e9dacteur depuis septembre 2015 - Mes premiers souvenirs dans le sport ? Les envol\u00e9es du Stade Toulousain et les duels Villeneuve-Schumacher et H\u00e4kkinen-Schumacher \u00e0 la fin des ann\u00e9es 90, la Coupe du monde de football en 1998, l\u2019exploit du XV de France face aux All Blacks en 1999, mais aussi Richard C\u0153ur de Lion qui vole sur les montagnes du Tour de France. Bien parti pour devenir professeur d\u2019EPS, les \u00e9v\u00e9nements de la vie (et la flemme d\u2019animer des s\u00e9ances de 3x500 m\u00e8tres toute ma vie) m\u2019ont conduit \u00e0 revoir mes plans. Me voil\u00e0 depuis fin 2017 sur Dicodusport, m\u00e9dia gr\u00e2ce (et pour) lequel je partage ma passion : le sport dans tous ses \u00e9tats. Le tout accompagn\u00e9 par les fous furieux et folles furieuses cit\u00e9s sur cette page !\",\"sameAs\":[\"https:\/\/www.facebook.com\/florent.ostermann\",\"https:\/\/x.com\/https:\/\/twitter.com\/FlOstermann\",\"admin\"],\"url\":\"https:\/\/dicodusport.fr\/blog\/author\/flo\/\"}]}<\/script>\n<!-- \/ Yoast SEO Premium plugin. -->","yoast_head_json":{"title":"Johannes Boe monstrueux sur l'individuel \u00e0 Canmore, les Bleus dans le dur","description":"Coupe du monde - Johannes Boe a remport\u00e9 l'individuel \u00e0 Canmore (Canada), dans des conditions extr\u00eames. Simon Desthieux, meilleur fran\u00e7ais, est 7\u00e8me.","robots":{"index":"index","follow":"follow","max-snippet":"max-snippet:-1","max-image-preview":"max-image-preview:large","max-video-preview":"max-video-preview:-1"},"canonical":"https:\/\/dicodusport.fr\/blog\/johannes-boe-monstrueux-sur-individuel-a-canmore-les-bleus-dans-le-dur\/","og_locale":"fr_FR","og_type":"article","og_title":"Johannes Boe monstrueux sur l'individuel \u00e0 Canmore, les Bleus dans le dur","og_description":"Coupe du monde - Johannes Boe a remport\u00e9 l'individuel \u00e0 Canmore (Canada), dans des conditions extr\u00eames. Simon Desthieux, meilleur fran\u00e7ais, est 7\u00e8me.","og_url":"https:\/\/dicodusport.fr\/blog\/johannes-boe-monstrueux-sur-individuel-a-canmore-les-bleus-dans-le-dur\/","og_site_name":"Dicodusport","article_publisher":"https:\/\/www.facebook.com\/dicodusport","article_author":"https:\/\/www.facebook.com\/florent.ostermann","article_published_time":"2019-02-07T20:35:48+00:00","article_modified_time":"2019-02-08T07:45:06+00:00","og_image":[{"width":800,"height":445,"url":"https:\/\/dicodusport.fr\/blog\/wp-content\/uploads\/2019\/02\/Johannes-Boe-Individuel-Canmore-2019.png","type":"image\/png"}],"author":"Flo Ostermann","twitter_card":"summary_large_image","twitter_creator":"@https:\/\/twitter.com\/FlOstermann","twitter_site":"@dicodusport","schema":{"@context":"https:\/\/schema.org","@graph":[{"@type":"NewsArticle","@id":"https:\/\/dicodusport.fr\/blog\/johannes-boe-monstrueux-sur-individuel-a-canmore-les-bleus-dans-le-dur\/#article","isPartOf":{"@id":"https:\/\/dicodusport.fr\/blog\/johannes-boe-monstrueux-sur-individuel-a-canmore-les-bleus-dans-le-dur\/"},"author":{"name":"Flo Ostermann","@id":"https:\/\/dicodusport.fr\/blog\/#\/schema\/person\/cb02af4c173ce4a653b55e9baf388d4a"},"headline":"Johannes Boe monstrueux sur l&rsquo;individuel \u00e0 Canmore, les Bleus dans le dur","datePublished":"2019-02-07T20:35:48+00:00","dateModified":"2019-02-08T07:45:06+00:00","mainEntityOfPage":{"@id":"https:\/\/dicodusport.fr\/blog\/johannes-boe-monstrueux-sur-individuel-a-canmore-les-bleus-dans-le-dur\/"},"wordCount":355,"commentCount":0,"publisher":{"@id":"https:\/\/dicodusport.fr\/blog\/#organization"},"image":{"@id":"https:\/\/dicodusport.fr\/blog\/johannes-boe-monstrueux-sur-individuel-a-canmore-les-bleus-dans-le-dur\/#primaryimage"},"thumbnailUrl":"https:\/\/dicodusport.fr\/blog\/wp-content\/uploads\/2019\/02\/Johannes-Boe-Individuel-Canmore-2019.png","keywords":["Biathlon","Canmore","Coupe du monde","Individuel","Johannes Boe"],"articleSection":["Actualit\u00e9s","Biathlon","Sports d'hiver"],"inLanguage":"fr-FR","potentialAction":[{"@type":"CommentAction","name":"Comment","target":["https:\/\/dicodusport.fr\/blog\/johannes-boe-monstrueux-sur-individuel-a-canmore-les-bleus-dans-le-dur\/#respond"]}],"copyrightYear":"2019","copyrightHolder":{"@id":"https:\/\/dicodusport.fr\/blog\/#organization"}},{"@type":"WebPage","@id":"https:\/\/dicodusport.fr\/blog\/johannes-boe-monstrueux-sur-individuel-a-canmore-les-bleus-dans-le-dur\/","url":"https:\/\/dicodusport.fr\/blog\/johannes-boe-monstrueux-sur-individuel-a-canmore-les-bleus-dans-le-dur\/","name":"Johannes Boe monstrueux sur l'individuel \u00e0 Canmore, les Bleus dans le dur","isPartOf":{"@id":"https:\/\/dicodusport.fr\/blog\/#website"},"primaryImageOfPage":{"@id":"https:\/\/dicodusport.fr\/blog\/johannes-boe-monstrueux-sur-individuel-a-canmore-les-bleus-dans-le-dur\/#primaryimage"},"image":{"@id":"https:\/\/dicodusport.fr\/blog\/johannes-boe-monstrueux-sur-individuel-a-canmore-les-bleus-dans-le-dur\/#primaryimage"},"thumbnailUrl":"https:\/\/dicodusport.fr\/blog\/wp-content\/uploads\/2019\/02\/Johannes-Boe-Individuel-Canmore-2019.png","datePublished":"2019-02-07T20:35:48+00:00","dateModified":"2019-02-08T07:45:06+00:00","description":"Coupe du monde - Johannes Boe a remport\u00e9 l'individuel \u00e0 Canmore (Canada), dans des conditions extr\u00eames. Simon Desthieux, meilleur fran\u00e7ais, est 7\u00e8me.","breadcrumb":{"@id":"https:\/\/dicodusport.fr\/blog\/johannes-boe-monstrueux-sur-individuel-a-canmore-les-bleus-dans-le-dur\/#breadcrumb"},"inLanguage":"fr-FR","potentialAction":[{"@type":"ReadAction","target":["https:\/\/dicodusport.fr\/blog\/johannes-boe-monstrueux-sur-individuel-a-canmore-les-bleus-dans-le-dur\/"]}]},{"@type":"ImageObject","inLanguage":"fr-FR","@id":"https:\/\/dicodusport.fr\/blog\/johannes-boe-monstrueux-sur-individuel-a-canmore-les-bleus-dans-le-dur\/#primaryimage","url":"https:\/\/dicodusport.fr\/blog\/wp-content\/uploads\/2019\/02\/Johannes-Boe-Individuel-Canmore-2019.png","contentUrl":"https:\/\/dicodusport.fr\/blog\/wp-content\/uploads\/2019\/02\/Johannes-Boe-Individuel-Canmore-2019.png","width":800,"height":445},{"@type":"BreadcrumbList","@id":"https:\/\/dicodusport.fr\/blog\/johannes-boe-monstrueux-sur-individuel-a-canmore-les-bleus-dans-le-dur\/#breadcrumb","itemListElement":[{"@type":"ListItem","position":1,"name":"Accueil","item":"https:\/\/dicodusport.fr\/blog\/"},{"@type":"ListItem","position":2,"name":"Johannes Boe monstrueux sur l&rsquo;individuel \u00e0 Canmore, les Bleus dans le dur"}]},{"@type":"WebSite","@id":"https:\/\/dicodusport.fr\/blog\/#website","url":"https:\/\/dicodusport.fr\/blog\/","name":"Dicodusport","description":"L&#039;encyclop\u00e9die de l&#039;actualit\u00e9 sportive","publisher":{"@id":"https:\/\/dicodusport.fr\/blog\/#organization"},"potentialAction":[{"@type":"SearchAction","target":{"@type":"EntryPoint","urlTemplate":"https:\/\/dicodusport.fr\/blog\/?s={search_term_string}"},"query-input":{"@type":"PropertyValueSpecification","valueRequired":true,"valueName":"search_term_string"}}],"inLanguage":"fr-FR"},{"@type":"NewsMediaOrganization","@id":"https:\/\/dicodusport.fr\/blog\/#organization","name":"Dicodusport","url":"https:\/\/dicodusport.fr\/blog\/","logo":{"@type":"ImageObject","inLanguage":"fr-FR","@id":"https:\/\/dicodusport.fr\/blog\/#\/schema\/logo\/image\/","url":"https:\/\/dicodusport.fr\/blog\/wp-content\/uploads\/2020\/06\/cropped-LOGO-DICODUSPORT-2020-SANS-FOND-SANS-TEXTE.png","contentUrl":"https:\/\/dicodusport.fr\/blog\/wp-content\/uploads\/2020\/06\/cropped-LOGO-DICODUSPORT-2020-SANS-FOND-SANS-TEXTE.png","width":512,"height":512,"caption":"Dicodusport"},"image":{"@id":"https:\/\/dicodusport.fr\/blog\/#\/schema\/logo\/image\/"},"sameAs":["https:\/\/www.facebook.com\/dicodusport","https:\/\/x.com\/dicodusport","https:\/\/www.instagram.com\/dicodusport\/","https:\/\/www.youtube.com\/channel\/UC7V2KZ5sd3htJivAbA4ZG3w"],"description":"Dicodusport est l'encyclop\u00e9die de l'actualit\u00e9 sportive.","email":"bonjour@dicodusport.fr","legalName":"DICODUSPORT","foundingDate":"2018-01-14","vatID":"FR71834470973","taxID":"83447097300043","numberOfEmployees":{"@type":"QuantitativeValue","minValue":"1","maxValue":"10"}},{"@type":"Person","@id":"https:\/\/dicodusport.fr\/blog\/#\/schema\/person\/cb02af4c173ce4a653b55e9baf388d4a","name":"Flo Ostermann","image":{"@type":"ImageObject","inLanguage":"fr-FR","@id":"https:\/\/dicodusport.fr\/blog\/#\/schema\/person\/image\/","url":"https:\/\/dicodusport.fr\/blog\/wp-content\/uploads\/2021\/05\/Flo-Ostermann-150x150.jpg","contentUrl":"https:\/\/dicodusport.fr\/blog\/wp-content\/uploads\/2021\/05\/Flo-Ostermann-150x150.jpg","caption":"Flo Ostermann"},"description":"Journaliste\/R\u00e9dacteur depuis septembre 2015 - Mes premiers souvenirs dans le sport ? Les envol\u00e9es du Stade Toulousain et les duels Villeneuve-Schumacher et H\u00e4kkinen-Schumacher \u00e0 la fin des ann\u00e9es 90, la Coupe du monde de football en 1998, l\u2019exploit du XV de France face aux All Blacks en 1999, mais aussi Richard C\u0153ur de Lion qui vole sur les montagnes du Tour de France. Bien parti pour devenir professeur d\u2019EPS, les \u00e9v\u00e9nements de la vie (et la flemme d\u2019animer des s\u00e9ances de 3x500 m\u00e8tres toute ma vie) m\u2019ont conduit \u00e0 revoir mes plans. Me voil\u00e0 depuis fin 2017 sur Dicodusport, m\u00e9dia gr\u00e2ce (et pour) lequel je partage ma passion : le sport dans tous ses \u00e9tats. Le tout accompagn\u00e9 par les fous furieux et folles furieuses cit\u00e9s sur cette page !","sameAs":["https:\/\/www.facebook.com\/florent.ostermann","https:\/\/x.com\/https:\/\/twitter.com\/FlOstermann","admin"],"url":"https:\/\/dicodusport.fr\/blog\/author\/flo\/"}]}},"_links":{"self":[{"href":"https:\/\/dicodusport.fr\/blog\/wp-json\/wp\/v2\/posts\/33160","targetHints":{"allow":["GET"]}}],"collection":[{"href":"https:\/\/dicodusport.fr\/blog\/wp-json\/wp\/v2\/posts"}],"about":[{"href":"https:\/\/dicodusport.fr\/blog\/wp-json\/wp\/v2\/types\/post"}],"author":[{"embeddable":true,"href":"https:\/\/dicodusport.fr\/blog\/wp-json\/wp\/v2\/users\/4"}],"replies":[{"embeddable":true,"href":"https:\/\/dicodusport.fr\/blog\/wp-json\/wp\/v2\/comments?post=33160"}],"version-history":[{"count":0,"href":"https:\/\/dicodusport.fr\/blog\/wp-json\/wp\/v2\/posts\/33160\/revisions"}],"wp:featuredmedia":[{"embeddable":true,"href":"https:\/\/dicodusport.fr\/blog\/wp-json\/wp\/v2\/media\/33180"}],"wp:attachment":[{"href":"https:\/\/dicodusport.fr\/blog\/wp-json\/wp\/v2\/media?parent=33160"}],"wp:term":[{"taxonomy":"category","embeddable":true,"href":"https:\/\/dicodusport.fr\/blog\/wp-json\/wp\/v2\/categories?post=33160"},{"taxonomy":"post_tag","embeddable":true,"href":"https:\/\/dicodusport.fr\/blog\/wp-json\/wp\/v2\/tags?post=33160"}],"curies":[{"name":"wp","href":"https:\/\/api.w.org\/{rel}","templated":true}]}}