{"id":33189,"date":"2019-02-07T23:56:31","date_gmt":"2019-02-07T22:56:31","guid":{"rendered":"http:\/\/dicodusport.fr\/blog\/?p=33189"},"modified":"2019-02-08T08:46:30","modified_gmt":"2019-02-08T07:46:30","slug":"canmore-tiril-eckhoff-remporte-l-individuel-les-bleues-refroidies","status":"publish","type":"post","link":"https:\/\/dicodusport.fr\/blog\/canmore-tiril-eckhoff-remporte-l-individuel-les-bleues-refroidies\/","title":{"rendered":"Canmore : Tiril Eckhoff remporte l&rsquo;individuel, les Bleues refroidies"},"content":{"rendered":"<p style=\"text-align: justify;\"><em><strong>Biathlon &#8211; La Norv\u00e9gienne Tiril Eckhoff a domin\u00e9 l&rsquo;individuel \u00e0 Canmore (Canada). Elle d\u00e9croche la 6\u00e8me victoire de sa carri\u00e8re, la premi\u00e8re cette saison. <\/strong><\/em><\/p>\n<p style=\"text-align: justify;\">Sous un froid davantage marqu\u00e9 que pour l&rsquo;\u00e9preuve masculine, Tiril Eckhoff a fait parler la poudre. Malgr\u00e9 un 19\/20, la Norv\u00e9gienne, troisi\u00e8me temps sur les skis, a devanc\u00e9 la jeune Tch\u00e8que de 22 ans, Mark\u00e9ta Davidova (20\/20), qui avait remport\u00e9 le sprint \u00e0 Antholz il y a 15 jours. L&rsquo;Italienne Lisa Vittozzi (20\/20 au tir) compl\u00e8te le podium. Mauvaise op\u00e9ration en revanche pour Dorothea Wierer. La leader de la Coupe du monde, pourtant impeccable sur ses deux premiers tirs, a craqu\u00e9 pour terminer au final avec trois erreurs et une 22\u00e8me place. Elle ne poss\u00e8de plus que cinq points d&rsquo;avance\u00a0 au classement g\u00e9n\u00e9ral sur&#8230; Lisa Vittozzi, sa compatriote.<\/p>\n<h1 style=\"text-align: justify;\">Bescond dans le top 10<\/h1>\n<p style=\"text-align: justify;\">Comme chez les hommes, les Bleues ont globalement d\u00e9\u00e7u, \u00e0 une exception pr\u00e8s. Mention bien pour Ana\u00efs Bescond, qui malgr\u00e9 deux fautes au tir, prend la 7\u00e8me place, avec le 9\u00e8me temps sur les skis. Julia Simon, trois fautes, est 19\u00e8me. Premi\u00e8re Fran\u00e7aise au g\u00e9n\u00e9ral, Ana\u00efs Chevalier confirme sa mauvaise passe apr\u00e8s un week-end compliqu\u00e9 \u00e0 Antholz : l&rsquo;Is\u00e9roise s&rsquo;en tire avec quatre erreurs et une 24\u00e8me place, juste devant C\u00e9lia Aymonier (25\u00e8me, 4 fautes). Justine Braisaz qui a rencontr\u00e9 quelques soucis avec sa carabine, est 28\u00e8me avec 3 fautes. Sixi\u00e8me Tricolore engag\u00e9e, Caroline Colombo termine en 35\u00e8me position.<\/p>\n<p><strong><em>Flo Ostermann<br \/>\n<a href=\"https:\/\/www.facebook.com\/florent.ostermann\"><img loading=\"lazy\" decoding=\"async\" class=\"alignnone wp-image-2909\" src=\"http:\/\/dicodusport.fr\/blog\/wp-content\/uploads\/2017\/07\/logo-facebook-150x150.png\" alt=\"\" width=\"40\" height=\"40\" \/><\/a><a href=\"https:\/\/twitter.com\/SportInsideMag\"><img loading=\"lazy\" decoding=\"async\" class=\"alignnone wp-image-2908\" src=\"http:\/\/dicodusport.fr\/blog\/wp-content\/uploads\/2017\/07\/logo-twitter-150x150.png\" alt=\"\" width=\"39\" height=\"39\" \/><\/a><\/em><\/strong><\/p>\n","protected":false},"excerpt":{"rendered":"<p>Biathlon &#8211; La Norv\u00e9gienne Tiril Eckhoff a domin\u00e9 l&rsquo;individuel \u00e0 Canmore (Canada). Elle d\u00e9croche la 6\u00e8me victoire de sa carri\u00e8re, la premi\u00e8re cette saison. <\/p>\n","protected":false},"author":4,"featured_media":33199,"comment_status":"open","ping_status":"closed","sticky":false,"template":"","format":"standard","meta":{"_acf_changed":false,"_daextam_enable_autolinks":"","footnotes":""},"categories":[2,2426,2313],"tags":[2427,7213,1530,6844,7214],"class_list":["post-33189","post","type-post","status-publish","format-standard","has-post-thumbnail","hentry","category-actualites","category-biathlon","category-sports-dhiver","tag-biathlon","tag-canmore","tag-coupe-du-monde","tag-individuel","tag-tiril-eckhoff"],"acf":[],"yoast_head":"<!-- This site is optimized with the Yoast SEO Premium plugin v26.7 (Yoast SEO v26.7) - https:\/\/yoast.com\/wordpress\/plugins\/seo\/ -->\n<title>Canmore : Tiril Eckhoff remporte l&#039;individuel, les Bleues refroidies<\/title>\n<meta name=\"description\" content=\"Biathlon - La Norv\u00e9gienne Tiril Eckhoff a domin\u00e9 l&#039;individuel \u00e0 Canmore (Canada). Elle d\u00e9croche la 6\u00e8me victoire de sa carri\u00e8re, la premi\u00e8re cette saison.\" \/>\n<meta name=\"robots\" content=\"index, follow, max-snippet:-1, max-image-preview:large, max-video-preview:-1\" \/>\n<link rel=\"canonical\" href=\"https:\/\/dicodusport.fr\/blog\/canmore-tiril-eckhoff-remporte-l-individuel-les-bleues-refroidies\/\" \/>\n<meta property=\"og:locale\" content=\"fr_FR\" \/>\n<meta property=\"og:type\" content=\"article\" \/>\n<meta property=\"og:title\" content=\"Canmore : Tiril Eckhoff remporte l&#039;individuel, les Bleues refroidies\" \/>\n<meta property=\"og:description\" content=\"Biathlon - La Norv\u00e9gienne Tiril Eckhoff a domin\u00e9 l&#039;individuel \u00e0 Canmore (Canada). Elle d\u00e9croche la 6\u00e8me victoire de sa carri\u00e8re, la premi\u00e8re cette saison.\" \/>\n<meta property=\"og:url\" content=\"https:\/\/dicodusport.fr\/blog\/canmore-tiril-eckhoff-remporte-l-individuel-les-bleues-refroidies\/\" \/>\n<meta property=\"og:site_name\" content=\"Dicodusport\" \/>\n<meta property=\"article:publisher\" content=\"https:\/\/www.facebook.com\/dicodusport\" \/>\n<meta property=\"article:author\" content=\"https:\/\/www.facebook.com\/florent.ostermann\" \/>\n<meta property=\"article:published_time\" content=\"2019-02-07T22:56:31+00:00\" \/>\n<meta property=\"article:modified_time\" content=\"2019-02-08T07:46:30+00:00\" \/>\n<meta property=\"og:image\" content=\"https:\/\/dicodusport.fr\/blog\/wp-content\/uploads\/2019\/02\/Tiril-Eckhoff-Individuel-Canmore-2019.png\" \/>\n\t<meta property=\"og:image:width\" content=\"800\" \/>\n\t<meta property=\"og:image:height\" content=\"445\" \/>\n\t<meta property=\"og:image:type\" content=\"image\/png\" \/>\n<meta name=\"author\" content=\"Flo Ostermann\" \/>\n<meta name=\"twitter:card\" content=\"summary_large_image\" \/>\n<meta name=\"twitter:creator\" content=\"@https:\/\/twitter.com\/FlOstermann\" \/>\n<meta name=\"twitter:site\" content=\"@dicodusport\" \/>\n<script type=\"application\/ld+json\" class=\"yoast-schema-graph\">{\"@context\":\"https:\/\/schema.org\",\"@graph\":[{\"@type\":\"NewsArticle\",\"@id\":\"https:\/\/dicodusport.fr\/blog\/canmore-tiril-eckhoff-remporte-l-individuel-les-bleues-refroidies\/#article\",\"isPartOf\":{\"@id\":\"https:\/\/dicodusport.fr\/blog\/canmore-tiril-eckhoff-remporte-l-individuel-les-bleues-refroidies\/\"},\"author\":{\"name\":\"Flo Ostermann\",\"@id\":\"https:\/\/dicodusport.fr\/blog\/#\/schema\/person\/cb02af4c173ce4a653b55e9baf388d4a\"},\"headline\":\"Canmore : Tiril Eckhoff remporte l&rsquo;individuel, les Bleues refroidies\",\"datePublished\":\"2019-02-07T22:56:31+00:00\",\"dateModified\":\"2019-02-08T07:46:30+00:00\",\"mainEntityOfPage\":{\"@id\":\"https:\/\/dicodusport.fr\/blog\/canmore-tiril-eckhoff-remporte-l-individuel-les-bleues-refroidies\/\"},\"wordCount\":266,\"commentCount\":0,\"publisher\":{\"@id\":\"https:\/\/dicodusport.fr\/blog\/#organization\"},\"image\":{\"@id\":\"https:\/\/dicodusport.fr\/blog\/canmore-tiril-eckhoff-remporte-l-individuel-les-bleues-refroidies\/#primaryimage\"},\"thumbnailUrl\":\"https:\/\/dicodusport.fr\/blog\/wp-content\/uploads\/2019\/02\/Tiril-Eckhoff-Individuel-Canmore-2019.png\",\"keywords\":[\"Biathlon\",\"Canmore\",\"Coupe du monde\",\"Individuel\",\"Tiril Eckhoff\"],\"articleSection\":[\"Actualit\u00e9s\",\"Biathlon\",\"Sports d'hiver\"],\"inLanguage\":\"fr-FR\",\"potentialAction\":[{\"@type\":\"CommentAction\",\"name\":\"Comment\",\"target\":[\"https:\/\/dicodusport.fr\/blog\/canmore-tiril-eckhoff-remporte-l-individuel-les-bleues-refroidies\/#respond\"]}],\"copyrightYear\":\"2019\",\"copyrightHolder\":{\"@id\":\"https:\/\/dicodusport.fr\/blog\/#organization\"}},{\"@type\":\"WebPage\",\"@id\":\"https:\/\/dicodusport.fr\/blog\/canmore-tiril-eckhoff-remporte-l-individuel-les-bleues-refroidies\/\",\"url\":\"https:\/\/dicodusport.fr\/blog\/canmore-tiril-eckhoff-remporte-l-individuel-les-bleues-refroidies\/\",\"name\":\"Canmore : Tiril Eckhoff remporte l'individuel, les Bleues refroidies\",\"isPartOf\":{\"@id\":\"https:\/\/dicodusport.fr\/blog\/#website\"},\"primaryImageOfPage\":{\"@id\":\"https:\/\/dicodusport.fr\/blog\/canmore-tiril-eckhoff-remporte-l-individuel-les-bleues-refroidies\/#primaryimage\"},\"image\":{\"@id\":\"https:\/\/dicodusport.fr\/blog\/canmore-tiril-eckhoff-remporte-l-individuel-les-bleues-refroidies\/#primaryimage\"},\"thumbnailUrl\":\"https:\/\/dicodusport.fr\/blog\/wp-content\/uploads\/2019\/02\/Tiril-Eckhoff-Individuel-Canmore-2019.png\",\"datePublished\":\"2019-02-07T22:56:31+00:00\",\"dateModified\":\"2019-02-08T07:46:30+00:00\",\"description\":\"Biathlon - La Norv\u00e9gienne Tiril Eckhoff a domin\u00e9 l'individuel \u00e0 Canmore (Canada). Elle d\u00e9croche la 6\u00e8me victoire de sa carri\u00e8re, la premi\u00e8re cette saison.\",\"breadcrumb\":{\"@id\":\"https:\/\/dicodusport.fr\/blog\/canmore-tiril-eckhoff-remporte-l-individuel-les-bleues-refroidies\/#breadcrumb\"},\"inLanguage\":\"fr-FR\",\"potentialAction\":[{\"@type\":\"ReadAction\",\"target\":[\"https:\/\/dicodusport.fr\/blog\/canmore-tiril-eckhoff-remporte-l-individuel-les-bleues-refroidies\/\"]}]},{\"@type\":\"ImageObject\",\"inLanguage\":\"fr-FR\",\"@id\":\"https:\/\/dicodusport.fr\/blog\/canmore-tiril-eckhoff-remporte-l-individuel-les-bleues-refroidies\/#primaryimage\",\"url\":\"https:\/\/dicodusport.fr\/blog\/wp-content\/uploads\/2019\/02\/Tiril-Eckhoff-Individuel-Canmore-2019.png\",\"contentUrl\":\"https:\/\/dicodusport.fr\/blog\/wp-content\/uploads\/2019\/02\/Tiril-Eckhoff-Individuel-Canmore-2019.png\",\"width\":800,\"height\":445},{\"@type\":\"BreadcrumbList\",\"@id\":\"https:\/\/dicodusport.fr\/blog\/canmore-tiril-eckhoff-remporte-l-individuel-les-bleues-refroidies\/#breadcrumb\",\"itemListElement\":[{\"@type\":\"ListItem\",\"position\":1,\"name\":\"Accueil\",\"item\":\"https:\/\/dicodusport.fr\/blog\/\"},{\"@type\":\"ListItem\",\"position\":2,\"name\":\"Canmore : Tiril Eckhoff remporte l&rsquo;individuel, les Bleues refroidies\"}]},{\"@type\":\"WebSite\",\"@id\":\"https:\/\/dicodusport.fr\/blog\/#website\",\"url\":\"https:\/\/dicodusport.fr\/blog\/\",\"name\":\"Dicodusport\",\"description\":\"L&#039;encyclop\u00e9die de l&#039;actualit\u00e9 sportive\",\"publisher\":{\"@id\":\"https:\/\/dicodusport.fr\/blog\/#organization\"},\"potentialAction\":[{\"@type\":\"SearchAction\",\"target\":{\"@type\":\"EntryPoint\",\"urlTemplate\":\"https:\/\/dicodusport.fr\/blog\/?s={search_term_string}\"},\"query-input\":{\"@type\":\"PropertyValueSpecification\",\"valueRequired\":true,\"valueName\":\"search_term_string\"}}],\"inLanguage\":\"fr-FR\"},{\"@type\":\"NewsMediaOrganization\",\"@id\":\"https:\/\/dicodusport.fr\/blog\/#organization\",\"name\":\"Dicodusport\",\"url\":\"https:\/\/dicodusport.fr\/blog\/\",\"logo\":{\"@type\":\"ImageObject\",\"inLanguage\":\"fr-FR\",\"@id\":\"https:\/\/dicodusport.fr\/blog\/#\/schema\/logo\/image\/\",\"url\":\"https:\/\/dicodusport.fr\/blog\/wp-content\/uploads\/2020\/06\/cropped-LOGO-DICODUSPORT-2020-SANS-FOND-SANS-TEXTE.png\",\"contentUrl\":\"https:\/\/dicodusport.fr\/blog\/wp-content\/uploads\/2020\/06\/cropped-LOGO-DICODUSPORT-2020-SANS-FOND-SANS-TEXTE.png\",\"width\":512,\"height\":512,\"caption\":\"Dicodusport\"},\"image\":{\"@id\":\"https:\/\/dicodusport.fr\/blog\/#\/schema\/logo\/image\/\"},\"sameAs\":[\"https:\/\/www.facebook.com\/dicodusport\",\"https:\/\/x.com\/dicodusport\",\"https:\/\/www.instagram.com\/dicodusport\/\",\"https:\/\/www.youtube.com\/channel\/UC7V2KZ5sd3htJivAbA4ZG3w\"],\"description\":\"Dicodusport est l'encyclop\u00e9die de l'actualit\u00e9 sportive.\",\"email\":\"bonjour@dicodusport.fr\",\"legalName\":\"DICODUSPORT\",\"foundingDate\":\"2018-01-14\",\"vatID\":\"FR71834470973\",\"taxID\":\"83447097300043\",\"numberOfEmployees\":{\"@type\":\"QuantitativeValue\",\"minValue\":\"1\",\"maxValue\":\"10\"}},{\"@type\":\"Person\",\"@id\":\"https:\/\/dicodusport.fr\/blog\/#\/schema\/person\/cb02af4c173ce4a653b55e9baf388d4a\",\"name\":\"Flo Ostermann\",\"image\":{\"@type\":\"ImageObject\",\"inLanguage\":\"fr-FR\",\"@id\":\"https:\/\/dicodusport.fr\/blog\/#\/schema\/person\/image\/\",\"url\":\"https:\/\/dicodusport.fr\/blog\/wp-content\/uploads\/2021\/05\/Flo-Ostermann-150x150.jpg\",\"contentUrl\":\"https:\/\/dicodusport.fr\/blog\/wp-content\/uploads\/2021\/05\/Flo-Ostermann-150x150.jpg\",\"caption\":\"Flo Ostermann\"},\"description\":\"Journaliste\/R\u00e9dacteur depuis septembre 2015 - Mes premiers souvenirs dans le sport ? Les envol\u00e9es du Stade Toulousain et les duels Villeneuve-Schumacher et H\u00e4kkinen-Schumacher \u00e0 la fin des ann\u00e9es 90, la Coupe du monde de football en 1998, l\u2019exploit du XV de France face aux All Blacks en 1999, mais aussi Richard C\u0153ur de Lion qui vole sur les montagnes du Tour de France. Bien parti pour devenir professeur d\u2019EPS, les \u00e9v\u00e9nements de la vie (et la flemme d\u2019animer des s\u00e9ances de 3x500 m\u00e8tres toute ma vie) m\u2019ont conduit \u00e0 revoir mes plans. Me voil\u00e0 depuis fin 2017 sur Dicodusport, m\u00e9dia gr\u00e2ce (et pour) lequel je partage ma passion : le sport dans tous ses \u00e9tats. Le tout accompagn\u00e9 par les fous furieux et folles furieuses cit\u00e9s sur cette page !\",\"sameAs\":[\"https:\/\/www.facebook.com\/florent.ostermann\",\"https:\/\/x.com\/https:\/\/twitter.com\/FlOstermann\",\"admin\"],\"url\":\"https:\/\/dicodusport.fr\/blog\/author\/flo\/\"}]}<\/script>\n<!-- \/ Yoast SEO Premium plugin. -->","yoast_head_json":{"title":"Canmore : Tiril Eckhoff remporte l'individuel, les Bleues refroidies","description":"Biathlon - La Norv\u00e9gienne Tiril Eckhoff a domin\u00e9 l'individuel \u00e0 Canmore (Canada). Elle d\u00e9croche la 6\u00e8me victoire de sa carri\u00e8re, la premi\u00e8re cette saison.","robots":{"index":"index","follow":"follow","max-snippet":"max-snippet:-1","max-image-preview":"max-image-preview:large","max-video-preview":"max-video-preview:-1"},"canonical":"https:\/\/dicodusport.fr\/blog\/canmore-tiril-eckhoff-remporte-l-individuel-les-bleues-refroidies\/","og_locale":"fr_FR","og_type":"article","og_title":"Canmore : Tiril Eckhoff remporte l'individuel, les Bleues refroidies","og_description":"Biathlon - La Norv\u00e9gienne Tiril Eckhoff a domin\u00e9 l'individuel \u00e0 Canmore (Canada). Elle d\u00e9croche la 6\u00e8me victoire de sa carri\u00e8re, la premi\u00e8re cette saison.","og_url":"https:\/\/dicodusport.fr\/blog\/canmore-tiril-eckhoff-remporte-l-individuel-les-bleues-refroidies\/","og_site_name":"Dicodusport","article_publisher":"https:\/\/www.facebook.com\/dicodusport","article_author":"https:\/\/www.facebook.com\/florent.ostermann","article_published_time":"2019-02-07T22:56:31+00:00","article_modified_time":"2019-02-08T07:46:30+00:00","og_image":[{"width":800,"height":445,"url":"https:\/\/dicodusport.fr\/blog\/wp-content\/uploads\/2019\/02\/Tiril-Eckhoff-Individuel-Canmore-2019.png","type":"image\/png"}],"author":"Flo Ostermann","twitter_card":"summary_large_image","twitter_creator":"@https:\/\/twitter.com\/FlOstermann","twitter_site":"@dicodusport","schema":{"@context":"https:\/\/schema.org","@graph":[{"@type":"NewsArticle","@id":"https:\/\/dicodusport.fr\/blog\/canmore-tiril-eckhoff-remporte-l-individuel-les-bleues-refroidies\/#article","isPartOf":{"@id":"https:\/\/dicodusport.fr\/blog\/canmore-tiril-eckhoff-remporte-l-individuel-les-bleues-refroidies\/"},"author":{"name":"Flo Ostermann","@id":"https:\/\/dicodusport.fr\/blog\/#\/schema\/person\/cb02af4c173ce4a653b55e9baf388d4a"},"headline":"Canmore : Tiril Eckhoff remporte l&rsquo;individuel, les Bleues refroidies","datePublished":"2019-02-07T22:56:31+00:00","dateModified":"2019-02-08T07:46:30+00:00","mainEntityOfPage":{"@id":"https:\/\/dicodusport.fr\/blog\/canmore-tiril-eckhoff-remporte-l-individuel-les-bleues-refroidies\/"},"wordCount":266,"commentCount":0,"publisher":{"@id":"https:\/\/dicodusport.fr\/blog\/#organization"},"image":{"@id":"https:\/\/dicodusport.fr\/blog\/canmore-tiril-eckhoff-remporte-l-individuel-les-bleues-refroidies\/#primaryimage"},"thumbnailUrl":"https:\/\/dicodusport.fr\/blog\/wp-content\/uploads\/2019\/02\/Tiril-Eckhoff-Individuel-Canmore-2019.png","keywords":["Biathlon","Canmore","Coupe du monde","Individuel","Tiril Eckhoff"],"articleSection":["Actualit\u00e9s","Biathlon","Sports d'hiver"],"inLanguage":"fr-FR","potentialAction":[{"@type":"CommentAction","name":"Comment","target":["https:\/\/dicodusport.fr\/blog\/canmore-tiril-eckhoff-remporte-l-individuel-les-bleues-refroidies\/#respond"]}],"copyrightYear":"2019","copyrightHolder":{"@id":"https:\/\/dicodusport.fr\/blog\/#organization"}},{"@type":"WebPage","@id":"https:\/\/dicodusport.fr\/blog\/canmore-tiril-eckhoff-remporte-l-individuel-les-bleues-refroidies\/","url":"https:\/\/dicodusport.fr\/blog\/canmore-tiril-eckhoff-remporte-l-individuel-les-bleues-refroidies\/","name":"Canmore : Tiril Eckhoff remporte l'individuel, les Bleues refroidies","isPartOf":{"@id":"https:\/\/dicodusport.fr\/blog\/#website"},"primaryImageOfPage":{"@id":"https:\/\/dicodusport.fr\/blog\/canmore-tiril-eckhoff-remporte-l-individuel-les-bleues-refroidies\/#primaryimage"},"image":{"@id":"https:\/\/dicodusport.fr\/blog\/canmore-tiril-eckhoff-remporte-l-individuel-les-bleues-refroidies\/#primaryimage"},"thumbnailUrl":"https:\/\/dicodusport.fr\/blog\/wp-content\/uploads\/2019\/02\/Tiril-Eckhoff-Individuel-Canmore-2019.png","datePublished":"2019-02-07T22:56:31+00:00","dateModified":"2019-02-08T07:46:30+00:00","description":"Biathlon - La Norv\u00e9gienne Tiril Eckhoff a domin\u00e9 l'individuel \u00e0 Canmore (Canada). Elle d\u00e9croche la 6\u00e8me victoire de sa carri\u00e8re, la premi\u00e8re cette saison.","breadcrumb":{"@id":"https:\/\/dicodusport.fr\/blog\/canmore-tiril-eckhoff-remporte-l-individuel-les-bleues-refroidies\/#breadcrumb"},"inLanguage":"fr-FR","potentialAction":[{"@type":"ReadAction","target":["https:\/\/dicodusport.fr\/blog\/canmore-tiril-eckhoff-remporte-l-individuel-les-bleues-refroidies\/"]}]},{"@type":"ImageObject","inLanguage":"fr-FR","@id":"https:\/\/dicodusport.fr\/blog\/canmore-tiril-eckhoff-remporte-l-individuel-les-bleues-refroidies\/#primaryimage","url":"https:\/\/dicodusport.fr\/blog\/wp-content\/uploads\/2019\/02\/Tiril-Eckhoff-Individuel-Canmore-2019.png","contentUrl":"https:\/\/dicodusport.fr\/blog\/wp-content\/uploads\/2019\/02\/Tiril-Eckhoff-Individuel-Canmore-2019.png","width":800,"height":445},{"@type":"BreadcrumbList","@id":"https:\/\/dicodusport.fr\/blog\/canmore-tiril-eckhoff-remporte-l-individuel-les-bleues-refroidies\/#breadcrumb","itemListElement":[{"@type":"ListItem","position":1,"name":"Accueil","item":"https:\/\/dicodusport.fr\/blog\/"},{"@type":"ListItem","position":2,"name":"Canmore : Tiril Eckhoff remporte l&rsquo;individuel, les Bleues refroidies"}]},{"@type":"WebSite","@id":"https:\/\/dicodusport.fr\/blog\/#website","url":"https:\/\/dicodusport.fr\/blog\/","name":"Dicodusport","description":"L&#039;encyclop\u00e9die de l&#039;actualit\u00e9 sportive","publisher":{"@id":"https:\/\/dicodusport.fr\/blog\/#organization"},"potentialAction":[{"@type":"SearchAction","target":{"@type":"EntryPoint","urlTemplate":"https:\/\/dicodusport.fr\/blog\/?s={search_term_string}"},"query-input":{"@type":"PropertyValueSpecification","valueRequired":true,"valueName":"search_term_string"}}],"inLanguage":"fr-FR"},{"@type":"NewsMediaOrganization","@id":"https:\/\/dicodusport.fr\/blog\/#organization","name":"Dicodusport","url":"https:\/\/dicodusport.fr\/blog\/","logo":{"@type":"ImageObject","inLanguage":"fr-FR","@id":"https:\/\/dicodusport.fr\/blog\/#\/schema\/logo\/image\/","url":"https:\/\/dicodusport.fr\/blog\/wp-content\/uploads\/2020\/06\/cropped-LOGO-DICODUSPORT-2020-SANS-FOND-SANS-TEXTE.png","contentUrl":"https:\/\/dicodusport.fr\/blog\/wp-content\/uploads\/2020\/06\/cropped-LOGO-DICODUSPORT-2020-SANS-FOND-SANS-TEXTE.png","width":512,"height":512,"caption":"Dicodusport"},"image":{"@id":"https:\/\/dicodusport.fr\/blog\/#\/schema\/logo\/image\/"},"sameAs":["https:\/\/www.facebook.com\/dicodusport","https:\/\/x.com\/dicodusport","https:\/\/www.instagram.com\/dicodusport\/","https:\/\/www.youtube.com\/channel\/UC7V2KZ5sd3htJivAbA4ZG3w"],"description":"Dicodusport est l'encyclop\u00e9die de l'actualit\u00e9 sportive.","email":"bonjour@dicodusport.fr","legalName":"DICODUSPORT","foundingDate":"2018-01-14","vatID":"FR71834470973","taxID":"83447097300043","numberOfEmployees":{"@type":"QuantitativeValue","minValue":"1","maxValue":"10"}},{"@type":"Person","@id":"https:\/\/dicodusport.fr\/blog\/#\/schema\/person\/cb02af4c173ce4a653b55e9baf388d4a","name":"Flo Ostermann","image":{"@type":"ImageObject","inLanguage":"fr-FR","@id":"https:\/\/dicodusport.fr\/blog\/#\/schema\/person\/image\/","url":"https:\/\/dicodusport.fr\/blog\/wp-content\/uploads\/2021\/05\/Flo-Ostermann-150x150.jpg","contentUrl":"https:\/\/dicodusport.fr\/blog\/wp-content\/uploads\/2021\/05\/Flo-Ostermann-150x150.jpg","caption":"Flo Ostermann"},"description":"Journaliste\/R\u00e9dacteur depuis septembre 2015 - Mes premiers souvenirs dans le sport ? Les envol\u00e9es du Stade Toulousain et les duels Villeneuve-Schumacher et H\u00e4kkinen-Schumacher \u00e0 la fin des ann\u00e9es 90, la Coupe du monde de football en 1998, l\u2019exploit du XV de France face aux All Blacks en 1999, mais aussi Richard C\u0153ur de Lion qui vole sur les montagnes du Tour de France. Bien parti pour devenir professeur d\u2019EPS, les \u00e9v\u00e9nements de la vie (et la flemme d\u2019animer des s\u00e9ances de 3x500 m\u00e8tres toute ma vie) m\u2019ont conduit \u00e0 revoir mes plans. Me voil\u00e0 depuis fin 2017 sur Dicodusport, m\u00e9dia gr\u00e2ce (et pour) lequel je partage ma passion : le sport dans tous ses \u00e9tats. Le tout accompagn\u00e9 par les fous furieux et folles furieuses cit\u00e9s sur cette page !","sameAs":["https:\/\/www.facebook.com\/florent.ostermann","https:\/\/x.com\/https:\/\/twitter.com\/FlOstermann","admin"],"url":"https:\/\/dicodusport.fr\/blog\/author\/flo\/"}]}},"_links":{"self":[{"href":"https:\/\/dicodusport.fr\/blog\/wp-json\/wp\/v2\/posts\/33189","targetHints":{"allow":["GET"]}}],"collection":[{"href":"https:\/\/dicodusport.fr\/blog\/wp-json\/wp\/v2\/posts"}],"about":[{"href":"https:\/\/dicodusport.fr\/blog\/wp-json\/wp\/v2\/types\/post"}],"author":[{"embeddable":true,"href":"https:\/\/dicodusport.fr\/blog\/wp-json\/wp\/v2\/users\/4"}],"replies":[{"embeddable":true,"href":"https:\/\/dicodusport.fr\/blog\/wp-json\/wp\/v2\/comments?post=33189"}],"version-history":[{"count":0,"href":"https:\/\/dicodusport.fr\/blog\/wp-json\/wp\/v2\/posts\/33189\/revisions"}],"wp:featuredmedia":[{"embeddable":true,"href":"https:\/\/dicodusport.fr\/blog\/wp-json\/wp\/v2\/media\/33199"}],"wp:attachment":[{"href":"https:\/\/dicodusport.fr\/blog\/wp-json\/wp\/v2\/media?parent=33189"}],"wp:term":[{"taxonomy":"category","embeddable":true,"href":"https:\/\/dicodusport.fr\/blog\/wp-json\/wp\/v2\/categories?post=33189"},{"taxonomy":"post_tag","embeddable":true,"href":"https:\/\/dicodusport.fr\/blog\/wp-json\/wp\/v2\/tags?post=33189"}],"curies":[{"name":"wp","href":"https:\/\/api.w.org\/{rel}","templated":true}]}}