{"id":33207,"date":"2019-02-08T13:09:45","date_gmt":"2019-02-08T12:09:45","guid":{"rendered":"http:\/\/dicodusport.fr\/blog\/?p=33207"},"modified":"2019-02-08T14:18:28","modified_gmt":"2019-02-08T13:18:28","slug":"fed-cup-belgique-france-garcia-van-uytvanck","status":"publish","type":"post","link":"https:\/\/dicodusport.fr\/blog\/fed-cup-belgique-france-garcia-van-uytvanck\/","title":{"rendered":"Fed Cup &#8211; Belgique\/France : Garcia ouvrira le bal face \u00e0 Van Uytvanck"},"content":{"rendered":"<p style=\"text-align: justify;\"><strong><em>Le tirage au sort a eu lieu au Country Hall de Li\u00e8ge. Pour son retour, Caroline Garcia ouvrira les d\u00e9bats face \u00e0 Alison Van Uytvanck.<\/em><\/strong><\/p>\n<p style=\"text-align: justify;\">Ce sera une grande premi\u00e8re pour les deux joueuses qui ne se sont jamais affront\u00e9es en match officiel.<\/p>\n<p style=\"text-align: justify;\">Pour le deuxi\u00e8me simple, le capitaine Julien Benneteau a d\u00e9cid\u00e9 de faire confiance \u00e0 <strong>Aliz\u00e9 Cornet<\/strong> dont les r\u00e9sultats cette ann\u00e9e sont meilleurs que ceux de <strong>Kristina Mladenovic<\/strong>. Elle sera oppos\u00e9e \u00e0 <strong>Elise Mertens<\/strong>. Elles se sont affront\u00e9es \u00e0 une seule reprise l&rsquo;ann\u00e9e derni\u00e8re \u00e0 l&rsquo;Open d&rsquo;Australie. La Belge s&rsquo;\u00e9tait impos\u00e9e.<\/p>\n<p style=\"text-align: justify;\">Dimanche, le premier match opposera les num\u00e9ros 1 de chaque \u00e9quipe \u00e0 savoir <strong>Garcia<\/strong> et <strong>Mertens<\/strong>. Elles se sont rencontr\u00e9es \u00e0 une seule reprise et c&rsquo;est la Fran\u00e7aise qui s&rsquo;est impos\u00e9e. <strong>Cornet<\/strong> n&rsquo;a jamais jou\u00e9 face \u00e0 <strong>Van Uytvanck<\/strong> ; ce sera le match des num\u00e9ros 2\u00a0.<\/p>\n<p style=\"text-align: justify;\"><span style=\"color: #ff0000;\"><strong>Les capitaines pourront changer les joueuses de simple du dimanche au plus tard 1h avant le d\u00e9but du troisi\u00e8me simple et 10 minutes apr\u00e8s ce troisi\u00e8me match pour le dernier simple.<\/strong><\/span><\/p>\n<p>&nbsp;<\/p>\n<p><img loading=\"lazy\" decoding=\"async\" class=\"size-large wp-image-33230 aligncenter\" src=\"http:\/\/dicodusport.fr\/blog\/wp-content\/uploads\/2019\/02\/Belgique-France-1024x572.png\" alt=\"\" width=\"660\" height=\"369\" srcset=\"https:\/\/dicodusport.fr\/blog\/wp-content\/uploads\/2019\/02\/Belgique-France-1024x572.png 1024w, https:\/\/dicodusport.fr\/blog\/wp-content\/uploads\/2019\/02\/Belgique-France-300x168.png 300w, https:\/\/dicodusport.fr\/blog\/wp-content\/uploads\/2019\/02\/Belgique-France-768x429.png 768w, https:\/\/dicodusport.fr\/blog\/wp-content\/uploads\/2019\/02\/Belgique-France.png 1200w\" sizes=\"auto, (max-width: 660px) 100vw, 660px\" \/><\/p>\n<p style=\"text-align: center;\"><span style=\"text-decoration: underline;\"><strong>Programme du week-end<\/strong><\/span><br \/>\n<strong>Samedi 14h15 :<\/strong> c\u00e9r\u00e9monie officielle<br \/>\n<strong>Samedi 14h30 :<\/strong> Van Uytvanck\/Garcia suivi de Mertens\/Cornet<\/p>\n<p style=\"text-align: center;\"><strong>Dimanche 13h15 :<\/strong> pr\u00e9sentation des \u00e9quipes<br \/>\n<strong>Dimanche 13h30 :<\/strong> deux simples et le double si n\u00e9cessaire*<\/p>\n<p style=\"text-align: justify;\">*<em> Si le score est de 3\/0 \u00e0 l\u2019issue du 1er simple le dimanche, le 4e simple n\u2019est pas disput\u00e9 (le double est jou\u00e9 directement).<\/em><br \/>\n<em>Si le score est de 3\/1 \u00e0 l\u2019issue du 4e simple, le double est jou\u00e9.<\/em><br \/>\n<em>Dans ces deux cas, le format du double change (point d\u00e9cisif \u00e0 40-A \u00ab no ad \u00bb et super jeu d\u00e9cisif \u00e0 10 points disput\u00e9 en cas de 3e set)<\/em><\/p>\n<p><strong><em>Arlette<\/em><\/strong><br \/>\n<a href=\"http:\/\/twitter.com\/Shiclette94\"><img loading=\"lazy\" decoding=\"async\" class=\"alignnone size-full wp-image-2908\" src=\"http:\/\/dicodusport.fr\/blog\/wp-content\/uploads\/2017\/07\/logo-twitter-e1516110106986.png\" alt=\"\" width=\"39\" height=\"39\" \/><\/a><\/p>\n","protected":false},"excerpt":{"rendered":"<p>Le tirage au sort a eu lieu au Country Hall de Li\u00e8ge. Pour son retour, Caroline Garcia ouvrira les d\u00e9bats face \u00e0 Alison Van Uytvanck.<\/p>\n","protected":false},"author":12,"featured_media":33197,"comment_status":"open","ping_status":"closed","sticky":false,"template":"","format":"standard","meta":{"_acf_changed":false,"_daextam_enable_autolinks":"","footnotes":""},"categories":[2,2365,2302],"tags":[4785,373,2000,3758,3565,30,3377],"class_list":["post-33207","post","type-post","status-publish","format-standard","has-post-thumbnail","hentry","category-actualites","category-sports-de-raquette","category-tennis","tag-alize-cornet","tag-belgique","tag-caroline-garcia","tag-elise-mertens","tag-fed-cup","tag-france","tag-mladenovic"],"acf":[],"yoast_head":"<!-- This site is optimized with the Yoast SEO Premium plugin v26.7 (Yoast SEO v26.7) - https:\/\/yoast.com\/wordpress\/plugins\/seo\/ -->\n<title>Fed Cup - Belgique\/France : Garcia ouvrira le bal face \u00e0 Van Uytvanck<\/title>\n<meta name=\"description\" content=\"Le tirage au sort a eu lieu au Country Hall de Li\u00e8ge. Pour son retour, Caroline Garcia ouvrira les d\u00e9bats face \u00e0 Alison Van Uytvanck.\" \/>\n<meta name=\"robots\" content=\"index, follow, max-snippet:-1, max-image-preview:large, max-video-preview:-1\" \/>\n<link rel=\"canonical\" href=\"https:\/\/dicodusport.fr\/blog\/fed-cup-belgique-france-garcia-van-uytvanck\/\" \/>\n<meta property=\"og:locale\" content=\"fr_FR\" \/>\n<meta property=\"og:type\" content=\"article\" \/>\n<meta property=\"og:title\" content=\"Fed Cup - Belgique\/France : Garcia ouvrira le bal face \u00e0 Van Uytvanck\" \/>\n<meta property=\"og:description\" content=\"Le tirage au sort a eu lieu au Country Hall de Li\u00e8ge. Pour son retour, Caroline Garcia ouvrira les d\u00e9bats face \u00e0 Alison Van Uytvanck.\" \/>\n<meta property=\"og:url\" content=\"https:\/\/dicodusport.fr\/blog\/fed-cup-belgique-france-garcia-van-uytvanck\/\" \/>\n<meta property=\"og:site_name\" content=\"Dicodusport\" \/>\n<meta property=\"article:publisher\" content=\"https:\/\/www.facebook.com\/dicodusport\" \/>\n<meta property=\"article:published_time\" content=\"2019-02-08T12:09:45+00:00\" \/>\n<meta property=\"article:modified_time\" content=\"2019-02-08T13:18:28+00:00\" \/>\n<meta property=\"og:image\" content=\"https:\/\/dicodusport.fr\/blog\/wp-content\/uploads\/2019\/02\/Garcia-Van-Uytvanck.png\" \/>\n\t<meta property=\"og:image:width\" content=\"1200\" \/>\n\t<meta property=\"og:image:height\" content=\"670\" \/>\n\t<meta property=\"og:image:type\" content=\"image\/png\" \/>\n<meta name=\"author\" content=\"Arlette Yeye\" \/>\n<meta name=\"twitter:card\" content=\"summary_large_image\" \/>\n<meta name=\"twitter:creator\" content=\"@https:\/\/twitter.com\/Shiclette94\" \/>\n<meta name=\"twitter:site\" content=\"@dicodusport\" \/>\n<script type=\"application\/ld+json\" class=\"yoast-schema-graph\">{\"@context\":\"https:\/\/schema.org\",\"@graph\":[{\"@type\":\"NewsArticle\",\"@id\":\"https:\/\/dicodusport.fr\/blog\/fed-cup-belgique-france-garcia-van-uytvanck\/#article\",\"isPartOf\":{\"@id\":\"https:\/\/dicodusport.fr\/blog\/fed-cup-belgique-france-garcia-van-uytvanck\/\"},\"author\":{\"name\":\"Arlette Yeye\",\"@id\":\"https:\/\/dicodusport.fr\/blog\/#\/schema\/person\/cce96fa88785bd8573e3d43078ac8c79\"},\"headline\":\"Fed Cup &#8211; Belgique\/France : Garcia ouvrira le bal face \u00e0 Van Uytvanck\",\"datePublished\":\"2019-02-08T12:09:45+00:00\",\"dateModified\":\"2019-02-08T13:18:28+00:00\",\"mainEntityOfPage\":{\"@id\":\"https:\/\/dicodusport.fr\/blog\/fed-cup-belgique-france-garcia-van-uytvanck\/\"},\"wordCount\":302,\"commentCount\":0,\"publisher\":{\"@id\":\"https:\/\/dicodusport.fr\/blog\/#organization\"},\"image\":{\"@id\":\"https:\/\/dicodusport.fr\/blog\/fed-cup-belgique-france-garcia-van-uytvanck\/#primaryimage\"},\"thumbnailUrl\":\"https:\/\/dicodusport.fr\/blog\/wp-content\/uploads\/2019\/02\/Garcia-Van-Uytvanck.png\",\"keywords\":[\"Aliz\u00e9 Cornet\",\"Belgique\",\"Caroline Garcia\",\"Elise Mertens\",\"Fed Cup\",\"France\",\"Mladenovic\"],\"articleSection\":[\"Actualit\u00e9s\",\"Sports de raquette\",\"Tennis\"],\"inLanguage\":\"fr-FR\",\"potentialAction\":[{\"@type\":\"CommentAction\",\"name\":\"Comment\",\"target\":[\"https:\/\/dicodusport.fr\/blog\/fed-cup-belgique-france-garcia-van-uytvanck\/#respond\"]}],\"copyrightYear\":\"2019\",\"copyrightHolder\":{\"@id\":\"https:\/\/dicodusport.fr\/blog\/#organization\"}},{\"@type\":\"WebPage\",\"@id\":\"https:\/\/dicodusport.fr\/blog\/fed-cup-belgique-france-garcia-van-uytvanck\/\",\"url\":\"https:\/\/dicodusport.fr\/blog\/fed-cup-belgique-france-garcia-van-uytvanck\/\",\"name\":\"Fed Cup - Belgique\/France : Garcia ouvrira le bal face \u00e0 Van Uytvanck\",\"isPartOf\":{\"@id\":\"https:\/\/dicodusport.fr\/blog\/#website\"},\"primaryImageOfPage\":{\"@id\":\"https:\/\/dicodusport.fr\/blog\/fed-cup-belgique-france-garcia-van-uytvanck\/#primaryimage\"},\"image\":{\"@id\":\"https:\/\/dicodusport.fr\/blog\/fed-cup-belgique-france-garcia-van-uytvanck\/#primaryimage\"},\"thumbnailUrl\":\"https:\/\/dicodusport.fr\/blog\/wp-content\/uploads\/2019\/02\/Garcia-Van-Uytvanck.png\",\"datePublished\":\"2019-02-08T12:09:45+00:00\",\"dateModified\":\"2019-02-08T13:18:28+00:00\",\"description\":\"Le tirage au sort a eu lieu au Country Hall de Li\u00e8ge. Pour son retour, Caroline Garcia ouvrira les d\u00e9bats face \u00e0 Alison Van Uytvanck.\",\"breadcrumb\":{\"@id\":\"https:\/\/dicodusport.fr\/blog\/fed-cup-belgique-france-garcia-van-uytvanck\/#breadcrumb\"},\"inLanguage\":\"fr-FR\",\"potentialAction\":[{\"@type\":\"ReadAction\",\"target\":[\"https:\/\/dicodusport.fr\/blog\/fed-cup-belgique-france-garcia-van-uytvanck\/\"]}]},{\"@type\":\"ImageObject\",\"inLanguage\":\"fr-FR\",\"@id\":\"https:\/\/dicodusport.fr\/blog\/fed-cup-belgique-france-garcia-van-uytvanck\/#primaryimage\",\"url\":\"https:\/\/dicodusport.fr\/blog\/wp-content\/uploads\/2019\/02\/Garcia-Van-Uytvanck.png\",\"contentUrl\":\"https:\/\/dicodusport.fr\/blog\/wp-content\/uploads\/2019\/02\/Garcia-Van-Uytvanck.png\",\"width\":1200,\"height\":670},{\"@type\":\"BreadcrumbList\",\"@id\":\"https:\/\/dicodusport.fr\/blog\/fed-cup-belgique-france-garcia-van-uytvanck\/#breadcrumb\",\"itemListElement\":[{\"@type\":\"ListItem\",\"position\":1,\"name\":\"Accueil\",\"item\":\"https:\/\/dicodusport.fr\/blog\/\"},{\"@type\":\"ListItem\",\"position\":2,\"name\":\"Fed Cup &#8211; Belgique\/France : Garcia ouvrira le bal face \u00e0 Van Uytvanck\"}]},{\"@type\":\"WebSite\",\"@id\":\"https:\/\/dicodusport.fr\/blog\/#website\",\"url\":\"https:\/\/dicodusport.fr\/blog\/\",\"name\":\"Dicodusport\",\"description\":\"L&#039;encyclop\u00e9die de l&#039;actualit\u00e9 sportive\",\"publisher\":{\"@id\":\"https:\/\/dicodusport.fr\/blog\/#organization\"},\"potentialAction\":[{\"@type\":\"SearchAction\",\"target\":{\"@type\":\"EntryPoint\",\"urlTemplate\":\"https:\/\/dicodusport.fr\/blog\/?s={search_term_string}\"},\"query-input\":{\"@type\":\"PropertyValueSpecification\",\"valueRequired\":true,\"valueName\":\"search_term_string\"}}],\"inLanguage\":\"fr-FR\"},{\"@type\":\"NewsMediaOrganization\",\"@id\":\"https:\/\/dicodusport.fr\/blog\/#organization\",\"name\":\"Dicodusport\",\"url\":\"https:\/\/dicodusport.fr\/blog\/\",\"logo\":{\"@type\":\"ImageObject\",\"inLanguage\":\"fr-FR\",\"@id\":\"https:\/\/dicodusport.fr\/blog\/#\/schema\/logo\/image\/\",\"url\":\"https:\/\/dicodusport.fr\/blog\/wp-content\/uploads\/2020\/06\/cropped-LOGO-DICODUSPORT-2020-SANS-FOND-SANS-TEXTE.png\",\"contentUrl\":\"https:\/\/dicodusport.fr\/blog\/wp-content\/uploads\/2020\/06\/cropped-LOGO-DICODUSPORT-2020-SANS-FOND-SANS-TEXTE.png\",\"width\":512,\"height\":512,\"caption\":\"Dicodusport\"},\"image\":{\"@id\":\"https:\/\/dicodusport.fr\/blog\/#\/schema\/logo\/image\/\"},\"sameAs\":[\"https:\/\/www.facebook.com\/dicodusport\",\"https:\/\/x.com\/dicodusport\",\"https:\/\/www.instagram.com\/dicodusport\/\",\"https:\/\/www.youtube.com\/channel\/UC7V2KZ5sd3htJivAbA4ZG3w\"],\"description\":\"Dicodusport est l'encyclop\u00e9die de l'actualit\u00e9 sportive.\",\"email\":\"bonjour@dicodusport.fr\",\"legalName\":\"DICODUSPORT\",\"foundingDate\":\"2018-01-14\",\"vatID\":\"FR71834470973\",\"taxID\":\"83447097300043\",\"numberOfEmployees\":{\"@type\":\"QuantitativeValue\",\"minValue\":\"1\",\"maxValue\":\"10\"}},{\"@type\":\"Person\",\"@id\":\"https:\/\/dicodusport.fr\/blog\/#\/schema\/person\/cce96fa88785bd8573e3d43078ac8c79\",\"name\":\"Arlette Yeye\",\"image\":{\"@type\":\"ImageObject\",\"inLanguage\":\"fr-FR\",\"@id\":\"https:\/\/dicodusport.fr\/blog\/#\/schema\/person\/image\/\",\"url\":\"https:\/\/secure.gravatar.com\/avatar\/dca4a6239e6d708e46c45d60e160de6c?s=96&d=wp_user_avatar&r=g\",\"contentUrl\":\"https:\/\/secure.gravatar.com\/avatar\/dca4a6239e6d708e46c45d60e160de6c?s=96&d=wp_user_avatar&r=g\",\"caption\":\"Arlette Yeye\"},\"description\":\"Journaliste\/r\u00e9dactrice depuis septembre 2015 - Supportrice de Chelsea, j'ai pour sports de pr\u00e9dilection le handball, l'athl\u00e9tisme et le tennis. Si je tweete plus vite que mon ombre, vous pouvez aussi me retrouver les week-ends sur les playgrounds de Bruxelles pour un petit foot ou basket entre potes. Parcourir la France, l'Europe et plus si affinit\u00e9s pour suivre mes sportifs pr\u00e9f\u00e9r\u00e9s ? Mon kif ! Et c'est avec plaisir que je partage les r\u00e9sultats des sports populaires mais \u00e9galement plus confidentiels pour Dicodusport.\",\"sameAs\":[\"https:\/\/x.com\/https:\/\/twitter.com\/Shiclette94\"],\"url\":\"https:\/\/dicodusport.fr\/blog\/author\/arlette\/\"}]}<\/script>\n<!-- \/ Yoast SEO Premium plugin. -->","yoast_head_json":{"title":"Fed Cup - Belgique\/France : Garcia ouvrira le bal face \u00e0 Van Uytvanck","description":"Le tirage au sort a eu lieu au Country Hall de Li\u00e8ge. Pour son retour, Caroline Garcia ouvrira les d\u00e9bats face \u00e0 Alison Van Uytvanck.","robots":{"index":"index","follow":"follow","max-snippet":"max-snippet:-1","max-image-preview":"max-image-preview:large","max-video-preview":"max-video-preview:-1"},"canonical":"https:\/\/dicodusport.fr\/blog\/fed-cup-belgique-france-garcia-van-uytvanck\/","og_locale":"fr_FR","og_type":"article","og_title":"Fed Cup - Belgique\/France : Garcia ouvrira le bal face \u00e0 Van Uytvanck","og_description":"Le tirage au sort a eu lieu au Country Hall de Li\u00e8ge. Pour son retour, Caroline Garcia ouvrira les d\u00e9bats face \u00e0 Alison Van Uytvanck.","og_url":"https:\/\/dicodusport.fr\/blog\/fed-cup-belgique-france-garcia-van-uytvanck\/","og_site_name":"Dicodusport","article_publisher":"https:\/\/www.facebook.com\/dicodusport","article_published_time":"2019-02-08T12:09:45+00:00","article_modified_time":"2019-02-08T13:18:28+00:00","og_image":[{"width":1200,"height":670,"url":"https:\/\/dicodusport.fr\/blog\/wp-content\/uploads\/2019\/02\/Garcia-Van-Uytvanck.png","type":"image\/png"}],"author":"Arlette Yeye","twitter_card":"summary_large_image","twitter_creator":"@https:\/\/twitter.com\/Shiclette94","twitter_site":"@dicodusport","schema":{"@context":"https:\/\/schema.org","@graph":[{"@type":"NewsArticle","@id":"https:\/\/dicodusport.fr\/blog\/fed-cup-belgique-france-garcia-van-uytvanck\/#article","isPartOf":{"@id":"https:\/\/dicodusport.fr\/blog\/fed-cup-belgique-france-garcia-van-uytvanck\/"},"author":{"name":"Arlette Yeye","@id":"https:\/\/dicodusport.fr\/blog\/#\/schema\/person\/cce96fa88785bd8573e3d43078ac8c79"},"headline":"Fed Cup &#8211; Belgique\/France : Garcia ouvrira le bal face \u00e0 Van Uytvanck","datePublished":"2019-02-08T12:09:45+00:00","dateModified":"2019-02-08T13:18:28+00:00","mainEntityOfPage":{"@id":"https:\/\/dicodusport.fr\/blog\/fed-cup-belgique-france-garcia-van-uytvanck\/"},"wordCount":302,"commentCount":0,"publisher":{"@id":"https:\/\/dicodusport.fr\/blog\/#organization"},"image":{"@id":"https:\/\/dicodusport.fr\/blog\/fed-cup-belgique-france-garcia-van-uytvanck\/#primaryimage"},"thumbnailUrl":"https:\/\/dicodusport.fr\/blog\/wp-content\/uploads\/2019\/02\/Garcia-Van-Uytvanck.png","keywords":["Aliz\u00e9 Cornet","Belgique","Caroline Garcia","Elise Mertens","Fed Cup","France","Mladenovic"],"articleSection":["Actualit\u00e9s","Sports de raquette","Tennis"],"inLanguage":"fr-FR","potentialAction":[{"@type":"CommentAction","name":"Comment","target":["https:\/\/dicodusport.fr\/blog\/fed-cup-belgique-france-garcia-van-uytvanck\/#respond"]}],"copyrightYear":"2019","copyrightHolder":{"@id":"https:\/\/dicodusport.fr\/blog\/#organization"}},{"@type":"WebPage","@id":"https:\/\/dicodusport.fr\/blog\/fed-cup-belgique-france-garcia-van-uytvanck\/","url":"https:\/\/dicodusport.fr\/blog\/fed-cup-belgique-france-garcia-van-uytvanck\/","name":"Fed Cup - Belgique\/France : Garcia ouvrira le bal face \u00e0 Van Uytvanck","isPartOf":{"@id":"https:\/\/dicodusport.fr\/blog\/#website"},"primaryImageOfPage":{"@id":"https:\/\/dicodusport.fr\/blog\/fed-cup-belgique-france-garcia-van-uytvanck\/#primaryimage"},"image":{"@id":"https:\/\/dicodusport.fr\/blog\/fed-cup-belgique-france-garcia-van-uytvanck\/#primaryimage"},"thumbnailUrl":"https:\/\/dicodusport.fr\/blog\/wp-content\/uploads\/2019\/02\/Garcia-Van-Uytvanck.png","datePublished":"2019-02-08T12:09:45+00:00","dateModified":"2019-02-08T13:18:28+00:00","description":"Le tirage au sort a eu lieu au Country Hall de Li\u00e8ge. Pour son retour, Caroline Garcia ouvrira les d\u00e9bats face \u00e0 Alison Van Uytvanck.","breadcrumb":{"@id":"https:\/\/dicodusport.fr\/blog\/fed-cup-belgique-france-garcia-van-uytvanck\/#breadcrumb"},"inLanguage":"fr-FR","potentialAction":[{"@type":"ReadAction","target":["https:\/\/dicodusport.fr\/blog\/fed-cup-belgique-france-garcia-van-uytvanck\/"]}]},{"@type":"ImageObject","inLanguage":"fr-FR","@id":"https:\/\/dicodusport.fr\/blog\/fed-cup-belgique-france-garcia-van-uytvanck\/#primaryimage","url":"https:\/\/dicodusport.fr\/blog\/wp-content\/uploads\/2019\/02\/Garcia-Van-Uytvanck.png","contentUrl":"https:\/\/dicodusport.fr\/blog\/wp-content\/uploads\/2019\/02\/Garcia-Van-Uytvanck.png","width":1200,"height":670},{"@type":"BreadcrumbList","@id":"https:\/\/dicodusport.fr\/blog\/fed-cup-belgique-france-garcia-van-uytvanck\/#breadcrumb","itemListElement":[{"@type":"ListItem","position":1,"name":"Accueil","item":"https:\/\/dicodusport.fr\/blog\/"},{"@type":"ListItem","position":2,"name":"Fed Cup &#8211; Belgique\/France : Garcia ouvrira le bal face \u00e0 Van Uytvanck"}]},{"@type":"WebSite","@id":"https:\/\/dicodusport.fr\/blog\/#website","url":"https:\/\/dicodusport.fr\/blog\/","name":"Dicodusport","description":"L&#039;encyclop\u00e9die de l&#039;actualit\u00e9 sportive","publisher":{"@id":"https:\/\/dicodusport.fr\/blog\/#organization"},"potentialAction":[{"@type":"SearchAction","target":{"@type":"EntryPoint","urlTemplate":"https:\/\/dicodusport.fr\/blog\/?s={search_term_string}"},"query-input":{"@type":"PropertyValueSpecification","valueRequired":true,"valueName":"search_term_string"}}],"inLanguage":"fr-FR"},{"@type":"NewsMediaOrganization","@id":"https:\/\/dicodusport.fr\/blog\/#organization","name":"Dicodusport","url":"https:\/\/dicodusport.fr\/blog\/","logo":{"@type":"ImageObject","inLanguage":"fr-FR","@id":"https:\/\/dicodusport.fr\/blog\/#\/schema\/logo\/image\/","url":"https:\/\/dicodusport.fr\/blog\/wp-content\/uploads\/2020\/06\/cropped-LOGO-DICODUSPORT-2020-SANS-FOND-SANS-TEXTE.png","contentUrl":"https:\/\/dicodusport.fr\/blog\/wp-content\/uploads\/2020\/06\/cropped-LOGO-DICODUSPORT-2020-SANS-FOND-SANS-TEXTE.png","width":512,"height":512,"caption":"Dicodusport"},"image":{"@id":"https:\/\/dicodusport.fr\/blog\/#\/schema\/logo\/image\/"},"sameAs":["https:\/\/www.facebook.com\/dicodusport","https:\/\/x.com\/dicodusport","https:\/\/www.instagram.com\/dicodusport\/","https:\/\/www.youtube.com\/channel\/UC7V2KZ5sd3htJivAbA4ZG3w"],"description":"Dicodusport est l'encyclop\u00e9die de l'actualit\u00e9 sportive.","email":"bonjour@dicodusport.fr","legalName":"DICODUSPORT","foundingDate":"2018-01-14","vatID":"FR71834470973","taxID":"83447097300043","numberOfEmployees":{"@type":"QuantitativeValue","minValue":"1","maxValue":"10"}},{"@type":"Person","@id":"https:\/\/dicodusport.fr\/blog\/#\/schema\/person\/cce96fa88785bd8573e3d43078ac8c79","name":"Arlette Yeye","image":{"@type":"ImageObject","inLanguage":"fr-FR","@id":"https:\/\/dicodusport.fr\/blog\/#\/schema\/person\/image\/","url":"https:\/\/secure.gravatar.com\/avatar\/dca4a6239e6d708e46c45d60e160de6c?s=96&d=wp_user_avatar&r=g","contentUrl":"https:\/\/secure.gravatar.com\/avatar\/dca4a6239e6d708e46c45d60e160de6c?s=96&d=wp_user_avatar&r=g","caption":"Arlette Yeye"},"description":"Journaliste\/r\u00e9dactrice depuis septembre 2015 - Supportrice de Chelsea, j'ai pour sports de pr\u00e9dilection le handball, l'athl\u00e9tisme et le tennis. Si je tweete plus vite que mon ombre, vous pouvez aussi me retrouver les week-ends sur les playgrounds de Bruxelles pour un petit foot ou basket entre potes. Parcourir la France, l'Europe et plus si affinit\u00e9s pour suivre mes sportifs pr\u00e9f\u00e9r\u00e9s ? Mon kif ! Et c'est avec plaisir que je partage les r\u00e9sultats des sports populaires mais \u00e9galement plus confidentiels pour Dicodusport.","sameAs":["https:\/\/x.com\/https:\/\/twitter.com\/Shiclette94"],"url":"https:\/\/dicodusport.fr\/blog\/author\/arlette\/"}]}},"_links":{"self":[{"href":"https:\/\/dicodusport.fr\/blog\/wp-json\/wp\/v2\/posts\/33207","targetHints":{"allow":["GET"]}}],"collection":[{"href":"https:\/\/dicodusport.fr\/blog\/wp-json\/wp\/v2\/posts"}],"about":[{"href":"https:\/\/dicodusport.fr\/blog\/wp-json\/wp\/v2\/types\/post"}],"author":[{"embeddable":true,"href":"https:\/\/dicodusport.fr\/blog\/wp-json\/wp\/v2\/users\/12"}],"replies":[{"embeddable":true,"href":"https:\/\/dicodusport.fr\/blog\/wp-json\/wp\/v2\/comments?post=33207"}],"version-history":[{"count":0,"href":"https:\/\/dicodusport.fr\/blog\/wp-json\/wp\/v2\/posts\/33207\/revisions"}],"wp:featuredmedia":[{"embeddable":true,"href":"https:\/\/dicodusport.fr\/blog\/wp-json\/wp\/v2\/media\/33197"}],"wp:attachment":[{"href":"https:\/\/dicodusport.fr\/blog\/wp-json\/wp\/v2\/media?parent=33207"}],"wp:term":[{"taxonomy":"category","embeddable":true,"href":"https:\/\/dicodusport.fr\/blog\/wp-json\/wp\/v2\/categories?post=33207"},{"taxonomy":"post_tag","embeddable":true,"href":"https:\/\/dicodusport.fr\/blog\/wp-json\/wp\/v2\/tags?post=33207"}],"curies":[{"name":"wp","href":"https:\/\/api.w.org\/{rel}","templated":true}]}}