{"id":333177,"date":"2022-12-27T19:45:19","date_gmt":"2022-12-27T18:45:19","guid":{"rendered":"https:\/\/dicodusport.fr\/blog\/?p=333177&#038;preview=true&#038;preview_id=333177"},"modified":"2022-12-27T21:12:42","modified_gmt":"2022-12-27T20:12:42","slug":"le-sm-caen-elimine-de-la-coupe-de-france-sur-tapis-vert","status":"publish","type":"post","link":"https:\/\/dicodusport.fr\/blog\/le-sm-caen-elimine-de-la-coupe-de-france-sur-tapis-vert\/","title":{"rendered":"Le SM Caen \u00e9limin\u00e9 de la Coupe de France sur tapis vert"},"content":{"rendered":"<p align=\"justify\"><em><b>FOOTBALL &#8211; Le SM Caen est \u00e9limin\u00e9 de la Coupe de France malgr\u00e9 sa victoire sur le terrain face \u00e0 Vire pour avoir fait jouer un joueur suspendu.\u00a0<\/b><\/em><\/p>\n<p align=\"justify\"><strong>Caen<\/strong> a largement domin\u00e9 <strong>Vire<\/strong>, 3 \u00e0 0, lors des 64\u00e8mes de finale de la <strong>Coupe<\/strong> <strong>de<\/strong> <strong>France<\/strong> en d\u00e9cembre. Mais le club normand a align\u00e9 <strong>Dieudonn\u00e9<\/strong> <strong>Gaucho<\/strong> <strong>Debohi<\/strong> alors qu&rsquo;il \u00e9tait suspendu. La <strong>F\u00e9d\u00e9ration Fran\u00e7aise de Football<\/strong> a donc d\u00fb donner match perdu \u00e0 Caen et victoire \u00e0 Vire qui jouera face \u00e0\u00a0<strong>Nantes<\/strong> au tour prochain. Dans les colonnes de <em>L&rsquo;\u00c9quipe,<\/em> <strong>Yohan<\/strong> <strong>Eudeline<\/strong>, directeur sportif du club, s&rsquo;est expliqu\u00e9.<\/p>\n<blockquote>\n<p align=\"justify\">Il y a eu une mauvaise interpr\u00e9tation du r\u00e8glement de la F\u00e9d\u00e9ration fran\u00e7aise de football, Dieudonn\u00e9 (Gaucho) avait re\u00e7u ses cartons en N2 et purg\u00e9 son match de suspension dans ce Championnat.<\/p>\n<\/blockquote>\n<p align=\"justify\">Le joueur avait purg\u00e9 son match de suspension avec l&rsquo;\u00e9quipe r\u00e9serve du club, dans le championnat o\u00f9 il avait cumul\u00e9 les cartons jaunes, mais il aurait d\u00fb aussi en purger un chez les professionnels.<\/p>\n<blockquote class=\"twitter-tweet\">\n<p dir=\"ltr\" lang=\"fr\">! Le SM Caen est \u00e9limin\u00e9 sur tapis vert de la Coupe de France pour avoir fait jouer Dieudonn\u00e9 Gaucho, qui \u00e9tait normalement suspendu !<\/p>\n<p>L&rsquo;AF Virois se qualifie et accueillera le FC Nantes.<\/p>\n<p>\u2014 BeFootball (@_BeFootball) <a href=\"https:\/\/twitter.com\/_BeFootball\/status\/1607793159198887939?ref_src=twsrc%5Etfw\">December 27, 2022<\/a><\/p><\/blockquote>\n<p><script async src=\"https:\/\/platform.twitter.com\/widgets.js\" charset=\"utf-8\"><\/script><\/p>\n","protected":false},"excerpt":{"rendered":"<p>FOOTBALL &#8211; Le SM Caen est \u00e9limin\u00e9 de la Coupe de France malgr\u00e9 sa victoire sur le terrain face \u00e0 Vire pour avoir fait jouer un joueur suspendu.\u00a0<\/p>\n","protected":false},"author":1,"featured_media":333237,"comment_status":"open","ping_status":"closed","sticky":false,"template":"","format":"standard","meta":{"_acf_changed":false,"_daextam_enable_autolinks":"","footnotes":""},"categories":[2301],"tags":[1236,2870,75],"class_list":["post-333177","post","type-post","status-publish","format-standard","has-post-thumbnail","hentry","category-football","tag-caen","tag-coupe-de-france","tag-football"],"acf":[],"yoast_head":"<!-- This site is optimized with the Yoast SEO Premium plugin v26.7 (Yoast SEO v26.7) - https:\/\/yoast.com\/wordpress\/plugins\/seo\/ -->\n<title>Le SM Caen \u00e9limin\u00e9 de la Coupe de France sur tapis vert<\/title>\n<meta name=\"description\" content=\"FOOTBALL - Le SM Caen est \u00e9limin\u00e9 de la Coupe de France malgr\u00e9 sa victoire sur le terrain face \u00e0 Vire pour avoir fait jouer un joueur suspendu.\u00a0\" \/>\n<meta name=\"robots\" content=\"index, follow, max-snippet:-1, max-image-preview:large, max-video-preview:-1\" \/>\n<link rel=\"canonical\" href=\"https:\/\/dicodusport.fr\/blog\/le-sm-caen-elimine-de-la-coupe-de-france-sur-tapis-vert\/\" \/>\n<meta property=\"og:locale\" content=\"fr_FR\" \/>\n<meta property=\"og:type\" content=\"article\" \/>\n<meta property=\"og:title\" content=\"Le SM Caen \u00e9limin\u00e9 de la Coupe de France sur tapis vert\" \/>\n<meta property=\"og:description\" content=\"FOOTBALL - Le SM Caen est \u00e9limin\u00e9 de la Coupe de France malgr\u00e9 sa victoire sur le terrain face \u00e0 Vire pour avoir fait jouer un joueur suspendu.\u00a0\" \/>\n<meta property=\"og:url\" content=\"https:\/\/dicodusport.fr\/blog\/le-sm-caen-elimine-de-la-coupe-de-france-sur-tapis-vert\/\" \/>\n<meta property=\"og:site_name\" content=\"Dicodusport\" \/>\n<meta property=\"article:publisher\" content=\"https:\/\/www.facebook.com\/dicodusport\" \/>\n<meta property=\"article:author\" content=\"https:\/\/www.facebook.com\/dicodusport\" \/>\n<meta property=\"article:published_time\" content=\"2022-12-27T18:45:19+00:00\" \/>\n<meta property=\"article:modified_time\" content=\"2022-12-27T20:12:42+00:00\" \/>\n<meta property=\"og:image\" content=\"https:\/\/dicodusport.fr\/blog\/wp-content\/uploads\/2022\/12\/Le-SM-Caen-elimine-de-la-Coupe-de-France-sur-tapis-vert.png\" \/>\n\t<meta property=\"og:image:width\" content=\"800\" \/>\n\t<meta property=\"og:image:height\" content=\"445\" \/>\n\t<meta property=\"og:image:type\" content=\"image\/png\" \/>\n<meta name=\"author\" content=\"Nicolas Jacquemard\" \/>\n<meta name=\"twitter:card\" content=\"summary_large_image\" \/>\n<meta name=\"twitter:title\" content=\"Le SM Caen \u00e9limin\u00e9 de la Coupe de France sur tapis vert\" \/>\n<meta name=\"twitter:creator\" content=\"@https:\/\/twitter.com\/Nico_Jacquemard\" \/>\n<meta name=\"twitter:site\" content=\"@dicodusport\" \/>\n<script type=\"application\/ld+json\" class=\"yoast-schema-graph\">{\"@context\":\"https:\/\/schema.org\",\"@graph\":[{\"@type\":\"NewsArticle\",\"@id\":\"https:\/\/dicodusport.fr\/blog\/le-sm-caen-elimine-de-la-coupe-de-france-sur-tapis-vert\/#article\",\"isPartOf\":{\"@id\":\"https:\/\/dicodusport.fr\/blog\/le-sm-caen-elimine-de-la-coupe-de-france-sur-tapis-vert\/\"},\"author\":{\"name\":\"Nicolas Jacquemard\",\"@id\":\"https:\/\/dicodusport.fr\/blog\/#\/schema\/person\/55dcb50ad410894e431ed812bbb70191\"},\"headline\":\"Le SM Caen \u00e9limin\u00e9 de la Coupe de France sur tapis vert\",\"datePublished\":\"2022-12-27T18:45:19+00:00\",\"dateModified\":\"2022-12-27T20:12:42+00:00\",\"mainEntityOfPage\":{\"@id\":\"https:\/\/dicodusport.fr\/blog\/le-sm-caen-elimine-de-la-coupe-de-france-sur-tapis-vert\/\"},\"wordCount\":221,\"commentCount\":0,\"publisher\":{\"@id\":\"https:\/\/dicodusport.fr\/blog\/#organization\"},\"image\":{\"@id\":\"https:\/\/dicodusport.fr\/blog\/le-sm-caen-elimine-de-la-coupe-de-france-sur-tapis-vert\/#primaryimage\"},\"thumbnailUrl\":\"https:\/\/dicodusport.fr\/blog\/wp-content\/uploads\/2022\/12\/Le-SM-Caen-elimine-de-la-Coupe-de-France-sur-tapis-vert.png\",\"keywords\":[\"caen\",\"Coupe de France\",\"Football\"],\"articleSection\":[\"Football\"],\"inLanguage\":\"fr-FR\",\"potentialAction\":[{\"@type\":\"CommentAction\",\"name\":\"Comment\",\"target\":[\"https:\/\/dicodusport.fr\/blog\/le-sm-caen-elimine-de-la-coupe-de-france-sur-tapis-vert\/#respond\"]}],\"copyrightYear\":\"2022\",\"copyrightHolder\":{\"@id\":\"https:\/\/dicodusport.fr\/blog\/#organization\"}},{\"@type\":\"WebPage\",\"@id\":\"https:\/\/dicodusport.fr\/blog\/le-sm-caen-elimine-de-la-coupe-de-france-sur-tapis-vert\/\",\"url\":\"https:\/\/dicodusport.fr\/blog\/le-sm-caen-elimine-de-la-coupe-de-france-sur-tapis-vert\/\",\"name\":\"Le SM Caen \u00e9limin\u00e9 de la Coupe de France sur tapis vert\",\"isPartOf\":{\"@id\":\"https:\/\/dicodusport.fr\/blog\/#website\"},\"primaryImageOfPage\":{\"@id\":\"https:\/\/dicodusport.fr\/blog\/le-sm-caen-elimine-de-la-coupe-de-france-sur-tapis-vert\/#primaryimage\"},\"image\":{\"@id\":\"https:\/\/dicodusport.fr\/blog\/le-sm-caen-elimine-de-la-coupe-de-france-sur-tapis-vert\/#primaryimage\"},\"thumbnailUrl\":\"https:\/\/dicodusport.fr\/blog\/wp-content\/uploads\/2022\/12\/Le-SM-Caen-elimine-de-la-Coupe-de-France-sur-tapis-vert.png\",\"datePublished\":\"2022-12-27T18:45:19+00:00\",\"dateModified\":\"2022-12-27T20:12:42+00:00\",\"description\":\"FOOTBALL - Le SM Caen est \u00e9limin\u00e9 de la Coupe de France malgr\u00e9 sa victoire sur le terrain face \u00e0 Vire pour avoir fait jouer un joueur suspendu.\u00a0\",\"breadcrumb\":{\"@id\":\"https:\/\/dicodusport.fr\/blog\/le-sm-caen-elimine-de-la-coupe-de-france-sur-tapis-vert\/#breadcrumb\"},\"inLanguage\":\"fr-FR\",\"potentialAction\":[{\"@type\":\"ReadAction\",\"target\":[\"https:\/\/dicodusport.fr\/blog\/le-sm-caen-elimine-de-la-coupe-de-france-sur-tapis-vert\/\"]}]},{\"@type\":\"ImageObject\",\"inLanguage\":\"fr-FR\",\"@id\":\"https:\/\/dicodusport.fr\/blog\/le-sm-caen-elimine-de-la-coupe-de-france-sur-tapis-vert\/#primaryimage\",\"url\":\"https:\/\/dicodusport.fr\/blog\/wp-content\/uploads\/2022\/12\/Le-SM-Caen-elimine-de-la-Coupe-de-France-sur-tapis-vert.png\",\"contentUrl\":\"https:\/\/dicodusport.fr\/blog\/wp-content\/uploads\/2022\/12\/Le-SM-Caen-elimine-de-la-Coupe-de-France-sur-tapis-vert.png\",\"width\":800,\"height\":445},{\"@type\":\"BreadcrumbList\",\"@id\":\"https:\/\/dicodusport.fr\/blog\/le-sm-caen-elimine-de-la-coupe-de-france-sur-tapis-vert\/#breadcrumb\",\"itemListElement\":[{\"@type\":\"ListItem\",\"position\":1,\"name\":\"Accueil\",\"item\":\"https:\/\/dicodusport.fr\/blog\/\"},{\"@type\":\"ListItem\",\"position\":2,\"name\":\"Le SM Caen \u00e9limin\u00e9 de la Coupe de France sur tapis vert\"}]},{\"@type\":\"WebSite\",\"@id\":\"https:\/\/dicodusport.fr\/blog\/#website\",\"url\":\"https:\/\/dicodusport.fr\/blog\/\",\"name\":\"Dicodusport\",\"description\":\"L&#039;encyclop\u00e9die de l&#039;actualit\u00e9 sportive\",\"publisher\":{\"@id\":\"https:\/\/dicodusport.fr\/blog\/#organization\"},\"potentialAction\":[{\"@type\":\"SearchAction\",\"target\":{\"@type\":\"EntryPoint\",\"urlTemplate\":\"https:\/\/dicodusport.fr\/blog\/?s={search_term_string}\"},\"query-input\":{\"@type\":\"PropertyValueSpecification\",\"valueRequired\":true,\"valueName\":\"search_term_string\"}}],\"inLanguage\":\"fr-FR\"},{\"@type\":\"NewsMediaOrganization\",\"@id\":\"https:\/\/dicodusport.fr\/blog\/#organization\",\"name\":\"Dicodusport\",\"url\":\"https:\/\/dicodusport.fr\/blog\/\",\"logo\":{\"@type\":\"ImageObject\",\"inLanguage\":\"fr-FR\",\"@id\":\"https:\/\/dicodusport.fr\/blog\/#\/schema\/logo\/image\/\",\"url\":\"https:\/\/dicodusport.fr\/blog\/wp-content\/uploads\/2020\/06\/cropped-LOGO-DICODUSPORT-2020-SANS-FOND-SANS-TEXTE.png\",\"contentUrl\":\"https:\/\/dicodusport.fr\/blog\/wp-content\/uploads\/2020\/06\/cropped-LOGO-DICODUSPORT-2020-SANS-FOND-SANS-TEXTE.png\",\"width\":512,\"height\":512,\"caption\":\"Dicodusport\"},\"image\":{\"@id\":\"https:\/\/dicodusport.fr\/blog\/#\/schema\/logo\/image\/\"},\"sameAs\":[\"https:\/\/www.facebook.com\/dicodusport\",\"https:\/\/x.com\/dicodusport\",\"https:\/\/www.instagram.com\/dicodusport\/\",\"https:\/\/www.youtube.com\/channel\/UC7V2KZ5sd3htJivAbA4ZG3w\"],\"description\":\"Dicodusport est l'encyclop\u00e9die de l'actualit\u00e9 sportive.\",\"email\":\"bonjour@dicodusport.fr\",\"legalName\":\"DICODUSPORT\",\"foundingDate\":\"2018-01-14\",\"vatID\":\"FR71834470973\",\"taxID\":\"83447097300043\",\"numberOfEmployees\":{\"@type\":\"QuantitativeValue\",\"minValue\":\"1\",\"maxValue\":\"10\"}},{\"@type\":\"Person\",\"@id\":\"https:\/\/dicodusport.fr\/blog\/#\/schema\/person\/55dcb50ad410894e431ed812bbb70191\",\"name\":\"Nicolas Jacquemard\",\"image\":{\"@type\":\"ImageObject\",\"inLanguage\":\"fr-FR\",\"@id\":\"https:\/\/dicodusport.fr\/blog\/#\/schema\/person\/image\/\",\"url\":\"https:\/\/dicodusport.fr\/blog\/wp-content\/uploads\/2021\/05\/Nicolas-Jacquemard-150x150.jpeg\",\"contentUrl\":\"https:\/\/dicodusport.fr\/blog\/wp-content\/uploads\/2021\/05\/Nicolas-Jacquemard-150x150.jpeg\",\"caption\":\"Nicolas Jacquemard\"},\"description\":\"Passionn\u00e9 de sport et entrepreneur depuis mes 18 ans, la cr\u00e9ation de Dicodusport m'a sembl\u00e9 \u00e9vidente pour participer \u00e0 la m\u00e9diatisation d'un plus grand nombre de sports. Le chemin est long mais avec une \u00e9quipe des plus motiv\u00e9es et les Jeux Olympiques de Paris 2024 en point de mire, nous y arriverons ! Journaliste dans le monde du sport depuis plus de 5 ans, je traite aussi bien de football, de rugby, de biathlon que de cyclisme.\",\"sameAs\":[\"https:\/\/www.facebook.com\/dicodusport\",\"https:\/\/x.com\/https:\/\/twitter.com\/Nico_Jacquemard\"],\"url\":\"https:\/\/dicodusport.fr\/blog\/author\/dicodusport\/\"}]}<\/script>\n<!-- \/ Yoast SEO Premium plugin. -->","yoast_head_json":{"title":"Le SM Caen \u00e9limin\u00e9 de la Coupe de France sur tapis vert","description":"FOOTBALL - Le SM Caen est \u00e9limin\u00e9 de la Coupe de France malgr\u00e9 sa victoire sur le terrain face \u00e0 Vire pour avoir fait jouer un joueur suspendu.\u00a0","robots":{"index":"index","follow":"follow","max-snippet":"max-snippet:-1","max-image-preview":"max-image-preview:large","max-video-preview":"max-video-preview:-1"},"canonical":"https:\/\/dicodusport.fr\/blog\/le-sm-caen-elimine-de-la-coupe-de-france-sur-tapis-vert\/","og_locale":"fr_FR","og_type":"article","og_title":"Le SM Caen \u00e9limin\u00e9 de la Coupe de France sur tapis vert","og_description":"FOOTBALL - Le SM Caen est \u00e9limin\u00e9 de la Coupe de France malgr\u00e9 sa victoire sur le terrain face \u00e0 Vire pour avoir fait jouer un joueur suspendu.\u00a0","og_url":"https:\/\/dicodusport.fr\/blog\/le-sm-caen-elimine-de-la-coupe-de-france-sur-tapis-vert\/","og_site_name":"Dicodusport","article_publisher":"https:\/\/www.facebook.com\/dicodusport","article_author":"https:\/\/www.facebook.com\/dicodusport","article_published_time":"2022-12-27T18:45:19+00:00","article_modified_time":"2022-12-27T20:12:42+00:00","og_image":[{"width":800,"height":445,"url":"https:\/\/dicodusport.fr\/blog\/wp-content\/uploads\/2022\/12\/Le-SM-Caen-elimine-de-la-Coupe-de-France-sur-tapis-vert.png","type":"image\/png"}],"author":"Nicolas Jacquemard","twitter_card":"summary_large_image","twitter_title":"Le SM Caen \u00e9limin\u00e9 de la Coupe de France sur tapis vert","twitter_creator":"@https:\/\/twitter.com\/Nico_Jacquemard","twitter_site":"@dicodusport","schema":{"@context":"https:\/\/schema.org","@graph":[{"@type":"NewsArticle","@id":"https:\/\/dicodusport.fr\/blog\/le-sm-caen-elimine-de-la-coupe-de-france-sur-tapis-vert\/#article","isPartOf":{"@id":"https:\/\/dicodusport.fr\/blog\/le-sm-caen-elimine-de-la-coupe-de-france-sur-tapis-vert\/"},"author":{"name":"Nicolas Jacquemard","@id":"https:\/\/dicodusport.fr\/blog\/#\/schema\/person\/55dcb50ad410894e431ed812bbb70191"},"headline":"Le SM Caen \u00e9limin\u00e9 de la Coupe de France sur tapis vert","datePublished":"2022-12-27T18:45:19+00:00","dateModified":"2022-12-27T20:12:42+00:00","mainEntityOfPage":{"@id":"https:\/\/dicodusport.fr\/blog\/le-sm-caen-elimine-de-la-coupe-de-france-sur-tapis-vert\/"},"wordCount":221,"commentCount":0,"publisher":{"@id":"https:\/\/dicodusport.fr\/blog\/#organization"},"image":{"@id":"https:\/\/dicodusport.fr\/blog\/le-sm-caen-elimine-de-la-coupe-de-france-sur-tapis-vert\/#primaryimage"},"thumbnailUrl":"https:\/\/dicodusport.fr\/blog\/wp-content\/uploads\/2022\/12\/Le-SM-Caen-elimine-de-la-Coupe-de-France-sur-tapis-vert.png","keywords":["caen","Coupe de France","Football"],"articleSection":["Football"],"inLanguage":"fr-FR","potentialAction":[{"@type":"CommentAction","name":"Comment","target":["https:\/\/dicodusport.fr\/blog\/le-sm-caen-elimine-de-la-coupe-de-france-sur-tapis-vert\/#respond"]}],"copyrightYear":"2022","copyrightHolder":{"@id":"https:\/\/dicodusport.fr\/blog\/#organization"}},{"@type":"WebPage","@id":"https:\/\/dicodusport.fr\/blog\/le-sm-caen-elimine-de-la-coupe-de-france-sur-tapis-vert\/","url":"https:\/\/dicodusport.fr\/blog\/le-sm-caen-elimine-de-la-coupe-de-france-sur-tapis-vert\/","name":"Le SM Caen \u00e9limin\u00e9 de la Coupe de France sur tapis vert","isPartOf":{"@id":"https:\/\/dicodusport.fr\/blog\/#website"},"primaryImageOfPage":{"@id":"https:\/\/dicodusport.fr\/blog\/le-sm-caen-elimine-de-la-coupe-de-france-sur-tapis-vert\/#primaryimage"},"image":{"@id":"https:\/\/dicodusport.fr\/blog\/le-sm-caen-elimine-de-la-coupe-de-france-sur-tapis-vert\/#primaryimage"},"thumbnailUrl":"https:\/\/dicodusport.fr\/blog\/wp-content\/uploads\/2022\/12\/Le-SM-Caen-elimine-de-la-Coupe-de-France-sur-tapis-vert.png","datePublished":"2022-12-27T18:45:19+00:00","dateModified":"2022-12-27T20:12:42+00:00","description":"FOOTBALL - Le SM Caen est \u00e9limin\u00e9 de la Coupe de France malgr\u00e9 sa victoire sur le terrain face \u00e0 Vire pour avoir fait jouer un joueur suspendu.\u00a0","breadcrumb":{"@id":"https:\/\/dicodusport.fr\/blog\/le-sm-caen-elimine-de-la-coupe-de-france-sur-tapis-vert\/#breadcrumb"},"inLanguage":"fr-FR","potentialAction":[{"@type":"ReadAction","target":["https:\/\/dicodusport.fr\/blog\/le-sm-caen-elimine-de-la-coupe-de-france-sur-tapis-vert\/"]}]},{"@type":"ImageObject","inLanguage":"fr-FR","@id":"https:\/\/dicodusport.fr\/blog\/le-sm-caen-elimine-de-la-coupe-de-france-sur-tapis-vert\/#primaryimage","url":"https:\/\/dicodusport.fr\/blog\/wp-content\/uploads\/2022\/12\/Le-SM-Caen-elimine-de-la-Coupe-de-France-sur-tapis-vert.png","contentUrl":"https:\/\/dicodusport.fr\/blog\/wp-content\/uploads\/2022\/12\/Le-SM-Caen-elimine-de-la-Coupe-de-France-sur-tapis-vert.png","width":800,"height":445},{"@type":"BreadcrumbList","@id":"https:\/\/dicodusport.fr\/blog\/le-sm-caen-elimine-de-la-coupe-de-france-sur-tapis-vert\/#breadcrumb","itemListElement":[{"@type":"ListItem","position":1,"name":"Accueil","item":"https:\/\/dicodusport.fr\/blog\/"},{"@type":"ListItem","position":2,"name":"Le SM Caen \u00e9limin\u00e9 de la Coupe de France sur tapis vert"}]},{"@type":"WebSite","@id":"https:\/\/dicodusport.fr\/blog\/#website","url":"https:\/\/dicodusport.fr\/blog\/","name":"Dicodusport","description":"L&#039;encyclop\u00e9die de l&#039;actualit\u00e9 sportive","publisher":{"@id":"https:\/\/dicodusport.fr\/blog\/#organization"},"potentialAction":[{"@type":"SearchAction","target":{"@type":"EntryPoint","urlTemplate":"https:\/\/dicodusport.fr\/blog\/?s={search_term_string}"},"query-input":{"@type":"PropertyValueSpecification","valueRequired":true,"valueName":"search_term_string"}}],"inLanguage":"fr-FR"},{"@type":"NewsMediaOrganization","@id":"https:\/\/dicodusport.fr\/blog\/#organization","name":"Dicodusport","url":"https:\/\/dicodusport.fr\/blog\/","logo":{"@type":"ImageObject","inLanguage":"fr-FR","@id":"https:\/\/dicodusport.fr\/blog\/#\/schema\/logo\/image\/","url":"https:\/\/dicodusport.fr\/blog\/wp-content\/uploads\/2020\/06\/cropped-LOGO-DICODUSPORT-2020-SANS-FOND-SANS-TEXTE.png","contentUrl":"https:\/\/dicodusport.fr\/blog\/wp-content\/uploads\/2020\/06\/cropped-LOGO-DICODUSPORT-2020-SANS-FOND-SANS-TEXTE.png","width":512,"height":512,"caption":"Dicodusport"},"image":{"@id":"https:\/\/dicodusport.fr\/blog\/#\/schema\/logo\/image\/"},"sameAs":["https:\/\/www.facebook.com\/dicodusport","https:\/\/x.com\/dicodusport","https:\/\/www.instagram.com\/dicodusport\/","https:\/\/www.youtube.com\/channel\/UC7V2KZ5sd3htJivAbA4ZG3w"],"description":"Dicodusport est l'encyclop\u00e9die de l'actualit\u00e9 sportive.","email":"bonjour@dicodusport.fr","legalName":"DICODUSPORT","foundingDate":"2018-01-14","vatID":"FR71834470973","taxID":"83447097300043","numberOfEmployees":{"@type":"QuantitativeValue","minValue":"1","maxValue":"10"}},{"@type":"Person","@id":"https:\/\/dicodusport.fr\/blog\/#\/schema\/person\/55dcb50ad410894e431ed812bbb70191","name":"Nicolas Jacquemard","image":{"@type":"ImageObject","inLanguage":"fr-FR","@id":"https:\/\/dicodusport.fr\/blog\/#\/schema\/person\/image\/","url":"https:\/\/dicodusport.fr\/blog\/wp-content\/uploads\/2021\/05\/Nicolas-Jacquemard-150x150.jpeg","contentUrl":"https:\/\/dicodusport.fr\/blog\/wp-content\/uploads\/2021\/05\/Nicolas-Jacquemard-150x150.jpeg","caption":"Nicolas Jacquemard"},"description":"Passionn\u00e9 de sport et entrepreneur depuis mes 18 ans, la cr\u00e9ation de Dicodusport m'a sembl\u00e9 \u00e9vidente pour participer \u00e0 la m\u00e9diatisation d'un plus grand nombre de sports. Le chemin est long mais avec une \u00e9quipe des plus motiv\u00e9es et les Jeux Olympiques de Paris 2024 en point de mire, nous y arriverons ! Journaliste dans le monde du sport depuis plus de 5 ans, je traite aussi bien de football, de rugby, de biathlon que de cyclisme.","sameAs":["https:\/\/www.facebook.com\/dicodusport","https:\/\/x.com\/https:\/\/twitter.com\/Nico_Jacquemard"],"url":"https:\/\/dicodusport.fr\/blog\/author\/dicodusport\/"}]}},"_links":{"self":[{"href":"https:\/\/dicodusport.fr\/blog\/wp-json\/wp\/v2\/posts\/333177","targetHints":{"allow":["GET"]}}],"collection":[{"href":"https:\/\/dicodusport.fr\/blog\/wp-json\/wp\/v2\/posts"}],"about":[{"href":"https:\/\/dicodusport.fr\/blog\/wp-json\/wp\/v2\/types\/post"}],"author":[{"embeddable":true,"href":"https:\/\/dicodusport.fr\/blog\/wp-json\/wp\/v2\/users\/1"}],"replies":[{"embeddable":true,"href":"https:\/\/dicodusport.fr\/blog\/wp-json\/wp\/v2\/comments?post=333177"}],"version-history":[{"count":0,"href":"https:\/\/dicodusport.fr\/blog\/wp-json\/wp\/v2\/posts\/333177\/revisions"}],"wp:featuredmedia":[{"embeddable":true,"href":"https:\/\/dicodusport.fr\/blog\/wp-json\/wp\/v2\/media\/333237"}],"wp:attachment":[{"href":"https:\/\/dicodusport.fr\/blog\/wp-json\/wp\/v2\/media?parent=333177"}],"wp:term":[{"taxonomy":"category","embeddable":true,"href":"https:\/\/dicodusport.fr\/blog\/wp-json\/wp\/v2\/categories?post=333177"},{"taxonomy":"post_tag","embeddable":true,"href":"https:\/\/dicodusport.fr\/blog\/wp-json\/wp\/v2\/tags?post=333177"}],"curies":[{"name":"wp","href":"https:\/\/api.w.org\/{rel}","templated":true}]}}