{"id":333717,"date":"2022-12-28T08:38:22","date_gmt":"2022-12-28T07:38:22","guid":{"rendered":"https:\/\/dicodusport.fr\/blog\/?p=333717&#038;preview=true&#038;preview_id=333717"},"modified":"2022-12-28T20:05:43","modified_gmt":"2022-12-28T19:05:43","slug":"la-perf-de-la-nuit-en-nba-luka-doncic-et-les-mavericks-ecrivent-lhistoire","status":"publish","type":"post","link":"https:\/\/dicodusport.fr\/blog\/la-perf-de-la-nuit-en-nba-luka-doncic-et-les-mavericks-ecrivent-lhistoire\/","title":{"rendered":"La perf de la nuit en NBA : Luka Doncic et les Mavericks \u00e9crivent l&rsquo;histoire"},"content":{"rendered":"<p align=\"justify\"><em><strong>SAISON NBA 2022\/2023 &#8211; Lors de la r\u00e9ception de New York, Dallas a r\u00e9alis\u00e9 une performance in\u00e9dite, magnifi\u00e9e par un triple double d&rsquo;un Luka Doncic l\u00e9gendaire.<\/strong><\/em><\/p>\n<p align=\"justify\">Les Dallas Mavericks auront d\u00fb aller jusqu&rsquo;aux prolongations pour venir \u00e0 bout des New York Knicks dans leur salle (<strong>126-121<\/strong>). Un r\u00e9sultat rendu possible pour deux raisons. D&rsquo;abord, la r\u00e9silience des Texans. En effet, ils \u00e9taient men\u00e9s de 9 points \u00e0 35 secondes de la fin du match. Dans ce genre de situations, aucune \u00e9quipe men\u00e9e de 9 points ou plus \u00e0 ce moment-l\u00e0 de la partie n&rsquo;avait jamais r\u00e9ussi \u00e0 s&rsquo;imposer dans l&rsquo;histoire &#8211; cela repr\u00e9sente 13.884 tentatives ! Un v\u00e9ritable miracle donc.<\/p>\n<blockquote class=\"twitter-tweet\">\n<p dir=\"ltr\" lang=\"fr\">Pour vous rendre compte du MIRACLE qui vient de se produire :<\/p>\n<p>Lors des 20 derni\u00e8res saisons, les \u00e9quipes perdant d&rsquo;au moins 9 points \u00e0 moins de 35 secondes de la fin avaient un bilan de 0 victoire pour 13 884 d\u00e9faites (treize mille huit cent quatre-vingt-quatre).<\/p>\n<p> <a href=\"https:\/\/t.co\/hQs3YRFDed\">pic.twitter.com\/hQs3YRFDed<\/a><\/p>\n<p>\u2014 Dallas Mavs France (@DallasMavsFr) <a href=\"https:\/\/twitter.com\/DallasMavsFr\/status\/1607962942858825729?ref_src=twsrc%5Etfw\">December 28, 2022<\/a><\/p><\/blockquote>\n<p><script async src=\"https:\/\/platform.twitter.com\/widgets.js\" charset=\"utf-8\"><\/script><\/p>\n<h2 style=\"text-align: justify;\">Doncic dans la l\u00e9gende<\/h2>\n<p align=\"justify\">Un miracle rendu possible par un certain <strong>Luka Doncic.<\/strong> Le g\u00e9nie slov\u00e8ne a tout simplement r\u00e9alis\u00e9 une performance in\u00e9dite &#8211; l\u00e0 encore &#8211; dans l&rsquo;histoire de la NBA. 60 points, 21 rebonds et 10 passes d\u00e9cisives. C&rsquo;est bien simple, personne n&rsquo;avait jamais r\u00e9ussi de match en 60\/20\/10. <em>Luka Magic<\/em> a encore r\u00e9gal\u00e9, et s&rsquo;il \u00e9tait besoin de le pr\u00e9ciser, il est un candidat certain au titre de MVP. Double cerise sur le g\u00e2teau, la victoire donc, et le record de la franchise, qui \u00e9tait d\u00e9tenu par un certain <strong>Dirk Nowitzki.<\/strong> Une soir\u00e9e de l\u00e9gende donc du c\u00f4t\u00e9 de l&rsquo;American Airlines Center.<\/p>\n<blockquote class=\"twitter-tweet\">\n<p dir=\"ltr\" lang=\"fr\">On se fait tout simplement les highlights du meilleur match en carri\u00e8re de Luka Don\u010di\u0107 :<\/p>\n<p>&#8211; 60 POINTS<br \/>\n&#8211; 21 REBONDS \ufe0f<br \/>\n&#8211; 5 REBONDS OFFENSIFS<br \/>\n&#8211; 10 ASSISTS<br \/>\n&#8211; 2 INTERCEPTIONS \ufe0f<br \/>\n&#8211; 1 CONTRE<br \/>\n&#8211; 21\/31 AU TIR <\/p>\n<p>&#8211; 53 \u00c8ME TRIPLE-DOUBLE EN CARRI\u00c8RE<\/p>\n<p>(1\/2) <a href=\"https:\/\/t.co\/xBT5GmYUrJ\">pic.twitter.com\/xBT5GmYUrJ<\/a><\/p>\n<p>\u2014 Dallas Mavs France (@DallasMavsFr) <a href=\"https:\/\/twitter.com\/DallasMavsFr\/status\/1607967261163225088?ref_src=twsrc%5Etfw\">December 28, 2022<\/a><\/p><\/blockquote>\n<p><script async src=\"https:\/\/platform.twitter.com\/widgets.js\" charset=\"utf-8\"><\/script><\/p>\n","protected":false},"excerpt":{"rendered":"<p>SAISON NBA 2022\/2023 &#8211; Lors de la r\u00e9ception de New York, Dallas a r\u00e9alis\u00e9 une performance in\u00e9dite, magnifi\u00e9e par un triple double d&rsquo;un Luka Doncic l\u00e9gendaire.<\/p>\n","protected":false},"author":59,"featured_media":333778,"comment_status":"open","ping_status":"closed","sticky":false,"template":"","format":"standard","meta":{"_acf_changed":false,"_daextam_enable_autolinks":"","footnotes":""},"categories":[10533],"tags":[2111,6992],"class_list":["post-333717","post","type-post","status-publish","format-standard","has-post-thumbnail","hentry","category-nba","tag-dallas-mavericks","tag-luka-doncic"],"acf":[],"yoast_head":"<!-- This site is optimized with the Yoast SEO Premium plugin v26.7 (Yoast SEO v26.7) - https:\/\/yoast.com\/wordpress\/plugins\/seo\/ -->\n<title>La perf de la nuit en NBA : Luka Doncic et les Mavericks \u00e9crivent l&#039;histoire<\/title>\n<meta name=\"description\" content=\"SAISON NBA 2022\/2023 - Lors de la r\u00e9ception de New York, Dallas a r\u00e9alis\u00e9 une performance in\u00e9dite, magnifi\u00e9e par un Luka Doncic l\u00e9gendaire.\" \/>\n<meta name=\"robots\" content=\"index, follow, max-snippet:-1, max-image-preview:large, max-video-preview:-1\" \/>\n<link rel=\"canonical\" href=\"https:\/\/dicodusport.fr\/blog\/la-perf-de-la-nuit-en-nba-luka-doncic-et-les-mavericks-ecrivent-lhistoire\/\" \/>\n<meta property=\"og:locale\" content=\"fr_FR\" \/>\n<meta property=\"og:type\" content=\"article\" \/>\n<meta property=\"og:title\" content=\"La perf de la nuit en NBA : Luka Doncic et les Mavericks \u00e9crivent l&#039;histoire\" \/>\n<meta property=\"og:description\" content=\"SAISON NBA 2022\/2023 - Lors de la r\u00e9ception de New York, Dallas a r\u00e9alis\u00e9 une performance in\u00e9dite, magnifi\u00e9e par un Luka Doncic l\u00e9gendaire.\" \/>\n<meta property=\"og:url\" content=\"https:\/\/dicodusport.fr\/blog\/la-perf-de-la-nuit-en-nba-luka-doncic-et-les-mavericks-ecrivent-lhistoire\/\" \/>\n<meta property=\"og:site_name\" content=\"Dicodusport\" \/>\n<meta property=\"article:publisher\" content=\"https:\/\/www.facebook.com\/dicodusport\" \/>\n<meta property=\"article:author\" content=\"https:\/\/www.facebook.com\/sebastien.gente\/\" \/>\n<meta property=\"article:published_time\" content=\"2022-12-28T07:38:22+00:00\" \/>\n<meta property=\"article:modified_time\" content=\"2022-12-28T19:05:43+00:00\" \/>\n<meta property=\"og:image\" content=\"https:\/\/dicodusport.fr\/blog\/wp-content\/uploads\/2022\/12\/La-perf-de-la-nuit-en-NBA-Luka-Doncic-et-les-Mavericks-ecrivent-lhistoire.png\" \/>\n\t<meta property=\"og:image:width\" content=\"800\" \/>\n\t<meta property=\"og:image:height\" content=\"445\" \/>\n\t<meta property=\"og:image:type\" content=\"image\/png\" \/>\n<meta name=\"author\" content=\"S\u00e9bastien Gente\" \/>\n<meta name=\"twitter:card\" content=\"summary_large_image\" \/>\n<meta name=\"twitter:title\" content=\"La perf de la nuit en NBA : Luka Doncic et les Mavericks \u00e9crivent l&#039;histoire\" \/>\n<meta name=\"twitter:creator\" content=\"@https:\/\/twitter.com\/globulo24\" \/>\n<meta name=\"twitter:site\" content=\"@dicodusport\" \/>\n<script type=\"application\/ld+json\" class=\"yoast-schema-graph\">{\"@context\":\"https:\/\/schema.org\",\"@graph\":[{\"@type\":\"NewsArticle\",\"@id\":\"https:\/\/dicodusport.fr\/blog\/la-perf-de-la-nuit-en-nba-luka-doncic-et-les-mavericks-ecrivent-lhistoire\/#article\",\"isPartOf\":{\"@id\":\"https:\/\/dicodusport.fr\/blog\/la-perf-de-la-nuit-en-nba-luka-doncic-et-les-mavericks-ecrivent-lhistoire\/\"},\"author\":{\"name\":\"S\u00e9bastien Gente\",\"@id\":\"https:\/\/dicodusport.fr\/blog\/#\/schema\/person\/627966a6cde45dbd8c5e36ac85d783da\"},\"headline\":\"La perf de la nuit en NBA : Luka Doncic et les Mavericks \u00e9crivent l&rsquo;histoire\",\"datePublished\":\"2022-12-28T07:38:22+00:00\",\"dateModified\":\"2022-12-28T19:05:43+00:00\",\"mainEntityOfPage\":{\"@id\":\"https:\/\/dicodusport.fr\/blog\/la-perf-de-la-nuit-en-nba-luka-doncic-et-les-mavericks-ecrivent-lhistoire\/\"},\"wordCount\":354,\"commentCount\":0,\"publisher\":{\"@id\":\"https:\/\/dicodusport.fr\/blog\/#organization\"},\"image\":{\"@id\":\"https:\/\/dicodusport.fr\/blog\/la-perf-de-la-nuit-en-nba-luka-doncic-et-les-mavericks-ecrivent-lhistoire\/#primaryimage\"},\"thumbnailUrl\":\"https:\/\/dicodusport.fr\/blog\/wp-content\/uploads\/2022\/12\/La-perf-de-la-nuit-en-NBA-Luka-Doncic-et-les-Mavericks-ecrivent-lhistoire.png\",\"keywords\":[\"Dallas Mavericks\",\"Luka Doncic\"],\"articleSection\":[\"NBA\"],\"inLanguage\":\"fr-FR\",\"potentialAction\":[{\"@type\":\"CommentAction\",\"name\":\"Comment\",\"target\":[\"https:\/\/dicodusport.fr\/blog\/la-perf-de-la-nuit-en-nba-luka-doncic-et-les-mavericks-ecrivent-lhistoire\/#respond\"]}],\"copyrightYear\":\"2022\",\"copyrightHolder\":{\"@id\":\"https:\/\/dicodusport.fr\/blog\/#organization\"}},{\"@type\":\"WebPage\",\"@id\":\"https:\/\/dicodusport.fr\/blog\/la-perf-de-la-nuit-en-nba-luka-doncic-et-les-mavericks-ecrivent-lhistoire\/\",\"url\":\"https:\/\/dicodusport.fr\/blog\/la-perf-de-la-nuit-en-nba-luka-doncic-et-les-mavericks-ecrivent-lhistoire\/\",\"name\":\"La perf de la nuit en NBA : Luka Doncic et les Mavericks \u00e9crivent l'histoire\",\"isPartOf\":{\"@id\":\"https:\/\/dicodusport.fr\/blog\/#website\"},\"primaryImageOfPage\":{\"@id\":\"https:\/\/dicodusport.fr\/blog\/la-perf-de-la-nuit-en-nba-luka-doncic-et-les-mavericks-ecrivent-lhistoire\/#primaryimage\"},\"image\":{\"@id\":\"https:\/\/dicodusport.fr\/blog\/la-perf-de-la-nuit-en-nba-luka-doncic-et-les-mavericks-ecrivent-lhistoire\/#primaryimage\"},\"thumbnailUrl\":\"https:\/\/dicodusport.fr\/blog\/wp-content\/uploads\/2022\/12\/La-perf-de-la-nuit-en-NBA-Luka-Doncic-et-les-Mavericks-ecrivent-lhistoire.png\",\"datePublished\":\"2022-12-28T07:38:22+00:00\",\"dateModified\":\"2022-12-28T19:05:43+00:00\",\"description\":\"SAISON NBA 2022\/2023 - Lors de la r\u00e9ception de New York, Dallas a r\u00e9alis\u00e9 une performance in\u00e9dite, magnifi\u00e9e par un Luka Doncic l\u00e9gendaire.\",\"breadcrumb\":{\"@id\":\"https:\/\/dicodusport.fr\/blog\/la-perf-de-la-nuit-en-nba-luka-doncic-et-les-mavericks-ecrivent-lhistoire\/#breadcrumb\"},\"inLanguage\":\"fr-FR\",\"potentialAction\":[{\"@type\":\"ReadAction\",\"target\":[\"https:\/\/dicodusport.fr\/blog\/la-perf-de-la-nuit-en-nba-luka-doncic-et-les-mavericks-ecrivent-lhistoire\/\"]}]},{\"@type\":\"ImageObject\",\"inLanguage\":\"fr-FR\",\"@id\":\"https:\/\/dicodusport.fr\/blog\/la-perf-de-la-nuit-en-nba-luka-doncic-et-les-mavericks-ecrivent-lhistoire\/#primaryimage\",\"url\":\"https:\/\/dicodusport.fr\/blog\/wp-content\/uploads\/2022\/12\/La-perf-de-la-nuit-en-NBA-Luka-Doncic-et-les-Mavericks-ecrivent-lhistoire.png\",\"contentUrl\":\"https:\/\/dicodusport.fr\/blog\/wp-content\/uploads\/2022\/12\/La-perf-de-la-nuit-en-NBA-Luka-Doncic-et-les-Mavericks-ecrivent-lhistoire.png\",\"width\":800,\"height\":445,\"caption\":\"La perf de la nuit en NBA Luka Doncic et les Mavericks \u00e9crivent l'histoire\"},{\"@type\":\"BreadcrumbList\",\"@id\":\"https:\/\/dicodusport.fr\/blog\/la-perf-de-la-nuit-en-nba-luka-doncic-et-les-mavericks-ecrivent-lhistoire\/#breadcrumb\",\"itemListElement\":[{\"@type\":\"ListItem\",\"position\":1,\"name\":\"Accueil\",\"item\":\"https:\/\/dicodusport.fr\/blog\/\"},{\"@type\":\"ListItem\",\"position\":2,\"name\":\"La perf de la nuit en NBA : Luka Doncic et les Mavericks \u00e9crivent l&rsquo;histoire\"}]},{\"@type\":\"WebSite\",\"@id\":\"https:\/\/dicodusport.fr\/blog\/#website\",\"url\":\"https:\/\/dicodusport.fr\/blog\/\",\"name\":\"Dicodusport\",\"description\":\"L&#039;encyclop\u00e9die de l&#039;actualit\u00e9 sportive\",\"publisher\":{\"@id\":\"https:\/\/dicodusport.fr\/blog\/#organization\"},\"potentialAction\":[{\"@type\":\"SearchAction\",\"target\":{\"@type\":\"EntryPoint\",\"urlTemplate\":\"https:\/\/dicodusport.fr\/blog\/?s={search_term_string}\"},\"query-input\":{\"@type\":\"PropertyValueSpecification\",\"valueRequired\":true,\"valueName\":\"search_term_string\"}}],\"inLanguage\":\"fr-FR\"},{\"@type\":\"NewsMediaOrganization\",\"@id\":\"https:\/\/dicodusport.fr\/blog\/#organization\",\"name\":\"Dicodusport\",\"url\":\"https:\/\/dicodusport.fr\/blog\/\",\"logo\":{\"@type\":\"ImageObject\",\"inLanguage\":\"fr-FR\",\"@id\":\"https:\/\/dicodusport.fr\/blog\/#\/schema\/logo\/image\/\",\"url\":\"https:\/\/dicodusport.fr\/blog\/wp-content\/uploads\/2020\/06\/cropped-LOGO-DICODUSPORT-2020-SANS-FOND-SANS-TEXTE.png\",\"contentUrl\":\"https:\/\/dicodusport.fr\/blog\/wp-content\/uploads\/2020\/06\/cropped-LOGO-DICODUSPORT-2020-SANS-FOND-SANS-TEXTE.png\",\"width\":512,\"height\":512,\"caption\":\"Dicodusport\"},\"image\":{\"@id\":\"https:\/\/dicodusport.fr\/blog\/#\/schema\/logo\/image\/\"},\"sameAs\":[\"https:\/\/www.facebook.com\/dicodusport\",\"https:\/\/x.com\/dicodusport\",\"https:\/\/www.instagram.com\/dicodusport\/\",\"https:\/\/www.youtube.com\/channel\/UC7V2KZ5sd3htJivAbA4ZG3w\"],\"description\":\"Dicodusport est l'encyclop\u00e9die de l'actualit\u00e9 sportive.\",\"email\":\"bonjour@dicodusport.fr\",\"legalName\":\"DICODUSPORT\",\"foundingDate\":\"2018-01-14\",\"vatID\":\"FR71834470973\",\"taxID\":\"83447097300043\",\"numberOfEmployees\":{\"@type\":\"QuantitativeValue\",\"minValue\":\"1\",\"maxValue\":\"10\"}},{\"@type\":\"Person\",\"@id\":\"https:\/\/dicodusport.fr\/blog\/#\/schema\/person\/627966a6cde45dbd8c5e36ac85d783da\",\"name\":\"S\u00e9bastien Gente\",\"image\":{\"@type\":\"ImageObject\",\"inLanguage\":\"fr-FR\",\"@id\":\"https:\/\/dicodusport.fr\/blog\/#\/schema\/person\/image\/\",\"url\":\"https:\/\/dicodusport.fr\/blog\/wp-content\/uploads\/2021\/09\/1510990_10205810251400683_4124423575079401707_n-150x150.jpg\",\"contentUrl\":\"https:\/\/dicodusport.fr\/blog\/wp-content\/uploads\/2021\/09\/1510990_10205810251400683_4124423575079401707_n-150x150.jpg\",\"caption\":\"S\u00e9bastien Gente\"},\"description\":\"John Stockton, Gianni Bugno, Zinedine Zidane, Steffi Graf, Frode Andresen, St\u00e9phane Stoecklin, Davis Kamoga, Primoz Peterka, Werner Schlager et Aur\u00e9lien Rougerie. Point commun entre ces sportifs? Ils m'ont fait r\u00eaver et ont berc\u00e9 mon adolescence. Je suis un fondu de sports et j'essaie de retranscrire ma passion \u00e0 travers mes articles. Originaire du P\u00e9rigord, ma passion pour les Girondins, les Jaunards et les Jazzmen transpire dans mes \u00e9crits. \u00c0 Dicodusport depuis 2021, je d\u00e9niche les sports m\u00e9connus dans lesquels la France brille, et il y en a !\",\"sameAs\":[\"https:\/\/www.facebook.com\/sebastien.gente\/\",\"https:\/\/www.instagram.com\/sebgente\/\",\"https:\/\/www.linkedin.com\/in\/sbastien-gente-a29583169\/\",\"https:\/\/x.com\/https:\/\/twitter.com\/globulo24\",\"SebastienGente\"],\"worksFor\":\"S\u00e9bastien GENTE\",\"url\":\"https:\/\/dicodusport.fr\/blog\/author\/sebastiengente\/\"}]}<\/script>\n<!-- \/ Yoast SEO Premium plugin. -->","yoast_head_json":{"title":"La perf de la nuit en NBA : Luka Doncic et les Mavericks \u00e9crivent l'histoire","description":"SAISON NBA 2022\/2023 - Lors de la r\u00e9ception de New York, Dallas a r\u00e9alis\u00e9 une performance in\u00e9dite, magnifi\u00e9e par un Luka Doncic l\u00e9gendaire.","robots":{"index":"index","follow":"follow","max-snippet":"max-snippet:-1","max-image-preview":"max-image-preview:large","max-video-preview":"max-video-preview:-1"},"canonical":"https:\/\/dicodusport.fr\/blog\/la-perf-de-la-nuit-en-nba-luka-doncic-et-les-mavericks-ecrivent-lhistoire\/","og_locale":"fr_FR","og_type":"article","og_title":"La perf de la nuit en NBA : Luka Doncic et les Mavericks \u00e9crivent l'histoire","og_description":"SAISON NBA 2022\/2023 - Lors de la r\u00e9ception de New York, Dallas a r\u00e9alis\u00e9 une performance in\u00e9dite, magnifi\u00e9e par un Luka Doncic l\u00e9gendaire.","og_url":"https:\/\/dicodusport.fr\/blog\/la-perf-de-la-nuit-en-nba-luka-doncic-et-les-mavericks-ecrivent-lhistoire\/","og_site_name":"Dicodusport","article_publisher":"https:\/\/www.facebook.com\/dicodusport","article_author":"https:\/\/www.facebook.com\/sebastien.gente\/","article_published_time":"2022-12-28T07:38:22+00:00","article_modified_time":"2022-12-28T19:05:43+00:00","og_image":[{"width":800,"height":445,"url":"https:\/\/dicodusport.fr\/blog\/wp-content\/uploads\/2022\/12\/La-perf-de-la-nuit-en-NBA-Luka-Doncic-et-les-Mavericks-ecrivent-lhistoire.png","type":"image\/png"}],"author":"S\u00e9bastien Gente","twitter_card":"summary_large_image","twitter_title":"La perf de la nuit en NBA : Luka Doncic et les Mavericks \u00e9crivent l'histoire","twitter_creator":"@https:\/\/twitter.com\/globulo24","twitter_site":"@dicodusport","schema":{"@context":"https:\/\/schema.org","@graph":[{"@type":"NewsArticle","@id":"https:\/\/dicodusport.fr\/blog\/la-perf-de-la-nuit-en-nba-luka-doncic-et-les-mavericks-ecrivent-lhistoire\/#article","isPartOf":{"@id":"https:\/\/dicodusport.fr\/blog\/la-perf-de-la-nuit-en-nba-luka-doncic-et-les-mavericks-ecrivent-lhistoire\/"},"author":{"name":"S\u00e9bastien Gente","@id":"https:\/\/dicodusport.fr\/blog\/#\/schema\/person\/627966a6cde45dbd8c5e36ac85d783da"},"headline":"La perf de la nuit en NBA : Luka Doncic et les Mavericks \u00e9crivent l&rsquo;histoire","datePublished":"2022-12-28T07:38:22+00:00","dateModified":"2022-12-28T19:05:43+00:00","mainEntityOfPage":{"@id":"https:\/\/dicodusport.fr\/blog\/la-perf-de-la-nuit-en-nba-luka-doncic-et-les-mavericks-ecrivent-lhistoire\/"},"wordCount":354,"commentCount":0,"publisher":{"@id":"https:\/\/dicodusport.fr\/blog\/#organization"},"image":{"@id":"https:\/\/dicodusport.fr\/blog\/la-perf-de-la-nuit-en-nba-luka-doncic-et-les-mavericks-ecrivent-lhistoire\/#primaryimage"},"thumbnailUrl":"https:\/\/dicodusport.fr\/blog\/wp-content\/uploads\/2022\/12\/La-perf-de-la-nuit-en-NBA-Luka-Doncic-et-les-Mavericks-ecrivent-lhistoire.png","keywords":["Dallas Mavericks","Luka Doncic"],"articleSection":["NBA"],"inLanguage":"fr-FR","potentialAction":[{"@type":"CommentAction","name":"Comment","target":["https:\/\/dicodusport.fr\/blog\/la-perf-de-la-nuit-en-nba-luka-doncic-et-les-mavericks-ecrivent-lhistoire\/#respond"]}],"copyrightYear":"2022","copyrightHolder":{"@id":"https:\/\/dicodusport.fr\/blog\/#organization"}},{"@type":"WebPage","@id":"https:\/\/dicodusport.fr\/blog\/la-perf-de-la-nuit-en-nba-luka-doncic-et-les-mavericks-ecrivent-lhistoire\/","url":"https:\/\/dicodusport.fr\/blog\/la-perf-de-la-nuit-en-nba-luka-doncic-et-les-mavericks-ecrivent-lhistoire\/","name":"La perf de la nuit en NBA : Luka Doncic et les Mavericks \u00e9crivent l'histoire","isPartOf":{"@id":"https:\/\/dicodusport.fr\/blog\/#website"},"primaryImageOfPage":{"@id":"https:\/\/dicodusport.fr\/blog\/la-perf-de-la-nuit-en-nba-luka-doncic-et-les-mavericks-ecrivent-lhistoire\/#primaryimage"},"image":{"@id":"https:\/\/dicodusport.fr\/blog\/la-perf-de-la-nuit-en-nba-luka-doncic-et-les-mavericks-ecrivent-lhistoire\/#primaryimage"},"thumbnailUrl":"https:\/\/dicodusport.fr\/blog\/wp-content\/uploads\/2022\/12\/La-perf-de-la-nuit-en-NBA-Luka-Doncic-et-les-Mavericks-ecrivent-lhistoire.png","datePublished":"2022-12-28T07:38:22+00:00","dateModified":"2022-12-28T19:05:43+00:00","description":"SAISON NBA 2022\/2023 - Lors de la r\u00e9ception de New York, Dallas a r\u00e9alis\u00e9 une performance in\u00e9dite, magnifi\u00e9e par un Luka Doncic l\u00e9gendaire.","breadcrumb":{"@id":"https:\/\/dicodusport.fr\/blog\/la-perf-de-la-nuit-en-nba-luka-doncic-et-les-mavericks-ecrivent-lhistoire\/#breadcrumb"},"inLanguage":"fr-FR","potentialAction":[{"@type":"ReadAction","target":["https:\/\/dicodusport.fr\/blog\/la-perf-de-la-nuit-en-nba-luka-doncic-et-les-mavericks-ecrivent-lhistoire\/"]}]},{"@type":"ImageObject","inLanguage":"fr-FR","@id":"https:\/\/dicodusport.fr\/blog\/la-perf-de-la-nuit-en-nba-luka-doncic-et-les-mavericks-ecrivent-lhistoire\/#primaryimage","url":"https:\/\/dicodusport.fr\/blog\/wp-content\/uploads\/2022\/12\/La-perf-de-la-nuit-en-NBA-Luka-Doncic-et-les-Mavericks-ecrivent-lhistoire.png","contentUrl":"https:\/\/dicodusport.fr\/blog\/wp-content\/uploads\/2022\/12\/La-perf-de-la-nuit-en-NBA-Luka-Doncic-et-les-Mavericks-ecrivent-lhistoire.png","width":800,"height":445,"caption":"La perf de la nuit en NBA Luka Doncic et les Mavericks \u00e9crivent l'histoire"},{"@type":"BreadcrumbList","@id":"https:\/\/dicodusport.fr\/blog\/la-perf-de-la-nuit-en-nba-luka-doncic-et-les-mavericks-ecrivent-lhistoire\/#breadcrumb","itemListElement":[{"@type":"ListItem","position":1,"name":"Accueil","item":"https:\/\/dicodusport.fr\/blog\/"},{"@type":"ListItem","position":2,"name":"La perf de la nuit en NBA : Luka Doncic et les Mavericks \u00e9crivent l&rsquo;histoire"}]},{"@type":"WebSite","@id":"https:\/\/dicodusport.fr\/blog\/#website","url":"https:\/\/dicodusport.fr\/blog\/","name":"Dicodusport","description":"L&#039;encyclop\u00e9die de l&#039;actualit\u00e9 sportive","publisher":{"@id":"https:\/\/dicodusport.fr\/blog\/#organization"},"potentialAction":[{"@type":"SearchAction","target":{"@type":"EntryPoint","urlTemplate":"https:\/\/dicodusport.fr\/blog\/?s={search_term_string}"},"query-input":{"@type":"PropertyValueSpecification","valueRequired":true,"valueName":"search_term_string"}}],"inLanguage":"fr-FR"},{"@type":"NewsMediaOrganization","@id":"https:\/\/dicodusport.fr\/blog\/#organization","name":"Dicodusport","url":"https:\/\/dicodusport.fr\/blog\/","logo":{"@type":"ImageObject","inLanguage":"fr-FR","@id":"https:\/\/dicodusport.fr\/blog\/#\/schema\/logo\/image\/","url":"https:\/\/dicodusport.fr\/blog\/wp-content\/uploads\/2020\/06\/cropped-LOGO-DICODUSPORT-2020-SANS-FOND-SANS-TEXTE.png","contentUrl":"https:\/\/dicodusport.fr\/blog\/wp-content\/uploads\/2020\/06\/cropped-LOGO-DICODUSPORT-2020-SANS-FOND-SANS-TEXTE.png","width":512,"height":512,"caption":"Dicodusport"},"image":{"@id":"https:\/\/dicodusport.fr\/blog\/#\/schema\/logo\/image\/"},"sameAs":["https:\/\/www.facebook.com\/dicodusport","https:\/\/x.com\/dicodusport","https:\/\/www.instagram.com\/dicodusport\/","https:\/\/www.youtube.com\/channel\/UC7V2KZ5sd3htJivAbA4ZG3w"],"description":"Dicodusport est l'encyclop\u00e9die de l'actualit\u00e9 sportive.","email":"bonjour@dicodusport.fr","legalName":"DICODUSPORT","foundingDate":"2018-01-14","vatID":"FR71834470973","taxID":"83447097300043","numberOfEmployees":{"@type":"QuantitativeValue","minValue":"1","maxValue":"10"}},{"@type":"Person","@id":"https:\/\/dicodusport.fr\/blog\/#\/schema\/person\/627966a6cde45dbd8c5e36ac85d783da","name":"S\u00e9bastien Gente","image":{"@type":"ImageObject","inLanguage":"fr-FR","@id":"https:\/\/dicodusport.fr\/blog\/#\/schema\/person\/image\/","url":"https:\/\/dicodusport.fr\/blog\/wp-content\/uploads\/2021\/09\/1510990_10205810251400683_4124423575079401707_n-150x150.jpg","contentUrl":"https:\/\/dicodusport.fr\/blog\/wp-content\/uploads\/2021\/09\/1510990_10205810251400683_4124423575079401707_n-150x150.jpg","caption":"S\u00e9bastien Gente"},"description":"John Stockton, Gianni Bugno, Zinedine Zidane, Steffi Graf, Frode Andresen, St\u00e9phane Stoecklin, Davis Kamoga, Primoz Peterka, Werner Schlager et Aur\u00e9lien Rougerie. Point commun entre ces sportifs? Ils m'ont fait r\u00eaver et ont berc\u00e9 mon adolescence. Je suis un fondu de sports et j'essaie de retranscrire ma passion \u00e0 travers mes articles. Originaire du P\u00e9rigord, ma passion pour les Girondins, les Jaunards et les Jazzmen transpire dans mes \u00e9crits. \u00c0 Dicodusport depuis 2021, je d\u00e9niche les sports m\u00e9connus dans lesquels la France brille, et il y en a !","sameAs":["https:\/\/www.facebook.com\/sebastien.gente\/","https:\/\/www.instagram.com\/sebgente\/","https:\/\/www.linkedin.com\/in\/sbastien-gente-a29583169\/","https:\/\/x.com\/https:\/\/twitter.com\/globulo24","SebastienGente"],"worksFor":"S\u00e9bastien GENTE","url":"https:\/\/dicodusport.fr\/blog\/author\/sebastiengente\/"}]}},"_links":{"self":[{"href":"https:\/\/dicodusport.fr\/blog\/wp-json\/wp\/v2\/posts\/333717","targetHints":{"allow":["GET"]}}],"collection":[{"href":"https:\/\/dicodusport.fr\/blog\/wp-json\/wp\/v2\/posts"}],"about":[{"href":"https:\/\/dicodusport.fr\/blog\/wp-json\/wp\/v2\/types\/post"}],"author":[{"embeddable":true,"href":"https:\/\/dicodusport.fr\/blog\/wp-json\/wp\/v2\/users\/59"}],"replies":[{"embeddable":true,"href":"https:\/\/dicodusport.fr\/blog\/wp-json\/wp\/v2\/comments?post=333717"}],"version-history":[{"count":0,"href":"https:\/\/dicodusport.fr\/blog\/wp-json\/wp\/v2\/posts\/333717\/revisions"}],"wp:featuredmedia":[{"embeddable":true,"href":"https:\/\/dicodusport.fr\/blog\/wp-json\/wp\/v2\/media\/333778"}],"wp:attachment":[{"href":"https:\/\/dicodusport.fr\/blog\/wp-json\/wp\/v2\/media?parent=333717"}],"wp:term":[{"taxonomy":"category","embeddable":true,"href":"https:\/\/dicodusport.fr\/blog\/wp-json\/wp\/v2\/categories?post=333717"},{"taxonomy":"post_tag","embeddable":true,"href":"https:\/\/dicodusport.fr\/blog\/wp-json\/wp\/v2\/tags?post=333717"}],"curies":[{"name":"wp","href":"https:\/\/api.w.org\/{rel}","templated":true}]}}