{"id":33385,"date":"2019-02-10T16:15:12","date_gmt":"2019-02-10T15:15:12","guid":{"rendered":"http:\/\/dicodusport.fr\/blog\/?p=33385"},"modified":"2019-02-11T09:15:39","modified_gmt":"2019-02-11T08:15:39","slug":"meetings-de-metz-et-de-lievin-les-athletes-francais-de-sortie","status":"publish","type":"post","link":"https:\/\/dicodusport.fr\/blog\/meetings-de-metz-et-de-lievin-les-athletes-francais-de-sortie\/","title":{"rendered":"Meetings de Metz et de Li\u00e9vin : les athl\u00e8tes fran\u00e7ais de sortie"},"content":{"rendered":"<p style=\"text-align: justify;\"><em><b>Ce dimanche se d\u00e9roulaient les meetings de Metz et de Li\u00e9vin, l&rsquo;occasion pour les athl\u00e8tes fran\u00e7ais de se mesurer au gratin international avant les Championnats de France \u00e9lite en salle (16 et 17 f\u00e9vrier \u00e0 Miramas) et d&rsquo;obtenir pour certains les minima pour les Championnats d&rsquo;Europe en salle (2 et 3 mars \u00e0 Glasgow).<\/b><\/em><\/p>\n<h1 class=\"entity-title\" style=\"text-align: justify;\">\u00c0 Metz, Gressier d\u00e9\u00e7oit, Belocian impressionne<\/h1>\n<p style=\"text-align: justify;\">Du c\u00f4t\u00e9 de Metz, grosse d\u00e9ception pour Jimmy Gressier qui cherchait \u00e0 obtenir les minima pour Glasgow sur 3000 m (7&rsquo;55\u00a0\u00bb). Le double champion d&rsquo;Europe espoir de cross-country \u00e9choue \u00e0 trois petites secondes puisqu&rsquo;il boucle la distance en 7&rsquo;58\u00a0\u00bb.<\/p>\n<p style=\"text-align: justify;\">En revanche, la sauteuse en longueur Eloyse Lesueur-Aymonin, qui n&rsquo;avait plus saut\u00e9 en comp\u00e9tition depuis les championnats d&rsquo;Europe \u00e0 Berlin et sa blessure \u00e0 l&rsquo;ischio-jambier, r\u00e9alise une bonne rentr\u00e9e avec un saut \u00e0 6,60 m qui lui permet d&rsquo;obtenir les minima (6,50 m). De bon augure pour la d\u00e9fense de son titre le week-end prochain.<\/p>\n<p style=\"text-align: justify;\">Wilhem Belocian quant \u00e0 lui boucle son 60 m haies en 7&Prime;61,\u00a0ce chrono lui permet de r\u00e9cup\u00e9rer la meilleure performance fran\u00e7aise de la saison chip\u00e9e plus tard dans la soir\u00e9e par Pascal Martinot-Lagarde. Il avait d\u00e9j\u00e0 obtenu les minima lors de ses derni\u00e8res sorties.<\/p>\n<p style=\"text-align: justify;\">La sp\u00e9cialiste du 800 m\u00a0Cynthia Ana\u00efs boucle les deux tours de piste en 2&rsquo;03&Prime;38, ce qui lui permet \u00e9galement d&rsquo;obtenir les minima fix\u00e9s \u00e0 2&rsquo;03&Prime;50. Championne de France en salle sur 800 m, elle devra d\u00e9fendre son titre \u00e0 Miramas.<\/p>\n<h1 class=\"entity-title\" style=\"text-align: justify;\">\u00c0 Li\u00e9vin, des forfaits et des belles performances pour les athl\u00e8tes fran\u00e7ais<\/h1>\n<p style=\"text-align: justify;\">Du c\u00f4t\u00e9 de Li\u00e9vin, deux athl\u00e8tes fran\u00e7ais ont d\u00fb d\u00e9clarer forfait quelques jours avant le meeting. Le premier, Kevin Mayer, a contract\u00e9 une blessure au dos \u00e0 l&rsquo;entra\u00eenement. Quant \u00e0 la t\u00eate d&rsquo;affiche Pierre-Ambroise Bosse, c&rsquo;est une intoxication alimentaire contract\u00e9e au Mexique qui l&rsquo;a emp\u00each\u00e9 de concourir.\u00a0Carolle Zahi devait prendre part au 60m mais ne s&rsquo;est finalement pas pr\u00e9sent\u00e9e.<\/p>\n<p><span class=\"Gaw9KJcImkbZnjRCfgAWurDO5Ei84\"><\/p>\n<blockquote class=\"twitter-tweet\" data-width=\"550\" data-dnt=\"true\">\n<p lang=\"fr\" dir=\"ltr\">Suite \u00e0 une chute lors d\u2019une s\u00e9ance de perche, je me suis bloqu\u00e9 le dos. Je ne pourrai pas concourir ce we, ni au Perche Elite tour de Rouen, ni au Meeting de Lievin. <br \/>Bcp de frustration mais il faut vite gu\u00e9rir pour les chpts de France \u00c9lites \u00e0 Miramas la semaine prochaine. <a href=\"https:\/\/t.co\/LY4POCoaLG\">pic.twitter.com\/LY4POCoaLG<\/a><\/p>\n<p>&mdash; Kevin MAYER (@mayer_decathlon) <a href=\"https:\/\/twitter.com\/mayer_decathlon\/status\/1093794883092008960?ref_src=twsrc%5Etfw\">February 8, 2019<\/a><\/p><\/blockquote>\n<p><script async src=\"https:\/\/platform.twitter.com\/widgets.js\" charset=\"utf-8\"><\/script><\/span><\/p>\n<p style=\"text-align: justify;\">Chez les hommes d&rsquo;abord, Jimmy Vicaut a effectu\u00e9 sa seule sortie de l&rsquo;hiver. Il boucle ainsi la finale du 60 m en 6&Prime;64 et n&rsquo;accroche que la 3\u00e8me place. Cette course lui a permis d&rsquo;avoir\u00a0un aper\u00e7u das axes d&rsquo;am\u00e9liorations en vue de la saison estivale.<\/p>\n<p style=\"text-align: justify;\">Pascal Martinot-Lagarde, engag\u00e9 sur 60 m haies, n&rsquo;\u00e9tait pas l\u00e0 pour performer. En effet, il a d\u00e9j\u00e0 obtenu les minima, il s&rsquo;est pr\u00e9sent\u00e9 sur la course afin d&rsquo;\u00e9valuer sa forme avant Miramas. R\u00e9sultat, un chrono en 7&Prime;57\u00a0 qui lui permet de remporter la finale et de prendre la 3\u00e8me performance europ\u00e9enne de l&rsquo;hiver. Cela lui permet aussi d\u2019arriver en pleine confiance pour les championnats de France.<\/p>\n<p style=\"text-align: justify;\">Du c\u00f4t\u00e9 de la perche,\u00a0seul Axel Chapelle \u00e9tait engag\u00e9 chez les Fran\u00e7ais. Dans un concours remport\u00e9 par Sam Kendricks qui s&rsquo;est envol\u00e9 \u00e0 5,81 m, le Tricolore n&rsquo;a su d\u00e9passer les 5,56 m avant trois \u00e9checs \u00e0 5,71 m. La faute \u00e0 des perches non adapt\u00e9es. Il avait de toute fa\u00e7on d\u00e9j\u00e0 les minima en poche.<\/p>\n<p style=\"text-align: justify;\">C\u00f4t\u00e9 triple saut, Teddy Tamgho s&rsquo;est invit\u00e9 \u00e0 la derni\u00e8re minute. Le recordman du monde de triple saut en salle ne devait \u00eatre l\u00e0 qu&rsquo;en tant que coach, mais l\u2019organisateur l&rsquo;a convaincu de sauter. Il ne sautera pas au-del\u00e0 de 15,92m, peut-\u00eatre trahi par le maillot de l&rsquo;\u00e9quipe de France de rugby qu&rsquo;il a port\u00e9 pour sauter. Mais dans l\u2019interview accord\u00e9e \u00e0 RMC apr\u00e8s le concours, il pr\u00e9vient que son objectif est de gagner les championnats de France. Rendez-vous pris !<\/p>\n<p style=\"text-align: justify;\">Enfin, le Fran\u00e7ais Simon Denissel \u00e9tait engag\u00e9 sur le 2000m. Cette course sp\u00e9cialement mont\u00e9e pour lui afin de batte le record de France d\u00e9tenu par Bob Tahri (4&rsquo;59&Prime;84) est partie tr\u00e8s vite, et le Fran\u00e7ais a tout tent\u00e9. Finalement, il \u00e9chouera \u00e0 trois secondes du record. Il faudra cependant compter sur lui en vue des prochaines \u00e9ch\u00e9ances.<\/p>\n<p style=\"text-align: justify;\">Chez les femmes maintenant, R\u00e9nelle Lamote, un peu malade, s&rsquo;est pr\u00e9sent\u00e9e sur le 800m. La vice-championne du monde de la distance avait d\u00e9j\u00e0 obtenu les minima lors de sa derni\u00e8re sortie. Elle r\u00e9alise un chrono de 2&rsquo;02&Prime;17, mais la native de Coulommiers esp\u00e9rait un bien meilleur chrono. Cela promet pour ce week-end !<\/p>\n<p style=\"text-align: justify;\">Du c\u00f4t\u00e9 de la perche, Ninon Guillon-Romarin \u00e9tait la seule Fran\u00e7aise engag\u00e9e. La d\u00e9tentrice du record de France en salle (4,72 m) ne d\u00e9passera pas les 4,57 m. A l&rsquo;image d&rsquo;Axel Chapelle, Ninon Guillon-Romarin avait d\u00e9j\u00e0 obtenu les minima plus t\u00f4t dans la saison.<\/p>\n<p style=\"text-align: justify;\">Notons \u00e9galement que sur le 400m f\u00e9minin, Deborah Sananes a obtenu les minima.<\/p>\n<p><em><strong>Quentin Marchesan<br \/>\n<a href=\"https:\/\/twitter.com\/quentinmrchs\"><img loading=\"lazy\" decoding=\"async\" class=\"alignnone wp-image-2908\" src=\"http:\/\/dicodusport.fr\/blog\/wp-content\/uploads\/2017\/07\/logo-twitter-150x150.png\" alt=\"\" width=\"39\" height=\"39\" \/><\/a><\/strong><\/em><\/p>\n","protected":false},"excerpt":{"rendered":"<p>Ce dimanche se d\u00e9roulaient les meetings de Metz et de Li\u00e9vin, l&rsquo;occasion pour les athl\u00e8tes fran\u00e7ais de se mesurer au gratin international avant les France.<\/p>\n","protected":false},"author":36,"featured_media":33441,"comment_status":"open","ping_status":"closed","sticky":false,"template":"","format":"standard","meta":{"_acf_changed":false,"_daextam_enable_autolinks":"","footnotes":""},"categories":[2,2308],"tags":[5659,5327,6856,5225,5710],"class_list":["post-33385","post","type-post","status-publish","format-standard","has-post-thumbnail","hentry","category-actualites","category-athletisme","tag-championnats-deurope-dathletisme","tag-championnats-de-france","tag-jimmy-gressier","tag-pascal-martinot-lagarde","tag-renelle-lamote"],"acf":[],"yoast_head":"<!-- This site is optimized with the Yoast SEO Premium plugin v26.7 (Yoast SEO v26.7) - https:\/\/yoast.com\/wordpress\/plugins\/seo\/ -->\n<title>Meetings de Metz et de Li\u00e9vin : les athl\u00e8tes fran\u00e7ais de sortie<\/title>\n<meta name=\"description\" content=\"Ce dimanche se d\u00e9roulaient les meetings de Metz et de Li\u00e9vin, l&#039;occasion pour les athl\u00e8tes fran\u00e7ais de se mesurer au gratin international avant les France.\" \/>\n<meta name=\"robots\" content=\"index, follow, max-snippet:-1, max-image-preview:large, max-video-preview:-1\" \/>\n<link rel=\"canonical\" href=\"https:\/\/dicodusport.fr\/blog\/meetings-de-metz-et-de-lievin-les-athletes-francais-de-sortie\/\" \/>\n<meta property=\"og:locale\" content=\"fr_FR\" \/>\n<meta property=\"og:type\" content=\"article\" \/>\n<meta property=\"og:title\" content=\"Meetings de Metz et de Li\u00e9vin : les athl\u00e8tes fran\u00e7ais de sortie\" \/>\n<meta property=\"og:description\" content=\"Ce dimanche se d\u00e9roulaient les meetings de Metz et de Li\u00e9vin, l&#039;occasion pour les athl\u00e8tes fran\u00e7ais de se mesurer au gratin international avant les France.\" \/>\n<meta property=\"og:url\" content=\"https:\/\/dicodusport.fr\/blog\/meetings-de-metz-et-de-lievin-les-athletes-francais-de-sortie\/\" \/>\n<meta property=\"og:site_name\" content=\"Dicodusport\" \/>\n<meta property=\"article:publisher\" content=\"https:\/\/www.facebook.com\/dicodusport\" \/>\n<meta property=\"article:published_time\" content=\"2019-02-10T15:15:12+00:00\" \/>\n<meta property=\"article:modified_time\" content=\"2019-02-11T08:15:39+00:00\" \/>\n<meta property=\"og:image\" content=\"https:\/\/dicodusport.fr\/blog\/wp-content\/uploads\/2019\/02\/Meetings-Li\u00e9vin-et-Metz-2019.png\" \/>\n\t<meta property=\"og:image:width\" content=\"800\" \/>\n\t<meta property=\"og:image:height\" content=\"445\" \/>\n\t<meta property=\"og:image:type\" content=\"image\/png\" \/>\n<meta name=\"author\" content=\"Quentin Marchesan\" \/>\n<meta name=\"twitter:card\" content=\"summary_large_image\" \/>\n<meta name=\"twitter:creator\" content=\"@dicodusport\" \/>\n<meta name=\"twitter:site\" content=\"@dicodusport\" \/>\n<script type=\"application\/ld+json\" class=\"yoast-schema-graph\">{\"@context\":\"https:\/\/schema.org\",\"@graph\":[{\"@type\":\"NewsArticle\",\"@id\":\"https:\/\/dicodusport.fr\/blog\/meetings-de-metz-et-de-lievin-les-athletes-francais-de-sortie\/#article\",\"isPartOf\":{\"@id\":\"https:\/\/dicodusport.fr\/blog\/meetings-de-metz-et-de-lievin-les-athletes-francais-de-sortie\/\"},\"author\":{\"name\":\"Quentin Marchesan\",\"@id\":\"https:\/\/dicodusport.fr\/blog\/#\/schema\/person\/8bdbbe8b7c921dac0688440eee5a5d94\"},\"headline\":\"Meetings de Metz et de Li\u00e9vin : les athl\u00e8tes fran\u00e7ais de sortie\",\"datePublished\":\"2019-02-10T15:15:12+00:00\",\"dateModified\":\"2019-02-11T08:15:39+00:00\",\"mainEntityOfPage\":{\"@id\":\"https:\/\/dicodusport.fr\/blog\/meetings-de-metz-et-de-lievin-les-athletes-francais-de-sortie\/\"},\"wordCount\":817,\"commentCount\":0,\"publisher\":{\"@id\":\"https:\/\/dicodusport.fr\/blog\/#organization\"},\"image\":{\"@id\":\"https:\/\/dicodusport.fr\/blog\/meetings-de-metz-et-de-lievin-les-athletes-francais-de-sortie\/#primaryimage\"},\"thumbnailUrl\":\"https:\/\/dicodusport.fr\/blog\/wp-content\/uploads\/2019\/02\/Meetings-Li\u00e9vin-et-Metz-2019.png\",\"keywords\":[\"Championnats d'Europe d'athl\u00e9tisme\",\"Championnats de France\",\"Jimmy Gressier\",\"Pascal Martinot-Lagarde\",\"R\u00e9nelle Lamote\"],\"articleSection\":[\"Actualit\u00e9s\",\"Athl\u00e9tisme\"],\"inLanguage\":\"fr-FR\",\"potentialAction\":[{\"@type\":\"CommentAction\",\"name\":\"Comment\",\"target\":[\"https:\/\/dicodusport.fr\/blog\/meetings-de-metz-et-de-lievin-les-athletes-francais-de-sortie\/#respond\"]}],\"copyrightYear\":\"2019\",\"copyrightHolder\":{\"@id\":\"https:\/\/dicodusport.fr\/blog\/#organization\"}},{\"@type\":\"WebPage\",\"@id\":\"https:\/\/dicodusport.fr\/blog\/meetings-de-metz-et-de-lievin-les-athletes-francais-de-sortie\/\",\"url\":\"https:\/\/dicodusport.fr\/blog\/meetings-de-metz-et-de-lievin-les-athletes-francais-de-sortie\/\",\"name\":\"Meetings de Metz et de Li\u00e9vin : les athl\u00e8tes fran\u00e7ais de sortie\",\"isPartOf\":{\"@id\":\"https:\/\/dicodusport.fr\/blog\/#website\"},\"primaryImageOfPage\":{\"@id\":\"https:\/\/dicodusport.fr\/blog\/meetings-de-metz-et-de-lievin-les-athletes-francais-de-sortie\/#primaryimage\"},\"image\":{\"@id\":\"https:\/\/dicodusport.fr\/blog\/meetings-de-metz-et-de-lievin-les-athletes-francais-de-sortie\/#primaryimage\"},\"thumbnailUrl\":\"https:\/\/dicodusport.fr\/blog\/wp-content\/uploads\/2019\/02\/Meetings-Li\u00e9vin-et-Metz-2019.png\",\"datePublished\":\"2019-02-10T15:15:12+00:00\",\"dateModified\":\"2019-02-11T08:15:39+00:00\",\"description\":\"Ce dimanche se d\u00e9roulaient les meetings de Metz et de Li\u00e9vin, l'occasion pour les athl\u00e8tes fran\u00e7ais de se mesurer au gratin international avant les France.\",\"breadcrumb\":{\"@id\":\"https:\/\/dicodusport.fr\/blog\/meetings-de-metz-et-de-lievin-les-athletes-francais-de-sortie\/#breadcrumb\"},\"inLanguage\":\"fr-FR\",\"potentialAction\":[{\"@type\":\"ReadAction\",\"target\":[\"https:\/\/dicodusport.fr\/blog\/meetings-de-metz-et-de-lievin-les-athletes-francais-de-sortie\/\"]}]},{\"@type\":\"ImageObject\",\"inLanguage\":\"fr-FR\",\"@id\":\"https:\/\/dicodusport.fr\/blog\/meetings-de-metz-et-de-lievin-les-athletes-francais-de-sortie\/#primaryimage\",\"url\":\"https:\/\/dicodusport.fr\/blog\/wp-content\/uploads\/2019\/02\/Meetings-Li\u00e9vin-et-Metz-2019.png\",\"contentUrl\":\"https:\/\/dicodusport.fr\/blog\/wp-content\/uploads\/2019\/02\/Meetings-Li\u00e9vin-et-Metz-2019.png\",\"width\":800,\"height\":445},{\"@type\":\"BreadcrumbList\",\"@id\":\"https:\/\/dicodusport.fr\/blog\/meetings-de-metz-et-de-lievin-les-athletes-francais-de-sortie\/#breadcrumb\",\"itemListElement\":[{\"@type\":\"ListItem\",\"position\":1,\"name\":\"Accueil\",\"item\":\"https:\/\/dicodusport.fr\/blog\/\"},{\"@type\":\"ListItem\",\"position\":2,\"name\":\"Meetings de Metz et de Li\u00e9vin : les athl\u00e8tes fran\u00e7ais de sortie\"}]},{\"@type\":\"WebSite\",\"@id\":\"https:\/\/dicodusport.fr\/blog\/#website\",\"url\":\"https:\/\/dicodusport.fr\/blog\/\",\"name\":\"Dicodusport\",\"description\":\"L&#039;encyclop\u00e9die de l&#039;actualit\u00e9 sportive\",\"publisher\":{\"@id\":\"https:\/\/dicodusport.fr\/blog\/#organization\"},\"potentialAction\":[{\"@type\":\"SearchAction\",\"target\":{\"@type\":\"EntryPoint\",\"urlTemplate\":\"https:\/\/dicodusport.fr\/blog\/?s={search_term_string}\"},\"query-input\":{\"@type\":\"PropertyValueSpecification\",\"valueRequired\":true,\"valueName\":\"search_term_string\"}}],\"inLanguage\":\"fr-FR\"},{\"@type\":\"NewsMediaOrganization\",\"@id\":\"https:\/\/dicodusport.fr\/blog\/#organization\",\"name\":\"Dicodusport\",\"url\":\"https:\/\/dicodusport.fr\/blog\/\",\"logo\":{\"@type\":\"ImageObject\",\"inLanguage\":\"fr-FR\",\"@id\":\"https:\/\/dicodusport.fr\/blog\/#\/schema\/logo\/image\/\",\"url\":\"https:\/\/dicodusport.fr\/blog\/wp-content\/uploads\/2020\/06\/cropped-LOGO-DICODUSPORT-2020-SANS-FOND-SANS-TEXTE.png\",\"contentUrl\":\"https:\/\/dicodusport.fr\/blog\/wp-content\/uploads\/2020\/06\/cropped-LOGO-DICODUSPORT-2020-SANS-FOND-SANS-TEXTE.png\",\"width\":512,\"height\":512,\"caption\":\"Dicodusport\"},\"image\":{\"@id\":\"https:\/\/dicodusport.fr\/blog\/#\/schema\/logo\/image\/\"},\"sameAs\":[\"https:\/\/www.facebook.com\/dicodusport\",\"https:\/\/x.com\/dicodusport\",\"https:\/\/www.instagram.com\/dicodusport\/\",\"https:\/\/www.youtube.com\/channel\/UC7V2KZ5sd3htJivAbA4ZG3w\"],\"description\":\"Dicodusport est l'encyclop\u00e9die de l'actualit\u00e9 sportive.\",\"email\":\"bonjour@dicodusport.fr\",\"legalName\":\"DICODUSPORT\",\"foundingDate\":\"2018-01-14\",\"vatID\":\"FR71834470973\",\"taxID\":\"83447097300043\",\"numberOfEmployees\":{\"@type\":\"QuantitativeValue\",\"minValue\":\"1\",\"maxValue\":\"10\"}},{\"@type\":\"Person\",\"@id\":\"https:\/\/dicodusport.fr\/blog\/#\/schema\/person\/8bdbbe8b7c921dac0688440eee5a5d94\",\"name\":\"Quentin Marchesan\",\"image\":{\"@type\":\"ImageObject\",\"inLanguage\":\"fr-FR\",\"@id\":\"https:\/\/dicodusport.fr\/blog\/#\/schema\/person\/image\/\",\"url\":\"https:\/\/dicodusport.fr\/blog\/wp-content\/uploads\/2019\/02\/Quentin-face-\u00e0-face-150x150.jpg\",\"contentUrl\":\"https:\/\/dicodusport.fr\/blog\/wp-content\/uploads\/2019\/02\/Quentin-face-\u00e0-face-150x150.jpg\",\"caption\":\"Quentin Marchesan\"},\"url\":\"https:\/\/dicodusport.fr\/blog\/author\/quentin\/\"}]}<\/script>\n<!-- \/ Yoast SEO Premium plugin. -->","yoast_head_json":{"title":"Meetings de Metz et de Li\u00e9vin : les athl\u00e8tes fran\u00e7ais de sortie","description":"Ce dimanche se d\u00e9roulaient les meetings de Metz et de Li\u00e9vin, l'occasion pour les athl\u00e8tes fran\u00e7ais de se mesurer au gratin international avant les France.","robots":{"index":"index","follow":"follow","max-snippet":"max-snippet:-1","max-image-preview":"max-image-preview:large","max-video-preview":"max-video-preview:-1"},"canonical":"https:\/\/dicodusport.fr\/blog\/meetings-de-metz-et-de-lievin-les-athletes-francais-de-sortie\/","og_locale":"fr_FR","og_type":"article","og_title":"Meetings de Metz et de Li\u00e9vin : les athl\u00e8tes fran\u00e7ais de sortie","og_description":"Ce dimanche se d\u00e9roulaient les meetings de Metz et de Li\u00e9vin, l'occasion pour les athl\u00e8tes fran\u00e7ais de se mesurer au gratin international avant les France.","og_url":"https:\/\/dicodusport.fr\/blog\/meetings-de-metz-et-de-lievin-les-athletes-francais-de-sortie\/","og_site_name":"Dicodusport","article_publisher":"https:\/\/www.facebook.com\/dicodusport","article_published_time":"2019-02-10T15:15:12+00:00","article_modified_time":"2019-02-11T08:15:39+00:00","og_image":[{"width":800,"height":445,"url":"https:\/\/dicodusport.fr\/blog\/wp-content\/uploads\/2019\/02\/Meetings-Li\u00e9vin-et-Metz-2019.png","type":"image\/png"}],"author":"Quentin Marchesan","twitter_card":"summary_large_image","twitter_creator":"@dicodusport","twitter_site":"@dicodusport","schema":{"@context":"https:\/\/schema.org","@graph":[{"@type":"NewsArticle","@id":"https:\/\/dicodusport.fr\/blog\/meetings-de-metz-et-de-lievin-les-athletes-francais-de-sortie\/#article","isPartOf":{"@id":"https:\/\/dicodusport.fr\/blog\/meetings-de-metz-et-de-lievin-les-athletes-francais-de-sortie\/"},"author":{"name":"Quentin Marchesan","@id":"https:\/\/dicodusport.fr\/blog\/#\/schema\/person\/8bdbbe8b7c921dac0688440eee5a5d94"},"headline":"Meetings de Metz et de Li\u00e9vin : les athl\u00e8tes fran\u00e7ais de sortie","datePublished":"2019-02-10T15:15:12+00:00","dateModified":"2019-02-11T08:15:39+00:00","mainEntityOfPage":{"@id":"https:\/\/dicodusport.fr\/blog\/meetings-de-metz-et-de-lievin-les-athletes-francais-de-sortie\/"},"wordCount":817,"commentCount":0,"publisher":{"@id":"https:\/\/dicodusport.fr\/blog\/#organization"},"image":{"@id":"https:\/\/dicodusport.fr\/blog\/meetings-de-metz-et-de-lievin-les-athletes-francais-de-sortie\/#primaryimage"},"thumbnailUrl":"https:\/\/dicodusport.fr\/blog\/wp-content\/uploads\/2019\/02\/Meetings-Li\u00e9vin-et-Metz-2019.png","keywords":["Championnats d'Europe d'athl\u00e9tisme","Championnats de France","Jimmy Gressier","Pascal Martinot-Lagarde","R\u00e9nelle Lamote"],"articleSection":["Actualit\u00e9s","Athl\u00e9tisme"],"inLanguage":"fr-FR","potentialAction":[{"@type":"CommentAction","name":"Comment","target":["https:\/\/dicodusport.fr\/blog\/meetings-de-metz-et-de-lievin-les-athletes-francais-de-sortie\/#respond"]}],"copyrightYear":"2019","copyrightHolder":{"@id":"https:\/\/dicodusport.fr\/blog\/#organization"}},{"@type":"WebPage","@id":"https:\/\/dicodusport.fr\/blog\/meetings-de-metz-et-de-lievin-les-athletes-francais-de-sortie\/","url":"https:\/\/dicodusport.fr\/blog\/meetings-de-metz-et-de-lievin-les-athletes-francais-de-sortie\/","name":"Meetings de Metz et de Li\u00e9vin : les athl\u00e8tes fran\u00e7ais de sortie","isPartOf":{"@id":"https:\/\/dicodusport.fr\/blog\/#website"},"primaryImageOfPage":{"@id":"https:\/\/dicodusport.fr\/blog\/meetings-de-metz-et-de-lievin-les-athletes-francais-de-sortie\/#primaryimage"},"image":{"@id":"https:\/\/dicodusport.fr\/blog\/meetings-de-metz-et-de-lievin-les-athletes-francais-de-sortie\/#primaryimage"},"thumbnailUrl":"https:\/\/dicodusport.fr\/blog\/wp-content\/uploads\/2019\/02\/Meetings-Li\u00e9vin-et-Metz-2019.png","datePublished":"2019-02-10T15:15:12+00:00","dateModified":"2019-02-11T08:15:39+00:00","description":"Ce dimanche se d\u00e9roulaient les meetings de Metz et de Li\u00e9vin, l'occasion pour les athl\u00e8tes fran\u00e7ais de se mesurer au gratin international avant les France.","breadcrumb":{"@id":"https:\/\/dicodusport.fr\/blog\/meetings-de-metz-et-de-lievin-les-athletes-francais-de-sortie\/#breadcrumb"},"inLanguage":"fr-FR","potentialAction":[{"@type":"ReadAction","target":["https:\/\/dicodusport.fr\/blog\/meetings-de-metz-et-de-lievin-les-athletes-francais-de-sortie\/"]}]},{"@type":"ImageObject","inLanguage":"fr-FR","@id":"https:\/\/dicodusport.fr\/blog\/meetings-de-metz-et-de-lievin-les-athletes-francais-de-sortie\/#primaryimage","url":"https:\/\/dicodusport.fr\/blog\/wp-content\/uploads\/2019\/02\/Meetings-Li\u00e9vin-et-Metz-2019.png","contentUrl":"https:\/\/dicodusport.fr\/blog\/wp-content\/uploads\/2019\/02\/Meetings-Li\u00e9vin-et-Metz-2019.png","width":800,"height":445},{"@type":"BreadcrumbList","@id":"https:\/\/dicodusport.fr\/blog\/meetings-de-metz-et-de-lievin-les-athletes-francais-de-sortie\/#breadcrumb","itemListElement":[{"@type":"ListItem","position":1,"name":"Accueil","item":"https:\/\/dicodusport.fr\/blog\/"},{"@type":"ListItem","position":2,"name":"Meetings de Metz et de Li\u00e9vin : les athl\u00e8tes fran\u00e7ais de sortie"}]},{"@type":"WebSite","@id":"https:\/\/dicodusport.fr\/blog\/#website","url":"https:\/\/dicodusport.fr\/blog\/","name":"Dicodusport","description":"L&#039;encyclop\u00e9die de l&#039;actualit\u00e9 sportive","publisher":{"@id":"https:\/\/dicodusport.fr\/blog\/#organization"},"potentialAction":[{"@type":"SearchAction","target":{"@type":"EntryPoint","urlTemplate":"https:\/\/dicodusport.fr\/blog\/?s={search_term_string}"},"query-input":{"@type":"PropertyValueSpecification","valueRequired":true,"valueName":"search_term_string"}}],"inLanguage":"fr-FR"},{"@type":"NewsMediaOrganization","@id":"https:\/\/dicodusport.fr\/blog\/#organization","name":"Dicodusport","url":"https:\/\/dicodusport.fr\/blog\/","logo":{"@type":"ImageObject","inLanguage":"fr-FR","@id":"https:\/\/dicodusport.fr\/blog\/#\/schema\/logo\/image\/","url":"https:\/\/dicodusport.fr\/blog\/wp-content\/uploads\/2020\/06\/cropped-LOGO-DICODUSPORT-2020-SANS-FOND-SANS-TEXTE.png","contentUrl":"https:\/\/dicodusport.fr\/blog\/wp-content\/uploads\/2020\/06\/cropped-LOGO-DICODUSPORT-2020-SANS-FOND-SANS-TEXTE.png","width":512,"height":512,"caption":"Dicodusport"},"image":{"@id":"https:\/\/dicodusport.fr\/blog\/#\/schema\/logo\/image\/"},"sameAs":["https:\/\/www.facebook.com\/dicodusport","https:\/\/x.com\/dicodusport","https:\/\/www.instagram.com\/dicodusport\/","https:\/\/www.youtube.com\/channel\/UC7V2KZ5sd3htJivAbA4ZG3w"],"description":"Dicodusport est l'encyclop\u00e9die de l'actualit\u00e9 sportive.","email":"bonjour@dicodusport.fr","legalName":"DICODUSPORT","foundingDate":"2018-01-14","vatID":"FR71834470973","taxID":"83447097300043","numberOfEmployees":{"@type":"QuantitativeValue","minValue":"1","maxValue":"10"}},{"@type":"Person","@id":"https:\/\/dicodusport.fr\/blog\/#\/schema\/person\/8bdbbe8b7c921dac0688440eee5a5d94","name":"Quentin Marchesan","image":{"@type":"ImageObject","inLanguage":"fr-FR","@id":"https:\/\/dicodusport.fr\/blog\/#\/schema\/person\/image\/","url":"https:\/\/dicodusport.fr\/blog\/wp-content\/uploads\/2019\/02\/Quentin-face-\u00e0-face-150x150.jpg","contentUrl":"https:\/\/dicodusport.fr\/blog\/wp-content\/uploads\/2019\/02\/Quentin-face-\u00e0-face-150x150.jpg","caption":"Quentin Marchesan"},"url":"https:\/\/dicodusport.fr\/blog\/author\/quentin\/"}]}},"_links":{"self":[{"href":"https:\/\/dicodusport.fr\/blog\/wp-json\/wp\/v2\/posts\/33385","targetHints":{"allow":["GET"]}}],"collection":[{"href":"https:\/\/dicodusport.fr\/blog\/wp-json\/wp\/v2\/posts"}],"about":[{"href":"https:\/\/dicodusport.fr\/blog\/wp-json\/wp\/v2\/types\/post"}],"author":[{"embeddable":true,"href":"https:\/\/dicodusport.fr\/blog\/wp-json\/wp\/v2\/users\/36"}],"replies":[{"embeddable":true,"href":"https:\/\/dicodusport.fr\/blog\/wp-json\/wp\/v2\/comments?post=33385"}],"version-history":[{"count":0,"href":"https:\/\/dicodusport.fr\/blog\/wp-json\/wp\/v2\/posts\/33385\/revisions"}],"wp:featuredmedia":[{"embeddable":true,"href":"https:\/\/dicodusport.fr\/blog\/wp-json\/wp\/v2\/media\/33441"}],"wp:attachment":[{"href":"https:\/\/dicodusport.fr\/blog\/wp-json\/wp\/v2\/media?parent=33385"}],"wp:term":[{"taxonomy":"category","embeddable":true,"href":"https:\/\/dicodusport.fr\/blog\/wp-json\/wp\/v2\/categories?post=33385"},{"taxonomy":"post_tag","embeddable":true,"href":"https:\/\/dicodusport.fr\/blog\/wp-json\/wp\/v2\/tags?post=33385"}],"curies":[{"name":"wp","href":"https:\/\/api.w.org\/{rel}","templated":true}]}}