{"id":334078,"date":"2022-12-28T14:05:52","date_gmt":"2022-12-28T13:05:52","guid":{"rendered":"https:\/\/dicodusport.fr\/blog\/?p=334078&#038;preview=true&#038;preview_id=334078"},"modified":"2022-12-29T00:24:38","modified_gmt":"2022-12-28T23:24:38","slug":"geant-de-semmering-mikaela-shiffrin-realise-le-double","status":"publish","type":"post","link":"https:\/\/dicodusport.fr\/blog\/geant-de-semmering-mikaela-shiffrin-realise-le-double\/","title":{"rendered":"G\u00e9ant de Semmering : Mikaela Shiffrin r\u00e9alise le doubl\u00e9"},"content":{"rendered":"<p style=\"text-align: justify;\"><b><i><a href=\"https:\/\/dicodusport.fr\/blog\/actualites\/sports-dhiver\/ski\/coupe-du-monde-ski-alpin-2022-2023\/\">COUPE DU MONDE DE SKI ALPIN 2022-2023<\/a> &#8211; D\u00e9j\u00e0 victorieuse hier, Mikaela Shiffrin a remport\u00e9 le second g\u00e9ant de Semmering en Autriche, ce mercredi. Elle a devanc\u00e9 Lara Gut-Behrami et Marta Bassino. Elle a sign\u00e9 sa 79e victoire en carri\u00e8re et la 5e de la saison.\u00a0<\/i><\/b><\/p>\n<h2 style=\"text-align: justify;\">Lara Gut-Behrami solide le matin<\/h2>\n<p style=\"text-align: justify;\">D&rsquo;abord, <strong>Lara Gut-Behrami<\/strong> a \u00e9t\u00e9 tr\u00e8s forte avec des trajectoires tr\u00e8s tendues et en \u00e9tant tr\u00e8s int\u00e9rieure sur le changement de direction. <a href=\"https:\/\/dicodusport.fr\/blog\/ski-alpin-killington-lara-gut-behrami-simpose-sur-le-geant\/\">La laur\u00e9ate du g\u00e9ant de Killington<\/a> a r\u00e9alis\u00e9 le meilleur temps en 59 secondes et 23 centi\u00e8mes. Ensuite, <strong>Mikaela Shiffrin<\/strong> a perdu du temps sur le bas pour c\u00e9der 22 centi\u00e8mes au final, pour le deuxi\u00e8me temps. La porteuse du dossard rouge <strong>Marta Bassino<\/strong> a r\u00e9alis\u00e9 le troisi\u00e8me temps \u00e0 81 centi\u00e8mes devant sa compatriote <strong>Federica Brignone<\/strong> et <strong>Sara Hector<\/strong> \u00e0 1 seconde et 1 centi\u00e8me.<\/p>\n<p style=\"text-align: justify;\">Par la suite, <strong>Tessa Worley<\/strong> s&rsquo;est \u00e9lanc\u00e9e avec le dossard 1 sur une premi\u00e8re manche dessin\u00e9e par l&rsquo;entra\u00eeneur slovaque. Sur une piste plus lisse que la veille et un trac\u00e9 assez direct notamment sur le haut, elle a commis quelques erreurs dans la seconde moiti\u00e9 du parcours ainsi qu&rsquo;une faute d&rsquo;int\u00e9rieur dans la premi\u00e8re section. La g\u00e9antiste a \u00e9t\u00e9 repouss\u00e9e \u00e0 1.90 avec le 11e chrono.<\/p>\n<p style=\"text-align: justify;\">Puis, <strong>Coralie Frasse-Sombet<\/strong> a fait une grosse erreur avec le deuxi\u00e8me interm\u00e9diaire et s&rsquo;est fait chahuter par le parcours avec une position trop assise. Elle a termin\u00e9 \u00e0 2.40 avec le 17e temps. <strong>Romane Miradoli<\/strong> n&rsquo;a pas pris le d\u00e9part \u00e0 cause de douleurs au dos. <strong>Clara Direz<\/strong> n&rsquo;a pas \u00e9t\u00e9 chercher la qualification en terminant \u00e0 4.12 apr\u00e8s avoir accroch\u00e9 la porte avant le changement de direction. Enfin, <strong>Doriane Escane<\/strong> s&rsquo;est bien battue sur un trac\u00e9 tr\u00e8s compliqu\u00e9 mais a rat\u00e9 pour 3 centi\u00e8mes la qualification avec le 31e temps \u00e0 3.38.<\/p>\n<div id=\"attachment_333007\" style=\"width: 810px\" class=\"wp-caption aligncenter\"><a href=\"https:\/\/dicodusport.fr\/blog\/wp-content\/uploads\/2022\/12\/Geant-Semmering-Mikaela-Shiffrin-au-dessus-Tessa-Worley-au-pied-du-podium.png\"><img loading=\"lazy\" decoding=\"async\" aria-describedby=\"caption-attachment-333007\" class=\"size-full wp-image-333007\" src=\"https:\/\/dicodusport.fr\/blog\/wp-content\/uploads\/2022\/12\/Geant-Semmering-Mikaela-Shiffrin-au-dessus-Tessa-Worley-au-pied-du-podium.png\" alt=\"G\u00e9ant Semmering Mikaela Shiffrin au-dessus, Tessa Worley au pied du podium\" width=\"800\" height=\"445\" srcset=\"https:\/\/dicodusport.fr\/blog\/wp-content\/uploads\/2022\/12\/Geant-Semmering-Mikaela-Shiffrin-au-dessus-Tessa-Worley-au-pied-du-podium.png 800w, https:\/\/dicodusport.fr\/blog\/wp-content\/uploads\/2022\/12\/Geant-Semmering-Mikaela-Shiffrin-au-dessus-Tessa-Worley-au-pied-du-podium-300x167.png 300w, https:\/\/dicodusport.fr\/blog\/wp-content\/uploads\/2022\/12\/Geant-Semmering-Mikaela-Shiffrin-au-dessus-Tessa-Worley-au-pied-du-podium-768x427.png 768w\" sizes=\"auto, (max-width: 800px) 100vw, 800px\" \/><\/a><p id=\"caption-attachment-333007\" class=\"wp-caption-text\">Premier G\u00e9ant de Semmering &#8211; Mikaela Shiffrin &#8211; Photo Icon Sport<\/p><\/div>\n<h2 style=\"text-align: justify;\">La lutte entre Shiffrin et Gut-Behrami<\/h2>\n<p style=\"text-align: justify;\"><strong>Mikaela Shiffrin<\/strong> s&rsquo;est encore parfaitement \u00e9lanc\u00e9e sur cette seconde manche plus tournante trac\u00e9e par l&rsquo;entra\u00eeneur su\u00e9dois, en prenant encore 3 dixi\u00e8mes \u00e0 ses rivales. Malgr\u00e9 un bas de piste chaotique, l&rsquo;Am\u00e9ricaine a r\u00e9ussi \u00e0 conserver 10 centi\u00e8mes sur <strong>Lara Gut-Behrami.<\/strong> Elle a remport\u00e9 un seizi\u00e8me succ\u00e8s en g\u00e9ant en 2 minutes 3 secondes et 51 centi\u00e8mes.<\/p>\n<p style=\"text-align: justify;\">Ensuite, <strong>Marta Bassino<\/strong> a sign\u00e9 un quatri\u00e8me podium en quatre g\u00e9ants cette saison avec la troisi\u00e8me place \u00e0 47 centi\u00e8mes. Avec cette performance, l&rsquo;Italienne a gard\u00e9 son dossard rouge de la discipline avec 300 points devant Shiffrin avec 260 points et Lara Gut-Behrami avec 252 points. Avec beaucoup d&rsquo;engagement, <strong>Federica Brignone<\/strong> a fini au pied du podium \u00e0 une demi-seconde devant\u00a0<strong>Val\u00e9rie Grenier<\/strong>, cinqui\u00e8me \u00e0 85 centi\u00e8mes. La Canadienne a r\u00e9alis\u00e9 le meilleure temps de la seconde manche.<\/p>\n<p style=\"text-align: justify;\">Finalement, <strong>Tessa Worley<\/strong> a ski\u00e9 un peu durement sur une piste marqu\u00e9e pour se classer 10e tandis que\u00a0<strong>Coralie Frasse-Sombet<\/strong> a retrouv\u00e9 un bon tempo sur le haut mais elle a encore connu des difficult\u00e9s sur le bas de parcours comme beaucoup de skieuses. Mais, la skieuse de Chamrousse a termin\u00e9 17e. \u00c0 noter la nouvelle belle performance de la jeune Albanaise de 16 ans <strong>Lara Colturi<\/strong> qui a fini 20e avec son dossard 58.<\/p>\n<h2 style=\"text-align: justify;\">\u00c0 lire aussi<\/h2>\n<ul>\n<li style=\"text-align: justify;\"><strong><a href=\"https:\/\/dicodusport.fr\/blog\/classement-deuxieme-geant-femmes-semmering-2022\/\">Le classement complet du second g\u00e9ant de Semmering<\/a>\u00a0<\/strong><\/li>\n<li style=\"text-align: justify;\"><a href=\"https:\/\/dicodusport.fr\/blog\/classement-general-femmes-coupe-du-monde-ski-alpin-2022-2023\/\"><strong>Le classement g\u00e9n\u00e9ral de la Coupe du monde de ski alpin<\/strong><\/a><\/li>\n<li style=\"text-align: justify;\"><a href=\"https:\/\/dicodusport.fr\/blog\/calendrier-et-resultats-coupe-du-monde-ski-alpin-femmes-2022-2023\/\"><strong>Calendrier et r\u00e9sultats de la Coupe du monde de ski alpin<\/strong><\/a><\/li>\n<\/ul>\n","protected":false},"excerpt":{"rendered":"<p>COUPE DU MONDE DE SKI ALPIN 2022-2023 &#8211; D\u00e9j\u00e0 victorieuse hier, Mikaela Shiffrin a remport\u00e9 le second g\u00e9ant de Semmering en Autriche, ce mercredi. Elle a devanc\u00e9 Lara Gut-Behrami et Marta Bassino. Elle a sign\u00e9 sa 79e victoire en carri\u00e8re et la 5e de la saison.\u00a0<\/p>\n","protected":false},"author":48,"featured_media":334935,"comment_status":"open","ping_status":"closed","sticky":false,"template":"","format":"standard","meta":{"_acf_changed":false,"_daextam_enable_autolinks":"","footnotes":""},"categories":[47084],"tags":[2233,24],"class_list":["post-334078","post","type-post","status-publish","format-standard","has-post-thumbnail","hentry","category-coupe-du-monde-ski-alpin","tag-ski-alpin","tag-sport"],"acf":[],"yoast_head":"<!-- This site is optimized with the Yoast SEO Premium plugin v26.7 (Yoast SEO v26.7) - https:\/\/yoast.com\/wordpress\/plugins\/seo\/ -->\n<title>G\u00e9ant de Semmering : Mikaela Shiffrin r\u00e9alise le doubl\u00e9<\/title>\n<meta name=\"description\" content=\"SKI ALPIN 2022-2023 - D\u00e9j\u00e0 victorieuse hier, Mikaela Shiffrin a remport\u00e9 le second g\u00e9ant de Semmering en Autriche, ce mercredi.\" \/>\n<meta name=\"robots\" content=\"index, follow, max-snippet:-1, max-image-preview:large, max-video-preview:-1\" \/>\n<link rel=\"canonical\" href=\"https:\/\/dicodusport.fr\/blog\/geant-de-semmering-mikaela-shiffrin-realise-le-double\/\" \/>\n<meta property=\"og:locale\" content=\"fr_FR\" \/>\n<meta property=\"og:type\" content=\"article\" \/>\n<meta property=\"og:title\" content=\"G\u00e9ant de Semmering : Mikaela Shiffrin r\u00e9alise le doubl\u00e9\" \/>\n<meta property=\"og:description\" content=\"SKI ALPIN 2022-2023 - D\u00e9j\u00e0 victorieuse hier, Mikaela Shiffrin a remport\u00e9 le second g\u00e9ant de Semmering en Autriche, ce mercredi.\" \/>\n<meta property=\"og:url\" content=\"https:\/\/dicodusport.fr\/blog\/geant-de-semmering-mikaela-shiffrin-realise-le-double\/\" \/>\n<meta property=\"og:site_name\" content=\"Dicodusport\" \/>\n<meta property=\"article:publisher\" content=\"https:\/\/www.facebook.com\/dicodusport\" \/>\n<meta property=\"article:author\" content=\"https:\/\/www.facebook.com\/groups\/LesRoisDuPeloton\" \/>\n<meta property=\"article:published_time\" content=\"2022-12-28T13:05:52+00:00\" \/>\n<meta property=\"article:modified_time\" content=\"2022-12-28T23:24:38+00:00\" \/>\n<meta property=\"og:image\" content=\"https:\/\/dicodusport.fr\/blog\/wp-content\/uploads\/2022\/12\/Geant-de-Semmering-Mikaela-Shiffrin-realise-le-double.png\" \/>\n\t<meta property=\"og:image:width\" content=\"800\" \/>\n\t<meta property=\"og:image:height\" content=\"445\" \/>\n\t<meta property=\"og:image:type\" content=\"image\/png\" \/>\n<meta name=\"author\" content=\"Emilien Descampiaux\" \/>\n<meta name=\"twitter:card\" content=\"summary_large_image\" \/>\n<meta name=\"twitter:title\" content=\"G\u00e9ant de Semmering : Mikaela Shiffrin r\u00e9alise le doubl\u00e9\" \/>\n<meta name=\"twitter:creator\" content=\"@https:\/\/twitter.com\/LRoisDuPeloton\" \/>\n<meta name=\"twitter:site\" content=\"@dicodusport\" \/>\n<script type=\"application\/ld+json\" class=\"yoast-schema-graph\">{\"@context\":\"https:\/\/schema.org\",\"@graph\":[{\"@type\":\"NewsArticle\",\"@id\":\"https:\/\/dicodusport.fr\/blog\/geant-de-semmering-mikaela-shiffrin-realise-le-double\/#article\",\"isPartOf\":{\"@id\":\"https:\/\/dicodusport.fr\/blog\/geant-de-semmering-mikaela-shiffrin-realise-le-double\/\"},\"author\":{\"name\":\"Emilien Descampiaux\",\"@id\":\"https:\/\/dicodusport.fr\/blog\/#\/schema\/person\/6db4bae06b171592211be385b32876a7\"},\"headline\":\"G\u00e9ant de Semmering : Mikaela Shiffrin r\u00e9alise le doubl\u00e9\",\"datePublished\":\"2022-12-28T13:05:52+00:00\",\"dateModified\":\"2022-12-28T23:24:38+00:00\",\"mainEntityOfPage\":{\"@id\":\"https:\/\/dicodusport.fr\/blog\/geant-de-semmering-mikaela-shiffrin-realise-le-double\/\"},\"wordCount\":609,\"commentCount\":0,\"publisher\":{\"@id\":\"https:\/\/dicodusport.fr\/blog\/#organization\"},\"image\":{\"@id\":\"https:\/\/dicodusport.fr\/blog\/geant-de-semmering-mikaela-shiffrin-realise-le-double\/#primaryimage\"},\"thumbnailUrl\":\"https:\/\/dicodusport.fr\/blog\/wp-content\/uploads\/2022\/12\/Geant-de-Semmering-Mikaela-Shiffrin-realise-le-double.png\",\"keywords\":[\"Ski alpin\",\"sport\"],\"articleSection\":[\"Coupe du monde de ski alpin\"],\"inLanguage\":\"fr-FR\",\"potentialAction\":[{\"@type\":\"CommentAction\",\"name\":\"Comment\",\"target\":[\"https:\/\/dicodusport.fr\/blog\/geant-de-semmering-mikaela-shiffrin-realise-le-double\/#respond\"]}],\"copyrightYear\":\"2022\",\"copyrightHolder\":{\"@id\":\"https:\/\/dicodusport.fr\/blog\/#organization\"}},{\"@type\":\"WebPage\",\"@id\":\"https:\/\/dicodusport.fr\/blog\/geant-de-semmering-mikaela-shiffrin-realise-le-double\/\",\"url\":\"https:\/\/dicodusport.fr\/blog\/geant-de-semmering-mikaela-shiffrin-realise-le-double\/\",\"name\":\"G\u00e9ant de Semmering : Mikaela Shiffrin r\u00e9alise le doubl\u00e9\",\"isPartOf\":{\"@id\":\"https:\/\/dicodusport.fr\/blog\/#website\"},\"primaryImageOfPage\":{\"@id\":\"https:\/\/dicodusport.fr\/blog\/geant-de-semmering-mikaela-shiffrin-realise-le-double\/#primaryimage\"},\"image\":{\"@id\":\"https:\/\/dicodusport.fr\/blog\/geant-de-semmering-mikaela-shiffrin-realise-le-double\/#primaryimage\"},\"thumbnailUrl\":\"https:\/\/dicodusport.fr\/blog\/wp-content\/uploads\/2022\/12\/Geant-de-Semmering-Mikaela-Shiffrin-realise-le-double.png\",\"datePublished\":\"2022-12-28T13:05:52+00:00\",\"dateModified\":\"2022-12-28T23:24:38+00:00\",\"description\":\"SKI ALPIN 2022-2023 - D\u00e9j\u00e0 victorieuse hier, Mikaela Shiffrin a remport\u00e9 le second g\u00e9ant de Semmering en Autriche, ce mercredi.\",\"breadcrumb\":{\"@id\":\"https:\/\/dicodusport.fr\/blog\/geant-de-semmering-mikaela-shiffrin-realise-le-double\/#breadcrumb\"},\"inLanguage\":\"fr-FR\",\"potentialAction\":[{\"@type\":\"ReadAction\",\"target\":[\"https:\/\/dicodusport.fr\/blog\/geant-de-semmering-mikaela-shiffrin-realise-le-double\/\"]}]},{\"@type\":\"ImageObject\",\"inLanguage\":\"fr-FR\",\"@id\":\"https:\/\/dicodusport.fr\/blog\/geant-de-semmering-mikaela-shiffrin-realise-le-double\/#primaryimage\",\"url\":\"https:\/\/dicodusport.fr\/blog\/wp-content\/uploads\/2022\/12\/Geant-de-Semmering-Mikaela-Shiffrin-realise-le-double.png\",\"contentUrl\":\"https:\/\/dicodusport.fr\/blog\/wp-content\/uploads\/2022\/12\/Geant-de-Semmering-Mikaela-Shiffrin-realise-le-double.png\",\"width\":800,\"height\":445,\"caption\":\"G\u00e9ant de Semmering Mikaela Shiffrin r\u00e9alise le doubl\u00e9\"},{\"@type\":\"BreadcrumbList\",\"@id\":\"https:\/\/dicodusport.fr\/blog\/geant-de-semmering-mikaela-shiffrin-realise-le-double\/#breadcrumb\",\"itemListElement\":[{\"@type\":\"ListItem\",\"position\":1,\"name\":\"Accueil\",\"item\":\"https:\/\/dicodusport.fr\/blog\/\"},{\"@type\":\"ListItem\",\"position\":2,\"name\":\"G\u00e9ant de Semmering : Mikaela Shiffrin r\u00e9alise le doubl\u00e9\"}]},{\"@type\":\"WebSite\",\"@id\":\"https:\/\/dicodusport.fr\/blog\/#website\",\"url\":\"https:\/\/dicodusport.fr\/blog\/\",\"name\":\"Dicodusport\",\"description\":\"L&#039;encyclop\u00e9die de l&#039;actualit\u00e9 sportive\",\"publisher\":{\"@id\":\"https:\/\/dicodusport.fr\/blog\/#organization\"},\"potentialAction\":[{\"@type\":\"SearchAction\",\"target\":{\"@type\":\"EntryPoint\",\"urlTemplate\":\"https:\/\/dicodusport.fr\/blog\/?s={search_term_string}\"},\"query-input\":{\"@type\":\"PropertyValueSpecification\",\"valueRequired\":true,\"valueName\":\"search_term_string\"}}],\"inLanguage\":\"fr-FR\"},{\"@type\":\"NewsMediaOrganization\",\"@id\":\"https:\/\/dicodusport.fr\/blog\/#organization\",\"name\":\"Dicodusport\",\"url\":\"https:\/\/dicodusport.fr\/blog\/\",\"logo\":{\"@type\":\"ImageObject\",\"inLanguage\":\"fr-FR\",\"@id\":\"https:\/\/dicodusport.fr\/blog\/#\/schema\/logo\/image\/\",\"url\":\"https:\/\/dicodusport.fr\/blog\/wp-content\/uploads\/2020\/06\/cropped-LOGO-DICODUSPORT-2020-SANS-FOND-SANS-TEXTE.png\",\"contentUrl\":\"https:\/\/dicodusport.fr\/blog\/wp-content\/uploads\/2020\/06\/cropped-LOGO-DICODUSPORT-2020-SANS-FOND-SANS-TEXTE.png\",\"width\":512,\"height\":512,\"caption\":\"Dicodusport\"},\"image\":{\"@id\":\"https:\/\/dicodusport.fr\/blog\/#\/schema\/logo\/image\/\"},\"sameAs\":[\"https:\/\/www.facebook.com\/dicodusport\",\"https:\/\/x.com\/dicodusport\",\"https:\/\/www.instagram.com\/dicodusport\/\",\"https:\/\/www.youtube.com\/channel\/UC7V2KZ5sd3htJivAbA4ZG3w\"],\"description\":\"Dicodusport est l'encyclop\u00e9die de l'actualit\u00e9 sportive.\",\"email\":\"bonjour@dicodusport.fr\",\"legalName\":\"DICODUSPORT\",\"foundingDate\":\"2018-01-14\",\"vatID\":\"FR71834470973\",\"taxID\":\"83447097300043\",\"numberOfEmployees\":{\"@type\":\"QuantitativeValue\",\"minValue\":\"1\",\"maxValue\":\"10\"}},{\"@type\":\"Person\",\"@id\":\"https:\/\/dicodusport.fr\/blog\/#\/schema\/person\/6db4bae06b171592211be385b32876a7\",\"name\":\"Emilien Descampiaux\",\"image\":{\"@type\":\"ImageObject\",\"inLanguage\":\"fr-FR\",\"@id\":\"https:\/\/dicodusport.fr\/blog\/#\/schema\/person\/image\/\",\"url\":\"https:\/\/dicodusport.fr\/blog\/wp-content\/uploads\/2021\/05\/Emilien-Descampiaux-150x150.jpg\",\"contentUrl\":\"https:\/\/dicodusport.fr\/blog\/wp-content\/uploads\/2021\/05\/Emilien-Descampiaux-150x150.jpg\",\"caption\":\"Emilien Descampiaux\"},\"description\":\"Journaliste\/r\u00e9dacteur depuis 2014 - Fan de la classe de Frank Vandenbroucke, je vis cyclisme (et de ses paysages) depuis plus de 20 ans. Je suis tr\u00e8s impliqu\u00e9 sur mes diff\u00e9rents r\u00e9seaux sociaux pour partager ma passion sur le monde et l'Histoire de la bicyclette avec ma voix sur les images en noir et blanc du succ\u00e8s de Rik Van Steenbergen lors du Ronde sur le V\u00e9lodrome de Gand.\",\"sameAs\":[\"https:\/\/www.facebook.com\/groups\/LesRoisDuPeloton\",\"https:\/\/x.com\/https:\/\/twitter.com\/LRoisDuPeloton\"],\"url\":\"https:\/\/dicodusport.fr\/blog\/author\/emiliend\/\"}]}<\/script>\n<!-- \/ Yoast SEO Premium plugin. -->","yoast_head_json":{"title":"G\u00e9ant de Semmering : Mikaela Shiffrin r\u00e9alise le doubl\u00e9","description":"SKI ALPIN 2022-2023 - D\u00e9j\u00e0 victorieuse hier, Mikaela Shiffrin a remport\u00e9 le second g\u00e9ant de Semmering en Autriche, ce mercredi.","robots":{"index":"index","follow":"follow","max-snippet":"max-snippet:-1","max-image-preview":"max-image-preview:large","max-video-preview":"max-video-preview:-1"},"canonical":"https:\/\/dicodusport.fr\/blog\/geant-de-semmering-mikaela-shiffrin-realise-le-double\/","og_locale":"fr_FR","og_type":"article","og_title":"G\u00e9ant de Semmering : Mikaela Shiffrin r\u00e9alise le doubl\u00e9","og_description":"SKI ALPIN 2022-2023 - D\u00e9j\u00e0 victorieuse hier, Mikaela Shiffrin a remport\u00e9 le second g\u00e9ant de Semmering en Autriche, ce mercredi.","og_url":"https:\/\/dicodusport.fr\/blog\/geant-de-semmering-mikaela-shiffrin-realise-le-double\/","og_site_name":"Dicodusport","article_publisher":"https:\/\/www.facebook.com\/dicodusport","article_author":"https:\/\/www.facebook.com\/groups\/LesRoisDuPeloton","article_published_time":"2022-12-28T13:05:52+00:00","article_modified_time":"2022-12-28T23:24:38+00:00","og_image":[{"width":800,"height":445,"url":"https:\/\/dicodusport.fr\/blog\/wp-content\/uploads\/2022\/12\/Geant-de-Semmering-Mikaela-Shiffrin-realise-le-double.png","type":"image\/png"}],"author":"Emilien Descampiaux","twitter_card":"summary_large_image","twitter_title":"G\u00e9ant de Semmering : Mikaela Shiffrin r\u00e9alise le doubl\u00e9","twitter_creator":"@https:\/\/twitter.com\/LRoisDuPeloton","twitter_site":"@dicodusport","schema":{"@context":"https:\/\/schema.org","@graph":[{"@type":"NewsArticle","@id":"https:\/\/dicodusport.fr\/blog\/geant-de-semmering-mikaela-shiffrin-realise-le-double\/#article","isPartOf":{"@id":"https:\/\/dicodusport.fr\/blog\/geant-de-semmering-mikaela-shiffrin-realise-le-double\/"},"author":{"name":"Emilien Descampiaux","@id":"https:\/\/dicodusport.fr\/blog\/#\/schema\/person\/6db4bae06b171592211be385b32876a7"},"headline":"G\u00e9ant de Semmering : Mikaela Shiffrin r\u00e9alise le doubl\u00e9","datePublished":"2022-12-28T13:05:52+00:00","dateModified":"2022-12-28T23:24:38+00:00","mainEntityOfPage":{"@id":"https:\/\/dicodusport.fr\/blog\/geant-de-semmering-mikaela-shiffrin-realise-le-double\/"},"wordCount":609,"commentCount":0,"publisher":{"@id":"https:\/\/dicodusport.fr\/blog\/#organization"},"image":{"@id":"https:\/\/dicodusport.fr\/blog\/geant-de-semmering-mikaela-shiffrin-realise-le-double\/#primaryimage"},"thumbnailUrl":"https:\/\/dicodusport.fr\/blog\/wp-content\/uploads\/2022\/12\/Geant-de-Semmering-Mikaela-Shiffrin-realise-le-double.png","keywords":["Ski alpin","sport"],"articleSection":["Coupe du monde de ski alpin"],"inLanguage":"fr-FR","potentialAction":[{"@type":"CommentAction","name":"Comment","target":["https:\/\/dicodusport.fr\/blog\/geant-de-semmering-mikaela-shiffrin-realise-le-double\/#respond"]}],"copyrightYear":"2022","copyrightHolder":{"@id":"https:\/\/dicodusport.fr\/blog\/#organization"}},{"@type":"WebPage","@id":"https:\/\/dicodusport.fr\/blog\/geant-de-semmering-mikaela-shiffrin-realise-le-double\/","url":"https:\/\/dicodusport.fr\/blog\/geant-de-semmering-mikaela-shiffrin-realise-le-double\/","name":"G\u00e9ant de Semmering : Mikaela Shiffrin r\u00e9alise le doubl\u00e9","isPartOf":{"@id":"https:\/\/dicodusport.fr\/blog\/#website"},"primaryImageOfPage":{"@id":"https:\/\/dicodusport.fr\/blog\/geant-de-semmering-mikaela-shiffrin-realise-le-double\/#primaryimage"},"image":{"@id":"https:\/\/dicodusport.fr\/blog\/geant-de-semmering-mikaela-shiffrin-realise-le-double\/#primaryimage"},"thumbnailUrl":"https:\/\/dicodusport.fr\/blog\/wp-content\/uploads\/2022\/12\/Geant-de-Semmering-Mikaela-Shiffrin-realise-le-double.png","datePublished":"2022-12-28T13:05:52+00:00","dateModified":"2022-12-28T23:24:38+00:00","description":"SKI ALPIN 2022-2023 - D\u00e9j\u00e0 victorieuse hier, Mikaela Shiffrin a remport\u00e9 le second g\u00e9ant de Semmering en Autriche, ce mercredi.","breadcrumb":{"@id":"https:\/\/dicodusport.fr\/blog\/geant-de-semmering-mikaela-shiffrin-realise-le-double\/#breadcrumb"},"inLanguage":"fr-FR","potentialAction":[{"@type":"ReadAction","target":["https:\/\/dicodusport.fr\/blog\/geant-de-semmering-mikaela-shiffrin-realise-le-double\/"]}]},{"@type":"ImageObject","inLanguage":"fr-FR","@id":"https:\/\/dicodusport.fr\/blog\/geant-de-semmering-mikaela-shiffrin-realise-le-double\/#primaryimage","url":"https:\/\/dicodusport.fr\/blog\/wp-content\/uploads\/2022\/12\/Geant-de-Semmering-Mikaela-Shiffrin-realise-le-double.png","contentUrl":"https:\/\/dicodusport.fr\/blog\/wp-content\/uploads\/2022\/12\/Geant-de-Semmering-Mikaela-Shiffrin-realise-le-double.png","width":800,"height":445,"caption":"G\u00e9ant de Semmering Mikaela Shiffrin r\u00e9alise le doubl\u00e9"},{"@type":"BreadcrumbList","@id":"https:\/\/dicodusport.fr\/blog\/geant-de-semmering-mikaela-shiffrin-realise-le-double\/#breadcrumb","itemListElement":[{"@type":"ListItem","position":1,"name":"Accueil","item":"https:\/\/dicodusport.fr\/blog\/"},{"@type":"ListItem","position":2,"name":"G\u00e9ant de Semmering : Mikaela Shiffrin r\u00e9alise le doubl\u00e9"}]},{"@type":"WebSite","@id":"https:\/\/dicodusport.fr\/blog\/#website","url":"https:\/\/dicodusport.fr\/blog\/","name":"Dicodusport","description":"L&#039;encyclop\u00e9die de l&#039;actualit\u00e9 sportive","publisher":{"@id":"https:\/\/dicodusport.fr\/blog\/#organization"},"potentialAction":[{"@type":"SearchAction","target":{"@type":"EntryPoint","urlTemplate":"https:\/\/dicodusport.fr\/blog\/?s={search_term_string}"},"query-input":{"@type":"PropertyValueSpecification","valueRequired":true,"valueName":"search_term_string"}}],"inLanguage":"fr-FR"},{"@type":"NewsMediaOrganization","@id":"https:\/\/dicodusport.fr\/blog\/#organization","name":"Dicodusport","url":"https:\/\/dicodusport.fr\/blog\/","logo":{"@type":"ImageObject","inLanguage":"fr-FR","@id":"https:\/\/dicodusport.fr\/blog\/#\/schema\/logo\/image\/","url":"https:\/\/dicodusport.fr\/blog\/wp-content\/uploads\/2020\/06\/cropped-LOGO-DICODUSPORT-2020-SANS-FOND-SANS-TEXTE.png","contentUrl":"https:\/\/dicodusport.fr\/blog\/wp-content\/uploads\/2020\/06\/cropped-LOGO-DICODUSPORT-2020-SANS-FOND-SANS-TEXTE.png","width":512,"height":512,"caption":"Dicodusport"},"image":{"@id":"https:\/\/dicodusport.fr\/blog\/#\/schema\/logo\/image\/"},"sameAs":["https:\/\/www.facebook.com\/dicodusport","https:\/\/x.com\/dicodusport","https:\/\/www.instagram.com\/dicodusport\/","https:\/\/www.youtube.com\/channel\/UC7V2KZ5sd3htJivAbA4ZG3w"],"description":"Dicodusport est l'encyclop\u00e9die de l'actualit\u00e9 sportive.","email":"bonjour@dicodusport.fr","legalName":"DICODUSPORT","foundingDate":"2018-01-14","vatID":"FR71834470973","taxID":"83447097300043","numberOfEmployees":{"@type":"QuantitativeValue","minValue":"1","maxValue":"10"}},{"@type":"Person","@id":"https:\/\/dicodusport.fr\/blog\/#\/schema\/person\/6db4bae06b171592211be385b32876a7","name":"Emilien Descampiaux","image":{"@type":"ImageObject","inLanguage":"fr-FR","@id":"https:\/\/dicodusport.fr\/blog\/#\/schema\/person\/image\/","url":"https:\/\/dicodusport.fr\/blog\/wp-content\/uploads\/2021\/05\/Emilien-Descampiaux-150x150.jpg","contentUrl":"https:\/\/dicodusport.fr\/blog\/wp-content\/uploads\/2021\/05\/Emilien-Descampiaux-150x150.jpg","caption":"Emilien Descampiaux"},"description":"Journaliste\/r\u00e9dacteur depuis 2014 - Fan de la classe de Frank Vandenbroucke, je vis cyclisme (et de ses paysages) depuis plus de 20 ans. Je suis tr\u00e8s impliqu\u00e9 sur mes diff\u00e9rents r\u00e9seaux sociaux pour partager ma passion sur le monde et l'Histoire de la bicyclette avec ma voix sur les images en noir et blanc du succ\u00e8s de Rik Van Steenbergen lors du Ronde sur le V\u00e9lodrome de Gand.","sameAs":["https:\/\/www.facebook.com\/groups\/LesRoisDuPeloton","https:\/\/x.com\/https:\/\/twitter.com\/LRoisDuPeloton"],"url":"https:\/\/dicodusport.fr\/blog\/author\/emiliend\/"}]}},"_links":{"self":[{"href":"https:\/\/dicodusport.fr\/blog\/wp-json\/wp\/v2\/posts\/334078","targetHints":{"allow":["GET"]}}],"collection":[{"href":"https:\/\/dicodusport.fr\/blog\/wp-json\/wp\/v2\/posts"}],"about":[{"href":"https:\/\/dicodusport.fr\/blog\/wp-json\/wp\/v2\/types\/post"}],"author":[{"embeddable":true,"href":"https:\/\/dicodusport.fr\/blog\/wp-json\/wp\/v2\/users\/48"}],"replies":[{"embeddable":true,"href":"https:\/\/dicodusport.fr\/blog\/wp-json\/wp\/v2\/comments?post=334078"}],"version-history":[{"count":0,"href":"https:\/\/dicodusport.fr\/blog\/wp-json\/wp\/v2\/posts\/334078\/revisions"}],"wp:featuredmedia":[{"embeddable":true,"href":"https:\/\/dicodusport.fr\/blog\/wp-json\/wp\/v2\/media\/334935"}],"wp:attachment":[{"href":"https:\/\/dicodusport.fr\/blog\/wp-json\/wp\/v2\/media?parent=334078"}],"wp:term":[{"taxonomy":"category","embeddable":true,"href":"https:\/\/dicodusport.fr\/blog\/wp-json\/wp\/v2\/categories?post=334078"},{"taxonomy":"post_tag","embeddable":true,"href":"https:\/\/dicodusport.fr\/blog\/wp-json\/wp\/v2\/tags?post=334078"}],"curies":[{"name":"wp","href":"https:\/\/api.w.org\/{rel}","templated":true}]}}