{"id":334488,"date":"2022-12-28T12:09:36","date_gmt":"2022-12-28T11:09:36","guid":{"rendered":"https:\/\/dicodusport.fr\/blog\/?p=334488&#038;preview=true&#038;preview_id=334488"},"modified":"2022-12-29T00:17:39","modified_gmt":"2022-12-28T23:17:39","slug":"mercato-damian-penaud-a-fait-son-choix","status":"publish","type":"post","link":"https:\/\/dicodusport.fr\/blog\/mercato-damian-penaud-a-fait-son-choix\/","title":{"rendered":"Mercato : Damian Penaud a fait son choix !"},"content":{"rendered":"<p align=\"justify\"><em><strong>MERCATO TOP 14 &#8211; On tient l&rsquo;\u00e9pilogue du feuilleton Damian Penaud ! L&rsquo;ailier\/centre international de l&rsquo;ASM Clermont, en fin de contrat en Auvergne en juin prochain, \u00e9voluera la saison prochaine \u00e0 l&rsquo;UBB, et ce pour trois ans.\u00a0<\/strong><\/em><\/p>\n<p align=\"justify\">Il a fait son choix ! Apr\u00e8s neuf saisons dans les rangs de l&rsquo;ASM Clermont, dont les sept derni\u00e8res au sein de l&rsquo;effectif professionnel, <a href=\"https:\/\/dicodusport.fr\/blog\/toulouse-la-rochelle-ubb-asm-le-point-sur-le-dossier-damian-penaud\/\"><strong>Damian Penaud<\/strong><\/a> va quitter l&rsquo;Auvergne. L&rsquo;ailier\/centre international aux 37 s\u00e9lections et 21 essais avec le XV de France \u00e9voluera lors des trois prochaines saisons dans les rangs de l&rsquo;<strong>UBB<\/strong>. Le joueur de 26 ans a fait le choix d&rsquo;un nouveau challenge, faisant passer le projet sportif avant le reste.<\/p>\n<h2 style=\"text-align: justify;\" align=\"justify\">Penaud, le choix sportif<\/h2>\n<p align=\"justify\">En Gironde, Penaud va retrouver ses acolytes de l&rsquo;\u00e9quipe de France, <strong>Matthieu Jalibert<\/strong>, <strong>Maxime Lucu<\/strong> ou encore <strong>Yoram Moefana<\/strong>. Surtout, il sera au c\u0153ur du nouvel \u00e9lan donn\u00e9 au club girondin par le pr\u00e9sident Laurent Marti, avec les arriv\u00e9es de <strong>Yannick Bru<\/strong> dans le r\u00f4le de manager sportif, et de <strong>Thibault Giroud<\/strong>, l&rsquo;actuel directeur de la performance du XV de France, qu&rsquo;il c\u00f4toie depuis 2019. Dans les colonnes de <a href=\"https:\/\/www.lequipe.fr\/Rugby\/Actualites\/Transferts-damian-penaud-clermont-a-choisi-bordeaux-begles\/1371874\" target=\"_blank\" rel=\"nofollow noopener\"><em>L&rsquo;\u00c9quipe<\/em><\/a>, le Briviste d&rsquo;origine s&rsquo;est confi\u00e9 sur son choix, admettant que <i>\u00ab le choix de quitter Clermont a \u00e9t\u00e9 difficile \u00bb<\/i>. De son c\u00f4t\u00e9, <a href=\"https:\/\/www.ubbrugby.com\/actualites\/8573-damian-penaud-s-engage-a-l-ubb.html\" target=\"_blank\" rel=\"nofollow noopener\">l&rsquo;UBB a officialis\u00e9 l&rsquo;arriv\u00e9e de Damian Penaud<\/a> ce mercredi midi.<\/p>\n<blockquote class=\"twitter-tweet\">\n<p dir=\"ltr\" lang=\"en\">\u270d\ufe0f \u27a1\ufe0f 2\ufe0f\u20e30\ufe0f\u20e32\ufe0f\u20e36\ufe0f\u20e3 <a href=\"https:\/\/twitter.com\/hashtag\/iloveubb?src=hash&amp;ref_src=twsrc%5Etfw\">#iloveubb<\/a><\/p>\n<p>\u2014 UBB Rugby (@UBBrugby) <a href=\"https:\/\/twitter.com\/UBBrugby\/status\/1608055848357576705?ref_src=twsrc%5Etfw\">December 28, 2022<\/a><\/p><\/blockquote>\n<p><script async src=\"https:\/\/platform.twitter.com\/widgets.js\" charset=\"utf-8\"><\/script><\/p>\n<p style=\"text-align: justify;\">Ces derniers jours, la formation girondine\u00a0avait fait le forcing pour convaincre l&rsquo;un des meilleurs ailiers du monde actuellement. Apr\u00e8s une rencontre en visioconf\u00e9rence avec <strong>Yannick Bru<\/strong> d\u00e9but d\u00e9cembre, le club girondin \u00e9tait devenu favori pour accueillir <strong>Damian Penaud<\/strong>. D&rsquo;autant que Toulouse, qui avait la pr\u00e9f\u00e9rence du joueur jusqu&rsquo;\u00e0 r\u00e9cemment encore, n&rsquo;est jamais pass\u00e9 ouvertement \u00e0 l&rsquo;action, pr\u00e9f\u00e9rant travailler sur les dossiers Delibes, Lebel et Mallia, avec toujours le souci d&rsquo;un salary cap moindre la saison prochaine.<\/p>\n<p style=\"text-align: justify;\">Le Stade Rochelais \u00e9tait \u00e9galement sur les rangs, le Clermontois ayant m\u00eame rencontr\u00e9 Ronan O&rsquo;Gara. Mais l&rsquo;<strong>Union Bordeaux-B\u00e8gles<\/strong>, pour toutes les raisons cit\u00e9es plus haut, a su convaincre le meilleur joueur de la derni\u00e8re tourn\u00e9e d&rsquo;automne.<\/p>\n","protected":false},"excerpt":{"rendered":"<p>TOP 14 &#8211; On tient l&rsquo;\u00e9pilogue du feuilleton Damian Penaud ! L&rsquo;ailier\/centre international de l&rsquo;ASM Clermont \u00e9voluera la saison prochaine \u00e0 l&rsquo;UBB, et ce pour trois ans.\u00a0<\/p>\n","protected":false},"author":4,"featured_media":334514,"comment_status":"open","ping_status":"closed","sticky":false,"template":"","format":"standard","meta":{"_acf_changed":false,"_daextam_enable_autolinks":"","footnotes":""},"categories":[9129,47050],"tags":[7689,8757,111,1567,1568],"class_list":["post-334488","post","type-post","status-publish","format-standard","has-post-thumbnail","hentry","category-rugby-a-xv","category-top-14","tag-damian-penaud","tag-penaud","tag-top-14","tag-ubb","tag-union-bordeaux-begles"],"acf":[],"yoast_head":"<!-- This site is optimized with the Yoast SEO Premium plugin v26.7 (Yoast SEO v26.7) - https:\/\/yoast.com\/wordpress\/plugins\/seo\/ -->\n<title>Mercato : Damian Penaud a fait son choix !<\/title>\n<meta name=\"description\" content=\"On tient l&#039;\u00e9pilogue du feuilleton Damian Penaud ! L&#039;ailier\/centre international de l&#039;ASM Clermont \u00e9voluera la saison prochaine \u00e0 l&#039;UBB.\" \/>\n<meta name=\"robots\" content=\"index, follow, max-snippet:-1, max-image-preview:large, max-video-preview:-1\" \/>\n<link rel=\"canonical\" href=\"https:\/\/dicodusport.fr\/blog\/mercato-damian-penaud-a-fait-son-choix\/\" \/>\n<meta property=\"og:locale\" content=\"fr_FR\" \/>\n<meta property=\"og:type\" content=\"article\" \/>\n<meta property=\"og:title\" content=\"Mercato : Damian Penaud a fait son choix !\" \/>\n<meta property=\"og:description\" content=\"On tient l&#039;\u00e9pilogue du feuilleton Damian Penaud ! L&#039;ailier\/centre international de l&#039;ASM Clermont \u00e9voluera la saison prochaine \u00e0 l&#039;UBB.\" \/>\n<meta property=\"og:url\" content=\"https:\/\/dicodusport.fr\/blog\/mercato-damian-penaud-a-fait-son-choix\/\" \/>\n<meta property=\"og:site_name\" content=\"Dicodusport\" \/>\n<meta property=\"article:publisher\" content=\"https:\/\/www.facebook.com\/dicodusport\" \/>\n<meta property=\"article:author\" content=\"https:\/\/www.facebook.com\/florent.ostermann\" \/>\n<meta property=\"article:published_time\" content=\"2022-12-28T11:09:36+00:00\" \/>\n<meta property=\"article:modified_time\" content=\"2022-12-28T23:17:39+00:00\" \/>\n<meta property=\"og:image\" content=\"https:\/\/dicodusport.fr\/blog\/wp-content\/uploads\/2022\/12\/Mercato-Damian-Penaud-a-fait-son-choix-.png\" \/>\n\t<meta property=\"og:image:width\" content=\"800\" \/>\n\t<meta property=\"og:image:height\" content=\"445\" \/>\n\t<meta property=\"og:image:type\" content=\"image\/png\" \/>\n<meta name=\"author\" content=\"Flo Ostermann\" \/>\n<meta name=\"twitter:card\" content=\"summary_large_image\" \/>\n<meta name=\"twitter:title\" content=\"Mercato : Damian Penaud a fait son choix !\" \/>\n<meta name=\"twitter:creator\" content=\"@https:\/\/twitter.com\/FlOstermann\" \/>\n<meta name=\"twitter:site\" content=\"@dicodusport\" \/>\n<script type=\"application\/ld+json\" class=\"yoast-schema-graph\">{\"@context\":\"https:\/\/schema.org\",\"@graph\":[{\"@type\":\"NewsArticle\",\"@id\":\"https:\/\/dicodusport.fr\/blog\/mercato-damian-penaud-a-fait-son-choix\/#article\",\"isPartOf\":{\"@id\":\"https:\/\/dicodusport.fr\/blog\/mercato-damian-penaud-a-fait-son-choix\/\"},\"author\":{\"name\":\"Flo Ostermann\",\"@id\":\"https:\/\/dicodusport.fr\/blog\/#\/schema\/person\/cb02af4c173ce4a653b55e9baf388d4a\"},\"headline\":\"Mercato : Damian Penaud a fait son choix !\",\"datePublished\":\"2022-12-28T11:09:36+00:00\",\"dateModified\":\"2022-12-28T23:17:39+00:00\",\"mainEntityOfPage\":{\"@id\":\"https:\/\/dicodusport.fr\/blog\/mercato-damian-penaud-a-fait-son-choix\/\"},\"wordCount\":383,\"commentCount\":0,\"publisher\":{\"@id\":\"https:\/\/dicodusport.fr\/blog\/#organization\"},\"image\":{\"@id\":\"https:\/\/dicodusport.fr\/blog\/mercato-damian-penaud-a-fait-son-choix\/#primaryimage\"},\"thumbnailUrl\":\"https:\/\/dicodusport.fr\/blog\/wp-content\/uploads\/2022\/12\/Mercato-Damian-Penaud-a-fait-son-choix-.png\",\"keywords\":[\"Damian Penaud\",\"Penaud\",\"Top 14\",\"UBB\",\"Union Bordeaux-B\u00e8gles\"],\"articleSection\":[\"Rugby \u00e0 XV\",\"Top 14\"],\"inLanguage\":\"fr-FR\",\"potentialAction\":[{\"@type\":\"CommentAction\",\"name\":\"Comment\",\"target\":[\"https:\/\/dicodusport.fr\/blog\/mercato-damian-penaud-a-fait-son-choix\/#respond\"]}],\"copyrightYear\":\"2022\",\"copyrightHolder\":{\"@id\":\"https:\/\/dicodusport.fr\/blog\/#organization\"}},{\"@type\":\"WebPage\",\"@id\":\"https:\/\/dicodusport.fr\/blog\/mercato-damian-penaud-a-fait-son-choix\/\",\"url\":\"https:\/\/dicodusport.fr\/blog\/mercato-damian-penaud-a-fait-son-choix\/\",\"name\":\"Mercato : Damian Penaud a fait son choix !\",\"isPartOf\":{\"@id\":\"https:\/\/dicodusport.fr\/blog\/#website\"},\"primaryImageOfPage\":{\"@id\":\"https:\/\/dicodusport.fr\/blog\/mercato-damian-penaud-a-fait-son-choix\/#primaryimage\"},\"image\":{\"@id\":\"https:\/\/dicodusport.fr\/blog\/mercato-damian-penaud-a-fait-son-choix\/#primaryimage\"},\"thumbnailUrl\":\"https:\/\/dicodusport.fr\/blog\/wp-content\/uploads\/2022\/12\/Mercato-Damian-Penaud-a-fait-son-choix-.png\",\"datePublished\":\"2022-12-28T11:09:36+00:00\",\"dateModified\":\"2022-12-28T23:17:39+00:00\",\"description\":\"On tient l'\u00e9pilogue du feuilleton Damian Penaud ! L'ailier\/centre international de l'ASM Clermont \u00e9voluera la saison prochaine \u00e0 l'UBB.\",\"breadcrumb\":{\"@id\":\"https:\/\/dicodusport.fr\/blog\/mercato-damian-penaud-a-fait-son-choix\/#breadcrumb\"},\"inLanguage\":\"fr-FR\",\"potentialAction\":[{\"@type\":\"ReadAction\",\"target\":[\"https:\/\/dicodusport.fr\/blog\/mercato-damian-penaud-a-fait-son-choix\/\"]}]},{\"@type\":\"ImageObject\",\"inLanguage\":\"fr-FR\",\"@id\":\"https:\/\/dicodusport.fr\/blog\/mercato-damian-penaud-a-fait-son-choix\/#primaryimage\",\"url\":\"https:\/\/dicodusport.fr\/blog\/wp-content\/uploads\/2022\/12\/Mercato-Damian-Penaud-a-fait-son-choix-.png\",\"contentUrl\":\"https:\/\/dicodusport.fr\/blog\/wp-content\/uploads\/2022\/12\/Mercato-Damian-Penaud-a-fait-son-choix-.png\",\"width\":800,\"height\":445,\"caption\":\"Damian Penaud a fait son choix, et ce sera l'UBB - Photo Icon Sport\"},{\"@type\":\"BreadcrumbList\",\"@id\":\"https:\/\/dicodusport.fr\/blog\/mercato-damian-penaud-a-fait-son-choix\/#breadcrumb\",\"itemListElement\":[{\"@type\":\"ListItem\",\"position\":1,\"name\":\"Accueil\",\"item\":\"https:\/\/dicodusport.fr\/blog\/\"},{\"@type\":\"ListItem\",\"position\":2,\"name\":\"Mercato : Damian Penaud a fait son choix !\"}]},{\"@type\":\"WebSite\",\"@id\":\"https:\/\/dicodusport.fr\/blog\/#website\",\"url\":\"https:\/\/dicodusport.fr\/blog\/\",\"name\":\"Dicodusport\",\"description\":\"L&#039;encyclop\u00e9die de l&#039;actualit\u00e9 sportive\",\"publisher\":{\"@id\":\"https:\/\/dicodusport.fr\/blog\/#organization\"},\"potentialAction\":[{\"@type\":\"SearchAction\",\"target\":{\"@type\":\"EntryPoint\",\"urlTemplate\":\"https:\/\/dicodusport.fr\/blog\/?s={search_term_string}\"},\"query-input\":{\"@type\":\"PropertyValueSpecification\",\"valueRequired\":true,\"valueName\":\"search_term_string\"}}],\"inLanguage\":\"fr-FR\"},{\"@type\":\"NewsMediaOrganization\",\"@id\":\"https:\/\/dicodusport.fr\/blog\/#organization\",\"name\":\"Dicodusport\",\"url\":\"https:\/\/dicodusport.fr\/blog\/\",\"logo\":{\"@type\":\"ImageObject\",\"inLanguage\":\"fr-FR\",\"@id\":\"https:\/\/dicodusport.fr\/blog\/#\/schema\/logo\/image\/\",\"url\":\"https:\/\/dicodusport.fr\/blog\/wp-content\/uploads\/2020\/06\/cropped-LOGO-DICODUSPORT-2020-SANS-FOND-SANS-TEXTE.png\",\"contentUrl\":\"https:\/\/dicodusport.fr\/blog\/wp-content\/uploads\/2020\/06\/cropped-LOGO-DICODUSPORT-2020-SANS-FOND-SANS-TEXTE.png\",\"width\":512,\"height\":512,\"caption\":\"Dicodusport\"},\"image\":{\"@id\":\"https:\/\/dicodusport.fr\/blog\/#\/schema\/logo\/image\/\"},\"sameAs\":[\"https:\/\/www.facebook.com\/dicodusport\",\"https:\/\/x.com\/dicodusport\",\"https:\/\/www.instagram.com\/dicodusport\/\",\"https:\/\/www.youtube.com\/channel\/UC7V2KZ5sd3htJivAbA4ZG3w\"],\"description\":\"Dicodusport est l'encyclop\u00e9die de l'actualit\u00e9 sportive.\",\"email\":\"bonjour@dicodusport.fr\",\"legalName\":\"DICODUSPORT\",\"foundingDate\":\"2018-01-14\",\"vatID\":\"FR71834470973\",\"taxID\":\"83447097300043\",\"numberOfEmployees\":{\"@type\":\"QuantitativeValue\",\"minValue\":\"1\",\"maxValue\":\"10\"}},{\"@type\":\"Person\",\"@id\":\"https:\/\/dicodusport.fr\/blog\/#\/schema\/person\/cb02af4c173ce4a653b55e9baf388d4a\",\"name\":\"Flo Ostermann\",\"image\":{\"@type\":\"ImageObject\",\"inLanguage\":\"fr-FR\",\"@id\":\"https:\/\/dicodusport.fr\/blog\/#\/schema\/person\/image\/\",\"url\":\"https:\/\/dicodusport.fr\/blog\/wp-content\/uploads\/2021\/05\/Flo-Ostermann-150x150.jpg\",\"contentUrl\":\"https:\/\/dicodusport.fr\/blog\/wp-content\/uploads\/2021\/05\/Flo-Ostermann-150x150.jpg\",\"caption\":\"Flo Ostermann\"},\"description\":\"Journaliste\/R\u00e9dacteur depuis septembre 2015 - Mes premiers souvenirs dans le sport ? Les envol\u00e9es du Stade Toulousain et les duels Villeneuve-Schumacher et H\u00e4kkinen-Schumacher \u00e0 la fin des ann\u00e9es 90, la Coupe du monde de football en 1998, l\u2019exploit du XV de France face aux All Blacks en 1999, mais aussi Richard C\u0153ur de Lion qui vole sur les montagnes du Tour de France. Bien parti pour devenir professeur d\u2019EPS, les \u00e9v\u00e9nements de la vie (et la flemme d\u2019animer des s\u00e9ances de 3x500 m\u00e8tres toute ma vie) m\u2019ont conduit \u00e0 revoir mes plans. Me voil\u00e0 depuis fin 2017 sur Dicodusport, m\u00e9dia gr\u00e2ce (et pour) lequel je partage ma passion : le sport dans tous ses \u00e9tats. Le tout accompagn\u00e9 par les fous furieux et folles furieuses cit\u00e9s sur cette page !\",\"sameAs\":[\"https:\/\/www.facebook.com\/florent.ostermann\",\"https:\/\/x.com\/https:\/\/twitter.com\/FlOstermann\",\"admin\"],\"url\":\"https:\/\/dicodusport.fr\/blog\/author\/flo\/\"}]}<\/script>\n<!-- \/ Yoast SEO Premium plugin. -->","yoast_head_json":{"title":"Mercato : Damian Penaud a fait son choix !","description":"On tient l'\u00e9pilogue du feuilleton Damian Penaud ! L'ailier\/centre international de l'ASM Clermont \u00e9voluera la saison prochaine \u00e0 l'UBB.","robots":{"index":"index","follow":"follow","max-snippet":"max-snippet:-1","max-image-preview":"max-image-preview:large","max-video-preview":"max-video-preview:-1"},"canonical":"https:\/\/dicodusport.fr\/blog\/mercato-damian-penaud-a-fait-son-choix\/","og_locale":"fr_FR","og_type":"article","og_title":"Mercato : Damian Penaud a fait son choix !","og_description":"On tient l'\u00e9pilogue du feuilleton Damian Penaud ! L'ailier\/centre international de l'ASM Clermont \u00e9voluera la saison prochaine \u00e0 l'UBB.","og_url":"https:\/\/dicodusport.fr\/blog\/mercato-damian-penaud-a-fait-son-choix\/","og_site_name":"Dicodusport","article_publisher":"https:\/\/www.facebook.com\/dicodusport","article_author":"https:\/\/www.facebook.com\/florent.ostermann","article_published_time":"2022-12-28T11:09:36+00:00","article_modified_time":"2022-12-28T23:17:39+00:00","og_image":[{"width":800,"height":445,"url":"https:\/\/dicodusport.fr\/blog\/wp-content\/uploads\/2022\/12\/Mercato-Damian-Penaud-a-fait-son-choix-.png","type":"image\/png"}],"author":"Flo Ostermann","twitter_card":"summary_large_image","twitter_title":"Mercato : Damian Penaud a fait son choix !","twitter_creator":"@https:\/\/twitter.com\/FlOstermann","twitter_site":"@dicodusport","schema":{"@context":"https:\/\/schema.org","@graph":[{"@type":"NewsArticle","@id":"https:\/\/dicodusport.fr\/blog\/mercato-damian-penaud-a-fait-son-choix\/#article","isPartOf":{"@id":"https:\/\/dicodusport.fr\/blog\/mercato-damian-penaud-a-fait-son-choix\/"},"author":{"name":"Flo Ostermann","@id":"https:\/\/dicodusport.fr\/blog\/#\/schema\/person\/cb02af4c173ce4a653b55e9baf388d4a"},"headline":"Mercato : Damian Penaud a fait son choix !","datePublished":"2022-12-28T11:09:36+00:00","dateModified":"2022-12-28T23:17:39+00:00","mainEntityOfPage":{"@id":"https:\/\/dicodusport.fr\/blog\/mercato-damian-penaud-a-fait-son-choix\/"},"wordCount":383,"commentCount":0,"publisher":{"@id":"https:\/\/dicodusport.fr\/blog\/#organization"},"image":{"@id":"https:\/\/dicodusport.fr\/blog\/mercato-damian-penaud-a-fait-son-choix\/#primaryimage"},"thumbnailUrl":"https:\/\/dicodusport.fr\/blog\/wp-content\/uploads\/2022\/12\/Mercato-Damian-Penaud-a-fait-son-choix-.png","keywords":["Damian Penaud","Penaud","Top 14","UBB","Union Bordeaux-B\u00e8gles"],"articleSection":["Rugby \u00e0 XV","Top 14"],"inLanguage":"fr-FR","potentialAction":[{"@type":"CommentAction","name":"Comment","target":["https:\/\/dicodusport.fr\/blog\/mercato-damian-penaud-a-fait-son-choix\/#respond"]}],"copyrightYear":"2022","copyrightHolder":{"@id":"https:\/\/dicodusport.fr\/blog\/#organization"}},{"@type":"WebPage","@id":"https:\/\/dicodusport.fr\/blog\/mercato-damian-penaud-a-fait-son-choix\/","url":"https:\/\/dicodusport.fr\/blog\/mercato-damian-penaud-a-fait-son-choix\/","name":"Mercato : Damian Penaud a fait son choix !","isPartOf":{"@id":"https:\/\/dicodusport.fr\/blog\/#website"},"primaryImageOfPage":{"@id":"https:\/\/dicodusport.fr\/blog\/mercato-damian-penaud-a-fait-son-choix\/#primaryimage"},"image":{"@id":"https:\/\/dicodusport.fr\/blog\/mercato-damian-penaud-a-fait-son-choix\/#primaryimage"},"thumbnailUrl":"https:\/\/dicodusport.fr\/blog\/wp-content\/uploads\/2022\/12\/Mercato-Damian-Penaud-a-fait-son-choix-.png","datePublished":"2022-12-28T11:09:36+00:00","dateModified":"2022-12-28T23:17:39+00:00","description":"On tient l'\u00e9pilogue du feuilleton Damian Penaud ! L'ailier\/centre international de l'ASM Clermont \u00e9voluera la saison prochaine \u00e0 l'UBB.","breadcrumb":{"@id":"https:\/\/dicodusport.fr\/blog\/mercato-damian-penaud-a-fait-son-choix\/#breadcrumb"},"inLanguage":"fr-FR","potentialAction":[{"@type":"ReadAction","target":["https:\/\/dicodusport.fr\/blog\/mercato-damian-penaud-a-fait-son-choix\/"]}]},{"@type":"ImageObject","inLanguage":"fr-FR","@id":"https:\/\/dicodusport.fr\/blog\/mercato-damian-penaud-a-fait-son-choix\/#primaryimage","url":"https:\/\/dicodusport.fr\/blog\/wp-content\/uploads\/2022\/12\/Mercato-Damian-Penaud-a-fait-son-choix-.png","contentUrl":"https:\/\/dicodusport.fr\/blog\/wp-content\/uploads\/2022\/12\/Mercato-Damian-Penaud-a-fait-son-choix-.png","width":800,"height":445,"caption":"Damian Penaud a fait son choix, et ce sera l'UBB - Photo Icon Sport"},{"@type":"BreadcrumbList","@id":"https:\/\/dicodusport.fr\/blog\/mercato-damian-penaud-a-fait-son-choix\/#breadcrumb","itemListElement":[{"@type":"ListItem","position":1,"name":"Accueil","item":"https:\/\/dicodusport.fr\/blog\/"},{"@type":"ListItem","position":2,"name":"Mercato : Damian Penaud a fait son choix !"}]},{"@type":"WebSite","@id":"https:\/\/dicodusport.fr\/blog\/#website","url":"https:\/\/dicodusport.fr\/blog\/","name":"Dicodusport","description":"L&#039;encyclop\u00e9die de l&#039;actualit\u00e9 sportive","publisher":{"@id":"https:\/\/dicodusport.fr\/blog\/#organization"},"potentialAction":[{"@type":"SearchAction","target":{"@type":"EntryPoint","urlTemplate":"https:\/\/dicodusport.fr\/blog\/?s={search_term_string}"},"query-input":{"@type":"PropertyValueSpecification","valueRequired":true,"valueName":"search_term_string"}}],"inLanguage":"fr-FR"},{"@type":"NewsMediaOrganization","@id":"https:\/\/dicodusport.fr\/blog\/#organization","name":"Dicodusport","url":"https:\/\/dicodusport.fr\/blog\/","logo":{"@type":"ImageObject","inLanguage":"fr-FR","@id":"https:\/\/dicodusport.fr\/blog\/#\/schema\/logo\/image\/","url":"https:\/\/dicodusport.fr\/blog\/wp-content\/uploads\/2020\/06\/cropped-LOGO-DICODUSPORT-2020-SANS-FOND-SANS-TEXTE.png","contentUrl":"https:\/\/dicodusport.fr\/blog\/wp-content\/uploads\/2020\/06\/cropped-LOGO-DICODUSPORT-2020-SANS-FOND-SANS-TEXTE.png","width":512,"height":512,"caption":"Dicodusport"},"image":{"@id":"https:\/\/dicodusport.fr\/blog\/#\/schema\/logo\/image\/"},"sameAs":["https:\/\/www.facebook.com\/dicodusport","https:\/\/x.com\/dicodusport","https:\/\/www.instagram.com\/dicodusport\/","https:\/\/www.youtube.com\/channel\/UC7V2KZ5sd3htJivAbA4ZG3w"],"description":"Dicodusport est l'encyclop\u00e9die de l'actualit\u00e9 sportive.","email":"bonjour@dicodusport.fr","legalName":"DICODUSPORT","foundingDate":"2018-01-14","vatID":"FR71834470973","taxID":"83447097300043","numberOfEmployees":{"@type":"QuantitativeValue","minValue":"1","maxValue":"10"}},{"@type":"Person","@id":"https:\/\/dicodusport.fr\/blog\/#\/schema\/person\/cb02af4c173ce4a653b55e9baf388d4a","name":"Flo Ostermann","image":{"@type":"ImageObject","inLanguage":"fr-FR","@id":"https:\/\/dicodusport.fr\/blog\/#\/schema\/person\/image\/","url":"https:\/\/dicodusport.fr\/blog\/wp-content\/uploads\/2021\/05\/Flo-Ostermann-150x150.jpg","contentUrl":"https:\/\/dicodusport.fr\/blog\/wp-content\/uploads\/2021\/05\/Flo-Ostermann-150x150.jpg","caption":"Flo Ostermann"},"description":"Journaliste\/R\u00e9dacteur depuis septembre 2015 - Mes premiers souvenirs dans le sport ? Les envol\u00e9es du Stade Toulousain et les duels Villeneuve-Schumacher et H\u00e4kkinen-Schumacher \u00e0 la fin des ann\u00e9es 90, la Coupe du monde de football en 1998, l\u2019exploit du XV de France face aux All Blacks en 1999, mais aussi Richard C\u0153ur de Lion qui vole sur les montagnes du Tour de France. Bien parti pour devenir professeur d\u2019EPS, les \u00e9v\u00e9nements de la vie (et la flemme d\u2019animer des s\u00e9ances de 3x500 m\u00e8tres toute ma vie) m\u2019ont conduit \u00e0 revoir mes plans. Me voil\u00e0 depuis fin 2017 sur Dicodusport, m\u00e9dia gr\u00e2ce (et pour) lequel je partage ma passion : le sport dans tous ses \u00e9tats. Le tout accompagn\u00e9 par les fous furieux et folles furieuses cit\u00e9s sur cette page !","sameAs":["https:\/\/www.facebook.com\/florent.ostermann","https:\/\/x.com\/https:\/\/twitter.com\/FlOstermann","admin"],"url":"https:\/\/dicodusport.fr\/blog\/author\/flo\/"}]}},"_links":{"self":[{"href":"https:\/\/dicodusport.fr\/blog\/wp-json\/wp\/v2\/posts\/334488","targetHints":{"allow":["GET"]}}],"collection":[{"href":"https:\/\/dicodusport.fr\/blog\/wp-json\/wp\/v2\/posts"}],"about":[{"href":"https:\/\/dicodusport.fr\/blog\/wp-json\/wp\/v2\/types\/post"}],"author":[{"embeddable":true,"href":"https:\/\/dicodusport.fr\/blog\/wp-json\/wp\/v2\/users\/4"}],"replies":[{"embeddable":true,"href":"https:\/\/dicodusport.fr\/blog\/wp-json\/wp\/v2\/comments?post=334488"}],"version-history":[{"count":0,"href":"https:\/\/dicodusport.fr\/blog\/wp-json\/wp\/v2\/posts\/334488\/revisions"}],"wp:featuredmedia":[{"embeddable":true,"href":"https:\/\/dicodusport.fr\/blog\/wp-json\/wp\/v2\/media\/334514"}],"wp:attachment":[{"href":"https:\/\/dicodusport.fr\/blog\/wp-json\/wp\/v2\/media?parent=334488"}],"wp:term":[{"taxonomy":"category","embeddable":true,"href":"https:\/\/dicodusport.fr\/blog\/wp-json\/wp\/v2\/categories?post=334488"},{"taxonomy":"post_tag","embeddable":true,"href":"https:\/\/dicodusport.fr\/blog\/wp-json\/wp\/v2\/tags?post=334488"}],"curies":[{"name":"wp","href":"https:\/\/api.w.org\/{rel}","templated":true}]}}