{"id":33475,"date":"2019-02-12T11:00:05","date_gmt":"2019-02-12T10:00:05","guid":{"rendered":"http:\/\/dicodusport.fr\/blog\/?p=33475"},"modified":"2019-02-12T12:16:20","modified_gmt":"2019-02-12T11:16:20","slug":"julien-wanders-un-homme-presse","status":"publish","type":"post","link":"https:\/\/dicodusport.fr\/blog\/julien-wanders-un-homme-presse\/","title":{"rendered":"Julien Wanders, un homme press\u00e9"},"content":{"rendered":"<p style=\"text-align: justify;\"><em><strong>Suite \u00e0 son record d&rsquo;Europe du semi-marathon la semaine derni\u00e8re, nous avons d\u00e9cid\u00e9 de vous pr\u00e9senter l&rsquo;athl\u00e8te Suisse Julien Wanders \u00e0 travers son parcours et sur ses objectifs \u00e0 court et moyen terme. Focus sur un athl\u00e8te \u00e0 la progression croissante, qui court apr\u00e8s le temps&#8230;<\/strong><\/em><\/p>\n<p style=\"text-align: justify;\">S&rsquo;il y en a bien un qui se fait un malin plaisir \u00e0 tordre le cou aux st\u00e9r\u00e9otypes sur la Suisse, et notamment sur le fait que nos voisins soient consid\u00e9r\u00e9s comme \u00e9tant particuli\u00e8rement lents, c&rsquo;est bien lui. Lui ? C&rsquo;est Julien Wanders, athl\u00e8te helv\u00e8te donc, qui accumule les records avec pour dernier exploit, un chrono de 59 minutes et 13 secondes au semi-marathon de\u00a0Ras Al Khaimah aux Emirats Arabes Unis vendredi dernier. Avec ce chrono, il efface des tablettes Mo Farah, qui \u00e9tait le d\u00e9tenteur du record depuis 2015 avec un temps de 59&rsquo;32.<\/p>\n<h1 style=\"text-align: justify;\">Une progression constante<\/h1>\n<p style=\"text-align: justify;\">Alors qu&rsquo;il f\u00eatera ses 23 ans en mars prochain, l&rsquo;athl\u00e8te est en train de se constituer un palmar\u00e8s cons\u00e9quent dans la discipline de la course \u00e0 pied sur route. Sp\u00e9cialiste du 10 km, il a tout d&rsquo;abord battu le record national de la distance en 2016 avant de s&rsquo;offrir quelques mois plus tard le meilleur chrono national de sa cat\u00e9gorie (U23) sur semi-marathon, alors qu&rsquo;il s&rsquo;\u00e9lan\u00e7ait sur la distance pour la premi\u00e8re fois. Le chrono avait d\u00e9j\u00e0 de quoi faire p\u00e2lir les plus grands : 1h01&rsquo;43\u201d ! Apr\u00e8s avoir am\u00e9lior\u00e9 son record sur 10 km, et donc le record national \u00e0 plusieurs reprises en 2017, Julien Wanders allait v\u00e9ritablement commencer \u00e0 marquer les esprits l&rsquo;ann\u00e9e suivante.<\/p>\n<p style=\"text-align: justify;\">En 2018 donc, le record d&rsquo;Europe du 10 km devenait sa propri\u00e9t\u00e9. Apr\u00e8s un premier chrono de 27&rsquo;32 \u00e0 Durban en Afrique du Sud, c&rsquo;est en France, et plus pr\u00e9cis\u00e9ment \u00e0 Houilles le 30 d\u00e9cembre dernier, que celui qui s&rsquo;entra\u00eene au Kenya allait s&rsquo;adjuger encore un peu plus ce record avec un temps de 27&rsquo;25, soit pr\u00e8s de 22km\/h sur la distance.<\/p>\n<p style=\"text-align: justify;\">Un mois et demi \u00e0 peine apr\u00e8s ce record, et \u00e9tant malade deux jours avant la course, il allait donc porter l&rsquo;estocade sur le semi-marathon en signant la meilleure performance europ\u00e9enne de tous les temps. Pour vous donner une id\u00e9e encore plus hallucinante de la performance, cela correspondrait \u00e0 courir 200m en moins de 34 secondes pendant 21.097 km !<\/p>\n<div id=\"attachment_33512\" style=\"width: 1017px\" class=\"wp-caption aligncenter\"><img loading=\"lazy\" decoding=\"async\" aria-describedby=\"caption-attachment-33512\" class=\"wp-image-33512 size-full\" src=\"http:\/\/dicodusport.fr\/blog\/wp-content\/uploads\/2019\/02\/Julien-Wanders-le-ph\u00e9nom\u00e8ne-suisse-AP.jpg\" alt=\"\" width=\"1007\" height=\"420\" srcset=\"https:\/\/dicodusport.fr\/blog\/wp-content\/uploads\/2019\/02\/Julien-Wanders-le-ph\u00e9nom\u00e8ne-suisse-AP.jpg 1007w, https:\/\/dicodusport.fr\/blog\/wp-content\/uploads\/2019\/02\/Julien-Wanders-le-ph\u00e9nom\u00e8ne-suisse-AP-300x125.jpg 300w, https:\/\/dicodusport.fr\/blog\/wp-content\/uploads\/2019\/02\/Julien-Wanders-le-ph\u00e9nom\u00e8ne-suisse-AP-768x320.jpg 768w\" sizes=\"auto, (max-width: 1007px) 100vw, 1007px\" \/><p id=\"caption-attachment-33512\" class=\"wp-caption-text\">Julien Wanders, le ph\u00e9nom\u00e8ne suisse &#8211; AP<\/p><\/div>\n<h1 style=\"text-align: justify;\">Une faim de record permanente<\/h1>\n<p style=\"text-align: justify;\">Il l&rsquo;avoue lui-m\u00eame, dans un coin de sa t\u00eate, il visait m\u00eame 58 minutes lors de cette course et alors qu&rsquo;il serait facile de penser qu&rsquo;il pourrait se satisfaire de ses diff\u00e9rents records, cela serait mal conna\u00eetre le ph\u00e9nom\u00e8ne. Son prochain objectif ? \u00ab <em>Le record du monde, m\u00eame s&rsquo;il me faudra encore un peu de temps \u00bb<\/em>. Ses performances individuelles ne le rendent pas peu fier sur un plan personnel, bien entendu : <em>\u00ab<\/em> <em>c&rsquo;est bien c&rsquo;est l\u00e0 o\u00f9 je veux aller \u00bb<\/em>, mais il pense \u00e9galement aux autres coureurs europ\u00e9ens qui selon lui feront moins de complexe d&rsquo;inf\u00e9riorit\u00e9 par la suite vis-\u00e0-vis des coureurs du continent africain, ultra-dominateurs dans les courses de fond, comme il l&rsquo;a indiqu\u00e9 \u00e0 l\u2019\u00c9quipe : <em>\u00ab<\/em> <em>Je pense que j&rsquo;inspire des jeunes et des Europ\u00e9ens qui disaient que ce n&rsquo;\u00e9tait pas possible de rivaliser avec les Africains. Plus j&rsquo;avance et plus j&rsquo;y crois. Et plus j&rsquo;y crois, plus les autres y croient. C&rsquo;est une bonne vague qui va arriver. \u00bb<br \/>\n<\/em><\/p>\n<h1 style=\"text-align: justify;\">Une place \u00e0 se faire sur piste<\/h1>\n<p style=\"text-align: justify;\">D\u00e9sormais recordman d&rsquo;Europe du 10km et du semi-marathon, Julien Wanders a pour autant encore des choses \u00e0 prouver. En effet, afin de rentrer dans la l\u00e9gende de ce sport d&rsquo;une fa\u00e7on encore plus importante, il devra se faire un nom sur la piste qui se refuse encore \u00e0 lui pour le moment. En ao\u00fbt dernier, \u00e0 Berlin, il ne termina que 8\u00e8me du 10 000 m, et s&rsquo;il r\u00e9alisa sa meilleure performance sur 5 000 m lors de ces championnats d&rsquo;Europe, cela co\u00efncidait avec une 7\u00e8me place. Non qualifi\u00e9 pour les JO de 2016 ainsi que les Mondiaux 2017, il ne cache pas que l&rsquo;un de ses objectifs de l&rsquo;ann\u00e9e sera de briller lors des championnats du monde qui auront lieu \u00e0 Doha, du 29 septembre au 6 octobre prochain. Conscient de ce manque pour le moment dans sa carri\u00e8re, il reconna\u00eet de lui-m\u00eame qu&rsquo;il va \u00ab <em>falloir qu&rsquo;il commence \u00e0 montrer ce qu&rsquo;il vaut sur piste \u00bb<\/em>.<\/p>\n<p style=\"text-align: justify;\">Vous risquez encore d&rsquo;entendre parler de cet athl\u00e8te durant les prochains mois et prochaines saisons, dot\u00e9 de capacit\u00e9s physiques hors normes et d&rsquo;une mentalit\u00e9 de champion, nul doute que les r\u00e9sultats devraient suivre. Alors qu&rsquo;au Kenya, sa terre d&rsquo;accueil sportive, les enfants se demandent \u00ab <em>who are you muzungu \u00bb<\/em>* ?!\u00a0\u00bb, il s&rsquo;est fait encore un peu plus un nom ces derniers jours, et peut-\u00eatre que cette question ne se posera plus dans les ann\u00e9es \u00e0 venir.<\/p>\n<p>*Qui es-tu l&rsquo;homme blanc ?! (muzungu : homme blanc en swahili).<\/p>\n<p><strong><em>Julien Corr\u00e9ia<br \/>\n<a href=\"https:\/\/www.facebook.com\/julien.correia.52\" target=\"_blank\" rel=\"noopener\"><img loading=\"lazy\" decoding=\"async\" class=\"alignnone wp-image-2909\" src=\"http:\/\/dicodusport.fr\/blog\/wp-content\/uploads\/2017\/07\/logo-facebook-150x150.png\" alt=\"\" width=\"40\" height=\"40\" \/><\/a><a href=\"https:\/\/twitter.com\/julienco_psg70\" target=\"_blank\" rel=\"noopener\"><img loading=\"lazy\" decoding=\"async\" class=\"alignnone wp-image-2908\" src=\"http:\/\/dicodusport.fr\/blog\/wp-content\/uploads\/2017\/07\/logo-twitter-150x150.png\" alt=\"\" width=\"39\" height=\"39\" \/><\/a><\/em><\/strong><\/p>\n<p style=\"text-align: justify;\">\n","protected":false},"excerpt":{"rendered":"<p>Suite \u00e0 son record d&rsquo;Europe du semi-marathon la semaine derni\u00e8re, nous avons d\u00e9cid\u00e9 de vous pr\u00e9senter l&rsquo;athl\u00e8te Suisse Julien Wanders \u00e0 travers son parcours et sur ses objectifs \u00e0 court et moyen terme. Focus sur un athl\u00e8te \u00e0 la progression croissante, qui court apr\u00e8s le temps&#8230;<\/p>\n","protected":false},"author":37,"featured_media":33511,"comment_status":"open","ping_status":"closed","sticky":false,"template":"","format":"standard","meta":{"_acf_changed":false,"_daextam_enable_autolinks":"","footnotes":""},"categories":[2,2308],"tags":[143,889],"class_list":["post-33475","post","type-post","status-publish","format-standard","has-post-thumbnail","hentry","category-actualites","category-athletisme","tag-athletisme","tag-semi-marathon"],"acf":[],"yoast_head":"<!-- This site is optimized with the Yoast SEO Premium plugin v26.7 (Yoast SEO v26.7) - https:\/\/yoast.com\/wordpress\/plugins\/seo\/ -->\n<title>Julien Wanders, un homme press\u00e9<\/title>\n<meta name=\"description\" content=\"Alors qu&#039;il vient d&#039;obtenir le record d&#039;Europe du semi-marathon vendredi dernier aux Emirats Arabes Unis, on vous pr\u00e9sente Julien Wanders, l&#039;athl\u00e8te suisse.\" \/>\n<meta name=\"robots\" content=\"index, follow, max-snippet:-1, max-image-preview:large, max-video-preview:-1\" \/>\n<link rel=\"canonical\" href=\"https:\/\/dicodusport.fr\/blog\/julien-wanders-un-homme-presse\/\" \/>\n<meta property=\"og:locale\" content=\"fr_FR\" \/>\n<meta property=\"og:type\" content=\"article\" \/>\n<meta property=\"og:title\" content=\"Julien Wanders, un homme press\u00e9\" \/>\n<meta property=\"og:description\" content=\"Alors qu&#039;il vient d&#039;obtenir le record d&#039;Europe du semi-marathon vendredi dernier aux Emirats Arabes Unis, on vous pr\u00e9sente Julien Wanders, l&#039;athl\u00e8te suisse.\" \/>\n<meta property=\"og:url\" content=\"https:\/\/dicodusport.fr\/blog\/julien-wanders-un-homme-presse\/\" \/>\n<meta property=\"og:site_name\" content=\"Dicodusport\" \/>\n<meta property=\"article:publisher\" content=\"https:\/\/www.facebook.com\/dicodusport\" \/>\n<meta property=\"article:author\" content=\"https:\/\/www.facebook.com\/julien.correia.52\" \/>\n<meta property=\"article:published_time\" content=\"2019-02-12T10:00:05+00:00\" \/>\n<meta property=\"article:modified_time\" content=\"2019-02-12T11:16:20+00:00\" \/>\n<meta property=\"og:image\" content=\"https:\/\/dicodusport.fr\/blog\/wp-content\/uploads\/2019\/02\/Julien-Wanders.png\" \/>\n\t<meta property=\"og:image:width\" content=\"800\" \/>\n\t<meta property=\"og:image:height\" content=\"445\" \/>\n\t<meta property=\"og:image:type\" content=\"image\/png\" \/>\n<meta name=\"author\" content=\"Julien Correia\" \/>\n<meta name=\"twitter:card\" content=\"summary_large_image\" \/>\n<meta name=\"twitter:creator\" content=\"@https:\/\/twitter.com\/julienco_psg70\" \/>\n<meta name=\"twitter:site\" content=\"@dicodusport\" \/>\n<script type=\"application\/ld+json\" class=\"yoast-schema-graph\">{\"@context\":\"https:\/\/schema.org\",\"@graph\":[{\"@type\":\"NewsArticle\",\"@id\":\"https:\/\/dicodusport.fr\/blog\/julien-wanders-un-homme-presse\/#article\",\"isPartOf\":{\"@id\":\"https:\/\/dicodusport.fr\/blog\/julien-wanders-un-homme-presse\/\"},\"author\":{\"name\":\"Julien Correia\",\"@id\":\"https:\/\/dicodusport.fr\/blog\/#\/schema\/person\/0f73d157e4670e108e23009fa82f2239\"},\"headline\":\"Julien Wanders, un homme press\u00e9\",\"datePublished\":\"2019-02-12T10:00:05+00:00\",\"dateModified\":\"2019-02-12T11:16:20+00:00\",\"mainEntityOfPage\":{\"@id\":\"https:\/\/dicodusport.fr\/blog\/julien-wanders-un-homme-presse\/\"},\"wordCount\":880,\"commentCount\":0,\"publisher\":{\"@id\":\"https:\/\/dicodusport.fr\/blog\/#organization\"},\"image\":{\"@id\":\"https:\/\/dicodusport.fr\/blog\/julien-wanders-un-homme-presse\/#primaryimage\"},\"thumbnailUrl\":\"https:\/\/dicodusport.fr\/blog\/wp-content\/uploads\/2019\/02\/Julien-Wanders.png\",\"keywords\":[\"Athl\u00e9tisme\",\"semi marathon\"],\"articleSection\":[\"Actualit\u00e9s\",\"Athl\u00e9tisme\"],\"inLanguage\":\"fr-FR\",\"potentialAction\":[{\"@type\":\"CommentAction\",\"name\":\"Comment\",\"target\":[\"https:\/\/dicodusport.fr\/blog\/julien-wanders-un-homme-presse\/#respond\"]}],\"copyrightYear\":\"2019\",\"copyrightHolder\":{\"@id\":\"https:\/\/dicodusport.fr\/blog\/#organization\"}},{\"@type\":\"WebPage\",\"@id\":\"https:\/\/dicodusport.fr\/blog\/julien-wanders-un-homme-presse\/\",\"url\":\"https:\/\/dicodusport.fr\/blog\/julien-wanders-un-homme-presse\/\",\"name\":\"Julien Wanders, un homme press\u00e9\",\"isPartOf\":{\"@id\":\"https:\/\/dicodusport.fr\/blog\/#website\"},\"primaryImageOfPage\":{\"@id\":\"https:\/\/dicodusport.fr\/blog\/julien-wanders-un-homme-presse\/#primaryimage\"},\"image\":{\"@id\":\"https:\/\/dicodusport.fr\/blog\/julien-wanders-un-homme-presse\/#primaryimage\"},\"thumbnailUrl\":\"https:\/\/dicodusport.fr\/blog\/wp-content\/uploads\/2019\/02\/Julien-Wanders.png\",\"datePublished\":\"2019-02-12T10:00:05+00:00\",\"dateModified\":\"2019-02-12T11:16:20+00:00\",\"description\":\"Alors qu'il vient d'obtenir le record d'Europe du semi-marathon vendredi dernier aux Emirats Arabes Unis, on vous pr\u00e9sente Julien Wanders, l'athl\u00e8te suisse.\",\"breadcrumb\":{\"@id\":\"https:\/\/dicodusport.fr\/blog\/julien-wanders-un-homme-presse\/#breadcrumb\"},\"inLanguage\":\"fr-FR\",\"potentialAction\":[{\"@type\":\"ReadAction\",\"target\":[\"https:\/\/dicodusport.fr\/blog\/julien-wanders-un-homme-presse\/\"]}]},{\"@type\":\"ImageObject\",\"inLanguage\":\"fr-FR\",\"@id\":\"https:\/\/dicodusport.fr\/blog\/julien-wanders-un-homme-presse\/#primaryimage\",\"url\":\"https:\/\/dicodusport.fr\/blog\/wp-content\/uploads\/2019\/02\/Julien-Wanders.png\",\"contentUrl\":\"https:\/\/dicodusport.fr\/blog\/wp-content\/uploads\/2019\/02\/Julien-Wanders.png\",\"width\":800,\"height\":445},{\"@type\":\"BreadcrumbList\",\"@id\":\"https:\/\/dicodusport.fr\/blog\/julien-wanders-un-homme-presse\/#breadcrumb\",\"itemListElement\":[{\"@type\":\"ListItem\",\"position\":1,\"name\":\"Accueil\",\"item\":\"https:\/\/dicodusport.fr\/blog\/\"},{\"@type\":\"ListItem\",\"position\":2,\"name\":\"Julien Wanders, un homme press\u00e9\"}]},{\"@type\":\"WebSite\",\"@id\":\"https:\/\/dicodusport.fr\/blog\/#website\",\"url\":\"https:\/\/dicodusport.fr\/blog\/\",\"name\":\"Dicodusport\",\"description\":\"L&#039;encyclop\u00e9die de l&#039;actualit\u00e9 sportive\",\"publisher\":{\"@id\":\"https:\/\/dicodusport.fr\/blog\/#organization\"},\"potentialAction\":[{\"@type\":\"SearchAction\",\"target\":{\"@type\":\"EntryPoint\",\"urlTemplate\":\"https:\/\/dicodusport.fr\/blog\/?s={search_term_string}\"},\"query-input\":{\"@type\":\"PropertyValueSpecification\",\"valueRequired\":true,\"valueName\":\"search_term_string\"}}],\"inLanguage\":\"fr-FR\"},{\"@type\":\"NewsMediaOrganization\",\"@id\":\"https:\/\/dicodusport.fr\/blog\/#organization\",\"name\":\"Dicodusport\",\"url\":\"https:\/\/dicodusport.fr\/blog\/\",\"logo\":{\"@type\":\"ImageObject\",\"inLanguage\":\"fr-FR\",\"@id\":\"https:\/\/dicodusport.fr\/blog\/#\/schema\/logo\/image\/\",\"url\":\"https:\/\/dicodusport.fr\/blog\/wp-content\/uploads\/2020\/06\/cropped-LOGO-DICODUSPORT-2020-SANS-FOND-SANS-TEXTE.png\",\"contentUrl\":\"https:\/\/dicodusport.fr\/blog\/wp-content\/uploads\/2020\/06\/cropped-LOGO-DICODUSPORT-2020-SANS-FOND-SANS-TEXTE.png\",\"width\":512,\"height\":512,\"caption\":\"Dicodusport\"},\"image\":{\"@id\":\"https:\/\/dicodusport.fr\/blog\/#\/schema\/logo\/image\/\"},\"sameAs\":[\"https:\/\/www.facebook.com\/dicodusport\",\"https:\/\/x.com\/dicodusport\",\"https:\/\/www.instagram.com\/dicodusport\/\",\"https:\/\/www.youtube.com\/channel\/UC7V2KZ5sd3htJivAbA4ZG3w\"],\"description\":\"Dicodusport est l'encyclop\u00e9die de l'actualit\u00e9 sportive.\",\"email\":\"bonjour@dicodusport.fr\",\"legalName\":\"DICODUSPORT\",\"foundingDate\":\"2018-01-14\",\"vatID\":\"FR71834470973\",\"taxID\":\"83447097300043\",\"numberOfEmployees\":{\"@type\":\"QuantitativeValue\",\"minValue\":\"1\",\"maxValue\":\"10\"}},{\"@type\":\"Person\",\"@id\":\"https:\/\/dicodusport.fr\/blog\/#\/schema\/person\/0f73d157e4670e108e23009fa82f2239\",\"name\":\"Julien Correia\",\"image\":{\"@type\":\"ImageObject\",\"inLanguage\":\"fr-FR\",\"@id\":\"https:\/\/dicodusport.fr\/blog\/#\/schema\/person\/image\/\",\"url\":\"https:\/\/dicodusport.fr\/blog\/wp-content\/uploads\/2021\/05\/Julien-Correia-150x150.jpg\",\"contentUrl\":\"https:\/\/dicodusport.fr\/blog\/wp-content\/uploads\/2021\/05\/Julien-Correia-150x150.jpg\",\"caption\":\"Julien Correia\"},\"description\":\"Journaliste\/r\u00e9dacteur depuis janvier 2019 - Tomb\u00e9 dans le monde du ballon rond \u00e9tant petit, j\u2019aurais pu devenir pro sans ces foutus ligaments crois\u00e9s. D\u00e9filant sur les champs (mais pas Elys\u00e9es) en 98, j\u2019ai \u00e9t\u00e9 berc\u00e9 par les exploits de Mister George, piqu\u00e9 par la technique du Snake, grandi avec Captain Rai et Ronnie, m\u00fbri avec Pauleta et Edi. Mais Ibracadabra, je suis d\u00e9sormais reconverti en runner\/traileur. Moins rapide que Bolt et moins endurant que Jornet, c\u2019est donc plume \u00e0 la main que je partage les exploits de ces athl\u00e8tes !\",\"sameAs\":[\"https:\/\/www.facebook.com\/julien.correia.52\",\"https:\/\/x.com\/https:\/\/twitter.com\/julienco_psg70\"],\"url\":\"https:\/\/dicodusport.fr\/blog\/author\/julien-c\/\"}]}<\/script>\n<!-- \/ Yoast SEO Premium plugin. -->","yoast_head_json":{"title":"Julien Wanders, un homme press\u00e9","description":"Alors qu'il vient d'obtenir le record d'Europe du semi-marathon vendredi dernier aux Emirats Arabes Unis, on vous pr\u00e9sente Julien Wanders, l'athl\u00e8te suisse.","robots":{"index":"index","follow":"follow","max-snippet":"max-snippet:-1","max-image-preview":"max-image-preview:large","max-video-preview":"max-video-preview:-1"},"canonical":"https:\/\/dicodusport.fr\/blog\/julien-wanders-un-homme-presse\/","og_locale":"fr_FR","og_type":"article","og_title":"Julien Wanders, un homme press\u00e9","og_description":"Alors qu'il vient d'obtenir le record d'Europe du semi-marathon vendredi dernier aux Emirats Arabes Unis, on vous pr\u00e9sente Julien Wanders, l'athl\u00e8te suisse.","og_url":"https:\/\/dicodusport.fr\/blog\/julien-wanders-un-homme-presse\/","og_site_name":"Dicodusport","article_publisher":"https:\/\/www.facebook.com\/dicodusport","article_author":"https:\/\/www.facebook.com\/julien.correia.52","article_published_time":"2019-02-12T10:00:05+00:00","article_modified_time":"2019-02-12T11:16:20+00:00","og_image":[{"width":800,"height":445,"url":"https:\/\/dicodusport.fr\/blog\/wp-content\/uploads\/2019\/02\/Julien-Wanders.png","type":"image\/png"}],"author":"Julien Correia","twitter_card":"summary_large_image","twitter_creator":"@https:\/\/twitter.com\/julienco_psg70","twitter_site":"@dicodusport","schema":{"@context":"https:\/\/schema.org","@graph":[{"@type":"NewsArticle","@id":"https:\/\/dicodusport.fr\/blog\/julien-wanders-un-homme-presse\/#article","isPartOf":{"@id":"https:\/\/dicodusport.fr\/blog\/julien-wanders-un-homme-presse\/"},"author":{"name":"Julien Correia","@id":"https:\/\/dicodusport.fr\/blog\/#\/schema\/person\/0f73d157e4670e108e23009fa82f2239"},"headline":"Julien Wanders, un homme press\u00e9","datePublished":"2019-02-12T10:00:05+00:00","dateModified":"2019-02-12T11:16:20+00:00","mainEntityOfPage":{"@id":"https:\/\/dicodusport.fr\/blog\/julien-wanders-un-homme-presse\/"},"wordCount":880,"commentCount":0,"publisher":{"@id":"https:\/\/dicodusport.fr\/blog\/#organization"},"image":{"@id":"https:\/\/dicodusport.fr\/blog\/julien-wanders-un-homme-presse\/#primaryimage"},"thumbnailUrl":"https:\/\/dicodusport.fr\/blog\/wp-content\/uploads\/2019\/02\/Julien-Wanders.png","keywords":["Athl\u00e9tisme","semi marathon"],"articleSection":["Actualit\u00e9s","Athl\u00e9tisme"],"inLanguage":"fr-FR","potentialAction":[{"@type":"CommentAction","name":"Comment","target":["https:\/\/dicodusport.fr\/blog\/julien-wanders-un-homme-presse\/#respond"]}],"copyrightYear":"2019","copyrightHolder":{"@id":"https:\/\/dicodusport.fr\/blog\/#organization"}},{"@type":"WebPage","@id":"https:\/\/dicodusport.fr\/blog\/julien-wanders-un-homme-presse\/","url":"https:\/\/dicodusport.fr\/blog\/julien-wanders-un-homme-presse\/","name":"Julien Wanders, un homme press\u00e9","isPartOf":{"@id":"https:\/\/dicodusport.fr\/blog\/#website"},"primaryImageOfPage":{"@id":"https:\/\/dicodusport.fr\/blog\/julien-wanders-un-homme-presse\/#primaryimage"},"image":{"@id":"https:\/\/dicodusport.fr\/blog\/julien-wanders-un-homme-presse\/#primaryimage"},"thumbnailUrl":"https:\/\/dicodusport.fr\/blog\/wp-content\/uploads\/2019\/02\/Julien-Wanders.png","datePublished":"2019-02-12T10:00:05+00:00","dateModified":"2019-02-12T11:16:20+00:00","description":"Alors qu'il vient d'obtenir le record d'Europe du semi-marathon vendredi dernier aux Emirats Arabes Unis, on vous pr\u00e9sente Julien Wanders, l'athl\u00e8te suisse.","breadcrumb":{"@id":"https:\/\/dicodusport.fr\/blog\/julien-wanders-un-homme-presse\/#breadcrumb"},"inLanguage":"fr-FR","potentialAction":[{"@type":"ReadAction","target":["https:\/\/dicodusport.fr\/blog\/julien-wanders-un-homme-presse\/"]}]},{"@type":"ImageObject","inLanguage":"fr-FR","@id":"https:\/\/dicodusport.fr\/blog\/julien-wanders-un-homme-presse\/#primaryimage","url":"https:\/\/dicodusport.fr\/blog\/wp-content\/uploads\/2019\/02\/Julien-Wanders.png","contentUrl":"https:\/\/dicodusport.fr\/blog\/wp-content\/uploads\/2019\/02\/Julien-Wanders.png","width":800,"height":445},{"@type":"BreadcrumbList","@id":"https:\/\/dicodusport.fr\/blog\/julien-wanders-un-homme-presse\/#breadcrumb","itemListElement":[{"@type":"ListItem","position":1,"name":"Accueil","item":"https:\/\/dicodusport.fr\/blog\/"},{"@type":"ListItem","position":2,"name":"Julien Wanders, un homme press\u00e9"}]},{"@type":"WebSite","@id":"https:\/\/dicodusport.fr\/blog\/#website","url":"https:\/\/dicodusport.fr\/blog\/","name":"Dicodusport","description":"L&#039;encyclop\u00e9die de l&#039;actualit\u00e9 sportive","publisher":{"@id":"https:\/\/dicodusport.fr\/blog\/#organization"},"potentialAction":[{"@type":"SearchAction","target":{"@type":"EntryPoint","urlTemplate":"https:\/\/dicodusport.fr\/blog\/?s={search_term_string}"},"query-input":{"@type":"PropertyValueSpecification","valueRequired":true,"valueName":"search_term_string"}}],"inLanguage":"fr-FR"},{"@type":"NewsMediaOrganization","@id":"https:\/\/dicodusport.fr\/blog\/#organization","name":"Dicodusport","url":"https:\/\/dicodusport.fr\/blog\/","logo":{"@type":"ImageObject","inLanguage":"fr-FR","@id":"https:\/\/dicodusport.fr\/blog\/#\/schema\/logo\/image\/","url":"https:\/\/dicodusport.fr\/blog\/wp-content\/uploads\/2020\/06\/cropped-LOGO-DICODUSPORT-2020-SANS-FOND-SANS-TEXTE.png","contentUrl":"https:\/\/dicodusport.fr\/blog\/wp-content\/uploads\/2020\/06\/cropped-LOGO-DICODUSPORT-2020-SANS-FOND-SANS-TEXTE.png","width":512,"height":512,"caption":"Dicodusport"},"image":{"@id":"https:\/\/dicodusport.fr\/blog\/#\/schema\/logo\/image\/"},"sameAs":["https:\/\/www.facebook.com\/dicodusport","https:\/\/x.com\/dicodusport","https:\/\/www.instagram.com\/dicodusport\/","https:\/\/www.youtube.com\/channel\/UC7V2KZ5sd3htJivAbA4ZG3w"],"description":"Dicodusport est l'encyclop\u00e9die de l'actualit\u00e9 sportive.","email":"bonjour@dicodusport.fr","legalName":"DICODUSPORT","foundingDate":"2018-01-14","vatID":"FR71834470973","taxID":"83447097300043","numberOfEmployees":{"@type":"QuantitativeValue","minValue":"1","maxValue":"10"}},{"@type":"Person","@id":"https:\/\/dicodusport.fr\/blog\/#\/schema\/person\/0f73d157e4670e108e23009fa82f2239","name":"Julien Correia","image":{"@type":"ImageObject","inLanguage":"fr-FR","@id":"https:\/\/dicodusport.fr\/blog\/#\/schema\/person\/image\/","url":"https:\/\/dicodusport.fr\/blog\/wp-content\/uploads\/2021\/05\/Julien-Correia-150x150.jpg","contentUrl":"https:\/\/dicodusport.fr\/blog\/wp-content\/uploads\/2021\/05\/Julien-Correia-150x150.jpg","caption":"Julien Correia"},"description":"Journaliste\/r\u00e9dacteur depuis janvier 2019 - Tomb\u00e9 dans le monde du ballon rond \u00e9tant petit, j\u2019aurais pu devenir pro sans ces foutus ligaments crois\u00e9s. D\u00e9filant sur les champs (mais pas Elys\u00e9es) en 98, j\u2019ai \u00e9t\u00e9 berc\u00e9 par les exploits de Mister George, piqu\u00e9 par la technique du Snake, grandi avec Captain Rai et Ronnie, m\u00fbri avec Pauleta et Edi. Mais Ibracadabra, je suis d\u00e9sormais reconverti en runner\/traileur. Moins rapide que Bolt et moins endurant que Jornet, c\u2019est donc plume \u00e0 la main que je partage les exploits de ces athl\u00e8tes !","sameAs":["https:\/\/www.facebook.com\/julien.correia.52","https:\/\/x.com\/https:\/\/twitter.com\/julienco_psg70"],"url":"https:\/\/dicodusport.fr\/blog\/author\/julien-c\/"}]}},"_links":{"self":[{"href":"https:\/\/dicodusport.fr\/blog\/wp-json\/wp\/v2\/posts\/33475","targetHints":{"allow":["GET"]}}],"collection":[{"href":"https:\/\/dicodusport.fr\/blog\/wp-json\/wp\/v2\/posts"}],"about":[{"href":"https:\/\/dicodusport.fr\/blog\/wp-json\/wp\/v2\/types\/post"}],"author":[{"embeddable":true,"href":"https:\/\/dicodusport.fr\/blog\/wp-json\/wp\/v2\/users\/37"}],"replies":[{"embeddable":true,"href":"https:\/\/dicodusport.fr\/blog\/wp-json\/wp\/v2\/comments?post=33475"}],"version-history":[{"count":0,"href":"https:\/\/dicodusport.fr\/blog\/wp-json\/wp\/v2\/posts\/33475\/revisions"}],"wp:featuredmedia":[{"embeddable":true,"href":"https:\/\/dicodusport.fr\/blog\/wp-json\/wp\/v2\/media\/33511"}],"wp:attachment":[{"href":"https:\/\/dicodusport.fr\/blog\/wp-json\/wp\/v2\/media?parent=33475"}],"wp:term":[{"taxonomy":"category","embeddable":true,"href":"https:\/\/dicodusport.fr\/blog\/wp-json\/wp\/v2\/categories?post=33475"},{"taxonomy":"post_tag","embeddable":true,"href":"https:\/\/dicodusport.fr\/blog\/wp-json\/wp\/v2\/tags?post=33475"}],"curies":[{"name":"wp","href":"https:\/\/api.w.org\/{rel}","templated":true}]}}