{"id":33491,"date":"2019-02-12T09:18:36","date_gmt":"2019-02-12T08:18:36","guid":{"rendered":"http:\/\/dicodusport.fr\/blog\/?p=33491"},"modified":"2025-09-16T09:14:51","modified_gmt":"2025-09-16T07:14:51","slug":"face-a-face-le-psg-fait-il-figure-de-favori-face-a-manchester-united","status":"publish","type":"post","link":"https:\/\/dicodusport.fr\/blog\/face-a-face-le-psg-fait-il-figure-de-favori-face-a-manchester-united\/","title":{"rendered":"Face \u00e0 face : le PSG fait-il toujours figure de favori face \u00e0 Manchester United ?"},"content":{"rendered":"<p style=\"text-align: justify;\"><strong><em>Les r\u00e9dacteurs de Dicodusport\u00a0entrent sur le ring et s\u2019affrontent dans un Face \u00e0 Face autour d\u2019un sujet d\u2019actualit\u00e9. Dans ce un-contre-un engag\u00e9, chaque r\u00e9dacteur ou r\u00e9dactrice tentera de convaincre son adversaire ainsi que vous, cher lecteur, qu\u2019il m\u00e9rite de remporter ce duel. Un arbitre sera alors charg\u00e9 de les d\u00e9partager et de d\u00e9signer un vainqueur.\u00a0Aujourd\u2019hui, nos deux r\u00e9dacteurs s&rsquo;opposent le PSG qui d\u00e9fiera Manchester United ce soir, \u00e0 Old Trafford, pour les huiti\u00e8mes de finale aller de la Ligue des Champions.<br \/>\n<\/em><\/strong><\/p>\n<hr \/>\n<div id=\"attachment_18791\" style=\"width: 383px\" class=\"wp-caption aligncenter\"><img loading=\"lazy\" decoding=\"async\" aria-describedby=\"caption-attachment-18791\" class=\" wp-image-18791\" src=\"http:\/\/dicodusport.fr\/blog\/wp-content\/uploads\/2018\/05\/Pour-Romain-le-parcours-est-sem\u00e9-demb\u00fbches-.jpg\" alt=\"\" width=\"373\" height=\"373\" srcset=\"https:\/\/dicodusport.fr\/blog\/wp-content\/uploads\/2018\/05\/Pour-Romain-le-parcours-est-sem\u00e9-demb\u00fbches-.jpg 600w, https:\/\/dicodusport.fr\/blog\/wp-content\/uploads\/2018\/05\/Pour-Romain-le-parcours-est-sem\u00e9-demb\u00fbches--150x150.jpg 150w, https:\/\/dicodusport.fr\/blog\/wp-content\/uploads\/2018\/05\/Pour-Romain-le-parcours-est-sem\u00e9-demb\u00fbches--300x300.jpg 300w\" sizes=\"auto, (max-width: 373px) 100vw, 373px\" \/><p id=\"caption-attachment-18791\" class=\"wp-caption-text\">Pour Romain, le PSG reste sans aucun doute favori<\/p><\/div>\n<h1 style=\"text-align: justify;\"><img decoding=\"async\" class=\"emoji\" src=\"https:\/\/s.w.org\/images\/core\/emoji\/11\/svg\/1f44d.svg\" alt=\"&#x1f44d;\" \/> Romain : Oui, le PSG fait toujours figure de favori face \u00e0 Manchester United<\/h1>\n<p style=\"text-align: justify;\">Tirage id\u00e9al il y a deux mois, la double confrontation face \u00e0 Manchester United ressemble aujourd\u2019hui \u00e0 un mur difficilement franchissable pour les joueurs de la capitale. M\u00e9dias, sp\u00e9cialistes, amateurs de foot, tous semblent unanimes concernant la difficult\u00e9 qu\u2019aura le PSG face aux Anglais. Il est vrai qu\u2019avec les absences de Neymar et Cavani, le PSG perd deux \u00e9normes atouts. D\u2019une, n\u2019oublions pas que la rencontre se jouera en match aller\/retour, et que la donne changera certainement d\u2019ici un mois pour le match retour.<\/p>\n<p style=\"text-align: justify;\">Mais je reste persuad\u00e9 que le Paris-Saint-Germain reste favori malgr\u00e9 sa forme actuelle et les absences. Un effectif de qualit\u00e9 et complet, un entra\u00eeneur qui tactiquement semble pr\u00eat \u00e0 r\u00e9pondre \u00e0 United, des cadres habitu\u00e9s aux joutes de la Ligue des Champions, et Mbapp\u00e9, bien \u00e9videmment. Pour avoir vu de nombreux matchs de Manchester United depuis la prise de fonction d\u2019Ole Gunnar Solskjaer, les <em>Red Devils<\/em> poss\u00e8dent de nombreuses failles qui vont permettre aux Parisiens de s\u2019imposer.<\/p>\n<p style=\"text-align: justify;\">Si la s\u00e9rie de victoire des co\u00e9quipiers de Pogba est impressionnante, elle n\u2019est en aucun cas le reflet de rencontres ma\u00eetris\u00e9es et sans difficult\u00e9s. La cl\u00e9 de la victoire parisienne et de sa qualification se trouve sur l\u2019aspect d\u00e9fensif de United, tr\u00e8s friable et tr\u00e8s lent, notamment dans l\u2019axe. Le Paris-Saint-Germain est plus complet, plus talentueux et tr\u00e8s appliqu\u00e9 dans le jeu pour renverser Manchester United.<\/p>\n<hr \/>\n<div id=\"attachment_33494\" style=\"width: 376px\" class=\"wp-caption aligncenter\"><img loading=\"lazy\" decoding=\"async\" aria-describedby=\"caption-attachment-33494\" class=\" wp-image-33494\" src=\"http:\/\/dicodusport.fr\/blog\/wp-content\/uploads\/2019\/02\/Julien-Dicodusport.jpg\" alt=\"\" width=\"366\" height=\"366\" srcset=\"https:\/\/dicodusport.fr\/blog\/wp-content\/uploads\/2019\/02\/Julien-Dicodusport.jpg 640w, https:\/\/dicodusport.fr\/blog\/wp-content\/uploads\/2019\/02\/Julien-Dicodusport-150x150.jpg 150w, https:\/\/dicodusport.fr\/blog\/wp-content\/uploads\/2019\/02\/Julien-Dicodusport-300x300.jpg 300w\" sizes=\"auto, (max-width: 366px) 100vw, 366px\" \/><p id=\"caption-attachment-33494\" class=\"wp-caption-text\">Pour Julien, MU part avec une longueur d&rsquo;avance<\/p><\/div>\n<h1 style=\"text-align: justify;\"><img decoding=\"async\" class=\"emoji\" src=\"https:\/\/s.w.org\/images\/core\/emoji\/11\/svg\/1f44e.svg\" alt=\"&#x1f44e;\" \/> Julien : Non, le PSG ne fait plus figure de favori face \u00e0 Manchester United<\/h1>\n<p style=\"text-align: justify;\"><span class=\"_5yl5\">Depuis la qualification acquise pour les 8\u00e8mes de finale, les prestations parisiennes semblent beaucoup moins abouties. S&rsquo;ils sont toujours des leaders incontest\u00e9s du championnat, deux accrocs sont apparus face \u00e0 Guingamp en Coupe de la Ligue et \u00e0 Lyon il y a 10 jours, en championnat. Mais ce qui est surtout \u00e0 mettre en avant, ce sont les coups durs qui s&rsquo;accumulent pour l&rsquo;\u00e9quipe de Tuchel, puisque les joueurs de la capitale devront composer sans leur star et v\u00e9ritable d\u00e9positaire du jeu parisien (20 buts et 11 passes d\u00e9cisives en 20 matchs toutes comp\u00e9titions confondues) Neymar, qui s&rsquo;est bless\u00e9 au m\u00e9tatarse le 23 janvier dernier face \u00e0 Strasbourg, ce qui l&rsquo;\u00e9loignera des terrains pendant 10 semaines environ. <\/span><\/p>\n<p style=\"text-align: justify;\"><span class=\"_5yl5\">Au forfait du Br\u00e9silien s&rsquo;ajoute celui du meilleur buteur de l&rsquo;histoire du club, Edinson Cavani, touch\u00e9 \u00e0 la hanche ce week-end, la \u00ab\u00a0MCN\u00a0\u00bb ne sera donc pas de la partie et c&rsquo;est Kylian Mbapp\u00e9 qui sera seul sur le front de l&rsquo;attaque. S&rsquo;il poss\u00e8de des qualit\u00e9s de vitesse et de percussion et qu&rsquo;il posera sans doute des probl\u00e8mes \u00e0 la d\u00e9fense anglaise, il aura une pr\u00e9sence bien moins importante que celle de l\u2019Uruguayen dans la surface de r\u00e9paration et sans remettre en cause les qualit\u00e9s de Draxler et de Di Maria, il ne pourra compter sur son plus grand pourvoyeur de caviars avec Neymar. Ajoutons \u00e0 cela une \u00e9quipe qui s&rsquo;avance vers cette rencontre sans grandes certitudes au milieu de terrain, le forfait de Thomas Meunier et un Marco Verratti tout juste remis de blessure&#8230; <\/span><\/p>\n<p style=\"text-align: justify;\"><span class=\"_5yl5\">De l&rsquo;autre c\u00f4t\u00e9, les Mancuniens \u00e9taient eux moribonds, \u00e0 la peine en championnat, d\u00e9croch\u00e9s du <em>Big Four<\/em>. Mais depuis, bien des choses ont chang\u00e9, Jos\u00e9 Mourinho a tout simplement \u00e9t\u00e9 remerci\u00e9 quelques jours apr\u00e8s une derni\u00e8re d\u00e9faite et une prestation de pi\u00e8tre qualit\u00e9 face \u00e0 Liverpool (3-1). Pour le remplacer, le club a fait appel \u00e0 un ancien de la maison en la personne de Ole Gunnar Solskjaer, celui qui ferait presque figure de rookie a r\u00e9ussi \u00e0 redonner de la confiance \u00e0 des joueurs cl\u00e9s comme Paul Pogba par exemple qui rayonne depuis la nomination du coach Norv\u00e9gien. Le milieu international est (re)devenu le ma\u00eetre \u00e0 jouer des <em>Red Devils<\/em>, atteignant des statistiques d\u00e9j\u00e0 in\u00e9dites. <em>La Pioche<\/em> sous Mourinho, c&rsquo;\u00e9tait 3 buts et 3 passes d\u00e9cisives en 14 matchs, alors que sous les ordres de Solskjaer c&rsquo;est 8 buts et 5 passes d\u00e9cisives en 9 matchs ! <\/span><\/p>\n<p style=\"text-align: justify;\"><span class=\"_5yl5\">A l&rsquo;image du milieu fran\u00e7ais, c&rsquo;est toute l&rsquo;\u00e9quipe qui a retrouv\u00e9 des couleurs, alors qu&rsquo;une qualification en Ligue des Champions paraissait utopique il y a quelques mois (ils \u00e9taient \u00e0 11pts de la 4\u00e8me place), ils occupent d\u00e9sormais cette 4\u00e8me place un point devant Arsenal. Depuis l&rsquo;arriv\u00e9e de Solskjaer, United a remport\u00e9 10 de ses 11 matchs toutes comp\u00e9titions confondues, pour un seul match nul.<\/span><\/p>\n<hr \/>\n<h1 style=\"text-align: justify;\">Verdict de l&rsquo;arbitre :<\/h1>\n<p style=\"text-align: justify;\">Si Julien avance de solides arguments pour montrer qu&rsquo;actuellement, Manchester United est dans une forme impressionnante, au contraire des Parisiens, Romain va \u00e0 l&rsquo;essentiel et d\u00e9montre que malgr\u00e9 tout, le PSG garde une longueur d&rsquo;avance. S&rsquo;il ne nie pas que le club de la capitale sera amoindri \u00e0 cause des absences de Neymar et Cavani, il met en avant, \u00e0 raison, la qualit\u00e9 de l&rsquo;effectif parisien et ce m\u00eame sans deux de ses trois p\u00e9pites en attaque.<\/p>\n<p style=\"text-align: justify;\">De son c\u00f4t\u00e9, Julien nous montre donc que le bilan de MU depuis la prise de fonction de <span class=\"_5yl5\">Solskjaer force le respect, mais aussi l&rsquo;inqui\u00e9tude pour Paris. Encore une fois, Romain va dans ce sens mais met aussi en avant les failles d&rsquo;une \u00e9quipe qui ne ma\u00eetrise jamais totalement son sujet, m\u00eame lorsque le score para\u00eet flatteur. D\u00e9fensivement, les Red Devils sont en effet fragiles, de quoi donner des id\u00e9es aux attaquants parisiens, sans doute l&rsquo;une des cl\u00e9s de cette double confrontation. Si l&rsquo;affiche s&rsquo;est \u00e9quilibr\u00e9e depuis le tirage au sort des huiti\u00e8mes de finale, Paris garde, sur le papier, une longueur de d&rsquo;avance.<\/span><\/p>\n<p style=\"text-align: justify;\"><strong><img decoding=\"async\" class=\"emoji\" src=\"https:\/\/s.w.org\/images\/core\/emoji\/11\/svg\/1f3c6.svg\" alt=\"&#x1f3c6;\" \/> Romain remporte donc ce d\u00e9bat !<\/strong><\/p>\n","protected":false},"excerpt":{"rendered":"<p>Aujourd\u2019hui, nos deux r\u00e9dacteurs s&rsquo;opposent sur le PSG qui d\u00e9fiera Manchester United ce soir, \u00e0 Old Trafford, pour les huiti\u00e8mes de finale aller de la Ligue des Champions.<\/p>\n","protected":false},"author":4,"featured_media":33495,"comment_status":"open","ping_status":"closed","sticky":false,"template":"","format":"standard","meta":{"_acf_changed":false,"_daextam_enable_autolinks":"","footnotes":""},"categories":[2348,2301,47250],"tags":[914,75,419,4155,910],"class_list":["post-33491","post","type-post","status-publish","format-standard","has-post-thumbnail","hentry","category-face-a-face","category-football","category-ligue-des-champions-de-football","tag-champions-league","tag-football","tag-ligue-des-champions","tag-manchester-united","tag-psg"],"acf":[],"yoast_head":"<!-- This site is optimized with the Yoast SEO Premium plugin v26.7 (Yoast SEO v26.7) - https:\/\/yoast.com\/wordpress\/plugins\/seo\/ -->\n<title>Face \u00e0 face : le PSG fait-il toujours figure de favori face \u00e0 Manchester United ?<\/title>\n<meta name=\"description\" content=\"Aujourd\u2019hui, nos 2 r\u00e9dacteurs s&#039;opposent sur le PSG qui d\u00e9fiera Manchester United ce soir, \u00e0 Old Trafford, pour les 8\u00e8mes de finale de la Champions League.\" \/>\n<meta name=\"robots\" content=\"index, follow, max-snippet:-1, max-image-preview:large, max-video-preview:-1\" \/>\n<link rel=\"canonical\" href=\"https:\/\/dicodusport.fr\/blog\/face-a-face-le-psg-fait-il-figure-de-favori-face-a-manchester-united\/\" \/>\n<meta property=\"og:locale\" content=\"fr_FR\" \/>\n<meta property=\"og:type\" content=\"article\" \/>\n<meta property=\"og:title\" content=\"Face \u00e0 face : le PSG fait-il toujours figure de favori face \u00e0 Manchester United ?\" \/>\n<meta property=\"og:description\" content=\"Aujourd\u2019hui, nos 2 r\u00e9dacteurs s&#039;opposent sur le PSG qui d\u00e9fiera Manchester United ce soir, \u00e0 Old Trafford, pour les 8\u00e8mes de finale de la Champions League.\" \/>\n<meta property=\"og:url\" content=\"https:\/\/dicodusport.fr\/blog\/face-a-face-le-psg-fait-il-figure-de-favori-face-a-manchester-united\/\" \/>\n<meta property=\"og:site_name\" content=\"Dicodusport\" \/>\n<meta property=\"article:publisher\" content=\"https:\/\/www.facebook.com\/dicodusport\" \/>\n<meta property=\"article:author\" content=\"https:\/\/www.facebook.com\/florent.ostermann\" \/>\n<meta property=\"article:published_time\" content=\"2019-02-12T08:18:36+00:00\" \/>\n<meta property=\"article:modified_time\" content=\"2025-09-16T07:14:51+00:00\" \/>\n<meta property=\"og:image\" content=\"https:\/\/dicodusport.fr\/blog\/wp-content\/uploads\/2019\/02\/PSG-favori-face-\u00e0-Manchester-United-_.png\" \/>\n\t<meta property=\"og:image:width\" content=\"800\" \/>\n\t<meta property=\"og:image:height\" content=\"445\" \/>\n\t<meta property=\"og:image:type\" content=\"image\/png\" \/>\n<meta name=\"author\" content=\"Flo Ostermann\" \/>\n<meta name=\"twitter:card\" content=\"summary_large_image\" \/>\n<meta name=\"twitter:creator\" content=\"@https:\/\/twitter.com\/FlOstermann\" \/>\n<meta name=\"twitter:site\" content=\"@dicodusport\" \/>\n<script type=\"application\/ld+json\" class=\"yoast-schema-graph\">{\"@context\":\"https:\/\/schema.org\",\"@graph\":[{\"@type\":\"NewsArticle\",\"@id\":\"https:\/\/dicodusport.fr\/blog\/face-a-face-le-psg-fait-il-figure-de-favori-face-a-manchester-united\/#article\",\"isPartOf\":{\"@id\":\"https:\/\/dicodusport.fr\/blog\/face-a-face-le-psg-fait-il-figure-de-favori-face-a-manchester-united\/\"},\"author\":{\"name\":\"Flo Ostermann\",\"@id\":\"https:\/\/dicodusport.fr\/blog\/#\/schema\/person\/cb02af4c173ce4a653b55e9baf388d4a\"},\"headline\":\"Face \u00e0 face : le PSG fait-il toujours figure de favori face \u00e0 Manchester United ?\",\"datePublished\":\"2019-02-12T08:18:36+00:00\",\"dateModified\":\"2025-09-16T07:14:51+00:00\",\"mainEntityOfPage\":{\"@id\":\"https:\/\/dicodusport.fr\/blog\/face-a-face-le-psg-fait-il-figure-de-favori-face-a-manchester-united\/\"},\"wordCount\":1120,\"commentCount\":0,\"publisher\":{\"@id\":\"https:\/\/dicodusport.fr\/blog\/#organization\"},\"image\":{\"@id\":\"https:\/\/dicodusport.fr\/blog\/face-a-face-le-psg-fait-il-figure-de-favori-face-a-manchester-united\/#primaryimage\"},\"thumbnailUrl\":\"https:\/\/dicodusport.fr\/blog\/wp-content\/uploads\/2019\/02\/PSG-favori-face-\u00e0-Manchester-United-_.png\",\"keywords\":[\"champions league\",\"Football\",\"Ligue des champions\",\"Manchester United\",\"PSG\"],\"articleSection\":[\"Face \u00e0 face\",\"Football\",\"Ligue des Champions de football\"],\"inLanguage\":\"fr-FR\",\"potentialAction\":[{\"@type\":\"CommentAction\",\"name\":\"Comment\",\"target\":[\"https:\/\/dicodusport.fr\/blog\/face-a-face-le-psg-fait-il-figure-de-favori-face-a-manchester-united\/#respond\"]}],\"copyrightYear\":\"2019\",\"copyrightHolder\":{\"@id\":\"https:\/\/dicodusport.fr\/blog\/#organization\"}},{\"@type\":\"WebPage\",\"@id\":\"https:\/\/dicodusport.fr\/blog\/face-a-face-le-psg-fait-il-figure-de-favori-face-a-manchester-united\/\",\"url\":\"https:\/\/dicodusport.fr\/blog\/face-a-face-le-psg-fait-il-figure-de-favori-face-a-manchester-united\/\",\"name\":\"Face \u00e0 face : le PSG fait-il toujours figure de favori face \u00e0 Manchester United ?\",\"isPartOf\":{\"@id\":\"https:\/\/dicodusport.fr\/blog\/#website\"},\"primaryImageOfPage\":{\"@id\":\"https:\/\/dicodusport.fr\/blog\/face-a-face-le-psg-fait-il-figure-de-favori-face-a-manchester-united\/#primaryimage\"},\"image\":{\"@id\":\"https:\/\/dicodusport.fr\/blog\/face-a-face-le-psg-fait-il-figure-de-favori-face-a-manchester-united\/#primaryimage\"},\"thumbnailUrl\":\"https:\/\/dicodusport.fr\/blog\/wp-content\/uploads\/2019\/02\/PSG-favori-face-\u00e0-Manchester-United-_.png\",\"datePublished\":\"2019-02-12T08:18:36+00:00\",\"dateModified\":\"2025-09-16T07:14:51+00:00\",\"description\":\"Aujourd\u2019hui, nos 2 r\u00e9dacteurs s'opposent sur le PSG qui d\u00e9fiera Manchester United ce soir, \u00e0 Old Trafford, pour les 8\u00e8mes de finale de la Champions League.\",\"breadcrumb\":{\"@id\":\"https:\/\/dicodusport.fr\/blog\/face-a-face-le-psg-fait-il-figure-de-favori-face-a-manchester-united\/#breadcrumb\"},\"inLanguage\":\"fr-FR\",\"potentialAction\":[{\"@type\":\"ReadAction\",\"target\":[\"https:\/\/dicodusport.fr\/blog\/face-a-face-le-psg-fait-il-figure-de-favori-face-a-manchester-united\/\"]}]},{\"@type\":\"ImageObject\",\"inLanguage\":\"fr-FR\",\"@id\":\"https:\/\/dicodusport.fr\/blog\/face-a-face-le-psg-fait-il-figure-de-favori-face-a-manchester-united\/#primaryimage\",\"url\":\"https:\/\/dicodusport.fr\/blog\/wp-content\/uploads\/2019\/02\/PSG-favori-face-\u00e0-Manchester-United-_.png\",\"contentUrl\":\"https:\/\/dicodusport.fr\/blog\/wp-content\/uploads\/2019\/02\/PSG-favori-face-\u00e0-Manchester-United-_.png\",\"width\":800,\"height\":445},{\"@type\":\"BreadcrumbList\",\"@id\":\"https:\/\/dicodusport.fr\/blog\/face-a-face-le-psg-fait-il-figure-de-favori-face-a-manchester-united\/#breadcrumb\",\"itemListElement\":[{\"@type\":\"ListItem\",\"position\":1,\"name\":\"Accueil\",\"item\":\"https:\/\/dicodusport.fr\/blog\/\"},{\"@type\":\"ListItem\",\"position\":2,\"name\":\"Face \u00e0 face : le PSG fait-il toujours figure de favori face \u00e0 Manchester United ?\"}]},{\"@type\":\"WebSite\",\"@id\":\"https:\/\/dicodusport.fr\/blog\/#website\",\"url\":\"https:\/\/dicodusport.fr\/blog\/\",\"name\":\"Dicodusport\",\"description\":\"L&#039;encyclop\u00e9die de l&#039;actualit\u00e9 sportive\",\"publisher\":{\"@id\":\"https:\/\/dicodusport.fr\/blog\/#organization\"},\"potentialAction\":[{\"@type\":\"SearchAction\",\"target\":{\"@type\":\"EntryPoint\",\"urlTemplate\":\"https:\/\/dicodusport.fr\/blog\/?s={search_term_string}\"},\"query-input\":{\"@type\":\"PropertyValueSpecification\",\"valueRequired\":true,\"valueName\":\"search_term_string\"}}],\"inLanguage\":\"fr-FR\"},{\"@type\":\"NewsMediaOrganization\",\"@id\":\"https:\/\/dicodusport.fr\/blog\/#organization\",\"name\":\"Dicodusport\",\"url\":\"https:\/\/dicodusport.fr\/blog\/\",\"logo\":{\"@type\":\"ImageObject\",\"inLanguage\":\"fr-FR\",\"@id\":\"https:\/\/dicodusport.fr\/blog\/#\/schema\/logo\/image\/\",\"url\":\"https:\/\/dicodusport.fr\/blog\/wp-content\/uploads\/2020\/06\/cropped-LOGO-DICODUSPORT-2020-SANS-FOND-SANS-TEXTE.png\",\"contentUrl\":\"https:\/\/dicodusport.fr\/blog\/wp-content\/uploads\/2020\/06\/cropped-LOGO-DICODUSPORT-2020-SANS-FOND-SANS-TEXTE.png\",\"width\":512,\"height\":512,\"caption\":\"Dicodusport\"},\"image\":{\"@id\":\"https:\/\/dicodusport.fr\/blog\/#\/schema\/logo\/image\/\"},\"sameAs\":[\"https:\/\/www.facebook.com\/dicodusport\",\"https:\/\/x.com\/dicodusport\",\"https:\/\/www.instagram.com\/dicodusport\/\",\"https:\/\/www.youtube.com\/channel\/UC7V2KZ5sd3htJivAbA4ZG3w\"],\"description\":\"Dicodusport est l'encyclop\u00e9die de l'actualit\u00e9 sportive.\",\"email\":\"bonjour@dicodusport.fr\",\"legalName\":\"DICODUSPORT\",\"foundingDate\":\"2018-01-14\",\"vatID\":\"FR71834470973\",\"taxID\":\"83447097300043\",\"numberOfEmployees\":{\"@type\":\"QuantitativeValue\",\"minValue\":\"1\",\"maxValue\":\"10\"}},{\"@type\":\"Person\",\"@id\":\"https:\/\/dicodusport.fr\/blog\/#\/schema\/person\/cb02af4c173ce4a653b55e9baf388d4a\",\"name\":\"Flo Ostermann\",\"image\":{\"@type\":\"ImageObject\",\"inLanguage\":\"fr-FR\",\"@id\":\"https:\/\/dicodusport.fr\/blog\/#\/schema\/person\/image\/\",\"url\":\"https:\/\/dicodusport.fr\/blog\/wp-content\/uploads\/2021\/05\/Flo-Ostermann-150x150.jpg\",\"contentUrl\":\"https:\/\/dicodusport.fr\/blog\/wp-content\/uploads\/2021\/05\/Flo-Ostermann-150x150.jpg\",\"caption\":\"Flo Ostermann\"},\"description\":\"Journaliste\/R\u00e9dacteur depuis septembre 2015 - Mes premiers souvenirs dans le sport ? Les envol\u00e9es du Stade Toulousain et les duels Villeneuve-Schumacher et H\u00e4kkinen-Schumacher \u00e0 la fin des ann\u00e9es 90, la Coupe du monde de football en 1998, l\u2019exploit du XV de France face aux All Blacks en 1999, mais aussi Richard C\u0153ur de Lion qui vole sur les montagnes du Tour de France. Bien parti pour devenir professeur d\u2019EPS, les \u00e9v\u00e9nements de la vie (et la flemme d\u2019animer des s\u00e9ances de 3x500 m\u00e8tres toute ma vie) m\u2019ont conduit \u00e0 revoir mes plans. Me voil\u00e0 depuis fin 2017 sur Dicodusport, m\u00e9dia gr\u00e2ce (et pour) lequel je partage ma passion : le sport dans tous ses \u00e9tats. Le tout accompagn\u00e9 par les fous furieux et folles furieuses cit\u00e9s sur cette page !\",\"sameAs\":[\"https:\/\/www.facebook.com\/florent.ostermann\",\"https:\/\/x.com\/https:\/\/twitter.com\/FlOstermann\",\"admin\"],\"url\":\"https:\/\/dicodusport.fr\/blog\/author\/flo\/\"}]}<\/script>\n<!-- \/ Yoast SEO Premium plugin. -->","yoast_head_json":{"title":"Face \u00e0 face : le PSG fait-il toujours figure de favori face \u00e0 Manchester United ?","description":"Aujourd\u2019hui, nos 2 r\u00e9dacteurs s'opposent sur le PSG qui d\u00e9fiera Manchester United ce soir, \u00e0 Old Trafford, pour les 8\u00e8mes de finale de la Champions League.","robots":{"index":"index","follow":"follow","max-snippet":"max-snippet:-1","max-image-preview":"max-image-preview:large","max-video-preview":"max-video-preview:-1"},"canonical":"https:\/\/dicodusport.fr\/blog\/face-a-face-le-psg-fait-il-figure-de-favori-face-a-manchester-united\/","og_locale":"fr_FR","og_type":"article","og_title":"Face \u00e0 face : le PSG fait-il toujours figure de favori face \u00e0 Manchester United ?","og_description":"Aujourd\u2019hui, nos 2 r\u00e9dacteurs s'opposent sur le PSG qui d\u00e9fiera Manchester United ce soir, \u00e0 Old Trafford, pour les 8\u00e8mes de finale de la Champions League.","og_url":"https:\/\/dicodusport.fr\/blog\/face-a-face-le-psg-fait-il-figure-de-favori-face-a-manchester-united\/","og_site_name":"Dicodusport","article_publisher":"https:\/\/www.facebook.com\/dicodusport","article_author":"https:\/\/www.facebook.com\/florent.ostermann","article_published_time":"2019-02-12T08:18:36+00:00","article_modified_time":"2025-09-16T07:14:51+00:00","og_image":[{"width":800,"height":445,"url":"https:\/\/dicodusport.fr\/blog\/wp-content\/uploads\/2019\/02\/PSG-favori-face-\u00e0-Manchester-United-_.png","type":"image\/png"}],"author":"Flo Ostermann","twitter_card":"summary_large_image","twitter_creator":"@https:\/\/twitter.com\/FlOstermann","twitter_site":"@dicodusport","schema":{"@context":"https:\/\/schema.org","@graph":[{"@type":"NewsArticle","@id":"https:\/\/dicodusport.fr\/blog\/face-a-face-le-psg-fait-il-figure-de-favori-face-a-manchester-united\/#article","isPartOf":{"@id":"https:\/\/dicodusport.fr\/blog\/face-a-face-le-psg-fait-il-figure-de-favori-face-a-manchester-united\/"},"author":{"name":"Flo Ostermann","@id":"https:\/\/dicodusport.fr\/blog\/#\/schema\/person\/cb02af4c173ce4a653b55e9baf388d4a"},"headline":"Face \u00e0 face : le PSG fait-il toujours figure de favori face \u00e0 Manchester United ?","datePublished":"2019-02-12T08:18:36+00:00","dateModified":"2025-09-16T07:14:51+00:00","mainEntityOfPage":{"@id":"https:\/\/dicodusport.fr\/blog\/face-a-face-le-psg-fait-il-figure-de-favori-face-a-manchester-united\/"},"wordCount":1120,"commentCount":0,"publisher":{"@id":"https:\/\/dicodusport.fr\/blog\/#organization"},"image":{"@id":"https:\/\/dicodusport.fr\/blog\/face-a-face-le-psg-fait-il-figure-de-favori-face-a-manchester-united\/#primaryimage"},"thumbnailUrl":"https:\/\/dicodusport.fr\/blog\/wp-content\/uploads\/2019\/02\/PSG-favori-face-\u00e0-Manchester-United-_.png","keywords":["champions league","Football","Ligue des champions","Manchester United","PSG"],"articleSection":["Face \u00e0 face","Football","Ligue des Champions de football"],"inLanguage":"fr-FR","potentialAction":[{"@type":"CommentAction","name":"Comment","target":["https:\/\/dicodusport.fr\/blog\/face-a-face-le-psg-fait-il-figure-de-favori-face-a-manchester-united\/#respond"]}],"copyrightYear":"2019","copyrightHolder":{"@id":"https:\/\/dicodusport.fr\/blog\/#organization"}},{"@type":"WebPage","@id":"https:\/\/dicodusport.fr\/blog\/face-a-face-le-psg-fait-il-figure-de-favori-face-a-manchester-united\/","url":"https:\/\/dicodusport.fr\/blog\/face-a-face-le-psg-fait-il-figure-de-favori-face-a-manchester-united\/","name":"Face \u00e0 face : le PSG fait-il toujours figure de favori face \u00e0 Manchester United ?","isPartOf":{"@id":"https:\/\/dicodusport.fr\/blog\/#website"},"primaryImageOfPage":{"@id":"https:\/\/dicodusport.fr\/blog\/face-a-face-le-psg-fait-il-figure-de-favori-face-a-manchester-united\/#primaryimage"},"image":{"@id":"https:\/\/dicodusport.fr\/blog\/face-a-face-le-psg-fait-il-figure-de-favori-face-a-manchester-united\/#primaryimage"},"thumbnailUrl":"https:\/\/dicodusport.fr\/blog\/wp-content\/uploads\/2019\/02\/PSG-favori-face-\u00e0-Manchester-United-_.png","datePublished":"2019-02-12T08:18:36+00:00","dateModified":"2025-09-16T07:14:51+00:00","description":"Aujourd\u2019hui, nos 2 r\u00e9dacteurs s'opposent sur le PSG qui d\u00e9fiera Manchester United ce soir, \u00e0 Old Trafford, pour les 8\u00e8mes de finale de la Champions League.","breadcrumb":{"@id":"https:\/\/dicodusport.fr\/blog\/face-a-face-le-psg-fait-il-figure-de-favori-face-a-manchester-united\/#breadcrumb"},"inLanguage":"fr-FR","potentialAction":[{"@type":"ReadAction","target":["https:\/\/dicodusport.fr\/blog\/face-a-face-le-psg-fait-il-figure-de-favori-face-a-manchester-united\/"]}]},{"@type":"ImageObject","inLanguage":"fr-FR","@id":"https:\/\/dicodusport.fr\/blog\/face-a-face-le-psg-fait-il-figure-de-favori-face-a-manchester-united\/#primaryimage","url":"https:\/\/dicodusport.fr\/blog\/wp-content\/uploads\/2019\/02\/PSG-favori-face-\u00e0-Manchester-United-_.png","contentUrl":"https:\/\/dicodusport.fr\/blog\/wp-content\/uploads\/2019\/02\/PSG-favori-face-\u00e0-Manchester-United-_.png","width":800,"height":445},{"@type":"BreadcrumbList","@id":"https:\/\/dicodusport.fr\/blog\/face-a-face-le-psg-fait-il-figure-de-favori-face-a-manchester-united\/#breadcrumb","itemListElement":[{"@type":"ListItem","position":1,"name":"Accueil","item":"https:\/\/dicodusport.fr\/blog\/"},{"@type":"ListItem","position":2,"name":"Face \u00e0 face : le PSG fait-il toujours figure de favori face \u00e0 Manchester United ?"}]},{"@type":"WebSite","@id":"https:\/\/dicodusport.fr\/blog\/#website","url":"https:\/\/dicodusport.fr\/blog\/","name":"Dicodusport","description":"L&#039;encyclop\u00e9die de l&#039;actualit\u00e9 sportive","publisher":{"@id":"https:\/\/dicodusport.fr\/blog\/#organization"},"potentialAction":[{"@type":"SearchAction","target":{"@type":"EntryPoint","urlTemplate":"https:\/\/dicodusport.fr\/blog\/?s={search_term_string}"},"query-input":{"@type":"PropertyValueSpecification","valueRequired":true,"valueName":"search_term_string"}}],"inLanguage":"fr-FR"},{"@type":"NewsMediaOrganization","@id":"https:\/\/dicodusport.fr\/blog\/#organization","name":"Dicodusport","url":"https:\/\/dicodusport.fr\/blog\/","logo":{"@type":"ImageObject","inLanguage":"fr-FR","@id":"https:\/\/dicodusport.fr\/blog\/#\/schema\/logo\/image\/","url":"https:\/\/dicodusport.fr\/blog\/wp-content\/uploads\/2020\/06\/cropped-LOGO-DICODUSPORT-2020-SANS-FOND-SANS-TEXTE.png","contentUrl":"https:\/\/dicodusport.fr\/blog\/wp-content\/uploads\/2020\/06\/cropped-LOGO-DICODUSPORT-2020-SANS-FOND-SANS-TEXTE.png","width":512,"height":512,"caption":"Dicodusport"},"image":{"@id":"https:\/\/dicodusport.fr\/blog\/#\/schema\/logo\/image\/"},"sameAs":["https:\/\/www.facebook.com\/dicodusport","https:\/\/x.com\/dicodusport","https:\/\/www.instagram.com\/dicodusport\/","https:\/\/www.youtube.com\/channel\/UC7V2KZ5sd3htJivAbA4ZG3w"],"description":"Dicodusport est l'encyclop\u00e9die de l'actualit\u00e9 sportive.","email":"bonjour@dicodusport.fr","legalName":"DICODUSPORT","foundingDate":"2018-01-14","vatID":"FR71834470973","taxID":"83447097300043","numberOfEmployees":{"@type":"QuantitativeValue","minValue":"1","maxValue":"10"}},{"@type":"Person","@id":"https:\/\/dicodusport.fr\/blog\/#\/schema\/person\/cb02af4c173ce4a653b55e9baf388d4a","name":"Flo Ostermann","image":{"@type":"ImageObject","inLanguage":"fr-FR","@id":"https:\/\/dicodusport.fr\/blog\/#\/schema\/person\/image\/","url":"https:\/\/dicodusport.fr\/blog\/wp-content\/uploads\/2021\/05\/Flo-Ostermann-150x150.jpg","contentUrl":"https:\/\/dicodusport.fr\/blog\/wp-content\/uploads\/2021\/05\/Flo-Ostermann-150x150.jpg","caption":"Flo Ostermann"},"description":"Journaliste\/R\u00e9dacteur depuis septembre 2015 - Mes premiers souvenirs dans le sport ? Les envol\u00e9es du Stade Toulousain et les duels Villeneuve-Schumacher et H\u00e4kkinen-Schumacher \u00e0 la fin des ann\u00e9es 90, la Coupe du monde de football en 1998, l\u2019exploit du XV de France face aux All Blacks en 1999, mais aussi Richard C\u0153ur de Lion qui vole sur les montagnes du Tour de France. Bien parti pour devenir professeur d\u2019EPS, les \u00e9v\u00e9nements de la vie (et la flemme d\u2019animer des s\u00e9ances de 3x500 m\u00e8tres toute ma vie) m\u2019ont conduit \u00e0 revoir mes plans. Me voil\u00e0 depuis fin 2017 sur Dicodusport, m\u00e9dia gr\u00e2ce (et pour) lequel je partage ma passion : le sport dans tous ses \u00e9tats. Le tout accompagn\u00e9 par les fous furieux et folles furieuses cit\u00e9s sur cette page !","sameAs":["https:\/\/www.facebook.com\/florent.ostermann","https:\/\/x.com\/https:\/\/twitter.com\/FlOstermann","admin"],"url":"https:\/\/dicodusport.fr\/blog\/author\/flo\/"}]}},"_links":{"self":[{"href":"https:\/\/dicodusport.fr\/blog\/wp-json\/wp\/v2\/posts\/33491","targetHints":{"allow":["GET"]}}],"collection":[{"href":"https:\/\/dicodusport.fr\/blog\/wp-json\/wp\/v2\/posts"}],"about":[{"href":"https:\/\/dicodusport.fr\/blog\/wp-json\/wp\/v2\/types\/post"}],"author":[{"embeddable":true,"href":"https:\/\/dicodusport.fr\/blog\/wp-json\/wp\/v2\/users\/4"}],"replies":[{"embeddable":true,"href":"https:\/\/dicodusport.fr\/blog\/wp-json\/wp\/v2\/comments?post=33491"}],"version-history":[{"count":1,"href":"https:\/\/dicodusport.fr\/blog\/wp-json\/wp\/v2\/posts\/33491\/revisions"}],"predecessor-version":[{"id":611782,"href":"https:\/\/dicodusport.fr\/blog\/wp-json\/wp\/v2\/posts\/33491\/revisions\/611782"}],"wp:featuredmedia":[{"embeddable":true,"href":"https:\/\/dicodusport.fr\/blog\/wp-json\/wp\/v2\/media\/33495"}],"wp:attachment":[{"href":"https:\/\/dicodusport.fr\/blog\/wp-json\/wp\/v2\/media?parent=33491"}],"wp:term":[{"taxonomy":"category","embeddable":true,"href":"https:\/\/dicodusport.fr\/blog\/wp-json\/wp\/v2\/categories?post=33491"},{"taxonomy":"post_tag","embeddable":true,"href":"https:\/\/dicodusport.fr\/blog\/wp-json\/wp\/v2\/tags?post=33491"}],"curies":[{"name":"wp","href":"https:\/\/api.w.org\/{rel}","templated":true}]}}