{"id":335323,"date":"2022-12-28T16:48:14","date_gmt":"2022-12-28T15:48:14","guid":{"rendered":"https:\/\/dicodusport.fr\/blog\/?p=335323&#038;preview=true&#038;preview_id=335323"},"modified":"2022-12-28T16:48:14","modified_gmt":"2022-12-28T15:48:14","slug":"mercato-la-signature-de-penaud-a-lubb-devrait-sceller-lavenir-de-lebel-delibes-et-tauzin","status":"publish","type":"post","link":"https:\/\/dicodusport.fr\/blog\/mercato-la-signature-de-penaud-a-lubb-devrait-sceller-lavenir-de-lebel-delibes-et-tauzin\/","title":{"rendered":"Mercato : La signature de Penaud \u00e0 l&rsquo;UBB devrait sceller l&rsquo;avenir de Lebel, Delibes et Tauzin"},"content":{"rendered":"<p align=\"justify\"><em><strong>TOP 14 &#8211; Damian Penaud \u00e0 Bordeaux-B\u00e8gles la saison prochaine, la situation de plusieurs trois-quarts du Stade Toulousain devrait donc se d\u00e9bloquer dans les prochains jours. \u00c0 commencer, selon Rugbyrama, par Matthis Lebel, Dimitri Delibes et Lucas Tauzin.<\/strong><\/em><\/p>\n<p align=\"justify\">Sauf surprise, <strong>Matthis Lebel<\/strong>, <strong>Dimitri Delibes<\/strong> et <strong>Lucas Tauzin<\/strong> devraient donc rester \u00e0 Toulouse la saison prochaine. L&rsquo;int\u00e9r\u00eat r\u00e9ciproque entre le Stade Toulousain et <strong>Damian Penaud<\/strong> avait quelque peu rebattu les cartes pour ces trois joueurs. <strong>Lebel<\/strong> sous contrat jusqu&rsquo;en 2024 mais avec une clause de bon de sortie en juin 2023, <strong>Tauzin<\/strong> dont le bail expire en 2024 et surtout <strong>Delibes<\/strong>, libre en juin prochain, \u00e9taient donc r\u00e9guli\u00e8rement cit\u00e9s parmi les joueurs stadistes pouvant quitter le navire rouge et noir, afin de faire de la place \u00e0 Penaud. Souvent, il se disait que le destin de ces quatre joueurs \u00e9tait li\u00e9.<\/p>\n<h2 style=\"text-align: justify;\" align=\"justify\">Prime \u00e0 la stabilit\u00e9<\/h2>\n<p style=\"text-align: justify;\">Finalement, <a href=\"https:\/\/dicodusport.fr\/blog\/mercato-damian-penaud-a-fait-son-choix\/\">la signature de <strong>Damian Penaud<\/strong> en Gironde<\/a> officialis\u00e9e ce mercredi, <strong>Matthis Lebel<\/strong> (23 ans), <strong>Dimitri Delibes<\/strong> (23 ans) et <strong>Lucas Tauzin<\/strong> (24 ans) en sauront certainement plus dans les prochains jours sur leur avenir, si ce n&rsquo;est d\u00e9j\u00e0 fait. Le premier cit\u00e9, devenu une pi\u00e8ce ma\u00eetresse du <strong>Stade Toulousain<\/strong> \u00e0 l&rsquo;aile (6 essais en 15 matchs toutes comp\u00e9titions confondues cette saison), avait peu de chances de partir. Le second mentionn\u00e9, <a href=\"https:\/\/dicodusport.fr\/blog\/stade-toulousain-deux-clubs-de-top-14-veulent-recruter-dimitri-delibes\/\">courtis\u00e9 par le Stade Rochelais<\/a>, a disput\u00e9 12 matchs cette saison avec le club haut-garonnais, \u00e0 trois postes diff\u00e9rents (ailier, centre et arri\u00e8re). De la polyvalence indispensable dans la ville rose.<\/p>\n<div id=\"attachment_267664\" style=\"width: 810px\" class=\"wp-caption aligncenter\"><a href=\"https:\/\/dicodusport.fr\/blog\/wp-content\/uploads\/2022\/10\/Stade-Toulousain-Deux-clubs-de-Top-14-veulent-recruter-Dimitri-Delibes.png\"><img loading=\"lazy\" decoding=\"async\" aria-describedby=\"caption-attachment-267664\" class=\"size-full wp-image-267664\" src=\"https:\/\/dicodusport.fr\/blog\/wp-content\/uploads\/2022\/10\/Stade-Toulousain-Deux-clubs-de-Top-14-veulent-recruter-Dimitri-Delibes.png\" alt=\"Dimitri Delibes\" width=\"800\" height=\"445\" srcset=\"https:\/\/dicodusport.fr\/blog\/wp-content\/uploads\/2022\/10\/Stade-Toulousain-Deux-clubs-de-Top-14-veulent-recruter-Dimitri-Delibes.png 800w, https:\/\/dicodusport.fr\/blog\/wp-content\/uploads\/2022\/10\/Stade-Toulousain-Deux-clubs-de-Top-14-veulent-recruter-Dimitri-Delibes-300x167.png 300w, https:\/\/dicodusport.fr\/blog\/wp-content\/uploads\/2022\/10\/Stade-Toulousain-Deux-clubs-de-Top-14-veulent-recruter-Dimitri-Delibes-768x427.png 768w\" sizes=\"auto, (max-width: 800px) 100vw, 800px\" \/><\/a><p id=\"caption-attachment-267664\" class=\"wp-caption-text\">Dimitri Delibes &#8211; Photo Icon Sport<\/p><\/div>\n<p style=\"text-align: justify;\">Enfin, le dernier cit\u00e9, en pleine bourre en ce mois de d\u00e9cembre (4 matchs, 2 essais), retrouve son meilleur niveau. Pist\u00e9 par le Stade Fran\u00e7ais, <strong>Toulouse<\/strong> a de suite calm\u00e9 les ardeurs parisiennes. Signe que le joueur form\u00e9 en partie \u00e0 Mont-de-Marsan est important dans le dispositif toulousain.<\/p>\n<p style=\"text-align: justify;\">De plus, malgr\u00e9 des discussions franches entre le quintuple champion d&rsquo;Europe et <strong>Damian Penaud<\/strong>, le board haut-garonnais n&rsquo;est jamais pass\u00e9 \u00e0 l&rsquo;action concernant le Clermontois, au contraire du Stade Rochelais, et donc de l&rsquo;UBB. Une donn\u00e9e qui d\u00e9montre bien que <strong>Lebel<\/strong>, <strong>Delibes<\/strong> et <strong>Tauzin<\/strong> \u00e9taient bien les priorit\u00e9s des Toulousains, en plus, sans doute, de moyens limit\u00e9s dans l&rsquo;optique de respecter le salary cap. Prime \u00e0 la stabilit\u00e9 et la continuit\u00e9, en somme.<\/p>\n","protected":false},"excerpt":{"rendered":"<p>TOP 14 &#8211; Damian Penaud \u00e0 Bordeaux-B\u00e8gles la saison prochaine, la situation de plusieurs trois-quarts du Stade Toulousain devrait donc se d\u00e9bloquer dans les prochains jours. \u00c0 commencer, selon Rugbyrama, par Matthis Lebel, Dimitri Delibes et Lucas Tauzin.<\/p>\n","protected":false},"author":4,"featured_media":335434,"comment_status":"open","ping_status":"closed","sticky":false,"template":"","format":"standard","meta":{"_acf_changed":false,"_daextam_enable_autolinks":"","footnotes":""},"categories":[9129,47050],"tags":[27063,5795,9397,4008],"class_list":["post-335323","post","type-post","status-publish","format-standard","has-post-thumbnail","hentry","category-rugby-a-xv","category-top-14","tag-dimitri-delibes","tag-lucas-tauzin","tag-matthis-lebel","tag-stade-toulousain"],"acf":[],"yoast_head":"<!-- This site is optimized with the Yoast SEO Premium plugin v26.7 (Yoast SEO v26.7) - https:\/\/yoast.com\/wordpress\/plugins\/seo\/ -->\n<title>Mercato : La signature de Penaud \u00e0 l&#039;UBB devrait sceller l&#039;avenir de Lebel, Delibes et Tauzin<\/title>\n<meta name=\"description\" content=\"TOP 14 - Damian Penaud \u00e0 l&#039;UBB la saison prochaine, la situation de Matthis Lebel, Dimitri Delibes et Lucas Tauzin devrait se d\u00e9canter.\" \/>\n<meta name=\"robots\" content=\"index, follow, max-snippet:-1, max-image-preview:large, max-video-preview:-1\" \/>\n<link rel=\"canonical\" href=\"https:\/\/dicodusport.fr\/blog\/mercato-la-signature-de-penaud-a-lubb-devrait-sceller-lavenir-de-lebel-delibes-et-tauzin\/\" \/>\n<meta property=\"og:locale\" content=\"fr_FR\" \/>\n<meta property=\"og:type\" content=\"article\" \/>\n<meta property=\"og:title\" content=\"Mercato : La signature de Penaud \u00e0 l&#039;UBB devrait sceller l&#039;avenir de Lebel, Delibes et Tauzin\" \/>\n<meta property=\"og:description\" content=\"TOP 14 - Damian Penaud \u00e0 l&#039;UBB la saison prochaine, la situation de Matthis Lebel, Dimitri Delibes et Lucas Tauzin devrait se d\u00e9canter.\" \/>\n<meta property=\"og:url\" content=\"https:\/\/dicodusport.fr\/blog\/mercato-la-signature-de-penaud-a-lubb-devrait-sceller-lavenir-de-lebel-delibes-et-tauzin\/\" \/>\n<meta property=\"og:site_name\" content=\"Dicodusport\" \/>\n<meta property=\"article:publisher\" content=\"https:\/\/www.facebook.com\/dicodusport\" \/>\n<meta property=\"article:author\" content=\"https:\/\/www.facebook.com\/florent.ostermann\" \/>\n<meta property=\"article:published_time\" content=\"2022-12-28T15:48:14+00:00\" \/>\n<meta property=\"og:image\" content=\"https:\/\/dicodusport.fr\/blog\/wp-content\/uploads\/2022\/12\/Mercato-La-signature-de-Penaud-a-lUBB-devrait-sceller-lavenir-de-Lebel-Delibes-et-Tauzin.png\" \/>\n\t<meta property=\"og:image:width\" content=\"800\" \/>\n\t<meta property=\"og:image:height\" content=\"445\" \/>\n\t<meta property=\"og:image:type\" content=\"image\/png\" \/>\n<meta name=\"author\" content=\"Flo Ostermann\" \/>\n<meta name=\"twitter:card\" content=\"summary_large_image\" \/>\n<meta name=\"twitter:title\" content=\"Mercato : La signature de Penaud \u00e0 l&#039;UBB devrait sceller l&#039;avenir de Lebel, Delibes et Tauzin\" \/>\n<meta name=\"twitter:creator\" content=\"@https:\/\/twitter.com\/FlOstermann\" \/>\n<meta name=\"twitter:site\" content=\"@dicodusport\" \/>\n<script type=\"application\/ld+json\" class=\"yoast-schema-graph\">{\"@context\":\"https:\/\/schema.org\",\"@graph\":[{\"@type\":\"NewsArticle\",\"@id\":\"https:\/\/dicodusport.fr\/blog\/mercato-la-signature-de-penaud-a-lubb-devrait-sceller-lavenir-de-lebel-delibes-et-tauzin\/#article\",\"isPartOf\":{\"@id\":\"https:\/\/dicodusport.fr\/blog\/mercato-la-signature-de-penaud-a-lubb-devrait-sceller-lavenir-de-lebel-delibes-et-tauzin\/\"},\"author\":{\"name\":\"Flo Ostermann\",\"@id\":\"https:\/\/dicodusport.fr\/blog\/#\/schema\/person\/cb02af4c173ce4a653b55e9baf388d4a\"},\"headline\":\"Mercato : La signature de Penaud \u00e0 l&rsquo;UBB devrait sceller l&rsquo;avenir de Lebel, Delibes et Tauzin\",\"datePublished\":\"2022-12-28T15:48:14+00:00\",\"mainEntityOfPage\":{\"@id\":\"https:\/\/dicodusport.fr\/blog\/mercato-la-signature-de-penaud-a-lubb-devrait-sceller-lavenir-de-lebel-delibes-et-tauzin\/\"},\"wordCount\":404,\"commentCount\":1,\"publisher\":{\"@id\":\"https:\/\/dicodusport.fr\/blog\/#organization\"},\"image\":{\"@id\":\"https:\/\/dicodusport.fr\/blog\/mercato-la-signature-de-penaud-a-lubb-devrait-sceller-lavenir-de-lebel-delibes-et-tauzin\/#primaryimage\"},\"thumbnailUrl\":\"https:\/\/dicodusport.fr\/blog\/wp-content\/uploads\/2022\/12\/Mercato-La-signature-de-Penaud-a-lUBB-devrait-sceller-lavenir-de-Lebel-Delibes-et-Tauzin.png\",\"keywords\":[\"Dimitri Delibes\",\"Lucas Tauzin\",\"Matthis Lebel\",\"Stade Toulousain\"],\"articleSection\":[\"Rugby \u00e0 XV\",\"Top 14\"],\"inLanguage\":\"fr-FR\",\"potentialAction\":[{\"@type\":\"CommentAction\",\"name\":\"Comment\",\"target\":[\"https:\/\/dicodusport.fr\/blog\/mercato-la-signature-de-penaud-a-lubb-devrait-sceller-lavenir-de-lebel-delibes-et-tauzin\/#respond\"]}],\"copyrightYear\":\"2022\",\"copyrightHolder\":{\"@id\":\"https:\/\/dicodusport.fr\/blog\/#organization\"}},{\"@type\":\"WebPage\",\"@id\":\"https:\/\/dicodusport.fr\/blog\/mercato-la-signature-de-penaud-a-lubb-devrait-sceller-lavenir-de-lebel-delibes-et-tauzin\/\",\"url\":\"https:\/\/dicodusport.fr\/blog\/mercato-la-signature-de-penaud-a-lubb-devrait-sceller-lavenir-de-lebel-delibes-et-tauzin\/\",\"name\":\"Mercato : La signature de Penaud \u00e0 l'UBB devrait sceller l'avenir de Lebel, Delibes et Tauzin\",\"isPartOf\":{\"@id\":\"https:\/\/dicodusport.fr\/blog\/#website\"},\"primaryImageOfPage\":{\"@id\":\"https:\/\/dicodusport.fr\/blog\/mercato-la-signature-de-penaud-a-lubb-devrait-sceller-lavenir-de-lebel-delibes-et-tauzin\/#primaryimage\"},\"image\":{\"@id\":\"https:\/\/dicodusport.fr\/blog\/mercato-la-signature-de-penaud-a-lubb-devrait-sceller-lavenir-de-lebel-delibes-et-tauzin\/#primaryimage\"},\"thumbnailUrl\":\"https:\/\/dicodusport.fr\/blog\/wp-content\/uploads\/2022\/12\/Mercato-La-signature-de-Penaud-a-lUBB-devrait-sceller-lavenir-de-Lebel-Delibes-et-Tauzin.png\",\"datePublished\":\"2022-12-28T15:48:14+00:00\",\"description\":\"TOP 14 - Damian Penaud \u00e0 l'UBB la saison prochaine, la situation de Matthis Lebel, Dimitri Delibes et Lucas Tauzin devrait se d\u00e9canter.\",\"breadcrumb\":{\"@id\":\"https:\/\/dicodusport.fr\/blog\/mercato-la-signature-de-penaud-a-lubb-devrait-sceller-lavenir-de-lebel-delibes-et-tauzin\/#breadcrumb\"},\"inLanguage\":\"fr-FR\",\"potentialAction\":[{\"@type\":\"ReadAction\",\"target\":[\"https:\/\/dicodusport.fr\/blog\/mercato-la-signature-de-penaud-a-lubb-devrait-sceller-lavenir-de-lebel-delibes-et-tauzin\/\"]}]},{\"@type\":\"ImageObject\",\"inLanguage\":\"fr-FR\",\"@id\":\"https:\/\/dicodusport.fr\/blog\/mercato-la-signature-de-penaud-a-lubb-devrait-sceller-lavenir-de-lebel-delibes-et-tauzin\/#primaryimage\",\"url\":\"https:\/\/dicodusport.fr\/blog\/wp-content\/uploads\/2022\/12\/Mercato-La-signature-de-Penaud-a-lUBB-devrait-sceller-lavenir-de-Lebel-Delibes-et-Tauzin.png\",\"contentUrl\":\"https:\/\/dicodusport.fr\/blog\/wp-content\/uploads\/2022\/12\/Mercato-La-signature-de-Penaud-a-lUBB-devrait-sceller-lavenir-de-Lebel-Delibes-et-Tauzin.png\",\"width\":800,\"height\":445,\"caption\":\"Mercato La signature de Penaud \u00e0 l'UBB devrait sceller l'avenir de Lebel, Delibes et Tauzin\"},{\"@type\":\"BreadcrumbList\",\"@id\":\"https:\/\/dicodusport.fr\/blog\/mercato-la-signature-de-penaud-a-lubb-devrait-sceller-lavenir-de-lebel-delibes-et-tauzin\/#breadcrumb\",\"itemListElement\":[{\"@type\":\"ListItem\",\"position\":1,\"name\":\"Accueil\",\"item\":\"https:\/\/dicodusport.fr\/blog\/\"},{\"@type\":\"ListItem\",\"position\":2,\"name\":\"Mercato : La signature de Penaud \u00e0 l&rsquo;UBB devrait sceller l&rsquo;avenir de Lebel, Delibes et Tauzin\"}]},{\"@type\":\"WebSite\",\"@id\":\"https:\/\/dicodusport.fr\/blog\/#website\",\"url\":\"https:\/\/dicodusport.fr\/blog\/\",\"name\":\"Dicodusport\",\"description\":\"L&#039;encyclop\u00e9die de l&#039;actualit\u00e9 sportive\",\"publisher\":{\"@id\":\"https:\/\/dicodusport.fr\/blog\/#organization\"},\"potentialAction\":[{\"@type\":\"SearchAction\",\"target\":{\"@type\":\"EntryPoint\",\"urlTemplate\":\"https:\/\/dicodusport.fr\/blog\/?s={search_term_string}\"},\"query-input\":{\"@type\":\"PropertyValueSpecification\",\"valueRequired\":true,\"valueName\":\"search_term_string\"}}],\"inLanguage\":\"fr-FR\"},{\"@type\":\"NewsMediaOrganization\",\"@id\":\"https:\/\/dicodusport.fr\/blog\/#organization\",\"name\":\"Dicodusport\",\"url\":\"https:\/\/dicodusport.fr\/blog\/\",\"logo\":{\"@type\":\"ImageObject\",\"inLanguage\":\"fr-FR\",\"@id\":\"https:\/\/dicodusport.fr\/blog\/#\/schema\/logo\/image\/\",\"url\":\"https:\/\/dicodusport.fr\/blog\/wp-content\/uploads\/2020\/06\/cropped-LOGO-DICODUSPORT-2020-SANS-FOND-SANS-TEXTE.png\",\"contentUrl\":\"https:\/\/dicodusport.fr\/blog\/wp-content\/uploads\/2020\/06\/cropped-LOGO-DICODUSPORT-2020-SANS-FOND-SANS-TEXTE.png\",\"width\":512,\"height\":512,\"caption\":\"Dicodusport\"},\"image\":{\"@id\":\"https:\/\/dicodusport.fr\/blog\/#\/schema\/logo\/image\/\"},\"sameAs\":[\"https:\/\/www.facebook.com\/dicodusport\",\"https:\/\/x.com\/dicodusport\",\"https:\/\/www.instagram.com\/dicodusport\/\",\"https:\/\/www.youtube.com\/channel\/UC7V2KZ5sd3htJivAbA4ZG3w\"],\"description\":\"Dicodusport est l'encyclop\u00e9die de l'actualit\u00e9 sportive.\",\"email\":\"bonjour@dicodusport.fr\",\"legalName\":\"DICODUSPORT\",\"foundingDate\":\"2018-01-14\",\"vatID\":\"FR71834470973\",\"taxID\":\"83447097300043\",\"numberOfEmployees\":{\"@type\":\"QuantitativeValue\",\"minValue\":\"1\",\"maxValue\":\"10\"}},{\"@type\":\"Person\",\"@id\":\"https:\/\/dicodusport.fr\/blog\/#\/schema\/person\/cb02af4c173ce4a653b55e9baf388d4a\",\"name\":\"Flo Ostermann\",\"image\":{\"@type\":\"ImageObject\",\"inLanguage\":\"fr-FR\",\"@id\":\"https:\/\/dicodusport.fr\/blog\/#\/schema\/person\/image\/\",\"url\":\"https:\/\/dicodusport.fr\/blog\/wp-content\/uploads\/2021\/05\/Flo-Ostermann-150x150.jpg\",\"contentUrl\":\"https:\/\/dicodusport.fr\/blog\/wp-content\/uploads\/2021\/05\/Flo-Ostermann-150x150.jpg\",\"caption\":\"Flo Ostermann\"},\"description\":\"Journaliste\/R\u00e9dacteur depuis septembre 2015 - Mes premiers souvenirs dans le sport ? Les envol\u00e9es du Stade Toulousain et les duels Villeneuve-Schumacher et H\u00e4kkinen-Schumacher \u00e0 la fin des ann\u00e9es 90, la Coupe du monde de football en 1998, l\u2019exploit du XV de France face aux All Blacks en 1999, mais aussi Richard C\u0153ur de Lion qui vole sur les montagnes du Tour de France. Bien parti pour devenir professeur d\u2019EPS, les \u00e9v\u00e9nements de la vie (et la flemme d\u2019animer des s\u00e9ances de 3x500 m\u00e8tres toute ma vie) m\u2019ont conduit \u00e0 revoir mes plans. Me voil\u00e0 depuis fin 2017 sur Dicodusport, m\u00e9dia gr\u00e2ce (et pour) lequel je partage ma passion : le sport dans tous ses \u00e9tats. Le tout accompagn\u00e9 par les fous furieux et folles furieuses cit\u00e9s sur cette page !\",\"sameAs\":[\"https:\/\/www.facebook.com\/florent.ostermann\",\"https:\/\/x.com\/https:\/\/twitter.com\/FlOstermann\",\"admin\"],\"url\":\"https:\/\/dicodusport.fr\/blog\/author\/flo\/\"}]}<\/script>\n<!-- \/ Yoast SEO Premium plugin. -->","yoast_head_json":{"title":"Mercato : La signature de Penaud \u00e0 l'UBB devrait sceller l'avenir de Lebel, Delibes et Tauzin","description":"TOP 14 - Damian Penaud \u00e0 l'UBB la saison prochaine, la situation de Matthis Lebel, Dimitri Delibes et Lucas Tauzin devrait se d\u00e9canter.","robots":{"index":"index","follow":"follow","max-snippet":"max-snippet:-1","max-image-preview":"max-image-preview:large","max-video-preview":"max-video-preview:-1"},"canonical":"https:\/\/dicodusport.fr\/blog\/mercato-la-signature-de-penaud-a-lubb-devrait-sceller-lavenir-de-lebel-delibes-et-tauzin\/","og_locale":"fr_FR","og_type":"article","og_title":"Mercato : La signature de Penaud \u00e0 l'UBB devrait sceller l'avenir de Lebel, Delibes et Tauzin","og_description":"TOP 14 - Damian Penaud \u00e0 l'UBB la saison prochaine, la situation de Matthis Lebel, Dimitri Delibes et Lucas Tauzin devrait se d\u00e9canter.","og_url":"https:\/\/dicodusport.fr\/blog\/mercato-la-signature-de-penaud-a-lubb-devrait-sceller-lavenir-de-lebel-delibes-et-tauzin\/","og_site_name":"Dicodusport","article_publisher":"https:\/\/www.facebook.com\/dicodusport","article_author":"https:\/\/www.facebook.com\/florent.ostermann","article_published_time":"2022-12-28T15:48:14+00:00","og_image":[{"width":800,"height":445,"url":"https:\/\/dicodusport.fr\/blog\/wp-content\/uploads\/2022\/12\/Mercato-La-signature-de-Penaud-a-lUBB-devrait-sceller-lavenir-de-Lebel-Delibes-et-Tauzin.png","type":"image\/png"}],"author":"Flo Ostermann","twitter_card":"summary_large_image","twitter_title":"Mercato : La signature de Penaud \u00e0 l'UBB devrait sceller l'avenir de Lebel, Delibes et Tauzin","twitter_creator":"@https:\/\/twitter.com\/FlOstermann","twitter_site":"@dicodusport","schema":{"@context":"https:\/\/schema.org","@graph":[{"@type":"NewsArticle","@id":"https:\/\/dicodusport.fr\/blog\/mercato-la-signature-de-penaud-a-lubb-devrait-sceller-lavenir-de-lebel-delibes-et-tauzin\/#article","isPartOf":{"@id":"https:\/\/dicodusport.fr\/blog\/mercato-la-signature-de-penaud-a-lubb-devrait-sceller-lavenir-de-lebel-delibes-et-tauzin\/"},"author":{"name":"Flo Ostermann","@id":"https:\/\/dicodusport.fr\/blog\/#\/schema\/person\/cb02af4c173ce4a653b55e9baf388d4a"},"headline":"Mercato : La signature de Penaud \u00e0 l&rsquo;UBB devrait sceller l&rsquo;avenir de Lebel, Delibes et Tauzin","datePublished":"2022-12-28T15:48:14+00:00","mainEntityOfPage":{"@id":"https:\/\/dicodusport.fr\/blog\/mercato-la-signature-de-penaud-a-lubb-devrait-sceller-lavenir-de-lebel-delibes-et-tauzin\/"},"wordCount":404,"commentCount":1,"publisher":{"@id":"https:\/\/dicodusport.fr\/blog\/#organization"},"image":{"@id":"https:\/\/dicodusport.fr\/blog\/mercato-la-signature-de-penaud-a-lubb-devrait-sceller-lavenir-de-lebel-delibes-et-tauzin\/#primaryimage"},"thumbnailUrl":"https:\/\/dicodusport.fr\/blog\/wp-content\/uploads\/2022\/12\/Mercato-La-signature-de-Penaud-a-lUBB-devrait-sceller-lavenir-de-Lebel-Delibes-et-Tauzin.png","keywords":["Dimitri Delibes","Lucas Tauzin","Matthis Lebel","Stade Toulousain"],"articleSection":["Rugby \u00e0 XV","Top 14"],"inLanguage":"fr-FR","potentialAction":[{"@type":"CommentAction","name":"Comment","target":["https:\/\/dicodusport.fr\/blog\/mercato-la-signature-de-penaud-a-lubb-devrait-sceller-lavenir-de-lebel-delibes-et-tauzin\/#respond"]}],"copyrightYear":"2022","copyrightHolder":{"@id":"https:\/\/dicodusport.fr\/blog\/#organization"}},{"@type":"WebPage","@id":"https:\/\/dicodusport.fr\/blog\/mercato-la-signature-de-penaud-a-lubb-devrait-sceller-lavenir-de-lebel-delibes-et-tauzin\/","url":"https:\/\/dicodusport.fr\/blog\/mercato-la-signature-de-penaud-a-lubb-devrait-sceller-lavenir-de-lebel-delibes-et-tauzin\/","name":"Mercato : La signature de Penaud \u00e0 l'UBB devrait sceller l'avenir de Lebel, Delibes et Tauzin","isPartOf":{"@id":"https:\/\/dicodusport.fr\/blog\/#website"},"primaryImageOfPage":{"@id":"https:\/\/dicodusport.fr\/blog\/mercato-la-signature-de-penaud-a-lubb-devrait-sceller-lavenir-de-lebel-delibes-et-tauzin\/#primaryimage"},"image":{"@id":"https:\/\/dicodusport.fr\/blog\/mercato-la-signature-de-penaud-a-lubb-devrait-sceller-lavenir-de-lebel-delibes-et-tauzin\/#primaryimage"},"thumbnailUrl":"https:\/\/dicodusport.fr\/blog\/wp-content\/uploads\/2022\/12\/Mercato-La-signature-de-Penaud-a-lUBB-devrait-sceller-lavenir-de-Lebel-Delibes-et-Tauzin.png","datePublished":"2022-12-28T15:48:14+00:00","description":"TOP 14 - Damian Penaud \u00e0 l'UBB la saison prochaine, la situation de Matthis Lebel, Dimitri Delibes et Lucas Tauzin devrait se d\u00e9canter.","breadcrumb":{"@id":"https:\/\/dicodusport.fr\/blog\/mercato-la-signature-de-penaud-a-lubb-devrait-sceller-lavenir-de-lebel-delibes-et-tauzin\/#breadcrumb"},"inLanguage":"fr-FR","potentialAction":[{"@type":"ReadAction","target":["https:\/\/dicodusport.fr\/blog\/mercato-la-signature-de-penaud-a-lubb-devrait-sceller-lavenir-de-lebel-delibes-et-tauzin\/"]}]},{"@type":"ImageObject","inLanguage":"fr-FR","@id":"https:\/\/dicodusport.fr\/blog\/mercato-la-signature-de-penaud-a-lubb-devrait-sceller-lavenir-de-lebel-delibes-et-tauzin\/#primaryimage","url":"https:\/\/dicodusport.fr\/blog\/wp-content\/uploads\/2022\/12\/Mercato-La-signature-de-Penaud-a-lUBB-devrait-sceller-lavenir-de-Lebel-Delibes-et-Tauzin.png","contentUrl":"https:\/\/dicodusport.fr\/blog\/wp-content\/uploads\/2022\/12\/Mercato-La-signature-de-Penaud-a-lUBB-devrait-sceller-lavenir-de-Lebel-Delibes-et-Tauzin.png","width":800,"height":445,"caption":"Mercato La signature de Penaud \u00e0 l'UBB devrait sceller l'avenir de Lebel, Delibes et Tauzin"},{"@type":"BreadcrumbList","@id":"https:\/\/dicodusport.fr\/blog\/mercato-la-signature-de-penaud-a-lubb-devrait-sceller-lavenir-de-lebel-delibes-et-tauzin\/#breadcrumb","itemListElement":[{"@type":"ListItem","position":1,"name":"Accueil","item":"https:\/\/dicodusport.fr\/blog\/"},{"@type":"ListItem","position":2,"name":"Mercato : La signature de Penaud \u00e0 l&rsquo;UBB devrait sceller l&rsquo;avenir de Lebel, Delibes et Tauzin"}]},{"@type":"WebSite","@id":"https:\/\/dicodusport.fr\/blog\/#website","url":"https:\/\/dicodusport.fr\/blog\/","name":"Dicodusport","description":"L&#039;encyclop\u00e9die de l&#039;actualit\u00e9 sportive","publisher":{"@id":"https:\/\/dicodusport.fr\/blog\/#organization"},"potentialAction":[{"@type":"SearchAction","target":{"@type":"EntryPoint","urlTemplate":"https:\/\/dicodusport.fr\/blog\/?s={search_term_string}"},"query-input":{"@type":"PropertyValueSpecification","valueRequired":true,"valueName":"search_term_string"}}],"inLanguage":"fr-FR"},{"@type":"NewsMediaOrganization","@id":"https:\/\/dicodusport.fr\/blog\/#organization","name":"Dicodusport","url":"https:\/\/dicodusport.fr\/blog\/","logo":{"@type":"ImageObject","inLanguage":"fr-FR","@id":"https:\/\/dicodusport.fr\/blog\/#\/schema\/logo\/image\/","url":"https:\/\/dicodusport.fr\/blog\/wp-content\/uploads\/2020\/06\/cropped-LOGO-DICODUSPORT-2020-SANS-FOND-SANS-TEXTE.png","contentUrl":"https:\/\/dicodusport.fr\/blog\/wp-content\/uploads\/2020\/06\/cropped-LOGO-DICODUSPORT-2020-SANS-FOND-SANS-TEXTE.png","width":512,"height":512,"caption":"Dicodusport"},"image":{"@id":"https:\/\/dicodusport.fr\/blog\/#\/schema\/logo\/image\/"},"sameAs":["https:\/\/www.facebook.com\/dicodusport","https:\/\/x.com\/dicodusport","https:\/\/www.instagram.com\/dicodusport\/","https:\/\/www.youtube.com\/channel\/UC7V2KZ5sd3htJivAbA4ZG3w"],"description":"Dicodusport est l'encyclop\u00e9die de l'actualit\u00e9 sportive.","email":"bonjour@dicodusport.fr","legalName":"DICODUSPORT","foundingDate":"2018-01-14","vatID":"FR71834470973","taxID":"83447097300043","numberOfEmployees":{"@type":"QuantitativeValue","minValue":"1","maxValue":"10"}},{"@type":"Person","@id":"https:\/\/dicodusport.fr\/blog\/#\/schema\/person\/cb02af4c173ce4a653b55e9baf388d4a","name":"Flo Ostermann","image":{"@type":"ImageObject","inLanguage":"fr-FR","@id":"https:\/\/dicodusport.fr\/blog\/#\/schema\/person\/image\/","url":"https:\/\/dicodusport.fr\/blog\/wp-content\/uploads\/2021\/05\/Flo-Ostermann-150x150.jpg","contentUrl":"https:\/\/dicodusport.fr\/blog\/wp-content\/uploads\/2021\/05\/Flo-Ostermann-150x150.jpg","caption":"Flo Ostermann"},"description":"Journaliste\/R\u00e9dacteur depuis septembre 2015 - Mes premiers souvenirs dans le sport ? Les envol\u00e9es du Stade Toulousain et les duels Villeneuve-Schumacher et H\u00e4kkinen-Schumacher \u00e0 la fin des ann\u00e9es 90, la Coupe du monde de football en 1998, l\u2019exploit du XV de France face aux All Blacks en 1999, mais aussi Richard C\u0153ur de Lion qui vole sur les montagnes du Tour de France. Bien parti pour devenir professeur d\u2019EPS, les \u00e9v\u00e9nements de la vie (et la flemme d\u2019animer des s\u00e9ances de 3x500 m\u00e8tres toute ma vie) m\u2019ont conduit \u00e0 revoir mes plans. Me voil\u00e0 depuis fin 2017 sur Dicodusport, m\u00e9dia gr\u00e2ce (et pour) lequel je partage ma passion : le sport dans tous ses \u00e9tats. Le tout accompagn\u00e9 par les fous furieux et folles furieuses cit\u00e9s sur cette page !","sameAs":["https:\/\/www.facebook.com\/florent.ostermann","https:\/\/x.com\/https:\/\/twitter.com\/FlOstermann","admin"],"url":"https:\/\/dicodusport.fr\/blog\/author\/flo\/"}]}},"_links":{"self":[{"href":"https:\/\/dicodusport.fr\/blog\/wp-json\/wp\/v2\/posts\/335323","targetHints":{"allow":["GET"]}}],"collection":[{"href":"https:\/\/dicodusport.fr\/blog\/wp-json\/wp\/v2\/posts"}],"about":[{"href":"https:\/\/dicodusport.fr\/blog\/wp-json\/wp\/v2\/types\/post"}],"author":[{"embeddable":true,"href":"https:\/\/dicodusport.fr\/blog\/wp-json\/wp\/v2\/users\/4"}],"replies":[{"embeddable":true,"href":"https:\/\/dicodusport.fr\/blog\/wp-json\/wp\/v2\/comments?post=335323"}],"version-history":[{"count":0,"href":"https:\/\/dicodusport.fr\/blog\/wp-json\/wp\/v2\/posts\/335323\/revisions"}],"wp:featuredmedia":[{"embeddable":true,"href":"https:\/\/dicodusport.fr\/blog\/wp-json\/wp\/v2\/media\/335434"}],"wp:attachment":[{"href":"https:\/\/dicodusport.fr\/blog\/wp-json\/wp\/v2\/media?parent=335323"}],"wp:term":[{"taxonomy":"category","embeddable":true,"href":"https:\/\/dicodusport.fr\/blog\/wp-json\/wp\/v2\/categories?post=335323"},{"taxonomy":"post_tag","embeddable":true,"href":"https:\/\/dicodusport.fr\/blog\/wp-json\/wp\/v2\/tags?post=335323"}],"curies":[{"name":"wp","href":"https:\/\/api.w.org\/{rel}","templated":true}]}}