{"id":33593,"date":"2019-02-14T14:29:09","date_gmt":"2019-02-14T13:29:09","guid":{"rendered":"http:\/\/dicodusport.fr\/blog\/?p=33593"},"modified":"2021-10-18T17:13:46","modified_gmt":"2021-10-18T15:13:46","slug":"6-nations-composez-votre-xv-de-france-pour-le-match-face-a-l-ecosse","status":"publish","type":"post","link":"https:\/\/dicodusport.fr\/blog\/6-nations-composez-votre-xv-de-france-pour-le-match-face-a-l-ecosse\/","title":{"rendered":"6 Nations : composez votre XV de France pour le match face \u00e0 l\u2019\u00c9cosse"},"content":{"rendered":"<p style=\"text-align: justify;\"><em><strong>Apr\u00e8s deux d\u00e9faites lors de ses deux premi\u00e8res rencontres, le XV de France accueillera l\u2019\u00c9cosse le samedi 23 f\u00e9vrier au Stade de France (14h15). Suite \u00e0 la liste inchang\u00e9e de Jacques Brunel, on vous propose de composer votre XV de d\u00e9part face aux \u00c9cossais.<br \/>\n<\/strong><\/em><\/p>\n<h1>Choix des avants<\/h1>\n<div class=\"dem-poll-shortcode\">\n<style id=\"democracy-poll\">.democracy:after{content:'';display:table;clear:both}.democracy ul li,.democracy ul{background:0 0;padding:0;margin:0}.democracy ul li:before{display:none}.democracy input[type=radio],.democracy input[type=checkbox]{margin:0;vertical-align:middle}.democracy input[type=radio]:focus,.democracy input[type=checkbox]:focus{outline:none}.democracy ul{list-style:none !important;border:none !important}.democracy ul li{list-style:none !important}input[type=submit].dem-button,a.dem-button,.dem-button{position:relative;display:inline-block;text-decoration:none;line-height:1;border:0;margin:0;padding:0;cursor:pointer;white-space:nowrap;-webkit-user-select:none;-moz-user-select:none;-ms-user-select:none;user-select:none}input[type=submit].dem-button:focus,a.dem-button:focus,.dem-button:focus{outline:none}input[type=submit].dem-button:disabled,a.dem-button:disabled,.dem-button:disabled{opacity:.6;cursor:not-allowed}a.dem-button:hover{text-decoration:none !important}.democracy{position:relative;margin:0 auto}.democracy input[type=radio],.democracy input[type=checkbox]{margin-right:.2em}.dem-screen{position:relative;line-height:1.3}.democracy ul.dem-vote{margin-bottom:1em}.democracy ul.dem-vote li{padding-bottom:0;margin-bottom:0}.democracy ul.dem-vote li>*{margin-bottom:.6em}.democracy ul.dem-answers li{padding-bottom:1em}.dem-answers .dem-label{margin-bottom:.2em;line-height:1.2}.dem-graph{position:relative;color:#555;color:rgba(0,0,0,.6);box-sizing:content-box;width:100%;display:table;height:1.2em;line-height:1.2em}.dem-fill{position:absolute;top:0;left:0;height:100%;background-color:#7cb4dd}.dem-voted-this .dem-fill{background-color:#ffc45a}.dem-votes-txt,.dem-percent-txt{position:relative;display:table-cell;padding-left:.3em;vertical-align:middle;font-size:90%}.dem-poll-info{padding-bottom:1em}.dem-poll-info:after{content:'';display:table;clear:both}.dem-poll-info>*{font-size:85%;display:block;float:right;clear:both;text-align:right;opacity:.7;line-height:1.3}.dem-vote label{float:none;display:block}.dem-results-link{display:inline-block;line-height:1;margin:.8em 1em}.dem-vote .dem-disabled{opacity:.5}.democracy .dem-bottom{padding-bottom:1em}.dem-bottom{text-align:center}.dem-bottom:after{content:'';display:table;clear:both}.dem-poll-title{display:block;margin-bottom:1.5em;margin-top:1.2em;font-size:120%}.dem-notice{z-index:10;position:absolute;top:0;border-radius:2px;width:100%;padding:1.5em 2em;text-align:center;background:rgba(247,241,212,.8);color:#6d6214}.dem-notice-close{position:absolute;top:0;right:0;padding:5px;cursor:pointer;line-height:.6;font-size:150%}.dem-notice-close:hover{color:#d26616}.dem-star{font-size:90%;vertical-align:baseline;padding-left:.3em;color:#ff4e00}.dem-poll-note{font-size:90%;padding:.5em;opacity:.8;line-height:1.3}.democracy .dem-copyright{position:absolute;bottom:-1em;right:0;text-decoration:none;border-bottom:0;color:#b2b2b2;opacity:.5;line-height:1}.democracy .dem-copyright:hover{opacity:1}.dem-add-answer{position:relative}.dem-add-answer>*{display:block}.dem-add-answer a{display:inline-block}input.dem-add-answer-txt{width:100%;box-sizing:border-box}.dem-add-answer-close{position:absolute;right:0;padding:0 .7em;cursor:pointer;color:#333}.dem-add-answer-close:hover{color:#ff2700}.dem-edit-link{display:block;position:absolute;top:0;right:0;line-height:1;text-decoration:none !important;border:none !important}.dem-edit-link svg{width:1.2em!important;fill:#6c6c6c}.dem-edit-link:hover svg{fill:#35a91d}.dem-loader{display:none;position:absolute;top:0;left:0;width:100%;height:100%}.dem-loader>*{display:table-cell;vertical-align:middle;text-align:center}.dem-loader svg{width:20%;max-width:100px;min-width:80px;margin-bottom:15%}.dem-loader [class^=dem-]{margin-bottom:15%!important}.dem__collapser{display:block;cursor:pointer;text-align:center;font-size:150%;line-height:1}.dem__collapser:hover{color:#f31;background:rgba(255,255,255,.3)}.dem__collapser.expanded{position:relative;height:1em}.dem__collapser.collapsed{position:absolute;top:0;bottom:0;right:0;left:0}.dem__collapser .arr{display:block;position:absolute;bottom:0;width:100%}.dem__collapser.collapsed .arr:before{content:\"\u25be\"}.dem__collapser.expanded .arr:before{content:\"\u25b4\"}.dem-poll-shortcode{margin-bottom:1.5em}.dem-archives .dem-elem-wrap{margin-bottom:2em;padding-bottom:20px;border-bottom:1px dashed rgba(0,0,0,.1)}.dem-archives .dem-archive-link{display:none}.dem-paging{text-align:center;margin:1.5em auto}.dem-paging>*{display:inline-block;padding:.3em .8em;border-radius:.2em;background:#e2e2e2;color:#333;text-decoration:none;text-transform:lowercase;user-select:none}.dem-paging>a{color:#333}.dem-paging>a:hover{background:#ccc;color:#333;text-decoration:none}.dem-paging .current{background:#656565;color:#fff}.dem-paging .dots{background:0 0}.democracy{border-color:#ccc;border:1px solid rgba(0,0,0,.1);background-color:#eee;background-color:rgba(0,0,0,.1);background-image:-webkit-linear-gradient(bottom,rgba(0,0,0,.05),transparent);background-image:linear-gradient(to top,rgba(0,0,0,.05),transparent);padding:1em;padding-bottom:.5em;margin-bottom:1em}.dem-poll-title{margin:0;font-size:115%;margin:-.9em;margin-bottom:1em;text-align:center;padding:1em;border-bottom:1px solid rgba(0,0,0,.1)}.dem-percent-txt,.dem-label-percent-txt{display:none}.dem-votes-txt-percent:before{content:'- ';display:inline}.dem-revote-button:before{content:'\u25c2 '}.dem-graph{background-color:rgba(255,255,255,.8)}.dem-results-link{margin-bottom:0}.dem__checkbox,.dem__radio{display:none !important}.dem__checkbox_label,.dem__radio_label{position:relative;box-sizing:content-box}.dem__checkbox_label .dem__spot{border-radius:3px}.dem__radio_label .dem__spot{border-radius:50%}.dem__checkbox_label .dem__spot,.dem__radio_label .dem__spot{position:relative;display:inline-block;vertical-align:baseline;width:.9em;height:.9em;margin-right:.3em;cursor:pointer;background:#fff;border:1px solid #ccc}.dem__checkbox_label .dem__spot:after{width:.9em;height:.32em;top:-.1em;left:.145em;border:.17em solid #333;border-top:none;border-right:none;-webkit-transform:rotate(-45deg);transform:rotate(-45deg);background:0 0}.dem__radio_label .dem__spot:after{width:.5em;height:.5em;border-radius:50%;top:50%;left:50%;-webkit-transform:translate(-50%,-50%);transform:translate(-50%,-50%);background:#333}.dem__checkbox_label .dem__spot:after,.dem__radio_label .dem__spot:after{content:'';position:absolute;opacity:0}.dem__checkbox_label:hover .dem__spot:after,.dem__radio_label:hover .dem__spot:after{opacity:.2}.dem__checkbox:checked+.dem__spot,.dem__radio:checked+.dem__spot{border-color:#999}.dem__checkbox:checked+.dem__spot:after,.dem__radio:checked+.dem__spot:after{opacity:1}.dem__checkbox:disabled+.dem__spot,.dem__radio:disabled+.dem__spot{opacity:.5}.dem__checkbox:not(:checked):disabled+.dem__spot:after,.dem__radio:not(:checked):disabled+.dem__spot:after{opacity:0}input[type=submit].dem-button,a.dem-button,.dem-button{font-size:90%;font-family:tahoma,arial,sans-serif;padding:.8em 1.6em !important;color:#fff;background:#61a9de;text-transform:uppercase}input[type=submit].dem-button:hover,a.dem-button:hover,.dem-button:hover{color:#fff;background:#3b8bc6}a.dem-button:visited{color:#fff}.dem-loader .fill{fill:#0248ed !important}.dem-loader .css-fill{background-color:#0248ed !important}.dem-loader .stroke{stroke:#0248ed !important}.dem-graph{background:#a5a5a5 !important}.dem-fill{background-color:#1c62ed !important}.dem-voted-this .dem-fill{background-color:#30a82a !important}.dem-graph{height:25px;line-height:25px}.dem-button{background-color:#f71339 !important}.dem-button{color:#efefef !important}.democracy{background-color:#fff;color:#000}.dem-poll-info{color:#000}.dem-votes-txt,.dem-percent-txt{color:#fff}<\/style>\n<div id=\"democracy-264\" class=\"democracy\" data-opts='{\"ajax_url\":\"https:\\\/\\\/dicodusport.fr\\\/blog\\\/wp-admin\\\/admin-ajax.php\",\"pid\":264,\"max_answs\":2,\"answs_max_height\":\"-1\",\"anim_speed\":\"400\",\"line_anim_speed\":1500}' ><strong class=\"dem-poll-title\">Choisissez vos piliers (deux choix possibles)<\/strong><div class=\"dem-screen voted\"><ul class=\"dem-answers\" data-voted-class=\"dem-voted-this\" data-voted-txt=\"(Votre vote)\">\n\t<li  class=\"dem-winner\" title=\"335 voix - 33% des votes\" data-aid=\"987\">\n\t<div class=\"dem-label\">Demba Bamba  <span class=\"dem-label-percent-txt\">33%, 335 <span class=\"votxt\">voix<\/span><\/span><\/div>\n\t<div class=\"dem-graph\">\n\t\t<div class=\"dem-fill\" data-width=\"100%\"><\/div>\n\t\t<div class=\"dem-votes-txt\">\n\t\t\t<span class=\"dem-votes-txt-votes\">335 <span class=\"votxt\">voix<\/span><\/span>\n\t\t\t<span class=\"dem-votes-txt-percent\">33%<\/span>\n\t\t<\/div>\n\t\t<div class=\"dem-percent-txt\">335 voix - 33% des votes<\/div>\n\t<\/div>\n<\/li><li  title=\"269 voix - 27% des votes\" data-aid=\"985\">\n\t<div class=\"dem-label\">Jefferson Poirot  <span class=\"dem-label-percent-txt\">27%, 269 <span class=\"votxt\">voix<\/span><\/span><\/div>\n\t<div class=\"dem-graph\">\n\t\t<div class=\"dem-fill\" data-width=\"80%\"><\/div>\n\t\t<div class=\"dem-votes-txt\">\n\t\t\t<span class=\"dem-votes-txt-votes\">269 <span class=\"votxt\">voix<\/span><\/span>\n\t\t\t<span class=\"dem-votes-txt-percent\">27%<\/span>\n\t\t<\/div>\n\t\t<div class=\"dem-percent-txt\">269 voix - 27% des votes<\/div>\n\t<\/div>\n<\/li><li  title=\"198 voix - 20% des votes\" data-aid=\"986\">\n\t<div class=\"dem-label\">Dany Priso  <span class=\"dem-label-percent-txt\">20%, 198 <span class=\"votxt\">voix<\/span><\/span><\/div>\n\t<div class=\"dem-graph\">\n\t\t<div class=\"dem-fill\" data-width=\"59%\"><\/div>\n\t\t<div class=\"dem-votes-txt\">\n\t\t\t<span class=\"dem-votes-txt-votes\">198 <span class=\"votxt\">voix<\/span><\/span>\n\t\t\t<span class=\"dem-votes-txt-percent\">20%<\/span>\n\t\t<\/div>\n\t\t<div class=\"dem-percent-txt\">198 voix - 20% des votes<\/div>\n\t<\/div>\n<\/li><li  title=\"110 voix - 11% des votes\" data-aid=\"988\">\n\t<div class=\"dem-label\">Uini Atonio  <span class=\"dem-label-percent-txt\">11%, 110 <span class=\"votxt\">voix<\/span><\/span><\/div>\n\t<div class=\"dem-graph\">\n\t\t<div class=\"dem-fill\" data-width=\"33%\"><\/div>\n\t\t<div class=\"dem-votes-txt\">\n\t\t\t<span class=\"dem-votes-txt-votes\">110 <span class=\"votxt\">voix<\/span><\/span>\n\t\t\t<span class=\"dem-votes-txt-percent\">11%<\/span>\n\t\t<\/div>\n\t\t<div class=\"dem-percent-txt\">110 voix - 11% des votes<\/div>\n\t<\/div>\n<\/li><li  title=\"90 voix - 9% des votes\" data-aid=\"989\">\n\t<div class=\"dem-label\">Dorian Aldegheri  <span class=\"dem-label-percent-txt\">9%, 90 <span class=\"votxt\">voix<\/span><\/span><\/div>\n\t<div class=\"dem-graph\">\n\t\t<div class=\"dem-fill\" data-width=\"27%\"><\/div>\n\t\t<div class=\"dem-votes-txt\">\n\t\t\t<span class=\"dem-votes-txt-votes\">90 <span class=\"votxt\">voix<\/span><\/span>\n\t\t\t<span class=\"dem-votes-txt-percent\">9%<\/span>\n\t\t<\/div>\n\t\t<div class=\"dem-percent-txt\">90 voix - 9% des votes<\/div>\n\t<\/div>\n<\/li>\n<\/ul>\n<div class=\"dem-bottom\">\n\t<div class=\"dem-poll-info\">\n\t\t<div class=\"dem-total-votes\">Total des votes : 1002<\/div>\n\t\t<div class=\"dem-users-voted\">Votants : 520<\/div>\n\t\t<div class=\"dem-date\" title=\"D\u00e9but\">\n\t\t\t<span class=\"dem-begin-date\">13 f\u00e9vrier 2019<\/span> - <span class=\"dem-end-date\" title=\"Fin\">18 f\u00e9vrier 2019<\/span>\n\t\t<\/div>\n\t\t\n\t\t<div>Les votes sont clos<\/div>\n\t\t\n\t<\/div>\n\t\n<\/div><\/div><noscript>Poll Options are limited because JavaScript is disabled in your browser.<\/noscript><div class=\"dem-loader\"><div><style type=\"text\/css\">\n.dem-circle {\n  width:100%;\n  height:100%;\n  min-width:40px;\n  min-height:40px;\n  max-width:70px;\n  max-height:70px;\n\n  position: relative;\n  margin: 0 auto;\n}\n\n.double-bounce1, .double-bounce2 {\n  width: 100%;\n  height: 100%;\n  border-radius: 50%;\n  background-color: #226ec6;\n  opacity: 0.6;\n  position: absolute;\n  top: 0;\n  left: 0;\n  \n  -webkit-animation: bounce 2.0s infinite ease-in-out;\n  animation: bounce 2.0s infinite ease-in-out;\n}\n\n.double-bounce2 {\n  -webkit-animation-delay: -1.0s;\n  animation-delay: -1.0s;\n}\n\n@-webkit-keyframes bounce {\n  0%, 100% { -webkit-transform: scale(0.0) }\n  50% { -webkit-transform: scale(1.0) }\n}\n\n@keyframes bounce {\n  0%, 100% { \n    transform: scale(0.0);\n    -webkit-transform: scale(0.0);\n  } 50% { \n    transform: scale(1.0);\n    -webkit-transform: scale(1.0);\n  }\n}<\/style>\n\n<div class=\"dem-circle\">\n  <div class=\"double-bounce1 css-fill\"><\/div>\n  <div class=\"double-bounce2 css-fill\"><\/div>\n<\/div><\/div><\/div><\/div><!--democracy--><\/div>\n<div class=\"dem-poll-shortcode\"><div id=\"democracy-265\" class=\"democracy\" data-opts='{\"ajax_url\":\"https:\\\/\\\/dicodusport.fr\\\/blog\\\/wp-admin\\\/admin-ajax.php\",\"pid\":265,\"max_answs\":0,\"answs_max_height\":\"-1\",\"anim_speed\":\"400\",\"line_anim_speed\":1500}' ><strong class=\"dem-poll-title\">Choisissez votre talonneur<\/strong><div class=\"dem-screen voted\"><ul class=\"dem-answers\" data-voted-class=\"dem-voted-this\" data-voted-txt=\"(Votre vote)\">\n\t<li  class=\"dem-winner\" title=\"256 voix - 50% des votes\" data-aid=\"991\">\n\t<div class=\"dem-label\">Camille Chat  <span class=\"dem-label-percent-txt\">50%, 256 <span class=\"votxt\">voix<\/span><\/span><\/div>\n\t<div class=\"dem-graph\">\n\t\t<div class=\"dem-fill\" data-width=\"100%\"><\/div>\n\t\t<div class=\"dem-votes-txt\">\n\t\t\t<span class=\"dem-votes-txt-votes\">256 <span class=\"votxt\">voix<\/span><\/span>\n\t\t\t<span class=\"dem-votes-txt-percent\">50%<\/span>\n\t\t<\/div>\n\t\t<div class=\"dem-percent-txt\">256 voix - 50% des votes<\/div>\n\t<\/div>\n<\/li><li  title=\"135 voix - 26% des votes\" data-aid=\"992\">\n\t<div class=\"dem-label\">Pierre Bourgarit  <span class=\"dem-label-percent-txt\">26%, 135 <span class=\"votxt\">voix<\/span><\/span><\/div>\n\t<div class=\"dem-graph\">\n\t\t<div class=\"dem-fill\" data-width=\"53%\"><\/div>\n\t\t<div class=\"dem-votes-txt\">\n\t\t\t<span class=\"dem-votes-txt-votes\">135 <span class=\"votxt\">voix<\/span><\/span>\n\t\t\t<span class=\"dem-votes-txt-percent\">26%<\/span>\n\t\t<\/div>\n\t\t<div class=\"dem-percent-txt\">135 voix - 26% des votes<\/div>\n\t<\/div>\n<\/li><li  title=\"126 voix - 24% des votes\" data-aid=\"990\">\n\t<div class=\"dem-label\">Guilhem Guirado  <span class=\"dem-label-percent-txt\">24%, 126 <span class=\"votxt\">voix<\/span><\/span><\/div>\n\t<div class=\"dem-graph\">\n\t\t<div class=\"dem-fill\" data-width=\"49%\"><\/div>\n\t\t<div class=\"dem-votes-txt\">\n\t\t\t<span class=\"dem-votes-txt-votes\">126 <span class=\"votxt\">voix<\/span><\/span>\n\t\t\t<span class=\"dem-votes-txt-percent\">24%<\/span>\n\t\t<\/div>\n\t\t<div class=\"dem-percent-txt\">126 voix - 24% des votes<\/div>\n\t<\/div>\n<\/li>\n<\/ul>\n<div class=\"dem-bottom\">\n\t<div class=\"dem-poll-info\">\n\t\t<div class=\"dem-total-votes\">Total des votes : 517<\/div>\n\t\t\n\t\t<div class=\"dem-date\" title=\"D\u00e9but\">\n\t\t\t<span class=\"dem-begin-date\">13 f\u00e9vrier 2019<\/span> - <span class=\"dem-end-date\" title=\"Fin\">18 f\u00e9vrier 2019<\/span>\n\t\t<\/div>\n\t\t\n\t\t<div>Les votes sont clos<\/div>\n\t\t\n\t<\/div>\n\t\n<\/div><\/div><noscript>Poll Options are limited because JavaScript is disabled in your browser.<\/noscript><\/div><!--democracy--><\/div>\n<div class=\"dem-poll-shortcode\"><div id=\"democracy-266\" class=\"democracy\" data-opts='{\"ajax_url\":\"https:\\\/\\\/dicodusport.fr\\\/blog\\\/wp-admin\\\/admin-ajax.php\",\"pid\":266,\"max_answs\":2,\"answs_max_height\":\"-1\",\"anim_speed\":\"400\",\"line_anim_speed\":1500}' ><strong class=\"dem-poll-title\">S\u00e9lectionnez vos deuxi\u00e8mes lignes (deux choix possibles)<\/strong><div class=\"dem-screen voted\"><ul class=\"dem-answers\" data-voted-class=\"dem-voted-this\" data-voted-txt=\"(Votre vote)\">\n\t<li  class=\"dem-winner\" title=\"439 voix - 45% des votes\" data-aid=\"994\">\n\t<div class=\"dem-label\">F\u00e9lix Lambey  <span class=\"dem-label-percent-txt\">45%, 439 <span class=\"votxt\">voix<\/span><\/span><\/div>\n\t<div class=\"dem-graph\">\n\t\t<div class=\"dem-fill\" data-width=\"100%\"><\/div>\n\t\t<div class=\"dem-votes-txt\">\n\t\t\t<span class=\"dem-votes-txt-votes\">439 <span class=\"votxt\">voix<\/span><\/span>\n\t\t\t<span class=\"dem-votes-txt-percent\">45%<\/span>\n\t\t<\/div>\n\t\t<div class=\"dem-percent-txt\">439 voix - 45% des votes<\/div>\n\t<\/div>\n<\/li><li  title=\"327 voix - 34% des votes\" data-aid=\"993\">\n\t<div class=\"dem-label\">S\u00e9bastien Vahaamahina  <span class=\"dem-label-percent-txt\">34%, 327 <span class=\"votxt\">voix<\/span><\/span><\/div>\n\t<div class=\"dem-graph\">\n\t\t<div class=\"dem-fill\" data-width=\"74%\"><\/div>\n\t\t<div class=\"dem-votes-txt\">\n\t\t\t<span class=\"dem-votes-txt-votes\">327 <span class=\"votxt\">voix<\/span><\/span>\n\t\t\t<span class=\"dem-votes-txt-percent\">34%<\/span>\n\t\t<\/div>\n\t\t<div class=\"dem-percent-txt\">327 voix - 34% des votes<\/div>\n\t<\/div>\n<\/li><li  title=\"209 voix - 21% des votes\" data-aid=\"995\">\n\t<div class=\"dem-label\">Paul Willemse  <span class=\"dem-label-percent-txt\">21%, 209 <span class=\"votxt\">voix<\/span><\/span><\/div>\n\t<div class=\"dem-graph\">\n\t\t<div class=\"dem-fill\" data-width=\"48%\"><\/div>\n\t\t<div class=\"dem-votes-txt\">\n\t\t\t<span class=\"dem-votes-txt-votes\">209 <span class=\"votxt\">voix<\/span><\/span>\n\t\t\t<span class=\"dem-votes-txt-percent\">21%<\/span>\n\t\t<\/div>\n\t\t<div class=\"dem-percent-txt\">209 voix - 21% des votes<\/div>\n\t<\/div>\n<\/li>\n<\/ul>\n<div class=\"dem-bottom\">\n\t<div class=\"dem-poll-info\">\n\t\t<div class=\"dem-total-votes\">Total des votes : 975<\/div>\n\t\t<div class=\"dem-users-voted\">Votants : 508<\/div>\n\t\t<div class=\"dem-date\" title=\"D\u00e9but\">\n\t\t\t<span class=\"dem-begin-date\">13 f\u00e9vrier 2019<\/span> - <span class=\"dem-end-date\" title=\"Fin\">18 f\u00e9vrier 2019<\/span>\n\t\t<\/div>\n\t\t\n\t\t<div>Les votes sont clos<\/div>\n\t\t\n\t<\/div>\n\t\n<\/div><\/div><noscript>Poll Options are limited because JavaScript is disabled in your browser.<\/noscript><\/div><!--democracy--><\/div>\n<div class=\"dem-poll-shortcode\"><div id=\"democracy-267\" class=\"democracy\" data-opts='{\"ajax_url\":\"https:\\\/\\\/dicodusport.fr\\\/blog\\\/wp-admin\\\/admin-ajax.php\",\"pid\":267,\"max_answs\":2,\"answs_max_height\":\"-1\",\"anim_speed\":\"400\",\"line_anim_speed\":1500}' ><strong class=\"dem-poll-title\">Choisissez vos troisi\u00e8mes lignes ailes (deux choix possibles)<\/strong><div class=\"dem-screen voted\"><ul class=\"dem-answers\" data-voted-class=\"dem-voted-this\" data-voted-txt=\"(Votre vote)\">\n\t<li  class=\"dem-winner\" title=\"437 voix - 44% des votes\" data-aid=\"996\">\n\t<div class=\"dem-label\">Arthur Iturria  <span class=\"dem-label-percent-txt\">44%, 437 <span class=\"votxt\">voix<\/span><\/span><\/div>\n\t<div class=\"dem-graph\">\n\t\t<div class=\"dem-fill\" data-width=\"100%\"><\/div>\n\t\t<div class=\"dem-votes-txt\">\n\t\t\t<span class=\"dem-votes-txt-votes\">437 <span class=\"votxt\">voix<\/span><\/span>\n\t\t\t<span class=\"dem-votes-txt-percent\">44%<\/span>\n\t\t<\/div>\n\t\t<div class=\"dem-percent-txt\">437 voix - 44% des votes<\/div>\n\t<\/div>\n<\/li><li  title=\"233 voix - 23% des votes\" data-aid=\"997\">\n\t<div class=\"dem-label\">Yacouba Camara  <span class=\"dem-label-percent-txt\">23%, 233 <span class=\"votxt\">voix<\/span><\/span><\/div>\n\t<div class=\"dem-graph\">\n\t\t<div class=\"dem-fill\" data-width=\"53%\"><\/div>\n\t\t<div class=\"dem-votes-txt\">\n\t\t\t<span class=\"dem-votes-txt-votes\">233 <span class=\"votxt\">voix<\/span><\/span>\n\t\t\t<span class=\"dem-votes-txt-percent\">23%<\/span>\n\t\t<\/div>\n\t\t<div class=\"dem-percent-txt\">233 voix - 23% des votes<\/div>\n\t<\/div>\n<\/li><li  title=\"198 voix - 20% des votes\" data-aid=\"998\">\n\t<div class=\"dem-label\">Wenceslas Lauret  <span class=\"dem-label-percent-txt\">20%, 198 <span class=\"votxt\">voix<\/span><\/span><\/div>\n\t<div class=\"dem-graph\">\n\t\t<div class=\"dem-fill\" data-width=\"45%\"><\/div>\n\t\t<div class=\"dem-votes-txt\">\n\t\t\t<span class=\"dem-votes-txt-votes\">198 <span class=\"votxt\">voix<\/span><\/span>\n\t\t\t<span class=\"dem-votes-txt-percent\">20%<\/span>\n\t\t<\/div>\n\t\t<div class=\"dem-percent-txt\">198 voix - 20% des votes<\/div>\n\t<\/div>\n<\/li><li  title=\"98 voix - 10% des votes\" data-aid=\"999\">\n\t<div class=\"dem-label\">Gr\u00e9gory Alldritt  <span class=\"dem-label-percent-txt\">10%, 98 <span class=\"votxt\">voix<\/span><\/span><\/div>\n\t<div class=\"dem-graph\">\n\t\t<div class=\"dem-fill\" data-width=\"22%\"><\/div>\n\t\t<div class=\"dem-votes-txt\">\n\t\t\t<span class=\"dem-votes-txt-votes\">98 <span class=\"votxt\">voix<\/span><\/span>\n\t\t\t<span class=\"dem-votes-txt-percent\">10%<\/span>\n\t\t<\/div>\n\t\t<div class=\"dem-percent-txt\">98 voix - 10% des votes<\/div>\n\t<\/div>\n<\/li><li  title=\"33 voix - 3% des votes\" data-aid=\"1000\">\n\t<div class=\"dem-label\">Fabien Sanconnie  <span class=\"dem-label-percent-txt\">3%, 33 <span class=\"votxt\">voix<\/span><\/span><\/div>\n\t<div class=\"dem-graph\">\n\t\t<div class=\"dem-fill\" data-width=\"8%\"><\/div>\n\t\t<div class=\"dem-votes-txt\">\n\t\t\t<span class=\"dem-votes-txt-votes\">33 <span class=\"votxt\">voix<\/span><\/span>\n\t\t\t<span class=\"dem-votes-txt-percent\">3%<\/span>\n\t\t<\/div>\n\t\t<div class=\"dem-percent-txt\">33 voix - 3% des votes<\/div>\n\t<\/div>\n<\/li>\n<\/ul>\n<div class=\"dem-bottom\">\n\t<div class=\"dem-poll-info\">\n\t\t<div class=\"dem-total-votes\">Total des votes : 999<\/div>\n\t\t<div class=\"dem-users-voted\">Votants : 506<\/div>\n\t\t<div class=\"dem-date\" title=\"D\u00e9but\">\n\t\t\t<span class=\"dem-begin-date\">13 f\u00e9vrier 2019<\/span> - <span class=\"dem-end-date\" title=\"Fin\">18 f\u00e9vrier 2019<\/span>\n\t\t<\/div>\n\t\t\n\t\t<div>Les votes sont clos<\/div>\n\t\t\n\t<\/div>\n\t\n<\/div><\/div><noscript>Poll Options are limited because JavaScript is disabled in your browser.<\/noscript><\/div><!--democracy--><\/div>\n<div class=\"dem-poll-shortcode\"><div id=\"democracy-268\" class=\"democracy\" data-opts='{\"ajax_url\":\"https:\\\/\\\/dicodusport.fr\\\/blog\\\/wp-admin\\\/admin-ajax.php\",\"pid\":268,\"max_answs\":0,\"answs_max_height\":\"-1\",\"anim_speed\":\"400\",\"line_anim_speed\":1500}' ><strong class=\"dem-poll-title\">Choisissez votre troisi\u00e8me ligne centre<\/strong><div class=\"dem-screen voted\"><ul class=\"dem-answers\" data-voted-class=\"dem-voted-this\" data-voted-txt=\"(Votre vote)\">\n\t<li  class=\"dem-winner\" title=\"337 voix - 67% des votes\" data-aid=\"1001\">\n\t<div class=\"dem-label\">Louis Picamoles  <span class=\"dem-label-percent-txt\">67%, 337 <span class=\"votxt\">voix<\/span><\/span><\/div>\n\t<div class=\"dem-graph\">\n\t\t<div class=\"dem-fill\" data-width=\"100%\"><\/div>\n\t\t<div class=\"dem-votes-txt\">\n\t\t\t<span class=\"dem-votes-txt-votes\">337 <span class=\"votxt\">voix<\/span><\/span>\n\t\t\t<span class=\"dem-votes-txt-percent\">67%<\/span>\n\t\t<\/div>\n\t\t<div class=\"dem-percent-txt\">337 voix - 67% des votes<\/div>\n\t<\/div>\n<\/li><li  title=\"169 voix - 33% des votes\" data-aid=\"1002\">\n\t<div class=\"dem-label\">Gr\u00e9gory Alldritt  <span class=\"dem-label-percent-txt\">33%, 169 <span class=\"votxt\">voix<\/span><\/span><\/div>\n\t<div class=\"dem-graph\">\n\t\t<div class=\"dem-fill\" data-width=\"50%\"><\/div>\n\t\t<div class=\"dem-votes-txt\">\n\t\t\t<span class=\"dem-votes-txt-votes\">169 <span class=\"votxt\">voix<\/span><\/span>\n\t\t\t<span class=\"dem-votes-txt-percent\">33%<\/span>\n\t\t<\/div>\n\t\t<div class=\"dem-percent-txt\">169 voix - 33% des votes<\/div>\n\t<\/div>\n<\/li>\n<\/ul>\n<div class=\"dem-bottom\">\n\t<div class=\"dem-poll-info\">\n\t\t<div class=\"dem-total-votes\">Total des votes : 506<\/div>\n\t\t\n\t\t<div class=\"dem-date\" title=\"D\u00e9but\">\n\t\t\t<span class=\"dem-begin-date\">13 f\u00e9vrier 2019<\/span> - <span class=\"dem-end-date\" title=\"Fin\">18 f\u00e9vrier 2019<\/span>\n\t\t<\/div>\n\t\t\n\t\t<div>Les votes sont clos<\/div>\n\t\t\n\t<\/div>\n\t\n<\/div><\/div><noscript>Poll Options are limited because JavaScript is disabled in your browser.<\/noscript><\/div><!--democracy--><\/div>\n<p style=\"text-align: center;\"><a href=\"http:\/\/dicodusport.fr\/blog\/6-nations-composez-votre-xv-de-france-pour-le-match-face-a-l-ecosse\/2\/#arrieres\" class=\"su-button su-button-style-flat\" style=\"color:#FFFFFF;background-color:#005f9b;border-color:#004c7c;border-radius:4px\" target=\"_self\"><span style=\"color:#FFFFFF;padding:0px 26px;font-size:20px;line-height:40px;border-color:#4d8fb9;border-radius:4px;text-shadow:none\"> Choisir les trois-quarts<\/span><\/a><!--nextpage--><\/p>\n<h1><a id=\"arrieres\"><\/a>Choix des trois-quarts<\/h1>\n<div class=\"dem-poll-shortcode\"><div id=\"democracy-269\" class=\"democracy\" data-opts='{\"ajax_url\":\"https:\\\/\\\/dicodusport.fr\\\/blog\\\/wp-admin\\\/admin-ajax.php\",\"pid\":269,\"max_answs\":0,\"answs_max_height\":\"-1\",\"anim_speed\":\"400\",\"line_anim_speed\":1500}' ><strong class=\"dem-poll-title\">Choisissez votre demi de m\u00eal\u00e9e<\/strong><div class=\"dem-screen voted\"><ul class=\"dem-answers\" data-voted-class=\"dem-voted-this\" data-voted-txt=\"(Votre vote)\">\n\t<li  class=\"dem-winner\" title=\"434 voix - 89% des votes\" data-aid=\"1003\">\n\t<div class=\"dem-label\">Antoine Dupont  <span class=\"dem-label-percent-txt\">89%, 434 <span class=\"votxt\">voix<\/span><\/span><\/div>\n\t<div class=\"dem-graph\">\n\t\t<div class=\"dem-fill\" data-width=\"100%\"><\/div>\n\t\t<div class=\"dem-votes-txt\">\n\t\t\t<span class=\"dem-votes-txt-votes\">434 <span class=\"votxt\">voix<\/span><\/span>\n\t\t\t<span class=\"dem-votes-txt-percent\">89%<\/span>\n\t\t<\/div>\n\t\t<div class=\"dem-percent-txt\">434 voix - 89% des votes<\/div>\n\t<\/div>\n<\/li><li  title=\"33 voix - 7% des votes\" data-aid=\"1004\">\n\t<div class=\"dem-label\">Morgan Parra  <span class=\"dem-label-percent-txt\">7%, 33 <span class=\"votxt\">voix<\/span><\/span><\/div>\n\t<div class=\"dem-graph\">\n\t\t<div class=\"dem-fill\" data-width=\"8%\"><\/div>\n\t\t<div class=\"dem-votes-txt\">\n\t\t\t<span class=\"dem-votes-txt-votes\">33 <span class=\"votxt\">voix<\/span><\/span>\n\t\t\t<span class=\"dem-votes-txt-percent\">7%<\/span>\n\t\t<\/div>\n\t\t<div class=\"dem-percent-txt\">33 voix - 7% des votes<\/div>\n\t<\/div>\n<\/li><li  title=\"21 voix - 4% des votes\" data-aid=\"1005\">\n\t<div class=\"dem-label\">Baptiste Serin  <span class=\"dem-label-percent-txt\">4%, 21 <span class=\"votxt\">voix<\/span><\/span><\/div>\n\t<div class=\"dem-graph\">\n\t\t<div class=\"dem-fill\" data-width=\"5%\"><\/div>\n\t\t<div class=\"dem-votes-txt\">\n\t\t\t<span class=\"dem-votes-txt-votes\">21 <span class=\"votxt\">voix<\/span><\/span>\n\t\t\t<span class=\"dem-votes-txt-percent\">4%<\/span>\n\t\t<\/div>\n\t\t<div class=\"dem-percent-txt\">21 voix - 4% des votes<\/div>\n\t<\/div>\n<\/li>\n<\/ul>\n<div class=\"dem-bottom\">\n\t<div class=\"dem-poll-info\">\n\t\t<div class=\"dem-total-votes\">Total des votes : 488<\/div>\n\t\t\n\t\t<div class=\"dem-date\" title=\"D\u00e9but\">\n\t\t\t<span class=\"dem-begin-date\">13 f\u00e9vrier 2019<\/span> - <span class=\"dem-end-date\" title=\"Fin\">18 f\u00e9vrier 2019<\/span>\n\t\t<\/div>\n\t\t\n\t\t<div>Les votes sont clos<\/div>\n\t\t\n\t<\/div>\n\t\n<\/div><\/div><noscript>Poll Options are limited because JavaScript is disabled in your browser.<\/noscript><\/div><!--democracy--><\/div>\n<div class=\"dem-poll-shortcode\"><div id=\"democracy-270\" class=\"democracy\" data-opts='{\"ajax_url\":\"https:\\\/\\\/dicodusport.fr\\\/blog\\\/wp-admin\\\/admin-ajax.php\",\"pid\":270,\"max_answs\":0,\"answs_max_height\":\"-1\",\"anim_speed\":\"400\",\"line_anim_speed\":1500}' ><strong class=\"dem-poll-title\">Choisissez votre demi d'ouverture<\/strong><div class=\"dem-screen voted\"><ul class=\"dem-answers\" data-voted-class=\"dem-voted-this\" data-voted-txt=\"(Votre vote)\">\n\t<li  class=\"dem-winner\" title=\"261 voix - 54% des votes\" data-aid=\"1008\">\n\t<div class=\"dem-label\">Romain Ntamack  <span class=\"dem-label-percent-txt\">54%, 261 <span class=\"votxt\">voix<\/span><\/span><\/div>\n\t<div class=\"dem-graph\">\n\t\t<div class=\"dem-fill\" data-width=\"100%\"><\/div>\n\t\t<div class=\"dem-votes-txt\">\n\t\t\t<span class=\"dem-votes-txt-votes\">261 <span class=\"votxt\">voix<\/span><\/span>\n\t\t\t<span class=\"dem-votes-txt-percent\">54%<\/span>\n\t\t<\/div>\n\t\t<div class=\"dem-percent-txt\">261 voix - 54% des votes<\/div>\n\t<\/div>\n<\/li><li  title=\"124 voix - 26% des votes\" data-aid=\"1006\">\n\t<div class=\"dem-label\">Camille Lopez  <span class=\"dem-label-percent-txt\">26%, 124 <span class=\"votxt\">voix<\/span><\/span><\/div>\n\t<div class=\"dem-graph\">\n\t\t<div class=\"dem-fill\" data-width=\"48%\"><\/div>\n\t\t<div class=\"dem-votes-txt\">\n\t\t\t<span class=\"dem-votes-txt-votes\">124 <span class=\"votxt\">voix<\/span><\/span>\n\t\t\t<span class=\"dem-votes-txt-percent\">26%<\/span>\n\t\t<\/div>\n\t\t<div class=\"dem-percent-txt\">124 voix - 26% des votes<\/div>\n\t<\/div>\n<\/li><li  title=\"98 voix - 20% des votes\" data-aid=\"1007\">\n\t<div class=\"dem-label\">Anthony Belleau  <span class=\"dem-label-percent-txt\">20%, 98 <span class=\"votxt\">voix<\/span><\/span><\/div>\n\t<div class=\"dem-graph\">\n\t\t<div class=\"dem-fill\" data-width=\"38%\"><\/div>\n\t\t<div class=\"dem-votes-txt\">\n\t\t\t<span class=\"dem-votes-txt-votes\">98 <span class=\"votxt\">voix<\/span><\/span>\n\t\t\t<span class=\"dem-votes-txt-percent\">20%<\/span>\n\t\t<\/div>\n\t\t<div class=\"dem-percent-txt\">98 voix - 20% des votes<\/div>\n\t<\/div>\n<\/li>\n<\/ul>\n<div class=\"dem-bottom\">\n\t<div class=\"dem-poll-info\">\n\t\t<div class=\"dem-total-votes\">Total des votes : 483<\/div>\n\t\t\n\t\t<div class=\"dem-date\" title=\"D\u00e9but\">\n\t\t\t<span class=\"dem-begin-date\">13 f\u00e9vrier 2019<\/span> - <span class=\"dem-end-date\" title=\"Fin\">18 f\u00e9vrier 2019<\/span>\n\t\t<\/div>\n\t\t\n\t\t<div>Les votes sont clos<\/div>\n\t\t\n\t<\/div>\n\t\n<\/div><\/div><noscript>Poll Options are limited because JavaScript is disabled in your browser.<\/noscript><\/div><!--democracy--><\/div>\n<div class=\"dem-poll-shortcode\"><div id=\"democracy-271\" class=\"democracy\" data-opts='{\"ajax_url\":\"https:\\\/\\\/dicodusport.fr\\\/blog\\\/wp-admin\\\/admin-ajax.php\",\"pid\":271,\"max_answs\":2,\"answs_max_height\":\"-1\",\"anim_speed\":\"400\",\"line_anim_speed\":1500}' ><strong class=\"dem-poll-title\">Choisissez vos deux centres (deux choix possibles)<\/strong><div class=\"dem-screen voted\"><ul class=\"dem-answers\" data-voted-class=\"dem-voted-this\" data-voted-txt=\"(Votre vote)\">\n\t<li  class=\"dem-winner\" title=\"336 voix - 35% des votes\" data-aid=\"1009\">\n\t<div class=\"dem-label\">Ga\u00ebl Fickou  <span class=\"dem-label-percent-txt\">35%, 336 <span class=\"votxt\">voix<\/span><\/span><\/div>\n\t<div class=\"dem-graph\">\n\t\t<div class=\"dem-fill\" data-width=\"100%\"><\/div>\n\t\t<div class=\"dem-votes-txt\">\n\t\t\t<span class=\"dem-votes-txt-votes\">336 <span class=\"votxt\">voix<\/span><\/span>\n\t\t\t<span class=\"dem-votes-txt-percent\">35%<\/span>\n\t\t<\/div>\n\t\t<div class=\"dem-percent-txt\">336 voix - 35% des votes<\/div>\n\t<\/div>\n<\/li><li  title=\"237 voix - 24% des votes\" data-aid=\"1010\">\n\t<div class=\"dem-label\">Wesley Fofana  <span class=\"dem-label-percent-txt\">24%, 237 <span class=\"votxt\">voix<\/span><\/span><\/div>\n\t<div class=\"dem-graph\">\n\t\t<div class=\"dem-fill\" data-width=\"71%\"><\/div>\n\t\t<div class=\"dem-votes-txt\">\n\t\t\t<span class=\"dem-votes-txt-votes\">237 <span class=\"votxt\">voix<\/span><\/span>\n\t\t\t<span class=\"dem-votes-txt-percent\">24%<\/span>\n\t\t<\/div>\n\t\t<div class=\"dem-percent-txt\">237 voix - 24% des votes<\/div>\n\t<\/div>\n<\/li><li  title=\"148 voix - 15% des votes\" data-aid=\"1014\">\n\t<div class=\"dem-label\">Damian Penaud  <span class=\"dem-label-percent-txt\">15%, 148 <span class=\"votxt\">voix<\/span><\/span><\/div>\n\t<div class=\"dem-graph\">\n\t\t<div class=\"dem-fill\" data-width=\"44%\"><\/div>\n\t\t<div class=\"dem-votes-txt\">\n\t\t\t<span class=\"dem-votes-txt-votes\">148 <span class=\"votxt\">voix<\/span><\/span>\n\t\t\t<span class=\"dem-votes-txt-percent\">15%<\/span>\n\t\t<\/div>\n\t\t<div class=\"dem-percent-txt\">148 voix - 15% des votes<\/div>\n\t<\/div>\n<\/li><li  title=\"129 voix - 13% des votes\" data-aid=\"1011\">\n\t<div class=\"dem-label\">Romain Ntamack  <span class=\"dem-label-percent-txt\">13%, 129 <span class=\"votxt\">voix<\/span><\/span><\/div>\n\t<div class=\"dem-graph\">\n\t\t<div class=\"dem-fill\" data-width=\"38%\"><\/div>\n\t\t<div class=\"dem-votes-txt\">\n\t\t\t<span class=\"dem-votes-txt-votes\">129 <span class=\"votxt\">voix<\/span><\/span>\n\t\t\t<span class=\"dem-votes-txt-percent\">13%<\/span>\n\t\t<\/div>\n\t\t<div class=\"dem-percent-txt\">129 voix - 13% des votes<\/div>\n\t<\/div>\n<\/li><li  title=\"83 voix - 9% des votes\" data-aid=\"1013\">\n\t<div class=\"dem-label\">Mathieu Bastareaud  <span class=\"dem-label-percent-txt\">9%, 83 <span class=\"votxt\">voix<\/span><\/span><\/div>\n\t<div class=\"dem-graph\">\n\t\t<div class=\"dem-fill\" data-width=\"25%\"><\/div>\n\t\t<div class=\"dem-votes-txt\">\n\t\t\t<span class=\"dem-votes-txt-votes\">83 <span class=\"votxt\">voix<\/span><\/span>\n\t\t\t<span class=\"dem-votes-txt-percent\">9%<\/span>\n\t\t<\/div>\n\t\t<div class=\"dem-percent-txt\">83 voix - 9% des votes<\/div>\n\t<\/div>\n<\/li><li  title=\"36 voix - 4% des votes\" data-aid=\"1012\">\n\t<div class=\"dem-label\">Geoffrey Doumayrou  <span class=\"dem-label-percent-txt\">4%, 36 <span class=\"votxt\">voix<\/span><\/span><\/div>\n\t<div class=\"dem-graph\">\n\t\t<div class=\"dem-fill\" data-width=\"11%\"><\/div>\n\t\t<div class=\"dem-votes-txt\">\n\t\t\t<span class=\"dem-votes-txt-votes\">36 <span class=\"votxt\">voix<\/span><\/span>\n\t\t\t<span class=\"dem-votes-txt-percent\">4%<\/span>\n\t\t<\/div>\n\t\t<div class=\"dem-percent-txt\">36 voix - 4% des votes<\/div>\n\t<\/div>\n<\/li>\n<\/ul>\n<div class=\"dem-bottom\">\n\t<div class=\"dem-poll-info\">\n\t\t<div class=\"dem-total-votes\">Total des votes : 969<\/div>\n\t\t<div class=\"dem-users-voted\">Votants : 488<\/div>\n\t\t<div class=\"dem-date\" title=\"D\u00e9but\">\n\t\t\t<span class=\"dem-begin-date\">13 f\u00e9vrier 2019<\/span> - <span class=\"dem-end-date\" title=\"Fin\">18 f\u00e9vrier 2019<\/span>\n\t\t<\/div>\n\t\t\n\t\t<div>Les votes sont clos<\/div>\n\t\t\n\t<\/div>\n\t\n<\/div><\/div><noscript>Poll Options are limited because JavaScript is disabled in your browser.<\/noscript><\/div><!--democracy--><\/div>\n<div class=\"dem-poll-shortcode\"><div id=\"democracy-272\" class=\"democracy\" data-opts='{\"ajax_url\":\"https:\\\/\\\/dicodusport.fr\\\/blog\\\/wp-admin\\\/admin-ajax.php\",\"pid\":272,\"max_answs\":2,\"answs_max_height\":\"-1\",\"anim_speed\":\"400\",\"line_anim_speed\":1500}' ><strong class=\"dem-poll-title\">Choisissez vos deux ailiers (deux choix possibles)<\/strong><div class=\"dem-screen voted\"><ul class=\"dem-answers\" data-voted-class=\"dem-voted-this\" data-voted-txt=\"(Votre vote)\">\n\t<li  class=\"dem-winner\" title=\"366 voix - 39% des votes\" data-aid=\"1018\">\n\t<div class=\"dem-label\">Damian Penaud  <span class=\"dem-label-percent-txt\">39%, 366 <span class=\"votxt\">voix<\/span><\/span><\/div>\n\t<div class=\"dem-graph\">\n\t\t<div class=\"dem-fill\" data-width=\"100%\"><\/div>\n\t\t<div class=\"dem-votes-txt\">\n\t\t\t<span class=\"dem-votes-txt-votes\">366 <span class=\"votxt\">voix<\/span><\/span>\n\t\t\t<span class=\"dem-votes-txt-percent\">39%<\/span>\n\t\t<\/div>\n\t\t<div class=\"dem-percent-txt\">366 voix - 39% des votes<\/div>\n\t<\/div>\n<\/li><li  title=\"344 voix - 36% des votes\" data-aid=\"1016\">\n\t<div class=\"dem-label\">Yoann Huget  <span class=\"dem-label-percent-txt\">36%, 344 <span class=\"votxt\">voix<\/span><\/span><\/div>\n\t<div class=\"dem-graph\">\n\t\t<div class=\"dem-fill\" data-width=\"94%\"><\/div>\n\t\t<div class=\"dem-votes-txt\">\n\t\t\t<span class=\"dem-votes-txt-votes\">344 <span class=\"votxt\">voix<\/span><\/span>\n\t\t\t<span class=\"dem-votes-txt-percent\">36%<\/span>\n\t\t<\/div>\n\t\t<div class=\"dem-percent-txt\">344 voix - 36% des votes<\/div>\n\t<\/div>\n<\/li><li  title=\"150 voix - 16% des votes\" data-aid=\"1017\">\n\t<div class=\"dem-label\">Maxime M\u00e9dard  <span class=\"dem-label-percent-txt\">16%, 150 <span class=\"votxt\">voix<\/span><\/span><\/div>\n\t<div class=\"dem-graph\">\n\t\t<div class=\"dem-fill\" data-width=\"41%\"><\/div>\n\t\t<div class=\"dem-votes-txt\">\n\t\t\t<span class=\"dem-votes-txt-votes\">150 <span class=\"votxt\">voix<\/span><\/span>\n\t\t\t<span class=\"dem-votes-txt-percent\">16%<\/span>\n\t\t<\/div>\n\t\t<div class=\"dem-percent-txt\">150 voix - 16% des votes<\/div>\n\t<\/div>\n<\/li><li  title=\"87 voix - 9% des votes\" data-aid=\"1015\">\n\t<div class=\"dem-label\">Ga\u00ebl Fickou  <span class=\"dem-label-percent-txt\">9%, 87 <span class=\"votxt\">voix<\/span><\/span><\/div>\n\t<div class=\"dem-graph\">\n\t\t<div class=\"dem-fill\" data-width=\"24%\"><\/div>\n\t\t<div class=\"dem-votes-txt\">\n\t\t\t<span class=\"dem-votes-txt-votes\">87 <span class=\"votxt\">voix<\/span><\/span>\n\t\t\t<span class=\"dem-votes-txt-percent\">9%<\/span>\n\t\t<\/div>\n\t\t<div class=\"dem-percent-txt\">87 voix - 9% des votes<\/div>\n\t<\/div>\n<\/li>\n<\/ul>\n<div class=\"dem-bottom\">\n\t<div class=\"dem-poll-info\">\n\t\t<div class=\"dem-total-votes\">Total des votes : 947<\/div>\n\t\t<div class=\"dem-users-voted\">Votants : 480<\/div>\n\t\t<div class=\"dem-date\" title=\"D\u00e9but\">\n\t\t\t<span class=\"dem-begin-date\">13 f\u00e9vrier 2019<\/span> - <span class=\"dem-end-date\" title=\"Fin\">18 f\u00e9vrier 2019<\/span>\n\t\t<\/div>\n\t\t\n\t\t<div>Les votes sont clos<\/div>\n\t\t\n\t<\/div>\n\t\n<\/div><\/div><noscript>Poll Options are limited because JavaScript is disabled in your browser.<\/noscript><\/div><!--democracy--><\/div>\n<div class=\"dem-poll-shortcode\"><div id=\"democracy-273\" class=\"democracy\" data-opts='{\"ajax_url\":\"https:\\\/\\\/dicodusport.fr\\\/blog\\\/wp-admin\\\/admin-ajax.php\",\"pid\":273,\"max_answs\":0,\"answs_max_height\":\"-1\",\"anim_speed\":\"400\",\"line_anim_speed\":1500}' ><strong class=\"dem-poll-title\">Choisissez votre arri\u00e8re<\/strong><div class=\"dem-screen voted\"><ul class=\"dem-answers\" data-voted-class=\"dem-voted-this\" data-voted-txt=\"(Votre vote)\">\n\t<li  class=\"dem-winner\" title=\"328 voix - 68% des votes\" data-aid=\"1019\">\n\t<div class=\"dem-label\">Thomas Ramos  <span class=\"dem-label-percent-txt\">68%, 328 <span class=\"votxt\">voix<\/span><\/span><\/div>\n\t<div class=\"dem-graph\">\n\t\t<div class=\"dem-fill\" data-width=\"100%\"><\/div>\n\t\t<div class=\"dem-votes-txt\">\n\t\t\t<span class=\"dem-votes-txt-votes\">328 <span class=\"votxt\">voix<\/span><\/span>\n\t\t\t<span class=\"dem-votes-txt-percent\">68%<\/span>\n\t\t<\/div>\n\t\t<div class=\"dem-percent-txt\">328 voix - 68% des votes<\/div>\n\t<\/div>\n<\/li><li  title=\"153 voix - 32% des votes\" data-aid=\"1020\">\n\t<div class=\"dem-label\">Maxime M\u00e9dard  <span class=\"dem-label-percent-txt\">32%, 153 <span class=\"votxt\">voix<\/span><\/span><\/div>\n\t<div class=\"dem-graph\">\n\t\t<div class=\"dem-fill\" data-width=\"47%\"><\/div>\n\t\t<div class=\"dem-votes-txt\">\n\t\t\t<span class=\"dem-votes-txt-votes\">153 <span class=\"votxt\">voix<\/span><\/span>\n\t\t\t<span class=\"dem-votes-txt-percent\">32%<\/span>\n\t\t<\/div>\n\t\t<div class=\"dem-percent-txt\">153 voix - 32% des votes<\/div>\n\t<\/div>\n<\/li>\n<\/ul>\n<div class=\"dem-bottom\">\n\t<div class=\"dem-poll-info\">\n\t\t<div class=\"dem-total-votes\">Total des votes : 481<\/div>\n\t\t\n\t\t<div class=\"dem-date\" title=\"D\u00e9but\">\n\t\t\t<span class=\"dem-begin-date\">13 f\u00e9vrier 2019<\/span> - <span class=\"dem-end-date\" title=\"Fin\">18 f\u00e9vrier 2019<\/span>\n\t\t<\/div>\n\t\t\n\t\t<div>Les votes sont clos<\/div>\n\t\t\n\t<\/div>\n\t\n<\/div><\/div><noscript>Poll Options are limited because JavaScript is disabled in your browser.<\/noscript><\/div><!--democracy--><\/div>\n<p style=\"text-align: center;\"><a href=\"http:\/\/dicodusport.fr\/blog\/6-nations-composez-votre-xv-de-france-pour-le-match-face-a-l-ecosse\/\" class=\"su-button su-button-style-flat\" style=\"color:#FFFFFF;background-color:#005f9b;border-color:#004c7c;border-radius:4px\" target=\"_self\"><span style=\"color:#FFFFFF;padding:0px 26px;font-size:20px;line-height:40px;border-color:#4d8fb9;border-radius:4px;text-shadow:none\"> Revenir au d\u00e9but<\/span><\/a>\n<p><strong><em>Flo Ostermann<br \/>\n<a href=\"https:\/\/www.facebook.com\/florent.ostermann\"><img loading=\"lazy\" decoding=\"async\" class=\"alignnone wp-image-2909\" src=\"http:\/\/dicodusport.fr\/blog\/wp-content\/uploads\/2017\/07\/logo-facebook-150x150.png\" sizes=\"auto, (max-width: 40px) 100vw, 40px\" srcset=\"https:\/\/dicodusport.fr\/blog\/wp-content\/uploads\/2017\/07\/logo-facebook-150x150.png 150w, https:\/\/dicodusport.fr\/blog\/wp-content\/uploads\/2017\/07\/logo-facebook-300x300.png 300w, https:\/\/dicodusport.fr\/blog\/wp-content\/uploads\/2017\/07\/logo-facebook.png 400w\" alt=\"\" width=\"40\" height=\"40\" \/><\/a><a href=\"https:\/\/twitter.com\/SportInsideMag\"><img loading=\"lazy\" decoding=\"async\" class=\"alignnone wp-image-2908\" src=\"http:\/\/dicodusport.fr\/blog\/wp-content\/uploads\/2017\/07\/logo-twitter-150x150.png\" alt=\"\" width=\"39\" height=\"39\" \/><\/a><\/em><\/strong><\/p>\n","protected":false},"excerpt":{"rendered":"<p>Apr\u00e8s deux d\u00e9faites lors de ses deux premi\u00e8res rencontres, le XV de France accueillera l\u2019\u00c9cosse le samedi 23 f\u00e9vrier au Stade de France (14h15). Suite \u00e0 la liste inchang\u00e9e de Jacques Brunel, on vous propose de composer votre XV de d\u00e9part face aux \u00c9cossais.<\/p>\n","protected":false},"author":4,"featured_media":33596,"comment_status":"open","ping_status":"closed","sticky":false,"template":"","format":"standard","meta":{"_acf_changed":false,"_daextam_enable_autolinks":"","footnotes":""},"categories":[2,2303,19951],"tags":[3085,7146,1332,1638],"class_list":["post-33593","post","type-post","status-publish","format-standard","has-post-thumbnail","hentry","category-actualites","category-rugby","category-xv-de-france","tag-6-nations","tag-composition","tag-ecosse","tag-xv-de-france"],"acf":[],"yoast_head":"<!-- This site is optimized with the Yoast SEO Premium plugin v26.7 (Yoast SEO v26.7) - https:\/\/yoast.com\/wordpress\/plugins\/seo\/ -->\n<title>6 Nations : composez votre XV de France pour le match face \u00e0 l\u2019\u00c9cosse<\/title>\n<meta name=\"description\" content=\"Apr\u00e8s deux d\u00e9faites lors de ses deux premi\u00e8res rencontres, le XV de France accueillera l\u2019\u00c9cosse le samedi 23 f\u00e9vrier au Stade de France (14h15).\" \/>\n<meta name=\"robots\" content=\"index, follow, max-snippet:-1, max-image-preview:large, max-video-preview:-1\" \/>\n<link rel=\"canonical\" href=\"https:\/\/dicodusport.fr\/blog\/6-nations-composez-votre-xv-de-france-pour-le-match-face-a-l-ecosse\/\" \/>\n<link rel=\"next\" href=\"https:\/\/dicodusport.fr\/blog\/6-nations-composez-votre-xv-de-france-pour-le-match-face-a-l-ecosse\/2\/\" \/>\n<meta property=\"og:locale\" content=\"fr_FR\" \/>\n<meta property=\"og:type\" content=\"article\" \/>\n<meta property=\"og:title\" content=\"6 Nations : composez votre XV de France pour le match face \u00e0 l\u2019\u00c9cosse\" \/>\n<meta property=\"og:description\" content=\"Apr\u00e8s deux d\u00e9faites lors de ses deux premi\u00e8res rencontres, le XV de France accueillera l\u2019\u00c9cosse le samedi 23 f\u00e9vrier au Stade de France (14h15).\" \/>\n<meta property=\"og:url\" content=\"https:\/\/dicodusport.fr\/blog\/6-nations-composez-votre-xv-de-france-pour-le-match-face-a-l-ecosse\/\" \/>\n<meta property=\"og:site_name\" content=\"Dicodusport\" \/>\n<meta property=\"article:publisher\" content=\"https:\/\/www.facebook.com\/dicodusport\" \/>\n<meta property=\"article:author\" content=\"https:\/\/www.facebook.com\/florent.ostermann\" \/>\n<meta property=\"article:published_time\" content=\"2019-02-14T13:29:09+00:00\" \/>\n<meta property=\"article:modified_time\" content=\"2021-10-18T15:13:46+00:00\" \/>\n<meta property=\"og:image\" content=\"https:\/\/dicodusport.fr\/blog\/wp-content\/uploads\/2019\/02\/Composez-votre-XV-de-France-face-\u00e0-lEcosse-6-Nations-2019.png\" \/>\n\t<meta property=\"og:image:width\" content=\"800\" \/>\n\t<meta property=\"og:image:height\" content=\"445\" \/>\n\t<meta property=\"og:image:type\" content=\"image\/png\" \/>\n<meta name=\"author\" content=\"Flo Ostermann\" \/>\n<meta name=\"twitter:card\" content=\"summary_large_image\" \/>\n<meta name=\"twitter:creator\" content=\"@https:\/\/twitter.com\/FlOstermann\" \/>\n<meta name=\"twitter:site\" content=\"@dicodusport\" \/>\n<script type=\"application\/ld+json\" class=\"yoast-schema-graph\">{\"@context\":\"https:\/\/schema.org\",\"@graph\":[{\"@type\":\"NewsArticle\",\"@id\":\"https:\/\/dicodusport.fr\/blog\/6-nations-composez-votre-xv-de-france-pour-le-match-face-a-l-ecosse\/#article\",\"isPartOf\":{\"@id\":\"https:\/\/dicodusport.fr\/blog\/6-nations-composez-votre-xv-de-france-pour-le-match-face-a-l-ecosse\/\"},\"author\":{\"name\":\"Flo Ostermann\",\"@id\":\"https:\/\/dicodusport.fr\/blog\/#\/schema\/person\/cb02af4c173ce4a653b55e9baf388d4a\"},\"headline\":\"6 Nations : composez votre XV de France pour le match face \u00e0 l\u2019\u00c9cosse\",\"datePublished\":\"2019-02-14T13:29:09+00:00\",\"dateModified\":\"2021-10-18T15:13:46+00:00\",\"mainEntityOfPage\":{\"@id\":\"https:\/\/dicodusport.fr\/blog\/6-nations-composez-votre-xv-de-france-pour-le-match-face-a-l-ecosse\/\"},\"wordCount\":131,\"commentCount\":0,\"publisher\":{\"@id\":\"https:\/\/dicodusport.fr\/blog\/#organization\"},\"image\":{\"@id\":\"https:\/\/dicodusport.fr\/blog\/6-nations-composez-votre-xv-de-france-pour-le-match-face-a-l-ecosse\/#primaryimage\"},\"thumbnailUrl\":\"https:\/\/dicodusport.fr\/blog\/wp-content\/uploads\/2019\/02\/Composez-votre-XV-de-France-face-\u00e0-lEcosse-6-Nations-2019.png\",\"keywords\":[\"6 nations\",\"composition\",\"Ecosse\",\"XV de France\"],\"articleSection\":[\"Actualit\u00e9s\",\"Rugby\",\"XV de France\"],\"inLanguage\":\"fr-FR\",\"potentialAction\":[{\"@type\":\"CommentAction\",\"name\":\"Comment\",\"target\":[\"https:\/\/dicodusport.fr\/blog\/6-nations-composez-votre-xv-de-france-pour-le-match-face-a-l-ecosse\/#respond\"]}],\"copyrightYear\":\"2019\",\"copyrightHolder\":{\"@id\":\"https:\/\/dicodusport.fr\/blog\/#organization\"}},{\"@type\":\"WebPage\",\"@id\":\"https:\/\/dicodusport.fr\/blog\/6-nations-composez-votre-xv-de-france-pour-le-match-face-a-l-ecosse\/\",\"url\":\"https:\/\/dicodusport.fr\/blog\/6-nations-composez-votre-xv-de-france-pour-le-match-face-a-l-ecosse\/\",\"name\":\"6 Nations : composez votre XV de France pour le match face \u00e0 l\u2019\u00c9cosse\",\"isPartOf\":{\"@id\":\"https:\/\/dicodusport.fr\/blog\/#website\"},\"primaryImageOfPage\":{\"@id\":\"https:\/\/dicodusport.fr\/blog\/6-nations-composez-votre-xv-de-france-pour-le-match-face-a-l-ecosse\/#primaryimage\"},\"image\":{\"@id\":\"https:\/\/dicodusport.fr\/blog\/6-nations-composez-votre-xv-de-france-pour-le-match-face-a-l-ecosse\/#primaryimage\"},\"thumbnailUrl\":\"https:\/\/dicodusport.fr\/blog\/wp-content\/uploads\/2019\/02\/Composez-votre-XV-de-France-face-\u00e0-lEcosse-6-Nations-2019.png\",\"datePublished\":\"2019-02-14T13:29:09+00:00\",\"dateModified\":\"2021-10-18T15:13:46+00:00\",\"description\":\"Apr\u00e8s deux d\u00e9faites lors de ses deux premi\u00e8res rencontres, le XV de France accueillera l\u2019\u00c9cosse le samedi 23 f\u00e9vrier au Stade de France (14h15).\",\"inLanguage\":\"fr-FR\",\"potentialAction\":[{\"@type\":\"ReadAction\",\"target\":[\"https:\/\/dicodusport.fr\/blog\/6-nations-composez-votre-xv-de-france-pour-le-match-face-a-l-ecosse\/\"]}]},{\"@type\":\"ImageObject\",\"inLanguage\":\"fr-FR\",\"@id\":\"https:\/\/dicodusport.fr\/blog\/6-nations-composez-votre-xv-de-france-pour-le-match-face-a-l-ecosse\/#primaryimage\",\"url\":\"https:\/\/dicodusport.fr\/blog\/wp-content\/uploads\/2019\/02\/Composez-votre-XV-de-France-face-\u00e0-lEcosse-6-Nations-2019.png\",\"contentUrl\":\"https:\/\/dicodusport.fr\/blog\/wp-content\/uploads\/2019\/02\/Composez-votre-XV-de-France-face-\u00e0-lEcosse-6-Nations-2019.png\",\"width\":800,\"height\":445},{\"@type\":\"WebSite\",\"@id\":\"https:\/\/dicodusport.fr\/blog\/#website\",\"url\":\"https:\/\/dicodusport.fr\/blog\/\",\"name\":\"Dicodusport\",\"description\":\"L&#039;encyclop\u00e9die de l&#039;actualit\u00e9 sportive\",\"publisher\":{\"@id\":\"https:\/\/dicodusport.fr\/blog\/#organization\"},\"potentialAction\":[{\"@type\":\"SearchAction\",\"target\":{\"@type\":\"EntryPoint\",\"urlTemplate\":\"https:\/\/dicodusport.fr\/blog\/?s={search_term_string}\"},\"query-input\":{\"@type\":\"PropertyValueSpecification\",\"valueRequired\":true,\"valueName\":\"search_term_string\"}}],\"inLanguage\":\"fr-FR\"},{\"@type\":\"NewsMediaOrganization\",\"@id\":\"https:\/\/dicodusport.fr\/blog\/#organization\",\"name\":\"Dicodusport\",\"url\":\"https:\/\/dicodusport.fr\/blog\/\",\"logo\":{\"@type\":\"ImageObject\",\"inLanguage\":\"fr-FR\",\"@id\":\"https:\/\/dicodusport.fr\/blog\/#\/schema\/logo\/image\/\",\"url\":\"https:\/\/dicodusport.fr\/blog\/wp-content\/uploads\/2020\/06\/cropped-LOGO-DICODUSPORT-2020-SANS-FOND-SANS-TEXTE.png\",\"contentUrl\":\"https:\/\/dicodusport.fr\/blog\/wp-content\/uploads\/2020\/06\/cropped-LOGO-DICODUSPORT-2020-SANS-FOND-SANS-TEXTE.png\",\"width\":512,\"height\":512,\"caption\":\"Dicodusport\"},\"image\":{\"@id\":\"https:\/\/dicodusport.fr\/blog\/#\/schema\/logo\/image\/\"},\"sameAs\":[\"https:\/\/www.facebook.com\/dicodusport\",\"https:\/\/x.com\/dicodusport\",\"https:\/\/www.instagram.com\/dicodusport\/\",\"https:\/\/www.youtube.com\/channel\/UC7V2KZ5sd3htJivAbA4ZG3w\"],\"description\":\"Dicodusport est l'encyclop\u00e9die de l'actualit\u00e9 sportive.\",\"email\":\"bonjour@dicodusport.fr\",\"legalName\":\"DICODUSPORT\",\"foundingDate\":\"2018-01-14\",\"vatID\":\"FR71834470973\",\"taxID\":\"83447097300043\",\"numberOfEmployees\":{\"@type\":\"QuantitativeValue\",\"minValue\":\"1\",\"maxValue\":\"10\"}},{\"@type\":\"Person\",\"@id\":\"https:\/\/dicodusport.fr\/blog\/#\/schema\/person\/cb02af4c173ce4a653b55e9baf388d4a\",\"name\":\"Flo Ostermann\",\"image\":{\"@type\":\"ImageObject\",\"inLanguage\":\"fr-FR\",\"@id\":\"https:\/\/dicodusport.fr\/blog\/#\/schema\/person\/image\/\",\"url\":\"https:\/\/dicodusport.fr\/blog\/wp-content\/uploads\/2021\/05\/Flo-Ostermann-150x150.jpg\",\"contentUrl\":\"https:\/\/dicodusport.fr\/blog\/wp-content\/uploads\/2021\/05\/Flo-Ostermann-150x150.jpg\",\"caption\":\"Flo Ostermann\"},\"description\":\"Journaliste\/R\u00e9dacteur depuis septembre 2015 - Mes premiers souvenirs dans le sport ? Les envol\u00e9es du Stade Toulousain et les duels Villeneuve-Schumacher et H\u00e4kkinen-Schumacher \u00e0 la fin des ann\u00e9es 90, la Coupe du monde de football en 1998, l\u2019exploit du XV de France face aux All Blacks en 1999, mais aussi Richard C\u0153ur de Lion qui vole sur les montagnes du Tour de France. Bien parti pour devenir professeur d\u2019EPS, les \u00e9v\u00e9nements de la vie (et la flemme d\u2019animer des s\u00e9ances de 3x500 m\u00e8tres toute ma vie) m\u2019ont conduit \u00e0 revoir mes plans. Me voil\u00e0 depuis fin 2017 sur Dicodusport, m\u00e9dia gr\u00e2ce (et pour) lequel je partage ma passion : le sport dans tous ses \u00e9tats. Le tout accompagn\u00e9 par les fous furieux et folles furieuses cit\u00e9s sur cette page !\",\"sameAs\":[\"https:\/\/www.facebook.com\/florent.ostermann\",\"https:\/\/x.com\/https:\/\/twitter.com\/FlOstermann\",\"admin\"],\"url\":\"https:\/\/dicodusport.fr\/blog\/author\/flo\/\"}]}<\/script>\n<!-- \/ Yoast SEO Premium plugin. -->","yoast_head_json":{"title":"6 Nations : composez votre XV de France pour le match face \u00e0 l\u2019\u00c9cosse","description":"Apr\u00e8s deux d\u00e9faites lors de ses deux premi\u00e8res rencontres, le XV de France accueillera l\u2019\u00c9cosse le samedi 23 f\u00e9vrier au Stade de France (14h15).","robots":{"index":"index","follow":"follow","max-snippet":"max-snippet:-1","max-image-preview":"max-image-preview:large","max-video-preview":"max-video-preview:-1"},"canonical":"https:\/\/dicodusport.fr\/blog\/6-nations-composez-votre-xv-de-france-pour-le-match-face-a-l-ecosse\/","next":"https:\/\/dicodusport.fr\/blog\/6-nations-composez-votre-xv-de-france-pour-le-match-face-a-l-ecosse\/2\/","og_locale":"fr_FR","og_type":"article","og_title":"6 Nations : composez votre XV de France pour le match face \u00e0 l\u2019\u00c9cosse","og_description":"Apr\u00e8s deux d\u00e9faites lors de ses deux premi\u00e8res rencontres, le XV de France accueillera l\u2019\u00c9cosse le samedi 23 f\u00e9vrier au Stade de France (14h15).","og_url":"https:\/\/dicodusport.fr\/blog\/6-nations-composez-votre-xv-de-france-pour-le-match-face-a-l-ecosse\/","og_site_name":"Dicodusport","article_publisher":"https:\/\/www.facebook.com\/dicodusport","article_author":"https:\/\/www.facebook.com\/florent.ostermann","article_published_time":"2019-02-14T13:29:09+00:00","article_modified_time":"2021-10-18T15:13:46+00:00","og_image":[{"width":800,"height":445,"url":"https:\/\/dicodusport.fr\/blog\/wp-content\/uploads\/2019\/02\/Composez-votre-XV-de-France-face-\u00e0-lEcosse-6-Nations-2019.png","type":"image\/png"}],"author":"Flo Ostermann","twitter_card":"summary_large_image","twitter_creator":"@https:\/\/twitter.com\/FlOstermann","twitter_site":"@dicodusport","schema":{"@context":"https:\/\/schema.org","@graph":[{"@type":"NewsArticle","@id":"https:\/\/dicodusport.fr\/blog\/6-nations-composez-votre-xv-de-france-pour-le-match-face-a-l-ecosse\/#article","isPartOf":{"@id":"https:\/\/dicodusport.fr\/blog\/6-nations-composez-votre-xv-de-france-pour-le-match-face-a-l-ecosse\/"},"author":{"name":"Flo Ostermann","@id":"https:\/\/dicodusport.fr\/blog\/#\/schema\/person\/cb02af4c173ce4a653b55e9baf388d4a"},"headline":"6 Nations : composez votre XV de France pour le match face \u00e0 l\u2019\u00c9cosse","datePublished":"2019-02-14T13:29:09+00:00","dateModified":"2021-10-18T15:13:46+00:00","mainEntityOfPage":{"@id":"https:\/\/dicodusport.fr\/blog\/6-nations-composez-votre-xv-de-france-pour-le-match-face-a-l-ecosse\/"},"wordCount":131,"commentCount":0,"publisher":{"@id":"https:\/\/dicodusport.fr\/blog\/#organization"},"image":{"@id":"https:\/\/dicodusport.fr\/blog\/6-nations-composez-votre-xv-de-france-pour-le-match-face-a-l-ecosse\/#primaryimage"},"thumbnailUrl":"https:\/\/dicodusport.fr\/blog\/wp-content\/uploads\/2019\/02\/Composez-votre-XV-de-France-face-\u00e0-lEcosse-6-Nations-2019.png","keywords":["6 nations","composition","Ecosse","XV de France"],"articleSection":["Actualit\u00e9s","Rugby","XV de France"],"inLanguage":"fr-FR","potentialAction":[{"@type":"CommentAction","name":"Comment","target":["https:\/\/dicodusport.fr\/blog\/6-nations-composez-votre-xv-de-france-pour-le-match-face-a-l-ecosse\/#respond"]}],"copyrightYear":"2019","copyrightHolder":{"@id":"https:\/\/dicodusport.fr\/blog\/#organization"}},{"@type":"WebPage","@id":"https:\/\/dicodusport.fr\/blog\/6-nations-composez-votre-xv-de-france-pour-le-match-face-a-l-ecosse\/","url":"https:\/\/dicodusport.fr\/blog\/6-nations-composez-votre-xv-de-france-pour-le-match-face-a-l-ecosse\/","name":"6 Nations : composez votre XV de France pour le match face \u00e0 l\u2019\u00c9cosse","isPartOf":{"@id":"https:\/\/dicodusport.fr\/blog\/#website"},"primaryImageOfPage":{"@id":"https:\/\/dicodusport.fr\/blog\/6-nations-composez-votre-xv-de-france-pour-le-match-face-a-l-ecosse\/#primaryimage"},"image":{"@id":"https:\/\/dicodusport.fr\/blog\/6-nations-composez-votre-xv-de-france-pour-le-match-face-a-l-ecosse\/#primaryimage"},"thumbnailUrl":"https:\/\/dicodusport.fr\/blog\/wp-content\/uploads\/2019\/02\/Composez-votre-XV-de-France-face-\u00e0-lEcosse-6-Nations-2019.png","datePublished":"2019-02-14T13:29:09+00:00","dateModified":"2021-10-18T15:13:46+00:00","description":"Apr\u00e8s deux d\u00e9faites lors de ses deux premi\u00e8res rencontres, le XV de France accueillera l\u2019\u00c9cosse le samedi 23 f\u00e9vrier au Stade de France (14h15).","inLanguage":"fr-FR","potentialAction":[{"@type":"ReadAction","target":["https:\/\/dicodusport.fr\/blog\/6-nations-composez-votre-xv-de-france-pour-le-match-face-a-l-ecosse\/"]}]},{"@type":"ImageObject","inLanguage":"fr-FR","@id":"https:\/\/dicodusport.fr\/blog\/6-nations-composez-votre-xv-de-france-pour-le-match-face-a-l-ecosse\/#primaryimage","url":"https:\/\/dicodusport.fr\/blog\/wp-content\/uploads\/2019\/02\/Composez-votre-XV-de-France-face-\u00e0-lEcosse-6-Nations-2019.png","contentUrl":"https:\/\/dicodusport.fr\/blog\/wp-content\/uploads\/2019\/02\/Composez-votre-XV-de-France-face-\u00e0-lEcosse-6-Nations-2019.png","width":800,"height":445},{"@type":"WebSite","@id":"https:\/\/dicodusport.fr\/blog\/#website","url":"https:\/\/dicodusport.fr\/blog\/","name":"Dicodusport","description":"L&#039;encyclop\u00e9die de l&#039;actualit\u00e9 sportive","publisher":{"@id":"https:\/\/dicodusport.fr\/blog\/#organization"},"potentialAction":[{"@type":"SearchAction","target":{"@type":"EntryPoint","urlTemplate":"https:\/\/dicodusport.fr\/blog\/?s={search_term_string}"},"query-input":{"@type":"PropertyValueSpecification","valueRequired":true,"valueName":"search_term_string"}}],"inLanguage":"fr-FR"},{"@type":"NewsMediaOrganization","@id":"https:\/\/dicodusport.fr\/blog\/#organization","name":"Dicodusport","url":"https:\/\/dicodusport.fr\/blog\/","logo":{"@type":"ImageObject","inLanguage":"fr-FR","@id":"https:\/\/dicodusport.fr\/blog\/#\/schema\/logo\/image\/","url":"https:\/\/dicodusport.fr\/blog\/wp-content\/uploads\/2020\/06\/cropped-LOGO-DICODUSPORT-2020-SANS-FOND-SANS-TEXTE.png","contentUrl":"https:\/\/dicodusport.fr\/blog\/wp-content\/uploads\/2020\/06\/cropped-LOGO-DICODUSPORT-2020-SANS-FOND-SANS-TEXTE.png","width":512,"height":512,"caption":"Dicodusport"},"image":{"@id":"https:\/\/dicodusport.fr\/blog\/#\/schema\/logo\/image\/"},"sameAs":["https:\/\/www.facebook.com\/dicodusport","https:\/\/x.com\/dicodusport","https:\/\/www.instagram.com\/dicodusport\/","https:\/\/www.youtube.com\/channel\/UC7V2KZ5sd3htJivAbA4ZG3w"],"description":"Dicodusport est l'encyclop\u00e9die de l'actualit\u00e9 sportive.","email":"bonjour@dicodusport.fr","legalName":"DICODUSPORT","foundingDate":"2018-01-14","vatID":"FR71834470973","taxID":"83447097300043","numberOfEmployees":{"@type":"QuantitativeValue","minValue":"1","maxValue":"10"}},{"@type":"Person","@id":"https:\/\/dicodusport.fr\/blog\/#\/schema\/person\/cb02af4c173ce4a653b55e9baf388d4a","name":"Flo Ostermann","image":{"@type":"ImageObject","inLanguage":"fr-FR","@id":"https:\/\/dicodusport.fr\/blog\/#\/schema\/person\/image\/","url":"https:\/\/dicodusport.fr\/blog\/wp-content\/uploads\/2021\/05\/Flo-Ostermann-150x150.jpg","contentUrl":"https:\/\/dicodusport.fr\/blog\/wp-content\/uploads\/2021\/05\/Flo-Ostermann-150x150.jpg","caption":"Flo Ostermann"},"description":"Journaliste\/R\u00e9dacteur depuis septembre 2015 - Mes premiers souvenirs dans le sport ? Les envol\u00e9es du Stade Toulousain et les duels Villeneuve-Schumacher et H\u00e4kkinen-Schumacher \u00e0 la fin des ann\u00e9es 90, la Coupe du monde de football en 1998, l\u2019exploit du XV de France face aux All Blacks en 1999, mais aussi Richard C\u0153ur de Lion qui vole sur les montagnes du Tour de France. Bien parti pour devenir professeur d\u2019EPS, les \u00e9v\u00e9nements de la vie (et la flemme d\u2019animer des s\u00e9ances de 3x500 m\u00e8tres toute ma vie) m\u2019ont conduit \u00e0 revoir mes plans. Me voil\u00e0 depuis fin 2017 sur Dicodusport, m\u00e9dia gr\u00e2ce (et pour) lequel je partage ma passion : le sport dans tous ses \u00e9tats. Le tout accompagn\u00e9 par les fous furieux et folles furieuses cit\u00e9s sur cette page !","sameAs":["https:\/\/www.facebook.com\/florent.ostermann","https:\/\/x.com\/https:\/\/twitter.com\/FlOstermann","admin"],"url":"https:\/\/dicodusport.fr\/blog\/author\/flo\/"}]}},"_links":{"self":[{"href":"https:\/\/dicodusport.fr\/blog\/wp-json\/wp\/v2\/posts\/33593","targetHints":{"allow":["GET"]}}],"collection":[{"href":"https:\/\/dicodusport.fr\/blog\/wp-json\/wp\/v2\/posts"}],"about":[{"href":"https:\/\/dicodusport.fr\/blog\/wp-json\/wp\/v2\/types\/post"}],"author":[{"embeddable":true,"href":"https:\/\/dicodusport.fr\/blog\/wp-json\/wp\/v2\/users\/4"}],"replies":[{"embeddable":true,"href":"https:\/\/dicodusport.fr\/blog\/wp-json\/wp\/v2\/comments?post=33593"}],"version-history":[{"count":0,"href":"https:\/\/dicodusport.fr\/blog\/wp-json\/wp\/v2\/posts\/33593\/revisions"}],"wp:featuredmedia":[{"embeddable":true,"href":"https:\/\/dicodusport.fr\/blog\/wp-json\/wp\/v2\/media\/33596"}],"wp:attachment":[{"href":"https:\/\/dicodusport.fr\/blog\/wp-json\/wp\/v2\/media?parent=33593"}],"wp:term":[{"taxonomy":"category","embeddable":true,"href":"https:\/\/dicodusport.fr\/blog\/wp-json\/wp\/v2\/categories?post=33593"},{"taxonomy":"post_tag","embeddable":true,"href":"https:\/\/dicodusport.fr\/blog\/wp-json\/wp\/v2\/tags?post=33593"}],"curies":[{"name":"wp","href":"https:\/\/api.w.org\/{rel}","templated":true}]}}