{"id":33628,"date":"2019-02-14T11:42:06","date_gmt":"2019-02-14T10:42:06","guid":{"rendered":"http:\/\/dicodusport.fr\/blog\/?p=33628"},"modified":"2021-07-07T12:14:47","modified_gmt":"2021-07-07T10:14:47","slug":"europa-league-rennes-doit-foncer-sans-reflechir","status":"publish","type":"post","link":"https:\/\/dicodusport.fr\/blog\/europa-league-rennes-doit-foncer-sans-reflechir\/","title":{"rendered":"Europa League\u00a0: Rennes doit foncer sans r\u00e9fl\u00e9chir"},"content":{"rendered":"<p style=\"text-align: justify;\"><em><strong>\u00c0 18h55, le Stade Rennais re\u00e7oit le Betis Seville au Roazhon Park pour le match aller des 16\u00e8mes de finale de l\u2019Europa League. Dernier repr\u00e9sentant fran\u00e7ais dans la comp\u00e9tition, Rennes\u00a0a l\u2019occasion de s\u2019exposer m\u00e9diatiquement mais aussi d\u2019\u00e9crire un peu plus son histoire.<\/strong><\/em><\/p>\n<h1>En finir avec l\u2019image des perdants<\/h1>\n<p style=\"text-align: justify;\">En France, quand on \u00e9voque Rennes et son palmar\u00e8s, on pense forc\u00e9ment au n\u00e9ant. Ce soir, les Bretons ont certainement l\u2019occasion d\u2019\u00e9crire une belle ligne de leur histoire face au Betis Seville, pour un match qui repr\u00e9sente certainement le plus important d\u00e9fi de Rennes depuis bien longtemps. C\u2019est aussi l\u2019occasion de gommer l\u2019\u00e9ternel \u00ab\u00a0bashing\u00a0\u00bb que le club subit sur chaque match \u00e0 enjeu et cette image de \u00ab\u00a0loser\u00a0\u00bb que le club poss\u00e8de.<\/p>\n<p style=\"text-align: justify;\">Avec un Roazhon Park qu\u2019on annonce mouvement\u00e9 pour un jeudi soir, <strong>Rennes va devoir emballer la partie face \u00e0 un Betis S\u00e9ville d\u2019une part favori, mais aussi tr\u00e8s joueur<\/strong>. C\u2019est un match qui est attendu par beaucoup \u00e0 Rennes face \u00e0 une des \u00e9quipes les plus joueuses de la Liga. Avec les anciens parisiens Lo Celso et Jes\u00e9, le Betis se forge une r\u00e9putation d\u2019une \u00e9quipe qui a la possession et qui est difficile \u00e0 bouger pour l\u2019adversaire. Dans un stade \u00e0 guichets ferm\u00e9s et pour une rencontre unique dans l\u2019histoire de Rennes (qui n\u2019a jamais pass\u00e9 un premier tour de Coupe d\u2019Europe), les hommes de Julien St\u00e9phan vont devoir enflammer le match. Face \u00e0 une \u00e9quipe qui ne fermera pas le jeu, Rennes aura la possibilit\u00e9 d\u2019utiliser les espaces libres certainement sur les phases de contres.<\/p>\n<p><span class=\"ccPkYfqhnqxw0eATjb8J33UIJA1PuL0TKu6VxS2mHmM8FgDUVOfOzIzgsvpGZkZG5lrNXDdw\"><\/p>\n<blockquote class=\"twitter-tweet\" data-width=\"550\" data-dnt=\"true\">\n<p lang=\"fr\" dir=\"ltr\">&quot;Je suis convaincu qu&#39;il y aura une atmosph\u00e8re incroyable&quot;.<a href=\"https:\/\/t.co\/ioO0Pt0GR9\">https:\/\/t.co\/ioO0Pt0GR9<\/a><\/p>\n<p>&mdash; Jean-F\u00e9lix (@Piazzooo) <a href=\"https:\/\/twitter.com\/Piazzooo\/status\/1095820675531657216?ref_src=twsrc%5Etfw\">February 13, 2019<\/a><\/p><\/blockquote>\n<p><script async src=\"https:\/\/platform.twitter.com\/widgets.js\" charset=\"utf-8\"><\/script><\/span><\/p>\n<h1>Rennes a de la qualit\u00e9 et un \u00e9tat d\u2019esprit retrouv\u00e9<\/h1>\n<p style=\"text-align: justify;\">Depuis l\u2019arriv\u00e9e de Julien St\u00e9phan sur le banc rennais, c\u2019est tout un club qui est revigor\u00e9 et pr\u00eat \u00e0 en d\u00e9coudre dans toutes les comp\u00e9titions. Encore en lice en Coupe de France (1\/4 de finale), en course pour les places europ\u00e9ennes en championnat, le Stade Rennais a le vent en poupe. L\u2019Europa League et la r\u00e9ception du Betis Seville vont permettre aux Rennais de se jauger mais aussi de participer \u00e0 la rencontre europ\u00e9enne la plus importante de l\u2019histoire du club et ce n\u2019est pas rien. <strong>Avec un recrutement r\u00e9ussi (Ben Arfa, Niang, Da Silva) et un entra\u00eeneur qui a les cl\u00e9s pour emmener son \u00e9quipe au plus loin,<\/strong> Rennes ne peut plus reculer et doit jouer toutes ses cartes ce soir.<\/p>\n<p style=\"text-align: justify;\">La rencontre sera diffus\u00e9e en clair, sur RMC Story, canal 23 de votre t\u00e9l\u00e9viseur, ainsi que sur les cha\u00eenes du groupe RMC SPORT.<\/p>\n","protected":false},"excerpt":{"rendered":"<p>\u00c0 18h55, le Stade Rennais re\u00e7oit le Betis Seville au Roazhon Park pour le match aller des 16\u00e8mes de finale de l\u2019Europa League.<\/p>\n","protected":false},"author":14,"featured_media":33635,"comment_status":"open","ping_status":"closed","sticky":false,"template":"","format":"standard","meta":{"_acf_changed":false,"_daextam_enable_autolinks":"","footnotes":""},"categories":[2301],"tags":[3829,75,6889,6888,6890,1865],"class_list":["post-33628","post","type-post","status-publish","format-standard","has-post-thumbnail","hentry","category-football","tag-europa-league","tag-football","tag-hatem-ben-arfa","tag-julien-stephan","tag-roazhon-park","tag-stade-rennais"],"acf":[],"yoast_head":"<!-- This site is optimized with the Yoast SEO Premium plugin v26.7 (Yoast SEO v26.7) - https:\/\/yoast.com\/wordpress\/plugins\/seo\/ -->\n<title>Europa League\u00a0: Rennes doit foncer sans r\u00e9fl\u00e9chir<\/title>\n<meta name=\"description\" content=\"\u00c0 18h55, le Stade Rennais re\u00e7oit le Betis Seville au Roazhon Park pour le match aller des 16\u00e8mes de finale de l\u2019Europa League.\" \/>\n<meta name=\"robots\" content=\"index, follow, max-snippet:-1, max-image-preview:large, max-video-preview:-1\" \/>\n<link rel=\"canonical\" href=\"https:\/\/dicodusport.fr\/blog\/europa-league-rennes-doit-foncer-sans-reflechir\/\" \/>\n<meta property=\"og:locale\" content=\"fr_FR\" \/>\n<meta property=\"og:type\" content=\"article\" \/>\n<meta property=\"og:title\" content=\"Europa League\u00a0: Rennes doit foncer sans r\u00e9fl\u00e9chir\" \/>\n<meta property=\"og:description\" content=\"\u00c0 18h55, le Stade Rennais re\u00e7oit le Betis Seville au Roazhon Park pour le match aller des 16\u00e8mes de finale de l\u2019Europa League.\" \/>\n<meta property=\"og:url\" content=\"https:\/\/dicodusport.fr\/blog\/europa-league-rennes-doit-foncer-sans-reflechir\/\" \/>\n<meta property=\"og:site_name\" content=\"Dicodusport\" \/>\n<meta property=\"article:publisher\" content=\"https:\/\/www.facebook.com\/dicodusport\" \/>\n<meta property=\"article:published_time\" content=\"2019-02-14T10:42:06+00:00\" \/>\n<meta property=\"article:modified_time\" content=\"2021-07-07T10:14:47+00:00\" \/>\n<meta property=\"og:image\" content=\"https:\/\/dicodusport.fr\/blog\/wp-content\/uploads\/2019\/02\/Stade-Rennais-Europa-League.png\" \/>\n\t<meta property=\"og:image:width\" content=\"800\" \/>\n\t<meta property=\"og:image:height\" content=\"445\" \/>\n\t<meta property=\"og:image:type\" content=\"image\/png\" \/>\n<meta name=\"author\" content=\"Romain Delanis\" \/>\n<meta name=\"twitter:card\" content=\"summary_large_image\" \/>\n<meta name=\"twitter:creator\" content=\"@https:\/\/twitter.com\/RDelanis\" \/>\n<meta name=\"twitter:site\" content=\"@dicodusport\" \/>\n<script type=\"application\/ld+json\" class=\"yoast-schema-graph\">{\"@context\":\"https:\/\/schema.org\",\"@graph\":[{\"@type\":\"NewsArticle\",\"@id\":\"https:\/\/dicodusport.fr\/blog\/europa-league-rennes-doit-foncer-sans-reflechir\/#article\",\"isPartOf\":{\"@id\":\"https:\/\/dicodusport.fr\/blog\/europa-league-rennes-doit-foncer-sans-reflechir\/\"},\"author\":{\"name\":\"Romain Delanis\",\"@id\":\"https:\/\/dicodusport.fr\/blog\/#\/schema\/person\/8c78730a59f8a1e617f7a19026ebc14a\"},\"headline\":\"Europa League\u00a0: Rennes doit foncer sans r\u00e9fl\u00e9chir\",\"datePublished\":\"2019-02-14T10:42:06+00:00\",\"dateModified\":\"2021-07-07T10:14:47+00:00\",\"mainEntityOfPage\":{\"@id\":\"https:\/\/dicodusport.fr\/blog\/europa-league-rennes-doit-foncer-sans-reflechir\/\"},\"wordCount\":493,\"commentCount\":0,\"publisher\":{\"@id\":\"https:\/\/dicodusport.fr\/blog\/#organization\"},\"image\":{\"@id\":\"https:\/\/dicodusport.fr\/blog\/europa-league-rennes-doit-foncer-sans-reflechir\/#primaryimage\"},\"thumbnailUrl\":\"https:\/\/dicodusport.fr\/blog\/wp-content\/uploads\/2019\/02\/Stade-Rennais-Europa-League.png\",\"keywords\":[\"Europa League\",\"Football\",\"Hatem Ben Arfa\",\"Julien St\u00e9phan\",\"Roazhon Park\",\"Stade rennais\"],\"articleSection\":[\"Football\"],\"inLanguage\":\"fr-FR\",\"potentialAction\":[{\"@type\":\"CommentAction\",\"name\":\"Comment\",\"target\":[\"https:\/\/dicodusport.fr\/blog\/europa-league-rennes-doit-foncer-sans-reflechir\/#respond\"]}],\"copyrightYear\":\"2019\",\"copyrightHolder\":{\"@id\":\"https:\/\/dicodusport.fr\/blog\/#organization\"}},{\"@type\":\"WebPage\",\"@id\":\"https:\/\/dicodusport.fr\/blog\/europa-league-rennes-doit-foncer-sans-reflechir\/\",\"url\":\"https:\/\/dicodusport.fr\/blog\/europa-league-rennes-doit-foncer-sans-reflechir\/\",\"name\":\"Europa League\u00a0: Rennes doit foncer sans r\u00e9fl\u00e9chir\",\"isPartOf\":{\"@id\":\"https:\/\/dicodusport.fr\/blog\/#website\"},\"primaryImageOfPage\":{\"@id\":\"https:\/\/dicodusport.fr\/blog\/europa-league-rennes-doit-foncer-sans-reflechir\/#primaryimage\"},\"image\":{\"@id\":\"https:\/\/dicodusport.fr\/blog\/europa-league-rennes-doit-foncer-sans-reflechir\/#primaryimage\"},\"thumbnailUrl\":\"https:\/\/dicodusport.fr\/blog\/wp-content\/uploads\/2019\/02\/Stade-Rennais-Europa-League.png\",\"datePublished\":\"2019-02-14T10:42:06+00:00\",\"dateModified\":\"2021-07-07T10:14:47+00:00\",\"description\":\"\u00c0 18h55, le Stade Rennais re\u00e7oit le Betis Seville au Roazhon Park pour le match aller des 16\u00e8mes de finale de l\u2019Europa League.\",\"breadcrumb\":{\"@id\":\"https:\/\/dicodusport.fr\/blog\/europa-league-rennes-doit-foncer-sans-reflechir\/#breadcrumb\"},\"inLanguage\":\"fr-FR\",\"potentialAction\":[{\"@type\":\"ReadAction\",\"target\":[\"https:\/\/dicodusport.fr\/blog\/europa-league-rennes-doit-foncer-sans-reflechir\/\"]}]},{\"@type\":\"ImageObject\",\"inLanguage\":\"fr-FR\",\"@id\":\"https:\/\/dicodusport.fr\/blog\/europa-league-rennes-doit-foncer-sans-reflechir\/#primaryimage\",\"url\":\"https:\/\/dicodusport.fr\/blog\/wp-content\/uploads\/2019\/02\/Stade-Rennais-Europa-League.png\",\"contentUrl\":\"https:\/\/dicodusport.fr\/blog\/wp-content\/uploads\/2019\/02\/Stade-Rennais-Europa-League.png\",\"width\":800,\"height\":445},{\"@type\":\"BreadcrumbList\",\"@id\":\"https:\/\/dicodusport.fr\/blog\/europa-league-rennes-doit-foncer-sans-reflechir\/#breadcrumb\",\"itemListElement\":[{\"@type\":\"ListItem\",\"position\":1,\"name\":\"Accueil\",\"item\":\"https:\/\/dicodusport.fr\/blog\/\"},{\"@type\":\"ListItem\",\"position\":2,\"name\":\"Europa League\u00a0: Rennes doit foncer sans r\u00e9fl\u00e9chir\"}]},{\"@type\":\"WebSite\",\"@id\":\"https:\/\/dicodusport.fr\/blog\/#website\",\"url\":\"https:\/\/dicodusport.fr\/blog\/\",\"name\":\"Dicodusport\",\"description\":\"L&#039;encyclop\u00e9die de l&#039;actualit\u00e9 sportive\",\"publisher\":{\"@id\":\"https:\/\/dicodusport.fr\/blog\/#organization\"},\"potentialAction\":[{\"@type\":\"SearchAction\",\"target\":{\"@type\":\"EntryPoint\",\"urlTemplate\":\"https:\/\/dicodusport.fr\/blog\/?s={search_term_string}\"},\"query-input\":{\"@type\":\"PropertyValueSpecification\",\"valueRequired\":true,\"valueName\":\"search_term_string\"}}],\"inLanguage\":\"fr-FR\"},{\"@type\":\"NewsMediaOrganization\",\"@id\":\"https:\/\/dicodusport.fr\/blog\/#organization\",\"name\":\"Dicodusport\",\"url\":\"https:\/\/dicodusport.fr\/blog\/\",\"logo\":{\"@type\":\"ImageObject\",\"inLanguage\":\"fr-FR\",\"@id\":\"https:\/\/dicodusport.fr\/blog\/#\/schema\/logo\/image\/\",\"url\":\"https:\/\/dicodusport.fr\/blog\/wp-content\/uploads\/2020\/06\/cropped-LOGO-DICODUSPORT-2020-SANS-FOND-SANS-TEXTE.png\",\"contentUrl\":\"https:\/\/dicodusport.fr\/blog\/wp-content\/uploads\/2020\/06\/cropped-LOGO-DICODUSPORT-2020-SANS-FOND-SANS-TEXTE.png\",\"width\":512,\"height\":512,\"caption\":\"Dicodusport\"},\"image\":{\"@id\":\"https:\/\/dicodusport.fr\/blog\/#\/schema\/logo\/image\/\"},\"sameAs\":[\"https:\/\/www.facebook.com\/dicodusport\",\"https:\/\/x.com\/dicodusport\",\"https:\/\/www.instagram.com\/dicodusport\/\",\"https:\/\/www.youtube.com\/channel\/UC7V2KZ5sd3htJivAbA4ZG3w\"],\"description\":\"Dicodusport est l'encyclop\u00e9die de l'actualit\u00e9 sportive.\",\"email\":\"bonjour@dicodusport.fr\",\"legalName\":\"DICODUSPORT\",\"foundingDate\":\"2018-01-14\",\"vatID\":\"FR71834470973\",\"taxID\":\"83447097300043\",\"numberOfEmployees\":{\"@type\":\"QuantitativeValue\",\"minValue\":\"1\",\"maxValue\":\"10\"}},{\"@type\":\"Person\",\"@id\":\"https:\/\/dicodusport.fr\/blog\/#\/schema\/person\/8c78730a59f8a1e617f7a19026ebc14a\",\"name\":\"Romain Delanis\",\"image\":{\"@type\":\"ImageObject\",\"inLanguage\":\"fr-FR\",\"@id\":\"https:\/\/dicodusport.fr\/blog\/#\/schema\/person\/image\/\",\"url\":\"https:\/\/dicodusport.fr\/blog\/wp-content\/uploads\/2021\/05\/Romain-Delanis-150x150.jpg\",\"contentUrl\":\"https:\/\/dicodusport.fr\/blog\/wp-content\/uploads\/2021\/05\/Romain-Delanis-150x150.jpg\",\"caption\":\"Romain Delanis\"},\"description\":\"Journaliste\/R\u00e9dacteur depuis novembre 2015 - Capable de passer un samedi apr\u00e8s-midi devant la Ligue 2 puis le biathlon sans oublier la finale de l\u2019ATP Rotterdam, j\u2019aime aussi mettre mon r\u00e9veil pour me faire un Pistons\/Bulls qui rappelle de bons souvenirs. Tout cela, j\u2019ai choisi il y a maintenant quelques temps de vous le raconter avec Dicodusport, pour vous faire vivre ma passion parfois inconsid\u00e9r\u00e9e pour le sport en g\u00e9n\u00e9ral (mais surtout le foot faut se l\u2019avouer).\",\"sameAs\":[\"https:\/\/x.com\/https:\/\/twitter.com\/RDelanis\"],\"url\":\"https:\/\/dicodusport.fr\/blog\/author\/romain\/\"}]}<\/script>\n<!-- \/ Yoast SEO Premium plugin. -->","yoast_head_json":{"title":"Europa League\u00a0: Rennes doit foncer sans r\u00e9fl\u00e9chir","description":"\u00c0 18h55, le Stade Rennais re\u00e7oit le Betis Seville au Roazhon Park pour le match aller des 16\u00e8mes de finale de l\u2019Europa League.","robots":{"index":"index","follow":"follow","max-snippet":"max-snippet:-1","max-image-preview":"max-image-preview:large","max-video-preview":"max-video-preview:-1"},"canonical":"https:\/\/dicodusport.fr\/blog\/europa-league-rennes-doit-foncer-sans-reflechir\/","og_locale":"fr_FR","og_type":"article","og_title":"Europa League\u00a0: Rennes doit foncer sans r\u00e9fl\u00e9chir","og_description":"\u00c0 18h55, le Stade Rennais re\u00e7oit le Betis Seville au Roazhon Park pour le match aller des 16\u00e8mes de finale de l\u2019Europa League.","og_url":"https:\/\/dicodusport.fr\/blog\/europa-league-rennes-doit-foncer-sans-reflechir\/","og_site_name":"Dicodusport","article_publisher":"https:\/\/www.facebook.com\/dicodusport","article_published_time":"2019-02-14T10:42:06+00:00","article_modified_time":"2021-07-07T10:14:47+00:00","og_image":[{"width":800,"height":445,"url":"https:\/\/dicodusport.fr\/blog\/wp-content\/uploads\/2019\/02\/Stade-Rennais-Europa-League.png","type":"image\/png"}],"author":"Romain Delanis","twitter_card":"summary_large_image","twitter_creator":"@https:\/\/twitter.com\/RDelanis","twitter_site":"@dicodusport","schema":{"@context":"https:\/\/schema.org","@graph":[{"@type":"NewsArticle","@id":"https:\/\/dicodusport.fr\/blog\/europa-league-rennes-doit-foncer-sans-reflechir\/#article","isPartOf":{"@id":"https:\/\/dicodusport.fr\/blog\/europa-league-rennes-doit-foncer-sans-reflechir\/"},"author":{"name":"Romain Delanis","@id":"https:\/\/dicodusport.fr\/blog\/#\/schema\/person\/8c78730a59f8a1e617f7a19026ebc14a"},"headline":"Europa League\u00a0: Rennes doit foncer sans r\u00e9fl\u00e9chir","datePublished":"2019-02-14T10:42:06+00:00","dateModified":"2021-07-07T10:14:47+00:00","mainEntityOfPage":{"@id":"https:\/\/dicodusport.fr\/blog\/europa-league-rennes-doit-foncer-sans-reflechir\/"},"wordCount":493,"commentCount":0,"publisher":{"@id":"https:\/\/dicodusport.fr\/blog\/#organization"},"image":{"@id":"https:\/\/dicodusport.fr\/blog\/europa-league-rennes-doit-foncer-sans-reflechir\/#primaryimage"},"thumbnailUrl":"https:\/\/dicodusport.fr\/blog\/wp-content\/uploads\/2019\/02\/Stade-Rennais-Europa-League.png","keywords":["Europa League","Football","Hatem Ben Arfa","Julien St\u00e9phan","Roazhon Park","Stade rennais"],"articleSection":["Football"],"inLanguage":"fr-FR","potentialAction":[{"@type":"CommentAction","name":"Comment","target":["https:\/\/dicodusport.fr\/blog\/europa-league-rennes-doit-foncer-sans-reflechir\/#respond"]}],"copyrightYear":"2019","copyrightHolder":{"@id":"https:\/\/dicodusport.fr\/blog\/#organization"}},{"@type":"WebPage","@id":"https:\/\/dicodusport.fr\/blog\/europa-league-rennes-doit-foncer-sans-reflechir\/","url":"https:\/\/dicodusport.fr\/blog\/europa-league-rennes-doit-foncer-sans-reflechir\/","name":"Europa League\u00a0: Rennes doit foncer sans r\u00e9fl\u00e9chir","isPartOf":{"@id":"https:\/\/dicodusport.fr\/blog\/#website"},"primaryImageOfPage":{"@id":"https:\/\/dicodusport.fr\/blog\/europa-league-rennes-doit-foncer-sans-reflechir\/#primaryimage"},"image":{"@id":"https:\/\/dicodusport.fr\/blog\/europa-league-rennes-doit-foncer-sans-reflechir\/#primaryimage"},"thumbnailUrl":"https:\/\/dicodusport.fr\/blog\/wp-content\/uploads\/2019\/02\/Stade-Rennais-Europa-League.png","datePublished":"2019-02-14T10:42:06+00:00","dateModified":"2021-07-07T10:14:47+00:00","description":"\u00c0 18h55, le Stade Rennais re\u00e7oit le Betis Seville au Roazhon Park pour le match aller des 16\u00e8mes de finale de l\u2019Europa League.","breadcrumb":{"@id":"https:\/\/dicodusport.fr\/blog\/europa-league-rennes-doit-foncer-sans-reflechir\/#breadcrumb"},"inLanguage":"fr-FR","potentialAction":[{"@type":"ReadAction","target":["https:\/\/dicodusport.fr\/blog\/europa-league-rennes-doit-foncer-sans-reflechir\/"]}]},{"@type":"ImageObject","inLanguage":"fr-FR","@id":"https:\/\/dicodusport.fr\/blog\/europa-league-rennes-doit-foncer-sans-reflechir\/#primaryimage","url":"https:\/\/dicodusport.fr\/blog\/wp-content\/uploads\/2019\/02\/Stade-Rennais-Europa-League.png","contentUrl":"https:\/\/dicodusport.fr\/blog\/wp-content\/uploads\/2019\/02\/Stade-Rennais-Europa-League.png","width":800,"height":445},{"@type":"BreadcrumbList","@id":"https:\/\/dicodusport.fr\/blog\/europa-league-rennes-doit-foncer-sans-reflechir\/#breadcrumb","itemListElement":[{"@type":"ListItem","position":1,"name":"Accueil","item":"https:\/\/dicodusport.fr\/blog\/"},{"@type":"ListItem","position":2,"name":"Europa League\u00a0: Rennes doit foncer sans r\u00e9fl\u00e9chir"}]},{"@type":"WebSite","@id":"https:\/\/dicodusport.fr\/blog\/#website","url":"https:\/\/dicodusport.fr\/blog\/","name":"Dicodusport","description":"L&#039;encyclop\u00e9die de l&#039;actualit\u00e9 sportive","publisher":{"@id":"https:\/\/dicodusport.fr\/blog\/#organization"},"potentialAction":[{"@type":"SearchAction","target":{"@type":"EntryPoint","urlTemplate":"https:\/\/dicodusport.fr\/blog\/?s={search_term_string}"},"query-input":{"@type":"PropertyValueSpecification","valueRequired":true,"valueName":"search_term_string"}}],"inLanguage":"fr-FR"},{"@type":"NewsMediaOrganization","@id":"https:\/\/dicodusport.fr\/blog\/#organization","name":"Dicodusport","url":"https:\/\/dicodusport.fr\/blog\/","logo":{"@type":"ImageObject","inLanguage":"fr-FR","@id":"https:\/\/dicodusport.fr\/blog\/#\/schema\/logo\/image\/","url":"https:\/\/dicodusport.fr\/blog\/wp-content\/uploads\/2020\/06\/cropped-LOGO-DICODUSPORT-2020-SANS-FOND-SANS-TEXTE.png","contentUrl":"https:\/\/dicodusport.fr\/blog\/wp-content\/uploads\/2020\/06\/cropped-LOGO-DICODUSPORT-2020-SANS-FOND-SANS-TEXTE.png","width":512,"height":512,"caption":"Dicodusport"},"image":{"@id":"https:\/\/dicodusport.fr\/blog\/#\/schema\/logo\/image\/"},"sameAs":["https:\/\/www.facebook.com\/dicodusport","https:\/\/x.com\/dicodusport","https:\/\/www.instagram.com\/dicodusport\/","https:\/\/www.youtube.com\/channel\/UC7V2KZ5sd3htJivAbA4ZG3w"],"description":"Dicodusport est l'encyclop\u00e9die de l'actualit\u00e9 sportive.","email":"bonjour@dicodusport.fr","legalName":"DICODUSPORT","foundingDate":"2018-01-14","vatID":"FR71834470973","taxID":"83447097300043","numberOfEmployees":{"@type":"QuantitativeValue","minValue":"1","maxValue":"10"}},{"@type":"Person","@id":"https:\/\/dicodusport.fr\/blog\/#\/schema\/person\/8c78730a59f8a1e617f7a19026ebc14a","name":"Romain Delanis","image":{"@type":"ImageObject","inLanguage":"fr-FR","@id":"https:\/\/dicodusport.fr\/blog\/#\/schema\/person\/image\/","url":"https:\/\/dicodusport.fr\/blog\/wp-content\/uploads\/2021\/05\/Romain-Delanis-150x150.jpg","contentUrl":"https:\/\/dicodusport.fr\/blog\/wp-content\/uploads\/2021\/05\/Romain-Delanis-150x150.jpg","caption":"Romain Delanis"},"description":"Journaliste\/R\u00e9dacteur depuis novembre 2015 - Capable de passer un samedi apr\u00e8s-midi devant la Ligue 2 puis le biathlon sans oublier la finale de l\u2019ATP Rotterdam, j\u2019aime aussi mettre mon r\u00e9veil pour me faire un Pistons\/Bulls qui rappelle de bons souvenirs. Tout cela, j\u2019ai choisi il y a maintenant quelques temps de vous le raconter avec Dicodusport, pour vous faire vivre ma passion parfois inconsid\u00e9r\u00e9e pour le sport en g\u00e9n\u00e9ral (mais surtout le foot faut se l\u2019avouer).","sameAs":["https:\/\/x.com\/https:\/\/twitter.com\/RDelanis"],"url":"https:\/\/dicodusport.fr\/blog\/author\/romain\/"}]}},"_links":{"self":[{"href":"https:\/\/dicodusport.fr\/blog\/wp-json\/wp\/v2\/posts\/33628","targetHints":{"allow":["GET"]}}],"collection":[{"href":"https:\/\/dicodusport.fr\/blog\/wp-json\/wp\/v2\/posts"}],"about":[{"href":"https:\/\/dicodusport.fr\/blog\/wp-json\/wp\/v2\/types\/post"}],"author":[{"embeddable":true,"href":"https:\/\/dicodusport.fr\/blog\/wp-json\/wp\/v2\/users\/14"}],"replies":[{"embeddable":true,"href":"https:\/\/dicodusport.fr\/blog\/wp-json\/wp\/v2\/comments?post=33628"}],"version-history":[{"count":0,"href":"https:\/\/dicodusport.fr\/blog\/wp-json\/wp\/v2\/posts\/33628\/revisions"}],"wp:featuredmedia":[{"embeddable":true,"href":"https:\/\/dicodusport.fr\/blog\/wp-json\/wp\/v2\/media\/33635"}],"wp:attachment":[{"href":"https:\/\/dicodusport.fr\/blog\/wp-json\/wp\/v2\/media?parent=33628"}],"wp:term":[{"taxonomy":"category","embeddable":true,"href":"https:\/\/dicodusport.fr\/blog\/wp-json\/wp\/v2\/categories?post=33628"},{"taxonomy":"post_tag","embeddable":true,"href":"https:\/\/dicodusport.fr\/blog\/wp-json\/wp\/v2\/tags?post=33628"}],"curies":[{"name":"wp","href":"https:\/\/api.w.org\/{rel}","templated":true}]}}