{"id":336366,"date":"2022-12-29T11:16:56","date_gmt":"2022-12-29T10:16:56","guid":{"rendered":"https:\/\/dicodusport.fr\/blog\/?p=336366&#038;preview=true&#038;preview_id=336366"},"modified":"2022-12-29T11:23:24","modified_gmt":"2022-12-29T10:23:24","slug":"toon-aerts-suspendu-deux-ans-pour-dopage","status":"publish","type":"post","link":"https:\/\/dicodusport.fr\/blog\/toon-aerts-suspendu-deux-ans-pour-dopage\/","title":{"rendered":"Cyclo-cross : Toon Aerts suspendu deux ans pour dopage"},"content":{"rendered":"<p align=\"justify\"><em><strong>CYCLO-CROSS &#8211; Le Belge Toon Aerts (Baloise Trek Lions) a \u00e9t\u00e9 suspendu deux ans par l&rsquo;UCI pour un test antidopage positif au l\u00e9trozole, le 19 janvier dernier.\u00a0<\/strong><\/em><\/p>\n<p align=\"justify\">Le coureur belge <strong>Toon Aerts<\/strong> \u00e9tait suspendu provisoirement depuis la r\u00e9v\u00e9lation de son test positif \u00e0 la mi-f\u00e9vrier. Le pensionnaire de l&rsquo;\u00e9quipe <b>Baloise Trek Lions<\/b> conna\u00eet maintenant sa sanction, une suspension de deux ans prononc\u00e9e par l&rsquo;<strong>Union Cycliste Internationale<\/strong>. Au moment de son contr\u00f4le positif au l\u00e9trozole, le Belge de 29 ans faisait partie des meilleurs sp\u00e9cialistes de cyclo-cross, avec notamment l&rsquo;\u00e9tape de <strong>Coupe<\/strong> <strong>du<\/strong> <strong>monde<\/strong> de <strong>Zonhoven<\/strong> remport\u00e9e la saison pass\u00e9e. <strong>Toon<\/strong> <strong>Aerts<\/strong> continue de clamer son innocence et fera appel de cette sanction. Sa d\u00e9fense se base sur le fait que la quantit\u00e9 retrouv\u00e9e est si faible, que cela ne peut \u00eatre du dopage intentionnel.<\/p>\n<blockquote class=\"twitter-tweet\">\n<p dir=\"ltr\" lang=\"fr\">Toon Aerts est suspendu 2 ans par l&rsquo;UCI apr\u00e8s un test positif au m\u00e9tabolite l\u00e9trozole le 19 janvier lors d&rsquo;un contr\u00f4le hors comp\u00e9tition. Le belge fera appel puisque la quantit\u00e9 est si faible pour que ce soit un dopage conscient d&rsquo;apr\u00e8s la d\u00e9fense. \u200d\u2696\ufe0f<a href=\"https:\/\/twitter.com\/hashtag\/cyclocross?src=hash&amp;ref_src=twsrc%5Etfw\">#cyclocross<\/a> <a href=\"https:\/\/twitter.com\/hashtag\/veldrijden?src=hash&amp;ref_src=twsrc%5Etfw\">#veldrijden<\/a> <a href=\"https:\/\/twitter.com\/hashtag\/cx?src=hash&amp;ref_src=twsrc%5Etfw\">#cx<\/a> <a href=\"https:\/\/t.co\/5YnFc5Xe4B\">pic.twitter.com\/5YnFc5Xe4B<\/a><\/p>\n<p>\u2014 Les Rois du Peloton (@LRoisDuPeloton) <a href=\"https:\/\/twitter.com\/LRoisDuPeloton\/status\/1608400916239233024?ref_src=twsrc%5Etfw\">December 29, 2022<\/a><\/p><\/blockquote>\n<p><script async src=\"https:\/\/platform.twitter.com\/widgets.js\" charset=\"utf-8\"><\/script><\/p>\n","protected":false},"excerpt":{"rendered":"<p>CYCLO-CROSS &#8211; Le Belge Toon Aerts (Baloise Trek Lions) a \u00e9t\u00e9 suspendu deux ans par l&rsquo;UCI pour un test antidopage positif au l\u00e9trozole, le 19 janvier dernier.\u00a0<\/p>\n","protected":false},"author":1,"featured_media":200724,"comment_status":"open","ping_status":"closed","sticky":false,"template":"","format":"standard","meta":{"_acf_changed":false,"_daextam_enable_autolinks":"","footnotes":""},"categories":[9611],"tags":[6666],"class_list":["post-336366","post","type-post","status-publish","format-standard","has-post-thumbnail","hentry","category-cyclo-cross","tag-cyclo-cross"],"acf":[],"yoast_head":"<!-- This site is optimized with the Yoast SEO Premium plugin v26.7 (Yoast SEO v26.7) - https:\/\/yoast.com\/wordpress\/plugins\/seo\/ -->\n<title>Cyclo-cross : Toon Aerts suspendu deux ans pour dopage<\/title>\n<meta name=\"description\" content=\"CYCLO-CROSS - Toon Aerts a \u00e9t\u00e9 suspendu deux ans par l&#039;UCI pour un test antidopage positif au l\u00e9trozole le 19 janvier dernier.\u00a0\" \/>\n<meta name=\"robots\" content=\"index, follow, max-snippet:-1, max-image-preview:large, max-video-preview:-1\" \/>\n<link rel=\"canonical\" href=\"https:\/\/dicodusport.fr\/blog\/toon-aerts-suspendu-deux-ans-pour-dopage\/\" \/>\n<meta property=\"og:locale\" content=\"fr_FR\" \/>\n<meta property=\"og:type\" content=\"article\" \/>\n<meta property=\"og:title\" content=\"Cyclo-cross : Toon Aerts suspendu deux ans pour dopage\" \/>\n<meta property=\"og:description\" content=\"CYCLO-CROSS - Toon Aerts a \u00e9t\u00e9 suspendu deux ans par l&#039;UCI pour un test antidopage positif au l\u00e9trozole le 19 janvier dernier.\u00a0\" \/>\n<meta property=\"og:url\" content=\"https:\/\/dicodusport.fr\/blog\/toon-aerts-suspendu-deux-ans-pour-dopage\/\" \/>\n<meta property=\"og:site_name\" content=\"Dicodusport\" \/>\n<meta property=\"article:publisher\" content=\"https:\/\/www.facebook.com\/dicodusport\" \/>\n<meta property=\"article:author\" content=\"https:\/\/www.facebook.com\/dicodusport\" \/>\n<meta property=\"article:published_time\" content=\"2022-12-29T10:16:56+00:00\" \/>\n<meta property=\"article:modified_time\" content=\"2022-12-29T10:23:24+00:00\" \/>\n<meta property=\"og:image\" content=\"https:\/\/dicodusport.fr\/blog\/wp-content\/uploads\/2022\/02\/Cyclo-cross-Toon-Aerts-contro\u0302le\u0301-positif.png\" \/>\n\t<meta property=\"og:image:width\" content=\"800\" \/>\n\t<meta property=\"og:image:height\" content=\"445\" \/>\n\t<meta property=\"og:image:type\" content=\"image\/png\" \/>\n<meta name=\"author\" content=\"Nicolas Jacquemard\" \/>\n<meta name=\"twitter:card\" content=\"summary_large_image\" \/>\n<meta name=\"twitter:title\" content=\"Cyclo-cross : Toon Aerts suspendu deux ans pour dopage\" \/>\n<meta name=\"twitter:creator\" content=\"@https:\/\/twitter.com\/Nico_Jacquemard\" \/>\n<meta name=\"twitter:site\" content=\"@dicodusport\" \/>\n<script type=\"application\/ld+json\" class=\"yoast-schema-graph\">{\"@context\":\"https:\/\/schema.org\",\"@graph\":[{\"@type\":\"NewsArticle\",\"@id\":\"https:\/\/dicodusport.fr\/blog\/toon-aerts-suspendu-deux-ans-pour-dopage\/#article\",\"isPartOf\":{\"@id\":\"https:\/\/dicodusport.fr\/blog\/toon-aerts-suspendu-deux-ans-pour-dopage\/\"},\"author\":{\"name\":\"Nicolas Jacquemard\",\"@id\":\"https:\/\/dicodusport.fr\/blog\/#\/schema\/person\/55dcb50ad410894e431ed812bbb70191\"},\"headline\":\"Cyclo-cross : Toon Aerts suspendu deux ans pour dopage\",\"datePublished\":\"2022-12-29T10:16:56+00:00\",\"dateModified\":\"2022-12-29T10:23:24+00:00\",\"mainEntityOfPage\":{\"@id\":\"https:\/\/dicodusport.fr\/blog\/toon-aerts-suspendu-deux-ans-pour-dopage\/\"},\"wordCount\":222,\"commentCount\":0,\"publisher\":{\"@id\":\"https:\/\/dicodusport.fr\/blog\/#organization\"},\"image\":{\"@id\":\"https:\/\/dicodusport.fr\/blog\/toon-aerts-suspendu-deux-ans-pour-dopage\/#primaryimage\"},\"thumbnailUrl\":\"https:\/\/dicodusport.fr\/blog\/wp-content\/uploads\/2022\/02\/Cyclo-cross-Toon-Aerts-contro\u0302le\u0301-positif.png\",\"keywords\":[\"Cyclo-cross\"],\"articleSection\":[\"Cyclo-cross\"],\"inLanguage\":\"fr-FR\",\"potentialAction\":[{\"@type\":\"CommentAction\",\"name\":\"Comment\",\"target\":[\"https:\/\/dicodusport.fr\/blog\/toon-aerts-suspendu-deux-ans-pour-dopage\/#respond\"]}],\"copyrightYear\":\"2022\",\"copyrightHolder\":{\"@id\":\"https:\/\/dicodusport.fr\/blog\/#organization\"}},{\"@type\":\"WebPage\",\"@id\":\"https:\/\/dicodusport.fr\/blog\/toon-aerts-suspendu-deux-ans-pour-dopage\/\",\"url\":\"https:\/\/dicodusport.fr\/blog\/toon-aerts-suspendu-deux-ans-pour-dopage\/\",\"name\":\"Cyclo-cross : Toon Aerts suspendu deux ans pour dopage\",\"isPartOf\":{\"@id\":\"https:\/\/dicodusport.fr\/blog\/#website\"},\"primaryImageOfPage\":{\"@id\":\"https:\/\/dicodusport.fr\/blog\/toon-aerts-suspendu-deux-ans-pour-dopage\/#primaryimage\"},\"image\":{\"@id\":\"https:\/\/dicodusport.fr\/blog\/toon-aerts-suspendu-deux-ans-pour-dopage\/#primaryimage\"},\"thumbnailUrl\":\"https:\/\/dicodusport.fr\/blog\/wp-content\/uploads\/2022\/02\/Cyclo-cross-Toon-Aerts-contro\u0302le\u0301-positif.png\",\"datePublished\":\"2022-12-29T10:16:56+00:00\",\"dateModified\":\"2022-12-29T10:23:24+00:00\",\"description\":\"CYCLO-CROSS - Toon Aerts a \u00e9t\u00e9 suspendu deux ans par l'UCI pour un test antidopage positif au l\u00e9trozole le 19 janvier dernier.\u00a0\",\"breadcrumb\":{\"@id\":\"https:\/\/dicodusport.fr\/blog\/toon-aerts-suspendu-deux-ans-pour-dopage\/#breadcrumb\"},\"inLanguage\":\"fr-FR\",\"potentialAction\":[{\"@type\":\"ReadAction\",\"target\":[\"https:\/\/dicodusport.fr\/blog\/toon-aerts-suspendu-deux-ans-pour-dopage\/\"]}]},{\"@type\":\"ImageObject\",\"inLanguage\":\"fr-FR\",\"@id\":\"https:\/\/dicodusport.fr\/blog\/toon-aerts-suspendu-deux-ans-pour-dopage\/#primaryimage\",\"url\":\"https:\/\/dicodusport.fr\/blog\/wp-content\/uploads\/2022\/02\/Cyclo-cross-Toon-Aerts-contro\u0302le\u0301-positif.png\",\"contentUrl\":\"https:\/\/dicodusport.fr\/blog\/wp-content\/uploads\/2022\/02\/Cyclo-cross-Toon-Aerts-contro\u0302le\u0301-positif.png\",\"width\":800,\"height\":445},{\"@type\":\"BreadcrumbList\",\"@id\":\"https:\/\/dicodusport.fr\/blog\/toon-aerts-suspendu-deux-ans-pour-dopage\/#breadcrumb\",\"itemListElement\":[{\"@type\":\"ListItem\",\"position\":1,\"name\":\"Accueil\",\"item\":\"https:\/\/dicodusport.fr\/blog\/\"},{\"@type\":\"ListItem\",\"position\":2,\"name\":\"Cyclo-cross : Toon Aerts suspendu deux ans pour dopage\"}]},{\"@type\":\"WebSite\",\"@id\":\"https:\/\/dicodusport.fr\/blog\/#website\",\"url\":\"https:\/\/dicodusport.fr\/blog\/\",\"name\":\"Dicodusport\",\"description\":\"L&#039;encyclop\u00e9die de l&#039;actualit\u00e9 sportive\",\"publisher\":{\"@id\":\"https:\/\/dicodusport.fr\/blog\/#organization\"},\"potentialAction\":[{\"@type\":\"SearchAction\",\"target\":{\"@type\":\"EntryPoint\",\"urlTemplate\":\"https:\/\/dicodusport.fr\/blog\/?s={search_term_string}\"},\"query-input\":{\"@type\":\"PropertyValueSpecification\",\"valueRequired\":true,\"valueName\":\"search_term_string\"}}],\"inLanguage\":\"fr-FR\"},{\"@type\":\"NewsMediaOrganization\",\"@id\":\"https:\/\/dicodusport.fr\/blog\/#organization\",\"name\":\"Dicodusport\",\"url\":\"https:\/\/dicodusport.fr\/blog\/\",\"logo\":{\"@type\":\"ImageObject\",\"inLanguage\":\"fr-FR\",\"@id\":\"https:\/\/dicodusport.fr\/blog\/#\/schema\/logo\/image\/\",\"url\":\"https:\/\/dicodusport.fr\/blog\/wp-content\/uploads\/2020\/06\/cropped-LOGO-DICODUSPORT-2020-SANS-FOND-SANS-TEXTE.png\",\"contentUrl\":\"https:\/\/dicodusport.fr\/blog\/wp-content\/uploads\/2020\/06\/cropped-LOGO-DICODUSPORT-2020-SANS-FOND-SANS-TEXTE.png\",\"width\":512,\"height\":512,\"caption\":\"Dicodusport\"},\"image\":{\"@id\":\"https:\/\/dicodusport.fr\/blog\/#\/schema\/logo\/image\/\"},\"sameAs\":[\"https:\/\/www.facebook.com\/dicodusport\",\"https:\/\/x.com\/dicodusport\",\"https:\/\/www.instagram.com\/dicodusport\/\",\"https:\/\/www.youtube.com\/channel\/UC7V2KZ5sd3htJivAbA4ZG3w\"],\"description\":\"Dicodusport est l'encyclop\u00e9die de l'actualit\u00e9 sportive.\",\"email\":\"bonjour@dicodusport.fr\",\"legalName\":\"DICODUSPORT\",\"foundingDate\":\"2018-01-14\",\"vatID\":\"FR71834470973\",\"taxID\":\"83447097300043\",\"numberOfEmployees\":{\"@type\":\"QuantitativeValue\",\"minValue\":\"1\",\"maxValue\":\"10\"}},{\"@type\":\"Person\",\"@id\":\"https:\/\/dicodusport.fr\/blog\/#\/schema\/person\/55dcb50ad410894e431ed812bbb70191\",\"name\":\"Nicolas Jacquemard\",\"image\":{\"@type\":\"ImageObject\",\"inLanguage\":\"fr-FR\",\"@id\":\"https:\/\/dicodusport.fr\/blog\/#\/schema\/person\/image\/\",\"url\":\"https:\/\/dicodusport.fr\/blog\/wp-content\/uploads\/2021\/05\/Nicolas-Jacquemard-150x150.jpeg\",\"contentUrl\":\"https:\/\/dicodusport.fr\/blog\/wp-content\/uploads\/2021\/05\/Nicolas-Jacquemard-150x150.jpeg\",\"caption\":\"Nicolas Jacquemard\"},\"description\":\"Passionn\u00e9 de sport et entrepreneur depuis mes 18 ans, la cr\u00e9ation de Dicodusport m'a sembl\u00e9 \u00e9vidente pour participer \u00e0 la m\u00e9diatisation d'un plus grand nombre de sports. Le chemin est long mais avec une \u00e9quipe des plus motiv\u00e9es et les Jeux Olympiques de Paris 2024 en point de mire, nous y arriverons ! Journaliste dans le monde du sport depuis plus de 5 ans, je traite aussi bien de football, de rugby, de biathlon que de cyclisme.\",\"sameAs\":[\"https:\/\/www.facebook.com\/dicodusport\",\"https:\/\/x.com\/https:\/\/twitter.com\/Nico_Jacquemard\"],\"url\":\"https:\/\/dicodusport.fr\/blog\/author\/dicodusport\/\"}]}<\/script>\n<!-- \/ Yoast SEO Premium plugin. -->","yoast_head_json":{"title":"Cyclo-cross : Toon Aerts suspendu deux ans pour dopage","description":"CYCLO-CROSS - Toon Aerts a \u00e9t\u00e9 suspendu deux ans par l'UCI pour un test antidopage positif au l\u00e9trozole le 19 janvier dernier.\u00a0","robots":{"index":"index","follow":"follow","max-snippet":"max-snippet:-1","max-image-preview":"max-image-preview:large","max-video-preview":"max-video-preview:-1"},"canonical":"https:\/\/dicodusport.fr\/blog\/toon-aerts-suspendu-deux-ans-pour-dopage\/","og_locale":"fr_FR","og_type":"article","og_title":"Cyclo-cross : Toon Aerts suspendu deux ans pour dopage","og_description":"CYCLO-CROSS - Toon Aerts a \u00e9t\u00e9 suspendu deux ans par l'UCI pour un test antidopage positif au l\u00e9trozole le 19 janvier dernier.\u00a0","og_url":"https:\/\/dicodusport.fr\/blog\/toon-aerts-suspendu-deux-ans-pour-dopage\/","og_site_name":"Dicodusport","article_publisher":"https:\/\/www.facebook.com\/dicodusport","article_author":"https:\/\/www.facebook.com\/dicodusport","article_published_time":"2022-12-29T10:16:56+00:00","article_modified_time":"2022-12-29T10:23:24+00:00","og_image":[{"width":800,"height":445,"url":"https:\/\/dicodusport.fr\/blog\/wp-content\/uploads\/2022\/02\/Cyclo-cross-Toon-Aerts-contro\u0302le\u0301-positif.png","type":"image\/png"}],"author":"Nicolas Jacquemard","twitter_card":"summary_large_image","twitter_title":"Cyclo-cross : Toon Aerts suspendu deux ans pour dopage","twitter_creator":"@https:\/\/twitter.com\/Nico_Jacquemard","twitter_site":"@dicodusport","schema":{"@context":"https:\/\/schema.org","@graph":[{"@type":"NewsArticle","@id":"https:\/\/dicodusport.fr\/blog\/toon-aerts-suspendu-deux-ans-pour-dopage\/#article","isPartOf":{"@id":"https:\/\/dicodusport.fr\/blog\/toon-aerts-suspendu-deux-ans-pour-dopage\/"},"author":{"name":"Nicolas Jacquemard","@id":"https:\/\/dicodusport.fr\/blog\/#\/schema\/person\/55dcb50ad410894e431ed812bbb70191"},"headline":"Cyclo-cross : Toon Aerts suspendu deux ans pour dopage","datePublished":"2022-12-29T10:16:56+00:00","dateModified":"2022-12-29T10:23:24+00:00","mainEntityOfPage":{"@id":"https:\/\/dicodusport.fr\/blog\/toon-aerts-suspendu-deux-ans-pour-dopage\/"},"wordCount":222,"commentCount":0,"publisher":{"@id":"https:\/\/dicodusport.fr\/blog\/#organization"},"image":{"@id":"https:\/\/dicodusport.fr\/blog\/toon-aerts-suspendu-deux-ans-pour-dopage\/#primaryimage"},"thumbnailUrl":"https:\/\/dicodusport.fr\/blog\/wp-content\/uploads\/2022\/02\/Cyclo-cross-Toon-Aerts-contro\u0302le\u0301-positif.png","keywords":["Cyclo-cross"],"articleSection":["Cyclo-cross"],"inLanguage":"fr-FR","potentialAction":[{"@type":"CommentAction","name":"Comment","target":["https:\/\/dicodusport.fr\/blog\/toon-aerts-suspendu-deux-ans-pour-dopage\/#respond"]}],"copyrightYear":"2022","copyrightHolder":{"@id":"https:\/\/dicodusport.fr\/blog\/#organization"}},{"@type":"WebPage","@id":"https:\/\/dicodusport.fr\/blog\/toon-aerts-suspendu-deux-ans-pour-dopage\/","url":"https:\/\/dicodusport.fr\/blog\/toon-aerts-suspendu-deux-ans-pour-dopage\/","name":"Cyclo-cross : Toon Aerts suspendu deux ans pour dopage","isPartOf":{"@id":"https:\/\/dicodusport.fr\/blog\/#website"},"primaryImageOfPage":{"@id":"https:\/\/dicodusport.fr\/blog\/toon-aerts-suspendu-deux-ans-pour-dopage\/#primaryimage"},"image":{"@id":"https:\/\/dicodusport.fr\/blog\/toon-aerts-suspendu-deux-ans-pour-dopage\/#primaryimage"},"thumbnailUrl":"https:\/\/dicodusport.fr\/blog\/wp-content\/uploads\/2022\/02\/Cyclo-cross-Toon-Aerts-contro\u0302le\u0301-positif.png","datePublished":"2022-12-29T10:16:56+00:00","dateModified":"2022-12-29T10:23:24+00:00","description":"CYCLO-CROSS - Toon Aerts a \u00e9t\u00e9 suspendu deux ans par l'UCI pour un test antidopage positif au l\u00e9trozole le 19 janvier dernier.\u00a0","breadcrumb":{"@id":"https:\/\/dicodusport.fr\/blog\/toon-aerts-suspendu-deux-ans-pour-dopage\/#breadcrumb"},"inLanguage":"fr-FR","potentialAction":[{"@type":"ReadAction","target":["https:\/\/dicodusport.fr\/blog\/toon-aerts-suspendu-deux-ans-pour-dopage\/"]}]},{"@type":"ImageObject","inLanguage":"fr-FR","@id":"https:\/\/dicodusport.fr\/blog\/toon-aerts-suspendu-deux-ans-pour-dopage\/#primaryimage","url":"https:\/\/dicodusport.fr\/blog\/wp-content\/uploads\/2022\/02\/Cyclo-cross-Toon-Aerts-contro\u0302le\u0301-positif.png","contentUrl":"https:\/\/dicodusport.fr\/blog\/wp-content\/uploads\/2022\/02\/Cyclo-cross-Toon-Aerts-contro\u0302le\u0301-positif.png","width":800,"height":445},{"@type":"BreadcrumbList","@id":"https:\/\/dicodusport.fr\/blog\/toon-aerts-suspendu-deux-ans-pour-dopage\/#breadcrumb","itemListElement":[{"@type":"ListItem","position":1,"name":"Accueil","item":"https:\/\/dicodusport.fr\/blog\/"},{"@type":"ListItem","position":2,"name":"Cyclo-cross : Toon Aerts suspendu deux ans pour dopage"}]},{"@type":"WebSite","@id":"https:\/\/dicodusport.fr\/blog\/#website","url":"https:\/\/dicodusport.fr\/blog\/","name":"Dicodusport","description":"L&#039;encyclop\u00e9die de l&#039;actualit\u00e9 sportive","publisher":{"@id":"https:\/\/dicodusport.fr\/blog\/#organization"},"potentialAction":[{"@type":"SearchAction","target":{"@type":"EntryPoint","urlTemplate":"https:\/\/dicodusport.fr\/blog\/?s={search_term_string}"},"query-input":{"@type":"PropertyValueSpecification","valueRequired":true,"valueName":"search_term_string"}}],"inLanguage":"fr-FR"},{"@type":"NewsMediaOrganization","@id":"https:\/\/dicodusport.fr\/blog\/#organization","name":"Dicodusport","url":"https:\/\/dicodusport.fr\/blog\/","logo":{"@type":"ImageObject","inLanguage":"fr-FR","@id":"https:\/\/dicodusport.fr\/blog\/#\/schema\/logo\/image\/","url":"https:\/\/dicodusport.fr\/blog\/wp-content\/uploads\/2020\/06\/cropped-LOGO-DICODUSPORT-2020-SANS-FOND-SANS-TEXTE.png","contentUrl":"https:\/\/dicodusport.fr\/blog\/wp-content\/uploads\/2020\/06\/cropped-LOGO-DICODUSPORT-2020-SANS-FOND-SANS-TEXTE.png","width":512,"height":512,"caption":"Dicodusport"},"image":{"@id":"https:\/\/dicodusport.fr\/blog\/#\/schema\/logo\/image\/"},"sameAs":["https:\/\/www.facebook.com\/dicodusport","https:\/\/x.com\/dicodusport","https:\/\/www.instagram.com\/dicodusport\/","https:\/\/www.youtube.com\/channel\/UC7V2KZ5sd3htJivAbA4ZG3w"],"description":"Dicodusport est l'encyclop\u00e9die de l'actualit\u00e9 sportive.","email":"bonjour@dicodusport.fr","legalName":"DICODUSPORT","foundingDate":"2018-01-14","vatID":"FR71834470973","taxID":"83447097300043","numberOfEmployees":{"@type":"QuantitativeValue","minValue":"1","maxValue":"10"}},{"@type":"Person","@id":"https:\/\/dicodusport.fr\/blog\/#\/schema\/person\/55dcb50ad410894e431ed812bbb70191","name":"Nicolas Jacquemard","image":{"@type":"ImageObject","inLanguage":"fr-FR","@id":"https:\/\/dicodusport.fr\/blog\/#\/schema\/person\/image\/","url":"https:\/\/dicodusport.fr\/blog\/wp-content\/uploads\/2021\/05\/Nicolas-Jacquemard-150x150.jpeg","contentUrl":"https:\/\/dicodusport.fr\/blog\/wp-content\/uploads\/2021\/05\/Nicolas-Jacquemard-150x150.jpeg","caption":"Nicolas Jacquemard"},"description":"Passionn\u00e9 de sport et entrepreneur depuis mes 18 ans, la cr\u00e9ation de Dicodusport m'a sembl\u00e9 \u00e9vidente pour participer \u00e0 la m\u00e9diatisation d'un plus grand nombre de sports. Le chemin est long mais avec une \u00e9quipe des plus motiv\u00e9es et les Jeux Olympiques de Paris 2024 en point de mire, nous y arriverons ! Journaliste dans le monde du sport depuis plus de 5 ans, je traite aussi bien de football, de rugby, de biathlon que de cyclisme.","sameAs":["https:\/\/www.facebook.com\/dicodusport","https:\/\/x.com\/https:\/\/twitter.com\/Nico_Jacquemard"],"url":"https:\/\/dicodusport.fr\/blog\/author\/dicodusport\/"}]}},"_links":{"self":[{"href":"https:\/\/dicodusport.fr\/blog\/wp-json\/wp\/v2\/posts\/336366","targetHints":{"allow":["GET"]}}],"collection":[{"href":"https:\/\/dicodusport.fr\/blog\/wp-json\/wp\/v2\/posts"}],"about":[{"href":"https:\/\/dicodusport.fr\/blog\/wp-json\/wp\/v2\/types\/post"}],"author":[{"embeddable":true,"href":"https:\/\/dicodusport.fr\/blog\/wp-json\/wp\/v2\/users\/1"}],"replies":[{"embeddable":true,"href":"https:\/\/dicodusport.fr\/blog\/wp-json\/wp\/v2\/comments?post=336366"}],"version-history":[{"count":0,"href":"https:\/\/dicodusport.fr\/blog\/wp-json\/wp\/v2\/posts\/336366\/revisions"}],"wp:featuredmedia":[{"embeddable":true,"href":"https:\/\/dicodusport.fr\/blog\/wp-json\/wp\/v2\/media\/200724"}],"wp:attachment":[{"href":"https:\/\/dicodusport.fr\/blog\/wp-json\/wp\/v2\/media?parent=336366"}],"wp:term":[{"taxonomy":"category","embeddable":true,"href":"https:\/\/dicodusport.fr\/blog\/wp-json\/wp\/v2\/categories?post=336366"},{"taxonomy":"post_tag","embeddable":true,"href":"https:\/\/dicodusport.fr\/blog\/wp-json\/wp\/v2\/tags?post=336366"}],"curies":[{"name":"wp","href":"https:\/\/api.w.org\/{rel}","templated":true}]}}