{"id":33672,"date":"2019-02-15T10:18:28","date_gmt":"2019-02-15T09:18:28","guid":{"rendered":"http:\/\/dicodusport.fr\/blog\/?p=33672"},"modified":"2019-02-15T10:18:28","modified_gmt":"2019-02-15T09:18:28","slug":"europa-league-les-favoris-au-rendez-vous","status":"publish","type":"post","link":"https:\/\/dicodusport.fr\/blog\/europa-league-les-favoris-au-rendez-vous\/","title":{"rendered":"Europa League : les favoris au rendez-vous"},"content":{"rendered":"<p style=\"text-align: justify;\"><em><strong>Retour sur les principaux r\u00e9sultats de la premi\u00e8re manche de ces seizi\u00e8mes de finale de la Ligue Europa.<\/strong><\/em><\/p>\n<p style=\"text-align: justify;\">Les Rennais y ont cru longtemps, mais malheureusement, ils devront se contenter d\u2019un match nul (3-3) face aux joueurs Espagnols du Betis S\u00e9ville. Un r\u00e9sultat qui compromet fortement les chances de qualification des Bretons pour le tour suivant. Malgr\u00e9 une entame de rencontre impressionnante qui leur a permis de faire rapidement le break (2-0 apr\u00e8s seulement 10 minutes de jeu), les Rennais ont \u00e9t\u00e9 malmen\u00e9s dans le jeu au cours d\u2019une rencontre o\u00f9 ils n\u2019ont pas franchi la barre des 30% de possession de balle. Rien d\u2019\u00e9tonnant d\u00e8s lors de voir les joueurs espagnols r\u00e9duire l\u2019\u00e9cart par l\u2019ancien Parisien Lo Celso \u00e0 la demi-heure de jeu.<\/p>\n<p style=\"text-align: justify;\">Rennes, tout heureux de rentrer aux vestiaires avec un avantage de deux buts suite \u00e0 un p\u00e9nalty transform\u00e9 par Ben Arfa juste avant la mi-temps, a vu les joueurs espagnols confirmer leur domination en seconde p\u00e9riode. Une domination qui fut concr\u00e9tis\u00e9e par une nouvelle r\u00e9duction du score \u00e0 l\u2019heure de jeu, avant d\u2019\u00e9galiser dans les toutes derni\u00e8res minutes par Diego Lainez, auteur d\u2019une entr\u00e9e en jeu fracassante. Un r\u00e9sultat nul qui oblige quasiment les joueurs de Julien St\u00e9phan \u00e0 r\u00e9aliser un v\u00e9ritable exploit en devant s\u2019imposer sur la pelouse du Betis au match retour.<\/p>\n<p><span class=\"uXFi27s\"><\/p>\n<blockquote class=\"twitter-tweet\" data-width=\"550\" data-dnt=\"true\">\n<p lang=\"en\" dir=\"ltr\">[<a href=\"https:\/\/twitter.com\/EuropaLeague?ref_src=twsrc%5Etfw\">@EuropaLeague<\/a>] <\/p>\n<p>\u2694 <a href=\"https:\/\/twitter.com\/hashtag\/SRFCRealBetis?src=hash&amp;ref_src=twsrc%5Etfw\">#SRFCRealBetis<\/a> round 1 \u2694 Score final 3-3 ! Buts rennais inscrits par Adrien Hunou, Javi Garcia (csc) et Hatem Ben Arfa !<br \/>&#8212;<a href=\"https:\/\/twitter.com\/hashtag\/SRFCRealBetis?src=hash&amp;ref_src=twsrc%5Etfw\">#SRFCRealBetis<\/a> &#8211; <a href=\"https:\/\/twitter.com\/hashtag\/AllezRennes?src=hash&amp;ref_src=twsrc%5Etfw\">#AllezRennes<\/a> &#8211; <a href=\"https:\/\/twitter.com\/hashtag\/ToutDonner?src=hash&amp;ref_src=twsrc%5Etfw\">#ToutDonner<\/a> \u270a\ud83d\udd34\u26ab <a href=\"https:\/\/t.co\/XSEMCOuBNe\">pic.twitter.com\/XSEMCOuBNe<\/a><\/p>\n<p>&mdash; Stade Rennais F.C. (@staderennais) <a href=\"https:\/\/twitter.com\/staderennais\/status\/1096135323871035392?ref_src=twsrc%5Etfw\">February 14, 2019<\/a><\/p><\/blockquote>\n<p><script async src=\"https:\/\/platform.twitter.com\/widgets.js\" charset=\"utf-8\"><\/script><\/span><\/p>\n<p style=\"text-align: justify;\">La belle soir\u00e9e des S\u00e9villans s\u2019est confirm\u00e9e avec la victoire du FC S\u00e9ville sur la pelouse de la Lazio (0-1) gr\u00e2ce \u00e0 une r\u00e9alisation de Wissam Ben Yedder. Autre Fran\u00e7ais en forme sur la sc\u00e8ne europ\u00e9enne, c\u2019est Olivier Giroud qui a donn\u00e9 la victoire aux Blues de Chelsea sur la pelouse de Malm\u00f6 (1-2).<\/p>\n<p><span class=\"c6IzEOZQAmeGoNYLbVTjD2J0PahiWtvKuR3lwCs8Bd7M5r9kHxg1\"><\/p>\n<blockquote class=\"twitter-tweet\" data-width=\"550\" data-dnt=\"true\">\n<p lang=\"en\" dir=\"ltr\">Olivier Giroud in the <a href=\"https:\/\/twitter.com\/hashtag\/UEL?src=hash&amp;ref_src=twsrc%5Etfw\">#UEL<\/a> this season \ud83d\udd25\ud83d\udd25\ud83d\udd25<\/p>\n<p>\u26bd\ufe0f 5 goals <br \/>\ud83d\udc55 6 games <a href=\"https:\/\/t.co\/GoVrYc1kZW\">pic.twitter.com\/GoVrYc1kZW<\/a><\/p>\n<p>&mdash; UEFA Europa League (@EuropaLeague) <a href=\"https:\/\/twitter.com\/EuropaLeague\/status\/1096159001899880448?ref_src=twsrc%5Etfw\">February 14, 2019<\/a><\/p><\/blockquote>\n<p><script async src=\"https:\/\/platform.twitter.com\/widgets.js\" charset=\"utf-8\"><\/script><\/span><\/p>\n<p style=\"text-align: justify;\">En revanche, il va falloir rapidement oublier cette soir\u00e9e europ\u00e9enne pour les joueurs d\u2019Arsenal, et Alexandre Lacazette. Battus sur la pelouse du Bate Borisov (1-0), les joueurs d\u2019Unai Emery se mettent en danger avant la rencontre retour chez eux. Celle-ci se d\u00e9roulera sans leur attaquant tricolore, Alexandre Lacazette, expuls\u00e9 en fin de rencontre pour un mauvais coup de coude.<\/p>\n<p style=\"text-align: justify;\">Chez les autres pr\u00e9tendants \u00e0 la victoire finale en Europa Ligue, on retiendra la pr\u00e9cieuse victoire (0-1) de l\u2019Inter sur la pelouse du Rapid de Vienne, celle de Valence au Celtic Glasgow (0-2), celle de Villarreal au Sporting Portugal (0-1) ou encore celle de Naples sur la pelouse du FC Zurich (1-3).<\/p>\n<p><span class=\"E9bQhUVFZpYLudwoK1kW8ta6crMjXyleBG4mSfxzn\"><\/p>\n<blockquote class=\"twitter-tweet\" data-width=\"550\" data-dnt=\"true\">\n<p lang=\"en\" dir=\"ltr\">\ud83d\udea8 RESULTS \ud83d\udea8<\/p>\n<p>\ud83d\ude06 Goals<br \/>\ud83d\udc40 Drama<br \/>\ud83d\udc4f Comebacks<br \/>\ud83d\ude2e Shocks<\/p>\n<p>Performance of the night? \ud83e\udd14<a href=\"https:\/\/twitter.com\/hashtag\/UEL?src=hash&amp;ref_src=twsrc%5Etfw\">#UEL<\/a> <a href=\"https:\/\/t.co\/8RarF0DPVz\">pic.twitter.com\/8RarF0DPVz<\/a><\/p>\n<p>&mdash; UEFA Europa League (@EuropaLeague) <a href=\"https:\/\/twitter.com\/EuropaLeague\/status\/1096166566029393922?ref_src=twsrc%5Etfw\">February 14, 2019<\/a><\/p><\/blockquote>\n<p><script async src=\"https:\/\/platform.twitter.com\/widgets.js\" charset=\"utf-8\"><\/script><\/span><\/p>\n<p><strong><em>Bastien Pitte<br \/>\n<a href=\"https:\/\/www.facebook.com\/bastien.pitte\" target=\"_blank\" rel=\"noopener\"><img loading=\"lazy\" decoding=\"async\" class=\"alignnone wp-image-2909\" src=\"http:\/\/dicodusport.fr\/blog\/wp-content\/uploads\/2017\/07\/logo-facebook-150x150.png\" alt=\"\" width=\"39\" height=\"39\" \/><\/a><\/em><\/strong><a href=\"https:\/\/www.linkedin.com\/in\/bastien-pitte\" target=\"_blank\" rel=\"noopener\"><img loading=\"lazy\" decoding=\"async\" class=\"alignnone wp-image-3711\" src=\"http:\/\/dicodusport.fr\/blog\/wp-content\/uploads\/2017\/08\/signature-linkedin-150x150.png\" alt=\"\" width=\"39\" height=\"39\" srcset=\"https:\/\/dicodusport.fr\/blog\/wp-content\/uploads\/2017\/08\/signature-linkedin-150x150.png 150w, https:\/\/dicodusport.fr\/blog\/wp-content\/uploads\/2017\/08\/signature-linkedin.png 295w\" sizes=\"auto, (max-width: 39px) 100vw, 39px\" \/><\/a><\/p>\n","protected":false},"excerpt":{"rendered":"<p>Retour sur les principaux r\u00e9sultats de la premi\u00e8re manche de ces seizi\u00e8mes de finale de la Ligue Europa, disput\u00e9s hier soir.<\/p>\n","protected":false},"author":28,"featured_media":33678,"comment_status":"open","ping_status":"closed","sticky":false,"template":"","format":"standard","meta":{"_acf_changed":false,"_daextam_enable_autolinks":"","footnotes":""},"categories":[2,2301],"tags":[3434,7261,2760,75,2394,4437,1840],"class_list":["post-33672","post","type-post","status-publish","format-standard","has-post-thumbnail","hentry","category-actualites","category-football","tag-arsenal","tag-betis-seville","tag-chelsea","tag-football","tag-giroud","tag-ligue-europa","tag-rennes"],"acf":[],"yoast_head":"<!-- This site is optimized with the Yoast SEO Premium plugin v26.7 (Yoast SEO v26.7) - https:\/\/yoast.com\/wordpress\/plugins\/seo\/ -->\n<title>Europa League : les favoris au rendez-vous<\/title>\n<meta name=\"description\" content=\"Retour sur les principaux r\u00e9sultats de la premi\u00e8re manche de ces seizi\u00e8mes de finale de la Ligue Europa, disput\u00e9s hier soir.\" \/>\n<meta name=\"robots\" content=\"index, follow, max-snippet:-1, max-image-preview:large, max-video-preview:-1\" \/>\n<link rel=\"canonical\" href=\"https:\/\/dicodusport.fr\/blog\/europa-league-les-favoris-au-rendez-vous\/\" \/>\n<meta property=\"og:locale\" content=\"fr_FR\" \/>\n<meta property=\"og:type\" content=\"article\" \/>\n<meta property=\"og:title\" content=\"Europa League : les favoris au rendez-vous\" \/>\n<meta property=\"og:description\" content=\"Retour sur les principaux r\u00e9sultats de la premi\u00e8re manche de ces seizi\u00e8mes de finale de la Ligue Europa, disput\u00e9s hier soir.\" \/>\n<meta property=\"og:url\" content=\"https:\/\/dicodusport.fr\/blog\/europa-league-les-favoris-au-rendez-vous\/\" \/>\n<meta property=\"og:site_name\" content=\"Dicodusport\" \/>\n<meta property=\"article:publisher\" content=\"https:\/\/www.facebook.com\/dicodusport\" \/>\n<meta property=\"article:published_time\" content=\"2019-02-15T09:18:28+00:00\" \/>\n<meta property=\"og:image\" content=\"https:\/\/dicodusport.fr\/blog\/wp-content\/uploads\/2019\/02\/Ligue-Europa-huiti\u00e8mes-de-finale-aller.png\" \/>\n\t<meta property=\"og:image:width\" content=\"800\" \/>\n\t<meta property=\"og:image:height\" content=\"445\" \/>\n\t<meta property=\"og:image:type\" content=\"image\/png\" \/>\n<meta name=\"author\" content=\"Bastien Pitte\" \/>\n<meta name=\"twitter:card\" content=\"summary_large_image\" \/>\n<meta name=\"twitter:creator\" content=\"@dicodusport\" \/>\n<meta name=\"twitter:site\" content=\"@dicodusport\" \/>\n<script type=\"application\/ld+json\" class=\"yoast-schema-graph\">{\"@context\":\"https:\/\/schema.org\",\"@graph\":[{\"@type\":\"NewsArticle\",\"@id\":\"https:\/\/dicodusport.fr\/blog\/europa-league-les-favoris-au-rendez-vous\/#article\",\"isPartOf\":{\"@id\":\"https:\/\/dicodusport.fr\/blog\/europa-league-les-favoris-au-rendez-vous\/\"},\"author\":{\"name\":\"Bastien Pitte\",\"@id\":\"https:\/\/dicodusport.fr\/blog\/#\/schema\/person\/0d3ca824646a2d0c77bdd7e45230c071\"},\"headline\":\"Europa League : les favoris au rendez-vous\",\"datePublished\":\"2019-02-15T09:18:28+00:00\",\"mainEntityOfPage\":{\"@id\":\"https:\/\/dicodusport.fr\/blog\/europa-league-les-favoris-au-rendez-vous\/\"},\"wordCount\":453,\"commentCount\":0,\"publisher\":{\"@id\":\"https:\/\/dicodusport.fr\/blog\/#organization\"},\"image\":{\"@id\":\"https:\/\/dicodusport.fr\/blog\/europa-league-les-favoris-au-rendez-vous\/#primaryimage\"},\"thumbnailUrl\":\"https:\/\/dicodusport.fr\/blog\/wp-content\/uploads\/2019\/02\/Ligue-Europa-huiti\u00e8mes-de-finale-aller.png\",\"keywords\":[\"Arsenal\",\"Betis Seville\",\"Chelsea\",\"Football\",\"giroud\",\"Ligue Europa\",\"Rennes\"],\"articleSection\":[\"Actualit\u00e9s\",\"Football\"],\"inLanguage\":\"fr-FR\",\"potentialAction\":[{\"@type\":\"CommentAction\",\"name\":\"Comment\",\"target\":[\"https:\/\/dicodusport.fr\/blog\/europa-league-les-favoris-au-rendez-vous\/#respond\"]}],\"copyrightYear\":\"2019\",\"copyrightHolder\":{\"@id\":\"https:\/\/dicodusport.fr\/blog\/#organization\"}},{\"@type\":\"WebPage\",\"@id\":\"https:\/\/dicodusport.fr\/blog\/europa-league-les-favoris-au-rendez-vous\/\",\"url\":\"https:\/\/dicodusport.fr\/blog\/europa-league-les-favoris-au-rendez-vous\/\",\"name\":\"Europa League : les favoris au rendez-vous\",\"isPartOf\":{\"@id\":\"https:\/\/dicodusport.fr\/blog\/#website\"},\"primaryImageOfPage\":{\"@id\":\"https:\/\/dicodusport.fr\/blog\/europa-league-les-favoris-au-rendez-vous\/#primaryimage\"},\"image\":{\"@id\":\"https:\/\/dicodusport.fr\/blog\/europa-league-les-favoris-au-rendez-vous\/#primaryimage\"},\"thumbnailUrl\":\"https:\/\/dicodusport.fr\/blog\/wp-content\/uploads\/2019\/02\/Ligue-Europa-huiti\u00e8mes-de-finale-aller.png\",\"datePublished\":\"2019-02-15T09:18:28+00:00\",\"description\":\"Retour sur les principaux r\u00e9sultats de la premi\u00e8re manche de ces seizi\u00e8mes de finale de la Ligue Europa, disput\u00e9s hier soir.\",\"breadcrumb\":{\"@id\":\"https:\/\/dicodusport.fr\/blog\/europa-league-les-favoris-au-rendez-vous\/#breadcrumb\"},\"inLanguage\":\"fr-FR\",\"potentialAction\":[{\"@type\":\"ReadAction\",\"target\":[\"https:\/\/dicodusport.fr\/blog\/europa-league-les-favoris-au-rendez-vous\/\"]}]},{\"@type\":\"ImageObject\",\"inLanguage\":\"fr-FR\",\"@id\":\"https:\/\/dicodusport.fr\/blog\/europa-league-les-favoris-au-rendez-vous\/#primaryimage\",\"url\":\"https:\/\/dicodusport.fr\/blog\/wp-content\/uploads\/2019\/02\/Ligue-Europa-huiti\u00e8mes-de-finale-aller.png\",\"contentUrl\":\"https:\/\/dicodusport.fr\/blog\/wp-content\/uploads\/2019\/02\/Ligue-Europa-huiti\u00e8mes-de-finale-aller.png\",\"width\":800,\"height\":445},{\"@type\":\"BreadcrumbList\",\"@id\":\"https:\/\/dicodusport.fr\/blog\/europa-league-les-favoris-au-rendez-vous\/#breadcrumb\",\"itemListElement\":[{\"@type\":\"ListItem\",\"position\":1,\"name\":\"Accueil\",\"item\":\"https:\/\/dicodusport.fr\/blog\/\"},{\"@type\":\"ListItem\",\"position\":2,\"name\":\"Europa League : les favoris au rendez-vous\"}]},{\"@type\":\"WebSite\",\"@id\":\"https:\/\/dicodusport.fr\/blog\/#website\",\"url\":\"https:\/\/dicodusport.fr\/blog\/\",\"name\":\"Dicodusport\",\"description\":\"L&#039;encyclop\u00e9die de l&#039;actualit\u00e9 sportive\",\"publisher\":{\"@id\":\"https:\/\/dicodusport.fr\/blog\/#organization\"},\"potentialAction\":[{\"@type\":\"SearchAction\",\"target\":{\"@type\":\"EntryPoint\",\"urlTemplate\":\"https:\/\/dicodusport.fr\/blog\/?s={search_term_string}\"},\"query-input\":{\"@type\":\"PropertyValueSpecification\",\"valueRequired\":true,\"valueName\":\"search_term_string\"}}],\"inLanguage\":\"fr-FR\"},{\"@type\":\"NewsMediaOrganization\",\"@id\":\"https:\/\/dicodusport.fr\/blog\/#organization\",\"name\":\"Dicodusport\",\"url\":\"https:\/\/dicodusport.fr\/blog\/\",\"logo\":{\"@type\":\"ImageObject\",\"inLanguage\":\"fr-FR\",\"@id\":\"https:\/\/dicodusport.fr\/blog\/#\/schema\/logo\/image\/\",\"url\":\"https:\/\/dicodusport.fr\/blog\/wp-content\/uploads\/2020\/06\/cropped-LOGO-DICODUSPORT-2020-SANS-FOND-SANS-TEXTE.png\",\"contentUrl\":\"https:\/\/dicodusport.fr\/blog\/wp-content\/uploads\/2020\/06\/cropped-LOGO-DICODUSPORT-2020-SANS-FOND-SANS-TEXTE.png\",\"width\":512,\"height\":512,\"caption\":\"Dicodusport\"},\"image\":{\"@id\":\"https:\/\/dicodusport.fr\/blog\/#\/schema\/logo\/image\/\"},\"sameAs\":[\"https:\/\/www.facebook.com\/dicodusport\",\"https:\/\/x.com\/dicodusport\",\"https:\/\/www.instagram.com\/dicodusport\/\",\"https:\/\/www.youtube.com\/channel\/UC7V2KZ5sd3htJivAbA4ZG3w\"],\"description\":\"Dicodusport est l'encyclop\u00e9die de l'actualit\u00e9 sportive.\",\"email\":\"bonjour@dicodusport.fr\",\"legalName\":\"DICODUSPORT\",\"foundingDate\":\"2018-01-14\",\"vatID\":\"FR71834470973\",\"taxID\":\"83447097300043\",\"numberOfEmployees\":{\"@type\":\"QuantitativeValue\",\"minValue\":\"1\",\"maxValue\":\"10\"}},{\"@type\":\"Person\",\"@id\":\"https:\/\/dicodusport.fr\/blog\/#\/schema\/person\/0d3ca824646a2d0c77bdd7e45230c071\",\"name\":\"Bastien Pitte\",\"image\":{\"@type\":\"ImageObject\",\"inLanguage\":\"fr-FR\",\"@id\":\"https:\/\/dicodusport.fr\/blog\/#\/schema\/person\/image\/\",\"url\":\"https:\/\/dicodusport.fr\/blog\/wp-content\/uploads\/2020\/06\/cropped-LOGO-DICODUSPORT-2020-SANS-FOND-SANS-TEXTE-150x150.png\",\"contentUrl\":\"https:\/\/dicodusport.fr\/blog\/wp-content\/uploads\/2020\/06\/cropped-LOGO-DICODUSPORT-2020-SANS-FOND-SANS-TEXTE-150x150.png\",\"caption\":\"Bastien Pitte\"},\"url\":\"https:\/\/dicodusport.fr\/blog\/author\/bastien\/\"}]}<\/script>\n<!-- \/ Yoast SEO Premium plugin. -->","yoast_head_json":{"title":"Europa League : les favoris au rendez-vous","description":"Retour sur les principaux r\u00e9sultats de la premi\u00e8re manche de ces seizi\u00e8mes de finale de la Ligue Europa, disput\u00e9s hier soir.","robots":{"index":"index","follow":"follow","max-snippet":"max-snippet:-1","max-image-preview":"max-image-preview:large","max-video-preview":"max-video-preview:-1"},"canonical":"https:\/\/dicodusport.fr\/blog\/europa-league-les-favoris-au-rendez-vous\/","og_locale":"fr_FR","og_type":"article","og_title":"Europa League : les favoris au rendez-vous","og_description":"Retour sur les principaux r\u00e9sultats de la premi\u00e8re manche de ces seizi\u00e8mes de finale de la Ligue Europa, disput\u00e9s hier soir.","og_url":"https:\/\/dicodusport.fr\/blog\/europa-league-les-favoris-au-rendez-vous\/","og_site_name":"Dicodusport","article_publisher":"https:\/\/www.facebook.com\/dicodusport","article_published_time":"2019-02-15T09:18:28+00:00","og_image":[{"width":800,"height":445,"url":"https:\/\/dicodusport.fr\/blog\/wp-content\/uploads\/2019\/02\/Ligue-Europa-huiti\u00e8mes-de-finale-aller.png","type":"image\/png"}],"author":"Bastien Pitte","twitter_card":"summary_large_image","twitter_creator":"@dicodusport","twitter_site":"@dicodusport","schema":{"@context":"https:\/\/schema.org","@graph":[{"@type":"NewsArticle","@id":"https:\/\/dicodusport.fr\/blog\/europa-league-les-favoris-au-rendez-vous\/#article","isPartOf":{"@id":"https:\/\/dicodusport.fr\/blog\/europa-league-les-favoris-au-rendez-vous\/"},"author":{"name":"Bastien Pitte","@id":"https:\/\/dicodusport.fr\/blog\/#\/schema\/person\/0d3ca824646a2d0c77bdd7e45230c071"},"headline":"Europa League : les favoris au rendez-vous","datePublished":"2019-02-15T09:18:28+00:00","mainEntityOfPage":{"@id":"https:\/\/dicodusport.fr\/blog\/europa-league-les-favoris-au-rendez-vous\/"},"wordCount":453,"commentCount":0,"publisher":{"@id":"https:\/\/dicodusport.fr\/blog\/#organization"},"image":{"@id":"https:\/\/dicodusport.fr\/blog\/europa-league-les-favoris-au-rendez-vous\/#primaryimage"},"thumbnailUrl":"https:\/\/dicodusport.fr\/blog\/wp-content\/uploads\/2019\/02\/Ligue-Europa-huiti\u00e8mes-de-finale-aller.png","keywords":["Arsenal","Betis Seville","Chelsea","Football","giroud","Ligue Europa","Rennes"],"articleSection":["Actualit\u00e9s","Football"],"inLanguage":"fr-FR","potentialAction":[{"@type":"CommentAction","name":"Comment","target":["https:\/\/dicodusport.fr\/blog\/europa-league-les-favoris-au-rendez-vous\/#respond"]}],"copyrightYear":"2019","copyrightHolder":{"@id":"https:\/\/dicodusport.fr\/blog\/#organization"}},{"@type":"WebPage","@id":"https:\/\/dicodusport.fr\/blog\/europa-league-les-favoris-au-rendez-vous\/","url":"https:\/\/dicodusport.fr\/blog\/europa-league-les-favoris-au-rendez-vous\/","name":"Europa League : les favoris au rendez-vous","isPartOf":{"@id":"https:\/\/dicodusport.fr\/blog\/#website"},"primaryImageOfPage":{"@id":"https:\/\/dicodusport.fr\/blog\/europa-league-les-favoris-au-rendez-vous\/#primaryimage"},"image":{"@id":"https:\/\/dicodusport.fr\/blog\/europa-league-les-favoris-au-rendez-vous\/#primaryimage"},"thumbnailUrl":"https:\/\/dicodusport.fr\/blog\/wp-content\/uploads\/2019\/02\/Ligue-Europa-huiti\u00e8mes-de-finale-aller.png","datePublished":"2019-02-15T09:18:28+00:00","description":"Retour sur les principaux r\u00e9sultats de la premi\u00e8re manche de ces seizi\u00e8mes de finale de la Ligue Europa, disput\u00e9s hier soir.","breadcrumb":{"@id":"https:\/\/dicodusport.fr\/blog\/europa-league-les-favoris-au-rendez-vous\/#breadcrumb"},"inLanguage":"fr-FR","potentialAction":[{"@type":"ReadAction","target":["https:\/\/dicodusport.fr\/blog\/europa-league-les-favoris-au-rendez-vous\/"]}]},{"@type":"ImageObject","inLanguage":"fr-FR","@id":"https:\/\/dicodusport.fr\/blog\/europa-league-les-favoris-au-rendez-vous\/#primaryimage","url":"https:\/\/dicodusport.fr\/blog\/wp-content\/uploads\/2019\/02\/Ligue-Europa-huiti\u00e8mes-de-finale-aller.png","contentUrl":"https:\/\/dicodusport.fr\/blog\/wp-content\/uploads\/2019\/02\/Ligue-Europa-huiti\u00e8mes-de-finale-aller.png","width":800,"height":445},{"@type":"BreadcrumbList","@id":"https:\/\/dicodusport.fr\/blog\/europa-league-les-favoris-au-rendez-vous\/#breadcrumb","itemListElement":[{"@type":"ListItem","position":1,"name":"Accueil","item":"https:\/\/dicodusport.fr\/blog\/"},{"@type":"ListItem","position":2,"name":"Europa League : les favoris au rendez-vous"}]},{"@type":"WebSite","@id":"https:\/\/dicodusport.fr\/blog\/#website","url":"https:\/\/dicodusport.fr\/blog\/","name":"Dicodusport","description":"L&#039;encyclop\u00e9die de l&#039;actualit\u00e9 sportive","publisher":{"@id":"https:\/\/dicodusport.fr\/blog\/#organization"},"potentialAction":[{"@type":"SearchAction","target":{"@type":"EntryPoint","urlTemplate":"https:\/\/dicodusport.fr\/blog\/?s={search_term_string}"},"query-input":{"@type":"PropertyValueSpecification","valueRequired":true,"valueName":"search_term_string"}}],"inLanguage":"fr-FR"},{"@type":"NewsMediaOrganization","@id":"https:\/\/dicodusport.fr\/blog\/#organization","name":"Dicodusport","url":"https:\/\/dicodusport.fr\/blog\/","logo":{"@type":"ImageObject","inLanguage":"fr-FR","@id":"https:\/\/dicodusport.fr\/blog\/#\/schema\/logo\/image\/","url":"https:\/\/dicodusport.fr\/blog\/wp-content\/uploads\/2020\/06\/cropped-LOGO-DICODUSPORT-2020-SANS-FOND-SANS-TEXTE.png","contentUrl":"https:\/\/dicodusport.fr\/blog\/wp-content\/uploads\/2020\/06\/cropped-LOGO-DICODUSPORT-2020-SANS-FOND-SANS-TEXTE.png","width":512,"height":512,"caption":"Dicodusport"},"image":{"@id":"https:\/\/dicodusport.fr\/blog\/#\/schema\/logo\/image\/"},"sameAs":["https:\/\/www.facebook.com\/dicodusport","https:\/\/x.com\/dicodusport","https:\/\/www.instagram.com\/dicodusport\/","https:\/\/www.youtube.com\/channel\/UC7V2KZ5sd3htJivAbA4ZG3w"],"description":"Dicodusport est l'encyclop\u00e9die de l'actualit\u00e9 sportive.","email":"bonjour@dicodusport.fr","legalName":"DICODUSPORT","foundingDate":"2018-01-14","vatID":"FR71834470973","taxID":"83447097300043","numberOfEmployees":{"@type":"QuantitativeValue","minValue":"1","maxValue":"10"}},{"@type":"Person","@id":"https:\/\/dicodusport.fr\/blog\/#\/schema\/person\/0d3ca824646a2d0c77bdd7e45230c071","name":"Bastien Pitte","image":{"@type":"ImageObject","inLanguage":"fr-FR","@id":"https:\/\/dicodusport.fr\/blog\/#\/schema\/person\/image\/","url":"https:\/\/dicodusport.fr\/blog\/wp-content\/uploads\/2020\/06\/cropped-LOGO-DICODUSPORT-2020-SANS-FOND-SANS-TEXTE-150x150.png","contentUrl":"https:\/\/dicodusport.fr\/blog\/wp-content\/uploads\/2020\/06\/cropped-LOGO-DICODUSPORT-2020-SANS-FOND-SANS-TEXTE-150x150.png","caption":"Bastien Pitte"},"url":"https:\/\/dicodusport.fr\/blog\/author\/bastien\/"}]}},"_links":{"self":[{"href":"https:\/\/dicodusport.fr\/blog\/wp-json\/wp\/v2\/posts\/33672","targetHints":{"allow":["GET"]}}],"collection":[{"href":"https:\/\/dicodusport.fr\/blog\/wp-json\/wp\/v2\/posts"}],"about":[{"href":"https:\/\/dicodusport.fr\/blog\/wp-json\/wp\/v2\/types\/post"}],"author":[{"embeddable":true,"href":"https:\/\/dicodusport.fr\/blog\/wp-json\/wp\/v2\/users\/28"}],"replies":[{"embeddable":true,"href":"https:\/\/dicodusport.fr\/blog\/wp-json\/wp\/v2\/comments?post=33672"}],"version-history":[{"count":0,"href":"https:\/\/dicodusport.fr\/blog\/wp-json\/wp\/v2\/posts\/33672\/revisions"}],"wp:featuredmedia":[{"embeddable":true,"href":"https:\/\/dicodusport.fr\/blog\/wp-json\/wp\/v2\/media\/33678"}],"wp:attachment":[{"href":"https:\/\/dicodusport.fr\/blog\/wp-json\/wp\/v2\/media?parent=33672"}],"wp:term":[{"taxonomy":"category","embeddable":true,"href":"https:\/\/dicodusport.fr\/blog\/wp-json\/wp\/v2\/categories?post=33672"},{"taxonomy":"post_tag","embeddable":true,"href":"https:\/\/dicodusport.fr\/blog\/wp-json\/wp\/v2\/tags?post=33672"}],"curies":[{"name":"wp","href":"https:\/\/api.w.org\/{rel}","templated":true}]}}