{"id":33734,"date":"2019-02-17T20:19:41","date_gmt":"2019-02-17T19:19:41","guid":{"rendered":"http:\/\/dicodusport.fr\/blog\/?p=33734"},"modified":"2019-02-17T20:52:39","modified_gmt":"2019-02-17T19:52:39","slug":"athletisme-ce-qu-il-faut-retenir-des-championnats-de-france-elite-en-salle","status":"publish","type":"post","link":"https:\/\/dicodusport.fr\/blog\/athletisme-ce-qu-il-faut-retenir-des-championnats-de-france-elite-en-salle\/","title":{"rendered":"Athl\u00e9tisme : ce qu&rsquo;il faut retenir des championnats de France \u00c9lite en salle"},"content":{"rendered":"<p style=\"text-align: justify;\"><em><b>Ce week-end ont eu lieu les championnats de France \u00c9lite en Salle \u00e0 Miramas, un \u00e9v\u00e9nement tr\u00e8s attendu permettant \u00e0 certains d&rsquo;obtenir un premier titre national et \u00e0 d&rsquo;autres, d&rsquo;obtenir les minima si convoit\u00e9s pour les championnats d&rsquo;Europe en Salle \u00e0 Glasgow (2 et 3 mars). Combinez les deux et la s\u00e9lection\u00a0est quasiment assur\u00e9e.<\/b><\/em><\/p>\n<h1 style=\"text-align: justify;\">Samedi, une journ\u00e9e tenant toutes ses promesses<\/h1>\n<p style=\"text-align: justify;\">Lors de cette premi\u00e8re journ\u00e9e ont eu lieu 5 finales ainsi que 6 concours et nous avons eu droit \u00e0 de tr\u00e8s belles performances.<\/p>\n<p style=\"text-align: justify;\">Une des finales les plus attendues ce samedi \u00e9tait celle du 60 m haies masculin et le moins que l&rsquo;on puisse dire, c&rsquo;est qu&rsquo;elle a tenu toutes ses promesses. Dans les starting-blocks \u00e9taient pr\u00e9sents : Pascal Martinot-Lagarde (ES Montgeron),\u00a0\u00a0Aurel Manga (CA Montreuil 93),\u00a0Wilhem Belocian (Stade Lamentin) et Kevin Mayer (Montpellier Athletic 2M). PML, le grand favori remporte sans surprise le titre avec un beau chrono (7&Prime;52) qui lui permet d&rsquo;am\u00e9liorer la meilleure perf&rsquo; fran\u00e7aise de la saison. Derri\u00e8re lui arrivent Aurel Manga et Wilhem Belocian. Quant \u00e0\u00a0 Kevin Mayer, il n&rsquo;arrivera pas \u00e0 obtenir les 7&Prime;70 n\u00e9cessaire pour pr\u00e9tendre \u00e0 une place aux championnats d&rsquo;Europe. Cependant, sa performance reste belle pour un heptathlonien.<\/p>\n<p style=\"text-align: justify;\">La deuxi\u00e8me finale la plus attendue \u00e9tait celle du 3000 m avec un beau plateau d&rsquo;athl\u00e8tes parmi lesquels Yoann Kowal (Dordogne AC), Djilali Bedrani (SA Toulouse UC), Simon Denissel (Lille M\u00e9tropole Athl\u00e9tisme) et Jimmy Gressier (US Athl\u00e9tiques de Li\u00e9vin). La course \u00e9tait particuli\u00e8rement importante pour ce dernier qui n&rsquo;a toujours pas les minima pour Glasgow. Alors, le Nordiste donne tout et prend rapidement la t\u00eate de la course. Il finit par se faire relayer, puis, dans les derniers 600 m, Bedrani prend la course \u00e0 son compte avant de s&rsquo;envoler vers le titre de Champion de France en 7&rsquo;51\u00a0\u00bb. Jimmy Gressier quant \u00e0 lui rentre \u00e0 la maison avec pas moins que la m\u00e9daille d&rsquo;argent ainsi que les minima et le record de France espoirs gr\u00e2ce \u00e0 son chrono en 7&rsquo;52&Prime;08. Il efface ainsi le record d\u00e9tenu depuis 1998 par un certain\u00a0Bouabdellah Tahri (7&rsquo;52&Prime;52). Nous devrions donc retrouver Bedrani, Gressier et Kowal \u00e0 Glasgow.<\/p>\n<p>https:\/\/www.instagram.com\/p\/Bt9HNCshTl6\/?utm_source=ig_web_options_share_sheet<\/p>\n<p style=\"text-align: justify;\">Les finales de 60 m \u00e9taient \u00e9galement tr\u00e8s attendues. Elles nous ont d&rsquo;ailleurs r\u00e9serv\u00e9 beaucoup de surprises. Du c\u00f4t\u00e9 f\u00e9minin d&rsquo;abord, puisque Carolle Zahi (CA Montreuil 93), grande favorite, d\u00e9clarait forfait, ne pr\u00e9f\u00e9rant pas prendre de risque suite \u00e0 une petite tension ressentie au niveau de l&rsquo;ischio gauche. Cynthia le Duc se retrouvait alors favorite pour le titre, mais c&rsquo;\u00e9tait sans compter un faux-d\u00e9part lors de la finale qui la disqualifiait. Le champ \u00e9tait alors libre pour toutes les concurrentes, mais c&rsquo;est Nasrane Bacar (US Talence) qui remportait la bataille en r\u00e9alisant un chrono de 7&Prime;39 lui offrant une possible s\u00e9lection pour Glasgow.<\/p>\n<p style=\"text-align: justify;\">Chez les hommes, ni Jimmy Vicaut, ni Christophe Lemaitre n&rsquo;ont pris part \u00e0 la course et un troisi\u00e8me pr\u00e9tendant au titre, Mahoumadou Fall (Franconville Athle) \u00e9tait disqualifi\u00e9e d\u00e8s les s\u00e9ries suite \u00e0 un faux-d\u00e9part. Ainsi, trois favoris \u00e9taient pr\u00e9sents dans les starting-blocks en finale :\u00a0Amaury Golitin (EC Orl\u00e9ans Cercle Jules Ferry), Meba-Mickael Zeze (SCO Sainte-Marguerite Marseille), Marvin Ren\u00e9 (SCO Sainte-Marguerite Marseille). Suite \u00e0 la disqualification d&rsquo;Amaury Golitin \u00e0 cause d&rsquo;un faux-d\u00e9part, c&rsquo;est Marvin Ren\u00e9 qui est sacr\u00e9 en 6&Prime;63.<\/p>\n<p style=\"text-align: justify;\">Du c\u00f4t\u00e9 des <strong>concours<\/strong>, nous avons eu droit \u00e0 une Ninon Guillon-Romain (EA Cergy-Pontoise) en forme \u00e0 la perche ! En effet celle-ci s&rsquo;est impos\u00e9e avec un saut \u00e0 4,60 m puis a tent\u00e9 une barre \u00e0 4,73 m synonyme de record de France. Finalement, elle ne r\u00e9ussira pas \u00e0 la franchir mais ce n&rsquo;est que partie remise. La Francilienne d\u00e9croche son deuxi\u00e8me titre national en salle. En lancer de poids f\u00e9minin, c&rsquo;est la junior Ashley Bologna (EF Mont-Dor\u00e9) qui remporte le titre avec un jet \u00e0 16,78 m. Elle prend ainsi le record de France junior et met fin aux sept ans de r\u00e8gne de\u00a0Jessica Cerival.\u00a0 Enfin, en longueur, hommes c&rsquo;est\u00a0Jean-Pierre Bertrand (Nantes M\u00e9tropole Athl\u00e9tisme) qui s&rsquo;impose avec un saut \u00e0 8,04 m et lui permet par la m\u00eame occasion de r\u00e9aliser la 4\u00e8me performance de la saison en Europe<\/p>\n<p style=\"text-align: justify;\"><strong>Les autres r\u00e9sultats de la journ\u00e9e :<\/strong><\/p>\n<p style=\"text-align: justify;\">En poids hommes,\u00a0Fr\u00e9d\u00e9ric Dag\u00e9e (Nice Cote d&rsquo;Azur Athl\u00e9tisme) remporte le concours avec un lancer \u00e0 19,99 m. C\u00f4t\u00e9 triple saut f\u00e9minin,\u00a0Rouguy Diallo (Nice C\u00f4te d&rsquo;Azur Athl\u00e9tisme) l&rsquo;a emport\u00e9 gr\u00e2ce \u00e0 un saut de 14,5 m. En\u00a0hauteur,\u00a0Prisca Duvernay (Entente Sud Lyonnais) s&rsquo;est impos\u00e9e avec 1,88 m. Notons qu&rsquo;elle a obtenu les minima au meeting de Nantes en effa\u00e7ant une barre \u00e0 1,90 m et devrait donc participer aux championnats d&rsquo;Europe. Une premi\u00e8re depuis 6 ans pour une Fran\u00e7aise dans la discipline. Au\u00a03000 m femmes, c&rsquo;est Oph\u00e9lie Claude-Boxberger (Montb\u00e9liard Belfort Athl\u00e9tisme) qui est sacr\u00e9e. Partie \u00e0 600 m de l&rsquo;arriv\u00e9e, elle remporte son premier titre en indoor.<\/p>\n<p><span class=\"BfYLBnC2GuDQVALCZy6wrMiHdzbPKQz0TWFJbAOogp3qntU1RIGfIMdhwjWYxt5EJa8XFNDvu3TH4gemSeScslUh8rjk52\"><\/p>\n<blockquote class=\"instagram-media\" data-instgrm-captioned data-instgrm-permalink=\"https:\/\/www.instagram.com\/p\/Bt9HpsjhI4o\/?utm_source=ig_embed&amp;utm_campaign=loading\" data-instgrm-version=\"13\" style=\" background:#FFF; border:0; border-radius:3px; box-shadow:0 0 1px 0 rgba(0,0,0,0.5),0 1px 10px 0 rgba(0,0,0,0.15); margin: 1px; max-width:658px; min-width:326px; padding:0; width:99.375%; width:-webkit-calc(100% - 2px); width:calc(100% - 2px);\">\n<div style=\"padding:16px;\"> <a href=\"https:\/\/www.instagram.com\/p\/Bt9HpsjhI4o\/?utm_source=ig_embed&amp;utm_campaign=loading\" style=\" background:#FFFFFF; line-height:0; padding:0 0; text-align:center; text-decoration:none; width:100%;\" target=\"_blank\"> <\/p>\n<div style=\" display: flex; flex-direction: row; align-items: center;\">\n<div style=\"background-color: #F4F4F4; border-radius: 50%; flex-grow: 0; height: 40px; margin-right: 14px; width: 40px;\"><\/div>\n<div style=\"display: flex; flex-direction: column; flex-grow: 1; justify-content: center;\">\n<div style=\" background-color: #F4F4F4; border-radius: 4px; flex-grow: 0; height: 14px; margin-bottom: 6px; width: 100px;\"><\/div>\n<div style=\" background-color: #F4F4F4; border-radius: 4px; flex-grow: 0; height: 14px; width: 60px;\"><\/div>\n<\/div>\n<\/div>\n<div style=\"padding: 19% 0;\"><\/div>\n<div style=\"display:block; height:50px; margin:0 auto 12px; width:50px;\"><svg width=\"50px\" height=\"50px\" viewBox=\"0 0 60 60\" version=\"1.1\" xmlns=\"https:\/\/www.w3.org\/2000\/svg\" xmlns:xlink=\"https:\/\/www.w3.org\/1999\/xlink\"><g stroke=\"none\" stroke-width=\"1\" fill=\"none\" fill-rule=\"evenodd\"><g transform=\"translate(-511.000000, -20.000000)\" fill=\"#000000\"><g><path d=\"M556.869,30.41 C554.814,30.41 553.148,32.076 553.148,34.131 C553.148,36.186 554.814,37.852 556.869,37.852 C558.924,37.852 560.59,36.186 560.59,34.131 C560.59,32.076 558.924,30.41 556.869,30.41 M541,60.657 C535.114,60.657 530.342,55.887 530.342,50 C530.342,44.114 535.114,39.342 541,39.342 C546.887,39.342 551.658,44.114 551.658,50 C551.658,55.887 546.887,60.657 541,60.657 M541,33.886 C532.1,33.886 524.886,41.1 524.886,50 C524.886,58.899 532.1,66.113 541,66.113 C549.9,66.113 557.115,58.899 557.115,50 C557.115,41.1 549.9,33.886 541,33.886 M565.378,62.101 C565.244,65.022 564.756,66.606 564.346,67.663 C563.803,69.06 563.154,70.057 562.106,71.106 C561.058,72.155 560.06,72.803 558.662,73.347 C557.607,73.757 556.021,74.244 553.102,74.378 C549.944,74.521 548.997,74.552 541,74.552 C533.003,74.552 532.056,74.521 528.898,74.378 C525.979,74.244 524.393,73.757 523.338,73.347 C521.94,72.803 520.942,72.155 519.894,71.106 C518.846,70.057 518.197,69.06 517.654,67.663 C517.244,66.606 516.755,65.022 516.623,62.101 C516.479,58.943 516.448,57.996 516.448,50 C516.448,42.003 516.479,41.056 516.623,37.899 C516.755,34.978 517.244,33.391 517.654,32.338 C518.197,30.938 518.846,29.942 519.894,28.894 C520.942,27.846 521.94,27.196 523.338,26.654 C524.393,26.244 525.979,25.756 528.898,25.623 C532.057,25.479 533.004,25.448 541,25.448 C548.997,25.448 549.943,25.479 553.102,25.623 C556.021,25.756 557.607,26.244 558.662,26.654 C560.06,27.196 561.058,27.846 562.106,28.894 C563.154,29.942 563.803,30.938 564.346,32.338 C564.756,33.391 565.244,34.978 565.378,37.899 C565.522,41.056 565.552,42.003 565.552,50 C565.552,57.996 565.522,58.943 565.378,62.101 M570.82,37.631 C570.674,34.438 570.167,32.258 569.425,30.349 C568.659,28.377 567.633,26.702 565.965,25.035 C564.297,23.368 562.623,22.342 560.652,21.575 C558.743,20.834 556.562,20.326 553.369,20.18 C550.169,20.033 549.148,20 541,20 C532.853,20 531.831,20.033 528.631,20.18 C525.438,20.326 523.257,20.834 521.349,21.575 C519.376,22.342 517.703,23.368 516.035,25.035 C514.368,26.702 513.342,28.377 512.574,30.349 C511.834,32.258 511.326,34.438 511.181,37.631 C511.035,40.831 511,41.851 511,50 C511,58.147 511.035,59.17 511.181,62.369 C511.326,65.562 511.834,67.743 512.574,69.651 C513.342,71.625 514.368,73.296 516.035,74.965 C517.703,76.634 519.376,77.658 521.349,78.425 C523.257,79.167 525.438,79.673 528.631,79.82 C531.831,79.965 532.853,80.001 541,80.001 C549.148,80.001 550.169,79.965 553.369,79.82 C556.562,79.673 558.743,79.167 560.652,78.425 C562.623,77.658 564.297,76.634 565.965,74.965 C567.633,73.296 568.659,71.625 569.425,69.651 C570.167,67.743 570.674,65.562 570.82,62.369 C570.966,59.17 571,58.147 571,50 C571,41.851 570.966,40.831 570.82,37.631\"><\/path><\/g><\/g><\/g><\/svg><\/div>\n<div style=\"padding-top: 8px;\">\n<div style=\" color:#3897f0; font-family:Arial,sans-serif; font-size:14px; font-style:normal; font-weight:550; line-height:18px;\"> View this post on Instagram<\/div>\n<\/div>\n<div style=\"padding: 12.5% 0;\"><\/div>\n<div style=\"display: flex; flex-direction: row; margin-bottom: 14px; align-items: center;\">\n<div>\n<div style=\"background-color: #F4F4F4; border-radius: 50%; height: 12.5px; width: 12.5px; transform: translateX(0px) translateY(7px);\"><\/div>\n<div style=\"background-color: #F4F4F4; height: 12.5px; transform: rotate(-45deg) translateX(3px) translateY(1px); width: 12.5px; flex-grow: 0; margin-right: 14px; margin-left: 2px;\"><\/div>\n<div style=\"background-color: #F4F4F4; border-radius: 50%; height: 12.5px; width: 12.5px; transform: translateX(9px) translateY(-18px);\"><\/div>\n<\/div>\n<div style=\"margin-left: 8px;\">\n<div style=\" background-color: #F4F4F4; border-radius: 50%; flex-grow: 0; height: 20px; width: 20px;\"><\/div>\n<div style=\" width: 0; height: 0; border-top: 2px solid transparent; border-left: 6px solid #f4f4f4; border-bottom: 2px solid transparent; transform: translateX(16px) translateY(-4px) rotate(30deg)\"><\/div>\n<\/div>\n<div style=\"margin-left: auto;\">\n<div style=\" width: 0px; border-top: 8px solid #F4F4F4; border-right: 8px solid transparent; transform: translateY(16px);\"><\/div>\n<div style=\" background-color: #F4F4F4; flex-grow: 0; height: 12px; width: 16px; transform: translateY(-4px);\"><\/div>\n<div style=\" width: 0; height: 0; border-top: 8px solid #F4F4F4; border-left: 8px solid transparent; transform: translateY(-4px) translateX(8px);\"><\/div>\n<\/div>\n<\/div>\n<div style=\"display: flex; flex-direction: column; flex-grow: 1; justify-content: center; margin-bottom: 24px;\">\n<div style=\" background-color: #F4F4F4; border-radius: 4px; flex-grow: 0; height: 14px; margin-bottom: 6px; width: 224px;\"><\/div>\n<div style=\" background-color: #F4F4F4; border-radius: 4px; flex-grow: 0; height: 14px; width: 144px;\"><\/div>\n<\/div>\n<p><\/a><\/p>\n<p style=\" color:#c9c8cd; font-family:Arial,sans-serif; font-size:14px; line-height:17px; margin-bottom:0; margin-top:8px; overflow:hidden; padding:8px 0 7px; text-align:center; text-overflow:ellipsis; white-space:nowrap;\"><a href=\"https:\/\/www.instagram.com\/p\/Bt9HpsjhI4o\/?utm_source=ig_embed&amp;utm_campaign=loading\" style=\" color:#c9c8cd; font-family:Arial,sans-serif; font-size:14px; font-style:normal; font-weight:normal; line-height:17px; text-decoration:none;\" target=\"_blank\">A post shared by FFAthl\u00e9tisme (@ffathletisme)<\/a><\/p>\n<\/div>\n<\/blockquote>\n<p><script async src=\"\/\/platform.instagram.com\/en_US\/embeds.js\"><\/script><\/span><\/p>\n<h1 style=\"text-align: justify;\">Dimanche, le d\u00e9nouement en heptathlon et pentathlon ainsi que quelques surprises<\/h1>\n<p style=\"text-align: justify;\">C\u00f4t\u00e9 <strong>concours<\/strong> d&rsquo;abord, ce dimanche a vu le d\u00e9nouement des deux \u00e9preuves combin\u00e9, l&rsquo;heptathlon et le pentathlon. Et c&rsquo;est avec 6025 points que Basile Rolnin (Lille M\u00e9tropole Athl\u00e9tisme) remporte l\u2019heptathlon hommes et devient par la m\u00eame occasion le quatri\u00e8me meilleur performeur europ\u00e9en de l&rsquo;ann\u00e9e. Au pentathlon f\u00e9minin, Sol\u00e8ne Ndama (Bordeaux Athl\u00e9) devient championne de France et a m\u00eame titill\u00e9 le record de France d&rsquo;Antoinette Nana Djimou (4723 pts). Elle termine finalement avec 4672 points, de nombreux records personnels battus et empoche\u00a0la deuxi\u00e8me performance fran\u00e7aise de tous les temps au pentathlon en salle.\u00a0\u00c0\u00a0la perche, chez les hommes, c&rsquo;est Axel Chapelle (EA Cergy Pontoise) qui succ\u00e8de \u00e0 Renaud Lavillenie absent pour cause de blessure.\u00a0\u00c0 la bataille avec Baptiste Boirie (Clermont AA), Chapelle remporte le titre \u00e0 la diff\u00e9rence d&rsquo;essais. Kevin Mayer quant \u00e0 lui ne d\u00e9passe pas les 5,05 m, c&rsquo;est \u00e9videmment une d\u00e9ception pour lui.\u00a0En hauteur, c&rsquo;est Mathieu Tomassi (Entente Bassin Athl\u00e9tisme) qui prend la premi\u00e8re place.<\/p>\n<p style=\"text-align: justify;\">La premi\u00e8re surprise de la journ\u00e9e a eu lieu en longueur. Alors que l&rsquo;on attendait une victoire d&rsquo;Eloyse Lesueur-Aymonin (SCO Sainte Marguerite), c&rsquo;est finalement Hilary Kpatcha (CA BALMA) qui s&rsquo;impose. La nouvelle championne de France a su profiter du z\u00e9ro apr\u00e8s trois essais mordus de Lesueur-Aymonin pour s&#8217;emparer du titre. Par la m\u00eame occasion, Kpatcha monte son record personnel \u00e0 6,47m.<\/p>\n<p style=\"text-align: justify;\">La deuxi\u00e8me surprise de la journ\u00e9e est l&rsquo;absence de Teddy Tamgho au triple saut hommes. En effet, le recordman du monde en salle (17,92 m) n&rsquo;a pu se pr\u00e9senter \u00e0 cause de diff\u00e9rentes douleurs. C&rsquo;est une \u00e9norme d\u00e9ception pour lui qui \u00e9tait motiv\u00e9 et d\u00e9termin\u00e9 \u00e0 obtenir les minima. N\u00e9anmoins, le spectacle a \u00e9t\u00e9 au rendez-vous gr\u00e2ce \u00e0 Hugues-Fabrice Zango (Artois Athl\u00e9tisme) qui signe un saut \u00e0 17,30 m. N&rsquo;\u00e9tant pas de nationalit\u00e9 fran\u00e7aise, le Burkinab\u00e9 partage sa premi\u00e8re place avec\u00a0Yoann Rapinier (EFCVO) et son saut \u00e0 16,68 m.<\/p>\n<p style=\"text-align: justify;\">C\u00f4t\u00e9 <strong>demi-fond<\/strong>, dans un 800 m femmes marqu\u00e9 par les absences de R\u00e9nelle Lamote et Cynthia Ana\u00efs (les deux pr\u00e9f\u00e9rant travailler la vitesse sur un 400 m avant les Europe), c&rsquo;est\u00a0Charlotte Pizzo (Pays de Fontainebleau) qui s&rsquo;impose devant une\u00a0Corane Gazeau (Entente des Mauges) prenant tous les risques pour remporter le titre. Charlotte Pizzo r\u00e9alise par la m\u00eame occasion les minima gr\u00e2ce \u00e0 son chrono de\u00a02&rsquo;04&Prime;97. Chez les hommes, c&rsquo;est Pierre-Ambroise Bosse qui manquait \u00e0 l&rsquo;appel. Son absence a profit\u00e9 \u00e0\u00a0Nasredine Khatir (Montpellier AMM) qui s&#8217;empare du titre hexagonal.<\/p>\n<p style=\"text-align: justify;\">Sur 3000 m marche femmes, c&rsquo;est sans surprise la favorite annonc\u00e9e Cl\u00e9mence Beretta (Athletic Vosges Entente Clubs) qui remporte le titre. Deux semaines auparavant, elle empochait le titre chez les espoirs.\u00a0Sur 5000 m marche, c&rsquo;est le recordman espoirs Gabriel Bordier (US Saint-Berthevin) qui s&rsquo;impose largement en\u00a019&rsquo;22&Prime;46. Oph\u00e9lie Claude-Boxberger sacr\u00e9e la veille sur 3000 m, s&rsquo;offre un doubl\u00e9 en s&rsquo;imposant sur le 1500 m femmes. C\u00f4t\u00e9 hommes, la finale du 1500 m a vu le sp\u00e9cialiste\u00a0Samir Dahmani (Martigues SA) s&rsquo;imposer devant\u00a0Djilali Bedrani, sacr\u00e9 la veille sur 3000 m.<\/p>\n<p style=\"text-align: justify;\">Enfin <strong>c\u00f4t\u00e9 sprint<\/strong>, sur le 400 m femmes d&rsquo;abord, Deborah Sananes (EA Bourg en Bresse) devient championne de France devant\u00a0Agn\u00e8s Raharolahy (Nantes M\u00e9tropole Athl\u00e9tisme) et\u00a0Amandine Brossier (Angers Athl\u00e9). Toutes les trois obtiennent par leur chrono les minima. C\u00f4t\u00e9 hommes, Fabrisio Saidy (Dominicaine Athl\u00e9tisme) devient champion de France de 400 m \u00e0 peine une semaine apr\u00e8s son titre chez les espoirs \u00e0 Nantes. Avec un chrono en\u00a046&Prime;67 il s&rsquo;offre m\u00eame la meilleure performance fran\u00e7aise de la saison et le record de France espoirs.<\/p>\n<p style=\"text-align: justify;\">Sur le 200 m qui n&rsquo;est plus disput\u00e9 lors des championnats internationaux en salle, c&rsquo;est\u00a0Stuart Dutamby (Lille M\u00e9tropole Athl\u00e9tisme) qui s&#8217;empare du titre. Sur le 200 m f\u00e9minin Maroussia Par\u00e9 (US Talence) devient championne de France.\u00a0 Pour finir, les championnats se sont achev\u00e9s avec le 60 m haies f\u00e9minin.\u00a0Sacha Alessandrini (Nice C\u00f4te d&rsquo;Azur Athl\u00e9tisme) s&rsquo;est impos\u00e9e en 8&Prime;02 et prend au passage la meilleure performance fran\u00e7aise de la saison.<\/p>\n<p style=\"text-align: justify;\">Nous avons donc eu droit \u00e0 un tr\u00e8s beau week-end nous donnant un avant-go\u00fbt des forces qui seront pr\u00e9sentes c\u00f4t\u00e9 fran\u00e7ais les 2 et 3 mars prochains \u00e0 Glasgow.<\/p>\n<p><em><strong>Quentin Marchesan<br \/>\n<a href=\"https:\/\/twitter.com\/quentinmrchs\"><img loading=\"lazy\" decoding=\"async\" class=\"alignnone wp-image-2908\" src=\"http:\/\/dicodusport.fr\/blog\/wp-content\/uploads\/2017\/07\/logo-twitter-150x150.png\" alt=\"\" width=\"39\" height=\"39\" \/><\/a><\/strong><\/em><\/p>\n","protected":false},"excerpt":{"rendered":"<p>Ce week-end ont eu lieu les championnats de France \u00c9lite en Salle \u00e0 Miramas, un \u00e9v\u00e9nement tr\u00e8s attendu permettant \u00e0 certains d&rsquo;obtenir un premier titre national et \u00e0 d&rsquo;autres, d&rsquo;obtenir les minima si convoit\u00e9s pour les championnats d&rsquo;Europe en Salle \u00e0 Glasgow (2 et 3 mars).<\/p>\n","protected":false},"author":36,"featured_media":33771,"comment_status":"open","ping_status":"closed","sticky":false,"template":"","format":"standard","meta":{"_acf_changed":false,"_daextam_enable_autolinks":"","footnotes":""},"categories":[2,2308],"tags":[5327,6856,5225],"class_list":["post-33734","post","type-post","status-publish","format-standard","has-post-thumbnail","hentry","category-actualites","category-athletisme","tag-championnats-de-france","tag-jimmy-gressier","tag-pascal-martinot-lagarde"],"acf":[],"yoast_head":"<!-- This site is optimized with the Yoast SEO Premium plugin v26.7 (Yoast SEO v26.7) - https:\/\/yoast.com\/wordpress\/plugins\/seo\/ -->\n<title>Athl\u00e9tisme : ce qu&#039;il faut retenir des championnats de France \u00c9lite en salle<\/title>\n<meta name=\"description\" content=\"Ce week-end ont eu lieu les championnats de France \u00c9lite en Salle \u00e0 Miramas, un \u00e9v\u00e9nement tr\u00e8s attendu avant les Europe \u00e0 Glasgow\" \/>\n<meta name=\"robots\" content=\"index, follow, max-snippet:-1, max-image-preview:large, max-video-preview:-1\" \/>\n<link rel=\"canonical\" href=\"https:\/\/dicodusport.fr\/blog\/athletisme-ce-qu-il-faut-retenir-des-championnats-de-france-elite-en-salle\/\" \/>\n<meta property=\"og:locale\" content=\"fr_FR\" \/>\n<meta property=\"og:type\" content=\"article\" \/>\n<meta property=\"og:title\" content=\"Athl\u00e9tisme : ce qu&#039;il faut retenir des championnats de France \u00c9lite en salle\" \/>\n<meta property=\"og:description\" content=\"Ce week-end ont eu lieu les championnats de France \u00c9lite en Salle \u00e0 Miramas, un \u00e9v\u00e9nement tr\u00e8s attendu avant les Europe \u00e0 Glasgow\" \/>\n<meta property=\"og:url\" content=\"https:\/\/dicodusport.fr\/blog\/athletisme-ce-qu-il-faut-retenir-des-championnats-de-france-elite-en-salle\/\" \/>\n<meta property=\"og:site_name\" content=\"Dicodusport\" \/>\n<meta property=\"article:publisher\" content=\"https:\/\/www.facebook.com\/dicodusport\" \/>\n<meta property=\"article:published_time\" content=\"2019-02-17T19:19:41+00:00\" \/>\n<meta property=\"article:modified_time\" content=\"2019-02-17T19:52:39+00:00\" \/>\n<meta property=\"og:image\" content=\"https:\/\/dicodusport.fr\/blog\/wp-content\/uploads\/2019\/02\/Championnats-de-France-\u00e9lite-en-salle-2019-Athl\u00e9tisme.png\" \/>\n\t<meta property=\"og:image:width\" content=\"800\" \/>\n\t<meta property=\"og:image:height\" content=\"445\" \/>\n\t<meta property=\"og:image:type\" content=\"image\/png\" \/>\n<meta name=\"author\" content=\"Quentin Marchesan\" \/>\n<meta name=\"twitter:card\" content=\"summary_large_image\" \/>\n<meta name=\"twitter:creator\" content=\"@dicodusport\" \/>\n<meta name=\"twitter:site\" content=\"@dicodusport\" \/>\n<script type=\"application\/ld+json\" class=\"yoast-schema-graph\">{\"@context\":\"https:\/\/schema.org\",\"@graph\":[{\"@type\":\"NewsArticle\",\"@id\":\"https:\/\/dicodusport.fr\/blog\/athletisme-ce-qu-il-faut-retenir-des-championnats-de-france-elite-en-salle\/#article\",\"isPartOf\":{\"@id\":\"https:\/\/dicodusport.fr\/blog\/athletisme-ce-qu-il-faut-retenir-des-championnats-de-france-elite-en-salle\/\"},\"author\":{\"name\":\"Quentin Marchesan\",\"@id\":\"https:\/\/dicodusport.fr\/blog\/#\/schema\/person\/8bdbbe8b7c921dac0688440eee5a5d94\"},\"headline\":\"Athl\u00e9tisme : ce qu&rsquo;il faut retenir des championnats de France \u00c9lite en salle\",\"datePublished\":\"2019-02-17T19:19:41+00:00\",\"dateModified\":\"2019-02-17T19:52:39+00:00\",\"mainEntityOfPage\":{\"@id\":\"https:\/\/dicodusport.fr\/blog\/athletisme-ce-qu-il-faut-retenir-des-championnats-de-france-elite-en-salle\/\"},\"wordCount\":1651,\"commentCount\":0,\"publisher\":{\"@id\":\"https:\/\/dicodusport.fr\/blog\/#organization\"},\"image\":{\"@id\":\"https:\/\/dicodusport.fr\/blog\/athletisme-ce-qu-il-faut-retenir-des-championnats-de-france-elite-en-salle\/#primaryimage\"},\"thumbnailUrl\":\"https:\/\/dicodusport.fr\/blog\/wp-content\/uploads\/2019\/02\/Championnats-de-France-\u00e9lite-en-salle-2019-Athl\u00e9tisme.png\",\"keywords\":[\"Championnats de France\",\"Jimmy Gressier\",\"Pascal Martinot-Lagarde\"],\"articleSection\":[\"Actualit\u00e9s\",\"Athl\u00e9tisme\"],\"inLanguage\":\"fr-FR\",\"potentialAction\":[{\"@type\":\"CommentAction\",\"name\":\"Comment\",\"target\":[\"https:\/\/dicodusport.fr\/blog\/athletisme-ce-qu-il-faut-retenir-des-championnats-de-france-elite-en-salle\/#respond\"]}],\"copyrightYear\":\"2019\",\"copyrightHolder\":{\"@id\":\"https:\/\/dicodusport.fr\/blog\/#organization\"}},{\"@type\":\"WebPage\",\"@id\":\"https:\/\/dicodusport.fr\/blog\/athletisme-ce-qu-il-faut-retenir-des-championnats-de-france-elite-en-salle\/\",\"url\":\"https:\/\/dicodusport.fr\/blog\/athletisme-ce-qu-il-faut-retenir-des-championnats-de-france-elite-en-salle\/\",\"name\":\"Athl\u00e9tisme : ce qu'il faut retenir des championnats de France \u00c9lite en salle\",\"isPartOf\":{\"@id\":\"https:\/\/dicodusport.fr\/blog\/#website\"},\"primaryImageOfPage\":{\"@id\":\"https:\/\/dicodusport.fr\/blog\/athletisme-ce-qu-il-faut-retenir-des-championnats-de-france-elite-en-salle\/#primaryimage\"},\"image\":{\"@id\":\"https:\/\/dicodusport.fr\/blog\/athletisme-ce-qu-il-faut-retenir-des-championnats-de-france-elite-en-salle\/#primaryimage\"},\"thumbnailUrl\":\"https:\/\/dicodusport.fr\/blog\/wp-content\/uploads\/2019\/02\/Championnats-de-France-\u00e9lite-en-salle-2019-Athl\u00e9tisme.png\",\"datePublished\":\"2019-02-17T19:19:41+00:00\",\"dateModified\":\"2019-02-17T19:52:39+00:00\",\"description\":\"Ce week-end ont eu lieu les championnats de France \u00c9lite en Salle \u00e0 Miramas, un \u00e9v\u00e9nement tr\u00e8s attendu avant les Europe \u00e0 Glasgow\",\"breadcrumb\":{\"@id\":\"https:\/\/dicodusport.fr\/blog\/athletisme-ce-qu-il-faut-retenir-des-championnats-de-france-elite-en-salle\/#breadcrumb\"},\"inLanguage\":\"fr-FR\",\"potentialAction\":[{\"@type\":\"ReadAction\",\"target\":[\"https:\/\/dicodusport.fr\/blog\/athletisme-ce-qu-il-faut-retenir-des-championnats-de-france-elite-en-salle\/\"]}]},{\"@type\":\"ImageObject\",\"inLanguage\":\"fr-FR\",\"@id\":\"https:\/\/dicodusport.fr\/blog\/athletisme-ce-qu-il-faut-retenir-des-championnats-de-france-elite-en-salle\/#primaryimage\",\"url\":\"https:\/\/dicodusport.fr\/blog\/wp-content\/uploads\/2019\/02\/Championnats-de-France-\u00e9lite-en-salle-2019-Athl\u00e9tisme.png\",\"contentUrl\":\"https:\/\/dicodusport.fr\/blog\/wp-content\/uploads\/2019\/02\/Championnats-de-France-\u00e9lite-en-salle-2019-Athl\u00e9tisme.png\",\"width\":800,\"height\":445},{\"@type\":\"BreadcrumbList\",\"@id\":\"https:\/\/dicodusport.fr\/blog\/athletisme-ce-qu-il-faut-retenir-des-championnats-de-france-elite-en-salle\/#breadcrumb\",\"itemListElement\":[{\"@type\":\"ListItem\",\"position\":1,\"name\":\"Accueil\",\"item\":\"https:\/\/dicodusport.fr\/blog\/\"},{\"@type\":\"ListItem\",\"position\":2,\"name\":\"Athl\u00e9tisme : ce qu&rsquo;il faut retenir des championnats de France \u00c9lite en salle\"}]},{\"@type\":\"WebSite\",\"@id\":\"https:\/\/dicodusport.fr\/blog\/#website\",\"url\":\"https:\/\/dicodusport.fr\/blog\/\",\"name\":\"Dicodusport\",\"description\":\"L&#039;encyclop\u00e9die de l&#039;actualit\u00e9 sportive\",\"publisher\":{\"@id\":\"https:\/\/dicodusport.fr\/blog\/#organization\"},\"potentialAction\":[{\"@type\":\"SearchAction\",\"target\":{\"@type\":\"EntryPoint\",\"urlTemplate\":\"https:\/\/dicodusport.fr\/blog\/?s={search_term_string}\"},\"query-input\":{\"@type\":\"PropertyValueSpecification\",\"valueRequired\":true,\"valueName\":\"search_term_string\"}}],\"inLanguage\":\"fr-FR\"},{\"@type\":\"NewsMediaOrganization\",\"@id\":\"https:\/\/dicodusport.fr\/blog\/#organization\",\"name\":\"Dicodusport\",\"url\":\"https:\/\/dicodusport.fr\/blog\/\",\"logo\":{\"@type\":\"ImageObject\",\"inLanguage\":\"fr-FR\",\"@id\":\"https:\/\/dicodusport.fr\/blog\/#\/schema\/logo\/image\/\",\"url\":\"https:\/\/dicodusport.fr\/blog\/wp-content\/uploads\/2020\/06\/cropped-LOGO-DICODUSPORT-2020-SANS-FOND-SANS-TEXTE.png\",\"contentUrl\":\"https:\/\/dicodusport.fr\/blog\/wp-content\/uploads\/2020\/06\/cropped-LOGO-DICODUSPORT-2020-SANS-FOND-SANS-TEXTE.png\",\"width\":512,\"height\":512,\"caption\":\"Dicodusport\"},\"image\":{\"@id\":\"https:\/\/dicodusport.fr\/blog\/#\/schema\/logo\/image\/\"},\"sameAs\":[\"https:\/\/www.facebook.com\/dicodusport\",\"https:\/\/x.com\/dicodusport\",\"https:\/\/www.instagram.com\/dicodusport\/\",\"https:\/\/www.youtube.com\/channel\/UC7V2KZ5sd3htJivAbA4ZG3w\"],\"description\":\"Dicodusport est l'encyclop\u00e9die de l'actualit\u00e9 sportive.\",\"email\":\"bonjour@dicodusport.fr\",\"legalName\":\"DICODUSPORT\",\"foundingDate\":\"2018-01-14\",\"vatID\":\"FR71834470973\",\"taxID\":\"83447097300043\",\"numberOfEmployees\":{\"@type\":\"QuantitativeValue\",\"minValue\":\"1\",\"maxValue\":\"10\"}},{\"@type\":\"Person\",\"@id\":\"https:\/\/dicodusport.fr\/blog\/#\/schema\/person\/8bdbbe8b7c921dac0688440eee5a5d94\",\"name\":\"Quentin Marchesan\",\"image\":{\"@type\":\"ImageObject\",\"inLanguage\":\"fr-FR\",\"@id\":\"https:\/\/dicodusport.fr\/blog\/#\/schema\/person\/image\/\",\"url\":\"https:\/\/dicodusport.fr\/blog\/wp-content\/uploads\/2019\/02\/Quentin-face-\u00e0-face-150x150.jpg\",\"contentUrl\":\"https:\/\/dicodusport.fr\/blog\/wp-content\/uploads\/2019\/02\/Quentin-face-\u00e0-face-150x150.jpg\",\"caption\":\"Quentin Marchesan\"},\"url\":\"https:\/\/dicodusport.fr\/blog\/author\/quentin\/\"}]}<\/script>\n<!-- \/ Yoast SEO Premium plugin. -->","yoast_head_json":{"title":"Athl\u00e9tisme : ce qu'il faut retenir des championnats de France \u00c9lite en salle","description":"Ce week-end ont eu lieu les championnats de France \u00c9lite en Salle \u00e0 Miramas, un \u00e9v\u00e9nement tr\u00e8s attendu avant les Europe \u00e0 Glasgow","robots":{"index":"index","follow":"follow","max-snippet":"max-snippet:-1","max-image-preview":"max-image-preview:large","max-video-preview":"max-video-preview:-1"},"canonical":"https:\/\/dicodusport.fr\/blog\/athletisme-ce-qu-il-faut-retenir-des-championnats-de-france-elite-en-salle\/","og_locale":"fr_FR","og_type":"article","og_title":"Athl\u00e9tisme : ce qu'il faut retenir des championnats de France \u00c9lite en salle","og_description":"Ce week-end ont eu lieu les championnats de France \u00c9lite en Salle \u00e0 Miramas, un \u00e9v\u00e9nement tr\u00e8s attendu avant les Europe \u00e0 Glasgow","og_url":"https:\/\/dicodusport.fr\/blog\/athletisme-ce-qu-il-faut-retenir-des-championnats-de-france-elite-en-salle\/","og_site_name":"Dicodusport","article_publisher":"https:\/\/www.facebook.com\/dicodusport","article_published_time":"2019-02-17T19:19:41+00:00","article_modified_time":"2019-02-17T19:52:39+00:00","og_image":[{"width":800,"height":445,"url":"https:\/\/dicodusport.fr\/blog\/wp-content\/uploads\/2019\/02\/Championnats-de-France-\u00e9lite-en-salle-2019-Athl\u00e9tisme.png","type":"image\/png"}],"author":"Quentin Marchesan","twitter_card":"summary_large_image","twitter_creator":"@dicodusport","twitter_site":"@dicodusport","schema":{"@context":"https:\/\/schema.org","@graph":[{"@type":"NewsArticle","@id":"https:\/\/dicodusport.fr\/blog\/athletisme-ce-qu-il-faut-retenir-des-championnats-de-france-elite-en-salle\/#article","isPartOf":{"@id":"https:\/\/dicodusport.fr\/blog\/athletisme-ce-qu-il-faut-retenir-des-championnats-de-france-elite-en-salle\/"},"author":{"name":"Quentin Marchesan","@id":"https:\/\/dicodusport.fr\/blog\/#\/schema\/person\/8bdbbe8b7c921dac0688440eee5a5d94"},"headline":"Athl\u00e9tisme : ce qu&rsquo;il faut retenir des championnats de France \u00c9lite en salle","datePublished":"2019-02-17T19:19:41+00:00","dateModified":"2019-02-17T19:52:39+00:00","mainEntityOfPage":{"@id":"https:\/\/dicodusport.fr\/blog\/athletisme-ce-qu-il-faut-retenir-des-championnats-de-france-elite-en-salle\/"},"wordCount":1651,"commentCount":0,"publisher":{"@id":"https:\/\/dicodusport.fr\/blog\/#organization"},"image":{"@id":"https:\/\/dicodusport.fr\/blog\/athletisme-ce-qu-il-faut-retenir-des-championnats-de-france-elite-en-salle\/#primaryimage"},"thumbnailUrl":"https:\/\/dicodusport.fr\/blog\/wp-content\/uploads\/2019\/02\/Championnats-de-France-\u00e9lite-en-salle-2019-Athl\u00e9tisme.png","keywords":["Championnats de France","Jimmy Gressier","Pascal Martinot-Lagarde"],"articleSection":["Actualit\u00e9s","Athl\u00e9tisme"],"inLanguage":"fr-FR","potentialAction":[{"@type":"CommentAction","name":"Comment","target":["https:\/\/dicodusport.fr\/blog\/athletisme-ce-qu-il-faut-retenir-des-championnats-de-france-elite-en-salle\/#respond"]}],"copyrightYear":"2019","copyrightHolder":{"@id":"https:\/\/dicodusport.fr\/blog\/#organization"}},{"@type":"WebPage","@id":"https:\/\/dicodusport.fr\/blog\/athletisme-ce-qu-il-faut-retenir-des-championnats-de-france-elite-en-salle\/","url":"https:\/\/dicodusport.fr\/blog\/athletisme-ce-qu-il-faut-retenir-des-championnats-de-france-elite-en-salle\/","name":"Athl\u00e9tisme : ce qu'il faut retenir des championnats de France \u00c9lite en salle","isPartOf":{"@id":"https:\/\/dicodusport.fr\/blog\/#website"},"primaryImageOfPage":{"@id":"https:\/\/dicodusport.fr\/blog\/athletisme-ce-qu-il-faut-retenir-des-championnats-de-france-elite-en-salle\/#primaryimage"},"image":{"@id":"https:\/\/dicodusport.fr\/blog\/athletisme-ce-qu-il-faut-retenir-des-championnats-de-france-elite-en-salle\/#primaryimage"},"thumbnailUrl":"https:\/\/dicodusport.fr\/blog\/wp-content\/uploads\/2019\/02\/Championnats-de-France-\u00e9lite-en-salle-2019-Athl\u00e9tisme.png","datePublished":"2019-02-17T19:19:41+00:00","dateModified":"2019-02-17T19:52:39+00:00","description":"Ce week-end ont eu lieu les championnats de France \u00c9lite en Salle \u00e0 Miramas, un \u00e9v\u00e9nement tr\u00e8s attendu avant les Europe \u00e0 Glasgow","breadcrumb":{"@id":"https:\/\/dicodusport.fr\/blog\/athletisme-ce-qu-il-faut-retenir-des-championnats-de-france-elite-en-salle\/#breadcrumb"},"inLanguage":"fr-FR","potentialAction":[{"@type":"ReadAction","target":["https:\/\/dicodusport.fr\/blog\/athletisme-ce-qu-il-faut-retenir-des-championnats-de-france-elite-en-salle\/"]}]},{"@type":"ImageObject","inLanguage":"fr-FR","@id":"https:\/\/dicodusport.fr\/blog\/athletisme-ce-qu-il-faut-retenir-des-championnats-de-france-elite-en-salle\/#primaryimage","url":"https:\/\/dicodusport.fr\/blog\/wp-content\/uploads\/2019\/02\/Championnats-de-France-\u00e9lite-en-salle-2019-Athl\u00e9tisme.png","contentUrl":"https:\/\/dicodusport.fr\/blog\/wp-content\/uploads\/2019\/02\/Championnats-de-France-\u00e9lite-en-salle-2019-Athl\u00e9tisme.png","width":800,"height":445},{"@type":"BreadcrumbList","@id":"https:\/\/dicodusport.fr\/blog\/athletisme-ce-qu-il-faut-retenir-des-championnats-de-france-elite-en-salle\/#breadcrumb","itemListElement":[{"@type":"ListItem","position":1,"name":"Accueil","item":"https:\/\/dicodusport.fr\/blog\/"},{"@type":"ListItem","position":2,"name":"Athl\u00e9tisme : ce qu&rsquo;il faut retenir des championnats de France \u00c9lite en salle"}]},{"@type":"WebSite","@id":"https:\/\/dicodusport.fr\/blog\/#website","url":"https:\/\/dicodusport.fr\/blog\/","name":"Dicodusport","description":"L&#039;encyclop\u00e9die de l&#039;actualit\u00e9 sportive","publisher":{"@id":"https:\/\/dicodusport.fr\/blog\/#organization"},"potentialAction":[{"@type":"SearchAction","target":{"@type":"EntryPoint","urlTemplate":"https:\/\/dicodusport.fr\/blog\/?s={search_term_string}"},"query-input":{"@type":"PropertyValueSpecification","valueRequired":true,"valueName":"search_term_string"}}],"inLanguage":"fr-FR"},{"@type":"NewsMediaOrganization","@id":"https:\/\/dicodusport.fr\/blog\/#organization","name":"Dicodusport","url":"https:\/\/dicodusport.fr\/blog\/","logo":{"@type":"ImageObject","inLanguage":"fr-FR","@id":"https:\/\/dicodusport.fr\/blog\/#\/schema\/logo\/image\/","url":"https:\/\/dicodusport.fr\/blog\/wp-content\/uploads\/2020\/06\/cropped-LOGO-DICODUSPORT-2020-SANS-FOND-SANS-TEXTE.png","contentUrl":"https:\/\/dicodusport.fr\/blog\/wp-content\/uploads\/2020\/06\/cropped-LOGO-DICODUSPORT-2020-SANS-FOND-SANS-TEXTE.png","width":512,"height":512,"caption":"Dicodusport"},"image":{"@id":"https:\/\/dicodusport.fr\/blog\/#\/schema\/logo\/image\/"},"sameAs":["https:\/\/www.facebook.com\/dicodusport","https:\/\/x.com\/dicodusport","https:\/\/www.instagram.com\/dicodusport\/","https:\/\/www.youtube.com\/channel\/UC7V2KZ5sd3htJivAbA4ZG3w"],"description":"Dicodusport est l'encyclop\u00e9die de l'actualit\u00e9 sportive.","email":"bonjour@dicodusport.fr","legalName":"DICODUSPORT","foundingDate":"2018-01-14","vatID":"FR71834470973","taxID":"83447097300043","numberOfEmployees":{"@type":"QuantitativeValue","minValue":"1","maxValue":"10"}},{"@type":"Person","@id":"https:\/\/dicodusport.fr\/blog\/#\/schema\/person\/8bdbbe8b7c921dac0688440eee5a5d94","name":"Quentin Marchesan","image":{"@type":"ImageObject","inLanguage":"fr-FR","@id":"https:\/\/dicodusport.fr\/blog\/#\/schema\/person\/image\/","url":"https:\/\/dicodusport.fr\/blog\/wp-content\/uploads\/2019\/02\/Quentin-face-\u00e0-face-150x150.jpg","contentUrl":"https:\/\/dicodusport.fr\/blog\/wp-content\/uploads\/2019\/02\/Quentin-face-\u00e0-face-150x150.jpg","caption":"Quentin Marchesan"},"url":"https:\/\/dicodusport.fr\/blog\/author\/quentin\/"}]}},"_links":{"self":[{"href":"https:\/\/dicodusport.fr\/blog\/wp-json\/wp\/v2\/posts\/33734","targetHints":{"allow":["GET"]}}],"collection":[{"href":"https:\/\/dicodusport.fr\/blog\/wp-json\/wp\/v2\/posts"}],"about":[{"href":"https:\/\/dicodusport.fr\/blog\/wp-json\/wp\/v2\/types\/post"}],"author":[{"embeddable":true,"href":"https:\/\/dicodusport.fr\/blog\/wp-json\/wp\/v2\/users\/36"}],"replies":[{"embeddable":true,"href":"https:\/\/dicodusport.fr\/blog\/wp-json\/wp\/v2\/comments?post=33734"}],"version-history":[{"count":0,"href":"https:\/\/dicodusport.fr\/blog\/wp-json\/wp\/v2\/posts\/33734\/revisions"}],"wp:featuredmedia":[{"embeddable":true,"href":"https:\/\/dicodusport.fr\/blog\/wp-json\/wp\/v2\/media\/33771"}],"wp:attachment":[{"href":"https:\/\/dicodusport.fr\/blog\/wp-json\/wp\/v2\/media?parent=33734"}],"wp:term":[{"taxonomy":"category","embeddable":true,"href":"https:\/\/dicodusport.fr\/blog\/wp-json\/wp\/v2\/categories?post=33734"},{"taxonomy":"post_tag","embeddable":true,"href":"https:\/\/dicodusport.fr\/blog\/wp-json\/wp\/v2\/tags?post=33734"}],"curies":[{"name":"wp","href":"https:\/\/api.w.org\/{rel}","templated":true}]}}