{"id":33747,"date":"2019-02-17T15:29:45","date_gmt":"2019-02-17T14:29:45","guid":{"rendered":"http:\/\/dicodusport.fr\/blog\/?p=33747"},"modified":"2019-02-17T15:59:32","modified_gmt":"2019-02-17T14:59:32","slug":"troisieme-titre-mondial-pour-marcel-hirscher-en-slalom-pinturault-quatrieme","status":"publish","type":"post","link":"https:\/\/dicodusport.fr\/blog\/troisieme-titre-mondial-pour-marcel-hirscher-en-slalom-pinturault-quatrieme\/","title":{"rendered":"Troisi\u00e8me titre mondial pour Marcel Hirscher en slalom, Pinturault 4\u00e8me"},"content":{"rendered":"<p style=\"text-align: justify;\"><em><strong>Ski alpin &#8211; L&rsquo;Autrichien Marcel Hirscher a d\u00e9croch\u00e9 sa troisi\u00e8me couronne mondiale en slalom, \u00e0 Are (Su\u00e8de). Alexis Pinturault termine au pied du podium. Petite d\u00e9ception pour Cl\u00e9ment No\u00ebl, 7\u00e8me.<\/strong> <\/em><\/p>\n<p style=\"text-align: justify;\">Forfait sur le combin\u00e9, en argent en g\u00e9ant, Marcel Hirscher ne pouvait pas se louper aujourd&rsquo;hui sur le slalom des Mondiaux \u00e0 Are. Stratosph\u00e9rique lors de la premi\u00e8re manche, l&rsquo;Autrichien, tenant du titre, a g\u00e9r\u00e9 dans la deuxi\u00e8me pour remporter son troisi\u00e8me titre plan\u00e9taire dans la discipline, le 7\u00e8me en tout. Cerise sur le g\u00e2teau, c&rsquo;est un tripl\u00e9 autrichien qui montre sur la bo\u00eete sur ce slalom, puisque Marcel Hirscher devance Michael Matt (+0.65) et Marco Schwarz (+0.76).<\/p>\n<h1 style=\"text-align: justify;\">Les Bleus pas loin du compte<\/h1>\n<p style=\"text-align: justify;\">Premier Fran\u00e7ais, Alexis Pinturault pourra nourrir quelques regrets \u00e0 l&rsquo;issue du deuxi\u00e8me acte. Le champion du monde du combin\u00e9 alpin, deuxi\u00e8me apr\u00e8s la premi\u00e8re manche derri\u00e8re Hirscher (+0.56), a commis une grosse faute au milieu du trac\u00e9 lors de la deuxi\u00e8me manche. Malgr\u00e9 un finish de folie, le Savoyard doit se contenter de la quatri\u00e8me place.<\/p>\n<p><span class=\"NtC1QGnJgxFRaiY6psPLDvh2Af38lqVyW0u5SToXBzcjeU7rZIdKOMm9bk4w\"><\/p>\n<blockquote class=\"twitter-tweet\" data-width=\"550\" data-dnt=\"true\">\n<p lang=\"fr\" dir=\"ltr\">Quelle d\u00e9sillusion pour Alexis Pinturault qui part \u00e0 la faute alors qu&#39;il survolait la seconde manche !! Le Fran\u00e7ais termine au pied du podium pour ce petit \u00e9cart ! <a href=\"https:\/\/twitter.com\/hashtag\/Are2019?src=hash&amp;ref_src=twsrc%5Etfw\">#Are2019<\/a> <a href=\"https:\/\/t.co\/NrD2liE4dP\">pic.twitter.com\/NrD2liE4dP<\/a><\/p>\n<p>&mdash; France tv sport (@francetvsport) <a href=\"https:\/\/twitter.com\/francetvsport\/status\/1097141917316497409?ref_src=twsrc%5Etfw\">February 17, 2019<\/a><\/p><\/blockquote>\n<p><script async src=\"https:\/\/platform.twitter.com\/widgets.js\" charset=\"utf-8\"><\/script><\/span><\/p>\n<p style=\"text-align: justify;\">Si Alexis Pinturault repart avec deux m\u00e9dailles de Su\u00e8de, Cl\u00e9ment No\u00ebl devra patienter pour d\u00e9crocher sa premi\u00e8re m\u00e9daille mondiale en individuel. Le Vosgien termine \u00e0 la 7\u00e8me place aujourd&rsquo;hui, apr\u00e8s ne pas avoir r\u00e9ussi \u00e0 se l\u00e2cher sur les pentes de la piste su\u00e9doise. Une performance n\u00e9anmoins encourageante pour le skieur de 21 ans. A noter que Victor Muffat-Jeandet s&rsquo;est class\u00e9 16\u00e8me. Julien Lizeroux avait quant \u00e0 lui enfourch\u00e9 lors du premier acte.<\/p>\n<p><strong><em>Flo Ostermann<br \/>\n<a href=\"https:\/\/www.facebook.com\/florent.ostermann\"><img loading=\"lazy\" decoding=\"async\" class=\"alignnone wp-image-2909\" src=\"http:\/\/dicodusport.fr\/blog\/wp-content\/uploads\/2017\/07\/logo-facebook-150x150.png\" sizes=\"auto, (max-width: 40px) 100vw, 40px\" srcset=\"https:\/\/dicodusport.fr\/blog\/wp-content\/uploads\/2017\/07\/logo-facebook-150x150.png 150w, https:\/\/dicodusport.fr\/blog\/wp-content\/uploads\/2017\/07\/logo-facebook-300x300.png 300w, https:\/\/dicodusport.fr\/blog\/wp-content\/uploads\/2017\/07\/logo-facebook.png 400w\" alt=\"\" width=\"40\" height=\"40\" \/><\/a><a href=\"https:\/\/twitter.com\/SportInsideMag\"><img loading=\"lazy\" decoding=\"async\" class=\"alignnone wp-image-2908\" src=\"http:\/\/dicodusport.fr\/blog\/wp-content\/uploads\/2017\/07\/logo-twitter-150x150.png\" alt=\"\" width=\"39\" height=\"39\" \/><\/a><\/em><\/strong><\/p>\n","protected":false},"excerpt":{"rendered":"<p>Ski alpin &#8211; L&rsquo;Autrichien Marcel Hirscher a d\u00e9croch\u00e9 sa troisi\u00e8me couronne mondiale en slalom, \u00e0 Are (Su\u00e8de). Alexis Pinturault termine au pied du podium.<\/p>\n","protected":false},"author":4,"featured_media":33748,"comment_status":"open","ping_status":"closed","sticky":false,"template":"","format":"standard","meta":{"_acf_changed":false,"_daextam_enable_autolinks":"","footnotes":""},"categories":[2,2313],"tags":[1495,2233,7270],"class_list":["post-33747","post","type-post","status-publish","format-standard","has-post-thumbnail","hentry","category-actualites","category-sports-dhiver","tag-mondiaux","tag-ski-alpin","tag-slalom-hommes"],"acf":[],"yoast_head":"<!-- This site is optimized with the Yoast SEO Premium plugin v26.7 (Yoast SEO v26.7) - https:\/\/yoast.com\/wordpress\/plugins\/seo\/ -->\n<title>Troisi\u00e8me titre mondial pour Marcel Hirscher en slalom, Pinturault 4\u00e8me<\/title>\n<meta name=\"description\" content=\"Ski alpin - L&#039;Autrichien Marcel Hirscher a d\u00e9croch\u00e9 sa troisi\u00e8me couronne mondiale en slalom, \u00e0 Are (Su\u00e8de). Alexis Pinturault termine au pied du podium.\" \/>\n<meta name=\"robots\" content=\"index, follow, max-snippet:-1, max-image-preview:large, max-video-preview:-1\" \/>\n<link rel=\"canonical\" href=\"https:\/\/dicodusport.fr\/blog\/troisieme-titre-mondial-pour-marcel-hirscher-en-slalom-pinturault-quatrieme\/\" \/>\n<meta property=\"og:locale\" content=\"fr_FR\" \/>\n<meta property=\"og:type\" content=\"article\" \/>\n<meta property=\"og:title\" content=\"Troisi\u00e8me titre mondial pour Marcel Hirscher en slalom, Pinturault 4\u00e8me\" \/>\n<meta property=\"og:description\" content=\"Ski alpin - L&#039;Autrichien Marcel Hirscher a d\u00e9croch\u00e9 sa troisi\u00e8me couronne mondiale en slalom, \u00e0 Are (Su\u00e8de). Alexis Pinturault termine au pied du podium.\" \/>\n<meta property=\"og:url\" content=\"https:\/\/dicodusport.fr\/blog\/troisieme-titre-mondial-pour-marcel-hirscher-en-slalom-pinturault-quatrieme\/\" \/>\n<meta property=\"og:site_name\" content=\"Dicodusport\" \/>\n<meta property=\"article:publisher\" content=\"https:\/\/www.facebook.com\/dicodusport\" \/>\n<meta property=\"article:author\" content=\"https:\/\/www.facebook.com\/florent.ostermann\" \/>\n<meta property=\"article:published_time\" content=\"2019-02-17T14:29:45+00:00\" \/>\n<meta property=\"article:modified_time\" content=\"2019-02-17T14:59:32+00:00\" \/>\n<meta property=\"og:image\" content=\"https:\/\/dicodusport.fr\/blog\/wp-content\/uploads\/2019\/02\/Marcel-Hirscher-Slalom-Mondiaux-Are-2019.png\" \/>\n\t<meta property=\"og:image:width\" content=\"800\" \/>\n\t<meta property=\"og:image:height\" content=\"445\" \/>\n\t<meta property=\"og:image:type\" content=\"image\/png\" \/>\n<meta name=\"author\" content=\"Flo Ostermann\" \/>\n<meta name=\"twitter:card\" content=\"summary_large_image\" \/>\n<meta name=\"twitter:creator\" content=\"@https:\/\/twitter.com\/FlOstermann\" \/>\n<meta name=\"twitter:site\" content=\"@dicodusport\" \/>\n<script type=\"application\/ld+json\" class=\"yoast-schema-graph\">{\"@context\":\"https:\/\/schema.org\",\"@graph\":[{\"@type\":\"NewsArticle\",\"@id\":\"https:\/\/dicodusport.fr\/blog\/troisieme-titre-mondial-pour-marcel-hirscher-en-slalom-pinturault-quatrieme\/#article\",\"isPartOf\":{\"@id\":\"https:\/\/dicodusport.fr\/blog\/troisieme-titre-mondial-pour-marcel-hirscher-en-slalom-pinturault-quatrieme\/\"},\"author\":{\"name\":\"Flo Ostermann\",\"@id\":\"https:\/\/dicodusport.fr\/blog\/#\/schema\/person\/cb02af4c173ce4a653b55e9baf388d4a\"},\"headline\":\"Troisi\u00e8me titre mondial pour Marcel Hirscher en slalom, Pinturault 4\u00e8me\",\"datePublished\":\"2019-02-17T14:29:45+00:00\",\"dateModified\":\"2019-02-17T14:59:32+00:00\",\"mainEntityOfPage\":{\"@id\":\"https:\/\/dicodusport.fr\/blog\/troisieme-titre-mondial-pour-marcel-hirscher-en-slalom-pinturault-quatrieme\/\"},\"wordCount\":293,\"commentCount\":0,\"publisher\":{\"@id\":\"https:\/\/dicodusport.fr\/blog\/#organization\"},\"image\":{\"@id\":\"https:\/\/dicodusport.fr\/blog\/troisieme-titre-mondial-pour-marcel-hirscher-en-slalom-pinturault-quatrieme\/#primaryimage\"},\"thumbnailUrl\":\"https:\/\/dicodusport.fr\/blog\/wp-content\/uploads\/2019\/02\/Marcel-Hirscher-Slalom-Mondiaux-Are-2019.png\",\"keywords\":[\"mondiaux\",\"Ski alpin\",\"Slalom hommes\"],\"articleSection\":[\"Actualit\u00e9s\",\"Sports d'hiver\"],\"inLanguage\":\"fr-FR\",\"potentialAction\":[{\"@type\":\"CommentAction\",\"name\":\"Comment\",\"target\":[\"https:\/\/dicodusport.fr\/blog\/troisieme-titre-mondial-pour-marcel-hirscher-en-slalom-pinturault-quatrieme\/#respond\"]}],\"copyrightYear\":\"2019\",\"copyrightHolder\":{\"@id\":\"https:\/\/dicodusport.fr\/blog\/#organization\"}},{\"@type\":\"WebPage\",\"@id\":\"https:\/\/dicodusport.fr\/blog\/troisieme-titre-mondial-pour-marcel-hirscher-en-slalom-pinturault-quatrieme\/\",\"url\":\"https:\/\/dicodusport.fr\/blog\/troisieme-titre-mondial-pour-marcel-hirscher-en-slalom-pinturault-quatrieme\/\",\"name\":\"Troisi\u00e8me titre mondial pour Marcel Hirscher en slalom, Pinturault 4\u00e8me\",\"isPartOf\":{\"@id\":\"https:\/\/dicodusport.fr\/blog\/#website\"},\"primaryImageOfPage\":{\"@id\":\"https:\/\/dicodusport.fr\/blog\/troisieme-titre-mondial-pour-marcel-hirscher-en-slalom-pinturault-quatrieme\/#primaryimage\"},\"image\":{\"@id\":\"https:\/\/dicodusport.fr\/blog\/troisieme-titre-mondial-pour-marcel-hirscher-en-slalom-pinturault-quatrieme\/#primaryimage\"},\"thumbnailUrl\":\"https:\/\/dicodusport.fr\/blog\/wp-content\/uploads\/2019\/02\/Marcel-Hirscher-Slalom-Mondiaux-Are-2019.png\",\"datePublished\":\"2019-02-17T14:29:45+00:00\",\"dateModified\":\"2019-02-17T14:59:32+00:00\",\"description\":\"Ski alpin - L'Autrichien Marcel Hirscher a d\u00e9croch\u00e9 sa troisi\u00e8me couronne mondiale en slalom, \u00e0 Are (Su\u00e8de). Alexis Pinturault termine au pied du podium.\",\"breadcrumb\":{\"@id\":\"https:\/\/dicodusport.fr\/blog\/troisieme-titre-mondial-pour-marcel-hirscher-en-slalom-pinturault-quatrieme\/#breadcrumb\"},\"inLanguage\":\"fr-FR\",\"potentialAction\":[{\"@type\":\"ReadAction\",\"target\":[\"https:\/\/dicodusport.fr\/blog\/troisieme-titre-mondial-pour-marcel-hirscher-en-slalom-pinturault-quatrieme\/\"]}]},{\"@type\":\"ImageObject\",\"inLanguage\":\"fr-FR\",\"@id\":\"https:\/\/dicodusport.fr\/blog\/troisieme-titre-mondial-pour-marcel-hirscher-en-slalom-pinturault-quatrieme\/#primaryimage\",\"url\":\"https:\/\/dicodusport.fr\/blog\/wp-content\/uploads\/2019\/02\/Marcel-Hirscher-Slalom-Mondiaux-Are-2019.png\",\"contentUrl\":\"https:\/\/dicodusport.fr\/blog\/wp-content\/uploads\/2019\/02\/Marcel-Hirscher-Slalom-Mondiaux-Are-2019.png\",\"width\":800,\"height\":445},{\"@type\":\"BreadcrumbList\",\"@id\":\"https:\/\/dicodusport.fr\/blog\/troisieme-titre-mondial-pour-marcel-hirscher-en-slalom-pinturault-quatrieme\/#breadcrumb\",\"itemListElement\":[{\"@type\":\"ListItem\",\"position\":1,\"name\":\"Accueil\",\"item\":\"https:\/\/dicodusport.fr\/blog\/\"},{\"@type\":\"ListItem\",\"position\":2,\"name\":\"Troisi\u00e8me titre mondial pour Marcel Hirscher en slalom, Pinturault 4\u00e8me\"}]},{\"@type\":\"WebSite\",\"@id\":\"https:\/\/dicodusport.fr\/blog\/#website\",\"url\":\"https:\/\/dicodusport.fr\/blog\/\",\"name\":\"Dicodusport\",\"description\":\"L&#039;encyclop\u00e9die de l&#039;actualit\u00e9 sportive\",\"publisher\":{\"@id\":\"https:\/\/dicodusport.fr\/blog\/#organization\"},\"potentialAction\":[{\"@type\":\"SearchAction\",\"target\":{\"@type\":\"EntryPoint\",\"urlTemplate\":\"https:\/\/dicodusport.fr\/blog\/?s={search_term_string}\"},\"query-input\":{\"@type\":\"PropertyValueSpecification\",\"valueRequired\":true,\"valueName\":\"search_term_string\"}}],\"inLanguage\":\"fr-FR\"},{\"@type\":\"NewsMediaOrganization\",\"@id\":\"https:\/\/dicodusport.fr\/blog\/#organization\",\"name\":\"Dicodusport\",\"url\":\"https:\/\/dicodusport.fr\/blog\/\",\"logo\":{\"@type\":\"ImageObject\",\"inLanguage\":\"fr-FR\",\"@id\":\"https:\/\/dicodusport.fr\/blog\/#\/schema\/logo\/image\/\",\"url\":\"https:\/\/dicodusport.fr\/blog\/wp-content\/uploads\/2020\/06\/cropped-LOGO-DICODUSPORT-2020-SANS-FOND-SANS-TEXTE.png\",\"contentUrl\":\"https:\/\/dicodusport.fr\/blog\/wp-content\/uploads\/2020\/06\/cropped-LOGO-DICODUSPORT-2020-SANS-FOND-SANS-TEXTE.png\",\"width\":512,\"height\":512,\"caption\":\"Dicodusport\"},\"image\":{\"@id\":\"https:\/\/dicodusport.fr\/blog\/#\/schema\/logo\/image\/\"},\"sameAs\":[\"https:\/\/www.facebook.com\/dicodusport\",\"https:\/\/x.com\/dicodusport\",\"https:\/\/www.instagram.com\/dicodusport\/\",\"https:\/\/www.youtube.com\/channel\/UC7V2KZ5sd3htJivAbA4ZG3w\"],\"description\":\"Dicodusport est l'encyclop\u00e9die de l'actualit\u00e9 sportive.\",\"email\":\"bonjour@dicodusport.fr\",\"legalName\":\"DICODUSPORT\",\"foundingDate\":\"2018-01-14\",\"vatID\":\"FR71834470973\",\"taxID\":\"83447097300043\",\"numberOfEmployees\":{\"@type\":\"QuantitativeValue\",\"minValue\":\"1\",\"maxValue\":\"10\"}},{\"@type\":\"Person\",\"@id\":\"https:\/\/dicodusport.fr\/blog\/#\/schema\/person\/cb02af4c173ce4a653b55e9baf388d4a\",\"name\":\"Flo Ostermann\",\"image\":{\"@type\":\"ImageObject\",\"inLanguage\":\"fr-FR\",\"@id\":\"https:\/\/dicodusport.fr\/blog\/#\/schema\/person\/image\/\",\"url\":\"https:\/\/dicodusport.fr\/blog\/wp-content\/uploads\/2021\/05\/Flo-Ostermann-150x150.jpg\",\"contentUrl\":\"https:\/\/dicodusport.fr\/blog\/wp-content\/uploads\/2021\/05\/Flo-Ostermann-150x150.jpg\",\"caption\":\"Flo Ostermann\"},\"description\":\"Journaliste\/R\u00e9dacteur depuis septembre 2015 - Mes premiers souvenirs dans le sport ? Les envol\u00e9es du Stade Toulousain et les duels Villeneuve-Schumacher et H\u00e4kkinen-Schumacher \u00e0 la fin des ann\u00e9es 90, la Coupe du monde de football en 1998, l\u2019exploit du XV de France face aux All Blacks en 1999, mais aussi Richard C\u0153ur de Lion qui vole sur les montagnes du Tour de France. Bien parti pour devenir professeur d\u2019EPS, les \u00e9v\u00e9nements de la vie (et la flemme d\u2019animer des s\u00e9ances de 3x500 m\u00e8tres toute ma vie) m\u2019ont conduit \u00e0 revoir mes plans. Me voil\u00e0 depuis fin 2017 sur Dicodusport, m\u00e9dia gr\u00e2ce (et pour) lequel je partage ma passion : le sport dans tous ses \u00e9tats. Le tout accompagn\u00e9 par les fous furieux et folles furieuses cit\u00e9s sur cette page !\",\"sameAs\":[\"https:\/\/www.facebook.com\/florent.ostermann\",\"https:\/\/x.com\/https:\/\/twitter.com\/FlOstermann\",\"admin\"],\"url\":\"https:\/\/dicodusport.fr\/blog\/author\/flo\/\"}]}<\/script>\n<!-- \/ Yoast SEO Premium plugin. -->","yoast_head_json":{"title":"Troisi\u00e8me titre mondial pour Marcel Hirscher en slalom, Pinturault 4\u00e8me","description":"Ski alpin - L'Autrichien Marcel Hirscher a d\u00e9croch\u00e9 sa troisi\u00e8me couronne mondiale en slalom, \u00e0 Are (Su\u00e8de). Alexis Pinturault termine au pied du podium.","robots":{"index":"index","follow":"follow","max-snippet":"max-snippet:-1","max-image-preview":"max-image-preview:large","max-video-preview":"max-video-preview:-1"},"canonical":"https:\/\/dicodusport.fr\/blog\/troisieme-titre-mondial-pour-marcel-hirscher-en-slalom-pinturault-quatrieme\/","og_locale":"fr_FR","og_type":"article","og_title":"Troisi\u00e8me titre mondial pour Marcel Hirscher en slalom, Pinturault 4\u00e8me","og_description":"Ski alpin - L'Autrichien Marcel Hirscher a d\u00e9croch\u00e9 sa troisi\u00e8me couronne mondiale en slalom, \u00e0 Are (Su\u00e8de). Alexis Pinturault termine au pied du podium.","og_url":"https:\/\/dicodusport.fr\/blog\/troisieme-titre-mondial-pour-marcel-hirscher-en-slalom-pinturault-quatrieme\/","og_site_name":"Dicodusport","article_publisher":"https:\/\/www.facebook.com\/dicodusport","article_author":"https:\/\/www.facebook.com\/florent.ostermann","article_published_time":"2019-02-17T14:29:45+00:00","article_modified_time":"2019-02-17T14:59:32+00:00","og_image":[{"width":800,"height":445,"url":"https:\/\/dicodusport.fr\/blog\/wp-content\/uploads\/2019\/02\/Marcel-Hirscher-Slalom-Mondiaux-Are-2019.png","type":"image\/png"}],"author":"Flo Ostermann","twitter_card":"summary_large_image","twitter_creator":"@https:\/\/twitter.com\/FlOstermann","twitter_site":"@dicodusport","schema":{"@context":"https:\/\/schema.org","@graph":[{"@type":"NewsArticle","@id":"https:\/\/dicodusport.fr\/blog\/troisieme-titre-mondial-pour-marcel-hirscher-en-slalom-pinturault-quatrieme\/#article","isPartOf":{"@id":"https:\/\/dicodusport.fr\/blog\/troisieme-titre-mondial-pour-marcel-hirscher-en-slalom-pinturault-quatrieme\/"},"author":{"name":"Flo Ostermann","@id":"https:\/\/dicodusport.fr\/blog\/#\/schema\/person\/cb02af4c173ce4a653b55e9baf388d4a"},"headline":"Troisi\u00e8me titre mondial pour Marcel Hirscher en slalom, Pinturault 4\u00e8me","datePublished":"2019-02-17T14:29:45+00:00","dateModified":"2019-02-17T14:59:32+00:00","mainEntityOfPage":{"@id":"https:\/\/dicodusport.fr\/blog\/troisieme-titre-mondial-pour-marcel-hirscher-en-slalom-pinturault-quatrieme\/"},"wordCount":293,"commentCount":0,"publisher":{"@id":"https:\/\/dicodusport.fr\/blog\/#organization"},"image":{"@id":"https:\/\/dicodusport.fr\/blog\/troisieme-titre-mondial-pour-marcel-hirscher-en-slalom-pinturault-quatrieme\/#primaryimage"},"thumbnailUrl":"https:\/\/dicodusport.fr\/blog\/wp-content\/uploads\/2019\/02\/Marcel-Hirscher-Slalom-Mondiaux-Are-2019.png","keywords":["mondiaux","Ski alpin","Slalom hommes"],"articleSection":["Actualit\u00e9s","Sports d'hiver"],"inLanguage":"fr-FR","potentialAction":[{"@type":"CommentAction","name":"Comment","target":["https:\/\/dicodusport.fr\/blog\/troisieme-titre-mondial-pour-marcel-hirscher-en-slalom-pinturault-quatrieme\/#respond"]}],"copyrightYear":"2019","copyrightHolder":{"@id":"https:\/\/dicodusport.fr\/blog\/#organization"}},{"@type":"WebPage","@id":"https:\/\/dicodusport.fr\/blog\/troisieme-titre-mondial-pour-marcel-hirscher-en-slalom-pinturault-quatrieme\/","url":"https:\/\/dicodusport.fr\/blog\/troisieme-titre-mondial-pour-marcel-hirscher-en-slalom-pinturault-quatrieme\/","name":"Troisi\u00e8me titre mondial pour Marcel Hirscher en slalom, Pinturault 4\u00e8me","isPartOf":{"@id":"https:\/\/dicodusport.fr\/blog\/#website"},"primaryImageOfPage":{"@id":"https:\/\/dicodusport.fr\/blog\/troisieme-titre-mondial-pour-marcel-hirscher-en-slalom-pinturault-quatrieme\/#primaryimage"},"image":{"@id":"https:\/\/dicodusport.fr\/blog\/troisieme-titre-mondial-pour-marcel-hirscher-en-slalom-pinturault-quatrieme\/#primaryimage"},"thumbnailUrl":"https:\/\/dicodusport.fr\/blog\/wp-content\/uploads\/2019\/02\/Marcel-Hirscher-Slalom-Mondiaux-Are-2019.png","datePublished":"2019-02-17T14:29:45+00:00","dateModified":"2019-02-17T14:59:32+00:00","description":"Ski alpin - L'Autrichien Marcel Hirscher a d\u00e9croch\u00e9 sa troisi\u00e8me couronne mondiale en slalom, \u00e0 Are (Su\u00e8de). Alexis Pinturault termine au pied du podium.","breadcrumb":{"@id":"https:\/\/dicodusport.fr\/blog\/troisieme-titre-mondial-pour-marcel-hirscher-en-slalom-pinturault-quatrieme\/#breadcrumb"},"inLanguage":"fr-FR","potentialAction":[{"@type":"ReadAction","target":["https:\/\/dicodusport.fr\/blog\/troisieme-titre-mondial-pour-marcel-hirscher-en-slalom-pinturault-quatrieme\/"]}]},{"@type":"ImageObject","inLanguage":"fr-FR","@id":"https:\/\/dicodusport.fr\/blog\/troisieme-titre-mondial-pour-marcel-hirscher-en-slalom-pinturault-quatrieme\/#primaryimage","url":"https:\/\/dicodusport.fr\/blog\/wp-content\/uploads\/2019\/02\/Marcel-Hirscher-Slalom-Mondiaux-Are-2019.png","contentUrl":"https:\/\/dicodusport.fr\/blog\/wp-content\/uploads\/2019\/02\/Marcel-Hirscher-Slalom-Mondiaux-Are-2019.png","width":800,"height":445},{"@type":"BreadcrumbList","@id":"https:\/\/dicodusport.fr\/blog\/troisieme-titre-mondial-pour-marcel-hirscher-en-slalom-pinturault-quatrieme\/#breadcrumb","itemListElement":[{"@type":"ListItem","position":1,"name":"Accueil","item":"https:\/\/dicodusport.fr\/blog\/"},{"@type":"ListItem","position":2,"name":"Troisi\u00e8me titre mondial pour Marcel Hirscher en slalom, Pinturault 4\u00e8me"}]},{"@type":"WebSite","@id":"https:\/\/dicodusport.fr\/blog\/#website","url":"https:\/\/dicodusport.fr\/blog\/","name":"Dicodusport","description":"L&#039;encyclop\u00e9die de l&#039;actualit\u00e9 sportive","publisher":{"@id":"https:\/\/dicodusport.fr\/blog\/#organization"},"potentialAction":[{"@type":"SearchAction","target":{"@type":"EntryPoint","urlTemplate":"https:\/\/dicodusport.fr\/blog\/?s={search_term_string}"},"query-input":{"@type":"PropertyValueSpecification","valueRequired":true,"valueName":"search_term_string"}}],"inLanguage":"fr-FR"},{"@type":"NewsMediaOrganization","@id":"https:\/\/dicodusport.fr\/blog\/#organization","name":"Dicodusport","url":"https:\/\/dicodusport.fr\/blog\/","logo":{"@type":"ImageObject","inLanguage":"fr-FR","@id":"https:\/\/dicodusport.fr\/blog\/#\/schema\/logo\/image\/","url":"https:\/\/dicodusport.fr\/blog\/wp-content\/uploads\/2020\/06\/cropped-LOGO-DICODUSPORT-2020-SANS-FOND-SANS-TEXTE.png","contentUrl":"https:\/\/dicodusport.fr\/blog\/wp-content\/uploads\/2020\/06\/cropped-LOGO-DICODUSPORT-2020-SANS-FOND-SANS-TEXTE.png","width":512,"height":512,"caption":"Dicodusport"},"image":{"@id":"https:\/\/dicodusport.fr\/blog\/#\/schema\/logo\/image\/"},"sameAs":["https:\/\/www.facebook.com\/dicodusport","https:\/\/x.com\/dicodusport","https:\/\/www.instagram.com\/dicodusport\/","https:\/\/www.youtube.com\/channel\/UC7V2KZ5sd3htJivAbA4ZG3w"],"description":"Dicodusport est l'encyclop\u00e9die de l'actualit\u00e9 sportive.","email":"bonjour@dicodusport.fr","legalName":"DICODUSPORT","foundingDate":"2018-01-14","vatID":"FR71834470973","taxID":"83447097300043","numberOfEmployees":{"@type":"QuantitativeValue","minValue":"1","maxValue":"10"}},{"@type":"Person","@id":"https:\/\/dicodusport.fr\/blog\/#\/schema\/person\/cb02af4c173ce4a653b55e9baf388d4a","name":"Flo Ostermann","image":{"@type":"ImageObject","inLanguage":"fr-FR","@id":"https:\/\/dicodusport.fr\/blog\/#\/schema\/person\/image\/","url":"https:\/\/dicodusport.fr\/blog\/wp-content\/uploads\/2021\/05\/Flo-Ostermann-150x150.jpg","contentUrl":"https:\/\/dicodusport.fr\/blog\/wp-content\/uploads\/2021\/05\/Flo-Ostermann-150x150.jpg","caption":"Flo Ostermann"},"description":"Journaliste\/R\u00e9dacteur depuis septembre 2015 - Mes premiers souvenirs dans le sport ? Les envol\u00e9es du Stade Toulousain et les duels Villeneuve-Schumacher et H\u00e4kkinen-Schumacher \u00e0 la fin des ann\u00e9es 90, la Coupe du monde de football en 1998, l\u2019exploit du XV de France face aux All Blacks en 1999, mais aussi Richard C\u0153ur de Lion qui vole sur les montagnes du Tour de France. Bien parti pour devenir professeur d\u2019EPS, les \u00e9v\u00e9nements de la vie (et la flemme d\u2019animer des s\u00e9ances de 3x500 m\u00e8tres toute ma vie) m\u2019ont conduit \u00e0 revoir mes plans. Me voil\u00e0 depuis fin 2017 sur Dicodusport, m\u00e9dia gr\u00e2ce (et pour) lequel je partage ma passion : le sport dans tous ses \u00e9tats. Le tout accompagn\u00e9 par les fous furieux et folles furieuses cit\u00e9s sur cette page !","sameAs":["https:\/\/www.facebook.com\/florent.ostermann","https:\/\/x.com\/https:\/\/twitter.com\/FlOstermann","admin"],"url":"https:\/\/dicodusport.fr\/blog\/author\/flo\/"}]}},"_links":{"self":[{"href":"https:\/\/dicodusport.fr\/blog\/wp-json\/wp\/v2\/posts\/33747","targetHints":{"allow":["GET"]}}],"collection":[{"href":"https:\/\/dicodusport.fr\/blog\/wp-json\/wp\/v2\/posts"}],"about":[{"href":"https:\/\/dicodusport.fr\/blog\/wp-json\/wp\/v2\/types\/post"}],"author":[{"embeddable":true,"href":"https:\/\/dicodusport.fr\/blog\/wp-json\/wp\/v2\/users\/4"}],"replies":[{"embeddable":true,"href":"https:\/\/dicodusport.fr\/blog\/wp-json\/wp\/v2\/comments?post=33747"}],"version-history":[{"count":0,"href":"https:\/\/dicodusport.fr\/blog\/wp-json\/wp\/v2\/posts\/33747\/revisions"}],"wp:featuredmedia":[{"embeddable":true,"href":"https:\/\/dicodusport.fr\/blog\/wp-json\/wp\/v2\/media\/33748"}],"wp:attachment":[{"href":"https:\/\/dicodusport.fr\/blog\/wp-json\/wp\/v2\/media?parent=33747"}],"wp:term":[{"taxonomy":"category","embeddable":true,"href":"https:\/\/dicodusport.fr\/blog\/wp-json\/wp\/v2\/categories?post=33747"},{"taxonomy":"post_tag","embeddable":true,"href":"https:\/\/dicodusport.fr\/blog\/wp-json\/wp\/v2\/tags?post=33747"}],"curies":[{"name":"wp","href":"https:\/\/api.w.org\/{rel}","templated":true}]}}