{"id":33829,"date":"2019-02-19T08:45:23","date_gmt":"2019-02-19T07:45:23","guid":{"rendered":"http:\/\/dicodusport.fr\/blog\/?p=33829"},"modified":"2025-09-16T09:14:47","modified_gmt":"2025-09-16T07:14:47","slug":"ligue-des-champions-lyon-peut-il-vraiment-le-faire","status":"publish","type":"post","link":"https:\/\/dicodusport.fr\/blog\/ligue-des-champions-lyon-peut-il-vraiment-le-faire\/","title":{"rendered":"Ligue des Champions : Lyon peut-il (vraiment) le faire ?"},"content":{"rendered":"<p style=\"text-align: justify;\"><em><strong>Ce soir, l&rsquo;Olympique Lyonnais affrontera au Groupama Stadium le FC Barcelone pour le compte des 8e de finale aller de la Ligue des Champions. Quelles sont les chances du club rhodanien face \u00e0 l&rsquo;un des favoris \u00e0 la victoire finale ?<\/strong><\/em><\/p>\n<p style=\"text-align: justify;\">Apr\u00e8s la victoire du Paris Saint-Germain mardi dernier en terres anglaises face \u00e0 Manchester United, le deuxi\u00e8me club fran\u00e7ais ayant r\u00e9ussi \u00e0 sortir des poules va lui aussi entrer en lice dans cette phase \u00e9liminatoire. Si le Bar\u00e7a semble \u00eatre un candidat s\u00e9rieux \u00e0 la victoire finale, l&rsquo;Olympique Lyonnais n&rsquo;a rien d&rsquo;un faire-valoir et voudra bousculer au maximum les co\u00e9quipiers de Leo Messi.<\/p>\n<h1 style=\"text-align: justify;\">Lyon se transcende face aux \u00ab\u00a0gros\u00a0\u00bb<\/h1>\n<p style=\"text-align: justify;\">Alors que les Lyonnais n&rsquo;avaient plus go\u00fbt\u00e9 au doux parfum de la Ligue des Champions depuis une campagne en 2015-2016 qu&rsquo;ils avaient tristement boucl\u00e9 \u00e0 la derni\u00e8re place de la poule, ils ont cette ann\u00e9e r\u00e9pondu aux attentes en se qualifiant brillamment. Lors de la premi\u00e8re journ\u00e9e se pr\u00e9sentait face \u00e0 eux, le favori de la poule et l&rsquo;un des pr\u00e9tendants s\u00e9rieux au Graal, le Manchester City de Pep Guardiola. Alors que peu d&rsquo;observateurs les donnaient gagnants, ils mettaient \u00e0 mal tous les pronostics en r\u00e9alisant une prestation de haut vol pour l&#8217;emporter sur le score de 2 buts \u00e0 1. Un coup dans l&rsquo;eau ?<\/p>\n<p style=\"text-align: justify;\">C&rsquo;est ce que certains auraient pu croire, mais lors du match retour, les Gones ont montr\u00e9 un visage \u00e0 nouveau s\u00e9duisant, faisant mieux que r\u00e9sister face aux Citizens, le score de 2 buts partout pouvant m\u00eame laisser des regrets aux hommes de Bruno Genesio, un soir o\u00f9 Maxwell Cornet, alors double buteur (et d\u00e9j\u00e0 buteur \u00e0 l&rsquo;aller), semblait marcher sur l&rsquo;eau. Cette facult\u00e9 qu&rsquo;a l&rsquo;Olympique Lyonnais \u00e0 hausser son niveau de jeu face \u00e0 des adversaires au fort pedigree est l&rsquo;un des atouts des co\u00e9quipiers de Nabil Fekir. R\u00e9cemment, ils ont \u00e9t\u00e9 les premiers \u00e0 faire tomber le PSG en championnat \u00e0 domicile. Mieux, depuis que le PSG est sous pavillon qatari (2011\/2012), les Lyonnais ont battu \u00e0 4 reprises \u00e0 domicile les joueurs de la capitale pour deux nuls et seulement deux d\u00e9faites : il s&rsquo;agit tout simplement du meilleur bilan pour une \u00e9quipe de Ligue 1 face aux Parisiens durant cette p\u00e9riode.<\/p>\n<p style=\"text-align: justify;\">Ajoutons \u00e0 cela une \u00e9quipe victorieuse des deux derbys cette saison et \u00e9galement une victoire remport\u00e9e face \u00e0 son meilleur ennemi de la d\u00e9cennie \u00e0 savoir l&rsquo;Olympique de Marseille, les Gones semblent se d\u00e9lecter des grands rendez-vous et bien entendu, celui face au Bar\u00e7a en sera un. Preuve en est, Guy St\u00e9phan l&rsquo;adjoint de Didier Deschamps, assistera \u00e0 la rencontre afin d&rsquo;observer de nombreux joueurs susceptibles d&rsquo;endosser la tunique bleue dans les deux camps, parmi eux, Ousmane Demb\u00e9l\u00e9 qui a bien entendu pris connaissance de la qualit\u00e9 des Rhodaniens : <em>\u00ab<\/em> <em>C&rsquo;est une \u00e9quipe avec de tr\u00e8s bons joueurs. Gagner l\u00e0-bas est tr\u00e8s difficile. Ils ont montr\u00e9, en gagnant face \u00e0 City ou contre le PSG, qu&rsquo;il faudra \u00eatre tr\u00e8s attentifs et ne pas penser que ce sera facile<\/em>. <em>\u00bb<\/em><\/p>\n<h1 style=\"text-align: justify;\">Un dernier rempart d\u00e9cisif<\/h1>\n<p style=\"text-align: justify;\">Si jusqu&rsquo;\u00e0 maintenant l&rsquo;Olympique Lyonnais se tient \u00e0 sa ligne de route, que ce soit sur la sc\u00e8ne europ\u00e9enne ou en championnat, il le doit \u00e0 son collectif mais \u00e9galement en grande partie \u00e0 un homme. Cet homme c&rsquo;est Anthony Lopes, le portier international portugais \u00e2g\u00e9 de 28 ans semble \u00eatre \u00e0 l&rsquo;apog\u00e9e de sa carri\u00e8re. Auteur de prestations de haut vol lors du dernier derby remport\u00e9 dans le Chaudron (2-1) ou derni\u00e8rement face au PSG sur le m\u00eame score pour ne citer que ces exemples les plus r\u00e9cents, il a su se montrer d\u00e9cisif \u00e0 plusieurs reprises cette saison et fait preuve d&rsquo;une r\u00e9gularit\u00e9 qui font de lui sans doute le meilleur gardien de Ligue 1 \u00e0 l&rsquo;heure actuelle. Alors que le Bar\u00e7a aura \u00e0 priori la possession du ballon et devrait se procurer des occasions, le fait de compter un portier de la qualit\u00e9 d&rsquo;Anthony Lopes dans les buts sera un v\u00e9ritable atout.<\/p>\n<div id=\"attachment_33851\" style=\"width: 650px\" class=\"wp-caption aligncenter\"><img loading=\"lazy\" decoding=\"async\" aria-describedby=\"caption-attachment-33851\" class=\"wp-image-33851 size-full\" src=\"http:\/\/dicodusport.fr\/blog\/wp-content\/uploads\/2019\/02\/Anthony-Lopes-aura-un-r\u00f4le-d\u00e9terminant-face-aux-Blaugranas-AFP.jpg\" alt=\"\" width=\"640\" height=\"426\" srcset=\"https:\/\/dicodusport.fr\/blog\/wp-content\/uploads\/2019\/02\/Anthony-Lopes-aura-un-r\u00f4le-d\u00e9terminant-face-aux-Blaugranas-AFP.jpg 640w, https:\/\/dicodusport.fr\/blog\/wp-content\/uploads\/2019\/02\/Anthony-Lopes-aura-un-r\u00f4le-d\u00e9terminant-face-aux-Blaugranas-AFP-300x200.jpg 300w\" sizes=\"auto, (max-width: 640px) 100vw, 640px\" \/><p id=\"caption-attachment-33851\" class=\"wp-caption-text\">Anthony Lopes aura un r\u00f4le d\u00e9terminant face aux Blaugranas &#8211; AFP<\/p><\/div>\n<h1 style=\"text-align: justify;\">Une \u00e9quipe joueuse mais&#8230;<\/h1>\n<p style=\"text-align: justify;\">De mani\u00e8re g\u00e9n\u00e9rale, l&rsquo;\u00e9quipe de Bruno Genesio est l&rsquo;une des \u00e9quipes les plus agr\u00e9ables \u00e0 voir jouer dans l&rsquo;Hexagone. \u00c9quipe d\u00e9sireuse de poss\u00e9der le ballon, avec 58% de possession en moyenne en Ligue 1, les Lyonnais sont seulement d\u00e9pass\u00e9s par le PSG dans ce classement (60%). Troisi\u00e8me attaque avec 40 buts marqu\u00e9s apr\u00e8s 25 journ\u00e9es de championnat, ils semblent avoir des atouts \u00e0 faire valoir offensivement. Mais il y a un b\u00e9mol \u00e0 apporter, car s&rsquo;il est av\u00e9r\u00e9 que Lyon est une \u00e9quipe joueuse et se procure des occasions, elle manque parfois cruellement de r\u00e9alisme et est capable de sortir totalement de son match pour se faire remonter au score, comme lors des deux rencontres face \u00e0 Hoffenheim pour ne citer que ces deux exemples (2-2 et 3-3) alors que Lyon menait \u00e0 chaque fois de deux buts d&rsquo;\u00e9cart.<\/p>\n<p style=\"text-align: justify;\">Si Lyon est pourvu qualitativement et quantitativement sur le front de l&rsquo;attaque, aucun joueur n&rsquo;a inscrit plus de buts en Ligue 1 que Nabil Fekir (8) l&rsquo;homme en forme du moment, dont l&rsquo;absence pourrait peser dans les rangs rhodaniens. En revanche, d&rsquo;autres individualit\u00e9s comme Memphis Depay ou Bertrand Traor\u00e9 d\u00e9\u00e7oivent. Enfin, si Lopes est un atout c\u00f4t\u00e9 Lyonnais, ces derniers esp\u00e8rent de tout c\u0153ur la pr\u00e9sence de Jason Denayer sur le terrain, car malgr\u00e9 la bonne saison de la recrue belge, ils ne sont que la 7\u00e8me d\u00e9fense de Ligue 1.<\/p>\n<h1 style=\"text-align: justify;\">Un adversaire rompu \u00e0 ce genre de rencontres<\/h1>\n<p style=\"text-align: justify;\">Si Jean-Michel Aulas a affirm\u00e9 au Figaro vouloir remporter la C1 avant de passer la main : <em>\u00ab<\/em> <em>Je l&rsquo;ai dit, \u00e7a fait sourire, mais dans cinq ans j&rsquo;esp\u00e8re qu&rsquo;on aura gagn\u00e9 une Coupe d&rsquo;Europe. Je ne veux pas l\u00e2cher avant d&rsquo;avoir remport\u00e9 la Ligue des champions \u00bb,\u00a0<\/em>ses joueurs devront r\u00e9aliser un tr\u00e8s gros match face au FC Barcelone. Si les co\u00e9quipiers de Lionel Messi restent sur des derniers r\u00e9sultats moins aboutis (3 nuls et une victoire 1-0 face \u00e0 Valladoid), ils sont de confortables leaders en Liga avec 7 points d&rsquo;avance sur l&rsquo;Atl\u00e9tico Madrid et sont sortis en t\u00eate d&rsquo;une poule tr\u00e8s relev\u00e9e compos\u00e9e de Tottenham de l&rsquo;Inter et du PSV.<\/p>\n<p style=\"text-align: justify;\">Le danger num\u00e9ro un pour les hommes de G\u00e9n\u00e9sio sera bien entendu Lionel Messi, d\u00e9j\u00e0 auteur de 6 buts dans la comp\u00e9tition et de 30 r\u00e9alisations toutes comp\u00e9titions confondues, mais il ne faudrait pas faire l&rsquo;erreur de se focaliser uniquement sur <em>la Pulga<\/em>, car les Catalans poss\u00e8de la meilleure attaque de leur pays, facile \u00e0 dire c&rsquo;est vrai&#8230; Le quintuple vainqueur de la Ligue des Champions est bien entendu un habitu\u00e9 de ces rendez-vous couperets, pour preuve, eux qui n&rsquo;ont plus \u00e9t\u00e9 absents de la phase \u00e0 \u00e9limination directe depuis la saison 2004-2005 ont \u00e9galement un autre atout \u00e0 faire valoir. Depuis la r\u00e9-instauration des 8\u00e8mes de finale, c&rsquo;est l&rsquo;\u00e9quipe qui en est le plus souvent sortie vainqueur, et cela pourrait avoir son importance face \u00e0 des Lyonnais qui n&rsquo;ont plus connu ce stade de la comp\u00e9tition depuis la saison 2011\/2012 et une \u00e9limination face \u00e0&#8230; l&rsquo;Apoel Nicosie.<\/p>\n<p style=\"text-align: justify;\">Alors si le FC Barcelone fait office de favori, l&rsquo;Olympique Lyonnais aura bien entendu son mot \u00e0 dire, notamment \u00e0 domicile, et si jamais certains avaient du mal \u00e0 y croire Thomas Tuchel lui a affirm\u00e9 que<em> \u00ab Lyon peut clairement battre le Bar\u00e7a, c&rsquo;est une \u00e9quipe qui peut jouer \u00e0 un tr\u00e8s haut niveau \u00bb<\/em>. R\u00e9ponse ce soir aux alentours de 23h.<\/p>\n<p><strong><em>Julien Corr\u00e9ia<br \/>\n<a href=\"https:\/\/www.facebook.com\/julien.correia.52\" target=\"_blank\" rel=\"noopener\"><img loading=\"lazy\" decoding=\"async\" class=\"alignnone wp-image-2909\" src=\"http:\/\/dicodusport.fr\/blog\/wp-content\/uploads\/2017\/07\/logo-facebook-150x150.png\" alt=\"\" width=\"40\" height=\"40\" \/><\/a><a href=\"https:\/\/twitter.com\/julienco_psg70\" target=\"_blank\" rel=\"noopener\"><img loading=\"lazy\" decoding=\"async\" class=\"alignnone wp-image-2908\" src=\"http:\/\/dicodusport.fr\/blog\/wp-content\/uploads\/2017\/07\/logo-twitter-150x150.png\" alt=\"\" width=\"39\" height=\"39\" \/><\/a><\/em><\/strong><\/p>\n","protected":false},"excerpt":{"rendered":"<p>Ligue des Champions &#8211; Quelles sont les chances du club rhodanien face \u00e0 l&rsquo;un des favoris \u00e0 la victoire finale, le FC Barcelone ?<\/p>\n","protected":false},"author":37,"featured_media":33852,"comment_status":"open","ping_status":"closed","sticky":false,"template":"","format":"standard","meta":{"_acf_changed":false,"_daextam_enable_autolinks":"","footnotes":""},"categories":[2301,47250],"tags":[912,4203,75,419,449,1145],"class_list":["post-33829","post","type-post","status-publish","format-standard","has-post-thumbnail","hentry","category-football","category-ligue-des-champions-de-football","tag-barca","tag-fc-barcelone","tag-football","tag-ligue-des-champions","tag-lyon","tag-ol"],"acf":[],"yoast_head":"<!-- This site is optimized with the Yoast SEO Premium plugin v26.7 (Yoast SEO v26.7) - https:\/\/yoast.com\/wordpress\/plugins\/seo\/ -->\n<title>Ligue des Champions : Lyon peut-il (vraiment) le faire ?<\/title>\n<meta name=\"description\" content=\"Ligue des Champions - Quelles sont les chances du club rhodanien face \u00e0 l&#039;un des favoris \u00e0 la victoire finale, le FC Barcelone ?\" \/>\n<meta name=\"robots\" content=\"index, follow, max-snippet:-1, max-image-preview:large, max-video-preview:-1\" \/>\n<link rel=\"canonical\" href=\"https:\/\/dicodusport.fr\/blog\/ligue-des-champions-lyon-peut-il-vraiment-le-faire\/\" \/>\n<meta property=\"og:locale\" content=\"fr_FR\" \/>\n<meta property=\"og:type\" content=\"article\" \/>\n<meta property=\"og:title\" content=\"Ligue des Champions : Lyon peut-il (vraiment) le faire ?\" \/>\n<meta property=\"og:description\" content=\"Ligue des Champions - Quelles sont les chances du club rhodanien face \u00e0 l&#039;un des favoris \u00e0 la victoire finale, le FC Barcelone ?\" \/>\n<meta property=\"og:url\" content=\"https:\/\/dicodusport.fr\/blog\/ligue-des-champions-lyon-peut-il-vraiment-le-faire\/\" \/>\n<meta property=\"og:site_name\" content=\"Dicodusport\" \/>\n<meta property=\"article:publisher\" content=\"https:\/\/www.facebook.com\/dicodusport\" \/>\n<meta property=\"article:author\" content=\"https:\/\/www.facebook.com\/julien.correia.52\" \/>\n<meta property=\"article:published_time\" content=\"2019-02-19T07:45:23+00:00\" \/>\n<meta property=\"article:modified_time\" content=\"2025-09-16T07:14:47+00:00\" \/>\n<meta property=\"og:image\" content=\"https:\/\/dicodusport.fr\/blog\/wp-content\/uploads\/2019\/02\/OL-Ligue-des-Champions-Barcelone.png\" \/>\n\t<meta property=\"og:image:width\" content=\"800\" \/>\n\t<meta property=\"og:image:height\" content=\"445\" \/>\n\t<meta property=\"og:image:type\" content=\"image\/png\" \/>\n<meta name=\"author\" content=\"Julien Correia\" \/>\n<meta name=\"twitter:card\" content=\"summary_large_image\" \/>\n<meta name=\"twitter:creator\" content=\"@https:\/\/twitter.com\/julienco_psg70\" \/>\n<meta name=\"twitter:site\" content=\"@dicodusport\" \/>\n<script type=\"application\/ld+json\" class=\"yoast-schema-graph\">{\"@context\":\"https:\/\/schema.org\",\"@graph\":[{\"@type\":\"NewsArticle\",\"@id\":\"https:\/\/dicodusport.fr\/blog\/ligue-des-champions-lyon-peut-il-vraiment-le-faire\/#article\",\"isPartOf\":{\"@id\":\"https:\/\/dicodusport.fr\/blog\/ligue-des-champions-lyon-peut-il-vraiment-le-faire\/\"},\"author\":{\"name\":\"Julien Correia\",\"@id\":\"https:\/\/dicodusport.fr\/blog\/#\/schema\/person\/0f73d157e4670e108e23009fa82f2239\"},\"headline\":\"Ligue des Champions : Lyon peut-il (vraiment) le faire ?\",\"datePublished\":\"2019-02-19T07:45:23+00:00\",\"dateModified\":\"2025-09-16T07:14:47+00:00\",\"mainEntityOfPage\":{\"@id\":\"https:\/\/dicodusport.fr\/blog\/ligue-des-champions-lyon-peut-il-vraiment-le-faire\/\"},\"wordCount\":1330,\"commentCount\":0,\"publisher\":{\"@id\":\"https:\/\/dicodusport.fr\/blog\/#organization\"},\"image\":{\"@id\":\"https:\/\/dicodusport.fr\/blog\/ligue-des-champions-lyon-peut-il-vraiment-le-faire\/#primaryimage\"},\"thumbnailUrl\":\"https:\/\/dicodusport.fr\/blog\/wp-content\/uploads\/2019\/02\/OL-Ligue-des-Champions-Barcelone.png\",\"keywords\":[\"bar\u00e7a\",\"FC Barcelone\",\"Football\",\"Ligue des champions\",\"Lyon\",\"OL\"],\"articleSection\":[\"Football\",\"Ligue des Champions de football\"],\"inLanguage\":\"fr-FR\",\"potentialAction\":[{\"@type\":\"CommentAction\",\"name\":\"Comment\",\"target\":[\"https:\/\/dicodusport.fr\/blog\/ligue-des-champions-lyon-peut-il-vraiment-le-faire\/#respond\"]}],\"copyrightYear\":\"2019\",\"copyrightHolder\":{\"@id\":\"https:\/\/dicodusport.fr\/blog\/#organization\"}},{\"@type\":\"WebPage\",\"@id\":\"https:\/\/dicodusport.fr\/blog\/ligue-des-champions-lyon-peut-il-vraiment-le-faire\/\",\"url\":\"https:\/\/dicodusport.fr\/blog\/ligue-des-champions-lyon-peut-il-vraiment-le-faire\/\",\"name\":\"Ligue des Champions : Lyon peut-il (vraiment) le faire ?\",\"isPartOf\":{\"@id\":\"https:\/\/dicodusport.fr\/blog\/#website\"},\"primaryImageOfPage\":{\"@id\":\"https:\/\/dicodusport.fr\/blog\/ligue-des-champions-lyon-peut-il-vraiment-le-faire\/#primaryimage\"},\"image\":{\"@id\":\"https:\/\/dicodusport.fr\/blog\/ligue-des-champions-lyon-peut-il-vraiment-le-faire\/#primaryimage\"},\"thumbnailUrl\":\"https:\/\/dicodusport.fr\/blog\/wp-content\/uploads\/2019\/02\/OL-Ligue-des-Champions-Barcelone.png\",\"datePublished\":\"2019-02-19T07:45:23+00:00\",\"dateModified\":\"2025-09-16T07:14:47+00:00\",\"description\":\"Ligue des Champions - Quelles sont les chances du club rhodanien face \u00e0 l'un des favoris \u00e0 la victoire finale, le FC Barcelone ?\",\"breadcrumb\":{\"@id\":\"https:\/\/dicodusport.fr\/blog\/ligue-des-champions-lyon-peut-il-vraiment-le-faire\/#breadcrumb\"},\"inLanguage\":\"fr-FR\",\"potentialAction\":[{\"@type\":\"ReadAction\",\"target\":[\"https:\/\/dicodusport.fr\/blog\/ligue-des-champions-lyon-peut-il-vraiment-le-faire\/\"]}]},{\"@type\":\"ImageObject\",\"inLanguage\":\"fr-FR\",\"@id\":\"https:\/\/dicodusport.fr\/blog\/ligue-des-champions-lyon-peut-il-vraiment-le-faire\/#primaryimage\",\"url\":\"https:\/\/dicodusport.fr\/blog\/wp-content\/uploads\/2019\/02\/OL-Ligue-des-Champions-Barcelone.png\",\"contentUrl\":\"https:\/\/dicodusport.fr\/blog\/wp-content\/uploads\/2019\/02\/OL-Ligue-des-Champions-Barcelone.png\",\"width\":800,\"height\":445},{\"@type\":\"BreadcrumbList\",\"@id\":\"https:\/\/dicodusport.fr\/blog\/ligue-des-champions-lyon-peut-il-vraiment-le-faire\/#breadcrumb\",\"itemListElement\":[{\"@type\":\"ListItem\",\"position\":1,\"name\":\"Accueil\",\"item\":\"https:\/\/dicodusport.fr\/blog\/\"},{\"@type\":\"ListItem\",\"position\":2,\"name\":\"Ligue des Champions : Lyon peut-il (vraiment) le faire ?\"}]},{\"@type\":\"WebSite\",\"@id\":\"https:\/\/dicodusport.fr\/blog\/#website\",\"url\":\"https:\/\/dicodusport.fr\/blog\/\",\"name\":\"Dicodusport\",\"description\":\"L&#039;encyclop\u00e9die de l&#039;actualit\u00e9 sportive\",\"publisher\":{\"@id\":\"https:\/\/dicodusport.fr\/blog\/#organization\"},\"potentialAction\":[{\"@type\":\"SearchAction\",\"target\":{\"@type\":\"EntryPoint\",\"urlTemplate\":\"https:\/\/dicodusport.fr\/blog\/?s={search_term_string}\"},\"query-input\":{\"@type\":\"PropertyValueSpecification\",\"valueRequired\":true,\"valueName\":\"search_term_string\"}}],\"inLanguage\":\"fr-FR\"},{\"@type\":\"NewsMediaOrganization\",\"@id\":\"https:\/\/dicodusport.fr\/blog\/#organization\",\"name\":\"Dicodusport\",\"url\":\"https:\/\/dicodusport.fr\/blog\/\",\"logo\":{\"@type\":\"ImageObject\",\"inLanguage\":\"fr-FR\",\"@id\":\"https:\/\/dicodusport.fr\/blog\/#\/schema\/logo\/image\/\",\"url\":\"https:\/\/dicodusport.fr\/blog\/wp-content\/uploads\/2020\/06\/cropped-LOGO-DICODUSPORT-2020-SANS-FOND-SANS-TEXTE.png\",\"contentUrl\":\"https:\/\/dicodusport.fr\/blog\/wp-content\/uploads\/2020\/06\/cropped-LOGO-DICODUSPORT-2020-SANS-FOND-SANS-TEXTE.png\",\"width\":512,\"height\":512,\"caption\":\"Dicodusport\"},\"image\":{\"@id\":\"https:\/\/dicodusport.fr\/blog\/#\/schema\/logo\/image\/\"},\"sameAs\":[\"https:\/\/www.facebook.com\/dicodusport\",\"https:\/\/x.com\/dicodusport\",\"https:\/\/www.instagram.com\/dicodusport\/\",\"https:\/\/www.youtube.com\/channel\/UC7V2KZ5sd3htJivAbA4ZG3w\"],\"description\":\"Dicodusport est l'encyclop\u00e9die de l'actualit\u00e9 sportive.\",\"email\":\"bonjour@dicodusport.fr\",\"legalName\":\"DICODUSPORT\",\"foundingDate\":\"2018-01-14\",\"vatID\":\"FR71834470973\",\"taxID\":\"83447097300043\",\"numberOfEmployees\":{\"@type\":\"QuantitativeValue\",\"minValue\":\"1\",\"maxValue\":\"10\"}},{\"@type\":\"Person\",\"@id\":\"https:\/\/dicodusport.fr\/blog\/#\/schema\/person\/0f73d157e4670e108e23009fa82f2239\",\"name\":\"Julien Correia\",\"image\":{\"@type\":\"ImageObject\",\"inLanguage\":\"fr-FR\",\"@id\":\"https:\/\/dicodusport.fr\/blog\/#\/schema\/person\/image\/\",\"url\":\"https:\/\/dicodusport.fr\/blog\/wp-content\/uploads\/2021\/05\/Julien-Correia-150x150.jpg\",\"contentUrl\":\"https:\/\/dicodusport.fr\/blog\/wp-content\/uploads\/2021\/05\/Julien-Correia-150x150.jpg\",\"caption\":\"Julien Correia\"},\"description\":\"Journaliste\/r\u00e9dacteur depuis janvier 2019 - Tomb\u00e9 dans le monde du ballon rond \u00e9tant petit, j\u2019aurais pu devenir pro sans ces foutus ligaments crois\u00e9s. D\u00e9filant sur les champs (mais pas Elys\u00e9es) en 98, j\u2019ai \u00e9t\u00e9 berc\u00e9 par les exploits de Mister George, piqu\u00e9 par la technique du Snake, grandi avec Captain Rai et Ronnie, m\u00fbri avec Pauleta et Edi. Mais Ibracadabra, je suis d\u00e9sormais reconverti en runner\/traileur. Moins rapide que Bolt et moins endurant que Jornet, c\u2019est donc plume \u00e0 la main que je partage les exploits de ces athl\u00e8tes !\",\"sameAs\":[\"https:\/\/www.facebook.com\/julien.correia.52\",\"https:\/\/x.com\/https:\/\/twitter.com\/julienco_psg70\"],\"url\":\"https:\/\/dicodusport.fr\/blog\/author\/julien-c\/\"}]}<\/script>\n<!-- \/ Yoast SEO Premium plugin. -->","yoast_head_json":{"title":"Ligue des Champions : Lyon peut-il (vraiment) le faire ?","description":"Ligue des Champions - Quelles sont les chances du club rhodanien face \u00e0 l'un des favoris \u00e0 la victoire finale, le FC Barcelone ?","robots":{"index":"index","follow":"follow","max-snippet":"max-snippet:-1","max-image-preview":"max-image-preview:large","max-video-preview":"max-video-preview:-1"},"canonical":"https:\/\/dicodusport.fr\/blog\/ligue-des-champions-lyon-peut-il-vraiment-le-faire\/","og_locale":"fr_FR","og_type":"article","og_title":"Ligue des Champions : Lyon peut-il (vraiment) le faire ?","og_description":"Ligue des Champions - Quelles sont les chances du club rhodanien face \u00e0 l'un des favoris \u00e0 la victoire finale, le FC Barcelone ?","og_url":"https:\/\/dicodusport.fr\/blog\/ligue-des-champions-lyon-peut-il-vraiment-le-faire\/","og_site_name":"Dicodusport","article_publisher":"https:\/\/www.facebook.com\/dicodusport","article_author":"https:\/\/www.facebook.com\/julien.correia.52","article_published_time":"2019-02-19T07:45:23+00:00","article_modified_time":"2025-09-16T07:14:47+00:00","og_image":[{"width":800,"height":445,"url":"https:\/\/dicodusport.fr\/blog\/wp-content\/uploads\/2019\/02\/OL-Ligue-des-Champions-Barcelone.png","type":"image\/png"}],"author":"Julien Correia","twitter_card":"summary_large_image","twitter_creator":"@https:\/\/twitter.com\/julienco_psg70","twitter_site":"@dicodusport","schema":{"@context":"https:\/\/schema.org","@graph":[{"@type":"NewsArticle","@id":"https:\/\/dicodusport.fr\/blog\/ligue-des-champions-lyon-peut-il-vraiment-le-faire\/#article","isPartOf":{"@id":"https:\/\/dicodusport.fr\/blog\/ligue-des-champions-lyon-peut-il-vraiment-le-faire\/"},"author":{"name":"Julien Correia","@id":"https:\/\/dicodusport.fr\/blog\/#\/schema\/person\/0f73d157e4670e108e23009fa82f2239"},"headline":"Ligue des Champions : Lyon peut-il (vraiment) le faire ?","datePublished":"2019-02-19T07:45:23+00:00","dateModified":"2025-09-16T07:14:47+00:00","mainEntityOfPage":{"@id":"https:\/\/dicodusport.fr\/blog\/ligue-des-champions-lyon-peut-il-vraiment-le-faire\/"},"wordCount":1330,"commentCount":0,"publisher":{"@id":"https:\/\/dicodusport.fr\/blog\/#organization"},"image":{"@id":"https:\/\/dicodusport.fr\/blog\/ligue-des-champions-lyon-peut-il-vraiment-le-faire\/#primaryimage"},"thumbnailUrl":"https:\/\/dicodusport.fr\/blog\/wp-content\/uploads\/2019\/02\/OL-Ligue-des-Champions-Barcelone.png","keywords":["bar\u00e7a","FC Barcelone","Football","Ligue des champions","Lyon","OL"],"articleSection":["Football","Ligue des Champions de football"],"inLanguage":"fr-FR","potentialAction":[{"@type":"CommentAction","name":"Comment","target":["https:\/\/dicodusport.fr\/blog\/ligue-des-champions-lyon-peut-il-vraiment-le-faire\/#respond"]}],"copyrightYear":"2019","copyrightHolder":{"@id":"https:\/\/dicodusport.fr\/blog\/#organization"}},{"@type":"WebPage","@id":"https:\/\/dicodusport.fr\/blog\/ligue-des-champions-lyon-peut-il-vraiment-le-faire\/","url":"https:\/\/dicodusport.fr\/blog\/ligue-des-champions-lyon-peut-il-vraiment-le-faire\/","name":"Ligue des Champions : Lyon peut-il (vraiment) le faire ?","isPartOf":{"@id":"https:\/\/dicodusport.fr\/blog\/#website"},"primaryImageOfPage":{"@id":"https:\/\/dicodusport.fr\/blog\/ligue-des-champions-lyon-peut-il-vraiment-le-faire\/#primaryimage"},"image":{"@id":"https:\/\/dicodusport.fr\/blog\/ligue-des-champions-lyon-peut-il-vraiment-le-faire\/#primaryimage"},"thumbnailUrl":"https:\/\/dicodusport.fr\/blog\/wp-content\/uploads\/2019\/02\/OL-Ligue-des-Champions-Barcelone.png","datePublished":"2019-02-19T07:45:23+00:00","dateModified":"2025-09-16T07:14:47+00:00","description":"Ligue des Champions - Quelles sont les chances du club rhodanien face \u00e0 l'un des favoris \u00e0 la victoire finale, le FC Barcelone ?","breadcrumb":{"@id":"https:\/\/dicodusport.fr\/blog\/ligue-des-champions-lyon-peut-il-vraiment-le-faire\/#breadcrumb"},"inLanguage":"fr-FR","potentialAction":[{"@type":"ReadAction","target":["https:\/\/dicodusport.fr\/blog\/ligue-des-champions-lyon-peut-il-vraiment-le-faire\/"]}]},{"@type":"ImageObject","inLanguage":"fr-FR","@id":"https:\/\/dicodusport.fr\/blog\/ligue-des-champions-lyon-peut-il-vraiment-le-faire\/#primaryimage","url":"https:\/\/dicodusport.fr\/blog\/wp-content\/uploads\/2019\/02\/OL-Ligue-des-Champions-Barcelone.png","contentUrl":"https:\/\/dicodusport.fr\/blog\/wp-content\/uploads\/2019\/02\/OL-Ligue-des-Champions-Barcelone.png","width":800,"height":445},{"@type":"BreadcrumbList","@id":"https:\/\/dicodusport.fr\/blog\/ligue-des-champions-lyon-peut-il-vraiment-le-faire\/#breadcrumb","itemListElement":[{"@type":"ListItem","position":1,"name":"Accueil","item":"https:\/\/dicodusport.fr\/blog\/"},{"@type":"ListItem","position":2,"name":"Ligue des Champions : Lyon peut-il (vraiment) le faire ?"}]},{"@type":"WebSite","@id":"https:\/\/dicodusport.fr\/blog\/#website","url":"https:\/\/dicodusport.fr\/blog\/","name":"Dicodusport","description":"L&#039;encyclop\u00e9die de l&#039;actualit\u00e9 sportive","publisher":{"@id":"https:\/\/dicodusport.fr\/blog\/#organization"},"potentialAction":[{"@type":"SearchAction","target":{"@type":"EntryPoint","urlTemplate":"https:\/\/dicodusport.fr\/blog\/?s={search_term_string}"},"query-input":{"@type":"PropertyValueSpecification","valueRequired":true,"valueName":"search_term_string"}}],"inLanguage":"fr-FR"},{"@type":"NewsMediaOrganization","@id":"https:\/\/dicodusport.fr\/blog\/#organization","name":"Dicodusport","url":"https:\/\/dicodusport.fr\/blog\/","logo":{"@type":"ImageObject","inLanguage":"fr-FR","@id":"https:\/\/dicodusport.fr\/blog\/#\/schema\/logo\/image\/","url":"https:\/\/dicodusport.fr\/blog\/wp-content\/uploads\/2020\/06\/cropped-LOGO-DICODUSPORT-2020-SANS-FOND-SANS-TEXTE.png","contentUrl":"https:\/\/dicodusport.fr\/blog\/wp-content\/uploads\/2020\/06\/cropped-LOGO-DICODUSPORT-2020-SANS-FOND-SANS-TEXTE.png","width":512,"height":512,"caption":"Dicodusport"},"image":{"@id":"https:\/\/dicodusport.fr\/blog\/#\/schema\/logo\/image\/"},"sameAs":["https:\/\/www.facebook.com\/dicodusport","https:\/\/x.com\/dicodusport","https:\/\/www.instagram.com\/dicodusport\/","https:\/\/www.youtube.com\/channel\/UC7V2KZ5sd3htJivAbA4ZG3w"],"description":"Dicodusport est l'encyclop\u00e9die de l'actualit\u00e9 sportive.","email":"bonjour@dicodusport.fr","legalName":"DICODUSPORT","foundingDate":"2018-01-14","vatID":"FR71834470973","taxID":"83447097300043","numberOfEmployees":{"@type":"QuantitativeValue","minValue":"1","maxValue":"10"}},{"@type":"Person","@id":"https:\/\/dicodusport.fr\/blog\/#\/schema\/person\/0f73d157e4670e108e23009fa82f2239","name":"Julien Correia","image":{"@type":"ImageObject","inLanguage":"fr-FR","@id":"https:\/\/dicodusport.fr\/blog\/#\/schema\/person\/image\/","url":"https:\/\/dicodusport.fr\/blog\/wp-content\/uploads\/2021\/05\/Julien-Correia-150x150.jpg","contentUrl":"https:\/\/dicodusport.fr\/blog\/wp-content\/uploads\/2021\/05\/Julien-Correia-150x150.jpg","caption":"Julien Correia"},"description":"Journaliste\/r\u00e9dacteur depuis janvier 2019 - Tomb\u00e9 dans le monde du ballon rond \u00e9tant petit, j\u2019aurais pu devenir pro sans ces foutus ligaments crois\u00e9s. D\u00e9filant sur les champs (mais pas Elys\u00e9es) en 98, j\u2019ai \u00e9t\u00e9 berc\u00e9 par les exploits de Mister George, piqu\u00e9 par la technique du Snake, grandi avec Captain Rai et Ronnie, m\u00fbri avec Pauleta et Edi. Mais Ibracadabra, je suis d\u00e9sormais reconverti en runner\/traileur. Moins rapide que Bolt et moins endurant que Jornet, c\u2019est donc plume \u00e0 la main que je partage les exploits de ces athl\u00e8tes !","sameAs":["https:\/\/www.facebook.com\/julien.correia.52","https:\/\/x.com\/https:\/\/twitter.com\/julienco_psg70"],"url":"https:\/\/dicodusport.fr\/blog\/author\/julien-c\/"}]}},"_links":{"self":[{"href":"https:\/\/dicodusport.fr\/blog\/wp-json\/wp\/v2\/posts\/33829","targetHints":{"allow":["GET"]}}],"collection":[{"href":"https:\/\/dicodusport.fr\/blog\/wp-json\/wp\/v2\/posts"}],"about":[{"href":"https:\/\/dicodusport.fr\/blog\/wp-json\/wp\/v2\/types\/post"}],"author":[{"embeddable":true,"href":"https:\/\/dicodusport.fr\/blog\/wp-json\/wp\/v2\/users\/37"}],"replies":[{"embeddable":true,"href":"https:\/\/dicodusport.fr\/blog\/wp-json\/wp\/v2\/comments?post=33829"}],"version-history":[{"count":1,"href":"https:\/\/dicodusport.fr\/blog\/wp-json\/wp\/v2\/posts\/33829\/revisions"}],"predecessor-version":[{"id":611778,"href":"https:\/\/dicodusport.fr\/blog\/wp-json\/wp\/v2\/posts\/33829\/revisions\/611778"}],"wp:featuredmedia":[{"embeddable":true,"href":"https:\/\/dicodusport.fr\/blog\/wp-json\/wp\/v2\/media\/33852"}],"wp:attachment":[{"href":"https:\/\/dicodusport.fr\/blog\/wp-json\/wp\/v2\/media?parent=33829"}],"wp:term":[{"taxonomy":"category","embeddable":true,"href":"https:\/\/dicodusport.fr\/blog\/wp-json\/wp\/v2\/categories?post=33829"},{"taxonomy":"post_tag","embeddable":true,"href":"https:\/\/dicodusport.fr\/blog\/wp-json\/wp\/v2\/tags?post=33829"}],"curies":[{"name":"wp","href":"https:\/\/api.w.org\/{rel}","templated":true}]}}