{"id":33873,"date":"2019-02-19T17:15:37","date_gmt":"2019-02-19T16:15:37","guid":{"rendered":"http:\/\/dicodusport.fr\/blog\/?p=33873"},"modified":"2025-11-20T18:27:13","modified_gmt":"2025-11-20T17:27:13","slug":"xavier-thevenard-un-defi-pour-une-saucisse","status":"publish","type":"post","link":"https:\/\/dicodusport.fr\/blog\/xavier-thevenard-un-defi-pour-une-saucisse\/","title":{"rendered":"Xavier Th\u00e9venard, un d\u00e9fi pour une saucisse !"},"content":{"rendered":"<p style=\"text-align: justify;\"><em><strong>Xavier Th\u00e9venard, l&rsquo;ultra-trailer fran\u00e7ais, s&rsquo;est lanc\u00e9 dans un d\u00e9fi particuli\u00e8rement insolite ce week-end. Un aller-retour de 376 kms, pour un bonheur simple.<\/strong><\/em><\/p>\n<p style=\"text-align: justify;\">On le sait, rien n&rsquo;arr\u00eate ou presque des ultras-trailers comme Fran\u00e7ois d&rsquo;Haene, Anton Krupicka ou encore Kilian Jornet pour ne citer qu&rsquo;eux. Ces athl\u00e8tes tentent toujours de repousser leurs limites au maximum en accomplissant des exploits souvent incroyables, mettant \u00e0 mal la physiologie humaine. Parmi eux, entre autres, un homme s&rsquo;est \u00e9galement fait un nom dans le milieu, cet homme est Xavier Th\u00e9venard.<\/p>\n<p style=\"text-align: justify;\">Alors qu&rsquo;il f\u00eatera ses 31 ans dans quelques jours, le 6 mars prochain, l&rsquo;athl\u00e8te natif de Nantua dans l&rsquo;Ain poss\u00e8de un palmar\u00e8s \u00e0 couper le souffle, tenez-vous bien, il est notamment le seul \u00e0 ce jour\u00a0\u00e0 avoir r\u00e9alis\u00e9 le Grand Chelem en remportant les 4 courses individuelles du mythique Ultra-Trail du Mont Blanc, dont il franchit la ligne d&rsquo;arriv\u00e9e en t\u00eate des 170 km de l&rsquo;\u00e9preuve reine \u00e0 trois reprises en 2013, 2015 et 2018. Mais si l&rsquo;athl\u00e8te a fait parler de lui ce week-end, c&rsquo;est pour une toute autre raison&#8230;<\/p>\n<h1 style=\"text-align: justify;\">Un aller-retour de 376 km pour une saucisse de Morteau !<\/h1>\n<p style=\"text-align: justify;\">Dans le milieu sportif, certains aiment \u00e0 qualifier les courses p\u00e9destres populaires sans r\u00e9compenses significatives de \u00ab\u00a0courses \u00e0 la saucisse\u00a0\u00bb. D\u00e9sormais, cette appellation pourrait ne plus seulement pr\u00eater \u00e0 sourire, mais faire \u00e9galement r\u00e9sonner l&rsquo;exploit qu&rsquo;a r\u00e9alis\u00e9 l&rsquo;ultra-trailer. Son d\u00e9fi \u00e9tait le suivant : relier la ville de Giron dans l&rsquo;Ain, d\u00e9partement dont il est originaire, \u00e0 celle de Morteau dans le Doubs en empruntant les chemins de la Grande Travers\u00e9e du Jura, soit 376 km. Et ce n&rsquo;est pas tout, l&rsquo;objectif \u00e9tait de boucler ce p\u00e9riple en moins de 24h et de rapporter la fameuse sp\u00e9cialit\u00e9 de la ville Doubiste, en l\u2019occurrence la saucisse de Morteau.<\/p>\n<p style=\"text-align: justify;\"><em>Pepino<\/em> comme il se fait appeler, bien qu&rsquo;il se soit fait un nom dans le trail, a un passif de sportif de haut niveau derri\u00e8re lui, dans une autre discipline : il fut en effet biathl\u00e8te et membre des \u00e9quipes de France juniors, en compagnie d&rsquo;un certain Martin Fourcade.<\/p>\n<p><iframe loading=\"lazy\" style=\"border: currentColor; overflow: hidden;\" src=\"https:\/\/www.facebook.com\/plugins\/video.php?href=https%3A%2F%2Fwww.facebook.com%2FTeamAsicsTrail%2Fvideos%2F861984840810636%2F&amp;show_text=0&amp;width=267\" width=\"267\" height=\"476\" frameborder=\"0\" scrolling=\"no\" allowfullscreen=\"allowfullscreen\"><\/iframe><\/p>\n<p style=\"text-align: justify;\">Celui qui d\u00e9tient le record en compagnie de Didier Roy de la GTJ 200, qui est tout simplement la plus longue course de ski de fond du monde (plus de 200 km dans le Massif du Jura), a r\u00e9ussi son pari en bouclant cet aller-retour en 23 heures et 21 minutes.<\/p>\n<p style=\"text-align: justify;\">L&rsquo;un des prochains d\u00e9fis de 2019 de Xavier Th\u00e9venard sera d&rsquo;une toute autre nature, puisqu&rsquo;il rechaussera les baskets, <a href=\"https:\/\/dicodusport.fr\/blog\/un-plateau-de-reve-pour-la-hardrock-100-version-2019\/\" target=\"_blank\" rel=\"noopener\">notamment lors de la Hardrock 100 o\u00f9 il se mesurera \u00e0 entre autres Kilian Jornet et Fran\u00e7ois d&rsquo;Haene au sein de cette course de l\u00e9gende de 100 miles<\/a>, qui a lieu dans le Colorado. Il aura a c\u0153ur de rectifier le tir de l&rsquo;an pass\u00e9, o\u00f9 il \u00e9tait en t\u00eate mais s&rsquo;\u00e9tait vu disqualifier pour un ravitaillement hors zone. En tous les cas, en guise de ravitaillement, on esp\u00e8re que la saucisse de Morteau valait le (long) trajet.<\/p>\n<p style=\"text-align: justify;\"><strong><em>Julien Corr\u00e9ia<br \/>\n<a href=\"https:\/\/www.facebook.com\/julien.correia.52\" target=\"_blank\" rel=\"noopener\"><img loading=\"lazy\" decoding=\"async\" class=\"alignnone wp-image-2909\" src=\"http:\/\/dicodusport.fr\/blog\/wp-content\/uploads\/2017\/07\/logo-facebook-150x150.png\" alt=\"\" width=\"40\" height=\"40\" \/><\/a><a href=\"https:\/\/twitter.com\/julienco_psg70\" target=\"_blank\" rel=\"noopener\"><img loading=\"lazy\" decoding=\"async\" class=\"alignnone wp-image-2908\" src=\"http:\/\/dicodusport.fr\/blog\/wp-content\/uploads\/2017\/07\/logo-twitter-150x150.png\" alt=\"\" width=\"39\" height=\"39\" \/><\/a><\/em><\/strong><\/p>\n","protected":false},"excerpt":{"rendered":"<p>Xavier Th\u00e9venard, l&rsquo;ultra-trailer fran\u00e7ais, s&rsquo;est lanc\u00e9 dans un d\u00e9fi particuli\u00e8rement insolite ce week-end. Un aller-retour de 376 kms, pour un bonheur simple.<\/p>\n","protected":false},"author":37,"featured_media":33882,"comment_status":"open","ping_status":"closed","sticky":false,"template":"","format":"standard","meta":{"_acf_changed":false,"_daextam_enable_autolinks":"","footnotes":""},"categories":[2316],"tags":[676],"class_list":["post-33873","post","type-post","status-publish","format-standard","has-post-thumbnail","hentry","category-tous-les-sports","tag-ski"],"acf":[],"yoast_head":"<!-- This site is optimized with the Yoast SEO Premium plugin v26.7 (Yoast SEO v26.7) - https:\/\/yoast.com\/wordpress\/plugins\/seo\/ -->\n<title>Xavier Th\u00e9venard, un d\u00e9fi pour une saucisse !<\/title>\n<meta name=\"description\" content=\"Ce week-end, l&#039;ultra-trailer Xavier Th\u00e9venard s&#039;est lanc\u00e9 dans un d\u00e9fi pour le moins insolite, relier Giron \u00e0 Morteau, le tout pour une saucisse !\" \/>\n<meta name=\"robots\" content=\"index, follow, max-snippet:-1, max-image-preview:large, max-video-preview:-1\" \/>\n<link rel=\"canonical\" href=\"https:\/\/dicodusport.fr\/blog\/xavier-thevenard-un-defi-pour-une-saucisse\/\" \/>\n<meta property=\"og:locale\" content=\"fr_FR\" \/>\n<meta property=\"og:type\" content=\"article\" \/>\n<meta property=\"og:title\" content=\"Xavier Th\u00e9venard, un d\u00e9fi pour une saucisse !\" \/>\n<meta property=\"og:description\" content=\"Ce week-end, l&#039;ultra-trailer Xavier Th\u00e9venard s&#039;est lanc\u00e9 dans un d\u00e9fi pour le moins insolite, relier Giron \u00e0 Morteau, le tout pour une saucisse !\" \/>\n<meta property=\"og:url\" content=\"https:\/\/dicodusport.fr\/blog\/xavier-thevenard-un-defi-pour-une-saucisse\/\" \/>\n<meta property=\"og:site_name\" content=\"Dicodusport\" \/>\n<meta property=\"article:publisher\" content=\"https:\/\/www.facebook.com\/dicodusport\" \/>\n<meta property=\"article:author\" content=\"https:\/\/www.facebook.com\/julien.correia.52\" \/>\n<meta property=\"article:published_time\" content=\"2019-02-19T16:15:37+00:00\" \/>\n<meta property=\"article:modified_time\" content=\"2025-11-20T17:27:13+00:00\" \/>\n<meta property=\"og:image\" content=\"https:\/\/dicodusport.fr\/blog\/wp-content\/uploads\/2019\/02\/Xavier-Th\u00e9venard-saucisse-de-morteau.png\" \/>\n\t<meta property=\"og:image:width\" content=\"800\" \/>\n\t<meta property=\"og:image:height\" content=\"445\" \/>\n\t<meta property=\"og:image:type\" content=\"image\/png\" \/>\n<meta name=\"author\" content=\"Julien Correia\" \/>\n<meta name=\"twitter:card\" content=\"summary_large_image\" \/>\n<meta name=\"twitter:creator\" content=\"@https:\/\/twitter.com\/julienco_psg70\" \/>\n<meta name=\"twitter:site\" content=\"@dicodusport\" \/>\n<script type=\"application\/ld+json\" class=\"yoast-schema-graph\">{\"@context\":\"https:\/\/schema.org\",\"@graph\":[{\"@type\":\"NewsArticle\",\"@id\":\"https:\/\/dicodusport.fr\/blog\/xavier-thevenard-un-defi-pour-une-saucisse\/#article\",\"isPartOf\":{\"@id\":\"https:\/\/dicodusport.fr\/blog\/xavier-thevenard-un-defi-pour-une-saucisse\/\"},\"author\":{\"name\":\"Julien Correia\",\"@id\":\"https:\/\/dicodusport.fr\/blog\/#\/schema\/person\/0f73d157e4670e108e23009fa82f2239\"},\"headline\":\"Xavier Th\u00e9venard, un d\u00e9fi pour une saucisse !\",\"datePublished\":\"2019-02-19T16:15:37+00:00\",\"dateModified\":\"2025-11-20T17:27:13+00:00\",\"mainEntityOfPage\":{\"@id\":\"https:\/\/dicodusport.fr\/blog\/xavier-thevenard-un-defi-pour-une-saucisse\/\"},\"wordCount\":539,\"commentCount\":0,\"publisher\":{\"@id\":\"https:\/\/dicodusport.fr\/blog\/#organization\"},\"image\":{\"@id\":\"https:\/\/dicodusport.fr\/blog\/xavier-thevenard-un-defi-pour-une-saucisse\/#primaryimage\"},\"thumbnailUrl\":\"https:\/\/dicodusport.fr\/blog\/wp-content\/uploads\/2019\/02\/Xavier-Th\u00e9venard-saucisse-de-morteau.png\",\"keywords\":[\"ski\"],\"articleSection\":[\"Sports\"],\"inLanguage\":\"fr-FR\",\"potentialAction\":[{\"@type\":\"CommentAction\",\"name\":\"Comment\",\"target\":[\"https:\/\/dicodusport.fr\/blog\/xavier-thevenard-un-defi-pour-une-saucisse\/#respond\"]}],\"copyrightYear\":\"2019\",\"copyrightHolder\":{\"@id\":\"https:\/\/dicodusport.fr\/blog\/#organization\"}},{\"@type\":\"WebPage\",\"@id\":\"https:\/\/dicodusport.fr\/blog\/xavier-thevenard-un-defi-pour-une-saucisse\/\",\"url\":\"https:\/\/dicodusport.fr\/blog\/xavier-thevenard-un-defi-pour-une-saucisse\/\",\"name\":\"Xavier Th\u00e9venard, un d\u00e9fi pour une saucisse !\",\"isPartOf\":{\"@id\":\"https:\/\/dicodusport.fr\/blog\/#website\"},\"primaryImageOfPage\":{\"@id\":\"https:\/\/dicodusport.fr\/blog\/xavier-thevenard-un-defi-pour-une-saucisse\/#primaryimage\"},\"image\":{\"@id\":\"https:\/\/dicodusport.fr\/blog\/xavier-thevenard-un-defi-pour-une-saucisse\/#primaryimage\"},\"thumbnailUrl\":\"https:\/\/dicodusport.fr\/blog\/wp-content\/uploads\/2019\/02\/Xavier-Th\u00e9venard-saucisse-de-morteau.png\",\"datePublished\":\"2019-02-19T16:15:37+00:00\",\"dateModified\":\"2025-11-20T17:27:13+00:00\",\"description\":\"Ce week-end, l'ultra-trailer Xavier Th\u00e9venard s'est lanc\u00e9 dans un d\u00e9fi pour le moins insolite, relier Giron \u00e0 Morteau, le tout pour une saucisse !\",\"breadcrumb\":{\"@id\":\"https:\/\/dicodusport.fr\/blog\/xavier-thevenard-un-defi-pour-une-saucisse\/#breadcrumb\"},\"inLanguage\":\"fr-FR\",\"potentialAction\":[{\"@type\":\"ReadAction\",\"target\":[\"https:\/\/dicodusport.fr\/blog\/xavier-thevenard-un-defi-pour-une-saucisse\/\"]}]},{\"@type\":\"ImageObject\",\"inLanguage\":\"fr-FR\",\"@id\":\"https:\/\/dicodusport.fr\/blog\/xavier-thevenard-un-defi-pour-une-saucisse\/#primaryimage\",\"url\":\"https:\/\/dicodusport.fr\/blog\/wp-content\/uploads\/2019\/02\/Xavier-Th\u00e9venard-saucisse-de-morteau.png\",\"contentUrl\":\"https:\/\/dicodusport.fr\/blog\/wp-content\/uploads\/2019\/02\/Xavier-Th\u00e9venard-saucisse-de-morteau.png\",\"width\":800,\"height\":445},{\"@type\":\"BreadcrumbList\",\"@id\":\"https:\/\/dicodusport.fr\/blog\/xavier-thevenard-un-defi-pour-une-saucisse\/#breadcrumb\",\"itemListElement\":[{\"@type\":\"ListItem\",\"position\":1,\"name\":\"Accueil\",\"item\":\"https:\/\/dicodusport.fr\/blog\/\"},{\"@type\":\"ListItem\",\"position\":2,\"name\":\"Xavier Th\u00e9venard, un d\u00e9fi pour une saucisse !\"}]},{\"@type\":\"WebSite\",\"@id\":\"https:\/\/dicodusport.fr\/blog\/#website\",\"url\":\"https:\/\/dicodusport.fr\/blog\/\",\"name\":\"Dicodusport\",\"description\":\"L&#039;encyclop\u00e9die de l&#039;actualit\u00e9 sportive\",\"publisher\":{\"@id\":\"https:\/\/dicodusport.fr\/blog\/#organization\"},\"potentialAction\":[{\"@type\":\"SearchAction\",\"target\":{\"@type\":\"EntryPoint\",\"urlTemplate\":\"https:\/\/dicodusport.fr\/blog\/?s={search_term_string}\"},\"query-input\":{\"@type\":\"PropertyValueSpecification\",\"valueRequired\":true,\"valueName\":\"search_term_string\"}}],\"inLanguage\":\"fr-FR\"},{\"@type\":\"NewsMediaOrganization\",\"@id\":\"https:\/\/dicodusport.fr\/blog\/#organization\",\"name\":\"Dicodusport\",\"url\":\"https:\/\/dicodusport.fr\/blog\/\",\"logo\":{\"@type\":\"ImageObject\",\"inLanguage\":\"fr-FR\",\"@id\":\"https:\/\/dicodusport.fr\/blog\/#\/schema\/logo\/image\/\",\"url\":\"https:\/\/dicodusport.fr\/blog\/wp-content\/uploads\/2020\/06\/cropped-LOGO-DICODUSPORT-2020-SANS-FOND-SANS-TEXTE.png\",\"contentUrl\":\"https:\/\/dicodusport.fr\/blog\/wp-content\/uploads\/2020\/06\/cropped-LOGO-DICODUSPORT-2020-SANS-FOND-SANS-TEXTE.png\",\"width\":512,\"height\":512,\"caption\":\"Dicodusport\"},\"image\":{\"@id\":\"https:\/\/dicodusport.fr\/blog\/#\/schema\/logo\/image\/\"},\"sameAs\":[\"https:\/\/www.facebook.com\/dicodusport\",\"https:\/\/x.com\/dicodusport\",\"https:\/\/www.instagram.com\/dicodusport\/\",\"https:\/\/www.youtube.com\/channel\/UC7V2KZ5sd3htJivAbA4ZG3w\"],\"description\":\"Dicodusport est l'encyclop\u00e9die de l'actualit\u00e9 sportive.\",\"email\":\"bonjour@dicodusport.fr\",\"legalName\":\"DICODUSPORT\",\"foundingDate\":\"2018-01-14\",\"vatID\":\"FR71834470973\",\"taxID\":\"83447097300043\",\"numberOfEmployees\":{\"@type\":\"QuantitativeValue\",\"minValue\":\"1\",\"maxValue\":\"10\"}},{\"@type\":\"Person\",\"@id\":\"https:\/\/dicodusport.fr\/blog\/#\/schema\/person\/0f73d157e4670e108e23009fa82f2239\",\"name\":\"Julien Correia\",\"image\":{\"@type\":\"ImageObject\",\"inLanguage\":\"fr-FR\",\"@id\":\"https:\/\/dicodusport.fr\/blog\/#\/schema\/person\/image\/\",\"url\":\"https:\/\/dicodusport.fr\/blog\/wp-content\/uploads\/2021\/05\/Julien-Correia-150x150.jpg\",\"contentUrl\":\"https:\/\/dicodusport.fr\/blog\/wp-content\/uploads\/2021\/05\/Julien-Correia-150x150.jpg\",\"caption\":\"Julien Correia\"},\"description\":\"Journaliste\/r\u00e9dacteur depuis janvier 2019 - Tomb\u00e9 dans le monde du ballon rond \u00e9tant petit, j\u2019aurais pu devenir pro sans ces foutus ligaments crois\u00e9s. D\u00e9filant sur les champs (mais pas Elys\u00e9es) en 98, j\u2019ai \u00e9t\u00e9 berc\u00e9 par les exploits de Mister George, piqu\u00e9 par la technique du Snake, grandi avec Captain Rai et Ronnie, m\u00fbri avec Pauleta et Edi. Mais Ibracadabra, je suis d\u00e9sormais reconverti en runner\/traileur. Moins rapide que Bolt et moins endurant que Jornet, c\u2019est donc plume \u00e0 la main que je partage les exploits de ces athl\u00e8tes !\",\"sameAs\":[\"https:\/\/www.facebook.com\/julien.correia.52\",\"https:\/\/x.com\/https:\/\/twitter.com\/julienco_psg70\"],\"url\":\"https:\/\/dicodusport.fr\/blog\/author\/julien-c\/\"}]}<\/script>\n<!-- \/ Yoast SEO Premium plugin. -->","yoast_head_json":{"title":"Xavier Th\u00e9venard, un d\u00e9fi pour une saucisse !","description":"Ce week-end, l'ultra-trailer Xavier Th\u00e9venard s'est lanc\u00e9 dans un d\u00e9fi pour le moins insolite, relier Giron \u00e0 Morteau, le tout pour une saucisse !","robots":{"index":"index","follow":"follow","max-snippet":"max-snippet:-1","max-image-preview":"max-image-preview:large","max-video-preview":"max-video-preview:-1"},"canonical":"https:\/\/dicodusport.fr\/blog\/xavier-thevenard-un-defi-pour-une-saucisse\/","og_locale":"fr_FR","og_type":"article","og_title":"Xavier Th\u00e9venard, un d\u00e9fi pour une saucisse !","og_description":"Ce week-end, l'ultra-trailer Xavier Th\u00e9venard s'est lanc\u00e9 dans un d\u00e9fi pour le moins insolite, relier Giron \u00e0 Morteau, le tout pour une saucisse !","og_url":"https:\/\/dicodusport.fr\/blog\/xavier-thevenard-un-defi-pour-une-saucisse\/","og_site_name":"Dicodusport","article_publisher":"https:\/\/www.facebook.com\/dicodusport","article_author":"https:\/\/www.facebook.com\/julien.correia.52","article_published_time":"2019-02-19T16:15:37+00:00","article_modified_time":"2025-11-20T17:27:13+00:00","og_image":[{"width":800,"height":445,"url":"https:\/\/dicodusport.fr\/blog\/wp-content\/uploads\/2019\/02\/Xavier-Th\u00e9venard-saucisse-de-morteau.png","type":"image\/png"}],"author":"Julien Correia","twitter_card":"summary_large_image","twitter_creator":"@https:\/\/twitter.com\/julienco_psg70","twitter_site":"@dicodusport","schema":{"@context":"https:\/\/schema.org","@graph":[{"@type":"NewsArticle","@id":"https:\/\/dicodusport.fr\/blog\/xavier-thevenard-un-defi-pour-une-saucisse\/#article","isPartOf":{"@id":"https:\/\/dicodusport.fr\/blog\/xavier-thevenard-un-defi-pour-une-saucisse\/"},"author":{"name":"Julien Correia","@id":"https:\/\/dicodusport.fr\/blog\/#\/schema\/person\/0f73d157e4670e108e23009fa82f2239"},"headline":"Xavier Th\u00e9venard, un d\u00e9fi pour une saucisse !","datePublished":"2019-02-19T16:15:37+00:00","dateModified":"2025-11-20T17:27:13+00:00","mainEntityOfPage":{"@id":"https:\/\/dicodusport.fr\/blog\/xavier-thevenard-un-defi-pour-une-saucisse\/"},"wordCount":539,"commentCount":0,"publisher":{"@id":"https:\/\/dicodusport.fr\/blog\/#organization"},"image":{"@id":"https:\/\/dicodusport.fr\/blog\/xavier-thevenard-un-defi-pour-une-saucisse\/#primaryimage"},"thumbnailUrl":"https:\/\/dicodusport.fr\/blog\/wp-content\/uploads\/2019\/02\/Xavier-Th\u00e9venard-saucisse-de-morteau.png","keywords":["ski"],"articleSection":["Sports"],"inLanguage":"fr-FR","potentialAction":[{"@type":"CommentAction","name":"Comment","target":["https:\/\/dicodusport.fr\/blog\/xavier-thevenard-un-defi-pour-une-saucisse\/#respond"]}],"copyrightYear":"2019","copyrightHolder":{"@id":"https:\/\/dicodusport.fr\/blog\/#organization"}},{"@type":"WebPage","@id":"https:\/\/dicodusport.fr\/blog\/xavier-thevenard-un-defi-pour-une-saucisse\/","url":"https:\/\/dicodusport.fr\/blog\/xavier-thevenard-un-defi-pour-une-saucisse\/","name":"Xavier Th\u00e9venard, un d\u00e9fi pour une saucisse !","isPartOf":{"@id":"https:\/\/dicodusport.fr\/blog\/#website"},"primaryImageOfPage":{"@id":"https:\/\/dicodusport.fr\/blog\/xavier-thevenard-un-defi-pour-une-saucisse\/#primaryimage"},"image":{"@id":"https:\/\/dicodusport.fr\/blog\/xavier-thevenard-un-defi-pour-une-saucisse\/#primaryimage"},"thumbnailUrl":"https:\/\/dicodusport.fr\/blog\/wp-content\/uploads\/2019\/02\/Xavier-Th\u00e9venard-saucisse-de-morteau.png","datePublished":"2019-02-19T16:15:37+00:00","dateModified":"2025-11-20T17:27:13+00:00","description":"Ce week-end, l'ultra-trailer Xavier Th\u00e9venard s'est lanc\u00e9 dans un d\u00e9fi pour le moins insolite, relier Giron \u00e0 Morteau, le tout pour une saucisse !","breadcrumb":{"@id":"https:\/\/dicodusport.fr\/blog\/xavier-thevenard-un-defi-pour-une-saucisse\/#breadcrumb"},"inLanguage":"fr-FR","potentialAction":[{"@type":"ReadAction","target":["https:\/\/dicodusport.fr\/blog\/xavier-thevenard-un-defi-pour-une-saucisse\/"]}]},{"@type":"ImageObject","inLanguage":"fr-FR","@id":"https:\/\/dicodusport.fr\/blog\/xavier-thevenard-un-defi-pour-une-saucisse\/#primaryimage","url":"https:\/\/dicodusport.fr\/blog\/wp-content\/uploads\/2019\/02\/Xavier-Th\u00e9venard-saucisse-de-morteau.png","contentUrl":"https:\/\/dicodusport.fr\/blog\/wp-content\/uploads\/2019\/02\/Xavier-Th\u00e9venard-saucisse-de-morteau.png","width":800,"height":445},{"@type":"BreadcrumbList","@id":"https:\/\/dicodusport.fr\/blog\/xavier-thevenard-un-defi-pour-une-saucisse\/#breadcrumb","itemListElement":[{"@type":"ListItem","position":1,"name":"Accueil","item":"https:\/\/dicodusport.fr\/blog\/"},{"@type":"ListItem","position":2,"name":"Xavier Th\u00e9venard, un d\u00e9fi pour une saucisse !"}]},{"@type":"WebSite","@id":"https:\/\/dicodusport.fr\/blog\/#website","url":"https:\/\/dicodusport.fr\/blog\/","name":"Dicodusport","description":"L&#039;encyclop\u00e9die de l&#039;actualit\u00e9 sportive","publisher":{"@id":"https:\/\/dicodusport.fr\/blog\/#organization"},"potentialAction":[{"@type":"SearchAction","target":{"@type":"EntryPoint","urlTemplate":"https:\/\/dicodusport.fr\/blog\/?s={search_term_string}"},"query-input":{"@type":"PropertyValueSpecification","valueRequired":true,"valueName":"search_term_string"}}],"inLanguage":"fr-FR"},{"@type":"NewsMediaOrganization","@id":"https:\/\/dicodusport.fr\/blog\/#organization","name":"Dicodusport","url":"https:\/\/dicodusport.fr\/blog\/","logo":{"@type":"ImageObject","inLanguage":"fr-FR","@id":"https:\/\/dicodusport.fr\/blog\/#\/schema\/logo\/image\/","url":"https:\/\/dicodusport.fr\/blog\/wp-content\/uploads\/2020\/06\/cropped-LOGO-DICODUSPORT-2020-SANS-FOND-SANS-TEXTE.png","contentUrl":"https:\/\/dicodusport.fr\/blog\/wp-content\/uploads\/2020\/06\/cropped-LOGO-DICODUSPORT-2020-SANS-FOND-SANS-TEXTE.png","width":512,"height":512,"caption":"Dicodusport"},"image":{"@id":"https:\/\/dicodusport.fr\/blog\/#\/schema\/logo\/image\/"},"sameAs":["https:\/\/www.facebook.com\/dicodusport","https:\/\/x.com\/dicodusport","https:\/\/www.instagram.com\/dicodusport\/","https:\/\/www.youtube.com\/channel\/UC7V2KZ5sd3htJivAbA4ZG3w"],"description":"Dicodusport est l'encyclop\u00e9die de l'actualit\u00e9 sportive.","email":"bonjour@dicodusport.fr","legalName":"DICODUSPORT","foundingDate":"2018-01-14","vatID":"FR71834470973","taxID":"83447097300043","numberOfEmployees":{"@type":"QuantitativeValue","minValue":"1","maxValue":"10"}},{"@type":"Person","@id":"https:\/\/dicodusport.fr\/blog\/#\/schema\/person\/0f73d157e4670e108e23009fa82f2239","name":"Julien Correia","image":{"@type":"ImageObject","inLanguage":"fr-FR","@id":"https:\/\/dicodusport.fr\/blog\/#\/schema\/person\/image\/","url":"https:\/\/dicodusport.fr\/blog\/wp-content\/uploads\/2021\/05\/Julien-Correia-150x150.jpg","contentUrl":"https:\/\/dicodusport.fr\/blog\/wp-content\/uploads\/2021\/05\/Julien-Correia-150x150.jpg","caption":"Julien Correia"},"description":"Journaliste\/r\u00e9dacteur depuis janvier 2019 - Tomb\u00e9 dans le monde du ballon rond \u00e9tant petit, j\u2019aurais pu devenir pro sans ces foutus ligaments crois\u00e9s. D\u00e9filant sur les champs (mais pas Elys\u00e9es) en 98, j\u2019ai \u00e9t\u00e9 berc\u00e9 par les exploits de Mister George, piqu\u00e9 par la technique du Snake, grandi avec Captain Rai et Ronnie, m\u00fbri avec Pauleta et Edi. Mais Ibracadabra, je suis d\u00e9sormais reconverti en runner\/traileur. Moins rapide que Bolt et moins endurant que Jornet, c\u2019est donc plume \u00e0 la main que je partage les exploits de ces athl\u00e8tes !","sameAs":["https:\/\/www.facebook.com\/julien.correia.52","https:\/\/x.com\/https:\/\/twitter.com\/julienco_psg70"],"url":"https:\/\/dicodusport.fr\/blog\/author\/julien-c\/"}]}},"_links":{"self":[{"href":"https:\/\/dicodusport.fr\/blog\/wp-json\/wp\/v2\/posts\/33873","targetHints":{"allow":["GET"]}}],"collection":[{"href":"https:\/\/dicodusport.fr\/blog\/wp-json\/wp\/v2\/posts"}],"about":[{"href":"https:\/\/dicodusport.fr\/blog\/wp-json\/wp\/v2\/types\/post"}],"author":[{"embeddable":true,"href":"https:\/\/dicodusport.fr\/blog\/wp-json\/wp\/v2\/users\/37"}],"replies":[{"embeddable":true,"href":"https:\/\/dicodusport.fr\/blog\/wp-json\/wp\/v2\/comments?post=33873"}],"version-history":[{"count":1,"href":"https:\/\/dicodusport.fr\/blog\/wp-json\/wp\/v2\/posts\/33873\/revisions"}],"predecessor-version":[{"id":626853,"href":"https:\/\/dicodusport.fr\/blog\/wp-json\/wp\/v2\/posts\/33873\/revisions\/626853"}],"wp:featuredmedia":[{"embeddable":true,"href":"https:\/\/dicodusport.fr\/blog\/wp-json\/wp\/v2\/media\/33882"}],"wp:attachment":[{"href":"https:\/\/dicodusport.fr\/blog\/wp-json\/wp\/v2\/media?parent=33873"}],"wp:term":[{"taxonomy":"category","embeddable":true,"href":"https:\/\/dicodusport.fr\/blog\/wp-json\/wp\/v2\/categories?post=33873"},{"taxonomy":"post_tag","embeddable":true,"href":"https:\/\/dicodusport.fr\/blog\/wp-json\/wp\/v2\/tags?post=33873"}],"curies":[{"name":"wp","href":"https:\/\/api.w.org\/{rel}","templated":true}]}}