{"id":33884,"date":"2019-02-19T22:51:45","date_gmt":"2019-02-19T21:51:45","guid":{"rendered":"http:\/\/dicodusport.fr\/blog\/?p=33884"},"modified":"2025-09-16T09:14:46","modified_gmt":"2025-09-16T07:14:46","slug":"lyon-barca-0-0-les-notes-de-l-ol","status":"publish","type":"post","link":"https:\/\/dicodusport.fr\/blog\/lyon-barca-0-0-les-notes-de-l-ol\/","title":{"rendered":"Lyon &#8211; Bar\u00e7a (0-0) : les notes de l&rsquo;OL"},"content":{"rendered":"<p style=\"text-align: justify;\"><em><strong>Champions League &#8211; Dans un match pourtant rythm\u00e9, l&rsquo;OL et le FC Barcelone se sont neutralis\u00e9s (0-0). Tout se jouera au Camp Nou. Les notes des Gones.<br \/>\n<\/strong><\/em><\/p>\n<p style=\"text-align: justify;\"><strong><em>Anthony Lopes &#8211; 8 :\u00a0<\/em><\/strong>Un seul arr\u00eat \u00e0 r\u00e9aliser en premi\u00e8re p\u00e9riode pour le portier portugais. Il a ensuite \u00e9t\u00e9 davantage mis \u00e0 contribution lors du deuxi\u00e8me acte, en \u00e9tant d\u00e9cisif sur sa ligne face \u00e0 Leo Messi (65&prime;), Luis Suarez (74&prime;) et Sergi Roberto (86&prime;). L&rsquo;homme du match, c&rsquo;est lui.<\/p>\n<p style=\"text-align: justify;\"><strong><em>Ferland Mendy &#8211; 6 : <\/em><\/strong>Touch\u00e9 durant l&rsquo;\u00e9chauffement, le lat\u00e9ral international a finalement tenu sa place et l&rsquo;a bien fait. Plut\u00f4t tranchant dans ses interventions, il a pris le dessus sur Semedo, son vis-\u00e0-vis direct. Du bon Mendy ce soir.<strong><em><br \/>\n<\/em><\/strong><\/p>\n<p style=\"text-align: justify;\"><strong><em>Jason Denayer &#8211; 7 : <\/em><\/strong>Solide et rassurant, le d\u00e9fenseur belge a effectu\u00e9 de nombreuses interventions d\u00e9cisives, notamment en deuxi\u00e8me p\u00e9riode (47&prime; et 76&prime;), alors que la menace \u00e9tait pr\u00e9sente dans le surface rhodanienne. Au rendez-vous.<\/p>\n<p style=\"text-align: justify;\"><strong><em>Marcelo &#8211; 6 :\u00a0<\/em><\/strong>M\u00eame bilan que pour le Belge. Le capitaine lyonnais s&rsquo;est montr\u00e9 solide face \u00e0 Suarez et Messi, en \u00e9tant un poil moins d\u00e9cisif que Denayer. La capitaine a n\u00e9anmoins r\u00e9pondu pr\u00e9sent.<\/p>\n<p style=\"text-align: justify;\"><strong><em>L\u00e9o Dubois &#8211; 7 :\u00a0<\/em><\/strong>L&rsquo;ancien Nantais a v\u00e9cu un d\u00e9but de match compliqu\u00e9 face \u00e0 un Ousmane Demb\u00e9l\u00e9 qui l&rsquo;a souvent pris \u00e0 d\u00e9faut (1&prime; et 19&prime;). Le lat\u00e9ral droit s&rsquo;est ensuite nettement repris, en \u00e9tant incisif dans ses interventions, interceptant quelques ballons dangereux face \u00e0 Luis Suarez. Son carton jaune (33&prime;) est plut\u00f4t s\u00e9v\u00e8re. Une tr\u00e8s belle performance.<\/p>\n<p style=\"text-align: justify;\"><strong><em>Houssem Aouar &#8211; 5 :<\/em>\u00a0<\/strong>Sous pression durant le premier quart d&rsquo;heure durant lequel il perd deux ballons dangereux, il sauve son \u00e9quipe d\u00e8s le d\u00e9but de la rencontre (3&prime;), ce qui lui vaut un carton jaune. Le milieu de terrain rhodanien a quelque peu relev\u00e9 la t\u00eate ensuite en jouant vers l&rsquo;avant. Mais dans les t\u00e2ches d\u00e9fensives, il s&rsquo;est assez souvent retrouv\u00e9 en difficult\u00e9 face \u00e0 Sergi Roberto. Un match moyen en somme.<\/p>\n<p style=\"text-align: justify;\"><strong><em>Tanguy Ndombele &#8211; 6 :\u00a0<\/em><\/strong>A l&rsquo;instar de son acolyte au milieu de terrain, Ndombele a d\u00e9jou\u00e9 dans les premi\u00e8res minutes de la rencontre, perdant lui aussi deux ballons. Mieux dans ses baskets par la suite, se projetant davantage vers l&rsquo;avant. Plus rassurant d\u00e9fensivement par rapport \u00e0 Aouar. Solide comme Ndombele.<\/p>\n<p style=\"text-align: center;\"><a href=\"http:\/\/dicodusport.fr\/blog\/lyon-barca-0-0-les-notes-de-l-ol\/2\/#attaquants\" class=\"su-button su-button-style-flat\" style=\"color:#FFFFFF;background-color:#005f9b;border-color:#004c7c;border-radius:4px\" target=\"_self\"><span style=\"color:#FFFFFF;padding:0px 26px;font-size:20px;line-height:40px;border-color:#4d8fb9;border-radius:4px;text-shadow:none\"> Les notes des attaquants<\/span><\/a>\n<p><!--nextpage--><\/p>\n<p style=\"text-align: justify;\"><a id=\"attaquants\"><\/a><strong><em>Martin Terrier &#8211; 6 : <\/em><\/strong>Pr\u00e9f\u00e9r\u00e9 \u00e0 Maxwell Cornet, l&rsquo;ancien Lillois a r\u00e9alis\u00e9 une tr\u00e8s belle premi\u00e8re p\u00e9riode, avant d&rsquo;\u00eatre moins en vue apr\u00e8s la pause. Sa frappe magnifique (9&prime;), d\u00e9tourn\u00e9e par Ter Stegen sur la barre, pourra laisser des regrets. Ses capacit\u00e9s techniques sur son c\u00f4t\u00e9 gauche ont permis aux Lyonnais de jouer vers l&rsquo;avant. Remplac\u00e9 par <strong>Maxwell Cornet (75&prime;)<\/strong>.<\/p>\n<p style=\"text-align: justify;\"><strong><em>Memphis Depay &#8211; 5 :\u00a0<\/em><\/strong>On attendait plus que \u00e7a du N\u00e9erlandais. Tr\u00e8s poussif durant la premi\u00e8re demi-heure durant laquelle il a perdu trois ballons, dont un b\u00eatement (29&prime;), il a ensuite touch\u00e9 plus de ballons. Plus juste techniquement au retour des vestiaires, il n&rsquo;est pas loin d&rsquo;ouvrir le score (52&prime;). Mais cela reste une prestation mitig\u00e9e.<\/p>\n<p style=\"text-align: justify;\"><strong><em>Bertrand Traor\u00e9 &#8211; 5 :\u00a0<\/em><\/strong>S&rsquo;il manque toujours de justesse technique, il reste actif sur un terrain et n&rsquo;a pas m\u00e9nage Jordi Alba ce soir. Beaucoup moins en vue au retour des vestiaires. Remplac\u00e9 par <strong>Lucas Tousart (68&prime;)<\/strong>.<\/p>\n<p style=\"text-align: justify;\"><strong><em>Moussa Demb\u00e9l\u00e9 &#8211; 5 :\u00a0<\/em><\/strong>Peu servi durant les 30 premi\u00e8res minutes, l&rsquo;avant-centre rhodanien a \u00e9t\u00e9 en difficult\u00e9 techniquement. Altruiste juste avant la pause en donnant le ballon \u00e0 Terrier, il ne s&rsquo;est pas montr\u00e9 plus inspir\u00e9 apr\u00e8s la pause. Peut mieux faire.<\/p>\n<p style=\"text-align: center;\"><a href=\"http:\/\/dicodusport.fr\/blog\/lyon-barca-0-0-les-notes-de-l-ol\/\" class=\"su-button su-button-style-flat\" style=\"color:#FFFFFF;background-color:#005f9b;border-color:#004c7c;border-radius:4px\" target=\"_self\"><span style=\"color:#FFFFFF;padding:0px 26px;font-size:20px;line-height:40px;border-color:#4d8fb9;border-radius:4px;text-shadow:none\"> Revenir au d\u00e9but<\/span><\/a>\n<p><strong><em>Flo Ostermann<br \/>\n<a href=\"https:\/\/www.facebook.com\/florent.ostermann\"><img loading=\"lazy\" decoding=\"async\" class=\"alignnone wp-image-2909\" src=\"http:\/\/dicodusport.fr\/blog\/wp-content\/uploads\/2017\/07\/logo-facebook-150x150.png\" sizes=\"auto, (max-width: 40px) 100vw, 40px\" srcset=\"https:\/\/dicodusport.fr\/blog\/wp-content\/uploads\/2017\/07\/logo-facebook-150x150.png 150w, https:\/\/dicodusport.fr\/blog\/wp-content\/uploads\/2017\/07\/logo-facebook-300x300.png 300w, https:\/\/dicodusport.fr\/blog\/wp-content\/uploads\/2017\/07\/logo-facebook.png 400w\" alt=\"\" width=\"40\" height=\"40\" \/><\/a><a href=\"https:\/\/twitter.com\/SportInsideMag\"><img loading=\"lazy\" decoding=\"async\" class=\"alignnone wp-image-2908\" src=\"http:\/\/dicodusport.fr\/blog\/wp-content\/uploads\/2017\/07\/logo-twitter-150x150.png\" alt=\"\" width=\"39\" height=\"39\" \/><\/a><\/em><\/strong><\/p>\n","protected":false},"excerpt":{"rendered":"<p>Champions League &#8211; Dans un match pourtant rythm\u00e9, l&rsquo;OL et le FC Barcelone se sont neutralis\u00e9s (0-0). Tout se jouera au Camp Nou. Les notes des Gones.<\/p>\n","protected":false},"author":4,"featured_media":33888,"comment_status":"open","ping_status":"closed","sticky":false,"template":"","format":"standard","meta":{"_acf_changed":false,"_daextam_enable_autolinks":"","footnotes":""},"categories":[2301,47250],"tags":[912,2101,75,419,1145],"class_list":["post-33884","post","type-post","status-publish","format-standard","has-post-thumbnail","hentry","category-football","category-ligue-des-champions-de-football","tag-barca","tag-barcelone","tag-football","tag-ligue-des-champions","tag-ol"],"acf":[],"yoast_head":"<!-- This site is optimized with the Yoast SEO Premium plugin v26.7 (Yoast SEO v26.7) - https:\/\/yoast.com\/wordpress\/plugins\/seo\/ -->\n<title>Lyon - Bar\u00e7a (0-0) : les notes de l&#039;OL<\/title>\n<meta name=\"description\" content=\"Champions League - Dans un match pourtant rythm\u00e9, l&#039;OL et le FC Barcelone se sont neutralis\u00e9s (0-0). Tout se jouera au Camp Nou. Les notes des Gones.\" \/>\n<meta name=\"robots\" content=\"index, follow, max-snippet:-1, max-image-preview:large, max-video-preview:-1\" \/>\n<link rel=\"canonical\" href=\"https:\/\/dicodusport.fr\/blog\/lyon-barca-0-0-les-notes-de-l-ol\/\" \/>\n<link rel=\"next\" href=\"https:\/\/dicodusport.fr\/blog\/lyon-barca-0-0-les-notes-de-l-ol\/2\/\" \/>\n<meta property=\"og:locale\" content=\"fr_FR\" \/>\n<meta property=\"og:type\" content=\"article\" \/>\n<meta property=\"og:title\" content=\"Lyon - Bar\u00e7a (0-0) : les notes de l&#039;OL\" \/>\n<meta property=\"og:description\" content=\"Champions League - Dans un match pourtant rythm\u00e9, l&#039;OL et le FC Barcelone se sont neutralis\u00e9s (0-0). Tout se jouera au Camp Nou. Les notes des Gones.\" \/>\n<meta property=\"og:url\" content=\"https:\/\/dicodusport.fr\/blog\/lyon-barca-0-0-les-notes-de-l-ol\/\" \/>\n<meta property=\"og:site_name\" content=\"Dicodusport\" \/>\n<meta property=\"article:publisher\" content=\"https:\/\/www.facebook.com\/dicodusport\" \/>\n<meta property=\"article:author\" content=\"https:\/\/www.facebook.com\/florent.ostermann\" \/>\n<meta property=\"article:published_time\" content=\"2019-02-19T21:51:45+00:00\" \/>\n<meta property=\"article:modified_time\" content=\"2025-09-16T07:14:46+00:00\" \/>\n<meta property=\"og:image\" content=\"https:\/\/dicodusport.fr\/blog\/wp-content\/uploads\/2019\/02\/Lyon-Bar\u00e7a-Notes-OL-Champions-League.png\" \/>\n\t<meta property=\"og:image:width\" content=\"800\" \/>\n\t<meta property=\"og:image:height\" content=\"445\" \/>\n\t<meta property=\"og:image:type\" content=\"image\/png\" \/>\n<meta name=\"author\" content=\"Flo Ostermann\" \/>\n<meta name=\"twitter:card\" content=\"summary_large_image\" \/>\n<meta name=\"twitter:creator\" content=\"@https:\/\/twitter.com\/FlOstermann\" \/>\n<meta name=\"twitter:site\" content=\"@dicodusport\" \/>\n<script type=\"application\/ld+json\" class=\"yoast-schema-graph\">{\"@context\":\"https:\/\/schema.org\",\"@graph\":[{\"@type\":\"NewsArticle\",\"@id\":\"https:\/\/dicodusport.fr\/blog\/lyon-barca-0-0-les-notes-de-l-ol\/#article\",\"isPartOf\":{\"@id\":\"https:\/\/dicodusport.fr\/blog\/lyon-barca-0-0-les-notes-de-l-ol\/\"},\"author\":{\"name\":\"Flo Ostermann\",\"@id\":\"https:\/\/dicodusport.fr\/blog\/#\/schema\/person\/cb02af4c173ce4a653b55e9baf388d4a\"},\"headline\":\"Lyon &#8211; Bar\u00e7a (0-0) : les notes de l&rsquo;OL\",\"datePublished\":\"2019-02-19T21:51:45+00:00\",\"dateModified\":\"2025-09-16T07:14:46+00:00\",\"mainEntityOfPage\":{\"@id\":\"https:\/\/dicodusport.fr\/blog\/lyon-barca-0-0-les-notes-de-l-ol\/\"},\"wordCount\":666,\"commentCount\":0,\"publisher\":{\"@id\":\"https:\/\/dicodusport.fr\/blog\/#organization\"},\"image\":{\"@id\":\"https:\/\/dicodusport.fr\/blog\/lyon-barca-0-0-les-notes-de-l-ol\/#primaryimage\"},\"thumbnailUrl\":\"https:\/\/dicodusport.fr\/blog\/wp-content\/uploads\/2019\/02\/Lyon-Bar\u00e7a-Notes-OL-Champions-League.png\",\"keywords\":[\"bar\u00e7a\",\"barcelone\",\"Football\",\"Ligue des champions\",\"OL\"],\"articleSection\":[\"Football\",\"Ligue des Champions de football\"],\"inLanguage\":\"fr-FR\",\"potentialAction\":[{\"@type\":\"CommentAction\",\"name\":\"Comment\",\"target\":[\"https:\/\/dicodusport.fr\/blog\/lyon-barca-0-0-les-notes-de-l-ol\/#respond\"]}],\"copyrightYear\":\"2019\",\"copyrightHolder\":{\"@id\":\"https:\/\/dicodusport.fr\/blog\/#organization\"}},{\"@type\":\"WebPage\",\"@id\":\"https:\/\/dicodusport.fr\/blog\/lyon-barca-0-0-les-notes-de-l-ol\/\",\"url\":\"https:\/\/dicodusport.fr\/blog\/lyon-barca-0-0-les-notes-de-l-ol\/\",\"name\":\"Lyon - Bar\u00e7a (0-0) : les notes de l'OL\",\"isPartOf\":{\"@id\":\"https:\/\/dicodusport.fr\/blog\/#website\"},\"primaryImageOfPage\":{\"@id\":\"https:\/\/dicodusport.fr\/blog\/lyon-barca-0-0-les-notes-de-l-ol\/#primaryimage\"},\"image\":{\"@id\":\"https:\/\/dicodusport.fr\/blog\/lyon-barca-0-0-les-notes-de-l-ol\/#primaryimage\"},\"thumbnailUrl\":\"https:\/\/dicodusport.fr\/blog\/wp-content\/uploads\/2019\/02\/Lyon-Bar\u00e7a-Notes-OL-Champions-League.png\",\"datePublished\":\"2019-02-19T21:51:45+00:00\",\"dateModified\":\"2025-09-16T07:14:46+00:00\",\"description\":\"Champions League - Dans un match pourtant rythm\u00e9, l'OL et le FC Barcelone se sont neutralis\u00e9s (0-0). Tout se jouera au Camp Nou. Les notes des Gones.\",\"inLanguage\":\"fr-FR\",\"potentialAction\":[{\"@type\":\"ReadAction\",\"target\":[\"https:\/\/dicodusport.fr\/blog\/lyon-barca-0-0-les-notes-de-l-ol\/\"]}]},{\"@type\":\"ImageObject\",\"inLanguage\":\"fr-FR\",\"@id\":\"https:\/\/dicodusport.fr\/blog\/lyon-barca-0-0-les-notes-de-l-ol\/#primaryimage\",\"url\":\"https:\/\/dicodusport.fr\/blog\/wp-content\/uploads\/2019\/02\/Lyon-Bar\u00e7a-Notes-OL-Champions-League.png\",\"contentUrl\":\"https:\/\/dicodusport.fr\/blog\/wp-content\/uploads\/2019\/02\/Lyon-Bar\u00e7a-Notes-OL-Champions-League.png\",\"width\":800,\"height\":445},{\"@type\":\"WebSite\",\"@id\":\"https:\/\/dicodusport.fr\/blog\/#website\",\"url\":\"https:\/\/dicodusport.fr\/blog\/\",\"name\":\"Dicodusport\",\"description\":\"L&#039;encyclop\u00e9die de l&#039;actualit\u00e9 sportive\",\"publisher\":{\"@id\":\"https:\/\/dicodusport.fr\/blog\/#organization\"},\"potentialAction\":[{\"@type\":\"SearchAction\",\"target\":{\"@type\":\"EntryPoint\",\"urlTemplate\":\"https:\/\/dicodusport.fr\/blog\/?s={search_term_string}\"},\"query-input\":{\"@type\":\"PropertyValueSpecification\",\"valueRequired\":true,\"valueName\":\"search_term_string\"}}],\"inLanguage\":\"fr-FR\"},{\"@type\":\"NewsMediaOrganization\",\"@id\":\"https:\/\/dicodusport.fr\/blog\/#organization\",\"name\":\"Dicodusport\",\"url\":\"https:\/\/dicodusport.fr\/blog\/\",\"logo\":{\"@type\":\"ImageObject\",\"inLanguage\":\"fr-FR\",\"@id\":\"https:\/\/dicodusport.fr\/blog\/#\/schema\/logo\/image\/\",\"url\":\"https:\/\/dicodusport.fr\/blog\/wp-content\/uploads\/2020\/06\/cropped-LOGO-DICODUSPORT-2020-SANS-FOND-SANS-TEXTE.png\",\"contentUrl\":\"https:\/\/dicodusport.fr\/blog\/wp-content\/uploads\/2020\/06\/cropped-LOGO-DICODUSPORT-2020-SANS-FOND-SANS-TEXTE.png\",\"width\":512,\"height\":512,\"caption\":\"Dicodusport\"},\"image\":{\"@id\":\"https:\/\/dicodusport.fr\/blog\/#\/schema\/logo\/image\/\"},\"sameAs\":[\"https:\/\/www.facebook.com\/dicodusport\",\"https:\/\/x.com\/dicodusport\",\"https:\/\/www.instagram.com\/dicodusport\/\",\"https:\/\/www.youtube.com\/channel\/UC7V2KZ5sd3htJivAbA4ZG3w\"],\"description\":\"Dicodusport est l'encyclop\u00e9die de l'actualit\u00e9 sportive.\",\"email\":\"bonjour@dicodusport.fr\",\"legalName\":\"DICODUSPORT\",\"foundingDate\":\"2018-01-14\",\"vatID\":\"FR71834470973\",\"taxID\":\"83447097300043\",\"numberOfEmployees\":{\"@type\":\"QuantitativeValue\",\"minValue\":\"1\",\"maxValue\":\"10\"}},{\"@type\":\"Person\",\"@id\":\"https:\/\/dicodusport.fr\/blog\/#\/schema\/person\/cb02af4c173ce4a653b55e9baf388d4a\",\"name\":\"Flo Ostermann\",\"image\":{\"@type\":\"ImageObject\",\"inLanguage\":\"fr-FR\",\"@id\":\"https:\/\/dicodusport.fr\/blog\/#\/schema\/person\/image\/\",\"url\":\"https:\/\/dicodusport.fr\/blog\/wp-content\/uploads\/2021\/05\/Flo-Ostermann-150x150.jpg\",\"contentUrl\":\"https:\/\/dicodusport.fr\/blog\/wp-content\/uploads\/2021\/05\/Flo-Ostermann-150x150.jpg\",\"caption\":\"Flo Ostermann\"},\"description\":\"Journaliste\/R\u00e9dacteur depuis septembre 2015 - Mes premiers souvenirs dans le sport ? Les envol\u00e9es du Stade Toulousain et les duels Villeneuve-Schumacher et H\u00e4kkinen-Schumacher \u00e0 la fin des ann\u00e9es 90, la Coupe du monde de football en 1998, l\u2019exploit du XV de France face aux All Blacks en 1999, mais aussi Richard C\u0153ur de Lion qui vole sur les montagnes du Tour de France. Bien parti pour devenir professeur d\u2019EPS, les \u00e9v\u00e9nements de la vie (et la flemme d\u2019animer des s\u00e9ances de 3x500 m\u00e8tres toute ma vie) m\u2019ont conduit \u00e0 revoir mes plans. Me voil\u00e0 depuis fin 2017 sur Dicodusport, m\u00e9dia gr\u00e2ce (et pour) lequel je partage ma passion : le sport dans tous ses \u00e9tats. Le tout accompagn\u00e9 par les fous furieux et folles furieuses cit\u00e9s sur cette page !\",\"sameAs\":[\"https:\/\/www.facebook.com\/florent.ostermann\",\"https:\/\/x.com\/https:\/\/twitter.com\/FlOstermann\",\"admin\"],\"url\":\"https:\/\/dicodusport.fr\/blog\/author\/flo\/\"}]}<\/script>\n<!-- \/ Yoast SEO Premium plugin. -->","yoast_head_json":{"title":"Lyon - Bar\u00e7a (0-0) : les notes de l'OL","description":"Champions League - Dans un match pourtant rythm\u00e9, l'OL et le FC Barcelone se sont neutralis\u00e9s (0-0). Tout se jouera au Camp Nou. Les notes des Gones.","robots":{"index":"index","follow":"follow","max-snippet":"max-snippet:-1","max-image-preview":"max-image-preview:large","max-video-preview":"max-video-preview:-1"},"canonical":"https:\/\/dicodusport.fr\/blog\/lyon-barca-0-0-les-notes-de-l-ol\/","next":"https:\/\/dicodusport.fr\/blog\/lyon-barca-0-0-les-notes-de-l-ol\/2\/","og_locale":"fr_FR","og_type":"article","og_title":"Lyon - Bar\u00e7a (0-0) : les notes de l'OL","og_description":"Champions League - Dans un match pourtant rythm\u00e9, l'OL et le FC Barcelone se sont neutralis\u00e9s (0-0). Tout se jouera au Camp Nou. Les notes des Gones.","og_url":"https:\/\/dicodusport.fr\/blog\/lyon-barca-0-0-les-notes-de-l-ol\/","og_site_name":"Dicodusport","article_publisher":"https:\/\/www.facebook.com\/dicodusport","article_author":"https:\/\/www.facebook.com\/florent.ostermann","article_published_time":"2019-02-19T21:51:45+00:00","article_modified_time":"2025-09-16T07:14:46+00:00","og_image":[{"width":800,"height":445,"url":"https:\/\/dicodusport.fr\/blog\/wp-content\/uploads\/2019\/02\/Lyon-Bar\u00e7a-Notes-OL-Champions-League.png","type":"image\/png"}],"author":"Flo Ostermann","twitter_card":"summary_large_image","twitter_creator":"@https:\/\/twitter.com\/FlOstermann","twitter_site":"@dicodusport","schema":{"@context":"https:\/\/schema.org","@graph":[{"@type":"NewsArticle","@id":"https:\/\/dicodusport.fr\/blog\/lyon-barca-0-0-les-notes-de-l-ol\/#article","isPartOf":{"@id":"https:\/\/dicodusport.fr\/blog\/lyon-barca-0-0-les-notes-de-l-ol\/"},"author":{"name":"Flo Ostermann","@id":"https:\/\/dicodusport.fr\/blog\/#\/schema\/person\/cb02af4c173ce4a653b55e9baf388d4a"},"headline":"Lyon &#8211; Bar\u00e7a (0-0) : les notes de l&rsquo;OL","datePublished":"2019-02-19T21:51:45+00:00","dateModified":"2025-09-16T07:14:46+00:00","mainEntityOfPage":{"@id":"https:\/\/dicodusport.fr\/blog\/lyon-barca-0-0-les-notes-de-l-ol\/"},"wordCount":666,"commentCount":0,"publisher":{"@id":"https:\/\/dicodusport.fr\/blog\/#organization"},"image":{"@id":"https:\/\/dicodusport.fr\/blog\/lyon-barca-0-0-les-notes-de-l-ol\/#primaryimage"},"thumbnailUrl":"https:\/\/dicodusport.fr\/blog\/wp-content\/uploads\/2019\/02\/Lyon-Bar\u00e7a-Notes-OL-Champions-League.png","keywords":["bar\u00e7a","barcelone","Football","Ligue des champions","OL"],"articleSection":["Football","Ligue des Champions de football"],"inLanguage":"fr-FR","potentialAction":[{"@type":"CommentAction","name":"Comment","target":["https:\/\/dicodusport.fr\/blog\/lyon-barca-0-0-les-notes-de-l-ol\/#respond"]}],"copyrightYear":"2019","copyrightHolder":{"@id":"https:\/\/dicodusport.fr\/blog\/#organization"}},{"@type":"WebPage","@id":"https:\/\/dicodusport.fr\/blog\/lyon-barca-0-0-les-notes-de-l-ol\/","url":"https:\/\/dicodusport.fr\/blog\/lyon-barca-0-0-les-notes-de-l-ol\/","name":"Lyon - Bar\u00e7a (0-0) : les notes de l'OL","isPartOf":{"@id":"https:\/\/dicodusport.fr\/blog\/#website"},"primaryImageOfPage":{"@id":"https:\/\/dicodusport.fr\/blog\/lyon-barca-0-0-les-notes-de-l-ol\/#primaryimage"},"image":{"@id":"https:\/\/dicodusport.fr\/blog\/lyon-barca-0-0-les-notes-de-l-ol\/#primaryimage"},"thumbnailUrl":"https:\/\/dicodusport.fr\/blog\/wp-content\/uploads\/2019\/02\/Lyon-Bar\u00e7a-Notes-OL-Champions-League.png","datePublished":"2019-02-19T21:51:45+00:00","dateModified":"2025-09-16T07:14:46+00:00","description":"Champions League - Dans un match pourtant rythm\u00e9, l'OL et le FC Barcelone se sont neutralis\u00e9s (0-0). Tout se jouera au Camp Nou. Les notes des Gones.","inLanguage":"fr-FR","potentialAction":[{"@type":"ReadAction","target":["https:\/\/dicodusport.fr\/blog\/lyon-barca-0-0-les-notes-de-l-ol\/"]}]},{"@type":"ImageObject","inLanguage":"fr-FR","@id":"https:\/\/dicodusport.fr\/blog\/lyon-barca-0-0-les-notes-de-l-ol\/#primaryimage","url":"https:\/\/dicodusport.fr\/blog\/wp-content\/uploads\/2019\/02\/Lyon-Bar\u00e7a-Notes-OL-Champions-League.png","contentUrl":"https:\/\/dicodusport.fr\/blog\/wp-content\/uploads\/2019\/02\/Lyon-Bar\u00e7a-Notes-OL-Champions-League.png","width":800,"height":445},{"@type":"WebSite","@id":"https:\/\/dicodusport.fr\/blog\/#website","url":"https:\/\/dicodusport.fr\/blog\/","name":"Dicodusport","description":"L&#039;encyclop\u00e9die de l&#039;actualit\u00e9 sportive","publisher":{"@id":"https:\/\/dicodusport.fr\/blog\/#organization"},"potentialAction":[{"@type":"SearchAction","target":{"@type":"EntryPoint","urlTemplate":"https:\/\/dicodusport.fr\/blog\/?s={search_term_string}"},"query-input":{"@type":"PropertyValueSpecification","valueRequired":true,"valueName":"search_term_string"}}],"inLanguage":"fr-FR"},{"@type":"NewsMediaOrganization","@id":"https:\/\/dicodusport.fr\/blog\/#organization","name":"Dicodusport","url":"https:\/\/dicodusport.fr\/blog\/","logo":{"@type":"ImageObject","inLanguage":"fr-FR","@id":"https:\/\/dicodusport.fr\/blog\/#\/schema\/logo\/image\/","url":"https:\/\/dicodusport.fr\/blog\/wp-content\/uploads\/2020\/06\/cropped-LOGO-DICODUSPORT-2020-SANS-FOND-SANS-TEXTE.png","contentUrl":"https:\/\/dicodusport.fr\/blog\/wp-content\/uploads\/2020\/06\/cropped-LOGO-DICODUSPORT-2020-SANS-FOND-SANS-TEXTE.png","width":512,"height":512,"caption":"Dicodusport"},"image":{"@id":"https:\/\/dicodusport.fr\/blog\/#\/schema\/logo\/image\/"},"sameAs":["https:\/\/www.facebook.com\/dicodusport","https:\/\/x.com\/dicodusport","https:\/\/www.instagram.com\/dicodusport\/","https:\/\/www.youtube.com\/channel\/UC7V2KZ5sd3htJivAbA4ZG3w"],"description":"Dicodusport est l'encyclop\u00e9die de l'actualit\u00e9 sportive.","email":"bonjour@dicodusport.fr","legalName":"DICODUSPORT","foundingDate":"2018-01-14","vatID":"FR71834470973","taxID":"83447097300043","numberOfEmployees":{"@type":"QuantitativeValue","minValue":"1","maxValue":"10"}},{"@type":"Person","@id":"https:\/\/dicodusport.fr\/blog\/#\/schema\/person\/cb02af4c173ce4a653b55e9baf388d4a","name":"Flo Ostermann","image":{"@type":"ImageObject","inLanguage":"fr-FR","@id":"https:\/\/dicodusport.fr\/blog\/#\/schema\/person\/image\/","url":"https:\/\/dicodusport.fr\/blog\/wp-content\/uploads\/2021\/05\/Flo-Ostermann-150x150.jpg","contentUrl":"https:\/\/dicodusport.fr\/blog\/wp-content\/uploads\/2021\/05\/Flo-Ostermann-150x150.jpg","caption":"Flo Ostermann"},"description":"Journaliste\/R\u00e9dacteur depuis septembre 2015 - Mes premiers souvenirs dans le sport ? Les envol\u00e9es du Stade Toulousain et les duels Villeneuve-Schumacher et H\u00e4kkinen-Schumacher \u00e0 la fin des ann\u00e9es 90, la Coupe du monde de football en 1998, l\u2019exploit du XV de France face aux All Blacks en 1999, mais aussi Richard C\u0153ur de Lion qui vole sur les montagnes du Tour de France. Bien parti pour devenir professeur d\u2019EPS, les \u00e9v\u00e9nements de la vie (et la flemme d\u2019animer des s\u00e9ances de 3x500 m\u00e8tres toute ma vie) m\u2019ont conduit \u00e0 revoir mes plans. Me voil\u00e0 depuis fin 2017 sur Dicodusport, m\u00e9dia gr\u00e2ce (et pour) lequel je partage ma passion : le sport dans tous ses \u00e9tats. Le tout accompagn\u00e9 par les fous furieux et folles furieuses cit\u00e9s sur cette page !","sameAs":["https:\/\/www.facebook.com\/florent.ostermann","https:\/\/x.com\/https:\/\/twitter.com\/FlOstermann","admin"],"url":"https:\/\/dicodusport.fr\/blog\/author\/flo\/"}]}},"_links":{"self":[{"href":"https:\/\/dicodusport.fr\/blog\/wp-json\/wp\/v2\/posts\/33884","targetHints":{"allow":["GET"]}}],"collection":[{"href":"https:\/\/dicodusport.fr\/blog\/wp-json\/wp\/v2\/posts"}],"about":[{"href":"https:\/\/dicodusport.fr\/blog\/wp-json\/wp\/v2\/types\/post"}],"author":[{"embeddable":true,"href":"https:\/\/dicodusport.fr\/blog\/wp-json\/wp\/v2\/users\/4"}],"replies":[{"embeddable":true,"href":"https:\/\/dicodusport.fr\/blog\/wp-json\/wp\/v2\/comments?post=33884"}],"version-history":[{"count":1,"href":"https:\/\/dicodusport.fr\/blog\/wp-json\/wp\/v2\/posts\/33884\/revisions"}],"predecessor-version":[{"id":611777,"href":"https:\/\/dicodusport.fr\/blog\/wp-json\/wp\/v2\/posts\/33884\/revisions\/611777"}],"wp:featuredmedia":[{"embeddable":true,"href":"https:\/\/dicodusport.fr\/blog\/wp-json\/wp\/v2\/media\/33888"}],"wp:attachment":[{"href":"https:\/\/dicodusport.fr\/blog\/wp-json\/wp\/v2\/media?parent=33884"}],"wp:term":[{"taxonomy":"category","embeddable":true,"href":"https:\/\/dicodusport.fr\/blog\/wp-json\/wp\/v2\/categories?post=33884"},{"taxonomy":"post_tag","embeddable":true,"href":"https:\/\/dicodusport.fr\/blog\/wp-json\/wp\/v2\/tags?post=33884"}],"curies":[{"name":"wp","href":"https:\/\/api.w.org\/{rel}","templated":true}]}}