{"id":33902,"date":"2019-02-20T11:47:45","date_gmt":"2019-02-20T10:47:45","guid":{"rendered":"http:\/\/dicodusport.fr\/blog\/?p=33902"},"modified":"2025-09-16T09:14:45","modified_gmt":"2025-09-16T07:14:45","slug":"ligue-des-champions-les-lyonnais-restent-en-vie","status":"publish","type":"post","link":"https:\/\/dicodusport.fr\/blog\/ligue-des-champions-les-lyonnais-restent-en-vie\/","title":{"rendered":"Ligue des Champions : les Lyonnais restent en vie"},"content":{"rendered":"<p style=\"text-align: justify;\"><strong><em>Concentr\u00e9s et g\u00e9n\u00e9reux pendant 90 minutes, les Lyonnais n\u2019ont pas craqu\u00e9 face au FC Barcelone \u00e0 domicile (0-0), pour le huiti\u00e8me de finale aller de la Ligue des Champions. De quoi continuer \u00e0 croire en l\u2019exploit avant le retour au Camp Nou.<\/em> <\/strong><\/p>\n<p style=\"text-align: justify;\">Les joueurs de Bruno Genesio s\u2019attendaient \u00e0 une rencontre compliqu\u00e9e sur leur pelouse du Groupama Stadium, ils ont \u00e9t\u00e9 servis. Face \u00e0 une \u00e9quipe du FC Barcelone qui aime toujours autant faire circuler le ballon, les Lyonnais ont su \u00eatre s\u00e9rieux d\u00e9fensivement pour tenter de r\u00e9sister face \u00e0 l\u2019armada offensive des Catalans.<\/p>\n<p><span class=\"90wy34HqGgj4KSS2xEN17lfgvkqdLhAWBoAY7NQ5epm1UT2ibyECQIBst0uTiGmrLa\"><\/p>\n<blockquote class=\"twitter-tweet\" data-width=\"550\" data-dnt=\"true\">\n<p lang=\"fr\" dir=\"ltr\">Malgr\u00e9 un score nul et vierge les 57 889 supporters pr\u00e9sents au <a href=\"https:\/\/twitter.com\/GroupamaStadium?ref_src=twsrc%5Etfw\">@GroupamaStadium<\/a> ont assist\u00e9 \u00e0 un grand match de <a href=\"https:\/\/twitter.com\/ChampionsLeague?ref_src=twsrc%5Etfw\">@ChampionsLeague<\/a> ! <\/p>\n<p>Les deux \u00e9quipes devront se d\u00e9partager au match retour, dans 3 semaines au Camp Nou \ud83d\udd25\ud83d\udd34\ud83d\udd35 <a href=\"https:\/\/twitter.com\/hashtag\/OLFCB?src=hash&amp;ref_src=twsrc%5Etfw\">#OLFCB<\/a> <a href=\"https:\/\/t.co\/b2vJuIGuWO\">pic.twitter.com\/b2vJuIGuWO<\/a><\/p>\n<p>&mdash; Olympique Lyonnais (@OL) <a href=\"https:\/\/twitter.com\/OL\/status\/1097976981067628546?ref_src=twsrc%5Etfw\">February 19, 2019<\/a><\/p><\/blockquote>\n<p><script async src=\"https:\/\/platform.twitter.com\/widgets.js\" charset=\"utf-8\"><\/script><\/span><\/p>\n<p style=\"text-align: justify;\">D\u00e8s l\u2019entame de match, les Lyonnais ont compris que la rencontre serait longue et complexe. Lionel Messi, sur coup-franc, a eu l\u2019occasion de refroidir le Groupama Stadium d\u2019entr\u00e9e de jeu. Mais ce sont ensuite les Gones qui se sont procur\u00e9s les plus grosses occasions dans les minutes qui ont suivi, par l\u2019interm\u00e9diaire d\u2019Aouar, et surtout Martin Terrier, titulaire \u00e0 la surprise g\u00e9n\u00e9rale. Auteur d\u2019une frappe impressionnante de l\u2019ext\u00e9rieur de la surface, l\u2019ancien Strasbourgeois a vu cette derni\u00e8re parfaitement d\u00e9tourn\u00e9e par le portier catalan, Ter Stegen.<\/p>\n<p><span class=\"uNhyJ4gbZyO06lCqkNHpLdPFRO9bD7jKox16QQdm3KBMj4u8waJpiwUlYSCsM0mARcAE8orTWZFv5\"><\/p>\n<blockquote class=\"twitter-tweet\" data-width=\"550\" data-dnt=\"true\">\n<p lang=\"en\" dir=\"ltr\">\ud83d\ude2e Terrier denied by Ter Stegen as Lyon hit crossbar! <a href=\"https:\/\/twitter.com\/hashtag\/UCL?src=hash&amp;ref_src=twsrc%5Etfw\">#UCL<\/a> <a href=\"https:\/\/t.co\/YTma04fJYx\">pic.twitter.com\/YTma04fJYx<\/a><\/p>\n<p>&mdash; UEFA Champions League (@ChampionsLeague) <a href=\"https:\/\/twitter.com\/ChampionsLeague\/status\/1097957656755687424?ref_src=twsrc%5Etfw\">February 19, 2019<\/a><\/p><\/blockquote>\n<p><script async src=\"https:\/\/platform.twitter.com\/widgets.js\" charset=\"utf-8\"><\/script><\/span><\/p>\n<p style=\"text-align: justify;\">Malgr\u00e9 quelques occasions c\u00f4t\u00e9 espagnol, les deux \u00e9quipes semblaient proches au cours de ce premier acte de ce huiti\u00e8me de finale, mais tout changea en seconde p\u00e9riode. De retour des vestiaires avec de bien meilleurs intentions, les joueurs de Barcelone ont pris les choses en mains et ont multipli\u00e9 les occasions de buts.<\/p>\n<h1 style=\"text-align: justify;\">Lopes, le sauveur<\/h1>\n<p style=\"text-align: justify;\">C\u2019est \u00e0 ce moment-l\u00e0 que la d\u00e9fense rhodanienne a commenc\u00e9 \u00e0 briller, et notamment L\u00e9o Dubois et Jason Denayer, tous les deux auteurs d\u2019une prestation XXL. Habitu\u00e9 lui aussi aux prestations de haut niveau, le gardien lyonnais Anthony Lopes a permis \u00e0 son \u00e9quipe de rester en course et de ne pas encaisser ce fameux but \u00e0 domicile, si pr\u00e9cieux en Ligue des Champions, avec quelques parades de grande classe face \u00e0 Messi et Suarez notamment.<\/p>\n<p><span class=\"ufJnguGPFi1Y0Y2DJRfciboV6hje2vKTNqEwyMxhLkKxRHCkIzVDwtBQoI1ev8psMFSWUdcLWqO84Cts6XH3EmGzayZadObmgll5\"><\/p>\n<blockquote class=\"twitter-tweet\" data-width=\"550\" data-dnt=\"true\">\n<p lang=\"es\" dir=\"ltr\">\ud83d\udd34\ud83d\udd35 Jason Denayer \ud83d\ude4c<a href=\"https:\/\/twitter.com\/hashtag\/UCL?src=hash&amp;ref_src=twsrc%5Etfw\">#UCL<\/a> <a href=\"https:\/\/t.co\/OVhi4lFctf\">pic.twitter.com\/OVhi4lFctf<\/a><\/p>\n<p>&mdash; UEFA Champions League (@ChampionsLeague) <a href=\"https:\/\/twitter.com\/ChampionsLeague\/status\/1097980413287583750?ref_src=twsrc%5Etfw\">February 19, 2019<\/a><\/p><\/blockquote>\n<p><script async src=\"https:\/\/platform.twitter.com\/widgets.js\" charset=\"utf-8\"><\/script><\/span><\/p>\n<p style=\"text-align: justify;\">Au terme d\u2019une rencontre crispante pour tous les supporters lyonnais, les joueurs de Bruno Genesio ont conserv\u00e9 toutes leurs chances de r\u00e9aliser ce qui serait un v\u00e9ritable exploit, en tentant d\u2019aller d\u00e9crocher une qualification en terres barcelonaises. Pour cela, il faudra \u00eatre tout aussi appliqu\u00e9 et concentr\u00e9 le 13 mars prochain, en esp\u00e9rant avoir autant de r\u00e9ussite sur certaines occasions espagnoles qu\u2019hier\u2026 Les Lyonnais n\u2019oublient pas non plus qu\u2019ils pourront cette fois compter sur la pr\u00e9sence de leur capitaine Nabil Fekir, grand absent hier soir. Une chose est s\u00fbre, les Gones vont y croire jusqu\u2019au bout\u00a0!<\/p>\n<p><strong><em>Bastien Pitte<br \/>\n<a href=\"https:\/\/www.facebook.com\/bastien.pitte\" target=\"_blank\" rel=\"noopener\"><img loading=\"lazy\" decoding=\"async\" class=\"alignnone wp-image-2909\" src=\"http:\/\/dicodusport.fr\/blog\/wp-content\/uploads\/2017\/07\/logo-facebook-150x150.png\" alt=\"\" width=\"39\" height=\"39\" \/><\/a><\/em><\/strong><a href=\"https:\/\/www.linkedin.com\/in\/bastien-pitte\" target=\"_blank\" rel=\"noopener\"><img loading=\"lazy\" decoding=\"async\" class=\"alignnone wp-image-3711\" src=\"http:\/\/dicodusport.fr\/blog\/wp-content\/uploads\/2017\/08\/signature-linkedin-150x150.png\" alt=\"\" width=\"39\" height=\"39\" srcset=\"https:\/\/dicodusport.fr\/blog\/wp-content\/uploads\/2017\/08\/signature-linkedin-150x150.png 150w, https:\/\/dicodusport.fr\/blog\/wp-content\/uploads\/2017\/08\/signature-linkedin.png 295w\" sizes=\"auto, (max-width: 39px) 100vw, 39px\" \/><\/a><\/p>\n","protected":false},"excerpt":{"rendered":"<p>Concentr\u00e9s et g\u00e9n\u00e9reux pendant 90 minutes, les Lyonnais n\u2019ont pas craqu\u00e9 face au FC Barcelone \u00e0 domicile (0-0), pour le huiti\u00e8me de finale aller de la Ligue des Champions.<\/p>\n","protected":false},"author":28,"featured_media":33912,"comment_status":"open","ping_status":"closed","sticky":false,"template":"","format":"standard","meta":{"_acf_changed":false,"_daextam_enable_autolinks":"","footnotes":""},"categories":[2301,47250],"tags":[4203,75,2816,419,1145,1146],"class_list":["post-33902","post","type-post","status-publish","format-standard","has-post-thumbnail","hentry","category-football","category-ligue-des-champions-de-football","tag-fc-barcelone","tag-football","tag-groupama-stadium","tag-ligue-des-champions","tag-ol","tag-olympique-lyonnais"],"acf":[],"yoast_head":"<!-- This site is optimized with the Yoast SEO Premium plugin v26.7 (Yoast SEO v26.7) - https:\/\/yoast.com\/wordpress\/plugins\/seo\/ -->\n<title>Ligue des Champions : les Lyonnais restent en vie<\/title>\n<meta name=\"description\" content=\"Concentr\u00e9s et g\u00e9n\u00e9reux pendant 90 minutes, les Lyonnais n\u2019ont pas craqu\u00e9 face au FC Barcelone \u00e0 domicile (0-0), en huiti\u00e8me de finale aller.\" \/>\n<meta name=\"robots\" content=\"index, follow, max-snippet:-1, max-image-preview:large, max-video-preview:-1\" \/>\n<link rel=\"canonical\" href=\"https:\/\/dicodusport.fr\/blog\/ligue-des-champions-les-lyonnais-restent-en-vie\/\" \/>\n<meta property=\"og:locale\" content=\"fr_FR\" \/>\n<meta property=\"og:type\" content=\"article\" \/>\n<meta property=\"og:title\" content=\"Ligue des Champions : les Lyonnais restent en vie\" \/>\n<meta property=\"og:description\" content=\"Concentr\u00e9s et g\u00e9n\u00e9reux pendant 90 minutes, les Lyonnais n\u2019ont pas craqu\u00e9 face au FC Barcelone \u00e0 domicile (0-0), en huiti\u00e8me de finale aller.\" \/>\n<meta property=\"og:url\" content=\"https:\/\/dicodusport.fr\/blog\/ligue-des-champions-les-lyonnais-restent-en-vie\/\" \/>\n<meta property=\"og:site_name\" content=\"Dicodusport\" \/>\n<meta property=\"article:publisher\" content=\"https:\/\/www.facebook.com\/dicodusport\" \/>\n<meta property=\"article:published_time\" content=\"2019-02-20T10:47:45+00:00\" \/>\n<meta property=\"article:modified_time\" content=\"2025-09-16T07:14:45+00:00\" \/>\n<meta property=\"og:image\" content=\"https:\/\/dicodusport.fr\/blog\/wp-content\/uploads\/2019\/02\/Lyon-Bar\u00e7a-retour-match-aller-Ligue-des-Champions.png\" \/>\n\t<meta property=\"og:image:width\" content=\"800\" \/>\n\t<meta property=\"og:image:height\" content=\"445\" \/>\n\t<meta property=\"og:image:type\" content=\"image\/png\" \/>\n<meta name=\"author\" content=\"Bastien Pitte\" \/>\n<meta name=\"twitter:card\" content=\"summary_large_image\" \/>\n<meta name=\"twitter:creator\" content=\"@dicodusport\" \/>\n<meta name=\"twitter:site\" content=\"@dicodusport\" \/>\n<script type=\"application\/ld+json\" class=\"yoast-schema-graph\">{\"@context\":\"https:\/\/schema.org\",\"@graph\":[{\"@type\":\"NewsArticle\",\"@id\":\"https:\/\/dicodusport.fr\/blog\/ligue-des-champions-les-lyonnais-restent-en-vie\/#article\",\"isPartOf\":{\"@id\":\"https:\/\/dicodusport.fr\/blog\/ligue-des-champions-les-lyonnais-restent-en-vie\/\"},\"author\":{\"name\":\"Bastien Pitte\",\"@id\":\"https:\/\/dicodusport.fr\/blog\/#\/schema\/person\/0d3ca824646a2d0c77bdd7e45230c071\"},\"headline\":\"Ligue des Champions : les Lyonnais restent en vie\",\"datePublished\":\"2019-02-20T10:47:45+00:00\",\"dateModified\":\"2025-09-16T07:14:45+00:00\",\"mainEntityOfPage\":{\"@id\":\"https:\/\/dicodusport.fr\/blog\/ligue-des-champions-les-lyonnais-restent-en-vie\/\"},\"wordCount\":476,\"commentCount\":0,\"publisher\":{\"@id\":\"https:\/\/dicodusport.fr\/blog\/#organization\"},\"image\":{\"@id\":\"https:\/\/dicodusport.fr\/blog\/ligue-des-champions-les-lyonnais-restent-en-vie\/#primaryimage\"},\"thumbnailUrl\":\"https:\/\/dicodusport.fr\/blog\/wp-content\/uploads\/2019\/02\/Lyon-Bar\u00e7a-retour-match-aller-Ligue-des-Champions.png\",\"keywords\":[\"FC Barcelone\",\"Football\",\"Groupama Stadium\",\"Ligue des champions\",\"OL\",\"Olympique lyonnais\"],\"articleSection\":[\"Football\",\"Ligue des Champions de football\"],\"inLanguage\":\"fr-FR\",\"potentialAction\":[{\"@type\":\"CommentAction\",\"name\":\"Comment\",\"target\":[\"https:\/\/dicodusport.fr\/blog\/ligue-des-champions-les-lyonnais-restent-en-vie\/#respond\"]}],\"copyrightYear\":\"2019\",\"copyrightHolder\":{\"@id\":\"https:\/\/dicodusport.fr\/blog\/#organization\"}},{\"@type\":\"WebPage\",\"@id\":\"https:\/\/dicodusport.fr\/blog\/ligue-des-champions-les-lyonnais-restent-en-vie\/\",\"url\":\"https:\/\/dicodusport.fr\/blog\/ligue-des-champions-les-lyonnais-restent-en-vie\/\",\"name\":\"Ligue des Champions : les Lyonnais restent en vie\",\"isPartOf\":{\"@id\":\"https:\/\/dicodusport.fr\/blog\/#website\"},\"primaryImageOfPage\":{\"@id\":\"https:\/\/dicodusport.fr\/blog\/ligue-des-champions-les-lyonnais-restent-en-vie\/#primaryimage\"},\"image\":{\"@id\":\"https:\/\/dicodusport.fr\/blog\/ligue-des-champions-les-lyonnais-restent-en-vie\/#primaryimage\"},\"thumbnailUrl\":\"https:\/\/dicodusport.fr\/blog\/wp-content\/uploads\/2019\/02\/Lyon-Bar\u00e7a-retour-match-aller-Ligue-des-Champions.png\",\"datePublished\":\"2019-02-20T10:47:45+00:00\",\"dateModified\":\"2025-09-16T07:14:45+00:00\",\"description\":\"Concentr\u00e9s et g\u00e9n\u00e9reux pendant 90 minutes, les Lyonnais n\u2019ont pas craqu\u00e9 face au FC Barcelone \u00e0 domicile (0-0), en huiti\u00e8me de finale aller.\",\"breadcrumb\":{\"@id\":\"https:\/\/dicodusport.fr\/blog\/ligue-des-champions-les-lyonnais-restent-en-vie\/#breadcrumb\"},\"inLanguage\":\"fr-FR\",\"potentialAction\":[{\"@type\":\"ReadAction\",\"target\":[\"https:\/\/dicodusport.fr\/blog\/ligue-des-champions-les-lyonnais-restent-en-vie\/\"]}]},{\"@type\":\"ImageObject\",\"inLanguage\":\"fr-FR\",\"@id\":\"https:\/\/dicodusport.fr\/blog\/ligue-des-champions-les-lyonnais-restent-en-vie\/#primaryimage\",\"url\":\"https:\/\/dicodusport.fr\/blog\/wp-content\/uploads\/2019\/02\/Lyon-Bar\u00e7a-retour-match-aller-Ligue-des-Champions.png\",\"contentUrl\":\"https:\/\/dicodusport.fr\/blog\/wp-content\/uploads\/2019\/02\/Lyon-Bar\u00e7a-retour-match-aller-Ligue-des-Champions.png\",\"width\":800,\"height\":445},{\"@type\":\"BreadcrumbList\",\"@id\":\"https:\/\/dicodusport.fr\/blog\/ligue-des-champions-les-lyonnais-restent-en-vie\/#breadcrumb\",\"itemListElement\":[{\"@type\":\"ListItem\",\"position\":1,\"name\":\"Accueil\",\"item\":\"https:\/\/dicodusport.fr\/blog\/\"},{\"@type\":\"ListItem\",\"position\":2,\"name\":\"Ligue des Champions : les Lyonnais restent en vie\"}]},{\"@type\":\"WebSite\",\"@id\":\"https:\/\/dicodusport.fr\/blog\/#website\",\"url\":\"https:\/\/dicodusport.fr\/blog\/\",\"name\":\"Dicodusport\",\"description\":\"L&#039;encyclop\u00e9die de l&#039;actualit\u00e9 sportive\",\"publisher\":{\"@id\":\"https:\/\/dicodusport.fr\/blog\/#organization\"},\"potentialAction\":[{\"@type\":\"SearchAction\",\"target\":{\"@type\":\"EntryPoint\",\"urlTemplate\":\"https:\/\/dicodusport.fr\/blog\/?s={search_term_string}\"},\"query-input\":{\"@type\":\"PropertyValueSpecification\",\"valueRequired\":true,\"valueName\":\"search_term_string\"}}],\"inLanguage\":\"fr-FR\"},{\"@type\":\"NewsMediaOrganization\",\"@id\":\"https:\/\/dicodusport.fr\/blog\/#organization\",\"name\":\"Dicodusport\",\"url\":\"https:\/\/dicodusport.fr\/blog\/\",\"logo\":{\"@type\":\"ImageObject\",\"inLanguage\":\"fr-FR\",\"@id\":\"https:\/\/dicodusport.fr\/blog\/#\/schema\/logo\/image\/\",\"url\":\"https:\/\/dicodusport.fr\/blog\/wp-content\/uploads\/2020\/06\/cropped-LOGO-DICODUSPORT-2020-SANS-FOND-SANS-TEXTE.png\",\"contentUrl\":\"https:\/\/dicodusport.fr\/blog\/wp-content\/uploads\/2020\/06\/cropped-LOGO-DICODUSPORT-2020-SANS-FOND-SANS-TEXTE.png\",\"width\":512,\"height\":512,\"caption\":\"Dicodusport\"},\"image\":{\"@id\":\"https:\/\/dicodusport.fr\/blog\/#\/schema\/logo\/image\/\"},\"sameAs\":[\"https:\/\/www.facebook.com\/dicodusport\",\"https:\/\/x.com\/dicodusport\",\"https:\/\/www.instagram.com\/dicodusport\/\",\"https:\/\/www.youtube.com\/channel\/UC7V2KZ5sd3htJivAbA4ZG3w\"],\"description\":\"Dicodusport est l'encyclop\u00e9die de l'actualit\u00e9 sportive.\",\"email\":\"bonjour@dicodusport.fr\",\"legalName\":\"DICODUSPORT\",\"foundingDate\":\"2018-01-14\",\"vatID\":\"FR71834470973\",\"taxID\":\"83447097300043\",\"numberOfEmployees\":{\"@type\":\"QuantitativeValue\",\"minValue\":\"1\",\"maxValue\":\"10\"}},{\"@type\":\"Person\",\"@id\":\"https:\/\/dicodusport.fr\/blog\/#\/schema\/person\/0d3ca824646a2d0c77bdd7e45230c071\",\"name\":\"Bastien Pitte\",\"image\":{\"@type\":\"ImageObject\",\"inLanguage\":\"fr-FR\",\"@id\":\"https:\/\/dicodusport.fr\/blog\/#\/schema\/person\/image\/\",\"url\":\"https:\/\/dicodusport.fr\/blog\/wp-content\/uploads\/2020\/06\/cropped-LOGO-DICODUSPORT-2020-SANS-FOND-SANS-TEXTE-150x150.png\",\"contentUrl\":\"https:\/\/dicodusport.fr\/blog\/wp-content\/uploads\/2020\/06\/cropped-LOGO-DICODUSPORT-2020-SANS-FOND-SANS-TEXTE-150x150.png\",\"caption\":\"Bastien Pitte\"},\"url\":\"https:\/\/dicodusport.fr\/blog\/author\/bastien\/\"}]}<\/script>\n<!-- \/ Yoast SEO Premium plugin. -->","yoast_head_json":{"title":"Ligue des Champions : les Lyonnais restent en vie","description":"Concentr\u00e9s et g\u00e9n\u00e9reux pendant 90 minutes, les Lyonnais n\u2019ont pas craqu\u00e9 face au FC Barcelone \u00e0 domicile (0-0), en huiti\u00e8me de finale aller.","robots":{"index":"index","follow":"follow","max-snippet":"max-snippet:-1","max-image-preview":"max-image-preview:large","max-video-preview":"max-video-preview:-1"},"canonical":"https:\/\/dicodusport.fr\/blog\/ligue-des-champions-les-lyonnais-restent-en-vie\/","og_locale":"fr_FR","og_type":"article","og_title":"Ligue des Champions : les Lyonnais restent en vie","og_description":"Concentr\u00e9s et g\u00e9n\u00e9reux pendant 90 minutes, les Lyonnais n\u2019ont pas craqu\u00e9 face au FC Barcelone \u00e0 domicile (0-0), en huiti\u00e8me de finale aller.","og_url":"https:\/\/dicodusport.fr\/blog\/ligue-des-champions-les-lyonnais-restent-en-vie\/","og_site_name":"Dicodusport","article_publisher":"https:\/\/www.facebook.com\/dicodusport","article_published_time":"2019-02-20T10:47:45+00:00","article_modified_time":"2025-09-16T07:14:45+00:00","og_image":[{"width":800,"height":445,"url":"https:\/\/dicodusport.fr\/blog\/wp-content\/uploads\/2019\/02\/Lyon-Bar\u00e7a-retour-match-aller-Ligue-des-Champions.png","type":"image\/png"}],"author":"Bastien Pitte","twitter_card":"summary_large_image","twitter_creator":"@dicodusport","twitter_site":"@dicodusport","schema":{"@context":"https:\/\/schema.org","@graph":[{"@type":"NewsArticle","@id":"https:\/\/dicodusport.fr\/blog\/ligue-des-champions-les-lyonnais-restent-en-vie\/#article","isPartOf":{"@id":"https:\/\/dicodusport.fr\/blog\/ligue-des-champions-les-lyonnais-restent-en-vie\/"},"author":{"name":"Bastien Pitte","@id":"https:\/\/dicodusport.fr\/blog\/#\/schema\/person\/0d3ca824646a2d0c77bdd7e45230c071"},"headline":"Ligue des Champions : les Lyonnais restent en vie","datePublished":"2019-02-20T10:47:45+00:00","dateModified":"2025-09-16T07:14:45+00:00","mainEntityOfPage":{"@id":"https:\/\/dicodusport.fr\/blog\/ligue-des-champions-les-lyonnais-restent-en-vie\/"},"wordCount":476,"commentCount":0,"publisher":{"@id":"https:\/\/dicodusport.fr\/blog\/#organization"},"image":{"@id":"https:\/\/dicodusport.fr\/blog\/ligue-des-champions-les-lyonnais-restent-en-vie\/#primaryimage"},"thumbnailUrl":"https:\/\/dicodusport.fr\/blog\/wp-content\/uploads\/2019\/02\/Lyon-Bar\u00e7a-retour-match-aller-Ligue-des-Champions.png","keywords":["FC Barcelone","Football","Groupama Stadium","Ligue des champions","OL","Olympique lyonnais"],"articleSection":["Football","Ligue des Champions de football"],"inLanguage":"fr-FR","potentialAction":[{"@type":"CommentAction","name":"Comment","target":["https:\/\/dicodusport.fr\/blog\/ligue-des-champions-les-lyonnais-restent-en-vie\/#respond"]}],"copyrightYear":"2019","copyrightHolder":{"@id":"https:\/\/dicodusport.fr\/blog\/#organization"}},{"@type":"WebPage","@id":"https:\/\/dicodusport.fr\/blog\/ligue-des-champions-les-lyonnais-restent-en-vie\/","url":"https:\/\/dicodusport.fr\/blog\/ligue-des-champions-les-lyonnais-restent-en-vie\/","name":"Ligue des Champions : les Lyonnais restent en vie","isPartOf":{"@id":"https:\/\/dicodusport.fr\/blog\/#website"},"primaryImageOfPage":{"@id":"https:\/\/dicodusport.fr\/blog\/ligue-des-champions-les-lyonnais-restent-en-vie\/#primaryimage"},"image":{"@id":"https:\/\/dicodusport.fr\/blog\/ligue-des-champions-les-lyonnais-restent-en-vie\/#primaryimage"},"thumbnailUrl":"https:\/\/dicodusport.fr\/blog\/wp-content\/uploads\/2019\/02\/Lyon-Bar\u00e7a-retour-match-aller-Ligue-des-Champions.png","datePublished":"2019-02-20T10:47:45+00:00","dateModified":"2025-09-16T07:14:45+00:00","description":"Concentr\u00e9s et g\u00e9n\u00e9reux pendant 90 minutes, les Lyonnais n\u2019ont pas craqu\u00e9 face au FC Barcelone \u00e0 domicile (0-0), en huiti\u00e8me de finale aller.","breadcrumb":{"@id":"https:\/\/dicodusport.fr\/blog\/ligue-des-champions-les-lyonnais-restent-en-vie\/#breadcrumb"},"inLanguage":"fr-FR","potentialAction":[{"@type":"ReadAction","target":["https:\/\/dicodusport.fr\/blog\/ligue-des-champions-les-lyonnais-restent-en-vie\/"]}]},{"@type":"ImageObject","inLanguage":"fr-FR","@id":"https:\/\/dicodusport.fr\/blog\/ligue-des-champions-les-lyonnais-restent-en-vie\/#primaryimage","url":"https:\/\/dicodusport.fr\/blog\/wp-content\/uploads\/2019\/02\/Lyon-Bar\u00e7a-retour-match-aller-Ligue-des-Champions.png","contentUrl":"https:\/\/dicodusport.fr\/blog\/wp-content\/uploads\/2019\/02\/Lyon-Bar\u00e7a-retour-match-aller-Ligue-des-Champions.png","width":800,"height":445},{"@type":"BreadcrumbList","@id":"https:\/\/dicodusport.fr\/blog\/ligue-des-champions-les-lyonnais-restent-en-vie\/#breadcrumb","itemListElement":[{"@type":"ListItem","position":1,"name":"Accueil","item":"https:\/\/dicodusport.fr\/blog\/"},{"@type":"ListItem","position":2,"name":"Ligue des Champions : les Lyonnais restent en vie"}]},{"@type":"WebSite","@id":"https:\/\/dicodusport.fr\/blog\/#website","url":"https:\/\/dicodusport.fr\/blog\/","name":"Dicodusport","description":"L&#039;encyclop\u00e9die de l&#039;actualit\u00e9 sportive","publisher":{"@id":"https:\/\/dicodusport.fr\/blog\/#organization"},"potentialAction":[{"@type":"SearchAction","target":{"@type":"EntryPoint","urlTemplate":"https:\/\/dicodusport.fr\/blog\/?s={search_term_string}"},"query-input":{"@type":"PropertyValueSpecification","valueRequired":true,"valueName":"search_term_string"}}],"inLanguage":"fr-FR"},{"@type":"NewsMediaOrganization","@id":"https:\/\/dicodusport.fr\/blog\/#organization","name":"Dicodusport","url":"https:\/\/dicodusport.fr\/blog\/","logo":{"@type":"ImageObject","inLanguage":"fr-FR","@id":"https:\/\/dicodusport.fr\/blog\/#\/schema\/logo\/image\/","url":"https:\/\/dicodusport.fr\/blog\/wp-content\/uploads\/2020\/06\/cropped-LOGO-DICODUSPORT-2020-SANS-FOND-SANS-TEXTE.png","contentUrl":"https:\/\/dicodusport.fr\/blog\/wp-content\/uploads\/2020\/06\/cropped-LOGO-DICODUSPORT-2020-SANS-FOND-SANS-TEXTE.png","width":512,"height":512,"caption":"Dicodusport"},"image":{"@id":"https:\/\/dicodusport.fr\/blog\/#\/schema\/logo\/image\/"},"sameAs":["https:\/\/www.facebook.com\/dicodusport","https:\/\/x.com\/dicodusport","https:\/\/www.instagram.com\/dicodusport\/","https:\/\/www.youtube.com\/channel\/UC7V2KZ5sd3htJivAbA4ZG3w"],"description":"Dicodusport est l'encyclop\u00e9die de l'actualit\u00e9 sportive.","email":"bonjour@dicodusport.fr","legalName":"DICODUSPORT","foundingDate":"2018-01-14","vatID":"FR71834470973","taxID":"83447097300043","numberOfEmployees":{"@type":"QuantitativeValue","minValue":"1","maxValue":"10"}},{"@type":"Person","@id":"https:\/\/dicodusport.fr\/blog\/#\/schema\/person\/0d3ca824646a2d0c77bdd7e45230c071","name":"Bastien Pitte","image":{"@type":"ImageObject","inLanguage":"fr-FR","@id":"https:\/\/dicodusport.fr\/blog\/#\/schema\/person\/image\/","url":"https:\/\/dicodusport.fr\/blog\/wp-content\/uploads\/2020\/06\/cropped-LOGO-DICODUSPORT-2020-SANS-FOND-SANS-TEXTE-150x150.png","contentUrl":"https:\/\/dicodusport.fr\/blog\/wp-content\/uploads\/2020\/06\/cropped-LOGO-DICODUSPORT-2020-SANS-FOND-SANS-TEXTE-150x150.png","caption":"Bastien Pitte"},"url":"https:\/\/dicodusport.fr\/blog\/author\/bastien\/"}]}},"_links":{"self":[{"href":"https:\/\/dicodusport.fr\/blog\/wp-json\/wp\/v2\/posts\/33902","targetHints":{"allow":["GET"]}}],"collection":[{"href":"https:\/\/dicodusport.fr\/blog\/wp-json\/wp\/v2\/posts"}],"about":[{"href":"https:\/\/dicodusport.fr\/blog\/wp-json\/wp\/v2\/types\/post"}],"author":[{"embeddable":true,"href":"https:\/\/dicodusport.fr\/blog\/wp-json\/wp\/v2\/users\/28"}],"replies":[{"embeddable":true,"href":"https:\/\/dicodusport.fr\/blog\/wp-json\/wp\/v2\/comments?post=33902"}],"version-history":[{"count":1,"href":"https:\/\/dicodusport.fr\/blog\/wp-json\/wp\/v2\/posts\/33902\/revisions"}],"predecessor-version":[{"id":611776,"href":"https:\/\/dicodusport.fr\/blog\/wp-json\/wp\/v2\/posts\/33902\/revisions\/611776"}],"wp:featuredmedia":[{"embeddable":true,"href":"https:\/\/dicodusport.fr\/blog\/wp-json\/wp\/v2\/media\/33912"}],"wp:attachment":[{"href":"https:\/\/dicodusport.fr\/blog\/wp-json\/wp\/v2\/media?parent=33902"}],"wp:term":[{"taxonomy":"category","embeddable":true,"href":"https:\/\/dicodusport.fr\/blog\/wp-json\/wp\/v2\/categories?post=33902"},{"taxonomy":"post_tag","embeddable":true,"href":"https:\/\/dicodusport.fr\/blog\/wp-json\/wp\/v2\/tags?post=33902"}],"curies":[{"name":"wp","href":"https:\/\/api.w.org\/{rel}","templated":true}]}}