{"id":340380,"date":"2023-01-01T09:05:05","date_gmt":"2023-01-01T08:05:05","guid":{"rendered":"https:\/\/dicodusport.fr\/blog\/?p=340380&#038;preview=true&#038;preview_id=340380"},"modified":"2023-05-20T10:13:39","modified_gmt":"2023-05-20T08:13:39","slug":"deces-de-pierre-carraz-entraineur-historique-de-christophe-lemaitre","status":"publish","type":"post","link":"https:\/\/dicodusport.fr\/blog\/deces-de-pierre-carraz-entraineur-historique-de-christophe-lemaitre\/","title":{"rendered":"D\u00e9c\u00e8s de Pierre Carraz, entra\u00eeneur historique de Christophe Lemaitre"},"content":{"rendered":"<p align=\"justify\"><em><strong>ATHL\u00c9TISME &#8211; Pierre Carraz, entra\u00eeneur de Christophe Lemaitre, est d\u00e9c\u00e9d\u00e9 dans la nuit de vendredi \u00e0 samedi, \u00e0 l&rsquo;\u00e2ge 82 ans.\u00a0<\/strong><\/em><\/p>\n<p align=\"justify\">Quelques jours apr\u00e8s avoir \u00e9t\u00e9 victime d&rsquo;un AVC, <strong>Pierre Carraz<\/strong> s&rsquo;est \u00e9teint. Entra\u00eeneur historique de <a href=\"https:\/\/dicodusport.fr\/blog\/christophe-lemaitre-je-vis-pour-gagner-des-medailles\/\"><strong>Christophe Lemaitre<\/strong><\/a>, il a permis au champion tricolore de se faire un des plus beaux palmar\u00e8s de l&rsquo;athl\u00e9tisme fran\u00e7ais. Deux m\u00e9dailles olympiques, autant sur les Mondiaux, mais aussi sept breloques sur les championnats d&rsquo;Europe pour Christophe Lemaitre avec Pierre Carraz comme entra\u00eeneur. Dans les colonnes de <em>L&rsquo;\u00c9quipe<\/em>, le sprinteur d&rsquo;Aix-les-Bains s&rsquo;est expliqu\u00e9 au sujet de son mentor.<\/p>\n<blockquote>\n<p style=\"text-align: justify;\" align=\"justify\">Pierrot, c&rsquo;est l&rsquo;homme qui m&rsquo;a form\u00e9, qui a le mieux cern\u00e9 mon potentiel et qui a su exploiter mes forces pour aller de l&rsquo;avant et faire la carri\u00e8re que j&rsquo;ai aujourd&rsquo;hui. C&rsquo;est un entra\u00eeneur qui a toujours \u00e9t\u00e9 sur les pistes. Il \u00e9tait capable de former des jeunes, de les pousser. \u00c0 l&rsquo;entra\u00eenement, quand il \u00e9tait en forme, on entendait sa voix partout sur le stade, \u00e0 nous gueuler dessus pour faire les chronos, [&#8230;] Si on n&rsquo;y arrivait pas, on se faisait traiter de \u00ab\u00a0ch\u00e8vre\u00a0\u00bb, de \u00ab\u00a0fain\u00e9ant\u00a0\u00bb, c&rsquo;\u00e9tait sa mani\u00e8re de nous pousser. Au d\u00e9but j&rsquo;avais un peu du mal car j&rsquo;\u00e9tais tr\u00e8s timide et tr\u00e8s r\u00e9serv\u00e9.<\/p>\n<\/blockquote>\n<blockquote class=\"twitter-tweet\">\n<p dir=\"ltr\" lang=\"fr\">La FFA a appris avec une profonde tristesse le d\u00e9c\u00e8s de Pierre Carraz, qui nous a quitt\u00e9s \u00e0 l&rsquo;\u00e2ge de 82 ans.<\/p>\n<p>Elle salue la m\u00e9moire d&rsquo;un immense entra\u00eeneur et \u00e9ducateur, figure du club de l&rsquo;AS Aix-les-Bains, qui emmena notamment au plus haut niveau Christophe Lemaitre. <a href=\"https:\/\/t.co\/P7MlrkdgX9\">pic.twitter.com\/P7MlrkdgX9<\/a><\/p>\n<p>\u2014 FFAthl\u00e9tisme (@FFAthletisme) <a href=\"https:\/\/twitter.com\/FFAthletisme\/status\/1609267694750109700?ref_src=twsrc%5Etfw\">December 31, 2022<\/a><\/p><\/blockquote>\n<p><script async src=\"https:\/\/platform.twitter.com\/widgets.js\" charset=\"utf-8\"><\/script><\/p>\n","protected":false},"excerpt":{"rendered":"<p>ATHL\u00c9TISME &#8211; Pierre Carraz, entra\u00eeneur de Christophe Lemaitre, est d\u00e9c\u00e9d\u00e9 dans la nuit de vendredi \u00e0 samedi, \u00e0 l&rsquo;\u00e2ge 82 ans.\u00a0<\/p>\n","protected":false},"author":1,"featured_media":340382,"comment_status":"open","ping_status":"closed","sticky":false,"template":"","format":"standard","meta":{"_acf_changed":false,"_daextam_enable_autolinks":"","footnotes":""},"categories":[2308,12712],"tags":[3705],"class_list":["post-340380","post","type-post","status-publish","format-standard","has-post-thumbnail","hentry","category-athletisme","category-carnet-noir","tag-christophe-lemaitre"],"acf":[],"yoast_head":"<!-- This site is optimized with the Yoast SEO Premium plugin v26.7 (Yoast SEO v26.7) - https:\/\/yoast.com\/wordpress\/plugins\/seo\/ -->\n<title>D\u00e9c\u00e8s de Pierre Carraz, entra\u00eeneur historique de Christophe Lemaitre<\/title>\n<meta name=\"description\" content=\"ATHL\u00c9TISME - Pierre Carraz, entra\u00eeneur de Christophe Lemaitre, est d\u00e9c\u00e9d\u00e9 dans la nuit de vendredi \u00e0 samedi \u00e0 82 ans.\u00a0\" \/>\n<meta name=\"robots\" content=\"index, follow, max-snippet:-1, max-image-preview:large, max-video-preview:-1\" \/>\n<link rel=\"canonical\" href=\"https:\/\/dicodusport.fr\/blog\/deces-de-pierre-carraz-entraineur-historique-de-christophe-lemaitre\/\" \/>\n<meta property=\"og:locale\" content=\"fr_FR\" \/>\n<meta property=\"og:type\" content=\"article\" \/>\n<meta property=\"og:title\" content=\"D\u00e9c\u00e8s de Pierre Carraz, entra\u00eeneur historique de Christophe Lemaitre\" \/>\n<meta property=\"og:description\" content=\"ATHL\u00c9TISME - Pierre Carraz, entra\u00eeneur de Christophe Lemaitre, est d\u00e9c\u00e9d\u00e9 dans la nuit de vendredi \u00e0 samedi \u00e0 82 ans.\u00a0\" \/>\n<meta property=\"og:url\" content=\"https:\/\/dicodusport.fr\/blog\/deces-de-pierre-carraz-entraineur-historique-de-christophe-lemaitre\/\" \/>\n<meta property=\"og:site_name\" content=\"Dicodusport\" \/>\n<meta property=\"article:publisher\" content=\"https:\/\/www.facebook.com\/dicodusport\" \/>\n<meta property=\"article:author\" content=\"https:\/\/www.facebook.com\/dicodusport\" \/>\n<meta property=\"article:published_time\" content=\"2023-01-01T08:05:05+00:00\" \/>\n<meta property=\"article:modified_time\" content=\"2023-05-20T08:13:39+00:00\" \/>\n<meta property=\"og:image\" content=\"https:\/\/dicodusport.fr\/blog\/wp-content\/uploads\/2023\/01\/Deces-de-Pierre-Carraz-entraineur-historique-de-Christophe-Lemaitre.png\" \/>\n\t<meta property=\"og:image:width\" content=\"800\" \/>\n\t<meta property=\"og:image:height\" content=\"445\" \/>\n\t<meta property=\"og:image:type\" content=\"image\/png\" \/>\n<meta name=\"author\" content=\"Nicolas Jacquemard\" \/>\n<meta name=\"twitter:card\" content=\"summary_large_image\" \/>\n<meta name=\"twitter:title\" content=\"D\u00e9c\u00e8s de Pierre Carraz, entra\u00eeneur historique de Christophe Lemaitre\" \/>\n<meta name=\"twitter:creator\" content=\"@https:\/\/twitter.com\/Nico_Jacquemard\" \/>\n<meta name=\"twitter:site\" content=\"@dicodusport\" \/>\n<script type=\"application\/ld+json\" class=\"yoast-schema-graph\">{\"@context\":\"https:\/\/schema.org\",\"@graph\":[{\"@type\":\"NewsArticle\",\"@id\":\"https:\/\/dicodusport.fr\/blog\/deces-de-pierre-carraz-entraineur-historique-de-christophe-lemaitre\/#article\",\"isPartOf\":{\"@id\":\"https:\/\/dicodusport.fr\/blog\/deces-de-pierre-carraz-entraineur-historique-de-christophe-lemaitre\/\"},\"author\":{\"name\":\"Nicolas Jacquemard\",\"@id\":\"https:\/\/dicodusport.fr\/blog\/#\/schema\/person\/55dcb50ad410894e431ed812bbb70191\"},\"headline\":\"D\u00e9c\u00e8s de Pierre Carraz, entra\u00eeneur historique de Christophe Lemaitre\",\"datePublished\":\"2023-01-01T08:05:05+00:00\",\"dateModified\":\"2023-05-20T08:13:39+00:00\",\"mainEntityOfPage\":{\"@id\":\"https:\/\/dicodusport.fr\/blog\/deces-de-pierre-carraz-entraineur-historique-de-christophe-lemaitre\/\"},\"wordCount\":309,\"commentCount\":0,\"publisher\":{\"@id\":\"https:\/\/dicodusport.fr\/blog\/#organization\"},\"image\":{\"@id\":\"https:\/\/dicodusport.fr\/blog\/deces-de-pierre-carraz-entraineur-historique-de-christophe-lemaitre\/#primaryimage\"},\"thumbnailUrl\":\"https:\/\/dicodusport.fr\/blog\/wp-content\/uploads\/2023\/01\/Deces-de-Pierre-Carraz-entraineur-historique-de-Christophe-Lemaitre.png\",\"keywords\":[\"Christophe Lemaitre\"],\"articleSection\":[\"Athl\u00e9tisme\",\"Carnet noir\"],\"inLanguage\":\"fr-FR\",\"potentialAction\":[{\"@type\":\"CommentAction\",\"name\":\"Comment\",\"target\":[\"https:\/\/dicodusport.fr\/blog\/deces-de-pierre-carraz-entraineur-historique-de-christophe-lemaitre\/#respond\"]}],\"copyrightYear\":\"2023\",\"copyrightHolder\":{\"@id\":\"https:\/\/dicodusport.fr\/blog\/#organization\"}},{\"@type\":\"WebPage\",\"@id\":\"https:\/\/dicodusport.fr\/blog\/deces-de-pierre-carraz-entraineur-historique-de-christophe-lemaitre\/\",\"url\":\"https:\/\/dicodusport.fr\/blog\/deces-de-pierre-carraz-entraineur-historique-de-christophe-lemaitre\/\",\"name\":\"D\u00e9c\u00e8s de Pierre Carraz, entra\u00eeneur historique de Christophe Lemaitre\",\"isPartOf\":{\"@id\":\"https:\/\/dicodusport.fr\/blog\/#website\"},\"primaryImageOfPage\":{\"@id\":\"https:\/\/dicodusport.fr\/blog\/deces-de-pierre-carraz-entraineur-historique-de-christophe-lemaitre\/#primaryimage\"},\"image\":{\"@id\":\"https:\/\/dicodusport.fr\/blog\/deces-de-pierre-carraz-entraineur-historique-de-christophe-lemaitre\/#primaryimage\"},\"thumbnailUrl\":\"https:\/\/dicodusport.fr\/blog\/wp-content\/uploads\/2023\/01\/Deces-de-Pierre-Carraz-entraineur-historique-de-Christophe-Lemaitre.png\",\"datePublished\":\"2023-01-01T08:05:05+00:00\",\"dateModified\":\"2023-05-20T08:13:39+00:00\",\"description\":\"ATHL\u00c9TISME - Pierre Carraz, entra\u00eeneur de Christophe Lemaitre, est d\u00e9c\u00e9d\u00e9 dans la nuit de vendredi \u00e0 samedi \u00e0 82 ans.\u00a0\",\"breadcrumb\":{\"@id\":\"https:\/\/dicodusport.fr\/blog\/deces-de-pierre-carraz-entraineur-historique-de-christophe-lemaitre\/#breadcrumb\"},\"inLanguage\":\"fr-FR\",\"potentialAction\":[{\"@type\":\"ReadAction\",\"target\":[\"https:\/\/dicodusport.fr\/blog\/deces-de-pierre-carraz-entraineur-historique-de-christophe-lemaitre\/\"]}]},{\"@type\":\"ImageObject\",\"inLanguage\":\"fr-FR\",\"@id\":\"https:\/\/dicodusport.fr\/blog\/deces-de-pierre-carraz-entraineur-historique-de-christophe-lemaitre\/#primaryimage\",\"url\":\"https:\/\/dicodusport.fr\/blog\/wp-content\/uploads\/2023\/01\/Deces-de-Pierre-Carraz-entraineur-historique-de-Christophe-Lemaitre.png\",\"contentUrl\":\"https:\/\/dicodusport.fr\/blog\/wp-content\/uploads\/2023\/01\/Deces-de-Pierre-Carraz-entraineur-historique-de-Christophe-Lemaitre.png\",\"width\":800,\"height\":445},{\"@type\":\"BreadcrumbList\",\"@id\":\"https:\/\/dicodusport.fr\/blog\/deces-de-pierre-carraz-entraineur-historique-de-christophe-lemaitre\/#breadcrumb\",\"itemListElement\":[{\"@type\":\"ListItem\",\"position\":1,\"name\":\"Accueil\",\"item\":\"https:\/\/dicodusport.fr\/blog\/\"},{\"@type\":\"ListItem\",\"position\":2,\"name\":\"D\u00e9c\u00e8s de Pierre Carraz, entra\u00eeneur historique de Christophe Lemaitre\"}]},{\"@type\":\"WebSite\",\"@id\":\"https:\/\/dicodusport.fr\/blog\/#website\",\"url\":\"https:\/\/dicodusport.fr\/blog\/\",\"name\":\"Dicodusport\",\"description\":\"L&#039;encyclop\u00e9die de l&#039;actualit\u00e9 sportive\",\"publisher\":{\"@id\":\"https:\/\/dicodusport.fr\/blog\/#organization\"},\"potentialAction\":[{\"@type\":\"SearchAction\",\"target\":{\"@type\":\"EntryPoint\",\"urlTemplate\":\"https:\/\/dicodusport.fr\/blog\/?s={search_term_string}\"},\"query-input\":{\"@type\":\"PropertyValueSpecification\",\"valueRequired\":true,\"valueName\":\"search_term_string\"}}],\"inLanguage\":\"fr-FR\"},{\"@type\":\"NewsMediaOrganization\",\"@id\":\"https:\/\/dicodusport.fr\/blog\/#organization\",\"name\":\"Dicodusport\",\"url\":\"https:\/\/dicodusport.fr\/blog\/\",\"logo\":{\"@type\":\"ImageObject\",\"inLanguage\":\"fr-FR\",\"@id\":\"https:\/\/dicodusport.fr\/blog\/#\/schema\/logo\/image\/\",\"url\":\"https:\/\/dicodusport.fr\/blog\/wp-content\/uploads\/2020\/06\/cropped-LOGO-DICODUSPORT-2020-SANS-FOND-SANS-TEXTE.png\",\"contentUrl\":\"https:\/\/dicodusport.fr\/blog\/wp-content\/uploads\/2020\/06\/cropped-LOGO-DICODUSPORT-2020-SANS-FOND-SANS-TEXTE.png\",\"width\":512,\"height\":512,\"caption\":\"Dicodusport\"},\"image\":{\"@id\":\"https:\/\/dicodusport.fr\/blog\/#\/schema\/logo\/image\/\"},\"sameAs\":[\"https:\/\/www.facebook.com\/dicodusport\",\"https:\/\/x.com\/dicodusport\",\"https:\/\/www.instagram.com\/dicodusport\/\",\"https:\/\/www.youtube.com\/channel\/UC7V2KZ5sd3htJivAbA4ZG3w\"],\"description\":\"Dicodusport est l'encyclop\u00e9die de l'actualit\u00e9 sportive.\",\"email\":\"bonjour@dicodusport.fr\",\"legalName\":\"DICODUSPORT\",\"foundingDate\":\"2018-01-14\",\"vatID\":\"FR71834470973\",\"taxID\":\"83447097300043\",\"numberOfEmployees\":{\"@type\":\"QuantitativeValue\",\"minValue\":\"1\",\"maxValue\":\"10\"}},{\"@type\":\"Person\",\"@id\":\"https:\/\/dicodusport.fr\/blog\/#\/schema\/person\/55dcb50ad410894e431ed812bbb70191\",\"name\":\"Nicolas Jacquemard\",\"image\":{\"@type\":\"ImageObject\",\"inLanguage\":\"fr-FR\",\"@id\":\"https:\/\/dicodusport.fr\/blog\/#\/schema\/person\/image\/\",\"url\":\"https:\/\/dicodusport.fr\/blog\/wp-content\/uploads\/2021\/05\/Nicolas-Jacquemard-150x150.jpeg\",\"contentUrl\":\"https:\/\/dicodusport.fr\/blog\/wp-content\/uploads\/2021\/05\/Nicolas-Jacquemard-150x150.jpeg\",\"caption\":\"Nicolas Jacquemard\"},\"description\":\"Passionn\u00e9 de sport et entrepreneur depuis mes 18 ans, la cr\u00e9ation de Dicodusport m'a sembl\u00e9 \u00e9vidente pour participer \u00e0 la m\u00e9diatisation d'un plus grand nombre de sports. Le chemin est long mais avec une \u00e9quipe des plus motiv\u00e9es et les Jeux Olympiques de Paris 2024 en point de mire, nous y arriverons ! Journaliste dans le monde du sport depuis plus de 5 ans, je traite aussi bien de football, de rugby, de biathlon que de cyclisme.\",\"sameAs\":[\"https:\/\/www.facebook.com\/dicodusport\",\"https:\/\/x.com\/https:\/\/twitter.com\/Nico_Jacquemard\"],\"url\":\"https:\/\/dicodusport.fr\/blog\/author\/dicodusport\/\"}]}<\/script>\n<!-- \/ Yoast SEO Premium plugin. -->","yoast_head_json":{"title":"D\u00e9c\u00e8s de Pierre Carraz, entra\u00eeneur historique de Christophe Lemaitre","description":"ATHL\u00c9TISME - Pierre Carraz, entra\u00eeneur de Christophe Lemaitre, est d\u00e9c\u00e9d\u00e9 dans la nuit de vendredi \u00e0 samedi \u00e0 82 ans.\u00a0","robots":{"index":"index","follow":"follow","max-snippet":"max-snippet:-1","max-image-preview":"max-image-preview:large","max-video-preview":"max-video-preview:-1"},"canonical":"https:\/\/dicodusport.fr\/blog\/deces-de-pierre-carraz-entraineur-historique-de-christophe-lemaitre\/","og_locale":"fr_FR","og_type":"article","og_title":"D\u00e9c\u00e8s de Pierre Carraz, entra\u00eeneur historique de Christophe Lemaitre","og_description":"ATHL\u00c9TISME - Pierre Carraz, entra\u00eeneur de Christophe Lemaitre, est d\u00e9c\u00e9d\u00e9 dans la nuit de vendredi \u00e0 samedi \u00e0 82 ans.\u00a0","og_url":"https:\/\/dicodusport.fr\/blog\/deces-de-pierre-carraz-entraineur-historique-de-christophe-lemaitre\/","og_site_name":"Dicodusport","article_publisher":"https:\/\/www.facebook.com\/dicodusport","article_author":"https:\/\/www.facebook.com\/dicodusport","article_published_time":"2023-01-01T08:05:05+00:00","article_modified_time":"2023-05-20T08:13:39+00:00","og_image":[{"width":800,"height":445,"url":"https:\/\/dicodusport.fr\/blog\/wp-content\/uploads\/2023\/01\/Deces-de-Pierre-Carraz-entraineur-historique-de-Christophe-Lemaitre.png","type":"image\/png"}],"author":"Nicolas Jacquemard","twitter_card":"summary_large_image","twitter_title":"D\u00e9c\u00e8s de Pierre Carraz, entra\u00eeneur historique de Christophe Lemaitre","twitter_creator":"@https:\/\/twitter.com\/Nico_Jacquemard","twitter_site":"@dicodusport","schema":{"@context":"https:\/\/schema.org","@graph":[{"@type":"NewsArticle","@id":"https:\/\/dicodusport.fr\/blog\/deces-de-pierre-carraz-entraineur-historique-de-christophe-lemaitre\/#article","isPartOf":{"@id":"https:\/\/dicodusport.fr\/blog\/deces-de-pierre-carraz-entraineur-historique-de-christophe-lemaitre\/"},"author":{"name":"Nicolas Jacquemard","@id":"https:\/\/dicodusport.fr\/blog\/#\/schema\/person\/55dcb50ad410894e431ed812bbb70191"},"headline":"D\u00e9c\u00e8s de Pierre Carraz, entra\u00eeneur historique de Christophe Lemaitre","datePublished":"2023-01-01T08:05:05+00:00","dateModified":"2023-05-20T08:13:39+00:00","mainEntityOfPage":{"@id":"https:\/\/dicodusport.fr\/blog\/deces-de-pierre-carraz-entraineur-historique-de-christophe-lemaitre\/"},"wordCount":309,"commentCount":0,"publisher":{"@id":"https:\/\/dicodusport.fr\/blog\/#organization"},"image":{"@id":"https:\/\/dicodusport.fr\/blog\/deces-de-pierre-carraz-entraineur-historique-de-christophe-lemaitre\/#primaryimage"},"thumbnailUrl":"https:\/\/dicodusport.fr\/blog\/wp-content\/uploads\/2023\/01\/Deces-de-Pierre-Carraz-entraineur-historique-de-Christophe-Lemaitre.png","keywords":["Christophe Lemaitre"],"articleSection":["Athl\u00e9tisme","Carnet noir"],"inLanguage":"fr-FR","potentialAction":[{"@type":"CommentAction","name":"Comment","target":["https:\/\/dicodusport.fr\/blog\/deces-de-pierre-carraz-entraineur-historique-de-christophe-lemaitre\/#respond"]}],"copyrightYear":"2023","copyrightHolder":{"@id":"https:\/\/dicodusport.fr\/blog\/#organization"}},{"@type":"WebPage","@id":"https:\/\/dicodusport.fr\/blog\/deces-de-pierre-carraz-entraineur-historique-de-christophe-lemaitre\/","url":"https:\/\/dicodusport.fr\/blog\/deces-de-pierre-carraz-entraineur-historique-de-christophe-lemaitre\/","name":"D\u00e9c\u00e8s de Pierre Carraz, entra\u00eeneur historique de Christophe Lemaitre","isPartOf":{"@id":"https:\/\/dicodusport.fr\/blog\/#website"},"primaryImageOfPage":{"@id":"https:\/\/dicodusport.fr\/blog\/deces-de-pierre-carraz-entraineur-historique-de-christophe-lemaitre\/#primaryimage"},"image":{"@id":"https:\/\/dicodusport.fr\/blog\/deces-de-pierre-carraz-entraineur-historique-de-christophe-lemaitre\/#primaryimage"},"thumbnailUrl":"https:\/\/dicodusport.fr\/blog\/wp-content\/uploads\/2023\/01\/Deces-de-Pierre-Carraz-entraineur-historique-de-Christophe-Lemaitre.png","datePublished":"2023-01-01T08:05:05+00:00","dateModified":"2023-05-20T08:13:39+00:00","description":"ATHL\u00c9TISME - Pierre Carraz, entra\u00eeneur de Christophe Lemaitre, est d\u00e9c\u00e9d\u00e9 dans la nuit de vendredi \u00e0 samedi \u00e0 82 ans.\u00a0","breadcrumb":{"@id":"https:\/\/dicodusport.fr\/blog\/deces-de-pierre-carraz-entraineur-historique-de-christophe-lemaitre\/#breadcrumb"},"inLanguage":"fr-FR","potentialAction":[{"@type":"ReadAction","target":["https:\/\/dicodusport.fr\/blog\/deces-de-pierre-carraz-entraineur-historique-de-christophe-lemaitre\/"]}]},{"@type":"ImageObject","inLanguage":"fr-FR","@id":"https:\/\/dicodusport.fr\/blog\/deces-de-pierre-carraz-entraineur-historique-de-christophe-lemaitre\/#primaryimage","url":"https:\/\/dicodusport.fr\/blog\/wp-content\/uploads\/2023\/01\/Deces-de-Pierre-Carraz-entraineur-historique-de-Christophe-Lemaitre.png","contentUrl":"https:\/\/dicodusport.fr\/blog\/wp-content\/uploads\/2023\/01\/Deces-de-Pierre-Carraz-entraineur-historique-de-Christophe-Lemaitre.png","width":800,"height":445},{"@type":"BreadcrumbList","@id":"https:\/\/dicodusport.fr\/blog\/deces-de-pierre-carraz-entraineur-historique-de-christophe-lemaitre\/#breadcrumb","itemListElement":[{"@type":"ListItem","position":1,"name":"Accueil","item":"https:\/\/dicodusport.fr\/blog\/"},{"@type":"ListItem","position":2,"name":"D\u00e9c\u00e8s de Pierre Carraz, entra\u00eeneur historique de Christophe Lemaitre"}]},{"@type":"WebSite","@id":"https:\/\/dicodusport.fr\/blog\/#website","url":"https:\/\/dicodusport.fr\/blog\/","name":"Dicodusport","description":"L&#039;encyclop\u00e9die de l&#039;actualit\u00e9 sportive","publisher":{"@id":"https:\/\/dicodusport.fr\/blog\/#organization"},"potentialAction":[{"@type":"SearchAction","target":{"@type":"EntryPoint","urlTemplate":"https:\/\/dicodusport.fr\/blog\/?s={search_term_string}"},"query-input":{"@type":"PropertyValueSpecification","valueRequired":true,"valueName":"search_term_string"}}],"inLanguage":"fr-FR"},{"@type":"NewsMediaOrganization","@id":"https:\/\/dicodusport.fr\/blog\/#organization","name":"Dicodusport","url":"https:\/\/dicodusport.fr\/blog\/","logo":{"@type":"ImageObject","inLanguage":"fr-FR","@id":"https:\/\/dicodusport.fr\/blog\/#\/schema\/logo\/image\/","url":"https:\/\/dicodusport.fr\/blog\/wp-content\/uploads\/2020\/06\/cropped-LOGO-DICODUSPORT-2020-SANS-FOND-SANS-TEXTE.png","contentUrl":"https:\/\/dicodusport.fr\/blog\/wp-content\/uploads\/2020\/06\/cropped-LOGO-DICODUSPORT-2020-SANS-FOND-SANS-TEXTE.png","width":512,"height":512,"caption":"Dicodusport"},"image":{"@id":"https:\/\/dicodusport.fr\/blog\/#\/schema\/logo\/image\/"},"sameAs":["https:\/\/www.facebook.com\/dicodusport","https:\/\/x.com\/dicodusport","https:\/\/www.instagram.com\/dicodusport\/","https:\/\/www.youtube.com\/channel\/UC7V2KZ5sd3htJivAbA4ZG3w"],"description":"Dicodusport est l'encyclop\u00e9die de l'actualit\u00e9 sportive.","email":"bonjour@dicodusport.fr","legalName":"DICODUSPORT","foundingDate":"2018-01-14","vatID":"FR71834470973","taxID":"83447097300043","numberOfEmployees":{"@type":"QuantitativeValue","minValue":"1","maxValue":"10"}},{"@type":"Person","@id":"https:\/\/dicodusport.fr\/blog\/#\/schema\/person\/55dcb50ad410894e431ed812bbb70191","name":"Nicolas Jacquemard","image":{"@type":"ImageObject","inLanguage":"fr-FR","@id":"https:\/\/dicodusport.fr\/blog\/#\/schema\/person\/image\/","url":"https:\/\/dicodusport.fr\/blog\/wp-content\/uploads\/2021\/05\/Nicolas-Jacquemard-150x150.jpeg","contentUrl":"https:\/\/dicodusport.fr\/blog\/wp-content\/uploads\/2021\/05\/Nicolas-Jacquemard-150x150.jpeg","caption":"Nicolas Jacquemard"},"description":"Passionn\u00e9 de sport et entrepreneur depuis mes 18 ans, la cr\u00e9ation de Dicodusport m'a sembl\u00e9 \u00e9vidente pour participer \u00e0 la m\u00e9diatisation d'un plus grand nombre de sports. Le chemin est long mais avec une \u00e9quipe des plus motiv\u00e9es et les Jeux Olympiques de Paris 2024 en point de mire, nous y arriverons ! Journaliste dans le monde du sport depuis plus de 5 ans, je traite aussi bien de football, de rugby, de biathlon que de cyclisme.","sameAs":["https:\/\/www.facebook.com\/dicodusport","https:\/\/x.com\/https:\/\/twitter.com\/Nico_Jacquemard"],"url":"https:\/\/dicodusport.fr\/blog\/author\/dicodusport\/"}]}},"_links":{"self":[{"href":"https:\/\/dicodusport.fr\/blog\/wp-json\/wp\/v2\/posts\/340380","targetHints":{"allow":["GET"]}}],"collection":[{"href":"https:\/\/dicodusport.fr\/blog\/wp-json\/wp\/v2\/posts"}],"about":[{"href":"https:\/\/dicodusport.fr\/blog\/wp-json\/wp\/v2\/types\/post"}],"author":[{"embeddable":true,"href":"https:\/\/dicodusport.fr\/blog\/wp-json\/wp\/v2\/users\/1"}],"replies":[{"embeddable":true,"href":"https:\/\/dicodusport.fr\/blog\/wp-json\/wp\/v2\/comments?post=340380"}],"version-history":[{"count":0,"href":"https:\/\/dicodusport.fr\/blog\/wp-json\/wp\/v2\/posts\/340380\/revisions"}],"wp:featuredmedia":[{"embeddable":true,"href":"https:\/\/dicodusport.fr\/blog\/wp-json\/wp\/v2\/media\/340382"}],"wp:attachment":[{"href":"https:\/\/dicodusport.fr\/blog\/wp-json\/wp\/v2\/media?parent=340380"}],"wp:term":[{"taxonomy":"category","embeddable":true,"href":"https:\/\/dicodusport.fr\/blog\/wp-json\/wp\/v2\/categories?post=340380"},{"taxonomy":"post_tag","embeddable":true,"href":"https:\/\/dicodusport.fr\/blog\/wp-json\/wp\/v2\/tags?post=340380"}],"curies":[{"name":"wp","href":"https:\/\/api.w.org\/{rel}","templated":true}]}}