{"id":341190,"date":"2023-01-04T09:41:40","date_gmt":"2023-01-04T08:41:40","guid":{"rendered":"https:\/\/dicodusport.fr\/blog\/?p=341190&#038;preview=true&#038;preview_id=341190"},"modified":"2023-01-04T09:49:39","modified_gmt":"2023-01-04T08:49:39","slug":"mahiedine-mekhissi-benabbad-etre-champion-du-monde-ou-olympique-ca-ne-me-fait-plus-rever","status":"publish","type":"post","link":"https:\/\/dicodusport.fr\/blog\/mahiedine-mekhissi-benabbad-etre-champion-du-monde-ou-olympique-ca-ne-me-fait-plus-rever\/","title":{"rendered":"Mahiedine Mekhissi-Benabbad : \u00ab\u00a0\u00catre champion du monde ou olympique, \u00e7a ne me fait plus r\u00eaver\u00a0\u00bb"},"content":{"rendered":"<p align=\"justify\"><em><strong>ATHL\u00c9TISME &#8211; Dans un <a href=\"https:\/\/www.lequipe.fr\/Athletisme\/Article\/Mekhissi-apres-avoir-mis-fin-a-sa-carriere-c-etait-une-super-aventure\/1372697\" target=\"_blank\" rel=\"noopener\">entretien pour nos confr\u00e8res de L&rsquo;\u00c9quipe<\/a>, Mahiedine Mekhissi-Benabbad explique sa d\u00e9cision de mettre un terme \u00e0 sa carri\u00e8re \u00e0 37 ans.\u00a0<\/strong><\/em><\/p>\n<p align=\"justify\">Le sp\u00e9cialiste du 3000m steeple fran\u00e7ais <a href=\"https:\/\/dicodusport.fr\/blog\/athletisme-mahiedine-mekhissi-benabbad-prend-sa-retraite\/\">a donc d\u00e9cid\u00e9 de prendre sa retraite<\/a>. <strong>Mahiedine Mekhissi-Benabbad<\/strong>, triple m\u00e9daill\u00e9 olympique, a expliqu\u00e9 que la d\u00e9cision d&rsquo;arr\u00eater a \u00e9t\u00e9 murement r\u00e9fl\u00e9chie, et que le d\u00e9but de cette r\u00e9flexion remonte \u00e0 2018.<\/p>\n<blockquote>\n<p style=\"text-align: justify;\" align=\"justify\">En 2018, d\u00e9j\u00e0, je commen\u00e7ais \u00e0 envisager d&rsquo;arr\u00eater. Apr\u00e8s ma finale victorieuse sur 3 000 m steeple de Berlin, je me demandais ce que je faisais l\u00e0. Je sentais que quelque chose avait chang\u00e9, que j&rsquo;avais envie de faire autre chose de ma vie. C&rsquo;est un sentiment qui vient petit \u00e0 petit, je n&rsquo;ai plus la m\u00eame vision. \u00catre champion du monde ou olympique, \u00e7a ne me fait plus r\u00eaver, ce n&rsquo;est plus mon moteur.<\/p>\n<\/blockquote>\n<p align=\"justify\">Interrog\u00e9 sur sa place dans l&rsquo;histoire de l&rsquo;athl\u00e9tisme fran\u00e7ais, le m\u00e9daill\u00e9 d&rsquo;argent des <strong>Jeux<\/strong> <strong>Olympiques<\/strong> de <strong>P\u00e9kin<\/strong> et <strong>Londres<\/strong> s&rsquo;explique.<\/p>\n<blockquote>\n<p style=\"text-align: justify;\" align=\"justify\">Je pense que je fais partie des plus grands. Ce n&rsquo;est pas manquer d&rsquo;humilit\u00e9 de le dire. Je suis \u00e0 la m\u00eame table que Michel Jazy ou Alain Mimoun. J&rsquo;ai laiss\u00e9 ma trace. On va s&rsquo;apercevoir que ce que je faisais \u00e9tait exceptionnel, ce n&rsquo;est pas facile de gagner une m\u00e9daille. Et de durer.<\/p>\n<\/blockquote>\n<blockquote class=\"twitter-tweet\">\n<p dir=\"ltr\" lang=\"fr\">Mahiedine Mekhissi prend sa retraite \u00e0 37 ans <a href=\"https:\/\/t.co\/tbIMwuHp60\">https:\/\/t.co\/tbIMwuHp60<\/a> <a href=\"https:\/\/t.co\/zhi1qMLHeQ\">pic.twitter.com\/zhi1qMLHeQ<\/a><\/p>\n<p>\u2014 L&rsquo;\u00c9QUIPE (@lequipe) <a href=\"https:\/\/twitter.com\/lequipe\/status\/1610331913184591873?ref_src=twsrc%5Etfw\">January 3, 2023<\/a><\/p><\/blockquote>\n<p><script async src=\"https:\/\/platform.twitter.com\/widgets.js\" charset=\"utf-8\"><\/script><\/p>\n","protected":false},"excerpt":{"rendered":"<p>ATHL\u00c9TISME &#8211; Dans un entretien pour nos confr\u00e8res de L&rsquo;\u00c9quipe, Mahiedine Mekhissi-Benabbad explique sa d\u00e9cision de mettre un terme \u00e0 sa carri\u00e8re \u00e0 37 ans.\u00a0<\/p>\n","protected":false},"author":1,"featured_media":341194,"comment_status":"open","ping_status":"closed","sticky":false,"template":"","format":"standard","meta":{"_acf_changed":false,"_daextam_enable_autolinks":"","footnotes":""},"categories":[2308],"tags":[143,4909],"class_list":["post-341190","post","type-post","status-publish","format-standard","has-post-thumbnail","hentry","category-athletisme","tag-athletisme","tag-mahiedine-mekhissi"],"acf":[],"yoast_head":"<!-- This site is optimized with the Yoast SEO Premium plugin v26.7 (Yoast SEO v26.7) - https:\/\/yoast.com\/wordpress\/plugins\/seo\/ -->\n<title>Mahiedine Mekhissi-Benabbad : &quot;\u00catre champion du monde ou olympique, \u00e7a ne me fait plus r\u00eaver&quot;<\/title>\n<meta name=\"description\" content=\"ATHL\u00c9TISME - Dans un entretien pour nos confr\u00e8res de L&#039;\u00c9quipe, Mahiedine Mekhissi-Benabbad explique sa d\u00e9cision de mettre un terme \u00e0 sa carri\u00e8re \u00e0 37 ans.\u00a0\" \/>\n<meta name=\"robots\" content=\"index, follow, max-snippet:-1, max-image-preview:large, max-video-preview:-1\" \/>\n<link rel=\"canonical\" href=\"https:\/\/dicodusport.fr\/blog\/mahiedine-mekhissi-benabbad-etre-champion-du-monde-ou-olympique-ca-ne-me-fait-plus-rever\/\" \/>\n<meta property=\"og:locale\" content=\"fr_FR\" \/>\n<meta property=\"og:type\" content=\"article\" \/>\n<meta property=\"og:title\" content=\"Mahiedine Mekhissi-Benabbad : &quot;\u00catre champion du monde ou olympique, \u00e7a ne me fait plus r\u00eaver&quot;\" \/>\n<meta property=\"og:description\" content=\"ATHL\u00c9TISME - Dans un entretien pour nos confr\u00e8res de L&#039;\u00c9quipe, Mahiedine Mekhissi-Benabbad explique sa d\u00e9cision de mettre un terme \u00e0 sa carri\u00e8re \u00e0 37 ans.\u00a0\" \/>\n<meta property=\"og:url\" content=\"https:\/\/dicodusport.fr\/blog\/mahiedine-mekhissi-benabbad-etre-champion-du-monde-ou-olympique-ca-ne-me-fait-plus-rever\/\" \/>\n<meta property=\"og:site_name\" content=\"Dicodusport\" \/>\n<meta property=\"article:publisher\" content=\"https:\/\/www.facebook.com\/dicodusport\" \/>\n<meta property=\"article:author\" content=\"https:\/\/www.facebook.com\/dicodusport\" \/>\n<meta property=\"article:published_time\" content=\"2023-01-04T08:41:40+00:00\" \/>\n<meta property=\"article:modified_time\" content=\"2023-01-04T08:49:39+00:00\" \/>\n<meta property=\"og:image\" content=\"https:\/\/dicodusport.fr\/blog\/wp-content\/uploads\/2023\/01\/Mahiedine-Mekhissi-Benabbad-Etre-champion-du-monde-ou-olympique-ca-ne-me-fait-plus-rever.png\" \/>\n\t<meta property=\"og:image:width\" content=\"800\" \/>\n\t<meta property=\"og:image:height\" content=\"445\" \/>\n\t<meta property=\"og:image:type\" content=\"image\/png\" \/>\n<meta name=\"author\" content=\"Nicolas Jacquemard\" \/>\n<meta name=\"twitter:card\" content=\"summary_large_image\" \/>\n<meta name=\"twitter:title\" content=\"Mahiedine Mekhissi-Benabbad : &quot;\u00catre champion du monde ou olympique, \u00e7a ne me fait plus r\u00eaver&quot;\" \/>\n<meta name=\"twitter:creator\" content=\"@https:\/\/twitter.com\/Nico_Jacquemard\" \/>\n<meta name=\"twitter:site\" content=\"@dicodusport\" \/>\n<script type=\"application\/ld+json\" class=\"yoast-schema-graph\">{\"@context\":\"https:\/\/schema.org\",\"@graph\":[{\"@type\":\"NewsArticle\",\"@id\":\"https:\/\/dicodusport.fr\/blog\/mahiedine-mekhissi-benabbad-etre-champion-du-monde-ou-olympique-ca-ne-me-fait-plus-rever\/#article\",\"isPartOf\":{\"@id\":\"https:\/\/dicodusport.fr\/blog\/mahiedine-mekhissi-benabbad-etre-champion-du-monde-ou-olympique-ca-ne-me-fait-plus-rever\/\"},\"author\":{\"name\":\"Nicolas Jacquemard\",\"@id\":\"https:\/\/dicodusport.fr\/blog\/#\/schema\/person\/55dcb50ad410894e431ed812bbb70191\"},\"headline\":\"Mahiedine Mekhissi-Benabbad : \u00ab\u00a0\u00catre champion du monde ou olympique, \u00e7a ne me fait plus r\u00eaver\u00a0\u00bb\",\"datePublished\":\"2023-01-04T08:41:40+00:00\",\"dateModified\":\"2023-01-04T08:49:39+00:00\",\"mainEntityOfPage\":{\"@id\":\"https:\/\/dicodusport.fr\/blog\/mahiedine-mekhissi-benabbad-etre-champion-du-monde-ou-olympique-ca-ne-me-fait-plus-rever\/\"},\"wordCount\":277,\"commentCount\":0,\"publisher\":{\"@id\":\"https:\/\/dicodusport.fr\/blog\/#organization\"},\"image\":{\"@id\":\"https:\/\/dicodusport.fr\/blog\/mahiedine-mekhissi-benabbad-etre-champion-du-monde-ou-olympique-ca-ne-me-fait-plus-rever\/#primaryimage\"},\"thumbnailUrl\":\"https:\/\/dicodusport.fr\/blog\/wp-content\/uploads\/2023\/01\/Mahiedine-Mekhissi-Benabbad-Etre-champion-du-monde-ou-olympique-ca-ne-me-fait-plus-rever.png\",\"keywords\":[\"Athl\u00e9tisme\",\"Mahiedine Mekhissi\"],\"articleSection\":[\"Athl\u00e9tisme\"],\"inLanguage\":\"fr-FR\",\"potentialAction\":[{\"@type\":\"CommentAction\",\"name\":\"Comment\",\"target\":[\"https:\/\/dicodusport.fr\/blog\/mahiedine-mekhissi-benabbad-etre-champion-du-monde-ou-olympique-ca-ne-me-fait-plus-rever\/#respond\"]}],\"copyrightYear\":\"2023\",\"copyrightHolder\":{\"@id\":\"https:\/\/dicodusport.fr\/blog\/#organization\"}},{\"@type\":\"WebPage\",\"@id\":\"https:\/\/dicodusport.fr\/blog\/mahiedine-mekhissi-benabbad-etre-champion-du-monde-ou-olympique-ca-ne-me-fait-plus-rever\/\",\"url\":\"https:\/\/dicodusport.fr\/blog\/mahiedine-mekhissi-benabbad-etre-champion-du-monde-ou-olympique-ca-ne-me-fait-plus-rever\/\",\"name\":\"Mahiedine Mekhissi-Benabbad : \\\"\u00catre champion du monde ou olympique, \u00e7a ne me fait plus r\u00eaver\\\"\",\"isPartOf\":{\"@id\":\"https:\/\/dicodusport.fr\/blog\/#website\"},\"primaryImageOfPage\":{\"@id\":\"https:\/\/dicodusport.fr\/blog\/mahiedine-mekhissi-benabbad-etre-champion-du-monde-ou-olympique-ca-ne-me-fait-plus-rever\/#primaryimage\"},\"image\":{\"@id\":\"https:\/\/dicodusport.fr\/blog\/mahiedine-mekhissi-benabbad-etre-champion-du-monde-ou-olympique-ca-ne-me-fait-plus-rever\/#primaryimage\"},\"thumbnailUrl\":\"https:\/\/dicodusport.fr\/blog\/wp-content\/uploads\/2023\/01\/Mahiedine-Mekhissi-Benabbad-Etre-champion-du-monde-ou-olympique-ca-ne-me-fait-plus-rever.png\",\"datePublished\":\"2023-01-04T08:41:40+00:00\",\"dateModified\":\"2023-01-04T08:49:39+00:00\",\"description\":\"ATHL\u00c9TISME - Dans un entretien pour nos confr\u00e8res de L'\u00c9quipe, Mahiedine Mekhissi-Benabbad explique sa d\u00e9cision de mettre un terme \u00e0 sa carri\u00e8re \u00e0 37 ans.\u00a0\",\"breadcrumb\":{\"@id\":\"https:\/\/dicodusport.fr\/blog\/mahiedine-mekhissi-benabbad-etre-champion-du-monde-ou-olympique-ca-ne-me-fait-plus-rever\/#breadcrumb\"},\"inLanguage\":\"fr-FR\",\"potentialAction\":[{\"@type\":\"ReadAction\",\"target\":[\"https:\/\/dicodusport.fr\/blog\/mahiedine-mekhissi-benabbad-etre-champion-du-monde-ou-olympique-ca-ne-me-fait-plus-rever\/\"]}]},{\"@type\":\"ImageObject\",\"inLanguage\":\"fr-FR\",\"@id\":\"https:\/\/dicodusport.fr\/blog\/mahiedine-mekhissi-benabbad-etre-champion-du-monde-ou-olympique-ca-ne-me-fait-plus-rever\/#primaryimage\",\"url\":\"https:\/\/dicodusport.fr\/blog\/wp-content\/uploads\/2023\/01\/Mahiedine-Mekhissi-Benabbad-Etre-champion-du-monde-ou-olympique-ca-ne-me-fait-plus-rever.png\",\"contentUrl\":\"https:\/\/dicodusport.fr\/blog\/wp-content\/uploads\/2023\/01\/Mahiedine-Mekhissi-Benabbad-Etre-champion-du-monde-ou-olympique-ca-ne-me-fait-plus-rever.png\",\"width\":800,\"height\":445},{\"@type\":\"BreadcrumbList\",\"@id\":\"https:\/\/dicodusport.fr\/blog\/mahiedine-mekhissi-benabbad-etre-champion-du-monde-ou-olympique-ca-ne-me-fait-plus-rever\/#breadcrumb\",\"itemListElement\":[{\"@type\":\"ListItem\",\"position\":1,\"name\":\"Accueil\",\"item\":\"https:\/\/dicodusport.fr\/blog\/\"},{\"@type\":\"ListItem\",\"position\":2,\"name\":\"Mahiedine Mekhissi-Benabbad : \u00ab\u00a0\u00catre champion du monde ou olympique, \u00e7a ne me fait plus r\u00eaver\u00a0\u00bb\"}]},{\"@type\":\"WebSite\",\"@id\":\"https:\/\/dicodusport.fr\/blog\/#website\",\"url\":\"https:\/\/dicodusport.fr\/blog\/\",\"name\":\"Dicodusport\",\"description\":\"L&#039;encyclop\u00e9die de l&#039;actualit\u00e9 sportive\",\"publisher\":{\"@id\":\"https:\/\/dicodusport.fr\/blog\/#organization\"},\"potentialAction\":[{\"@type\":\"SearchAction\",\"target\":{\"@type\":\"EntryPoint\",\"urlTemplate\":\"https:\/\/dicodusport.fr\/blog\/?s={search_term_string}\"},\"query-input\":{\"@type\":\"PropertyValueSpecification\",\"valueRequired\":true,\"valueName\":\"search_term_string\"}}],\"inLanguage\":\"fr-FR\"},{\"@type\":\"NewsMediaOrganization\",\"@id\":\"https:\/\/dicodusport.fr\/blog\/#organization\",\"name\":\"Dicodusport\",\"url\":\"https:\/\/dicodusport.fr\/blog\/\",\"logo\":{\"@type\":\"ImageObject\",\"inLanguage\":\"fr-FR\",\"@id\":\"https:\/\/dicodusport.fr\/blog\/#\/schema\/logo\/image\/\",\"url\":\"https:\/\/dicodusport.fr\/blog\/wp-content\/uploads\/2020\/06\/cropped-LOGO-DICODUSPORT-2020-SANS-FOND-SANS-TEXTE.png\",\"contentUrl\":\"https:\/\/dicodusport.fr\/blog\/wp-content\/uploads\/2020\/06\/cropped-LOGO-DICODUSPORT-2020-SANS-FOND-SANS-TEXTE.png\",\"width\":512,\"height\":512,\"caption\":\"Dicodusport\"},\"image\":{\"@id\":\"https:\/\/dicodusport.fr\/blog\/#\/schema\/logo\/image\/\"},\"sameAs\":[\"https:\/\/www.facebook.com\/dicodusport\",\"https:\/\/x.com\/dicodusport\",\"https:\/\/www.instagram.com\/dicodusport\/\",\"https:\/\/www.youtube.com\/channel\/UC7V2KZ5sd3htJivAbA4ZG3w\"],\"description\":\"Dicodusport est l'encyclop\u00e9die de l'actualit\u00e9 sportive.\",\"email\":\"bonjour@dicodusport.fr\",\"legalName\":\"DICODUSPORT\",\"foundingDate\":\"2018-01-14\",\"vatID\":\"FR71834470973\",\"taxID\":\"83447097300043\",\"numberOfEmployees\":{\"@type\":\"QuantitativeValue\",\"minValue\":\"1\",\"maxValue\":\"10\"}},{\"@type\":\"Person\",\"@id\":\"https:\/\/dicodusport.fr\/blog\/#\/schema\/person\/55dcb50ad410894e431ed812bbb70191\",\"name\":\"Nicolas Jacquemard\",\"image\":{\"@type\":\"ImageObject\",\"inLanguage\":\"fr-FR\",\"@id\":\"https:\/\/dicodusport.fr\/blog\/#\/schema\/person\/image\/\",\"url\":\"https:\/\/dicodusport.fr\/blog\/wp-content\/uploads\/2021\/05\/Nicolas-Jacquemard-150x150.jpeg\",\"contentUrl\":\"https:\/\/dicodusport.fr\/blog\/wp-content\/uploads\/2021\/05\/Nicolas-Jacquemard-150x150.jpeg\",\"caption\":\"Nicolas Jacquemard\"},\"description\":\"Passionn\u00e9 de sport et entrepreneur depuis mes 18 ans, la cr\u00e9ation de Dicodusport m'a sembl\u00e9 \u00e9vidente pour participer \u00e0 la m\u00e9diatisation d'un plus grand nombre de sports. Le chemin est long mais avec une \u00e9quipe des plus motiv\u00e9es et les Jeux Olympiques de Paris 2024 en point de mire, nous y arriverons ! Journaliste dans le monde du sport depuis plus de 5 ans, je traite aussi bien de football, de rugby, de biathlon que de cyclisme.\",\"sameAs\":[\"https:\/\/www.facebook.com\/dicodusport\",\"https:\/\/x.com\/https:\/\/twitter.com\/Nico_Jacquemard\"],\"url\":\"https:\/\/dicodusport.fr\/blog\/author\/dicodusport\/\"}]}<\/script>\n<!-- \/ Yoast SEO Premium plugin. -->","yoast_head_json":{"title":"Mahiedine Mekhissi-Benabbad : \"\u00catre champion du monde ou olympique, \u00e7a ne me fait plus r\u00eaver\"","description":"ATHL\u00c9TISME - Dans un entretien pour nos confr\u00e8res de L'\u00c9quipe, Mahiedine Mekhissi-Benabbad explique sa d\u00e9cision de mettre un terme \u00e0 sa carri\u00e8re \u00e0 37 ans.\u00a0","robots":{"index":"index","follow":"follow","max-snippet":"max-snippet:-1","max-image-preview":"max-image-preview:large","max-video-preview":"max-video-preview:-1"},"canonical":"https:\/\/dicodusport.fr\/blog\/mahiedine-mekhissi-benabbad-etre-champion-du-monde-ou-olympique-ca-ne-me-fait-plus-rever\/","og_locale":"fr_FR","og_type":"article","og_title":"Mahiedine Mekhissi-Benabbad : \"\u00catre champion du monde ou olympique, \u00e7a ne me fait plus r\u00eaver\"","og_description":"ATHL\u00c9TISME - Dans un entretien pour nos confr\u00e8res de L'\u00c9quipe, Mahiedine Mekhissi-Benabbad explique sa d\u00e9cision de mettre un terme \u00e0 sa carri\u00e8re \u00e0 37 ans.\u00a0","og_url":"https:\/\/dicodusport.fr\/blog\/mahiedine-mekhissi-benabbad-etre-champion-du-monde-ou-olympique-ca-ne-me-fait-plus-rever\/","og_site_name":"Dicodusport","article_publisher":"https:\/\/www.facebook.com\/dicodusport","article_author":"https:\/\/www.facebook.com\/dicodusport","article_published_time":"2023-01-04T08:41:40+00:00","article_modified_time":"2023-01-04T08:49:39+00:00","og_image":[{"width":800,"height":445,"url":"https:\/\/dicodusport.fr\/blog\/wp-content\/uploads\/2023\/01\/Mahiedine-Mekhissi-Benabbad-Etre-champion-du-monde-ou-olympique-ca-ne-me-fait-plus-rever.png","type":"image\/png"}],"author":"Nicolas Jacquemard","twitter_card":"summary_large_image","twitter_title":"Mahiedine Mekhissi-Benabbad : \"\u00catre champion du monde ou olympique, \u00e7a ne me fait plus r\u00eaver\"","twitter_creator":"@https:\/\/twitter.com\/Nico_Jacquemard","twitter_site":"@dicodusport","schema":{"@context":"https:\/\/schema.org","@graph":[{"@type":"NewsArticle","@id":"https:\/\/dicodusport.fr\/blog\/mahiedine-mekhissi-benabbad-etre-champion-du-monde-ou-olympique-ca-ne-me-fait-plus-rever\/#article","isPartOf":{"@id":"https:\/\/dicodusport.fr\/blog\/mahiedine-mekhissi-benabbad-etre-champion-du-monde-ou-olympique-ca-ne-me-fait-plus-rever\/"},"author":{"name":"Nicolas Jacquemard","@id":"https:\/\/dicodusport.fr\/blog\/#\/schema\/person\/55dcb50ad410894e431ed812bbb70191"},"headline":"Mahiedine Mekhissi-Benabbad : \u00ab\u00a0\u00catre champion du monde ou olympique, \u00e7a ne me fait plus r\u00eaver\u00a0\u00bb","datePublished":"2023-01-04T08:41:40+00:00","dateModified":"2023-01-04T08:49:39+00:00","mainEntityOfPage":{"@id":"https:\/\/dicodusport.fr\/blog\/mahiedine-mekhissi-benabbad-etre-champion-du-monde-ou-olympique-ca-ne-me-fait-plus-rever\/"},"wordCount":277,"commentCount":0,"publisher":{"@id":"https:\/\/dicodusport.fr\/blog\/#organization"},"image":{"@id":"https:\/\/dicodusport.fr\/blog\/mahiedine-mekhissi-benabbad-etre-champion-du-monde-ou-olympique-ca-ne-me-fait-plus-rever\/#primaryimage"},"thumbnailUrl":"https:\/\/dicodusport.fr\/blog\/wp-content\/uploads\/2023\/01\/Mahiedine-Mekhissi-Benabbad-Etre-champion-du-monde-ou-olympique-ca-ne-me-fait-plus-rever.png","keywords":["Athl\u00e9tisme","Mahiedine Mekhissi"],"articleSection":["Athl\u00e9tisme"],"inLanguage":"fr-FR","potentialAction":[{"@type":"CommentAction","name":"Comment","target":["https:\/\/dicodusport.fr\/blog\/mahiedine-mekhissi-benabbad-etre-champion-du-monde-ou-olympique-ca-ne-me-fait-plus-rever\/#respond"]}],"copyrightYear":"2023","copyrightHolder":{"@id":"https:\/\/dicodusport.fr\/blog\/#organization"}},{"@type":"WebPage","@id":"https:\/\/dicodusport.fr\/blog\/mahiedine-mekhissi-benabbad-etre-champion-du-monde-ou-olympique-ca-ne-me-fait-plus-rever\/","url":"https:\/\/dicodusport.fr\/blog\/mahiedine-mekhissi-benabbad-etre-champion-du-monde-ou-olympique-ca-ne-me-fait-plus-rever\/","name":"Mahiedine Mekhissi-Benabbad : \"\u00catre champion du monde ou olympique, \u00e7a ne me fait plus r\u00eaver\"","isPartOf":{"@id":"https:\/\/dicodusport.fr\/blog\/#website"},"primaryImageOfPage":{"@id":"https:\/\/dicodusport.fr\/blog\/mahiedine-mekhissi-benabbad-etre-champion-du-monde-ou-olympique-ca-ne-me-fait-plus-rever\/#primaryimage"},"image":{"@id":"https:\/\/dicodusport.fr\/blog\/mahiedine-mekhissi-benabbad-etre-champion-du-monde-ou-olympique-ca-ne-me-fait-plus-rever\/#primaryimage"},"thumbnailUrl":"https:\/\/dicodusport.fr\/blog\/wp-content\/uploads\/2023\/01\/Mahiedine-Mekhissi-Benabbad-Etre-champion-du-monde-ou-olympique-ca-ne-me-fait-plus-rever.png","datePublished":"2023-01-04T08:41:40+00:00","dateModified":"2023-01-04T08:49:39+00:00","description":"ATHL\u00c9TISME - Dans un entretien pour nos confr\u00e8res de L'\u00c9quipe, Mahiedine Mekhissi-Benabbad explique sa d\u00e9cision de mettre un terme \u00e0 sa carri\u00e8re \u00e0 37 ans.\u00a0","breadcrumb":{"@id":"https:\/\/dicodusport.fr\/blog\/mahiedine-mekhissi-benabbad-etre-champion-du-monde-ou-olympique-ca-ne-me-fait-plus-rever\/#breadcrumb"},"inLanguage":"fr-FR","potentialAction":[{"@type":"ReadAction","target":["https:\/\/dicodusport.fr\/blog\/mahiedine-mekhissi-benabbad-etre-champion-du-monde-ou-olympique-ca-ne-me-fait-plus-rever\/"]}]},{"@type":"ImageObject","inLanguage":"fr-FR","@id":"https:\/\/dicodusport.fr\/blog\/mahiedine-mekhissi-benabbad-etre-champion-du-monde-ou-olympique-ca-ne-me-fait-plus-rever\/#primaryimage","url":"https:\/\/dicodusport.fr\/blog\/wp-content\/uploads\/2023\/01\/Mahiedine-Mekhissi-Benabbad-Etre-champion-du-monde-ou-olympique-ca-ne-me-fait-plus-rever.png","contentUrl":"https:\/\/dicodusport.fr\/blog\/wp-content\/uploads\/2023\/01\/Mahiedine-Mekhissi-Benabbad-Etre-champion-du-monde-ou-olympique-ca-ne-me-fait-plus-rever.png","width":800,"height":445},{"@type":"BreadcrumbList","@id":"https:\/\/dicodusport.fr\/blog\/mahiedine-mekhissi-benabbad-etre-champion-du-monde-ou-olympique-ca-ne-me-fait-plus-rever\/#breadcrumb","itemListElement":[{"@type":"ListItem","position":1,"name":"Accueil","item":"https:\/\/dicodusport.fr\/blog\/"},{"@type":"ListItem","position":2,"name":"Mahiedine Mekhissi-Benabbad : \u00ab\u00a0\u00catre champion du monde ou olympique, \u00e7a ne me fait plus r\u00eaver\u00a0\u00bb"}]},{"@type":"WebSite","@id":"https:\/\/dicodusport.fr\/blog\/#website","url":"https:\/\/dicodusport.fr\/blog\/","name":"Dicodusport","description":"L&#039;encyclop\u00e9die de l&#039;actualit\u00e9 sportive","publisher":{"@id":"https:\/\/dicodusport.fr\/blog\/#organization"},"potentialAction":[{"@type":"SearchAction","target":{"@type":"EntryPoint","urlTemplate":"https:\/\/dicodusport.fr\/blog\/?s={search_term_string}"},"query-input":{"@type":"PropertyValueSpecification","valueRequired":true,"valueName":"search_term_string"}}],"inLanguage":"fr-FR"},{"@type":"NewsMediaOrganization","@id":"https:\/\/dicodusport.fr\/blog\/#organization","name":"Dicodusport","url":"https:\/\/dicodusport.fr\/blog\/","logo":{"@type":"ImageObject","inLanguage":"fr-FR","@id":"https:\/\/dicodusport.fr\/blog\/#\/schema\/logo\/image\/","url":"https:\/\/dicodusport.fr\/blog\/wp-content\/uploads\/2020\/06\/cropped-LOGO-DICODUSPORT-2020-SANS-FOND-SANS-TEXTE.png","contentUrl":"https:\/\/dicodusport.fr\/blog\/wp-content\/uploads\/2020\/06\/cropped-LOGO-DICODUSPORT-2020-SANS-FOND-SANS-TEXTE.png","width":512,"height":512,"caption":"Dicodusport"},"image":{"@id":"https:\/\/dicodusport.fr\/blog\/#\/schema\/logo\/image\/"},"sameAs":["https:\/\/www.facebook.com\/dicodusport","https:\/\/x.com\/dicodusport","https:\/\/www.instagram.com\/dicodusport\/","https:\/\/www.youtube.com\/channel\/UC7V2KZ5sd3htJivAbA4ZG3w"],"description":"Dicodusport est l'encyclop\u00e9die de l'actualit\u00e9 sportive.","email":"bonjour@dicodusport.fr","legalName":"DICODUSPORT","foundingDate":"2018-01-14","vatID":"FR71834470973","taxID":"83447097300043","numberOfEmployees":{"@type":"QuantitativeValue","minValue":"1","maxValue":"10"}},{"@type":"Person","@id":"https:\/\/dicodusport.fr\/blog\/#\/schema\/person\/55dcb50ad410894e431ed812bbb70191","name":"Nicolas Jacquemard","image":{"@type":"ImageObject","inLanguage":"fr-FR","@id":"https:\/\/dicodusport.fr\/blog\/#\/schema\/person\/image\/","url":"https:\/\/dicodusport.fr\/blog\/wp-content\/uploads\/2021\/05\/Nicolas-Jacquemard-150x150.jpeg","contentUrl":"https:\/\/dicodusport.fr\/blog\/wp-content\/uploads\/2021\/05\/Nicolas-Jacquemard-150x150.jpeg","caption":"Nicolas Jacquemard"},"description":"Passionn\u00e9 de sport et entrepreneur depuis mes 18 ans, la cr\u00e9ation de Dicodusport m'a sembl\u00e9 \u00e9vidente pour participer \u00e0 la m\u00e9diatisation d'un plus grand nombre de sports. Le chemin est long mais avec une \u00e9quipe des plus motiv\u00e9es et les Jeux Olympiques de Paris 2024 en point de mire, nous y arriverons ! Journaliste dans le monde du sport depuis plus de 5 ans, je traite aussi bien de football, de rugby, de biathlon que de cyclisme.","sameAs":["https:\/\/www.facebook.com\/dicodusport","https:\/\/x.com\/https:\/\/twitter.com\/Nico_Jacquemard"],"url":"https:\/\/dicodusport.fr\/blog\/author\/dicodusport\/"}]}},"_links":{"self":[{"href":"https:\/\/dicodusport.fr\/blog\/wp-json\/wp\/v2\/posts\/341190","targetHints":{"allow":["GET"]}}],"collection":[{"href":"https:\/\/dicodusport.fr\/blog\/wp-json\/wp\/v2\/posts"}],"about":[{"href":"https:\/\/dicodusport.fr\/blog\/wp-json\/wp\/v2\/types\/post"}],"author":[{"embeddable":true,"href":"https:\/\/dicodusport.fr\/blog\/wp-json\/wp\/v2\/users\/1"}],"replies":[{"embeddable":true,"href":"https:\/\/dicodusport.fr\/blog\/wp-json\/wp\/v2\/comments?post=341190"}],"version-history":[{"count":0,"href":"https:\/\/dicodusport.fr\/blog\/wp-json\/wp\/v2\/posts\/341190\/revisions"}],"wp:featuredmedia":[{"embeddable":true,"href":"https:\/\/dicodusport.fr\/blog\/wp-json\/wp\/v2\/media\/341194"}],"wp:attachment":[{"href":"https:\/\/dicodusport.fr\/blog\/wp-json\/wp\/v2\/media?parent=341190"}],"wp:term":[{"taxonomy":"category","embeddable":true,"href":"https:\/\/dicodusport.fr\/blog\/wp-json\/wp\/v2\/categories?post=341190"},{"taxonomy":"post_tag","embeddable":true,"href":"https:\/\/dicodusport.fr\/blog\/wp-json\/wp\/v2\/tags?post=341190"}],"curies":[{"name":"wp","href":"https:\/\/api.w.org\/{rel}","templated":true}]}}