{"id":341207,"date":"2023-01-05T15:22:19","date_gmt":"2023-01-05T14:22:19","guid":{"rendered":"https:\/\/dicodusport.fr\/blog\/?p=341207&#038;preview=true&#038;preview_id=341207"},"modified":"2023-01-05T15:39:59","modified_gmt":"2023-01-05T14:39:59","slug":"les-coureurs-a-suivre-en-2023-mattias-skjelmose-jensen-lannee-de-la-confirmation","status":"publish","type":"post","link":"https:\/\/dicodusport.fr\/blog\/les-coureurs-a-suivre-en-2023-mattias-skjelmose-jensen-lannee-de-la-confirmation\/","title":{"rendered":"Les coureurs \u00e0 suivre en 2023 : Mattias Skjelmose Jensen, l&rsquo;ann\u00e9e de la confirmation ?"},"content":{"rendered":"<p style=\"text-align: justify;\"><b><i><a href=\"https:\/\/dicodusport.fr\/blog\/actualites\/cyclisme\/cyclisme-sur-route-2023\/\">CYCLISME SUR ROUTE 2023<\/a><\/i><\/b><i style=\"font-weight: bold;\"> <\/i><em><strong>&#8211; La Trek-Segafredo a peut-\u00eatre trouv\u00e9 en Mattias Skjelmose Jensen son nouveau leader pour les classements g\u00e9n\u00e9raux et certaines Classiques. Quand on cite les coureurs danois, on pense directement au vainqueur du Tour de France Jonas Vingegaard ou encore \u00e0 l&rsquo;ancien champion du monde Mads Pedersen, voire \u00e0 l&rsquo;inusable baroudeur Magnus Cort Nielsen. Mais Jensen pourrait bien \u00eatre l&rsquo;un des grands fers de lance du Danemark en 2023.<\/strong><\/em><\/p>\n<p style=\"text-align: justify;\">Le natif de Copenhague est arriv\u00e9 au sein de la <strong>Trek-Segafredo<\/strong> en tant que stagiaire en ao\u00fbt 2020, avec un joli CV, et notamment un succ\u00e8s sur le Tour du Pays de Vaud, une deuxi\u00e8me place sur La Course de la Paix juniors et une troisi\u00e8me sur Paris-Roubaix Juniors. Ses performances pendant ce stage ont confort\u00e9 l&rsquo;\u00e9quipe am\u00e9ricaine dans le choix de faire confiance \u00e0 ce jeune grimpeur.<\/p>\n<h2 style=\"text-align: justify;\">Des d\u00e9buts remarqu\u00e9s<\/h2>\n<p style=\"text-align: justify;\">Lors de sa premi\u00e8re saison professionnelle en 2021, il ne lui a fallu que deux mois pour se distinguer. Apr\u00e8s un apprentissage sur l&rsquo;\u00c9toile de Bess\u00e8ges, <a href=\"https:\/\/www.directvelo.com\/coureur\/21616\/mattias-skjelmose-jensen\" target=\"_blank\" rel=\"noopener\"><strong>Mattias Skjelmose Jensen<\/strong><\/a> a brill\u00e9 sur l&rsquo;UAE Tour. Dans un premier temps, il a su rester dans la bonne bordure sur la premi\u00e8re \u00e9tape avant de limiter la casse sur les deux arriv\u00e9es au sommet afin d&rsquo;acqu\u00e9rir une belle sixi\u00e8me place sur une course World Tour. Puis, apr\u00e8s quelques semaines plut\u00f4t discr\u00e8tes au Tour des Alpes et sur le Tour de Catalogne, on a not\u00e9 une belle progression chez le tr\u00e8s jeune Danois : 15\u00e8me du Tour de Romandie et 21\u00e8me du Dauphin\u00e9 en tant que n\u00e9o-pro. Pendant l&rsquo;\u00e9t\u00e9, il a r\u00e9alis\u00e9 de nouveaux r\u00e9sultats probants en terminant 5\u00e8me du Tour de l&rsquo;Ain, 7\u00e8me du Tour de Norv\u00e8ge et 8\u00e8me du Tour du Danemark. Solide.<\/p>\n<h2 style=\"text-align: justify;\">L&rsquo;explosion en 2022<\/h2>\n<p style=\"text-align: justify;\">Sa deuxi\u00e8me ann\u00e9e chez les professionnels a d\u00e9but\u00e9 en fanfare. Sur le Tour de La Provence, il a montr\u00e9 une fois de plus sa capacit\u00e9 \u00e0 \u00eatre dans la bonne cassure en cas de bordure. Logique pour un Danois ! Puis, sur les rampes de la Montagne de Lure, seul Nairo Quintana a fait mieux que lui. <strong>Skjelmose<\/strong> a termin\u00e9 <a href=\"https:\/\/dicodusport.fr\/blog\/tour-de-la-provence-2022-classement-3eme-etape\/\">deuxi\u00e8me de cette \u00e9tape reine<\/a> et troisi\u00e8me du g\u00e9n\u00e9ral. Malheureusement, par la suite, le Viking s&rsquo;est mis trop de pression pour son premier Grand Tour et n&rsquo;a fini que quaranti\u00e8me du Tour d&rsquo;Italie. Cependant, les trois semaines de course ont permis \u00e0 <strong>Skjelmose<\/strong> de prendre de la caisse malgr\u00e9 l&rsquo;\u00e9chec et de se rendre compte du travail \u00e0 accomplir pour se distinguer pour la suite de la saison.<\/p>\n<p style=\"text-align: justify;\">Puis, <strong>Skjelmose<\/strong> a \u00e9t\u00e9 impressionnant pour les 33 jours de course suivants : 19 tops 10, une sacr\u00e9e r\u00e9gularit\u00e9 ! Il a remport\u00e9 avec aisance l&rsquo;exigeant <a href=\"https:\/\/dicodusport.fr\/blog\/tour-du-luxembourg-2022-classement-general\/\">Tour du Luxembourg<\/a> en glanant son premier bouquet pro lors du contre-la-montre. Il s&rsquo;est \u00e9galement class\u00e9 deuxi\u00e8me du montagneux Tour de l&rsquo;Ain et troisi\u00e8me du Tour du Danemark et du Tour de Wallonie. De plus, il a enfin montr\u00e9 de belles choses sur les courses d&rsquo;un jour en se classant huiti\u00e8me de la Clasica San Sebastian et dixi\u00e8me de la course sur route des championnats du monde.<\/p>\n<div id=\"attachment_341591\" style=\"width: 750px\" class=\"wp-caption aligncenter\"><a href=\"https:\/\/dicodusport.fr\/blog\/wp-content\/uploads\/2023\/01\/Le-Danois-Mattias-Skjelmose-Jensen-vainqueur-du-Tour-du-Luxembourg-2022-scaled.jpg\"><img loading=\"lazy\" decoding=\"async\" aria-describedby=\"caption-attachment-341591\" class=\"size-large wp-image-341591\" src=\"https:\/\/dicodusport.fr\/blog\/wp-content\/uploads\/2023\/01\/Le-Danois-Mattias-Skjelmose-Jensen-vainqueur-du-Tour-du-Luxembourg-2022-1024x683.jpg\" alt=\"Le Danois Mattias Skjelmose Jensen vainqueur du Tour du Luxembourg 2022\" width=\"740\" height=\"494\" srcset=\"https:\/\/dicodusport.fr\/blog\/wp-content\/uploads\/2023\/01\/Le-Danois-Mattias-Skjelmose-Jensen-vainqueur-du-Tour-du-Luxembourg-2022-1024x683.jpg 1024w, https:\/\/dicodusport.fr\/blog\/wp-content\/uploads\/2023\/01\/Le-Danois-Mattias-Skjelmose-Jensen-vainqueur-du-Tour-du-Luxembourg-2022-300x200.jpg 300w, https:\/\/dicodusport.fr\/blog\/wp-content\/uploads\/2023\/01\/Le-Danois-Mattias-Skjelmose-Jensen-vainqueur-du-Tour-du-Luxembourg-2022-768x512.jpg 768w, https:\/\/dicodusport.fr\/blog\/wp-content\/uploads\/2023\/01\/Le-Danois-Mattias-Skjelmose-Jensen-vainqueur-du-Tour-du-Luxembourg-2022-1536x1024.jpg 1536w, https:\/\/dicodusport.fr\/blog\/wp-content\/uploads\/2023\/01\/Le-Danois-Mattias-Skjelmose-Jensen-vainqueur-du-Tour-du-Luxembourg-2022-2048x1365.jpg 2048w\" sizes=\"auto, (max-width: 740px) 100vw, 740px\" \/><\/a><p id=\"caption-attachment-341591\" class=\"wp-caption-text\">Le Danois Mattias Skjelmose Jensen vainqueur du Tour du Luxembourg 2022 &#8211; Photo Icon Sport<\/p><\/div>\n<h2 style=\"text-align: justify;\">La confirmation en 2023 ?<\/h2>\n<p style=\"text-align: justify;\">Pour 2023, il restera \u00e0 <strong>Mattias Skjelmose Jensen<\/strong> de passer un cap en haute montagne pour esp\u00e9rer briller sur des courses comme le Tour de Suisse ou le Dauphin\u00e9. Intrins\u00e8quement, il est taill\u00e9 pour le moment pour un Tour d&rsquo;Espagne, pour parler de Grand Tour. Bon rouleur avec un joli punch et des qualit\u00e9s de grimpeur int\u00e9ressantes avec son m\u00e8tre 79 et ses 65 kilos, on le voit bien sur les routes espagnoles o\u00f9 il n&rsquo;y a pas autant de haute montagne que sur le Giro et le Tour. De plus, il a montr\u00e9 que la chaleur ne l&rsquo;ennuyait pas trop. Enfin, une course comme le Tour du Pays Basque peut \u00e9galement lui sourire en faisant face \u00e0 une grosse concurrence.<\/p>\n","protected":false},"excerpt":{"rendered":"<p>CYCLISME SUR ROUTE 2023\u00a0&#8211; La Trek-Segafredo a peut-\u00eatre trouv\u00e9 en Mattias Skjelmose Jensen son nouveau leader pour les classements g\u00e9n\u00e9raux et certaines Classiques. Quand on cite les coureurs danois, on pense directement au vainqueur du Tour de France Jonas Vingegaard ou encore \u00e0 l&rsquo;ancien champion du monde Mads Pedersen, voire \u00e0 l&rsquo;inusable baroudeur Magnus Cort Nielsen. Mais Jensen pourrait bien \u00eatre l&rsquo;un des grands fers de lance du Danemark en 2023.<\/p>\n","protected":false},"author":48,"featured_media":341571,"comment_status":"open","ping_status":"closed","sticky":false,"template":"","format":"standard","meta":{"_acf_changed":false,"_daextam_enable_autolinks":"","footnotes":""},"categories":[46994],"tags":[574,11197,9136],"class_list":["post-341207","post","type-post","status-publish","format-standard","has-post-thumbnail","hentry","category-cyclisme-sur-route","tag-cyclisme","tag-cyclisme-sur-route","tag-trek-segafredo"],"acf":[],"yoast_head":"<!-- This site is optimized with the Yoast SEO Premium plugin v26.7 (Yoast SEO v26.7) - https:\/\/yoast.com\/wordpress\/plugins\/seo\/ -->\n<title>Les coureurs \u00e0 suivre en 2023 : Mattias Skjelmose Jensen, l&#039;ann\u00e9e de la confirmation ?<\/title>\n<meta name=\"description\" content=\"CYCLISME SUR ROUTE 2023\u00a0- La Trek Segafredo a peut-\u00eatre trouv\u00e9 en Mattias Skjelmose Jensen un coureur de Grand Tour en devenir. Focus.\" \/>\n<meta name=\"robots\" content=\"index, follow, max-snippet:-1, max-image-preview:large, max-video-preview:-1\" \/>\n<link rel=\"canonical\" href=\"https:\/\/dicodusport.fr\/blog\/les-coureurs-a-suivre-en-2023-mattias-skjelmose-jensen-lannee-de-la-confirmation\/\" \/>\n<meta property=\"og:locale\" content=\"fr_FR\" \/>\n<meta property=\"og:type\" content=\"article\" \/>\n<meta property=\"og:title\" content=\"Les coureurs \u00e0 suivre en 2023 : Mattias Skjelmose Jensen, l&#039;ann\u00e9e de la confirmation ?\" \/>\n<meta property=\"og:description\" content=\"CYCLISME SUR ROUTE 2023\u00a0- La Trek Segafredo a peut-\u00eatre trouv\u00e9 en Mattias Skjelmose Jensen un coureur de Grand Tour en devenir. Focus.\" \/>\n<meta property=\"og:url\" content=\"https:\/\/dicodusport.fr\/blog\/les-coureurs-a-suivre-en-2023-mattias-skjelmose-jensen-lannee-de-la-confirmation\/\" \/>\n<meta property=\"og:site_name\" content=\"Dicodusport\" \/>\n<meta property=\"article:publisher\" content=\"https:\/\/www.facebook.com\/dicodusport\" \/>\n<meta property=\"article:author\" content=\"https:\/\/www.facebook.com\/groups\/LesRoisDuPeloton\" \/>\n<meta property=\"article:published_time\" content=\"2023-01-05T14:22:19+00:00\" \/>\n<meta property=\"article:modified_time\" content=\"2023-01-05T14:39:59+00:00\" \/>\n<meta property=\"og:image\" content=\"https:\/\/dicodusport.fr\/blog\/wp-content\/uploads\/2023\/01\/Les-coureurs-a-suivre-en-2023-Mattias-Skjelmose-Jensen-lannee-de-la-confirmation-.png\" \/>\n\t<meta property=\"og:image:width\" content=\"800\" \/>\n\t<meta property=\"og:image:height\" content=\"445\" \/>\n\t<meta property=\"og:image:type\" content=\"image\/png\" \/>\n<meta name=\"author\" content=\"Emilien Descampiaux\" \/>\n<meta name=\"twitter:card\" content=\"summary_large_image\" \/>\n<meta name=\"twitter:title\" content=\"Les coureurs \u00e0 suivre en 2023 : Mattias Skjelmose Jensen, l&#039;ann\u00e9e de la confirmation ?\" \/>\n<meta name=\"twitter:creator\" content=\"@https:\/\/twitter.com\/LRoisDuPeloton\" \/>\n<meta name=\"twitter:site\" content=\"@dicodusport\" \/>\n<script type=\"application\/ld+json\" class=\"yoast-schema-graph\">{\"@context\":\"https:\/\/schema.org\",\"@graph\":[{\"@type\":\"NewsArticle\",\"@id\":\"https:\/\/dicodusport.fr\/blog\/les-coureurs-a-suivre-en-2023-mattias-skjelmose-jensen-lannee-de-la-confirmation\/#article\",\"isPartOf\":{\"@id\":\"https:\/\/dicodusport.fr\/blog\/les-coureurs-a-suivre-en-2023-mattias-skjelmose-jensen-lannee-de-la-confirmation\/\"},\"author\":{\"name\":\"Emilien Descampiaux\",\"@id\":\"https:\/\/dicodusport.fr\/blog\/#\/schema\/person\/6db4bae06b171592211be385b32876a7\"},\"headline\":\"Les coureurs \u00e0 suivre en 2023 : Mattias Skjelmose Jensen, l&rsquo;ann\u00e9e de la confirmation ?\",\"datePublished\":\"2023-01-05T14:22:19+00:00\",\"dateModified\":\"2023-01-05T14:39:59+00:00\",\"mainEntityOfPage\":{\"@id\":\"https:\/\/dicodusport.fr\/blog\/les-coureurs-a-suivre-en-2023-mattias-skjelmose-jensen-lannee-de-la-confirmation\/\"},\"wordCount\":708,\"commentCount\":0,\"publisher\":{\"@id\":\"https:\/\/dicodusport.fr\/blog\/#organization\"},\"image\":{\"@id\":\"https:\/\/dicodusport.fr\/blog\/les-coureurs-a-suivre-en-2023-mattias-skjelmose-jensen-lannee-de-la-confirmation\/#primaryimage\"},\"thumbnailUrl\":\"https:\/\/dicodusport.fr\/blog\/wp-content\/uploads\/2023\/01\/Les-coureurs-a-suivre-en-2023-Mattias-Skjelmose-Jensen-lannee-de-la-confirmation-.png\",\"keywords\":[\"Cyclisme\",\"Cyclisme sur route\",\"Trek-Segafredo\"],\"articleSection\":[\"Cyclisme sur route\"],\"inLanguage\":\"fr-FR\",\"potentialAction\":[{\"@type\":\"CommentAction\",\"name\":\"Comment\",\"target\":[\"https:\/\/dicodusport.fr\/blog\/les-coureurs-a-suivre-en-2023-mattias-skjelmose-jensen-lannee-de-la-confirmation\/#respond\"]}],\"copyrightYear\":\"2023\",\"copyrightHolder\":{\"@id\":\"https:\/\/dicodusport.fr\/blog\/#organization\"}},{\"@type\":\"WebPage\",\"@id\":\"https:\/\/dicodusport.fr\/blog\/les-coureurs-a-suivre-en-2023-mattias-skjelmose-jensen-lannee-de-la-confirmation\/\",\"url\":\"https:\/\/dicodusport.fr\/blog\/les-coureurs-a-suivre-en-2023-mattias-skjelmose-jensen-lannee-de-la-confirmation\/\",\"name\":\"Les coureurs \u00e0 suivre en 2023 : Mattias Skjelmose Jensen, l'ann\u00e9e de la confirmation ?\",\"isPartOf\":{\"@id\":\"https:\/\/dicodusport.fr\/blog\/#website\"},\"primaryImageOfPage\":{\"@id\":\"https:\/\/dicodusport.fr\/blog\/les-coureurs-a-suivre-en-2023-mattias-skjelmose-jensen-lannee-de-la-confirmation\/#primaryimage\"},\"image\":{\"@id\":\"https:\/\/dicodusport.fr\/blog\/les-coureurs-a-suivre-en-2023-mattias-skjelmose-jensen-lannee-de-la-confirmation\/#primaryimage\"},\"thumbnailUrl\":\"https:\/\/dicodusport.fr\/blog\/wp-content\/uploads\/2023\/01\/Les-coureurs-a-suivre-en-2023-Mattias-Skjelmose-Jensen-lannee-de-la-confirmation-.png\",\"datePublished\":\"2023-01-05T14:22:19+00:00\",\"dateModified\":\"2023-01-05T14:39:59+00:00\",\"description\":\"CYCLISME SUR ROUTE 2023\u00a0- La Trek Segafredo a peut-\u00eatre trouv\u00e9 en Mattias Skjelmose Jensen un coureur de Grand Tour en devenir. Focus.\",\"breadcrumb\":{\"@id\":\"https:\/\/dicodusport.fr\/blog\/les-coureurs-a-suivre-en-2023-mattias-skjelmose-jensen-lannee-de-la-confirmation\/#breadcrumb\"},\"inLanguage\":\"fr-FR\",\"potentialAction\":[{\"@type\":\"ReadAction\",\"target\":[\"https:\/\/dicodusport.fr\/blog\/les-coureurs-a-suivre-en-2023-mattias-skjelmose-jensen-lannee-de-la-confirmation\/\"]}]},{\"@type\":\"ImageObject\",\"inLanguage\":\"fr-FR\",\"@id\":\"https:\/\/dicodusport.fr\/blog\/les-coureurs-a-suivre-en-2023-mattias-skjelmose-jensen-lannee-de-la-confirmation\/#primaryimage\",\"url\":\"https:\/\/dicodusport.fr\/blog\/wp-content\/uploads\/2023\/01\/Les-coureurs-a-suivre-en-2023-Mattias-Skjelmose-Jensen-lannee-de-la-confirmation-.png\",\"contentUrl\":\"https:\/\/dicodusport.fr\/blog\/wp-content\/uploads\/2023\/01\/Les-coureurs-a-suivre-en-2023-Mattias-Skjelmose-Jensen-lannee-de-la-confirmation-.png\",\"width\":800,\"height\":445,\"caption\":\"Les coureurs \u00e0 suivre en 2023 Mattias Skjelmose Jensen, l'ann\u00e9e de la confirmation\"},{\"@type\":\"BreadcrumbList\",\"@id\":\"https:\/\/dicodusport.fr\/blog\/les-coureurs-a-suivre-en-2023-mattias-skjelmose-jensen-lannee-de-la-confirmation\/#breadcrumb\",\"itemListElement\":[{\"@type\":\"ListItem\",\"position\":1,\"name\":\"Accueil\",\"item\":\"https:\/\/dicodusport.fr\/blog\/\"},{\"@type\":\"ListItem\",\"position\":2,\"name\":\"Les coureurs \u00e0 suivre en 2023 : Mattias Skjelmose Jensen, l&rsquo;ann\u00e9e de la confirmation ?\"}]},{\"@type\":\"WebSite\",\"@id\":\"https:\/\/dicodusport.fr\/blog\/#website\",\"url\":\"https:\/\/dicodusport.fr\/blog\/\",\"name\":\"Dicodusport\",\"description\":\"L&#039;encyclop\u00e9die de l&#039;actualit\u00e9 sportive\",\"publisher\":{\"@id\":\"https:\/\/dicodusport.fr\/blog\/#organization\"},\"potentialAction\":[{\"@type\":\"SearchAction\",\"target\":{\"@type\":\"EntryPoint\",\"urlTemplate\":\"https:\/\/dicodusport.fr\/blog\/?s={search_term_string}\"},\"query-input\":{\"@type\":\"PropertyValueSpecification\",\"valueRequired\":true,\"valueName\":\"search_term_string\"}}],\"inLanguage\":\"fr-FR\"},{\"@type\":\"NewsMediaOrganization\",\"@id\":\"https:\/\/dicodusport.fr\/blog\/#organization\",\"name\":\"Dicodusport\",\"url\":\"https:\/\/dicodusport.fr\/blog\/\",\"logo\":{\"@type\":\"ImageObject\",\"inLanguage\":\"fr-FR\",\"@id\":\"https:\/\/dicodusport.fr\/blog\/#\/schema\/logo\/image\/\",\"url\":\"https:\/\/dicodusport.fr\/blog\/wp-content\/uploads\/2020\/06\/cropped-LOGO-DICODUSPORT-2020-SANS-FOND-SANS-TEXTE.png\",\"contentUrl\":\"https:\/\/dicodusport.fr\/blog\/wp-content\/uploads\/2020\/06\/cropped-LOGO-DICODUSPORT-2020-SANS-FOND-SANS-TEXTE.png\",\"width\":512,\"height\":512,\"caption\":\"Dicodusport\"},\"image\":{\"@id\":\"https:\/\/dicodusport.fr\/blog\/#\/schema\/logo\/image\/\"},\"sameAs\":[\"https:\/\/www.facebook.com\/dicodusport\",\"https:\/\/x.com\/dicodusport\",\"https:\/\/www.instagram.com\/dicodusport\/\",\"https:\/\/www.youtube.com\/channel\/UC7V2KZ5sd3htJivAbA4ZG3w\"],\"description\":\"Dicodusport est l'encyclop\u00e9die de l'actualit\u00e9 sportive.\",\"email\":\"bonjour@dicodusport.fr\",\"legalName\":\"DICODUSPORT\",\"foundingDate\":\"2018-01-14\",\"vatID\":\"FR71834470973\",\"taxID\":\"83447097300043\",\"numberOfEmployees\":{\"@type\":\"QuantitativeValue\",\"minValue\":\"1\",\"maxValue\":\"10\"}},{\"@type\":\"Person\",\"@id\":\"https:\/\/dicodusport.fr\/blog\/#\/schema\/person\/6db4bae06b171592211be385b32876a7\",\"name\":\"Emilien Descampiaux\",\"image\":{\"@type\":\"ImageObject\",\"inLanguage\":\"fr-FR\",\"@id\":\"https:\/\/dicodusport.fr\/blog\/#\/schema\/person\/image\/\",\"url\":\"https:\/\/dicodusport.fr\/blog\/wp-content\/uploads\/2021\/05\/Emilien-Descampiaux-150x150.jpg\",\"contentUrl\":\"https:\/\/dicodusport.fr\/blog\/wp-content\/uploads\/2021\/05\/Emilien-Descampiaux-150x150.jpg\",\"caption\":\"Emilien Descampiaux\"},\"description\":\"Journaliste\/r\u00e9dacteur depuis 2014 - Fan de la classe de Frank Vandenbroucke, je vis cyclisme (et de ses paysages) depuis plus de 20 ans. Je suis tr\u00e8s impliqu\u00e9 sur mes diff\u00e9rents r\u00e9seaux sociaux pour partager ma passion sur le monde et l'Histoire de la bicyclette avec ma voix sur les images en noir et blanc du succ\u00e8s de Rik Van Steenbergen lors du Ronde sur le V\u00e9lodrome de Gand.\",\"sameAs\":[\"https:\/\/www.facebook.com\/groups\/LesRoisDuPeloton\",\"https:\/\/x.com\/https:\/\/twitter.com\/LRoisDuPeloton\"],\"url\":\"https:\/\/dicodusport.fr\/blog\/author\/emiliend\/\"}]}<\/script>\n<!-- \/ Yoast SEO Premium plugin. -->","yoast_head_json":{"title":"Les coureurs \u00e0 suivre en 2023 : Mattias Skjelmose Jensen, l'ann\u00e9e de la confirmation ?","description":"CYCLISME SUR ROUTE 2023\u00a0- La Trek Segafredo a peut-\u00eatre trouv\u00e9 en Mattias Skjelmose Jensen un coureur de Grand Tour en devenir. Focus.","robots":{"index":"index","follow":"follow","max-snippet":"max-snippet:-1","max-image-preview":"max-image-preview:large","max-video-preview":"max-video-preview:-1"},"canonical":"https:\/\/dicodusport.fr\/blog\/les-coureurs-a-suivre-en-2023-mattias-skjelmose-jensen-lannee-de-la-confirmation\/","og_locale":"fr_FR","og_type":"article","og_title":"Les coureurs \u00e0 suivre en 2023 : Mattias Skjelmose Jensen, l'ann\u00e9e de la confirmation ?","og_description":"CYCLISME SUR ROUTE 2023\u00a0- La Trek Segafredo a peut-\u00eatre trouv\u00e9 en Mattias Skjelmose Jensen un coureur de Grand Tour en devenir. Focus.","og_url":"https:\/\/dicodusport.fr\/blog\/les-coureurs-a-suivre-en-2023-mattias-skjelmose-jensen-lannee-de-la-confirmation\/","og_site_name":"Dicodusport","article_publisher":"https:\/\/www.facebook.com\/dicodusport","article_author":"https:\/\/www.facebook.com\/groups\/LesRoisDuPeloton","article_published_time":"2023-01-05T14:22:19+00:00","article_modified_time":"2023-01-05T14:39:59+00:00","og_image":[{"width":800,"height":445,"url":"https:\/\/dicodusport.fr\/blog\/wp-content\/uploads\/2023\/01\/Les-coureurs-a-suivre-en-2023-Mattias-Skjelmose-Jensen-lannee-de-la-confirmation-.png","type":"image\/png"}],"author":"Emilien Descampiaux","twitter_card":"summary_large_image","twitter_title":"Les coureurs \u00e0 suivre en 2023 : Mattias Skjelmose Jensen, l'ann\u00e9e de la confirmation ?","twitter_creator":"@https:\/\/twitter.com\/LRoisDuPeloton","twitter_site":"@dicodusport","schema":{"@context":"https:\/\/schema.org","@graph":[{"@type":"NewsArticle","@id":"https:\/\/dicodusport.fr\/blog\/les-coureurs-a-suivre-en-2023-mattias-skjelmose-jensen-lannee-de-la-confirmation\/#article","isPartOf":{"@id":"https:\/\/dicodusport.fr\/blog\/les-coureurs-a-suivre-en-2023-mattias-skjelmose-jensen-lannee-de-la-confirmation\/"},"author":{"name":"Emilien Descampiaux","@id":"https:\/\/dicodusport.fr\/blog\/#\/schema\/person\/6db4bae06b171592211be385b32876a7"},"headline":"Les coureurs \u00e0 suivre en 2023 : Mattias Skjelmose Jensen, l&rsquo;ann\u00e9e de la confirmation ?","datePublished":"2023-01-05T14:22:19+00:00","dateModified":"2023-01-05T14:39:59+00:00","mainEntityOfPage":{"@id":"https:\/\/dicodusport.fr\/blog\/les-coureurs-a-suivre-en-2023-mattias-skjelmose-jensen-lannee-de-la-confirmation\/"},"wordCount":708,"commentCount":0,"publisher":{"@id":"https:\/\/dicodusport.fr\/blog\/#organization"},"image":{"@id":"https:\/\/dicodusport.fr\/blog\/les-coureurs-a-suivre-en-2023-mattias-skjelmose-jensen-lannee-de-la-confirmation\/#primaryimage"},"thumbnailUrl":"https:\/\/dicodusport.fr\/blog\/wp-content\/uploads\/2023\/01\/Les-coureurs-a-suivre-en-2023-Mattias-Skjelmose-Jensen-lannee-de-la-confirmation-.png","keywords":["Cyclisme","Cyclisme sur route","Trek-Segafredo"],"articleSection":["Cyclisme sur route"],"inLanguage":"fr-FR","potentialAction":[{"@type":"CommentAction","name":"Comment","target":["https:\/\/dicodusport.fr\/blog\/les-coureurs-a-suivre-en-2023-mattias-skjelmose-jensen-lannee-de-la-confirmation\/#respond"]}],"copyrightYear":"2023","copyrightHolder":{"@id":"https:\/\/dicodusport.fr\/blog\/#organization"}},{"@type":"WebPage","@id":"https:\/\/dicodusport.fr\/blog\/les-coureurs-a-suivre-en-2023-mattias-skjelmose-jensen-lannee-de-la-confirmation\/","url":"https:\/\/dicodusport.fr\/blog\/les-coureurs-a-suivre-en-2023-mattias-skjelmose-jensen-lannee-de-la-confirmation\/","name":"Les coureurs \u00e0 suivre en 2023 : Mattias Skjelmose Jensen, l'ann\u00e9e de la confirmation ?","isPartOf":{"@id":"https:\/\/dicodusport.fr\/blog\/#website"},"primaryImageOfPage":{"@id":"https:\/\/dicodusport.fr\/blog\/les-coureurs-a-suivre-en-2023-mattias-skjelmose-jensen-lannee-de-la-confirmation\/#primaryimage"},"image":{"@id":"https:\/\/dicodusport.fr\/blog\/les-coureurs-a-suivre-en-2023-mattias-skjelmose-jensen-lannee-de-la-confirmation\/#primaryimage"},"thumbnailUrl":"https:\/\/dicodusport.fr\/blog\/wp-content\/uploads\/2023\/01\/Les-coureurs-a-suivre-en-2023-Mattias-Skjelmose-Jensen-lannee-de-la-confirmation-.png","datePublished":"2023-01-05T14:22:19+00:00","dateModified":"2023-01-05T14:39:59+00:00","description":"CYCLISME SUR ROUTE 2023\u00a0- La Trek Segafredo a peut-\u00eatre trouv\u00e9 en Mattias Skjelmose Jensen un coureur de Grand Tour en devenir. Focus.","breadcrumb":{"@id":"https:\/\/dicodusport.fr\/blog\/les-coureurs-a-suivre-en-2023-mattias-skjelmose-jensen-lannee-de-la-confirmation\/#breadcrumb"},"inLanguage":"fr-FR","potentialAction":[{"@type":"ReadAction","target":["https:\/\/dicodusport.fr\/blog\/les-coureurs-a-suivre-en-2023-mattias-skjelmose-jensen-lannee-de-la-confirmation\/"]}]},{"@type":"ImageObject","inLanguage":"fr-FR","@id":"https:\/\/dicodusport.fr\/blog\/les-coureurs-a-suivre-en-2023-mattias-skjelmose-jensen-lannee-de-la-confirmation\/#primaryimage","url":"https:\/\/dicodusport.fr\/blog\/wp-content\/uploads\/2023\/01\/Les-coureurs-a-suivre-en-2023-Mattias-Skjelmose-Jensen-lannee-de-la-confirmation-.png","contentUrl":"https:\/\/dicodusport.fr\/blog\/wp-content\/uploads\/2023\/01\/Les-coureurs-a-suivre-en-2023-Mattias-Skjelmose-Jensen-lannee-de-la-confirmation-.png","width":800,"height":445,"caption":"Les coureurs \u00e0 suivre en 2023 Mattias Skjelmose Jensen, l'ann\u00e9e de la confirmation"},{"@type":"BreadcrumbList","@id":"https:\/\/dicodusport.fr\/blog\/les-coureurs-a-suivre-en-2023-mattias-skjelmose-jensen-lannee-de-la-confirmation\/#breadcrumb","itemListElement":[{"@type":"ListItem","position":1,"name":"Accueil","item":"https:\/\/dicodusport.fr\/blog\/"},{"@type":"ListItem","position":2,"name":"Les coureurs \u00e0 suivre en 2023 : Mattias Skjelmose Jensen, l&rsquo;ann\u00e9e de la confirmation ?"}]},{"@type":"WebSite","@id":"https:\/\/dicodusport.fr\/blog\/#website","url":"https:\/\/dicodusport.fr\/blog\/","name":"Dicodusport","description":"L&#039;encyclop\u00e9die de l&#039;actualit\u00e9 sportive","publisher":{"@id":"https:\/\/dicodusport.fr\/blog\/#organization"},"potentialAction":[{"@type":"SearchAction","target":{"@type":"EntryPoint","urlTemplate":"https:\/\/dicodusport.fr\/blog\/?s={search_term_string}"},"query-input":{"@type":"PropertyValueSpecification","valueRequired":true,"valueName":"search_term_string"}}],"inLanguage":"fr-FR"},{"@type":"NewsMediaOrganization","@id":"https:\/\/dicodusport.fr\/blog\/#organization","name":"Dicodusport","url":"https:\/\/dicodusport.fr\/blog\/","logo":{"@type":"ImageObject","inLanguage":"fr-FR","@id":"https:\/\/dicodusport.fr\/blog\/#\/schema\/logo\/image\/","url":"https:\/\/dicodusport.fr\/blog\/wp-content\/uploads\/2020\/06\/cropped-LOGO-DICODUSPORT-2020-SANS-FOND-SANS-TEXTE.png","contentUrl":"https:\/\/dicodusport.fr\/blog\/wp-content\/uploads\/2020\/06\/cropped-LOGO-DICODUSPORT-2020-SANS-FOND-SANS-TEXTE.png","width":512,"height":512,"caption":"Dicodusport"},"image":{"@id":"https:\/\/dicodusport.fr\/blog\/#\/schema\/logo\/image\/"},"sameAs":["https:\/\/www.facebook.com\/dicodusport","https:\/\/x.com\/dicodusport","https:\/\/www.instagram.com\/dicodusport\/","https:\/\/www.youtube.com\/channel\/UC7V2KZ5sd3htJivAbA4ZG3w"],"description":"Dicodusport est l'encyclop\u00e9die de l'actualit\u00e9 sportive.","email":"bonjour@dicodusport.fr","legalName":"DICODUSPORT","foundingDate":"2018-01-14","vatID":"FR71834470973","taxID":"83447097300043","numberOfEmployees":{"@type":"QuantitativeValue","minValue":"1","maxValue":"10"}},{"@type":"Person","@id":"https:\/\/dicodusport.fr\/blog\/#\/schema\/person\/6db4bae06b171592211be385b32876a7","name":"Emilien Descampiaux","image":{"@type":"ImageObject","inLanguage":"fr-FR","@id":"https:\/\/dicodusport.fr\/blog\/#\/schema\/person\/image\/","url":"https:\/\/dicodusport.fr\/blog\/wp-content\/uploads\/2021\/05\/Emilien-Descampiaux-150x150.jpg","contentUrl":"https:\/\/dicodusport.fr\/blog\/wp-content\/uploads\/2021\/05\/Emilien-Descampiaux-150x150.jpg","caption":"Emilien Descampiaux"},"description":"Journaliste\/r\u00e9dacteur depuis 2014 - Fan de la classe de Frank Vandenbroucke, je vis cyclisme (et de ses paysages) depuis plus de 20 ans. Je suis tr\u00e8s impliqu\u00e9 sur mes diff\u00e9rents r\u00e9seaux sociaux pour partager ma passion sur le monde et l'Histoire de la bicyclette avec ma voix sur les images en noir et blanc du succ\u00e8s de Rik Van Steenbergen lors du Ronde sur le V\u00e9lodrome de Gand.","sameAs":["https:\/\/www.facebook.com\/groups\/LesRoisDuPeloton","https:\/\/x.com\/https:\/\/twitter.com\/LRoisDuPeloton"],"url":"https:\/\/dicodusport.fr\/blog\/author\/emiliend\/"}]}},"_links":{"self":[{"href":"https:\/\/dicodusport.fr\/blog\/wp-json\/wp\/v2\/posts\/341207","targetHints":{"allow":["GET"]}}],"collection":[{"href":"https:\/\/dicodusport.fr\/blog\/wp-json\/wp\/v2\/posts"}],"about":[{"href":"https:\/\/dicodusport.fr\/blog\/wp-json\/wp\/v2\/types\/post"}],"author":[{"embeddable":true,"href":"https:\/\/dicodusport.fr\/blog\/wp-json\/wp\/v2\/users\/48"}],"replies":[{"embeddable":true,"href":"https:\/\/dicodusport.fr\/blog\/wp-json\/wp\/v2\/comments?post=341207"}],"version-history":[{"count":0,"href":"https:\/\/dicodusport.fr\/blog\/wp-json\/wp\/v2\/posts\/341207\/revisions"}],"wp:featuredmedia":[{"embeddable":true,"href":"https:\/\/dicodusport.fr\/blog\/wp-json\/wp\/v2\/media\/341571"}],"wp:attachment":[{"href":"https:\/\/dicodusport.fr\/blog\/wp-json\/wp\/v2\/media?parent=341207"}],"wp:term":[{"taxonomy":"category","embeddable":true,"href":"https:\/\/dicodusport.fr\/blog\/wp-json\/wp\/v2\/categories?post=341207"},{"taxonomy":"post_tag","embeddable":true,"href":"https:\/\/dicodusport.fr\/blog\/wp-json\/wp\/v2\/tags?post=341207"}],"curies":[{"name":"wp","href":"https:\/\/api.w.org\/{rel}","templated":true}]}}