{"id":341305,"date":"2023-01-04T15:05:44","date_gmt":"2023-01-04T14:05:44","guid":{"rendered":"https:\/\/dicodusport.fr\/blog\/?p=341305&#038;preview=true&#038;preview_id=341305"},"modified":"2023-01-04T21:54:03","modified_gmt":"2023-01-04T20:54:03","slug":"atp-challenger-2023-premier-quart-de-finale-en-carriere-pour-gabriel-debru","status":"publish","type":"post","link":"https:\/\/dicodusport.fr\/blog\/atp-challenger-2023-premier-quart-de-finale-en-carriere-pour-gabriel-debru\/","title":{"rendered":"ATP Challenger 2023 : Premier quart de finale en carri\u00e8re pour Gabriel Debru"},"content":{"rendered":"<p style=\"text-align: justify;\" align=\"justify\"><em><strong><a href=\"https:\/\/dicodusport.fr\/blog\/?s=atp+challenger+2023\">ATP CHALLENGER 2023<\/a> &#8211; \u00c0 tout juste 17 ans et apr\u00e8s seulement six mois en professionnel, Gabriel Debru fait d\u00e9j\u00e0 parler de lui. Le vainqueur de Roland-Garros 2022 Juniors s&rsquo;est qualifi\u00e9 en quarts de finale pour son premier tournoi de l&rsquo;ann\u00e9e, au Challenger d&rsquo;Oeiras (Portugal). Il n&rsquo;est que le troisi\u00e8me joueur n\u00e9 en 2005 \u00e0 atteindre les quarts d&rsquo;un Challenger.<br \/>\n<\/strong><\/em><\/p>\n<p style=\"text-align: justify;\" align=\"justify\"><strong>4h55<\/strong>. C&rsquo;est le temps pass\u00e9 par <strong>Gabriel Debru<\/strong> sur le court pour ses deux premiers matchs. Le jeune fran\u00e7ais a d\u00fb batailler pour se d\u00e9faire de ses deux premiers adversaires, mieux class\u00e9s que lui. Il s&rsquo;est \u00e0 chaque fois impos\u00e9 en trois sets, apr\u00e8s avoir manqu\u00e9 de nombreuses occasions. <a href=\"https:\/\/dicodusport.fr\/blog\/gabriel-debru-integre-a-plein-temps-le-circuit-professionnel\/\">Pass\u00e9 professionnel en juillet dernier<\/a>, <strong>Debru ne dispute cette semaine que son dixi\u00e8me tournoi Challenger en carri\u00e8re<\/strong>. Il est donc largement inexp\u00e9riment\u00e9 par rapport aux autres joueurs. Il est en plein apprentissage du haut niveau, et ces victoires ne peuvent que lui faire du bien pour la suite.<\/p>\n<p style=\"text-align: justify;\" align=\"justify\">Sa partition aujourd&rsquo;hui est la preuve que le laur\u00e9at de Roland Garros Juniors <strong>apprend \u00e0 toute vitesse<\/strong>. Apr\u00e8s un premier tour disput\u00e9 o\u00f9 il a livr\u00e9 un combat en fond de court contre le Hongrois Valkusz (n\u00b0275), il a d\u00e9cid\u00e9 de prendre les choses en main sur ce second tour contre l&rsquo;Allemand Ejupovic (n\u00b0326). Il est beaucoup plus <strong>mont\u00e9 \u00e0 la vol\u00e9e dans des sch\u00e9mas de jeu offensifs<\/strong>. Ses statistiques au service le montrent : 9 aces contre 5 lundi, 73% de r\u00e9ussite derri\u00e8re la premi\u00e8re balle contre 61%. Ce style de jeu correspond davantage \u00e0 ses meilleures armes, son service et son coup droit. Et il est aussi adapt\u00e9 \u00e0 la surface rapide sur laquelle il joue, le dur indoor.<\/p>\n<h2 style=\"text-align: justify;\" align=\"justify\">Un tableau abordable \u00e0 Oeiras<\/h2>\n<p style=\"text-align: justify;\">D\u00e9j\u00e0 qualifi\u00e9 en quarts, Gabriel Debru a <strong>une opportunit\u00e9 de faire un r\u00e9sultat sur ce tournoi<\/strong>. Celui-ci se dispute en effet au Portugal, alors que la majorit\u00e9 des joueurs sont partis \u00e0 l&rsquo;autre bout du monde se pr\u00e9parer pour l&rsquo;Open d&rsquo;Australie. Les tournois qui se disputent l\u00e0-bas en ce moment sont bien plus relev\u00e9s. \u00c0 Oeiras, <strong>un seul joueur du Top 200<\/strong> figure dans le tableau : Ricardas Berankis. Et celui-ci vient d&rsquo;\u00eatre \u00e9limin\u00e9 par le Turc Ilkel (n\u00b0378), qui sera le prochain adversaire de Debru. En dehors de lui, de nombreux jeunes joueurs participent au tournoi. Des adversaires abordables pour le Fran\u00e7ais, qui a montr\u00e9 sur ses deux premiers matchs qu&rsquo;il \u00e9tait en forme physique et mentale. Ce premier tournoi de l&rsquo;ann\u00e9e 2023 pourrait \u00eatre <strong>l&rsquo;occasion pour lui de marquer un grand coup<\/strong>.<\/p>\n<blockquote class=\"twitter-tweet\">\n<p dir=\"ltr\" lang=\"fr\">\ud83c\udfbe Voil\u00e0\u00e0 Gabriel Debru \ud83c\uddeb\ud83c\uddf7 c&rsquo;est des sch\u00e9mas de jeu offensifs comme \u00e7a qu&rsquo;on veut voir ! Y&rsquo;a encore du taff sur ses vol\u00e9es mais \u00e7a va venir en essayant <a href=\"https:\/\/twitter.com\/hashtag\/ATPChallenger?src=hash&amp;ref_src=twsrc%5Etfw\">#ATPChallenger<\/a><a href=\"https:\/\/t.co\/CzQklF0MoK\">pic.twitter.com\/CzQklF0MoK<\/a><\/p>\n<p>\u2014 Tom Compayrot (@Tom_Cprt) <a href=\"https:\/\/twitter.com\/Tom_Cprt\/status\/1610615650258411520?ref_src=twsrc%5Etfw\">January 4, 2023<\/a><\/p><\/blockquote>\n<p style=\"text-align: justify;\"><script async src=\"https:\/\/platform.twitter.com\/widgets.js\" charset=\"utf-8\"><\/script><\/p>\n","protected":false},"excerpt":{"rendered":"<p>ATP CHALLENGER 2023 &#8211; \u00c0 tout juste 17 ans et apr\u00e8s seulement six mois en professionnel, Gabriel Debru fait d\u00e9j\u00e0 parler de lui. Le vainqueur de Roland-Garros 2022 Juniors s&rsquo;est qualifi\u00e9 en quarts de finale pour son premier tournoi de l&rsquo;ann\u00e9e, au Challenger d&rsquo;Oeiras (Portugal). Il n&rsquo;est que le troisi\u00e8me joueur n\u00e9 en 2005 \u00e0 [&hellip;]<\/p>\n","protected":false},"author":13,"featured_media":341325,"comment_status":"open","ping_status":"closed","sticky":false,"template":"","format":"standard","meta":{"_acf_changed":false,"_daextam_enable_autolinks":"","footnotes":""},"categories":[2302],"tags":[18563,23548],"class_list":["post-341305","post","type-post","status-publish","format-standard","has-post-thumbnail","hentry","category-tennis","tag-francais-tennis","tag-gabriel-debru"],"acf":[],"yoast_head":"<!-- This site is optimized with the Yoast SEO Premium plugin v26.7 (Yoast SEO v26.7) - https:\/\/yoast.com\/wordpress\/plugins\/seo\/ -->\n<title>ATP Challenger 2023 : Premier quart de finale en carri\u00e8re pour Gabriel Debru<\/title>\n<meta name=\"description\" content=\"\u00c0 tout juste 17 ans et apr\u00e8s seulement 6 mois en professionnel, Gabriel Debru va jouer le premier quart de finale de Challenger de sa carri\u00e8re\" \/>\n<meta name=\"robots\" content=\"index, follow, max-snippet:-1, max-image-preview:large, max-video-preview:-1\" \/>\n<link rel=\"canonical\" href=\"https:\/\/dicodusport.fr\/blog\/atp-challenger-2023-premier-quart-de-finale-en-carriere-pour-gabriel-debru\/\" \/>\n<meta property=\"og:locale\" content=\"fr_FR\" \/>\n<meta property=\"og:type\" content=\"article\" \/>\n<meta property=\"og:title\" content=\"ATP Challenger 2023 : Premier quart de finale en carri\u00e8re pour Gabriel Debru\" \/>\n<meta property=\"og:description\" content=\"\u00c0 tout juste 17 ans et apr\u00e8s seulement 6 mois en professionnel, Gabriel Debru va jouer le premier quart de finale de Challenger de sa carri\u00e8re\" \/>\n<meta property=\"og:url\" content=\"https:\/\/dicodusport.fr\/blog\/atp-challenger-2023-premier-quart-de-finale-en-carriere-pour-gabriel-debru\/\" \/>\n<meta property=\"og:site_name\" content=\"Dicodusport\" \/>\n<meta property=\"article:publisher\" content=\"https:\/\/www.facebook.com\/dicodusport\" \/>\n<meta property=\"article:published_time\" content=\"2023-01-04T14:05:44+00:00\" \/>\n<meta property=\"article:modified_time\" content=\"2023-01-04T20:54:03+00:00\" \/>\n<meta property=\"og:image\" content=\"https:\/\/dicodusport.fr\/blog\/wp-content\/uploads\/2023\/01\/atp-challenger-2023-premier-quart-de-finale-en-carriere-pour-gabriel-debru.png\" \/>\n\t<meta property=\"og:image:width\" content=\"800\" \/>\n\t<meta property=\"og:image:height\" content=\"445\" \/>\n\t<meta property=\"og:image:type\" content=\"image\/png\" \/>\n<meta name=\"author\" content=\"Tom Compayrot\" \/>\n<meta name=\"twitter:card\" content=\"summary_large_image\" \/>\n<meta name=\"twitter:title\" content=\"ATP Challenger 2023 : Premier quart de finale en carri\u00e8re pour Gabriel Debru\" \/>\n<meta name=\"twitter:creator\" content=\"@https:\/\/twitter.com\/Tom_Cprt\" \/>\n<meta name=\"twitter:site\" content=\"@dicodusport\" \/>\n<script type=\"application\/ld+json\" class=\"yoast-schema-graph\">{\"@context\":\"https:\/\/schema.org\",\"@graph\":[{\"@type\":\"NewsArticle\",\"@id\":\"https:\/\/dicodusport.fr\/blog\/atp-challenger-2023-premier-quart-de-finale-en-carriere-pour-gabriel-debru\/#article\",\"isPartOf\":{\"@id\":\"https:\/\/dicodusport.fr\/blog\/atp-challenger-2023-premier-quart-de-finale-en-carriere-pour-gabriel-debru\/\"},\"author\":{\"name\":\"Tom Compayrot\",\"@id\":\"https:\/\/dicodusport.fr\/blog\/#\/schema\/person\/bf1e4f404e108bd2be5b447b16bde9a7\"},\"headline\":\"ATP Challenger 2023 : Premier quart de finale en carri\u00e8re pour Gabriel Debru\",\"datePublished\":\"2023-01-04T14:05:44+00:00\",\"dateModified\":\"2023-01-04T20:54:03+00:00\",\"mainEntityOfPage\":{\"@id\":\"https:\/\/dicodusport.fr\/blog\/atp-challenger-2023-premier-quart-de-finale-en-carriere-pour-gabriel-debru\/\"},\"wordCount\":492,\"commentCount\":0,\"publisher\":{\"@id\":\"https:\/\/dicodusport.fr\/blog\/#organization\"},\"image\":{\"@id\":\"https:\/\/dicodusport.fr\/blog\/atp-challenger-2023-premier-quart-de-finale-en-carriere-pour-gabriel-debru\/#primaryimage\"},\"thumbnailUrl\":\"https:\/\/dicodusport.fr\/blog\/wp-content\/uploads\/2023\/01\/atp-challenger-2023-premier-quart-de-finale-en-carriere-pour-gabriel-debru.png\",\"keywords\":[\"fran\u00e7ais tennis\",\"Gabriel Debru\"],\"articleSection\":[\"Tennis\"],\"inLanguage\":\"fr-FR\",\"potentialAction\":[{\"@type\":\"CommentAction\",\"name\":\"Comment\",\"target\":[\"https:\/\/dicodusport.fr\/blog\/atp-challenger-2023-premier-quart-de-finale-en-carriere-pour-gabriel-debru\/#respond\"]}],\"copyrightYear\":\"2023\",\"copyrightHolder\":{\"@id\":\"https:\/\/dicodusport.fr\/blog\/#organization\"}},{\"@type\":\"WebPage\",\"@id\":\"https:\/\/dicodusport.fr\/blog\/atp-challenger-2023-premier-quart-de-finale-en-carriere-pour-gabriel-debru\/\",\"url\":\"https:\/\/dicodusport.fr\/blog\/atp-challenger-2023-premier-quart-de-finale-en-carriere-pour-gabriel-debru\/\",\"name\":\"ATP Challenger 2023 : Premier quart de finale en carri\u00e8re pour Gabriel Debru\",\"isPartOf\":{\"@id\":\"https:\/\/dicodusport.fr\/blog\/#website\"},\"primaryImageOfPage\":{\"@id\":\"https:\/\/dicodusport.fr\/blog\/atp-challenger-2023-premier-quart-de-finale-en-carriere-pour-gabriel-debru\/#primaryimage\"},\"image\":{\"@id\":\"https:\/\/dicodusport.fr\/blog\/atp-challenger-2023-premier-quart-de-finale-en-carriere-pour-gabriel-debru\/#primaryimage\"},\"thumbnailUrl\":\"https:\/\/dicodusport.fr\/blog\/wp-content\/uploads\/2023\/01\/atp-challenger-2023-premier-quart-de-finale-en-carriere-pour-gabriel-debru.png\",\"datePublished\":\"2023-01-04T14:05:44+00:00\",\"dateModified\":\"2023-01-04T20:54:03+00:00\",\"description\":\"\u00c0 tout juste 17 ans et apr\u00e8s seulement 6 mois en professionnel, Gabriel Debru va jouer le premier quart de finale de Challenger de sa carri\u00e8re\",\"breadcrumb\":{\"@id\":\"https:\/\/dicodusport.fr\/blog\/atp-challenger-2023-premier-quart-de-finale-en-carriere-pour-gabriel-debru\/#breadcrumb\"},\"inLanguage\":\"fr-FR\",\"potentialAction\":[{\"@type\":\"ReadAction\",\"target\":[\"https:\/\/dicodusport.fr\/blog\/atp-challenger-2023-premier-quart-de-finale-en-carriere-pour-gabriel-debru\/\"]}]},{\"@type\":\"ImageObject\",\"inLanguage\":\"fr-FR\",\"@id\":\"https:\/\/dicodusport.fr\/blog\/atp-challenger-2023-premier-quart-de-finale-en-carriere-pour-gabriel-debru\/#primaryimage\",\"url\":\"https:\/\/dicodusport.fr\/blog\/wp-content\/uploads\/2023\/01\/atp-challenger-2023-premier-quart-de-finale-en-carriere-pour-gabriel-debru.png\",\"contentUrl\":\"https:\/\/dicodusport.fr\/blog\/wp-content\/uploads\/2023\/01\/atp-challenger-2023-premier-quart-de-finale-en-carriere-pour-gabriel-debru.png\",\"width\":800,\"height\":445},{\"@type\":\"BreadcrumbList\",\"@id\":\"https:\/\/dicodusport.fr\/blog\/atp-challenger-2023-premier-quart-de-finale-en-carriere-pour-gabriel-debru\/#breadcrumb\",\"itemListElement\":[{\"@type\":\"ListItem\",\"position\":1,\"name\":\"Accueil\",\"item\":\"https:\/\/dicodusport.fr\/blog\/\"},{\"@type\":\"ListItem\",\"position\":2,\"name\":\"ATP Challenger 2023 : Premier quart de finale en carri\u00e8re pour Gabriel Debru\"}]},{\"@type\":\"WebSite\",\"@id\":\"https:\/\/dicodusport.fr\/blog\/#website\",\"url\":\"https:\/\/dicodusport.fr\/blog\/\",\"name\":\"Dicodusport\",\"description\":\"L&#039;encyclop\u00e9die de l&#039;actualit\u00e9 sportive\",\"publisher\":{\"@id\":\"https:\/\/dicodusport.fr\/blog\/#organization\"},\"potentialAction\":[{\"@type\":\"SearchAction\",\"target\":{\"@type\":\"EntryPoint\",\"urlTemplate\":\"https:\/\/dicodusport.fr\/blog\/?s={search_term_string}\"},\"query-input\":{\"@type\":\"PropertyValueSpecification\",\"valueRequired\":true,\"valueName\":\"search_term_string\"}}],\"inLanguage\":\"fr-FR\"},{\"@type\":\"NewsMediaOrganization\",\"@id\":\"https:\/\/dicodusport.fr\/blog\/#organization\",\"name\":\"Dicodusport\",\"url\":\"https:\/\/dicodusport.fr\/blog\/\",\"logo\":{\"@type\":\"ImageObject\",\"inLanguage\":\"fr-FR\",\"@id\":\"https:\/\/dicodusport.fr\/blog\/#\/schema\/logo\/image\/\",\"url\":\"https:\/\/dicodusport.fr\/blog\/wp-content\/uploads\/2020\/06\/cropped-LOGO-DICODUSPORT-2020-SANS-FOND-SANS-TEXTE.png\",\"contentUrl\":\"https:\/\/dicodusport.fr\/blog\/wp-content\/uploads\/2020\/06\/cropped-LOGO-DICODUSPORT-2020-SANS-FOND-SANS-TEXTE.png\",\"width\":512,\"height\":512,\"caption\":\"Dicodusport\"},\"image\":{\"@id\":\"https:\/\/dicodusport.fr\/blog\/#\/schema\/logo\/image\/\"},\"sameAs\":[\"https:\/\/www.facebook.com\/dicodusport\",\"https:\/\/x.com\/dicodusport\",\"https:\/\/www.instagram.com\/dicodusport\/\",\"https:\/\/www.youtube.com\/channel\/UC7V2KZ5sd3htJivAbA4ZG3w\"],\"description\":\"Dicodusport est l'encyclop\u00e9die de l'actualit\u00e9 sportive.\",\"email\":\"bonjour@dicodusport.fr\",\"legalName\":\"DICODUSPORT\",\"foundingDate\":\"2018-01-14\",\"vatID\":\"FR71834470973\",\"taxID\":\"83447097300043\",\"numberOfEmployees\":{\"@type\":\"QuantitativeValue\",\"minValue\":\"1\",\"maxValue\":\"10\"}},{\"@type\":\"Person\",\"@id\":\"https:\/\/dicodusport.fr\/blog\/#\/schema\/person\/bf1e4f404e108bd2be5b447b16bde9a7\",\"name\":\"Tom Compayrot\",\"image\":{\"@type\":\"ImageObject\",\"inLanguage\":\"fr-FR\",\"@id\":\"https:\/\/dicodusport.fr\/blog\/#\/schema\/person\/image\/\",\"url\":\"https:\/\/dicodusport.fr\/blog\/wp-content\/uploads\/2021\/05\/Tom-Compayrot-150x150.jpg\",\"contentUrl\":\"https:\/\/dicodusport.fr\/blog\/wp-content\/uploads\/2021\/05\/Tom-Compayrot-150x150.jpg\",\"caption\":\"Tom Compayrot\"},\"description\":\"Journaliste\/r\u00e9dacteur depuis mars 2017 - Amoureux de la petite balle jaune et du gros ballon orange qui tra\u00eene sa carcasse sur Dicodusport depuis 2017. Rafael Nadal et LeBron James sont les meilleurs joueurs de l'histoire.\",\"sameAs\":[\"https:\/\/x.com\/https:\/\/twitter.com\/Tom_Cprt\"],\"url\":\"https:\/\/dicodusport.fr\/blog\/author\/tom\/\"}]}<\/script>\n<!-- \/ Yoast SEO Premium plugin. -->","yoast_head_json":{"title":"ATP Challenger 2023 : Premier quart de finale en carri\u00e8re pour Gabriel Debru","description":"\u00c0 tout juste 17 ans et apr\u00e8s seulement 6 mois en professionnel, Gabriel Debru va jouer le premier quart de finale de Challenger de sa carri\u00e8re","robots":{"index":"index","follow":"follow","max-snippet":"max-snippet:-1","max-image-preview":"max-image-preview:large","max-video-preview":"max-video-preview:-1"},"canonical":"https:\/\/dicodusport.fr\/blog\/atp-challenger-2023-premier-quart-de-finale-en-carriere-pour-gabriel-debru\/","og_locale":"fr_FR","og_type":"article","og_title":"ATP Challenger 2023 : Premier quart de finale en carri\u00e8re pour Gabriel Debru","og_description":"\u00c0 tout juste 17 ans et apr\u00e8s seulement 6 mois en professionnel, Gabriel Debru va jouer le premier quart de finale de Challenger de sa carri\u00e8re","og_url":"https:\/\/dicodusport.fr\/blog\/atp-challenger-2023-premier-quart-de-finale-en-carriere-pour-gabriel-debru\/","og_site_name":"Dicodusport","article_publisher":"https:\/\/www.facebook.com\/dicodusport","article_published_time":"2023-01-04T14:05:44+00:00","article_modified_time":"2023-01-04T20:54:03+00:00","og_image":[{"width":800,"height":445,"url":"https:\/\/dicodusport.fr\/blog\/wp-content\/uploads\/2023\/01\/atp-challenger-2023-premier-quart-de-finale-en-carriere-pour-gabriel-debru.png","type":"image\/png"}],"author":"Tom Compayrot","twitter_card":"summary_large_image","twitter_title":"ATP Challenger 2023 : Premier quart de finale en carri\u00e8re pour Gabriel Debru","twitter_creator":"@https:\/\/twitter.com\/Tom_Cprt","twitter_site":"@dicodusport","schema":{"@context":"https:\/\/schema.org","@graph":[{"@type":"NewsArticle","@id":"https:\/\/dicodusport.fr\/blog\/atp-challenger-2023-premier-quart-de-finale-en-carriere-pour-gabriel-debru\/#article","isPartOf":{"@id":"https:\/\/dicodusport.fr\/blog\/atp-challenger-2023-premier-quart-de-finale-en-carriere-pour-gabriel-debru\/"},"author":{"name":"Tom Compayrot","@id":"https:\/\/dicodusport.fr\/blog\/#\/schema\/person\/bf1e4f404e108bd2be5b447b16bde9a7"},"headline":"ATP Challenger 2023 : Premier quart de finale en carri\u00e8re pour Gabriel Debru","datePublished":"2023-01-04T14:05:44+00:00","dateModified":"2023-01-04T20:54:03+00:00","mainEntityOfPage":{"@id":"https:\/\/dicodusport.fr\/blog\/atp-challenger-2023-premier-quart-de-finale-en-carriere-pour-gabriel-debru\/"},"wordCount":492,"commentCount":0,"publisher":{"@id":"https:\/\/dicodusport.fr\/blog\/#organization"},"image":{"@id":"https:\/\/dicodusport.fr\/blog\/atp-challenger-2023-premier-quart-de-finale-en-carriere-pour-gabriel-debru\/#primaryimage"},"thumbnailUrl":"https:\/\/dicodusport.fr\/blog\/wp-content\/uploads\/2023\/01\/atp-challenger-2023-premier-quart-de-finale-en-carriere-pour-gabriel-debru.png","keywords":["fran\u00e7ais tennis","Gabriel Debru"],"articleSection":["Tennis"],"inLanguage":"fr-FR","potentialAction":[{"@type":"CommentAction","name":"Comment","target":["https:\/\/dicodusport.fr\/blog\/atp-challenger-2023-premier-quart-de-finale-en-carriere-pour-gabriel-debru\/#respond"]}],"copyrightYear":"2023","copyrightHolder":{"@id":"https:\/\/dicodusport.fr\/blog\/#organization"}},{"@type":"WebPage","@id":"https:\/\/dicodusport.fr\/blog\/atp-challenger-2023-premier-quart-de-finale-en-carriere-pour-gabriel-debru\/","url":"https:\/\/dicodusport.fr\/blog\/atp-challenger-2023-premier-quart-de-finale-en-carriere-pour-gabriel-debru\/","name":"ATP Challenger 2023 : Premier quart de finale en carri\u00e8re pour Gabriel Debru","isPartOf":{"@id":"https:\/\/dicodusport.fr\/blog\/#website"},"primaryImageOfPage":{"@id":"https:\/\/dicodusport.fr\/blog\/atp-challenger-2023-premier-quart-de-finale-en-carriere-pour-gabriel-debru\/#primaryimage"},"image":{"@id":"https:\/\/dicodusport.fr\/blog\/atp-challenger-2023-premier-quart-de-finale-en-carriere-pour-gabriel-debru\/#primaryimage"},"thumbnailUrl":"https:\/\/dicodusport.fr\/blog\/wp-content\/uploads\/2023\/01\/atp-challenger-2023-premier-quart-de-finale-en-carriere-pour-gabriel-debru.png","datePublished":"2023-01-04T14:05:44+00:00","dateModified":"2023-01-04T20:54:03+00:00","description":"\u00c0 tout juste 17 ans et apr\u00e8s seulement 6 mois en professionnel, Gabriel Debru va jouer le premier quart de finale de Challenger de sa carri\u00e8re","breadcrumb":{"@id":"https:\/\/dicodusport.fr\/blog\/atp-challenger-2023-premier-quart-de-finale-en-carriere-pour-gabriel-debru\/#breadcrumb"},"inLanguage":"fr-FR","potentialAction":[{"@type":"ReadAction","target":["https:\/\/dicodusport.fr\/blog\/atp-challenger-2023-premier-quart-de-finale-en-carriere-pour-gabriel-debru\/"]}]},{"@type":"ImageObject","inLanguage":"fr-FR","@id":"https:\/\/dicodusport.fr\/blog\/atp-challenger-2023-premier-quart-de-finale-en-carriere-pour-gabriel-debru\/#primaryimage","url":"https:\/\/dicodusport.fr\/blog\/wp-content\/uploads\/2023\/01\/atp-challenger-2023-premier-quart-de-finale-en-carriere-pour-gabriel-debru.png","contentUrl":"https:\/\/dicodusport.fr\/blog\/wp-content\/uploads\/2023\/01\/atp-challenger-2023-premier-quart-de-finale-en-carriere-pour-gabriel-debru.png","width":800,"height":445},{"@type":"BreadcrumbList","@id":"https:\/\/dicodusport.fr\/blog\/atp-challenger-2023-premier-quart-de-finale-en-carriere-pour-gabriel-debru\/#breadcrumb","itemListElement":[{"@type":"ListItem","position":1,"name":"Accueil","item":"https:\/\/dicodusport.fr\/blog\/"},{"@type":"ListItem","position":2,"name":"ATP Challenger 2023 : Premier quart de finale en carri\u00e8re pour Gabriel Debru"}]},{"@type":"WebSite","@id":"https:\/\/dicodusport.fr\/blog\/#website","url":"https:\/\/dicodusport.fr\/blog\/","name":"Dicodusport","description":"L&#039;encyclop\u00e9die de l&#039;actualit\u00e9 sportive","publisher":{"@id":"https:\/\/dicodusport.fr\/blog\/#organization"},"potentialAction":[{"@type":"SearchAction","target":{"@type":"EntryPoint","urlTemplate":"https:\/\/dicodusport.fr\/blog\/?s={search_term_string}"},"query-input":{"@type":"PropertyValueSpecification","valueRequired":true,"valueName":"search_term_string"}}],"inLanguage":"fr-FR"},{"@type":"NewsMediaOrganization","@id":"https:\/\/dicodusport.fr\/blog\/#organization","name":"Dicodusport","url":"https:\/\/dicodusport.fr\/blog\/","logo":{"@type":"ImageObject","inLanguage":"fr-FR","@id":"https:\/\/dicodusport.fr\/blog\/#\/schema\/logo\/image\/","url":"https:\/\/dicodusport.fr\/blog\/wp-content\/uploads\/2020\/06\/cropped-LOGO-DICODUSPORT-2020-SANS-FOND-SANS-TEXTE.png","contentUrl":"https:\/\/dicodusport.fr\/blog\/wp-content\/uploads\/2020\/06\/cropped-LOGO-DICODUSPORT-2020-SANS-FOND-SANS-TEXTE.png","width":512,"height":512,"caption":"Dicodusport"},"image":{"@id":"https:\/\/dicodusport.fr\/blog\/#\/schema\/logo\/image\/"},"sameAs":["https:\/\/www.facebook.com\/dicodusport","https:\/\/x.com\/dicodusport","https:\/\/www.instagram.com\/dicodusport\/","https:\/\/www.youtube.com\/channel\/UC7V2KZ5sd3htJivAbA4ZG3w"],"description":"Dicodusport est l'encyclop\u00e9die de l'actualit\u00e9 sportive.","email":"bonjour@dicodusport.fr","legalName":"DICODUSPORT","foundingDate":"2018-01-14","vatID":"FR71834470973","taxID":"83447097300043","numberOfEmployees":{"@type":"QuantitativeValue","minValue":"1","maxValue":"10"}},{"@type":"Person","@id":"https:\/\/dicodusport.fr\/blog\/#\/schema\/person\/bf1e4f404e108bd2be5b447b16bde9a7","name":"Tom Compayrot","image":{"@type":"ImageObject","inLanguage":"fr-FR","@id":"https:\/\/dicodusport.fr\/blog\/#\/schema\/person\/image\/","url":"https:\/\/dicodusport.fr\/blog\/wp-content\/uploads\/2021\/05\/Tom-Compayrot-150x150.jpg","contentUrl":"https:\/\/dicodusport.fr\/blog\/wp-content\/uploads\/2021\/05\/Tom-Compayrot-150x150.jpg","caption":"Tom Compayrot"},"description":"Journaliste\/r\u00e9dacteur depuis mars 2017 - Amoureux de la petite balle jaune et du gros ballon orange qui tra\u00eene sa carcasse sur Dicodusport depuis 2017. Rafael Nadal et LeBron James sont les meilleurs joueurs de l'histoire.","sameAs":["https:\/\/x.com\/https:\/\/twitter.com\/Tom_Cprt"],"url":"https:\/\/dicodusport.fr\/blog\/author\/tom\/"}]}},"_links":{"self":[{"href":"https:\/\/dicodusport.fr\/blog\/wp-json\/wp\/v2\/posts\/341305","targetHints":{"allow":["GET"]}}],"collection":[{"href":"https:\/\/dicodusport.fr\/blog\/wp-json\/wp\/v2\/posts"}],"about":[{"href":"https:\/\/dicodusport.fr\/blog\/wp-json\/wp\/v2\/types\/post"}],"author":[{"embeddable":true,"href":"https:\/\/dicodusport.fr\/blog\/wp-json\/wp\/v2\/users\/13"}],"replies":[{"embeddable":true,"href":"https:\/\/dicodusport.fr\/blog\/wp-json\/wp\/v2\/comments?post=341305"}],"version-history":[{"count":0,"href":"https:\/\/dicodusport.fr\/blog\/wp-json\/wp\/v2\/posts\/341305\/revisions"}],"wp:featuredmedia":[{"embeddable":true,"href":"https:\/\/dicodusport.fr\/blog\/wp-json\/wp\/v2\/media\/341325"}],"wp:attachment":[{"href":"https:\/\/dicodusport.fr\/blog\/wp-json\/wp\/v2\/media?parent=341305"}],"wp:term":[{"taxonomy":"category","embeddable":true,"href":"https:\/\/dicodusport.fr\/blog\/wp-json\/wp\/v2\/categories?post=341305"},{"taxonomy":"post_tag","embeddable":true,"href":"https:\/\/dicodusport.fr\/blog\/wp-json\/wp\/v2\/tags?post=341305"}],"curies":[{"name":"wp","href":"https:\/\/api.w.org\/{rel}","templated":true}]}}