{"id":341577,"date":"2023-01-05T15:17:26","date_gmt":"2023-01-05T14:17:26","guid":{"rendered":"https:\/\/dicodusport.fr\/blog\/?p=341577&#038;preview=true&#038;preview_id=341577"},"modified":"2023-01-05T16:52:10","modified_gmt":"2023-01-05T15:52:10","slug":"sprint-de-pokljuka-elvira-oeberg-simpose-julia-simon-termine-2eme","status":"publish","type":"post","link":"https:\/\/dicodusport.fr\/blog\/sprint-de-pokljuka-elvira-oeberg-simpose-julia-simon-termine-2eme\/","title":{"rendered":"Sprint de Pokljuka : Elvira Oeberg s&rsquo;impose, Julia Simon termine 2\u00e8me"},"content":{"rendered":"<p style=\"text-align: justify;\" align=\"justify\"><em><strong><b><i><a href=\"https:\/\/dicodusport.fr\/blog\/biathlon-pokljuka-2023-programme-complet-et-resultats\/\">BIATHLON COUPE DU MONDE DE POKLJUKA 2023<\/a><\/i><\/b>\u00a0&#8211; Imp\u00e9riale sur la piste et sur le pas de tir, Elvira Oeberg a domin\u00e9 le sprint de Pokljuka. Julia Simon r\u00e9alise une tr\u00e8s belle course et prend la 2<sup>\u00e8me<\/sup> place.<\/strong><\/em><\/p>\n<p style=\"text-align: justify;\" align=\"justify\">Au terme d&rsquo;une course maitris\u00e9e,<strong> Elvira Oeberg<\/strong> s&rsquo;est impos\u00e9e avec brio sur ce sprint de Pokljuka, devan\u00e7ant de 7 secondes <strong>Julia Simon<\/strong> et de 18 secondes <strong>Dorothea Wierer<\/strong>, ces 3 biathl\u00e8tes ayant toutes r\u00e9alis\u00e9 un 10\/10. Avec le meilleur temps de ski, <strong>Denise Hermann-Wick<\/strong> a pourtant craqu\u00e9 avec 2 fautes et termine seulement 6<sup>\u00e8me<\/sup>, derri\u00e8re <strong>Pauline Batovska-Fialkova<\/strong> (4<sup>\u00e8me<\/sup>) et <strong>Marketa Davidova<\/strong> (5<sup>\u00e8me<\/sup>) qui compl\u00e8tent la c\u00e9r\u00e9monie des fleurs.<\/p>\n<blockquote class=\"twitter-tweet\">\n<p dir=\"ltr\" lang=\"fr\">\ud83d\udcac\ud83c\uddeb\ud83c\uddf7 Julia Simon revient sur sa deuxi\u00e8me place sur ce sprint !<\/p>\n<p>\ud83d\udcf2\ud83d\udcbb\ud83d\udcfa Le direct &gt; <a href=\"https:\/\/t.co\/a1S9lgxIb4\">https:\/\/t.co\/a1S9lgxIb4<\/a><a href=\"https:\/\/twitter.com\/hashtag\/lequipeBIATHLON?src=hash&amp;ref_src=twsrc%5Etfw\">#lequipeBIATHLON<\/a> <a href=\"https:\/\/t.co\/klB4N6L3fU\">pic.twitter.com\/klB4N6L3fU<\/a><\/p>\n<p>\u2014 la chaine L&rsquo;\u00c9quipe (@lachainelequipe) <a href=\"https:\/\/twitter.com\/lachainelequipe\/status\/1611006872466739200?ref_src=twsrc%5Etfw\">January 5, 2023<\/a><\/p><\/blockquote>\n<p><script async src=\"https:\/\/platform.twitter.com\/widgets.js\" charset=\"utf-8\"><\/script><\/p>\n<p style=\"text-align: justify;\" align=\"justify\">Outre la course parfaite une nouvelle fois de <strong>Julia Simon<\/strong>, la bonne surprise fran\u00e7aise vient de <strong>Sophie Chauveau<\/strong>, qui termine 8<sup>\u00e8me<\/sup>. Avec le 6<sup>\u00e8me<\/sup> temps de ski, la jeune tricolore aurait pu aller chercher mieux mais a commis une erreur sur son tir debout. Elle partira sur la poursuite avec 42 secondes de retard sur Oeberg. Moins rapide, <strong>Lou Jeanmonnot<\/strong> termine n\u00e9anmoins 10<sup>\u00e8me<\/sup> ex-aequo avec un beau 10\/10, alors que <strong>les s\u0153urs Chevalier <\/strong>ont rat\u00e9 leur course. <strong>Ana\u00efs<\/strong> termine 29<sup>\u00e8me<\/sup> avec un 7\/10, <strong>Chlo\u00e9<\/strong> 36<sup>\u00e8me<\/sup> avec un 8\/10. <strong>Caroline Colombo<\/strong> prend quant \u00e0 elle la 41<sup>\u00e8me<\/sup> place avec 3 erreurs sur le pas de tir.<\/p>\n<h2 style=\"text-align: justify;\"><strong>\u00c0 lire aussi<\/strong><\/h2>\n<ul>\n<li style=\"text-align: justify;\"><a href=\"https:\/\/dicodusport.fr\/blog\/biathlon-pokljuka-2023-classement-sprint-femmes\/\"><strong>Le classement complet du sprint femmes<\/strong><\/a><\/li>\n<li style=\"text-align: justify;\"><a href=\"https:\/\/dicodusport.fr\/blog\/coupe-du-monde-biathlon-classement-general-femmes\/\"><strong>Le classement g\u00e9n\u00e9ral de la Coupe du monde de biathlon<\/strong><\/a><\/li>\n<li style=\"text-align: justify;\"><a href=\"https:\/\/dicodusport.fr\/blog\/coupe-du-monde-biathlon-classement-petit-globe-sprint-femmes\/\"><strong>Le classement du petit globe du sprint<\/strong><\/a><\/li>\n<li style=\"text-align: justify;\"><a href=\"https:\/\/dicodusport.fr\/blog\/biathlon-kontiolahti-2022-programme-complet-et-resultats\/\"><strong>Le calendrier complet de la Coupe du monde de biathlon 2022-2023<\/strong><\/a><\/li>\n<\/ul>\n","protected":false},"excerpt":{"rendered":"<p>BIATHLON COUPE DU MONDE DE POKLJUKA 2023\u00a0&#8211; Imp\u00e9riale sur la piste et sur le pas de tir, Elvira Oeberg a domin\u00e9 le sprint de Pokljuka. Julia Simon r\u00e9alise une tr\u00e8s belle course et prend la 2\u00e8me place.<\/p>\n","protected":false},"author":21,"featured_media":341646,"comment_status":"open","ping_status":"closed","sticky":false,"template":"","format":"standard","meta":{"_acf_changed":false,"_daextam_enable_autolinks":"","footnotes":""},"categories":[47040],"tags":[22487,6893,24],"class_list":["post-341577","post","type-post","status-publish","format-standard","has-post-thumbnail","hentry","category-coupe-du-monde-de-biathlon","tag-elvira-oeberg","tag-julia-simon","tag-sport"],"acf":[],"yoast_head":"<!-- This site is optimized with the Yoast SEO Premium plugin v26.7 (Yoast SEO v26.7) - https:\/\/yoast.com\/wordpress\/plugins\/seo\/ -->\n<title>Sprint de Pokljuka : Elvira Oeberg s&#039;impose, Julia Simon termine 2\u00e8me<\/title>\n<meta name=\"description\" content=\"BIATHLON COUPE DU MONDE DE POKLJUKA 2023\u00a0- Elvira Oeberg a domin\u00e9 le sprint de Pokljuka, Julia Simon prend pour sa part la 2\u00e8me place.\" \/>\n<meta name=\"robots\" content=\"index, follow, max-snippet:-1, max-image-preview:large, max-video-preview:-1\" \/>\n<link rel=\"canonical\" href=\"https:\/\/dicodusport.fr\/blog\/sprint-de-pokljuka-elvira-oeberg-simpose-julia-simon-termine-2eme\/\" \/>\n<meta property=\"og:locale\" content=\"fr_FR\" \/>\n<meta property=\"og:type\" content=\"article\" \/>\n<meta property=\"og:title\" content=\"Sprint de Pokljuka : Elvira Oeberg s&#039;impose, Julia Simon termine 2\u00e8me\" \/>\n<meta property=\"og:description\" content=\"BIATHLON COUPE DU MONDE DE POKLJUKA 2023\u00a0- Elvira Oeberg a domin\u00e9 le sprint de Pokljuka, Julia Simon prend pour sa part la 2\u00e8me place.\" \/>\n<meta property=\"og:url\" content=\"https:\/\/dicodusport.fr\/blog\/sprint-de-pokljuka-elvira-oeberg-simpose-julia-simon-termine-2eme\/\" \/>\n<meta property=\"og:site_name\" content=\"Dicodusport\" \/>\n<meta property=\"article:publisher\" content=\"https:\/\/www.facebook.com\/dicodusport\" \/>\n<meta property=\"article:published_time\" content=\"2023-01-05T14:17:26+00:00\" \/>\n<meta property=\"article:modified_time\" content=\"2023-01-05T15:52:10+00:00\" \/>\n<meta property=\"og:image\" content=\"https:\/\/dicodusport.fr\/blog\/wp-content\/uploads\/2023\/01\/Sprint-de-Pokljuka-Elvira-Oeberg-simpose-Julia-Simon-termine-2eme-1.png\" \/>\n\t<meta property=\"og:image:width\" content=\"800\" \/>\n\t<meta property=\"og:image:height\" content=\"445\" \/>\n\t<meta property=\"og:image:type\" content=\"image\/png\" \/>\n<meta name=\"author\" content=\"Mathieu Veillon\" \/>\n<meta name=\"twitter:card\" content=\"summary_large_image\" \/>\n<meta name=\"twitter:title\" content=\"Sprint de Pokljuka : Elvira Oeberg s&#039;impose, Julia Simon termine 2\u00e8me\" \/>\n<meta name=\"twitter:creator\" content=\"@https:\/\/twitter.com\/MathieuVeillon\" \/>\n<meta name=\"twitter:site\" content=\"@dicodusport\" \/>\n<script type=\"application\/ld+json\" class=\"yoast-schema-graph\">{\"@context\":\"https:\/\/schema.org\",\"@graph\":[{\"@type\":\"NewsArticle\",\"@id\":\"https:\/\/dicodusport.fr\/blog\/sprint-de-pokljuka-elvira-oeberg-simpose-julia-simon-termine-2eme\/#article\",\"isPartOf\":{\"@id\":\"https:\/\/dicodusport.fr\/blog\/sprint-de-pokljuka-elvira-oeberg-simpose-julia-simon-termine-2eme\/\"},\"author\":{\"name\":\"Mathieu Veillon\",\"@id\":\"https:\/\/dicodusport.fr\/blog\/#\/schema\/person\/9731cdc747db1ceb457a2bfa9180a806\"},\"headline\":\"Sprint de Pokljuka : Elvira Oeberg s&rsquo;impose, Julia Simon termine 2\u00e8me\",\"datePublished\":\"2023-01-05T14:17:26+00:00\",\"dateModified\":\"2023-01-05T15:52:10+00:00\",\"mainEntityOfPage\":{\"@id\":\"https:\/\/dicodusport.fr\/blog\/sprint-de-pokljuka-elvira-oeberg-simpose-julia-simon-termine-2eme\/\"},\"wordCount\":300,\"commentCount\":1,\"publisher\":{\"@id\":\"https:\/\/dicodusport.fr\/blog\/#organization\"},\"image\":{\"@id\":\"https:\/\/dicodusport.fr\/blog\/sprint-de-pokljuka-elvira-oeberg-simpose-julia-simon-termine-2eme\/#primaryimage\"},\"thumbnailUrl\":\"https:\/\/dicodusport.fr\/blog\/wp-content\/uploads\/2023\/01\/Sprint-de-Pokljuka-Elvira-Oeberg-simpose-Julia-Simon-termine-2eme-1.png\",\"keywords\":[\"Elvira Oeberg\",\"Julia Simon\",\"sport\"],\"articleSection\":[\"Coupe du monde de biathlon\"],\"inLanguage\":\"fr-FR\",\"potentialAction\":[{\"@type\":\"CommentAction\",\"name\":\"Comment\",\"target\":[\"https:\/\/dicodusport.fr\/blog\/sprint-de-pokljuka-elvira-oeberg-simpose-julia-simon-termine-2eme\/#respond\"]}],\"copyrightYear\":\"2023\",\"copyrightHolder\":{\"@id\":\"https:\/\/dicodusport.fr\/blog\/#organization\"}},{\"@type\":\"WebPage\",\"@id\":\"https:\/\/dicodusport.fr\/blog\/sprint-de-pokljuka-elvira-oeberg-simpose-julia-simon-termine-2eme\/\",\"url\":\"https:\/\/dicodusport.fr\/blog\/sprint-de-pokljuka-elvira-oeberg-simpose-julia-simon-termine-2eme\/\",\"name\":\"Sprint de Pokljuka : Elvira Oeberg s'impose, Julia Simon termine 2\u00e8me\",\"isPartOf\":{\"@id\":\"https:\/\/dicodusport.fr\/blog\/#website\"},\"primaryImageOfPage\":{\"@id\":\"https:\/\/dicodusport.fr\/blog\/sprint-de-pokljuka-elvira-oeberg-simpose-julia-simon-termine-2eme\/#primaryimage\"},\"image\":{\"@id\":\"https:\/\/dicodusport.fr\/blog\/sprint-de-pokljuka-elvira-oeberg-simpose-julia-simon-termine-2eme\/#primaryimage\"},\"thumbnailUrl\":\"https:\/\/dicodusport.fr\/blog\/wp-content\/uploads\/2023\/01\/Sprint-de-Pokljuka-Elvira-Oeberg-simpose-Julia-Simon-termine-2eme-1.png\",\"datePublished\":\"2023-01-05T14:17:26+00:00\",\"dateModified\":\"2023-01-05T15:52:10+00:00\",\"description\":\"BIATHLON COUPE DU MONDE DE POKLJUKA 2023\u00a0- Elvira Oeberg a domin\u00e9 le sprint de Pokljuka, Julia Simon prend pour sa part la 2\u00e8me place.\",\"breadcrumb\":{\"@id\":\"https:\/\/dicodusport.fr\/blog\/sprint-de-pokljuka-elvira-oeberg-simpose-julia-simon-termine-2eme\/#breadcrumb\"},\"inLanguage\":\"fr-FR\",\"potentialAction\":[{\"@type\":\"ReadAction\",\"target\":[\"https:\/\/dicodusport.fr\/blog\/sprint-de-pokljuka-elvira-oeberg-simpose-julia-simon-termine-2eme\/\"]}]},{\"@type\":\"ImageObject\",\"inLanguage\":\"fr-FR\",\"@id\":\"https:\/\/dicodusport.fr\/blog\/sprint-de-pokljuka-elvira-oeberg-simpose-julia-simon-termine-2eme\/#primaryimage\",\"url\":\"https:\/\/dicodusport.fr\/blog\/wp-content\/uploads\/2023\/01\/Sprint-de-Pokljuka-Elvira-Oeberg-simpose-Julia-Simon-termine-2eme-1.png\",\"contentUrl\":\"https:\/\/dicodusport.fr\/blog\/wp-content\/uploads\/2023\/01\/Sprint-de-Pokljuka-Elvira-Oeberg-simpose-Julia-Simon-termine-2eme-1.png\",\"width\":800,\"height\":445,\"caption\":\"Sprint de Pokljuka Elvira Oeberg s'impose, Julia Simon termine 2\u00e8me (1)\"},{\"@type\":\"BreadcrumbList\",\"@id\":\"https:\/\/dicodusport.fr\/blog\/sprint-de-pokljuka-elvira-oeberg-simpose-julia-simon-termine-2eme\/#breadcrumb\",\"itemListElement\":[{\"@type\":\"ListItem\",\"position\":1,\"name\":\"Accueil\",\"item\":\"https:\/\/dicodusport.fr\/blog\/\"},{\"@type\":\"ListItem\",\"position\":2,\"name\":\"Sprint de Pokljuka : Elvira Oeberg s&rsquo;impose, Julia Simon termine 2\u00e8me\"}]},{\"@type\":\"WebSite\",\"@id\":\"https:\/\/dicodusport.fr\/blog\/#website\",\"url\":\"https:\/\/dicodusport.fr\/blog\/\",\"name\":\"Dicodusport\",\"description\":\"L&#039;encyclop\u00e9die de l&#039;actualit\u00e9 sportive\",\"publisher\":{\"@id\":\"https:\/\/dicodusport.fr\/blog\/#organization\"},\"potentialAction\":[{\"@type\":\"SearchAction\",\"target\":{\"@type\":\"EntryPoint\",\"urlTemplate\":\"https:\/\/dicodusport.fr\/blog\/?s={search_term_string}\"},\"query-input\":{\"@type\":\"PropertyValueSpecification\",\"valueRequired\":true,\"valueName\":\"search_term_string\"}}],\"inLanguage\":\"fr-FR\"},{\"@type\":\"NewsMediaOrganization\",\"@id\":\"https:\/\/dicodusport.fr\/blog\/#organization\",\"name\":\"Dicodusport\",\"url\":\"https:\/\/dicodusport.fr\/blog\/\",\"logo\":{\"@type\":\"ImageObject\",\"inLanguage\":\"fr-FR\",\"@id\":\"https:\/\/dicodusport.fr\/blog\/#\/schema\/logo\/image\/\",\"url\":\"https:\/\/dicodusport.fr\/blog\/wp-content\/uploads\/2020\/06\/cropped-LOGO-DICODUSPORT-2020-SANS-FOND-SANS-TEXTE.png\",\"contentUrl\":\"https:\/\/dicodusport.fr\/blog\/wp-content\/uploads\/2020\/06\/cropped-LOGO-DICODUSPORT-2020-SANS-FOND-SANS-TEXTE.png\",\"width\":512,\"height\":512,\"caption\":\"Dicodusport\"},\"image\":{\"@id\":\"https:\/\/dicodusport.fr\/blog\/#\/schema\/logo\/image\/\"},\"sameAs\":[\"https:\/\/www.facebook.com\/dicodusport\",\"https:\/\/x.com\/dicodusport\",\"https:\/\/www.instagram.com\/dicodusport\/\",\"https:\/\/www.youtube.com\/channel\/UC7V2KZ5sd3htJivAbA4ZG3w\"],\"description\":\"Dicodusport est l'encyclop\u00e9die de l'actualit\u00e9 sportive.\",\"email\":\"bonjour@dicodusport.fr\",\"legalName\":\"DICODUSPORT\",\"foundingDate\":\"2018-01-14\",\"vatID\":\"FR71834470973\",\"taxID\":\"83447097300043\",\"numberOfEmployees\":{\"@type\":\"QuantitativeValue\",\"minValue\":\"1\",\"maxValue\":\"10\"}},{\"@type\":\"Person\",\"@id\":\"https:\/\/dicodusport.fr\/blog\/#\/schema\/person\/9731cdc747db1ceb457a2bfa9180a806\",\"name\":\"Mathieu Veillon\",\"image\":{\"@type\":\"ImageObject\",\"inLanguage\":\"fr-FR\",\"@id\":\"https:\/\/dicodusport.fr\/blog\/#\/schema\/person\/image\/\",\"url\":\"https:\/\/dicodusport.fr\/blog\/wp-content\/uploads\/2021\/05\/Mathieu-Veillon-150x150.jpg\",\"contentUrl\":\"https:\/\/dicodusport.fr\/blog\/wp-content\/uploads\/2021\/05\/Mathieu-Veillon-150x150.jpg\",\"caption\":\"Mathieu Veillon\"},\"description\":\"Journaliste\/r\u00e9dacteur depuis septembre 2015 - Ma d\u00e9finition du bonheur ? Une galette-saucisse au Roazhon Park ou un caf\u00e9 devant un Lakers\/Celtics au petit matin. Fid\u00e8le membre de la team insomniaque de la r\u00e9dac, j\u2019ai le pouvoir de rester \u00e9veill\u00e9 jusqu\u2019\u00e0 l\u2019aube pour faire vivre aux lecteurs ma passion du sport. Ainsi, j\u2019\u00e9cris principalement sur la NBA, le biathlon, le cyclisme ou encore la F1. Comptez dans mes exploits sportifs le fait d\u2019avoir fait gagner le Tour de France 2018 \u00e0 Tony Gallopin sur Pro Cycling Manager, ou encore d\u2019avoir men\u00e9 l\u2019\u00e9quipe nationale de Bretagne en finale de Coupe du monde sur Football Manager.\",\"sameAs\":[\"https:\/\/x.com\/https:\/\/twitter.com\/MathieuVeillon\"],\"url\":\"https:\/\/dicodusport.fr\/blog\/author\/mathieu\/\"}]}<\/script>\n<!-- \/ Yoast SEO Premium plugin. -->","yoast_head_json":{"title":"Sprint de Pokljuka : Elvira Oeberg s'impose, Julia Simon termine 2\u00e8me","description":"BIATHLON COUPE DU MONDE DE POKLJUKA 2023\u00a0- Elvira Oeberg a domin\u00e9 le sprint de Pokljuka, Julia Simon prend pour sa part la 2\u00e8me place.","robots":{"index":"index","follow":"follow","max-snippet":"max-snippet:-1","max-image-preview":"max-image-preview:large","max-video-preview":"max-video-preview:-1"},"canonical":"https:\/\/dicodusport.fr\/blog\/sprint-de-pokljuka-elvira-oeberg-simpose-julia-simon-termine-2eme\/","og_locale":"fr_FR","og_type":"article","og_title":"Sprint de Pokljuka : Elvira Oeberg s'impose, Julia Simon termine 2\u00e8me","og_description":"BIATHLON COUPE DU MONDE DE POKLJUKA 2023\u00a0- Elvira Oeberg a domin\u00e9 le sprint de Pokljuka, Julia Simon prend pour sa part la 2\u00e8me place.","og_url":"https:\/\/dicodusport.fr\/blog\/sprint-de-pokljuka-elvira-oeberg-simpose-julia-simon-termine-2eme\/","og_site_name":"Dicodusport","article_publisher":"https:\/\/www.facebook.com\/dicodusport","article_published_time":"2023-01-05T14:17:26+00:00","article_modified_time":"2023-01-05T15:52:10+00:00","og_image":[{"width":800,"height":445,"url":"https:\/\/dicodusport.fr\/blog\/wp-content\/uploads\/2023\/01\/Sprint-de-Pokljuka-Elvira-Oeberg-simpose-Julia-Simon-termine-2eme-1.png","type":"image\/png"}],"author":"Mathieu Veillon","twitter_card":"summary_large_image","twitter_title":"Sprint de Pokljuka : Elvira Oeberg s'impose, Julia Simon termine 2\u00e8me","twitter_creator":"@https:\/\/twitter.com\/MathieuVeillon","twitter_site":"@dicodusport","schema":{"@context":"https:\/\/schema.org","@graph":[{"@type":"NewsArticle","@id":"https:\/\/dicodusport.fr\/blog\/sprint-de-pokljuka-elvira-oeberg-simpose-julia-simon-termine-2eme\/#article","isPartOf":{"@id":"https:\/\/dicodusport.fr\/blog\/sprint-de-pokljuka-elvira-oeberg-simpose-julia-simon-termine-2eme\/"},"author":{"name":"Mathieu Veillon","@id":"https:\/\/dicodusport.fr\/blog\/#\/schema\/person\/9731cdc747db1ceb457a2bfa9180a806"},"headline":"Sprint de Pokljuka : Elvira Oeberg s&rsquo;impose, Julia Simon termine 2\u00e8me","datePublished":"2023-01-05T14:17:26+00:00","dateModified":"2023-01-05T15:52:10+00:00","mainEntityOfPage":{"@id":"https:\/\/dicodusport.fr\/blog\/sprint-de-pokljuka-elvira-oeberg-simpose-julia-simon-termine-2eme\/"},"wordCount":300,"commentCount":1,"publisher":{"@id":"https:\/\/dicodusport.fr\/blog\/#organization"},"image":{"@id":"https:\/\/dicodusport.fr\/blog\/sprint-de-pokljuka-elvira-oeberg-simpose-julia-simon-termine-2eme\/#primaryimage"},"thumbnailUrl":"https:\/\/dicodusport.fr\/blog\/wp-content\/uploads\/2023\/01\/Sprint-de-Pokljuka-Elvira-Oeberg-simpose-Julia-Simon-termine-2eme-1.png","keywords":["Elvira Oeberg","Julia Simon","sport"],"articleSection":["Coupe du monde de biathlon"],"inLanguage":"fr-FR","potentialAction":[{"@type":"CommentAction","name":"Comment","target":["https:\/\/dicodusport.fr\/blog\/sprint-de-pokljuka-elvira-oeberg-simpose-julia-simon-termine-2eme\/#respond"]}],"copyrightYear":"2023","copyrightHolder":{"@id":"https:\/\/dicodusport.fr\/blog\/#organization"}},{"@type":"WebPage","@id":"https:\/\/dicodusport.fr\/blog\/sprint-de-pokljuka-elvira-oeberg-simpose-julia-simon-termine-2eme\/","url":"https:\/\/dicodusport.fr\/blog\/sprint-de-pokljuka-elvira-oeberg-simpose-julia-simon-termine-2eme\/","name":"Sprint de Pokljuka : Elvira Oeberg s'impose, Julia Simon termine 2\u00e8me","isPartOf":{"@id":"https:\/\/dicodusport.fr\/blog\/#website"},"primaryImageOfPage":{"@id":"https:\/\/dicodusport.fr\/blog\/sprint-de-pokljuka-elvira-oeberg-simpose-julia-simon-termine-2eme\/#primaryimage"},"image":{"@id":"https:\/\/dicodusport.fr\/blog\/sprint-de-pokljuka-elvira-oeberg-simpose-julia-simon-termine-2eme\/#primaryimage"},"thumbnailUrl":"https:\/\/dicodusport.fr\/blog\/wp-content\/uploads\/2023\/01\/Sprint-de-Pokljuka-Elvira-Oeberg-simpose-Julia-Simon-termine-2eme-1.png","datePublished":"2023-01-05T14:17:26+00:00","dateModified":"2023-01-05T15:52:10+00:00","description":"BIATHLON COUPE DU MONDE DE POKLJUKA 2023\u00a0- Elvira Oeberg a domin\u00e9 le sprint de Pokljuka, Julia Simon prend pour sa part la 2\u00e8me place.","breadcrumb":{"@id":"https:\/\/dicodusport.fr\/blog\/sprint-de-pokljuka-elvira-oeberg-simpose-julia-simon-termine-2eme\/#breadcrumb"},"inLanguage":"fr-FR","potentialAction":[{"@type":"ReadAction","target":["https:\/\/dicodusport.fr\/blog\/sprint-de-pokljuka-elvira-oeberg-simpose-julia-simon-termine-2eme\/"]}]},{"@type":"ImageObject","inLanguage":"fr-FR","@id":"https:\/\/dicodusport.fr\/blog\/sprint-de-pokljuka-elvira-oeberg-simpose-julia-simon-termine-2eme\/#primaryimage","url":"https:\/\/dicodusport.fr\/blog\/wp-content\/uploads\/2023\/01\/Sprint-de-Pokljuka-Elvira-Oeberg-simpose-Julia-Simon-termine-2eme-1.png","contentUrl":"https:\/\/dicodusport.fr\/blog\/wp-content\/uploads\/2023\/01\/Sprint-de-Pokljuka-Elvira-Oeberg-simpose-Julia-Simon-termine-2eme-1.png","width":800,"height":445,"caption":"Sprint de Pokljuka Elvira Oeberg s'impose, Julia Simon termine 2\u00e8me (1)"},{"@type":"BreadcrumbList","@id":"https:\/\/dicodusport.fr\/blog\/sprint-de-pokljuka-elvira-oeberg-simpose-julia-simon-termine-2eme\/#breadcrumb","itemListElement":[{"@type":"ListItem","position":1,"name":"Accueil","item":"https:\/\/dicodusport.fr\/blog\/"},{"@type":"ListItem","position":2,"name":"Sprint de Pokljuka : Elvira Oeberg s&rsquo;impose, Julia Simon termine 2\u00e8me"}]},{"@type":"WebSite","@id":"https:\/\/dicodusport.fr\/blog\/#website","url":"https:\/\/dicodusport.fr\/blog\/","name":"Dicodusport","description":"L&#039;encyclop\u00e9die de l&#039;actualit\u00e9 sportive","publisher":{"@id":"https:\/\/dicodusport.fr\/blog\/#organization"},"potentialAction":[{"@type":"SearchAction","target":{"@type":"EntryPoint","urlTemplate":"https:\/\/dicodusport.fr\/blog\/?s={search_term_string}"},"query-input":{"@type":"PropertyValueSpecification","valueRequired":true,"valueName":"search_term_string"}}],"inLanguage":"fr-FR"},{"@type":"NewsMediaOrganization","@id":"https:\/\/dicodusport.fr\/blog\/#organization","name":"Dicodusport","url":"https:\/\/dicodusport.fr\/blog\/","logo":{"@type":"ImageObject","inLanguage":"fr-FR","@id":"https:\/\/dicodusport.fr\/blog\/#\/schema\/logo\/image\/","url":"https:\/\/dicodusport.fr\/blog\/wp-content\/uploads\/2020\/06\/cropped-LOGO-DICODUSPORT-2020-SANS-FOND-SANS-TEXTE.png","contentUrl":"https:\/\/dicodusport.fr\/blog\/wp-content\/uploads\/2020\/06\/cropped-LOGO-DICODUSPORT-2020-SANS-FOND-SANS-TEXTE.png","width":512,"height":512,"caption":"Dicodusport"},"image":{"@id":"https:\/\/dicodusport.fr\/blog\/#\/schema\/logo\/image\/"},"sameAs":["https:\/\/www.facebook.com\/dicodusport","https:\/\/x.com\/dicodusport","https:\/\/www.instagram.com\/dicodusport\/","https:\/\/www.youtube.com\/channel\/UC7V2KZ5sd3htJivAbA4ZG3w"],"description":"Dicodusport est l'encyclop\u00e9die de l'actualit\u00e9 sportive.","email":"bonjour@dicodusport.fr","legalName":"DICODUSPORT","foundingDate":"2018-01-14","vatID":"FR71834470973","taxID":"83447097300043","numberOfEmployees":{"@type":"QuantitativeValue","minValue":"1","maxValue":"10"}},{"@type":"Person","@id":"https:\/\/dicodusport.fr\/blog\/#\/schema\/person\/9731cdc747db1ceb457a2bfa9180a806","name":"Mathieu Veillon","image":{"@type":"ImageObject","inLanguage":"fr-FR","@id":"https:\/\/dicodusport.fr\/blog\/#\/schema\/person\/image\/","url":"https:\/\/dicodusport.fr\/blog\/wp-content\/uploads\/2021\/05\/Mathieu-Veillon-150x150.jpg","contentUrl":"https:\/\/dicodusport.fr\/blog\/wp-content\/uploads\/2021\/05\/Mathieu-Veillon-150x150.jpg","caption":"Mathieu Veillon"},"description":"Journaliste\/r\u00e9dacteur depuis septembre 2015 - Ma d\u00e9finition du bonheur ? Une galette-saucisse au Roazhon Park ou un caf\u00e9 devant un Lakers\/Celtics au petit matin. Fid\u00e8le membre de la team insomniaque de la r\u00e9dac, j\u2019ai le pouvoir de rester \u00e9veill\u00e9 jusqu\u2019\u00e0 l\u2019aube pour faire vivre aux lecteurs ma passion du sport. Ainsi, j\u2019\u00e9cris principalement sur la NBA, le biathlon, le cyclisme ou encore la F1. Comptez dans mes exploits sportifs le fait d\u2019avoir fait gagner le Tour de France 2018 \u00e0 Tony Gallopin sur Pro Cycling Manager, ou encore d\u2019avoir men\u00e9 l\u2019\u00e9quipe nationale de Bretagne en finale de Coupe du monde sur Football Manager.","sameAs":["https:\/\/x.com\/https:\/\/twitter.com\/MathieuVeillon"],"url":"https:\/\/dicodusport.fr\/blog\/author\/mathieu\/"}]}},"_links":{"self":[{"href":"https:\/\/dicodusport.fr\/blog\/wp-json\/wp\/v2\/posts\/341577","targetHints":{"allow":["GET"]}}],"collection":[{"href":"https:\/\/dicodusport.fr\/blog\/wp-json\/wp\/v2\/posts"}],"about":[{"href":"https:\/\/dicodusport.fr\/blog\/wp-json\/wp\/v2\/types\/post"}],"author":[{"embeddable":true,"href":"https:\/\/dicodusport.fr\/blog\/wp-json\/wp\/v2\/users\/21"}],"replies":[{"embeddable":true,"href":"https:\/\/dicodusport.fr\/blog\/wp-json\/wp\/v2\/comments?post=341577"}],"version-history":[{"count":0,"href":"https:\/\/dicodusport.fr\/blog\/wp-json\/wp\/v2\/posts\/341577\/revisions"}],"wp:featuredmedia":[{"embeddable":true,"href":"https:\/\/dicodusport.fr\/blog\/wp-json\/wp\/v2\/media\/341646"}],"wp:attachment":[{"href":"https:\/\/dicodusport.fr\/blog\/wp-json\/wp\/v2\/media?parent=341577"}],"wp:term":[{"taxonomy":"category","embeddable":true,"href":"https:\/\/dicodusport.fr\/blog\/wp-json\/wp\/v2\/categories?post=341577"},{"taxonomy":"post_tag","embeddable":true,"href":"https:\/\/dicodusport.fr\/blog\/wp-json\/wp\/v2\/tags?post=341577"}],"curies":[{"name":"wp","href":"https:\/\/api.w.org\/{rel}","templated":true}]}}